{"id":11627,"date":"2023-06-15T16:22:11","date_gmt":"2023-06-15T14:22:11","guid":{"rendered":"http:\/\/cocemfevalencia.org\/?p=6923"},"modified":"2023-07-10T08:41:27","modified_gmt":"2023-07-10T06:41:27","slug":"sesion-de-junio-de-la-comision-de-accesibilidad-de-cocemfe-valencia-2","status":"publish","type":"post","link":"https:\/\/cocemfevalencia.org\/es\/sesion-de-junio-de-la-comision-de-accesibilidad-de-cocemfe-valencia-2\/","title":{"rendered":"Sesi\u00f3n de junio de la Comisi\u00f3n de Accesibilidad de COCEMFE  Valencia"},"content":{"rendered":"<ul>\n<li><strong>La Comisi\u00f3n de Accesibilidad de COCEMFE Valencia se reuni\u00f3 telem\u00e1ticamente el d\u00eda 6 de\u00a0 junio de 2023. Se trataron los siguientes temas:<\/strong><\/li>\n<\/ul>\n<p style=\"text-align: left;\"><span style=\"font-weight: 400;\">Sobre el metro, se inform\u00f3 de la <\/span><b>puesta en servicio del paso inferior entre andenes en la estaci\u00f3n de Paiporta dotado con ascensores accesibles<\/b><span style=\"font-weight: 400;\">; la marcha de las obras del <\/span><b>ca\u00f1\u00f3n peatonal que unir\u00e1 la estaci\u00f3n de Alacant de la L10 con la\u00a0 estaci\u00f3n de X\u00e0tiva<\/b><span style=\"font-weight: 400;\">, que contar\u00e1 con un ascensor accesible para salvar el desnivel\u00a0 adem\u00e1s de escaleras fijas y autom\u00e1ticas; han comenzado las <\/span><b>obras para remodelar el\u00a0 apeadero de El Vedat <\/b><span style=\"font-weight: 400;\">suprimiendo la alineaci\u00f3n en curva y se han licitado las obras de\u00a0 <\/span><b>construcci\u00f3n de nuevos accesos con control en las estaciones de superficie y\u00a0 adecuaci\u00f3n del cruce entre andenes en algunas <\/b><span style=\"font-weight: 400;\">incluyendo paso inferior en alg\u00fan\u00a0 caso. Hemos trasladado a FGV la <\/span><b>importancia de duplicar ascensores en las obras\u00a0 nuevas, de extremar la celeridad en la reparaci\u00f3n de aver\u00edas <\/b><span style=\"font-weight: 400;\">en ascensores y de la\u00a0 accesibilidad en los dispositivos de control de accesos previstos.\u00a0<\/span><\/p>\n<p style=\"text-align: left;\"><span style=\"font-weight: 400;\">Se inform\u00f3 del <\/span><b>inicio el 1 de junio del funcionamiento de los puntos de playa\u00a0 accesibles en las playas de La Malvarrosa, El Cabanyal y Pinedo de Val\u00e8ncia <\/b><span style=\"font-weight: 400;\">con\u00a0 el servicio de ayuda al ba\u00f1o, que este a\u00f1o ha adelantado su puesta en marcha, en l\u00ednea\u00a0 con una de nuestras peticiones, comenzando cuando comienza la prestaci\u00f3n del servicio\u00a0 de Salvamento, Socorrismo y Asistencia Sanitaria por Cruz Roja para toda la poblaci\u00f3n.\u00a0 Tambi\u00e9n se han ampliado los horarios. <\/span><b>Informaci\u00f3n:\u00a0 https:\/\/www.valencia.es\/es\/cas\/playas\/accesibilidad-en-las-playas<\/b><span style=\"font-weight: 400;\">. En las\u00a0 playas del Saler y El Perellonet se prestar\u00e1 servicio, previa cita, de 11 a 15 horas de\u00a0 lunes a viernes durante los meses de julio y agosto. Desde la Comisi\u00f3n enviamos la\u00a0 informaci\u00f3n a todas las asociaciones en cuanto dispusimos de ella, estuvimos en la\u00a0 presentaci\u00f3n por el concejal Giuseppe Grezzi y le trasladamos algunas cuestiones en la\u00a0 infraestructura.\u00a0<\/span><\/p>\n<p style=\"text-align: left;\"><span style=\"font-weight: 400;\">Se trat\u00f3 sobre la negativa a reservar taxis adaptados en algunas compa\u00f1\u00edas recibida por\u00a0 personas usuarias, sobre lo que haremos gestiones para clarificar. Y sobre quejas en el\u00a0 acceso a un establecimiento de reciente apertura y en un paso de peatones en El Perell\u00f3\u00a0 con ignorancia a las peticiones de la persona usuaria.\u00a0<\/span><\/p>\n<p style=\"text-align: left;\"><span style=\"font-weight: 400;\">Se procedi\u00f3 a la <\/span><b>renovaci\u00f3n de cargos <\/b><span style=\"font-weight: 400;\">conforme a lo dispuesto en el Reglamento, para\u00a0 los que se hab\u00eda presentado una sola candidatura a Secretar\u00eda y a Coordinaci\u00f3n,\u00a0 resultando <\/span><b>elegidos por unanimidad Antonio Espinosa (APiP) como Secretario y\u00a0 Silvia S\u00e1nchez (TDI) como Coodinadora<\/b><span style=\"font-weight: 400;\">.\u00a0<\/span><\/p>\n<p style=\"text-align: left;\"><b>La Comisi\u00f3n de Accesibilidad de COCEMFE Valencia <\/b><span style=\"font-weight: 400;\">se re\u00fane normalmente los\u00a0 primeros martes de mes y est\u00e1 abierta a la participaci\u00f3n de todas las asociaciones\u00a0 miembros, que la pueden solicitar cursando la ficha correspondiente a la Secretar\u00eda de\u00a0 COCEMFE Valencia, <\/span><span style=\"font-weight: 400;\">secretaria@cocemfevalencia.org<\/span><span style=\"font-weight: 400;\">, en la que designen las dos personas y\u00a0 una suplente, como m\u00e1ximo, que participar\u00e1n.\u00a0\u00a0<\/span><\/p>\n<p style=\"text-align: left;\"><span style=\"font-weight: 400;\">La Comisi\u00f3n dispone del siguiente correo electr\u00f3nico: <\/span><b>caccesibilidad@cocemfevalencia.org<\/b><\/p>\n<p>Visitas: 7<\/p>","protected":false},"excerpt":{"rendered":"<p>La Comisi\u00f3n de Accesibilidad de COCEMFE Valencia se reuni\u00f3 telem\u00e1ticamente el d\u00eda 6 de\u00a0 junio de 2023. Se trataron los siguientes temas: Sobre el metro, se inform\u00f3 de la puesta en servicio del paso inferior entre andenes en la estaci\u00f3n de Paiporta dotado con ascensores accesibles; la marcha de las obras del ca\u00f1\u00f3n peatonal que&hellip;&nbsp;<a href=\"https:\/\/cocemfevalencia.org\/es\/sesion-de-junio-de-la-comision-de-accesibilidad-de-cocemfe-valencia-2\/\" rel=\"bookmark\">Leer m\u00e1s &raquo;<span class=\"screen-reader-text\">Sesi\u00f3n de junio de la Comisi\u00f3n de Accesibilidad de COCEMFE  Valencia<\/span><\/a><\/p>\n","protected":false},"author":3,"featured_media":11566,"comment_status":"open","ping_status":"open","sticky":false,"template":"","format":"standard","meta":{"rop_custom_images_group":[],"rop_custom_messages_group":[],"rop_publish_now":"initial","rop_publish_now_accounts":[],"rop_publish_now_history":[],"rop_publish_now_status":"pending","neve_meta_sidebar":"","neve_meta_container":"","neve_meta_enable_content_width":"","neve_meta_content_width":0,"neve_meta_title_alignment":"","neve_meta_author_avatar":"","neve_post_elements_order":"","neve_meta_disable_header":"","neve_meta_disable_footer":"","neve_meta_disable_title":"","footnotes":""},"categories":[5],"tags":[32,292,293,294,51,295,296,271,297,298,299,300,301],"class_list":["post-11627","post","type-post","status-publish","format-standard","has-post-thumbnail","hentry","category-noticias","tag-accesibilidad","tag-el-cabanyal","tag-estacio-de-xativa","tag-malvarrosa","tag-metro-valencia","tag-paiporta","tag-pinedo","tag-playas","tag-servicio-de-taxis","tag-taxi-valencia","tag-taxis","tag-uber","tag-verano"],"yoast_head":"<!-- This site is optimized with the Yoast SEO plugin v27.3 - https:\/\/yoast.com\/product\/yoast-seo-wordpress\/ -->\n<title>Sesi\u00f3n de junio de la Comisi\u00f3n de Accesibilidad de COCEMFE Valencia - Cocemfe Valencia<\/title>\n<meta name=\"robots\" content=\"index, follow, max-snippet:-1, max-image-preview:large, max-video-preview:-1\" \/>\n<link rel=\"canonical\" href=\"https:\/\/cocemfevalencia.org\/es\/sesion-de-junio-de-la-comision-de-accesibilidad-de-cocemfe-valencia-2\/\" \/>\n<meta property=\"og:locale\" content=\"es_ES\" \/>\n<meta property=\"og:type\" content=\"article\" \/>\n<meta property=\"og:title\" content=\"Sesi\u00f3n de junio de la Comisi\u00f3n de Accesibilidad de COCEMFE Valencia - Cocemfe Valencia\" \/>\n<meta property=\"og:description\" content=\"La Comisi\u00f3n de Accesibilidad de COCEMFE Valencia se reuni\u00f3 telem\u00e1ticamente el d\u00eda 6 de\u00a0 junio de 2023. Se trataron los siguientes temas: Sobre el metro, se inform\u00f3 de la puesta en servicio del paso inferior entre andenes en la estaci\u00f3n de Paiporta dotado con ascensores accesibles; la marcha de las obras del ca\u00f1\u00f3n peatonal que&hellip;&nbsp;Leer m\u00e1s &raquo;Sesi\u00f3n de junio de la Comisi\u00f3n de Accesibilidad de COCEMFE Valencia\" \/>\n<meta property=\"og:url\" content=\"https:\/\/cocemfevalencia.org\/es\/sesion-de-junio-de-la-comision-de-accesibilidad-de-cocemfe-valencia-2\/\" \/>\n<meta property=\"og:site_name\" content=\"Cocemfe Valencia\" \/>\n<meta property=\"article:publisher\" content=\"https:\/\/www.facebook.com\/cocemfe.valencia\" \/>\n<meta property=\"article:published_time\" content=\"2023-06-15T14:22:11+00:00\" \/>\n<meta property=\"article:modified_time\" content=\"2023-07-10T06:41:27+00:00\" \/>\n<meta property=\"og:image\" content=\"https:\/\/cocemfevalencia.org\/wp-content\/uploads\/2023\/06\/2023-06-06-1.jpeg\" \/>\n\t<meta property=\"og:image:width\" content=\"1280\" \/>\n\t<meta property=\"og:image:height\" content=\"720\" \/>\n\t<meta property=\"og:image:type\" content=\"image\/jpeg\" \/>\n<meta name=\"author\" content=\"COCEMFE VALENCIA\" \/>\n<meta name=\"twitter:card\" content=\"summary_large_image\" \/>\n<meta name=\"twitter:creator\" content=\"@COCEMFEValencia\" \/>\n<meta name=\"twitter:site\" content=\"@COCEMFEValencia\" \/>\n<meta name=\"twitter:label1\" content=\"Escrito por\" \/>\n\t<meta name=\"twitter:data1\" content=\"COCEMFE VALENCIA\" \/>\n\t<meta name=\"twitter:label2\" content=\"Tiempo de lectura\" \/>\n\t<meta name=\"twitter:data2\" content=\"3 minutos\" \/>\n<script type=\"application\/ld+json\" class=\"yoast-schema-graph\">{\"@context\":\"https:\\\/\\\/schema.org\",\"@graph\":[{\"@type\":\"Article\",\"@id\":\"https:\\\/\\\/cocemfevalencia.org\\\/es\\\/sesion-de-junio-de-la-comision-de-accesibilidad-de-cocemfe-valencia-2\\\/#article\",\"isPartOf\":{\"@id\":\"https:\\\/\\\/cocemfevalencia.org\\\/es\\\/sesion-de-junio-de-la-comision-de-accesibilidad-de-cocemfe-valencia-2\\\/\"},\"author\":{\"name\":\"COCEMFE VALENCIA\",\"@id\":\"https:\\\/\\\/cocemfevalencia.org\\\/es\\\/#\\\/schema\\\/person\\\/e31a24227ccbc918e2c80add51990ad7\"},\"headline\":\"Sesi\u00f3n de junio de la Comisi\u00f3n de Accesibilidad de COCEMFE Valencia\",\"datePublished\":\"2023-06-15T14:22:11+00:00\",\"dateModified\":\"2023-07-10T06:41:27+00:00\",\"mainEntityOfPage\":{\"@id\":\"https:\\\/\\\/cocemfevalencia.org\\\/es\\\/sesion-de-junio-de-la-comision-de-accesibilidad-de-cocemfe-valencia-2\\\/\"},\"wordCount\":527,\"commentCount\":0,\"publisher\":{\"@id\":\"https:\\\/\\\/cocemfevalencia.org\\\/es\\\/#organization\"},\"image\":{\"@id\":\"https:\\\/\\\/cocemfevalencia.org\\\/es\\\/sesion-de-junio-de-la-comision-de-accesibilidad-de-cocemfe-valencia-2\\\/#primaryimage\"},\"thumbnailUrl\":\"https:\\\/\\\/cocemfevalencia.org\\\/wp-content\\\/uploads\\\/2023\\\/06\\\/2023-06-06-1.jpeg\",\"keywords\":[\"accesibilidad\",\"El Cabanyal\",\"Estaci\u00f3 de X\u00e0tiva\",\"Malvarrosa\",\"Metro Val\u00e8ncia\",\"paiporta\",\"Pinedo\",\"Playas\",\"Servicio de Taxis\",\"Taxi valencia\",\"Taxis\",\"Uber\",\"verano\"],\"articleSection\":[\"Not\u00edcies\"],\"inLanguage\":\"es\",\"potentialAction\":[{\"@type\":\"CommentAction\",\"name\":\"Comment\",\"target\":[\"https:\\\/\\\/cocemfevalencia.org\\\/es\\\/sesion-de-junio-de-la-comision-de-accesibilidad-de-cocemfe-valencia-2\\\/#respond\"]}]},{\"@type\":\"WebPage\",\"@id\":\"https:\\\/\\\/cocemfevalencia.org\\\/es\\\/sesion-de-junio-de-la-comision-de-accesibilidad-de-cocemfe-valencia-2\\\/\",\"url\":\"https:\\\/\\\/cocemfevalencia.org\\\/es\\\/sesion-de-junio-de-la-comision-de-accesibilidad-de-cocemfe-valencia-2\\\/\",\"name\":\"Sesi\u00f3n de junio de la Comisi\u00f3n de Accesibilidad de COCEMFE Valencia - Cocemfe Valencia\",\"isPartOf\":{\"@id\":\"https:\\\/\\\/cocemfevalencia.org\\\/es\\\/#website\"},\"primaryImageOfPage\":{\"@id\":\"https:\\\/\\\/cocemfevalencia.org\\\/es\\\/sesion-de-junio-de-la-comision-de-accesibilidad-de-cocemfe-valencia-2\\\/#primaryimage\"},\"image\":{\"@id\":\"https:\\\/\\\/cocemfevalencia.org\\\/es\\\/sesion-de-junio-de-la-comision-de-accesibilidad-de-cocemfe-valencia-2\\\/#primaryimage\"},\"thumbnailUrl\":\"https:\\\/\\\/cocemfevalencia.org\\\/wp-content\\\/uploads\\\/2023\\\/06\\\/2023-06-06-1.jpeg\",\"datePublished\":\"2023-06-15T14:22:11+00:00\",\"dateModified\":\"2023-07-10T06:41:27+00:00\",\"breadcrumb\":{\"@id\":\"https:\\\/\\\/cocemfevalencia.org\\\/es\\\/sesion-de-junio-de-la-comision-de-accesibilidad-de-cocemfe-valencia-2\\\/#breadcrumb\"},\"inLanguage\":\"es\",\"potentialAction\":[{\"@type\":\"ReadAction\",\"target\":[\"https:\\\/\\\/cocemfevalencia.org\\\/es\\\/sesion-de-junio-de-la-comision-de-accesibilidad-de-cocemfe-valencia-2\\\/\"]}]},{\"@type\":\"ImageObject\",\"inLanguage\":\"es\",\"@id\":\"https:\\\/\\\/cocemfevalencia.org\\\/es\\\/sesion-de-junio-de-la-comision-de-accesibilidad-de-cocemfe-valencia-2\\\/#primaryimage\",\"url\":\"https:\\\/\\\/cocemfevalencia.org\\\/wp-content\\\/uploads\\\/2023\\\/06\\\/2023-06-06-1.jpeg\",\"contentUrl\":\"https:\\\/\\\/cocemfevalencia.org\\\/wp-content\\\/uploads\\\/2023\\\/06\\\/2023-06-06-1.jpeg\",\"width\":1280,\"height\":720},{\"@type\":\"BreadcrumbList\",\"@id\":\"https:\\\/\\\/cocemfevalencia.org\\\/es\\\/sesion-de-junio-de-la-comision-de-accesibilidad-de-cocemfe-valencia-2\\\/#breadcrumb\",\"itemListElement\":[{\"@type\":\"ListItem\",\"position\":1,\"name\":\"Portada\",\"item\":\"https:\\\/\\\/cocemfevalencia.org\\\/es\\\/\"},{\"@type\":\"ListItem\",\"position\":2,\"name\":\"Sesi\u00f3n de junio de la Comisi\u00f3n de Accesibilidad de COCEMFE Valencia\"}]},{\"@type\":\"WebSite\",\"@id\":\"https:\\\/\\\/cocemfevalencia.org\\\/es\\\/#website\",\"url\":\"https:\\\/\\\/cocemfevalencia.org\\\/es\\\/\",\"name\":\"Cocemfe Valencia\",\"description\":\"FEDERACI\u00d3N DE ASOCIACIONES DE PERSONAS CON DISCAPACIDAD F\u00cdSICA Y ORG\u00c1NICA DE LA PROV\u00cdNCIA DE VALENCIA\",\"publisher\":{\"@id\":\"https:\\\/\\\/cocemfevalencia.org\\\/es\\\/#organization\"},\"potentialAction\":[{\"@type\":\"SearchAction\",\"target\":{\"@type\":\"EntryPoint\",\"urlTemplate\":\"https:\\\/\\\/cocemfevalencia.org\\\/es\\\/?s={search_term_string}\"},\"query-input\":{\"@type\":\"PropertyValueSpecification\",\"valueRequired\":true,\"valueName\":\"search_term_string\"}}],\"inLanguage\":\"es\"},{\"@type\":\"Organization\",\"@id\":\"https:\\\/\\\/cocemfevalencia.org\\\/es\\\/#organization\",\"name\":\"Cocemfe Valencia\",\"url\":\"https:\\\/\\\/cocemfevalencia.org\\\/es\\\/\",\"logo\":{\"@type\":\"ImageObject\",\"inLanguage\":\"es\",\"@id\":\"https:\\\/\\\/cocemfevalencia.org\\\/es\\\/#\\\/schema\\\/logo\\\/image\\\/\",\"url\":\"https:\\\/\\\/cocemfevalencia.org\\\/wp-content\\\/uploads\\\/2023\\\/03\\\/0312-Horizontal-una-linea-larga-rgb-positivo-Tricolor.png\",\"contentUrl\":\"https:\\\/\\\/cocemfevalencia.org\\\/wp-content\\\/uploads\\\/2023\\\/03\\\/0312-Horizontal-una-linea-larga-rgb-positivo-Tricolor.png\",\"width\":2334,\"height\":613,\"caption\":\"Cocemfe Valencia\"},\"image\":{\"@id\":\"https:\\\/\\\/cocemfevalencia.org\\\/es\\\/#\\\/schema\\\/logo\\\/image\\\/\"},\"sameAs\":[\"https:\\\/\\\/www.facebook.com\\\/cocemfe.valencia\",\"https:\\\/\\\/x.com\\\/COCEMFEValencia\"]},{\"@type\":\"Person\",\"@id\":\"https:\\\/\\\/cocemfevalencia.org\\\/es\\\/#\\\/schema\\\/person\\\/e31a24227ccbc918e2c80add51990ad7\",\"name\":\"COCEMFE VALENCIA\",\"image\":{\"@type\":\"ImageObject\",\"inLanguage\":\"es\",\"@id\":\"https:\\\/\\\/secure.gravatar.com\\\/avatar\\\/81dd2ced4591577d70433bbfde65ba3f931e09f5cb4ca8c890817c47789b47f0?s=96&d=mm&r=g\",\"url\":\"https:\\\/\\\/secure.gravatar.com\\\/avatar\\\/81dd2ced4591577d70433bbfde65ba3f931e09f5cb4ca8c890817c47789b47f0?s=96&d=mm&r=g\",\"contentUrl\":\"https:\\\/\\\/secure.gravatar.com\\\/avatar\\\/81dd2ced4591577d70433bbfde65ba3f931e09f5cb4ca8c890817c47789b47f0?s=96&d=mm&r=g\",\"caption\":\"COCEMFE VALENCIA\"}}]}<\/script>\n<!-- \/ Yoast SEO plugin. -->","yoast_head_json":{"title":"Sesi\u00f3n de junio de la Comisi\u00f3n de Accesibilidad de COCEMFE Valencia - Cocemfe Valencia","robots":{"index":"index","follow":"follow","max-snippet":"max-snippet:-1","max-image-preview":"max-image-preview:large","max-video-preview":"max-video-preview:-1"},"canonical":"https:\/\/cocemfevalencia.org\/es\/sesion-de-junio-de-la-comision-de-accesibilidad-de-cocemfe-valencia-2\/","og_locale":"es_ES","og_type":"article","og_title":"Sesi\u00f3n de junio de la Comisi\u00f3n de Accesibilidad de COCEMFE Valencia - Cocemfe Valencia","og_description":"La Comisi\u00f3n de Accesibilidad de COCEMFE Valencia se reuni\u00f3 telem\u00e1ticamente el d\u00eda 6 de\u00a0 junio de 2023. Se trataron los siguientes temas: Sobre el metro, se inform\u00f3 de la puesta en servicio del paso inferior entre andenes en la estaci\u00f3n de Paiporta dotado con ascensores accesibles; la marcha de las obras del ca\u00f1\u00f3n peatonal que&hellip;&nbsp;Leer m\u00e1s &raquo;Sesi\u00f3n de junio de la Comisi\u00f3n de Accesibilidad de COCEMFE Valencia","og_url":"https:\/\/cocemfevalencia.org\/es\/sesion-de-junio-de-la-comision-de-accesibilidad-de-cocemfe-valencia-2\/","og_site_name":"Cocemfe Valencia","article_publisher":"https:\/\/www.facebook.com\/cocemfe.valencia","article_published_time":"2023-06-15T14:22:11+00:00","article_modified_time":"2023-07-10T06:41:27+00:00","og_image":[{"width":1280,"height":720,"url":"https:\/\/cocemfevalencia.org\/wp-content\/uploads\/2023\/06\/2023-06-06-1.jpeg","type":"image\/jpeg"}],"author":"COCEMFE VALENCIA","twitter_card":"summary_large_image","twitter_creator":"@COCEMFEValencia","twitter_site":"@COCEMFEValencia","twitter_misc":{"Escrito por":"COCEMFE VALENCIA","Tiempo de lectura":"3 minutos"},"schema":{"@context":"https:\/\/schema.org","@graph":[{"@type":"Article","@id":"https:\/\/cocemfevalencia.org\/es\/sesion-de-junio-de-la-comision-de-accesibilidad-de-cocemfe-valencia-2\/#article","isPartOf":{"@id":"https:\/\/cocemfevalencia.org\/es\/sesion-de-junio-de-la-comision-de-accesibilidad-de-cocemfe-valencia-2\/"},"author":{"name":"COCEMFE VALENCIA","@id":"https:\/\/cocemfevalencia.org\/es\/#\/schema\/person\/e31a24227ccbc918e2c80add51990ad7"},"headline":"Sesi\u00f3n de junio de la Comisi\u00f3n de Accesibilidad de COCEMFE Valencia","datePublished":"2023-06-15T14:22:11+00:00","dateModified":"2023-07-10T06:41:27+00:00","mainEntityOfPage":{"@id":"https:\/\/cocemfevalencia.org\/es\/sesion-de-junio-de-la-comision-de-accesibilidad-de-cocemfe-valencia-2\/"},"wordCount":527,"commentCount":0,"publisher":{"@id":"https:\/\/cocemfevalencia.org\/es\/#organization"},"image":{"@id":"https:\/\/cocemfevalencia.org\/es\/sesion-de-junio-de-la-comision-de-accesibilidad-de-cocemfe-valencia-2\/#primaryimage"},"thumbnailUrl":"https:\/\/cocemfevalencia.org\/wp-content\/uploads\/2023\/06\/2023-06-06-1.jpeg","keywords":["accesibilidad","El Cabanyal","Estaci\u00f3 de X\u00e0tiva","Malvarrosa","Metro Val\u00e8ncia","paiporta","Pinedo","Playas","Servicio de Taxis","Taxi valencia","Taxis","Uber","verano"],"articleSection":["Not\u00edcies"],"inLanguage":"es","potentialAction":[{"@type":"CommentAction","name":"Comment","target":["https:\/\/cocemfevalencia.org\/es\/sesion-de-junio-de-la-comision-de-accesibilidad-de-cocemfe-valencia-2\/#respond"]}]},{"@type":"WebPage","@id":"https:\/\/cocemfevalencia.org\/es\/sesion-de-junio-de-la-comision-de-accesibilidad-de-cocemfe-valencia-2\/","url":"https:\/\/cocemfevalencia.org\/es\/sesion-de-junio-de-la-comision-de-accesibilidad-de-cocemfe-valencia-2\/","name":"Sesi\u00f3n de junio de la Comisi\u00f3n de Accesibilidad de COCEMFE Valencia - Cocemfe Valencia","isPartOf":{"@id":"https:\/\/cocemfevalencia.org\/es\/#website"},"primaryImageOfPage":{"@id":"https:\/\/cocemfevalencia.org\/es\/sesion-de-junio-de-la-comision-de-accesibilidad-de-cocemfe-valencia-2\/#primaryimage"},"image":{"@id":"https:\/\/cocemfevalencia.org\/es\/sesion-de-junio-de-la-comision-de-accesibilidad-de-cocemfe-valencia-2\/#primaryimage"},"thumbnailUrl":"https:\/\/cocemfevalencia.org\/wp-content\/uploads\/2023\/06\/2023-06-06-1.jpeg","datePublished":"2023-06-15T14:22:11+00:00","dateModified":"2023-07-10T06:41:27+00:00","breadcrumb":{"@id":"https:\/\/cocemfevalencia.org\/es\/sesion-de-junio-de-la-comision-de-accesibilidad-de-cocemfe-valencia-2\/#breadcrumb"},"inLanguage":"es","potentialAction":[{"@type":"ReadAction","target":["https:\/\/cocemfevalencia.org\/es\/sesion-de-junio-de-la-comision-de-accesibilidad-de-cocemfe-valencia-2\/"]}]},{"@type":"ImageObject","inLanguage":"es","@id":"https:\/\/cocemfevalencia.org\/es\/sesion-de-junio-de-la-comision-de-accesibilidad-de-cocemfe-valencia-2\/#primaryimage","url":"https:\/\/cocemfevalencia.org\/wp-content\/uploads\/2023\/06\/2023-06-06-1.jpeg","contentUrl":"https:\/\/cocemfevalencia.org\/wp-content\/uploads\/2023\/06\/2023-06-06-1.jpeg","width":1280,"height":720},{"@type":"BreadcrumbList","@id":"https:\/\/cocemfevalencia.org\/es\/sesion-de-junio-de-la-comision-de-accesibilidad-de-cocemfe-valencia-2\/#breadcrumb","itemListElement":[{"@type":"ListItem","position":1,"name":"Portada","item":"https:\/\/cocemfevalencia.org\/es\/"},{"@type":"ListItem","position":2,"name":"Sesi\u00f3n de junio de la Comisi\u00f3n de Accesibilidad de COCEMFE Valencia"}]},{"@type":"WebSite","@id":"https:\/\/cocemfevalencia.org\/es\/#website","url":"https:\/\/cocemfevalencia.org\/es\/","name":"Cocemfe Valencia","description":"FEDERACI\u00d3N DE ASOCIACIONES DE PERSONAS CON DISCAPACIDAD F\u00cdSICA Y ORG\u00c1NICA DE LA PROV\u00cdNCIA DE VALENCIA","publisher":{"@id":"https:\/\/cocemfevalencia.org\/es\/#organization"},"potentialAction":[{"@type":"SearchAction","target":{"@type":"EntryPoint","urlTemplate":"https:\/\/cocemfevalencia.org\/es\/?s={search_term_string}"},"query-input":{"@type":"PropertyValueSpecification","valueRequired":true,"valueName":"search_term_string"}}],"inLanguage":"es"},{"@type":"Organization","@id":"https:\/\/cocemfevalencia.org\/es\/#organization","name":"Cocemfe Valencia","url":"https:\/\/cocemfevalencia.org\/es\/","logo":{"@type":"ImageObject","inLanguage":"es","@id":"https:\/\/cocemfevalencia.org\/es\/#\/schema\/logo\/image\/","url":"https:\/\/cocemfevalencia.org\/wp-content\/uploads\/2023\/03\/0312-Horizontal-una-linea-larga-rgb-positivo-Tricolor.png","contentUrl":"https:\/\/cocemfevalencia.org\/wp-content\/uploads\/2023\/03\/0312-Horizontal-una-linea-larga-rgb-positivo-Tricolor.png","width":2334,"height":613,"caption":"Cocemfe Valencia"},"image":{"@id":"https:\/\/cocemfevalencia.org\/es\/#\/schema\/logo\/image\/"},"sameAs":["https:\/\/www.facebook.com\/cocemfe.valencia","https:\/\/x.com\/COCEMFEValencia"]},{"@type":"Person","@id":"https:\/\/cocemfevalencia.org\/es\/#\/schema\/person\/e31a24227ccbc918e2c80add51990ad7","name":"COCEMFE VALENCIA","image":{"@type":"ImageObject","inLanguage":"es","@id":"https:\/\/secure.gravatar.com\/avatar\/81dd2ced4591577d70433bbfde65ba3f931e09f5cb4ca8c890817c47789b47f0?s=96&d=mm&r=g","url":"https:\/\/secure.gravatar.com\/avatar\/81dd2ced4591577d70433bbfde65ba3f931e09f5cb4ca8c890817c47789b47f0?s=96&d=mm&r=g","contentUrl":"https:\/\/secure.gravatar.com\/avatar\/81dd2ced4591577d70433bbfde65ba3f931e09f5cb4ca8c890817c47789b47f0?s=96&d=mm&r=g","caption":"COCEMFE VALENCIA"}}]}},"_links":{"self":[{"href":"https:\/\/cocemfevalencia.org\/es\/wp-json\/wp\/v2\/posts\/11627","targetHints":{"allow":["GET"]}}],"collection":[{"href":"https:\/\/cocemfevalencia.org\/es\/wp-json\/wp\/v2\/posts"}],"about":[{"href":"https:\/\/cocemfevalencia.org\/es\/wp-json\/wp\/v2\/types\/post"}],"author":[{"embeddable":true,"href":"https:\/\/cocemfevalencia.org\/es\/wp-json\/wp\/v2\/users\/3"}],"replies":[{"embeddable":true,"href":"https:\/\/cocemfevalencia.org\/es\/wp-json\/wp\/v2\/comments?post=11627"}],"version-history":[{"count":1,"href":"https:\/\/cocemfevalencia.org\/es\/wp-json\/wp\/v2\/posts\/11627\/revisions"}],"predecessor-version":[{"id":11648,"href":"https:\/\/cocemfevalencia.org\/es\/wp-json\/wp\/v2\/posts\/11627\/revisions\/11648"}],"wp:featuredmedia":[{"embeddable":true,"href":"https:\/\/cocemfevalencia.org\/es\/wp-json\/wp\/v2\/media\/11566"}],"wp:attachment":[{"href":"https:\/\/cocemfevalencia.org\/es\/wp-json\/wp\/v2\/media?parent=11627"}],"wp:term":[{"taxonomy":"category","embeddable":true,"href":"https:\/\/cocemfevalencia.org\/es\/wp-json\/wp\/v2\/categories?post=11627"},{"taxonomy":"post_tag","embeddable":true,"href":"https:\/\/cocemfevalencia.org\/es\/wp-json\/wp\/v2\/tags?post=11627"}],"curies":[{"name":"wp","href":"https:\/\/api.w.org\/{rel}","templated":true}]}}