{"id":11799,"date":"2023-07-18T09:21:08","date_gmt":"2023-07-18T07:21:08","guid":{"rendered":"https:\/\/cocemfevalencia.org\/?p=11799"},"modified":"2023-07-18T09:22:10","modified_gmt":"2023-07-18T07:22:10","slug":"cocemfe-valencia-sigue-apoyando-la-autonomia-personal-para-personas-con-discapacidad","status":"publish","type":"post","link":"https:\/\/cocemfevalencia.org\/es\/cocemfe-valencia-sigue-apoyando-la-autonomia-personal-para-personas-con-discapacidad\/","title":{"rendered":"COCEMFE Val\u00e8ncia sigue apoyando la autonom\u00eda personal para personas con discapacidad"},"content":{"rendered":"<p style=\"text-align: left;\">COCEMFE Val\u00e8ncia est\u00e1 llevando a cabo durante el 2023 el <strong>proyecto Fomento de la<\/strong><br \/>\n<strong>autonom\u00eda personal<\/strong> para<strong> 30 personas con gran discapacidad f\u00edsica y\/u org\u00e1nica<\/strong>, ofreci\u00e9ndoles la<br \/>\nposibilidad de realizar de forma independiente aquellas actividades para las que requiere de ayuda<br \/>\nde tercera persona, mejorando su calidad de vida, su autonom\u00eda personal y la inclusi\u00f3n social.<br \/>\nEste proyecto se est\u00e1 ejecutando gracias a la subvenci\u00f3n de 13.552 euros procedente de la<br \/>\nConvocatoria de Subvenciones para la realizaci\u00f3n de proyectos de Intervenci\u00f3n en el \u00c1mbito de la<br \/>\nAcci\u00f3n Social del Ayuntamiento de Valencia, entre otras que recibe COCEMFE Val\u00e8ncia.<\/p>\n<p style=\"text-align: left;\">En este proyecto se est\u00e1 prestando un conjunto de servicios especializados, que atienden desde una<br \/>\n<strong>perspectiva integral, a personas con gran discapacidad f\u00edsica y\/u org\u00e1nica, siempre dentro del<\/strong><br \/>\n<strong>entorno propio y con intervenciones comunitarias<\/strong> que potencian el desarrollo de una vida aut\u00f3noma,<br \/>\npartiendo del establecimiento del bienestar bio-psico-social de la persona. Servicios especializados<br \/>\ntales como; apoyo en actividades b\u00e1sicas de la vida diaria (relacionadas con el auto-mantenimiento),<br \/>\nactividades instrumentales de la vida diaria (relacionadas con la vida cotidiana en la casa y en la<br \/>\ncomunidad) y actividades avanzadas de la vida diaria (acompa\u00f1amiento en el mantenimiento de<br \/>\nrelaciones sociales e interpersonales, educaci\u00f3n, ocio y tiempo libre, etc.).<\/p>\n<p>&nbsp;<\/p>\n<p><img decoding=\"async\" class=\"size-medium wp-image-11800 aligncenter\" src=\"https:\/\/cocemfevalencia.org\/wp-content\/uploads\/2023\/07\/REGIDORIA-SERVICIS-SOCIALS-300x127.gif\" alt=\"\" width=\"300\" height=\"127\" srcset=\"https:\/\/cocemfevalencia.org\/wp-content\/uploads\/2023\/07\/REGIDORIA-SERVICIS-SOCIALS-300x127.gif 300w, https:\/\/cocemfevalencia.org\/wp-content\/uploads\/2023\/07\/REGIDORIA-SERVICIS-SOCIALS-1024x433.gif 1024w, https:\/\/cocemfevalencia.org\/wp-content\/uploads\/2023\/07\/REGIDORIA-SERVICIS-SOCIALS-768x325.gif 768w, https:\/\/cocemfevalencia.org\/wp-content\/uploads\/2023\/07\/REGIDORIA-SERVICIS-SOCIALS-1536x650.gif 1536w\" sizes=\"(max-width: 300px) 100vw, 300px\" \/><\/p>\n<p>Visitas: 4<\/p>","protected":false},"excerpt":{"rendered":"<p>COCEMFE Val\u00e8ncia est\u00e1 llevando a cabo durante el 2023 el proyecto Fomento de la autonom\u00eda personal para 30 personas con gran discapacidad f\u00edsica y\/u org\u00e1nica, ofreci\u00e9ndoles la posibilidad de realizar de forma independiente aquellas actividades para las que requiere de ayuda de tercera persona, mejorando su calidad de vida, su autonom\u00eda personal y la inclusi\u00f3n&hellip;&nbsp;<a href=\"https:\/\/cocemfevalencia.org\/es\/cocemfe-valencia-sigue-apoyando-la-autonomia-personal-para-personas-con-discapacidad\/\" rel=\"bookmark\">Leer m\u00e1s &raquo;<span class=\"screen-reader-text\">COCEMFE Val\u00e8ncia sigue apoyando la autonom\u00eda personal para personas con discapacidad<\/span><\/a><\/p>\n","protected":false},"author":5,"featured_media":11803,"comment_status":"closed","ping_status":"closed","sticky":false,"template":"","format":"standard","meta":{"rop_custom_images_group":[],"rop_custom_messages_group":[],"rop_publish_now":"initial","rop_publish_now_accounts":[],"rop_publish_now_history":[],"rop_publish_now_status":"pending","neve_meta_sidebar":"","neve_meta_container":"","neve_meta_enable_content_width":"off","neve_meta_content_width":70,"neve_meta_title_alignment":"","neve_meta_author_avatar":"","neve_post_elements_order":"","neve_meta_disable_header":"","neve_meta_disable_footer":"","neve_meta_disable_title":"","footnotes":""},"categories":[5,260],"tags":[],"class_list":["post-11799","post","type-post","status-publish","format-standard","has-post-thumbnail","hentry","category-noticias","category-programas-cocemfe-valencia"],"yoast_head":"<!-- This site is optimized with the Yoast SEO plugin v27.3 - https:\/\/yoast.com\/product\/yoast-seo-wordpress\/ -->\n<title>COCEMFE Val\u00e8ncia sigue apoyando la autonom\u00eda personal para personas con discapacidad - Cocemfe Valencia<\/title>\n<meta name=\"robots\" content=\"index, follow, max-snippet:-1, max-image-preview:large, max-video-preview:-1\" \/>\n<link rel=\"canonical\" href=\"https:\/\/cocemfevalencia.org\/es\/cocemfe-valencia-sigue-apoyando-la-autonomia-personal-para-personas-con-discapacidad\/\" \/>\n<meta property=\"og:locale\" content=\"es_ES\" \/>\n<meta property=\"og:type\" content=\"article\" \/>\n<meta property=\"og:title\" content=\"COCEMFE Val\u00e8ncia sigue apoyando la autonom\u00eda personal para personas con discapacidad - Cocemfe Valencia\" \/>\n<meta property=\"og:description\" content=\"COCEMFE Val\u00e8ncia est\u00e1 llevando a cabo durante el 2023 el proyecto Fomento de la autonom\u00eda personal para 30 personas con gran discapacidad f\u00edsica y\/u org\u00e1nica, ofreci\u00e9ndoles la posibilidad de realizar de forma independiente aquellas actividades para las que requiere de ayuda de tercera persona, mejorando su calidad de vida, su autonom\u00eda personal y la inclusi\u00f3n&hellip;&nbsp;Leer m\u00e1s &raquo;COCEMFE Val\u00e8ncia sigue apoyando la autonom\u00eda personal para personas con discapacidad\" \/>\n<meta property=\"og:url\" content=\"https:\/\/cocemfevalencia.org\/es\/cocemfe-valencia-sigue-apoyando-la-autonomia-personal-para-personas-con-discapacidad\/\" \/>\n<meta property=\"og:site_name\" content=\"Cocemfe Valencia\" \/>\n<meta property=\"article:publisher\" content=\"https:\/\/www.facebook.com\/cocemfe.valencia\" \/>\n<meta property=\"article:published_time\" content=\"2023-07-18T07:21:08+00:00\" \/>\n<meta property=\"article:modified_time\" content=\"2023-07-18T07:22:10+00:00\" \/>\n<meta property=\"og:image\" content=\"https:\/\/cocemfevalencia.org\/wp-content\/uploads\/2023\/07\/FOTO-NOTICIA-AYUNTAMIENTO.jpg\" \/>\n\t<meta property=\"og:image:width\" content=\"1200\" \/>\n\t<meta property=\"og:image:height\" content=\"1600\" \/>\n\t<meta property=\"og:image:type\" content=\"image\/jpeg\" \/>\n<meta name=\"author\" content=\"comunicacio\" \/>\n<meta name=\"twitter:card\" content=\"summary_large_image\" \/>\n<meta name=\"twitter:creator\" content=\"@COCEMFEValencia\" \/>\n<meta name=\"twitter:site\" content=\"@COCEMFEValencia\" \/>\n<meta name=\"twitter:label1\" content=\"Escrito por\" \/>\n\t<meta name=\"twitter:data1\" content=\"comunicacio\" \/>\n\t<meta name=\"twitter:label2\" content=\"Tiempo de lectura\" \/>\n\t<meta name=\"twitter:data2\" content=\"2 minutos\" \/>\n<script type=\"application\/ld+json\" class=\"yoast-schema-graph\">{\"@context\":\"https:\\\/\\\/schema.org\",\"@graph\":[{\"@type\":\"Article\",\"@id\":\"https:\\\/\\\/cocemfevalencia.org\\\/es\\\/cocemfe-valencia-sigue-apoyando-la-autonomia-personal-para-personas-con-discapacidad\\\/#article\",\"isPartOf\":{\"@id\":\"https:\\\/\\\/cocemfevalencia.org\\\/es\\\/cocemfe-valencia-sigue-apoyando-la-autonomia-personal-para-personas-con-discapacidad\\\/\"},\"author\":{\"name\":\"comunicacio\",\"@id\":\"https:\\\/\\\/cocemfevalencia.org\\\/es\\\/#\\\/schema\\\/person\\\/84dc42180efe17bdafa0a7a8702d24c8\"},\"headline\":\"COCEMFE Val\u00e8ncia sigue apoyando la autonom\u00eda personal para personas con discapacidad\",\"datePublished\":\"2023-07-18T07:21:08+00:00\",\"dateModified\":\"2023-07-18T07:22:10+00:00\",\"mainEntityOfPage\":{\"@id\":\"https:\\\/\\\/cocemfevalencia.org\\\/es\\\/cocemfe-valencia-sigue-apoyando-la-autonomia-personal-para-personas-con-discapacidad\\\/\"},\"wordCount\":236,\"publisher\":{\"@id\":\"https:\\\/\\\/cocemfevalencia.org\\\/es\\\/#organization\"},\"image\":{\"@id\":\"https:\\\/\\\/cocemfevalencia.org\\\/es\\\/cocemfe-valencia-sigue-apoyando-la-autonomia-personal-para-personas-con-discapacidad\\\/#primaryimage\"},\"thumbnailUrl\":\"https:\\\/\\\/cocemfevalencia.org\\\/wp-content\\\/uploads\\\/2023\\\/07\\\/FOTO-NOTICIA-AYUNTAMIENTO.jpg\",\"articleSection\":[\"Not\u00edcies\",\"Programas COCEMFE Valencia\"],\"inLanguage\":\"es\"},{\"@type\":\"WebPage\",\"@id\":\"https:\\\/\\\/cocemfevalencia.org\\\/es\\\/cocemfe-valencia-sigue-apoyando-la-autonomia-personal-para-personas-con-discapacidad\\\/\",\"url\":\"https:\\\/\\\/cocemfevalencia.org\\\/es\\\/cocemfe-valencia-sigue-apoyando-la-autonomia-personal-para-personas-con-discapacidad\\\/\",\"name\":\"COCEMFE Val\u00e8ncia sigue apoyando la autonom\u00eda personal para personas con discapacidad - Cocemfe Valencia\",\"isPartOf\":{\"@id\":\"https:\\\/\\\/cocemfevalencia.org\\\/es\\\/#website\"},\"primaryImageOfPage\":{\"@id\":\"https:\\\/\\\/cocemfevalencia.org\\\/es\\\/cocemfe-valencia-sigue-apoyando-la-autonomia-personal-para-personas-con-discapacidad\\\/#primaryimage\"},\"image\":{\"@id\":\"https:\\\/\\\/cocemfevalencia.org\\\/es\\\/cocemfe-valencia-sigue-apoyando-la-autonomia-personal-para-personas-con-discapacidad\\\/#primaryimage\"},\"thumbnailUrl\":\"https:\\\/\\\/cocemfevalencia.org\\\/wp-content\\\/uploads\\\/2023\\\/07\\\/FOTO-NOTICIA-AYUNTAMIENTO.jpg\",\"datePublished\":\"2023-07-18T07:21:08+00:00\",\"dateModified\":\"2023-07-18T07:22:10+00:00\",\"breadcrumb\":{\"@id\":\"https:\\\/\\\/cocemfevalencia.org\\\/es\\\/cocemfe-valencia-sigue-apoyando-la-autonomia-personal-para-personas-con-discapacidad\\\/#breadcrumb\"},\"inLanguage\":\"es\",\"potentialAction\":[{\"@type\":\"ReadAction\",\"target\":[\"https:\\\/\\\/cocemfevalencia.org\\\/es\\\/cocemfe-valencia-sigue-apoyando-la-autonomia-personal-para-personas-con-discapacidad\\\/\"]}]},{\"@type\":\"ImageObject\",\"inLanguage\":\"es\",\"@id\":\"https:\\\/\\\/cocemfevalencia.org\\\/es\\\/cocemfe-valencia-sigue-apoyando-la-autonomia-personal-para-personas-con-discapacidad\\\/#primaryimage\",\"url\":\"https:\\\/\\\/cocemfevalencia.org\\\/wp-content\\\/uploads\\\/2023\\\/07\\\/FOTO-NOTICIA-AYUNTAMIENTO.jpg\",\"contentUrl\":\"https:\\\/\\\/cocemfevalencia.org\\\/wp-content\\\/uploads\\\/2023\\\/07\\\/FOTO-NOTICIA-AYUNTAMIENTO.jpg\",\"width\":1200,\"height\":1600},{\"@type\":\"BreadcrumbList\",\"@id\":\"https:\\\/\\\/cocemfevalencia.org\\\/es\\\/cocemfe-valencia-sigue-apoyando-la-autonomia-personal-para-personas-con-discapacidad\\\/#breadcrumb\",\"itemListElement\":[{\"@type\":\"ListItem\",\"position\":1,\"name\":\"Portada\",\"item\":\"https:\\\/\\\/cocemfevalencia.org\\\/es\\\/\"},{\"@type\":\"ListItem\",\"position\":2,\"name\":\"COCEMFE Val\u00e8ncia sigue apoyando la autonom\u00eda personal para personas con discapacidad\"}]},{\"@type\":\"WebSite\",\"@id\":\"https:\\\/\\\/cocemfevalencia.org\\\/es\\\/#website\",\"url\":\"https:\\\/\\\/cocemfevalencia.org\\\/es\\\/\",\"name\":\"Cocemfe Valencia\",\"description\":\"FEDERACI\u00d3N DE ASOCIACIONES DE PERSONAS CON DISCAPACIDAD F\u00cdSICA Y ORG\u00c1NICA DE LA PROV\u00cdNCIA DE VALENCIA\",\"publisher\":{\"@id\":\"https:\\\/\\\/cocemfevalencia.org\\\/es\\\/#organization\"},\"potentialAction\":[{\"@type\":\"SearchAction\",\"target\":{\"@type\":\"EntryPoint\",\"urlTemplate\":\"https:\\\/\\\/cocemfevalencia.org\\\/es\\\/?s={search_term_string}\"},\"query-input\":{\"@type\":\"PropertyValueSpecification\",\"valueRequired\":true,\"valueName\":\"search_term_string\"}}],\"inLanguage\":\"es\"},{\"@type\":\"Organization\",\"@id\":\"https:\\\/\\\/cocemfevalencia.org\\\/es\\\/#organization\",\"name\":\"Cocemfe Valencia\",\"url\":\"https:\\\/\\\/cocemfevalencia.org\\\/es\\\/\",\"logo\":{\"@type\":\"ImageObject\",\"inLanguage\":\"es\",\"@id\":\"https:\\\/\\\/cocemfevalencia.org\\\/es\\\/#\\\/schema\\\/logo\\\/image\\\/\",\"url\":\"https:\\\/\\\/cocemfevalencia.org\\\/wp-content\\\/uploads\\\/2023\\\/03\\\/0312-Horizontal-una-linea-larga-rgb-positivo-Tricolor.png\",\"contentUrl\":\"https:\\\/\\\/cocemfevalencia.org\\\/wp-content\\\/uploads\\\/2023\\\/03\\\/0312-Horizontal-una-linea-larga-rgb-positivo-Tricolor.png\",\"width\":2334,\"height\":613,\"caption\":\"Cocemfe Valencia\"},\"image\":{\"@id\":\"https:\\\/\\\/cocemfevalencia.org\\\/es\\\/#\\\/schema\\\/logo\\\/image\\\/\"},\"sameAs\":[\"https:\\\/\\\/www.facebook.com\\\/cocemfe.valencia\",\"https:\\\/\\\/x.com\\\/COCEMFEValencia\"]},{\"@type\":\"Person\",\"@id\":\"https:\\\/\\\/cocemfevalencia.org\\\/es\\\/#\\\/schema\\\/person\\\/84dc42180efe17bdafa0a7a8702d24c8\",\"name\":\"comunicacio\",\"image\":{\"@type\":\"ImageObject\",\"inLanguage\":\"es\",\"@id\":\"https:\\\/\\\/secure.gravatar.com\\\/avatar\\\/cc921e89975f546bc4139f170e59e0d573a099452a8a989eb18e18cda2e7227a?s=96&d=mm&r=g\",\"url\":\"https:\\\/\\\/secure.gravatar.com\\\/avatar\\\/cc921e89975f546bc4139f170e59e0d573a099452a8a989eb18e18cda2e7227a?s=96&d=mm&r=g\",\"contentUrl\":\"https:\\\/\\\/secure.gravatar.com\\\/avatar\\\/cc921e89975f546bc4139f170e59e0d573a099452a8a989eb18e18cda2e7227a?s=96&d=mm&r=g\",\"caption\":\"comunicacio\"}}]}<\/script>\n<!-- \/ Yoast SEO plugin. -->","yoast_head_json":{"title":"COCEMFE Val\u00e8ncia sigue apoyando la autonom\u00eda personal para personas con discapacidad - Cocemfe Valencia","robots":{"index":"index","follow":"follow","max-snippet":"max-snippet:-1","max-image-preview":"max-image-preview:large","max-video-preview":"max-video-preview:-1"},"canonical":"https:\/\/cocemfevalencia.org\/es\/cocemfe-valencia-sigue-apoyando-la-autonomia-personal-para-personas-con-discapacidad\/","og_locale":"es_ES","og_type":"article","og_title":"COCEMFE Val\u00e8ncia sigue apoyando la autonom\u00eda personal para personas con discapacidad - Cocemfe Valencia","og_description":"COCEMFE Val\u00e8ncia est\u00e1 llevando a cabo durante el 2023 el proyecto Fomento de la autonom\u00eda personal para 30 personas con gran discapacidad f\u00edsica y\/u org\u00e1nica, ofreci\u00e9ndoles la posibilidad de realizar de forma independiente aquellas actividades para las que requiere de ayuda de tercera persona, mejorando su calidad de vida, su autonom\u00eda personal y la inclusi\u00f3n&hellip;&nbsp;Leer m\u00e1s &raquo;COCEMFE Val\u00e8ncia sigue apoyando la autonom\u00eda personal para personas con discapacidad","og_url":"https:\/\/cocemfevalencia.org\/es\/cocemfe-valencia-sigue-apoyando-la-autonomia-personal-para-personas-con-discapacidad\/","og_site_name":"Cocemfe Valencia","article_publisher":"https:\/\/www.facebook.com\/cocemfe.valencia","article_published_time":"2023-07-18T07:21:08+00:00","article_modified_time":"2023-07-18T07:22:10+00:00","og_image":[{"width":1200,"height":1600,"url":"https:\/\/cocemfevalencia.org\/wp-content\/uploads\/2023\/07\/FOTO-NOTICIA-AYUNTAMIENTO.jpg","type":"image\/jpeg"}],"author":"comunicacio","twitter_card":"summary_large_image","twitter_creator":"@COCEMFEValencia","twitter_site":"@COCEMFEValencia","twitter_misc":{"Escrito por":"comunicacio","Tiempo de lectura":"2 minutos"},"schema":{"@context":"https:\/\/schema.org","@graph":[{"@type":"Article","@id":"https:\/\/cocemfevalencia.org\/es\/cocemfe-valencia-sigue-apoyando-la-autonomia-personal-para-personas-con-discapacidad\/#article","isPartOf":{"@id":"https:\/\/cocemfevalencia.org\/es\/cocemfe-valencia-sigue-apoyando-la-autonomia-personal-para-personas-con-discapacidad\/"},"author":{"name":"comunicacio","@id":"https:\/\/cocemfevalencia.org\/es\/#\/schema\/person\/84dc42180efe17bdafa0a7a8702d24c8"},"headline":"COCEMFE Val\u00e8ncia sigue apoyando la autonom\u00eda personal para personas con discapacidad","datePublished":"2023-07-18T07:21:08+00:00","dateModified":"2023-07-18T07:22:10+00:00","mainEntityOfPage":{"@id":"https:\/\/cocemfevalencia.org\/es\/cocemfe-valencia-sigue-apoyando-la-autonomia-personal-para-personas-con-discapacidad\/"},"wordCount":236,"publisher":{"@id":"https:\/\/cocemfevalencia.org\/es\/#organization"},"image":{"@id":"https:\/\/cocemfevalencia.org\/es\/cocemfe-valencia-sigue-apoyando-la-autonomia-personal-para-personas-con-discapacidad\/#primaryimage"},"thumbnailUrl":"https:\/\/cocemfevalencia.org\/wp-content\/uploads\/2023\/07\/FOTO-NOTICIA-AYUNTAMIENTO.jpg","articleSection":["Not\u00edcies","Programas COCEMFE Valencia"],"inLanguage":"es"},{"@type":"WebPage","@id":"https:\/\/cocemfevalencia.org\/es\/cocemfe-valencia-sigue-apoyando-la-autonomia-personal-para-personas-con-discapacidad\/","url":"https:\/\/cocemfevalencia.org\/es\/cocemfe-valencia-sigue-apoyando-la-autonomia-personal-para-personas-con-discapacidad\/","name":"COCEMFE Val\u00e8ncia sigue apoyando la autonom\u00eda personal para personas con discapacidad - Cocemfe Valencia","isPartOf":{"@id":"https:\/\/cocemfevalencia.org\/es\/#website"},"primaryImageOfPage":{"@id":"https:\/\/cocemfevalencia.org\/es\/cocemfe-valencia-sigue-apoyando-la-autonomia-personal-para-personas-con-discapacidad\/#primaryimage"},"image":{"@id":"https:\/\/cocemfevalencia.org\/es\/cocemfe-valencia-sigue-apoyando-la-autonomia-personal-para-personas-con-discapacidad\/#primaryimage"},"thumbnailUrl":"https:\/\/cocemfevalencia.org\/wp-content\/uploads\/2023\/07\/FOTO-NOTICIA-AYUNTAMIENTO.jpg","datePublished":"2023-07-18T07:21:08+00:00","dateModified":"2023-07-18T07:22:10+00:00","breadcrumb":{"@id":"https:\/\/cocemfevalencia.org\/es\/cocemfe-valencia-sigue-apoyando-la-autonomia-personal-para-personas-con-discapacidad\/#breadcrumb"},"inLanguage":"es","potentialAction":[{"@type":"ReadAction","target":["https:\/\/cocemfevalencia.org\/es\/cocemfe-valencia-sigue-apoyando-la-autonomia-personal-para-personas-con-discapacidad\/"]}]},{"@type":"ImageObject","inLanguage":"es","@id":"https:\/\/cocemfevalencia.org\/es\/cocemfe-valencia-sigue-apoyando-la-autonomia-personal-para-personas-con-discapacidad\/#primaryimage","url":"https:\/\/cocemfevalencia.org\/wp-content\/uploads\/2023\/07\/FOTO-NOTICIA-AYUNTAMIENTO.jpg","contentUrl":"https:\/\/cocemfevalencia.org\/wp-content\/uploads\/2023\/07\/FOTO-NOTICIA-AYUNTAMIENTO.jpg","width":1200,"height":1600},{"@type":"BreadcrumbList","@id":"https:\/\/cocemfevalencia.org\/es\/cocemfe-valencia-sigue-apoyando-la-autonomia-personal-para-personas-con-discapacidad\/#breadcrumb","itemListElement":[{"@type":"ListItem","position":1,"name":"Portada","item":"https:\/\/cocemfevalencia.org\/es\/"},{"@type":"ListItem","position":2,"name":"COCEMFE Val\u00e8ncia sigue apoyando la autonom\u00eda personal para personas con discapacidad"}]},{"@type":"WebSite","@id":"https:\/\/cocemfevalencia.org\/es\/#website","url":"https:\/\/cocemfevalencia.org\/es\/","name":"Cocemfe Valencia","description":"FEDERACI\u00d3N DE ASOCIACIONES DE PERSONAS CON DISCAPACIDAD F\u00cdSICA Y ORG\u00c1NICA DE LA PROV\u00cdNCIA DE VALENCIA","publisher":{"@id":"https:\/\/cocemfevalencia.org\/es\/#organization"},"potentialAction":[{"@type":"SearchAction","target":{"@type":"EntryPoint","urlTemplate":"https:\/\/cocemfevalencia.org\/es\/?s={search_term_string}"},"query-input":{"@type":"PropertyValueSpecification","valueRequired":true,"valueName":"search_term_string"}}],"inLanguage":"es"},{"@type":"Organization","@id":"https:\/\/cocemfevalencia.org\/es\/#organization","name":"Cocemfe Valencia","url":"https:\/\/cocemfevalencia.org\/es\/","logo":{"@type":"ImageObject","inLanguage":"es","@id":"https:\/\/cocemfevalencia.org\/es\/#\/schema\/logo\/image\/","url":"https:\/\/cocemfevalencia.org\/wp-content\/uploads\/2023\/03\/0312-Horizontal-una-linea-larga-rgb-positivo-Tricolor.png","contentUrl":"https:\/\/cocemfevalencia.org\/wp-content\/uploads\/2023\/03\/0312-Horizontal-una-linea-larga-rgb-positivo-Tricolor.png","width":2334,"height":613,"caption":"Cocemfe Valencia"},"image":{"@id":"https:\/\/cocemfevalencia.org\/es\/#\/schema\/logo\/image\/"},"sameAs":["https:\/\/www.facebook.com\/cocemfe.valencia","https:\/\/x.com\/COCEMFEValencia"]},{"@type":"Person","@id":"https:\/\/cocemfevalencia.org\/es\/#\/schema\/person\/84dc42180efe17bdafa0a7a8702d24c8","name":"comunicacio","image":{"@type":"ImageObject","inLanguage":"es","@id":"https:\/\/secure.gravatar.com\/avatar\/cc921e89975f546bc4139f170e59e0d573a099452a8a989eb18e18cda2e7227a?s=96&d=mm&r=g","url":"https:\/\/secure.gravatar.com\/avatar\/cc921e89975f546bc4139f170e59e0d573a099452a8a989eb18e18cda2e7227a?s=96&d=mm&r=g","contentUrl":"https:\/\/secure.gravatar.com\/avatar\/cc921e89975f546bc4139f170e59e0d573a099452a8a989eb18e18cda2e7227a?s=96&d=mm&r=g","caption":"comunicacio"}}]}},"_links":{"self":[{"href":"https:\/\/cocemfevalencia.org\/es\/wp-json\/wp\/v2\/posts\/11799","targetHints":{"allow":["GET"]}}],"collection":[{"href":"https:\/\/cocemfevalencia.org\/es\/wp-json\/wp\/v2\/posts"}],"about":[{"href":"https:\/\/cocemfevalencia.org\/es\/wp-json\/wp\/v2\/types\/post"}],"author":[{"embeddable":true,"href":"https:\/\/cocemfevalencia.org\/es\/wp-json\/wp\/v2\/users\/5"}],"replies":[{"embeddable":true,"href":"https:\/\/cocemfevalencia.org\/es\/wp-json\/wp\/v2\/comments?post=11799"}],"version-history":[{"count":2,"href":"https:\/\/cocemfevalencia.org\/es\/wp-json\/wp\/v2\/posts\/11799\/revisions"}],"predecessor-version":[{"id":11805,"href":"https:\/\/cocemfevalencia.org\/es\/wp-json\/wp\/v2\/posts\/11799\/revisions\/11805"}],"wp:featuredmedia":[{"embeddable":true,"href":"https:\/\/cocemfevalencia.org\/es\/wp-json\/wp\/v2\/media\/11803"}],"wp:attachment":[{"href":"https:\/\/cocemfevalencia.org\/es\/wp-json\/wp\/v2\/media?parent=11799"}],"wp:term":[{"taxonomy":"category","embeddable":true,"href":"https:\/\/cocemfevalencia.org\/es\/wp-json\/wp\/v2\/categories?post=11799"},{"taxonomy":"post_tag","embeddable":true,"href":"https:\/\/cocemfevalencia.org\/es\/wp-json\/wp\/v2\/tags?post=11799"}],"curies":[{"name":"wp","href":"https:\/\/api.w.org\/{rel}","templated":true}]}}