{"id":11865,"date":"2023-07-26T10:00:17","date_gmt":"2023-07-26T08:00:17","guid":{"rendered":"https:\/\/cocemfevalencia.org\/?p=11865"},"modified":"2023-07-26T12:30:35","modified_gmt":"2023-07-26T10:30:35","slug":"cocemfe-valencia-sigue-desarrollando-durante-el-2023-el-programa-atencion-informacion-y-asesoramiento-social-especializado-en-discapacidad-fisica-y-organica","status":"publish","type":"post","link":"https:\/\/cocemfevalencia.org\/es\/cocemfe-valencia-sigue-desarrollando-durante-el-2023-el-programa-atencion-informacion-y-asesoramiento-social-especializado-en-discapacidad-fisica-y-organica\/","title":{"rendered":"COCEMFE Val\u00e8ncia sigue desarrollando durante el 2023 el programa &#8216;Atenci\u00f3n, informaci\u00f3n y asesoramiento social especializado en discapacidad f\u00edsica y org\u00e1nica&#8217;"},"content":{"rendered":"<p>COCEMFE Val\u00e8ncia sigue desarrollando durante el 2023 el programa<strong> &#8216;Atenci\u00f3n,\u00a0informaci\u00f3n y asesoramiento social especializado en discapacidad f\u00edsica y org\u00e1nica&#8217;<\/strong>. Un programa\u00a0que act\u00faa como mediador ante la multiplicidad y dispersi\u00f3n de informaci\u00f3n que continuamente se\u00a0generan en temas relacionados con la discapacidad y as\u00ed se desarrolla varias funciones; por un lado la\u00a0funci\u00f3n de <strong>recopilaci\u00f3n, sistematizaci\u00f3n y difusi\u00f3n de informaci\u00f3n<\/strong> sobre todos los \u00e1mbitos de la\u00a0discapacidad; por otro lado, la atenci\u00f3n social directa a personas con discapacidad y familiares y\u00a0acompa\u00f1amiento para la gesti\u00f3n de tr\u00e1mites y recursos (siempre en el \u00e1mbito de la discapacidad\u00a0f\u00edsica y\/u org\u00e1nica).<\/p>\n<p>En estos primeros <strong>6 meses se ha atendido a un total de 343 personas<\/strong> con certificado de discapacidad\u00a0o en tr\u00e1mite, dependencia y familiares, en <strong>479 consultas sobre diferentes tem\u00e1ticas<\/strong> referente a la\u00a0discapacidad; autonom\u00eda, recursos, prestaciones, transporte, accesibilidad, vivienda, ocio, etc.<\/p>\n<p>Este programa se est\u00e1 ejecutando gracias a la subvenci\u00f3n de <strong>23.537 euros<\/strong> procedentes de la\u00a0Convocatoria para el desarrollo de programas y servicios de promoci\u00f3n de autonom\u00eda de personas\u00a0con diversidad funcional, de la <strong>Vicepresidencia y Conselleria de Igualdad y Pol\u00edticas Inclusivas<\/strong>, entre\u00a0otras.<\/p>\n<p>&nbsp;<\/p>\n<p><img fetchpriority=\"high\" decoding=\"async\" class=\"size-medium wp-image-11895 aligncenter\" src=\"https:\/\/cocemfevalencia.org\/wp-content\/uploads\/2023\/07\/LOGO-IGUALDAD-300x177.jpg\" alt=\"\" width=\"300\" height=\"177\" srcset=\"https:\/\/cocemfevalencia.org\/wp-content\/uploads\/2023\/07\/LOGO-IGUALDAD-300x177.jpg 300w, https:\/\/cocemfevalencia.org\/wp-content\/uploads\/2023\/07\/LOGO-IGUALDAD-1024x605.jpg 1024w, https:\/\/cocemfevalencia.org\/wp-content\/uploads\/2023\/07\/LOGO-IGUALDAD-768x453.jpg 768w, https:\/\/cocemfevalencia.org\/wp-content\/uploads\/2023\/07\/LOGO-IGUALDAD-1536x907.jpg 1536w, https:\/\/cocemfevalencia.org\/wp-content\/uploads\/2023\/07\/LOGO-IGUALDAD-2048x1209.jpg 2048w\" sizes=\"(max-width: 300px) 100vw, 300px\" \/><\/p>\n<p>Visitas: 4<\/p>","protected":false},"excerpt":{"rendered":"<p>COCEMFE Val\u00e8ncia sigue desarrollando durante el 2023 el programa &#8216;Atenci\u00f3n,\u00a0informaci\u00f3n y asesoramiento social especializado en discapacidad f\u00edsica y org\u00e1nica&#8217;. Un programa\u00a0que act\u00faa como mediador ante la multiplicidad y dispersi\u00f3n de informaci\u00f3n que continuamente se\u00a0generan en temas relacionados con la discapacidad y as\u00ed se desarrolla varias funciones; por un lado la\u00a0funci\u00f3n de recopilaci\u00f3n, sistematizaci\u00f3n y difusi\u00f3n&hellip;&nbsp;<a href=\"https:\/\/cocemfevalencia.org\/es\/cocemfe-valencia-sigue-desarrollando-durante-el-2023-el-programa-atencion-informacion-y-asesoramiento-social-especializado-en-discapacidad-fisica-y-organica\/\" rel=\"bookmark\">Leer m\u00e1s &raquo;<span class=\"screen-reader-text\">COCEMFE Val\u00e8ncia sigue desarrollando durante el 2023 el programa &#8216;Atenci\u00f3n, informaci\u00f3n y asesoramiento social especializado en discapacidad f\u00edsica y org\u00e1nica&#8217;<\/span><\/a><\/p>\n","protected":false},"author":5,"featured_media":11863,"comment_status":"closed","ping_status":"closed","sticky":false,"template":"","format":"standard","meta":{"rop_custom_images_group":[],"rop_custom_messages_group":[],"rop_publish_now":"initial","rop_publish_now_accounts":[],"rop_publish_now_history":[],"rop_publish_now_status":"pending","neve_meta_sidebar":"","neve_meta_container":"","neve_meta_enable_content_width":"off","neve_meta_content_width":70,"neve_meta_title_alignment":"","neve_meta_author_avatar":"","neve_post_elements_order":"","neve_meta_disable_header":"","neve_meta_disable_footer":"","neve_meta_disable_title":"","footnotes":""},"categories":[5,260],"tags":[],"class_list":["post-11865","post","type-post","status-publish","format-standard","has-post-thumbnail","hentry","category-noticias","category-programas-cocemfe-valencia"],"yoast_head":"<!-- This site is optimized with the Yoast SEO plugin v27.3 - https:\/\/yoast.com\/product\/yoast-seo-wordpress\/ -->\n<title>COCEMFE Val\u00e8ncia sigue desarrollando durante el 2023 el programa &#039;Atenci\u00f3n, informaci\u00f3n y asesoramiento social especializado en discapacidad f\u00edsica y org\u00e1nica&#039; - Cocemfe Valencia<\/title>\n<meta name=\"robots\" content=\"index, follow, max-snippet:-1, max-image-preview:large, max-video-preview:-1\" \/>\n<link rel=\"canonical\" href=\"https:\/\/cocemfevalencia.org\/es\/cocemfe-valencia-sigue-desarrollando-durante-el-2023-el-programa-atencion-informacion-y-asesoramiento-social-especializado-en-discapacidad-fisica-y-organica\/\" \/>\n<meta property=\"og:locale\" content=\"es_ES\" \/>\n<meta property=\"og:type\" content=\"article\" \/>\n<meta property=\"og:title\" content=\"COCEMFE Val\u00e8ncia sigue desarrollando durante el 2023 el programa &#039;Atenci\u00f3n, informaci\u00f3n y asesoramiento social especializado en discapacidad f\u00edsica y org\u00e1nica&#039; - Cocemfe Valencia\" \/>\n<meta property=\"og:description\" content=\"COCEMFE Val\u00e8ncia sigue desarrollando durante el 2023 el programa &#8216;Atenci\u00f3n,\u00a0informaci\u00f3n y asesoramiento social especializado en discapacidad f\u00edsica y org\u00e1nica&#8217;. Un programa\u00a0que act\u00faa como mediador ante la multiplicidad y dispersi\u00f3n de informaci\u00f3n que continuamente se\u00a0generan en temas relacionados con la discapacidad y as\u00ed se desarrolla varias funciones; por un lado la\u00a0funci\u00f3n de recopilaci\u00f3n, sistematizaci\u00f3n y difusi\u00f3n&hellip;&nbsp;Leer m\u00e1s &raquo;COCEMFE Val\u00e8ncia sigue desarrollando durante el 2023 el programa &#8216;Atenci\u00f3n, informaci\u00f3n y asesoramiento social especializado en discapacidad f\u00edsica y org\u00e1nica&#8217;\" \/>\n<meta property=\"og:url\" content=\"https:\/\/cocemfevalencia.org\/es\/cocemfe-valencia-sigue-desarrollando-durante-el-2023-el-programa-atencion-informacion-y-asesoramiento-social-especializado-en-discapacidad-fisica-y-organica\/\" \/>\n<meta property=\"og:site_name\" content=\"Cocemfe Valencia\" \/>\n<meta property=\"article:publisher\" content=\"https:\/\/www.facebook.com\/cocemfe.valencia\" \/>\n<meta property=\"article:published_time\" content=\"2023-07-26T08:00:17+00:00\" \/>\n<meta property=\"article:modified_time\" content=\"2023-07-26T10:30:35+00:00\" \/>\n<meta property=\"og:image\" content=\"https:\/\/cocemfevalencia.org\/wp-content\/uploads\/2023\/07\/foto26julio.jpeg\" \/>\n\t<meta property=\"og:image:width\" content=\"1024\" \/>\n\t<meta property=\"og:image:height\" content=\"768\" \/>\n\t<meta property=\"og:image:type\" content=\"image\/jpeg\" \/>\n<meta name=\"author\" content=\"comunicacio\" \/>\n<meta name=\"twitter:card\" content=\"summary_large_image\" \/>\n<meta name=\"twitter:creator\" content=\"@COCEMFEValencia\" \/>\n<meta name=\"twitter:site\" content=\"@COCEMFEValencia\" \/>\n<meta name=\"twitter:label1\" content=\"Escrito por\" \/>\n\t<meta name=\"twitter:data1\" content=\"comunicacio\" \/>\n\t<meta name=\"twitter:label2\" content=\"Tiempo de lectura\" \/>\n\t<meta name=\"twitter:data2\" content=\"2 minutos\" \/>\n<script type=\"application\/ld+json\" class=\"yoast-schema-graph\">{\"@context\":\"https:\\\/\\\/schema.org\",\"@graph\":[{\"@type\":\"Article\",\"@id\":\"https:\\\/\\\/cocemfevalencia.org\\\/es\\\/cocemfe-valencia-sigue-desarrollando-durante-el-2023-el-programa-atencion-informacion-y-asesoramiento-social-especializado-en-discapacidad-fisica-y-organica\\\/#article\",\"isPartOf\":{\"@id\":\"https:\\\/\\\/cocemfevalencia.org\\\/es\\\/cocemfe-valencia-sigue-desarrollando-durante-el-2023-el-programa-atencion-informacion-y-asesoramiento-social-especializado-en-discapacidad-fisica-y-organica\\\/\"},\"author\":{\"name\":\"comunicacio\",\"@id\":\"https:\\\/\\\/cocemfevalencia.org\\\/es\\\/#\\\/schema\\\/person\\\/84dc42180efe17bdafa0a7a8702d24c8\"},\"headline\":\"COCEMFE Val\u00e8ncia sigue desarrollando durante el 2023 el programa &#8216;Atenci\u00f3n, informaci\u00f3n y asesoramiento social especializado en discapacidad f\u00edsica y org\u00e1nica&#8217;\",\"datePublished\":\"2023-07-26T08:00:17+00:00\",\"dateModified\":\"2023-07-26T10:30:35+00:00\",\"mainEntityOfPage\":{\"@id\":\"https:\\\/\\\/cocemfevalencia.org\\\/es\\\/cocemfe-valencia-sigue-desarrollando-durante-el-2023-el-programa-atencion-informacion-y-asesoramiento-social-especializado-en-discapacidad-fisica-y-organica\\\/\"},\"wordCount\":233,\"publisher\":{\"@id\":\"https:\\\/\\\/cocemfevalencia.org\\\/es\\\/#organization\"},\"image\":{\"@id\":\"https:\\\/\\\/cocemfevalencia.org\\\/es\\\/cocemfe-valencia-sigue-desarrollando-durante-el-2023-el-programa-atencion-informacion-y-asesoramiento-social-especializado-en-discapacidad-fisica-y-organica\\\/#primaryimage\"},\"thumbnailUrl\":\"https:\\\/\\\/cocemfevalencia.org\\\/wp-content\\\/uploads\\\/2023\\\/07\\\/foto26julio.jpeg\",\"articleSection\":[\"Not\u00edcies\",\"Programas COCEMFE Valencia\"],\"inLanguage\":\"es\"},{\"@type\":\"WebPage\",\"@id\":\"https:\\\/\\\/cocemfevalencia.org\\\/es\\\/cocemfe-valencia-sigue-desarrollando-durante-el-2023-el-programa-atencion-informacion-y-asesoramiento-social-especializado-en-discapacidad-fisica-y-organica\\\/\",\"url\":\"https:\\\/\\\/cocemfevalencia.org\\\/es\\\/cocemfe-valencia-sigue-desarrollando-durante-el-2023-el-programa-atencion-informacion-y-asesoramiento-social-especializado-en-discapacidad-fisica-y-organica\\\/\",\"name\":\"COCEMFE Val\u00e8ncia sigue desarrollando durante el 2023 el programa 'Atenci\u00f3n, informaci\u00f3n y asesoramiento social especializado en discapacidad f\u00edsica y org\u00e1nica' - Cocemfe Valencia\",\"isPartOf\":{\"@id\":\"https:\\\/\\\/cocemfevalencia.org\\\/es\\\/#website\"},\"primaryImageOfPage\":{\"@id\":\"https:\\\/\\\/cocemfevalencia.org\\\/es\\\/cocemfe-valencia-sigue-desarrollando-durante-el-2023-el-programa-atencion-informacion-y-asesoramiento-social-especializado-en-discapacidad-fisica-y-organica\\\/#primaryimage\"},\"image\":{\"@id\":\"https:\\\/\\\/cocemfevalencia.org\\\/es\\\/cocemfe-valencia-sigue-desarrollando-durante-el-2023-el-programa-atencion-informacion-y-asesoramiento-social-especializado-en-discapacidad-fisica-y-organica\\\/#primaryimage\"},\"thumbnailUrl\":\"https:\\\/\\\/cocemfevalencia.org\\\/wp-content\\\/uploads\\\/2023\\\/07\\\/foto26julio.jpeg\",\"datePublished\":\"2023-07-26T08:00:17+00:00\",\"dateModified\":\"2023-07-26T10:30:35+00:00\",\"breadcrumb\":{\"@id\":\"https:\\\/\\\/cocemfevalencia.org\\\/es\\\/cocemfe-valencia-sigue-desarrollando-durante-el-2023-el-programa-atencion-informacion-y-asesoramiento-social-especializado-en-discapacidad-fisica-y-organica\\\/#breadcrumb\"},\"inLanguage\":\"es\",\"potentialAction\":[{\"@type\":\"ReadAction\",\"target\":[\"https:\\\/\\\/cocemfevalencia.org\\\/es\\\/cocemfe-valencia-sigue-desarrollando-durante-el-2023-el-programa-atencion-informacion-y-asesoramiento-social-especializado-en-discapacidad-fisica-y-organica\\\/\"]}]},{\"@type\":\"ImageObject\",\"inLanguage\":\"es\",\"@id\":\"https:\\\/\\\/cocemfevalencia.org\\\/es\\\/cocemfe-valencia-sigue-desarrollando-durante-el-2023-el-programa-atencion-informacion-y-asesoramiento-social-especializado-en-discapacidad-fisica-y-organica\\\/#primaryimage\",\"url\":\"https:\\\/\\\/cocemfevalencia.org\\\/wp-content\\\/uploads\\\/2023\\\/07\\\/foto26julio.jpeg\",\"contentUrl\":\"https:\\\/\\\/cocemfevalencia.org\\\/wp-content\\\/uploads\\\/2023\\\/07\\\/foto26julio.jpeg\",\"width\":1024,\"height\":768},{\"@type\":\"BreadcrumbList\",\"@id\":\"https:\\\/\\\/cocemfevalencia.org\\\/es\\\/cocemfe-valencia-sigue-desarrollando-durante-el-2023-el-programa-atencion-informacion-y-asesoramiento-social-especializado-en-discapacidad-fisica-y-organica\\\/#breadcrumb\",\"itemListElement\":[{\"@type\":\"ListItem\",\"position\":1,\"name\":\"Portada\",\"item\":\"https:\\\/\\\/cocemfevalencia.org\\\/es\\\/\"},{\"@type\":\"ListItem\",\"position\":2,\"name\":\"COCEMFE Val\u00e8ncia sigue desarrollando durante el 2023 el programa &#8216;Atenci\u00f3n, informaci\u00f3n y asesoramiento social especializado en discapacidad f\u00edsica y org\u00e1nica&#8217;\"}]},{\"@type\":\"WebSite\",\"@id\":\"https:\\\/\\\/cocemfevalencia.org\\\/es\\\/#website\",\"url\":\"https:\\\/\\\/cocemfevalencia.org\\\/es\\\/\",\"name\":\"Cocemfe Valencia\",\"description\":\"FEDERACI\u00d3N DE ASOCIACIONES DE PERSONAS CON DISCAPACIDAD F\u00cdSICA Y ORG\u00c1NICA DE LA PROV\u00cdNCIA DE VALENCIA\",\"publisher\":{\"@id\":\"https:\\\/\\\/cocemfevalencia.org\\\/es\\\/#organization\"},\"potentialAction\":[{\"@type\":\"SearchAction\",\"target\":{\"@type\":\"EntryPoint\",\"urlTemplate\":\"https:\\\/\\\/cocemfevalencia.org\\\/es\\\/?s={search_term_string}\"},\"query-input\":{\"@type\":\"PropertyValueSpecification\",\"valueRequired\":true,\"valueName\":\"search_term_string\"}}],\"inLanguage\":\"es\"},{\"@type\":\"Organization\",\"@id\":\"https:\\\/\\\/cocemfevalencia.org\\\/es\\\/#organization\",\"name\":\"Cocemfe Valencia\",\"url\":\"https:\\\/\\\/cocemfevalencia.org\\\/es\\\/\",\"logo\":{\"@type\":\"ImageObject\",\"inLanguage\":\"es\",\"@id\":\"https:\\\/\\\/cocemfevalencia.org\\\/es\\\/#\\\/schema\\\/logo\\\/image\\\/\",\"url\":\"https:\\\/\\\/cocemfevalencia.org\\\/wp-content\\\/uploads\\\/2023\\\/03\\\/0312-Horizontal-una-linea-larga-rgb-positivo-Tricolor.png\",\"contentUrl\":\"https:\\\/\\\/cocemfevalencia.org\\\/wp-content\\\/uploads\\\/2023\\\/03\\\/0312-Horizontal-una-linea-larga-rgb-positivo-Tricolor.png\",\"width\":2334,\"height\":613,\"caption\":\"Cocemfe Valencia\"},\"image\":{\"@id\":\"https:\\\/\\\/cocemfevalencia.org\\\/es\\\/#\\\/schema\\\/logo\\\/image\\\/\"},\"sameAs\":[\"https:\\\/\\\/www.facebook.com\\\/cocemfe.valencia\",\"https:\\\/\\\/x.com\\\/COCEMFEValencia\"]},{\"@type\":\"Person\",\"@id\":\"https:\\\/\\\/cocemfevalencia.org\\\/es\\\/#\\\/schema\\\/person\\\/84dc42180efe17bdafa0a7a8702d24c8\",\"name\":\"comunicacio\",\"image\":{\"@type\":\"ImageObject\",\"inLanguage\":\"es\",\"@id\":\"https:\\\/\\\/secure.gravatar.com\\\/avatar\\\/cc921e89975f546bc4139f170e59e0d573a099452a8a989eb18e18cda2e7227a?s=96&d=mm&r=g\",\"url\":\"https:\\\/\\\/secure.gravatar.com\\\/avatar\\\/cc921e89975f546bc4139f170e59e0d573a099452a8a989eb18e18cda2e7227a?s=96&d=mm&r=g\",\"contentUrl\":\"https:\\\/\\\/secure.gravatar.com\\\/avatar\\\/cc921e89975f546bc4139f170e59e0d573a099452a8a989eb18e18cda2e7227a?s=96&d=mm&r=g\",\"caption\":\"comunicacio\"}}]}<\/script>\n<!-- \/ Yoast SEO plugin. -->","yoast_head_json":{"title":"COCEMFE Val\u00e8ncia sigue desarrollando durante el 2023 el programa 'Atenci\u00f3n, informaci\u00f3n y asesoramiento social especializado en discapacidad f\u00edsica y org\u00e1nica' - Cocemfe Valencia","robots":{"index":"index","follow":"follow","max-snippet":"max-snippet:-1","max-image-preview":"max-image-preview:large","max-video-preview":"max-video-preview:-1"},"canonical":"https:\/\/cocemfevalencia.org\/es\/cocemfe-valencia-sigue-desarrollando-durante-el-2023-el-programa-atencion-informacion-y-asesoramiento-social-especializado-en-discapacidad-fisica-y-organica\/","og_locale":"es_ES","og_type":"article","og_title":"COCEMFE Val\u00e8ncia sigue desarrollando durante el 2023 el programa 'Atenci\u00f3n, informaci\u00f3n y asesoramiento social especializado en discapacidad f\u00edsica y org\u00e1nica' - Cocemfe Valencia","og_description":"COCEMFE Val\u00e8ncia sigue desarrollando durante el 2023 el programa &#8216;Atenci\u00f3n,\u00a0informaci\u00f3n y asesoramiento social especializado en discapacidad f\u00edsica y org\u00e1nica&#8217;. Un programa\u00a0que act\u00faa como mediador ante la multiplicidad y dispersi\u00f3n de informaci\u00f3n que continuamente se\u00a0generan en temas relacionados con la discapacidad y as\u00ed se desarrolla varias funciones; por un lado la\u00a0funci\u00f3n de recopilaci\u00f3n, sistematizaci\u00f3n y difusi\u00f3n&hellip;&nbsp;Leer m\u00e1s &raquo;COCEMFE Val\u00e8ncia sigue desarrollando durante el 2023 el programa &#8216;Atenci\u00f3n, informaci\u00f3n y asesoramiento social especializado en discapacidad f\u00edsica y org\u00e1nica&#8217;","og_url":"https:\/\/cocemfevalencia.org\/es\/cocemfe-valencia-sigue-desarrollando-durante-el-2023-el-programa-atencion-informacion-y-asesoramiento-social-especializado-en-discapacidad-fisica-y-organica\/","og_site_name":"Cocemfe Valencia","article_publisher":"https:\/\/www.facebook.com\/cocemfe.valencia","article_published_time":"2023-07-26T08:00:17+00:00","article_modified_time":"2023-07-26T10:30:35+00:00","og_image":[{"width":1024,"height":768,"url":"https:\/\/cocemfevalencia.org\/wp-content\/uploads\/2023\/07\/foto26julio.jpeg","type":"image\/jpeg"}],"author":"comunicacio","twitter_card":"summary_large_image","twitter_creator":"@COCEMFEValencia","twitter_site":"@COCEMFEValencia","twitter_misc":{"Escrito por":"comunicacio","Tiempo de lectura":"2 minutos"},"schema":{"@context":"https:\/\/schema.org","@graph":[{"@type":"Article","@id":"https:\/\/cocemfevalencia.org\/es\/cocemfe-valencia-sigue-desarrollando-durante-el-2023-el-programa-atencion-informacion-y-asesoramiento-social-especializado-en-discapacidad-fisica-y-organica\/#article","isPartOf":{"@id":"https:\/\/cocemfevalencia.org\/es\/cocemfe-valencia-sigue-desarrollando-durante-el-2023-el-programa-atencion-informacion-y-asesoramiento-social-especializado-en-discapacidad-fisica-y-organica\/"},"author":{"name":"comunicacio","@id":"https:\/\/cocemfevalencia.org\/es\/#\/schema\/person\/84dc42180efe17bdafa0a7a8702d24c8"},"headline":"COCEMFE Val\u00e8ncia sigue desarrollando durante el 2023 el programa &#8216;Atenci\u00f3n, informaci\u00f3n y asesoramiento social especializado en discapacidad f\u00edsica y org\u00e1nica&#8217;","datePublished":"2023-07-26T08:00:17+00:00","dateModified":"2023-07-26T10:30:35+00:00","mainEntityOfPage":{"@id":"https:\/\/cocemfevalencia.org\/es\/cocemfe-valencia-sigue-desarrollando-durante-el-2023-el-programa-atencion-informacion-y-asesoramiento-social-especializado-en-discapacidad-fisica-y-organica\/"},"wordCount":233,"publisher":{"@id":"https:\/\/cocemfevalencia.org\/es\/#organization"},"image":{"@id":"https:\/\/cocemfevalencia.org\/es\/cocemfe-valencia-sigue-desarrollando-durante-el-2023-el-programa-atencion-informacion-y-asesoramiento-social-especializado-en-discapacidad-fisica-y-organica\/#primaryimage"},"thumbnailUrl":"https:\/\/cocemfevalencia.org\/wp-content\/uploads\/2023\/07\/foto26julio.jpeg","articleSection":["Not\u00edcies","Programas COCEMFE Valencia"],"inLanguage":"es"},{"@type":"WebPage","@id":"https:\/\/cocemfevalencia.org\/es\/cocemfe-valencia-sigue-desarrollando-durante-el-2023-el-programa-atencion-informacion-y-asesoramiento-social-especializado-en-discapacidad-fisica-y-organica\/","url":"https:\/\/cocemfevalencia.org\/es\/cocemfe-valencia-sigue-desarrollando-durante-el-2023-el-programa-atencion-informacion-y-asesoramiento-social-especializado-en-discapacidad-fisica-y-organica\/","name":"COCEMFE Val\u00e8ncia sigue desarrollando durante el 2023 el programa 'Atenci\u00f3n, informaci\u00f3n y asesoramiento social especializado en discapacidad f\u00edsica y org\u00e1nica' - Cocemfe Valencia","isPartOf":{"@id":"https:\/\/cocemfevalencia.org\/es\/#website"},"primaryImageOfPage":{"@id":"https:\/\/cocemfevalencia.org\/es\/cocemfe-valencia-sigue-desarrollando-durante-el-2023-el-programa-atencion-informacion-y-asesoramiento-social-especializado-en-discapacidad-fisica-y-organica\/#primaryimage"},"image":{"@id":"https:\/\/cocemfevalencia.org\/es\/cocemfe-valencia-sigue-desarrollando-durante-el-2023-el-programa-atencion-informacion-y-asesoramiento-social-especializado-en-discapacidad-fisica-y-organica\/#primaryimage"},"thumbnailUrl":"https:\/\/cocemfevalencia.org\/wp-content\/uploads\/2023\/07\/foto26julio.jpeg","datePublished":"2023-07-26T08:00:17+00:00","dateModified":"2023-07-26T10:30:35+00:00","breadcrumb":{"@id":"https:\/\/cocemfevalencia.org\/es\/cocemfe-valencia-sigue-desarrollando-durante-el-2023-el-programa-atencion-informacion-y-asesoramiento-social-especializado-en-discapacidad-fisica-y-organica\/#breadcrumb"},"inLanguage":"es","potentialAction":[{"@type":"ReadAction","target":["https:\/\/cocemfevalencia.org\/es\/cocemfe-valencia-sigue-desarrollando-durante-el-2023-el-programa-atencion-informacion-y-asesoramiento-social-especializado-en-discapacidad-fisica-y-organica\/"]}]},{"@type":"ImageObject","inLanguage":"es","@id":"https:\/\/cocemfevalencia.org\/es\/cocemfe-valencia-sigue-desarrollando-durante-el-2023-el-programa-atencion-informacion-y-asesoramiento-social-especializado-en-discapacidad-fisica-y-organica\/#primaryimage","url":"https:\/\/cocemfevalencia.org\/wp-content\/uploads\/2023\/07\/foto26julio.jpeg","contentUrl":"https:\/\/cocemfevalencia.org\/wp-content\/uploads\/2023\/07\/foto26julio.jpeg","width":1024,"height":768},{"@type":"BreadcrumbList","@id":"https:\/\/cocemfevalencia.org\/es\/cocemfe-valencia-sigue-desarrollando-durante-el-2023-el-programa-atencion-informacion-y-asesoramiento-social-especializado-en-discapacidad-fisica-y-organica\/#breadcrumb","itemListElement":[{"@type":"ListItem","position":1,"name":"Portada","item":"https:\/\/cocemfevalencia.org\/es\/"},{"@type":"ListItem","position":2,"name":"COCEMFE Val\u00e8ncia sigue desarrollando durante el 2023 el programa &#8216;Atenci\u00f3n, informaci\u00f3n y asesoramiento social especializado en discapacidad f\u00edsica y org\u00e1nica&#8217;"}]},{"@type":"WebSite","@id":"https:\/\/cocemfevalencia.org\/es\/#website","url":"https:\/\/cocemfevalencia.org\/es\/","name":"Cocemfe Valencia","description":"FEDERACI\u00d3N DE ASOCIACIONES DE PERSONAS CON DISCAPACIDAD F\u00cdSICA Y ORG\u00c1NICA DE LA PROV\u00cdNCIA DE VALENCIA","publisher":{"@id":"https:\/\/cocemfevalencia.org\/es\/#organization"},"potentialAction":[{"@type":"SearchAction","target":{"@type":"EntryPoint","urlTemplate":"https:\/\/cocemfevalencia.org\/es\/?s={search_term_string}"},"query-input":{"@type":"PropertyValueSpecification","valueRequired":true,"valueName":"search_term_string"}}],"inLanguage":"es"},{"@type":"Organization","@id":"https:\/\/cocemfevalencia.org\/es\/#organization","name":"Cocemfe Valencia","url":"https:\/\/cocemfevalencia.org\/es\/","logo":{"@type":"ImageObject","inLanguage":"es","@id":"https:\/\/cocemfevalencia.org\/es\/#\/schema\/logo\/image\/","url":"https:\/\/cocemfevalencia.org\/wp-content\/uploads\/2023\/03\/0312-Horizontal-una-linea-larga-rgb-positivo-Tricolor.png","contentUrl":"https:\/\/cocemfevalencia.org\/wp-content\/uploads\/2023\/03\/0312-Horizontal-una-linea-larga-rgb-positivo-Tricolor.png","width":2334,"height":613,"caption":"Cocemfe Valencia"},"image":{"@id":"https:\/\/cocemfevalencia.org\/es\/#\/schema\/logo\/image\/"},"sameAs":["https:\/\/www.facebook.com\/cocemfe.valencia","https:\/\/x.com\/COCEMFEValencia"]},{"@type":"Person","@id":"https:\/\/cocemfevalencia.org\/es\/#\/schema\/person\/84dc42180efe17bdafa0a7a8702d24c8","name":"comunicacio","image":{"@type":"ImageObject","inLanguage":"es","@id":"https:\/\/secure.gravatar.com\/avatar\/cc921e89975f546bc4139f170e59e0d573a099452a8a989eb18e18cda2e7227a?s=96&d=mm&r=g","url":"https:\/\/secure.gravatar.com\/avatar\/cc921e89975f546bc4139f170e59e0d573a099452a8a989eb18e18cda2e7227a?s=96&d=mm&r=g","contentUrl":"https:\/\/secure.gravatar.com\/avatar\/cc921e89975f546bc4139f170e59e0d573a099452a8a989eb18e18cda2e7227a?s=96&d=mm&r=g","caption":"comunicacio"}}]}},"_links":{"self":[{"href":"https:\/\/cocemfevalencia.org\/es\/wp-json\/wp\/v2\/posts\/11865","targetHints":{"allow":["GET"]}}],"collection":[{"href":"https:\/\/cocemfevalencia.org\/es\/wp-json\/wp\/v2\/posts"}],"about":[{"href":"https:\/\/cocemfevalencia.org\/es\/wp-json\/wp\/v2\/types\/post"}],"author":[{"embeddable":true,"href":"https:\/\/cocemfevalencia.org\/es\/wp-json\/wp\/v2\/users\/5"}],"replies":[{"embeddable":true,"href":"https:\/\/cocemfevalencia.org\/es\/wp-json\/wp\/v2\/comments?post=11865"}],"version-history":[{"count":2,"href":"https:\/\/cocemfevalencia.org\/es\/wp-json\/wp\/v2\/posts\/11865\/revisions"}],"predecessor-version":[{"id":11900,"href":"https:\/\/cocemfevalencia.org\/es\/wp-json\/wp\/v2\/posts\/11865\/revisions\/11900"}],"wp:featuredmedia":[{"embeddable":true,"href":"https:\/\/cocemfevalencia.org\/es\/wp-json\/wp\/v2\/media\/11863"}],"wp:attachment":[{"href":"https:\/\/cocemfevalencia.org\/es\/wp-json\/wp\/v2\/media?parent=11865"}],"wp:term":[{"taxonomy":"category","embeddable":true,"href":"https:\/\/cocemfevalencia.org\/es\/wp-json\/wp\/v2\/categories?post=11865"},{"taxonomy":"post_tag","embeddable":true,"href":"https:\/\/cocemfevalencia.org\/es\/wp-json\/wp\/v2\/tags?post=11865"}],"curies":[{"name":"wp","href":"https:\/\/api.w.org\/{rel}","templated":true}]}}