{"id":11928,"date":"2023-09-05T10:38:24","date_gmt":"2023-09-05T08:38:24","guid":{"rendered":"https:\/\/cocemfevalencia.org\/?p=11928"},"modified":"2023-09-05T10:42:25","modified_gmt":"2023-09-05T08:42:25","slug":"cocemfe-valencia-ha-desarrollado-el-proyecto-fomento-de-la-autonomia-personal-para-personas-con-gran-discapacidad-fisica","status":"publish","type":"post","link":"https:\/\/cocemfevalencia.org\/es\/cocemfe-valencia-ha-desarrollado-el-proyecto-fomento-de-la-autonomia-personal-para-personas-con-gran-discapacidad-fisica\/","title":{"rendered":"COCEMFE Val\u00e8ncia ha desarrollado el proyecto &#8216;Fomento de la Autonom\u00eda Personal para personas con gran discapacidad f\u00edsica&#8217;"},"content":{"rendered":"<p><span style=\"font-weight: 400;\"><a href=\"https:\/\/cocemfevalencia.org\/es\/\"><strong>COCEMFE Valencia<\/strong><\/a> ha desarrollado el proyecto<strong>\u00a0&#8216;Fomento de la Autonom\u00eda Personal para personas con gran discapacidad f\u00edsica&#8217;<\/strong>, con el que se ha atendido a <strong>50 personas<\/strong> con gran discapacidad, facilit\u00e1ndoles servicios integrados que se han ido articulando individualmente, ofreciendo a las personas, la posibilidad de realizar de forma independiente aquellas actividades para las que requer\u00edan de apoyo para que<strong> tuvieran una mayor autonom\u00eda y una mejora en la calidad de vida<\/strong>. <\/span><\/p>\n<p><span style=\"font-weight: 400;\">En el proyecto se han prestado servicios profesionales tales como; a<strong>tenci\u00f3n social, apoyo en actividades b\u00e1sicas, avanzadas e instrumentales de la vida diaria, apoyo psicol\u00f3gico individual y grupal y terapia ocupacional<\/strong>.<\/span><\/p>\n<p><span style=\"font-weight: 400;\">Este proyecto se ha ejecutado gracias a la<strong> subvenci\u00f3n de 30.000<\/strong> euros procedente de la Convocatoria Comunitat Valenciana 2022 de la <a href=\"https:\/\/fundacionlacaixa.org\/es\/atencion-integral-personas-enfermedades-avanzadas-cuidadores\">Fundaci\u00f3n \u201claCaixa\u201d<\/a>, y a otras subvenciones p\u00fablicas y privadas.<\/span><\/p>\n<p>&nbsp;<\/p>\n<p style=\"text-align: center;\">Con la colaboraci\u00f3n de:<\/p>\n<p><img decoding=\"async\" class=\"size-medium wp-image-11931 aligncenter\" src=\"https:\/\/cocemfevalencia.org\/wp-content\/uploads\/2023\/09\/logo-fundacio-la-Caixa-300x72.jpg\" alt=\"\" width=\"300\" height=\"72\" srcset=\"https:\/\/cocemfevalencia.org\/wp-content\/uploads\/2023\/09\/logo-fundacio-la-Caixa-300x72.jpg 300w, https:\/\/cocemfevalencia.org\/wp-content\/uploads\/2023\/09\/logo-fundacio-la-Caixa.jpg 459w\" sizes=\"(max-width: 300px) 100vw, 300px\" \/><\/p>\n<p>&nbsp;<\/p>\n<p>Visitas: 8<\/p>","protected":false},"excerpt":{"rendered":"<p>COCEMFE Valencia ha desarrollado el proyecto\u00a0&#8216;Fomento de la Autonom\u00eda Personal para personas con gran discapacidad f\u00edsica&#8217;, con el que se ha atendido a 50 personas con gran discapacidad, facilit\u00e1ndoles servicios integrados que se han ido articulando individualmente, ofreciendo a las personas, la posibilidad de realizar de forma independiente aquellas actividades para las que requer\u00edan de&hellip;&nbsp;<a href=\"https:\/\/cocemfevalencia.org\/es\/cocemfe-valencia-ha-desarrollado-el-proyecto-fomento-de-la-autonomia-personal-para-personas-con-gran-discapacidad-fisica\/\" rel=\"bookmark\">Leer m\u00e1s &raquo;<span class=\"screen-reader-text\">COCEMFE Val\u00e8ncia ha desarrollado el proyecto &#8216;Fomento de la Autonom\u00eda Personal para personas con gran discapacidad f\u00edsica&#8217;<\/span><\/a><\/p>\n","protected":false},"author":5,"featured_media":11929,"comment_status":"closed","ping_status":"closed","sticky":false,"template":"","format":"standard","meta":{"rop_custom_images_group":[],"rop_custom_messages_group":[],"rop_publish_now":"initial","rop_publish_now_accounts":[],"rop_publish_now_history":[],"rop_publish_now_status":"pending","neve_meta_sidebar":"","neve_meta_container":"","neve_meta_enable_content_width":"off","neve_meta_content_width":70,"neve_meta_title_alignment":"","neve_meta_author_avatar":"","neve_post_elements_order":"","neve_meta_disable_header":"","neve_meta_disable_footer":"","neve_meta_disable_title":"","footnotes":""},"categories":[5],"tags":[84,346,79],"class_list":["post-11928","post","type-post","status-publish","format-standard","has-post-thumbnail","hentry","category-noticias","tag-autonomia-personal","tag-fundacio-la-xaica","tag-proyectos"],"yoast_head":"<!-- This site is optimized with the Yoast SEO plugin v27.3 - https:\/\/yoast.com\/product\/yoast-seo-wordpress\/ -->\n<title>COCEMFE Val\u00e8ncia ha desarrollado el proyecto &#039;Fomento de la Autonom\u00eda Personal para personas con gran discapacidad f\u00edsica&#039; - Cocemfe Valencia<\/title>\n<meta name=\"robots\" content=\"index, follow, max-snippet:-1, max-image-preview:large, max-video-preview:-1\" \/>\n<link rel=\"canonical\" href=\"https:\/\/cocemfevalencia.org\/es\/cocemfe-valencia-ha-desarrollado-el-proyecto-fomento-de-la-autonomia-personal-para-personas-con-gran-discapacidad-fisica\/\" \/>\n<meta property=\"og:locale\" content=\"es_ES\" \/>\n<meta property=\"og:type\" content=\"article\" \/>\n<meta property=\"og:title\" content=\"COCEMFE Val\u00e8ncia ha desarrollado el proyecto &#039;Fomento de la Autonom\u00eda Personal para personas con gran discapacidad f\u00edsica&#039; - Cocemfe Valencia\" \/>\n<meta property=\"og:description\" content=\"COCEMFE Valencia ha desarrollado el proyecto\u00a0&#8216;Fomento de la Autonom\u00eda Personal para personas con gran discapacidad f\u00edsica&#8217;, con el que se ha atendido a 50 personas con gran discapacidad, facilit\u00e1ndoles servicios integrados que se han ido articulando individualmente, ofreciendo a las personas, la posibilidad de realizar de forma independiente aquellas actividades para las que requer\u00edan de&hellip;&nbsp;Leer m\u00e1s &raquo;COCEMFE Val\u00e8ncia ha desarrollado el proyecto &#8216;Fomento de la Autonom\u00eda Personal para personas con gran discapacidad f\u00edsica&#8217;\" \/>\n<meta property=\"og:url\" content=\"https:\/\/cocemfevalencia.org\/es\/cocemfe-valencia-ha-desarrollado-el-proyecto-fomento-de-la-autonomia-personal-para-personas-con-gran-discapacidad-fisica\/\" \/>\n<meta property=\"og:site_name\" content=\"Cocemfe Valencia\" \/>\n<meta property=\"article:publisher\" content=\"https:\/\/www.facebook.com\/cocemfe.valencia\" \/>\n<meta property=\"article:published_time\" content=\"2023-09-05T08:38:24+00:00\" \/>\n<meta property=\"article:modified_time\" content=\"2023-09-05T08:42:25+00:00\" \/>\n<meta property=\"og:image\" content=\"https:\/\/cocemfevalencia.org\/wp-content\/uploads\/2023\/09\/FOTO-NOTICIA-FINAL-scaled.jpg\" \/>\n\t<meta property=\"og:image:width\" content=\"2560\" \/>\n\t<meta property=\"og:image:height\" content=\"1920\" \/>\n\t<meta property=\"og:image:type\" content=\"image\/jpeg\" \/>\n<meta name=\"author\" content=\"comunicacio\" \/>\n<meta name=\"twitter:card\" content=\"summary_large_image\" \/>\n<meta name=\"twitter:creator\" content=\"@COCEMFEValencia\" \/>\n<meta name=\"twitter:site\" content=\"@COCEMFEValencia\" \/>\n<meta name=\"twitter:label1\" content=\"Escrito por\" \/>\n\t<meta name=\"twitter:data1\" content=\"comunicacio\" \/>\n\t<meta name=\"twitter:label2\" content=\"Tiempo de lectura\" \/>\n\t<meta name=\"twitter:data2\" content=\"1 minuto\" \/>\n<script type=\"application\/ld+json\" class=\"yoast-schema-graph\">{\"@context\":\"https:\\\/\\\/schema.org\",\"@graph\":[{\"@type\":\"Article\",\"@id\":\"https:\\\/\\\/cocemfevalencia.org\\\/es\\\/cocemfe-valencia-ha-desarrollado-el-proyecto-fomento-de-la-autonomia-personal-para-personas-con-gran-discapacidad-fisica\\\/#article\",\"isPartOf\":{\"@id\":\"https:\\\/\\\/cocemfevalencia.org\\\/es\\\/cocemfe-valencia-ha-desarrollado-el-proyecto-fomento-de-la-autonomia-personal-para-personas-con-gran-discapacidad-fisica\\\/\"},\"author\":{\"name\":\"comunicacio\",\"@id\":\"https:\\\/\\\/cocemfevalencia.org\\\/es\\\/#\\\/schema\\\/person\\\/84dc42180efe17bdafa0a7a8702d24c8\"},\"headline\":\"COCEMFE Val\u00e8ncia ha desarrollado el proyecto &#8216;Fomento de la Autonom\u00eda Personal para personas con gran discapacidad f\u00edsica&#8217;\",\"datePublished\":\"2023-09-05T08:38:24+00:00\",\"dateModified\":\"2023-09-05T08:42:25+00:00\",\"mainEntityOfPage\":{\"@id\":\"https:\\\/\\\/cocemfevalencia.org\\\/es\\\/cocemfe-valencia-ha-desarrollado-el-proyecto-fomento-de-la-autonomia-personal-para-personas-con-gran-discapacidad-fisica\\\/\"},\"wordCount\":167,\"publisher\":{\"@id\":\"https:\\\/\\\/cocemfevalencia.org\\\/es\\\/#organization\"},\"image\":{\"@id\":\"https:\\\/\\\/cocemfevalencia.org\\\/es\\\/cocemfe-valencia-ha-desarrollado-el-proyecto-fomento-de-la-autonomia-personal-para-personas-con-gran-discapacidad-fisica\\\/#primaryimage\"},\"thumbnailUrl\":\"https:\\\/\\\/cocemfevalencia.org\\\/wp-content\\\/uploads\\\/2023\\\/09\\\/FOTO-NOTICIA-FINAL-scaled.jpg\",\"keywords\":[\"Autonom\u00eda Personal\",\"Fundaci\u00f3 La Xaica\",\"Proyectos\"],\"articleSection\":[\"Not\u00edcies\"],\"inLanguage\":\"es\"},{\"@type\":\"WebPage\",\"@id\":\"https:\\\/\\\/cocemfevalencia.org\\\/es\\\/cocemfe-valencia-ha-desarrollado-el-proyecto-fomento-de-la-autonomia-personal-para-personas-con-gran-discapacidad-fisica\\\/\",\"url\":\"https:\\\/\\\/cocemfevalencia.org\\\/es\\\/cocemfe-valencia-ha-desarrollado-el-proyecto-fomento-de-la-autonomia-personal-para-personas-con-gran-discapacidad-fisica\\\/\",\"name\":\"COCEMFE Val\u00e8ncia ha desarrollado el proyecto 'Fomento de la Autonom\u00eda Personal para personas con gran discapacidad f\u00edsica' - Cocemfe Valencia\",\"isPartOf\":{\"@id\":\"https:\\\/\\\/cocemfevalencia.org\\\/es\\\/#website\"},\"primaryImageOfPage\":{\"@id\":\"https:\\\/\\\/cocemfevalencia.org\\\/es\\\/cocemfe-valencia-ha-desarrollado-el-proyecto-fomento-de-la-autonomia-personal-para-personas-con-gran-discapacidad-fisica\\\/#primaryimage\"},\"image\":{\"@id\":\"https:\\\/\\\/cocemfevalencia.org\\\/es\\\/cocemfe-valencia-ha-desarrollado-el-proyecto-fomento-de-la-autonomia-personal-para-personas-con-gran-discapacidad-fisica\\\/#primaryimage\"},\"thumbnailUrl\":\"https:\\\/\\\/cocemfevalencia.org\\\/wp-content\\\/uploads\\\/2023\\\/09\\\/FOTO-NOTICIA-FINAL-scaled.jpg\",\"datePublished\":\"2023-09-05T08:38:24+00:00\",\"dateModified\":\"2023-09-05T08:42:25+00:00\",\"breadcrumb\":{\"@id\":\"https:\\\/\\\/cocemfevalencia.org\\\/es\\\/cocemfe-valencia-ha-desarrollado-el-proyecto-fomento-de-la-autonomia-personal-para-personas-con-gran-discapacidad-fisica\\\/#breadcrumb\"},\"inLanguage\":\"es\",\"potentialAction\":[{\"@type\":\"ReadAction\",\"target\":[\"https:\\\/\\\/cocemfevalencia.org\\\/es\\\/cocemfe-valencia-ha-desarrollado-el-proyecto-fomento-de-la-autonomia-personal-para-personas-con-gran-discapacidad-fisica\\\/\"]}]},{\"@type\":\"ImageObject\",\"inLanguage\":\"es\",\"@id\":\"https:\\\/\\\/cocemfevalencia.org\\\/es\\\/cocemfe-valencia-ha-desarrollado-el-proyecto-fomento-de-la-autonomia-personal-para-personas-con-gran-discapacidad-fisica\\\/#primaryimage\",\"url\":\"https:\\\/\\\/cocemfevalencia.org\\\/wp-content\\\/uploads\\\/2023\\\/09\\\/FOTO-NOTICIA-FINAL-scaled.jpg\",\"contentUrl\":\"https:\\\/\\\/cocemfevalencia.org\\\/wp-content\\\/uploads\\\/2023\\\/09\\\/FOTO-NOTICIA-FINAL-scaled.jpg\",\"width\":2560,\"height\":1920},{\"@type\":\"BreadcrumbList\",\"@id\":\"https:\\\/\\\/cocemfevalencia.org\\\/es\\\/cocemfe-valencia-ha-desarrollado-el-proyecto-fomento-de-la-autonomia-personal-para-personas-con-gran-discapacidad-fisica\\\/#breadcrumb\",\"itemListElement\":[{\"@type\":\"ListItem\",\"position\":1,\"name\":\"Portada\",\"item\":\"https:\\\/\\\/cocemfevalencia.org\\\/es\\\/\"},{\"@type\":\"ListItem\",\"position\":2,\"name\":\"COCEMFE Val\u00e8ncia ha desarrollado el proyecto &#8216;Fomento de la Autonom\u00eda Personal para personas con gran discapacidad f\u00edsica&#8217;\"}]},{\"@type\":\"WebSite\",\"@id\":\"https:\\\/\\\/cocemfevalencia.org\\\/es\\\/#website\",\"url\":\"https:\\\/\\\/cocemfevalencia.org\\\/es\\\/\",\"name\":\"Cocemfe Valencia\",\"description\":\"FEDERACI\u00d3N DE ASOCIACIONES DE PERSONAS CON DISCAPACIDAD F\u00cdSICA Y ORG\u00c1NICA DE LA PROV\u00cdNCIA DE VALENCIA\",\"publisher\":{\"@id\":\"https:\\\/\\\/cocemfevalencia.org\\\/es\\\/#organization\"},\"potentialAction\":[{\"@type\":\"SearchAction\",\"target\":{\"@type\":\"EntryPoint\",\"urlTemplate\":\"https:\\\/\\\/cocemfevalencia.org\\\/es\\\/?s={search_term_string}\"},\"query-input\":{\"@type\":\"PropertyValueSpecification\",\"valueRequired\":true,\"valueName\":\"search_term_string\"}}],\"inLanguage\":\"es\"},{\"@type\":\"Organization\",\"@id\":\"https:\\\/\\\/cocemfevalencia.org\\\/es\\\/#organization\",\"name\":\"Cocemfe Valencia\",\"url\":\"https:\\\/\\\/cocemfevalencia.org\\\/es\\\/\",\"logo\":{\"@type\":\"ImageObject\",\"inLanguage\":\"es\",\"@id\":\"https:\\\/\\\/cocemfevalencia.org\\\/es\\\/#\\\/schema\\\/logo\\\/image\\\/\",\"url\":\"https:\\\/\\\/cocemfevalencia.org\\\/wp-content\\\/uploads\\\/2023\\\/03\\\/0312-Horizontal-una-linea-larga-rgb-positivo-Tricolor.png\",\"contentUrl\":\"https:\\\/\\\/cocemfevalencia.org\\\/wp-content\\\/uploads\\\/2023\\\/03\\\/0312-Horizontal-una-linea-larga-rgb-positivo-Tricolor.png\",\"width\":2334,\"height\":613,\"caption\":\"Cocemfe Valencia\"},\"image\":{\"@id\":\"https:\\\/\\\/cocemfevalencia.org\\\/es\\\/#\\\/schema\\\/logo\\\/image\\\/\"},\"sameAs\":[\"https:\\\/\\\/www.facebook.com\\\/cocemfe.valencia\",\"https:\\\/\\\/x.com\\\/COCEMFEValencia\"]},{\"@type\":\"Person\",\"@id\":\"https:\\\/\\\/cocemfevalencia.org\\\/es\\\/#\\\/schema\\\/person\\\/84dc42180efe17bdafa0a7a8702d24c8\",\"name\":\"comunicacio\",\"image\":{\"@type\":\"ImageObject\",\"inLanguage\":\"es\",\"@id\":\"https:\\\/\\\/secure.gravatar.com\\\/avatar\\\/cc921e89975f546bc4139f170e59e0d573a099452a8a989eb18e18cda2e7227a?s=96&d=mm&r=g\",\"url\":\"https:\\\/\\\/secure.gravatar.com\\\/avatar\\\/cc921e89975f546bc4139f170e59e0d573a099452a8a989eb18e18cda2e7227a?s=96&d=mm&r=g\",\"contentUrl\":\"https:\\\/\\\/secure.gravatar.com\\\/avatar\\\/cc921e89975f546bc4139f170e59e0d573a099452a8a989eb18e18cda2e7227a?s=96&d=mm&r=g\",\"caption\":\"comunicacio\"}}]}<\/script>\n<!-- \/ Yoast SEO plugin. -->","yoast_head_json":{"title":"COCEMFE Val\u00e8ncia ha desarrollado el proyecto 'Fomento de la Autonom\u00eda Personal para personas con gran discapacidad f\u00edsica' - Cocemfe Valencia","robots":{"index":"index","follow":"follow","max-snippet":"max-snippet:-1","max-image-preview":"max-image-preview:large","max-video-preview":"max-video-preview:-1"},"canonical":"https:\/\/cocemfevalencia.org\/es\/cocemfe-valencia-ha-desarrollado-el-proyecto-fomento-de-la-autonomia-personal-para-personas-con-gran-discapacidad-fisica\/","og_locale":"es_ES","og_type":"article","og_title":"COCEMFE Val\u00e8ncia ha desarrollado el proyecto 'Fomento de la Autonom\u00eda Personal para personas con gran discapacidad f\u00edsica' - Cocemfe Valencia","og_description":"COCEMFE Valencia ha desarrollado el proyecto\u00a0&#8216;Fomento de la Autonom\u00eda Personal para personas con gran discapacidad f\u00edsica&#8217;, con el que se ha atendido a 50 personas con gran discapacidad, facilit\u00e1ndoles servicios integrados que se han ido articulando individualmente, ofreciendo a las personas, la posibilidad de realizar de forma independiente aquellas actividades para las que requer\u00edan de&hellip;&nbsp;Leer m\u00e1s &raquo;COCEMFE Val\u00e8ncia ha desarrollado el proyecto &#8216;Fomento de la Autonom\u00eda Personal para personas con gran discapacidad f\u00edsica&#8217;","og_url":"https:\/\/cocemfevalencia.org\/es\/cocemfe-valencia-ha-desarrollado-el-proyecto-fomento-de-la-autonomia-personal-para-personas-con-gran-discapacidad-fisica\/","og_site_name":"Cocemfe Valencia","article_publisher":"https:\/\/www.facebook.com\/cocemfe.valencia","article_published_time":"2023-09-05T08:38:24+00:00","article_modified_time":"2023-09-05T08:42:25+00:00","og_image":[{"width":2560,"height":1920,"url":"https:\/\/cocemfevalencia.org\/wp-content\/uploads\/2023\/09\/FOTO-NOTICIA-FINAL-scaled.jpg","type":"image\/jpeg"}],"author":"comunicacio","twitter_card":"summary_large_image","twitter_creator":"@COCEMFEValencia","twitter_site":"@COCEMFEValencia","twitter_misc":{"Escrito por":"comunicacio","Tiempo de lectura":"1 minuto"},"schema":{"@context":"https:\/\/schema.org","@graph":[{"@type":"Article","@id":"https:\/\/cocemfevalencia.org\/es\/cocemfe-valencia-ha-desarrollado-el-proyecto-fomento-de-la-autonomia-personal-para-personas-con-gran-discapacidad-fisica\/#article","isPartOf":{"@id":"https:\/\/cocemfevalencia.org\/es\/cocemfe-valencia-ha-desarrollado-el-proyecto-fomento-de-la-autonomia-personal-para-personas-con-gran-discapacidad-fisica\/"},"author":{"name":"comunicacio","@id":"https:\/\/cocemfevalencia.org\/es\/#\/schema\/person\/84dc42180efe17bdafa0a7a8702d24c8"},"headline":"COCEMFE Val\u00e8ncia ha desarrollado el proyecto &#8216;Fomento de la Autonom\u00eda Personal para personas con gran discapacidad f\u00edsica&#8217;","datePublished":"2023-09-05T08:38:24+00:00","dateModified":"2023-09-05T08:42:25+00:00","mainEntityOfPage":{"@id":"https:\/\/cocemfevalencia.org\/es\/cocemfe-valencia-ha-desarrollado-el-proyecto-fomento-de-la-autonomia-personal-para-personas-con-gran-discapacidad-fisica\/"},"wordCount":167,"publisher":{"@id":"https:\/\/cocemfevalencia.org\/es\/#organization"},"image":{"@id":"https:\/\/cocemfevalencia.org\/es\/cocemfe-valencia-ha-desarrollado-el-proyecto-fomento-de-la-autonomia-personal-para-personas-con-gran-discapacidad-fisica\/#primaryimage"},"thumbnailUrl":"https:\/\/cocemfevalencia.org\/wp-content\/uploads\/2023\/09\/FOTO-NOTICIA-FINAL-scaled.jpg","keywords":["Autonom\u00eda Personal","Fundaci\u00f3 La Xaica","Proyectos"],"articleSection":["Not\u00edcies"],"inLanguage":"es"},{"@type":"WebPage","@id":"https:\/\/cocemfevalencia.org\/es\/cocemfe-valencia-ha-desarrollado-el-proyecto-fomento-de-la-autonomia-personal-para-personas-con-gran-discapacidad-fisica\/","url":"https:\/\/cocemfevalencia.org\/es\/cocemfe-valencia-ha-desarrollado-el-proyecto-fomento-de-la-autonomia-personal-para-personas-con-gran-discapacidad-fisica\/","name":"COCEMFE Val\u00e8ncia ha desarrollado el proyecto 'Fomento de la Autonom\u00eda Personal para personas con gran discapacidad f\u00edsica' - Cocemfe Valencia","isPartOf":{"@id":"https:\/\/cocemfevalencia.org\/es\/#website"},"primaryImageOfPage":{"@id":"https:\/\/cocemfevalencia.org\/es\/cocemfe-valencia-ha-desarrollado-el-proyecto-fomento-de-la-autonomia-personal-para-personas-con-gran-discapacidad-fisica\/#primaryimage"},"image":{"@id":"https:\/\/cocemfevalencia.org\/es\/cocemfe-valencia-ha-desarrollado-el-proyecto-fomento-de-la-autonomia-personal-para-personas-con-gran-discapacidad-fisica\/#primaryimage"},"thumbnailUrl":"https:\/\/cocemfevalencia.org\/wp-content\/uploads\/2023\/09\/FOTO-NOTICIA-FINAL-scaled.jpg","datePublished":"2023-09-05T08:38:24+00:00","dateModified":"2023-09-05T08:42:25+00:00","breadcrumb":{"@id":"https:\/\/cocemfevalencia.org\/es\/cocemfe-valencia-ha-desarrollado-el-proyecto-fomento-de-la-autonomia-personal-para-personas-con-gran-discapacidad-fisica\/#breadcrumb"},"inLanguage":"es","potentialAction":[{"@type":"ReadAction","target":["https:\/\/cocemfevalencia.org\/es\/cocemfe-valencia-ha-desarrollado-el-proyecto-fomento-de-la-autonomia-personal-para-personas-con-gran-discapacidad-fisica\/"]}]},{"@type":"ImageObject","inLanguage":"es","@id":"https:\/\/cocemfevalencia.org\/es\/cocemfe-valencia-ha-desarrollado-el-proyecto-fomento-de-la-autonomia-personal-para-personas-con-gran-discapacidad-fisica\/#primaryimage","url":"https:\/\/cocemfevalencia.org\/wp-content\/uploads\/2023\/09\/FOTO-NOTICIA-FINAL-scaled.jpg","contentUrl":"https:\/\/cocemfevalencia.org\/wp-content\/uploads\/2023\/09\/FOTO-NOTICIA-FINAL-scaled.jpg","width":2560,"height":1920},{"@type":"BreadcrumbList","@id":"https:\/\/cocemfevalencia.org\/es\/cocemfe-valencia-ha-desarrollado-el-proyecto-fomento-de-la-autonomia-personal-para-personas-con-gran-discapacidad-fisica\/#breadcrumb","itemListElement":[{"@type":"ListItem","position":1,"name":"Portada","item":"https:\/\/cocemfevalencia.org\/es\/"},{"@type":"ListItem","position":2,"name":"COCEMFE Val\u00e8ncia ha desarrollado el proyecto &#8216;Fomento de la Autonom\u00eda Personal para personas con gran discapacidad f\u00edsica&#8217;"}]},{"@type":"WebSite","@id":"https:\/\/cocemfevalencia.org\/es\/#website","url":"https:\/\/cocemfevalencia.org\/es\/","name":"Cocemfe Valencia","description":"FEDERACI\u00d3N DE ASOCIACIONES DE PERSONAS CON DISCAPACIDAD F\u00cdSICA Y ORG\u00c1NICA DE LA PROV\u00cdNCIA DE VALENCIA","publisher":{"@id":"https:\/\/cocemfevalencia.org\/es\/#organization"},"potentialAction":[{"@type":"SearchAction","target":{"@type":"EntryPoint","urlTemplate":"https:\/\/cocemfevalencia.org\/es\/?s={search_term_string}"},"query-input":{"@type":"PropertyValueSpecification","valueRequired":true,"valueName":"search_term_string"}}],"inLanguage":"es"},{"@type":"Organization","@id":"https:\/\/cocemfevalencia.org\/es\/#organization","name":"Cocemfe Valencia","url":"https:\/\/cocemfevalencia.org\/es\/","logo":{"@type":"ImageObject","inLanguage":"es","@id":"https:\/\/cocemfevalencia.org\/es\/#\/schema\/logo\/image\/","url":"https:\/\/cocemfevalencia.org\/wp-content\/uploads\/2023\/03\/0312-Horizontal-una-linea-larga-rgb-positivo-Tricolor.png","contentUrl":"https:\/\/cocemfevalencia.org\/wp-content\/uploads\/2023\/03\/0312-Horizontal-una-linea-larga-rgb-positivo-Tricolor.png","width":2334,"height":613,"caption":"Cocemfe Valencia"},"image":{"@id":"https:\/\/cocemfevalencia.org\/es\/#\/schema\/logo\/image\/"},"sameAs":["https:\/\/www.facebook.com\/cocemfe.valencia","https:\/\/x.com\/COCEMFEValencia"]},{"@type":"Person","@id":"https:\/\/cocemfevalencia.org\/es\/#\/schema\/person\/84dc42180efe17bdafa0a7a8702d24c8","name":"comunicacio","image":{"@type":"ImageObject","inLanguage":"es","@id":"https:\/\/secure.gravatar.com\/avatar\/cc921e89975f546bc4139f170e59e0d573a099452a8a989eb18e18cda2e7227a?s=96&d=mm&r=g","url":"https:\/\/secure.gravatar.com\/avatar\/cc921e89975f546bc4139f170e59e0d573a099452a8a989eb18e18cda2e7227a?s=96&d=mm&r=g","contentUrl":"https:\/\/secure.gravatar.com\/avatar\/cc921e89975f546bc4139f170e59e0d573a099452a8a989eb18e18cda2e7227a?s=96&d=mm&r=g","caption":"comunicacio"}}]}},"_links":{"self":[{"href":"https:\/\/cocemfevalencia.org\/es\/wp-json\/wp\/v2\/posts\/11928","targetHints":{"allow":["GET"]}}],"collection":[{"href":"https:\/\/cocemfevalencia.org\/es\/wp-json\/wp\/v2\/posts"}],"about":[{"href":"https:\/\/cocemfevalencia.org\/es\/wp-json\/wp\/v2\/types\/post"}],"author":[{"embeddable":true,"href":"https:\/\/cocemfevalencia.org\/es\/wp-json\/wp\/v2\/users\/5"}],"replies":[{"embeddable":true,"href":"https:\/\/cocemfevalencia.org\/es\/wp-json\/wp\/v2\/comments?post=11928"}],"version-history":[{"count":5,"href":"https:\/\/cocemfevalencia.org\/es\/wp-json\/wp\/v2\/posts\/11928\/revisions"}],"predecessor-version":[{"id":11938,"href":"https:\/\/cocemfevalencia.org\/es\/wp-json\/wp\/v2\/posts\/11928\/revisions\/11938"}],"wp:featuredmedia":[{"embeddable":true,"href":"https:\/\/cocemfevalencia.org\/es\/wp-json\/wp\/v2\/media\/11929"}],"wp:attachment":[{"href":"https:\/\/cocemfevalencia.org\/es\/wp-json\/wp\/v2\/media?parent=11928"}],"wp:term":[{"taxonomy":"category","embeddable":true,"href":"https:\/\/cocemfevalencia.org\/es\/wp-json\/wp\/v2\/categories?post=11928"},{"taxonomy":"post_tag","embeddable":true,"href":"https:\/\/cocemfevalencia.org\/es\/wp-json\/wp\/v2\/tags?post=11928"}],"curies":[{"name":"wp","href":"https:\/\/api.w.org\/{rel}","templated":true}]}}