{"id":12480,"date":"2023-09-21T14:46:31","date_gmt":"2023-09-21T12:46:31","guid":{"rendered":"https:\/\/cocemfevalencia.org\/?p=12480"},"modified":"2023-09-21T14:55:39","modified_gmt":"2023-09-21T12:55:39","slug":"itinerarios-de-insercion-laboral-para-mujeres-con-discapacidad-presenta-su-semana-de-talleres-grupales","status":"publish","type":"post","link":"https:\/\/cocemfevalencia.org\/es\/itinerarios-de-insercion-laboral-para-mujeres-con-discapacidad-presenta-su-semana-de-talleres-grupales\/","title":{"rendered":"\u2018Itinerarios de inserci\u00f3n laboral para mujeres\u00a0con discapacidad\u2019, presenta su semana de Talleres Grupales"},"content":{"rendered":"<p><strong>COCEMFE Val\u00e8ncia\u00a0<\/strong>presenta su semana de talleres grupales dirigido\u00a0a las mujeres participantes del <strong>programa de itinerarios de inserci\u00f3n\u00a0laboral, que tendr\u00e1n lugar del lunes 25, al viernes 29 de septiembre.<\/strong><\/p>\n<p>El objetivo de los talleres es<strong> practicar los conocimientos adquiridos<\/strong> en\u00a0las sesiones individuales, relacionados con la b\u00fasqueda de empleo,\u00a0mercado laboral o herramientas necesarias para mejorar la empleabilidad de las participantes.<\/p>\n<p>Desde\u00a0<strong>COCEMFE Val\u00e8ncia<\/strong>\u00a0seguimos apostando por los<strong>\u00a0itinerarios\u00a0individualizados<\/strong> como metodolog\u00eda de trabajo para las\u00a0personas de\u00a0nuestra bolsa interesadas en participar en proyectos de inserci\u00f3n\u00a0laboral.<\/p>\n<p>Si est\u00e1s<strong>\u00a0interesada en sumarte al programa<\/strong>, no dudes en ponerte\u00a0en\u00a0<strong>contacto<\/strong>\u00a0con nosotras enviando un mail\u00a0a: <strong>empleo@cocemfevalencia.org<\/strong>\u00a0, o llamando al tel\u00e9fono<strong>\u00a0963 83 77\u00a008<\/strong>.<\/p>\n<p>&nbsp;<\/p>\n<p><strong>\u2018Programa Comunitat Valenciana Fondo Social Plus (FSE+) 2021 \u20132027\u2019<\/strong><\/p>\n<p>&nbsp;<\/p>\n<p><img decoding=\"async\" class=\"wp-image-12481 aligncenter\" src=\"https:\/\/cocemfevalencia.org\/wp-content\/uploads\/2023\/09\/WhatsApp-Image-2023-09-21-at-14.45.06-300x66.jpeg\" alt=\"\" width=\"309\" height=\"68\" srcset=\"https:\/\/cocemfevalencia.org\/wp-content\/uploads\/2023\/09\/WhatsApp-Image-2023-09-21-at-14.45.06-300x66.jpeg 300w, https:\/\/cocemfevalencia.org\/wp-content\/uploads\/2023\/09\/WhatsApp-Image-2023-09-21-at-14.45.06-1024x226.jpeg 1024w, https:\/\/cocemfevalencia.org\/wp-content\/uploads\/2023\/09\/WhatsApp-Image-2023-09-21-at-14.45.06-768x170.jpeg 768w, https:\/\/cocemfevalencia.org\/wp-content\/uploads\/2023\/09\/WhatsApp-Image-2023-09-21-at-14.45.06.jpeg 1090w\" sizes=\"(max-width: 309px) 100vw, 309px\" \/><\/p>\n<p>&nbsp;<\/p>\n<p>&nbsp;<\/p>\n<p>Visitas: 6<\/p>","protected":false},"excerpt":{"rendered":"<p>COCEMFE Val\u00e8ncia\u00a0presenta su semana de talleres grupales dirigido\u00a0a las mujeres participantes del programa de itinerarios de inserci\u00f3n\u00a0laboral, que tendr\u00e1n lugar del lunes 25, al viernes 29 de septiembre. El objetivo de los talleres es practicar los conocimientos adquiridos en\u00a0las sesiones individuales, relacionados con la b\u00fasqueda de empleo,\u00a0mercado laboral o herramientas necesarias para mejorar la empleabilidad&hellip;&nbsp;<a href=\"https:\/\/cocemfevalencia.org\/es\/itinerarios-de-insercion-laboral-para-mujeres-con-discapacidad-presenta-su-semana-de-talleres-grupales\/\" rel=\"bookmark\">Leer m\u00e1s &raquo;<span class=\"screen-reader-text\">\u2018Itinerarios de inserci\u00f3n laboral para mujeres\u00a0con discapacidad\u2019, presenta su semana de Talleres Grupales<\/span><\/a><\/p>\n","protected":false},"author":5,"featured_media":12483,"comment_status":"closed","ping_status":"closed","sticky":false,"template":"","format":"standard","meta":{"rop_custom_images_group":[],"rop_custom_messages_group":[],"rop_publish_now":"initial","rop_publish_now_accounts":[],"rop_publish_now_history":[],"rop_publish_now_status":"pending","neve_meta_sidebar":"","neve_meta_container":"","neve_meta_enable_content_width":"off","neve_meta_content_width":70,"neve_meta_title_alignment":"","neve_meta_author_avatar":"","neve_post_elements_order":"","neve_meta_disable_header":"","neve_meta_disable_footer":"","neve_meta_disable_title":"","footnotes":""},"categories":[5],"tags":[9,372,373,371],"class_list":["post-12480","post","type-post","status-publish","format-standard","has-post-thumbnail","hentry","category-noticias","tag-empleo","tag-fondo-social","tag-fondo-social-plus","tag-itinerarios"],"yoast_head":"<!-- This site is optimized with the Yoast SEO plugin v27.3 - https:\/\/yoast.com\/product\/yoast-seo-wordpress\/ -->\n<title>\u2018Itinerarios de inserci\u00f3n laboral para mujeres\u00a0con discapacidad\u2019, presenta su semana de Talleres Grupales - Cocemfe Valencia<\/title>\n<meta name=\"robots\" content=\"index, follow, max-snippet:-1, max-image-preview:large, max-video-preview:-1\" \/>\n<link rel=\"canonical\" href=\"https:\/\/cocemfevalencia.org\/es\/itinerarios-de-insercion-laboral-para-mujeres-con-discapacidad-presenta-su-semana-de-talleres-grupales\/\" \/>\n<meta property=\"og:locale\" content=\"es_ES\" \/>\n<meta property=\"og:type\" content=\"article\" \/>\n<meta property=\"og:title\" content=\"\u2018Itinerarios de inserci\u00f3n laboral para mujeres\u00a0con discapacidad\u2019, presenta su semana de Talleres Grupales - Cocemfe Valencia\" \/>\n<meta property=\"og:description\" content=\"COCEMFE Val\u00e8ncia\u00a0presenta su semana de talleres grupales dirigido\u00a0a las mujeres participantes del programa de itinerarios de inserci\u00f3n\u00a0laboral, que tendr\u00e1n lugar del lunes 25, al viernes 29 de septiembre. El objetivo de los talleres es practicar los conocimientos adquiridos en\u00a0las sesiones individuales, relacionados con la b\u00fasqueda de empleo,\u00a0mercado laboral o herramientas necesarias para mejorar la empleabilidad&hellip;&nbsp;Leer m\u00e1s &raquo;\u2018Itinerarios de inserci\u00f3n laboral para mujeres\u00a0con discapacidad\u2019, presenta su semana de Talleres Grupales\" \/>\n<meta property=\"og:url\" content=\"https:\/\/cocemfevalencia.org\/es\/itinerarios-de-insercion-laboral-para-mujeres-con-discapacidad-presenta-su-semana-de-talleres-grupales\/\" \/>\n<meta property=\"og:site_name\" content=\"Cocemfe Valencia\" \/>\n<meta property=\"article:publisher\" content=\"https:\/\/www.facebook.com\/cocemfe.valencia\" \/>\n<meta property=\"article:published_time\" content=\"2023-09-21T12:46:31+00:00\" \/>\n<meta property=\"article:modified_time\" content=\"2023-09-21T12:55:39+00:00\" \/>\n<meta property=\"og:image\" content=\"https:\/\/cocemfevalencia.org\/wp-content\/uploads\/2023\/09\/WhatsApp-Image-2023-09-21-at-14.22.21.jpeg\" \/>\n\t<meta property=\"og:image:width\" content=\"1131\" \/>\n\t<meta property=\"og:image:height\" content=\"1600\" \/>\n\t<meta property=\"og:image:type\" content=\"image\/jpeg\" \/>\n<meta name=\"author\" content=\"comunicacio\" \/>\n<meta name=\"twitter:card\" content=\"summary_large_image\" \/>\n<meta name=\"twitter:creator\" content=\"@COCEMFEValencia\" \/>\n<meta name=\"twitter:site\" content=\"@COCEMFEValencia\" \/>\n<meta name=\"twitter:label1\" content=\"Escrito por\" \/>\n\t<meta name=\"twitter:data1\" content=\"comunicacio\" \/>\n\t<meta name=\"twitter:label2\" content=\"Tiempo de lectura\" \/>\n\t<meta name=\"twitter:data2\" content=\"1 minuto\" \/>\n<script type=\"application\/ld+json\" class=\"yoast-schema-graph\">{\"@context\":\"https:\\\/\\\/schema.org\",\"@graph\":[{\"@type\":\"Article\",\"@id\":\"https:\\\/\\\/cocemfevalencia.org\\\/es\\\/itinerarios-de-insercion-laboral-para-mujeres-con-discapacidad-presenta-su-semana-de-talleres-grupales\\\/#article\",\"isPartOf\":{\"@id\":\"https:\\\/\\\/cocemfevalencia.org\\\/es\\\/itinerarios-de-insercion-laboral-para-mujeres-con-discapacidad-presenta-su-semana-de-talleres-grupales\\\/\"},\"author\":{\"name\":\"comunicacio\",\"@id\":\"https:\\\/\\\/cocemfevalencia.org\\\/es\\\/#\\\/schema\\\/person\\\/84dc42180efe17bdafa0a7a8702d24c8\"},\"headline\":\"\u2018Itinerarios de inserci\u00f3n laboral para mujeres\u00a0con discapacidad\u2019, presenta su semana de Talleres Grupales\",\"datePublished\":\"2023-09-21T12:46:31+00:00\",\"dateModified\":\"2023-09-21T12:55:39+00:00\",\"mainEntityOfPage\":{\"@id\":\"https:\\\/\\\/cocemfevalencia.org\\\/es\\\/itinerarios-de-insercion-laboral-para-mujeres-con-discapacidad-presenta-su-semana-de-talleres-grupales\\\/\"},\"wordCount\":149,\"publisher\":{\"@id\":\"https:\\\/\\\/cocemfevalencia.org\\\/es\\\/#organization\"},\"image\":{\"@id\":\"https:\\\/\\\/cocemfevalencia.org\\\/es\\\/itinerarios-de-insercion-laboral-para-mujeres-con-discapacidad-presenta-su-semana-de-talleres-grupales\\\/#primaryimage\"},\"thumbnailUrl\":\"https:\\\/\\\/cocemfevalencia.org\\\/wp-content\\\/uploads\\\/2023\\\/09\\\/WhatsApp-Image-2023-09-21-at-14.22.21.jpeg\",\"keywords\":[\"empleo\",\"Fondo Social\",\"Fondo Social Plus\",\"Itinerarios\"],\"articleSection\":[\"Not\u00edcies\"],\"inLanguage\":\"es\"},{\"@type\":\"WebPage\",\"@id\":\"https:\\\/\\\/cocemfevalencia.org\\\/es\\\/itinerarios-de-insercion-laboral-para-mujeres-con-discapacidad-presenta-su-semana-de-talleres-grupales\\\/\",\"url\":\"https:\\\/\\\/cocemfevalencia.org\\\/es\\\/itinerarios-de-insercion-laboral-para-mujeres-con-discapacidad-presenta-su-semana-de-talleres-grupales\\\/\",\"name\":\"\u2018Itinerarios de inserci\u00f3n laboral para mujeres\u00a0con discapacidad\u2019, presenta su semana de Talleres Grupales - Cocemfe Valencia\",\"isPartOf\":{\"@id\":\"https:\\\/\\\/cocemfevalencia.org\\\/es\\\/#website\"},\"primaryImageOfPage\":{\"@id\":\"https:\\\/\\\/cocemfevalencia.org\\\/es\\\/itinerarios-de-insercion-laboral-para-mujeres-con-discapacidad-presenta-su-semana-de-talleres-grupales\\\/#primaryimage\"},\"image\":{\"@id\":\"https:\\\/\\\/cocemfevalencia.org\\\/es\\\/itinerarios-de-insercion-laboral-para-mujeres-con-discapacidad-presenta-su-semana-de-talleres-grupales\\\/#primaryimage\"},\"thumbnailUrl\":\"https:\\\/\\\/cocemfevalencia.org\\\/wp-content\\\/uploads\\\/2023\\\/09\\\/WhatsApp-Image-2023-09-21-at-14.22.21.jpeg\",\"datePublished\":\"2023-09-21T12:46:31+00:00\",\"dateModified\":\"2023-09-21T12:55:39+00:00\",\"breadcrumb\":{\"@id\":\"https:\\\/\\\/cocemfevalencia.org\\\/es\\\/itinerarios-de-insercion-laboral-para-mujeres-con-discapacidad-presenta-su-semana-de-talleres-grupales\\\/#breadcrumb\"},\"inLanguage\":\"es\",\"potentialAction\":[{\"@type\":\"ReadAction\",\"target\":[\"https:\\\/\\\/cocemfevalencia.org\\\/es\\\/itinerarios-de-insercion-laboral-para-mujeres-con-discapacidad-presenta-su-semana-de-talleres-grupales\\\/\"]}]},{\"@type\":\"ImageObject\",\"inLanguage\":\"es\",\"@id\":\"https:\\\/\\\/cocemfevalencia.org\\\/es\\\/itinerarios-de-insercion-laboral-para-mujeres-con-discapacidad-presenta-su-semana-de-talleres-grupales\\\/#primaryimage\",\"url\":\"https:\\\/\\\/cocemfevalencia.org\\\/wp-content\\\/uploads\\\/2023\\\/09\\\/WhatsApp-Image-2023-09-21-at-14.22.21.jpeg\",\"contentUrl\":\"https:\\\/\\\/cocemfevalencia.org\\\/wp-content\\\/uploads\\\/2023\\\/09\\\/WhatsApp-Image-2023-09-21-at-14.22.21.jpeg\",\"width\":1131,\"height\":1600},{\"@type\":\"BreadcrumbList\",\"@id\":\"https:\\\/\\\/cocemfevalencia.org\\\/es\\\/itinerarios-de-insercion-laboral-para-mujeres-con-discapacidad-presenta-su-semana-de-talleres-grupales\\\/#breadcrumb\",\"itemListElement\":[{\"@type\":\"ListItem\",\"position\":1,\"name\":\"Portada\",\"item\":\"https:\\\/\\\/cocemfevalencia.org\\\/es\\\/\"},{\"@type\":\"ListItem\",\"position\":2,\"name\":\"\u2018Itinerarios de inserci\u00f3n laboral para mujeres\u00a0con discapacidad\u2019, presenta su semana de Talleres Grupales\"}]},{\"@type\":\"WebSite\",\"@id\":\"https:\\\/\\\/cocemfevalencia.org\\\/es\\\/#website\",\"url\":\"https:\\\/\\\/cocemfevalencia.org\\\/es\\\/\",\"name\":\"Cocemfe Valencia\",\"description\":\"FEDERACI\u00d3N DE ASOCIACIONES DE PERSONAS CON DISCAPACIDAD F\u00cdSICA Y ORG\u00c1NICA DE LA PROV\u00cdNCIA DE VALENCIA\",\"publisher\":{\"@id\":\"https:\\\/\\\/cocemfevalencia.org\\\/es\\\/#organization\"},\"potentialAction\":[{\"@type\":\"SearchAction\",\"target\":{\"@type\":\"EntryPoint\",\"urlTemplate\":\"https:\\\/\\\/cocemfevalencia.org\\\/es\\\/?s={search_term_string}\"},\"query-input\":{\"@type\":\"PropertyValueSpecification\",\"valueRequired\":true,\"valueName\":\"search_term_string\"}}],\"inLanguage\":\"es\"},{\"@type\":\"Organization\",\"@id\":\"https:\\\/\\\/cocemfevalencia.org\\\/es\\\/#organization\",\"name\":\"Cocemfe Valencia\",\"url\":\"https:\\\/\\\/cocemfevalencia.org\\\/es\\\/\",\"logo\":{\"@type\":\"ImageObject\",\"inLanguage\":\"es\",\"@id\":\"https:\\\/\\\/cocemfevalencia.org\\\/es\\\/#\\\/schema\\\/logo\\\/image\\\/\",\"url\":\"https:\\\/\\\/cocemfevalencia.org\\\/wp-content\\\/uploads\\\/2023\\\/03\\\/0312-Horizontal-una-linea-larga-rgb-positivo-Tricolor.png\",\"contentUrl\":\"https:\\\/\\\/cocemfevalencia.org\\\/wp-content\\\/uploads\\\/2023\\\/03\\\/0312-Horizontal-una-linea-larga-rgb-positivo-Tricolor.png\",\"width\":2334,\"height\":613,\"caption\":\"Cocemfe Valencia\"},\"image\":{\"@id\":\"https:\\\/\\\/cocemfevalencia.org\\\/es\\\/#\\\/schema\\\/logo\\\/image\\\/\"},\"sameAs\":[\"https:\\\/\\\/www.facebook.com\\\/cocemfe.valencia\",\"https:\\\/\\\/x.com\\\/COCEMFEValencia\"]},{\"@type\":\"Person\",\"@id\":\"https:\\\/\\\/cocemfevalencia.org\\\/es\\\/#\\\/schema\\\/person\\\/84dc42180efe17bdafa0a7a8702d24c8\",\"name\":\"comunicacio\",\"image\":{\"@type\":\"ImageObject\",\"inLanguage\":\"es\",\"@id\":\"https:\\\/\\\/secure.gravatar.com\\\/avatar\\\/cc921e89975f546bc4139f170e59e0d573a099452a8a989eb18e18cda2e7227a?s=96&d=mm&r=g\",\"url\":\"https:\\\/\\\/secure.gravatar.com\\\/avatar\\\/cc921e89975f546bc4139f170e59e0d573a099452a8a989eb18e18cda2e7227a?s=96&d=mm&r=g\",\"contentUrl\":\"https:\\\/\\\/secure.gravatar.com\\\/avatar\\\/cc921e89975f546bc4139f170e59e0d573a099452a8a989eb18e18cda2e7227a?s=96&d=mm&r=g\",\"caption\":\"comunicacio\"}}]}<\/script>\n<!-- \/ Yoast SEO plugin. -->","yoast_head_json":{"title":"\u2018Itinerarios de inserci\u00f3n laboral para mujeres\u00a0con discapacidad\u2019, presenta su semana de Talleres Grupales - Cocemfe Valencia","robots":{"index":"index","follow":"follow","max-snippet":"max-snippet:-1","max-image-preview":"max-image-preview:large","max-video-preview":"max-video-preview:-1"},"canonical":"https:\/\/cocemfevalencia.org\/es\/itinerarios-de-insercion-laboral-para-mujeres-con-discapacidad-presenta-su-semana-de-talleres-grupales\/","og_locale":"es_ES","og_type":"article","og_title":"\u2018Itinerarios de inserci\u00f3n laboral para mujeres\u00a0con discapacidad\u2019, presenta su semana de Talleres Grupales - Cocemfe Valencia","og_description":"COCEMFE Val\u00e8ncia\u00a0presenta su semana de talleres grupales dirigido\u00a0a las mujeres participantes del programa de itinerarios de inserci\u00f3n\u00a0laboral, que tendr\u00e1n lugar del lunes 25, al viernes 29 de septiembre. El objetivo de los talleres es practicar los conocimientos adquiridos en\u00a0las sesiones individuales, relacionados con la b\u00fasqueda de empleo,\u00a0mercado laboral o herramientas necesarias para mejorar la empleabilidad&hellip;&nbsp;Leer m\u00e1s &raquo;\u2018Itinerarios de inserci\u00f3n laboral para mujeres\u00a0con discapacidad\u2019, presenta su semana de Talleres Grupales","og_url":"https:\/\/cocemfevalencia.org\/es\/itinerarios-de-insercion-laboral-para-mujeres-con-discapacidad-presenta-su-semana-de-talleres-grupales\/","og_site_name":"Cocemfe Valencia","article_publisher":"https:\/\/www.facebook.com\/cocemfe.valencia","article_published_time":"2023-09-21T12:46:31+00:00","article_modified_time":"2023-09-21T12:55:39+00:00","og_image":[{"width":1131,"height":1600,"url":"https:\/\/cocemfevalencia.org\/wp-content\/uploads\/2023\/09\/WhatsApp-Image-2023-09-21-at-14.22.21.jpeg","type":"image\/jpeg"}],"author":"comunicacio","twitter_card":"summary_large_image","twitter_creator":"@COCEMFEValencia","twitter_site":"@COCEMFEValencia","twitter_misc":{"Escrito por":"comunicacio","Tiempo de lectura":"1 minuto"},"schema":{"@context":"https:\/\/schema.org","@graph":[{"@type":"Article","@id":"https:\/\/cocemfevalencia.org\/es\/itinerarios-de-insercion-laboral-para-mujeres-con-discapacidad-presenta-su-semana-de-talleres-grupales\/#article","isPartOf":{"@id":"https:\/\/cocemfevalencia.org\/es\/itinerarios-de-insercion-laboral-para-mujeres-con-discapacidad-presenta-su-semana-de-talleres-grupales\/"},"author":{"name":"comunicacio","@id":"https:\/\/cocemfevalencia.org\/es\/#\/schema\/person\/84dc42180efe17bdafa0a7a8702d24c8"},"headline":"\u2018Itinerarios de inserci\u00f3n laboral para mujeres\u00a0con discapacidad\u2019, presenta su semana de Talleres Grupales","datePublished":"2023-09-21T12:46:31+00:00","dateModified":"2023-09-21T12:55:39+00:00","mainEntityOfPage":{"@id":"https:\/\/cocemfevalencia.org\/es\/itinerarios-de-insercion-laboral-para-mujeres-con-discapacidad-presenta-su-semana-de-talleres-grupales\/"},"wordCount":149,"publisher":{"@id":"https:\/\/cocemfevalencia.org\/es\/#organization"},"image":{"@id":"https:\/\/cocemfevalencia.org\/es\/itinerarios-de-insercion-laboral-para-mujeres-con-discapacidad-presenta-su-semana-de-talleres-grupales\/#primaryimage"},"thumbnailUrl":"https:\/\/cocemfevalencia.org\/wp-content\/uploads\/2023\/09\/WhatsApp-Image-2023-09-21-at-14.22.21.jpeg","keywords":["empleo","Fondo Social","Fondo Social Plus","Itinerarios"],"articleSection":["Not\u00edcies"],"inLanguage":"es"},{"@type":"WebPage","@id":"https:\/\/cocemfevalencia.org\/es\/itinerarios-de-insercion-laboral-para-mujeres-con-discapacidad-presenta-su-semana-de-talleres-grupales\/","url":"https:\/\/cocemfevalencia.org\/es\/itinerarios-de-insercion-laboral-para-mujeres-con-discapacidad-presenta-su-semana-de-talleres-grupales\/","name":"\u2018Itinerarios de inserci\u00f3n laboral para mujeres\u00a0con discapacidad\u2019, presenta su semana de Talleres Grupales - Cocemfe Valencia","isPartOf":{"@id":"https:\/\/cocemfevalencia.org\/es\/#website"},"primaryImageOfPage":{"@id":"https:\/\/cocemfevalencia.org\/es\/itinerarios-de-insercion-laboral-para-mujeres-con-discapacidad-presenta-su-semana-de-talleres-grupales\/#primaryimage"},"image":{"@id":"https:\/\/cocemfevalencia.org\/es\/itinerarios-de-insercion-laboral-para-mujeres-con-discapacidad-presenta-su-semana-de-talleres-grupales\/#primaryimage"},"thumbnailUrl":"https:\/\/cocemfevalencia.org\/wp-content\/uploads\/2023\/09\/WhatsApp-Image-2023-09-21-at-14.22.21.jpeg","datePublished":"2023-09-21T12:46:31+00:00","dateModified":"2023-09-21T12:55:39+00:00","breadcrumb":{"@id":"https:\/\/cocemfevalencia.org\/es\/itinerarios-de-insercion-laboral-para-mujeres-con-discapacidad-presenta-su-semana-de-talleres-grupales\/#breadcrumb"},"inLanguage":"es","potentialAction":[{"@type":"ReadAction","target":["https:\/\/cocemfevalencia.org\/es\/itinerarios-de-insercion-laboral-para-mujeres-con-discapacidad-presenta-su-semana-de-talleres-grupales\/"]}]},{"@type":"ImageObject","inLanguage":"es","@id":"https:\/\/cocemfevalencia.org\/es\/itinerarios-de-insercion-laboral-para-mujeres-con-discapacidad-presenta-su-semana-de-talleres-grupales\/#primaryimage","url":"https:\/\/cocemfevalencia.org\/wp-content\/uploads\/2023\/09\/WhatsApp-Image-2023-09-21-at-14.22.21.jpeg","contentUrl":"https:\/\/cocemfevalencia.org\/wp-content\/uploads\/2023\/09\/WhatsApp-Image-2023-09-21-at-14.22.21.jpeg","width":1131,"height":1600},{"@type":"BreadcrumbList","@id":"https:\/\/cocemfevalencia.org\/es\/itinerarios-de-insercion-laboral-para-mujeres-con-discapacidad-presenta-su-semana-de-talleres-grupales\/#breadcrumb","itemListElement":[{"@type":"ListItem","position":1,"name":"Portada","item":"https:\/\/cocemfevalencia.org\/es\/"},{"@type":"ListItem","position":2,"name":"\u2018Itinerarios de inserci\u00f3n laboral para mujeres\u00a0con discapacidad\u2019, presenta su semana de Talleres Grupales"}]},{"@type":"WebSite","@id":"https:\/\/cocemfevalencia.org\/es\/#website","url":"https:\/\/cocemfevalencia.org\/es\/","name":"Cocemfe Valencia","description":"FEDERACI\u00d3N DE ASOCIACIONES DE PERSONAS CON DISCAPACIDAD F\u00cdSICA Y ORG\u00c1NICA DE LA PROV\u00cdNCIA DE VALENCIA","publisher":{"@id":"https:\/\/cocemfevalencia.org\/es\/#organization"},"potentialAction":[{"@type":"SearchAction","target":{"@type":"EntryPoint","urlTemplate":"https:\/\/cocemfevalencia.org\/es\/?s={search_term_string}"},"query-input":{"@type":"PropertyValueSpecification","valueRequired":true,"valueName":"search_term_string"}}],"inLanguage":"es"},{"@type":"Organization","@id":"https:\/\/cocemfevalencia.org\/es\/#organization","name":"Cocemfe Valencia","url":"https:\/\/cocemfevalencia.org\/es\/","logo":{"@type":"ImageObject","inLanguage":"es","@id":"https:\/\/cocemfevalencia.org\/es\/#\/schema\/logo\/image\/","url":"https:\/\/cocemfevalencia.org\/wp-content\/uploads\/2023\/03\/0312-Horizontal-una-linea-larga-rgb-positivo-Tricolor.png","contentUrl":"https:\/\/cocemfevalencia.org\/wp-content\/uploads\/2023\/03\/0312-Horizontal-una-linea-larga-rgb-positivo-Tricolor.png","width":2334,"height":613,"caption":"Cocemfe Valencia"},"image":{"@id":"https:\/\/cocemfevalencia.org\/es\/#\/schema\/logo\/image\/"},"sameAs":["https:\/\/www.facebook.com\/cocemfe.valencia","https:\/\/x.com\/COCEMFEValencia"]},{"@type":"Person","@id":"https:\/\/cocemfevalencia.org\/es\/#\/schema\/person\/84dc42180efe17bdafa0a7a8702d24c8","name":"comunicacio","image":{"@type":"ImageObject","inLanguage":"es","@id":"https:\/\/secure.gravatar.com\/avatar\/cc921e89975f546bc4139f170e59e0d573a099452a8a989eb18e18cda2e7227a?s=96&d=mm&r=g","url":"https:\/\/secure.gravatar.com\/avatar\/cc921e89975f546bc4139f170e59e0d573a099452a8a989eb18e18cda2e7227a?s=96&d=mm&r=g","contentUrl":"https:\/\/secure.gravatar.com\/avatar\/cc921e89975f546bc4139f170e59e0d573a099452a8a989eb18e18cda2e7227a?s=96&d=mm&r=g","caption":"comunicacio"}}]}},"_links":{"self":[{"href":"https:\/\/cocemfevalencia.org\/es\/wp-json\/wp\/v2\/posts\/12480","targetHints":{"allow":["GET"]}}],"collection":[{"href":"https:\/\/cocemfevalencia.org\/es\/wp-json\/wp\/v2\/posts"}],"about":[{"href":"https:\/\/cocemfevalencia.org\/es\/wp-json\/wp\/v2\/types\/post"}],"author":[{"embeddable":true,"href":"https:\/\/cocemfevalencia.org\/es\/wp-json\/wp\/v2\/users\/5"}],"replies":[{"embeddable":true,"href":"https:\/\/cocemfevalencia.org\/es\/wp-json\/wp\/v2\/comments?post=12480"}],"version-history":[{"count":3,"href":"https:\/\/cocemfevalencia.org\/es\/wp-json\/wp\/v2\/posts\/12480\/revisions"}],"predecessor-version":[{"id":12487,"href":"https:\/\/cocemfevalencia.org\/es\/wp-json\/wp\/v2\/posts\/12480\/revisions\/12487"}],"wp:featuredmedia":[{"embeddable":true,"href":"https:\/\/cocemfevalencia.org\/es\/wp-json\/wp\/v2\/media\/12483"}],"wp:attachment":[{"href":"https:\/\/cocemfevalencia.org\/es\/wp-json\/wp\/v2\/media?parent=12480"}],"wp:term":[{"taxonomy":"category","embeddable":true,"href":"https:\/\/cocemfevalencia.org\/es\/wp-json\/wp\/v2\/categories?post=12480"},{"taxonomy":"post_tag","embeddable":true,"href":"https:\/\/cocemfevalencia.org\/es\/wp-json\/wp\/v2\/tags?post=12480"}],"curies":[{"name":"wp","href":"https:\/\/api.w.org\/{rel}","templated":true}]}}