{"id":12578,"date":"2023-09-28T15:56:57","date_gmt":"2023-09-28T13:56:57","guid":{"rendered":"https:\/\/cocemfevalencia.org\/cocemfe-valencia-celebra-su-primer-consejo-provincial-bajo-la-nueva-junta-directiva\/"},"modified":"2023-09-28T16:36:34","modified_gmt":"2023-09-28T14:36:34","slug":"cocemfe-valencia-celebra-su-primer-consejo-provincial-bajo-la-nueva-junta-directiva","status":"publish","type":"post","link":"https:\/\/cocemfevalencia.org\/es\/cocemfe-valencia-celebra-su-primer-consejo-provincial-bajo-la-nueva-junta-directiva\/","title":{"rendered":"COCEMFE Valencia celebra su primer Consejo Provincial bajo la nueva Junta Directiva"},"content":{"rendered":"<ul>\n<li>\n<h3><strong>La entidad refrenda la continuidad de los programas, servicios y comisiones de trabajo que funcionan actualmente<\/strong><\/h3>\n<\/li>\n<\/ul>\n<p>El pasado jueves, 21 de septiembre, tuvo lugar el primer <strong>Consejo Provincial de COCEMFE Valencia<\/strong>\u00a0celebrado por la nueva junta directiva que encabeza\u00a0<strong>Mar\u00eda Jos\u00e9 Mart\u00ednez Casamayor, <\/strong>actual <strong>presidenta<\/strong> de la entidad. Casamayor inform\u00f3 de la <strong>continuidad de los programas<\/strong>, <strong>proyectos y servicios de intervenci\u00f3n social y laboral<\/strong>, as\u00ed como <strong>socio-sanitaria<\/strong>, dirigidos a personas con discapacidad f\u00edsica y org\u00e1nica y sus familiares, que <strong>COCEMFE Valencia gestiona desde hace 25 a\u00f1os<\/strong>. Adem\u00e1s,\u00a0la mejora continua y el trabajo para conseguir, en la medida de lo posible, <strong>la ampliaci\u00f3n de los mismos<\/strong>, se estableci\u00f3 como uno de los objetivos de esta nueva legislatura.<\/p>\n<p>Actualmente se continua<strong> trabajando los siguientes programas y servicios:<\/strong><\/p>\n<ul>\n<li><strong>PID. PUNTO DE INFORMACI\u00d3N ESPECIALIZADO Y ATENCI\u00d3N SOCIAL EN DISCAPACIDAD<\/strong><\/li>\n<li><strong>FAP. FOMENTO DE LA AUTONOM\u00cdA PERSONAL PARA PERSONAS CON GRAN DISCAPACIDAD<\/strong><\/li>\n<li><strong>ADF. DESCANSO Y APOYO A FAMILIAS CUIDADORAS DE PERSONAS CON DISCAPACIDAD EN SITUACI\u00d3N DE DEPENDENCIA<\/strong><\/li>\n<li><strong>XVI. POR UNA VIDA INDEPENDIENTE PARA LAS PERSONAS CON GRAN DISCAPACIDAD F\u00cdSICA Y\/U ORG\u00c1NICA <\/strong><\/li>\n<li><strong>SAP. APOYO PSICOLOGICO PARA PERSONAS CON DISCAPACIDAD FISICA Y\/U ORG\u00c1NICA Y FAMILIARES<\/strong><\/li>\n<li><strong>SIL. INTEGRACI\u00d3N LABORAL PARA PERSONAS CON DISCAPACIDAD<\/strong><\/li>\n<li><strong>TAD. INDEPENDENCIA ASISTIDA Y AUTONOMIA PERSONAL A TRAV\u00c9S DEL TRANSPORTE ADAPTADO<\/strong><\/li>\n<li><strong>SAD. SERVICIO DE AYUDA A DOMICILIO PARA PERSONAS EN SITUACION DE DEPENDENCIA<\/strong><\/li>\n<li><strong>\u00a0SPA. SERVICIO DE PROMOCI\u00d3N DE LA AUTONOM\u00cdA PERSONAL (DEPENDENCIA)<\/strong><\/li>\n<li><strong>SERVICIO DE APOYO A LAS ASOCIACIONES\u00a0FEDERADAS<\/strong><\/li>\n<\/ul>\n<p>&nbsp;<\/p>\n<p>Por otro lado, durante la celebraci\u00f3n del <strong>Consejo Provincial de COCEMFE Valencia <\/strong>tambi\u00e9n se inform\u00f3\u00a0del mantenimiento de las actividades de divulgaci\u00f3n y sensibilizaci\u00f3n:<\/p>\n<p>&nbsp;<\/p>\n<ul>\n<li><strong>Premios COCEMFE Val\u00e8ncia y concurso de fotograf\u00eda<a href=\"https:\/\/cocemfevalencia.org\/concurs-fotografia-sense-barreres\/\"> &#8216;Sense Barreres&#8217;<\/a><\/strong><\/li>\n<li><strong>\u00a0<a href=\"http:\/\/cocemfevalencia.org\/cicle-cultural-descobrim\/\">Cicle Cultural &#8216;DESCOBRIM&#8217;<\/a><\/strong><\/li>\n<li><strong>Charlas, cursos y talleres sobre tem\u00e1tica de discapacidad f\u00edsica y org\u00e1nica.<\/strong><\/li>\n<li><strong>Yoga adaptado. Adem\u00e1s del programa &#8216;MONANEM.\u00a0OCIO\u00a0INCLUSIVO&#8217;<\/strong><\/li>\n<\/ul>\n<p>&nbsp;<\/p>\n<p>Asi mismo la nueva junta directiva mantiene su objetivo de<strong> impulsar las tres comisiones de trabajo<\/strong> desde el Consejo Provincial de COCEMFE Valencia. Las comisiones de <strong>&#8216;Accesibilidad&#8217;, &#8216;Sanidad&#8217; y &#8216;Contra la Brecha Digital&#8217;<\/strong> cuentan con equipos compuestos por <strong>personas voluntarias<\/strong>, miembros de las asociaciones federadas de COCEMFE Valencia, para dar un mayor alcance a los fines de cada comisi\u00f3n y <strong>mejorar la calidad de vida de las personas con discapacidad f\u00edsica y org\u00e1nica<\/strong>, as\u00ed como la de sus familias.<\/p>\n<p>&nbsp;<\/p>\n<p><img fetchpriority=\"high\" decoding=\"async\" class=\"size-medium wp-image-12572 aligncenter\" src=\"https:\/\/cocemfevalencia.org\/wp-content\/uploads\/2023\/09\/WhatsApp-Image-2023-09-26-at-11.29.01-300x300.jpeg\" alt=\"\" width=\"300\" height=\"300\" srcset=\"https:\/\/cocemfevalencia.org\/wp-content\/uploads\/2023\/09\/WhatsApp-Image-2023-09-26-at-11.29.01-300x300.jpeg 300w, https:\/\/cocemfevalencia.org\/wp-content\/uploads\/2023\/09\/WhatsApp-Image-2023-09-26-at-11.29.01-150x150.jpeg 150w, https:\/\/cocemfevalencia.org\/wp-content\/uploads\/2023\/09\/WhatsApp-Image-2023-09-26-at-11.29.01.jpeg 720w\" sizes=\"(max-width: 300px) 100vw, 300px\" \/><\/p>\n<p>&nbsp;<\/p>\n<p>&nbsp;<\/p>\n<p>Visitas: 6<\/p>","protected":false},"excerpt":{"rendered":"<p>La entidad refrenda la continuidad de los programas, servicios y comisiones de trabajo que funcionan actualmente El pasado jueves, 21 de septiembre, tuvo lugar el primer Consejo Provincial de COCEMFE Valencia\u00a0celebrado por la nueva junta directiva que encabeza\u00a0Mar\u00eda Jos\u00e9 Mart\u00ednez Casamayor, actual presidenta de la entidad. Casamayor inform\u00f3 de la continuidad de los programas, proyectos&hellip;&nbsp;<a href=\"https:\/\/cocemfevalencia.org\/es\/cocemfe-valencia-celebra-su-primer-consejo-provincial-bajo-la-nueva-junta-directiva\/\" rel=\"bookmark\">Leer m\u00e1s &raquo;<span class=\"screen-reader-text\">COCEMFE Valencia celebra su primer Consejo Provincial bajo la nueva Junta Directiva<\/span><\/a><\/p>\n","protected":false},"author":5,"featured_media":12611,"comment_status":"closed","ping_status":"closed","sticky":false,"template":"","format":"standard","meta":{"rop_custom_images_group":[],"rop_custom_messages_group":[],"rop_publish_now":"initial","rop_publish_now_accounts":[],"rop_publish_now_history":[],"rop_publish_now_status":"pending","neve_meta_sidebar":"","neve_meta_container":"","neve_meta_enable_content_width":"off","neve_meta_content_width":70,"neve_meta_title_alignment":"","neve_meta_author_avatar":"","neve_post_elements_order":"","neve_meta_disable_header":"","neve_meta_disable_footer":"","neve_meta_disable_title":"","footnotes":""},"categories":[5],"tags":[19,380,8,381,382],"class_list":["post-12578","post","type-post","status-publish","format-standard","has-post-thumbnail","hentry","category-noticias","tag-cocemfe-valencia","tag-consejo-provincial-es","tag-discapacidad","tag-discapacidad-organica-es","tag-programas-es"],"yoast_head":"<!-- This site is optimized with the Yoast SEO plugin v27.3 - https:\/\/yoast.com\/product\/yoast-seo-wordpress\/ -->\n<title>COCEMFE Valencia celebra su primer Consejo Provincial bajo la nueva Junta Directiva - Cocemfe Valencia<\/title>\n<meta name=\"robots\" content=\"index, follow, max-snippet:-1, max-image-preview:large, max-video-preview:-1\" \/>\n<link rel=\"canonical\" href=\"https:\/\/cocemfevalencia.org\/es\/cocemfe-valencia-celebra-su-primer-consejo-provincial-bajo-la-nueva-junta-directiva\/\" \/>\n<meta property=\"og:locale\" content=\"es_ES\" \/>\n<meta property=\"og:type\" content=\"article\" \/>\n<meta property=\"og:title\" content=\"COCEMFE Valencia celebra su primer Consejo Provincial bajo la nueva Junta Directiva - Cocemfe Valencia\" \/>\n<meta property=\"og:description\" content=\"La entidad refrenda la continuidad de los programas, servicios y comisiones de trabajo que funcionan actualmente El pasado jueves, 21 de septiembre, tuvo lugar el primer Consejo Provincial de COCEMFE Valencia\u00a0celebrado por la nueva junta directiva que encabeza\u00a0Mar\u00eda Jos\u00e9 Mart\u00ednez Casamayor, actual presidenta de la entidad. Casamayor inform\u00f3 de la continuidad de los programas, proyectos&hellip;&nbsp;Leer m\u00e1s &raquo;COCEMFE Valencia celebra su primer Consejo Provincial bajo la nueva Junta Directiva\" \/>\n<meta property=\"og:url\" content=\"https:\/\/cocemfevalencia.org\/es\/cocemfe-valencia-celebra-su-primer-consejo-provincial-bajo-la-nueva-junta-directiva\/\" \/>\n<meta property=\"og:site_name\" content=\"Cocemfe Valencia\" \/>\n<meta property=\"article:publisher\" content=\"https:\/\/www.facebook.com\/cocemfe.valencia\" \/>\n<meta property=\"article:published_time\" content=\"2023-09-28T13:56:57+00:00\" \/>\n<meta property=\"article:modified_time\" content=\"2023-09-28T14:36:34+00:00\" \/>\n<meta property=\"og:image\" content=\"https:\/\/cocemfevalencia.org\/wp-content\/uploads\/2023\/09\/WhatsApp-Image-2023-09-28-at-16.34.47.jpeg\" \/>\n\t<meta property=\"og:image:width\" content=\"2000\" \/>\n\t<meta property=\"og:image:height\" content=\"900\" \/>\n\t<meta property=\"og:image:type\" content=\"image\/jpeg\" \/>\n<meta name=\"author\" content=\"comunicacio\" \/>\n<meta name=\"twitter:card\" content=\"summary_large_image\" \/>\n<meta name=\"twitter:creator\" content=\"@COCEMFEValencia\" \/>\n<meta name=\"twitter:site\" content=\"@COCEMFEValencia\" \/>\n<meta name=\"twitter:label1\" content=\"Escrito por\" \/>\n\t<meta name=\"twitter:data1\" content=\"comunicacio\" \/>\n\t<meta name=\"twitter:label2\" content=\"Tiempo de lectura\" \/>\n\t<meta name=\"twitter:data2\" content=\"3 minutos\" \/>\n<script type=\"application\/ld+json\" class=\"yoast-schema-graph\">{\"@context\":\"https:\\\/\\\/schema.org\",\"@graph\":[{\"@type\":\"Article\",\"@id\":\"https:\\\/\\\/cocemfevalencia.org\\\/es\\\/cocemfe-valencia-celebra-su-primer-consejo-provincial-bajo-la-nueva-junta-directiva\\\/#article\",\"isPartOf\":{\"@id\":\"https:\\\/\\\/cocemfevalencia.org\\\/es\\\/cocemfe-valencia-celebra-su-primer-consejo-provincial-bajo-la-nueva-junta-directiva\\\/\"},\"author\":{\"name\":\"comunicacio\",\"@id\":\"https:\\\/\\\/cocemfevalencia.org\\\/es\\\/#\\\/schema\\\/person\\\/84dc42180efe17bdafa0a7a8702d24c8\"},\"headline\":\"COCEMFE Valencia celebra su primer Consejo Provincial bajo la nueva Junta Directiva\",\"datePublished\":\"2023-09-28T13:56:57+00:00\",\"dateModified\":\"2023-09-28T14:36:34+00:00\",\"mainEntityOfPage\":{\"@id\":\"https:\\\/\\\/cocemfevalencia.org\\\/es\\\/cocemfe-valencia-celebra-su-primer-consejo-provincial-bajo-la-nueva-junta-directiva\\\/\"},\"wordCount\":418,\"publisher\":{\"@id\":\"https:\\\/\\\/cocemfevalencia.org\\\/es\\\/#organization\"},\"image\":{\"@id\":\"https:\\\/\\\/cocemfevalencia.org\\\/es\\\/cocemfe-valencia-celebra-su-primer-consejo-provincial-bajo-la-nueva-junta-directiva\\\/#primaryimage\"},\"thumbnailUrl\":\"https:\\\/\\\/cocemfevalencia.org\\\/wp-content\\\/uploads\\\/2023\\\/09\\\/WhatsApp-Image-2023-09-28-at-16.34.47.jpeg\",\"keywords\":[\"COCEMFE Valencia\",\"Consejo provincial\",\"discapacidad\",\"Discapacidad Org\u00e1nica\",\"Programas\"],\"articleSection\":[\"Not\u00edcies\"],\"inLanguage\":\"es\"},{\"@type\":\"WebPage\",\"@id\":\"https:\\\/\\\/cocemfevalencia.org\\\/es\\\/cocemfe-valencia-celebra-su-primer-consejo-provincial-bajo-la-nueva-junta-directiva\\\/\",\"url\":\"https:\\\/\\\/cocemfevalencia.org\\\/es\\\/cocemfe-valencia-celebra-su-primer-consejo-provincial-bajo-la-nueva-junta-directiva\\\/\",\"name\":\"COCEMFE Valencia celebra su primer Consejo Provincial bajo la nueva Junta Directiva - Cocemfe Valencia\",\"isPartOf\":{\"@id\":\"https:\\\/\\\/cocemfevalencia.org\\\/es\\\/#website\"},\"primaryImageOfPage\":{\"@id\":\"https:\\\/\\\/cocemfevalencia.org\\\/es\\\/cocemfe-valencia-celebra-su-primer-consejo-provincial-bajo-la-nueva-junta-directiva\\\/#primaryimage\"},\"image\":{\"@id\":\"https:\\\/\\\/cocemfevalencia.org\\\/es\\\/cocemfe-valencia-celebra-su-primer-consejo-provincial-bajo-la-nueva-junta-directiva\\\/#primaryimage\"},\"thumbnailUrl\":\"https:\\\/\\\/cocemfevalencia.org\\\/wp-content\\\/uploads\\\/2023\\\/09\\\/WhatsApp-Image-2023-09-28-at-16.34.47.jpeg\",\"datePublished\":\"2023-09-28T13:56:57+00:00\",\"dateModified\":\"2023-09-28T14:36:34+00:00\",\"breadcrumb\":{\"@id\":\"https:\\\/\\\/cocemfevalencia.org\\\/es\\\/cocemfe-valencia-celebra-su-primer-consejo-provincial-bajo-la-nueva-junta-directiva\\\/#breadcrumb\"},\"inLanguage\":\"es\",\"potentialAction\":[{\"@type\":\"ReadAction\",\"target\":[\"https:\\\/\\\/cocemfevalencia.org\\\/es\\\/cocemfe-valencia-celebra-su-primer-consejo-provincial-bajo-la-nueva-junta-directiva\\\/\"]}]},{\"@type\":\"ImageObject\",\"inLanguage\":\"es\",\"@id\":\"https:\\\/\\\/cocemfevalencia.org\\\/es\\\/cocemfe-valencia-celebra-su-primer-consejo-provincial-bajo-la-nueva-junta-directiva\\\/#primaryimage\",\"url\":\"https:\\\/\\\/cocemfevalencia.org\\\/wp-content\\\/uploads\\\/2023\\\/09\\\/WhatsApp-Image-2023-09-28-at-16.34.47.jpeg\",\"contentUrl\":\"https:\\\/\\\/cocemfevalencia.org\\\/wp-content\\\/uploads\\\/2023\\\/09\\\/WhatsApp-Image-2023-09-28-at-16.34.47.jpeg\",\"width\":2000,\"height\":900},{\"@type\":\"BreadcrumbList\",\"@id\":\"https:\\\/\\\/cocemfevalencia.org\\\/es\\\/cocemfe-valencia-celebra-su-primer-consejo-provincial-bajo-la-nueva-junta-directiva\\\/#breadcrumb\",\"itemListElement\":[{\"@type\":\"ListItem\",\"position\":1,\"name\":\"Portada\",\"item\":\"https:\\\/\\\/cocemfevalencia.org\\\/es\\\/\"},{\"@type\":\"ListItem\",\"position\":2,\"name\":\"COCEMFE Valencia celebra su primer Consejo Provincial bajo la nueva Junta Directiva\"}]},{\"@type\":\"WebSite\",\"@id\":\"https:\\\/\\\/cocemfevalencia.org\\\/es\\\/#website\",\"url\":\"https:\\\/\\\/cocemfevalencia.org\\\/es\\\/\",\"name\":\"Cocemfe Valencia\",\"description\":\"FEDERACI\u00d3N DE ASOCIACIONES DE PERSONAS CON DISCAPACIDAD F\u00cdSICA Y ORG\u00c1NICA DE LA PROV\u00cdNCIA DE VALENCIA\",\"publisher\":{\"@id\":\"https:\\\/\\\/cocemfevalencia.org\\\/es\\\/#organization\"},\"potentialAction\":[{\"@type\":\"SearchAction\",\"target\":{\"@type\":\"EntryPoint\",\"urlTemplate\":\"https:\\\/\\\/cocemfevalencia.org\\\/es\\\/?s={search_term_string}\"},\"query-input\":{\"@type\":\"PropertyValueSpecification\",\"valueRequired\":true,\"valueName\":\"search_term_string\"}}],\"inLanguage\":\"es\"},{\"@type\":\"Organization\",\"@id\":\"https:\\\/\\\/cocemfevalencia.org\\\/es\\\/#organization\",\"name\":\"Cocemfe Valencia\",\"url\":\"https:\\\/\\\/cocemfevalencia.org\\\/es\\\/\",\"logo\":{\"@type\":\"ImageObject\",\"inLanguage\":\"es\",\"@id\":\"https:\\\/\\\/cocemfevalencia.org\\\/es\\\/#\\\/schema\\\/logo\\\/image\\\/\",\"url\":\"https:\\\/\\\/cocemfevalencia.org\\\/wp-content\\\/uploads\\\/2023\\\/03\\\/0312-Horizontal-una-linea-larga-rgb-positivo-Tricolor.png\",\"contentUrl\":\"https:\\\/\\\/cocemfevalencia.org\\\/wp-content\\\/uploads\\\/2023\\\/03\\\/0312-Horizontal-una-linea-larga-rgb-positivo-Tricolor.png\",\"width\":2334,\"height\":613,\"caption\":\"Cocemfe Valencia\"},\"image\":{\"@id\":\"https:\\\/\\\/cocemfevalencia.org\\\/es\\\/#\\\/schema\\\/logo\\\/image\\\/\"},\"sameAs\":[\"https:\\\/\\\/www.facebook.com\\\/cocemfe.valencia\",\"https:\\\/\\\/x.com\\\/COCEMFEValencia\"]},{\"@type\":\"Person\",\"@id\":\"https:\\\/\\\/cocemfevalencia.org\\\/es\\\/#\\\/schema\\\/person\\\/84dc42180efe17bdafa0a7a8702d24c8\",\"name\":\"comunicacio\",\"image\":{\"@type\":\"ImageObject\",\"inLanguage\":\"es\",\"@id\":\"https:\\\/\\\/secure.gravatar.com\\\/avatar\\\/cc921e89975f546bc4139f170e59e0d573a099452a8a989eb18e18cda2e7227a?s=96&d=mm&r=g\",\"url\":\"https:\\\/\\\/secure.gravatar.com\\\/avatar\\\/cc921e89975f546bc4139f170e59e0d573a099452a8a989eb18e18cda2e7227a?s=96&d=mm&r=g\",\"contentUrl\":\"https:\\\/\\\/secure.gravatar.com\\\/avatar\\\/cc921e89975f546bc4139f170e59e0d573a099452a8a989eb18e18cda2e7227a?s=96&d=mm&r=g\",\"caption\":\"comunicacio\"}}]}<\/script>\n<!-- \/ Yoast SEO plugin. -->","yoast_head_json":{"title":"COCEMFE Valencia celebra su primer Consejo Provincial bajo la nueva Junta Directiva - Cocemfe Valencia","robots":{"index":"index","follow":"follow","max-snippet":"max-snippet:-1","max-image-preview":"max-image-preview:large","max-video-preview":"max-video-preview:-1"},"canonical":"https:\/\/cocemfevalencia.org\/es\/cocemfe-valencia-celebra-su-primer-consejo-provincial-bajo-la-nueva-junta-directiva\/","og_locale":"es_ES","og_type":"article","og_title":"COCEMFE Valencia celebra su primer Consejo Provincial bajo la nueva Junta Directiva - Cocemfe Valencia","og_description":"La entidad refrenda la continuidad de los programas, servicios y comisiones de trabajo que funcionan actualmente El pasado jueves, 21 de septiembre, tuvo lugar el primer Consejo Provincial de COCEMFE Valencia\u00a0celebrado por la nueva junta directiva que encabeza\u00a0Mar\u00eda Jos\u00e9 Mart\u00ednez Casamayor, actual presidenta de la entidad. Casamayor inform\u00f3 de la continuidad de los programas, proyectos&hellip;&nbsp;Leer m\u00e1s &raquo;COCEMFE Valencia celebra su primer Consejo Provincial bajo la nueva Junta Directiva","og_url":"https:\/\/cocemfevalencia.org\/es\/cocemfe-valencia-celebra-su-primer-consejo-provincial-bajo-la-nueva-junta-directiva\/","og_site_name":"Cocemfe Valencia","article_publisher":"https:\/\/www.facebook.com\/cocemfe.valencia","article_published_time":"2023-09-28T13:56:57+00:00","article_modified_time":"2023-09-28T14:36:34+00:00","og_image":[{"width":2000,"height":900,"url":"https:\/\/cocemfevalencia.org\/wp-content\/uploads\/2023\/09\/WhatsApp-Image-2023-09-28-at-16.34.47.jpeg","type":"image\/jpeg"}],"author":"comunicacio","twitter_card":"summary_large_image","twitter_creator":"@COCEMFEValencia","twitter_site":"@COCEMFEValencia","twitter_misc":{"Escrito por":"comunicacio","Tiempo de lectura":"3 minutos"},"schema":{"@context":"https:\/\/schema.org","@graph":[{"@type":"Article","@id":"https:\/\/cocemfevalencia.org\/es\/cocemfe-valencia-celebra-su-primer-consejo-provincial-bajo-la-nueva-junta-directiva\/#article","isPartOf":{"@id":"https:\/\/cocemfevalencia.org\/es\/cocemfe-valencia-celebra-su-primer-consejo-provincial-bajo-la-nueva-junta-directiva\/"},"author":{"name":"comunicacio","@id":"https:\/\/cocemfevalencia.org\/es\/#\/schema\/person\/84dc42180efe17bdafa0a7a8702d24c8"},"headline":"COCEMFE Valencia celebra su primer Consejo Provincial bajo la nueva Junta Directiva","datePublished":"2023-09-28T13:56:57+00:00","dateModified":"2023-09-28T14:36:34+00:00","mainEntityOfPage":{"@id":"https:\/\/cocemfevalencia.org\/es\/cocemfe-valencia-celebra-su-primer-consejo-provincial-bajo-la-nueva-junta-directiva\/"},"wordCount":418,"publisher":{"@id":"https:\/\/cocemfevalencia.org\/es\/#organization"},"image":{"@id":"https:\/\/cocemfevalencia.org\/es\/cocemfe-valencia-celebra-su-primer-consejo-provincial-bajo-la-nueva-junta-directiva\/#primaryimage"},"thumbnailUrl":"https:\/\/cocemfevalencia.org\/wp-content\/uploads\/2023\/09\/WhatsApp-Image-2023-09-28-at-16.34.47.jpeg","keywords":["COCEMFE Valencia","Consejo provincial","discapacidad","Discapacidad Org\u00e1nica","Programas"],"articleSection":["Not\u00edcies"],"inLanguage":"es"},{"@type":"WebPage","@id":"https:\/\/cocemfevalencia.org\/es\/cocemfe-valencia-celebra-su-primer-consejo-provincial-bajo-la-nueva-junta-directiva\/","url":"https:\/\/cocemfevalencia.org\/es\/cocemfe-valencia-celebra-su-primer-consejo-provincial-bajo-la-nueva-junta-directiva\/","name":"COCEMFE Valencia celebra su primer Consejo Provincial bajo la nueva Junta Directiva - Cocemfe Valencia","isPartOf":{"@id":"https:\/\/cocemfevalencia.org\/es\/#website"},"primaryImageOfPage":{"@id":"https:\/\/cocemfevalencia.org\/es\/cocemfe-valencia-celebra-su-primer-consejo-provincial-bajo-la-nueva-junta-directiva\/#primaryimage"},"image":{"@id":"https:\/\/cocemfevalencia.org\/es\/cocemfe-valencia-celebra-su-primer-consejo-provincial-bajo-la-nueva-junta-directiva\/#primaryimage"},"thumbnailUrl":"https:\/\/cocemfevalencia.org\/wp-content\/uploads\/2023\/09\/WhatsApp-Image-2023-09-28-at-16.34.47.jpeg","datePublished":"2023-09-28T13:56:57+00:00","dateModified":"2023-09-28T14:36:34+00:00","breadcrumb":{"@id":"https:\/\/cocemfevalencia.org\/es\/cocemfe-valencia-celebra-su-primer-consejo-provincial-bajo-la-nueva-junta-directiva\/#breadcrumb"},"inLanguage":"es","potentialAction":[{"@type":"ReadAction","target":["https:\/\/cocemfevalencia.org\/es\/cocemfe-valencia-celebra-su-primer-consejo-provincial-bajo-la-nueva-junta-directiva\/"]}]},{"@type":"ImageObject","inLanguage":"es","@id":"https:\/\/cocemfevalencia.org\/es\/cocemfe-valencia-celebra-su-primer-consejo-provincial-bajo-la-nueva-junta-directiva\/#primaryimage","url":"https:\/\/cocemfevalencia.org\/wp-content\/uploads\/2023\/09\/WhatsApp-Image-2023-09-28-at-16.34.47.jpeg","contentUrl":"https:\/\/cocemfevalencia.org\/wp-content\/uploads\/2023\/09\/WhatsApp-Image-2023-09-28-at-16.34.47.jpeg","width":2000,"height":900},{"@type":"BreadcrumbList","@id":"https:\/\/cocemfevalencia.org\/es\/cocemfe-valencia-celebra-su-primer-consejo-provincial-bajo-la-nueva-junta-directiva\/#breadcrumb","itemListElement":[{"@type":"ListItem","position":1,"name":"Portada","item":"https:\/\/cocemfevalencia.org\/es\/"},{"@type":"ListItem","position":2,"name":"COCEMFE Valencia celebra su primer Consejo Provincial bajo la nueva Junta Directiva"}]},{"@type":"WebSite","@id":"https:\/\/cocemfevalencia.org\/es\/#website","url":"https:\/\/cocemfevalencia.org\/es\/","name":"Cocemfe Valencia","description":"FEDERACI\u00d3N DE ASOCIACIONES DE PERSONAS CON DISCAPACIDAD F\u00cdSICA Y ORG\u00c1NICA DE LA PROV\u00cdNCIA DE VALENCIA","publisher":{"@id":"https:\/\/cocemfevalencia.org\/es\/#organization"},"potentialAction":[{"@type":"SearchAction","target":{"@type":"EntryPoint","urlTemplate":"https:\/\/cocemfevalencia.org\/es\/?s={search_term_string}"},"query-input":{"@type":"PropertyValueSpecification","valueRequired":true,"valueName":"search_term_string"}}],"inLanguage":"es"},{"@type":"Organization","@id":"https:\/\/cocemfevalencia.org\/es\/#organization","name":"Cocemfe Valencia","url":"https:\/\/cocemfevalencia.org\/es\/","logo":{"@type":"ImageObject","inLanguage":"es","@id":"https:\/\/cocemfevalencia.org\/es\/#\/schema\/logo\/image\/","url":"https:\/\/cocemfevalencia.org\/wp-content\/uploads\/2023\/03\/0312-Horizontal-una-linea-larga-rgb-positivo-Tricolor.png","contentUrl":"https:\/\/cocemfevalencia.org\/wp-content\/uploads\/2023\/03\/0312-Horizontal-una-linea-larga-rgb-positivo-Tricolor.png","width":2334,"height":613,"caption":"Cocemfe Valencia"},"image":{"@id":"https:\/\/cocemfevalencia.org\/es\/#\/schema\/logo\/image\/"},"sameAs":["https:\/\/www.facebook.com\/cocemfe.valencia","https:\/\/x.com\/COCEMFEValencia"]},{"@type":"Person","@id":"https:\/\/cocemfevalencia.org\/es\/#\/schema\/person\/84dc42180efe17bdafa0a7a8702d24c8","name":"comunicacio","image":{"@type":"ImageObject","inLanguage":"es","@id":"https:\/\/secure.gravatar.com\/avatar\/cc921e89975f546bc4139f170e59e0d573a099452a8a989eb18e18cda2e7227a?s=96&d=mm&r=g","url":"https:\/\/secure.gravatar.com\/avatar\/cc921e89975f546bc4139f170e59e0d573a099452a8a989eb18e18cda2e7227a?s=96&d=mm&r=g","contentUrl":"https:\/\/secure.gravatar.com\/avatar\/cc921e89975f546bc4139f170e59e0d573a099452a8a989eb18e18cda2e7227a?s=96&d=mm&r=g","caption":"comunicacio"}}]}},"_links":{"self":[{"href":"https:\/\/cocemfevalencia.org\/es\/wp-json\/wp\/v2\/posts\/12578","targetHints":{"allow":["GET"]}}],"collection":[{"href":"https:\/\/cocemfevalencia.org\/es\/wp-json\/wp\/v2\/posts"}],"about":[{"href":"https:\/\/cocemfevalencia.org\/es\/wp-json\/wp\/v2\/types\/post"}],"author":[{"embeddable":true,"href":"https:\/\/cocemfevalencia.org\/es\/wp-json\/wp\/v2\/users\/5"}],"replies":[{"embeddable":true,"href":"https:\/\/cocemfevalencia.org\/es\/wp-json\/wp\/v2\/comments?post=12578"}],"version-history":[{"count":12,"href":"https:\/\/cocemfevalencia.org\/es\/wp-json\/wp\/v2\/posts\/12578\/revisions"}],"predecessor-version":[{"id":12605,"href":"https:\/\/cocemfevalencia.org\/es\/wp-json\/wp\/v2\/posts\/12578\/revisions\/12605"}],"wp:featuredmedia":[{"embeddable":true,"href":"https:\/\/cocemfevalencia.org\/es\/wp-json\/wp\/v2\/media\/12611"}],"wp:attachment":[{"href":"https:\/\/cocemfevalencia.org\/es\/wp-json\/wp\/v2\/media?parent=12578"}],"wp:term":[{"taxonomy":"category","embeddable":true,"href":"https:\/\/cocemfevalencia.org\/es\/wp-json\/wp\/v2\/categories?post=12578"},{"taxonomy":"post_tag","embeddable":true,"href":"https:\/\/cocemfevalencia.org\/es\/wp-json\/wp\/v2\/tags?post=12578"}],"curies":[{"name":"wp","href":"https:\/\/api.w.org\/{rel}","templated":true}]}}