{"id":12658,"date":"2023-10-05T17:17:56","date_gmt":"2023-10-05T15:17:56","guid":{"rendered":"https:\/\/cocemfevalencia.org\/?p=12658"},"modified":"2023-10-05T17:33:10","modified_gmt":"2023-10-05T15:33:10","slug":"el-grupo-de-ocio-inclusivo-monanem-arranca-su-segundo-ano-sumate","status":"publish","type":"post","link":"https:\/\/cocemfevalencia.org\/es\/el-grupo-de-ocio-inclusivo-monanem-arranca-su-segundo-ano-sumate\/","title":{"rendered":"El grupo de ocio inclusivo \u2018Monanem\u2019 arranca su segundo a\u00f1o. S\u00famate!"},"content":{"rendered":"<ul>\n<li><b>La iniciativa coordinada por Mar G\u00f3mez se dirige a personas con discapacidad f\u00edsica y org\u00e1nica mayores de 18 a\u00f1os<\/b><\/li>\n<\/ul>\n<p>&nbsp;<\/p>\n<p><span style=\"font-weight: 400;\">Con el mes de octubre vuelven algunas de las iniciativas m\u00e1s interesantes de COCEMFE Valencia, como el <strong>grupo de ocio inclusivo <a href=\"https:\/\/cocemfevalencia.org\/es\/ocio-inclusivo\/\">\u2018Monanem\u2019<\/a><\/strong>, un proyecto que, <strong>coordinado por Mar G\u00f3mez<\/strong>, propone una serie de<strong> actividades de tiempo libre<\/strong> de diferentes perfiles para personas mayores de 18 a\u00f1os con <strong>discapacidad f\u00edsica y org\u00e1nica<\/strong> con el objetivo de mejorar la <strong>autonom\u00eda personal<\/strong>, as\u00ed como su integraci\u00f3n social.<\/span><\/p>\n<p><span style=\"font-weight: 400;\">En su primer a\u00f1o de funcionamiento, propuestas como la visita a la<strong> exposici\u00f3n del pintor impresionista Joaqu\u00edn Sorolla<\/strong>, el recorrido por el <strong>centro hist\u00f3rico de la ciudad de Valencia<\/strong>, o la realizaci\u00f3n de un<strong> cine forum<\/strong> alrededor de la pel\u00edcula \u2018La consagraci\u00f3n de la primavera\u2019 fueron algunas de las acciones m\u00e1s destacadas de la iniciativa.<\/span><\/p>\n<p><span style=\"font-weight: 400;\">Aunque todav\u00eda se est\u00e1 trabajando en la nueva programaci\u00f3n, durante este segundo periodo se mantendr\u00e1n algunas de las actividades ya realizadas, como el <strong>taller de m\u00fasica con material reciclado<\/strong>, entre otras.<\/span><\/p>\n<p><span style=\"font-weight: 400;\">El <strong>jueves 28 de septiembre<\/strong> se llev\u00f3 a cabo una<strong> reuni\u00f3n<\/strong> en la sede de COCEMFE Valencia entre la coordinadora de \u2018Monanem\u2019, Mar G\u00f3mez, y aquellas personas que ya forman parte del grupo de ocio inclusivo, con la finalidad de <strong>recordar las din\u00e1micas<\/strong> del mismo, as\u00ed como lanzar <strong>propuestas colectivas<\/strong> para enriquecer el programa.<\/span><\/p>\n<p><span style=\"font-weight: 400;\">Si est\u00e1s interesada\/o en<strong> formar parte de este grupo<\/strong>, puedes obtener m\u00e1s informaci\u00f3n y descubrir c\u00f3mo apuntarte a trav\u00e9s del siguiente enlace: <\/span><a href=\"https:\/\/cocemfevalencia.org\/es\/ocio-inclusivo\/\"><span style=\"font-weight: 400;\"><strong>https:\/\/cocemfevalencia.org\/es\/ocio-inclusivo\/<\/strong><\/span><\/a><\/p>\n<p>Visitas: 15<\/p>","protected":false},"excerpt":{"rendered":"<p>La iniciativa coordinada por Mar G\u00f3mez se dirige a personas con discapacidad f\u00edsica y org\u00e1nica mayores de 18 a\u00f1os &nbsp; Con el mes de octubre vuelven algunas de las iniciativas m\u00e1s interesantes de COCEMFE Valencia, como el grupo de ocio inclusivo \u2018Monanem\u2019, un proyecto que, coordinado por Mar G\u00f3mez, propone una serie de actividades de&hellip;&nbsp;<a href=\"https:\/\/cocemfevalencia.org\/es\/el-grupo-de-ocio-inclusivo-monanem-arranca-su-segundo-ano-sumate\/\" rel=\"bookmark\">Leer m\u00e1s &raquo;<span class=\"screen-reader-text\">El grupo de ocio inclusivo \u2018Monanem\u2019 arranca su segundo a\u00f1o. S\u00famate!<\/span><\/a><\/p>\n","protected":false},"author":5,"featured_media":12656,"comment_status":"closed","ping_status":"closed","sticky":false,"template":"","format":"standard","meta":{"rop_custom_images_group":[],"rop_custom_messages_group":[],"rop_publish_now":"initial","rop_publish_now_accounts":[],"rop_publish_now_history":[],"rop_publish_now_status":"pending","neve_meta_sidebar":"","neve_meta_container":"","neve_meta_enable_content_width":"off","neve_meta_content_width":70,"neve_meta_title_alignment":"","neve_meta_author_avatar":"","neve_post_elements_order":"","neve_meta_disable_header":"","neve_meta_disable_footer":"","neve_meta_disable_title":"","footnotes":""},"categories":[5],"tags":[402,8,403,404,405,406,407],"class_list":["post-12658","post","type-post","status-publish","format-standard","has-post-thumbnail","hentry","category-noticias","tag-actividades-culturales-es","tag-discapacidad","tag-exposiciones-es","tag-monanem-es","tag-ocio-es","tag-ocio-inclusivo-es","tag-tiempo-libre-es"],"yoast_head":"<!-- This site is optimized with the Yoast SEO plugin v27.3 - https:\/\/yoast.com\/product\/yoast-seo-wordpress\/ -->\n<title>El grupo de ocio inclusivo \u2018Monanem\u2019 arranca su segundo a\u00f1o. S\u00famate! - Cocemfe Valencia<\/title>\n<meta name=\"robots\" content=\"index, follow, max-snippet:-1, max-image-preview:large, max-video-preview:-1\" \/>\n<link rel=\"canonical\" href=\"https:\/\/cocemfevalencia.org\/es\/el-grupo-de-ocio-inclusivo-monanem-arranca-su-segundo-ano-sumate\/\" \/>\n<meta property=\"og:locale\" content=\"es_ES\" \/>\n<meta property=\"og:type\" content=\"article\" \/>\n<meta property=\"og:title\" content=\"El grupo de ocio inclusivo \u2018Monanem\u2019 arranca su segundo a\u00f1o. S\u00famate! - Cocemfe Valencia\" \/>\n<meta property=\"og:description\" content=\"La iniciativa coordinada por Mar G\u00f3mez se dirige a personas con discapacidad f\u00edsica y org\u00e1nica mayores de 18 a\u00f1os &nbsp; Con el mes de octubre vuelven algunas de las iniciativas m\u00e1s interesantes de COCEMFE Valencia, como el grupo de ocio inclusivo \u2018Monanem\u2019, un proyecto que, coordinado por Mar G\u00f3mez, propone una serie de actividades de&hellip;&nbsp;Leer m\u00e1s &raquo;El grupo de ocio inclusivo \u2018Monanem\u2019 arranca su segundo a\u00f1o. S\u00famate!\" \/>\n<meta property=\"og:url\" content=\"https:\/\/cocemfevalencia.org\/es\/el-grupo-de-ocio-inclusivo-monanem-arranca-su-segundo-ano-sumate\/\" \/>\n<meta property=\"og:site_name\" content=\"Cocemfe Valencia\" \/>\n<meta property=\"article:publisher\" content=\"https:\/\/www.facebook.com\/cocemfe.valencia\" \/>\n<meta property=\"article:published_time\" content=\"2023-10-05T15:17:56+00:00\" \/>\n<meta property=\"article:modified_time\" content=\"2023-10-05T15:33:10+00:00\" \/>\n<meta property=\"og:image\" content=\"https:\/\/cocemfevalencia.org\/wp-content\/uploads\/2023\/10\/WhatsApp-Image-2023-10-03-at-10.49.28.jpeg\" \/>\n\t<meta property=\"og:image:width\" content=\"2048\" \/>\n\t<meta property=\"og:image:height\" content=\"1536\" \/>\n\t<meta property=\"og:image:type\" content=\"image\/jpeg\" \/>\n<meta name=\"author\" content=\"comunicacio\" \/>\n<meta name=\"twitter:card\" content=\"summary_large_image\" \/>\n<meta name=\"twitter:creator\" content=\"@COCEMFEValencia\" \/>\n<meta name=\"twitter:site\" content=\"@COCEMFEValencia\" \/>\n<meta name=\"twitter:label1\" content=\"Escrito por\" \/>\n\t<meta name=\"twitter:data1\" content=\"comunicacio\" \/>\n\t<meta name=\"twitter:label2\" content=\"Tiempo de lectura\" \/>\n\t<meta name=\"twitter:data2\" content=\"2 minutos\" \/>\n<script type=\"application\/ld+json\" class=\"yoast-schema-graph\">{\"@context\":\"https:\\\/\\\/schema.org\",\"@graph\":[{\"@type\":\"Article\",\"@id\":\"https:\\\/\\\/cocemfevalencia.org\\\/es\\\/el-grupo-de-ocio-inclusivo-monanem-arranca-su-segundo-ano-sumate\\\/#article\",\"isPartOf\":{\"@id\":\"https:\\\/\\\/cocemfevalencia.org\\\/es\\\/el-grupo-de-ocio-inclusivo-monanem-arranca-su-segundo-ano-sumate\\\/\"},\"author\":{\"name\":\"comunicacio\",\"@id\":\"https:\\\/\\\/cocemfevalencia.org\\\/es\\\/#\\\/schema\\\/person\\\/84dc42180efe17bdafa0a7a8702d24c8\"},\"headline\":\"El grupo de ocio inclusivo \u2018Monanem\u2019 arranca su segundo a\u00f1o. S\u00famate!\",\"datePublished\":\"2023-10-05T15:17:56+00:00\",\"dateModified\":\"2023-10-05T15:33:10+00:00\",\"mainEntityOfPage\":{\"@id\":\"https:\\\/\\\/cocemfevalencia.org\\\/es\\\/el-grupo-de-ocio-inclusivo-monanem-arranca-su-segundo-ano-sumate\\\/\"},\"wordCount\":293,\"publisher\":{\"@id\":\"https:\\\/\\\/cocemfevalencia.org\\\/es\\\/#organization\"},\"image\":{\"@id\":\"https:\\\/\\\/cocemfevalencia.org\\\/es\\\/el-grupo-de-ocio-inclusivo-monanem-arranca-su-segundo-ano-sumate\\\/#primaryimage\"},\"thumbnailUrl\":\"https:\\\/\\\/cocemfevalencia.org\\\/wp-content\\\/uploads\\\/2023\\\/10\\\/WhatsApp-Image-2023-10-03-at-10.49.28.jpeg\",\"keywords\":[\"actividades culturales\",\"discapacidad\",\"Exposiciones\",\"Monanem\",\"ocio\",\"Ocio Inclusivo\",\"Tiempo libre\"],\"articleSection\":[\"Not\u00edcies\"],\"inLanguage\":\"es\"},{\"@type\":\"WebPage\",\"@id\":\"https:\\\/\\\/cocemfevalencia.org\\\/es\\\/el-grupo-de-ocio-inclusivo-monanem-arranca-su-segundo-ano-sumate\\\/\",\"url\":\"https:\\\/\\\/cocemfevalencia.org\\\/es\\\/el-grupo-de-ocio-inclusivo-monanem-arranca-su-segundo-ano-sumate\\\/\",\"name\":\"El grupo de ocio inclusivo \u2018Monanem\u2019 arranca su segundo a\u00f1o. S\u00famate! - Cocemfe Valencia\",\"isPartOf\":{\"@id\":\"https:\\\/\\\/cocemfevalencia.org\\\/es\\\/#website\"},\"primaryImageOfPage\":{\"@id\":\"https:\\\/\\\/cocemfevalencia.org\\\/es\\\/el-grupo-de-ocio-inclusivo-monanem-arranca-su-segundo-ano-sumate\\\/#primaryimage\"},\"image\":{\"@id\":\"https:\\\/\\\/cocemfevalencia.org\\\/es\\\/el-grupo-de-ocio-inclusivo-monanem-arranca-su-segundo-ano-sumate\\\/#primaryimage\"},\"thumbnailUrl\":\"https:\\\/\\\/cocemfevalencia.org\\\/wp-content\\\/uploads\\\/2023\\\/10\\\/WhatsApp-Image-2023-10-03-at-10.49.28.jpeg\",\"datePublished\":\"2023-10-05T15:17:56+00:00\",\"dateModified\":\"2023-10-05T15:33:10+00:00\",\"breadcrumb\":{\"@id\":\"https:\\\/\\\/cocemfevalencia.org\\\/es\\\/el-grupo-de-ocio-inclusivo-monanem-arranca-su-segundo-ano-sumate\\\/#breadcrumb\"},\"inLanguage\":\"es\",\"potentialAction\":[{\"@type\":\"ReadAction\",\"target\":[\"https:\\\/\\\/cocemfevalencia.org\\\/es\\\/el-grupo-de-ocio-inclusivo-monanem-arranca-su-segundo-ano-sumate\\\/\"]}]},{\"@type\":\"ImageObject\",\"inLanguage\":\"es\",\"@id\":\"https:\\\/\\\/cocemfevalencia.org\\\/es\\\/el-grupo-de-ocio-inclusivo-monanem-arranca-su-segundo-ano-sumate\\\/#primaryimage\",\"url\":\"https:\\\/\\\/cocemfevalencia.org\\\/wp-content\\\/uploads\\\/2023\\\/10\\\/WhatsApp-Image-2023-10-03-at-10.49.28.jpeg\",\"contentUrl\":\"https:\\\/\\\/cocemfevalencia.org\\\/wp-content\\\/uploads\\\/2023\\\/10\\\/WhatsApp-Image-2023-10-03-at-10.49.28.jpeg\",\"width\":2048,\"height\":1536},{\"@type\":\"BreadcrumbList\",\"@id\":\"https:\\\/\\\/cocemfevalencia.org\\\/es\\\/el-grupo-de-ocio-inclusivo-monanem-arranca-su-segundo-ano-sumate\\\/#breadcrumb\",\"itemListElement\":[{\"@type\":\"ListItem\",\"position\":1,\"name\":\"Portada\",\"item\":\"https:\\\/\\\/cocemfevalencia.org\\\/es\\\/\"},{\"@type\":\"ListItem\",\"position\":2,\"name\":\"El grupo de ocio inclusivo \u2018Monanem\u2019 arranca su segundo a\u00f1o. S\u00famate!\"}]},{\"@type\":\"WebSite\",\"@id\":\"https:\\\/\\\/cocemfevalencia.org\\\/es\\\/#website\",\"url\":\"https:\\\/\\\/cocemfevalencia.org\\\/es\\\/\",\"name\":\"Cocemfe Valencia\",\"description\":\"FEDERACI\u00d3N DE ASOCIACIONES DE PERSONAS CON DISCAPACIDAD F\u00cdSICA Y ORG\u00c1NICA DE LA PROV\u00cdNCIA DE VALENCIA\",\"publisher\":{\"@id\":\"https:\\\/\\\/cocemfevalencia.org\\\/es\\\/#organization\"},\"potentialAction\":[{\"@type\":\"SearchAction\",\"target\":{\"@type\":\"EntryPoint\",\"urlTemplate\":\"https:\\\/\\\/cocemfevalencia.org\\\/es\\\/?s={search_term_string}\"},\"query-input\":{\"@type\":\"PropertyValueSpecification\",\"valueRequired\":true,\"valueName\":\"search_term_string\"}}],\"inLanguage\":\"es\"},{\"@type\":\"Organization\",\"@id\":\"https:\\\/\\\/cocemfevalencia.org\\\/es\\\/#organization\",\"name\":\"Cocemfe Valencia\",\"url\":\"https:\\\/\\\/cocemfevalencia.org\\\/es\\\/\",\"logo\":{\"@type\":\"ImageObject\",\"inLanguage\":\"es\",\"@id\":\"https:\\\/\\\/cocemfevalencia.org\\\/es\\\/#\\\/schema\\\/logo\\\/image\\\/\",\"url\":\"https:\\\/\\\/cocemfevalencia.org\\\/wp-content\\\/uploads\\\/2023\\\/03\\\/0312-Horizontal-una-linea-larga-rgb-positivo-Tricolor.png\",\"contentUrl\":\"https:\\\/\\\/cocemfevalencia.org\\\/wp-content\\\/uploads\\\/2023\\\/03\\\/0312-Horizontal-una-linea-larga-rgb-positivo-Tricolor.png\",\"width\":2334,\"height\":613,\"caption\":\"Cocemfe Valencia\"},\"image\":{\"@id\":\"https:\\\/\\\/cocemfevalencia.org\\\/es\\\/#\\\/schema\\\/logo\\\/image\\\/\"},\"sameAs\":[\"https:\\\/\\\/www.facebook.com\\\/cocemfe.valencia\",\"https:\\\/\\\/x.com\\\/COCEMFEValencia\"]},{\"@type\":\"Person\",\"@id\":\"https:\\\/\\\/cocemfevalencia.org\\\/es\\\/#\\\/schema\\\/person\\\/84dc42180efe17bdafa0a7a8702d24c8\",\"name\":\"comunicacio\",\"image\":{\"@type\":\"ImageObject\",\"inLanguage\":\"es\",\"@id\":\"https:\\\/\\\/secure.gravatar.com\\\/avatar\\\/cc921e89975f546bc4139f170e59e0d573a099452a8a989eb18e18cda2e7227a?s=96&d=mm&r=g\",\"url\":\"https:\\\/\\\/secure.gravatar.com\\\/avatar\\\/cc921e89975f546bc4139f170e59e0d573a099452a8a989eb18e18cda2e7227a?s=96&d=mm&r=g\",\"contentUrl\":\"https:\\\/\\\/secure.gravatar.com\\\/avatar\\\/cc921e89975f546bc4139f170e59e0d573a099452a8a989eb18e18cda2e7227a?s=96&d=mm&r=g\",\"caption\":\"comunicacio\"}}]}<\/script>\n<!-- \/ Yoast SEO plugin. -->","yoast_head_json":{"title":"El grupo de ocio inclusivo \u2018Monanem\u2019 arranca su segundo a\u00f1o. S\u00famate! - Cocemfe Valencia","robots":{"index":"index","follow":"follow","max-snippet":"max-snippet:-1","max-image-preview":"max-image-preview:large","max-video-preview":"max-video-preview:-1"},"canonical":"https:\/\/cocemfevalencia.org\/es\/el-grupo-de-ocio-inclusivo-monanem-arranca-su-segundo-ano-sumate\/","og_locale":"es_ES","og_type":"article","og_title":"El grupo de ocio inclusivo \u2018Monanem\u2019 arranca su segundo a\u00f1o. S\u00famate! - Cocemfe Valencia","og_description":"La iniciativa coordinada por Mar G\u00f3mez se dirige a personas con discapacidad f\u00edsica y org\u00e1nica mayores de 18 a\u00f1os &nbsp; Con el mes de octubre vuelven algunas de las iniciativas m\u00e1s interesantes de COCEMFE Valencia, como el grupo de ocio inclusivo \u2018Monanem\u2019, un proyecto que, coordinado por Mar G\u00f3mez, propone una serie de actividades de&hellip;&nbsp;Leer m\u00e1s &raquo;El grupo de ocio inclusivo \u2018Monanem\u2019 arranca su segundo a\u00f1o. S\u00famate!","og_url":"https:\/\/cocemfevalencia.org\/es\/el-grupo-de-ocio-inclusivo-monanem-arranca-su-segundo-ano-sumate\/","og_site_name":"Cocemfe Valencia","article_publisher":"https:\/\/www.facebook.com\/cocemfe.valencia","article_published_time":"2023-10-05T15:17:56+00:00","article_modified_time":"2023-10-05T15:33:10+00:00","og_image":[{"width":2048,"height":1536,"url":"https:\/\/cocemfevalencia.org\/wp-content\/uploads\/2023\/10\/WhatsApp-Image-2023-10-03-at-10.49.28.jpeg","type":"image\/jpeg"}],"author":"comunicacio","twitter_card":"summary_large_image","twitter_creator":"@COCEMFEValencia","twitter_site":"@COCEMFEValencia","twitter_misc":{"Escrito por":"comunicacio","Tiempo de lectura":"2 minutos"},"schema":{"@context":"https:\/\/schema.org","@graph":[{"@type":"Article","@id":"https:\/\/cocemfevalencia.org\/es\/el-grupo-de-ocio-inclusivo-monanem-arranca-su-segundo-ano-sumate\/#article","isPartOf":{"@id":"https:\/\/cocemfevalencia.org\/es\/el-grupo-de-ocio-inclusivo-monanem-arranca-su-segundo-ano-sumate\/"},"author":{"name":"comunicacio","@id":"https:\/\/cocemfevalencia.org\/es\/#\/schema\/person\/84dc42180efe17bdafa0a7a8702d24c8"},"headline":"El grupo de ocio inclusivo \u2018Monanem\u2019 arranca su segundo a\u00f1o. S\u00famate!","datePublished":"2023-10-05T15:17:56+00:00","dateModified":"2023-10-05T15:33:10+00:00","mainEntityOfPage":{"@id":"https:\/\/cocemfevalencia.org\/es\/el-grupo-de-ocio-inclusivo-monanem-arranca-su-segundo-ano-sumate\/"},"wordCount":293,"publisher":{"@id":"https:\/\/cocemfevalencia.org\/es\/#organization"},"image":{"@id":"https:\/\/cocemfevalencia.org\/es\/el-grupo-de-ocio-inclusivo-monanem-arranca-su-segundo-ano-sumate\/#primaryimage"},"thumbnailUrl":"https:\/\/cocemfevalencia.org\/wp-content\/uploads\/2023\/10\/WhatsApp-Image-2023-10-03-at-10.49.28.jpeg","keywords":["actividades culturales","discapacidad","Exposiciones","Monanem","ocio","Ocio Inclusivo","Tiempo libre"],"articleSection":["Not\u00edcies"],"inLanguage":"es"},{"@type":"WebPage","@id":"https:\/\/cocemfevalencia.org\/es\/el-grupo-de-ocio-inclusivo-monanem-arranca-su-segundo-ano-sumate\/","url":"https:\/\/cocemfevalencia.org\/es\/el-grupo-de-ocio-inclusivo-monanem-arranca-su-segundo-ano-sumate\/","name":"El grupo de ocio inclusivo \u2018Monanem\u2019 arranca su segundo a\u00f1o. S\u00famate! - Cocemfe Valencia","isPartOf":{"@id":"https:\/\/cocemfevalencia.org\/es\/#website"},"primaryImageOfPage":{"@id":"https:\/\/cocemfevalencia.org\/es\/el-grupo-de-ocio-inclusivo-monanem-arranca-su-segundo-ano-sumate\/#primaryimage"},"image":{"@id":"https:\/\/cocemfevalencia.org\/es\/el-grupo-de-ocio-inclusivo-monanem-arranca-su-segundo-ano-sumate\/#primaryimage"},"thumbnailUrl":"https:\/\/cocemfevalencia.org\/wp-content\/uploads\/2023\/10\/WhatsApp-Image-2023-10-03-at-10.49.28.jpeg","datePublished":"2023-10-05T15:17:56+00:00","dateModified":"2023-10-05T15:33:10+00:00","breadcrumb":{"@id":"https:\/\/cocemfevalencia.org\/es\/el-grupo-de-ocio-inclusivo-monanem-arranca-su-segundo-ano-sumate\/#breadcrumb"},"inLanguage":"es","potentialAction":[{"@type":"ReadAction","target":["https:\/\/cocemfevalencia.org\/es\/el-grupo-de-ocio-inclusivo-monanem-arranca-su-segundo-ano-sumate\/"]}]},{"@type":"ImageObject","inLanguage":"es","@id":"https:\/\/cocemfevalencia.org\/es\/el-grupo-de-ocio-inclusivo-monanem-arranca-su-segundo-ano-sumate\/#primaryimage","url":"https:\/\/cocemfevalencia.org\/wp-content\/uploads\/2023\/10\/WhatsApp-Image-2023-10-03-at-10.49.28.jpeg","contentUrl":"https:\/\/cocemfevalencia.org\/wp-content\/uploads\/2023\/10\/WhatsApp-Image-2023-10-03-at-10.49.28.jpeg","width":2048,"height":1536},{"@type":"BreadcrumbList","@id":"https:\/\/cocemfevalencia.org\/es\/el-grupo-de-ocio-inclusivo-monanem-arranca-su-segundo-ano-sumate\/#breadcrumb","itemListElement":[{"@type":"ListItem","position":1,"name":"Portada","item":"https:\/\/cocemfevalencia.org\/es\/"},{"@type":"ListItem","position":2,"name":"El grupo de ocio inclusivo \u2018Monanem\u2019 arranca su segundo a\u00f1o. S\u00famate!"}]},{"@type":"WebSite","@id":"https:\/\/cocemfevalencia.org\/es\/#website","url":"https:\/\/cocemfevalencia.org\/es\/","name":"Cocemfe Valencia","description":"FEDERACI\u00d3N DE ASOCIACIONES DE PERSONAS CON DISCAPACIDAD F\u00cdSICA Y ORG\u00c1NICA DE LA PROV\u00cdNCIA DE VALENCIA","publisher":{"@id":"https:\/\/cocemfevalencia.org\/es\/#organization"},"potentialAction":[{"@type":"SearchAction","target":{"@type":"EntryPoint","urlTemplate":"https:\/\/cocemfevalencia.org\/es\/?s={search_term_string}"},"query-input":{"@type":"PropertyValueSpecification","valueRequired":true,"valueName":"search_term_string"}}],"inLanguage":"es"},{"@type":"Organization","@id":"https:\/\/cocemfevalencia.org\/es\/#organization","name":"Cocemfe Valencia","url":"https:\/\/cocemfevalencia.org\/es\/","logo":{"@type":"ImageObject","inLanguage":"es","@id":"https:\/\/cocemfevalencia.org\/es\/#\/schema\/logo\/image\/","url":"https:\/\/cocemfevalencia.org\/wp-content\/uploads\/2023\/03\/0312-Horizontal-una-linea-larga-rgb-positivo-Tricolor.png","contentUrl":"https:\/\/cocemfevalencia.org\/wp-content\/uploads\/2023\/03\/0312-Horizontal-una-linea-larga-rgb-positivo-Tricolor.png","width":2334,"height":613,"caption":"Cocemfe Valencia"},"image":{"@id":"https:\/\/cocemfevalencia.org\/es\/#\/schema\/logo\/image\/"},"sameAs":["https:\/\/www.facebook.com\/cocemfe.valencia","https:\/\/x.com\/COCEMFEValencia"]},{"@type":"Person","@id":"https:\/\/cocemfevalencia.org\/es\/#\/schema\/person\/84dc42180efe17bdafa0a7a8702d24c8","name":"comunicacio","image":{"@type":"ImageObject","inLanguage":"es","@id":"https:\/\/secure.gravatar.com\/avatar\/cc921e89975f546bc4139f170e59e0d573a099452a8a989eb18e18cda2e7227a?s=96&d=mm&r=g","url":"https:\/\/secure.gravatar.com\/avatar\/cc921e89975f546bc4139f170e59e0d573a099452a8a989eb18e18cda2e7227a?s=96&d=mm&r=g","contentUrl":"https:\/\/secure.gravatar.com\/avatar\/cc921e89975f546bc4139f170e59e0d573a099452a8a989eb18e18cda2e7227a?s=96&d=mm&r=g","caption":"comunicacio"}}]}},"_links":{"self":[{"href":"https:\/\/cocemfevalencia.org\/es\/wp-json\/wp\/v2\/posts\/12658","targetHints":{"allow":["GET"]}}],"collection":[{"href":"https:\/\/cocemfevalencia.org\/es\/wp-json\/wp\/v2\/posts"}],"about":[{"href":"https:\/\/cocemfevalencia.org\/es\/wp-json\/wp\/v2\/types\/post"}],"author":[{"embeddable":true,"href":"https:\/\/cocemfevalencia.org\/es\/wp-json\/wp\/v2\/users\/5"}],"replies":[{"embeddable":true,"href":"https:\/\/cocemfevalencia.org\/es\/wp-json\/wp\/v2\/comments?post=12658"}],"version-history":[{"count":1,"href":"https:\/\/cocemfevalencia.org\/es\/wp-json\/wp\/v2\/posts\/12658\/revisions"}],"predecessor-version":[{"id":12659,"href":"https:\/\/cocemfevalencia.org\/es\/wp-json\/wp\/v2\/posts\/12658\/revisions\/12659"}],"wp:featuredmedia":[{"embeddable":true,"href":"https:\/\/cocemfevalencia.org\/es\/wp-json\/wp\/v2\/media\/12656"}],"wp:attachment":[{"href":"https:\/\/cocemfevalencia.org\/es\/wp-json\/wp\/v2\/media?parent=12658"}],"wp:term":[{"taxonomy":"category","embeddable":true,"href":"https:\/\/cocemfevalencia.org\/es\/wp-json\/wp\/v2\/categories?post=12658"},{"taxonomy":"post_tag","embeddable":true,"href":"https:\/\/cocemfevalencia.org\/es\/wp-json\/wp\/v2\/tags?post=12658"}],"curies":[{"name":"wp","href":"https:\/\/api.w.org\/{rel}","templated":true}]}}