{"id":1294,"date":"2018-07-02T10:17:58","date_gmt":"2018-07-02T10:17:58","guid":{"rendered":"http:\/\/cocemfevalencia.org\/?p=1294"},"modified":"2018-07-02T10:17:58","modified_gmt":"2018-07-02T10:17:58","slug":"concierto-solidario-en-el-palau-de-valencia-voices-of-love-por-la-epilepsia","status":"publish","type":"post","link":"https:\/\/cocemfevalencia.org\/es\/concierto-solidario-en-el-palau-de-valencia-voices-of-love-por-la-epilepsia\/","title":{"rendered":"CONCIERTO SOLIDARIO EN EL PALAU DE VALENCIA \u201cVOICES OF LOVE POR LA EPILEPSIA\u201d"},"content":{"rendered":"<p>Este s\u00e1bado 24 de junio a las 19:30 tuvimos la oportunidad de apoyar a las personas con epilepsia y sus familias acudiendo al Palau de la M\u00fasica de Val\u00e8ncia a ver y o\u00edr el magn\u00edfico concierto \u201cVoices of love por la epilepsia\u201d que nos ofrece United Love Movement, UML.\u00a0<a class=\"_58cn\" href=\"https:\/\/www.facebook.com\/hashtag\/alceepilepsia?source=feed_text\" data-ft=\"{&quot;tn&quot;:&quot;*N&quot;,&quot;type&quot;:104}\"><span class=\"_5afx\"><span class=\"_58cl _5afz\" aria-label=\"numeral\">#<\/span><span class=\"_58cm\">alceepilepsia<\/span><\/span><\/a>\u00a0<a class=\"_58cn\" href=\"https:\/\/www.facebook.com\/hashtag\/concierto?source=feed_text\" data-ft=\"{&quot;tn&quot;:&quot;*N&quot;,&quot;type&quot;:104}\"><span class=\"_5afx\"><span class=\"_58cl _5afz\" aria-label=\"numeral\">#<\/span><span class=\"_58cm\">concierto<\/span><\/span><\/a><\/p>\n<p>Mercedes Alce Epilepsia Valencia<\/p>\n<p><img decoding=\"async\" class=\"alignnone size-full wp-image-1296\" src=\"https:\/\/cocemfevalencia.org\/wp-content\/uploads\/2018\/07\/CARTEL-CONCIERTO-ALCE-24-JUNIO-184x184-1.jpg\" alt=\"\" width=\"184\" height=\"184\" \/>\u00a0<img fetchpriority=\"high\" decoding=\"async\" class=\"alignnone size-medium wp-image-1295\" src=\"https:\/\/cocemfevalencia.org\/wp-content\/uploads\/2018\/07\/9A6A2339-300x200.jpg\" alt=\"\" width=\"300\" height=\"200\" srcset=\"https:\/\/cocemfevalencia.org\/wp-content\/uploads\/2018\/07\/9A6A2339-300x200.jpg 300w, https:\/\/cocemfevalencia.org\/wp-content\/uploads\/2018\/07\/9A6A2339-1024x683.jpg 1024w, https:\/\/cocemfevalencia.org\/wp-content\/uploads\/2018\/07\/9A6A2339-768x512.jpg 768w, https:\/\/cocemfevalencia.org\/wp-content\/uploads\/2018\/07\/9A6A2339-1536x1024.jpg 1536w, https:\/\/cocemfevalencia.org\/wp-content\/uploads\/2018\/07\/9A6A2339-2048x1365.jpg 2048w, https:\/\/cocemfevalencia.org\/wp-content\/uploads\/2018\/07\/9A6A2339-930x620.jpg 930w\" sizes=\"(max-width: 300px) 100vw, 300px\" \/><\/p>\n<p>&nbsp;<\/p>\n<p>Visitas: 3<\/p>","protected":false},"excerpt":{"rendered":"<p>Este s\u00e1bado 24 de junio a las 19:30 tuvimos la oportunidad de apoyar a las personas con epilepsia y sus familias acudiendo al Palau de la M\u00fasica de Val\u00e8ncia a ver y o\u00edr el magn\u00edfico concierto \u201cVoices of love por la epilepsia\u201d que nos ofrece United Love Movement, UML.\u00a0#alceepilepsia\u00a0#concierto Mercedes Alce Epilepsia Valencia \u00a0 &nbsp;&hellip;&nbsp;<a href=\"https:\/\/cocemfevalencia.org\/es\/concierto-solidario-en-el-palau-de-valencia-voices-of-love-por-la-epilepsia\/\" rel=\"bookmark\">Leer m\u00e1s &raquo;<span class=\"screen-reader-text\">CONCIERTO SOLIDARIO EN EL PALAU DE VALENCIA \u201cVOICES OF LOVE POR LA EPILEPSIA\u201d<\/span><\/a><\/p>\n","protected":false},"author":3,"featured_media":1295,"comment_status":"closed","ping_status":"closed","sticky":false,"template":"","format":"standard","meta":{"rop_custom_images_group":[],"rop_custom_messages_group":[],"rop_publish_now":"initial","rop_publish_now_accounts":[],"rop_publish_now_history":[],"rop_publish_now_status":"pending","neve_meta_sidebar":"","neve_meta_container":"","neve_meta_enable_content_width":"","neve_meta_content_width":0,"neve_meta_title_alignment":"","neve_meta_author_avatar":"","neve_post_elements_order":"","neve_meta_disable_header":"","neve_meta_disable_footer":"","neve_meta_disable_title":"","footnotes":""},"categories":[5],"tags":[],"class_list":["post-1294","post","type-post","status-publish","format-standard","has-post-thumbnail","hentry","category-noticias"],"yoast_head":"<!-- This site is optimized with the Yoast SEO plugin v27.3 - https:\/\/yoast.com\/product\/yoast-seo-wordpress\/ -->\n<title>CONCIERTO SOLIDARIO EN EL PALAU DE VALENCIA \u201cVOICES OF LOVE POR LA EPILEPSIA\u201d - Cocemfe Valencia<\/title>\n<meta name=\"robots\" content=\"index, follow, max-snippet:-1, max-image-preview:large, max-video-preview:-1\" \/>\n<link rel=\"canonical\" href=\"https:\/\/cocemfevalencia.org\/es\/concierto-solidario-en-el-palau-de-valencia-voices-of-love-por-la-epilepsia\/\" \/>\n<meta property=\"og:locale\" content=\"es_ES\" \/>\n<meta property=\"og:type\" content=\"article\" \/>\n<meta property=\"og:title\" content=\"CONCIERTO SOLIDARIO EN EL PALAU DE VALENCIA \u201cVOICES OF LOVE POR LA EPILEPSIA\u201d - Cocemfe Valencia\" \/>\n<meta property=\"og:description\" content=\"Este s\u00e1bado 24 de junio a las 19:30 tuvimos la oportunidad de apoyar a las personas con epilepsia y sus familias acudiendo al Palau de la M\u00fasica de Val\u00e8ncia a ver y o\u00edr el magn\u00edfico concierto \u201cVoices of love por la epilepsia\u201d que nos ofrece United Love Movement, UML.\u00a0#alceepilepsia\u00a0#concierto Mercedes Alce Epilepsia Valencia \u00a0 &nbsp;&hellip;&nbsp;Leer m\u00e1s &raquo;CONCIERTO SOLIDARIO EN EL PALAU DE VALENCIA \u201cVOICES OF LOVE POR LA EPILEPSIA\u201d\" \/>\n<meta property=\"og:url\" content=\"https:\/\/cocemfevalencia.org\/es\/concierto-solidario-en-el-palau-de-valencia-voices-of-love-por-la-epilepsia\/\" \/>\n<meta property=\"og:site_name\" content=\"Cocemfe Valencia\" \/>\n<meta property=\"article:publisher\" content=\"https:\/\/www.facebook.com\/cocemfe.valencia\" \/>\n<meta property=\"article:published_time\" content=\"2018-07-02T10:17:58+00:00\" \/>\n<meta property=\"og:image\" content=\"https:\/\/cocemfevalencia.org\/wp-content\/uploads\/2018\/07\/9A6A2339-scaled.jpg\" \/>\n\t<meta property=\"og:image:width\" content=\"2560\" \/>\n\t<meta property=\"og:image:height\" content=\"1707\" \/>\n\t<meta property=\"og:image:type\" content=\"image\/jpeg\" \/>\n<meta name=\"author\" content=\"COCEMFE VALENCIA\" \/>\n<meta name=\"twitter:card\" content=\"summary_large_image\" \/>\n<meta name=\"twitter:creator\" content=\"@COCEMFEValencia\" \/>\n<meta name=\"twitter:site\" content=\"@COCEMFEValencia\" \/>\n<meta name=\"twitter:label1\" content=\"Escrito por\" \/>\n\t<meta name=\"twitter:data1\" content=\"COCEMFE VALENCIA\" \/>\n<script type=\"application\/ld+json\" class=\"yoast-schema-graph\">{\"@context\":\"https:\\\/\\\/schema.org\",\"@graph\":[{\"@type\":\"Article\",\"@id\":\"https:\\\/\\\/cocemfevalencia.org\\\/es\\\/concierto-solidario-en-el-palau-de-valencia-voices-of-love-por-la-epilepsia\\\/#article\",\"isPartOf\":{\"@id\":\"https:\\\/\\\/cocemfevalencia.org\\\/es\\\/concierto-solidario-en-el-palau-de-valencia-voices-of-love-por-la-epilepsia\\\/\"},\"author\":{\"name\":\"COCEMFE VALENCIA\",\"@id\":\"https:\\\/\\\/cocemfevalencia.org\\\/es\\\/#\\\/schema\\\/person\\\/e31a24227ccbc918e2c80add51990ad7\"},\"headline\":\"CONCIERTO SOLIDARIO EN EL PALAU DE VALENCIA \u201cVOICES OF LOVE POR LA EPILEPSIA\u201d\",\"datePublished\":\"2018-07-02T10:17:58+00:00\",\"mainEntityOfPage\":{\"@id\":\"https:\\\/\\\/cocemfevalencia.org\\\/es\\\/concierto-solidario-en-el-palau-de-valencia-voices-of-love-por-la-epilepsia\\\/\"},\"wordCount\":72,\"publisher\":{\"@id\":\"https:\\\/\\\/cocemfevalencia.org\\\/es\\\/#organization\"},\"image\":{\"@id\":\"https:\\\/\\\/cocemfevalencia.org\\\/es\\\/concierto-solidario-en-el-palau-de-valencia-voices-of-love-por-la-epilepsia\\\/#primaryimage\"},\"thumbnailUrl\":\"https:\\\/\\\/cocemfevalencia.org\\\/wp-content\\\/uploads\\\/2018\\\/07\\\/9A6A2339-scaled.jpg\",\"articleSection\":[\"Not\u00edcies\"],\"inLanguage\":\"es\"},{\"@type\":\"WebPage\",\"@id\":\"https:\\\/\\\/cocemfevalencia.org\\\/es\\\/concierto-solidario-en-el-palau-de-valencia-voices-of-love-por-la-epilepsia\\\/\",\"url\":\"https:\\\/\\\/cocemfevalencia.org\\\/es\\\/concierto-solidario-en-el-palau-de-valencia-voices-of-love-por-la-epilepsia\\\/\",\"name\":\"CONCIERTO SOLIDARIO EN EL PALAU DE VALENCIA \u201cVOICES OF LOVE POR LA EPILEPSIA\u201d - Cocemfe Valencia\",\"isPartOf\":{\"@id\":\"https:\\\/\\\/cocemfevalencia.org\\\/es\\\/#website\"},\"primaryImageOfPage\":{\"@id\":\"https:\\\/\\\/cocemfevalencia.org\\\/es\\\/concierto-solidario-en-el-palau-de-valencia-voices-of-love-por-la-epilepsia\\\/#primaryimage\"},\"image\":{\"@id\":\"https:\\\/\\\/cocemfevalencia.org\\\/es\\\/concierto-solidario-en-el-palau-de-valencia-voices-of-love-por-la-epilepsia\\\/#primaryimage\"},\"thumbnailUrl\":\"https:\\\/\\\/cocemfevalencia.org\\\/wp-content\\\/uploads\\\/2018\\\/07\\\/9A6A2339-scaled.jpg\",\"datePublished\":\"2018-07-02T10:17:58+00:00\",\"breadcrumb\":{\"@id\":\"https:\\\/\\\/cocemfevalencia.org\\\/es\\\/concierto-solidario-en-el-palau-de-valencia-voices-of-love-por-la-epilepsia\\\/#breadcrumb\"},\"inLanguage\":\"es\",\"potentialAction\":[{\"@type\":\"ReadAction\",\"target\":[\"https:\\\/\\\/cocemfevalencia.org\\\/es\\\/concierto-solidario-en-el-palau-de-valencia-voices-of-love-por-la-epilepsia\\\/\"]}]},{\"@type\":\"ImageObject\",\"inLanguage\":\"es\",\"@id\":\"https:\\\/\\\/cocemfevalencia.org\\\/es\\\/concierto-solidario-en-el-palau-de-valencia-voices-of-love-por-la-epilepsia\\\/#primaryimage\",\"url\":\"https:\\\/\\\/cocemfevalencia.org\\\/wp-content\\\/uploads\\\/2018\\\/07\\\/9A6A2339-scaled.jpg\",\"contentUrl\":\"https:\\\/\\\/cocemfevalencia.org\\\/wp-content\\\/uploads\\\/2018\\\/07\\\/9A6A2339-scaled.jpg\",\"width\":2560,\"height\":1707},{\"@type\":\"BreadcrumbList\",\"@id\":\"https:\\\/\\\/cocemfevalencia.org\\\/es\\\/concierto-solidario-en-el-palau-de-valencia-voices-of-love-por-la-epilepsia\\\/#breadcrumb\",\"itemListElement\":[{\"@type\":\"ListItem\",\"position\":1,\"name\":\"Portada\",\"item\":\"https:\\\/\\\/cocemfevalencia.org\\\/es\\\/\"},{\"@type\":\"ListItem\",\"position\":2,\"name\":\"CONCIERTO SOLIDARIO EN EL PALAU DE VALENCIA \u201cVOICES OF LOVE POR LA EPILEPSIA\u201d\"}]},{\"@type\":\"WebSite\",\"@id\":\"https:\\\/\\\/cocemfevalencia.org\\\/es\\\/#website\",\"url\":\"https:\\\/\\\/cocemfevalencia.org\\\/es\\\/\",\"name\":\"Cocemfe Valencia\",\"description\":\"FEDERACI\u00d3N DE ASOCIACIONES DE PERSONAS CON DISCAPACIDAD F\u00cdSICA Y ORG\u00c1NICA DE LA PROV\u00cdNCIA DE VALENCIA\",\"publisher\":{\"@id\":\"https:\\\/\\\/cocemfevalencia.org\\\/es\\\/#organization\"},\"potentialAction\":[{\"@type\":\"SearchAction\",\"target\":{\"@type\":\"EntryPoint\",\"urlTemplate\":\"https:\\\/\\\/cocemfevalencia.org\\\/es\\\/?s={search_term_string}\"},\"query-input\":{\"@type\":\"PropertyValueSpecification\",\"valueRequired\":true,\"valueName\":\"search_term_string\"}}],\"inLanguage\":\"es\"},{\"@type\":\"Organization\",\"@id\":\"https:\\\/\\\/cocemfevalencia.org\\\/es\\\/#organization\",\"name\":\"Cocemfe Valencia\",\"url\":\"https:\\\/\\\/cocemfevalencia.org\\\/es\\\/\",\"logo\":{\"@type\":\"ImageObject\",\"inLanguage\":\"es\",\"@id\":\"https:\\\/\\\/cocemfevalencia.org\\\/es\\\/#\\\/schema\\\/logo\\\/image\\\/\",\"url\":\"https:\\\/\\\/cocemfevalencia.org\\\/wp-content\\\/uploads\\\/2023\\\/03\\\/0312-Horizontal-una-linea-larga-rgb-positivo-Tricolor.png\",\"contentUrl\":\"https:\\\/\\\/cocemfevalencia.org\\\/wp-content\\\/uploads\\\/2023\\\/03\\\/0312-Horizontal-una-linea-larga-rgb-positivo-Tricolor.png\",\"width\":2334,\"height\":613,\"caption\":\"Cocemfe Valencia\"},\"image\":{\"@id\":\"https:\\\/\\\/cocemfevalencia.org\\\/es\\\/#\\\/schema\\\/logo\\\/image\\\/\"},\"sameAs\":[\"https:\\\/\\\/www.facebook.com\\\/cocemfe.valencia\",\"https:\\\/\\\/x.com\\\/COCEMFEValencia\"]},{\"@type\":\"Person\",\"@id\":\"https:\\\/\\\/cocemfevalencia.org\\\/es\\\/#\\\/schema\\\/person\\\/e31a24227ccbc918e2c80add51990ad7\",\"name\":\"COCEMFE VALENCIA\",\"image\":{\"@type\":\"ImageObject\",\"inLanguage\":\"es\",\"@id\":\"https:\\\/\\\/secure.gravatar.com\\\/avatar\\\/81dd2ced4591577d70433bbfde65ba3f931e09f5cb4ca8c890817c47789b47f0?s=96&d=mm&r=g\",\"url\":\"https:\\\/\\\/secure.gravatar.com\\\/avatar\\\/81dd2ced4591577d70433bbfde65ba3f931e09f5cb4ca8c890817c47789b47f0?s=96&d=mm&r=g\",\"contentUrl\":\"https:\\\/\\\/secure.gravatar.com\\\/avatar\\\/81dd2ced4591577d70433bbfde65ba3f931e09f5cb4ca8c890817c47789b47f0?s=96&d=mm&r=g\",\"caption\":\"COCEMFE VALENCIA\"}}]}<\/script>\n<!-- \/ Yoast SEO plugin. -->","yoast_head_json":{"title":"CONCIERTO SOLIDARIO EN EL PALAU DE VALENCIA \u201cVOICES OF LOVE POR LA EPILEPSIA\u201d - Cocemfe Valencia","robots":{"index":"index","follow":"follow","max-snippet":"max-snippet:-1","max-image-preview":"max-image-preview:large","max-video-preview":"max-video-preview:-1"},"canonical":"https:\/\/cocemfevalencia.org\/es\/concierto-solidario-en-el-palau-de-valencia-voices-of-love-por-la-epilepsia\/","og_locale":"es_ES","og_type":"article","og_title":"CONCIERTO SOLIDARIO EN EL PALAU DE VALENCIA \u201cVOICES OF LOVE POR LA EPILEPSIA\u201d - Cocemfe Valencia","og_description":"Este s\u00e1bado 24 de junio a las 19:30 tuvimos la oportunidad de apoyar a las personas con epilepsia y sus familias acudiendo al Palau de la M\u00fasica de Val\u00e8ncia a ver y o\u00edr el magn\u00edfico concierto \u201cVoices of love por la epilepsia\u201d que nos ofrece United Love Movement, UML.\u00a0#alceepilepsia\u00a0#concierto Mercedes Alce Epilepsia Valencia \u00a0 &nbsp;&hellip;&nbsp;Leer m\u00e1s &raquo;CONCIERTO SOLIDARIO EN EL PALAU DE VALENCIA \u201cVOICES OF LOVE POR LA EPILEPSIA\u201d","og_url":"https:\/\/cocemfevalencia.org\/es\/concierto-solidario-en-el-palau-de-valencia-voices-of-love-por-la-epilepsia\/","og_site_name":"Cocemfe Valencia","article_publisher":"https:\/\/www.facebook.com\/cocemfe.valencia","article_published_time":"2018-07-02T10:17:58+00:00","og_image":[{"width":2560,"height":1707,"url":"https:\/\/cocemfevalencia.org\/wp-content\/uploads\/2018\/07\/9A6A2339-scaled.jpg","type":"image\/jpeg"}],"author":"COCEMFE VALENCIA","twitter_card":"summary_large_image","twitter_creator":"@COCEMFEValencia","twitter_site":"@COCEMFEValencia","twitter_misc":{"Escrito por":"COCEMFE VALENCIA"},"schema":{"@context":"https:\/\/schema.org","@graph":[{"@type":"Article","@id":"https:\/\/cocemfevalencia.org\/es\/concierto-solidario-en-el-palau-de-valencia-voices-of-love-por-la-epilepsia\/#article","isPartOf":{"@id":"https:\/\/cocemfevalencia.org\/es\/concierto-solidario-en-el-palau-de-valencia-voices-of-love-por-la-epilepsia\/"},"author":{"name":"COCEMFE VALENCIA","@id":"https:\/\/cocemfevalencia.org\/es\/#\/schema\/person\/e31a24227ccbc918e2c80add51990ad7"},"headline":"CONCIERTO SOLIDARIO EN EL PALAU DE VALENCIA \u201cVOICES OF LOVE POR LA EPILEPSIA\u201d","datePublished":"2018-07-02T10:17:58+00:00","mainEntityOfPage":{"@id":"https:\/\/cocemfevalencia.org\/es\/concierto-solidario-en-el-palau-de-valencia-voices-of-love-por-la-epilepsia\/"},"wordCount":72,"publisher":{"@id":"https:\/\/cocemfevalencia.org\/es\/#organization"},"image":{"@id":"https:\/\/cocemfevalencia.org\/es\/concierto-solidario-en-el-palau-de-valencia-voices-of-love-por-la-epilepsia\/#primaryimage"},"thumbnailUrl":"https:\/\/cocemfevalencia.org\/wp-content\/uploads\/2018\/07\/9A6A2339-scaled.jpg","articleSection":["Not\u00edcies"],"inLanguage":"es"},{"@type":"WebPage","@id":"https:\/\/cocemfevalencia.org\/es\/concierto-solidario-en-el-palau-de-valencia-voices-of-love-por-la-epilepsia\/","url":"https:\/\/cocemfevalencia.org\/es\/concierto-solidario-en-el-palau-de-valencia-voices-of-love-por-la-epilepsia\/","name":"CONCIERTO SOLIDARIO EN EL PALAU DE VALENCIA \u201cVOICES OF LOVE POR LA EPILEPSIA\u201d - Cocemfe Valencia","isPartOf":{"@id":"https:\/\/cocemfevalencia.org\/es\/#website"},"primaryImageOfPage":{"@id":"https:\/\/cocemfevalencia.org\/es\/concierto-solidario-en-el-palau-de-valencia-voices-of-love-por-la-epilepsia\/#primaryimage"},"image":{"@id":"https:\/\/cocemfevalencia.org\/es\/concierto-solidario-en-el-palau-de-valencia-voices-of-love-por-la-epilepsia\/#primaryimage"},"thumbnailUrl":"https:\/\/cocemfevalencia.org\/wp-content\/uploads\/2018\/07\/9A6A2339-scaled.jpg","datePublished":"2018-07-02T10:17:58+00:00","breadcrumb":{"@id":"https:\/\/cocemfevalencia.org\/es\/concierto-solidario-en-el-palau-de-valencia-voices-of-love-por-la-epilepsia\/#breadcrumb"},"inLanguage":"es","potentialAction":[{"@type":"ReadAction","target":["https:\/\/cocemfevalencia.org\/es\/concierto-solidario-en-el-palau-de-valencia-voices-of-love-por-la-epilepsia\/"]}]},{"@type":"ImageObject","inLanguage":"es","@id":"https:\/\/cocemfevalencia.org\/es\/concierto-solidario-en-el-palau-de-valencia-voices-of-love-por-la-epilepsia\/#primaryimage","url":"https:\/\/cocemfevalencia.org\/wp-content\/uploads\/2018\/07\/9A6A2339-scaled.jpg","contentUrl":"https:\/\/cocemfevalencia.org\/wp-content\/uploads\/2018\/07\/9A6A2339-scaled.jpg","width":2560,"height":1707},{"@type":"BreadcrumbList","@id":"https:\/\/cocemfevalencia.org\/es\/concierto-solidario-en-el-palau-de-valencia-voices-of-love-por-la-epilepsia\/#breadcrumb","itemListElement":[{"@type":"ListItem","position":1,"name":"Portada","item":"https:\/\/cocemfevalencia.org\/es\/"},{"@type":"ListItem","position":2,"name":"CONCIERTO SOLIDARIO EN EL PALAU DE VALENCIA \u201cVOICES OF LOVE POR LA EPILEPSIA\u201d"}]},{"@type":"WebSite","@id":"https:\/\/cocemfevalencia.org\/es\/#website","url":"https:\/\/cocemfevalencia.org\/es\/","name":"Cocemfe Valencia","description":"FEDERACI\u00d3N DE ASOCIACIONES DE PERSONAS CON DISCAPACIDAD F\u00cdSICA Y ORG\u00c1NICA DE LA PROV\u00cdNCIA DE VALENCIA","publisher":{"@id":"https:\/\/cocemfevalencia.org\/es\/#organization"},"potentialAction":[{"@type":"SearchAction","target":{"@type":"EntryPoint","urlTemplate":"https:\/\/cocemfevalencia.org\/es\/?s={search_term_string}"},"query-input":{"@type":"PropertyValueSpecification","valueRequired":true,"valueName":"search_term_string"}}],"inLanguage":"es"},{"@type":"Organization","@id":"https:\/\/cocemfevalencia.org\/es\/#organization","name":"Cocemfe Valencia","url":"https:\/\/cocemfevalencia.org\/es\/","logo":{"@type":"ImageObject","inLanguage":"es","@id":"https:\/\/cocemfevalencia.org\/es\/#\/schema\/logo\/image\/","url":"https:\/\/cocemfevalencia.org\/wp-content\/uploads\/2023\/03\/0312-Horizontal-una-linea-larga-rgb-positivo-Tricolor.png","contentUrl":"https:\/\/cocemfevalencia.org\/wp-content\/uploads\/2023\/03\/0312-Horizontal-una-linea-larga-rgb-positivo-Tricolor.png","width":2334,"height":613,"caption":"Cocemfe Valencia"},"image":{"@id":"https:\/\/cocemfevalencia.org\/es\/#\/schema\/logo\/image\/"},"sameAs":["https:\/\/www.facebook.com\/cocemfe.valencia","https:\/\/x.com\/COCEMFEValencia"]},{"@type":"Person","@id":"https:\/\/cocemfevalencia.org\/es\/#\/schema\/person\/e31a24227ccbc918e2c80add51990ad7","name":"COCEMFE VALENCIA","image":{"@type":"ImageObject","inLanguage":"es","@id":"https:\/\/secure.gravatar.com\/avatar\/81dd2ced4591577d70433bbfde65ba3f931e09f5cb4ca8c890817c47789b47f0?s=96&d=mm&r=g","url":"https:\/\/secure.gravatar.com\/avatar\/81dd2ced4591577d70433bbfde65ba3f931e09f5cb4ca8c890817c47789b47f0?s=96&d=mm&r=g","contentUrl":"https:\/\/secure.gravatar.com\/avatar\/81dd2ced4591577d70433bbfde65ba3f931e09f5cb4ca8c890817c47789b47f0?s=96&d=mm&r=g","caption":"COCEMFE VALENCIA"}}]}},"_links":{"self":[{"href":"https:\/\/cocemfevalencia.org\/es\/wp-json\/wp\/v2\/posts\/1294","targetHints":{"allow":["GET"]}}],"collection":[{"href":"https:\/\/cocemfevalencia.org\/es\/wp-json\/wp\/v2\/posts"}],"about":[{"href":"https:\/\/cocemfevalencia.org\/es\/wp-json\/wp\/v2\/types\/post"}],"author":[{"embeddable":true,"href":"https:\/\/cocemfevalencia.org\/es\/wp-json\/wp\/v2\/users\/3"}],"replies":[{"embeddable":true,"href":"https:\/\/cocemfevalencia.org\/es\/wp-json\/wp\/v2\/comments?post=1294"}],"version-history":[{"count":0,"href":"https:\/\/cocemfevalencia.org\/es\/wp-json\/wp\/v2\/posts\/1294\/revisions"}],"wp:featuredmedia":[{"embeddable":true,"href":"https:\/\/cocemfevalencia.org\/es\/wp-json\/wp\/v2\/media\/1295"}],"wp:attachment":[{"href":"https:\/\/cocemfevalencia.org\/es\/wp-json\/wp\/v2\/media?parent=1294"}],"wp:term":[{"taxonomy":"category","embeddable":true,"href":"https:\/\/cocemfevalencia.org\/es\/wp-json\/wp\/v2\/categories?post=1294"},{"taxonomy":"post_tag","embeddable":true,"href":"https:\/\/cocemfevalencia.org\/es\/wp-json\/wp\/v2\/tags?post=1294"}],"curies":[{"name":"wp","href":"https:\/\/api.w.org\/{rel}","templated":true}]}}