{"id":13134,"date":"2023-12-28T13:44:30","date_gmt":"2023-12-28T12:44:30","guid":{"rendered":"https:\/\/cocemfevalencia.org\/una-decena-de-empresas-participan-en-el-ultimo-speednetworking-de-cocemfe-valencia\/"},"modified":"2023-12-28T13:47:13","modified_gmt":"2023-12-28T12:47:13","slug":"una-decena-de-empresas-participan-en-el-ultimo-speednetworking-de-cocemfe-valencia","status":"publish","type":"post","link":"https:\/\/cocemfevalencia.org\/es\/una-decena-de-empresas-participan-en-el-ultimo-speednetworking-de-cocemfe-valencia\/","title":{"rendered":"Una decena de empresas participan en el \u00faltimo &#8216;Speednetworking&#8217; de COCEMFE Valencia"},"content":{"rendered":"<div dir=\"ltr\">Para finalizar nuestro programa de &#8216;Itinerarios para Mujeres con Discapacidad&#8217;, desde COCEMFE Valencia se organiz\u00f3 el pasado martes 19 de diciembre, un &#8216;Speednetworking&#8217; donde han participado 10 empresas colaboradoras del Servicio de Integraci\u00f3n Laboral (SIL).<\/div>\n<div dir=\"ltr\"><\/div>\n<div dir=\"ltr\"><\/div>\n<div dir=\"ltr\">\n<div dir=\"ltr\">\n<div>\n<div>\n<div><\/div>\n<div>El objetivo principal de la actividad era poner en pr\u00e1ctica la entrevista de trabajo en un formato de entrevista r\u00e1pida. Asimismo, posibilitar la inserci\u00f3n laboral de las participantes en vacantes ofertadas por las empresas.<\/div>\n<div><\/div>\n<div><\/div>\n<div><\/div>\n<div>Finalmente, han participado un total de 22 usuarias del programa y se han realizado 84 entrevistas de trabajo. Toda una marat\u00f3n que tanto empresas como personas participantes han valorado muy positivamente.<\/div>\n<\/div>\n<\/div>\n<\/div>\n<div><\/div>\n<div><\/div>\n<div dir=\"ltr\">\n<div>\n<div>\n<div><\/div>\n<div>Desde COCEMFE Valencia queremos agradecer la implicaci\u00f3n y colaboraci\u00f3n de las empresas: ISM Serveis, Clece, Interim group, Jera Avanza, FCC equal, Supeco, Supermercados Dia, Asione Lavander\u00edas, Arum CEE y Mitie. Y a todas las mujeres participantes por confiar en nuestra labor para mejorar su empleabilidad.<\/div>\n<\/div>\n<div><\/div>\n<div><\/div>\n<div>\n<div><\/div>\n<div>Este proyecto pertenece a la convocatoria de itinerarios integrados para la inserci\u00f3n sociolaboral de personas en situaci\u00f3n o riesgo de exclusi\u00f3n social 2023 de la Vicepresidencia Segunda y Conselleria de Servicios Sociales, Igualdad y Vivienda y est\u00e1 cofinanciada por la Uni\u00f3n Europea a trav\u00e9s del Programa del Fondo Social Europeo Plus (FSE+) de la Comunitat Valenciana 2021-2027.<\/div>\n<div><\/div>\n<div><\/div>\n<div><\/div>\n<\/div>\n<div><\/div>\n<div><img fetchpriority=\"high\" decoding=\"async\" class=\"wp-image-12482 aligncenter\" src=\"https:\/\/cocemfevalencia.org\/wp-content\/uploads\/2023\/09\/WhatsApp-Image-2023-09-21-at-14.45.06-300x66.jpeg\" alt=\"\" width=\"518\" height=\"114\" srcset=\"https:\/\/cocemfevalencia.org\/wp-content\/uploads\/2023\/09\/WhatsApp-Image-2023-09-21-at-14.45.06-300x66.jpeg 300w, https:\/\/cocemfevalencia.org\/wp-content\/uploads\/2023\/09\/WhatsApp-Image-2023-09-21-at-14.45.06-1024x226.jpeg 1024w, https:\/\/cocemfevalencia.org\/wp-content\/uploads\/2023\/09\/WhatsApp-Image-2023-09-21-at-14.45.06-768x170.jpeg 768w, https:\/\/cocemfevalencia.org\/wp-content\/uploads\/2023\/09\/WhatsApp-Image-2023-09-21-at-14.45.06.jpeg 1090w\" sizes=\"(max-width: 518px) 100vw, 518px\" \/><\/div>\n<\/div>\n<div><\/div>\n<div>\n<div><\/div>\n<\/div>\n<\/div>\n<\/div>\n<p>Visitas: 9<\/p>","protected":false},"excerpt":{"rendered":"<p>Para finalizar nuestro programa de &#8216;Itinerarios para Mujeres con Discapacidad&#8217;, desde COCEMFE Valencia se organiz\u00f3 el pasado martes 19 de diciembre, un &#8216;Speednetworking&#8217; donde han participado 10 empresas colaboradoras del Servicio de Integraci\u00f3n Laboral (SIL). El objetivo principal de la actividad era poner en pr\u00e1ctica la entrevista de trabajo en un formato de entrevista r\u00e1pida.&hellip;&nbsp;<a href=\"https:\/\/cocemfevalencia.org\/es\/una-decena-de-empresas-participan-en-el-ultimo-speednetworking-de-cocemfe-valencia\/\" rel=\"bookmark\">Leer m\u00e1s &raquo;<span class=\"screen-reader-text\">Una decena de empresas participan en el \u00faltimo &#8216;Speednetworking&#8217; de COCEMFE Valencia<\/span><\/a><\/p>\n","protected":false},"author":5,"featured_media":13132,"comment_status":"closed","ping_status":"closed","sticky":false,"template":"","format":"standard","meta":{"rop_custom_images_group":[],"rop_custom_messages_group":[],"rop_publish_now":"initial","rop_publish_now_accounts":[],"rop_publish_now_history":[],"rop_publish_now_status":"pending","neve_meta_sidebar":"","neve_meta_container":"","neve_meta_enable_content_width":"off","neve_meta_content_width":70,"neve_meta_title_alignment":"","neve_meta_author_avatar":"","neve_post_elements_order":"","neve_meta_disable_header":"","neve_meta_disable_footer":"","neve_meta_disable_title":"","footnotes":""},"categories":[5],"tags":[392,488,489,383,490],"class_list":["post-13134","post","type-post","status-publish","format-standard","has-post-thumbnail","hentry","category-noticias","tag-entrevistas-laborales-es","tag-insercion-laboral-es","tag-laboral-es","tag-sil","tag-speednetworking-es"],"yoast_head":"<!-- This site is optimized with the Yoast SEO plugin v27.3 - https:\/\/yoast.com\/product\/yoast-seo-wordpress\/ -->\n<title>Una decena de empresas participan en el \u00faltimo &#039;Speednetworking&#039; de COCEMFE Valencia - Cocemfe Valencia<\/title>\n<meta name=\"robots\" content=\"index, follow, max-snippet:-1, max-image-preview:large, max-video-preview:-1\" \/>\n<link rel=\"canonical\" href=\"https:\/\/cocemfevalencia.org\/es\/una-decena-de-empresas-participan-en-el-ultimo-speednetworking-de-cocemfe-valencia\/\" \/>\n<meta property=\"og:locale\" content=\"es_ES\" \/>\n<meta property=\"og:type\" content=\"article\" \/>\n<meta property=\"og:title\" content=\"Una decena de empresas participan en el \u00faltimo &#039;Speednetworking&#039; de COCEMFE Valencia - Cocemfe Valencia\" \/>\n<meta property=\"og:description\" content=\"Para finalizar nuestro programa de &#8216;Itinerarios para Mujeres con Discapacidad&#8217;, desde COCEMFE Valencia se organiz\u00f3 el pasado martes 19 de diciembre, un &#8216;Speednetworking&#8217; donde han participado 10 empresas colaboradoras del Servicio de Integraci\u00f3n Laboral (SIL). El objetivo principal de la actividad era poner en pr\u00e1ctica la entrevista de trabajo en un formato de entrevista r\u00e1pida.&hellip;&nbsp;Leer m\u00e1s &raquo;Una decena de empresas participan en el \u00faltimo &#8216;Speednetworking&#8217; de COCEMFE Valencia\" \/>\n<meta property=\"og:url\" content=\"https:\/\/cocemfevalencia.org\/es\/una-decena-de-empresas-participan-en-el-ultimo-speednetworking-de-cocemfe-valencia\/\" \/>\n<meta property=\"og:site_name\" content=\"Cocemfe Valencia\" \/>\n<meta property=\"article:publisher\" content=\"https:\/\/www.facebook.com\/cocemfe.valencia\" \/>\n<meta property=\"article:published_time\" content=\"2023-12-28T12:44:30+00:00\" \/>\n<meta property=\"article:modified_time\" content=\"2023-12-28T12:47:13+00:00\" \/>\n<meta property=\"og:image\" content=\"https:\/\/cocemfevalencia.org\/wp-content\/uploads\/2023\/12\/WhatsApp-Image-2023-12-20-at-08.37.28-1.jpeg\" \/>\n\t<meta property=\"og:image:width\" content=\"1600\" \/>\n\t<meta property=\"og:image:height\" content=\"1200\" \/>\n\t<meta property=\"og:image:type\" content=\"image\/jpeg\" \/>\n<meta name=\"author\" content=\"comunicacio\" \/>\n<meta name=\"twitter:card\" content=\"summary_large_image\" \/>\n<meta name=\"twitter:creator\" content=\"@COCEMFEValencia\" \/>\n<meta name=\"twitter:site\" content=\"@COCEMFEValencia\" \/>\n<meta name=\"twitter:label1\" content=\"Escrito por\" \/>\n\t<meta name=\"twitter:data1\" content=\"comunicacio\" \/>\n\t<meta name=\"twitter:label2\" content=\"Tiempo de lectura\" \/>\n\t<meta name=\"twitter:data2\" content=\"2 minutos\" \/>\n<script type=\"application\/ld+json\" class=\"yoast-schema-graph\">{\"@context\":\"https:\\\/\\\/schema.org\",\"@graph\":[{\"@type\":\"Article\",\"@id\":\"https:\\\/\\\/cocemfevalencia.org\\\/es\\\/una-decena-de-empresas-participan-en-el-ultimo-speednetworking-de-cocemfe-valencia\\\/#article\",\"isPartOf\":{\"@id\":\"https:\\\/\\\/cocemfevalencia.org\\\/es\\\/una-decena-de-empresas-participan-en-el-ultimo-speednetworking-de-cocemfe-valencia\\\/\"},\"author\":{\"name\":\"comunicacio\",\"@id\":\"https:\\\/\\\/cocemfevalencia.org\\\/es\\\/#\\\/schema\\\/person\\\/84dc42180efe17bdafa0a7a8702d24c8\"},\"headline\":\"Una decena de empresas participan en el \u00faltimo &#8216;Speednetworking&#8217; de COCEMFE Valencia\",\"datePublished\":\"2023-12-28T12:44:30+00:00\",\"dateModified\":\"2023-12-28T12:47:13+00:00\",\"mainEntityOfPage\":{\"@id\":\"https:\\\/\\\/cocemfevalencia.org\\\/es\\\/una-decena-de-empresas-participan-en-el-ultimo-speednetworking-de-cocemfe-valencia\\\/\"},\"wordCount\":222,\"publisher\":{\"@id\":\"https:\\\/\\\/cocemfevalencia.org\\\/es\\\/#organization\"},\"image\":{\"@id\":\"https:\\\/\\\/cocemfevalencia.org\\\/es\\\/una-decena-de-empresas-participan-en-el-ultimo-speednetworking-de-cocemfe-valencia\\\/#primaryimage\"},\"thumbnailUrl\":\"https:\\\/\\\/cocemfevalencia.org\\\/wp-content\\\/uploads\\\/2023\\\/12\\\/WhatsApp-Image-2023-12-20-at-08.37.28-1.jpeg\",\"keywords\":[\"entrevistas laborales\",\"inserci\u00f3n laboral\",\"LABORAL\",\"SIL\",\"speednetworking\"],\"articleSection\":[\"Not\u00edcies\"],\"inLanguage\":\"es\"},{\"@type\":\"WebPage\",\"@id\":\"https:\\\/\\\/cocemfevalencia.org\\\/es\\\/una-decena-de-empresas-participan-en-el-ultimo-speednetworking-de-cocemfe-valencia\\\/\",\"url\":\"https:\\\/\\\/cocemfevalencia.org\\\/es\\\/una-decena-de-empresas-participan-en-el-ultimo-speednetworking-de-cocemfe-valencia\\\/\",\"name\":\"Una decena de empresas participan en el \u00faltimo 'Speednetworking' de COCEMFE Valencia - Cocemfe Valencia\",\"isPartOf\":{\"@id\":\"https:\\\/\\\/cocemfevalencia.org\\\/es\\\/#website\"},\"primaryImageOfPage\":{\"@id\":\"https:\\\/\\\/cocemfevalencia.org\\\/es\\\/una-decena-de-empresas-participan-en-el-ultimo-speednetworking-de-cocemfe-valencia\\\/#primaryimage\"},\"image\":{\"@id\":\"https:\\\/\\\/cocemfevalencia.org\\\/es\\\/una-decena-de-empresas-participan-en-el-ultimo-speednetworking-de-cocemfe-valencia\\\/#primaryimage\"},\"thumbnailUrl\":\"https:\\\/\\\/cocemfevalencia.org\\\/wp-content\\\/uploads\\\/2023\\\/12\\\/WhatsApp-Image-2023-12-20-at-08.37.28-1.jpeg\",\"datePublished\":\"2023-12-28T12:44:30+00:00\",\"dateModified\":\"2023-12-28T12:47:13+00:00\",\"breadcrumb\":{\"@id\":\"https:\\\/\\\/cocemfevalencia.org\\\/es\\\/una-decena-de-empresas-participan-en-el-ultimo-speednetworking-de-cocemfe-valencia\\\/#breadcrumb\"},\"inLanguage\":\"es\",\"potentialAction\":[{\"@type\":\"ReadAction\",\"target\":[\"https:\\\/\\\/cocemfevalencia.org\\\/es\\\/una-decena-de-empresas-participan-en-el-ultimo-speednetworking-de-cocemfe-valencia\\\/\"]}]},{\"@type\":\"ImageObject\",\"inLanguage\":\"es\",\"@id\":\"https:\\\/\\\/cocemfevalencia.org\\\/es\\\/una-decena-de-empresas-participan-en-el-ultimo-speednetworking-de-cocemfe-valencia\\\/#primaryimage\",\"url\":\"https:\\\/\\\/cocemfevalencia.org\\\/wp-content\\\/uploads\\\/2023\\\/12\\\/WhatsApp-Image-2023-12-20-at-08.37.28-1.jpeg\",\"contentUrl\":\"https:\\\/\\\/cocemfevalencia.org\\\/wp-content\\\/uploads\\\/2023\\\/12\\\/WhatsApp-Image-2023-12-20-at-08.37.28-1.jpeg\",\"width\":1600,\"height\":1200},{\"@type\":\"BreadcrumbList\",\"@id\":\"https:\\\/\\\/cocemfevalencia.org\\\/es\\\/una-decena-de-empresas-participan-en-el-ultimo-speednetworking-de-cocemfe-valencia\\\/#breadcrumb\",\"itemListElement\":[{\"@type\":\"ListItem\",\"position\":1,\"name\":\"Portada\",\"item\":\"https:\\\/\\\/cocemfevalencia.org\\\/es\\\/\"},{\"@type\":\"ListItem\",\"position\":2,\"name\":\"Una decena de empresas participan en el \u00faltimo &#8216;Speednetworking&#8217; de COCEMFE Valencia\"}]},{\"@type\":\"WebSite\",\"@id\":\"https:\\\/\\\/cocemfevalencia.org\\\/es\\\/#website\",\"url\":\"https:\\\/\\\/cocemfevalencia.org\\\/es\\\/\",\"name\":\"Cocemfe Valencia\",\"description\":\"FEDERACI\u00d3N DE ASOCIACIONES DE PERSONAS CON DISCAPACIDAD F\u00cdSICA Y ORG\u00c1NICA DE LA PROV\u00cdNCIA DE VALENCIA\",\"publisher\":{\"@id\":\"https:\\\/\\\/cocemfevalencia.org\\\/es\\\/#organization\"},\"potentialAction\":[{\"@type\":\"SearchAction\",\"target\":{\"@type\":\"EntryPoint\",\"urlTemplate\":\"https:\\\/\\\/cocemfevalencia.org\\\/es\\\/?s={search_term_string}\"},\"query-input\":{\"@type\":\"PropertyValueSpecification\",\"valueRequired\":true,\"valueName\":\"search_term_string\"}}],\"inLanguage\":\"es\"},{\"@type\":\"Organization\",\"@id\":\"https:\\\/\\\/cocemfevalencia.org\\\/es\\\/#organization\",\"name\":\"Cocemfe Valencia\",\"url\":\"https:\\\/\\\/cocemfevalencia.org\\\/es\\\/\",\"logo\":{\"@type\":\"ImageObject\",\"inLanguage\":\"es\",\"@id\":\"https:\\\/\\\/cocemfevalencia.org\\\/es\\\/#\\\/schema\\\/logo\\\/image\\\/\",\"url\":\"https:\\\/\\\/cocemfevalencia.org\\\/wp-content\\\/uploads\\\/2023\\\/03\\\/0312-Horizontal-una-linea-larga-rgb-positivo-Tricolor.png\",\"contentUrl\":\"https:\\\/\\\/cocemfevalencia.org\\\/wp-content\\\/uploads\\\/2023\\\/03\\\/0312-Horizontal-una-linea-larga-rgb-positivo-Tricolor.png\",\"width\":2334,\"height\":613,\"caption\":\"Cocemfe Valencia\"},\"image\":{\"@id\":\"https:\\\/\\\/cocemfevalencia.org\\\/es\\\/#\\\/schema\\\/logo\\\/image\\\/\"},\"sameAs\":[\"https:\\\/\\\/www.facebook.com\\\/cocemfe.valencia\",\"https:\\\/\\\/x.com\\\/COCEMFEValencia\"]},{\"@type\":\"Person\",\"@id\":\"https:\\\/\\\/cocemfevalencia.org\\\/es\\\/#\\\/schema\\\/person\\\/84dc42180efe17bdafa0a7a8702d24c8\",\"name\":\"comunicacio\",\"image\":{\"@type\":\"ImageObject\",\"inLanguage\":\"es\",\"@id\":\"https:\\\/\\\/secure.gravatar.com\\\/avatar\\\/cc921e89975f546bc4139f170e59e0d573a099452a8a989eb18e18cda2e7227a?s=96&d=mm&r=g\",\"url\":\"https:\\\/\\\/secure.gravatar.com\\\/avatar\\\/cc921e89975f546bc4139f170e59e0d573a099452a8a989eb18e18cda2e7227a?s=96&d=mm&r=g\",\"contentUrl\":\"https:\\\/\\\/secure.gravatar.com\\\/avatar\\\/cc921e89975f546bc4139f170e59e0d573a099452a8a989eb18e18cda2e7227a?s=96&d=mm&r=g\",\"caption\":\"comunicacio\"}}]}<\/script>\n<!-- \/ Yoast SEO plugin. -->","yoast_head_json":{"title":"Una decena de empresas participan en el \u00faltimo 'Speednetworking' de COCEMFE Valencia - Cocemfe Valencia","robots":{"index":"index","follow":"follow","max-snippet":"max-snippet:-1","max-image-preview":"max-image-preview:large","max-video-preview":"max-video-preview:-1"},"canonical":"https:\/\/cocemfevalencia.org\/es\/una-decena-de-empresas-participan-en-el-ultimo-speednetworking-de-cocemfe-valencia\/","og_locale":"es_ES","og_type":"article","og_title":"Una decena de empresas participan en el \u00faltimo 'Speednetworking' de COCEMFE Valencia - Cocemfe Valencia","og_description":"Para finalizar nuestro programa de &#8216;Itinerarios para Mujeres con Discapacidad&#8217;, desde COCEMFE Valencia se organiz\u00f3 el pasado martes 19 de diciembre, un &#8216;Speednetworking&#8217; donde han participado 10 empresas colaboradoras del Servicio de Integraci\u00f3n Laboral (SIL). El objetivo principal de la actividad era poner en pr\u00e1ctica la entrevista de trabajo en un formato de entrevista r\u00e1pida.&hellip;&nbsp;Leer m\u00e1s &raquo;Una decena de empresas participan en el \u00faltimo &#8216;Speednetworking&#8217; de COCEMFE Valencia","og_url":"https:\/\/cocemfevalencia.org\/es\/una-decena-de-empresas-participan-en-el-ultimo-speednetworking-de-cocemfe-valencia\/","og_site_name":"Cocemfe Valencia","article_publisher":"https:\/\/www.facebook.com\/cocemfe.valencia","article_published_time":"2023-12-28T12:44:30+00:00","article_modified_time":"2023-12-28T12:47:13+00:00","og_image":[{"width":1600,"height":1200,"url":"https:\/\/cocemfevalencia.org\/wp-content\/uploads\/2023\/12\/WhatsApp-Image-2023-12-20-at-08.37.28-1.jpeg","type":"image\/jpeg"}],"author":"comunicacio","twitter_card":"summary_large_image","twitter_creator":"@COCEMFEValencia","twitter_site":"@COCEMFEValencia","twitter_misc":{"Escrito por":"comunicacio","Tiempo de lectura":"2 minutos"},"schema":{"@context":"https:\/\/schema.org","@graph":[{"@type":"Article","@id":"https:\/\/cocemfevalencia.org\/es\/una-decena-de-empresas-participan-en-el-ultimo-speednetworking-de-cocemfe-valencia\/#article","isPartOf":{"@id":"https:\/\/cocemfevalencia.org\/es\/una-decena-de-empresas-participan-en-el-ultimo-speednetworking-de-cocemfe-valencia\/"},"author":{"name":"comunicacio","@id":"https:\/\/cocemfevalencia.org\/es\/#\/schema\/person\/84dc42180efe17bdafa0a7a8702d24c8"},"headline":"Una decena de empresas participan en el \u00faltimo &#8216;Speednetworking&#8217; de COCEMFE Valencia","datePublished":"2023-12-28T12:44:30+00:00","dateModified":"2023-12-28T12:47:13+00:00","mainEntityOfPage":{"@id":"https:\/\/cocemfevalencia.org\/es\/una-decena-de-empresas-participan-en-el-ultimo-speednetworking-de-cocemfe-valencia\/"},"wordCount":222,"publisher":{"@id":"https:\/\/cocemfevalencia.org\/es\/#organization"},"image":{"@id":"https:\/\/cocemfevalencia.org\/es\/una-decena-de-empresas-participan-en-el-ultimo-speednetworking-de-cocemfe-valencia\/#primaryimage"},"thumbnailUrl":"https:\/\/cocemfevalencia.org\/wp-content\/uploads\/2023\/12\/WhatsApp-Image-2023-12-20-at-08.37.28-1.jpeg","keywords":["entrevistas laborales","inserci\u00f3n laboral","LABORAL","SIL","speednetworking"],"articleSection":["Not\u00edcies"],"inLanguage":"es"},{"@type":"WebPage","@id":"https:\/\/cocemfevalencia.org\/es\/una-decena-de-empresas-participan-en-el-ultimo-speednetworking-de-cocemfe-valencia\/","url":"https:\/\/cocemfevalencia.org\/es\/una-decena-de-empresas-participan-en-el-ultimo-speednetworking-de-cocemfe-valencia\/","name":"Una decena de empresas participan en el \u00faltimo 'Speednetworking' de COCEMFE Valencia - Cocemfe Valencia","isPartOf":{"@id":"https:\/\/cocemfevalencia.org\/es\/#website"},"primaryImageOfPage":{"@id":"https:\/\/cocemfevalencia.org\/es\/una-decena-de-empresas-participan-en-el-ultimo-speednetworking-de-cocemfe-valencia\/#primaryimage"},"image":{"@id":"https:\/\/cocemfevalencia.org\/es\/una-decena-de-empresas-participan-en-el-ultimo-speednetworking-de-cocemfe-valencia\/#primaryimage"},"thumbnailUrl":"https:\/\/cocemfevalencia.org\/wp-content\/uploads\/2023\/12\/WhatsApp-Image-2023-12-20-at-08.37.28-1.jpeg","datePublished":"2023-12-28T12:44:30+00:00","dateModified":"2023-12-28T12:47:13+00:00","breadcrumb":{"@id":"https:\/\/cocemfevalencia.org\/es\/una-decena-de-empresas-participan-en-el-ultimo-speednetworking-de-cocemfe-valencia\/#breadcrumb"},"inLanguage":"es","potentialAction":[{"@type":"ReadAction","target":["https:\/\/cocemfevalencia.org\/es\/una-decena-de-empresas-participan-en-el-ultimo-speednetworking-de-cocemfe-valencia\/"]}]},{"@type":"ImageObject","inLanguage":"es","@id":"https:\/\/cocemfevalencia.org\/es\/una-decena-de-empresas-participan-en-el-ultimo-speednetworking-de-cocemfe-valencia\/#primaryimage","url":"https:\/\/cocemfevalencia.org\/wp-content\/uploads\/2023\/12\/WhatsApp-Image-2023-12-20-at-08.37.28-1.jpeg","contentUrl":"https:\/\/cocemfevalencia.org\/wp-content\/uploads\/2023\/12\/WhatsApp-Image-2023-12-20-at-08.37.28-1.jpeg","width":1600,"height":1200},{"@type":"BreadcrumbList","@id":"https:\/\/cocemfevalencia.org\/es\/una-decena-de-empresas-participan-en-el-ultimo-speednetworking-de-cocemfe-valencia\/#breadcrumb","itemListElement":[{"@type":"ListItem","position":1,"name":"Portada","item":"https:\/\/cocemfevalencia.org\/es\/"},{"@type":"ListItem","position":2,"name":"Una decena de empresas participan en el \u00faltimo &#8216;Speednetworking&#8217; de COCEMFE Valencia"}]},{"@type":"WebSite","@id":"https:\/\/cocemfevalencia.org\/es\/#website","url":"https:\/\/cocemfevalencia.org\/es\/","name":"Cocemfe Valencia","description":"FEDERACI\u00d3N DE ASOCIACIONES DE PERSONAS CON DISCAPACIDAD F\u00cdSICA Y ORG\u00c1NICA DE LA PROV\u00cdNCIA DE VALENCIA","publisher":{"@id":"https:\/\/cocemfevalencia.org\/es\/#organization"},"potentialAction":[{"@type":"SearchAction","target":{"@type":"EntryPoint","urlTemplate":"https:\/\/cocemfevalencia.org\/es\/?s={search_term_string}"},"query-input":{"@type":"PropertyValueSpecification","valueRequired":true,"valueName":"search_term_string"}}],"inLanguage":"es"},{"@type":"Organization","@id":"https:\/\/cocemfevalencia.org\/es\/#organization","name":"Cocemfe Valencia","url":"https:\/\/cocemfevalencia.org\/es\/","logo":{"@type":"ImageObject","inLanguage":"es","@id":"https:\/\/cocemfevalencia.org\/es\/#\/schema\/logo\/image\/","url":"https:\/\/cocemfevalencia.org\/wp-content\/uploads\/2023\/03\/0312-Horizontal-una-linea-larga-rgb-positivo-Tricolor.png","contentUrl":"https:\/\/cocemfevalencia.org\/wp-content\/uploads\/2023\/03\/0312-Horizontal-una-linea-larga-rgb-positivo-Tricolor.png","width":2334,"height":613,"caption":"Cocemfe Valencia"},"image":{"@id":"https:\/\/cocemfevalencia.org\/es\/#\/schema\/logo\/image\/"},"sameAs":["https:\/\/www.facebook.com\/cocemfe.valencia","https:\/\/x.com\/COCEMFEValencia"]},{"@type":"Person","@id":"https:\/\/cocemfevalencia.org\/es\/#\/schema\/person\/84dc42180efe17bdafa0a7a8702d24c8","name":"comunicacio","image":{"@type":"ImageObject","inLanguage":"es","@id":"https:\/\/secure.gravatar.com\/avatar\/cc921e89975f546bc4139f170e59e0d573a099452a8a989eb18e18cda2e7227a?s=96&d=mm&r=g","url":"https:\/\/secure.gravatar.com\/avatar\/cc921e89975f546bc4139f170e59e0d573a099452a8a989eb18e18cda2e7227a?s=96&d=mm&r=g","contentUrl":"https:\/\/secure.gravatar.com\/avatar\/cc921e89975f546bc4139f170e59e0d573a099452a8a989eb18e18cda2e7227a?s=96&d=mm&r=g","caption":"comunicacio"}}]}},"_links":{"self":[{"href":"https:\/\/cocemfevalencia.org\/es\/wp-json\/wp\/v2\/posts\/13134","targetHints":{"allow":["GET"]}}],"collection":[{"href":"https:\/\/cocemfevalencia.org\/es\/wp-json\/wp\/v2\/posts"}],"about":[{"href":"https:\/\/cocemfevalencia.org\/es\/wp-json\/wp\/v2\/types\/post"}],"author":[{"embeddable":true,"href":"https:\/\/cocemfevalencia.org\/es\/wp-json\/wp\/v2\/users\/5"}],"replies":[{"embeddable":true,"href":"https:\/\/cocemfevalencia.org\/es\/wp-json\/wp\/v2\/comments?post=13134"}],"version-history":[{"count":4,"href":"https:\/\/cocemfevalencia.org\/es\/wp-json\/wp\/v2\/posts\/13134\/revisions"}],"predecessor-version":[{"id":13141,"href":"https:\/\/cocemfevalencia.org\/es\/wp-json\/wp\/v2\/posts\/13134\/revisions\/13141"}],"wp:featuredmedia":[{"embeddable":true,"href":"https:\/\/cocemfevalencia.org\/es\/wp-json\/wp\/v2\/media\/13132"}],"wp:attachment":[{"href":"https:\/\/cocemfevalencia.org\/es\/wp-json\/wp\/v2\/media?parent=13134"}],"wp:term":[{"taxonomy":"category","embeddable":true,"href":"https:\/\/cocemfevalencia.org\/es\/wp-json\/wp\/v2\/categories?post=13134"},{"taxonomy":"post_tag","embeddable":true,"href":"https:\/\/cocemfevalencia.org\/es\/wp-json\/wp\/v2\/tags?post=13134"}],"curies":[{"name":"wp","href":"https:\/\/api.w.org\/{rel}","templated":true}]}}