{"id":13563,"date":"2024-02-06T08:55:15","date_gmt":"2024-02-06T07:55:15","guid":{"rendered":"https:\/\/cocemfevalencia.org\/cocemfe-valencia-inicia-el-programa-buscando-empleo-en-la-era-digital\/"},"modified":"2024-02-06T08:59:58","modified_gmt":"2024-02-06T07:59:58","slug":"cocemfe-valencia-inicia-el-programa-buscando-empleo-en-la-era-digital","status":"publish","type":"post","link":"https:\/\/cocemfevalencia.org\/es\/cocemfe-valencia-inicia-el-programa-buscando-empleo-en-la-era-digital\/","title":{"rendered":"Cocemfe Val\u00e8ncia inicia el programa &#8216;Buscando empleo en la era digital&#8217;"},"content":{"rendered":"<p>&nbsp;<\/p>\n<ul>\n<li><strong>El proyecto se impulsa desde el \u00e1rea de empleo de la entidad<\/strong><\/li>\n<\/ul>\n<p>&nbsp;<\/p>\n<p><strong>COCEMFE Val\u00e8ncia<\/strong> est\u00e1 llevando a cabo el programa <strong>&#8216;Buscando empleo en la era digital&#8217;<\/strong> el cual, entre sus <strong>objetivos<\/strong>, contempla la mejora de las competencias digitales a trav\u00e9s de la realizaci\u00f3n de actividades para que las personas adquieran autonom\u00eda suficiente para buscar empleo en la red as\u00ed como utilizar las aplicaciones que mejoran su posicionamiento en el mercado laboral.<\/p>\n<p>La iniciativa desarrolla <strong>itinerarios de inserci\u00f3n laboral entre hombres y mujeres con discapacidad<\/strong> que se encuentran en b\u00fasqueda de ocupaci\u00f3n, desarrollando un <strong>acompa\u00f1amiento personalizado<\/strong>, centrado en las necesidades y demandas de cada persona.<\/p>\n<p><strong>&#8216;Buscando empleo en la era digital&#8217; <\/strong>se realiza gracias a la Convocatoria para la realizaci\u00f3n de programas de inter\u00e9s general para atender hasta de car\u00e1cter social con cargo a la asignaci\u00f3n tributaria del 0,7% del Impuesto sobre la Renta de las Personas F\u00edsicas en la Comunidad Valenciana, de la Vicepresidencia Segunda y Conselleria de Servicios Sociales, Igualdad y Vivienda.<\/p>\n<p>&nbsp;<\/p>\n<p>&nbsp;<\/p>\n<p><img decoding=\"async\" class=\"size-medium wp-image-13558 aligncenter\" src=\"https:\/\/cocemfevalencia.org\/wp-content\/uploads\/2024\/02\/Logos-IRPF-2023-01-CMYK_ROJO_VAL-8-300x137.png\" alt=\"\" width=\"300\" height=\"137\" srcset=\"https:\/\/cocemfevalencia.org\/wp-content\/uploads\/2024\/02\/Logos-IRPF-2023-01-CMYK_ROJO_VAL-8-300x137.png 300w, https:\/\/cocemfevalencia.org\/wp-content\/uploads\/2024\/02\/Logos-IRPF-2023-01-CMYK_ROJO_VAL-8-1024x468.png 1024w, https:\/\/cocemfevalencia.org\/wp-content\/uploads\/2024\/02\/Logos-IRPF-2023-01-CMYK_ROJO_VAL-8-768x351.png 768w, https:\/\/cocemfevalencia.org\/wp-content\/uploads\/2024\/02\/Logos-IRPF-2023-01-CMYK_ROJO_VAL-8-1536x702.png 1536w, https:\/\/cocemfevalencia.org\/wp-content\/uploads\/2024\/02\/Logos-IRPF-2023-01-CMYK_ROJO_VAL-8.png 1920w\" sizes=\"(max-width: 300px) 100vw, 300px\" \/><\/p>\n<p>Visitas: 5<\/p>","protected":false},"excerpt":{"rendered":"<p>&nbsp; El proyecto se impulsa desde el \u00e1rea de empleo de la entidad &nbsp; COCEMFE Val\u00e8ncia est\u00e1 llevando a cabo el programa &#8216;Buscando empleo en la era digital&#8217; el cual, entre sus objetivos, contempla la mejora de las competencias digitales a trav\u00e9s de la realizaci\u00f3n de actividades para que las personas adquieran autonom\u00eda suficiente para&hellip;&nbsp;<a href=\"https:\/\/cocemfevalencia.org\/es\/cocemfe-valencia-inicia-el-programa-buscando-empleo-en-la-era-digital\/\" rel=\"bookmark\">Leer m\u00e1s &raquo;<span class=\"screen-reader-text\">Cocemfe Val\u00e8ncia inicia el programa &#8216;Buscando empleo en la era digital&#8217;<\/span><\/a><\/p>\n","protected":false},"author":5,"featured_media":13561,"comment_status":"closed","ping_status":"closed","sticky":false,"template":"","format":"standard","meta":{"rop_custom_images_group":[],"rop_custom_messages_group":[],"rop_publish_now":"initial","rop_publish_now_accounts":[],"rop_publish_now_history":[],"rop_publish_now_status":"pending","neve_meta_sidebar":"","neve_meta_container":"","neve_meta_enable_content_width":"off","neve_meta_content_width":70,"neve_meta_title_alignment":"","neve_meta_author_avatar":"","neve_post_elements_order":"","neve_meta_disable_header":"","neve_meta_disable_footer":"","neve_meta_disable_title":"","footnotes":""},"categories":[5],"tags":[510,509,9,58],"class_list":["post-13563","post","type-post","status-publish","format-standard","has-post-thumbnail","hentry","category-noticias","tag-busqueda-de-trabajo-es","tag-empleo-es","tag-empleo","tag-generalitat-valenciana"],"yoast_head":"<!-- This site is optimized with the Yoast SEO plugin v27.3 - https:\/\/yoast.com\/product\/yoast-seo-wordpress\/ -->\n<title>Cocemfe Val\u00e8ncia inicia el programa &#039;Buscando empleo en la era digital&#039; - Cocemfe Valencia<\/title>\n<meta name=\"robots\" content=\"index, follow, max-snippet:-1, max-image-preview:large, max-video-preview:-1\" \/>\n<link rel=\"canonical\" href=\"https:\/\/cocemfevalencia.org\/es\/cocemfe-valencia-inicia-el-programa-buscando-empleo-en-la-era-digital\/\" \/>\n<meta property=\"og:locale\" content=\"es_ES\" \/>\n<meta property=\"og:type\" content=\"article\" \/>\n<meta property=\"og:title\" content=\"Cocemfe Val\u00e8ncia inicia el programa &#039;Buscando empleo en la era digital&#039; - Cocemfe Valencia\" \/>\n<meta property=\"og:description\" content=\"&nbsp; El proyecto se impulsa desde el \u00e1rea de empleo de la entidad &nbsp; COCEMFE Val\u00e8ncia est\u00e1 llevando a cabo el programa &#8216;Buscando empleo en la era digital&#8217; el cual, entre sus objetivos, contempla la mejora de las competencias digitales a trav\u00e9s de la realizaci\u00f3n de actividades para que las personas adquieran autonom\u00eda suficiente para&hellip;&nbsp;Leer m\u00e1s &raquo;Cocemfe Val\u00e8ncia inicia el programa &#8216;Buscando empleo en la era digital&#8217;\" \/>\n<meta property=\"og:url\" content=\"https:\/\/cocemfevalencia.org\/es\/cocemfe-valencia-inicia-el-programa-buscando-empleo-en-la-era-digital\/\" \/>\n<meta property=\"og:site_name\" content=\"Cocemfe Valencia\" \/>\n<meta property=\"article:publisher\" content=\"https:\/\/www.facebook.com\/cocemfe.valencia\" \/>\n<meta property=\"article:published_time\" content=\"2024-02-06T07:55:15+00:00\" \/>\n<meta property=\"article:modified_time\" content=\"2024-02-06T07:59:58+00:00\" \/>\n<meta property=\"og:image\" content=\"https:\/\/cocemfevalencia.org\/wp-content\/uploads\/2024\/02\/WhatsApp-Image-2024-02-01-at-14.34.35-1.jpeg\" \/>\n\t<meta property=\"og:image:width\" content=\"1600\" \/>\n\t<meta property=\"og:image:height\" content=\"1201\" \/>\n\t<meta property=\"og:image:type\" content=\"image\/jpeg\" \/>\n<meta name=\"author\" content=\"comunicacio\" \/>\n<meta name=\"twitter:card\" content=\"summary_large_image\" \/>\n<meta name=\"twitter:creator\" content=\"@COCEMFEValencia\" \/>\n<meta name=\"twitter:site\" content=\"@COCEMFEValencia\" \/>\n<meta name=\"twitter:label1\" content=\"Escrito por\" \/>\n\t<meta name=\"twitter:data1\" content=\"comunicacio\" \/>\n\t<meta name=\"twitter:label2\" content=\"Tiempo de lectura\" \/>\n\t<meta name=\"twitter:data2\" content=\"1 minuto\" \/>\n<script type=\"application\/ld+json\" class=\"yoast-schema-graph\">{\"@context\":\"https:\\\/\\\/schema.org\",\"@graph\":[{\"@type\":\"Article\",\"@id\":\"https:\\\/\\\/cocemfevalencia.org\\\/es\\\/cocemfe-valencia-inicia-el-programa-buscando-empleo-en-la-era-digital\\\/#article\",\"isPartOf\":{\"@id\":\"https:\\\/\\\/cocemfevalencia.org\\\/es\\\/cocemfe-valencia-inicia-el-programa-buscando-empleo-en-la-era-digital\\\/\"},\"author\":{\"name\":\"comunicacio\",\"@id\":\"https:\\\/\\\/cocemfevalencia.org\\\/es\\\/#\\\/schema\\\/person\\\/84dc42180efe17bdafa0a7a8702d24c8\"},\"headline\":\"Cocemfe Val\u00e8ncia inicia el programa &#8216;Buscando empleo en la era digital&#8217;\",\"datePublished\":\"2024-02-06T07:55:15+00:00\",\"dateModified\":\"2024-02-06T07:59:58+00:00\",\"mainEntityOfPage\":{\"@id\":\"https:\\\/\\\/cocemfevalencia.org\\\/es\\\/cocemfe-valencia-inicia-el-programa-buscando-empleo-en-la-era-digital\\\/\"},\"wordCount\":191,\"publisher\":{\"@id\":\"https:\\\/\\\/cocemfevalencia.org\\\/es\\\/#organization\"},\"image\":{\"@id\":\"https:\\\/\\\/cocemfevalencia.org\\\/es\\\/cocemfe-valencia-inicia-el-programa-buscando-empleo-en-la-era-digital\\\/#primaryimage\"},\"thumbnailUrl\":\"https:\\\/\\\/cocemfevalencia.org\\\/wp-content\\\/uploads\\\/2024\\\/02\\\/WhatsApp-Image-2024-02-01-at-14.34.35-1.jpeg\",\"keywords\":[\"b\u00fasqueda de trabajo\",\"Empleo\",\"empleo\",\"Generalitat Valenciana\"],\"articleSection\":[\"Not\u00edcies\"],\"inLanguage\":\"es\"},{\"@type\":\"WebPage\",\"@id\":\"https:\\\/\\\/cocemfevalencia.org\\\/es\\\/cocemfe-valencia-inicia-el-programa-buscando-empleo-en-la-era-digital\\\/\",\"url\":\"https:\\\/\\\/cocemfevalencia.org\\\/es\\\/cocemfe-valencia-inicia-el-programa-buscando-empleo-en-la-era-digital\\\/\",\"name\":\"Cocemfe Val\u00e8ncia inicia el programa 'Buscando empleo en la era digital' - Cocemfe Valencia\",\"isPartOf\":{\"@id\":\"https:\\\/\\\/cocemfevalencia.org\\\/es\\\/#website\"},\"primaryImageOfPage\":{\"@id\":\"https:\\\/\\\/cocemfevalencia.org\\\/es\\\/cocemfe-valencia-inicia-el-programa-buscando-empleo-en-la-era-digital\\\/#primaryimage\"},\"image\":{\"@id\":\"https:\\\/\\\/cocemfevalencia.org\\\/es\\\/cocemfe-valencia-inicia-el-programa-buscando-empleo-en-la-era-digital\\\/#primaryimage\"},\"thumbnailUrl\":\"https:\\\/\\\/cocemfevalencia.org\\\/wp-content\\\/uploads\\\/2024\\\/02\\\/WhatsApp-Image-2024-02-01-at-14.34.35-1.jpeg\",\"datePublished\":\"2024-02-06T07:55:15+00:00\",\"dateModified\":\"2024-02-06T07:59:58+00:00\",\"breadcrumb\":{\"@id\":\"https:\\\/\\\/cocemfevalencia.org\\\/es\\\/cocemfe-valencia-inicia-el-programa-buscando-empleo-en-la-era-digital\\\/#breadcrumb\"},\"inLanguage\":\"es\",\"potentialAction\":[{\"@type\":\"ReadAction\",\"target\":[\"https:\\\/\\\/cocemfevalencia.org\\\/es\\\/cocemfe-valencia-inicia-el-programa-buscando-empleo-en-la-era-digital\\\/\"]}]},{\"@type\":\"ImageObject\",\"inLanguage\":\"es\",\"@id\":\"https:\\\/\\\/cocemfevalencia.org\\\/es\\\/cocemfe-valencia-inicia-el-programa-buscando-empleo-en-la-era-digital\\\/#primaryimage\",\"url\":\"https:\\\/\\\/cocemfevalencia.org\\\/wp-content\\\/uploads\\\/2024\\\/02\\\/WhatsApp-Image-2024-02-01-at-14.34.35-1.jpeg\",\"contentUrl\":\"https:\\\/\\\/cocemfevalencia.org\\\/wp-content\\\/uploads\\\/2024\\\/02\\\/WhatsApp-Image-2024-02-01-at-14.34.35-1.jpeg\",\"width\":1600,\"height\":1201},{\"@type\":\"BreadcrumbList\",\"@id\":\"https:\\\/\\\/cocemfevalencia.org\\\/es\\\/cocemfe-valencia-inicia-el-programa-buscando-empleo-en-la-era-digital\\\/#breadcrumb\",\"itemListElement\":[{\"@type\":\"ListItem\",\"position\":1,\"name\":\"Portada\",\"item\":\"https:\\\/\\\/cocemfevalencia.org\\\/es\\\/\"},{\"@type\":\"ListItem\",\"position\":2,\"name\":\"Cocemfe Val\u00e8ncia inicia el programa &#8216;Buscando empleo en la era digital&#8217;\"}]},{\"@type\":\"WebSite\",\"@id\":\"https:\\\/\\\/cocemfevalencia.org\\\/es\\\/#website\",\"url\":\"https:\\\/\\\/cocemfevalencia.org\\\/es\\\/\",\"name\":\"Cocemfe Valencia\",\"description\":\"FEDERACI\u00d3N DE ASOCIACIONES DE PERSONAS CON DISCAPACIDAD F\u00cdSICA Y ORG\u00c1NICA DE LA PROV\u00cdNCIA DE VALENCIA\",\"publisher\":{\"@id\":\"https:\\\/\\\/cocemfevalencia.org\\\/es\\\/#organization\"},\"potentialAction\":[{\"@type\":\"SearchAction\",\"target\":{\"@type\":\"EntryPoint\",\"urlTemplate\":\"https:\\\/\\\/cocemfevalencia.org\\\/es\\\/?s={search_term_string}\"},\"query-input\":{\"@type\":\"PropertyValueSpecification\",\"valueRequired\":true,\"valueName\":\"search_term_string\"}}],\"inLanguage\":\"es\"},{\"@type\":\"Organization\",\"@id\":\"https:\\\/\\\/cocemfevalencia.org\\\/es\\\/#organization\",\"name\":\"Cocemfe Valencia\",\"url\":\"https:\\\/\\\/cocemfevalencia.org\\\/es\\\/\",\"logo\":{\"@type\":\"ImageObject\",\"inLanguage\":\"es\",\"@id\":\"https:\\\/\\\/cocemfevalencia.org\\\/es\\\/#\\\/schema\\\/logo\\\/image\\\/\",\"url\":\"https:\\\/\\\/cocemfevalencia.org\\\/wp-content\\\/uploads\\\/2023\\\/03\\\/0312-Horizontal-una-linea-larga-rgb-positivo-Tricolor.png\",\"contentUrl\":\"https:\\\/\\\/cocemfevalencia.org\\\/wp-content\\\/uploads\\\/2023\\\/03\\\/0312-Horizontal-una-linea-larga-rgb-positivo-Tricolor.png\",\"width\":2334,\"height\":613,\"caption\":\"Cocemfe Valencia\"},\"image\":{\"@id\":\"https:\\\/\\\/cocemfevalencia.org\\\/es\\\/#\\\/schema\\\/logo\\\/image\\\/\"},\"sameAs\":[\"https:\\\/\\\/www.facebook.com\\\/cocemfe.valencia\",\"https:\\\/\\\/x.com\\\/COCEMFEValencia\"]},{\"@type\":\"Person\",\"@id\":\"https:\\\/\\\/cocemfevalencia.org\\\/es\\\/#\\\/schema\\\/person\\\/84dc42180efe17bdafa0a7a8702d24c8\",\"name\":\"comunicacio\",\"image\":{\"@type\":\"ImageObject\",\"inLanguage\":\"es\",\"@id\":\"https:\\\/\\\/secure.gravatar.com\\\/avatar\\\/cc921e89975f546bc4139f170e59e0d573a099452a8a989eb18e18cda2e7227a?s=96&d=mm&r=g\",\"url\":\"https:\\\/\\\/secure.gravatar.com\\\/avatar\\\/cc921e89975f546bc4139f170e59e0d573a099452a8a989eb18e18cda2e7227a?s=96&d=mm&r=g\",\"contentUrl\":\"https:\\\/\\\/secure.gravatar.com\\\/avatar\\\/cc921e89975f546bc4139f170e59e0d573a099452a8a989eb18e18cda2e7227a?s=96&d=mm&r=g\",\"caption\":\"comunicacio\"}}]}<\/script>\n<!-- \/ Yoast SEO plugin. -->","yoast_head_json":{"title":"Cocemfe Val\u00e8ncia inicia el programa 'Buscando empleo en la era digital' - Cocemfe Valencia","robots":{"index":"index","follow":"follow","max-snippet":"max-snippet:-1","max-image-preview":"max-image-preview:large","max-video-preview":"max-video-preview:-1"},"canonical":"https:\/\/cocemfevalencia.org\/es\/cocemfe-valencia-inicia-el-programa-buscando-empleo-en-la-era-digital\/","og_locale":"es_ES","og_type":"article","og_title":"Cocemfe Val\u00e8ncia inicia el programa 'Buscando empleo en la era digital' - Cocemfe Valencia","og_description":"&nbsp; El proyecto se impulsa desde el \u00e1rea de empleo de la entidad &nbsp; COCEMFE Val\u00e8ncia est\u00e1 llevando a cabo el programa &#8216;Buscando empleo en la era digital&#8217; el cual, entre sus objetivos, contempla la mejora de las competencias digitales a trav\u00e9s de la realizaci\u00f3n de actividades para que las personas adquieran autonom\u00eda suficiente para&hellip;&nbsp;Leer m\u00e1s &raquo;Cocemfe Val\u00e8ncia inicia el programa &#8216;Buscando empleo en la era digital&#8217;","og_url":"https:\/\/cocemfevalencia.org\/es\/cocemfe-valencia-inicia-el-programa-buscando-empleo-en-la-era-digital\/","og_site_name":"Cocemfe Valencia","article_publisher":"https:\/\/www.facebook.com\/cocemfe.valencia","article_published_time":"2024-02-06T07:55:15+00:00","article_modified_time":"2024-02-06T07:59:58+00:00","og_image":[{"width":1600,"height":1201,"url":"https:\/\/cocemfevalencia.org\/wp-content\/uploads\/2024\/02\/WhatsApp-Image-2024-02-01-at-14.34.35-1.jpeg","type":"image\/jpeg"}],"author":"comunicacio","twitter_card":"summary_large_image","twitter_creator":"@COCEMFEValencia","twitter_site":"@COCEMFEValencia","twitter_misc":{"Escrito por":"comunicacio","Tiempo de lectura":"1 minuto"},"schema":{"@context":"https:\/\/schema.org","@graph":[{"@type":"Article","@id":"https:\/\/cocemfevalencia.org\/es\/cocemfe-valencia-inicia-el-programa-buscando-empleo-en-la-era-digital\/#article","isPartOf":{"@id":"https:\/\/cocemfevalencia.org\/es\/cocemfe-valencia-inicia-el-programa-buscando-empleo-en-la-era-digital\/"},"author":{"name":"comunicacio","@id":"https:\/\/cocemfevalencia.org\/es\/#\/schema\/person\/84dc42180efe17bdafa0a7a8702d24c8"},"headline":"Cocemfe Val\u00e8ncia inicia el programa &#8216;Buscando empleo en la era digital&#8217;","datePublished":"2024-02-06T07:55:15+00:00","dateModified":"2024-02-06T07:59:58+00:00","mainEntityOfPage":{"@id":"https:\/\/cocemfevalencia.org\/es\/cocemfe-valencia-inicia-el-programa-buscando-empleo-en-la-era-digital\/"},"wordCount":191,"publisher":{"@id":"https:\/\/cocemfevalencia.org\/es\/#organization"},"image":{"@id":"https:\/\/cocemfevalencia.org\/es\/cocemfe-valencia-inicia-el-programa-buscando-empleo-en-la-era-digital\/#primaryimage"},"thumbnailUrl":"https:\/\/cocemfevalencia.org\/wp-content\/uploads\/2024\/02\/WhatsApp-Image-2024-02-01-at-14.34.35-1.jpeg","keywords":["b\u00fasqueda de trabajo","Empleo","empleo","Generalitat Valenciana"],"articleSection":["Not\u00edcies"],"inLanguage":"es"},{"@type":"WebPage","@id":"https:\/\/cocemfevalencia.org\/es\/cocemfe-valencia-inicia-el-programa-buscando-empleo-en-la-era-digital\/","url":"https:\/\/cocemfevalencia.org\/es\/cocemfe-valencia-inicia-el-programa-buscando-empleo-en-la-era-digital\/","name":"Cocemfe Val\u00e8ncia inicia el programa 'Buscando empleo en la era digital' - Cocemfe Valencia","isPartOf":{"@id":"https:\/\/cocemfevalencia.org\/es\/#website"},"primaryImageOfPage":{"@id":"https:\/\/cocemfevalencia.org\/es\/cocemfe-valencia-inicia-el-programa-buscando-empleo-en-la-era-digital\/#primaryimage"},"image":{"@id":"https:\/\/cocemfevalencia.org\/es\/cocemfe-valencia-inicia-el-programa-buscando-empleo-en-la-era-digital\/#primaryimage"},"thumbnailUrl":"https:\/\/cocemfevalencia.org\/wp-content\/uploads\/2024\/02\/WhatsApp-Image-2024-02-01-at-14.34.35-1.jpeg","datePublished":"2024-02-06T07:55:15+00:00","dateModified":"2024-02-06T07:59:58+00:00","breadcrumb":{"@id":"https:\/\/cocemfevalencia.org\/es\/cocemfe-valencia-inicia-el-programa-buscando-empleo-en-la-era-digital\/#breadcrumb"},"inLanguage":"es","potentialAction":[{"@type":"ReadAction","target":["https:\/\/cocemfevalencia.org\/es\/cocemfe-valencia-inicia-el-programa-buscando-empleo-en-la-era-digital\/"]}]},{"@type":"ImageObject","inLanguage":"es","@id":"https:\/\/cocemfevalencia.org\/es\/cocemfe-valencia-inicia-el-programa-buscando-empleo-en-la-era-digital\/#primaryimage","url":"https:\/\/cocemfevalencia.org\/wp-content\/uploads\/2024\/02\/WhatsApp-Image-2024-02-01-at-14.34.35-1.jpeg","contentUrl":"https:\/\/cocemfevalencia.org\/wp-content\/uploads\/2024\/02\/WhatsApp-Image-2024-02-01-at-14.34.35-1.jpeg","width":1600,"height":1201},{"@type":"BreadcrumbList","@id":"https:\/\/cocemfevalencia.org\/es\/cocemfe-valencia-inicia-el-programa-buscando-empleo-en-la-era-digital\/#breadcrumb","itemListElement":[{"@type":"ListItem","position":1,"name":"Portada","item":"https:\/\/cocemfevalencia.org\/es\/"},{"@type":"ListItem","position":2,"name":"Cocemfe Val\u00e8ncia inicia el programa &#8216;Buscando empleo en la era digital&#8217;"}]},{"@type":"WebSite","@id":"https:\/\/cocemfevalencia.org\/es\/#website","url":"https:\/\/cocemfevalencia.org\/es\/","name":"Cocemfe Valencia","description":"FEDERACI\u00d3N DE ASOCIACIONES DE PERSONAS CON DISCAPACIDAD F\u00cdSICA Y ORG\u00c1NICA DE LA PROV\u00cdNCIA DE VALENCIA","publisher":{"@id":"https:\/\/cocemfevalencia.org\/es\/#organization"},"potentialAction":[{"@type":"SearchAction","target":{"@type":"EntryPoint","urlTemplate":"https:\/\/cocemfevalencia.org\/es\/?s={search_term_string}"},"query-input":{"@type":"PropertyValueSpecification","valueRequired":true,"valueName":"search_term_string"}}],"inLanguage":"es"},{"@type":"Organization","@id":"https:\/\/cocemfevalencia.org\/es\/#organization","name":"Cocemfe Valencia","url":"https:\/\/cocemfevalencia.org\/es\/","logo":{"@type":"ImageObject","inLanguage":"es","@id":"https:\/\/cocemfevalencia.org\/es\/#\/schema\/logo\/image\/","url":"https:\/\/cocemfevalencia.org\/wp-content\/uploads\/2023\/03\/0312-Horizontal-una-linea-larga-rgb-positivo-Tricolor.png","contentUrl":"https:\/\/cocemfevalencia.org\/wp-content\/uploads\/2023\/03\/0312-Horizontal-una-linea-larga-rgb-positivo-Tricolor.png","width":2334,"height":613,"caption":"Cocemfe Valencia"},"image":{"@id":"https:\/\/cocemfevalencia.org\/es\/#\/schema\/logo\/image\/"},"sameAs":["https:\/\/www.facebook.com\/cocemfe.valencia","https:\/\/x.com\/COCEMFEValencia"]},{"@type":"Person","@id":"https:\/\/cocemfevalencia.org\/es\/#\/schema\/person\/84dc42180efe17bdafa0a7a8702d24c8","name":"comunicacio","image":{"@type":"ImageObject","inLanguage":"es","@id":"https:\/\/secure.gravatar.com\/avatar\/cc921e89975f546bc4139f170e59e0d573a099452a8a989eb18e18cda2e7227a?s=96&d=mm&r=g","url":"https:\/\/secure.gravatar.com\/avatar\/cc921e89975f546bc4139f170e59e0d573a099452a8a989eb18e18cda2e7227a?s=96&d=mm&r=g","contentUrl":"https:\/\/secure.gravatar.com\/avatar\/cc921e89975f546bc4139f170e59e0d573a099452a8a989eb18e18cda2e7227a?s=96&d=mm&r=g","caption":"comunicacio"}}]}},"_links":{"self":[{"href":"https:\/\/cocemfevalencia.org\/es\/wp-json\/wp\/v2\/posts\/13563","targetHints":{"allow":["GET"]}}],"collection":[{"href":"https:\/\/cocemfevalencia.org\/es\/wp-json\/wp\/v2\/posts"}],"about":[{"href":"https:\/\/cocemfevalencia.org\/es\/wp-json\/wp\/v2\/types\/post"}],"author":[{"embeddable":true,"href":"https:\/\/cocemfevalencia.org\/es\/wp-json\/wp\/v2\/users\/5"}],"replies":[{"embeddable":true,"href":"https:\/\/cocemfevalencia.org\/es\/wp-json\/wp\/v2\/comments?post=13563"}],"version-history":[{"count":1,"href":"https:\/\/cocemfevalencia.org\/es\/wp-json\/wp\/v2\/posts\/13563\/revisions"}],"predecessor-version":[{"id":13564,"href":"https:\/\/cocemfevalencia.org\/es\/wp-json\/wp\/v2\/posts\/13563\/revisions\/13564"}],"wp:featuredmedia":[{"embeddable":true,"href":"https:\/\/cocemfevalencia.org\/es\/wp-json\/wp\/v2\/media\/13561"}],"wp:attachment":[{"href":"https:\/\/cocemfevalencia.org\/es\/wp-json\/wp\/v2\/media?parent=13563"}],"wp:term":[{"taxonomy":"category","embeddable":true,"href":"https:\/\/cocemfevalencia.org\/es\/wp-json\/wp\/v2\/categories?post=13563"},{"taxonomy":"post_tag","embeddable":true,"href":"https:\/\/cocemfevalencia.org\/es\/wp-json\/wp\/v2\/tags?post=13563"}],"curies":[{"name":"wp","href":"https:\/\/api.w.org\/{rel}","templated":true}]}}