{"id":14365,"date":"2024-07-04T13:18:41","date_gmt":"2024-07-04T11:18:41","guid":{"rendered":"https:\/\/cocemfevalencia.org\/?p=14365"},"modified":"2024-07-04T13:26:26","modified_gmt":"2024-07-04T11:26:26","slug":"cocemfe-valencia-inicia-el-nuevo-programa-de-itinerarios-de-insercion-laboral-para-mujeres-con-discapacidad","status":"publish","type":"post","link":"https:\/\/cocemfevalencia.org\/es\/cocemfe-valencia-inicia-el-nuevo-programa-de-itinerarios-de-insercion-laboral-para-mujeres-con-discapacidad\/","title":{"rendered":"COCEMFE Valencia inicia un nuevo &#8216;Programa de Itinerarios de Inserci\u00f3n laboral para mujeres con Discapacidad&#8217;"},"content":{"rendered":"<p><strong>COCEMFE Valencia<\/strong> iniciamos un nuevo <strong>Programa de Itinerarios de Inserci\u00f3n laboral para mujeres con Discapacidad.<\/strong><\/p>\n<p>\u00bfQu\u00e9 te puede ofrecer este programa de Itinerarios de inserci\u00f3n laboral para mujeres con Discapacidad?<br \/>\n\u2714Atenci\u00f3n ajustada a tus necesidades.<br \/>\n\u2714Acceso prioritario a las ofertas de nuestra bolsa.<br \/>\n\u2714Sesiones individuales con personal cualificado.<br \/>\n\u2714Talleres pr\u00e1cticos grupales para mejorar tu empleabilidad con beca de participaci\u00f3n gracias a Caixa Popular<br \/>\n\u2714Acceso a m\u00faltiples recursos que te ayudar\u00e1n a encontrar un puesto que se adapte a tus expectativas.<\/p>\n<p>Si crees que puede ser un recurso interesante te podemos dar cita de forma inmediata para iniciar el itinerario de inserci\u00f3n! Contacta con nosotras a trav\u00e9s de info@cocemfevalencia.org o llama al 963837708.<\/p>\n<p>Te esperamos!\ud83d\ude42<\/p>\n<p>&nbsp;<\/p>\n<ul>\n<li><strong>Programa Fondo Social Europeo Plus (FSE+) Comunitat Valenciana 2021-2027<\/strong><\/li>\n<\/ul>\n<p>Visitas: 74<\/p>","protected":false},"excerpt":{"rendered":"<p>COCEMFE Valencia iniciamos un nuevo Programa de Itinerarios de Inserci\u00f3n laboral para mujeres con Discapacidad. \u00bfQu\u00e9 te puede ofrecer este programa de Itinerarios de inserci\u00f3n laboral para mujeres con Discapacidad? \u2714Atenci\u00f3n ajustada a tus necesidades. \u2714Acceso prioritario a las ofertas de nuestra bolsa. \u2714Sesiones individuales con personal cualificado. \u2714Talleres pr\u00e1cticos grupales para mejorar tu empleabilidad&hellip;&nbsp;<a href=\"https:\/\/cocemfevalencia.org\/es\/cocemfe-valencia-inicia-el-nuevo-programa-de-itinerarios-de-insercion-laboral-para-mujeres-con-discapacidad\/\" rel=\"bookmark\">Leer m\u00e1s &raquo;<span class=\"screen-reader-text\">COCEMFE Valencia inicia un nuevo &#8216;Programa de Itinerarios de Inserci\u00f3n laboral para mujeres con Discapacidad&#8217;<\/span><\/a><\/p>\n","protected":false},"author":5,"featured_media":14368,"comment_status":"closed","ping_status":"closed","sticky":false,"template":"","format":"standard","meta":{"rop_custom_images_group":[],"rop_custom_messages_group":[],"rop_publish_now":"initial","rop_publish_now_accounts":[],"rop_publish_now_history":[],"rop_publish_now_status":"pending","neve_meta_sidebar":"","neve_meta_container":"","neve_meta_enable_content_width":"off","neve_meta_content_width":70,"neve_meta_title_alignment":"","neve_meta_author_avatar":"","neve_post_elements_order":"","neve_meta_disable_header":"","neve_meta_disable_footer":"","neve_meta_disable_title":"","footnotes":""},"categories":[5],"tags":[559],"class_list":["post-14365","post","type-post","status-publish","format-standard","has-post-thumbnail","hentry","category-noticias","tag-itinirarios"],"yoast_head":"<!-- This site is optimized with the Yoast SEO plugin v27.3 - https:\/\/yoast.com\/product\/yoast-seo-wordpress\/ -->\n<title>COCEMFE Valencia inicia un nuevo &#039;Programa de Itinerarios de Inserci\u00f3n laboral para mujeres con Discapacidad&#039; - Cocemfe Valencia<\/title>\n<meta name=\"robots\" content=\"index, follow, max-snippet:-1, max-image-preview:large, max-video-preview:-1\" \/>\n<link rel=\"canonical\" href=\"https:\/\/cocemfevalencia.org\/es\/cocemfe-valencia-inicia-el-nuevo-programa-de-itinerarios-de-insercion-laboral-para-mujeres-con-discapacidad\/\" \/>\n<meta property=\"og:locale\" content=\"es_ES\" \/>\n<meta property=\"og:type\" content=\"article\" \/>\n<meta property=\"og:title\" content=\"COCEMFE Valencia inicia un nuevo &#039;Programa de Itinerarios de Inserci\u00f3n laboral para mujeres con Discapacidad&#039; - Cocemfe Valencia\" \/>\n<meta property=\"og:description\" content=\"COCEMFE Valencia iniciamos un nuevo Programa de Itinerarios de Inserci\u00f3n laboral para mujeres con Discapacidad. \u00bfQu\u00e9 te puede ofrecer este programa de Itinerarios de inserci\u00f3n laboral para mujeres con Discapacidad? \u2714Atenci\u00f3n ajustada a tus necesidades. \u2714Acceso prioritario a las ofertas de nuestra bolsa. \u2714Sesiones individuales con personal cualificado. \u2714Talleres pr\u00e1cticos grupales para mejorar tu empleabilidad&hellip;&nbsp;Leer m\u00e1s &raquo;COCEMFE Valencia inicia un nuevo &#8216;Programa de Itinerarios de Inserci\u00f3n laboral para mujeres con Discapacidad&#8217;\" \/>\n<meta property=\"og:url\" content=\"https:\/\/cocemfevalencia.org\/es\/cocemfe-valencia-inicia-el-nuevo-programa-de-itinerarios-de-insercion-laboral-para-mujeres-con-discapacidad\/\" \/>\n<meta property=\"og:site_name\" content=\"Cocemfe Valencia\" \/>\n<meta property=\"article:publisher\" content=\"https:\/\/www.facebook.com\/cocemfe.valencia\" \/>\n<meta property=\"article:published_time\" content=\"2024-07-04T11:18:41+00:00\" \/>\n<meta property=\"article:modified_time\" content=\"2024-07-04T11:26:26+00:00\" \/>\n<meta property=\"og:image\" content=\"https:\/\/cocemfevalencia.org\/wp-content\/uploads\/2024\/07\/WhatsApp-Image-2024-07-02-at-10.55.54.jpeg\" \/>\n\t<meta property=\"og:image:width\" content=\"1131\" \/>\n\t<meta property=\"og:image:height\" content=\"1600\" \/>\n\t<meta property=\"og:image:type\" content=\"image\/jpeg\" \/>\n<meta name=\"author\" content=\"comunicacio\" \/>\n<meta name=\"twitter:card\" content=\"summary_large_image\" \/>\n<meta name=\"twitter:creator\" content=\"@COCEMFEValencia\" \/>\n<meta name=\"twitter:site\" content=\"@COCEMFEValencia\" \/>\n<meta name=\"twitter:label1\" content=\"Escrito por\" \/>\n\t<meta name=\"twitter:data1\" content=\"comunicacio\" \/>\n\t<meta name=\"twitter:label2\" content=\"Tiempo de lectura\" \/>\n\t<meta name=\"twitter:data2\" content=\"1 minuto\" \/>\n<script type=\"application\/ld+json\" class=\"yoast-schema-graph\">{\"@context\":\"https:\\\/\\\/schema.org\",\"@graph\":[{\"@type\":\"Article\",\"@id\":\"https:\\\/\\\/cocemfevalencia.org\\\/es\\\/cocemfe-valencia-inicia-el-nuevo-programa-de-itinerarios-de-insercion-laboral-para-mujeres-con-discapacidad\\\/#article\",\"isPartOf\":{\"@id\":\"https:\\\/\\\/cocemfevalencia.org\\\/es\\\/cocemfe-valencia-inicia-el-nuevo-programa-de-itinerarios-de-insercion-laboral-para-mujeres-con-discapacidad\\\/\"},\"author\":{\"name\":\"comunicacio\",\"@id\":\"https:\\\/\\\/cocemfevalencia.org\\\/es\\\/#\\\/schema\\\/person\\\/84dc42180efe17bdafa0a7a8702d24c8\"},\"headline\":\"COCEMFE Valencia inicia un nuevo &#8216;Programa de Itinerarios de Inserci\u00f3n laboral para mujeres con Discapacidad&#8217;\",\"datePublished\":\"2024-07-04T11:18:41+00:00\",\"dateModified\":\"2024-07-04T11:26:26+00:00\",\"mainEntityOfPage\":{\"@id\":\"https:\\\/\\\/cocemfevalencia.org\\\/es\\\/cocemfe-valencia-inicia-el-nuevo-programa-de-itinerarios-de-insercion-laboral-para-mujeres-con-discapacidad\\\/\"},\"wordCount\":150,\"publisher\":{\"@id\":\"https:\\\/\\\/cocemfevalencia.org\\\/es\\\/#organization\"},\"image\":{\"@id\":\"https:\\\/\\\/cocemfevalencia.org\\\/es\\\/cocemfe-valencia-inicia-el-nuevo-programa-de-itinerarios-de-insercion-laboral-para-mujeres-con-discapacidad\\\/#primaryimage\"},\"thumbnailUrl\":\"https:\\\/\\\/cocemfevalencia.org\\\/wp-content\\\/uploads\\\/2024\\\/07\\\/WhatsApp-Image-2024-07-02-at-10.55.54.jpeg\",\"keywords\":[\"Itinirarios\"],\"articleSection\":[\"Not\u00edcies\"],\"inLanguage\":\"es\"},{\"@type\":\"WebPage\",\"@id\":\"https:\\\/\\\/cocemfevalencia.org\\\/es\\\/cocemfe-valencia-inicia-el-nuevo-programa-de-itinerarios-de-insercion-laboral-para-mujeres-con-discapacidad\\\/\",\"url\":\"https:\\\/\\\/cocemfevalencia.org\\\/es\\\/cocemfe-valencia-inicia-el-nuevo-programa-de-itinerarios-de-insercion-laboral-para-mujeres-con-discapacidad\\\/\",\"name\":\"COCEMFE Valencia inicia un nuevo 'Programa de Itinerarios de Inserci\u00f3n laboral para mujeres con Discapacidad' - Cocemfe Valencia\",\"isPartOf\":{\"@id\":\"https:\\\/\\\/cocemfevalencia.org\\\/es\\\/#website\"},\"primaryImageOfPage\":{\"@id\":\"https:\\\/\\\/cocemfevalencia.org\\\/es\\\/cocemfe-valencia-inicia-el-nuevo-programa-de-itinerarios-de-insercion-laboral-para-mujeres-con-discapacidad\\\/#primaryimage\"},\"image\":{\"@id\":\"https:\\\/\\\/cocemfevalencia.org\\\/es\\\/cocemfe-valencia-inicia-el-nuevo-programa-de-itinerarios-de-insercion-laboral-para-mujeres-con-discapacidad\\\/#primaryimage\"},\"thumbnailUrl\":\"https:\\\/\\\/cocemfevalencia.org\\\/wp-content\\\/uploads\\\/2024\\\/07\\\/WhatsApp-Image-2024-07-02-at-10.55.54.jpeg\",\"datePublished\":\"2024-07-04T11:18:41+00:00\",\"dateModified\":\"2024-07-04T11:26:26+00:00\",\"breadcrumb\":{\"@id\":\"https:\\\/\\\/cocemfevalencia.org\\\/es\\\/cocemfe-valencia-inicia-el-nuevo-programa-de-itinerarios-de-insercion-laboral-para-mujeres-con-discapacidad\\\/#breadcrumb\"},\"inLanguage\":\"es\",\"potentialAction\":[{\"@type\":\"ReadAction\",\"target\":[\"https:\\\/\\\/cocemfevalencia.org\\\/es\\\/cocemfe-valencia-inicia-el-nuevo-programa-de-itinerarios-de-insercion-laboral-para-mujeres-con-discapacidad\\\/\"]}]},{\"@type\":\"ImageObject\",\"inLanguage\":\"es\",\"@id\":\"https:\\\/\\\/cocemfevalencia.org\\\/es\\\/cocemfe-valencia-inicia-el-nuevo-programa-de-itinerarios-de-insercion-laboral-para-mujeres-con-discapacidad\\\/#primaryimage\",\"url\":\"https:\\\/\\\/cocemfevalencia.org\\\/wp-content\\\/uploads\\\/2024\\\/07\\\/WhatsApp-Image-2024-07-02-at-10.55.54.jpeg\",\"contentUrl\":\"https:\\\/\\\/cocemfevalencia.org\\\/wp-content\\\/uploads\\\/2024\\\/07\\\/WhatsApp-Image-2024-07-02-at-10.55.54.jpeg\",\"width\":1131,\"height\":1600},{\"@type\":\"BreadcrumbList\",\"@id\":\"https:\\\/\\\/cocemfevalencia.org\\\/es\\\/cocemfe-valencia-inicia-el-nuevo-programa-de-itinerarios-de-insercion-laboral-para-mujeres-con-discapacidad\\\/#breadcrumb\",\"itemListElement\":[{\"@type\":\"ListItem\",\"position\":1,\"name\":\"Portada\",\"item\":\"https:\\\/\\\/cocemfevalencia.org\\\/es\\\/\"},{\"@type\":\"ListItem\",\"position\":2,\"name\":\"COCEMFE Valencia inicia un nuevo &#8216;Programa de Itinerarios de Inserci\u00f3n laboral para mujeres con Discapacidad&#8217;\"}]},{\"@type\":\"WebSite\",\"@id\":\"https:\\\/\\\/cocemfevalencia.org\\\/es\\\/#website\",\"url\":\"https:\\\/\\\/cocemfevalencia.org\\\/es\\\/\",\"name\":\"Cocemfe Valencia\",\"description\":\"FEDERACI\u00d3N DE ASOCIACIONES DE PERSONAS CON DISCAPACIDAD F\u00cdSICA Y ORG\u00c1NICA DE LA PROV\u00cdNCIA DE VALENCIA\",\"publisher\":{\"@id\":\"https:\\\/\\\/cocemfevalencia.org\\\/es\\\/#organization\"},\"potentialAction\":[{\"@type\":\"SearchAction\",\"target\":{\"@type\":\"EntryPoint\",\"urlTemplate\":\"https:\\\/\\\/cocemfevalencia.org\\\/es\\\/?s={search_term_string}\"},\"query-input\":{\"@type\":\"PropertyValueSpecification\",\"valueRequired\":true,\"valueName\":\"search_term_string\"}}],\"inLanguage\":\"es\"},{\"@type\":\"Organization\",\"@id\":\"https:\\\/\\\/cocemfevalencia.org\\\/es\\\/#organization\",\"name\":\"Cocemfe Valencia\",\"url\":\"https:\\\/\\\/cocemfevalencia.org\\\/es\\\/\",\"logo\":{\"@type\":\"ImageObject\",\"inLanguage\":\"es\",\"@id\":\"https:\\\/\\\/cocemfevalencia.org\\\/es\\\/#\\\/schema\\\/logo\\\/image\\\/\",\"url\":\"https:\\\/\\\/cocemfevalencia.org\\\/wp-content\\\/uploads\\\/2023\\\/03\\\/0312-Horizontal-una-linea-larga-rgb-positivo-Tricolor.png\",\"contentUrl\":\"https:\\\/\\\/cocemfevalencia.org\\\/wp-content\\\/uploads\\\/2023\\\/03\\\/0312-Horizontal-una-linea-larga-rgb-positivo-Tricolor.png\",\"width\":2334,\"height\":613,\"caption\":\"Cocemfe Valencia\"},\"image\":{\"@id\":\"https:\\\/\\\/cocemfevalencia.org\\\/es\\\/#\\\/schema\\\/logo\\\/image\\\/\"},\"sameAs\":[\"https:\\\/\\\/www.facebook.com\\\/cocemfe.valencia\",\"https:\\\/\\\/x.com\\\/COCEMFEValencia\"]},{\"@type\":\"Person\",\"@id\":\"https:\\\/\\\/cocemfevalencia.org\\\/es\\\/#\\\/schema\\\/person\\\/84dc42180efe17bdafa0a7a8702d24c8\",\"name\":\"comunicacio\",\"image\":{\"@type\":\"ImageObject\",\"inLanguage\":\"es\",\"@id\":\"https:\\\/\\\/secure.gravatar.com\\\/avatar\\\/cc921e89975f546bc4139f170e59e0d573a099452a8a989eb18e18cda2e7227a?s=96&d=mm&r=g\",\"url\":\"https:\\\/\\\/secure.gravatar.com\\\/avatar\\\/cc921e89975f546bc4139f170e59e0d573a099452a8a989eb18e18cda2e7227a?s=96&d=mm&r=g\",\"contentUrl\":\"https:\\\/\\\/secure.gravatar.com\\\/avatar\\\/cc921e89975f546bc4139f170e59e0d573a099452a8a989eb18e18cda2e7227a?s=96&d=mm&r=g\",\"caption\":\"comunicacio\"}}]}<\/script>\n<!-- \/ Yoast SEO plugin. -->","yoast_head_json":{"title":"COCEMFE Valencia inicia un nuevo 'Programa de Itinerarios de Inserci\u00f3n laboral para mujeres con Discapacidad' - Cocemfe Valencia","robots":{"index":"index","follow":"follow","max-snippet":"max-snippet:-1","max-image-preview":"max-image-preview:large","max-video-preview":"max-video-preview:-1"},"canonical":"https:\/\/cocemfevalencia.org\/es\/cocemfe-valencia-inicia-el-nuevo-programa-de-itinerarios-de-insercion-laboral-para-mujeres-con-discapacidad\/","og_locale":"es_ES","og_type":"article","og_title":"COCEMFE Valencia inicia un nuevo 'Programa de Itinerarios de Inserci\u00f3n laboral para mujeres con Discapacidad' - Cocemfe Valencia","og_description":"COCEMFE Valencia iniciamos un nuevo Programa de Itinerarios de Inserci\u00f3n laboral para mujeres con Discapacidad. \u00bfQu\u00e9 te puede ofrecer este programa de Itinerarios de inserci\u00f3n laboral para mujeres con Discapacidad? \u2714Atenci\u00f3n ajustada a tus necesidades. \u2714Acceso prioritario a las ofertas de nuestra bolsa. \u2714Sesiones individuales con personal cualificado. \u2714Talleres pr\u00e1cticos grupales para mejorar tu empleabilidad&hellip;&nbsp;Leer m\u00e1s &raquo;COCEMFE Valencia inicia un nuevo &#8216;Programa de Itinerarios de Inserci\u00f3n laboral para mujeres con Discapacidad&#8217;","og_url":"https:\/\/cocemfevalencia.org\/es\/cocemfe-valencia-inicia-el-nuevo-programa-de-itinerarios-de-insercion-laboral-para-mujeres-con-discapacidad\/","og_site_name":"Cocemfe Valencia","article_publisher":"https:\/\/www.facebook.com\/cocemfe.valencia","article_published_time":"2024-07-04T11:18:41+00:00","article_modified_time":"2024-07-04T11:26:26+00:00","og_image":[{"width":1131,"height":1600,"url":"https:\/\/cocemfevalencia.org\/wp-content\/uploads\/2024\/07\/WhatsApp-Image-2024-07-02-at-10.55.54.jpeg","type":"image\/jpeg"}],"author":"comunicacio","twitter_card":"summary_large_image","twitter_creator":"@COCEMFEValencia","twitter_site":"@COCEMFEValencia","twitter_misc":{"Escrito por":"comunicacio","Tiempo de lectura":"1 minuto"},"schema":{"@context":"https:\/\/schema.org","@graph":[{"@type":"Article","@id":"https:\/\/cocemfevalencia.org\/es\/cocemfe-valencia-inicia-el-nuevo-programa-de-itinerarios-de-insercion-laboral-para-mujeres-con-discapacidad\/#article","isPartOf":{"@id":"https:\/\/cocemfevalencia.org\/es\/cocemfe-valencia-inicia-el-nuevo-programa-de-itinerarios-de-insercion-laboral-para-mujeres-con-discapacidad\/"},"author":{"name":"comunicacio","@id":"https:\/\/cocemfevalencia.org\/es\/#\/schema\/person\/84dc42180efe17bdafa0a7a8702d24c8"},"headline":"COCEMFE Valencia inicia un nuevo &#8216;Programa de Itinerarios de Inserci\u00f3n laboral para mujeres con Discapacidad&#8217;","datePublished":"2024-07-04T11:18:41+00:00","dateModified":"2024-07-04T11:26:26+00:00","mainEntityOfPage":{"@id":"https:\/\/cocemfevalencia.org\/es\/cocemfe-valencia-inicia-el-nuevo-programa-de-itinerarios-de-insercion-laboral-para-mujeres-con-discapacidad\/"},"wordCount":150,"publisher":{"@id":"https:\/\/cocemfevalencia.org\/es\/#organization"},"image":{"@id":"https:\/\/cocemfevalencia.org\/es\/cocemfe-valencia-inicia-el-nuevo-programa-de-itinerarios-de-insercion-laboral-para-mujeres-con-discapacidad\/#primaryimage"},"thumbnailUrl":"https:\/\/cocemfevalencia.org\/wp-content\/uploads\/2024\/07\/WhatsApp-Image-2024-07-02-at-10.55.54.jpeg","keywords":["Itinirarios"],"articleSection":["Not\u00edcies"],"inLanguage":"es"},{"@type":"WebPage","@id":"https:\/\/cocemfevalencia.org\/es\/cocemfe-valencia-inicia-el-nuevo-programa-de-itinerarios-de-insercion-laboral-para-mujeres-con-discapacidad\/","url":"https:\/\/cocemfevalencia.org\/es\/cocemfe-valencia-inicia-el-nuevo-programa-de-itinerarios-de-insercion-laboral-para-mujeres-con-discapacidad\/","name":"COCEMFE Valencia inicia un nuevo 'Programa de Itinerarios de Inserci\u00f3n laboral para mujeres con Discapacidad' - Cocemfe Valencia","isPartOf":{"@id":"https:\/\/cocemfevalencia.org\/es\/#website"},"primaryImageOfPage":{"@id":"https:\/\/cocemfevalencia.org\/es\/cocemfe-valencia-inicia-el-nuevo-programa-de-itinerarios-de-insercion-laboral-para-mujeres-con-discapacidad\/#primaryimage"},"image":{"@id":"https:\/\/cocemfevalencia.org\/es\/cocemfe-valencia-inicia-el-nuevo-programa-de-itinerarios-de-insercion-laboral-para-mujeres-con-discapacidad\/#primaryimage"},"thumbnailUrl":"https:\/\/cocemfevalencia.org\/wp-content\/uploads\/2024\/07\/WhatsApp-Image-2024-07-02-at-10.55.54.jpeg","datePublished":"2024-07-04T11:18:41+00:00","dateModified":"2024-07-04T11:26:26+00:00","breadcrumb":{"@id":"https:\/\/cocemfevalencia.org\/es\/cocemfe-valencia-inicia-el-nuevo-programa-de-itinerarios-de-insercion-laboral-para-mujeres-con-discapacidad\/#breadcrumb"},"inLanguage":"es","potentialAction":[{"@type":"ReadAction","target":["https:\/\/cocemfevalencia.org\/es\/cocemfe-valencia-inicia-el-nuevo-programa-de-itinerarios-de-insercion-laboral-para-mujeres-con-discapacidad\/"]}]},{"@type":"ImageObject","inLanguage":"es","@id":"https:\/\/cocemfevalencia.org\/es\/cocemfe-valencia-inicia-el-nuevo-programa-de-itinerarios-de-insercion-laboral-para-mujeres-con-discapacidad\/#primaryimage","url":"https:\/\/cocemfevalencia.org\/wp-content\/uploads\/2024\/07\/WhatsApp-Image-2024-07-02-at-10.55.54.jpeg","contentUrl":"https:\/\/cocemfevalencia.org\/wp-content\/uploads\/2024\/07\/WhatsApp-Image-2024-07-02-at-10.55.54.jpeg","width":1131,"height":1600},{"@type":"BreadcrumbList","@id":"https:\/\/cocemfevalencia.org\/es\/cocemfe-valencia-inicia-el-nuevo-programa-de-itinerarios-de-insercion-laboral-para-mujeres-con-discapacidad\/#breadcrumb","itemListElement":[{"@type":"ListItem","position":1,"name":"Portada","item":"https:\/\/cocemfevalencia.org\/es\/"},{"@type":"ListItem","position":2,"name":"COCEMFE Valencia inicia un nuevo &#8216;Programa de Itinerarios de Inserci\u00f3n laboral para mujeres con Discapacidad&#8217;"}]},{"@type":"WebSite","@id":"https:\/\/cocemfevalencia.org\/es\/#website","url":"https:\/\/cocemfevalencia.org\/es\/","name":"Cocemfe Valencia","description":"FEDERACI\u00d3N DE ASOCIACIONES DE PERSONAS CON DISCAPACIDAD F\u00cdSICA Y ORG\u00c1NICA DE LA PROV\u00cdNCIA DE VALENCIA","publisher":{"@id":"https:\/\/cocemfevalencia.org\/es\/#organization"},"potentialAction":[{"@type":"SearchAction","target":{"@type":"EntryPoint","urlTemplate":"https:\/\/cocemfevalencia.org\/es\/?s={search_term_string}"},"query-input":{"@type":"PropertyValueSpecification","valueRequired":true,"valueName":"search_term_string"}}],"inLanguage":"es"},{"@type":"Organization","@id":"https:\/\/cocemfevalencia.org\/es\/#organization","name":"Cocemfe Valencia","url":"https:\/\/cocemfevalencia.org\/es\/","logo":{"@type":"ImageObject","inLanguage":"es","@id":"https:\/\/cocemfevalencia.org\/es\/#\/schema\/logo\/image\/","url":"https:\/\/cocemfevalencia.org\/wp-content\/uploads\/2023\/03\/0312-Horizontal-una-linea-larga-rgb-positivo-Tricolor.png","contentUrl":"https:\/\/cocemfevalencia.org\/wp-content\/uploads\/2023\/03\/0312-Horizontal-una-linea-larga-rgb-positivo-Tricolor.png","width":2334,"height":613,"caption":"Cocemfe Valencia"},"image":{"@id":"https:\/\/cocemfevalencia.org\/es\/#\/schema\/logo\/image\/"},"sameAs":["https:\/\/www.facebook.com\/cocemfe.valencia","https:\/\/x.com\/COCEMFEValencia"]},{"@type":"Person","@id":"https:\/\/cocemfevalencia.org\/es\/#\/schema\/person\/84dc42180efe17bdafa0a7a8702d24c8","name":"comunicacio","image":{"@type":"ImageObject","inLanguage":"es","@id":"https:\/\/secure.gravatar.com\/avatar\/cc921e89975f546bc4139f170e59e0d573a099452a8a989eb18e18cda2e7227a?s=96&d=mm&r=g","url":"https:\/\/secure.gravatar.com\/avatar\/cc921e89975f546bc4139f170e59e0d573a099452a8a989eb18e18cda2e7227a?s=96&d=mm&r=g","contentUrl":"https:\/\/secure.gravatar.com\/avatar\/cc921e89975f546bc4139f170e59e0d573a099452a8a989eb18e18cda2e7227a?s=96&d=mm&r=g","caption":"comunicacio"}}]}},"_links":{"self":[{"href":"https:\/\/cocemfevalencia.org\/es\/wp-json\/wp\/v2\/posts\/14365","targetHints":{"allow":["GET"]}}],"collection":[{"href":"https:\/\/cocemfevalencia.org\/es\/wp-json\/wp\/v2\/posts"}],"about":[{"href":"https:\/\/cocemfevalencia.org\/es\/wp-json\/wp\/v2\/types\/post"}],"author":[{"embeddable":true,"href":"https:\/\/cocemfevalencia.org\/es\/wp-json\/wp\/v2\/users\/5"}],"replies":[{"embeddable":true,"href":"https:\/\/cocemfevalencia.org\/es\/wp-json\/wp\/v2\/comments?post=14365"}],"version-history":[{"count":4,"href":"https:\/\/cocemfevalencia.org\/es\/wp-json\/wp\/v2\/posts\/14365\/revisions"}],"predecessor-version":[{"id":14375,"href":"https:\/\/cocemfevalencia.org\/es\/wp-json\/wp\/v2\/posts\/14365\/revisions\/14375"}],"wp:featuredmedia":[{"embeddable":true,"href":"https:\/\/cocemfevalencia.org\/es\/wp-json\/wp\/v2\/media\/14368"}],"wp:attachment":[{"href":"https:\/\/cocemfevalencia.org\/es\/wp-json\/wp\/v2\/media?parent=14365"}],"wp:term":[{"taxonomy":"category","embeddable":true,"href":"https:\/\/cocemfevalencia.org\/es\/wp-json\/wp\/v2\/categories?post=14365"},{"taxonomy":"post_tag","embeddable":true,"href":"https:\/\/cocemfevalencia.org\/es\/wp-json\/wp\/v2\/tags?post=14365"}],"curies":[{"name":"wp","href":"https:\/\/api.w.org\/{rel}","templated":true}]}}