{"id":14390,"date":"2024-07-10T09:09:24","date_gmt":"2024-07-10T07:09:24","guid":{"rendered":"https:\/\/cocemfevalencia.org\/?p=14390"},"modified":"2024-07-09T09:10:09","modified_gmt":"2024-07-09T07:10:09","slug":"cocemfe-valencia-informa-orienta-y-asesora-sobre-discapacidad-3","status":"publish","type":"post","link":"https:\/\/cocemfevalencia.org\/es\/cocemfe-valencia-informa-orienta-y-asesora-sobre-discapacidad-3\/","title":{"rendered":"COCEMFE Valencia informa, orienta y asesora sobre discapacidad"},"content":{"rendered":"<p><strong>COCEMFE Val\u00e8ncia<\/strong> lleva en marcha desde<strong> enero de 2024<\/strong> el proyecto <strong>\u201cPunto de informaci\u00f3n especializado sobre discapacidad\u201d<\/strong>, con el que se <strong>ha atendido<\/strong> en estos primeros 6 meses un total de <strong>231 personas con certificado de discapacidad y familiares<\/strong>, en <strong>491 consultas<\/strong> sobre diferentes tem\u00e1ticas referente a la discapacidad; autonom\u00eda, recursos, prestaciones, transporte, accesibilidad, vivienda, ocio, etc.<\/p>\n<p>Este proyecto est\u00e1 actuando como <strong>mediador ante la multiplicidad y dispersi\u00f3n de la informaci\u00f3n sobre discapacidad<\/strong>, recopil\u00e1ndola, sistematiz\u00e1ndola y difundi\u00e9ndola y por otro lado prestar el servicio de acompa\u00f1amiento para la gesti\u00f3n de tr\u00e1mites y recursos a personas con discapacidad que lo necesiten.<\/p>\n<p>Este proyecto se est\u00e1 ejecutando gracias a la subvenci\u00f3n de <strong>20.000 euros<\/strong> procedente de la Convocatoria del <strong>Plan de Prioridades de Fundaci\u00f3n ONCE<\/strong>, entre otras.<\/p>\n<p>&nbsp;<\/p>\n<p><img decoding=\"async\" class=\"size-medium wp-image-14391 aligncenter\" src=\"https:\/\/cocemfevalencia.org\/wp-content\/uploads\/2024\/07\/logo-fonce-300x85.jpg\" alt=\"\" width=\"300\" height=\"85\" srcset=\"https:\/\/cocemfevalencia.org\/wp-content\/uploads\/2024\/07\/logo-fonce-300x85.jpg 300w, https:\/\/cocemfevalencia.org\/wp-content\/uploads\/2024\/07\/logo-fonce-1024x291.jpg 1024w, https:\/\/cocemfevalencia.org\/wp-content\/uploads\/2024\/07\/logo-fonce-768x218.jpg 768w, https:\/\/cocemfevalencia.org\/wp-content\/uploads\/2024\/07\/logo-fonce.jpg 1199w\" sizes=\"(max-width: 300px) 100vw, 300px\" \/><\/p>\n<p>Visitas: 13<\/p>","protected":false},"excerpt":{"rendered":"<p>COCEMFE Val\u00e8ncia lleva en marcha desde enero de 2024 el proyecto \u201cPunto de informaci\u00f3n especializado sobre discapacidad\u201d, con el que se ha atendido en estos primeros 6 meses un total de 231 personas con certificado de discapacidad y familiares, en 491 consultas sobre diferentes tem\u00e1ticas referente a la discapacidad; autonom\u00eda, recursos, prestaciones, transporte, accesibilidad, vivienda,&hellip;&nbsp;<a href=\"https:\/\/cocemfevalencia.org\/es\/cocemfe-valencia-informa-orienta-y-asesora-sobre-discapacidad-3\/\" rel=\"bookmark\">Leer m\u00e1s &raquo;<span class=\"screen-reader-text\">COCEMFE Valencia informa, orienta y asesora sobre discapacidad<\/span><\/a><\/p>\n","protected":false},"author":5,"featured_media":14393,"comment_status":"closed","ping_status":"closed","sticky":false,"template":"","format":"standard","meta":{"rop_custom_images_group":[],"rop_custom_messages_group":[],"rop_publish_now":"initial","rop_publish_now_accounts":[],"rop_publish_now_history":[],"rop_publish_now_status":"pending","neve_meta_sidebar":"","neve_meta_container":"","neve_meta_enable_content_width":"off","neve_meta_content_width":70,"neve_meta_title_alignment":"","neve_meta_author_avatar":"","neve_post_elements_order":"","neve_meta_disable_header":"","neve_meta_disable_footer":"","neve_meta_disable_title":"","footnotes":""},"categories":[123],"tags":[564,565,159,566,563],"class_list":["post-14390","post","type-post","status-publish","format-standard","has-post-thumbnail","hentry","category-noticias-val","tag-atencion-a-la-discapacidad","tag-discpacidad","tag-fundacion-once-val","tag-informacion","tag-punto-de-atencion"],"yoast_head":"<!-- This site is optimized with the Yoast SEO plugin v27.3 - https:\/\/yoast.com\/product\/yoast-seo-wordpress\/ -->\n<title>COCEMFE Valencia informa, orienta y asesora sobre discapacidad - Cocemfe Valencia<\/title>\n<meta name=\"robots\" content=\"index, follow, max-snippet:-1, max-image-preview:large, max-video-preview:-1\" \/>\n<link rel=\"canonical\" href=\"https:\/\/cocemfevalencia.org\/es\/cocemfe-valencia-informa-orienta-y-asesora-sobre-discapacidad-3\/\" \/>\n<meta property=\"og:locale\" content=\"es_ES\" \/>\n<meta property=\"og:type\" content=\"article\" \/>\n<meta property=\"og:title\" content=\"COCEMFE Valencia informa, orienta y asesora sobre discapacidad - Cocemfe Valencia\" \/>\n<meta property=\"og:description\" content=\"COCEMFE Val\u00e8ncia lleva en marcha desde enero de 2024 el proyecto \u201cPunto de informaci\u00f3n especializado sobre discapacidad\u201d, con el que se ha atendido en estos primeros 6 meses un total de 231 personas con certificado de discapacidad y familiares, en 491 consultas sobre diferentes tem\u00e1ticas referente a la discapacidad; autonom\u00eda, recursos, prestaciones, transporte, accesibilidad, vivienda,&hellip;&nbsp;Leer m\u00e1s &raquo;COCEMFE Valencia informa, orienta y asesora sobre discapacidad\" \/>\n<meta property=\"og:url\" content=\"https:\/\/cocemfevalencia.org\/es\/cocemfe-valencia-informa-orienta-y-asesora-sobre-discapacidad-3\/\" \/>\n<meta property=\"og:site_name\" content=\"Cocemfe Valencia\" \/>\n<meta property=\"article:publisher\" content=\"https:\/\/www.facebook.com\/cocemfe.valencia\" \/>\n<meta property=\"article:published_time\" content=\"2024-07-10T07:09:24+00:00\" \/>\n<meta property=\"og:image\" content=\"https:\/\/cocemfevalencia.org\/wp-content\/uploads\/2024\/07\/FOTO-NOTA-INTERMEDIA-FONCE-PID.jpeg\" \/>\n\t<meta property=\"og:image:width\" content=\"1736\" \/>\n\t<meta property=\"og:image:height\" content=\"1736\" \/>\n\t<meta property=\"og:image:type\" content=\"image\/jpeg\" \/>\n<meta name=\"author\" content=\"comunicacio\" \/>\n<meta name=\"twitter:card\" content=\"summary_large_image\" \/>\n<meta name=\"twitter:creator\" content=\"@COCEMFEValencia\" \/>\n<meta name=\"twitter:site\" content=\"@COCEMFEValencia\" \/>\n<meta name=\"twitter:label1\" content=\"Escrito por\" \/>\n\t<meta name=\"twitter:data1\" content=\"comunicacio\" \/>\n\t<meta name=\"twitter:label2\" content=\"Tiempo de lectura\" \/>\n\t<meta name=\"twitter:data2\" content=\"2 minutos\" \/>\n<script type=\"application\/ld+json\" class=\"yoast-schema-graph\">{\"@context\":\"https:\\\/\\\/schema.org\",\"@graph\":[{\"@type\":\"Article\",\"@id\":\"https:\\\/\\\/cocemfevalencia.org\\\/es\\\/cocemfe-valencia-informa-orienta-y-asesora-sobre-discapacidad-3\\\/#article\",\"isPartOf\":{\"@id\":\"https:\\\/\\\/cocemfevalencia.org\\\/es\\\/cocemfe-valencia-informa-orienta-y-asesora-sobre-discapacidad-3\\\/\"},\"author\":{\"name\":\"comunicacio\",\"@id\":\"https:\\\/\\\/cocemfevalencia.org\\\/es\\\/#\\\/schema\\\/person\\\/84dc42180efe17bdafa0a7a8702d24c8\"},\"headline\":\"COCEMFE Valencia informa, orienta y asesora sobre discapacidad\",\"datePublished\":\"2024-07-10T07:09:24+00:00\",\"mainEntityOfPage\":{\"@id\":\"https:\\\/\\\/cocemfevalencia.org\\\/es\\\/cocemfe-valencia-informa-orienta-y-asesora-sobre-discapacidad-3\\\/\"},\"wordCount\":143,\"publisher\":{\"@id\":\"https:\\\/\\\/cocemfevalencia.org\\\/es\\\/#organization\"},\"image\":{\"@id\":\"https:\\\/\\\/cocemfevalencia.org\\\/es\\\/cocemfe-valencia-informa-orienta-y-asesora-sobre-discapacidad-3\\\/#primaryimage\"},\"thumbnailUrl\":\"https:\\\/\\\/cocemfevalencia.org\\\/wp-content\\\/uploads\\\/2024\\\/07\\\/FOTO-NOTA-INTERMEDIA-FONCE-PID.jpeg\",\"keywords\":[\"atenci\u00f3n a la discapacidad\",\"discpacidad\",\"Fundacion Once\",\"informaci\u00f3n\",\"punto de atenci\u00f3n\"],\"articleSection\":[\"Not\u00edcies\"],\"inLanguage\":\"es\"},{\"@type\":\"WebPage\",\"@id\":\"https:\\\/\\\/cocemfevalencia.org\\\/es\\\/cocemfe-valencia-informa-orienta-y-asesora-sobre-discapacidad-3\\\/\",\"url\":\"https:\\\/\\\/cocemfevalencia.org\\\/es\\\/cocemfe-valencia-informa-orienta-y-asesora-sobre-discapacidad-3\\\/\",\"name\":\"COCEMFE Valencia informa, orienta y asesora sobre discapacidad - Cocemfe Valencia\",\"isPartOf\":{\"@id\":\"https:\\\/\\\/cocemfevalencia.org\\\/es\\\/#website\"},\"primaryImageOfPage\":{\"@id\":\"https:\\\/\\\/cocemfevalencia.org\\\/es\\\/cocemfe-valencia-informa-orienta-y-asesora-sobre-discapacidad-3\\\/#primaryimage\"},\"image\":{\"@id\":\"https:\\\/\\\/cocemfevalencia.org\\\/es\\\/cocemfe-valencia-informa-orienta-y-asesora-sobre-discapacidad-3\\\/#primaryimage\"},\"thumbnailUrl\":\"https:\\\/\\\/cocemfevalencia.org\\\/wp-content\\\/uploads\\\/2024\\\/07\\\/FOTO-NOTA-INTERMEDIA-FONCE-PID.jpeg\",\"datePublished\":\"2024-07-10T07:09:24+00:00\",\"breadcrumb\":{\"@id\":\"https:\\\/\\\/cocemfevalencia.org\\\/es\\\/cocemfe-valencia-informa-orienta-y-asesora-sobre-discapacidad-3\\\/#breadcrumb\"},\"inLanguage\":\"es\",\"potentialAction\":[{\"@type\":\"ReadAction\",\"target\":[\"https:\\\/\\\/cocemfevalencia.org\\\/es\\\/cocemfe-valencia-informa-orienta-y-asesora-sobre-discapacidad-3\\\/\"]}]},{\"@type\":\"ImageObject\",\"inLanguage\":\"es\",\"@id\":\"https:\\\/\\\/cocemfevalencia.org\\\/es\\\/cocemfe-valencia-informa-orienta-y-asesora-sobre-discapacidad-3\\\/#primaryimage\",\"url\":\"https:\\\/\\\/cocemfevalencia.org\\\/wp-content\\\/uploads\\\/2024\\\/07\\\/FOTO-NOTA-INTERMEDIA-FONCE-PID.jpeg\",\"contentUrl\":\"https:\\\/\\\/cocemfevalencia.org\\\/wp-content\\\/uploads\\\/2024\\\/07\\\/FOTO-NOTA-INTERMEDIA-FONCE-PID.jpeg\",\"width\":1736,\"height\":1736},{\"@type\":\"BreadcrumbList\",\"@id\":\"https:\\\/\\\/cocemfevalencia.org\\\/es\\\/cocemfe-valencia-informa-orienta-y-asesora-sobre-discapacidad-3\\\/#breadcrumb\",\"itemListElement\":[{\"@type\":\"ListItem\",\"position\":1,\"name\":\"Portada\",\"item\":\"https:\\\/\\\/cocemfevalencia.org\\\/es\\\/\"},{\"@type\":\"ListItem\",\"position\":2,\"name\":\"COCEMFE Valencia informa, orienta y asesora sobre discapacidad\"}]},{\"@type\":\"WebSite\",\"@id\":\"https:\\\/\\\/cocemfevalencia.org\\\/es\\\/#website\",\"url\":\"https:\\\/\\\/cocemfevalencia.org\\\/es\\\/\",\"name\":\"Cocemfe Valencia\",\"description\":\"FEDERACI\u00d3N DE ASOCIACIONES DE PERSONAS CON DISCAPACIDAD F\u00cdSICA Y ORG\u00c1NICA DE LA PROV\u00cdNCIA DE VALENCIA\",\"publisher\":{\"@id\":\"https:\\\/\\\/cocemfevalencia.org\\\/es\\\/#organization\"},\"potentialAction\":[{\"@type\":\"SearchAction\",\"target\":{\"@type\":\"EntryPoint\",\"urlTemplate\":\"https:\\\/\\\/cocemfevalencia.org\\\/es\\\/?s={search_term_string}\"},\"query-input\":{\"@type\":\"PropertyValueSpecification\",\"valueRequired\":true,\"valueName\":\"search_term_string\"}}],\"inLanguage\":\"es\"},{\"@type\":\"Organization\",\"@id\":\"https:\\\/\\\/cocemfevalencia.org\\\/es\\\/#organization\",\"name\":\"Cocemfe Valencia\",\"url\":\"https:\\\/\\\/cocemfevalencia.org\\\/es\\\/\",\"logo\":{\"@type\":\"ImageObject\",\"inLanguage\":\"es\",\"@id\":\"https:\\\/\\\/cocemfevalencia.org\\\/es\\\/#\\\/schema\\\/logo\\\/image\\\/\",\"url\":\"https:\\\/\\\/cocemfevalencia.org\\\/wp-content\\\/uploads\\\/2023\\\/03\\\/0312-Horizontal-una-linea-larga-rgb-positivo-Tricolor.png\",\"contentUrl\":\"https:\\\/\\\/cocemfevalencia.org\\\/wp-content\\\/uploads\\\/2023\\\/03\\\/0312-Horizontal-una-linea-larga-rgb-positivo-Tricolor.png\",\"width\":2334,\"height\":613,\"caption\":\"Cocemfe Valencia\"},\"image\":{\"@id\":\"https:\\\/\\\/cocemfevalencia.org\\\/es\\\/#\\\/schema\\\/logo\\\/image\\\/\"},\"sameAs\":[\"https:\\\/\\\/www.facebook.com\\\/cocemfe.valencia\",\"https:\\\/\\\/x.com\\\/COCEMFEValencia\"]},{\"@type\":\"Person\",\"@id\":\"https:\\\/\\\/cocemfevalencia.org\\\/es\\\/#\\\/schema\\\/person\\\/84dc42180efe17bdafa0a7a8702d24c8\",\"name\":\"comunicacio\",\"image\":{\"@type\":\"ImageObject\",\"inLanguage\":\"es\",\"@id\":\"https:\\\/\\\/secure.gravatar.com\\\/avatar\\\/cc921e89975f546bc4139f170e59e0d573a099452a8a989eb18e18cda2e7227a?s=96&d=mm&r=g\",\"url\":\"https:\\\/\\\/secure.gravatar.com\\\/avatar\\\/cc921e89975f546bc4139f170e59e0d573a099452a8a989eb18e18cda2e7227a?s=96&d=mm&r=g\",\"contentUrl\":\"https:\\\/\\\/secure.gravatar.com\\\/avatar\\\/cc921e89975f546bc4139f170e59e0d573a099452a8a989eb18e18cda2e7227a?s=96&d=mm&r=g\",\"caption\":\"comunicacio\"}}]}<\/script>\n<!-- \/ Yoast SEO plugin. -->","yoast_head_json":{"title":"COCEMFE Valencia informa, orienta y asesora sobre discapacidad - Cocemfe Valencia","robots":{"index":"index","follow":"follow","max-snippet":"max-snippet:-1","max-image-preview":"max-image-preview:large","max-video-preview":"max-video-preview:-1"},"canonical":"https:\/\/cocemfevalencia.org\/es\/cocemfe-valencia-informa-orienta-y-asesora-sobre-discapacidad-3\/","og_locale":"es_ES","og_type":"article","og_title":"COCEMFE Valencia informa, orienta y asesora sobre discapacidad - Cocemfe Valencia","og_description":"COCEMFE Val\u00e8ncia lleva en marcha desde enero de 2024 el proyecto \u201cPunto de informaci\u00f3n especializado sobre discapacidad\u201d, con el que se ha atendido en estos primeros 6 meses un total de 231 personas con certificado de discapacidad y familiares, en 491 consultas sobre diferentes tem\u00e1ticas referente a la discapacidad; autonom\u00eda, recursos, prestaciones, transporte, accesibilidad, vivienda,&hellip;&nbsp;Leer m\u00e1s &raquo;COCEMFE Valencia informa, orienta y asesora sobre discapacidad","og_url":"https:\/\/cocemfevalencia.org\/es\/cocemfe-valencia-informa-orienta-y-asesora-sobre-discapacidad-3\/","og_site_name":"Cocemfe Valencia","article_publisher":"https:\/\/www.facebook.com\/cocemfe.valencia","article_published_time":"2024-07-10T07:09:24+00:00","og_image":[{"width":1736,"height":1736,"url":"https:\/\/cocemfevalencia.org\/wp-content\/uploads\/2024\/07\/FOTO-NOTA-INTERMEDIA-FONCE-PID.jpeg","type":"image\/jpeg"}],"author":"comunicacio","twitter_card":"summary_large_image","twitter_creator":"@COCEMFEValencia","twitter_site":"@COCEMFEValencia","twitter_misc":{"Escrito por":"comunicacio","Tiempo de lectura":"2 minutos"},"schema":{"@context":"https:\/\/schema.org","@graph":[{"@type":"Article","@id":"https:\/\/cocemfevalencia.org\/es\/cocemfe-valencia-informa-orienta-y-asesora-sobre-discapacidad-3\/#article","isPartOf":{"@id":"https:\/\/cocemfevalencia.org\/es\/cocemfe-valencia-informa-orienta-y-asesora-sobre-discapacidad-3\/"},"author":{"name":"comunicacio","@id":"https:\/\/cocemfevalencia.org\/es\/#\/schema\/person\/84dc42180efe17bdafa0a7a8702d24c8"},"headline":"COCEMFE Valencia informa, orienta y asesora sobre discapacidad","datePublished":"2024-07-10T07:09:24+00:00","mainEntityOfPage":{"@id":"https:\/\/cocemfevalencia.org\/es\/cocemfe-valencia-informa-orienta-y-asesora-sobre-discapacidad-3\/"},"wordCount":143,"publisher":{"@id":"https:\/\/cocemfevalencia.org\/es\/#organization"},"image":{"@id":"https:\/\/cocemfevalencia.org\/es\/cocemfe-valencia-informa-orienta-y-asesora-sobre-discapacidad-3\/#primaryimage"},"thumbnailUrl":"https:\/\/cocemfevalencia.org\/wp-content\/uploads\/2024\/07\/FOTO-NOTA-INTERMEDIA-FONCE-PID.jpeg","keywords":["atenci\u00f3n a la discapacidad","discpacidad","Fundacion Once","informaci\u00f3n","punto de atenci\u00f3n"],"articleSection":["Not\u00edcies"],"inLanguage":"es"},{"@type":"WebPage","@id":"https:\/\/cocemfevalencia.org\/es\/cocemfe-valencia-informa-orienta-y-asesora-sobre-discapacidad-3\/","url":"https:\/\/cocemfevalencia.org\/es\/cocemfe-valencia-informa-orienta-y-asesora-sobre-discapacidad-3\/","name":"COCEMFE Valencia informa, orienta y asesora sobre discapacidad - Cocemfe Valencia","isPartOf":{"@id":"https:\/\/cocemfevalencia.org\/es\/#website"},"primaryImageOfPage":{"@id":"https:\/\/cocemfevalencia.org\/es\/cocemfe-valencia-informa-orienta-y-asesora-sobre-discapacidad-3\/#primaryimage"},"image":{"@id":"https:\/\/cocemfevalencia.org\/es\/cocemfe-valencia-informa-orienta-y-asesora-sobre-discapacidad-3\/#primaryimage"},"thumbnailUrl":"https:\/\/cocemfevalencia.org\/wp-content\/uploads\/2024\/07\/FOTO-NOTA-INTERMEDIA-FONCE-PID.jpeg","datePublished":"2024-07-10T07:09:24+00:00","breadcrumb":{"@id":"https:\/\/cocemfevalencia.org\/es\/cocemfe-valencia-informa-orienta-y-asesora-sobre-discapacidad-3\/#breadcrumb"},"inLanguage":"es","potentialAction":[{"@type":"ReadAction","target":["https:\/\/cocemfevalencia.org\/es\/cocemfe-valencia-informa-orienta-y-asesora-sobre-discapacidad-3\/"]}]},{"@type":"ImageObject","inLanguage":"es","@id":"https:\/\/cocemfevalencia.org\/es\/cocemfe-valencia-informa-orienta-y-asesora-sobre-discapacidad-3\/#primaryimage","url":"https:\/\/cocemfevalencia.org\/wp-content\/uploads\/2024\/07\/FOTO-NOTA-INTERMEDIA-FONCE-PID.jpeg","contentUrl":"https:\/\/cocemfevalencia.org\/wp-content\/uploads\/2024\/07\/FOTO-NOTA-INTERMEDIA-FONCE-PID.jpeg","width":1736,"height":1736},{"@type":"BreadcrumbList","@id":"https:\/\/cocemfevalencia.org\/es\/cocemfe-valencia-informa-orienta-y-asesora-sobre-discapacidad-3\/#breadcrumb","itemListElement":[{"@type":"ListItem","position":1,"name":"Portada","item":"https:\/\/cocemfevalencia.org\/es\/"},{"@type":"ListItem","position":2,"name":"COCEMFE Valencia informa, orienta y asesora sobre discapacidad"}]},{"@type":"WebSite","@id":"https:\/\/cocemfevalencia.org\/es\/#website","url":"https:\/\/cocemfevalencia.org\/es\/","name":"Cocemfe Valencia","description":"FEDERACI\u00d3N DE ASOCIACIONES DE PERSONAS CON DISCAPACIDAD F\u00cdSICA Y ORG\u00c1NICA DE LA PROV\u00cdNCIA DE VALENCIA","publisher":{"@id":"https:\/\/cocemfevalencia.org\/es\/#organization"},"potentialAction":[{"@type":"SearchAction","target":{"@type":"EntryPoint","urlTemplate":"https:\/\/cocemfevalencia.org\/es\/?s={search_term_string}"},"query-input":{"@type":"PropertyValueSpecification","valueRequired":true,"valueName":"search_term_string"}}],"inLanguage":"es"},{"@type":"Organization","@id":"https:\/\/cocemfevalencia.org\/es\/#organization","name":"Cocemfe Valencia","url":"https:\/\/cocemfevalencia.org\/es\/","logo":{"@type":"ImageObject","inLanguage":"es","@id":"https:\/\/cocemfevalencia.org\/es\/#\/schema\/logo\/image\/","url":"https:\/\/cocemfevalencia.org\/wp-content\/uploads\/2023\/03\/0312-Horizontal-una-linea-larga-rgb-positivo-Tricolor.png","contentUrl":"https:\/\/cocemfevalencia.org\/wp-content\/uploads\/2023\/03\/0312-Horizontal-una-linea-larga-rgb-positivo-Tricolor.png","width":2334,"height":613,"caption":"Cocemfe Valencia"},"image":{"@id":"https:\/\/cocemfevalencia.org\/es\/#\/schema\/logo\/image\/"},"sameAs":["https:\/\/www.facebook.com\/cocemfe.valencia","https:\/\/x.com\/COCEMFEValencia"]},{"@type":"Person","@id":"https:\/\/cocemfevalencia.org\/es\/#\/schema\/person\/84dc42180efe17bdafa0a7a8702d24c8","name":"comunicacio","image":{"@type":"ImageObject","inLanguage":"es","@id":"https:\/\/secure.gravatar.com\/avatar\/cc921e89975f546bc4139f170e59e0d573a099452a8a989eb18e18cda2e7227a?s=96&d=mm&r=g","url":"https:\/\/secure.gravatar.com\/avatar\/cc921e89975f546bc4139f170e59e0d573a099452a8a989eb18e18cda2e7227a?s=96&d=mm&r=g","contentUrl":"https:\/\/secure.gravatar.com\/avatar\/cc921e89975f546bc4139f170e59e0d573a099452a8a989eb18e18cda2e7227a?s=96&d=mm&r=g","caption":"comunicacio"}}]}},"_links":{"self":[{"href":"https:\/\/cocemfevalencia.org\/es\/wp-json\/wp\/v2\/posts\/14390","targetHints":{"allow":["GET"]}}],"collection":[{"href":"https:\/\/cocemfevalencia.org\/es\/wp-json\/wp\/v2\/posts"}],"about":[{"href":"https:\/\/cocemfevalencia.org\/es\/wp-json\/wp\/v2\/types\/post"}],"author":[{"embeddable":true,"href":"https:\/\/cocemfevalencia.org\/es\/wp-json\/wp\/v2\/users\/5"}],"replies":[{"embeddable":true,"href":"https:\/\/cocemfevalencia.org\/es\/wp-json\/wp\/v2\/comments?post=14390"}],"version-history":[{"count":1,"href":"https:\/\/cocemfevalencia.org\/es\/wp-json\/wp\/v2\/posts\/14390\/revisions"}],"predecessor-version":[{"id":14395,"href":"https:\/\/cocemfevalencia.org\/es\/wp-json\/wp\/v2\/posts\/14390\/revisions\/14395"}],"wp:featuredmedia":[{"embeddable":true,"href":"https:\/\/cocemfevalencia.org\/es\/wp-json\/wp\/v2\/media\/14393"}],"wp:attachment":[{"href":"https:\/\/cocemfevalencia.org\/es\/wp-json\/wp\/v2\/media?parent=14390"}],"wp:term":[{"taxonomy":"category","embeddable":true,"href":"https:\/\/cocemfevalencia.org\/es\/wp-json\/wp\/v2\/categories?post=14390"},{"taxonomy":"post_tag","embeddable":true,"href":"https:\/\/cocemfevalencia.org\/es\/wp-json\/wp\/v2\/tags?post=14390"}],"curies":[{"name":"wp","href":"https:\/\/api.w.org\/{rel}","templated":true}]}}