{"id":14557,"date":"2024-07-16T10:20:51","date_gmt":"2024-07-16T08:20:51","guid":{"rendered":"https:\/\/cocemfevalencia.org\/cocemfe-valencia-sigue-apostando-por-un-ocio-inclusivo-a-traves-del-grupo-monanem\/"},"modified":"2024-07-16T10:20:51","modified_gmt":"2024-07-16T08:20:51","slug":"cocemfe-valencia-sigue-apostando-por-un-ocio-inclusivo-a-traves-del-grupo-monanem","status":"publish","type":"post","link":"https:\/\/cocemfevalencia.org\/es\/cocemfe-valencia-sigue-apostando-por-un-ocio-inclusivo-a-traves-del-grupo-monanem\/","title":{"rendered":"COCEMFE Val\u00e8ncia sigue apostando por un ocio inclusivo a trav\u00e9s del grupo &#8216;Monanem&#8217;"},"content":{"rendered":"<p>COCEMFE Val\u00e8ncia sigue desarrollando durante el 2024 el programa <strong>&#8216;MONANEM: Ocio inclusivo para personas con discapacidad&#8217;.<\/strong><\/p>\n<p>Un programa que tiene como <strong>objetivo<\/strong> <strong>mejorar la autonom\u00eda personal de las personas con discapacidad f\u00edsica y\/u org\u00e1nica, facilitando su integraci\u00f3n social mediante el desarrollo de actividades culturales, l\u00fadicas, educativas y deportivas<\/strong> inclusivas para poco a poco posibilitar una inclusi\u00f3n verdadera en la sociedad. Este programa tambi\u00e9n contempla las actividades de convivencia para las personas con discapacidad f\u00edsica y\/u org\u00e1nica, como un <strong>espacio de encuentro, de ocio y tiempo libre<\/strong> entre personas con distintas discapacidades, que les permitir\u00e1 adquirir unos v\u00ednculos distintos a los familiares y contribuyan a desarrollar relaciones que favorezcan el mayor alcance posible en los \u00e1mbitos de la autonom\u00eda personal y social.<\/p>\n<p>Este programa se est\u00e1 llevando a cabo por <strong>COCEMFE Val\u00e8ncia<\/strong> y tres de sus entidades; <strong>AUXILIA Valencia, SOM I ESTEM y APADICC<\/strong>, gracias a la subvenci\u00f3n de<strong> 9.535 euros<\/strong> procedente de la Convocatoria para la realizaci\u00f3n de programas de inter\u00e9s general para atender a fines de car\u00e1cter social con cargo a la asignaci\u00f3n tributaria del 0,7 % del Impuesto sobre la Renta de las Personas F\u00edsicas en la Comunitat Valenciana, de la <strong>Vicepresidencia Segunda y Conselleria de Servicios Sociales, Igualdad y Vivienda<\/strong>.<\/p>\n<p>&nbsp;<\/p>\n<p><img decoding=\"async\" class=\"size-medium wp-image-14384 aligncenter\" src=\"https:\/\/cocemfevalencia.org\/wp-content\/uploads\/2024\/07\/Logos-IRPF-2023-01-CMYK_ROJO_VAL-300x137.jpg\" alt=\"\" width=\"300\" height=\"137\" srcset=\"https:\/\/cocemfevalencia.org\/wp-content\/uploads\/2024\/07\/Logos-IRPF-2023-01-CMYK_ROJO_VAL-300x137.jpg 300w, https:\/\/cocemfevalencia.org\/wp-content\/uploads\/2024\/07\/Logos-IRPF-2023-01-CMYK_ROJO_VAL-768x351.jpg 768w, https:\/\/cocemfevalencia.org\/wp-content\/uploads\/2024\/07\/Logos-IRPF-2023-01-CMYK_ROJO_VAL.jpg 980w\" sizes=\"(max-width: 300px) 100vw, 300px\" \/><\/p>\n<p>Visitas: 31<\/p>","protected":false},"excerpt":{"rendered":"<p>COCEMFE Val\u00e8ncia sigue desarrollando durante el 2024 el programa &#8216;MONANEM: Ocio inclusivo para personas con discapacidad&#8217;. Un programa que tiene como objetivo mejorar la autonom\u00eda personal de las personas con discapacidad f\u00edsica y\/u org\u00e1nica, facilitando su integraci\u00f3n social mediante el desarrollo de actividades culturales, l\u00fadicas, educativas y deportivas inclusivas para poco a poco posibilitar una&hellip;&nbsp;<a href=\"https:\/\/cocemfevalencia.org\/es\/cocemfe-valencia-sigue-apostando-por-un-ocio-inclusivo-a-traves-del-grupo-monanem\/\" rel=\"bookmark\">Leer m\u00e1s &raquo;<span class=\"screen-reader-text\">COCEMFE Val\u00e8ncia sigue apostando por un ocio inclusivo a trav\u00e9s del grupo &#8216;Monanem&#8217;<\/span><\/a><\/p>\n","protected":false},"author":5,"featured_media":14555,"comment_status":"closed","ping_status":"closed","sticky":false,"template":"","format":"standard","meta":{"rop_custom_images_group":[],"rop_custom_messages_group":[],"rop_publish_now":"initial","rop_publish_now_accounts":[],"rop_publish_now_history":[],"rop_publish_now_status":"pending","neve_meta_sidebar":"","neve_meta_container":"","neve_meta_enable_content_width":"off","neve_meta_content_width":70,"neve_meta_title_alignment":"","neve_meta_author_avatar":"","neve_post_elements_order":"","neve_meta_disable_header":"","neve_meta_disable_footer":"","neve_meta_disable_title":"","footnotes":""},"categories":[5],"tags":[570,11,571,405,572],"class_list":["post-14557","post","type-post","status-publish","format-standard","has-post-thumbnail","hentry","category-noticias","tag-actividades-es","tag-ayudas","tag-monamen-es","tag-ocio-es","tag-programa-de-ocio-es"],"yoast_head":"<!-- This site is optimized with the Yoast SEO plugin v27.3 - https:\/\/yoast.com\/product\/yoast-seo-wordpress\/ -->\n<title>COCEMFE Val\u00e8ncia sigue apostando por un ocio inclusivo a trav\u00e9s del grupo &#039;Monanem&#039; - Cocemfe Valencia<\/title>\n<meta name=\"robots\" content=\"index, follow, max-snippet:-1, max-image-preview:large, max-video-preview:-1\" \/>\n<link rel=\"canonical\" href=\"https:\/\/cocemfevalencia.org\/es\/cocemfe-valencia-sigue-apostando-por-un-ocio-inclusivo-a-traves-del-grupo-monanem\/\" \/>\n<meta property=\"og:locale\" content=\"es_ES\" \/>\n<meta property=\"og:type\" content=\"article\" \/>\n<meta property=\"og:title\" content=\"COCEMFE Val\u00e8ncia sigue apostando por un ocio inclusivo a trav\u00e9s del grupo &#039;Monanem&#039; - Cocemfe Valencia\" \/>\n<meta property=\"og:description\" content=\"COCEMFE Val\u00e8ncia sigue desarrollando durante el 2024 el programa &#8216;MONANEM: Ocio inclusivo para personas con discapacidad&#8217;. Un programa que tiene como objetivo mejorar la autonom\u00eda personal de las personas con discapacidad f\u00edsica y\/u org\u00e1nica, facilitando su integraci\u00f3n social mediante el desarrollo de actividades culturales, l\u00fadicas, educativas y deportivas inclusivas para poco a poco posibilitar una&hellip;&nbsp;Leer m\u00e1s &raquo;COCEMFE Val\u00e8ncia sigue apostando por un ocio inclusivo a trav\u00e9s del grupo &#8216;Monanem&#8217;\" \/>\n<meta property=\"og:url\" content=\"https:\/\/cocemfevalencia.org\/es\/cocemfe-valencia-sigue-apostando-por-un-ocio-inclusivo-a-traves-del-grupo-monanem\/\" \/>\n<meta property=\"og:site_name\" content=\"Cocemfe Valencia\" \/>\n<meta property=\"article:publisher\" content=\"https:\/\/www.facebook.com\/cocemfe.valencia\" \/>\n<meta property=\"article:published_time\" content=\"2024-07-16T08:20:51+00:00\" \/>\n<meta property=\"og:image\" content=\"https:\/\/cocemfevalencia.org\/wp-content\/uploads\/2024\/07\/Logos-IRPF-2023-01-CMYK_ROJO_VAL-300x137.jpg\" \/>\n<meta name=\"author\" content=\"comunicacio\" \/>\n<meta name=\"twitter:card\" content=\"summary_large_image\" \/>\n<meta name=\"twitter:creator\" content=\"@COCEMFEValencia\" \/>\n<meta name=\"twitter:site\" content=\"@COCEMFEValencia\" \/>\n<meta name=\"twitter:label1\" content=\"Escrito por\" \/>\n\t<meta name=\"twitter:data1\" content=\"comunicacio\" \/>\n\t<meta name=\"twitter:label2\" content=\"Tiempo de lectura\" \/>\n\t<meta name=\"twitter:data2\" content=\"1 minuto\" \/>\n<script type=\"application\/ld+json\" class=\"yoast-schema-graph\">{\"@context\":\"https:\\\/\\\/schema.org\",\"@graph\":[{\"@type\":\"Article\",\"@id\":\"https:\\\/\\\/cocemfevalencia.org\\\/es\\\/cocemfe-valencia-sigue-apostando-por-un-ocio-inclusivo-a-traves-del-grupo-monanem\\\/#article\",\"isPartOf\":{\"@id\":\"https:\\\/\\\/cocemfevalencia.org\\\/es\\\/cocemfe-valencia-sigue-apostando-por-un-ocio-inclusivo-a-traves-del-grupo-monanem\\\/\"},\"author\":{\"name\":\"comunicacio\",\"@id\":\"https:\\\/\\\/cocemfevalencia.org\\\/es\\\/#\\\/schema\\\/person\\\/84dc42180efe17bdafa0a7a8702d24c8\"},\"headline\":\"COCEMFE Val\u00e8ncia sigue apostando por un ocio inclusivo a trav\u00e9s del grupo &#8216;Monanem&#8217;\",\"datePublished\":\"2024-07-16T08:20:51+00:00\",\"mainEntityOfPage\":{\"@id\":\"https:\\\/\\\/cocemfevalencia.org\\\/es\\\/cocemfe-valencia-sigue-apostando-por-un-ocio-inclusivo-a-traves-del-grupo-monanem\\\/\"},\"wordCount\":236,\"publisher\":{\"@id\":\"https:\\\/\\\/cocemfevalencia.org\\\/es\\\/#organization\"},\"image\":{\"@id\":\"https:\\\/\\\/cocemfevalencia.org\\\/es\\\/cocemfe-valencia-sigue-apostando-por-un-ocio-inclusivo-a-traves-del-grupo-monanem\\\/#primaryimage\"},\"thumbnailUrl\":\"https:\\\/\\\/cocemfevalencia.org\\\/wp-content\\\/uploads\\\/2024\\\/07\\\/FOTO-NOTICIA-INTERMEDIA-OCI.jpeg\",\"keywords\":[\"actividades\",\"ayudas\",\"Monamen\",\"ocio\",\"Programa de ocio\"],\"articleSection\":[\"Not\u00edcies\"],\"inLanguage\":\"es\"},{\"@type\":\"WebPage\",\"@id\":\"https:\\\/\\\/cocemfevalencia.org\\\/es\\\/cocemfe-valencia-sigue-apostando-por-un-ocio-inclusivo-a-traves-del-grupo-monanem\\\/\",\"url\":\"https:\\\/\\\/cocemfevalencia.org\\\/es\\\/cocemfe-valencia-sigue-apostando-por-un-ocio-inclusivo-a-traves-del-grupo-monanem\\\/\",\"name\":\"COCEMFE Val\u00e8ncia sigue apostando por un ocio inclusivo a trav\u00e9s del grupo 'Monanem' - Cocemfe Valencia\",\"isPartOf\":{\"@id\":\"https:\\\/\\\/cocemfevalencia.org\\\/es\\\/#website\"},\"primaryImageOfPage\":{\"@id\":\"https:\\\/\\\/cocemfevalencia.org\\\/es\\\/cocemfe-valencia-sigue-apostando-por-un-ocio-inclusivo-a-traves-del-grupo-monanem\\\/#primaryimage\"},\"image\":{\"@id\":\"https:\\\/\\\/cocemfevalencia.org\\\/es\\\/cocemfe-valencia-sigue-apostando-por-un-ocio-inclusivo-a-traves-del-grupo-monanem\\\/#primaryimage\"},\"thumbnailUrl\":\"https:\\\/\\\/cocemfevalencia.org\\\/wp-content\\\/uploads\\\/2024\\\/07\\\/FOTO-NOTICIA-INTERMEDIA-OCI.jpeg\",\"datePublished\":\"2024-07-16T08:20:51+00:00\",\"breadcrumb\":{\"@id\":\"https:\\\/\\\/cocemfevalencia.org\\\/es\\\/cocemfe-valencia-sigue-apostando-por-un-ocio-inclusivo-a-traves-del-grupo-monanem\\\/#breadcrumb\"},\"inLanguage\":\"es\",\"potentialAction\":[{\"@type\":\"ReadAction\",\"target\":[\"https:\\\/\\\/cocemfevalencia.org\\\/es\\\/cocemfe-valencia-sigue-apostando-por-un-ocio-inclusivo-a-traves-del-grupo-monanem\\\/\"]}]},{\"@type\":\"ImageObject\",\"inLanguage\":\"es\",\"@id\":\"https:\\\/\\\/cocemfevalencia.org\\\/es\\\/cocemfe-valencia-sigue-apostando-por-un-ocio-inclusivo-a-traves-del-grupo-monanem\\\/#primaryimage\",\"url\":\"https:\\\/\\\/cocemfevalencia.org\\\/wp-content\\\/uploads\\\/2024\\\/07\\\/FOTO-NOTICIA-INTERMEDIA-OCI.jpeg\",\"contentUrl\":\"https:\\\/\\\/cocemfevalencia.org\\\/wp-content\\\/uploads\\\/2024\\\/07\\\/FOTO-NOTICIA-INTERMEDIA-OCI.jpeg\",\"width\":1024,\"height\":576},{\"@type\":\"BreadcrumbList\",\"@id\":\"https:\\\/\\\/cocemfevalencia.org\\\/es\\\/cocemfe-valencia-sigue-apostando-por-un-ocio-inclusivo-a-traves-del-grupo-monanem\\\/#breadcrumb\",\"itemListElement\":[{\"@type\":\"ListItem\",\"position\":1,\"name\":\"Portada\",\"item\":\"https:\\\/\\\/cocemfevalencia.org\\\/es\\\/\"},{\"@type\":\"ListItem\",\"position\":2,\"name\":\"COCEMFE Val\u00e8ncia sigue apostando por un ocio inclusivo a trav\u00e9s del grupo &#8216;Monanem&#8217;\"}]},{\"@type\":\"WebSite\",\"@id\":\"https:\\\/\\\/cocemfevalencia.org\\\/es\\\/#website\",\"url\":\"https:\\\/\\\/cocemfevalencia.org\\\/es\\\/\",\"name\":\"Cocemfe Valencia\",\"description\":\"FEDERACI\u00d3N DE ASOCIACIONES DE PERSONAS CON DISCAPACIDAD F\u00cdSICA Y ORG\u00c1NICA DE LA PROV\u00cdNCIA DE VALENCIA\",\"publisher\":{\"@id\":\"https:\\\/\\\/cocemfevalencia.org\\\/es\\\/#organization\"},\"potentialAction\":[{\"@type\":\"SearchAction\",\"target\":{\"@type\":\"EntryPoint\",\"urlTemplate\":\"https:\\\/\\\/cocemfevalencia.org\\\/es\\\/?s={search_term_string}\"},\"query-input\":{\"@type\":\"PropertyValueSpecification\",\"valueRequired\":true,\"valueName\":\"search_term_string\"}}],\"inLanguage\":\"es\"},{\"@type\":\"Organization\",\"@id\":\"https:\\\/\\\/cocemfevalencia.org\\\/es\\\/#organization\",\"name\":\"Cocemfe Valencia\",\"url\":\"https:\\\/\\\/cocemfevalencia.org\\\/es\\\/\",\"logo\":{\"@type\":\"ImageObject\",\"inLanguage\":\"es\",\"@id\":\"https:\\\/\\\/cocemfevalencia.org\\\/es\\\/#\\\/schema\\\/logo\\\/image\\\/\",\"url\":\"https:\\\/\\\/cocemfevalencia.org\\\/wp-content\\\/uploads\\\/2023\\\/03\\\/0312-Horizontal-una-linea-larga-rgb-positivo-Tricolor.png\",\"contentUrl\":\"https:\\\/\\\/cocemfevalencia.org\\\/wp-content\\\/uploads\\\/2023\\\/03\\\/0312-Horizontal-una-linea-larga-rgb-positivo-Tricolor.png\",\"width\":2334,\"height\":613,\"caption\":\"Cocemfe Valencia\"},\"image\":{\"@id\":\"https:\\\/\\\/cocemfevalencia.org\\\/es\\\/#\\\/schema\\\/logo\\\/image\\\/\"},\"sameAs\":[\"https:\\\/\\\/www.facebook.com\\\/cocemfe.valencia\",\"https:\\\/\\\/x.com\\\/COCEMFEValencia\"]},{\"@type\":\"Person\",\"@id\":\"https:\\\/\\\/cocemfevalencia.org\\\/es\\\/#\\\/schema\\\/person\\\/84dc42180efe17bdafa0a7a8702d24c8\",\"name\":\"comunicacio\",\"image\":{\"@type\":\"ImageObject\",\"inLanguage\":\"es\",\"@id\":\"https:\\\/\\\/secure.gravatar.com\\\/avatar\\\/cc921e89975f546bc4139f170e59e0d573a099452a8a989eb18e18cda2e7227a?s=96&d=mm&r=g\",\"url\":\"https:\\\/\\\/secure.gravatar.com\\\/avatar\\\/cc921e89975f546bc4139f170e59e0d573a099452a8a989eb18e18cda2e7227a?s=96&d=mm&r=g\",\"contentUrl\":\"https:\\\/\\\/secure.gravatar.com\\\/avatar\\\/cc921e89975f546bc4139f170e59e0d573a099452a8a989eb18e18cda2e7227a?s=96&d=mm&r=g\",\"caption\":\"comunicacio\"}}]}<\/script>\n<!-- \/ Yoast SEO plugin. -->","yoast_head_json":{"title":"COCEMFE Val\u00e8ncia sigue apostando por un ocio inclusivo a trav\u00e9s del grupo 'Monanem' - Cocemfe Valencia","robots":{"index":"index","follow":"follow","max-snippet":"max-snippet:-1","max-image-preview":"max-image-preview:large","max-video-preview":"max-video-preview:-1"},"canonical":"https:\/\/cocemfevalencia.org\/es\/cocemfe-valencia-sigue-apostando-por-un-ocio-inclusivo-a-traves-del-grupo-monanem\/","og_locale":"es_ES","og_type":"article","og_title":"COCEMFE Val\u00e8ncia sigue apostando por un ocio inclusivo a trav\u00e9s del grupo 'Monanem' - Cocemfe Valencia","og_description":"COCEMFE Val\u00e8ncia sigue desarrollando durante el 2024 el programa &#8216;MONANEM: Ocio inclusivo para personas con discapacidad&#8217;. Un programa que tiene como objetivo mejorar la autonom\u00eda personal de las personas con discapacidad f\u00edsica y\/u org\u00e1nica, facilitando su integraci\u00f3n social mediante el desarrollo de actividades culturales, l\u00fadicas, educativas y deportivas inclusivas para poco a poco posibilitar una&hellip;&nbsp;Leer m\u00e1s &raquo;COCEMFE Val\u00e8ncia sigue apostando por un ocio inclusivo a trav\u00e9s del grupo &#8216;Monanem&#8217;","og_url":"https:\/\/cocemfevalencia.org\/es\/cocemfe-valencia-sigue-apostando-por-un-ocio-inclusivo-a-traves-del-grupo-monanem\/","og_site_name":"Cocemfe Valencia","article_publisher":"https:\/\/www.facebook.com\/cocemfe.valencia","article_published_time":"2024-07-16T08:20:51+00:00","og_image":[{"url":"https:\/\/cocemfevalencia.org\/wp-content\/uploads\/2024\/07\/Logos-IRPF-2023-01-CMYK_ROJO_VAL-300x137.jpg","type":"","width":"","height":""}],"author":"comunicacio","twitter_card":"summary_large_image","twitter_creator":"@COCEMFEValencia","twitter_site":"@COCEMFEValencia","twitter_misc":{"Escrito por":"comunicacio","Tiempo de lectura":"1 minuto"},"schema":{"@context":"https:\/\/schema.org","@graph":[{"@type":"Article","@id":"https:\/\/cocemfevalencia.org\/es\/cocemfe-valencia-sigue-apostando-por-un-ocio-inclusivo-a-traves-del-grupo-monanem\/#article","isPartOf":{"@id":"https:\/\/cocemfevalencia.org\/es\/cocemfe-valencia-sigue-apostando-por-un-ocio-inclusivo-a-traves-del-grupo-monanem\/"},"author":{"name":"comunicacio","@id":"https:\/\/cocemfevalencia.org\/es\/#\/schema\/person\/84dc42180efe17bdafa0a7a8702d24c8"},"headline":"COCEMFE Val\u00e8ncia sigue apostando por un ocio inclusivo a trav\u00e9s del grupo &#8216;Monanem&#8217;","datePublished":"2024-07-16T08:20:51+00:00","mainEntityOfPage":{"@id":"https:\/\/cocemfevalencia.org\/es\/cocemfe-valencia-sigue-apostando-por-un-ocio-inclusivo-a-traves-del-grupo-monanem\/"},"wordCount":236,"publisher":{"@id":"https:\/\/cocemfevalencia.org\/es\/#organization"},"image":{"@id":"https:\/\/cocemfevalencia.org\/es\/cocemfe-valencia-sigue-apostando-por-un-ocio-inclusivo-a-traves-del-grupo-monanem\/#primaryimage"},"thumbnailUrl":"https:\/\/cocemfevalencia.org\/wp-content\/uploads\/2024\/07\/FOTO-NOTICIA-INTERMEDIA-OCI.jpeg","keywords":["actividades","ayudas","Monamen","ocio","Programa de ocio"],"articleSection":["Not\u00edcies"],"inLanguage":"es"},{"@type":"WebPage","@id":"https:\/\/cocemfevalencia.org\/es\/cocemfe-valencia-sigue-apostando-por-un-ocio-inclusivo-a-traves-del-grupo-monanem\/","url":"https:\/\/cocemfevalencia.org\/es\/cocemfe-valencia-sigue-apostando-por-un-ocio-inclusivo-a-traves-del-grupo-monanem\/","name":"COCEMFE Val\u00e8ncia sigue apostando por un ocio inclusivo a trav\u00e9s del grupo 'Monanem' - Cocemfe Valencia","isPartOf":{"@id":"https:\/\/cocemfevalencia.org\/es\/#website"},"primaryImageOfPage":{"@id":"https:\/\/cocemfevalencia.org\/es\/cocemfe-valencia-sigue-apostando-por-un-ocio-inclusivo-a-traves-del-grupo-monanem\/#primaryimage"},"image":{"@id":"https:\/\/cocemfevalencia.org\/es\/cocemfe-valencia-sigue-apostando-por-un-ocio-inclusivo-a-traves-del-grupo-monanem\/#primaryimage"},"thumbnailUrl":"https:\/\/cocemfevalencia.org\/wp-content\/uploads\/2024\/07\/FOTO-NOTICIA-INTERMEDIA-OCI.jpeg","datePublished":"2024-07-16T08:20:51+00:00","breadcrumb":{"@id":"https:\/\/cocemfevalencia.org\/es\/cocemfe-valencia-sigue-apostando-por-un-ocio-inclusivo-a-traves-del-grupo-monanem\/#breadcrumb"},"inLanguage":"es","potentialAction":[{"@type":"ReadAction","target":["https:\/\/cocemfevalencia.org\/es\/cocemfe-valencia-sigue-apostando-por-un-ocio-inclusivo-a-traves-del-grupo-monanem\/"]}]},{"@type":"ImageObject","inLanguage":"es","@id":"https:\/\/cocemfevalencia.org\/es\/cocemfe-valencia-sigue-apostando-por-un-ocio-inclusivo-a-traves-del-grupo-monanem\/#primaryimage","url":"https:\/\/cocemfevalencia.org\/wp-content\/uploads\/2024\/07\/FOTO-NOTICIA-INTERMEDIA-OCI.jpeg","contentUrl":"https:\/\/cocemfevalencia.org\/wp-content\/uploads\/2024\/07\/FOTO-NOTICIA-INTERMEDIA-OCI.jpeg","width":1024,"height":576},{"@type":"BreadcrumbList","@id":"https:\/\/cocemfevalencia.org\/es\/cocemfe-valencia-sigue-apostando-por-un-ocio-inclusivo-a-traves-del-grupo-monanem\/#breadcrumb","itemListElement":[{"@type":"ListItem","position":1,"name":"Portada","item":"https:\/\/cocemfevalencia.org\/es\/"},{"@type":"ListItem","position":2,"name":"COCEMFE Val\u00e8ncia sigue apostando por un ocio inclusivo a trav\u00e9s del grupo &#8216;Monanem&#8217;"}]},{"@type":"WebSite","@id":"https:\/\/cocemfevalencia.org\/es\/#website","url":"https:\/\/cocemfevalencia.org\/es\/","name":"Cocemfe Valencia","description":"FEDERACI\u00d3N DE ASOCIACIONES DE PERSONAS CON DISCAPACIDAD F\u00cdSICA Y ORG\u00c1NICA DE LA PROV\u00cdNCIA DE VALENCIA","publisher":{"@id":"https:\/\/cocemfevalencia.org\/es\/#organization"},"potentialAction":[{"@type":"SearchAction","target":{"@type":"EntryPoint","urlTemplate":"https:\/\/cocemfevalencia.org\/es\/?s={search_term_string}"},"query-input":{"@type":"PropertyValueSpecification","valueRequired":true,"valueName":"search_term_string"}}],"inLanguage":"es"},{"@type":"Organization","@id":"https:\/\/cocemfevalencia.org\/es\/#organization","name":"Cocemfe Valencia","url":"https:\/\/cocemfevalencia.org\/es\/","logo":{"@type":"ImageObject","inLanguage":"es","@id":"https:\/\/cocemfevalencia.org\/es\/#\/schema\/logo\/image\/","url":"https:\/\/cocemfevalencia.org\/wp-content\/uploads\/2023\/03\/0312-Horizontal-una-linea-larga-rgb-positivo-Tricolor.png","contentUrl":"https:\/\/cocemfevalencia.org\/wp-content\/uploads\/2023\/03\/0312-Horizontal-una-linea-larga-rgb-positivo-Tricolor.png","width":2334,"height":613,"caption":"Cocemfe Valencia"},"image":{"@id":"https:\/\/cocemfevalencia.org\/es\/#\/schema\/logo\/image\/"},"sameAs":["https:\/\/www.facebook.com\/cocemfe.valencia","https:\/\/x.com\/COCEMFEValencia"]},{"@type":"Person","@id":"https:\/\/cocemfevalencia.org\/es\/#\/schema\/person\/84dc42180efe17bdafa0a7a8702d24c8","name":"comunicacio","image":{"@type":"ImageObject","inLanguage":"es","@id":"https:\/\/secure.gravatar.com\/avatar\/cc921e89975f546bc4139f170e59e0d573a099452a8a989eb18e18cda2e7227a?s=96&d=mm&r=g","url":"https:\/\/secure.gravatar.com\/avatar\/cc921e89975f546bc4139f170e59e0d573a099452a8a989eb18e18cda2e7227a?s=96&d=mm&r=g","contentUrl":"https:\/\/secure.gravatar.com\/avatar\/cc921e89975f546bc4139f170e59e0d573a099452a8a989eb18e18cda2e7227a?s=96&d=mm&r=g","caption":"comunicacio"}}]}},"_links":{"self":[{"href":"https:\/\/cocemfevalencia.org\/es\/wp-json\/wp\/v2\/posts\/14557","targetHints":{"allow":["GET"]}}],"collection":[{"href":"https:\/\/cocemfevalencia.org\/es\/wp-json\/wp\/v2\/posts"}],"about":[{"href":"https:\/\/cocemfevalencia.org\/es\/wp-json\/wp\/v2\/types\/post"}],"author":[{"embeddable":true,"href":"https:\/\/cocemfevalencia.org\/es\/wp-json\/wp\/v2\/users\/5"}],"replies":[{"embeddable":true,"href":"https:\/\/cocemfevalencia.org\/es\/wp-json\/wp\/v2\/comments?post=14557"}],"version-history":[{"count":0,"href":"https:\/\/cocemfevalencia.org\/es\/wp-json\/wp\/v2\/posts\/14557\/revisions"}],"wp:featuredmedia":[{"embeddable":true,"href":"https:\/\/cocemfevalencia.org\/es\/wp-json\/wp\/v2\/media\/14555"}],"wp:attachment":[{"href":"https:\/\/cocemfevalencia.org\/es\/wp-json\/wp\/v2\/media?parent=14557"}],"wp:term":[{"taxonomy":"category","embeddable":true,"href":"https:\/\/cocemfevalencia.org\/es\/wp-json\/wp\/v2\/categories?post=14557"},{"taxonomy":"post_tag","embeddable":true,"href":"https:\/\/cocemfevalencia.org\/es\/wp-json\/wp\/v2\/tags?post=14557"}],"curies":[{"name":"wp","href":"https:\/\/api.w.org\/{rel}","templated":true}]}}