{"id":1457,"date":"2018-07-13T09:27:22","date_gmt":"2018-07-13T07:27:22","guid":{"rendered":"http:\/\/cocemfevalencia.org\/?p=1457"},"modified":"2018-07-13T09:27:22","modified_gmt":"2018-07-13T07:27:22","slug":"ultimas-plazas-para-el-taller-busqueda-de-empleo-2-0-que-se-realizaran-los-dias-18-y-19-de-julio","status":"publish","type":"post","link":"https:\/\/cocemfevalencia.org\/es\/ultimas-plazas-para-el-taller-busqueda-de-empleo-2-0-que-se-realizaran-los-dias-18-y-19-de-julio\/","title":{"rendered":"\u00daltimas Plazas para el Taller B\u00fasqueda de Empleo 2.0 que se realizar\u00e1n los d\u00edas 18 y 19 de Julio."},"content":{"rendered":"\t\t<div data-elementor-type=\"wp-post\" data-elementor-id=\"1457\" class=\"elementor elementor-1457 elementor-bc-flex-widget\" data-elementor-post-type=\"post\">\n\t\t\t\t\t\t<section class=\"elementor-section elementor-top-section elementor-element elementor-element-5e3d2dd8 elementor-section-boxed elementor-section-height-default elementor-section-height-default\" data-id=\"5e3d2dd8\" data-element_type=\"section\" data-e-type=\"section\">\n\t\t\t\t\t\t<div class=\"elementor-container elementor-column-gap-default\">\n\t\t\t\t\t<div class=\"elementor-column elementor-col-33 elementor-top-column elementor-element elementor-element-2e9f6a54\" data-id=\"2e9f6a54\" data-element_type=\"column\" data-e-type=\"column\">\n\t\t\t<div class=\"elementor-widget-wrap elementor-element-populated\">\n\t\t\t\t\t\t<div class=\"elementor-element elementor-element-39ecbfb elementor-widget elementor-widget-text-editor\" data-id=\"39ecbfb\" data-element_type=\"widget\" data-e-type=\"widget\" data-widget_type=\"text-editor.default\">\n\t\t\t\t<div class=\"elementor-widget-container\">\n\t\t\t\t\t\t\t\t\t<p>COCEMFE Valencia organiza esta pr\u00f3xima semana un Taller de B\u00fasqueda de Empleo 2.0 para mujeres con certificado de Discapacidad que est\u00e9n en b\u00fasqueda activa de empleo.\u00a0<\/p><p>Se realizar\u00e1 el 18 y 19 de Julio en nuestras instalaciones ( C\/Torres, 12 Bajo)\u00a0 en horario de 10.00 a 13.30.\u00a0<\/p><p>El objetivo del Taller es dar a conocer todos los recursos disponibles en la red y ofrecer las herramientas necesarias para mejorar la autonom\u00eda de las participantes a la hora de realizar una b\u00fasqueda de empleo 2.0.<\/p><p><b>Si est\u00e1s interesada y quieres mejorar tus competencias en b\u00fasqueda de empleo contacta con nuestro equipo t\u00e9cnico. \u00a1Te esperamos!<\/b><\/p>\t\t\t\t\t\t\t\t<\/div>\n\t\t\t\t<\/div>\n\t\t\t\t\t<\/div>\n\t\t<\/div>\n\t\t\t\t<div class=\"elementor-column elementor-col-66 elementor-top-column elementor-element elementor-element-2926bb53\" data-id=\"2926bb53\" data-element_type=\"column\" data-e-type=\"column\">\n\t\t\t<div class=\"elementor-widget-wrap elementor-element-populated\">\n\t\t\t\t\t\t<div class=\"elementor-element elementor-element-49eea02 elementor-widget elementor-widget-image\" data-id=\"49eea02\" data-element_type=\"widget\" data-e-type=\"widget\" data-widget_type=\"image.default\">\n\t\t\t\t<div class=\"elementor-widget-container\">\n\t\t\t\t\t\t\t\t\t\t\t\t\t\t\t<img fetchpriority=\"high\" decoding=\"async\" width=\"768\" height=\"1086\" src=\"https:\/\/cocemfevalencia.org\/wp-content\/uploads\/2018\/07\/carteldef-768x1086.jpg\" class=\"attachment-medium_large size-medium_large wp-image-1459\" alt=\"\" srcset=\"https:\/\/cocemfevalencia.org\/wp-content\/uploads\/2018\/07\/carteldef-768x1086.jpg 768w, https:\/\/cocemfevalencia.org\/wp-content\/uploads\/2018\/07\/carteldef-212x300.jpg 212w, https:\/\/cocemfevalencia.org\/wp-content\/uploads\/2018\/07\/carteldef-724x1024.jpg 724w, https:\/\/cocemfevalencia.org\/wp-content\/uploads\/2018\/07\/carteldef-1086x1536.jpg 1086w, https:\/\/cocemfevalencia.org\/wp-content\/uploads\/2018\/07\/carteldef-1448x2048.jpg 1448w, https:\/\/cocemfevalencia.org\/wp-content\/uploads\/2018\/07\/carteldef.jpg 1588w\" sizes=\"(max-width: 768px) 100vw, 768px\" \/>\t\t\t\t\t\t\t\t\t\t\t\t\t\t\t<\/div>\n\t\t\t\t<\/div>\n\t\t\t\t\t<\/div>\n\t\t<\/div>\n\t\t\t\t\t<\/div>\n\t\t<\/section>\n\t\t\t\t<section class=\"elementor-section elementor-top-section elementor-element elementor-element-10d9d410 elementor-section-boxed elementor-section-height-default elementor-section-height-default\" data-id=\"10d9d410\" data-element_type=\"section\" data-e-type=\"section\">\n\t\t\t\t\t\t<div class=\"elementor-container elementor-column-gap-default\">\n\t\t\t\t\t<div class=\"elementor-column elementor-col-100 elementor-top-column elementor-element elementor-element-2044404\" data-id=\"2044404\" data-element_type=\"column\" data-e-type=\"column\">\n\t\t\t<div class=\"elementor-widget-wrap elementor-element-populated\">\n\t\t\t\t\t\t<div class=\"elementor-element elementor-element-9fd38a8 elementor-widget elementor-widget-heading\" data-id=\"9fd38a8\" data-element_type=\"widget\" data-e-type=\"widget\" data-widget_type=\"heading.default\">\n\t\t\t\t<div class=\"elementor-widget-container\">\n\t\t\t\t\t<h5 class=\"elementor-heading-title elementor-size-default\">\u201cActuaci\u00f3n cofinanciada por la Uni\u00f3n Europea a trav\u00e9s del Programa Operativo del Fondo Social Europeo (FSE) de la Comunitat Valenciana 2014-2020\u201d<\/h5>\t\t\t\t<\/div>\n\t\t\t\t<\/div>\n\t\t\t\t\t<\/div>\n\t\t<\/div>\n\t\t\t\t\t<\/div>\n\t\t<\/section>\n\t\t\t\t<section class=\"elementor-section elementor-top-section elementor-element elementor-element-7d5906d elementor-section-boxed elementor-section-height-default elementor-section-height-default\" data-id=\"7d5906d\" data-element_type=\"section\" data-e-type=\"section\">\n\t\t\t\t\t\t<div class=\"elementor-container elementor-column-gap-default\">\n\t\t\t\t\t<div class=\"elementor-column elementor-col-100 elementor-top-column elementor-element elementor-element-e70e014\" data-id=\"e70e014\" data-element_type=\"column\" data-e-type=\"column\">\n\t\t\t<div class=\"elementor-widget-wrap elementor-element-populated\">\n\t\t\t\t\t\t<div class=\"elementor-element elementor-element-df0e656 elementor-widget elementor-widget-image\" data-id=\"df0e656\" data-element_type=\"widget\" data-e-type=\"widget\" data-widget_type=\"image.default\">\n\t\t\t\t<div class=\"elementor-widget-container\">\n\t\t\t\t\t\t\t\t\t\t\t\t\t\t\t<img decoding=\"async\" width=\"768\" height=\"256\" src=\"https:\/\/cocemfevalencia.org\/wp-content\/uploads\/2018\/08\/LOGOS-FSE-768x256.png\" class=\"attachment-medium_large size-medium_large wp-image-1708\" alt=\"\" srcset=\"https:\/\/cocemfevalencia.org\/wp-content\/uploads\/2018\/08\/LOGOS-FSE-768x256.png 768w, https:\/\/cocemfevalencia.org\/wp-content\/uploads\/2018\/08\/LOGOS-FSE-300x100.png 300w, https:\/\/cocemfevalencia.org\/wp-content\/uploads\/2018\/08\/LOGOS-FSE-1024x341.png 1024w, https:\/\/cocemfevalencia.org\/wp-content\/uploads\/2018\/08\/LOGOS-FSE.png 1200w\" sizes=\"(max-width: 768px) 100vw, 768px\" \/>\t\t\t\t\t\t\t\t\t\t\t\t\t\t\t<\/div>\n\t\t\t\t<\/div>\n\t\t\t\t\t<\/div>\n\t\t<\/div>\n\t\t\t\t\t<\/div>\n\t\t<\/section>\n\t\t\t\t<section class=\"elementor-section elementor-top-section elementor-element elementor-element-71b2fddd elementor-section-boxed elementor-section-height-default elementor-section-height-default\" data-id=\"71b2fddd\" data-element_type=\"section\" data-e-type=\"section\">\n\t\t\t\t\t\t<div class=\"elementor-container elementor-column-gap-default\">\n\t\t\t\t\t<div class=\"elementor-column elementor-col-100 elementor-top-column elementor-element elementor-element-422b6830\" data-id=\"422b6830\" data-element_type=\"column\" data-e-type=\"column\">\n\t\t\t<div class=\"elementor-widget-wrap elementor-element-populated\">\n\t\t\t\t\t\t<div class=\"elementor-element elementor-element-1ddcc574 elementor-widget elementor-widget-heading\" data-id=\"1ddcc574\" data-element_type=\"widget\" data-e-type=\"widget\" data-widget_type=\"heading.default\">\n\t\t\t\t<div class=\"elementor-widget-container\">\n\t\t\t\t\t<h4 class=\"elementor-heading-title elementor-size-default\">A qui\u00e9n va dirigido el Programa<\/h4>\t\t\t\t<\/div>\n\t\t\t\t<\/div>\n\t\t\t\t<div class=\"elementor-element elementor-element-15846a33 elementor-widget elementor-widget-text-editor\" data-id=\"15846a33\" data-element_type=\"widget\" data-e-type=\"widget\" data-widget_type=\"text-editor.default\">\n\t\t\t\t<div class=\"elementor-widget-container\">\n\t\t\t\t\t\t\t\t\t<p><span style=\"text-align: justify;\">Mujeres con certificado de discapacidad que est\u00e9n en b\u00fasqueda activa de empleo.<\/span><\/p>\t\t\t\t\t\t\t\t<\/div>\n\t\t\t\t<\/div>\n\t\t\t\t\t<\/div>\n\t\t<\/div>\n\t\t\t\t\t<\/div>\n\t\t<\/section>\n\t\t\t\t<section class=\"elementor-section elementor-top-section elementor-element elementor-element-3d4ea7f8 elementor-section-boxed elementor-section-height-default elementor-section-height-default\" data-id=\"3d4ea7f8\" data-element_type=\"section\" data-e-type=\"section\">\n\t\t\t\t\t\t<div class=\"elementor-container elementor-column-gap-default\">\n\t\t\t\t\t<div class=\"elementor-column elementor-col-100 elementor-top-column elementor-element elementor-element-750ae20\" data-id=\"750ae20\" data-element_type=\"column\" data-e-type=\"column\">\n\t\t\t<div class=\"elementor-widget-wrap elementor-element-populated\">\n\t\t\t\t\t\t<div class=\"elementor-element elementor-element-2c24a1e2 elementor-widget elementor-widget-heading\" data-id=\"2c24a1e2\" data-element_type=\"widget\" data-e-type=\"widget\" data-widget_type=\"heading.default\">\n\t\t\t\t<div class=\"elementor-widget-container\">\n\t\t\t\t\t<h4 class=\"elementor-heading-title elementor-size-default\">Qu\u00e9 ofrece el Programa<\/h4>\t\t\t\t<\/div>\n\t\t\t\t<\/div>\n\t\t\t\t<div class=\"elementor-element elementor-element-11b4927b elementor-widget elementor-widget-text-editor\" data-id=\"11b4927b\" data-element_type=\"widget\" data-e-type=\"widget\" data-widget_type=\"text-editor.default\">\n\t\t\t\t<div class=\"elementor-widget-container\">\n\t\t\t\t\t\t\t\t\t<p><span style=\"text-align: justify;\">Itinerarios individualizados flexibles a las necesidades de cada usuaria del Programa. Incluye sesiones individuales y talleres grupales.<\/span><\/p>\t\t\t\t\t\t\t\t<\/div>\n\t\t\t\t<\/div>\n\t\t\t\t\t<\/div>\n\t\t<\/div>\n\t\t\t\t\t<\/div>\n\t\t<\/section>\n\t\t\t\t<section class=\"elementor-section elementor-top-section elementor-element elementor-element-6957a99 elementor-section-boxed elementor-section-height-default elementor-section-height-default\" data-id=\"6957a99\" data-element_type=\"section\" data-e-type=\"section\">\n\t\t\t\t\t\t<div class=\"elementor-container elementor-column-gap-default\">\n\t\t\t\t\t<div class=\"elementor-column elementor-col-100 elementor-top-column elementor-element elementor-element-39716f9a\" data-id=\"39716f9a\" data-element_type=\"column\" data-e-type=\"column\">\n\t\t\t<div class=\"elementor-widget-wrap elementor-element-populated\">\n\t\t\t\t\t\t<div class=\"elementor-element elementor-element-213292d3 elementor-widget elementor-widget-heading\" data-id=\"213292d3\" data-element_type=\"widget\" data-e-type=\"widget\" data-widget_type=\"heading.default\">\n\t\t\t\t<div class=\"elementor-widget-container\">\n\t\t\t\t\t<h4 class=\"elementor-heading-title elementor-size-default\">C\u00f3mo puedo acceder al Programa<\/h4>\t\t\t\t<\/div>\n\t\t\t\t<\/div>\n\t\t\t\t<div class=\"elementor-element elementor-element-5828f311 elementor-widget elementor-widget-text-editor\" data-id=\"5828f311\" data-element_type=\"widget\" data-e-type=\"widget\" data-widget_type=\"text-editor.default\">\n\t\t\t\t<div class=\"elementor-widget-container\">\n\t\t\t\t\t\t\t\t\t<p><span style=\"text-align: justify;\">Si eres Mujer con Certificado de Discapacidad y est\u00e1s interesada en participar. Contacta con nuestro equipo de profesionales:<\/span><\/p>\t\t\t\t\t\t\t\t<\/div>\n\t\t\t\t<\/div>\n\t\t\t\t\t<\/div>\n\t\t<\/div>\n\t\t\t\t\t<\/div>\n\t\t<\/section>\n\t\t\t\t<section class=\"elementor-section elementor-top-section elementor-element elementor-element-b191029 elementor-section-content-middle elementor-section-boxed elementor-section-height-default elementor-section-height-default\" data-id=\"b191029\" data-element_type=\"section\" data-e-type=\"section\">\n\t\t\t\t\t\t<div class=\"elementor-container elementor-column-gap-default\">\n\t\t\t\t\t<div class=\"elementor-column elementor-col-100 elementor-top-column elementor-element elementor-element-5738c87c\" data-id=\"5738c87c\" data-element_type=\"column\" data-e-type=\"column\">\n\t\t\t<div class=\"elementor-widget-wrap elementor-element-populated\">\n\t\t\t\t\t\t<div class=\"elementor-element elementor-element-2c6b500a elementor-position-inline-start elementor-view-default elementor-mobile-position-block-start elementor-widget elementor-widget-icon-box\" data-id=\"2c6b500a\" data-element_type=\"widget\" data-e-type=\"widget\" data-widget_type=\"icon-box.default\">\n\t\t\t\t<div class=\"elementor-widget-container\">\n\t\t\t\t\t\t\t<div class=\"elementor-icon-box-wrapper\">\n\n\t\t\t\t\t\t<div class=\"elementor-icon-box-icon\">\n\t\t\t\t<span  class=\"elementor-icon elementor-animation-grow\">\n\t\t\t\t<i class=\"fa fa-envelope\" aria-hidden=\"true\"><\/i>\t\t\t\t<\/span>\n\t\t\t<\/div>\n\t\t\t\n\t\t\t\t\t\t<div class=\"elementor-icon-box-content\">\n\n\t\t\t\t\n\t\t\t\t\t\t\t\t\t<p class=\"elementor-icon-box-description\">\n\t\t\t\t\t\t<span style=\"text-align: justify;white-space: normal\">info@cocemfevalencia.org<\/span>\t\t\t\t\t<\/p>\n\t\t\t\t\n\t\t\t<\/div>\n\t\t\t\n\t\t<\/div>\n\t\t\t\t\t\t<\/div>\n\t\t\t\t<\/div>\n\t\t\t\t<div class=\"elementor-element elementor-element-566d2e9b elementor-position-inline-start elementor-view-default elementor-mobile-position-block-start elementor-widget elementor-widget-icon-box\" data-id=\"566d2e9b\" data-element_type=\"widget\" data-e-type=\"widget\" data-widget_type=\"icon-box.default\">\n\t\t\t\t<div class=\"elementor-widget-container\">\n\t\t\t\t\t\t\t<div class=\"elementor-icon-box-wrapper\">\n\n\t\t\t\t\t\t<div class=\"elementor-icon-box-icon\">\n\t\t\t\t<span  class=\"elementor-icon elementor-animation-grow\">\n\t\t\t\t<i class=\"fa fa-phone\" aria-hidden=\"true\"><\/i>\t\t\t\t<\/span>\n\t\t\t<\/div>\n\t\t\t\n\t\t\t\t\t\t<div class=\"elementor-icon-box-content\">\n\n\t\t\t\t\n\t\t\t\t\t\t\t\t\t<p class=\"elementor-icon-box-description\">\n\t\t\t\t\t\t<span style=\"text-align: justify;white-space: normal\">963 837 708<\/span>\t\t\t\t\t<\/p>\n\t\t\t\t\n\t\t\t<\/div>\n\t\t\t\n\t\t<\/div>\n\t\t\t\t\t\t<\/div>\n\t\t\t\t<\/div>\n\t\t\t\t<div class=\"elementor-element elementor-element-6e7029d8 elementor-position-inline-start elementor-view-default elementor-mobile-position-block-start elementor-widget elementor-widget-icon-box\" data-id=\"6e7029d8\" data-element_type=\"widget\" data-e-type=\"widget\" data-widget_type=\"icon-box.default\">\n\t\t\t\t<div class=\"elementor-widget-container\">\n\t\t\t\t\t\t\t<div class=\"elementor-icon-box-wrapper\">\n\n\t\t\t\t\t\t<div class=\"elementor-icon-box-icon\">\n\t\t\t\t<span  class=\"elementor-icon elementor-animation-grow\">\n\t\t\t\t<i class=\"fa fa-map-marker\" aria-hidden=\"true\"><\/i>\t\t\t\t<\/span>\n\t\t\t<\/div>\n\t\t\t\n\t\t\t\t\t\t<div class=\"elementor-icon-box-content\">\n\n\t\t\t\t\n\t\t\t\t\t\t\t\t\t<p class=\"elementor-icon-box-description\">\n\t\t\t\t\t\tC\/ Torres 12 bajo Izq \u2013 Valencia\t\t\t\t\t<\/p>\n\t\t\t\t\n\t\t\t<\/div>\n\t\t\t\n\t\t<\/div>\n\t\t\t\t\t\t<\/div>\n\t\t\t\t<\/div>\n\t\t\t\t<div class=\"elementor-element elementor-element-39520bad elementor-position-inline-start elementor-view-default elementor-mobile-position-block-start elementor-widget elementor-widget-icon-box\" data-id=\"39520bad\" data-element_type=\"widget\" data-e-type=\"widget\" data-widget_type=\"icon-box.default\">\n\t\t\t\t<div class=\"elementor-widget-container\">\n\t\t\t\t\t\t\t<div class=\"elementor-icon-box-wrapper\">\n\n\t\t\t\t\t\t<div class=\"elementor-icon-box-icon\">\n\t\t\t\t<span  class=\"elementor-icon elementor-animation-grow\">\n\t\t\t\t<i class=\"fa fa-calendar\" aria-hidden=\"true\"><\/i>\t\t\t\t<\/span>\n\t\t\t<\/div>\n\t\t\t\n\t\t\t\t\t\t<div class=\"elementor-icon-box-content\">\n\n\t\t\t\t\n\t\t\t\t\t\t\t\t\t<p class=\"elementor-icon-box-description\">\n\t\t\t\t\t\tLunes a Viernes de 9:00 a 14:00 h\t\t\t\t\t<\/p>\n\t\t\t\t\n\t\t\t<\/div>\n\t\t\t\n\t\t<\/div>\n\t\t\t\t\t\t<\/div>\n\t\t\t\t<\/div>\n\t\t\t\t\t<\/div>\n\t\t<\/div>\n\t\t\t\t\t<\/div>\n\t\t<\/section>\n\t\t\t\t<\/div>\n\t\t<p>Visitas: 5<\/p>","protected":false},"excerpt":{"rendered":"<p>COCEMFE Valencia organiza esta pr\u00f3xima semana un Taller de B\u00fasqueda de Empleo 2.0 para mujeres con certificado de Discapacidad que est\u00e9n en b\u00fasqueda activa de empleo.\u00a0 Se realizar\u00e1 el 18 y 19 de Julio en nuestras instalaciones ( C\/Torres, 12 Bajo)\u00a0 en horario de 10.00 a 13.30.\u00a0 El objetivo del Taller es dar a conocer&hellip;&nbsp;<a href=\"https:\/\/cocemfevalencia.org\/es\/ultimas-plazas-para-el-taller-busqueda-de-empleo-2-0-que-se-realizaran-los-dias-18-y-19-de-julio\/\" rel=\"bookmark\">Leer m\u00e1s &raquo;<span class=\"screen-reader-text\">\u00daltimas Plazas para el Taller B\u00fasqueda de Empleo 2.0 que se realizar\u00e1n los d\u00edas 18 y 19 de Julio.<\/span><\/a><\/p>\n","protected":false},"author":3,"featured_media":1459,"comment_status":"closed","ping_status":"closed","sticky":false,"template":"","format":"standard","meta":{"rop_custom_images_group":[],"rop_custom_messages_group":[],"rop_publish_now":"initial","rop_publish_now_accounts":[],"rop_publish_now_history":[],"rop_publish_now_status":"pending","neve_meta_sidebar":"","neve_meta_container":"","neve_meta_enable_content_width":"","neve_meta_content_width":0,"neve_meta_title_alignment":"","neve_meta_author_avatar":"","neve_post_elements_order":"","neve_meta_disable_header":"","neve_meta_disable_footer":"","neve_meta_disable_title":"","footnotes":""},"categories":[5],"tags":[7,8,9,10],"class_list":["post-1457","post","type-post","status-publish","format-standard","has-post-thumbnail","hentry","category-noticias","tag-competencias","tag-discapacidad","tag-empleo","tag-mujer"],"yoast_head":"<!-- This site is optimized with the Yoast SEO plugin v27.3 - https:\/\/yoast.com\/product\/yoast-seo-wordpress\/ -->\n<title>\u00daltimas Plazas para el Taller B\u00fasqueda de Empleo 2.0 que se realizar\u00e1n los d\u00edas 18 y 19 de Julio. - Cocemfe Valencia<\/title>\n<meta name=\"robots\" content=\"index, follow, max-snippet:-1, max-image-preview:large, max-video-preview:-1\" \/>\n<link rel=\"canonical\" href=\"https:\/\/cocemfevalencia.org\/es\/ultimas-plazas-para-el-taller-busqueda-de-empleo-2-0-que-se-realizaran-los-dias-18-y-19-de-julio\/\" \/>\n<meta property=\"og:locale\" content=\"es_ES\" \/>\n<meta property=\"og:type\" content=\"article\" \/>\n<meta property=\"og:title\" content=\"\u00daltimas Plazas para el Taller B\u00fasqueda de Empleo 2.0 que se realizar\u00e1n los d\u00edas 18 y 19 de Julio. - Cocemfe Valencia\" \/>\n<meta property=\"og:description\" content=\"COCEMFE Valencia organiza esta pr\u00f3xima semana un Taller de B\u00fasqueda de Empleo 2.0 para mujeres con certificado de Discapacidad que est\u00e9n en b\u00fasqueda activa de empleo.\u00a0 Se realizar\u00e1 el 18 y 19 de Julio en nuestras instalaciones ( C\/Torres, 12 Bajo)\u00a0 en horario de 10.00 a 13.30.\u00a0 El objetivo del Taller es dar a conocer&hellip;&nbsp;Leer m\u00e1s &raquo;\u00daltimas Plazas para el Taller B\u00fasqueda de Empleo 2.0 que se realizar\u00e1n los d\u00edas 18 y 19 de Julio.\" \/>\n<meta property=\"og:url\" content=\"https:\/\/cocemfevalencia.org\/es\/ultimas-plazas-para-el-taller-busqueda-de-empleo-2-0-que-se-realizaran-los-dias-18-y-19-de-julio\/\" \/>\n<meta property=\"og:site_name\" content=\"Cocemfe Valencia\" \/>\n<meta property=\"article:publisher\" content=\"https:\/\/www.facebook.com\/cocemfe.valencia\" \/>\n<meta property=\"article:published_time\" content=\"2018-07-13T07:27:22+00:00\" \/>\n<meta property=\"og:image\" content=\"https:\/\/cocemfevalencia.org\/wp-content\/uploads\/2018\/07\/carteldef.jpg\" \/>\n\t<meta property=\"og:image:width\" content=\"1588\" \/>\n\t<meta property=\"og:image:height\" content=\"2246\" \/>\n\t<meta property=\"og:image:type\" content=\"image\/jpeg\" \/>\n<meta name=\"author\" content=\"COCEMFE VALENCIA\" \/>\n<meta name=\"twitter:card\" content=\"summary_large_image\" \/>\n<meta name=\"twitter:creator\" content=\"@COCEMFEValencia\" \/>\n<meta name=\"twitter:site\" content=\"@COCEMFEValencia\" \/>\n<meta name=\"twitter:label1\" content=\"Escrito por\" \/>\n\t<meta name=\"twitter:data1\" content=\"COCEMFE VALENCIA\" \/>\n\t<meta name=\"twitter:label2\" content=\"Tiempo de lectura\" \/>\n\t<meta name=\"twitter:data2\" content=\"1 minuto\" \/>\n<script type=\"application\/ld+json\" class=\"yoast-schema-graph\">{\"@context\":\"https:\\\/\\\/schema.org\",\"@graph\":[{\"@type\":\"Article\",\"@id\":\"https:\\\/\\\/cocemfevalencia.org\\\/es\\\/ultimas-plazas-para-el-taller-busqueda-de-empleo-2-0-que-se-realizaran-los-dias-18-y-19-de-julio\\\/#article\",\"isPartOf\":{\"@id\":\"https:\\\/\\\/cocemfevalencia.org\\\/es\\\/ultimas-plazas-para-el-taller-busqueda-de-empleo-2-0-que-se-realizaran-los-dias-18-y-19-de-julio\\\/\"},\"author\":{\"name\":\"COCEMFE VALENCIA\",\"@id\":\"https:\\\/\\\/cocemfevalencia.org\\\/es\\\/#\\\/schema\\\/person\\\/e31a24227ccbc918e2c80add51990ad7\"},\"headline\":\"\u00daltimas Plazas para el Taller B\u00fasqueda de Empleo 2.0 que se realizar\u00e1n los d\u00edas 18 y 19 de Julio.\",\"datePublished\":\"2018-07-13T07:27:22+00:00\",\"mainEntityOfPage\":{\"@id\":\"https:\\\/\\\/cocemfevalencia.org\\\/es\\\/ultimas-plazas-para-el-taller-busqueda-de-empleo-2-0-que-se-realizaran-los-dias-18-y-19-de-julio\\\/\"},\"wordCount\":229,\"publisher\":{\"@id\":\"https:\\\/\\\/cocemfevalencia.org\\\/es\\\/#organization\"},\"image\":{\"@id\":\"https:\\\/\\\/cocemfevalencia.org\\\/es\\\/ultimas-plazas-para-el-taller-busqueda-de-empleo-2-0-que-se-realizaran-los-dias-18-y-19-de-julio\\\/#primaryimage\"},\"thumbnailUrl\":\"https:\\\/\\\/cocemfevalencia.org\\\/wp-content\\\/uploads\\\/2018\\\/07\\\/carteldef.jpg\",\"keywords\":[\"competencias\",\"discapacidad\",\"empleo\",\"mujer\"],\"articleSection\":[\"Not\u00edcies\"],\"inLanguage\":\"es\"},{\"@type\":\"WebPage\",\"@id\":\"https:\\\/\\\/cocemfevalencia.org\\\/es\\\/ultimas-plazas-para-el-taller-busqueda-de-empleo-2-0-que-se-realizaran-los-dias-18-y-19-de-julio\\\/\",\"url\":\"https:\\\/\\\/cocemfevalencia.org\\\/es\\\/ultimas-plazas-para-el-taller-busqueda-de-empleo-2-0-que-se-realizaran-los-dias-18-y-19-de-julio\\\/\",\"name\":\"\u00daltimas Plazas para el Taller B\u00fasqueda de Empleo 2.0 que se realizar\u00e1n los d\u00edas 18 y 19 de Julio. - Cocemfe Valencia\",\"isPartOf\":{\"@id\":\"https:\\\/\\\/cocemfevalencia.org\\\/es\\\/#website\"},\"primaryImageOfPage\":{\"@id\":\"https:\\\/\\\/cocemfevalencia.org\\\/es\\\/ultimas-plazas-para-el-taller-busqueda-de-empleo-2-0-que-se-realizaran-los-dias-18-y-19-de-julio\\\/#primaryimage\"},\"image\":{\"@id\":\"https:\\\/\\\/cocemfevalencia.org\\\/es\\\/ultimas-plazas-para-el-taller-busqueda-de-empleo-2-0-que-se-realizaran-los-dias-18-y-19-de-julio\\\/#primaryimage\"},\"thumbnailUrl\":\"https:\\\/\\\/cocemfevalencia.org\\\/wp-content\\\/uploads\\\/2018\\\/07\\\/carteldef.jpg\",\"datePublished\":\"2018-07-13T07:27:22+00:00\",\"breadcrumb\":{\"@id\":\"https:\\\/\\\/cocemfevalencia.org\\\/es\\\/ultimas-plazas-para-el-taller-busqueda-de-empleo-2-0-que-se-realizaran-los-dias-18-y-19-de-julio\\\/#breadcrumb\"},\"inLanguage\":\"es\",\"potentialAction\":[{\"@type\":\"ReadAction\",\"target\":[\"https:\\\/\\\/cocemfevalencia.org\\\/es\\\/ultimas-plazas-para-el-taller-busqueda-de-empleo-2-0-que-se-realizaran-los-dias-18-y-19-de-julio\\\/\"]}]},{\"@type\":\"ImageObject\",\"inLanguage\":\"es\",\"@id\":\"https:\\\/\\\/cocemfevalencia.org\\\/es\\\/ultimas-plazas-para-el-taller-busqueda-de-empleo-2-0-que-se-realizaran-los-dias-18-y-19-de-julio\\\/#primaryimage\",\"url\":\"https:\\\/\\\/cocemfevalencia.org\\\/wp-content\\\/uploads\\\/2018\\\/07\\\/carteldef.jpg\",\"contentUrl\":\"https:\\\/\\\/cocemfevalencia.org\\\/wp-content\\\/uploads\\\/2018\\\/07\\\/carteldef.jpg\",\"width\":1588,\"height\":2246},{\"@type\":\"BreadcrumbList\",\"@id\":\"https:\\\/\\\/cocemfevalencia.org\\\/es\\\/ultimas-plazas-para-el-taller-busqueda-de-empleo-2-0-que-se-realizaran-los-dias-18-y-19-de-julio\\\/#breadcrumb\",\"itemListElement\":[{\"@type\":\"ListItem\",\"position\":1,\"name\":\"Portada\",\"item\":\"https:\\\/\\\/cocemfevalencia.org\\\/es\\\/\"},{\"@type\":\"ListItem\",\"position\":2,\"name\":\"\u00daltimas Plazas para el Taller B\u00fasqueda de Empleo 2.0 que se realizar\u00e1n los d\u00edas 18 y 19 de Julio.\"}]},{\"@type\":\"WebSite\",\"@id\":\"https:\\\/\\\/cocemfevalencia.org\\\/es\\\/#website\",\"url\":\"https:\\\/\\\/cocemfevalencia.org\\\/es\\\/\",\"name\":\"Cocemfe Valencia\",\"description\":\"FEDERACI\u00d3N DE ASOCIACIONES DE PERSONAS CON DISCAPACIDAD F\u00cdSICA Y ORG\u00c1NICA DE LA PROV\u00cdNCIA DE VALENCIA\",\"publisher\":{\"@id\":\"https:\\\/\\\/cocemfevalencia.org\\\/es\\\/#organization\"},\"potentialAction\":[{\"@type\":\"SearchAction\",\"target\":{\"@type\":\"EntryPoint\",\"urlTemplate\":\"https:\\\/\\\/cocemfevalencia.org\\\/es\\\/?s={search_term_string}\"},\"query-input\":{\"@type\":\"PropertyValueSpecification\",\"valueRequired\":true,\"valueName\":\"search_term_string\"}}],\"inLanguage\":\"es\"},{\"@type\":\"Organization\",\"@id\":\"https:\\\/\\\/cocemfevalencia.org\\\/es\\\/#organization\",\"name\":\"Cocemfe Valencia\",\"url\":\"https:\\\/\\\/cocemfevalencia.org\\\/es\\\/\",\"logo\":{\"@type\":\"ImageObject\",\"inLanguage\":\"es\",\"@id\":\"https:\\\/\\\/cocemfevalencia.org\\\/es\\\/#\\\/schema\\\/logo\\\/image\\\/\",\"url\":\"https:\\\/\\\/cocemfevalencia.org\\\/wp-content\\\/uploads\\\/2023\\\/03\\\/0312-Horizontal-una-linea-larga-rgb-positivo-Tricolor.png\",\"contentUrl\":\"https:\\\/\\\/cocemfevalencia.org\\\/wp-content\\\/uploads\\\/2023\\\/03\\\/0312-Horizontal-una-linea-larga-rgb-positivo-Tricolor.png\",\"width\":2334,\"height\":613,\"caption\":\"Cocemfe Valencia\"},\"image\":{\"@id\":\"https:\\\/\\\/cocemfevalencia.org\\\/es\\\/#\\\/schema\\\/logo\\\/image\\\/\"},\"sameAs\":[\"https:\\\/\\\/www.facebook.com\\\/cocemfe.valencia\",\"https:\\\/\\\/x.com\\\/COCEMFEValencia\"]},{\"@type\":\"Person\",\"@id\":\"https:\\\/\\\/cocemfevalencia.org\\\/es\\\/#\\\/schema\\\/person\\\/e31a24227ccbc918e2c80add51990ad7\",\"name\":\"COCEMFE VALENCIA\",\"image\":{\"@type\":\"ImageObject\",\"inLanguage\":\"es\",\"@id\":\"https:\\\/\\\/secure.gravatar.com\\\/avatar\\\/81dd2ced4591577d70433bbfde65ba3f931e09f5cb4ca8c890817c47789b47f0?s=96&d=mm&r=g\",\"url\":\"https:\\\/\\\/secure.gravatar.com\\\/avatar\\\/81dd2ced4591577d70433bbfde65ba3f931e09f5cb4ca8c890817c47789b47f0?s=96&d=mm&r=g\",\"contentUrl\":\"https:\\\/\\\/secure.gravatar.com\\\/avatar\\\/81dd2ced4591577d70433bbfde65ba3f931e09f5cb4ca8c890817c47789b47f0?s=96&d=mm&r=g\",\"caption\":\"COCEMFE VALENCIA\"}}]}<\/script>\n<!-- \/ Yoast SEO plugin. -->","yoast_head_json":{"title":"\u00daltimas Plazas para el Taller B\u00fasqueda de Empleo 2.0 que se realizar\u00e1n los d\u00edas 18 y 19 de Julio. - Cocemfe Valencia","robots":{"index":"index","follow":"follow","max-snippet":"max-snippet:-1","max-image-preview":"max-image-preview:large","max-video-preview":"max-video-preview:-1"},"canonical":"https:\/\/cocemfevalencia.org\/es\/ultimas-plazas-para-el-taller-busqueda-de-empleo-2-0-que-se-realizaran-los-dias-18-y-19-de-julio\/","og_locale":"es_ES","og_type":"article","og_title":"\u00daltimas Plazas para el Taller B\u00fasqueda de Empleo 2.0 que se realizar\u00e1n los d\u00edas 18 y 19 de Julio. - Cocemfe Valencia","og_description":"COCEMFE Valencia organiza esta pr\u00f3xima semana un Taller de B\u00fasqueda de Empleo 2.0 para mujeres con certificado de Discapacidad que est\u00e9n en b\u00fasqueda activa de empleo.\u00a0 Se realizar\u00e1 el 18 y 19 de Julio en nuestras instalaciones ( C\/Torres, 12 Bajo)\u00a0 en horario de 10.00 a 13.30.\u00a0 El objetivo del Taller es dar a conocer&hellip;&nbsp;Leer m\u00e1s &raquo;\u00daltimas Plazas para el Taller B\u00fasqueda de Empleo 2.0 que se realizar\u00e1n los d\u00edas 18 y 19 de Julio.","og_url":"https:\/\/cocemfevalencia.org\/es\/ultimas-plazas-para-el-taller-busqueda-de-empleo-2-0-que-se-realizaran-los-dias-18-y-19-de-julio\/","og_site_name":"Cocemfe Valencia","article_publisher":"https:\/\/www.facebook.com\/cocemfe.valencia","article_published_time":"2018-07-13T07:27:22+00:00","og_image":[{"width":1588,"height":2246,"url":"https:\/\/cocemfevalencia.org\/wp-content\/uploads\/2018\/07\/carteldef.jpg","type":"image\/jpeg"}],"author":"COCEMFE VALENCIA","twitter_card":"summary_large_image","twitter_creator":"@COCEMFEValencia","twitter_site":"@COCEMFEValencia","twitter_misc":{"Escrito por":"COCEMFE VALENCIA","Tiempo de lectura":"1 minuto"},"schema":{"@context":"https:\/\/schema.org","@graph":[{"@type":"Article","@id":"https:\/\/cocemfevalencia.org\/es\/ultimas-plazas-para-el-taller-busqueda-de-empleo-2-0-que-se-realizaran-los-dias-18-y-19-de-julio\/#article","isPartOf":{"@id":"https:\/\/cocemfevalencia.org\/es\/ultimas-plazas-para-el-taller-busqueda-de-empleo-2-0-que-se-realizaran-los-dias-18-y-19-de-julio\/"},"author":{"name":"COCEMFE VALENCIA","@id":"https:\/\/cocemfevalencia.org\/es\/#\/schema\/person\/e31a24227ccbc918e2c80add51990ad7"},"headline":"\u00daltimas Plazas para el Taller B\u00fasqueda de Empleo 2.0 que se realizar\u00e1n los d\u00edas 18 y 19 de Julio.","datePublished":"2018-07-13T07:27:22+00:00","mainEntityOfPage":{"@id":"https:\/\/cocemfevalencia.org\/es\/ultimas-plazas-para-el-taller-busqueda-de-empleo-2-0-que-se-realizaran-los-dias-18-y-19-de-julio\/"},"wordCount":229,"publisher":{"@id":"https:\/\/cocemfevalencia.org\/es\/#organization"},"image":{"@id":"https:\/\/cocemfevalencia.org\/es\/ultimas-plazas-para-el-taller-busqueda-de-empleo-2-0-que-se-realizaran-los-dias-18-y-19-de-julio\/#primaryimage"},"thumbnailUrl":"https:\/\/cocemfevalencia.org\/wp-content\/uploads\/2018\/07\/carteldef.jpg","keywords":["competencias","discapacidad","empleo","mujer"],"articleSection":["Not\u00edcies"],"inLanguage":"es"},{"@type":"WebPage","@id":"https:\/\/cocemfevalencia.org\/es\/ultimas-plazas-para-el-taller-busqueda-de-empleo-2-0-que-se-realizaran-los-dias-18-y-19-de-julio\/","url":"https:\/\/cocemfevalencia.org\/es\/ultimas-plazas-para-el-taller-busqueda-de-empleo-2-0-que-se-realizaran-los-dias-18-y-19-de-julio\/","name":"\u00daltimas Plazas para el Taller B\u00fasqueda de Empleo 2.0 que se realizar\u00e1n los d\u00edas 18 y 19 de Julio. - Cocemfe Valencia","isPartOf":{"@id":"https:\/\/cocemfevalencia.org\/es\/#website"},"primaryImageOfPage":{"@id":"https:\/\/cocemfevalencia.org\/es\/ultimas-plazas-para-el-taller-busqueda-de-empleo-2-0-que-se-realizaran-los-dias-18-y-19-de-julio\/#primaryimage"},"image":{"@id":"https:\/\/cocemfevalencia.org\/es\/ultimas-plazas-para-el-taller-busqueda-de-empleo-2-0-que-se-realizaran-los-dias-18-y-19-de-julio\/#primaryimage"},"thumbnailUrl":"https:\/\/cocemfevalencia.org\/wp-content\/uploads\/2018\/07\/carteldef.jpg","datePublished":"2018-07-13T07:27:22+00:00","breadcrumb":{"@id":"https:\/\/cocemfevalencia.org\/es\/ultimas-plazas-para-el-taller-busqueda-de-empleo-2-0-que-se-realizaran-los-dias-18-y-19-de-julio\/#breadcrumb"},"inLanguage":"es","potentialAction":[{"@type":"ReadAction","target":["https:\/\/cocemfevalencia.org\/es\/ultimas-plazas-para-el-taller-busqueda-de-empleo-2-0-que-se-realizaran-los-dias-18-y-19-de-julio\/"]}]},{"@type":"ImageObject","inLanguage":"es","@id":"https:\/\/cocemfevalencia.org\/es\/ultimas-plazas-para-el-taller-busqueda-de-empleo-2-0-que-se-realizaran-los-dias-18-y-19-de-julio\/#primaryimage","url":"https:\/\/cocemfevalencia.org\/wp-content\/uploads\/2018\/07\/carteldef.jpg","contentUrl":"https:\/\/cocemfevalencia.org\/wp-content\/uploads\/2018\/07\/carteldef.jpg","width":1588,"height":2246},{"@type":"BreadcrumbList","@id":"https:\/\/cocemfevalencia.org\/es\/ultimas-plazas-para-el-taller-busqueda-de-empleo-2-0-que-se-realizaran-los-dias-18-y-19-de-julio\/#breadcrumb","itemListElement":[{"@type":"ListItem","position":1,"name":"Portada","item":"https:\/\/cocemfevalencia.org\/es\/"},{"@type":"ListItem","position":2,"name":"\u00daltimas Plazas para el Taller B\u00fasqueda de Empleo 2.0 que se realizar\u00e1n los d\u00edas 18 y 19 de Julio."}]},{"@type":"WebSite","@id":"https:\/\/cocemfevalencia.org\/es\/#website","url":"https:\/\/cocemfevalencia.org\/es\/","name":"Cocemfe Valencia","description":"FEDERACI\u00d3N DE ASOCIACIONES DE PERSONAS CON DISCAPACIDAD F\u00cdSICA Y ORG\u00c1NICA DE LA PROV\u00cdNCIA DE VALENCIA","publisher":{"@id":"https:\/\/cocemfevalencia.org\/es\/#organization"},"potentialAction":[{"@type":"SearchAction","target":{"@type":"EntryPoint","urlTemplate":"https:\/\/cocemfevalencia.org\/es\/?s={search_term_string}"},"query-input":{"@type":"PropertyValueSpecification","valueRequired":true,"valueName":"search_term_string"}}],"inLanguage":"es"},{"@type":"Organization","@id":"https:\/\/cocemfevalencia.org\/es\/#organization","name":"Cocemfe Valencia","url":"https:\/\/cocemfevalencia.org\/es\/","logo":{"@type":"ImageObject","inLanguage":"es","@id":"https:\/\/cocemfevalencia.org\/es\/#\/schema\/logo\/image\/","url":"https:\/\/cocemfevalencia.org\/wp-content\/uploads\/2023\/03\/0312-Horizontal-una-linea-larga-rgb-positivo-Tricolor.png","contentUrl":"https:\/\/cocemfevalencia.org\/wp-content\/uploads\/2023\/03\/0312-Horizontal-una-linea-larga-rgb-positivo-Tricolor.png","width":2334,"height":613,"caption":"Cocemfe Valencia"},"image":{"@id":"https:\/\/cocemfevalencia.org\/es\/#\/schema\/logo\/image\/"},"sameAs":["https:\/\/www.facebook.com\/cocemfe.valencia","https:\/\/x.com\/COCEMFEValencia"]},{"@type":"Person","@id":"https:\/\/cocemfevalencia.org\/es\/#\/schema\/person\/e31a24227ccbc918e2c80add51990ad7","name":"COCEMFE VALENCIA","image":{"@type":"ImageObject","inLanguage":"es","@id":"https:\/\/secure.gravatar.com\/avatar\/81dd2ced4591577d70433bbfde65ba3f931e09f5cb4ca8c890817c47789b47f0?s=96&d=mm&r=g","url":"https:\/\/secure.gravatar.com\/avatar\/81dd2ced4591577d70433bbfde65ba3f931e09f5cb4ca8c890817c47789b47f0?s=96&d=mm&r=g","contentUrl":"https:\/\/secure.gravatar.com\/avatar\/81dd2ced4591577d70433bbfde65ba3f931e09f5cb4ca8c890817c47789b47f0?s=96&d=mm&r=g","caption":"COCEMFE VALENCIA"}}]}},"_links":{"self":[{"href":"https:\/\/cocemfevalencia.org\/es\/wp-json\/wp\/v2\/posts\/1457","targetHints":{"allow":["GET"]}}],"collection":[{"href":"https:\/\/cocemfevalencia.org\/es\/wp-json\/wp\/v2\/posts"}],"about":[{"href":"https:\/\/cocemfevalencia.org\/es\/wp-json\/wp\/v2\/types\/post"}],"author":[{"embeddable":true,"href":"https:\/\/cocemfevalencia.org\/es\/wp-json\/wp\/v2\/users\/3"}],"replies":[{"embeddable":true,"href":"https:\/\/cocemfevalencia.org\/es\/wp-json\/wp\/v2\/comments?post=1457"}],"version-history":[{"count":0,"href":"https:\/\/cocemfevalencia.org\/es\/wp-json\/wp\/v2\/posts\/1457\/revisions"}],"wp:featuredmedia":[{"embeddable":true,"href":"https:\/\/cocemfevalencia.org\/es\/wp-json\/wp\/v2\/media\/1459"}],"wp:attachment":[{"href":"https:\/\/cocemfevalencia.org\/es\/wp-json\/wp\/v2\/media?parent=1457"}],"wp:term":[{"taxonomy":"category","embeddable":true,"href":"https:\/\/cocemfevalencia.org\/es\/wp-json\/wp\/v2\/categories?post=1457"},{"taxonomy":"post_tag","embeddable":true,"href":"https:\/\/cocemfevalencia.org\/es\/wp-json\/wp\/v2\/tags?post=1457"}],"curies":[{"name":"wp","href":"https:\/\/api.w.org\/{rel}","templated":true}]}}