{"id":14575,"date":"2024-07-19T08:05:18","date_gmt":"2024-07-19T06:05:18","guid":{"rendered":"https:\/\/cocemfevalencia.org\/?p=14575"},"modified":"2024-07-19T08:07:47","modified_gmt":"2024-07-19T06:07:47","slug":"cocemfe-valencia-esta-llevando-a-cabo-durante-el-2024-el-proyecto-fomento-de-la-autonomia-personal","status":"publish","type":"post","link":"https:\/\/cocemfevalencia.org\/es\/cocemfe-valencia-esta-llevando-a-cabo-durante-el-2024-el-proyecto-fomento-de-la-autonomia-personal\/","title":{"rendered":"COCEMFE Valencia est\u00e1 llevando a cabo durante el 2024 el proyecto Fomento de la autonom\u00eda personal"},"content":{"rendered":"<p>COCEMFE Valencia est\u00e1 llevando a cabo durante el 2024 el proyecto <strong>Fomento de la autonom\u00eda personal para 32 personas con gran discapacidad f\u00edsica y\/u org\u00e1nica<\/strong>, ofreci\u00e9ndoles la posibilidad de realizar de forma <strong>independiente<\/strong> aquellas a<strong>ctividades para las que requiere de ayuda de tercera persona<\/strong>, mejorando su calidad de vida, su autonom\u00eda personal y la inclusi\u00f3n social.<\/p>\n<p>En este <strong>proyecto se est\u00e1n prestando un conjunto de servicios integrados individualizados<\/strong>, ofreciendo a la persona la posibilidad de realizar de forma independiente aquellas actividades para las que requiere apoyo, de la cual no puede disponer por otros medios:<strong> actividades b\u00e1sicas de la vida diaria<\/strong> (relacionadas con el auto-mantenimiento), <strong>actividades instrumentales de la vida diaria<\/strong> (relacionadas con la vida cotidiana en la casa y en la comunidad) y<strong> actividades avanzadas de la vida diaria<\/strong> (acompa\u00f1amiento en el mantenimiento de relaciones sociales e interpersonales, educaci\u00f3n, ocio y tiempo libre, etc.).<\/p>\n<p>Este proyecto se est\u00e1 ejecutando gracias a la subvenci\u00f3n de <strong>13.256 euros procedente de la Convocatoria de Subvenciones<\/strong> para la realizaci\u00f3n de proyectos de Intervenci\u00f3n en el <strong>\u00c1mbito de la Acci\u00f3n Social del Ayuntamiento de Valencia<\/strong>, entre otras que recibe <strong>COCEMFE Val\u00e8ncia<\/strong>.<\/p>\n<p>Visitas: 33<\/p>","protected":false},"excerpt":{"rendered":"<p>COCEMFE Valencia est\u00e1 llevando a cabo durante el 2024 el proyecto Fomento de la autonom\u00eda personal para 32 personas con gran discapacidad f\u00edsica y\/u org\u00e1nica, ofreci\u00e9ndoles la posibilidad de realizar de forma independiente aquellas actividades para las que requiere de ayuda de tercera persona, mejorando su calidad de vida, su autonom\u00eda personal y la inclusi\u00f3n&hellip;&nbsp;<a href=\"https:\/\/cocemfevalencia.org\/es\/cocemfe-valencia-esta-llevando-a-cabo-durante-el-2024-el-proyecto-fomento-de-la-autonomia-personal\/\" rel=\"bookmark\">Leer m\u00e1s &raquo;<span class=\"screen-reader-text\">COCEMFE Valencia est\u00e1 llevando a cabo durante el 2024 el proyecto Fomento de la autonom\u00eda personal<\/span><\/a><\/p>\n","protected":false},"author":5,"featured_media":14573,"comment_status":"closed","ping_status":"closed","sticky":false,"template":"","format":"standard","meta":{"rop_custom_images_group":[],"rop_custom_messages_group":[],"rop_publish_now":"initial","rop_publish_now_accounts":[],"rop_publish_now_history":[],"rop_publish_now_status":"pending","neve_meta_sidebar":"","neve_meta_container":"","neve_meta_enable_content_width":"off","neve_meta_content_width":70,"neve_meta_title_alignment":"","neve_meta_author_avatar":"","neve_post_elements_order":"","neve_meta_disable_header":"","neve_meta_disable_footer":"","neve_meta_disable_title":"","footnotes":""},"categories":[5],"tags":[63,42,585,84,19],"class_list":["post-14575","post","type-post","status-publish","format-standard","has-post-thumbnail","hentry","category-noticias","tag-ajudes","tag-ajuntament-de-valencia","tag-apoyo-diario-es","tag-autonomia-personal","tag-cocemfe-valencia"],"yoast_head":"<!-- This site is optimized with the Yoast SEO plugin v27.3 - https:\/\/yoast.com\/product\/yoast-seo-wordpress\/ -->\n<title>COCEMFE Valencia est\u00e1 llevando a cabo durante el 2024 el proyecto Fomento de la autonom\u00eda personal - Cocemfe Valencia<\/title>\n<meta name=\"robots\" content=\"index, follow, max-snippet:-1, max-image-preview:large, max-video-preview:-1\" \/>\n<link rel=\"canonical\" href=\"https:\/\/cocemfevalencia.org\/es\/cocemfe-valencia-esta-llevando-a-cabo-durante-el-2024-el-proyecto-fomento-de-la-autonomia-personal\/\" \/>\n<meta property=\"og:locale\" content=\"es_ES\" \/>\n<meta property=\"og:type\" content=\"article\" \/>\n<meta property=\"og:title\" content=\"COCEMFE Valencia est\u00e1 llevando a cabo durante el 2024 el proyecto Fomento de la autonom\u00eda personal - Cocemfe Valencia\" \/>\n<meta property=\"og:description\" content=\"COCEMFE Valencia est\u00e1 llevando a cabo durante el 2024 el proyecto Fomento de la autonom\u00eda personal para 32 personas con gran discapacidad f\u00edsica y\/u org\u00e1nica, ofreci\u00e9ndoles la posibilidad de realizar de forma independiente aquellas actividades para las que requiere de ayuda de tercera persona, mejorando su calidad de vida, su autonom\u00eda personal y la inclusi\u00f3n&hellip;&nbsp;Leer m\u00e1s &raquo;COCEMFE Valencia est\u00e1 llevando a cabo durante el 2024 el proyecto Fomento de la autonom\u00eda personal\" \/>\n<meta property=\"og:url\" content=\"https:\/\/cocemfevalencia.org\/es\/cocemfe-valencia-esta-llevando-a-cabo-durante-el-2024-el-proyecto-fomento-de-la-autonomia-personal\/\" \/>\n<meta property=\"og:site_name\" content=\"Cocemfe Valencia\" \/>\n<meta property=\"article:publisher\" content=\"https:\/\/www.facebook.com\/cocemfe.valencia\" \/>\n<meta property=\"article:published_time\" content=\"2024-07-19T06:05:18+00:00\" \/>\n<meta property=\"article:modified_time\" content=\"2024-07-19T06:07:47+00:00\" \/>\n<meta property=\"og:image\" content=\"https:\/\/cocemfevalencia.org\/wp-content\/uploads\/2024\/07\/FOTO-NOTICIA-INTERMEDIA-FAP-AYUNTAMIENTO-scaled.jpg\" \/>\n\t<meta property=\"og:image:width\" content=\"1920\" \/>\n\t<meta property=\"og:image:height\" content=\"2560\" \/>\n\t<meta property=\"og:image:type\" content=\"image\/jpeg\" \/>\n<meta name=\"author\" content=\"comunicacio\" \/>\n<meta name=\"twitter:card\" content=\"summary_large_image\" \/>\n<meta name=\"twitter:creator\" content=\"@COCEMFEValencia\" \/>\n<meta name=\"twitter:site\" content=\"@COCEMFEValencia\" \/>\n<meta name=\"twitter:label1\" content=\"Escrito por\" \/>\n\t<meta name=\"twitter:data1\" content=\"comunicacio\" \/>\n\t<meta name=\"twitter:label2\" content=\"Tiempo de lectura\" \/>\n\t<meta name=\"twitter:data2\" content=\"2 minutos\" \/>\n<script type=\"application\/ld+json\" class=\"yoast-schema-graph\">{\"@context\":\"https:\\\/\\\/schema.org\",\"@graph\":[{\"@type\":\"Article\",\"@id\":\"https:\\\/\\\/cocemfevalencia.org\\\/es\\\/cocemfe-valencia-esta-llevando-a-cabo-durante-el-2024-el-proyecto-fomento-de-la-autonomia-personal\\\/#article\",\"isPartOf\":{\"@id\":\"https:\\\/\\\/cocemfevalencia.org\\\/es\\\/cocemfe-valencia-esta-llevando-a-cabo-durante-el-2024-el-proyecto-fomento-de-la-autonomia-personal\\\/\"},\"author\":{\"name\":\"comunicacio\",\"@id\":\"https:\\\/\\\/cocemfevalencia.org\\\/es\\\/#\\\/schema\\\/person\\\/84dc42180efe17bdafa0a7a8702d24c8\"},\"headline\":\"COCEMFE Valencia est\u00e1 llevando a cabo durante el 2024 el proyecto Fomento de la autonom\u00eda personal\",\"datePublished\":\"2024-07-19T06:05:18+00:00\",\"dateModified\":\"2024-07-19T06:07:47+00:00\",\"mainEntityOfPage\":{\"@id\":\"https:\\\/\\\/cocemfevalencia.org\\\/es\\\/cocemfe-valencia-esta-llevando-a-cabo-durante-el-2024-el-proyecto-fomento-de-la-autonomia-personal\\\/\"},\"wordCount\":216,\"publisher\":{\"@id\":\"https:\\\/\\\/cocemfevalencia.org\\\/es\\\/#organization\"},\"image\":{\"@id\":\"https:\\\/\\\/cocemfevalencia.org\\\/es\\\/cocemfe-valencia-esta-llevando-a-cabo-durante-el-2024-el-proyecto-fomento-de-la-autonomia-personal\\\/#primaryimage\"},\"thumbnailUrl\":\"https:\\\/\\\/cocemfevalencia.org\\\/wp-content\\\/uploads\\\/2024\\\/07\\\/FOTO-NOTICIA-INTERMEDIA-FAP-AYUNTAMIENTO-scaled.jpg\",\"keywords\":[\"Ajudes\",\"ajuntament de val\u00e8ncia\",\"apoyo diario\",\"Autonom\u00eda Personal\",\"COCEMFE Valencia\"],\"articleSection\":[\"Not\u00edcies\"],\"inLanguage\":\"es\"},{\"@type\":\"WebPage\",\"@id\":\"https:\\\/\\\/cocemfevalencia.org\\\/es\\\/cocemfe-valencia-esta-llevando-a-cabo-durante-el-2024-el-proyecto-fomento-de-la-autonomia-personal\\\/\",\"url\":\"https:\\\/\\\/cocemfevalencia.org\\\/es\\\/cocemfe-valencia-esta-llevando-a-cabo-durante-el-2024-el-proyecto-fomento-de-la-autonomia-personal\\\/\",\"name\":\"COCEMFE Valencia est\u00e1 llevando a cabo durante el 2024 el proyecto Fomento de la autonom\u00eda personal - Cocemfe Valencia\",\"isPartOf\":{\"@id\":\"https:\\\/\\\/cocemfevalencia.org\\\/es\\\/#website\"},\"primaryImageOfPage\":{\"@id\":\"https:\\\/\\\/cocemfevalencia.org\\\/es\\\/cocemfe-valencia-esta-llevando-a-cabo-durante-el-2024-el-proyecto-fomento-de-la-autonomia-personal\\\/#primaryimage\"},\"image\":{\"@id\":\"https:\\\/\\\/cocemfevalencia.org\\\/es\\\/cocemfe-valencia-esta-llevando-a-cabo-durante-el-2024-el-proyecto-fomento-de-la-autonomia-personal\\\/#primaryimage\"},\"thumbnailUrl\":\"https:\\\/\\\/cocemfevalencia.org\\\/wp-content\\\/uploads\\\/2024\\\/07\\\/FOTO-NOTICIA-INTERMEDIA-FAP-AYUNTAMIENTO-scaled.jpg\",\"datePublished\":\"2024-07-19T06:05:18+00:00\",\"dateModified\":\"2024-07-19T06:07:47+00:00\",\"breadcrumb\":{\"@id\":\"https:\\\/\\\/cocemfevalencia.org\\\/es\\\/cocemfe-valencia-esta-llevando-a-cabo-durante-el-2024-el-proyecto-fomento-de-la-autonomia-personal\\\/#breadcrumb\"},\"inLanguage\":\"es\",\"potentialAction\":[{\"@type\":\"ReadAction\",\"target\":[\"https:\\\/\\\/cocemfevalencia.org\\\/es\\\/cocemfe-valencia-esta-llevando-a-cabo-durante-el-2024-el-proyecto-fomento-de-la-autonomia-personal\\\/\"]}]},{\"@type\":\"ImageObject\",\"inLanguage\":\"es\",\"@id\":\"https:\\\/\\\/cocemfevalencia.org\\\/es\\\/cocemfe-valencia-esta-llevando-a-cabo-durante-el-2024-el-proyecto-fomento-de-la-autonomia-personal\\\/#primaryimage\",\"url\":\"https:\\\/\\\/cocemfevalencia.org\\\/wp-content\\\/uploads\\\/2024\\\/07\\\/FOTO-NOTICIA-INTERMEDIA-FAP-AYUNTAMIENTO-scaled.jpg\",\"contentUrl\":\"https:\\\/\\\/cocemfevalencia.org\\\/wp-content\\\/uploads\\\/2024\\\/07\\\/FOTO-NOTICIA-INTERMEDIA-FAP-AYUNTAMIENTO-scaled.jpg\",\"width\":1920,\"height\":2560},{\"@type\":\"BreadcrumbList\",\"@id\":\"https:\\\/\\\/cocemfevalencia.org\\\/es\\\/cocemfe-valencia-esta-llevando-a-cabo-durante-el-2024-el-proyecto-fomento-de-la-autonomia-personal\\\/#breadcrumb\",\"itemListElement\":[{\"@type\":\"ListItem\",\"position\":1,\"name\":\"Portada\",\"item\":\"https:\\\/\\\/cocemfevalencia.org\\\/es\\\/\"},{\"@type\":\"ListItem\",\"position\":2,\"name\":\"COCEMFE Valencia est\u00e1 llevando a cabo durante el 2024 el proyecto Fomento de la autonom\u00eda personal\"}]},{\"@type\":\"WebSite\",\"@id\":\"https:\\\/\\\/cocemfevalencia.org\\\/es\\\/#website\",\"url\":\"https:\\\/\\\/cocemfevalencia.org\\\/es\\\/\",\"name\":\"Cocemfe Valencia\",\"description\":\"FEDERACI\u00d3N DE ASOCIACIONES DE PERSONAS CON DISCAPACIDAD F\u00cdSICA Y ORG\u00c1NICA DE LA PROV\u00cdNCIA DE VALENCIA\",\"publisher\":{\"@id\":\"https:\\\/\\\/cocemfevalencia.org\\\/es\\\/#organization\"},\"potentialAction\":[{\"@type\":\"SearchAction\",\"target\":{\"@type\":\"EntryPoint\",\"urlTemplate\":\"https:\\\/\\\/cocemfevalencia.org\\\/es\\\/?s={search_term_string}\"},\"query-input\":{\"@type\":\"PropertyValueSpecification\",\"valueRequired\":true,\"valueName\":\"search_term_string\"}}],\"inLanguage\":\"es\"},{\"@type\":\"Organization\",\"@id\":\"https:\\\/\\\/cocemfevalencia.org\\\/es\\\/#organization\",\"name\":\"Cocemfe Valencia\",\"url\":\"https:\\\/\\\/cocemfevalencia.org\\\/es\\\/\",\"logo\":{\"@type\":\"ImageObject\",\"inLanguage\":\"es\",\"@id\":\"https:\\\/\\\/cocemfevalencia.org\\\/es\\\/#\\\/schema\\\/logo\\\/image\\\/\",\"url\":\"https:\\\/\\\/cocemfevalencia.org\\\/wp-content\\\/uploads\\\/2023\\\/03\\\/0312-Horizontal-una-linea-larga-rgb-positivo-Tricolor.png\",\"contentUrl\":\"https:\\\/\\\/cocemfevalencia.org\\\/wp-content\\\/uploads\\\/2023\\\/03\\\/0312-Horizontal-una-linea-larga-rgb-positivo-Tricolor.png\",\"width\":2334,\"height\":613,\"caption\":\"Cocemfe Valencia\"},\"image\":{\"@id\":\"https:\\\/\\\/cocemfevalencia.org\\\/es\\\/#\\\/schema\\\/logo\\\/image\\\/\"},\"sameAs\":[\"https:\\\/\\\/www.facebook.com\\\/cocemfe.valencia\",\"https:\\\/\\\/x.com\\\/COCEMFEValencia\"]},{\"@type\":\"Person\",\"@id\":\"https:\\\/\\\/cocemfevalencia.org\\\/es\\\/#\\\/schema\\\/person\\\/84dc42180efe17bdafa0a7a8702d24c8\",\"name\":\"comunicacio\",\"image\":{\"@type\":\"ImageObject\",\"inLanguage\":\"es\",\"@id\":\"https:\\\/\\\/secure.gravatar.com\\\/avatar\\\/cc921e89975f546bc4139f170e59e0d573a099452a8a989eb18e18cda2e7227a?s=96&d=mm&r=g\",\"url\":\"https:\\\/\\\/secure.gravatar.com\\\/avatar\\\/cc921e89975f546bc4139f170e59e0d573a099452a8a989eb18e18cda2e7227a?s=96&d=mm&r=g\",\"contentUrl\":\"https:\\\/\\\/secure.gravatar.com\\\/avatar\\\/cc921e89975f546bc4139f170e59e0d573a099452a8a989eb18e18cda2e7227a?s=96&d=mm&r=g\",\"caption\":\"comunicacio\"}}]}<\/script>\n<!-- \/ Yoast SEO plugin. -->","yoast_head_json":{"title":"COCEMFE Valencia est\u00e1 llevando a cabo durante el 2024 el proyecto Fomento de la autonom\u00eda personal - Cocemfe Valencia","robots":{"index":"index","follow":"follow","max-snippet":"max-snippet:-1","max-image-preview":"max-image-preview:large","max-video-preview":"max-video-preview:-1"},"canonical":"https:\/\/cocemfevalencia.org\/es\/cocemfe-valencia-esta-llevando-a-cabo-durante-el-2024-el-proyecto-fomento-de-la-autonomia-personal\/","og_locale":"es_ES","og_type":"article","og_title":"COCEMFE Valencia est\u00e1 llevando a cabo durante el 2024 el proyecto Fomento de la autonom\u00eda personal - Cocemfe Valencia","og_description":"COCEMFE Valencia est\u00e1 llevando a cabo durante el 2024 el proyecto Fomento de la autonom\u00eda personal para 32 personas con gran discapacidad f\u00edsica y\/u org\u00e1nica, ofreci\u00e9ndoles la posibilidad de realizar de forma independiente aquellas actividades para las que requiere de ayuda de tercera persona, mejorando su calidad de vida, su autonom\u00eda personal y la inclusi\u00f3n&hellip;&nbsp;Leer m\u00e1s &raquo;COCEMFE Valencia est\u00e1 llevando a cabo durante el 2024 el proyecto Fomento de la autonom\u00eda personal","og_url":"https:\/\/cocemfevalencia.org\/es\/cocemfe-valencia-esta-llevando-a-cabo-durante-el-2024-el-proyecto-fomento-de-la-autonomia-personal\/","og_site_name":"Cocemfe Valencia","article_publisher":"https:\/\/www.facebook.com\/cocemfe.valencia","article_published_time":"2024-07-19T06:05:18+00:00","article_modified_time":"2024-07-19T06:07:47+00:00","og_image":[{"width":1920,"height":2560,"url":"https:\/\/cocemfevalencia.org\/wp-content\/uploads\/2024\/07\/FOTO-NOTICIA-INTERMEDIA-FAP-AYUNTAMIENTO-scaled.jpg","type":"image\/jpeg"}],"author":"comunicacio","twitter_card":"summary_large_image","twitter_creator":"@COCEMFEValencia","twitter_site":"@COCEMFEValencia","twitter_misc":{"Escrito por":"comunicacio","Tiempo de lectura":"2 minutos"},"schema":{"@context":"https:\/\/schema.org","@graph":[{"@type":"Article","@id":"https:\/\/cocemfevalencia.org\/es\/cocemfe-valencia-esta-llevando-a-cabo-durante-el-2024-el-proyecto-fomento-de-la-autonomia-personal\/#article","isPartOf":{"@id":"https:\/\/cocemfevalencia.org\/es\/cocemfe-valencia-esta-llevando-a-cabo-durante-el-2024-el-proyecto-fomento-de-la-autonomia-personal\/"},"author":{"name":"comunicacio","@id":"https:\/\/cocemfevalencia.org\/es\/#\/schema\/person\/84dc42180efe17bdafa0a7a8702d24c8"},"headline":"COCEMFE Valencia est\u00e1 llevando a cabo durante el 2024 el proyecto Fomento de la autonom\u00eda personal","datePublished":"2024-07-19T06:05:18+00:00","dateModified":"2024-07-19T06:07:47+00:00","mainEntityOfPage":{"@id":"https:\/\/cocemfevalencia.org\/es\/cocemfe-valencia-esta-llevando-a-cabo-durante-el-2024-el-proyecto-fomento-de-la-autonomia-personal\/"},"wordCount":216,"publisher":{"@id":"https:\/\/cocemfevalencia.org\/es\/#organization"},"image":{"@id":"https:\/\/cocemfevalencia.org\/es\/cocemfe-valencia-esta-llevando-a-cabo-durante-el-2024-el-proyecto-fomento-de-la-autonomia-personal\/#primaryimage"},"thumbnailUrl":"https:\/\/cocemfevalencia.org\/wp-content\/uploads\/2024\/07\/FOTO-NOTICIA-INTERMEDIA-FAP-AYUNTAMIENTO-scaled.jpg","keywords":["Ajudes","ajuntament de val\u00e8ncia","apoyo diario","Autonom\u00eda Personal","COCEMFE Valencia"],"articleSection":["Not\u00edcies"],"inLanguage":"es"},{"@type":"WebPage","@id":"https:\/\/cocemfevalencia.org\/es\/cocemfe-valencia-esta-llevando-a-cabo-durante-el-2024-el-proyecto-fomento-de-la-autonomia-personal\/","url":"https:\/\/cocemfevalencia.org\/es\/cocemfe-valencia-esta-llevando-a-cabo-durante-el-2024-el-proyecto-fomento-de-la-autonomia-personal\/","name":"COCEMFE Valencia est\u00e1 llevando a cabo durante el 2024 el proyecto Fomento de la autonom\u00eda personal - Cocemfe Valencia","isPartOf":{"@id":"https:\/\/cocemfevalencia.org\/es\/#website"},"primaryImageOfPage":{"@id":"https:\/\/cocemfevalencia.org\/es\/cocemfe-valencia-esta-llevando-a-cabo-durante-el-2024-el-proyecto-fomento-de-la-autonomia-personal\/#primaryimage"},"image":{"@id":"https:\/\/cocemfevalencia.org\/es\/cocemfe-valencia-esta-llevando-a-cabo-durante-el-2024-el-proyecto-fomento-de-la-autonomia-personal\/#primaryimage"},"thumbnailUrl":"https:\/\/cocemfevalencia.org\/wp-content\/uploads\/2024\/07\/FOTO-NOTICIA-INTERMEDIA-FAP-AYUNTAMIENTO-scaled.jpg","datePublished":"2024-07-19T06:05:18+00:00","dateModified":"2024-07-19T06:07:47+00:00","breadcrumb":{"@id":"https:\/\/cocemfevalencia.org\/es\/cocemfe-valencia-esta-llevando-a-cabo-durante-el-2024-el-proyecto-fomento-de-la-autonomia-personal\/#breadcrumb"},"inLanguage":"es","potentialAction":[{"@type":"ReadAction","target":["https:\/\/cocemfevalencia.org\/es\/cocemfe-valencia-esta-llevando-a-cabo-durante-el-2024-el-proyecto-fomento-de-la-autonomia-personal\/"]}]},{"@type":"ImageObject","inLanguage":"es","@id":"https:\/\/cocemfevalencia.org\/es\/cocemfe-valencia-esta-llevando-a-cabo-durante-el-2024-el-proyecto-fomento-de-la-autonomia-personal\/#primaryimage","url":"https:\/\/cocemfevalencia.org\/wp-content\/uploads\/2024\/07\/FOTO-NOTICIA-INTERMEDIA-FAP-AYUNTAMIENTO-scaled.jpg","contentUrl":"https:\/\/cocemfevalencia.org\/wp-content\/uploads\/2024\/07\/FOTO-NOTICIA-INTERMEDIA-FAP-AYUNTAMIENTO-scaled.jpg","width":1920,"height":2560},{"@type":"BreadcrumbList","@id":"https:\/\/cocemfevalencia.org\/es\/cocemfe-valencia-esta-llevando-a-cabo-durante-el-2024-el-proyecto-fomento-de-la-autonomia-personal\/#breadcrumb","itemListElement":[{"@type":"ListItem","position":1,"name":"Portada","item":"https:\/\/cocemfevalencia.org\/es\/"},{"@type":"ListItem","position":2,"name":"COCEMFE Valencia est\u00e1 llevando a cabo durante el 2024 el proyecto Fomento de la autonom\u00eda personal"}]},{"@type":"WebSite","@id":"https:\/\/cocemfevalencia.org\/es\/#website","url":"https:\/\/cocemfevalencia.org\/es\/","name":"Cocemfe Valencia","description":"FEDERACI\u00d3N DE ASOCIACIONES DE PERSONAS CON DISCAPACIDAD F\u00cdSICA Y ORG\u00c1NICA DE LA PROV\u00cdNCIA DE VALENCIA","publisher":{"@id":"https:\/\/cocemfevalencia.org\/es\/#organization"},"potentialAction":[{"@type":"SearchAction","target":{"@type":"EntryPoint","urlTemplate":"https:\/\/cocemfevalencia.org\/es\/?s={search_term_string}"},"query-input":{"@type":"PropertyValueSpecification","valueRequired":true,"valueName":"search_term_string"}}],"inLanguage":"es"},{"@type":"Organization","@id":"https:\/\/cocemfevalencia.org\/es\/#organization","name":"Cocemfe Valencia","url":"https:\/\/cocemfevalencia.org\/es\/","logo":{"@type":"ImageObject","inLanguage":"es","@id":"https:\/\/cocemfevalencia.org\/es\/#\/schema\/logo\/image\/","url":"https:\/\/cocemfevalencia.org\/wp-content\/uploads\/2023\/03\/0312-Horizontal-una-linea-larga-rgb-positivo-Tricolor.png","contentUrl":"https:\/\/cocemfevalencia.org\/wp-content\/uploads\/2023\/03\/0312-Horizontal-una-linea-larga-rgb-positivo-Tricolor.png","width":2334,"height":613,"caption":"Cocemfe Valencia"},"image":{"@id":"https:\/\/cocemfevalencia.org\/es\/#\/schema\/logo\/image\/"},"sameAs":["https:\/\/www.facebook.com\/cocemfe.valencia","https:\/\/x.com\/COCEMFEValencia"]},{"@type":"Person","@id":"https:\/\/cocemfevalencia.org\/es\/#\/schema\/person\/84dc42180efe17bdafa0a7a8702d24c8","name":"comunicacio","image":{"@type":"ImageObject","inLanguage":"es","@id":"https:\/\/secure.gravatar.com\/avatar\/cc921e89975f546bc4139f170e59e0d573a099452a8a989eb18e18cda2e7227a?s=96&d=mm&r=g","url":"https:\/\/secure.gravatar.com\/avatar\/cc921e89975f546bc4139f170e59e0d573a099452a8a989eb18e18cda2e7227a?s=96&d=mm&r=g","contentUrl":"https:\/\/secure.gravatar.com\/avatar\/cc921e89975f546bc4139f170e59e0d573a099452a8a989eb18e18cda2e7227a?s=96&d=mm&r=g","caption":"comunicacio"}}]}},"_links":{"self":[{"href":"https:\/\/cocemfevalencia.org\/es\/wp-json\/wp\/v2\/posts\/14575","targetHints":{"allow":["GET"]}}],"collection":[{"href":"https:\/\/cocemfevalencia.org\/es\/wp-json\/wp\/v2\/posts"}],"about":[{"href":"https:\/\/cocemfevalencia.org\/es\/wp-json\/wp\/v2\/types\/post"}],"author":[{"embeddable":true,"href":"https:\/\/cocemfevalencia.org\/es\/wp-json\/wp\/v2\/users\/5"}],"replies":[{"embeddable":true,"href":"https:\/\/cocemfevalencia.org\/es\/wp-json\/wp\/v2\/comments?post=14575"}],"version-history":[{"count":1,"href":"https:\/\/cocemfevalencia.org\/es\/wp-json\/wp\/v2\/posts\/14575\/revisions"}],"predecessor-version":[{"id":14577,"href":"https:\/\/cocemfevalencia.org\/es\/wp-json\/wp\/v2\/posts\/14575\/revisions\/14577"}],"wp:featuredmedia":[{"embeddable":true,"href":"https:\/\/cocemfevalencia.org\/es\/wp-json\/wp\/v2\/media\/14573"}],"wp:attachment":[{"href":"https:\/\/cocemfevalencia.org\/es\/wp-json\/wp\/v2\/media?parent=14575"}],"wp:term":[{"taxonomy":"category","embeddable":true,"href":"https:\/\/cocemfevalencia.org\/es\/wp-json\/wp\/v2\/categories?post=14575"},{"taxonomy":"post_tag","embeddable":true,"href":"https:\/\/cocemfevalencia.org\/es\/wp-json\/wp\/v2\/tags?post=14575"}],"curies":[{"name":"wp","href":"https:\/\/api.w.org\/{rel}","templated":true}]}}