{"id":14687,"date":"2024-09-23T17:11:04","date_gmt":"2024-09-23T15:11:04","guid":{"rendered":"https:\/\/cocemfevalencia.org\/?p=14687"},"modified":"2024-09-23T17:21:32","modified_gmt":"2024-09-23T15:21:32","slug":"elementor-14687","status":"publish","type":"post","link":"https:\/\/cocemfevalencia.org\/es\/elementor-14687\/","title":{"rendered":"NdP COMUNICADO de la COMISI\u00d3N de SANIDAD de COCEMFE-VALENCIA (CSdCV) 10\/09\/2024"},"content":{"rendered":"\t\t<div data-elementor-type=\"wp-post\" data-elementor-id=\"14687\" class=\"elementor elementor-14687\" data-elementor-post-type=\"post\">\n\t\t\t\t\t\t<section class=\"elementor-section elementor-top-section elementor-element elementor-element-5edd42c elementor-section-boxed elementor-section-height-default elementor-section-height-default\" data-id=\"5edd42c\" data-element_type=\"section\" data-e-type=\"section\">\n\t\t\t\t\t\t<div class=\"elementor-container elementor-column-gap-default\">\n\t\t\t\t\t<div class=\"elementor-column elementor-col-100 elementor-top-column elementor-element elementor-element-d36a0c6\" data-id=\"d36a0c6\" data-element_type=\"column\" data-e-type=\"column\">\n\t\t\t<div class=\"elementor-widget-wrap elementor-element-populated\">\n\t\t\t\t\t\t<div class=\"elementor-element elementor-element-5b8a34a9 elementor-widget elementor-widget-text-editor\" data-id=\"5b8a34a9\" data-element_type=\"widget\" data-e-type=\"widget\" data-widget_type=\"text-editor.default\">\n\t\t\t\t<div class=\"elementor-widget-container\">\n\t\t\t\t\t\t\t\t\t<p><strong>NdP COMUNICADO de la COMISI\u00d3N de SANIDAD de COCEMFE-VALENCIA<\/strong><br \/><strong>(CSdCV) 10\/09\/2024<\/strong><\/p><p><strong>\u00a0<\/strong><\/p><p>Realizada la 8\u00aa reuni\u00f3n del a\u00f1o, entidades como<strong> ACVEM<\/strong> (Asociaci\u00f3n de la Comunidad Valenciana de Esclerosis M\u00faltiple), <strong>ADEMVA<\/strong> (Asociaci\u00f3n de Esclerosis M\u00faltiple de Valencia Virgen de los Desamparados),<strong> ALCER-Turia<\/strong> (Asociaci\u00f3n para la Lucha Contra las Enfermedades del Ri\u00f1\u00f3n en Valencia), <strong>AVAC<\/strong> (Asociaci\u00f3n Valenciana de Pacientes Anticoagulados y Portadores de V\u00e1lvulas Card\u00edacas), <strong>AVATCOR<\/strong> (Asociaci\u00f3n Valenciana de Trasplantados de CoRaz\u00f3n y Pulm\u00f3n), <strong>AVALUS<\/strong> (Asociaci\u00f3n Valenciana de Afectados por LUpuS), <strong>CODIFIVA<\/strong> (Coordinadora de Disminuidos F\u00edsicos de Valencia),<strong> APiP-CV<\/strong> (Asociaci\u00f3n de polio y s\u00edndrome post-polio de la Comunitat Valenciana), <strong>AFIVAN<\/strong> (Asociaci\u00f3n de Fibromialgia de Valencia Norte) y <strong>AXEM-\u00c1REA 13<\/strong> (Asociaci\u00f3n de X\u00e0tiva contra la Esclerosis M\u00faltiple del \u00c1REA 13) entre otras asociaciones, participaron activamente para evaluar y optimar el sistema socio-sanitario de la provincia de Valencia y por defecto, de la Comunidad Valencia.<\/p><p>\u00a0<\/p><p><strong>La COMISI\u00d3N DE SANIDAD realiz\u00f3 su REUNI\u00d3N mensual el pasado 10 de SEPTIEMBRE del 2024, tal y como se acord\u00f3 en su calendario, por VIDEO CONFERENCIA (MEET de la CSdCV) y esta es su NOTA de PRENSA.<\/strong><\/p><p><strong>\u00a0<\/strong><\/p><p>Comenz\u00f3 esta<strong> 8\u00aa reuni\u00f3n<\/strong> (la primera tras las vacaciones veraniegas) y al igual que en meses anteriores, se realiz\u00f3 por <strong>VideoConferencia<\/strong>, principalmente por motivos de comodidad y seguridad. Despu\u00e9s de los saludos de rigor, a las 10:05 de la ma\u00f1ana se aprobaron el resumen y la NdP de la reuni\u00f3n del mes anterior. Se continu\u00f3 realizando un extenso di\u00e1logo sobre la <strong>situaci\u00f3n SocioSanitaria de la provincia de Valencia<\/strong> y se resalt\u00f3 el tema de los <strong>productos farmacol\u00f3gicos<\/strong>, pues se est\u00e1 notando que faltan bastante medicamentos en los dispensarios de farmacia, as\u00ed como la escasez de personal en los centros sanitarios. Este aspecto se ve mucho mas agravado en aquellas poblaciones donde el n\u00famero de residentes se ve considerablemente ampliado por la \u00e9poca vacacional y en entornos rurales. Se intuye que las razones sean principalmente dos; un recorte encubierto por falta de plazas por parte de la administraci\u00f3n p\u00fablica y la falta de personal por optar a otros entornos mas favorecedores en materia econ\u00f3mica y de condiciones (sistemas privados y hacia otros pa\u00edses).<\/p><p>\u00a0<\/p><p>Por otro lado, se convers\u00f3 sobre las ultimas noticias referentes a la <strong>vacunaci\u00f3n escolar<\/strong> (gripe y por v\u00eda nasal) y de la <strong>viruela del mono<\/strong>. Cu\u00e1l es la legislaci\u00f3n al respecto, si han de ser obligatorias o no, circunstancias y consecuencias de su impacto en la sociedad, etc. Se revis\u00f3 el reglamento y se efectuaron diversas opiniones en uno u otro aspecto.<\/p><p>\u00a0<\/p><p>Una vez m\u00e1s, se trataron los temas de <strong>Jubilaci\u00f3n, pensiones, discapacidad o dependencia<\/strong>, se comentaron diferentes aspectos que quedaron pendientes en la \u00faltima reuni\u00f3n. Por ejemplo que la pensi\u00f3n<strong> NO CONTRIBUTIVA<\/strong>, es de \u00e1mbito nacional (al igual que el resto de pensiones) y el abono lo realiza la Seguridad Social, pero se gestionan desde las comunidades que tienen transferidas las competencias en esa materia. En la comunidad Valenciana es la Generalitat, a trav\u00e9s de Asuntos Sociales. Igual ocurre con el Ingreso M\u00ednimo Vital (IMV).<\/p><p>\u00a0<\/p><p>Durante el dialogo surgido, se aclar\u00f3 que la<strong> Pensi\u00f3n no contributiva y el IMV, son compatibles<\/strong> entre si, ya que se tiene en cuenta la unidad de convivencia y susrentas. Se comenta que est\u00e1 alrededor de los 11.600\u20ac y\/o el 45% de discapacidad de alg\u00fan integrante, en los \u00faltimos 5 a\u00f1os.<\/p><p>\u00a0<\/p><p>Tambi\u00e9n se coment\u00f3 que para una Pensi\u00f3n no contributiva o incluso para Prejubilarse por enfermedad com\u00fan, existe un listado de <strong>patolog\u00edas que est\u00e1n reconocidas<\/strong> en este campo, como pueden ser las Par\u00e1lisis Cerebrales (infantiles y adultas), diversos s\u00edndromes, el aspecto autista, la Polio y el s\u00edndrome Post-Polio, infecciones y patolog\u00edas Neurodegerativas cr\u00f3nicas, entre otras.<\/p><p>\u00a0<\/p><p>La trabajadora Social de <strong>ALCER TURIA<\/strong>, aport\u00f3 una vez m\u00e1s sus amplios conocimientos y adem\u00e1s de aclarar, despej\u00f3 y explic\u00f3 algunos conceptos y dudas surgidas durante la reuni\u00f3n. Este asunto es complejo y se dilata mucho en el tiempo, sobre todo por lo que conlleva para el d\u00eda a d\u00eda de las personas beneficiadas.<\/p><p>\u00a0<\/p><p>Adem\u00e1s del tema de pensiones, tambi\u00e9n se ha repasado el tema del grado de discapacidad y mas brevemente el tema de la <strong>Dependencia, el SAD<\/strong> (Servicio de Ayuda Domiciliaria) y la figura del\/a asistencia personal. Estos dos \u00faltimos puntos, alargaron algo mas la reuni\u00f3n, para poder aclarar conceptos y derechos. Se realiz\u00f3 la pausa habitual, para realizar la captura de pantalla y adjuntarla a esta Nota de Prensa (NdP) de la Comisi\u00f3n de Sanidad de Cocemfe Valencia (CSdCV).<\/p><p>\u00a0<\/p><p>Teniendo en cuenta el descanso de agosto, se comentaron las reuniones de la <strong>SubComisi\u00f3n de Silla de Ruedas de la Conseller\u00eda de Sanidad,<\/strong> en la cual se revisaron expedientes y se continua con la modificaci\u00f3n que regula la adjudicaci\u00f3n de las sillas, as\u00ed como la reuni\u00f3n de la <strong>Plataforma de NeuroDegenerativas de la Comunidad Valencian<\/strong>a, con <strong>D. Manuel Escolano<\/strong> y t\u00e9cnicos de su departamento, realizada a finales del mes de Julio. Encuentros interesantes, sobre todo el de la plataforma (de los mejor valorados hasta la fecha) ya que se trasladaron las inquietudes, los problemas y sobre todo la problem\u00e1tica con las subvenciones que las entidades representadas en dicha plataforma est\u00e1n teniendo en estos dif\u00edciles momentos. (Parkinson, Alzheimer, ELA, EM y Huntington).<\/p><p>\u00a0<\/p><p>Se puso en conocimiento el cambio de fecha para la reuni\u00f3n del <strong>Grupo de Trabajo de Actualizaci\u00f3n del Catalogo Orto Prot\u00e9sico de la Comunidad Valenciana<\/strong>, por motivos de agenda.<\/p><p>\u00a0<\/p><p>Las entidades participantes se comprometieron a <strong>enviar las cartas para la valoraci\u00f3n de los centros socio sanitarios<\/strong>. Alguna de ellas como CODIFIVA y AXEM13, ya las tienen enviadas e incluso tienes asignadas fechas para reunirse.<\/p><p>\u00a0<\/p><p>Se comentaron algunos apuntes realizados por Whatsapp y en RRSS, y la representante de CODIFIVA, propuso realizar videos cortos relacionados con la accesibilidad en los centros SocioSanitarios. Se har\u00e1 alguno que otro y se valorar\u00e1n por parte de la CSdCV. Con el visto bueno de la CACCdCV.<\/p><p>\u00a0<\/p><p>Llegamos a las 13:15h. de la tarde y retardando alg\u00fan que otro tema para la siguiente reuni\u00f3n, se finaliz\u00f3 esta reuni\u00f3n.<\/p><p>\u00a0<\/p><p>Este es la NdP de la CSdCV realizado conjuntamente por: <strong>Sra. M\u00aa del Carmen Domingo y Sr. Ezequiel Ruiz<\/strong>; \u00a0Secretaria y Coordinador de la CSdCV, y miembros de AFIVAN y AXEM-\u00e1rea 13,\u00a0respectivamente.<\/p>\t\t\t\t\t\t\t\t<\/div>\n\t\t\t\t<\/div>\n\t\t\t\t\t<\/div>\n\t\t<\/div>\n\t\t\t\t\t<\/div>\n\t\t<\/section>\n\t\t\t\t<section class=\"elementor-section elementor-top-section elementor-element elementor-element-6c180ca elementor-section-boxed elementor-section-height-default elementor-section-height-default\" data-id=\"6c180ca\" data-element_type=\"section\" data-e-type=\"section\">\n\t\t\t\t\t\t<div class=\"elementor-container elementor-column-gap-default\">\n\t\t\t\t\t<div class=\"elementor-column elementor-col-100 elementor-top-column elementor-element elementor-element-531361a\" data-id=\"531361a\" data-element_type=\"column\" data-e-type=\"column\">\n\t\t\t<div class=\"elementor-widget-wrap\">\n\t\t\t\t\t\t\t<\/div>\n\t\t<\/div>\n\t\t\t\t\t<\/div>\n\t\t<\/section>\n\t\t\t\t<\/div>\n\t\t<p>Visitas: 36<\/p>","protected":false},"excerpt":{"rendered":"<p>NdP COMUNICADO de la COMISI\u00d3N de SANIDAD de COCEMFE-VALENCIA(CSdCV) 10\/09\/2024 \u00a0 Realizada la 8\u00aa reuni\u00f3n del a\u00f1o, entidades como ACVEM (Asociaci\u00f3n de la Comunidad Valenciana de Esclerosis M\u00faltiple), ADEMVA (Asociaci\u00f3n de Esclerosis M\u00faltiple de Valencia Virgen de los Desamparados), ALCER-Turia (Asociaci\u00f3n para la Lucha Contra las Enfermedades del Ri\u00f1\u00f3n en Valencia), AVAC (Asociaci\u00f3n Valenciana de&hellip;&nbsp;<a href=\"https:\/\/cocemfevalencia.org\/es\/elementor-14687\/\" rel=\"bookmark\">Leer m\u00e1s &raquo;<span class=\"screen-reader-text\">NdP COMUNICADO de la COMISI\u00d3N de SANIDAD de COCEMFE-VALENCIA (CSdCV) 10\/09\/2024<\/span><\/a><\/p>\n","protected":false},"author":5,"featured_media":14697,"comment_status":"closed","ping_status":"closed","sticky":false,"template":"","format":"standard","meta":{"rop_custom_images_group":[],"rop_custom_messages_group":[],"rop_publish_now":"initial","rop_publish_now_accounts":[],"rop_publish_now_history":[],"rop_publish_now_status":"pending","neve_meta_sidebar":"","neve_meta_container":"","neve_meta_enable_content_width":"off","neve_meta_content_width":70,"neve_meta_title_alignment":"","neve_meta_author_avatar":"","neve_post_elements_order":"","neve_meta_disable_header":"","neve_meta_disable_footer":"","neve_meta_disable_title":"","footnotes":""},"categories":[1],"tags":[],"class_list":["post-14687","post","type-post","status-publish","format-standard","has-post-thumbnail","hentry","category-articulos-cocemfe-valencia"],"yoast_head":"<!-- This site is optimized with the Yoast SEO plugin v27.3 - https:\/\/yoast.com\/product\/yoast-seo-wordpress\/ -->\n<title>NdP COMUNICADO de la COMISI\u00d3N de SANIDAD de COCEMFE-VALENCIA (CSdCV) 10\/09\/2024 - Cocemfe Valencia<\/title>\n<meta name=\"robots\" content=\"index, follow, max-snippet:-1, max-image-preview:large, max-video-preview:-1\" \/>\n<link rel=\"canonical\" href=\"https:\/\/cocemfevalencia.org\/es\/elementor-14687\/\" \/>\n<meta property=\"og:locale\" content=\"es_ES\" \/>\n<meta property=\"og:type\" content=\"article\" \/>\n<meta property=\"og:title\" content=\"NdP COMUNICADO de la COMISI\u00d3N de SANIDAD de COCEMFE-VALENCIA (CSdCV) 10\/09\/2024 - Cocemfe Valencia\" \/>\n<meta property=\"og:description\" content=\"NdP COMUNICADO de la COMISI\u00d3N de SANIDAD de COCEMFE-VALENCIA(CSdCV) 10\/09\/2024 \u00a0 Realizada la 8\u00aa reuni\u00f3n del a\u00f1o, entidades como ACVEM (Asociaci\u00f3n de la Comunidad Valenciana de Esclerosis M\u00faltiple), ADEMVA (Asociaci\u00f3n de Esclerosis M\u00faltiple de Valencia Virgen de los Desamparados), ALCER-Turia (Asociaci\u00f3n para la Lucha Contra las Enfermedades del Ri\u00f1\u00f3n en Valencia), AVAC (Asociaci\u00f3n Valenciana de&hellip;&nbsp;Leer m\u00e1s &raquo;NdP COMUNICADO de la COMISI\u00d3N de SANIDAD de COCEMFE-VALENCIA (CSdCV) 10\/09\/2024\" \/>\n<meta property=\"og:url\" content=\"https:\/\/cocemfevalencia.org\/es\/elementor-14687\/\" \/>\n<meta property=\"og:site_name\" content=\"Cocemfe Valencia\" \/>\n<meta property=\"article:publisher\" content=\"https:\/\/www.facebook.com\/cocemfe.valencia\" \/>\n<meta property=\"article:published_time\" content=\"2024-09-23T15:11:04+00:00\" \/>\n<meta property=\"article:modified_time\" content=\"2024-09-23T15:21:32+00:00\" \/>\n<meta property=\"og:image\" content=\"https:\/\/cocemfevalencia.org\/wp-content\/uploads\/2024\/09\/Captura-de-pantalla_10-9-2024_102924_meet.google.com_-2.jpeg\" \/>\n\t<meta property=\"og:image:width\" content=\"1784\" \/>\n\t<meta property=\"og:image:height\" content=\"898\" \/>\n\t<meta property=\"og:image:type\" content=\"image\/jpeg\" \/>\n<meta name=\"author\" content=\"comunicacio\" \/>\n<meta name=\"twitter:card\" content=\"summary_large_image\" \/>\n<meta name=\"twitter:creator\" content=\"@COCEMFEValencia\" \/>\n<meta name=\"twitter:site\" content=\"@COCEMFEValencia\" \/>\n<meta name=\"twitter:label1\" content=\"Escrito por\" \/>\n\t<meta name=\"twitter:data1\" content=\"comunicacio\" \/>\n\t<meta name=\"twitter:label2\" content=\"Tiempo de lectura\" \/>\n\t<meta name=\"twitter:data2\" content=\"5 minutos\" \/>\n<script type=\"application\/ld+json\" class=\"yoast-schema-graph\">{\"@context\":\"https:\\\/\\\/schema.org\",\"@graph\":[{\"@type\":\"Article\",\"@id\":\"https:\\\/\\\/cocemfevalencia.org\\\/es\\\/elementor-14687\\\/#article\",\"isPartOf\":{\"@id\":\"https:\\\/\\\/cocemfevalencia.org\\\/es\\\/elementor-14687\\\/\"},\"author\":{\"name\":\"comunicacio\",\"@id\":\"https:\\\/\\\/cocemfevalencia.org\\\/es\\\/#\\\/schema\\\/person\\\/84dc42180efe17bdafa0a7a8702d24c8\"},\"headline\":\"NdP COMUNICADO de la COMISI\u00d3N de SANIDAD de COCEMFE-VALENCIA (CSdCV) 10\\\/09\\\/2024\",\"datePublished\":\"2024-09-23T15:11:04+00:00\",\"dateModified\":\"2024-09-23T15:21:32+00:00\",\"mainEntityOfPage\":{\"@id\":\"https:\\\/\\\/cocemfevalencia.org\\\/es\\\/elementor-14687\\\/\"},\"wordCount\":1107,\"publisher\":{\"@id\":\"https:\\\/\\\/cocemfevalencia.org\\\/es\\\/#organization\"},\"image\":{\"@id\":\"https:\\\/\\\/cocemfevalencia.org\\\/es\\\/elementor-14687\\\/#primaryimage\"},\"thumbnailUrl\":\"https:\\\/\\\/cocemfevalencia.org\\\/wp-content\\\/uploads\\\/2024\\\/09\\\/Captura-de-pantalla_10-9-2024_102924_meet.google.com_-2.jpeg\",\"articleSection\":[\"Art\u00edculos COCEMFE Valencia\"],\"inLanguage\":\"es\"},{\"@type\":\"WebPage\",\"@id\":\"https:\\\/\\\/cocemfevalencia.org\\\/es\\\/elementor-14687\\\/\",\"url\":\"https:\\\/\\\/cocemfevalencia.org\\\/es\\\/elementor-14687\\\/\",\"name\":\"NdP COMUNICADO de la COMISI\u00d3N de SANIDAD de COCEMFE-VALENCIA (CSdCV) 10\\\/09\\\/2024 - Cocemfe Valencia\",\"isPartOf\":{\"@id\":\"https:\\\/\\\/cocemfevalencia.org\\\/es\\\/#website\"},\"primaryImageOfPage\":{\"@id\":\"https:\\\/\\\/cocemfevalencia.org\\\/es\\\/elementor-14687\\\/#primaryimage\"},\"image\":{\"@id\":\"https:\\\/\\\/cocemfevalencia.org\\\/es\\\/elementor-14687\\\/#primaryimage\"},\"thumbnailUrl\":\"https:\\\/\\\/cocemfevalencia.org\\\/wp-content\\\/uploads\\\/2024\\\/09\\\/Captura-de-pantalla_10-9-2024_102924_meet.google.com_-2.jpeg\",\"datePublished\":\"2024-09-23T15:11:04+00:00\",\"dateModified\":\"2024-09-23T15:21:32+00:00\",\"breadcrumb\":{\"@id\":\"https:\\\/\\\/cocemfevalencia.org\\\/es\\\/elementor-14687\\\/#breadcrumb\"},\"inLanguage\":\"es\",\"potentialAction\":[{\"@type\":\"ReadAction\",\"target\":[\"https:\\\/\\\/cocemfevalencia.org\\\/es\\\/elementor-14687\\\/\"]}]},{\"@type\":\"ImageObject\",\"inLanguage\":\"es\",\"@id\":\"https:\\\/\\\/cocemfevalencia.org\\\/es\\\/elementor-14687\\\/#primaryimage\",\"url\":\"https:\\\/\\\/cocemfevalencia.org\\\/wp-content\\\/uploads\\\/2024\\\/09\\\/Captura-de-pantalla_10-9-2024_102924_meet.google.com_-2.jpeg\",\"contentUrl\":\"https:\\\/\\\/cocemfevalencia.org\\\/wp-content\\\/uploads\\\/2024\\\/09\\\/Captura-de-pantalla_10-9-2024_102924_meet.google.com_-2.jpeg\",\"width\":1784,\"height\":898},{\"@type\":\"BreadcrumbList\",\"@id\":\"https:\\\/\\\/cocemfevalencia.org\\\/es\\\/elementor-14687\\\/#breadcrumb\",\"itemListElement\":[{\"@type\":\"ListItem\",\"position\":1,\"name\":\"Portada\",\"item\":\"https:\\\/\\\/cocemfevalencia.org\\\/es\\\/\"},{\"@type\":\"ListItem\",\"position\":2,\"name\":\"NdP COMUNICADO de la COMISI\u00d3N de SANIDAD de COCEMFE-VALENCIA (CSdCV) 10\\\/09\\\/2024\"}]},{\"@type\":\"WebSite\",\"@id\":\"https:\\\/\\\/cocemfevalencia.org\\\/es\\\/#website\",\"url\":\"https:\\\/\\\/cocemfevalencia.org\\\/es\\\/\",\"name\":\"Cocemfe Valencia\",\"description\":\"FEDERACI\u00d3N DE ASOCIACIONES DE PERSONAS CON DISCAPACIDAD F\u00cdSICA Y ORG\u00c1NICA DE LA PROV\u00cdNCIA DE VALENCIA\",\"publisher\":{\"@id\":\"https:\\\/\\\/cocemfevalencia.org\\\/es\\\/#organization\"},\"potentialAction\":[{\"@type\":\"SearchAction\",\"target\":{\"@type\":\"EntryPoint\",\"urlTemplate\":\"https:\\\/\\\/cocemfevalencia.org\\\/es\\\/?s={search_term_string}\"},\"query-input\":{\"@type\":\"PropertyValueSpecification\",\"valueRequired\":true,\"valueName\":\"search_term_string\"}}],\"inLanguage\":\"es\"},{\"@type\":\"Organization\",\"@id\":\"https:\\\/\\\/cocemfevalencia.org\\\/es\\\/#organization\",\"name\":\"Cocemfe Valencia\",\"url\":\"https:\\\/\\\/cocemfevalencia.org\\\/es\\\/\",\"logo\":{\"@type\":\"ImageObject\",\"inLanguage\":\"es\",\"@id\":\"https:\\\/\\\/cocemfevalencia.org\\\/es\\\/#\\\/schema\\\/logo\\\/image\\\/\",\"url\":\"https:\\\/\\\/cocemfevalencia.org\\\/wp-content\\\/uploads\\\/2023\\\/03\\\/0312-Horizontal-una-linea-larga-rgb-positivo-Tricolor.png\",\"contentUrl\":\"https:\\\/\\\/cocemfevalencia.org\\\/wp-content\\\/uploads\\\/2023\\\/03\\\/0312-Horizontal-una-linea-larga-rgb-positivo-Tricolor.png\",\"width\":2334,\"height\":613,\"caption\":\"Cocemfe Valencia\"},\"image\":{\"@id\":\"https:\\\/\\\/cocemfevalencia.org\\\/es\\\/#\\\/schema\\\/logo\\\/image\\\/\"},\"sameAs\":[\"https:\\\/\\\/www.facebook.com\\\/cocemfe.valencia\",\"https:\\\/\\\/x.com\\\/COCEMFEValencia\"]},{\"@type\":\"Person\",\"@id\":\"https:\\\/\\\/cocemfevalencia.org\\\/es\\\/#\\\/schema\\\/person\\\/84dc42180efe17bdafa0a7a8702d24c8\",\"name\":\"comunicacio\",\"image\":{\"@type\":\"ImageObject\",\"inLanguage\":\"es\",\"@id\":\"https:\\\/\\\/secure.gravatar.com\\\/avatar\\\/cc921e89975f546bc4139f170e59e0d573a099452a8a989eb18e18cda2e7227a?s=96&d=mm&r=g\",\"url\":\"https:\\\/\\\/secure.gravatar.com\\\/avatar\\\/cc921e89975f546bc4139f170e59e0d573a099452a8a989eb18e18cda2e7227a?s=96&d=mm&r=g\",\"contentUrl\":\"https:\\\/\\\/secure.gravatar.com\\\/avatar\\\/cc921e89975f546bc4139f170e59e0d573a099452a8a989eb18e18cda2e7227a?s=96&d=mm&r=g\",\"caption\":\"comunicacio\"}}]}<\/script>\n<!-- \/ Yoast SEO plugin. -->","yoast_head_json":{"title":"NdP COMUNICADO de la COMISI\u00d3N de SANIDAD de COCEMFE-VALENCIA (CSdCV) 10\/09\/2024 - Cocemfe Valencia","robots":{"index":"index","follow":"follow","max-snippet":"max-snippet:-1","max-image-preview":"max-image-preview:large","max-video-preview":"max-video-preview:-1"},"canonical":"https:\/\/cocemfevalencia.org\/es\/elementor-14687\/","og_locale":"es_ES","og_type":"article","og_title":"NdP COMUNICADO de la COMISI\u00d3N de SANIDAD de COCEMFE-VALENCIA (CSdCV) 10\/09\/2024 - Cocemfe Valencia","og_description":"NdP COMUNICADO de la COMISI\u00d3N de SANIDAD de COCEMFE-VALENCIA(CSdCV) 10\/09\/2024 \u00a0 Realizada la 8\u00aa reuni\u00f3n del a\u00f1o, entidades como ACVEM (Asociaci\u00f3n de la Comunidad Valenciana de Esclerosis M\u00faltiple), ADEMVA (Asociaci\u00f3n de Esclerosis M\u00faltiple de Valencia Virgen de los Desamparados), ALCER-Turia (Asociaci\u00f3n para la Lucha Contra las Enfermedades del Ri\u00f1\u00f3n en Valencia), AVAC (Asociaci\u00f3n Valenciana de&hellip;&nbsp;Leer m\u00e1s &raquo;NdP COMUNICADO de la COMISI\u00d3N de SANIDAD de COCEMFE-VALENCIA (CSdCV) 10\/09\/2024","og_url":"https:\/\/cocemfevalencia.org\/es\/elementor-14687\/","og_site_name":"Cocemfe Valencia","article_publisher":"https:\/\/www.facebook.com\/cocemfe.valencia","article_published_time":"2024-09-23T15:11:04+00:00","article_modified_time":"2024-09-23T15:21:32+00:00","og_image":[{"width":1784,"height":898,"url":"https:\/\/cocemfevalencia.org\/wp-content\/uploads\/2024\/09\/Captura-de-pantalla_10-9-2024_102924_meet.google.com_-2.jpeg","type":"image\/jpeg"}],"author":"comunicacio","twitter_card":"summary_large_image","twitter_creator":"@COCEMFEValencia","twitter_site":"@COCEMFEValencia","twitter_misc":{"Escrito por":"comunicacio","Tiempo de lectura":"5 minutos"},"schema":{"@context":"https:\/\/schema.org","@graph":[{"@type":"Article","@id":"https:\/\/cocemfevalencia.org\/es\/elementor-14687\/#article","isPartOf":{"@id":"https:\/\/cocemfevalencia.org\/es\/elementor-14687\/"},"author":{"name":"comunicacio","@id":"https:\/\/cocemfevalencia.org\/es\/#\/schema\/person\/84dc42180efe17bdafa0a7a8702d24c8"},"headline":"NdP COMUNICADO de la COMISI\u00d3N de SANIDAD de COCEMFE-VALENCIA (CSdCV) 10\/09\/2024","datePublished":"2024-09-23T15:11:04+00:00","dateModified":"2024-09-23T15:21:32+00:00","mainEntityOfPage":{"@id":"https:\/\/cocemfevalencia.org\/es\/elementor-14687\/"},"wordCount":1107,"publisher":{"@id":"https:\/\/cocemfevalencia.org\/es\/#organization"},"image":{"@id":"https:\/\/cocemfevalencia.org\/es\/elementor-14687\/#primaryimage"},"thumbnailUrl":"https:\/\/cocemfevalencia.org\/wp-content\/uploads\/2024\/09\/Captura-de-pantalla_10-9-2024_102924_meet.google.com_-2.jpeg","articleSection":["Art\u00edculos COCEMFE Valencia"],"inLanguage":"es"},{"@type":"WebPage","@id":"https:\/\/cocemfevalencia.org\/es\/elementor-14687\/","url":"https:\/\/cocemfevalencia.org\/es\/elementor-14687\/","name":"NdP COMUNICADO de la COMISI\u00d3N de SANIDAD de COCEMFE-VALENCIA (CSdCV) 10\/09\/2024 - Cocemfe Valencia","isPartOf":{"@id":"https:\/\/cocemfevalencia.org\/es\/#website"},"primaryImageOfPage":{"@id":"https:\/\/cocemfevalencia.org\/es\/elementor-14687\/#primaryimage"},"image":{"@id":"https:\/\/cocemfevalencia.org\/es\/elementor-14687\/#primaryimage"},"thumbnailUrl":"https:\/\/cocemfevalencia.org\/wp-content\/uploads\/2024\/09\/Captura-de-pantalla_10-9-2024_102924_meet.google.com_-2.jpeg","datePublished":"2024-09-23T15:11:04+00:00","dateModified":"2024-09-23T15:21:32+00:00","breadcrumb":{"@id":"https:\/\/cocemfevalencia.org\/es\/elementor-14687\/#breadcrumb"},"inLanguage":"es","potentialAction":[{"@type":"ReadAction","target":["https:\/\/cocemfevalencia.org\/es\/elementor-14687\/"]}]},{"@type":"ImageObject","inLanguage":"es","@id":"https:\/\/cocemfevalencia.org\/es\/elementor-14687\/#primaryimage","url":"https:\/\/cocemfevalencia.org\/wp-content\/uploads\/2024\/09\/Captura-de-pantalla_10-9-2024_102924_meet.google.com_-2.jpeg","contentUrl":"https:\/\/cocemfevalencia.org\/wp-content\/uploads\/2024\/09\/Captura-de-pantalla_10-9-2024_102924_meet.google.com_-2.jpeg","width":1784,"height":898},{"@type":"BreadcrumbList","@id":"https:\/\/cocemfevalencia.org\/es\/elementor-14687\/#breadcrumb","itemListElement":[{"@type":"ListItem","position":1,"name":"Portada","item":"https:\/\/cocemfevalencia.org\/es\/"},{"@type":"ListItem","position":2,"name":"NdP COMUNICADO de la COMISI\u00d3N de SANIDAD de COCEMFE-VALENCIA (CSdCV) 10\/09\/2024"}]},{"@type":"WebSite","@id":"https:\/\/cocemfevalencia.org\/es\/#website","url":"https:\/\/cocemfevalencia.org\/es\/","name":"Cocemfe Valencia","description":"FEDERACI\u00d3N DE ASOCIACIONES DE PERSONAS CON DISCAPACIDAD F\u00cdSICA Y ORG\u00c1NICA DE LA PROV\u00cdNCIA DE VALENCIA","publisher":{"@id":"https:\/\/cocemfevalencia.org\/es\/#organization"},"potentialAction":[{"@type":"SearchAction","target":{"@type":"EntryPoint","urlTemplate":"https:\/\/cocemfevalencia.org\/es\/?s={search_term_string}"},"query-input":{"@type":"PropertyValueSpecification","valueRequired":true,"valueName":"search_term_string"}}],"inLanguage":"es"},{"@type":"Organization","@id":"https:\/\/cocemfevalencia.org\/es\/#organization","name":"Cocemfe Valencia","url":"https:\/\/cocemfevalencia.org\/es\/","logo":{"@type":"ImageObject","inLanguage":"es","@id":"https:\/\/cocemfevalencia.org\/es\/#\/schema\/logo\/image\/","url":"https:\/\/cocemfevalencia.org\/wp-content\/uploads\/2023\/03\/0312-Horizontal-una-linea-larga-rgb-positivo-Tricolor.png","contentUrl":"https:\/\/cocemfevalencia.org\/wp-content\/uploads\/2023\/03\/0312-Horizontal-una-linea-larga-rgb-positivo-Tricolor.png","width":2334,"height":613,"caption":"Cocemfe Valencia"},"image":{"@id":"https:\/\/cocemfevalencia.org\/es\/#\/schema\/logo\/image\/"},"sameAs":["https:\/\/www.facebook.com\/cocemfe.valencia","https:\/\/x.com\/COCEMFEValencia"]},{"@type":"Person","@id":"https:\/\/cocemfevalencia.org\/es\/#\/schema\/person\/84dc42180efe17bdafa0a7a8702d24c8","name":"comunicacio","image":{"@type":"ImageObject","inLanguage":"es","@id":"https:\/\/secure.gravatar.com\/avatar\/cc921e89975f546bc4139f170e59e0d573a099452a8a989eb18e18cda2e7227a?s=96&d=mm&r=g","url":"https:\/\/secure.gravatar.com\/avatar\/cc921e89975f546bc4139f170e59e0d573a099452a8a989eb18e18cda2e7227a?s=96&d=mm&r=g","contentUrl":"https:\/\/secure.gravatar.com\/avatar\/cc921e89975f546bc4139f170e59e0d573a099452a8a989eb18e18cda2e7227a?s=96&d=mm&r=g","caption":"comunicacio"}}]}},"_links":{"self":[{"href":"https:\/\/cocemfevalencia.org\/es\/wp-json\/wp\/v2\/posts\/14687","targetHints":{"allow":["GET"]}}],"collection":[{"href":"https:\/\/cocemfevalencia.org\/es\/wp-json\/wp\/v2\/posts"}],"about":[{"href":"https:\/\/cocemfevalencia.org\/es\/wp-json\/wp\/v2\/types\/post"}],"author":[{"embeddable":true,"href":"https:\/\/cocemfevalencia.org\/es\/wp-json\/wp\/v2\/users\/5"}],"replies":[{"embeddable":true,"href":"https:\/\/cocemfevalencia.org\/es\/wp-json\/wp\/v2\/comments?post=14687"}],"version-history":[{"count":10,"href":"https:\/\/cocemfevalencia.org\/es\/wp-json\/wp\/v2\/posts\/14687\/revisions"}],"predecessor-version":[{"id":14705,"href":"https:\/\/cocemfevalencia.org\/es\/wp-json\/wp\/v2\/posts\/14687\/revisions\/14705"}],"wp:featuredmedia":[{"embeddable":true,"href":"https:\/\/cocemfevalencia.org\/es\/wp-json\/wp\/v2\/media\/14697"}],"wp:attachment":[{"href":"https:\/\/cocemfevalencia.org\/es\/wp-json\/wp\/v2\/media?parent=14687"}],"wp:term":[{"taxonomy":"category","embeddable":true,"href":"https:\/\/cocemfevalencia.org\/es\/wp-json\/wp\/v2\/categories?post=14687"},{"taxonomy":"post_tag","embeddable":true,"href":"https:\/\/cocemfevalencia.org\/es\/wp-json\/wp\/v2\/tags?post=14687"}],"curies":[{"name":"wp","href":"https:\/\/api.w.org\/{rel}","templated":true}]}}