{"id":1479,"date":"2018-07-19T12:05:30","date_gmt":"2018-07-19T10:05:30","guid":{"rendered":"http:\/\/cocemfevalencia.org\/?p=1479"},"modified":"2018-07-19T12:05:30","modified_gmt":"2018-07-19T10:05:30","slug":"primertallergrupal","status":"publish","type":"post","link":"https:\/\/cocemfevalencia.org\/es\/primertallergrupal\/","title":{"rendered":"COCEMFE Valencia realiza el Primer Taller Grupal dentro del Programa \u201cItinerarios de inserci\u00f3n para mujeres con Discapacidad\u201d"},"content":{"rendered":"\t\t<div data-elementor-type=\"wp-post\" data-elementor-id=\"1479\" class=\"elementor elementor-1479 elementor-bc-flex-widget\" data-elementor-post-type=\"post\">\n\t\t\t\t\t\t<section class=\"elementor-section elementor-top-section elementor-element elementor-element-a7e0495 elementor-section-boxed elementor-section-height-default elementor-section-height-default\" data-id=\"a7e0495\" data-element_type=\"section\" data-e-type=\"section\">\n\t\t\t\t\t\t<div class=\"elementor-container elementor-column-gap-default\">\n\t\t\t\t\t<div class=\"elementor-column elementor-col-50 elementor-top-column elementor-element elementor-element-369f0b1\" data-id=\"369f0b1\" data-element_type=\"column\" data-e-type=\"column\">\n\t\t\t<div class=\"elementor-widget-wrap elementor-element-populated\">\n\t\t\t\t\t\t<div class=\"elementor-element elementor-element-f16330f elementor-widget elementor-widget-text-editor\" data-id=\"f16330f\" data-element_type=\"widget\" data-e-type=\"widget\" data-widget_type=\"text-editor.default\">\n\t\t\t\t<div class=\"elementor-widget-container\">\n\t\t\t\t\t\t\t\t\t<p>Esta semana se ha realizado en COCEMFE Valencia la primera acci\u00f3n grupal formativa dentro del Programa \u00abItinerarios de inserci\u00f3n para mujeres con Discapacidad\u00bb, financiado por Fondo Social Europea y Conselleria d&#8217;Igualtat i Pol\u00edtiques Inclusives.<\/p><p>Las dos jornadas del Taller se han centrado en conocer los recursos disponibles en la red y ofrecer las herramientas necesarias para mejorar la autonom\u00eda de las participantes a la hora de realizar una b\u00fasqueda de empleo 2.0.<\/p><p>La pr\u00f3xima semana se vuelve a repetir el taller para otro grupo de beneficiarias del proyecto\u00a0 que se realizar\u00e1 los d\u00edas 25 y 26 de Julio.<\/p><p>Por otra parte, dentro del mismo Proyecto hay previsto pr\u00f3ximamente un Taller de Motivaci\u00f3n y un Taller informativo sobre las nuevas ayudas al alquiler.\u00a0<\/p>\t\t\t\t\t\t\t\t<\/div>\n\t\t\t\t<\/div>\n\t\t\t\t\t<\/div>\n\t\t<\/div>\n\t\t\t\t<div class=\"elementor-column elementor-col-50 elementor-top-column elementor-element elementor-element-2a1d043\" data-id=\"2a1d043\" data-element_type=\"column\" data-e-type=\"column\">\n\t\t\t<div class=\"elementor-widget-wrap elementor-element-populated\">\n\t\t\t\t\t\t<div class=\"elementor-element elementor-element-939fe92 elementor-widget elementor-widget-image\" data-id=\"939fe92\" data-element_type=\"widget\" data-e-type=\"widget\" data-widget_type=\"image.default\">\n\t\t\t\t<div class=\"elementor-widget-container\">\n\t\t\t\t\t\t\t\t\t\t\t\t\t\t\t<img fetchpriority=\"high\" decoding=\"async\" width=\"1024\" height=\"576\" src=\"https:\/\/cocemfevalencia.org\/wp-content\/uploads\/2018\/07\/20180718_130255-1024x576.jpg\" class=\"attachment-large size-large wp-image-1494\" alt=\"\" srcset=\"https:\/\/cocemfevalencia.org\/wp-content\/uploads\/2018\/07\/20180718_130255-1024x576.jpg 1024w, https:\/\/cocemfevalencia.org\/wp-content\/uploads\/2018\/07\/20180718_130255-300x169.jpg 300w, https:\/\/cocemfevalencia.org\/wp-content\/uploads\/2018\/07\/20180718_130255-768x432.jpg 768w, https:\/\/cocemfevalencia.org\/wp-content\/uploads\/2018\/07\/20180718_130255-1536x864.jpg 1536w, https:\/\/cocemfevalencia.org\/wp-content\/uploads\/2018\/07\/20180718_130255-2048x1152.jpg 2048w\" sizes=\"(max-width: 1024px) 100vw, 1024px\" \/>\t\t\t\t\t\t\t\t\t\t\t\t\t\t\t<\/div>\n\t\t\t\t<\/div>\n\t\t\t\t\t<\/div>\n\t\t<\/div>\n\t\t\t\t\t<\/div>\n\t\t<\/section>\n\t\t\t\t<section class=\"elementor-section elementor-top-section elementor-element elementor-element-d1d652e elementor-section-boxed elementor-section-height-default elementor-section-height-default\" data-id=\"d1d652e\" data-element_type=\"section\" data-e-type=\"section\">\n\t\t\t\t\t\t<div class=\"elementor-container elementor-column-gap-default\">\n\t\t\t\t\t<div class=\"elementor-column elementor-col-100 elementor-top-column elementor-element elementor-element-5be719b\" data-id=\"5be719b\" data-element_type=\"column\" data-e-type=\"column\">\n\t\t\t<div class=\"elementor-widget-wrap elementor-element-populated\">\n\t\t\t\t\t\t<div class=\"elementor-element elementor-element-aecf9d5 elementor-widget elementor-widget-image-gallery\" data-id=\"aecf9d5\" data-element_type=\"widget\" data-e-type=\"widget\" data-widget_type=\"image-gallery.default\">\n\t\t\t\t<div class=\"elementor-widget-container\">\n\t\t\t\t\t\t\t<div class=\"elementor-image-gallery\">\n\t\t\t<div id='gallery-1' class='gallery galleryid-1479 gallery-columns-6 gallery-size-thumbnail'><figure class='gallery-item'>\n\t\t\t<div class='gallery-icon landscape'>\n\t\t\t\t<a data-elementor-open-lightbox=\"yes\" data-elementor-lightbox-slideshow=\"aecf9d5\" data-elementor-lightbox-title=\"20180718_130240\" data-e-action-hash=\"#elementor-action%3Aaction%3Dlightbox%26settings%3DeyJpZCI6MTQ5NywidXJsIjoiaHR0cHM6XC9cL2NvY2VtZmV2YWxlbmNpYS5vcmdcL3dwLWNvbnRlbnRcL3VwbG9hZHNcLzIwMThcLzA3XC8yMDE4MDcxOF8xMzAyNDAuanBnIiwic2xpZGVzaG93IjoiYWVjZjlkNSJ9\" href='https:\/\/cocemfevalencia.org\/wp-content\/uploads\/2018\/07\/20180718_130240.jpg'><img width=\"150\" height=\"150\" src=\"https:\/\/cocemfevalencia.org\/wp-content\/uploads\/2018\/07\/20180718_130240-150x150.jpg\" class=\"attachment-thumbnail size-thumbnail\" alt=\"\" decoding=\"async\" \/><\/a>\n\t\t\t<\/div><\/figure><figure class='gallery-item'>\n\t\t\t<div class='gallery-icon landscape'>\n\t\t\t\t<a data-elementor-open-lightbox=\"yes\" data-elementor-lightbox-slideshow=\"aecf9d5\" data-elementor-lightbox-title=\"20180718_130244\" data-e-action-hash=\"#elementor-action%3Aaction%3Dlightbox%26settings%3DeyJpZCI6MTQ5OCwidXJsIjoiaHR0cHM6XC9cL2NvY2VtZmV2YWxlbmNpYS5vcmdcL3dwLWNvbnRlbnRcL3VwbG9hZHNcLzIwMThcLzA3XC8yMDE4MDcxOF8xMzAyNDQuanBnIiwic2xpZGVzaG93IjoiYWVjZjlkNSJ9\" href='https:\/\/cocemfevalencia.org\/wp-content\/uploads\/2018\/07\/20180718_130244.jpg'><img width=\"150\" height=\"150\" src=\"https:\/\/cocemfevalencia.org\/wp-content\/uploads\/2018\/07\/20180718_130244-150x150.jpg\" class=\"attachment-thumbnail size-thumbnail\" alt=\"\" decoding=\"async\" \/><\/a>\n\t\t\t<\/div><\/figure><figure class='gallery-item'>\n\t\t\t<div class='gallery-icon landscape'>\n\t\t\t\t<a data-elementor-open-lightbox=\"yes\" data-elementor-lightbox-slideshow=\"aecf9d5\" data-elementor-lightbox-title=\"20180718_130255\" data-e-action-hash=\"#elementor-action%3Aaction%3Dlightbox%26settings%3DeyJpZCI6MTQ5OSwidXJsIjoiaHR0cHM6XC9cL2NvY2VtZmV2YWxlbmNpYS5vcmdcL3dwLWNvbnRlbnRcL3VwbG9hZHNcLzIwMThcLzA3XC8yMDE4MDcxOF8xMzAyNTUtMS5qcGciLCJzbGlkZXNob3ciOiJhZWNmOWQ1In0%3D\" href='https:\/\/cocemfevalencia.org\/wp-content\/uploads\/2018\/07\/20180718_130255-1.jpg'><img loading=\"lazy\" width=\"150\" height=\"150\" src=\"https:\/\/cocemfevalencia.org\/wp-content\/uploads\/2018\/07\/20180718_130255-1-150x150.jpg\" class=\"attachment-thumbnail size-thumbnail\" alt=\"\" decoding=\"async\" \/><\/a>\n\t\t\t<\/div><\/figure><figure class='gallery-item'>\n\t\t\t<div class='gallery-icon landscape'>\n\t\t\t\t<a data-elementor-open-lightbox=\"yes\" data-elementor-lightbox-slideshow=\"aecf9d5\" data-elementor-lightbox-title=\"20180718_130308\" data-e-action-hash=\"#elementor-action%3Aaction%3Dlightbox%26settings%3DeyJpZCI6MTUwMCwidXJsIjoiaHR0cHM6XC9cL2NvY2VtZmV2YWxlbmNpYS5vcmdcL3dwLWNvbnRlbnRcL3VwbG9hZHNcLzIwMThcLzA3XC8yMDE4MDcxOF8xMzAzMDguanBnIiwic2xpZGVzaG93IjoiYWVjZjlkNSJ9\" href='https:\/\/cocemfevalencia.org\/wp-content\/uploads\/2018\/07\/20180718_130308.jpg'><img loading=\"lazy\" width=\"150\" height=\"150\" src=\"https:\/\/cocemfevalencia.org\/wp-content\/uploads\/2018\/07\/20180718_130308-150x150.jpg\" class=\"attachment-thumbnail size-thumbnail\" alt=\"\" decoding=\"async\" \/><\/a>\n\t\t\t<\/div><\/figure><figure class='gallery-item'>\n\t\t\t<div class='gallery-icon landscape'>\n\t\t\t\t<a data-elementor-open-lightbox=\"yes\" data-elementor-lightbox-slideshow=\"aecf9d5\" data-elementor-lightbox-title=\"IMG_20180718_092427\" data-e-action-hash=\"#elementor-action%3Aaction%3Dlightbox%26settings%3DeyJpZCI6MTUwMiwidXJsIjoiaHR0cHM6XC9cL2NvY2VtZmV2YWxlbmNpYS5vcmdcL3dwLWNvbnRlbnRcL3VwbG9hZHNcLzIwMThcLzA3XC9JTUdfMjAxODA3MThfMDkyNDI3LXNjYWxlZC5qcGciLCJzbGlkZXNob3ciOiJhZWNmOWQ1In0%3D\" href='https:\/\/cocemfevalencia.org\/wp-content\/uploads\/2018\/07\/IMG_20180718_092427-scaled.jpg'><img loading=\"lazy\" width=\"150\" height=\"150\" src=\"https:\/\/cocemfevalencia.org\/wp-content\/uploads\/2018\/07\/IMG_20180718_092427-150x150.jpg\" class=\"attachment-thumbnail size-thumbnail\" alt=\"\" decoding=\"async\" \/><\/a>\n\t\t\t<\/div><\/figure><figure class='gallery-item'>\n\t\t\t<div class='gallery-icon landscape'>\n\t\t\t\t<a data-elementor-open-lightbox=\"yes\" data-elementor-lightbox-slideshow=\"aecf9d5\" data-elementor-lightbox-title=\"IMG_20180718_094754\" data-e-action-hash=\"#elementor-action%3Aaction%3Dlightbox%26settings%3DeyJpZCI6MTUwMywidXJsIjoiaHR0cHM6XC9cL2NvY2VtZmV2YWxlbmNpYS5vcmdcL3dwLWNvbnRlbnRcL3VwbG9hZHNcLzIwMThcLzA3XC9JTUdfMjAxODA3MThfMDk0NzU0LXNjYWxlZC5qcGciLCJzbGlkZXNob3ciOiJhZWNmOWQ1In0%3D\" href='https:\/\/cocemfevalencia.org\/wp-content\/uploads\/2018\/07\/IMG_20180718_094754-scaled.jpg'><img loading=\"lazy\" width=\"150\" height=\"150\" src=\"https:\/\/cocemfevalencia.org\/wp-content\/uploads\/2018\/07\/IMG_20180718_094754-150x150.jpg\" class=\"attachment-thumbnail size-thumbnail\" alt=\"\" decoding=\"async\" \/><\/a>\n\t\t\t<\/div><\/figure>\n\t\t<\/div>\n\t\t<\/div>\n\t\t\t\t\t\t<\/div>\n\t\t\t\t<\/div>\n\t\t\t\t\t<\/div>\n\t\t<\/div>\n\t\t\t\t\t<\/div>\n\t\t<\/section>\n\t\t\t\t<section class=\"elementor-section elementor-top-section elementor-element elementor-element-375b5922 elementor-section-boxed elementor-section-height-default elementor-section-height-default\" data-id=\"375b5922\" data-element_type=\"section\" data-e-type=\"section\">\n\t\t\t\t\t\t<div class=\"elementor-container elementor-column-gap-default\">\n\t\t\t\t\t<div class=\"elementor-column elementor-col-100 elementor-top-column elementor-element elementor-element-620b81c1\" data-id=\"620b81c1\" data-element_type=\"column\" data-e-type=\"column\">\n\t\t\t<div class=\"elementor-widget-wrap elementor-element-populated\">\n\t\t\t\t\t\t<div class=\"elementor-element elementor-element-3966026a elementor-widget elementor-widget-heading\" data-id=\"3966026a\" data-element_type=\"widget\" data-e-type=\"widget\" data-widget_type=\"heading.default\">\n\t\t\t\t<div class=\"elementor-widget-container\">\n\t\t\t\t\t<h5 class=\"elementor-heading-title elementor-size-default\">\u201cActuaci\u00f3n cofinanciada por la Uni\u00f3n Europea a trav\u00e9s del Programa Operativo del Fondo Social Europeo (FSE) de la Comunitat Valenciana 2014-2020\u201d<\/h5>\t\t\t\t<\/div>\n\t\t\t\t<\/div>\n\t\t\t\t\t<\/div>\n\t\t<\/div>\n\t\t\t\t\t<\/div>\n\t\t<\/section>\n\t\t\t\t<section class=\"elementor-section elementor-top-section elementor-element elementor-element-a706343 elementor-section-boxed elementor-section-height-default elementor-section-height-default\" data-id=\"a706343\" data-element_type=\"section\" data-e-type=\"section\">\n\t\t\t\t\t\t<div class=\"elementor-container elementor-column-gap-default\">\n\t\t\t\t\t<div class=\"elementor-column elementor-col-100 elementor-top-column elementor-element elementor-element-4241357\" data-id=\"4241357\" data-element_type=\"column\" data-e-type=\"column\">\n\t\t\t<div class=\"elementor-widget-wrap elementor-element-populated\">\n\t\t\t\t\t\t<div class=\"elementor-element elementor-element-e80a190 elementor-widget elementor-widget-image\" data-id=\"e80a190\" data-element_type=\"widget\" data-e-type=\"widget\" data-widget_type=\"image.default\">\n\t\t\t\t<div class=\"elementor-widget-container\">\n\t\t\t\t\t\t\t\t\t\t\t\t\t\t\t<img loading=\"lazy\" decoding=\"async\" width=\"768\" height=\"256\" src=\"https:\/\/cocemfevalencia.org\/wp-content\/uploads\/2018\/08\/LOGOS-FSE-768x256.png\" class=\"attachment-medium_large size-medium_large wp-image-1708\" alt=\"\" srcset=\"https:\/\/cocemfevalencia.org\/wp-content\/uploads\/2018\/08\/LOGOS-FSE-768x256.png 768w, https:\/\/cocemfevalencia.org\/wp-content\/uploads\/2018\/08\/LOGOS-FSE-300x100.png 300w, https:\/\/cocemfevalencia.org\/wp-content\/uploads\/2018\/08\/LOGOS-FSE-1024x341.png 1024w, https:\/\/cocemfevalencia.org\/wp-content\/uploads\/2018\/08\/LOGOS-FSE.png 1200w\" sizes=\"(max-width: 768px) 100vw, 768px\" \/>\t\t\t\t\t\t\t\t\t\t\t\t\t\t\t<\/div>\n\t\t\t\t<\/div>\n\t\t\t\t\t<\/div>\n\t\t<\/div>\n\t\t\t\t\t<\/div>\n\t\t<\/section>\n\t\t\t\t<section class=\"elementor-section elementor-top-section elementor-element elementor-element-53ea7298 elementor-section-boxed elementor-section-height-default elementor-section-height-default\" data-id=\"53ea7298\" data-element_type=\"section\" data-e-type=\"section\">\n\t\t\t\t\t\t<div class=\"elementor-container elementor-column-gap-default\">\n\t\t\t\t\t<div class=\"elementor-column elementor-col-100 elementor-top-column elementor-element elementor-element-265369f3\" data-id=\"265369f3\" data-element_type=\"column\" data-e-type=\"column\">\n\t\t\t<div class=\"elementor-widget-wrap elementor-element-populated\">\n\t\t\t\t\t\t<div class=\"elementor-element elementor-element-229e9324 elementor-widget elementor-widget-heading\" data-id=\"229e9324\" data-element_type=\"widget\" data-e-type=\"widget\" data-widget_type=\"heading.default\">\n\t\t\t\t<div class=\"elementor-widget-container\">\n\t\t\t\t\t<h4 class=\"elementor-heading-title elementor-size-default\">A qui\u00e9n va dirigido el Servicio<\/h4>\t\t\t\t<\/div>\n\t\t\t\t<\/div>\n\t\t\t\t<div class=\"elementor-element elementor-element-554eb25d elementor-widget elementor-widget-text-editor\" data-id=\"554eb25d\" data-element_type=\"widget\" data-e-type=\"widget\" data-widget_type=\"text-editor.default\">\n\t\t\t\t<div class=\"elementor-widget-container\">\n\t\t\t\t\t\t\t\t\t<p>Mujeres con certificado de discapacidad que est\u00e9n en b\u00fasqueda activa de empleo.<\/p>\t\t\t\t\t\t\t\t<\/div>\n\t\t\t\t<\/div>\n\t\t\t\t\t<\/div>\n\t\t<\/div>\n\t\t\t\t\t<\/div>\n\t\t<\/section>\n\t\t\t\t<section class=\"elementor-section elementor-top-section elementor-element elementor-element-555476a2 elementor-section-boxed elementor-section-height-default elementor-section-height-default\" data-id=\"555476a2\" data-element_type=\"section\" data-e-type=\"section\">\n\t\t\t\t\t\t<div class=\"elementor-container elementor-column-gap-default\">\n\t\t\t\t\t<div class=\"elementor-column elementor-col-100 elementor-top-column elementor-element elementor-element-3b61002f\" data-id=\"3b61002f\" data-element_type=\"column\" data-e-type=\"column\">\n\t\t\t<div class=\"elementor-widget-wrap elementor-element-populated\">\n\t\t\t\t\t\t<div class=\"elementor-element elementor-element-e53c8a3 elementor-widget elementor-widget-heading\" data-id=\"e53c8a3\" data-element_type=\"widget\" data-e-type=\"widget\" data-widget_type=\"heading.default\">\n\t\t\t\t<div class=\"elementor-widget-container\">\n\t\t\t\t\t<h4 class=\"elementor-heading-title elementor-size-default\">Qu\u00e9 ofrece el servicio<\/h4>\t\t\t\t<\/div>\n\t\t\t\t<\/div>\n\t\t\t\t<div class=\"elementor-element elementor-element-1e426aaa elementor-widget elementor-widget-text-editor\" data-id=\"1e426aaa\" data-element_type=\"widget\" data-e-type=\"widget\" data-widget_type=\"text-editor.default\">\n\t\t\t\t<div class=\"elementor-widget-container\">\n\t\t\t\t\t\t\t\t\t<p>Itinerarios individualizados flexibles a las necesidades de cada usuaria del Programa. Incluye sesiones individuales y talleres grupales.<\/p>\t\t\t\t\t\t\t\t<\/div>\n\t\t\t\t<\/div>\n\t\t\t\t\t<\/div>\n\t\t<\/div>\n\t\t\t\t\t<\/div>\n\t\t<\/section>\n\t\t\t\t<\/div>\n\t\t<p>Visitas: 2<\/p>","protected":false},"excerpt":{"rendered":"<p>Esta semana se ha realizado en COCEMFE Valencia la primera acci\u00f3n grupal formativa dentro del Programa \u00abItinerarios de inserci\u00f3n para mujeres con Discapacidad\u00bb, financiado por Fondo Social Europea y Conselleria d&#8217;Igualtat i Pol\u00edtiques Inclusives. Las dos jornadas del Taller se han centrado en conocer los recursos disponibles en la red y ofrecer las herramientas necesarias&hellip;&nbsp;<a href=\"https:\/\/cocemfevalencia.org\/es\/primertallergrupal\/\" rel=\"bookmark\">Leer m\u00e1s &raquo;<span class=\"screen-reader-text\">COCEMFE Valencia realiza el Primer Taller Grupal dentro del Programa \u201cItinerarios de inserci\u00f3n para mujeres con Discapacidad\u201d<\/span><\/a><\/p>\n","protected":false},"author":3,"featured_media":1499,"comment_status":"closed","ping_status":"closed","sticky":false,"template":"","format":"standard","meta":{"rop_custom_images_group":[],"rop_custom_messages_group":[],"rop_publish_now":"initial","rop_publish_now_accounts":[],"rop_publish_now_history":[],"rop_publish_now_status":"pending","neve_meta_sidebar":"","neve_meta_container":"","neve_meta_enable_content_width":"","neve_meta_content_width":0,"neve_meta_title_alignment":"","neve_meta_author_avatar":"","neve_post_elements_order":"","neve_meta_disable_header":"","neve_meta_disable_footer":"","neve_meta_disable_title":"","footnotes":""},"categories":[5],"tags":[],"class_list":["post-1479","post","type-post","status-publish","format-standard","has-post-thumbnail","hentry","category-noticias"],"yoast_head":"<!-- This site is optimized with the Yoast SEO plugin v27.3 - https:\/\/yoast.com\/product\/yoast-seo-wordpress\/ -->\n<title>COCEMFE Valencia realiza el Primer Taller Grupal dentro del Programa \u201cItinerarios de inserci\u00f3n para mujeres con Discapacidad\u201d - Cocemfe Valencia<\/title>\n<meta name=\"robots\" content=\"index, follow, max-snippet:-1, max-image-preview:large, max-video-preview:-1\" \/>\n<link rel=\"canonical\" href=\"https:\/\/cocemfevalencia.org\/es\/primertallergrupal\/\" \/>\n<meta property=\"og:locale\" content=\"es_ES\" \/>\n<meta property=\"og:type\" content=\"article\" \/>\n<meta property=\"og:title\" content=\"COCEMFE Valencia realiza el Primer Taller Grupal dentro del Programa \u201cItinerarios de inserci\u00f3n para mujeres con Discapacidad\u201d - Cocemfe Valencia\" \/>\n<meta property=\"og:description\" content=\"Esta semana se ha realizado en COCEMFE Valencia la primera acci\u00f3n grupal formativa dentro del Programa \u00abItinerarios de inserci\u00f3n para mujeres con Discapacidad\u00bb, financiado por Fondo Social Europea y Conselleria d&#8217;Igualtat i Pol\u00edtiques Inclusives. Las dos jornadas del Taller se han centrado en conocer los recursos disponibles en la red y ofrecer las herramientas necesarias&hellip;&nbsp;Leer m\u00e1s &raquo;COCEMFE Valencia realiza el Primer Taller Grupal dentro del Programa \u201cItinerarios de inserci\u00f3n para mujeres con Discapacidad\u201d\" \/>\n<meta property=\"og:url\" content=\"https:\/\/cocemfevalencia.org\/es\/primertallergrupal\/\" \/>\n<meta property=\"og:site_name\" content=\"Cocemfe Valencia\" \/>\n<meta property=\"article:publisher\" content=\"https:\/\/www.facebook.com\/cocemfe.valencia\" \/>\n<meta property=\"article:published_time\" content=\"2018-07-19T10:05:30+00:00\" \/>\n<meta property=\"og:image\" content=\"https:\/\/cocemfevalencia.org\/wp-content\/uploads\/2018\/07\/20180718_130255-1.jpg\" \/>\n\t<meta property=\"og:image:width\" content=\"2560\" \/>\n\t<meta property=\"og:image:height\" content=\"1440\" \/>\n\t<meta property=\"og:image:type\" content=\"image\/jpeg\" \/>\n<meta name=\"author\" content=\"COCEMFE VALENCIA\" \/>\n<meta name=\"twitter:card\" content=\"summary_large_image\" \/>\n<meta name=\"twitter:creator\" content=\"@COCEMFEValencia\" \/>\n<meta name=\"twitter:site\" content=\"@COCEMFEValencia\" \/>\n<meta name=\"twitter:label1\" content=\"Escrito por\" \/>\n\t<meta name=\"twitter:data1\" content=\"COCEMFE VALENCIA\" \/>\n\t<meta name=\"twitter:label2\" content=\"Tiempo de lectura\" \/>\n\t<meta name=\"twitter:data2\" content=\"1 minuto\" \/>\n<script type=\"application\/ld+json\" class=\"yoast-schema-graph\">{\"@context\":\"https:\\\/\\\/schema.org\",\"@graph\":[{\"@type\":\"Article\",\"@id\":\"https:\\\/\\\/cocemfevalencia.org\\\/es\\\/primertallergrupal\\\/#article\",\"isPartOf\":{\"@id\":\"https:\\\/\\\/cocemfevalencia.org\\\/es\\\/primertallergrupal\\\/\"},\"author\":{\"name\":\"COCEMFE VALENCIA\",\"@id\":\"https:\\\/\\\/cocemfevalencia.org\\\/es\\\/#\\\/schema\\\/person\\\/e31a24227ccbc918e2c80add51990ad7\"},\"headline\":\"COCEMFE Valencia realiza el Primer Taller Grupal dentro del Programa \u201cItinerarios de inserci\u00f3n para mujeres con Discapacidad\u201d\",\"datePublished\":\"2018-07-19T10:05:30+00:00\",\"mainEntityOfPage\":{\"@id\":\"https:\\\/\\\/cocemfevalencia.org\\\/es\\\/primertallergrupal\\\/\"},\"wordCount\":212,\"publisher\":{\"@id\":\"https:\\\/\\\/cocemfevalencia.org\\\/es\\\/#organization\"},\"image\":{\"@id\":\"https:\\\/\\\/cocemfevalencia.org\\\/es\\\/primertallergrupal\\\/#primaryimage\"},\"thumbnailUrl\":\"https:\\\/\\\/cocemfevalencia.org\\\/wp-content\\\/uploads\\\/2018\\\/07\\\/20180718_130255-1.jpg\",\"articleSection\":[\"Not\u00edcies\"],\"inLanguage\":\"es\"},{\"@type\":\"WebPage\",\"@id\":\"https:\\\/\\\/cocemfevalencia.org\\\/es\\\/primertallergrupal\\\/\",\"url\":\"https:\\\/\\\/cocemfevalencia.org\\\/es\\\/primertallergrupal\\\/\",\"name\":\"COCEMFE Valencia realiza el Primer Taller Grupal dentro del Programa \u201cItinerarios de inserci\u00f3n para mujeres con Discapacidad\u201d - Cocemfe Valencia\",\"isPartOf\":{\"@id\":\"https:\\\/\\\/cocemfevalencia.org\\\/es\\\/#website\"},\"primaryImageOfPage\":{\"@id\":\"https:\\\/\\\/cocemfevalencia.org\\\/es\\\/primertallergrupal\\\/#primaryimage\"},\"image\":{\"@id\":\"https:\\\/\\\/cocemfevalencia.org\\\/es\\\/primertallergrupal\\\/#primaryimage\"},\"thumbnailUrl\":\"https:\\\/\\\/cocemfevalencia.org\\\/wp-content\\\/uploads\\\/2018\\\/07\\\/20180718_130255-1.jpg\",\"datePublished\":\"2018-07-19T10:05:30+00:00\",\"breadcrumb\":{\"@id\":\"https:\\\/\\\/cocemfevalencia.org\\\/es\\\/primertallergrupal\\\/#breadcrumb\"},\"inLanguage\":\"es\",\"potentialAction\":[{\"@type\":\"ReadAction\",\"target\":[\"https:\\\/\\\/cocemfevalencia.org\\\/es\\\/primertallergrupal\\\/\"]}]},{\"@type\":\"ImageObject\",\"inLanguage\":\"es\",\"@id\":\"https:\\\/\\\/cocemfevalencia.org\\\/es\\\/primertallergrupal\\\/#primaryimage\",\"url\":\"https:\\\/\\\/cocemfevalencia.org\\\/wp-content\\\/uploads\\\/2018\\\/07\\\/20180718_130255-1.jpg\",\"contentUrl\":\"https:\\\/\\\/cocemfevalencia.org\\\/wp-content\\\/uploads\\\/2018\\\/07\\\/20180718_130255-1.jpg\",\"width\":2560,\"height\":1440},{\"@type\":\"BreadcrumbList\",\"@id\":\"https:\\\/\\\/cocemfevalencia.org\\\/es\\\/primertallergrupal\\\/#breadcrumb\",\"itemListElement\":[{\"@type\":\"ListItem\",\"position\":1,\"name\":\"Portada\",\"item\":\"https:\\\/\\\/cocemfevalencia.org\\\/es\\\/\"},{\"@type\":\"ListItem\",\"position\":2,\"name\":\"COCEMFE Valencia realiza el Primer Taller Grupal dentro del Programa \u201cItinerarios de inserci\u00f3n para mujeres con Discapacidad\u201d\"}]},{\"@type\":\"WebSite\",\"@id\":\"https:\\\/\\\/cocemfevalencia.org\\\/es\\\/#website\",\"url\":\"https:\\\/\\\/cocemfevalencia.org\\\/es\\\/\",\"name\":\"Cocemfe Valencia\",\"description\":\"FEDERACI\u00d3N DE ASOCIACIONES DE PERSONAS CON DISCAPACIDAD F\u00cdSICA Y ORG\u00c1NICA DE LA PROV\u00cdNCIA DE VALENCIA\",\"publisher\":{\"@id\":\"https:\\\/\\\/cocemfevalencia.org\\\/es\\\/#organization\"},\"potentialAction\":[{\"@type\":\"SearchAction\",\"target\":{\"@type\":\"EntryPoint\",\"urlTemplate\":\"https:\\\/\\\/cocemfevalencia.org\\\/es\\\/?s={search_term_string}\"},\"query-input\":{\"@type\":\"PropertyValueSpecification\",\"valueRequired\":true,\"valueName\":\"search_term_string\"}}],\"inLanguage\":\"es\"},{\"@type\":\"Organization\",\"@id\":\"https:\\\/\\\/cocemfevalencia.org\\\/es\\\/#organization\",\"name\":\"Cocemfe Valencia\",\"url\":\"https:\\\/\\\/cocemfevalencia.org\\\/es\\\/\",\"logo\":{\"@type\":\"ImageObject\",\"inLanguage\":\"es\",\"@id\":\"https:\\\/\\\/cocemfevalencia.org\\\/es\\\/#\\\/schema\\\/logo\\\/image\\\/\",\"url\":\"https:\\\/\\\/cocemfevalencia.org\\\/wp-content\\\/uploads\\\/2023\\\/03\\\/0312-Horizontal-una-linea-larga-rgb-positivo-Tricolor.png\",\"contentUrl\":\"https:\\\/\\\/cocemfevalencia.org\\\/wp-content\\\/uploads\\\/2023\\\/03\\\/0312-Horizontal-una-linea-larga-rgb-positivo-Tricolor.png\",\"width\":2334,\"height\":613,\"caption\":\"Cocemfe Valencia\"},\"image\":{\"@id\":\"https:\\\/\\\/cocemfevalencia.org\\\/es\\\/#\\\/schema\\\/logo\\\/image\\\/\"},\"sameAs\":[\"https:\\\/\\\/www.facebook.com\\\/cocemfe.valencia\",\"https:\\\/\\\/x.com\\\/COCEMFEValencia\"]},{\"@type\":\"Person\",\"@id\":\"https:\\\/\\\/cocemfevalencia.org\\\/es\\\/#\\\/schema\\\/person\\\/e31a24227ccbc918e2c80add51990ad7\",\"name\":\"COCEMFE VALENCIA\",\"image\":{\"@type\":\"ImageObject\",\"inLanguage\":\"es\",\"@id\":\"https:\\\/\\\/secure.gravatar.com\\\/avatar\\\/81dd2ced4591577d70433bbfde65ba3f931e09f5cb4ca8c890817c47789b47f0?s=96&d=mm&r=g\",\"url\":\"https:\\\/\\\/secure.gravatar.com\\\/avatar\\\/81dd2ced4591577d70433bbfde65ba3f931e09f5cb4ca8c890817c47789b47f0?s=96&d=mm&r=g\",\"contentUrl\":\"https:\\\/\\\/secure.gravatar.com\\\/avatar\\\/81dd2ced4591577d70433bbfde65ba3f931e09f5cb4ca8c890817c47789b47f0?s=96&d=mm&r=g\",\"caption\":\"COCEMFE VALENCIA\"}}]}<\/script>\n<!-- \/ Yoast SEO plugin. -->","yoast_head_json":{"title":"COCEMFE Valencia realiza el Primer Taller Grupal dentro del Programa \u201cItinerarios de inserci\u00f3n para mujeres con Discapacidad\u201d - Cocemfe Valencia","robots":{"index":"index","follow":"follow","max-snippet":"max-snippet:-1","max-image-preview":"max-image-preview:large","max-video-preview":"max-video-preview:-1"},"canonical":"https:\/\/cocemfevalencia.org\/es\/primertallergrupal\/","og_locale":"es_ES","og_type":"article","og_title":"COCEMFE Valencia realiza el Primer Taller Grupal dentro del Programa \u201cItinerarios de inserci\u00f3n para mujeres con Discapacidad\u201d - Cocemfe Valencia","og_description":"Esta semana se ha realizado en COCEMFE Valencia la primera acci\u00f3n grupal formativa dentro del Programa \u00abItinerarios de inserci\u00f3n para mujeres con Discapacidad\u00bb, financiado por Fondo Social Europea y Conselleria d&#8217;Igualtat i Pol\u00edtiques Inclusives. Las dos jornadas del Taller se han centrado en conocer los recursos disponibles en la red y ofrecer las herramientas necesarias&hellip;&nbsp;Leer m\u00e1s &raquo;COCEMFE Valencia realiza el Primer Taller Grupal dentro del Programa \u201cItinerarios de inserci\u00f3n para mujeres con Discapacidad\u201d","og_url":"https:\/\/cocemfevalencia.org\/es\/primertallergrupal\/","og_site_name":"Cocemfe Valencia","article_publisher":"https:\/\/www.facebook.com\/cocemfe.valencia","article_published_time":"2018-07-19T10:05:30+00:00","og_image":[{"width":2560,"height":1440,"url":"https:\/\/cocemfevalencia.org\/wp-content\/uploads\/2018\/07\/20180718_130255-1.jpg","type":"image\/jpeg"}],"author":"COCEMFE VALENCIA","twitter_card":"summary_large_image","twitter_creator":"@COCEMFEValencia","twitter_site":"@COCEMFEValencia","twitter_misc":{"Escrito por":"COCEMFE VALENCIA","Tiempo de lectura":"1 minuto"},"schema":{"@context":"https:\/\/schema.org","@graph":[{"@type":"Article","@id":"https:\/\/cocemfevalencia.org\/es\/primertallergrupal\/#article","isPartOf":{"@id":"https:\/\/cocemfevalencia.org\/es\/primertallergrupal\/"},"author":{"name":"COCEMFE VALENCIA","@id":"https:\/\/cocemfevalencia.org\/es\/#\/schema\/person\/e31a24227ccbc918e2c80add51990ad7"},"headline":"COCEMFE Valencia realiza el Primer Taller Grupal dentro del Programa \u201cItinerarios de inserci\u00f3n para mujeres con Discapacidad\u201d","datePublished":"2018-07-19T10:05:30+00:00","mainEntityOfPage":{"@id":"https:\/\/cocemfevalencia.org\/es\/primertallergrupal\/"},"wordCount":212,"publisher":{"@id":"https:\/\/cocemfevalencia.org\/es\/#organization"},"image":{"@id":"https:\/\/cocemfevalencia.org\/es\/primertallergrupal\/#primaryimage"},"thumbnailUrl":"https:\/\/cocemfevalencia.org\/wp-content\/uploads\/2018\/07\/20180718_130255-1.jpg","articleSection":["Not\u00edcies"],"inLanguage":"es"},{"@type":"WebPage","@id":"https:\/\/cocemfevalencia.org\/es\/primertallergrupal\/","url":"https:\/\/cocemfevalencia.org\/es\/primertallergrupal\/","name":"COCEMFE Valencia realiza el Primer Taller Grupal dentro del Programa \u201cItinerarios de inserci\u00f3n para mujeres con Discapacidad\u201d - Cocemfe Valencia","isPartOf":{"@id":"https:\/\/cocemfevalencia.org\/es\/#website"},"primaryImageOfPage":{"@id":"https:\/\/cocemfevalencia.org\/es\/primertallergrupal\/#primaryimage"},"image":{"@id":"https:\/\/cocemfevalencia.org\/es\/primertallergrupal\/#primaryimage"},"thumbnailUrl":"https:\/\/cocemfevalencia.org\/wp-content\/uploads\/2018\/07\/20180718_130255-1.jpg","datePublished":"2018-07-19T10:05:30+00:00","breadcrumb":{"@id":"https:\/\/cocemfevalencia.org\/es\/primertallergrupal\/#breadcrumb"},"inLanguage":"es","potentialAction":[{"@type":"ReadAction","target":["https:\/\/cocemfevalencia.org\/es\/primertallergrupal\/"]}]},{"@type":"ImageObject","inLanguage":"es","@id":"https:\/\/cocemfevalencia.org\/es\/primertallergrupal\/#primaryimage","url":"https:\/\/cocemfevalencia.org\/wp-content\/uploads\/2018\/07\/20180718_130255-1.jpg","contentUrl":"https:\/\/cocemfevalencia.org\/wp-content\/uploads\/2018\/07\/20180718_130255-1.jpg","width":2560,"height":1440},{"@type":"BreadcrumbList","@id":"https:\/\/cocemfevalencia.org\/es\/primertallergrupal\/#breadcrumb","itemListElement":[{"@type":"ListItem","position":1,"name":"Portada","item":"https:\/\/cocemfevalencia.org\/es\/"},{"@type":"ListItem","position":2,"name":"COCEMFE Valencia realiza el Primer Taller Grupal dentro del Programa \u201cItinerarios de inserci\u00f3n para mujeres con Discapacidad\u201d"}]},{"@type":"WebSite","@id":"https:\/\/cocemfevalencia.org\/es\/#website","url":"https:\/\/cocemfevalencia.org\/es\/","name":"Cocemfe Valencia","description":"FEDERACI\u00d3N DE ASOCIACIONES DE PERSONAS CON DISCAPACIDAD F\u00cdSICA Y ORG\u00c1NICA DE LA PROV\u00cdNCIA DE VALENCIA","publisher":{"@id":"https:\/\/cocemfevalencia.org\/es\/#organization"},"potentialAction":[{"@type":"SearchAction","target":{"@type":"EntryPoint","urlTemplate":"https:\/\/cocemfevalencia.org\/es\/?s={search_term_string}"},"query-input":{"@type":"PropertyValueSpecification","valueRequired":true,"valueName":"search_term_string"}}],"inLanguage":"es"},{"@type":"Organization","@id":"https:\/\/cocemfevalencia.org\/es\/#organization","name":"Cocemfe Valencia","url":"https:\/\/cocemfevalencia.org\/es\/","logo":{"@type":"ImageObject","inLanguage":"es","@id":"https:\/\/cocemfevalencia.org\/es\/#\/schema\/logo\/image\/","url":"https:\/\/cocemfevalencia.org\/wp-content\/uploads\/2023\/03\/0312-Horizontal-una-linea-larga-rgb-positivo-Tricolor.png","contentUrl":"https:\/\/cocemfevalencia.org\/wp-content\/uploads\/2023\/03\/0312-Horizontal-una-linea-larga-rgb-positivo-Tricolor.png","width":2334,"height":613,"caption":"Cocemfe Valencia"},"image":{"@id":"https:\/\/cocemfevalencia.org\/es\/#\/schema\/logo\/image\/"},"sameAs":["https:\/\/www.facebook.com\/cocemfe.valencia","https:\/\/x.com\/COCEMFEValencia"]},{"@type":"Person","@id":"https:\/\/cocemfevalencia.org\/es\/#\/schema\/person\/e31a24227ccbc918e2c80add51990ad7","name":"COCEMFE VALENCIA","image":{"@type":"ImageObject","inLanguage":"es","@id":"https:\/\/secure.gravatar.com\/avatar\/81dd2ced4591577d70433bbfde65ba3f931e09f5cb4ca8c890817c47789b47f0?s=96&d=mm&r=g","url":"https:\/\/secure.gravatar.com\/avatar\/81dd2ced4591577d70433bbfde65ba3f931e09f5cb4ca8c890817c47789b47f0?s=96&d=mm&r=g","contentUrl":"https:\/\/secure.gravatar.com\/avatar\/81dd2ced4591577d70433bbfde65ba3f931e09f5cb4ca8c890817c47789b47f0?s=96&d=mm&r=g","caption":"COCEMFE VALENCIA"}}]}},"_links":{"self":[{"href":"https:\/\/cocemfevalencia.org\/es\/wp-json\/wp\/v2\/posts\/1479","targetHints":{"allow":["GET"]}}],"collection":[{"href":"https:\/\/cocemfevalencia.org\/es\/wp-json\/wp\/v2\/posts"}],"about":[{"href":"https:\/\/cocemfevalencia.org\/es\/wp-json\/wp\/v2\/types\/post"}],"author":[{"embeddable":true,"href":"https:\/\/cocemfevalencia.org\/es\/wp-json\/wp\/v2\/users\/3"}],"replies":[{"embeddable":true,"href":"https:\/\/cocemfevalencia.org\/es\/wp-json\/wp\/v2\/comments?post=1479"}],"version-history":[{"count":0,"href":"https:\/\/cocemfevalencia.org\/es\/wp-json\/wp\/v2\/posts\/1479\/revisions"}],"wp:featuredmedia":[{"embeddable":true,"href":"https:\/\/cocemfevalencia.org\/es\/wp-json\/wp\/v2\/media\/1499"}],"wp:attachment":[{"href":"https:\/\/cocemfevalencia.org\/es\/wp-json\/wp\/v2\/media?parent=1479"}],"wp:term":[{"taxonomy":"category","embeddable":true,"href":"https:\/\/cocemfevalencia.org\/es\/wp-json\/wp\/v2\/categories?post=1479"},{"taxonomy":"post_tag","embeddable":true,"href":"https:\/\/cocemfevalencia.org\/es\/wp-json\/wp\/v2\/tags?post=1479"}],"curies":[{"name":"wp","href":"https:\/\/api.w.org\/{rel}","templated":true}]}}