{"id":14917,"date":"2024-11-06T08:54:23","date_gmt":"2024-11-06T07:54:23","guid":{"rendered":"https:\/\/cocemfevalencia.org\/?p=14917"},"modified":"2024-11-12T08:56:28","modified_gmt":"2024-11-12T07:56:28","slug":"cocemfe-cv-y-cocemfe-valencia-unen-esfuerzos-para-canalizar-la-ayuda-a-las-personas-con-discapacidad-afectadas-por-la-dana","status":"publish","type":"post","link":"https:\/\/cocemfevalencia.org\/es\/cocemfe-cv-y-cocemfe-valencia-unen-esfuerzos-para-canalizar-la-ayuda-a-las-personas-con-discapacidad-afectadas-por-la-dana\/","title":{"rendered":"COCEMFE CV y COCEMFE Valencia unen esfuerzos para canalizar la ayuda a las personas con discapacidad afectadas por la dana"},"content":{"rendered":"<ul>\n<li><strong>COCEMFE Valencia habilita un punto de solicitud de ayuda y un punto de recogida de materiales especializados<\/strong><\/li>\n<li><strong>COCEMFE CV ofrece sus servicios de asesoramiento jur\u00eddico y de accesibilidad<\/strong><\/li>\n<\/ul>\n<p>&nbsp;<\/p>\n<p>COCEMFE Comunitat Valenciana y COCEMFE Valencia se han puesto al servicio de las personas con discapacidad f\u00edsica y org\u00e1nica afectadas por la \u00a0dana en la provincia de Valencia a trav\u00e9s de varios servicios especializados.<\/p>\n<p>Desde este pasado lunes, 4 de noviembre, la Federaci\u00f3n de Asociaciones de Personas con Discapacidad F\u00edsica y Org\u00e1nica de la Provincia de Valencia, COCEMFE Valencia, ha habilitado un punto de solicitud de ayuda a personas con discapacidad afectadas por la dana a trav\u00e9s del cual poder reorganizar recursos para dar respuesta a las peticiones obtenidas.<\/p>\n<p>La entidad centralizar\u00e1 recursos propios, as\u00ed como de diferentes asociaciones federadas, para suministrar medios como servicios de transporte adaptado, reparaci\u00f3n de sillas de ruedas u otras necesidades. De esta manera, cualquier persona con discapacidad afectada habr\u00e1 de enviar su solicitud a trav\u00e9s de una llamada de tel\u00e9fono al 963 83 77 08.<\/p>\n<p><strong>Recogida de ayudas t\u00e9cnicas y material especializado<\/strong><\/p>\n<p>Adem\u00e1s, COCEMFE Valencia, ha habilitado un punto de recogida de productos ortoprot\u00e9sicos, de higiene y puericultura en su sede ubicada en la calle Torres, n\u00famero 12, bajo izquierda, en horario de 9:00 a 15:00 horas, de lunes a viernes. Desde la organizaci\u00f3n, tambi\u00e9n se invita a donar utensilios de limpieza como palas o cepillos, y productos para beb\u00e9s, como ropa, pa\u00f1ales, o leche en polvo. Adem\u00e1s, la entidad recoger\u00e1 pa\u00f1ales de uso geri\u00e1trico y material sanitario como mascarillas.<\/p>\n<p>Respecto a los productos ortoprot\u00e9sicos, COCEMFE Valencia est\u00e1, por un lado, participando en la recogida de informaci\u00f3n para trasladarla al Comit\u00e9 de Entidades Representantes de Personas con Discapacidad (CERMI CV) con el objetivo de hacerla llegar a los departamentos de salud responsables de emitir las recetas correspondientes. Y, por otro lado, tambi\u00e9n est\u00e1 atendiendo a personas que utilizan ayudas t\u00e9cnicas sin receta m\u00e9dica.<\/p>\n<p>La presidenta de COCEMFE Valencia, Mar\u00eda Jos\u00e9 Mart\u00ednez, ha se\u00f1alado la necesidad de hacer llegar la ayuda a todas las personas con discapacidad que lo necesiten: \u201cEstamos recibiendo solicitudes de ayudas t\u00e9cnicas de personas que no las tienen a trav\u00e9s de receta, por lo que necesitamos llegar a todas las personas por igual\u201d, ha indicado.<\/p>\n<p>Por otro lado, el presidente de COCEMFE CV, Albert Marin, ha se\u00f1alado la especial situaci\u00f3n de vulnerabilidad e indefensi\u00f3n de derechos en los que pueden verse las personas con discapacidad: \u201cQueremos estar preparados para ayudar a las personas con discapacidad y asesorarlas en todo momento sobre lo que precisen, en relaci\u00f3n a los da\u00f1os materiales, las ayudas disponibles y las cuestiones que vayan surgiendo sobre accesibilidad, en un contexto de destrucci\u00f3n como el que hemos visto estos d\u00edas\u201d, ha concluido.<\/p>\n<p>&nbsp;<\/p>\n<p><strong>Asesoramiento jur\u00eddico y de accesibilidad<\/strong><\/p>\n<p>Por su parte, COCEMFE CV pone al servicio de las personas con discapacidad sus servicios de asesoramiento jur\u00eddico, social y de accesibilidad, con el objetivo de ayudar a las personas con discapacidad a gestionar las ayudas disponibles y cualquier circunstancia jur\u00eddica o de accesibilidad ocasionada por las inundaciones.<\/p>\n<p>Tanto COCEMFE CV como COCEMFE Valencia est\u00e1n en contacto y colaboraci\u00f3n con su entidad estatal, que ha ofrecido su ayuda, y con sus entidades federadas en la provincia de Valencia, un total de 43, de las cuales 6 est\u00e1n ubicadas en las localidades afectadas por la dana y ninguno de sus locales se ha visto afectado.<\/p>\n<p>Visitas: 28<\/p>","protected":false},"excerpt":{"rendered":"<p>COCEMFE Valencia habilita un punto de solicitud de ayuda y un punto de recogida de materiales especializados COCEMFE CV ofrece sus servicios de asesoramiento jur\u00eddico y de accesibilidad &nbsp; COCEMFE Comunitat Valenciana y COCEMFE Valencia se han puesto al servicio de las personas con discapacidad f\u00edsica y org\u00e1nica afectadas por la \u00a0dana en la provincia&hellip;&nbsp;<a href=\"https:\/\/cocemfevalencia.org\/es\/cocemfe-cv-y-cocemfe-valencia-unen-esfuerzos-para-canalizar-la-ayuda-a-las-personas-con-discapacidad-afectadas-por-la-dana\/\" rel=\"bookmark\">Leer m\u00e1s &raquo;<span class=\"screen-reader-text\">COCEMFE CV y COCEMFE Valencia unen esfuerzos para canalizar la ayuda a las personas con discapacidad afectadas por la dana<\/span><\/a><\/p>\n","protected":false},"author":5,"featured_media":14918,"comment_status":"closed","ping_status":"closed","sticky":false,"template":"","format":"standard","meta":{"rop_custom_images_group":[],"rop_custom_messages_group":[],"rop_publish_now":"initial","rop_publish_now_accounts":[],"rop_publish_now_history":[],"rop_publish_now_status":"pending","neve_meta_sidebar":"","neve_meta_container":"","neve_meta_enable_content_width":"off","neve_meta_content_width":70,"neve_meta_title_alignment":"","neve_meta_author_avatar":"","neve_post_elements_order":"","neve_meta_disable_header":"","neve_meta_disable_footer":"","neve_meta_disable_title":"","footnotes":""},"categories":[123],"tags":[595,200,596],"class_list":["post-14917","post","type-post","status-publish","format-standard","has-post-thumbnail","hentry","category-noticias-val","tag-ayudas-dana","tag-cocemfe-val","tag-dana-valencia"],"yoast_head":"<!-- This site is optimized with the Yoast SEO plugin v27.3 - https:\/\/yoast.com\/product\/yoast-seo-wordpress\/ -->\n<title>COCEMFE CV y COCEMFE Valencia unen esfuerzos para canalizar la ayuda a las personas con discapacidad afectadas por la dana - Cocemfe Valencia<\/title>\n<meta name=\"robots\" content=\"index, follow, max-snippet:-1, max-image-preview:large, max-video-preview:-1\" \/>\n<link rel=\"canonical\" href=\"https:\/\/cocemfevalencia.org\/es\/cocemfe-cv-y-cocemfe-valencia-unen-esfuerzos-para-canalizar-la-ayuda-a-las-personas-con-discapacidad-afectadas-por-la-dana\/\" \/>\n<meta property=\"og:locale\" content=\"es_ES\" \/>\n<meta property=\"og:type\" content=\"article\" \/>\n<meta property=\"og:title\" content=\"COCEMFE CV y COCEMFE Valencia unen esfuerzos para canalizar la ayuda a las personas con discapacidad afectadas por la dana - Cocemfe Valencia\" \/>\n<meta property=\"og:description\" content=\"COCEMFE Valencia habilita un punto de solicitud de ayuda y un punto de recogida de materiales especializados COCEMFE CV ofrece sus servicios de asesoramiento jur\u00eddico y de accesibilidad &nbsp; COCEMFE Comunitat Valenciana y COCEMFE Valencia se han puesto al servicio de las personas con discapacidad f\u00edsica y org\u00e1nica afectadas por la \u00a0dana en la provincia&hellip;&nbsp;Leer m\u00e1s &raquo;COCEMFE CV y COCEMFE Valencia unen esfuerzos para canalizar la ayuda a las personas con discapacidad afectadas por la dana\" \/>\n<meta property=\"og:url\" content=\"https:\/\/cocemfevalencia.org\/es\/cocemfe-cv-y-cocemfe-valencia-unen-esfuerzos-para-canalizar-la-ayuda-a-las-personas-con-discapacidad-afectadas-por-la-dana\/\" \/>\n<meta property=\"og:site_name\" content=\"Cocemfe Valencia\" \/>\n<meta property=\"article:publisher\" content=\"https:\/\/www.facebook.com\/cocemfe.valencia\" \/>\n<meta property=\"article:published_time\" content=\"2024-11-06T07:54:23+00:00\" \/>\n<meta property=\"article:modified_time\" content=\"2024-11-12T07:56:28+00:00\" \/>\n<meta property=\"og:image\" content=\"https:\/\/cocemfevalencia.org\/wp-content\/uploads\/2024\/11\/COCEMFE-CV-dona-mascarillas-a-punto-recogida-COCEMFE-Valencia.jpg\" \/>\n\t<meta property=\"og:image:width\" content=\"1400\" \/>\n\t<meta property=\"og:image:height\" content=\"1055\" \/>\n\t<meta property=\"og:image:type\" content=\"image\/jpeg\" \/>\n<meta name=\"author\" content=\"comunicacio\" \/>\n<meta name=\"twitter:card\" content=\"summary_large_image\" \/>\n<meta name=\"twitter:creator\" content=\"@COCEMFEValencia\" \/>\n<meta name=\"twitter:site\" content=\"@COCEMFEValencia\" \/>\n<meta name=\"twitter:label1\" content=\"Escrito por\" \/>\n\t<meta name=\"twitter:data1\" content=\"comunicacio\" \/>\n\t<meta name=\"twitter:label2\" content=\"Tiempo de lectura\" \/>\n\t<meta name=\"twitter:data2\" content=\"4 minutos\" \/>\n<script type=\"application\/ld+json\" class=\"yoast-schema-graph\">{\"@context\":\"https:\\\/\\\/schema.org\",\"@graph\":[{\"@type\":\"Article\",\"@id\":\"https:\\\/\\\/cocemfevalencia.org\\\/es\\\/cocemfe-cv-y-cocemfe-valencia-unen-esfuerzos-para-canalizar-la-ayuda-a-las-personas-con-discapacidad-afectadas-por-la-dana\\\/#article\",\"isPartOf\":{\"@id\":\"https:\\\/\\\/cocemfevalencia.org\\\/es\\\/cocemfe-cv-y-cocemfe-valencia-unen-esfuerzos-para-canalizar-la-ayuda-a-las-personas-con-discapacidad-afectadas-por-la-dana\\\/\"},\"author\":{\"name\":\"comunicacio\",\"@id\":\"https:\\\/\\\/cocemfevalencia.org\\\/es\\\/#\\\/schema\\\/person\\\/84dc42180efe17bdafa0a7a8702d24c8\"},\"headline\":\"COCEMFE CV y COCEMFE Valencia unen esfuerzos para canalizar la ayuda a las personas con discapacidad afectadas por la dana\",\"datePublished\":\"2024-11-06T07:54:23+00:00\",\"dateModified\":\"2024-11-12T07:56:28+00:00\",\"mainEntityOfPage\":{\"@id\":\"https:\\\/\\\/cocemfevalencia.org\\\/es\\\/cocemfe-cv-y-cocemfe-valencia-unen-esfuerzos-para-canalizar-la-ayuda-a-las-personas-con-discapacidad-afectadas-por-la-dana\\\/\"},\"wordCount\":618,\"publisher\":{\"@id\":\"https:\\\/\\\/cocemfevalencia.org\\\/es\\\/#organization\"},\"image\":{\"@id\":\"https:\\\/\\\/cocemfevalencia.org\\\/es\\\/cocemfe-cv-y-cocemfe-valencia-unen-esfuerzos-para-canalizar-la-ayuda-a-las-personas-con-discapacidad-afectadas-por-la-dana\\\/#primaryimage\"},\"thumbnailUrl\":\"https:\\\/\\\/cocemfevalencia.org\\\/wp-content\\\/uploads\\\/2024\\\/11\\\/COCEMFE-CV-dona-mascarillas-a-punto-recogida-COCEMFE-Valencia.jpg\",\"keywords\":[\"Ayudas dana\",\"COCEMFE\",\"dana valencia\"],\"articleSection\":[\"Not\u00edcies\"],\"inLanguage\":\"es\"},{\"@type\":\"WebPage\",\"@id\":\"https:\\\/\\\/cocemfevalencia.org\\\/es\\\/cocemfe-cv-y-cocemfe-valencia-unen-esfuerzos-para-canalizar-la-ayuda-a-las-personas-con-discapacidad-afectadas-por-la-dana\\\/\",\"url\":\"https:\\\/\\\/cocemfevalencia.org\\\/es\\\/cocemfe-cv-y-cocemfe-valencia-unen-esfuerzos-para-canalizar-la-ayuda-a-las-personas-con-discapacidad-afectadas-por-la-dana\\\/\",\"name\":\"COCEMFE CV y COCEMFE Valencia unen esfuerzos para canalizar la ayuda a las personas con discapacidad afectadas por la dana - Cocemfe Valencia\",\"isPartOf\":{\"@id\":\"https:\\\/\\\/cocemfevalencia.org\\\/es\\\/#website\"},\"primaryImageOfPage\":{\"@id\":\"https:\\\/\\\/cocemfevalencia.org\\\/es\\\/cocemfe-cv-y-cocemfe-valencia-unen-esfuerzos-para-canalizar-la-ayuda-a-las-personas-con-discapacidad-afectadas-por-la-dana\\\/#primaryimage\"},\"image\":{\"@id\":\"https:\\\/\\\/cocemfevalencia.org\\\/es\\\/cocemfe-cv-y-cocemfe-valencia-unen-esfuerzos-para-canalizar-la-ayuda-a-las-personas-con-discapacidad-afectadas-por-la-dana\\\/#primaryimage\"},\"thumbnailUrl\":\"https:\\\/\\\/cocemfevalencia.org\\\/wp-content\\\/uploads\\\/2024\\\/11\\\/COCEMFE-CV-dona-mascarillas-a-punto-recogida-COCEMFE-Valencia.jpg\",\"datePublished\":\"2024-11-06T07:54:23+00:00\",\"dateModified\":\"2024-11-12T07:56:28+00:00\",\"breadcrumb\":{\"@id\":\"https:\\\/\\\/cocemfevalencia.org\\\/es\\\/cocemfe-cv-y-cocemfe-valencia-unen-esfuerzos-para-canalizar-la-ayuda-a-las-personas-con-discapacidad-afectadas-por-la-dana\\\/#breadcrumb\"},\"inLanguage\":\"es\",\"potentialAction\":[{\"@type\":\"ReadAction\",\"target\":[\"https:\\\/\\\/cocemfevalencia.org\\\/es\\\/cocemfe-cv-y-cocemfe-valencia-unen-esfuerzos-para-canalizar-la-ayuda-a-las-personas-con-discapacidad-afectadas-por-la-dana\\\/\"]}]},{\"@type\":\"ImageObject\",\"inLanguage\":\"es\",\"@id\":\"https:\\\/\\\/cocemfevalencia.org\\\/es\\\/cocemfe-cv-y-cocemfe-valencia-unen-esfuerzos-para-canalizar-la-ayuda-a-las-personas-con-discapacidad-afectadas-por-la-dana\\\/#primaryimage\",\"url\":\"https:\\\/\\\/cocemfevalencia.org\\\/wp-content\\\/uploads\\\/2024\\\/11\\\/COCEMFE-CV-dona-mascarillas-a-punto-recogida-COCEMFE-Valencia.jpg\",\"contentUrl\":\"https:\\\/\\\/cocemfevalencia.org\\\/wp-content\\\/uploads\\\/2024\\\/11\\\/COCEMFE-CV-dona-mascarillas-a-punto-recogida-COCEMFE-Valencia.jpg\",\"width\":1400,\"height\":1055},{\"@type\":\"BreadcrumbList\",\"@id\":\"https:\\\/\\\/cocemfevalencia.org\\\/es\\\/cocemfe-cv-y-cocemfe-valencia-unen-esfuerzos-para-canalizar-la-ayuda-a-las-personas-con-discapacidad-afectadas-por-la-dana\\\/#breadcrumb\",\"itemListElement\":[{\"@type\":\"ListItem\",\"position\":1,\"name\":\"Portada\",\"item\":\"https:\\\/\\\/cocemfevalencia.org\\\/es\\\/\"},{\"@type\":\"ListItem\",\"position\":2,\"name\":\"COCEMFE CV y COCEMFE Valencia unen esfuerzos para canalizar la ayuda a las personas con discapacidad afectadas por la dana\"}]},{\"@type\":\"WebSite\",\"@id\":\"https:\\\/\\\/cocemfevalencia.org\\\/es\\\/#website\",\"url\":\"https:\\\/\\\/cocemfevalencia.org\\\/es\\\/\",\"name\":\"Cocemfe Valencia\",\"description\":\"FEDERACI\u00d3N DE ASOCIACIONES DE PERSONAS CON DISCAPACIDAD F\u00cdSICA Y ORG\u00c1NICA DE LA PROV\u00cdNCIA DE VALENCIA\",\"publisher\":{\"@id\":\"https:\\\/\\\/cocemfevalencia.org\\\/es\\\/#organization\"},\"potentialAction\":[{\"@type\":\"SearchAction\",\"target\":{\"@type\":\"EntryPoint\",\"urlTemplate\":\"https:\\\/\\\/cocemfevalencia.org\\\/es\\\/?s={search_term_string}\"},\"query-input\":{\"@type\":\"PropertyValueSpecification\",\"valueRequired\":true,\"valueName\":\"search_term_string\"}}],\"inLanguage\":\"es\"},{\"@type\":\"Organization\",\"@id\":\"https:\\\/\\\/cocemfevalencia.org\\\/es\\\/#organization\",\"name\":\"Cocemfe Valencia\",\"url\":\"https:\\\/\\\/cocemfevalencia.org\\\/es\\\/\",\"logo\":{\"@type\":\"ImageObject\",\"inLanguage\":\"es\",\"@id\":\"https:\\\/\\\/cocemfevalencia.org\\\/es\\\/#\\\/schema\\\/logo\\\/image\\\/\",\"url\":\"https:\\\/\\\/cocemfevalencia.org\\\/wp-content\\\/uploads\\\/2023\\\/03\\\/0312-Horizontal-una-linea-larga-rgb-positivo-Tricolor.png\",\"contentUrl\":\"https:\\\/\\\/cocemfevalencia.org\\\/wp-content\\\/uploads\\\/2023\\\/03\\\/0312-Horizontal-una-linea-larga-rgb-positivo-Tricolor.png\",\"width\":2334,\"height\":613,\"caption\":\"Cocemfe Valencia\"},\"image\":{\"@id\":\"https:\\\/\\\/cocemfevalencia.org\\\/es\\\/#\\\/schema\\\/logo\\\/image\\\/\"},\"sameAs\":[\"https:\\\/\\\/www.facebook.com\\\/cocemfe.valencia\",\"https:\\\/\\\/x.com\\\/COCEMFEValencia\"]},{\"@type\":\"Person\",\"@id\":\"https:\\\/\\\/cocemfevalencia.org\\\/es\\\/#\\\/schema\\\/person\\\/84dc42180efe17bdafa0a7a8702d24c8\",\"name\":\"comunicacio\",\"image\":{\"@type\":\"ImageObject\",\"inLanguage\":\"es\",\"@id\":\"https:\\\/\\\/secure.gravatar.com\\\/avatar\\\/cc921e89975f546bc4139f170e59e0d573a099452a8a989eb18e18cda2e7227a?s=96&d=mm&r=g\",\"url\":\"https:\\\/\\\/secure.gravatar.com\\\/avatar\\\/cc921e89975f546bc4139f170e59e0d573a099452a8a989eb18e18cda2e7227a?s=96&d=mm&r=g\",\"contentUrl\":\"https:\\\/\\\/secure.gravatar.com\\\/avatar\\\/cc921e89975f546bc4139f170e59e0d573a099452a8a989eb18e18cda2e7227a?s=96&d=mm&r=g\",\"caption\":\"comunicacio\"}}]}<\/script>\n<!-- \/ Yoast SEO plugin. -->","yoast_head_json":{"title":"COCEMFE CV y COCEMFE Valencia unen esfuerzos para canalizar la ayuda a las personas con discapacidad afectadas por la dana - Cocemfe Valencia","robots":{"index":"index","follow":"follow","max-snippet":"max-snippet:-1","max-image-preview":"max-image-preview:large","max-video-preview":"max-video-preview:-1"},"canonical":"https:\/\/cocemfevalencia.org\/es\/cocemfe-cv-y-cocemfe-valencia-unen-esfuerzos-para-canalizar-la-ayuda-a-las-personas-con-discapacidad-afectadas-por-la-dana\/","og_locale":"es_ES","og_type":"article","og_title":"COCEMFE CV y COCEMFE Valencia unen esfuerzos para canalizar la ayuda a las personas con discapacidad afectadas por la dana - Cocemfe Valencia","og_description":"COCEMFE Valencia habilita un punto de solicitud de ayuda y un punto de recogida de materiales especializados COCEMFE CV ofrece sus servicios de asesoramiento jur\u00eddico y de accesibilidad &nbsp; COCEMFE Comunitat Valenciana y COCEMFE Valencia se han puesto al servicio de las personas con discapacidad f\u00edsica y org\u00e1nica afectadas por la \u00a0dana en la provincia&hellip;&nbsp;Leer m\u00e1s &raquo;COCEMFE CV y COCEMFE Valencia unen esfuerzos para canalizar la ayuda a las personas con discapacidad afectadas por la dana","og_url":"https:\/\/cocemfevalencia.org\/es\/cocemfe-cv-y-cocemfe-valencia-unen-esfuerzos-para-canalizar-la-ayuda-a-las-personas-con-discapacidad-afectadas-por-la-dana\/","og_site_name":"Cocemfe Valencia","article_publisher":"https:\/\/www.facebook.com\/cocemfe.valencia","article_published_time":"2024-11-06T07:54:23+00:00","article_modified_time":"2024-11-12T07:56:28+00:00","og_image":[{"width":1400,"height":1055,"url":"https:\/\/cocemfevalencia.org\/wp-content\/uploads\/2024\/11\/COCEMFE-CV-dona-mascarillas-a-punto-recogida-COCEMFE-Valencia.jpg","type":"image\/jpeg"}],"author":"comunicacio","twitter_card":"summary_large_image","twitter_creator":"@COCEMFEValencia","twitter_site":"@COCEMFEValencia","twitter_misc":{"Escrito por":"comunicacio","Tiempo de lectura":"4 minutos"},"schema":{"@context":"https:\/\/schema.org","@graph":[{"@type":"Article","@id":"https:\/\/cocemfevalencia.org\/es\/cocemfe-cv-y-cocemfe-valencia-unen-esfuerzos-para-canalizar-la-ayuda-a-las-personas-con-discapacidad-afectadas-por-la-dana\/#article","isPartOf":{"@id":"https:\/\/cocemfevalencia.org\/es\/cocemfe-cv-y-cocemfe-valencia-unen-esfuerzos-para-canalizar-la-ayuda-a-las-personas-con-discapacidad-afectadas-por-la-dana\/"},"author":{"name":"comunicacio","@id":"https:\/\/cocemfevalencia.org\/es\/#\/schema\/person\/84dc42180efe17bdafa0a7a8702d24c8"},"headline":"COCEMFE CV y COCEMFE Valencia unen esfuerzos para canalizar la ayuda a las personas con discapacidad afectadas por la dana","datePublished":"2024-11-06T07:54:23+00:00","dateModified":"2024-11-12T07:56:28+00:00","mainEntityOfPage":{"@id":"https:\/\/cocemfevalencia.org\/es\/cocemfe-cv-y-cocemfe-valencia-unen-esfuerzos-para-canalizar-la-ayuda-a-las-personas-con-discapacidad-afectadas-por-la-dana\/"},"wordCount":618,"publisher":{"@id":"https:\/\/cocemfevalencia.org\/es\/#organization"},"image":{"@id":"https:\/\/cocemfevalencia.org\/es\/cocemfe-cv-y-cocemfe-valencia-unen-esfuerzos-para-canalizar-la-ayuda-a-las-personas-con-discapacidad-afectadas-por-la-dana\/#primaryimage"},"thumbnailUrl":"https:\/\/cocemfevalencia.org\/wp-content\/uploads\/2024\/11\/COCEMFE-CV-dona-mascarillas-a-punto-recogida-COCEMFE-Valencia.jpg","keywords":["Ayudas dana","COCEMFE","dana valencia"],"articleSection":["Not\u00edcies"],"inLanguage":"es"},{"@type":"WebPage","@id":"https:\/\/cocemfevalencia.org\/es\/cocemfe-cv-y-cocemfe-valencia-unen-esfuerzos-para-canalizar-la-ayuda-a-las-personas-con-discapacidad-afectadas-por-la-dana\/","url":"https:\/\/cocemfevalencia.org\/es\/cocemfe-cv-y-cocemfe-valencia-unen-esfuerzos-para-canalizar-la-ayuda-a-las-personas-con-discapacidad-afectadas-por-la-dana\/","name":"COCEMFE CV y COCEMFE Valencia unen esfuerzos para canalizar la ayuda a las personas con discapacidad afectadas por la dana - Cocemfe Valencia","isPartOf":{"@id":"https:\/\/cocemfevalencia.org\/es\/#website"},"primaryImageOfPage":{"@id":"https:\/\/cocemfevalencia.org\/es\/cocemfe-cv-y-cocemfe-valencia-unen-esfuerzos-para-canalizar-la-ayuda-a-las-personas-con-discapacidad-afectadas-por-la-dana\/#primaryimage"},"image":{"@id":"https:\/\/cocemfevalencia.org\/es\/cocemfe-cv-y-cocemfe-valencia-unen-esfuerzos-para-canalizar-la-ayuda-a-las-personas-con-discapacidad-afectadas-por-la-dana\/#primaryimage"},"thumbnailUrl":"https:\/\/cocemfevalencia.org\/wp-content\/uploads\/2024\/11\/COCEMFE-CV-dona-mascarillas-a-punto-recogida-COCEMFE-Valencia.jpg","datePublished":"2024-11-06T07:54:23+00:00","dateModified":"2024-11-12T07:56:28+00:00","breadcrumb":{"@id":"https:\/\/cocemfevalencia.org\/es\/cocemfe-cv-y-cocemfe-valencia-unen-esfuerzos-para-canalizar-la-ayuda-a-las-personas-con-discapacidad-afectadas-por-la-dana\/#breadcrumb"},"inLanguage":"es","potentialAction":[{"@type":"ReadAction","target":["https:\/\/cocemfevalencia.org\/es\/cocemfe-cv-y-cocemfe-valencia-unen-esfuerzos-para-canalizar-la-ayuda-a-las-personas-con-discapacidad-afectadas-por-la-dana\/"]}]},{"@type":"ImageObject","inLanguage":"es","@id":"https:\/\/cocemfevalencia.org\/es\/cocemfe-cv-y-cocemfe-valencia-unen-esfuerzos-para-canalizar-la-ayuda-a-las-personas-con-discapacidad-afectadas-por-la-dana\/#primaryimage","url":"https:\/\/cocemfevalencia.org\/wp-content\/uploads\/2024\/11\/COCEMFE-CV-dona-mascarillas-a-punto-recogida-COCEMFE-Valencia.jpg","contentUrl":"https:\/\/cocemfevalencia.org\/wp-content\/uploads\/2024\/11\/COCEMFE-CV-dona-mascarillas-a-punto-recogida-COCEMFE-Valencia.jpg","width":1400,"height":1055},{"@type":"BreadcrumbList","@id":"https:\/\/cocemfevalencia.org\/es\/cocemfe-cv-y-cocemfe-valencia-unen-esfuerzos-para-canalizar-la-ayuda-a-las-personas-con-discapacidad-afectadas-por-la-dana\/#breadcrumb","itemListElement":[{"@type":"ListItem","position":1,"name":"Portada","item":"https:\/\/cocemfevalencia.org\/es\/"},{"@type":"ListItem","position":2,"name":"COCEMFE CV y COCEMFE Valencia unen esfuerzos para canalizar la ayuda a las personas con discapacidad afectadas por la dana"}]},{"@type":"WebSite","@id":"https:\/\/cocemfevalencia.org\/es\/#website","url":"https:\/\/cocemfevalencia.org\/es\/","name":"Cocemfe Valencia","description":"FEDERACI\u00d3N DE ASOCIACIONES DE PERSONAS CON DISCAPACIDAD F\u00cdSICA Y ORG\u00c1NICA DE LA PROV\u00cdNCIA DE VALENCIA","publisher":{"@id":"https:\/\/cocemfevalencia.org\/es\/#organization"},"potentialAction":[{"@type":"SearchAction","target":{"@type":"EntryPoint","urlTemplate":"https:\/\/cocemfevalencia.org\/es\/?s={search_term_string}"},"query-input":{"@type":"PropertyValueSpecification","valueRequired":true,"valueName":"search_term_string"}}],"inLanguage":"es"},{"@type":"Organization","@id":"https:\/\/cocemfevalencia.org\/es\/#organization","name":"Cocemfe Valencia","url":"https:\/\/cocemfevalencia.org\/es\/","logo":{"@type":"ImageObject","inLanguage":"es","@id":"https:\/\/cocemfevalencia.org\/es\/#\/schema\/logo\/image\/","url":"https:\/\/cocemfevalencia.org\/wp-content\/uploads\/2023\/03\/0312-Horizontal-una-linea-larga-rgb-positivo-Tricolor.png","contentUrl":"https:\/\/cocemfevalencia.org\/wp-content\/uploads\/2023\/03\/0312-Horizontal-una-linea-larga-rgb-positivo-Tricolor.png","width":2334,"height":613,"caption":"Cocemfe Valencia"},"image":{"@id":"https:\/\/cocemfevalencia.org\/es\/#\/schema\/logo\/image\/"},"sameAs":["https:\/\/www.facebook.com\/cocemfe.valencia","https:\/\/x.com\/COCEMFEValencia"]},{"@type":"Person","@id":"https:\/\/cocemfevalencia.org\/es\/#\/schema\/person\/84dc42180efe17bdafa0a7a8702d24c8","name":"comunicacio","image":{"@type":"ImageObject","inLanguage":"es","@id":"https:\/\/secure.gravatar.com\/avatar\/cc921e89975f546bc4139f170e59e0d573a099452a8a989eb18e18cda2e7227a?s=96&d=mm&r=g","url":"https:\/\/secure.gravatar.com\/avatar\/cc921e89975f546bc4139f170e59e0d573a099452a8a989eb18e18cda2e7227a?s=96&d=mm&r=g","contentUrl":"https:\/\/secure.gravatar.com\/avatar\/cc921e89975f546bc4139f170e59e0d573a099452a8a989eb18e18cda2e7227a?s=96&d=mm&r=g","caption":"comunicacio"}}]}},"_links":{"self":[{"href":"https:\/\/cocemfevalencia.org\/es\/wp-json\/wp\/v2\/posts\/14917","targetHints":{"allow":["GET"]}}],"collection":[{"href":"https:\/\/cocemfevalencia.org\/es\/wp-json\/wp\/v2\/posts"}],"about":[{"href":"https:\/\/cocemfevalencia.org\/es\/wp-json\/wp\/v2\/types\/post"}],"author":[{"embeddable":true,"href":"https:\/\/cocemfevalencia.org\/es\/wp-json\/wp\/v2\/users\/5"}],"replies":[{"embeddable":true,"href":"https:\/\/cocemfevalencia.org\/es\/wp-json\/wp\/v2\/comments?post=14917"}],"version-history":[{"count":1,"href":"https:\/\/cocemfevalencia.org\/es\/wp-json\/wp\/v2\/posts\/14917\/revisions"}],"predecessor-version":[{"id":14920,"href":"https:\/\/cocemfevalencia.org\/es\/wp-json\/wp\/v2\/posts\/14917\/revisions\/14920"}],"wp:featuredmedia":[{"embeddable":true,"href":"https:\/\/cocemfevalencia.org\/es\/wp-json\/wp\/v2\/media\/14918"}],"wp:attachment":[{"href":"https:\/\/cocemfevalencia.org\/es\/wp-json\/wp\/v2\/media?parent=14917"}],"wp:term":[{"taxonomy":"category","embeddable":true,"href":"https:\/\/cocemfevalencia.org\/es\/wp-json\/wp\/v2\/categories?post=14917"},{"taxonomy":"post_tag","embeddable":true,"href":"https:\/\/cocemfevalencia.org\/es\/wp-json\/wp\/v2\/tags?post=14917"}],"curies":[{"name":"wp","href":"https:\/\/api.w.org\/{rel}","templated":true}]}}