{"id":14921,"date":"2024-11-06T14:57:08","date_gmt":"2024-11-06T13:57:08","guid":{"rendered":"https:\/\/cocemfevalencia.org\/?p=14921"},"modified":"2024-11-12T08:59:18","modified_gmt":"2024-11-12T07:59:18","slug":"cocemfe-cv-y-cocemfe-valencia-reciben-las-primeras-peticiones-de-ayuda-de-personas-con-discapacidad-afectadas-por-la-dana","status":"publish","type":"post","link":"https:\/\/cocemfevalencia.org\/es\/cocemfe-cv-y-cocemfe-valencia-reciben-las-primeras-peticiones-de-ayuda-de-personas-con-discapacidad-afectadas-por-la-dana\/","title":{"rendered":"COCEMFE CV y COCEMFE Valencia reciben las primeras peticiones de ayuda de personas con discapacidad afectadas por la dana"},"content":{"rendered":"<ul>\n<li><strong>COCEMFE Valencia recibe una decena de solicitudes por parte de personas con discapacidad y m\u00e1s de 30 ofrecimientos de ayuda material y voluntaria<\/strong><\/li>\n<li><strong>Las entidades han coordinado ya un primer env\u00edo de material sanitario al centro log\u00edstico ubicado en el pabell\u00f3n \u2018El Quint\u2019 de Mislata<\/strong><\/li>\n<\/ul>\n<p>&nbsp;<\/p>\n<p>El punto de solicitud de ayuda a personas con discapacidad afectadas por la dana habilitado el pasado lunes por la Federaci\u00f3 d\u2019Associacions de Persones amb Discapacitat F\u00edsica i Org\u00e0nica de la provincia de Val\u00e8ncia, COCEMFE Val\u00e8ncia, ha recibido un total de 8 peticiones de ayuda a las que la entidad est\u00e1 respondiendo en estos momentos.<\/p>\n<p>Entre las peticiones recibidas se encuentran principalmente solicitudes de material ortoprot\u00e9sico como sillas de ruedas, tanto manuales como el\u00e9ctricas, para reponer p\u00e9rdidas en poblaciones como Alfafar o el suministro de medicaci\u00f3n para un miembro de la Asociaci\u00f3n de Fibrosis Qu\u00edstica que se encuentra en el municipio de Chiva.<\/p>\n<p>Para hacer frente a estas necesidades, COCEMFE Valencia responde a trav\u00e9s de dos v\u00edas. Por un lado, participa en el circuito de ayudas t\u00e9cnicas y de autonom\u00eda personal organizado por el Comit\u00e9 de Entidades Representantes de Personas con Discapacidad, CERMI CV, y la Conselleria de Sanitat para reponer aquellos materiales prescritos a trav\u00e9s de receta m\u00e9dica. Y, por otro, trata de cruzar las solicitudes de sillas de ruedas, andadores o bastones perdidos sin prescripci\u00f3n m\u00e9dica con los ofrecimientos de este tipo de materiales.<\/p>\n<p>La presidenta de la entidad, Mar\u00eda Jos\u00e9 Mart\u00ednez, ha recordado que las personas con discapacidad pueden ponerse en contacto para solicitar la ayuda en el tel\u00e9fono 963 83 77 08: \u201cAnimamos a las personas con discapacidad, familiares o asociaciones a que contacten con nosotros para poder canalizar la ayuda que necesiten en cada momento. La situaci\u00f3n puede ser cambiante y queremos adaptar nuestra respuesta a cada caso\u201d, ha indicado.<\/p>\n<p><strong>Mapeo de necesidades y punto de recogida<\/strong><\/p>\n<p>Para hacer frente a las necesidades de las personas con discapacidad, COCEMFE Val\u00e8ncia est\u00e1 realizando un mapeo de personas afectadas y para dar respuesta ha establecido un punto de recogida de materiales espec\u00edficos en su sede, ubicada en la calle Torres n\u00famero 12, bajo izquierda, en horario de 9:00 a 15:00 horas, de lunes a viernes. El espacio ha recibido ya un total de 29 ofrecimientos de ayuda que incluyen, por un lado, donaciones materiales de sillas de ruedas, el\u00e9ctricas y manuales, andadores, bastones o dispensarios de insulina y, por otro lado, ofrecimientos voluntarios de servicio de transporte, apoyo psicol\u00f3gico gratuitos, reparaciones de sillas de ruedas o, incluso, alojamiento para una persona con movilidad reducida en caso de que fuera necesario.<\/p>\n<p>Hasta el momento, COCEMFE Val\u00e8ncia, en colaboraci\u00f3n con la Confederaci\u00f3n de Personas con Discapacidad F\u00edsica y Org\u00e1nica de la Comunitat Valenciana, COCEMFE CV, ha realizado un primer env\u00edo de material sanitario, compuesto por m\u00e1s de 5.000 mascarillas y protectores de zapatos, hacia el centro log\u00edstico habilitado por el Ayuntamiento de Mislata en el pabell\u00f3n \u2018El Quint\u2019.<\/p>\n<p>El presidente de COCEMFE CV, Albert Marin, ha agradecido la respuesta obtenida hasta el momento: \u201cEstamos muy agradecidos a las personas que han donado materiales y que han ofrecido su colaboraci\u00f3n voluntaria porque en 24 horas de funcionamiento de los servicios estamos pudiendo dar respuesta a las personas que m\u00e1s lo necesitan\u201d, ha manifestado.<\/p>\n<p>&nbsp;<\/p>\n<p>Visitas: 14<\/p>","protected":false},"excerpt":{"rendered":"<p>COCEMFE Valencia recibe una decena de solicitudes por parte de personas con discapacidad y m\u00e1s de 30 ofrecimientos de ayuda material y voluntaria Las entidades han coordinado ya un primer env\u00edo de material sanitario al centro log\u00edstico ubicado en el pabell\u00f3n \u2018El Quint\u2019 de Mislata &nbsp; El punto de solicitud de ayuda a personas con&hellip;&nbsp;<a href=\"https:\/\/cocemfevalencia.org\/es\/cocemfe-cv-y-cocemfe-valencia-reciben-las-primeras-peticiones-de-ayuda-de-personas-con-discapacidad-afectadas-por-la-dana\/\" rel=\"bookmark\">Leer m\u00e1s &raquo;<span class=\"screen-reader-text\">COCEMFE CV y COCEMFE Valencia reciben las primeras peticiones de ayuda de personas con discapacidad afectadas por la dana<\/span><\/a><\/p>\n","protected":false},"author":5,"featured_media":14922,"comment_status":"closed","ping_status":"closed","sticky":false,"template":"","format":"standard","meta":{"rop_custom_images_group":[],"rop_custom_messages_group":[],"rop_publish_now":"initial","rop_publish_now_accounts":[],"rop_publish_now_history":[],"rop_publish_now_status":"pending","neve_meta_sidebar":"","neve_meta_container":"","neve_meta_enable_content_width":"off","neve_meta_content_width":70,"neve_meta_title_alignment":"","neve_meta_author_avatar":"","neve_post_elements_order":"","neve_meta_disable_header":"","neve_meta_disable_footer":"","neve_meta_disable_title":"","footnotes":""},"categories":[123],"tags":[595,597,596],"class_list":["post-14921","post","type-post","status-publish","format-standard","has-post-thumbnail","hentry","category-noticias-val","tag-ayudas-dana","tag-dana","tag-dana-valencia"],"yoast_head":"<!-- This site is optimized with the Yoast SEO plugin v27.3 - https:\/\/yoast.com\/product\/yoast-seo-wordpress\/ -->\n<title>COCEMFE CV y COCEMFE Valencia reciben las primeras peticiones de ayuda de personas con discapacidad afectadas por la dana - Cocemfe Valencia<\/title>\n<meta name=\"robots\" content=\"index, follow, max-snippet:-1, max-image-preview:large, max-video-preview:-1\" \/>\n<link rel=\"canonical\" href=\"https:\/\/cocemfevalencia.org\/es\/cocemfe-cv-y-cocemfe-valencia-reciben-las-primeras-peticiones-de-ayuda-de-personas-con-discapacidad-afectadas-por-la-dana\/\" \/>\n<meta property=\"og:locale\" content=\"es_ES\" \/>\n<meta property=\"og:type\" content=\"article\" \/>\n<meta property=\"og:title\" content=\"COCEMFE CV y COCEMFE Valencia reciben las primeras peticiones de ayuda de personas con discapacidad afectadas por la dana - Cocemfe Valencia\" \/>\n<meta property=\"og:description\" content=\"COCEMFE Valencia recibe una decena de solicitudes por parte de personas con discapacidad y m\u00e1s de 30 ofrecimientos de ayuda material y voluntaria Las entidades han coordinado ya un primer env\u00edo de material sanitario al centro log\u00edstico ubicado en el pabell\u00f3n \u2018El Quint\u2019 de Mislata &nbsp; El punto de solicitud de ayuda a personas con&hellip;&nbsp;Leer m\u00e1s &raquo;COCEMFE CV y COCEMFE Valencia reciben las primeras peticiones de ayuda de personas con discapacidad afectadas por la dana\" \/>\n<meta property=\"og:url\" content=\"https:\/\/cocemfevalencia.org\/es\/cocemfe-cv-y-cocemfe-valencia-reciben-las-primeras-peticiones-de-ayuda-de-personas-con-discapacidad-afectadas-por-la-dana\/\" \/>\n<meta property=\"og:site_name\" content=\"Cocemfe Valencia\" \/>\n<meta property=\"article:publisher\" content=\"https:\/\/www.facebook.com\/cocemfe.valencia\" \/>\n<meta property=\"article:published_time\" content=\"2024-11-06T13:57:08+00:00\" \/>\n<meta property=\"article:modified_time\" content=\"2024-11-12T07:59:18+00:00\" \/>\n<meta property=\"og:image\" content=\"https:\/\/cocemfevalencia.org\/wp-content\/uploads\/2024\/11\/NP_COCEMFE-CV-y-COCEMFE-Valencia_Primeras_ayudas_02-1-scaled.jpg\" \/>\n\t<meta property=\"og:image:width\" content=\"2560\" \/>\n\t<meta property=\"og:image:height\" content=\"1920\" \/>\n\t<meta property=\"og:image:type\" content=\"image\/jpeg\" \/>\n<meta name=\"author\" content=\"comunicacio\" \/>\n<meta name=\"twitter:card\" content=\"summary_large_image\" \/>\n<meta name=\"twitter:creator\" content=\"@COCEMFEValencia\" \/>\n<meta name=\"twitter:site\" content=\"@COCEMFEValencia\" \/>\n<meta name=\"twitter:label1\" content=\"Escrito por\" \/>\n\t<meta name=\"twitter:data1\" content=\"comunicacio\" \/>\n\t<meta name=\"twitter:label2\" content=\"Tiempo de lectura\" \/>\n\t<meta name=\"twitter:data2\" content=\"4 minutos\" \/>\n<script type=\"application\/ld+json\" class=\"yoast-schema-graph\">{\"@context\":\"https:\\\/\\\/schema.org\",\"@graph\":[{\"@type\":\"Article\",\"@id\":\"https:\\\/\\\/cocemfevalencia.org\\\/es\\\/cocemfe-cv-y-cocemfe-valencia-reciben-las-primeras-peticiones-de-ayuda-de-personas-con-discapacidad-afectadas-por-la-dana\\\/#article\",\"isPartOf\":{\"@id\":\"https:\\\/\\\/cocemfevalencia.org\\\/es\\\/cocemfe-cv-y-cocemfe-valencia-reciben-las-primeras-peticiones-de-ayuda-de-personas-con-discapacidad-afectadas-por-la-dana\\\/\"},\"author\":{\"name\":\"comunicacio\",\"@id\":\"https:\\\/\\\/cocemfevalencia.org\\\/es\\\/#\\\/schema\\\/person\\\/84dc42180efe17bdafa0a7a8702d24c8\"},\"headline\":\"COCEMFE CV y COCEMFE Valencia reciben las primeras peticiones de ayuda de personas con discapacidad afectadas por la dana\",\"datePublished\":\"2024-11-06T13:57:08+00:00\",\"dateModified\":\"2024-11-12T07:59:18+00:00\",\"mainEntityOfPage\":{\"@id\":\"https:\\\/\\\/cocemfevalencia.org\\\/es\\\/cocemfe-cv-y-cocemfe-valencia-reciben-las-primeras-peticiones-de-ayuda-de-personas-con-discapacidad-afectadas-por-la-dana\\\/\"},\"wordCount\":590,\"publisher\":{\"@id\":\"https:\\\/\\\/cocemfevalencia.org\\\/es\\\/#organization\"},\"image\":{\"@id\":\"https:\\\/\\\/cocemfevalencia.org\\\/es\\\/cocemfe-cv-y-cocemfe-valencia-reciben-las-primeras-peticiones-de-ayuda-de-personas-con-discapacidad-afectadas-por-la-dana\\\/#primaryimage\"},\"thumbnailUrl\":\"https:\\\/\\\/cocemfevalencia.org\\\/wp-content\\\/uploads\\\/2024\\\/11\\\/NP_COCEMFE-CV-y-COCEMFE-Valencia_Primeras_ayudas_02-1-scaled.jpg\",\"keywords\":[\"Ayudas dana\",\"DANA\",\"dana valencia\"],\"articleSection\":[\"Not\u00edcies\"],\"inLanguage\":\"es\"},{\"@type\":\"WebPage\",\"@id\":\"https:\\\/\\\/cocemfevalencia.org\\\/es\\\/cocemfe-cv-y-cocemfe-valencia-reciben-las-primeras-peticiones-de-ayuda-de-personas-con-discapacidad-afectadas-por-la-dana\\\/\",\"url\":\"https:\\\/\\\/cocemfevalencia.org\\\/es\\\/cocemfe-cv-y-cocemfe-valencia-reciben-las-primeras-peticiones-de-ayuda-de-personas-con-discapacidad-afectadas-por-la-dana\\\/\",\"name\":\"COCEMFE CV y COCEMFE Valencia reciben las primeras peticiones de ayuda de personas con discapacidad afectadas por la dana - Cocemfe Valencia\",\"isPartOf\":{\"@id\":\"https:\\\/\\\/cocemfevalencia.org\\\/es\\\/#website\"},\"primaryImageOfPage\":{\"@id\":\"https:\\\/\\\/cocemfevalencia.org\\\/es\\\/cocemfe-cv-y-cocemfe-valencia-reciben-las-primeras-peticiones-de-ayuda-de-personas-con-discapacidad-afectadas-por-la-dana\\\/#primaryimage\"},\"image\":{\"@id\":\"https:\\\/\\\/cocemfevalencia.org\\\/es\\\/cocemfe-cv-y-cocemfe-valencia-reciben-las-primeras-peticiones-de-ayuda-de-personas-con-discapacidad-afectadas-por-la-dana\\\/#primaryimage\"},\"thumbnailUrl\":\"https:\\\/\\\/cocemfevalencia.org\\\/wp-content\\\/uploads\\\/2024\\\/11\\\/NP_COCEMFE-CV-y-COCEMFE-Valencia_Primeras_ayudas_02-1-scaled.jpg\",\"datePublished\":\"2024-11-06T13:57:08+00:00\",\"dateModified\":\"2024-11-12T07:59:18+00:00\",\"breadcrumb\":{\"@id\":\"https:\\\/\\\/cocemfevalencia.org\\\/es\\\/cocemfe-cv-y-cocemfe-valencia-reciben-las-primeras-peticiones-de-ayuda-de-personas-con-discapacidad-afectadas-por-la-dana\\\/#breadcrumb\"},\"inLanguage\":\"es\",\"potentialAction\":[{\"@type\":\"ReadAction\",\"target\":[\"https:\\\/\\\/cocemfevalencia.org\\\/es\\\/cocemfe-cv-y-cocemfe-valencia-reciben-las-primeras-peticiones-de-ayuda-de-personas-con-discapacidad-afectadas-por-la-dana\\\/\"]}]},{\"@type\":\"ImageObject\",\"inLanguage\":\"es\",\"@id\":\"https:\\\/\\\/cocemfevalencia.org\\\/es\\\/cocemfe-cv-y-cocemfe-valencia-reciben-las-primeras-peticiones-de-ayuda-de-personas-con-discapacidad-afectadas-por-la-dana\\\/#primaryimage\",\"url\":\"https:\\\/\\\/cocemfevalencia.org\\\/wp-content\\\/uploads\\\/2024\\\/11\\\/NP_COCEMFE-CV-y-COCEMFE-Valencia_Primeras_ayudas_02-1-scaled.jpg\",\"contentUrl\":\"https:\\\/\\\/cocemfevalencia.org\\\/wp-content\\\/uploads\\\/2024\\\/11\\\/NP_COCEMFE-CV-y-COCEMFE-Valencia_Primeras_ayudas_02-1-scaled.jpg\",\"width\":2560,\"height\":1920},{\"@type\":\"BreadcrumbList\",\"@id\":\"https:\\\/\\\/cocemfevalencia.org\\\/es\\\/cocemfe-cv-y-cocemfe-valencia-reciben-las-primeras-peticiones-de-ayuda-de-personas-con-discapacidad-afectadas-por-la-dana\\\/#breadcrumb\",\"itemListElement\":[{\"@type\":\"ListItem\",\"position\":1,\"name\":\"Portada\",\"item\":\"https:\\\/\\\/cocemfevalencia.org\\\/es\\\/\"},{\"@type\":\"ListItem\",\"position\":2,\"name\":\"COCEMFE CV y COCEMFE Valencia reciben las primeras peticiones de ayuda de personas con discapacidad afectadas por la dana\"}]},{\"@type\":\"WebSite\",\"@id\":\"https:\\\/\\\/cocemfevalencia.org\\\/es\\\/#website\",\"url\":\"https:\\\/\\\/cocemfevalencia.org\\\/es\\\/\",\"name\":\"Cocemfe Valencia\",\"description\":\"FEDERACI\u00d3N DE ASOCIACIONES DE PERSONAS CON DISCAPACIDAD F\u00cdSICA Y ORG\u00c1NICA DE LA PROV\u00cdNCIA DE VALENCIA\",\"publisher\":{\"@id\":\"https:\\\/\\\/cocemfevalencia.org\\\/es\\\/#organization\"},\"potentialAction\":[{\"@type\":\"SearchAction\",\"target\":{\"@type\":\"EntryPoint\",\"urlTemplate\":\"https:\\\/\\\/cocemfevalencia.org\\\/es\\\/?s={search_term_string}\"},\"query-input\":{\"@type\":\"PropertyValueSpecification\",\"valueRequired\":true,\"valueName\":\"search_term_string\"}}],\"inLanguage\":\"es\"},{\"@type\":\"Organization\",\"@id\":\"https:\\\/\\\/cocemfevalencia.org\\\/es\\\/#organization\",\"name\":\"Cocemfe Valencia\",\"url\":\"https:\\\/\\\/cocemfevalencia.org\\\/es\\\/\",\"logo\":{\"@type\":\"ImageObject\",\"inLanguage\":\"es\",\"@id\":\"https:\\\/\\\/cocemfevalencia.org\\\/es\\\/#\\\/schema\\\/logo\\\/image\\\/\",\"url\":\"https:\\\/\\\/cocemfevalencia.org\\\/wp-content\\\/uploads\\\/2023\\\/03\\\/0312-Horizontal-una-linea-larga-rgb-positivo-Tricolor.png\",\"contentUrl\":\"https:\\\/\\\/cocemfevalencia.org\\\/wp-content\\\/uploads\\\/2023\\\/03\\\/0312-Horizontal-una-linea-larga-rgb-positivo-Tricolor.png\",\"width\":2334,\"height\":613,\"caption\":\"Cocemfe Valencia\"},\"image\":{\"@id\":\"https:\\\/\\\/cocemfevalencia.org\\\/es\\\/#\\\/schema\\\/logo\\\/image\\\/\"},\"sameAs\":[\"https:\\\/\\\/www.facebook.com\\\/cocemfe.valencia\",\"https:\\\/\\\/x.com\\\/COCEMFEValencia\"]},{\"@type\":\"Person\",\"@id\":\"https:\\\/\\\/cocemfevalencia.org\\\/es\\\/#\\\/schema\\\/person\\\/84dc42180efe17bdafa0a7a8702d24c8\",\"name\":\"comunicacio\",\"image\":{\"@type\":\"ImageObject\",\"inLanguage\":\"es\",\"@id\":\"https:\\\/\\\/secure.gravatar.com\\\/avatar\\\/cc921e89975f546bc4139f170e59e0d573a099452a8a989eb18e18cda2e7227a?s=96&d=mm&r=g\",\"url\":\"https:\\\/\\\/secure.gravatar.com\\\/avatar\\\/cc921e89975f546bc4139f170e59e0d573a099452a8a989eb18e18cda2e7227a?s=96&d=mm&r=g\",\"contentUrl\":\"https:\\\/\\\/secure.gravatar.com\\\/avatar\\\/cc921e89975f546bc4139f170e59e0d573a099452a8a989eb18e18cda2e7227a?s=96&d=mm&r=g\",\"caption\":\"comunicacio\"}}]}<\/script>\n<!-- \/ Yoast SEO plugin. -->","yoast_head_json":{"title":"COCEMFE CV y COCEMFE Valencia reciben las primeras peticiones de ayuda de personas con discapacidad afectadas por la dana - Cocemfe Valencia","robots":{"index":"index","follow":"follow","max-snippet":"max-snippet:-1","max-image-preview":"max-image-preview:large","max-video-preview":"max-video-preview:-1"},"canonical":"https:\/\/cocemfevalencia.org\/es\/cocemfe-cv-y-cocemfe-valencia-reciben-las-primeras-peticiones-de-ayuda-de-personas-con-discapacidad-afectadas-por-la-dana\/","og_locale":"es_ES","og_type":"article","og_title":"COCEMFE CV y COCEMFE Valencia reciben las primeras peticiones de ayuda de personas con discapacidad afectadas por la dana - Cocemfe Valencia","og_description":"COCEMFE Valencia recibe una decena de solicitudes por parte de personas con discapacidad y m\u00e1s de 30 ofrecimientos de ayuda material y voluntaria Las entidades han coordinado ya un primer env\u00edo de material sanitario al centro log\u00edstico ubicado en el pabell\u00f3n \u2018El Quint\u2019 de Mislata &nbsp; El punto de solicitud de ayuda a personas con&hellip;&nbsp;Leer m\u00e1s &raquo;COCEMFE CV y COCEMFE Valencia reciben las primeras peticiones de ayuda de personas con discapacidad afectadas por la dana","og_url":"https:\/\/cocemfevalencia.org\/es\/cocemfe-cv-y-cocemfe-valencia-reciben-las-primeras-peticiones-de-ayuda-de-personas-con-discapacidad-afectadas-por-la-dana\/","og_site_name":"Cocemfe Valencia","article_publisher":"https:\/\/www.facebook.com\/cocemfe.valencia","article_published_time":"2024-11-06T13:57:08+00:00","article_modified_time":"2024-11-12T07:59:18+00:00","og_image":[{"width":2560,"height":1920,"url":"https:\/\/cocemfevalencia.org\/wp-content\/uploads\/2024\/11\/NP_COCEMFE-CV-y-COCEMFE-Valencia_Primeras_ayudas_02-1-scaled.jpg","type":"image\/jpeg"}],"author":"comunicacio","twitter_card":"summary_large_image","twitter_creator":"@COCEMFEValencia","twitter_site":"@COCEMFEValencia","twitter_misc":{"Escrito por":"comunicacio","Tiempo de lectura":"4 minutos"},"schema":{"@context":"https:\/\/schema.org","@graph":[{"@type":"Article","@id":"https:\/\/cocemfevalencia.org\/es\/cocemfe-cv-y-cocemfe-valencia-reciben-las-primeras-peticiones-de-ayuda-de-personas-con-discapacidad-afectadas-por-la-dana\/#article","isPartOf":{"@id":"https:\/\/cocemfevalencia.org\/es\/cocemfe-cv-y-cocemfe-valencia-reciben-las-primeras-peticiones-de-ayuda-de-personas-con-discapacidad-afectadas-por-la-dana\/"},"author":{"name":"comunicacio","@id":"https:\/\/cocemfevalencia.org\/es\/#\/schema\/person\/84dc42180efe17bdafa0a7a8702d24c8"},"headline":"COCEMFE CV y COCEMFE Valencia reciben las primeras peticiones de ayuda de personas con discapacidad afectadas por la dana","datePublished":"2024-11-06T13:57:08+00:00","dateModified":"2024-11-12T07:59:18+00:00","mainEntityOfPage":{"@id":"https:\/\/cocemfevalencia.org\/es\/cocemfe-cv-y-cocemfe-valencia-reciben-las-primeras-peticiones-de-ayuda-de-personas-con-discapacidad-afectadas-por-la-dana\/"},"wordCount":590,"publisher":{"@id":"https:\/\/cocemfevalencia.org\/es\/#organization"},"image":{"@id":"https:\/\/cocemfevalencia.org\/es\/cocemfe-cv-y-cocemfe-valencia-reciben-las-primeras-peticiones-de-ayuda-de-personas-con-discapacidad-afectadas-por-la-dana\/#primaryimage"},"thumbnailUrl":"https:\/\/cocemfevalencia.org\/wp-content\/uploads\/2024\/11\/NP_COCEMFE-CV-y-COCEMFE-Valencia_Primeras_ayudas_02-1-scaled.jpg","keywords":["Ayudas dana","DANA","dana valencia"],"articleSection":["Not\u00edcies"],"inLanguage":"es"},{"@type":"WebPage","@id":"https:\/\/cocemfevalencia.org\/es\/cocemfe-cv-y-cocemfe-valencia-reciben-las-primeras-peticiones-de-ayuda-de-personas-con-discapacidad-afectadas-por-la-dana\/","url":"https:\/\/cocemfevalencia.org\/es\/cocemfe-cv-y-cocemfe-valencia-reciben-las-primeras-peticiones-de-ayuda-de-personas-con-discapacidad-afectadas-por-la-dana\/","name":"COCEMFE CV y COCEMFE Valencia reciben las primeras peticiones de ayuda de personas con discapacidad afectadas por la dana - Cocemfe Valencia","isPartOf":{"@id":"https:\/\/cocemfevalencia.org\/es\/#website"},"primaryImageOfPage":{"@id":"https:\/\/cocemfevalencia.org\/es\/cocemfe-cv-y-cocemfe-valencia-reciben-las-primeras-peticiones-de-ayuda-de-personas-con-discapacidad-afectadas-por-la-dana\/#primaryimage"},"image":{"@id":"https:\/\/cocemfevalencia.org\/es\/cocemfe-cv-y-cocemfe-valencia-reciben-las-primeras-peticiones-de-ayuda-de-personas-con-discapacidad-afectadas-por-la-dana\/#primaryimage"},"thumbnailUrl":"https:\/\/cocemfevalencia.org\/wp-content\/uploads\/2024\/11\/NP_COCEMFE-CV-y-COCEMFE-Valencia_Primeras_ayudas_02-1-scaled.jpg","datePublished":"2024-11-06T13:57:08+00:00","dateModified":"2024-11-12T07:59:18+00:00","breadcrumb":{"@id":"https:\/\/cocemfevalencia.org\/es\/cocemfe-cv-y-cocemfe-valencia-reciben-las-primeras-peticiones-de-ayuda-de-personas-con-discapacidad-afectadas-por-la-dana\/#breadcrumb"},"inLanguage":"es","potentialAction":[{"@type":"ReadAction","target":["https:\/\/cocemfevalencia.org\/es\/cocemfe-cv-y-cocemfe-valencia-reciben-las-primeras-peticiones-de-ayuda-de-personas-con-discapacidad-afectadas-por-la-dana\/"]}]},{"@type":"ImageObject","inLanguage":"es","@id":"https:\/\/cocemfevalencia.org\/es\/cocemfe-cv-y-cocemfe-valencia-reciben-las-primeras-peticiones-de-ayuda-de-personas-con-discapacidad-afectadas-por-la-dana\/#primaryimage","url":"https:\/\/cocemfevalencia.org\/wp-content\/uploads\/2024\/11\/NP_COCEMFE-CV-y-COCEMFE-Valencia_Primeras_ayudas_02-1-scaled.jpg","contentUrl":"https:\/\/cocemfevalencia.org\/wp-content\/uploads\/2024\/11\/NP_COCEMFE-CV-y-COCEMFE-Valencia_Primeras_ayudas_02-1-scaled.jpg","width":2560,"height":1920},{"@type":"BreadcrumbList","@id":"https:\/\/cocemfevalencia.org\/es\/cocemfe-cv-y-cocemfe-valencia-reciben-las-primeras-peticiones-de-ayuda-de-personas-con-discapacidad-afectadas-por-la-dana\/#breadcrumb","itemListElement":[{"@type":"ListItem","position":1,"name":"Portada","item":"https:\/\/cocemfevalencia.org\/es\/"},{"@type":"ListItem","position":2,"name":"COCEMFE CV y COCEMFE Valencia reciben las primeras peticiones de ayuda de personas con discapacidad afectadas por la dana"}]},{"@type":"WebSite","@id":"https:\/\/cocemfevalencia.org\/es\/#website","url":"https:\/\/cocemfevalencia.org\/es\/","name":"Cocemfe Valencia","description":"FEDERACI\u00d3N DE ASOCIACIONES DE PERSONAS CON DISCAPACIDAD F\u00cdSICA Y ORG\u00c1NICA DE LA PROV\u00cdNCIA DE VALENCIA","publisher":{"@id":"https:\/\/cocemfevalencia.org\/es\/#organization"},"potentialAction":[{"@type":"SearchAction","target":{"@type":"EntryPoint","urlTemplate":"https:\/\/cocemfevalencia.org\/es\/?s={search_term_string}"},"query-input":{"@type":"PropertyValueSpecification","valueRequired":true,"valueName":"search_term_string"}}],"inLanguage":"es"},{"@type":"Organization","@id":"https:\/\/cocemfevalencia.org\/es\/#organization","name":"Cocemfe Valencia","url":"https:\/\/cocemfevalencia.org\/es\/","logo":{"@type":"ImageObject","inLanguage":"es","@id":"https:\/\/cocemfevalencia.org\/es\/#\/schema\/logo\/image\/","url":"https:\/\/cocemfevalencia.org\/wp-content\/uploads\/2023\/03\/0312-Horizontal-una-linea-larga-rgb-positivo-Tricolor.png","contentUrl":"https:\/\/cocemfevalencia.org\/wp-content\/uploads\/2023\/03\/0312-Horizontal-una-linea-larga-rgb-positivo-Tricolor.png","width":2334,"height":613,"caption":"Cocemfe Valencia"},"image":{"@id":"https:\/\/cocemfevalencia.org\/es\/#\/schema\/logo\/image\/"},"sameAs":["https:\/\/www.facebook.com\/cocemfe.valencia","https:\/\/x.com\/COCEMFEValencia"]},{"@type":"Person","@id":"https:\/\/cocemfevalencia.org\/es\/#\/schema\/person\/84dc42180efe17bdafa0a7a8702d24c8","name":"comunicacio","image":{"@type":"ImageObject","inLanguage":"es","@id":"https:\/\/secure.gravatar.com\/avatar\/cc921e89975f546bc4139f170e59e0d573a099452a8a989eb18e18cda2e7227a?s=96&d=mm&r=g","url":"https:\/\/secure.gravatar.com\/avatar\/cc921e89975f546bc4139f170e59e0d573a099452a8a989eb18e18cda2e7227a?s=96&d=mm&r=g","contentUrl":"https:\/\/secure.gravatar.com\/avatar\/cc921e89975f546bc4139f170e59e0d573a099452a8a989eb18e18cda2e7227a?s=96&d=mm&r=g","caption":"comunicacio"}}]}},"_links":{"self":[{"href":"https:\/\/cocemfevalencia.org\/es\/wp-json\/wp\/v2\/posts\/14921","targetHints":{"allow":["GET"]}}],"collection":[{"href":"https:\/\/cocemfevalencia.org\/es\/wp-json\/wp\/v2\/posts"}],"about":[{"href":"https:\/\/cocemfevalencia.org\/es\/wp-json\/wp\/v2\/types\/post"}],"author":[{"embeddable":true,"href":"https:\/\/cocemfevalencia.org\/es\/wp-json\/wp\/v2\/users\/5"}],"replies":[{"embeddable":true,"href":"https:\/\/cocemfevalencia.org\/es\/wp-json\/wp\/v2\/comments?post=14921"}],"version-history":[{"count":1,"href":"https:\/\/cocemfevalencia.org\/es\/wp-json\/wp\/v2\/posts\/14921\/revisions"}],"predecessor-version":[{"id":14924,"href":"https:\/\/cocemfevalencia.org\/es\/wp-json\/wp\/v2\/posts\/14921\/revisions\/14924"}],"wp:featuredmedia":[{"embeddable":true,"href":"https:\/\/cocemfevalencia.org\/es\/wp-json\/wp\/v2\/media\/14922"}],"wp:attachment":[{"href":"https:\/\/cocemfevalencia.org\/es\/wp-json\/wp\/v2\/media?parent=14921"}],"wp:term":[{"taxonomy":"category","embeddable":true,"href":"https:\/\/cocemfevalencia.org\/es\/wp-json\/wp\/v2\/categories?post=14921"},{"taxonomy":"post_tag","embeddable":true,"href":"https:\/\/cocemfevalencia.org\/es\/wp-json\/wp\/v2\/tags?post=14921"}],"curies":[{"name":"wp","href":"https:\/\/api.w.org\/{rel}","templated":true}]}}