{"id":14925,"date":"2024-11-07T12:59:32","date_gmt":"2024-11-07T11:59:32","guid":{"rendered":"https:\/\/cocemfevalencia.org\/?p=14925"},"modified":"2024-11-12T09:01:29","modified_gmt":"2024-11-12T08:01:29","slug":"cocemfe-cv-y-cocemfe-valencia-adaptan-su-protocolo-de-ayuda-por-la-dana-a-los-tiempos-de-la-discapacidad-fisica","status":"publish","type":"post","link":"https:\/\/cocemfevalencia.org\/es\/cocemfe-cv-y-cocemfe-valencia-adaptan-su-protocolo-de-ayuda-por-la-dana-a-los-tiempos-de-la-discapacidad-fisica\/","title":{"rendered":"COCEMFE CV y COCEMFE Valencia adaptan su protocolo de ayuda por la dana a los tiempos de la discapacidad f\u00edsica"},"content":{"rendered":"<ul>\n<li><strong>La entidad seguir\u00e1 catalogando materiales recibidos para atender las necesidades actuales y futuras<\/strong><\/li>\n<li><strong>El peso de los materiales recibidos, como sillas de ruedas el\u00e9ctricas, y los problemas de accesibilidad a las poblaciones dificultan su entrega<\/strong><\/li>\n<\/ul>\n<p>&nbsp;<\/p>\n<p>Despu\u00e9s de dos jornadas en las que se ha recibido un aluvi\u00f3n de ofrecimientos de donaciones materiales, la Federaci\u00f3 d\u2019Associacions de Persones amb Discapacitat F\u00edsica i Org\u00e0nica de la provincia de Val\u00e8ncia, COCEMFE Val\u00e8ncia, ha llevado a cabo una adaptaci\u00f3n de su protocolo de recogida de recursos debido a la dificultad de transportar dichos productos hasta las personas afectadas por problemas de accesibilidad en las diferentes poblaciones.<\/p>\n<p>La federaci\u00f3n habilit\u00f3, en su sede de la calle Torres 12, bajo izquierda de la ciudad de Valencia, el pasado lunes un punto de canalizaci\u00f3n de recursos dirigidos a las personas con discapacidad afectadas por la dana. La respuesta recibida, seg\u00fan defiende la presidenta, Mar\u00eda Jos\u00e9 Mart\u00ednez, \u201cest\u00e1 siendo incre\u00edble\u201d, y celebran que todas las solicitudes de ayuda urgente, como env\u00edo de f\u00e1rmacos o sillas de ruedas, hayan podido ser atendidas con agilidad.<\/p>\n<p>Es el caso de Montse, vecina de Picanya, que ha recibido este mediod\u00eda una silla de ruedas el\u00e9ctrica nueva ante la p\u00e9rdida de la suya por la dana. Despu\u00e9s de haber recibido la solicitud en COCEMFE Valencia, la ortopedia Rodem, colaboradora de la entidad, ha donado esta silla. Por otro lado, \u00c1lvaro, voluntario llegado desde la Cl\u00ednica con el Alma de Toledo, ha colaborado en su transporte hasta el municipio en coordinaci\u00f3n con Rodem. Esta ortopedia, adem\u00e1s, ha ofrecido sus servicios para reparar o reponer material ortoprot\u00e9sico da\u00f1ado por la dana.<\/p>\n<p>&nbsp;<\/p>\n<p><strong>Anticipaci\u00f3n a las necesidades futuras<\/strong><\/p>\n<p>Todo el material recibido en la sede se est\u00e1 cotejando con las peticiones de ayuda de personas con discapacidad a trav\u00e9s del tel\u00e9fono habilitado, el 963 83 77 08, pero los problemas de accesibilidad que persisten en determinadas poblaciones, sumado al peso de algunos de los materiales recibidos, todav\u00eda dificultan su entrega. \u201cEstamos hablando de herramientas como por ejemplo sillas el\u00e9ctricas que llegan a pesar 80 kilos y no pueden desplazarse por el fango\u201d, asegura Rub\u00e9n Beltr\u00e1n, t\u00e9cnico de la entidad.<\/p>\n<p>En vistas de la situaci\u00f3n, COCEMFE Comunitat Valenciana y COCEMFE Valencia seguir\u00e1n catalogando y priorizando las propuestas de donaciones recibidas para resolver solicitudes actuales y adelantarse a las posibles necesidades futuras, dado que, las 5 asociaciones federadas que cuentan con sedes en las zonas afectadas todav\u00eda no han podido acceder a sus respectivas sedes para evaluar los da\u00f1os.<\/p>\n<p>La presidenta de COCEMFE Val\u00e8ncia, Mar\u00eda Jos\u00e9 Mart\u00ednez, recuerda que los tiempos de las personas con discapacidad f\u00edsica son distintos: \u201cNuestras entidades no han podido evaluar posibles da\u00f1os en sus sedes porque no han podido acceder a causa de su condici\u00f3n de movilidad reducida y de las dificultades de acceso que todav\u00eda persisten. Adem\u00e1s, algunas de ellas, a\u00fan no han podido salir de su casa o recuperar las ayudas t\u00e9cnicas perdidas\u201d, ha indicado<\/p>\n<p>En este sentido, el presidente de COCEMFE CV, Albert Marin, subraya la necesidad de adaptarse a cada momento porque \u201ces posible que existan necesidades que a\u00fan se desconozcan: Debemos debemos atender las solicitudes de ayuda de forma concreta y ordenada y adelantarnos a las necesidades que puedan aparecer durante las pr\u00f3ximas semanas\u201d, ha concluido.<\/p>\n<p>Visitas: 34<\/p>","protected":false},"excerpt":{"rendered":"<p>La entidad seguir\u00e1 catalogando materiales recibidos para atender las necesidades actuales y futuras El peso de los materiales recibidos, como sillas de ruedas el\u00e9ctricas, y los problemas de accesibilidad a las poblaciones dificultan su entrega &nbsp; Despu\u00e9s de dos jornadas en las que se ha recibido un aluvi\u00f3n de ofrecimientos de donaciones materiales, la Federaci\u00f3&hellip;&nbsp;<a href=\"https:\/\/cocemfevalencia.org\/es\/cocemfe-cv-y-cocemfe-valencia-adaptan-su-protocolo-de-ayuda-por-la-dana-a-los-tiempos-de-la-discapacidad-fisica\/\" rel=\"bookmark\">Leer m\u00e1s &raquo;<span class=\"screen-reader-text\">COCEMFE CV y COCEMFE Valencia adaptan su protocolo de ayuda por la dana a los tiempos de la discapacidad f\u00edsica<\/span><\/a><\/p>\n","protected":false},"author":5,"featured_media":14926,"comment_status":"closed","ping_status":"closed","sticky":false,"template":"","format":"standard","meta":{"rop_custom_images_group":[],"rop_custom_messages_group":[],"rop_publish_now":"initial","rop_publish_now_accounts":[],"rop_publish_now_history":[],"rop_publish_now_status":"pending","neve_meta_sidebar":"","neve_meta_container":"","neve_meta_enable_content_width":"off","neve_meta_content_width":70,"neve_meta_title_alignment":"","neve_meta_author_avatar":"","neve_post_elements_order":"","neve_meta_disable_header":"","neve_meta_disable_footer":"","neve_meta_disable_title":"","footnotes":""},"categories":[123],"tags":[595,596,148],"class_list":["post-14925","post","type-post","status-publish","format-standard","has-post-thumbnail","hentry","category-noticias-val","tag-ayudas-dana","tag-dana-valencia","tag-discapacidad-val"],"yoast_head":"<!-- This site is optimized with the Yoast SEO plugin v27.3 - https:\/\/yoast.com\/product\/yoast-seo-wordpress\/ -->\n<title>COCEMFE CV y COCEMFE Valencia adaptan su protocolo de ayuda por la dana a los tiempos de la discapacidad f\u00edsica - Cocemfe Valencia<\/title>\n<meta name=\"robots\" content=\"index, follow, max-snippet:-1, max-image-preview:large, max-video-preview:-1\" \/>\n<link rel=\"canonical\" href=\"https:\/\/cocemfevalencia.org\/es\/cocemfe-cv-y-cocemfe-valencia-adaptan-su-protocolo-de-ayuda-por-la-dana-a-los-tiempos-de-la-discapacidad-fisica\/\" \/>\n<meta property=\"og:locale\" content=\"es_ES\" \/>\n<meta property=\"og:type\" content=\"article\" \/>\n<meta property=\"og:title\" content=\"COCEMFE CV y COCEMFE Valencia adaptan su protocolo de ayuda por la dana a los tiempos de la discapacidad f\u00edsica - Cocemfe Valencia\" \/>\n<meta property=\"og:description\" content=\"La entidad seguir\u00e1 catalogando materiales recibidos para atender las necesidades actuales y futuras El peso de los materiales recibidos, como sillas de ruedas el\u00e9ctricas, y los problemas de accesibilidad a las poblaciones dificultan su entrega &nbsp; Despu\u00e9s de dos jornadas en las que se ha recibido un aluvi\u00f3n de ofrecimientos de donaciones materiales, la Federaci\u00f3&hellip;&nbsp;Leer m\u00e1s &raquo;COCEMFE CV y COCEMFE Valencia adaptan su protocolo de ayuda por la dana a los tiempos de la discapacidad f\u00edsica\" \/>\n<meta property=\"og:url\" content=\"https:\/\/cocemfevalencia.org\/es\/cocemfe-cv-y-cocemfe-valencia-adaptan-su-protocolo-de-ayuda-por-la-dana-a-los-tiempos-de-la-discapacidad-fisica\/\" \/>\n<meta property=\"og:site_name\" content=\"Cocemfe Valencia\" \/>\n<meta property=\"article:publisher\" content=\"https:\/\/www.facebook.com\/cocemfe.valencia\" \/>\n<meta property=\"article:published_time\" content=\"2024-11-07T11:59:32+00:00\" \/>\n<meta property=\"article:modified_time\" content=\"2024-11-12T08:01:29+00:00\" \/>\n<meta property=\"og:image\" content=\"https:\/\/cocemfevalencia.org\/wp-content\/uploads\/2024\/11\/WhatsApp-Image-2024-11-07-at-12.36.00.jpeg\" \/>\n\t<meta property=\"og:image:width\" content=\"2048\" \/>\n\t<meta property=\"og:image:height\" content=\"1536\" \/>\n\t<meta property=\"og:image:type\" content=\"image\/jpeg\" \/>\n<meta name=\"author\" content=\"comunicacio\" \/>\n<meta name=\"twitter:card\" content=\"summary_large_image\" \/>\n<meta name=\"twitter:creator\" content=\"@COCEMFEValencia\" \/>\n<meta name=\"twitter:site\" content=\"@COCEMFEValencia\" \/>\n<meta name=\"twitter:label1\" content=\"Escrito por\" \/>\n\t<meta name=\"twitter:data1\" content=\"comunicacio\" \/>\n\t<meta name=\"twitter:label2\" content=\"Tiempo de lectura\" \/>\n\t<meta name=\"twitter:data2\" content=\"4 minutos\" \/>\n<script type=\"application\/ld+json\" class=\"yoast-schema-graph\">{\"@context\":\"https:\\\/\\\/schema.org\",\"@graph\":[{\"@type\":\"Article\",\"@id\":\"https:\\\/\\\/cocemfevalencia.org\\\/es\\\/cocemfe-cv-y-cocemfe-valencia-adaptan-su-protocolo-de-ayuda-por-la-dana-a-los-tiempos-de-la-discapacidad-fisica\\\/#article\",\"isPartOf\":{\"@id\":\"https:\\\/\\\/cocemfevalencia.org\\\/es\\\/cocemfe-cv-y-cocemfe-valencia-adaptan-su-protocolo-de-ayuda-por-la-dana-a-los-tiempos-de-la-discapacidad-fisica\\\/\"},\"author\":{\"name\":\"comunicacio\",\"@id\":\"https:\\\/\\\/cocemfevalencia.org\\\/es\\\/#\\\/schema\\\/person\\\/84dc42180efe17bdafa0a7a8702d24c8\"},\"headline\":\"COCEMFE CV y COCEMFE Valencia adaptan su protocolo de ayuda por la dana a los tiempos de la discapacidad f\u00edsica\",\"datePublished\":\"2024-11-07T11:59:32+00:00\",\"dateModified\":\"2024-11-12T08:01:29+00:00\",\"mainEntityOfPage\":{\"@id\":\"https:\\\/\\\/cocemfevalencia.org\\\/es\\\/cocemfe-cv-y-cocemfe-valencia-adaptan-su-protocolo-de-ayuda-por-la-dana-a-los-tiempos-de-la-discapacidad-fisica\\\/\"},\"wordCount\":603,\"publisher\":{\"@id\":\"https:\\\/\\\/cocemfevalencia.org\\\/es\\\/#organization\"},\"image\":{\"@id\":\"https:\\\/\\\/cocemfevalencia.org\\\/es\\\/cocemfe-cv-y-cocemfe-valencia-adaptan-su-protocolo-de-ayuda-por-la-dana-a-los-tiempos-de-la-discapacidad-fisica\\\/#primaryimage\"},\"thumbnailUrl\":\"https:\\\/\\\/cocemfevalencia.org\\\/wp-content\\\/uploads\\\/2024\\\/11\\\/WhatsApp-Image-2024-11-07-at-12.36.00.jpeg\",\"keywords\":[\"Ayudas dana\",\"dana valencia\",\"discapacidad\"],\"articleSection\":[\"Not\u00edcies\"],\"inLanguage\":\"es\"},{\"@type\":\"WebPage\",\"@id\":\"https:\\\/\\\/cocemfevalencia.org\\\/es\\\/cocemfe-cv-y-cocemfe-valencia-adaptan-su-protocolo-de-ayuda-por-la-dana-a-los-tiempos-de-la-discapacidad-fisica\\\/\",\"url\":\"https:\\\/\\\/cocemfevalencia.org\\\/es\\\/cocemfe-cv-y-cocemfe-valencia-adaptan-su-protocolo-de-ayuda-por-la-dana-a-los-tiempos-de-la-discapacidad-fisica\\\/\",\"name\":\"COCEMFE CV y COCEMFE Valencia adaptan su protocolo de ayuda por la dana a los tiempos de la discapacidad f\u00edsica - Cocemfe Valencia\",\"isPartOf\":{\"@id\":\"https:\\\/\\\/cocemfevalencia.org\\\/es\\\/#website\"},\"primaryImageOfPage\":{\"@id\":\"https:\\\/\\\/cocemfevalencia.org\\\/es\\\/cocemfe-cv-y-cocemfe-valencia-adaptan-su-protocolo-de-ayuda-por-la-dana-a-los-tiempos-de-la-discapacidad-fisica\\\/#primaryimage\"},\"image\":{\"@id\":\"https:\\\/\\\/cocemfevalencia.org\\\/es\\\/cocemfe-cv-y-cocemfe-valencia-adaptan-su-protocolo-de-ayuda-por-la-dana-a-los-tiempos-de-la-discapacidad-fisica\\\/#primaryimage\"},\"thumbnailUrl\":\"https:\\\/\\\/cocemfevalencia.org\\\/wp-content\\\/uploads\\\/2024\\\/11\\\/WhatsApp-Image-2024-11-07-at-12.36.00.jpeg\",\"datePublished\":\"2024-11-07T11:59:32+00:00\",\"dateModified\":\"2024-11-12T08:01:29+00:00\",\"breadcrumb\":{\"@id\":\"https:\\\/\\\/cocemfevalencia.org\\\/es\\\/cocemfe-cv-y-cocemfe-valencia-adaptan-su-protocolo-de-ayuda-por-la-dana-a-los-tiempos-de-la-discapacidad-fisica\\\/#breadcrumb\"},\"inLanguage\":\"es\",\"potentialAction\":[{\"@type\":\"ReadAction\",\"target\":[\"https:\\\/\\\/cocemfevalencia.org\\\/es\\\/cocemfe-cv-y-cocemfe-valencia-adaptan-su-protocolo-de-ayuda-por-la-dana-a-los-tiempos-de-la-discapacidad-fisica\\\/\"]}]},{\"@type\":\"ImageObject\",\"inLanguage\":\"es\",\"@id\":\"https:\\\/\\\/cocemfevalencia.org\\\/es\\\/cocemfe-cv-y-cocemfe-valencia-adaptan-su-protocolo-de-ayuda-por-la-dana-a-los-tiempos-de-la-discapacidad-fisica\\\/#primaryimage\",\"url\":\"https:\\\/\\\/cocemfevalencia.org\\\/wp-content\\\/uploads\\\/2024\\\/11\\\/WhatsApp-Image-2024-11-07-at-12.36.00.jpeg\",\"contentUrl\":\"https:\\\/\\\/cocemfevalencia.org\\\/wp-content\\\/uploads\\\/2024\\\/11\\\/WhatsApp-Image-2024-11-07-at-12.36.00.jpeg\",\"width\":2048,\"height\":1536},{\"@type\":\"BreadcrumbList\",\"@id\":\"https:\\\/\\\/cocemfevalencia.org\\\/es\\\/cocemfe-cv-y-cocemfe-valencia-adaptan-su-protocolo-de-ayuda-por-la-dana-a-los-tiempos-de-la-discapacidad-fisica\\\/#breadcrumb\",\"itemListElement\":[{\"@type\":\"ListItem\",\"position\":1,\"name\":\"Portada\",\"item\":\"https:\\\/\\\/cocemfevalencia.org\\\/es\\\/\"},{\"@type\":\"ListItem\",\"position\":2,\"name\":\"COCEMFE CV y COCEMFE Valencia adaptan su protocolo de ayuda por la dana a los tiempos de la discapacidad f\u00edsica\"}]},{\"@type\":\"WebSite\",\"@id\":\"https:\\\/\\\/cocemfevalencia.org\\\/es\\\/#website\",\"url\":\"https:\\\/\\\/cocemfevalencia.org\\\/es\\\/\",\"name\":\"Cocemfe Valencia\",\"description\":\"FEDERACI\u00d3N DE ASOCIACIONES DE PERSONAS CON DISCAPACIDAD F\u00cdSICA Y ORG\u00c1NICA DE LA PROV\u00cdNCIA DE VALENCIA\",\"publisher\":{\"@id\":\"https:\\\/\\\/cocemfevalencia.org\\\/es\\\/#organization\"},\"potentialAction\":[{\"@type\":\"SearchAction\",\"target\":{\"@type\":\"EntryPoint\",\"urlTemplate\":\"https:\\\/\\\/cocemfevalencia.org\\\/es\\\/?s={search_term_string}\"},\"query-input\":{\"@type\":\"PropertyValueSpecification\",\"valueRequired\":true,\"valueName\":\"search_term_string\"}}],\"inLanguage\":\"es\"},{\"@type\":\"Organization\",\"@id\":\"https:\\\/\\\/cocemfevalencia.org\\\/es\\\/#organization\",\"name\":\"Cocemfe Valencia\",\"url\":\"https:\\\/\\\/cocemfevalencia.org\\\/es\\\/\",\"logo\":{\"@type\":\"ImageObject\",\"inLanguage\":\"es\",\"@id\":\"https:\\\/\\\/cocemfevalencia.org\\\/es\\\/#\\\/schema\\\/logo\\\/image\\\/\",\"url\":\"https:\\\/\\\/cocemfevalencia.org\\\/wp-content\\\/uploads\\\/2023\\\/03\\\/0312-Horizontal-una-linea-larga-rgb-positivo-Tricolor.png\",\"contentUrl\":\"https:\\\/\\\/cocemfevalencia.org\\\/wp-content\\\/uploads\\\/2023\\\/03\\\/0312-Horizontal-una-linea-larga-rgb-positivo-Tricolor.png\",\"width\":2334,\"height\":613,\"caption\":\"Cocemfe Valencia\"},\"image\":{\"@id\":\"https:\\\/\\\/cocemfevalencia.org\\\/es\\\/#\\\/schema\\\/logo\\\/image\\\/\"},\"sameAs\":[\"https:\\\/\\\/www.facebook.com\\\/cocemfe.valencia\",\"https:\\\/\\\/x.com\\\/COCEMFEValencia\"]},{\"@type\":\"Person\",\"@id\":\"https:\\\/\\\/cocemfevalencia.org\\\/es\\\/#\\\/schema\\\/person\\\/84dc42180efe17bdafa0a7a8702d24c8\",\"name\":\"comunicacio\",\"image\":{\"@type\":\"ImageObject\",\"inLanguage\":\"es\",\"@id\":\"https:\\\/\\\/secure.gravatar.com\\\/avatar\\\/cc921e89975f546bc4139f170e59e0d573a099452a8a989eb18e18cda2e7227a?s=96&d=mm&r=g\",\"url\":\"https:\\\/\\\/secure.gravatar.com\\\/avatar\\\/cc921e89975f546bc4139f170e59e0d573a099452a8a989eb18e18cda2e7227a?s=96&d=mm&r=g\",\"contentUrl\":\"https:\\\/\\\/secure.gravatar.com\\\/avatar\\\/cc921e89975f546bc4139f170e59e0d573a099452a8a989eb18e18cda2e7227a?s=96&d=mm&r=g\",\"caption\":\"comunicacio\"}}]}<\/script>\n<!-- \/ Yoast SEO plugin. -->","yoast_head_json":{"title":"COCEMFE CV y COCEMFE Valencia adaptan su protocolo de ayuda por la dana a los tiempos de la discapacidad f\u00edsica - Cocemfe Valencia","robots":{"index":"index","follow":"follow","max-snippet":"max-snippet:-1","max-image-preview":"max-image-preview:large","max-video-preview":"max-video-preview:-1"},"canonical":"https:\/\/cocemfevalencia.org\/es\/cocemfe-cv-y-cocemfe-valencia-adaptan-su-protocolo-de-ayuda-por-la-dana-a-los-tiempos-de-la-discapacidad-fisica\/","og_locale":"es_ES","og_type":"article","og_title":"COCEMFE CV y COCEMFE Valencia adaptan su protocolo de ayuda por la dana a los tiempos de la discapacidad f\u00edsica - Cocemfe Valencia","og_description":"La entidad seguir\u00e1 catalogando materiales recibidos para atender las necesidades actuales y futuras El peso de los materiales recibidos, como sillas de ruedas el\u00e9ctricas, y los problemas de accesibilidad a las poblaciones dificultan su entrega &nbsp; Despu\u00e9s de dos jornadas en las que se ha recibido un aluvi\u00f3n de ofrecimientos de donaciones materiales, la Federaci\u00f3&hellip;&nbsp;Leer m\u00e1s &raquo;COCEMFE CV y COCEMFE Valencia adaptan su protocolo de ayuda por la dana a los tiempos de la discapacidad f\u00edsica","og_url":"https:\/\/cocemfevalencia.org\/es\/cocemfe-cv-y-cocemfe-valencia-adaptan-su-protocolo-de-ayuda-por-la-dana-a-los-tiempos-de-la-discapacidad-fisica\/","og_site_name":"Cocemfe Valencia","article_publisher":"https:\/\/www.facebook.com\/cocemfe.valencia","article_published_time":"2024-11-07T11:59:32+00:00","article_modified_time":"2024-11-12T08:01:29+00:00","og_image":[{"width":2048,"height":1536,"url":"https:\/\/cocemfevalencia.org\/wp-content\/uploads\/2024\/11\/WhatsApp-Image-2024-11-07-at-12.36.00.jpeg","type":"image\/jpeg"}],"author":"comunicacio","twitter_card":"summary_large_image","twitter_creator":"@COCEMFEValencia","twitter_site":"@COCEMFEValencia","twitter_misc":{"Escrito por":"comunicacio","Tiempo de lectura":"4 minutos"},"schema":{"@context":"https:\/\/schema.org","@graph":[{"@type":"Article","@id":"https:\/\/cocemfevalencia.org\/es\/cocemfe-cv-y-cocemfe-valencia-adaptan-su-protocolo-de-ayuda-por-la-dana-a-los-tiempos-de-la-discapacidad-fisica\/#article","isPartOf":{"@id":"https:\/\/cocemfevalencia.org\/es\/cocemfe-cv-y-cocemfe-valencia-adaptan-su-protocolo-de-ayuda-por-la-dana-a-los-tiempos-de-la-discapacidad-fisica\/"},"author":{"name":"comunicacio","@id":"https:\/\/cocemfevalencia.org\/es\/#\/schema\/person\/84dc42180efe17bdafa0a7a8702d24c8"},"headline":"COCEMFE CV y COCEMFE Valencia adaptan su protocolo de ayuda por la dana a los tiempos de la discapacidad f\u00edsica","datePublished":"2024-11-07T11:59:32+00:00","dateModified":"2024-11-12T08:01:29+00:00","mainEntityOfPage":{"@id":"https:\/\/cocemfevalencia.org\/es\/cocemfe-cv-y-cocemfe-valencia-adaptan-su-protocolo-de-ayuda-por-la-dana-a-los-tiempos-de-la-discapacidad-fisica\/"},"wordCount":603,"publisher":{"@id":"https:\/\/cocemfevalencia.org\/es\/#organization"},"image":{"@id":"https:\/\/cocemfevalencia.org\/es\/cocemfe-cv-y-cocemfe-valencia-adaptan-su-protocolo-de-ayuda-por-la-dana-a-los-tiempos-de-la-discapacidad-fisica\/#primaryimage"},"thumbnailUrl":"https:\/\/cocemfevalencia.org\/wp-content\/uploads\/2024\/11\/WhatsApp-Image-2024-11-07-at-12.36.00.jpeg","keywords":["Ayudas dana","dana valencia","discapacidad"],"articleSection":["Not\u00edcies"],"inLanguage":"es"},{"@type":"WebPage","@id":"https:\/\/cocemfevalencia.org\/es\/cocemfe-cv-y-cocemfe-valencia-adaptan-su-protocolo-de-ayuda-por-la-dana-a-los-tiempos-de-la-discapacidad-fisica\/","url":"https:\/\/cocemfevalencia.org\/es\/cocemfe-cv-y-cocemfe-valencia-adaptan-su-protocolo-de-ayuda-por-la-dana-a-los-tiempos-de-la-discapacidad-fisica\/","name":"COCEMFE CV y COCEMFE Valencia adaptan su protocolo de ayuda por la dana a los tiempos de la discapacidad f\u00edsica - Cocemfe Valencia","isPartOf":{"@id":"https:\/\/cocemfevalencia.org\/es\/#website"},"primaryImageOfPage":{"@id":"https:\/\/cocemfevalencia.org\/es\/cocemfe-cv-y-cocemfe-valencia-adaptan-su-protocolo-de-ayuda-por-la-dana-a-los-tiempos-de-la-discapacidad-fisica\/#primaryimage"},"image":{"@id":"https:\/\/cocemfevalencia.org\/es\/cocemfe-cv-y-cocemfe-valencia-adaptan-su-protocolo-de-ayuda-por-la-dana-a-los-tiempos-de-la-discapacidad-fisica\/#primaryimage"},"thumbnailUrl":"https:\/\/cocemfevalencia.org\/wp-content\/uploads\/2024\/11\/WhatsApp-Image-2024-11-07-at-12.36.00.jpeg","datePublished":"2024-11-07T11:59:32+00:00","dateModified":"2024-11-12T08:01:29+00:00","breadcrumb":{"@id":"https:\/\/cocemfevalencia.org\/es\/cocemfe-cv-y-cocemfe-valencia-adaptan-su-protocolo-de-ayuda-por-la-dana-a-los-tiempos-de-la-discapacidad-fisica\/#breadcrumb"},"inLanguage":"es","potentialAction":[{"@type":"ReadAction","target":["https:\/\/cocemfevalencia.org\/es\/cocemfe-cv-y-cocemfe-valencia-adaptan-su-protocolo-de-ayuda-por-la-dana-a-los-tiempos-de-la-discapacidad-fisica\/"]}]},{"@type":"ImageObject","inLanguage":"es","@id":"https:\/\/cocemfevalencia.org\/es\/cocemfe-cv-y-cocemfe-valencia-adaptan-su-protocolo-de-ayuda-por-la-dana-a-los-tiempos-de-la-discapacidad-fisica\/#primaryimage","url":"https:\/\/cocemfevalencia.org\/wp-content\/uploads\/2024\/11\/WhatsApp-Image-2024-11-07-at-12.36.00.jpeg","contentUrl":"https:\/\/cocemfevalencia.org\/wp-content\/uploads\/2024\/11\/WhatsApp-Image-2024-11-07-at-12.36.00.jpeg","width":2048,"height":1536},{"@type":"BreadcrumbList","@id":"https:\/\/cocemfevalencia.org\/es\/cocemfe-cv-y-cocemfe-valencia-adaptan-su-protocolo-de-ayuda-por-la-dana-a-los-tiempos-de-la-discapacidad-fisica\/#breadcrumb","itemListElement":[{"@type":"ListItem","position":1,"name":"Portada","item":"https:\/\/cocemfevalencia.org\/es\/"},{"@type":"ListItem","position":2,"name":"COCEMFE CV y COCEMFE Valencia adaptan su protocolo de ayuda por la dana a los tiempos de la discapacidad f\u00edsica"}]},{"@type":"WebSite","@id":"https:\/\/cocemfevalencia.org\/es\/#website","url":"https:\/\/cocemfevalencia.org\/es\/","name":"Cocemfe Valencia","description":"FEDERACI\u00d3N DE ASOCIACIONES DE PERSONAS CON DISCAPACIDAD F\u00cdSICA Y ORG\u00c1NICA DE LA PROV\u00cdNCIA DE VALENCIA","publisher":{"@id":"https:\/\/cocemfevalencia.org\/es\/#organization"},"potentialAction":[{"@type":"SearchAction","target":{"@type":"EntryPoint","urlTemplate":"https:\/\/cocemfevalencia.org\/es\/?s={search_term_string}"},"query-input":{"@type":"PropertyValueSpecification","valueRequired":true,"valueName":"search_term_string"}}],"inLanguage":"es"},{"@type":"Organization","@id":"https:\/\/cocemfevalencia.org\/es\/#organization","name":"Cocemfe Valencia","url":"https:\/\/cocemfevalencia.org\/es\/","logo":{"@type":"ImageObject","inLanguage":"es","@id":"https:\/\/cocemfevalencia.org\/es\/#\/schema\/logo\/image\/","url":"https:\/\/cocemfevalencia.org\/wp-content\/uploads\/2023\/03\/0312-Horizontal-una-linea-larga-rgb-positivo-Tricolor.png","contentUrl":"https:\/\/cocemfevalencia.org\/wp-content\/uploads\/2023\/03\/0312-Horizontal-una-linea-larga-rgb-positivo-Tricolor.png","width":2334,"height":613,"caption":"Cocemfe Valencia"},"image":{"@id":"https:\/\/cocemfevalencia.org\/es\/#\/schema\/logo\/image\/"},"sameAs":["https:\/\/www.facebook.com\/cocemfe.valencia","https:\/\/x.com\/COCEMFEValencia"]},{"@type":"Person","@id":"https:\/\/cocemfevalencia.org\/es\/#\/schema\/person\/84dc42180efe17bdafa0a7a8702d24c8","name":"comunicacio","image":{"@type":"ImageObject","inLanguage":"es","@id":"https:\/\/secure.gravatar.com\/avatar\/cc921e89975f546bc4139f170e59e0d573a099452a8a989eb18e18cda2e7227a?s=96&d=mm&r=g","url":"https:\/\/secure.gravatar.com\/avatar\/cc921e89975f546bc4139f170e59e0d573a099452a8a989eb18e18cda2e7227a?s=96&d=mm&r=g","contentUrl":"https:\/\/secure.gravatar.com\/avatar\/cc921e89975f546bc4139f170e59e0d573a099452a8a989eb18e18cda2e7227a?s=96&d=mm&r=g","caption":"comunicacio"}}]}},"_links":{"self":[{"href":"https:\/\/cocemfevalencia.org\/es\/wp-json\/wp\/v2\/posts\/14925","targetHints":{"allow":["GET"]}}],"collection":[{"href":"https:\/\/cocemfevalencia.org\/es\/wp-json\/wp\/v2\/posts"}],"about":[{"href":"https:\/\/cocemfevalencia.org\/es\/wp-json\/wp\/v2\/types\/post"}],"author":[{"embeddable":true,"href":"https:\/\/cocemfevalencia.org\/es\/wp-json\/wp\/v2\/users\/5"}],"replies":[{"embeddable":true,"href":"https:\/\/cocemfevalencia.org\/es\/wp-json\/wp\/v2\/comments?post=14925"}],"version-history":[{"count":1,"href":"https:\/\/cocemfevalencia.org\/es\/wp-json\/wp\/v2\/posts\/14925\/revisions"}],"predecessor-version":[{"id":14928,"href":"https:\/\/cocemfevalencia.org\/es\/wp-json\/wp\/v2\/posts\/14925\/revisions\/14928"}],"wp:featuredmedia":[{"embeddable":true,"href":"https:\/\/cocemfevalencia.org\/es\/wp-json\/wp\/v2\/media\/14926"}],"wp:attachment":[{"href":"https:\/\/cocemfevalencia.org\/es\/wp-json\/wp\/v2\/media?parent=14925"}],"wp:term":[{"taxonomy":"category","embeddable":true,"href":"https:\/\/cocemfevalencia.org\/es\/wp-json\/wp\/v2\/categories?post=14925"},{"taxonomy":"post_tag","embeddable":true,"href":"https:\/\/cocemfevalencia.org\/es\/wp-json\/wp\/v2\/tags?post=14925"}],"curies":[{"name":"wp","href":"https:\/\/api.w.org\/{rel}","templated":true}]}}