{"id":14982,"date":"2024-12-05T09:51:20","date_gmt":"2024-12-05T08:51:20","guid":{"rendered":"https:\/\/cocemfevalencia.org\/?p=14982"},"modified":"2024-12-05T09:51:20","modified_gmt":"2024-12-05T08:51:20","slug":"finaliza-te-acompano-el-curso-de-voluntariado-social-y-discapacidad-organizado-por-cocemfe-valencia","status":"publish","type":"post","link":"https:\/\/cocemfevalencia.org\/es\/finaliza-te-acompano-el-curso-de-voluntariado-social-y-discapacidad-organizado-por-cocemfe-valencia\/","title":{"rendered":"Finaliza\u00a0 &#8216;Te acompa\u00f1o&#8217;, el curso de voluntariado Social y discapacidad organizado por COCEMFE Valencia"},"content":{"rendered":"<p><span style=\"font-weight: 400\">Finaliza el curso Voluntariado Social y Discapacidad incluido en el proyecto &#8216;Te acompa\u00f1o: Voluntariado social para personas con discapacidad f\u00edsica y\/u org\u00e1nica&#8217;.<\/span><\/p>\n<p><span style=\"font-weight: 400\">En este curso de 15 horas de duraci\u00f3n, han participado 8 personas con y sin discapacidad que han tenido como objetivo la capacitaci\u00f3n de personas voluntarias en su \u00absaber hacer\u00bb (sus h\u00e1bitos y habilidades), en su \u00absaber\u00bb (sus conocimientos, su informaci\u00f3n) y en su \u00abser\u00bb (sus actitudes, su crecimiento personal, integral) con la finalidad de realizar una acci\u00f3n voluntaria de calidad con el colectivo de personas con discapacidad f\u00edsica y org\u00e1nica.<\/span><\/p>\n<p><span style=\"font-weight: 400\">Para concluir el curso se realiz\u00f3 una actividad de voluntariado en el Museo de Ciencias Naturales.<\/span><\/p>\n<p><span style=\"font-weight: 400\">Posteriormente las personas interesadas se incorporar\u00e1n al equipo de voluntariado de la entidad para prestar acciones de acompa\u00f1amiento a personas con discapacidad f\u00edsica y org\u00e1nica.<\/span><\/p>\n<p><span style=\"font-weight: 400\">Este curso se ha llevado a cabo gracias a la subvenci\u00f3n de 2.500 euros procedente de la Convocatoria de \u201cAyudas destinadas a la financiaci\u00f3n de proyectos y actividades de promoci\u00f3n y fomento del voluntariado en la Comunitat Valenciana\u201d de Vicepresidencia y Conselleria de Servicios Sociales, Igualdad y Vivienda.<\/span><\/p>\n<p>&nbsp;<\/p>\n<p><img decoding=\"async\" class=\"size-medium wp-image-14979 aligncenter\" src=\"https:\/\/cocemfevalencia.org\/wp-content\/uploads\/2024\/12\/Vicepresidencia-y-Conselleria-de-Servicios-Sociales-Igualdad-y-Vivienda-CMYK-300x155.png\" alt=\"\" width=\"300\" height=\"155\" srcset=\"https:\/\/cocemfevalencia.org\/wp-content\/uploads\/2024\/12\/Vicepresidencia-y-Conselleria-de-Servicios-Sociales-Igualdad-y-Vivienda-CMYK-300x155.png 300w, https:\/\/cocemfevalencia.org\/wp-content\/uploads\/2024\/12\/Vicepresidencia-y-Conselleria-de-Servicios-Sociales-Igualdad-y-Vivienda-CMYK-1024x528.png 1024w, https:\/\/cocemfevalencia.org\/wp-content\/uploads\/2024\/12\/Vicepresidencia-y-Conselleria-de-Servicios-Sociales-Igualdad-y-Vivienda-CMYK-768x396.png 768w, https:\/\/cocemfevalencia.org\/wp-content\/uploads\/2024\/12\/Vicepresidencia-y-Conselleria-de-Servicios-Sociales-Igualdad-y-Vivienda-CMYK.png 1369w\" sizes=\"(max-width: 300px) 100vw, 300px\" \/><\/p>\n<p><br style=\"font-weight: 400\" \/><br \/>\n&nbsp;<\/p>\n<p>Visitas: 15<\/p>","protected":false},"excerpt":{"rendered":"<p>Finaliza el curso Voluntariado Social y Discapacidad incluido en el proyecto &#8216;Te acompa\u00f1o: Voluntariado social para personas con discapacidad f\u00edsica y\/u org\u00e1nica&#8217;. En este curso de 15 horas de duraci\u00f3n, han participado 8 personas con y sin discapacidad que han tenido como objetivo la capacitaci\u00f3n de personas voluntarias en su \u00absaber hacer\u00bb (sus h\u00e1bitos y&hellip;&nbsp;<a href=\"https:\/\/cocemfevalencia.org\/es\/finaliza-te-acompano-el-curso-de-voluntariado-social-y-discapacidad-organizado-por-cocemfe-valencia\/\" rel=\"bookmark\">Leer m\u00e1s &raquo;<span class=\"screen-reader-text\">Finaliza\u00a0 &#8216;Te acompa\u00f1o&#8217;, el curso de voluntariado Social y discapacidad organizado por COCEMFE Valencia<\/span><\/a><\/p>\n","protected":false},"author":5,"featured_media":14978,"comment_status":"closed","ping_status":"closed","sticky":false,"template":"","format":"standard","meta":{"rop_custom_images_group":[],"rop_custom_messages_group":[],"rop_publish_now":"initial","rop_publish_now_accounts":[],"rop_publish_now_history":[],"rop_publish_now_status":"pending","neve_meta_sidebar":"","neve_meta_container":"","neve_meta_enable_content_width":"off","neve_meta_content_width":70,"neve_meta_title_alignment":"","neve_meta_author_avatar":"","neve_post_elements_order":"","neve_meta_disable_header":"","neve_meta_disable_footer":"","neve_meta_disable_title":"","footnotes":""},"categories":[5],"tags":[393,594],"class_list":["post-14982","post","type-post","status-publish","format-standard","has-post-thumbnail","hentry","category-noticias","tag-formacion-es","tag-voluntariado-es"],"yoast_head":"<!-- This site is optimized with the Yoast SEO plugin v27.3 - https:\/\/yoast.com\/product\/yoast-seo-wordpress\/ -->\n<title>Finaliza\u00a0 &#039;Te acompa\u00f1o&#039;, el curso de voluntariado Social y discapacidad organizado por COCEMFE Valencia - Cocemfe Valencia<\/title>\n<meta name=\"robots\" content=\"index, follow, max-snippet:-1, max-image-preview:large, max-video-preview:-1\" \/>\n<link rel=\"canonical\" href=\"https:\/\/cocemfevalencia.org\/es\/finaliza-te-acompano-el-curso-de-voluntariado-social-y-discapacidad-organizado-por-cocemfe-valencia\/\" \/>\n<meta property=\"og:locale\" content=\"es_ES\" \/>\n<meta property=\"og:type\" content=\"article\" \/>\n<meta property=\"og:title\" content=\"Finaliza\u00a0 &#039;Te acompa\u00f1o&#039;, el curso de voluntariado Social y discapacidad organizado por COCEMFE Valencia - Cocemfe Valencia\" \/>\n<meta property=\"og:description\" content=\"Finaliza el curso Voluntariado Social y Discapacidad incluido en el proyecto &#8216;Te acompa\u00f1o: Voluntariado social para personas con discapacidad f\u00edsica y\/u org\u00e1nica&#8217;. En este curso de 15 horas de duraci\u00f3n, han participado 8 personas con y sin discapacidad que han tenido como objetivo la capacitaci\u00f3n de personas voluntarias en su \u00absaber hacer\u00bb (sus h\u00e1bitos y&hellip;&nbsp;Leer m\u00e1s &raquo;Finaliza\u00a0 &#8216;Te acompa\u00f1o&#8217;, el curso de voluntariado Social y discapacidad organizado por COCEMFE Valencia\" \/>\n<meta property=\"og:url\" content=\"https:\/\/cocemfevalencia.org\/es\/finaliza-te-acompano-el-curso-de-voluntariado-social-y-discapacidad-organizado-por-cocemfe-valencia\/\" \/>\n<meta property=\"og:site_name\" content=\"Cocemfe Valencia\" \/>\n<meta property=\"article:publisher\" content=\"https:\/\/www.facebook.com\/cocemfe.valencia\" \/>\n<meta property=\"article:published_time\" content=\"2024-12-05T08:51:20+00:00\" \/>\n<meta property=\"og:image\" content=\"https:\/\/cocemfevalencia.org\/wp-content\/uploads\/2024\/12\/CURSO-FINALIZACION-1.jpeg\" \/>\n\t<meta property=\"og:image:width\" content=\"1736\" \/>\n\t<meta property=\"og:image:height\" content=\"1736\" \/>\n\t<meta property=\"og:image:type\" content=\"image\/jpeg\" \/>\n<meta name=\"author\" content=\"comunicacio\" \/>\n<meta name=\"twitter:card\" content=\"summary_large_image\" \/>\n<meta name=\"twitter:creator\" content=\"@COCEMFEValencia\" \/>\n<meta name=\"twitter:site\" content=\"@COCEMFEValencia\" \/>\n<meta name=\"twitter:label1\" content=\"Escrito por\" \/>\n\t<meta name=\"twitter:data1\" content=\"comunicacio\" \/>\n\t<meta name=\"twitter:label2\" content=\"Tiempo de lectura\" \/>\n\t<meta name=\"twitter:data2\" content=\"2 minutos\" \/>\n<script type=\"application\/ld+json\" class=\"yoast-schema-graph\">{\"@context\":\"https:\\\/\\\/schema.org\",\"@graph\":[{\"@type\":\"Article\",\"@id\":\"https:\\\/\\\/cocemfevalencia.org\\\/es\\\/finaliza-te-acompano-el-curso-de-voluntariado-social-y-discapacidad-organizado-por-cocemfe-valencia\\\/#article\",\"isPartOf\":{\"@id\":\"https:\\\/\\\/cocemfevalencia.org\\\/es\\\/finaliza-te-acompano-el-curso-de-voluntariado-social-y-discapacidad-organizado-por-cocemfe-valencia\\\/\"},\"author\":{\"name\":\"comunicacio\",\"@id\":\"https:\\\/\\\/cocemfevalencia.org\\\/es\\\/#\\\/schema\\\/person\\\/84dc42180efe17bdafa0a7a8702d24c8\"},\"headline\":\"Finaliza\u00a0 &#8216;Te acompa\u00f1o&#8217;, el curso de voluntariado Social y discapacidad organizado por COCEMFE Valencia\",\"datePublished\":\"2024-12-05T08:51:20+00:00\",\"mainEntityOfPage\":{\"@id\":\"https:\\\/\\\/cocemfevalencia.org\\\/es\\\/finaliza-te-acompano-el-curso-de-voluntariado-social-y-discapacidad-organizado-por-cocemfe-valencia\\\/\"},\"wordCount\":214,\"publisher\":{\"@id\":\"https:\\\/\\\/cocemfevalencia.org\\\/es\\\/#organization\"},\"image\":{\"@id\":\"https:\\\/\\\/cocemfevalencia.org\\\/es\\\/finaliza-te-acompano-el-curso-de-voluntariado-social-y-discapacidad-organizado-por-cocemfe-valencia\\\/#primaryimage\"},\"thumbnailUrl\":\"https:\\\/\\\/cocemfevalencia.org\\\/wp-content\\\/uploads\\\/2024\\\/12\\\/CURSO-FINALIZACION-1.jpeg\",\"keywords\":[\"Formaci\u00f3n\",\"voluntariado\"],\"articleSection\":[\"Not\u00edcies\"],\"inLanguage\":\"es\"},{\"@type\":\"WebPage\",\"@id\":\"https:\\\/\\\/cocemfevalencia.org\\\/es\\\/finaliza-te-acompano-el-curso-de-voluntariado-social-y-discapacidad-organizado-por-cocemfe-valencia\\\/\",\"url\":\"https:\\\/\\\/cocemfevalencia.org\\\/es\\\/finaliza-te-acompano-el-curso-de-voluntariado-social-y-discapacidad-organizado-por-cocemfe-valencia\\\/\",\"name\":\"Finaliza\u00a0 'Te acompa\u00f1o', el curso de voluntariado Social y discapacidad organizado por COCEMFE Valencia - Cocemfe Valencia\",\"isPartOf\":{\"@id\":\"https:\\\/\\\/cocemfevalencia.org\\\/es\\\/#website\"},\"primaryImageOfPage\":{\"@id\":\"https:\\\/\\\/cocemfevalencia.org\\\/es\\\/finaliza-te-acompano-el-curso-de-voluntariado-social-y-discapacidad-organizado-por-cocemfe-valencia\\\/#primaryimage\"},\"image\":{\"@id\":\"https:\\\/\\\/cocemfevalencia.org\\\/es\\\/finaliza-te-acompano-el-curso-de-voluntariado-social-y-discapacidad-organizado-por-cocemfe-valencia\\\/#primaryimage\"},\"thumbnailUrl\":\"https:\\\/\\\/cocemfevalencia.org\\\/wp-content\\\/uploads\\\/2024\\\/12\\\/CURSO-FINALIZACION-1.jpeg\",\"datePublished\":\"2024-12-05T08:51:20+00:00\",\"breadcrumb\":{\"@id\":\"https:\\\/\\\/cocemfevalencia.org\\\/es\\\/finaliza-te-acompano-el-curso-de-voluntariado-social-y-discapacidad-organizado-por-cocemfe-valencia\\\/#breadcrumb\"},\"inLanguage\":\"es\",\"potentialAction\":[{\"@type\":\"ReadAction\",\"target\":[\"https:\\\/\\\/cocemfevalencia.org\\\/es\\\/finaliza-te-acompano-el-curso-de-voluntariado-social-y-discapacidad-organizado-por-cocemfe-valencia\\\/\"]}]},{\"@type\":\"ImageObject\",\"inLanguage\":\"es\",\"@id\":\"https:\\\/\\\/cocemfevalencia.org\\\/es\\\/finaliza-te-acompano-el-curso-de-voluntariado-social-y-discapacidad-organizado-por-cocemfe-valencia\\\/#primaryimage\",\"url\":\"https:\\\/\\\/cocemfevalencia.org\\\/wp-content\\\/uploads\\\/2024\\\/12\\\/CURSO-FINALIZACION-1.jpeg\",\"contentUrl\":\"https:\\\/\\\/cocemfevalencia.org\\\/wp-content\\\/uploads\\\/2024\\\/12\\\/CURSO-FINALIZACION-1.jpeg\",\"width\":1736,\"height\":1736},{\"@type\":\"BreadcrumbList\",\"@id\":\"https:\\\/\\\/cocemfevalencia.org\\\/es\\\/finaliza-te-acompano-el-curso-de-voluntariado-social-y-discapacidad-organizado-por-cocemfe-valencia\\\/#breadcrumb\",\"itemListElement\":[{\"@type\":\"ListItem\",\"position\":1,\"name\":\"Portada\",\"item\":\"https:\\\/\\\/cocemfevalencia.org\\\/es\\\/\"},{\"@type\":\"ListItem\",\"position\":2,\"name\":\"Finaliza\u00a0 &#8216;Te acompa\u00f1o&#8217;, el curso de voluntariado Social y discapacidad organizado por COCEMFE Valencia\"}]},{\"@type\":\"WebSite\",\"@id\":\"https:\\\/\\\/cocemfevalencia.org\\\/es\\\/#website\",\"url\":\"https:\\\/\\\/cocemfevalencia.org\\\/es\\\/\",\"name\":\"Cocemfe Valencia\",\"description\":\"FEDERACI\u00d3N DE ASOCIACIONES DE PERSONAS CON DISCAPACIDAD F\u00cdSICA Y ORG\u00c1NICA DE LA PROV\u00cdNCIA DE VALENCIA\",\"publisher\":{\"@id\":\"https:\\\/\\\/cocemfevalencia.org\\\/es\\\/#organization\"},\"potentialAction\":[{\"@type\":\"SearchAction\",\"target\":{\"@type\":\"EntryPoint\",\"urlTemplate\":\"https:\\\/\\\/cocemfevalencia.org\\\/es\\\/?s={search_term_string}\"},\"query-input\":{\"@type\":\"PropertyValueSpecification\",\"valueRequired\":true,\"valueName\":\"search_term_string\"}}],\"inLanguage\":\"es\"},{\"@type\":\"Organization\",\"@id\":\"https:\\\/\\\/cocemfevalencia.org\\\/es\\\/#organization\",\"name\":\"Cocemfe Valencia\",\"url\":\"https:\\\/\\\/cocemfevalencia.org\\\/es\\\/\",\"logo\":{\"@type\":\"ImageObject\",\"inLanguage\":\"es\",\"@id\":\"https:\\\/\\\/cocemfevalencia.org\\\/es\\\/#\\\/schema\\\/logo\\\/image\\\/\",\"url\":\"https:\\\/\\\/cocemfevalencia.org\\\/wp-content\\\/uploads\\\/2023\\\/03\\\/0312-Horizontal-una-linea-larga-rgb-positivo-Tricolor.png\",\"contentUrl\":\"https:\\\/\\\/cocemfevalencia.org\\\/wp-content\\\/uploads\\\/2023\\\/03\\\/0312-Horizontal-una-linea-larga-rgb-positivo-Tricolor.png\",\"width\":2334,\"height\":613,\"caption\":\"Cocemfe Valencia\"},\"image\":{\"@id\":\"https:\\\/\\\/cocemfevalencia.org\\\/es\\\/#\\\/schema\\\/logo\\\/image\\\/\"},\"sameAs\":[\"https:\\\/\\\/www.facebook.com\\\/cocemfe.valencia\",\"https:\\\/\\\/x.com\\\/COCEMFEValencia\"]},{\"@type\":\"Person\",\"@id\":\"https:\\\/\\\/cocemfevalencia.org\\\/es\\\/#\\\/schema\\\/person\\\/84dc42180efe17bdafa0a7a8702d24c8\",\"name\":\"comunicacio\",\"image\":{\"@type\":\"ImageObject\",\"inLanguage\":\"es\",\"@id\":\"https:\\\/\\\/secure.gravatar.com\\\/avatar\\\/cc921e89975f546bc4139f170e59e0d573a099452a8a989eb18e18cda2e7227a?s=96&d=mm&r=g\",\"url\":\"https:\\\/\\\/secure.gravatar.com\\\/avatar\\\/cc921e89975f546bc4139f170e59e0d573a099452a8a989eb18e18cda2e7227a?s=96&d=mm&r=g\",\"contentUrl\":\"https:\\\/\\\/secure.gravatar.com\\\/avatar\\\/cc921e89975f546bc4139f170e59e0d573a099452a8a989eb18e18cda2e7227a?s=96&d=mm&r=g\",\"caption\":\"comunicacio\"}}]}<\/script>\n<!-- \/ Yoast SEO plugin. -->","yoast_head_json":{"title":"Finaliza\u00a0 'Te acompa\u00f1o', el curso de voluntariado Social y discapacidad organizado por COCEMFE Valencia - Cocemfe Valencia","robots":{"index":"index","follow":"follow","max-snippet":"max-snippet:-1","max-image-preview":"max-image-preview:large","max-video-preview":"max-video-preview:-1"},"canonical":"https:\/\/cocemfevalencia.org\/es\/finaliza-te-acompano-el-curso-de-voluntariado-social-y-discapacidad-organizado-por-cocemfe-valencia\/","og_locale":"es_ES","og_type":"article","og_title":"Finaliza\u00a0 'Te acompa\u00f1o', el curso de voluntariado Social y discapacidad organizado por COCEMFE Valencia - Cocemfe Valencia","og_description":"Finaliza el curso Voluntariado Social y Discapacidad incluido en el proyecto &#8216;Te acompa\u00f1o: Voluntariado social para personas con discapacidad f\u00edsica y\/u org\u00e1nica&#8217;. En este curso de 15 horas de duraci\u00f3n, han participado 8 personas con y sin discapacidad que han tenido como objetivo la capacitaci\u00f3n de personas voluntarias en su \u00absaber hacer\u00bb (sus h\u00e1bitos y&hellip;&nbsp;Leer m\u00e1s &raquo;Finaliza\u00a0 &#8216;Te acompa\u00f1o&#8217;, el curso de voluntariado Social y discapacidad organizado por COCEMFE Valencia","og_url":"https:\/\/cocemfevalencia.org\/es\/finaliza-te-acompano-el-curso-de-voluntariado-social-y-discapacidad-organizado-por-cocemfe-valencia\/","og_site_name":"Cocemfe Valencia","article_publisher":"https:\/\/www.facebook.com\/cocemfe.valencia","article_published_time":"2024-12-05T08:51:20+00:00","og_image":[{"width":1736,"height":1736,"url":"https:\/\/cocemfevalencia.org\/wp-content\/uploads\/2024\/12\/CURSO-FINALIZACION-1.jpeg","type":"image\/jpeg"}],"author":"comunicacio","twitter_card":"summary_large_image","twitter_creator":"@COCEMFEValencia","twitter_site":"@COCEMFEValencia","twitter_misc":{"Escrito por":"comunicacio","Tiempo de lectura":"2 minutos"},"schema":{"@context":"https:\/\/schema.org","@graph":[{"@type":"Article","@id":"https:\/\/cocemfevalencia.org\/es\/finaliza-te-acompano-el-curso-de-voluntariado-social-y-discapacidad-organizado-por-cocemfe-valencia\/#article","isPartOf":{"@id":"https:\/\/cocemfevalencia.org\/es\/finaliza-te-acompano-el-curso-de-voluntariado-social-y-discapacidad-organizado-por-cocemfe-valencia\/"},"author":{"name":"comunicacio","@id":"https:\/\/cocemfevalencia.org\/es\/#\/schema\/person\/84dc42180efe17bdafa0a7a8702d24c8"},"headline":"Finaliza\u00a0 &#8216;Te acompa\u00f1o&#8217;, el curso de voluntariado Social y discapacidad organizado por COCEMFE Valencia","datePublished":"2024-12-05T08:51:20+00:00","mainEntityOfPage":{"@id":"https:\/\/cocemfevalencia.org\/es\/finaliza-te-acompano-el-curso-de-voluntariado-social-y-discapacidad-organizado-por-cocemfe-valencia\/"},"wordCount":214,"publisher":{"@id":"https:\/\/cocemfevalencia.org\/es\/#organization"},"image":{"@id":"https:\/\/cocemfevalencia.org\/es\/finaliza-te-acompano-el-curso-de-voluntariado-social-y-discapacidad-organizado-por-cocemfe-valencia\/#primaryimage"},"thumbnailUrl":"https:\/\/cocemfevalencia.org\/wp-content\/uploads\/2024\/12\/CURSO-FINALIZACION-1.jpeg","keywords":["Formaci\u00f3n","voluntariado"],"articleSection":["Not\u00edcies"],"inLanguage":"es"},{"@type":"WebPage","@id":"https:\/\/cocemfevalencia.org\/es\/finaliza-te-acompano-el-curso-de-voluntariado-social-y-discapacidad-organizado-por-cocemfe-valencia\/","url":"https:\/\/cocemfevalencia.org\/es\/finaliza-te-acompano-el-curso-de-voluntariado-social-y-discapacidad-organizado-por-cocemfe-valencia\/","name":"Finaliza\u00a0 'Te acompa\u00f1o', el curso de voluntariado Social y discapacidad organizado por COCEMFE Valencia - Cocemfe Valencia","isPartOf":{"@id":"https:\/\/cocemfevalencia.org\/es\/#website"},"primaryImageOfPage":{"@id":"https:\/\/cocemfevalencia.org\/es\/finaliza-te-acompano-el-curso-de-voluntariado-social-y-discapacidad-organizado-por-cocemfe-valencia\/#primaryimage"},"image":{"@id":"https:\/\/cocemfevalencia.org\/es\/finaliza-te-acompano-el-curso-de-voluntariado-social-y-discapacidad-organizado-por-cocemfe-valencia\/#primaryimage"},"thumbnailUrl":"https:\/\/cocemfevalencia.org\/wp-content\/uploads\/2024\/12\/CURSO-FINALIZACION-1.jpeg","datePublished":"2024-12-05T08:51:20+00:00","breadcrumb":{"@id":"https:\/\/cocemfevalencia.org\/es\/finaliza-te-acompano-el-curso-de-voluntariado-social-y-discapacidad-organizado-por-cocemfe-valencia\/#breadcrumb"},"inLanguage":"es","potentialAction":[{"@type":"ReadAction","target":["https:\/\/cocemfevalencia.org\/es\/finaliza-te-acompano-el-curso-de-voluntariado-social-y-discapacidad-organizado-por-cocemfe-valencia\/"]}]},{"@type":"ImageObject","inLanguage":"es","@id":"https:\/\/cocemfevalencia.org\/es\/finaliza-te-acompano-el-curso-de-voluntariado-social-y-discapacidad-organizado-por-cocemfe-valencia\/#primaryimage","url":"https:\/\/cocemfevalencia.org\/wp-content\/uploads\/2024\/12\/CURSO-FINALIZACION-1.jpeg","contentUrl":"https:\/\/cocemfevalencia.org\/wp-content\/uploads\/2024\/12\/CURSO-FINALIZACION-1.jpeg","width":1736,"height":1736},{"@type":"BreadcrumbList","@id":"https:\/\/cocemfevalencia.org\/es\/finaliza-te-acompano-el-curso-de-voluntariado-social-y-discapacidad-organizado-por-cocemfe-valencia\/#breadcrumb","itemListElement":[{"@type":"ListItem","position":1,"name":"Portada","item":"https:\/\/cocemfevalencia.org\/es\/"},{"@type":"ListItem","position":2,"name":"Finaliza\u00a0 &#8216;Te acompa\u00f1o&#8217;, el curso de voluntariado Social y discapacidad organizado por COCEMFE Valencia"}]},{"@type":"WebSite","@id":"https:\/\/cocemfevalencia.org\/es\/#website","url":"https:\/\/cocemfevalencia.org\/es\/","name":"Cocemfe Valencia","description":"FEDERACI\u00d3N DE ASOCIACIONES DE PERSONAS CON DISCAPACIDAD F\u00cdSICA Y ORG\u00c1NICA DE LA PROV\u00cdNCIA DE VALENCIA","publisher":{"@id":"https:\/\/cocemfevalencia.org\/es\/#organization"},"potentialAction":[{"@type":"SearchAction","target":{"@type":"EntryPoint","urlTemplate":"https:\/\/cocemfevalencia.org\/es\/?s={search_term_string}"},"query-input":{"@type":"PropertyValueSpecification","valueRequired":true,"valueName":"search_term_string"}}],"inLanguage":"es"},{"@type":"Organization","@id":"https:\/\/cocemfevalencia.org\/es\/#organization","name":"Cocemfe Valencia","url":"https:\/\/cocemfevalencia.org\/es\/","logo":{"@type":"ImageObject","inLanguage":"es","@id":"https:\/\/cocemfevalencia.org\/es\/#\/schema\/logo\/image\/","url":"https:\/\/cocemfevalencia.org\/wp-content\/uploads\/2023\/03\/0312-Horizontal-una-linea-larga-rgb-positivo-Tricolor.png","contentUrl":"https:\/\/cocemfevalencia.org\/wp-content\/uploads\/2023\/03\/0312-Horizontal-una-linea-larga-rgb-positivo-Tricolor.png","width":2334,"height":613,"caption":"Cocemfe Valencia"},"image":{"@id":"https:\/\/cocemfevalencia.org\/es\/#\/schema\/logo\/image\/"},"sameAs":["https:\/\/www.facebook.com\/cocemfe.valencia","https:\/\/x.com\/COCEMFEValencia"]},{"@type":"Person","@id":"https:\/\/cocemfevalencia.org\/es\/#\/schema\/person\/84dc42180efe17bdafa0a7a8702d24c8","name":"comunicacio","image":{"@type":"ImageObject","inLanguage":"es","@id":"https:\/\/secure.gravatar.com\/avatar\/cc921e89975f546bc4139f170e59e0d573a099452a8a989eb18e18cda2e7227a?s=96&d=mm&r=g","url":"https:\/\/secure.gravatar.com\/avatar\/cc921e89975f546bc4139f170e59e0d573a099452a8a989eb18e18cda2e7227a?s=96&d=mm&r=g","contentUrl":"https:\/\/secure.gravatar.com\/avatar\/cc921e89975f546bc4139f170e59e0d573a099452a8a989eb18e18cda2e7227a?s=96&d=mm&r=g","caption":"comunicacio"}}]}},"_links":{"self":[{"href":"https:\/\/cocemfevalencia.org\/es\/wp-json\/wp\/v2\/posts\/14982","targetHints":{"allow":["GET"]}}],"collection":[{"href":"https:\/\/cocemfevalencia.org\/es\/wp-json\/wp\/v2\/posts"}],"about":[{"href":"https:\/\/cocemfevalencia.org\/es\/wp-json\/wp\/v2\/types\/post"}],"author":[{"embeddable":true,"href":"https:\/\/cocemfevalencia.org\/es\/wp-json\/wp\/v2\/users\/5"}],"replies":[{"embeddable":true,"href":"https:\/\/cocemfevalencia.org\/es\/wp-json\/wp\/v2\/comments?post=14982"}],"version-history":[{"count":1,"href":"https:\/\/cocemfevalencia.org\/es\/wp-json\/wp\/v2\/posts\/14982\/revisions"}],"predecessor-version":[{"id":14993,"href":"https:\/\/cocemfevalencia.org\/es\/wp-json\/wp\/v2\/posts\/14982\/revisions\/14993"}],"wp:featuredmedia":[{"embeddable":true,"href":"https:\/\/cocemfevalencia.org\/es\/wp-json\/wp\/v2\/media\/14978"}],"wp:attachment":[{"href":"https:\/\/cocemfevalencia.org\/es\/wp-json\/wp\/v2\/media?parent=14982"}],"wp:term":[{"taxonomy":"category","embeddable":true,"href":"https:\/\/cocemfevalencia.org\/es\/wp-json\/wp\/v2\/categories?post=14982"},{"taxonomy":"post_tag","embeddable":true,"href":"https:\/\/cocemfevalencia.org\/es\/wp-json\/wp\/v2\/tags?post=14982"}],"curies":[{"name":"wp","href":"https:\/\/api.w.org\/{rel}","templated":true}]}}