{"id":1589,"date":"2018-08-01T11:16:08","date_gmt":"2018-08-01T09:16:08","guid":{"rendered":"http:\/\/cocemfevalencia.org\/?p=1589"},"modified":"2018-08-01T11:16:08","modified_gmt":"2018-08-01T09:16:08","slug":"primer-taller-de-motivacion-del-programa-itinerarios-de-insercion-para-mujeres-con-discapacidad","status":"publish","type":"post","link":"https:\/\/cocemfevalencia.org\/es\/primer-taller-de-motivacion-del-programa-itinerarios-de-insercion-para-mujeres-con-discapacidad\/","title":{"rendered":"Primer Taller de Motivaci\u00f3n del programa \u00abItinerarios de Inserci\u00f3n para mujeres con discapacidad\u00bb"},"content":{"rendered":"\t\t<div data-elementor-type=\"wp-post\" data-elementor-id=\"1589\" class=\"elementor elementor-1589 elementor-bc-flex-widget\" data-elementor-post-type=\"post\">\n\t\t\t\t\t\t<section class=\"elementor-section elementor-top-section elementor-element elementor-element-6df6b996 elementor-section-boxed elementor-section-height-default elementor-section-height-default\" data-id=\"6df6b996\" data-element_type=\"section\" data-e-type=\"section\">\n\t\t\t\t\t\t<div class=\"elementor-container elementor-column-gap-default\">\n\t\t\t\t\t<div class=\"elementor-column elementor-col-50 elementor-top-column elementor-element elementor-element-2ab2ba1c\" data-id=\"2ab2ba1c\" data-element_type=\"column\" data-e-type=\"column\">\n\t\t\t<div class=\"elementor-widget-wrap elementor-element-populated\">\n\t\t\t\t\t\t<div class=\"elementor-element elementor-element-24915b75 elementor-widget elementor-widget-image\" data-id=\"24915b75\" data-element_type=\"widget\" data-e-type=\"widget\" data-widget_type=\"image.default\">\n\t\t\t\t<div class=\"elementor-widget-container\">\n\t\t\t\t\t\t\t\t\t\t\t\t\t\t\t<img decoding=\"async\" src=\"https:\/\/cocemfevalencia.org\/wp-content\/uploads\/2018\/08\/IMG_20180731_101239-scaled.jpg\" title=\"IMG_20180731_101239\" alt=\"IMG_20180731_101239\" loading=\"lazy\" \/>\t\t\t\t\t\t\t\t\t\t\t\t\t\t\t<\/div>\n\t\t\t\t<\/div>\n\t\t\t\t\t<\/div>\n\t\t<\/div>\n\t\t\t\t<div class=\"elementor-column elementor-col-50 elementor-top-column elementor-element elementor-element-4dfd38ad\" data-id=\"4dfd38ad\" data-element_type=\"column\" data-e-type=\"column\">\n\t\t\t<div class=\"elementor-widget-wrap elementor-element-populated\">\n\t\t\t\t\t\t<div class=\"elementor-element elementor-element-5b360a78 elementor-widget elementor-widget-text-editor\" data-id=\"5b360a78\" data-element_type=\"widget\" data-e-type=\"widget\" data-widget_type=\"text-editor.default\">\n\t\t\t\t<div class=\"elementor-widget-container\">\n\t\t\t\t\t\t\t\t\t<div style=\"text-align: left;\"><p>Ayer en COCEMFE Valencia desde el Programa de itinerarios para mujeres con discapacidad,\u00a0 tuvo lugar un taller de Motivaci\u00f3n,\u00a0 taller en el que se dieron pinceladas sobre distintas tem\u00e1ticas que se abordar\u00e1n en futuras acciones formativas del programa como autoestima, gesti\u00f3n del tiempo o habilidades sociales.<\/p><p>El taller tuvo un car\u00e1cter din\u00e1mico y experiencial. Desde el equipo de COCEMFE Valencia\u00a0 nos gustar\u00eda agradecer a las asistentes la disposici\u00f3n y el clima de calidez y confianza que se gener\u00f3 en el taller.<\/p><p>\u00a0<\/p><\/div><div>\u00a0<\/div>\t\t\t\t\t\t\t\t<\/div>\n\t\t\t\t<\/div>\n\t\t\t\t\t<\/div>\n\t\t<\/div>\n\t\t\t\t\t<\/div>\n\t\t<\/section>\n\t\t\t\t<section class=\"elementor-section elementor-top-section elementor-element elementor-element-77ca8a33 elementor-section-boxed elementor-section-height-default elementor-section-height-default\" data-id=\"77ca8a33\" data-element_type=\"section\" data-e-type=\"section\">\n\t\t\t\t\t\t<div class=\"elementor-container elementor-column-gap-default\">\n\t\t\t\t\t<div class=\"elementor-column elementor-col-100 elementor-top-column elementor-element elementor-element-4b86923e\" data-id=\"4b86923e\" data-element_type=\"column\" data-e-type=\"column\">\n\t\t\t<div class=\"elementor-widget-wrap elementor-element-populated\">\n\t\t\t\t\t\t<div class=\"elementor-element elementor-element-74881336 elementor-widget elementor-widget-heading\" data-id=\"74881336\" data-element_type=\"widget\" data-e-type=\"widget\" data-widget_type=\"heading.default\">\n\t\t\t\t<div class=\"elementor-widget-container\">\n\t\t\t\t\t<h5 class=\"elementor-heading-title elementor-size-default\">\"Actuaci\u00f3n cofinanciada por la Uni\u00f3n Europea a trav\u00e9s del Programa Operativo del Fondo Social Europeo (FSE) de la Comunitat Valenciana 2014-2020\"<\/h5>\t\t\t\t<\/div>\n\t\t\t\t<\/div>\n\t\t\t\t\t<\/div>\n\t\t<\/div>\n\t\t\t\t\t<\/div>\n\t\t<\/section>\n\t\t\t\t<section class=\"elementor-section elementor-top-section elementor-element elementor-element-58518c1 elementor-section-boxed elementor-section-height-default elementor-section-height-default\" data-id=\"58518c1\" data-element_type=\"section\" data-e-type=\"section\">\n\t\t\t\t\t\t<div class=\"elementor-container elementor-column-gap-default\">\n\t\t\t\t\t<div class=\"elementor-column elementor-col-100 elementor-top-column elementor-element elementor-element-19d8d9b\" data-id=\"19d8d9b\" data-element_type=\"column\" data-e-type=\"column\">\n\t\t\t<div class=\"elementor-widget-wrap elementor-element-populated\">\n\t\t\t\t\t\t<div class=\"elementor-element elementor-element-d69fae2 elementor-widget elementor-widget-image\" data-id=\"d69fae2\" data-element_type=\"widget\" data-e-type=\"widget\" data-widget_type=\"image.default\">\n\t\t\t\t<div class=\"elementor-widget-container\">\n\t\t\t\t\t\t\t\t\t\t\t\t\t\t\t<img fetchpriority=\"high\" decoding=\"async\" width=\"1024\" height=\"341\" src=\"https:\/\/cocemfevalencia.org\/wp-content\/uploads\/2018\/08\/LOGOS-FSE-1024x341.png\" class=\"attachment-large size-large wp-image-1708\" alt=\"\" srcset=\"https:\/\/cocemfevalencia.org\/wp-content\/uploads\/2018\/08\/LOGOS-FSE-1024x341.png 1024w, https:\/\/cocemfevalencia.org\/wp-content\/uploads\/2018\/08\/LOGOS-FSE-300x100.png 300w, https:\/\/cocemfevalencia.org\/wp-content\/uploads\/2018\/08\/LOGOS-FSE-768x256.png 768w, https:\/\/cocemfevalencia.org\/wp-content\/uploads\/2018\/08\/LOGOS-FSE.png 1200w\" sizes=\"(max-width: 1024px) 100vw, 1024px\" \/>\t\t\t\t\t\t\t\t\t\t\t\t\t\t\t<\/div>\n\t\t\t\t<\/div>\n\t\t\t\t\t<\/div>\n\t\t<\/div>\n\t\t\t\t\t<\/div>\n\t\t<\/section>\n\t\t\t\t<section class=\"elementor-section elementor-top-section elementor-element elementor-element-5a8fb42 elementor-section-boxed elementor-section-height-default elementor-section-height-default\" data-id=\"5a8fb42\" data-element_type=\"section\" data-e-type=\"section\">\n\t\t\t\t\t\t<div class=\"elementor-container elementor-column-gap-default\">\n\t\t\t\t\t<div class=\"elementor-column elementor-col-100 elementor-top-column elementor-element elementor-element-491c2d7d\" data-id=\"491c2d7d\" data-element_type=\"column\" data-e-type=\"column\">\n\t\t\t<div class=\"elementor-widget-wrap elementor-element-populated\">\n\t\t\t\t\t\t<div class=\"elementor-element elementor-element-7e1d4cea elementor-widget elementor-widget-heading\" data-id=\"7e1d4cea\" data-element_type=\"widget\" data-e-type=\"widget\" data-widget_type=\"heading.default\">\n\t\t\t\t<div class=\"elementor-widget-container\">\n\t\t\t\t\t<h4 class=\"elementor-heading-title elementor-size-default\">A qui\u00e9n va dirigido el Programa<\/h4>\t\t\t\t<\/div>\n\t\t\t\t<\/div>\n\t\t\t\t<div class=\"elementor-element elementor-element-2892f3b7 elementor-widget elementor-widget-text-editor\" data-id=\"2892f3b7\" data-element_type=\"widget\" data-e-type=\"widget\" data-widget_type=\"text-editor.default\">\n\t\t\t\t<div class=\"elementor-widget-container\">\n\t\t\t\t\t\t\t\t\t<p>Mujeres con certificado de discapacidad que est\u00e9n en b\u00fasqueda activa de empleo.<\/p>\t\t\t\t\t\t\t\t<\/div>\n\t\t\t\t<\/div>\n\t\t\t\t\t<\/div>\n\t\t<\/div>\n\t\t\t\t\t<\/div>\n\t\t<\/section>\n\t\t\t\t<section class=\"elementor-section elementor-top-section elementor-element elementor-element-45a6cd1b elementor-section-boxed elementor-section-height-default elementor-section-height-default\" data-id=\"45a6cd1b\" data-element_type=\"section\" data-e-type=\"section\">\n\t\t\t\t\t\t<div class=\"elementor-container elementor-column-gap-default\">\n\t\t\t\t\t<div class=\"elementor-column elementor-col-100 elementor-top-column elementor-element elementor-element-13dba72e\" data-id=\"13dba72e\" data-element_type=\"column\" data-e-type=\"column\">\n\t\t\t<div class=\"elementor-widget-wrap elementor-element-populated\">\n\t\t\t\t\t\t<div class=\"elementor-element elementor-element-2b9544a8 elementor-widget elementor-widget-heading\" data-id=\"2b9544a8\" data-element_type=\"widget\" data-e-type=\"widget\" data-widget_type=\"heading.default\">\n\t\t\t\t<div class=\"elementor-widget-container\">\n\t\t\t\t\t<h4 class=\"elementor-heading-title elementor-size-default\">Qu\u00e9 ofrece el Programa<\/h4>\t\t\t\t<\/div>\n\t\t\t\t<\/div>\n\t\t\t\t<div class=\"elementor-element elementor-element-70d642fd elementor-widget elementor-widget-text-editor\" data-id=\"70d642fd\" data-element_type=\"widget\" data-e-type=\"widget\" data-widget_type=\"text-editor.default\">\n\t\t\t\t<div class=\"elementor-widget-container\">\n\t\t\t\t\t\t\t\t\t<p>Itinerarios individualizados flexibles a las necesidades de cada usuaria del Programa. Incluye sesiones individuales y talleres grupales.<\/p><div>\u00a0<\/div>\t\t\t\t\t\t\t\t<\/div>\n\t\t\t\t<\/div>\n\t\t\t\t\t<\/div>\n\t\t<\/div>\n\t\t\t\t\t<\/div>\n\t\t<\/section>\n\t\t\t\t<section class=\"elementor-section elementor-top-section elementor-element elementor-element-222a64a9 elementor-section-boxed elementor-section-height-default elementor-section-height-default\" data-id=\"222a64a9\" data-element_type=\"section\" data-e-type=\"section\">\n\t\t\t\t\t\t<div class=\"elementor-container elementor-column-gap-default\">\n\t\t\t\t\t<div class=\"elementor-column elementor-col-100 elementor-top-column elementor-element elementor-element-13dd75ae\" data-id=\"13dd75ae\" data-element_type=\"column\" data-e-type=\"column\">\n\t\t\t<div class=\"elementor-widget-wrap elementor-element-populated\">\n\t\t\t\t\t\t<div class=\"elementor-element elementor-element-4d0a6884 elementor-widget elementor-widget-heading\" data-id=\"4d0a6884\" data-element_type=\"widget\" data-e-type=\"widget\" data-widget_type=\"heading.default\">\n\t\t\t\t<div class=\"elementor-widget-container\">\n\t\t\t\t\t<h4 class=\"elementor-heading-title elementor-size-default\">C\u00f3mo puedo acceder al Programa<\/h4>\t\t\t\t<\/div>\n\t\t\t\t<\/div>\n\t\t\t\t<div class=\"elementor-element elementor-element-764fb33f elementor-widget elementor-widget-text-editor\" data-id=\"764fb33f\" data-element_type=\"widget\" data-e-type=\"widget\" data-widget_type=\"text-editor.default\">\n\t\t\t\t<div class=\"elementor-widget-container\">\n\t\t\t\t\t\t\t\t\t<p>Si eres Mujer con Certificado de Discapacidad y est\u00e1s interesada en participar. Contacta con nuestro equipo de profesionales:<\/p>\t\t\t\t\t\t\t\t<\/div>\n\t\t\t\t<\/div>\n\t\t\t\t\t<\/div>\n\t\t<\/div>\n\t\t\t\t\t<\/div>\n\t\t<\/section>\n\t\t\t\t<section class=\"elementor-section elementor-top-section elementor-element elementor-element-18a6160c elementor-section-content-middle elementor-section-boxed elementor-section-height-default elementor-section-height-default\" data-id=\"18a6160c\" data-element_type=\"section\" data-e-type=\"section\">\n\t\t\t\t\t\t<div class=\"elementor-container elementor-column-gap-default\">\n\t\t\t\t\t<div class=\"elementor-column elementor-col-100 elementor-top-column elementor-element elementor-element-1b42f42c\" data-id=\"1b42f42c\" data-element_type=\"column\" data-e-type=\"column\">\n\t\t\t<div class=\"elementor-widget-wrap elementor-element-populated\">\n\t\t\t\t\t\t<div class=\"elementor-element elementor-element-5e6bcd58 elementor-position-inline-start elementor-view-default elementor-mobile-position-block-start elementor-widget elementor-widget-icon-box\" data-id=\"5e6bcd58\" data-element_type=\"widget\" data-e-type=\"widget\" data-widget_type=\"icon-box.default\">\n\t\t\t\t<div class=\"elementor-widget-container\">\n\t\t\t\t\t\t\t<div class=\"elementor-icon-box-wrapper\">\n\n\t\t\t\t\t\t<div class=\"elementor-icon-box-icon\">\n\t\t\t\t<span  class=\"elementor-icon elementor-animation-grow\">\n\t\t\t\t<i class=\"fa fa-envelope\" aria-hidden=\"true\"><\/i>\t\t\t\t<\/span>\n\t\t\t<\/div>\n\t\t\t\n\t\t\t\t\t\t<div class=\"elementor-icon-box-content\">\n\n\t\t\t\t\n\t\t\t\t\t\t\t\t\t<p class=\"elementor-icon-box-description\">\n\t\t\t\t\t\tinfo@cocemfevalencia.org\t\t\t\t\t<\/p>\n\t\t\t\t\n\t\t\t<\/div>\n\t\t\t\n\t\t<\/div>\n\t\t\t\t\t\t<\/div>\n\t\t\t\t<\/div>\n\t\t\t\t<div class=\"elementor-element elementor-element-64907659 elementor-position-inline-start elementor-view-default elementor-mobile-position-block-start elementor-widget elementor-widget-icon-box\" data-id=\"64907659\" data-element_type=\"widget\" data-e-type=\"widget\" data-widget_type=\"icon-box.default\">\n\t\t\t\t<div class=\"elementor-widget-container\">\n\t\t\t\t\t\t\t<div class=\"elementor-icon-box-wrapper\">\n\n\t\t\t\t\t\t<div class=\"elementor-icon-box-icon\">\n\t\t\t\t<span  class=\"elementor-icon elementor-animation-grow\">\n\t\t\t\t<i class=\"fa fa-phone\" aria-hidden=\"true\"><\/i>\t\t\t\t<\/span>\n\t\t\t<\/div>\n\t\t\t\n\t\t\t\t\t\t<div class=\"elementor-icon-box-content\">\n\n\t\t\t\t\n\t\t\t\t\t\t\t\t\t<p class=\"elementor-icon-box-description\">\n\t\t\t\t\t\t963 837 708\t\t\t\t\t<\/p>\n\t\t\t\t\n\t\t\t<\/div>\n\t\t\t\n\t\t<\/div>\n\t\t\t\t\t\t<\/div>\n\t\t\t\t<\/div>\n\t\t\t\t<div class=\"elementor-element elementor-element-7c5b20b3 elementor-position-inline-start elementor-view-default elementor-mobile-position-block-start elementor-widget elementor-widget-icon-box\" data-id=\"7c5b20b3\" data-element_type=\"widget\" data-e-type=\"widget\" data-widget_type=\"icon-box.default\">\n\t\t\t\t<div class=\"elementor-widget-container\">\n\t\t\t\t\t\t\t<div class=\"elementor-icon-box-wrapper\">\n\n\t\t\t\t\t\t<div class=\"elementor-icon-box-icon\">\n\t\t\t\t<span  class=\"elementor-icon elementor-animation-grow\">\n\t\t\t\t<i class=\"fa fa-map-marker\" aria-hidden=\"true\"><\/i>\t\t\t\t<\/span>\n\t\t\t<\/div>\n\t\t\t\n\t\t\t\t\t\t<div class=\"elementor-icon-box-content\">\n\n\t\t\t\t\n\t\t\t\t\t\t\t\t\t<p class=\"elementor-icon-box-description\">\n\t\t\t\t\t\tC\/ Torres 12 bajo Izq \u2013 Valencia\t\t\t\t\t<\/p>\n\t\t\t\t\n\t\t\t<\/div>\n\t\t\t\n\t\t<\/div>\n\t\t\t\t\t\t<\/div>\n\t\t\t\t<\/div>\n\t\t\t\t<div class=\"elementor-element elementor-element-29b59bc1 elementor-position-inline-start elementor-view-default elementor-mobile-position-block-start elementor-widget elementor-widget-icon-box\" data-id=\"29b59bc1\" data-element_type=\"widget\" data-e-type=\"widget\" data-widget_type=\"icon-box.default\">\n\t\t\t\t<div class=\"elementor-widget-container\">\n\t\t\t\t\t\t\t<div class=\"elementor-icon-box-wrapper\">\n\n\t\t\t\t\t\t<div class=\"elementor-icon-box-icon\">\n\t\t\t\t<span  class=\"elementor-icon elementor-animation-grow\">\n\t\t\t\t<i class=\"fa fa-calendar\" aria-hidden=\"true\"><\/i>\t\t\t\t<\/span>\n\t\t\t<\/div>\n\t\t\t\n\t\t\t\t\t\t<div class=\"elementor-icon-box-content\">\n\n\t\t\t\t\n\t\t\t\t\t\t\t\t\t<p class=\"elementor-icon-box-description\">\n\t\t\t\t\t\tLunes a Viernes de 9:00 a 14:00 h\t\t\t\t\t<\/p>\n\t\t\t\t\n\t\t\t<\/div>\n\t\t\t\n\t\t<\/div>\n\t\t\t\t\t\t<\/div>\n\t\t\t\t<\/div>\n\t\t\t\t\t<\/div>\n\t\t<\/div>\n\t\t\t\t\t<\/div>\n\t\t<\/section>\n\t\t\t\t<\/div>\n\t\t<p>Visitas: 1<\/p>","protected":false},"excerpt":{"rendered":"<p>Ayer en COCEMFE Valencia desde el Programa de itinerarios para mujeres con discapacidad,\u00a0 tuvo lugar un taller de Motivaci\u00f3n,\u00a0 taller en el que se dieron pinceladas sobre distintas tem\u00e1ticas que se abordar\u00e1n en futuras acciones formativas del programa como autoestima, gesti\u00f3n del tiempo o habilidades sociales. El taller tuvo un car\u00e1cter din\u00e1mico y experiencial. Desde&hellip;&nbsp;<a href=\"https:\/\/cocemfevalencia.org\/es\/primer-taller-de-motivacion-del-programa-itinerarios-de-insercion-para-mujeres-con-discapacidad\/\" rel=\"bookmark\">Leer m\u00e1s &raquo;<span class=\"screen-reader-text\">Primer Taller de Motivaci\u00f3n del programa \u00abItinerarios de Inserci\u00f3n para mujeres con discapacidad\u00bb<\/span><\/a><\/p>\n","protected":false},"author":3,"featured_media":1592,"comment_status":"closed","ping_status":"closed","sticky":false,"template":"","format":"standard","meta":{"rop_custom_images_group":[],"rop_custom_messages_group":[],"rop_publish_now":"initial","rop_publish_now_accounts":[],"rop_publish_now_history":[],"rop_publish_now_status":"pending","neve_meta_sidebar":"","neve_meta_container":"","neve_meta_enable_content_width":"","neve_meta_content_width":0,"neve_meta_title_alignment":"","neve_meta_author_avatar":"","neve_post_elements_order":"","neve_meta_disable_header":"","neve_meta_disable_footer":"","neve_meta_disable_title":"","footnotes":""},"categories":[5],"tags":[],"class_list":["post-1589","post","type-post","status-publish","format-standard","has-post-thumbnail","hentry","category-noticias"],"yoast_head":"<!-- This site is optimized with the Yoast SEO plugin v27.3 - https:\/\/yoast.com\/product\/yoast-seo-wordpress\/ -->\n<title>Primer Taller de Motivaci\u00f3n del programa &quot;Itinerarios de Inserci\u00f3n para mujeres con discapacidad&quot; - Cocemfe Valencia<\/title>\n<meta name=\"robots\" content=\"index, follow, max-snippet:-1, max-image-preview:large, max-video-preview:-1\" \/>\n<link rel=\"canonical\" href=\"https:\/\/cocemfevalencia.org\/es\/primer-taller-de-motivacion-del-programa-itinerarios-de-insercion-para-mujeres-con-discapacidad\/\" \/>\n<meta property=\"og:locale\" content=\"es_ES\" \/>\n<meta property=\"og:type\" content=\"article\" \/>\n<meta property=\"og:title\" content=\"Primer Taller de Motivaci\u00f3n del programa &quot;Itinerarios de Inserci\u00f3n para mujeres con discapacidad&quot; - Cocemfe Valencia\" \/>\n<meta property=\"og:description\" content=\"Ayer en COCEMFE Valencia desde el Programa de itinerarios para mujeres con discapacidad,\u00a0 tuvo lugar un taller de Motivaci\u00f3n,\u00a0 taller en el que se dieron pinceladas sobre distintas tem\u00e1ticas que se abordar\u00e1n en futuras acciones formativas del programa como autoestima, gesti\u00f3n del tiempo o habilidades sociales. El taller tuvo un car\u00e1cter din\u00e1mico y experiencial. Desde&hellip;&nbsp;Leer m\u00e1s &raquo;Primer Taller de Motivaci\u00f3n del programa \u00abItinerarios de Inserci\u00f3n para mujeres con discapacidad\u00bb\" \/>\n<meta property=\"og:url\" content=\"https:\/\/cocemfevalencia.org\/es\/primer-taller-de-motivacion-del-programa-itinerarios-de-insercion-para-mujeres-con-discapacidad\/\" \/>\n<meta property=\"og:site_name\" content=\"Cocemfe Valencia\" \/>\n<meta property=\"article:publisher\" content=\"https:\/\/www.facebook.com\/cocemfe.valencia\" \/>\n<meta property=\"article:published_time\" content=\"2018-08-01T09:16:08+00:00\" \/>\n<meta property=\"og:image\" content=\"https:\/\/cocemfevalencia.org\/wp-content\/uploads\/2018\/08\/IMG_20180731_101239-scaled.jpg\" \/>\n\t<meta property=\"og:image:width\" content=\"2560\" \/>\n\t<meta property=\"og:image:height\" content=\"1920\" \/>\n\t<meta property=\"og:image:type\" content=\"image\/jpeg\" \/>\n<meta name=\"author\" content=\"COCEMFE VALENCIA\" \/>\n<meta name=\"twitter:card\" content=\"summary_large_image\" \/>\n<meta name=\"twitter:creator\" content=\"@COCEMFEValencia\" \/>\n<meta name=\"twitter:site\" content=\"@COCEMFEValencia\" \/>\n<meta name=\"twitter:label1\" content=\"Escrito por\" \/>\n\t<meta name=\"twitter:data1\" content=\"COCEMFE VALENCIA\" \/>\n\t<meta name=\"twitter:label2\" content=\"Tiempo de lectura\" \/>\n\t<meta name=\"twitter:data2\" content=\"1 minuto\" \/>\n<script type=\"application\/ld+json\" class=\"yoast-schema-graph\">{\"@context\":\"https:\\\/\\\/schema.org\",\"@graph\":[{\"@type\":\"Article\",\"@id\":\"https:\\\/\\\/cocemfevalencia.org\\\/es\\\/primer-taller-de-motivacion-del-programa-itinerarios-de-insercion-para-mujeres-con-discapacidad\\\/#article\",\"isPartOf\":{\"@id\":\"https:\\\/\\\/cocemfevalencia.org\\\/es\\\/primer-taller-de-motivacion-del-programa-itinerarios-de-insercion-para-mujeres-con-discapacidad\\\/\"},\"author\":{\"name\":\"COCEMFE VALENCIA\",\"@id\":\"https:\\\/\\\/cocemfevalencia.org\\\/es\\\/#\\\/schema\\\/person\\\/e31a24227ccbc918e2c80add51990ad7\"},\"headline\":\"Primer Taller de Motivaci\u00f3n del programa \u00abItinerarios de Inserci\u00f3n para mujeres con discapacidad\u00bb\",\"datePublished\":\"2018-08-01T09:16:08+00:00\",\"mainEntityOfPage\":{\"@id\":\"https:\\\/\\\/cocemfevalencia.org\\\/es\\\/primer-taller-de-motivacion-del-programa-itinerarios-de-insercion-para-mujeres-con-discapacidad\\\/\"},\"wordCount\":209,\"publisher\":{\"@id\":\"https:\\\/\\\/cocemfevalencia.org\\\/es\\\/#organization\"},\"image\":{\"@id\":\"https:\\\/\\\/cocemfevalencia.org\\\/es\\\/primer-taller-de-motivacion-del-programa-itinerarios-de-insercion-para-mujeres-con-discapacidad\\\/#primaryimage\"},\"thumbnailUrl\":\"https:\\\/\\\/cocemfevalencia.org\\\/wp-content\\\/uploads\\\/2018\\\/08\\\/IMG_20180731_101239-scaled.jpg\",\"articleSection\":[\"Not\u00edcies\"],\"inLanguage\":\"es\"},{\"@type\":\"WebPage\",\"@id\":\"https:\\\/\\\/cocemfevalencia.org\\\/es\\\/primer-taller-de-motivacion-del-programa-itinerarios-de-insercion-para-mujeres-con-discapacidad\\\/\",\"url\":\"https:\\\/\\\/cocemfevalencia.org\\\/es\\\/primer-taller-de-motivacion-del-programa-itinerarios-de-insercion-para-mujeres-con-discapacidad\\\/\",\"name\":\"Primer Taller de Motivaci\u00f3n del programa \\\"Itinerarios de Inserci\u00f3n para mujeres con discapacidad\\\" - Cocemfe Valencia\",\"isPartOf\":{\"@id\":\"https:\\\/\\\/cocemfevalencia.org\\\/es\\\/#website\"},\"primaryImageOfPage\":{\"@id\":\"https:\\\/\\\/cocemfevalencia.org\\\/es\\\/primer-taller-de-motivacion-del-programa-itinerarios-de-insercion-para-mujeres-con-discapacidad\\\/#primaryimage\"},\"image\":{\"@id\":\"https:\\\/\\\/cocemfevalencia.org\\\/es\\\/primer-taller-de-motivacion-del-programa-itinerarios-de-insercion-para-mujeres-con-discapacidad\\\/#primaryimage\"},\"thumbnailUrl\":\"https:\\\/\\\/cocemfevalencia.org\\\/wp-content\\\/uploads\\\/2018\\\/08\\\/IMG_20180731_101239-scaled.jpg\",\"datePublished\":\"2018-08-01T09:16:08+00:00\",\"breadcrumb\":{\"@id\":\"https:\\\/\\\/cocemfevalencia.org\\\/es\\\/primer-taller-de-motivacion-del-programa-itinerarios-de-insercion-para-mujeres-con-discapacidad\\\/#breadcrumb\"},\"inLanguage\":\"es\",\"potentialAction\":[{\"@type\":\"ReadAction\",\"target\":[\"https:\\\/\\\/cocemfevalencia.org\\\/es\\\/primer-taller-de-motivacion-del-programa-itinerarios-de-insercion-para-mujeres-con-discapacidad\\\/\"]}]},{\"@type\":\"ImageObject\",\"inLanguage\":\"es\",\"@id\":\"https:\\\/\\\/cocemfevalencia.org\\\/es\\\/primer-taller-de-motivacion-del-programa-itinerarios-de-insercion-para-mujeres-con-discapacidad\\\/#primaryimage\",\"url\":\"https:\\\/\\\/cocemfevalencia.org\\\/wp-content\\\/uploads\\\/2018\\\/08\\\/IMG_20180731_101239-scaled.jpg\",\"contentUrl\":\"https:\\\/\\\/cocemfevalencia.org\\\/wp-content\\\/uploads\\\/2018\\\/08\\\/IMG_20180731_101239-scaled.jpg\",\"width\":2560,\"height\":1920},{\"@type\":\"BreadcrumbList\",\"@id\":\"https:\\\/\\\/cocemfevalencia.org\\\/es\\\/primer-taller-de-motivacion-del-programa-itinerarios-de-insercion-para-mujeres-con-discapacidad\\\/#breadcrumb\",\"itemListElement\":[{\"@type\":\"ListItem\",\"position\":1,\"name\":\"Portada\",\"item\":\"https:\\\/\\\/cocemfevalencia.org\\\/es\\\/\"},{\"@type\":\"ListItem\",\"position\":2,\"name\":\"Primer Taller de Motivaci\u00f3n del programa &#8220;Itinerarios de Inserci\u00f3n para mujeres con discapacidad&#8221;\"}]},{\"@type\":\"WebSite\",\"@id\":\"https:\\\/\\\/cocemfevalencia.org\\\/es\\\/#website\",\"url\":\"https:\\\/\\\/cocemfevalencia.org\\\/es\\\/\",\"name\":\"Cocemfe Valencia\",\"description\":\"FEDERACI\u00d3N DE ASOCIACIONES DE PERSONAS CON DISCAPACIDAD F\u00cdSICA Y ORG\u00c1NICA DE LA PROV\u00cdNCIA DE VALENCIA\",\"publisher\":{\"@id\":\"https:\\\/\\\/cocemfevalencia.org\\\/es\\\/#organization\"},\"potentialAction\":[{\"@type\":\"SearchAction\",\"target\":{\"@type\":\"EntryPoint\",\"urlTemplate\":\"https:\\\/\\\/cocemfevalencia.org\\\/es\\\/?s={search_term_string}\"},\"query-input\":{\"@type\":\"PropertyValueSpecification\",\"valueRequired\":true,\"valueName\":\"search_term_string\"}}],\"inLanguage\":\"es\"},{\"@type\":\"Organization\",\"@id\":\"https:\\\/\\\/cocemfevalencia.org\\\/es\\\/#organization\",\"name\":\"Cocemfe Valencia\",\"url\":\"https:\\\/\\\/cocemfevalencia.org\\\/es\\\/\",\"logo\":{\"@type\":\"ImageObject\",\"inLanguage\":\"es\",\"@id\":\"https:\\\/\\\/cocemfevalencia.org\\\/es\\\/#\\\/schema\\\/logo\\\/image\\\/\",\"url\":\"https:\\\/\\\/cocemfevalencia.org\\\/wp-content\\\/uploads\\\/2023\\\/03\\\/0312-Horizontal-una-linea-larga-rgb-positivo-Tricolor.png\",\"contentUrl\":\"https:\\\/\\\/cocemfevalencia.org\\\/wp-content\\\/uploads\\\/2023\\\/03\\\/0312-Horizontal-una-linea-larga-rgb-positivo-Tricolor.png\",\"width\":2334,\"height\":613,\"caption\":\"Cocemfe Valencia\"},\"image\":{\"@id\":\"https:\\\/\\\/cocemfevalencia.org\\\/es\\\/#\\\/schema\\\/logo\\\/image\\\/\"},\"sameAs\":[\"https:\\\/\\\/www.facebook.com\\\/cocemfe.valencia\",\"https:\\\/\\\/x.com\\\/COCEMFEValencia\"]},{\"@type\":\"Person\",\"@id\":\"https:\\\/\\\/cocemfevalencia.org\\\/es\\\/#\\\/schema\\\/person\\\/e31a24227ccbc918e2c80add51990ad7\",\"name\":\"COCEMFE VALENCIA\",\"image\":{\"@type\":\"ImageObject\",\"inLanguage\":\"es\",\"@id\":\"https:\\\/\\\/secure.gravatar.com\\\/avatar\\\/81dd2ced4591577d70433bbfde65ba3f931e09f5cb4ca8c890817c47789b47f0?s=96&d=mm&r=g\",\"url\":\"https:\\\/\\\/secure.gravatar.com\\\/avatar\\\/81dd2ced4591577d70433bbfde65ba3f931e09f5cb4ca8c890817c47789b47f0?s=96&d=mm&r=g\",\"contentUrl\":\"https:\\\/\\\/secure.gravatar.com\\\/avatar\\\/81dd2ced4591577d70433bbfde65ba3f931e09f5cb4ca8c890817c47789b47f0?s=96&d=mm&r=g\",\"caption\":\"COCEMFE VALENCIA\"}}]}<\/script>\n<!-- \/ Yoast SEO plugin. -->","yoast_head_json":{"title":"Primer Taller de Motivaci\u00f3n del programa \"Itinerarios de Inserci\u00f3n para mujeres con discapacidad\" - Cocemfe Valencia","robots":{"index":"index","follow":"follow","max-snippet":"max-snippet:-1","max-image-preview":"max-image-preview:large","max-video-preview":"max-video-preview:-1"},"canonical":"https:\/\/cocemfevalencia.org\/es\/primer-taller-de-motivacion-del-programa-itinerarios-de-insercion-para-mujeres-con-discapacidad\/","og_locale":"es_ES","og_type":"article","og_title":"Primer Taller de Motivaci\u00f3n del programa \"Itinerarios de Inserci\u00f3n para mujeres con discapacidad\" - Cocemfe Valencia","og_description":"Ayer en COCEMFE Valencia desde el Programa de itinerarios para mujeres con discapacidad,\u00a0 tuvo lugar un taller de Motivaci\u00f3n,\u00a0 taller en el que se dieron pinceladas sobre distintas tem\u00e1ticas que se abordar\u00e1n en futuras acciones formativas del programa como autoestima, gesti\u00f3n del tiempo o habilidades sociales. El taller tuvo un car\u00e1cter din\u00e1mico y experiencial. Desde&hellip;&nbsp;Leer m\u00e1s &raquo;Primer Taller de Motivaci\u00f3n del programa \u00abItinerarios de Inserci\u00f3n para mujeres con discapacidad\u00bb","og_url":"https:\/\/cocemfevalencia.org\/es\/primer-taller-de-motivacion-del-programa-itinerarios-de-insercion-para-mujeres-con-discapacidad\/","og_site_name":"Cocemfe Valencia","article_publisher":"https:\/\/www.facebook.com\/cocemfe.valencia","article_published_time":"2018-08-01T09:16:08+00:00","og_image":[{"width":2560,"height":1920,"url":"https:\/\/cocemfevalencia.org\/wp-content\/uploads\/2018\/08\/IMG_20180731_101239-scaled.jpg","type":"image\/jpeg"}],"author":"COCEMFE VALENCIA","twitter_card":"summary_large_image","twitter_creator":"@COCEMFEValencia","twitter_site":"@COCEMFEValencia","twitter_misc":{"Escrito por":"COCEMFE VALENCIA","Tiempo de lectura":"1 minuto"},"schema":{"@context":"https:\/\/schema.org","@graph":[{"@type":"Article","@id":"https:\/\/cocemfevalencia.org\/es\/primer-taller-de-motivacion-del-programa-itinerarios-de-insercion-para-mujeres-con-discapacidad\/#article","isPartOf":{"@id":"https:\/\/cocemfevalencia.org\/es\/primer-taller-de-motivacion-del-programa-itinerarios-de-insercion-para-mujeres-con-discapacidad\/"},"author":{"name":"COCEMFE VALENCIA","@id":"https:\/\/cocemfevalencia.org\/es\/#\/schema\/person\/e31a24227ccbc918e2c80add51990ad7"},"headline":"Primer Taller de Motivaci\u00f3n del programa \u00abItinerarios de Inserci\u00f3n para mujeres con discapacidad\u00bb","datePublished":"2018-08-01T09:16:08+00:00","mainEntityOfPage":{"@id":"https:\/\/cocemfevalencia.org\/es\/primer-taller-de-motivacion-del-programa-itinerarios-de-insercion-para-mujeres-con-discapacidad\/"},"wordCount":209,"publisher":{"@id":"https:\/\/cocemfevalencia.org\/es\/#organization"},"image":{"@id":"https:\/\/cocemfevalencia.org\/es\/primer-taller-de-motivacion-del-programa-itinerarios-de-insercion-para-mujeres-con-discapacidad\/#primaryimage"},"thumbnailUrl":"https:\/\/cocemfevalencia.org\/wp-content\/uploads\/2018\/08\/IMG_20180731_101239-scaled.jpg","articleSection":["Not\u00edcies"],"inLanguage":"es"},{"@type":"WebPage","@id":"https:\/\/cocemfevalencia.org\/es\/primer-taller-de-motivacion-del-programa-itinerarios-de-insercion-para-mujeres-con-discapacidad\/","url":"https:\/\/cocemfevalencia.org\/es\/primer-taller-de-motivacion-del-programa-itinerarios-de-insercion-para-mujeres-con-discapacidad\/","name":"Primer Taller de Motivaci\u00f3n del programa \"Itinerarios de Inserci\u00f3n para mujeres con discapacidad\" - Cocemfe Valencia","isPartOf":{"@id":"https:\/\/cocemfevalencia.org\/es\/#website"},"primaryImageOfPage":{"@id":"https:\/\/cocemfevalencia.org\/es\/primer-taller-de-motivacion-del-programa-itinerarios-de-insercion-para-mujeres-con-discapacidad\/#primaryimage"},"image":{"@id":"https:\/\/cocemfevalencia.org\/es\/primer-taller-de-motivacion-del-programa-itinerarios-de-insercion-para-mujeres-con-discapacidad\/#primaryimage"},"thumbnailUrl":"https:\/\/cocemfevalencia.org\/wp-content\/uploads\/2018\/08\/IMG_20180731_101239-scaled.jpg","datePublished":"2018-08-01T09:16:08+00:00","breadcrumb":{"@id":"https:\/\/cocemfevalencia.org\/es\/primer-taller-de-motivacion-del-programa-itinerarios-de-insercion-para-mujeres-con-discapacidad\/#breadcrumb"},"inLanguage":"es","potentialAction":[{"@type":"ReadAction","target":["https:\/\/cocemfevalencia.org\/es\/primer-taller-de-motivacion-del-programa-itinerarios-de-insercion-para-mujeres-con-discapacidad\/"]}]},{"@type":"ImageObject","inLanguage":"es","@id":"https:\/\/cocemfevalencia.org\/es\/primer-taller-de-motivacion-del-programa-itinerarios-de-insercion-para-mujeres-con-discapacidad\/#primaryimage","url":"https:\/\/cocemfevalencia.org\/wp-content\/uploads\/2018\/08\/IMG_20180731_101239-scaled.jpg","contentUrl":"https:\/\/cocemfevalencia.org\/wp-content\/uploads\/2018\/08\/IMG_20180731_101239-scaled.jpg","width":2560,"height":1920},{"@type":"BreadcrumbList","@id":"https:\/\/cocemfevalencia.org\/es\/primer-taller-de-motivacion-del-programa-itinerarios-de-insercion-para-mujeres-con-discapacidad\/#breadcrumb","itemListElement":[{"@type":"ListItem","position":1,"name":"Portada","item":"https:\/\/cocemfevalencia.org\/es\/"},{"@type":"ListItem","position":2,"name":"Primer Taller de Motivaci\u00f3n del programa &#8220;Itinerarios de Inserci\u00f3n para mujeres con discapacidad&#8221;"}]},{"@type":"WebSite","@id":"https:\/\/cocemfevalencia.org\/es\/#website","url":"https:\/\/cocemfevalencia.org\/es\/","name":"Cocemfe Valencia","description":"FEDERACI\u00d3N DE ASOCIACIONES DE PERSONAS CON DISCAPACIDAD F\u00cdSICA Y ORG\u00c1NICA DE LA PROV\u00cdNCIA DE VALENCIA","publisher":{"@id":"https:\/\/cocemfevalencia.org\/es\/#organization"},"potentialAction":[{"@type":"SearchAction","target":{"@type":"EntryPoint","urlTemplate":"https:\/\/cocemfevalencia.org\/es\/?s={search_term_string}"},"query-input":{"@type":"PropertyValueSpecification","valueRequired":true,"valueName":"search_term_string"}}],"inLanguage":"es"},{"@type":"Organization","@id":"https:\/\/cocemfevalencia.org\/es\/#organization","name":"Cocemfe Valencia","url":"https:\/\/cocemfevalencia.org\/es\/","logo":{"@type":"ImageObject","inLanguage":"es","@id":"https:\/\/cocemfevalencia.org\/es\/#\/schema\/logo\/image\/","url":"https:\/\/cocemfevalencia.org\/wp-content\/uploads\/2023\/03\/0312-Horizontal-una-linea-larga-rgb-positivo-Tricolor.png","contentUrl":"https:\/\/cocemfevalencia.org\/wp-content\/uploads\/2023\/03\/0312-Horizontal-una-linea-larga-rgb-positivo-Tricolor.png","width":2334,"height":613,"caption":"Cocemfe Valencia"},"image":{"@id":"https:\/\/cocemfevalencia.org\/es\/#\/schema\/logo\/image\/"},"sameAs":["https:\/\/www.facebook.com\/cocemfe.valencia","https:\/\/x.com\/COCEMFEValencia"]},{"@type":"Person","@id":"https:\/\/cocemfevalencia.org\/es\/#\/schema\/person\/e31a24227ccbc918e2c80add51990ad7","name":"COCEMFE VALENCIA","image":{"@type":"ImageObject","inLanguage":"es","@id":"https:\/\/secure.gravatar.com\/avatar\/81dd2ced4591577d70433bbfde65ba3f931e09f5cb4ca8c890817c47789b47f0?s=96&d=mm&r=g","url":"https:\/\/secure.gravatar.com\/avatar\/81dd2ced4591577d70433bbfde65ba3f931e09f5cb4ca8c890817c47789b47f0?s=96&d=mm&r=g","contentUrl":"https:\/\/secure.gravatar.com\/avatar\/81dd2ced4591577d70433bbfde65ba3f931e09f5cb4ca8c890817c47789b47f0?s=96&d=mm&r=g","caption":"COCEMFE VALENCIA"}}]}},"_links":{"self":[{"href":"https:\/\/cocemfevalencia.org\/es\/wp-json\/wp\/v2\/posts\/1589","targetHints":{"allow":["GET"]}}],"collection":[{"href":"https:\/\/cocemfevalencia.org\/es\/wp-json\/wp\/v2\/posts"}],"about":[{"href":"https:\/\/cocemfevalencia.org\/es\/wp-json\/wp\/v2\/types\/post"}],"author":[{"embeddable":true,"href":"https:\/\/cocemfevalencia.org\/es\/wp-json\/wp\/v2\/users\/3"}],"replies":[{"embeddable":true,"href":"https:\/\/cocemfevalencia.org\/es\/wp-json\/wp\/v2\/comments?post=1589"}],"version-history":[{"count":0,"href":"https:\/\/cocemfevalencia.org\/es\/wp-json\/wp\/v2\/posts\/1589\/revisions"}],"wp:featuredmedia":[{"embeddable":true,"href":"https:\/\/cocemfevalencia.org\/es\/wp-json\/wp\/v2\/media\/1592"}],"wp:attachment":[{"href":"https:\/\/cocemfevalencia.org\/es\/wp-json\/wp\/v2\/media?parent=1589"}],"wp:term":[{"taxonomy":"category","embeddable":true,"href":"https:\/\/cocemfevalencia.org\/es\/wp-json\/wp\/v2\/categories?post=1589"},{"taxonomy":"post_tag","embeddable":true,"href":"https:\/\/cocemfevalencia.org\/es\/wp-json\/wp\/v2\/tags?post=1589"}],"curies":[{"name":"wp","href":"https:\/\/api.w.org\/{rel}","templated":true}]}}