{"id":1727,"date":"2018-09-10T13:19:59","date_gmt":"2018-09-10T11:19:59","guid":{"rendered":"http:\/\/cocemfevalencia.org\/?p=1727"},"modified":"2018-09-10T13:19:59","modified_gmt":"2018-09-10T11:19:59","slug":"abierto-el-plazo-para-nuestras-asociaciones-que-optan-a-la-recaudacion-del-evento-pokemon-de-septiembre","status":"publish","type":"post","link":"https:\/\/cocemfevalencia.org\/es\/abierto-el-plazo-para-nuestras-asociaciones-que-optan-a-la-recaudacion-del-evento-pokemon-de-septiembre\/","title":{"rendered":"Abierto el Plazo para nuestras Asociaciones que optan a la recaudaci\u00f3n del Evento Pokemon de Septiembre"},"content":{"rendered":"\t\t<div data-elementor-type=\"wp-post\" data-elementor-id=\"1727\" class=\"elementor elementor-1727 elementor-bc-flex-widget\" data-elementor-post-type=\"post\">\n\t\t\t\t\t\t<section class=\"elementor-section elementor-top-section elementor-element elementor-element-7f775c6 elementor-section-boxed elementor-section-height-default elementor-section-height-default\" data-id=\"7f775c6\" data-element_type=\"section\" data-e-type=\"section\">\n\t\t\t\t\t\t<div class=\"elementor-container elementor-column-gap-default\">\n\t\t\t\t\t<div class=\"elementor-column elementor-col-50 elementor-top-column elementor-element elementor-element-cfc273c\" data-id=\"cfc273c\" data-element_type=\"column\" data-e-type=\"column\">\n\t\t\t<div class=\"elementor-widget-wrap elementor-element-populated\">\n\t\t\t\t\t\t<div class=\"elementor-element elementor-element-0e2671d elementor-widget elementor-widget-image\" data-id=\"0e2671d\" data-element_type=\"widget\" data-e-type=\"widget\" data-widget_type=\"image.default\">\n\t\t\t\t<div class=\"elementor-widget-container\">\n\t\t\t\t\t\t\t\t\t\t\t\t<figure class=\"wp-caption\">\n\t\t\t\t\t\t\t\t\t\t<img fetchpriority=\"high\" decoding=\"async\" width=\"597\" height=\"308\" src=\"https:\/\/cocemfevalencia.org\/wp-content\/uploads\/2018\/09\/twitterchapas.png\" class=\"attachment-large size-large wp-image-1728\" alt=\"\" srcset=\"https:\/\/cocemfevalencia.org\/wp-content\/uploads\/2018\/09\/twitterchapas.png 597w, https:\/\/cocemfevalencia.org\/wp-content\/uploads\/2018\/09\/twitterchapas-300x155.png 300w\" sizes=\"(max-width: 597px) 100vw, 597px\" \/>\t\t\t\t\t\t\t\t\t\t\t<figcaption class=\"widget-image-caption wp-caption-text\">Twitter del evento<\/figcaption>\n\t\t\t\t\t\t\t\t\t\t<\/figure>\n\t\t\t\t\t\t\t\t\t<\/div>\n\t\t\t\t<\/div>\n\t\t\t\t\t<\/div>\n\t\t<\/div>\n\t\t\t\t<div class=\"elementor-column elementor-col-50 elementor-top-column elementor-element elementor-element-86948cd\" data-id=\"86948cd\" data-element_type=\"column\" data-e-type=\"column\">\n\t\t\t<div class=\"elementor-widget-wrap elementor-element-populated\">\n\t\t\t\t\t\t<div class=\"elementor-element elementor-element-6672262 elementor-widget elementor-widget-text-editor\" data-id=\"6672262\" data-element_type=\"widget\" data-e-type=\"widget\" data-widget_type=\"text-editor.default\">\n\t\t\t\t<div class=\"elementor-widget-container\">\n\t\t\t\t\t\t\t\t\t<p>Ya est\u00e1n disponibles en la Web de Chapas Solidarias Valencia los proyectos de nuestras asociaciones que optar\u00e1n a la recaudaci\u00f3n del evento D\u00eda de la comunidad Pokemon de Septiembre.\u00a0<\/p><p>La votaci\u00f3n se realizar\u00e1 en el Grupo de Telegram de Pokemon Go Valencia que cuenta con casi 2.000 miembros. El plazo de votaci\u00f3n se ha iniciado esta ma\u00f1ana y finalizar\u00e1 el martes 11 a las 23.59 horas.<\/p><p>Las Asociaciones que optan a la recaudaci\u00f3n son:<\/p><ul><li>TDI \u2013 <a href=\"http:\/\/www.tallerdeindependencia.org\/\" target=\"_blank\" rel=\"noopener\"><strong>Taller De Independencia<\/strong><\/a>.<\/li><li>ADAI-CV \u2013 <strong><a href=\"http:\/\/adai-cv.blogspot.com\/\" target=\"_blank\" rel=\"noopener\">Asociaci\u00f3n de Afectados de Ictus de la Comunidad Valenciana<\/a>.<\/strong><\/li><li>FQCV \u2013 <a href=\"http:\/\/fqvalenciana.com\/\" target=\"_blank\" rel=\"noopener\"><strong>Asociaci\u00f3n de Fibrosis Qu\u00edstica de la Comunidad Valenciana<\/strong><\/a>.<\/li><li>ALCE \u2013 <a href=\"http:\/\/www.alceepilepsia.org\/\" target=\"_blank\" rel=\"noopener\"><strong>Asociaci\u00f3n Valenciana para la Lucha Contra la Epilepsia<\/strong><\/a>.<\/li><li><p class=\"elementor-heading-title elementor-size-default\">ASMIP \u2013 <strong><a href=\"http:\/\/asmippicassent.wordpress.com\/\" target=\"_blank\" rel=\"noopener\">Asociacion De Discapacitados De Picassent<\/a><\/strong>.<\/p><\/li><\/ul><p><a href=\"http:\/\/chapassolidariasvalencia.es\/proyectos-de-las-asociaciones-candidatas\/\">En el siguiente enlace se pueden leer los Proyectos participantes<\/a><\/p><p>El d\u00eda de la Comunidad Pokemon se realizar\u00e1 el 22 de Septiembre y contar\u00e1 con diferentes puntos de ventas que se publicar\u00e1n en la web del evento.\u00a0<\/p><p>Para m\u00e1s informaci\u00f3n:\u00a0 <a href=\"http:\/\/chapassolidariasvalencia.es\/\">Web Chapas Solidarias<\/a><\/p><p>\u00a0<\/p>\t\t\t\t\t\t\t\t<\/div>\n\t\t\t\t<\/div>\n\t\t\t\t\t<\/div>\n\t\t<\/div>\n\t\t\t\t\t<\/div>\n\t\t<\/section>\n\t\t\t\t<\/div>\n\t\t<p>Visitas: 3<\/p>","protected":false},"excerpt":{"rendered":"<p>Twitter del evento Ya est\u00e1n disponibles en la Web de Chapas Solidarias Valencia los proyectos de nuestras asociaciones que optar\u00e1n a la recaudaci\u00f3n del evento D\u00eda de la comunidad Pokemon de Septiembre.\u00a0 La votaci\u00f3n se realizar\u00e1 en el Grupo de Telegram de Pokemon Go Valencia que cuenta con casi 2.000 miembros. El plazo de votaci\u00f3n&hellip;&nbsp;<a href=\"https:\/\/cocemfevalencia.org\/es\/abierto-el-plazo-para-nuestras-asociaciones-que-optan-a-la-recaudacion-del-evento-pokemon-de-septiembre\/\" rel=\"bookmark\">Leer m\u00e1s &raquo;<span class=\"screen-reader-text\">Abierto el Plazo para nuestras Asociaciones que optan a la recaudaci\u00f3n del Evento Pokemon de Septiembre<\/span><\/a><\/p>\n","protected":false},"author":3,"featured_media":1728,"comment_status":"closed","ping_status":"closed","sticky":false,"template":"","format":"standard","meta":{"rop_custom_images_group":[],"rop_custom_messages_group":[],"rop_publish_now":"initial","rop_publish_now_accounts":[],"rop_publish_now_history":[],"rop_publish_now_status":"pending","neve_meta_sidebar":"","neve_meta_container":"","neve_meta_enable_content_width":"","neve_meta_content_width":0,"neve_meta_title_alignment":"","neve_meta_author_avatar":"","neve_post_elements_order":"","neve_meta_disable_header":"","neve_meta_disable_footer":"","neve_meta_disable_title":"","footnotes":""},"categories":[5],"tags":[],"class_list":["post-1727","post","type-post","status-publish","format-standard","has-post-thumbnail","hentry","category-noticias"],"yoast_head":"<!-- This site is optimized with the Yoast SEO plugin v27.3 - https:\/\/yoast.com\/product\/yoast-seo-wordpress\/ -->\n<title>Abierto el Plazo para nuestras Asociaciones que optan a la recaudaci\u00f3n del Evento Pokemon de Septiembre - Cocemfe Valencia<\/title>\n<meta name=\"robots\" content=\"index, follow, max-snippet:-1, max-image-preview:large, max-video-preview:-1\" \/>\n<link rel=\"canonical\" href=\"https:\/\/cocemfevalencia.org\/es\/abierto-el-plazo-para-nuestras-asociaciones-que-optan-a-la-recaudacion-del-evento-pokemon-de-septiembre\/\" \/>\n<meta property=\"og:locale\" content=\"es_ES\" \/>\n<meta property=\"og:type\" content=\"article\" \/>\n<meta property=\"og:title\" content=\"Abierto el Plazo para nuestras Asociaciones que optan a la recaudaci\u00f3n del Evento Pokemon de Septiembre - Cocemfe Valencia\" \/>\n<meta property=\"og:description\" content=\"Twitter del evento Ya est\u00e1n disponibles en la Web de Chapas Solidarias Valencia los proyectos de nuestras asociaciones que optar\u00e1n a la recaudaci\u00f3n del evento D\u00eda de la comunidad Pokemon de Septiembre.\u00a0 La votaci\u00f3n se realizar\u00e1 en el Grupo de Telegram de Pokemon Go Valencia que cuenta con casi 2.000 miembros. El plazo de votaci\u00f3n&hellip;&nbsp;Leer m\u00e1s &raquo;Abierto el Plazo para nuestras Asociaciones que optan a la recaudaci\u00f3n del Evento Pokemon de Septiembre\" \/>\n<meta property=\"og:url\" content=\"https:\/\/cocemfevalencia.org\/es\/abierto-el-plazo-para-nuestras-asociaciones-que-optan-a-la-recaudacion-del-evento-pokemon-de-septiembre\/\" \/>\n<meta property=\"og:site_name\" content=\"Cocemfe Valencia\" \/>\n<meta property=\"article:publisher\" content=\"https:\/\/www.facebook.com\/cocemfe.valencia\" \/>\n<meta property=\"article:published_time\" content=\"2018-09-10T11:19:59+00:00\" \/>\n<meta property=\"og:image\" content=\"https:\/\/cocemfevalencia.org\/wp-content\/uploads\/2018\/09\/twitterchapas.png\" \/>\n\t<meta property=\"og:image:width\" content=\"597\" \/>\n\t<meta property=\"og:image:height\" content=\"308\" \/>\n\t<meta property=\"og:image:type\" content=\"image\/png\" \/>\n<meta name=\"author\" content=\"COCEMFE VALENCIA\" \/>\n<meta name=\"twitter:card\" content=\"summary_large_image\" \/>\n<meta name=\"twitter:creator\" content=\"@COCEMFEValencia\" \/>\n<meta name=\"twitter:site\" content=\"@COCEMFEValencia\" \/>\n<meta name=\"twitter:label1\" content=\"Escrito por\" \/>\n\t<meta name=\"twitter:data1\" content=\"COCEMFE VALENCIA\" \/>\n\t<meta name=\"twitter:label2\" content=\"Tiempo de lectura\" \/>\n\t<meta name=\"twitter:data2\" content=\"1 minuto\" \/>\n<script type=\"application\/ld+json\" class=\"yoast-schema-graph\">{\"@context\":\"https:\\\/\\\/schema.org\",\"@graph\":[{\"@type\":\"Article\",\"@id\":\"https:\\\/\\\/cocemfevalencia.org\\\/es\\\/abierto-el-plazo-para-nuestras-asociaciones-que-optan-a-la-recaudacion-del-evento-pokemon-de-septiembre\\\/#article\",\"isPartOf\":{\"@id\":\"https:\\\/\\\/cocemfevalencia.org\\\/es\\\/abierto-el-plazo-para-nuestras-asociaciones-que-optan-a-la-recaudacion-del-evento-pokemon-de-septiembre\\\/\"},\"author\":{\"name\":\"COCEMFE VALENCIA\",\"@id\":\"https:\\\/\\\/cocemfevalencia.org\\\/es\\\/#\\\/schema\\\/person\\\/e31a24227ccbc918e2c80add51990ad7\"},\"headline\":\"Abierto el Plazo para nuestras Asociaciones que optan a la recaudaci\u00f3n del Evento Pokemon de Septiembre\",\"datePublished\":\"2018-09-10T11:19:59+00:00\",\"mainEntityOfPage\":{\"@id\":\"https:\\\/\\\/cocemfevalencia.org\\\/es\\\/abierto-el-plazo-para-nuestras-asociaciones-que-optan-a-la-recaudacion-del-evento-pokemon-de-septiembre\\\/\"},\"wordCount\":187,\"publisher\":{\"@id\":\"https:\\\/\\\/cocemfevalencia.org\\\/es\\\/#organization\"},\"image\":{\"@id\":\"https:\\\/\\\/cocemfevalencia.org\\\/es\\\/abierto-el-plazo-para-nuestras-asociaciones-que-optan-a-la-recaudacion-del-evento-pokemon-de-septiembre\\\/#primaryimage\"},\"thumbnailUrl\":\"https:\\\/\\\/cocemfevalencia.org\\\/wp-content\\\/uploads\\\/2018\\\/09\\\/twitterchapas.png\",\"articleSection\":[\"Not\u00edcies\"],\"inLanguage\":\"es\"},{\"@type\":\"WebPage\",\"@id\":\"https:\\\/\\\/cocemfevalencia.org\\\/es\\\/abierto-el-plazo-para-nuestras-asociaciones-que-optan-a-la-recaudacion-del-evento-pokemon-de-septiembre\\\/\",\"url\":\"https:\\\/\\\/cocemfevalencia.org\\\/es\\\/abierto-el-plazo-para-nuestras-asociaciones-que-optan-a-la-recaudacion-del-evento-pokemon-de-septiembre\\\/\",\"name\":\"Abierto el Plazo para nuestras Asociaciones que optan a la recaudaci\u00f3n del Evento Pokemon de Septiembre - Cocemfe Valencia\",\"isPartOf\":{\"@id\":\"https:\\\/\\\/cocemfevalencia.org\\\/es\\\/#website\"},\"primaryImageOfPage\":{\"@id\":\"https:\\\/\\\/cocemfevalencia.org\\\/es\\\/abierto-el-plazo-para-nuestras-asociaciones-que-optan-a-la-recaudacion-del-evento-pokemon-de-septiembre\\\/#primaryimage\"},\"image\":{\"@id\":\"https:\\\/\\\/cocemfevalencia.org\\\/es\\\/abierto-el-plazo-para-nuestras-asociaciones-que-optan-a-la-recaudacion-del-evento-pokemon-de-septiembre\\\/#primaryimage\"},\"thumbnailUrl\":\"https:\\\/\\\/cocemfevalencia.org\\\/wp-content\\\/uploads\\\/2018\\\/09\\\/twitterchapas.png\",\"datePublished\":\"2018-09-10T11:19:59+00:00\",\"breadcrumb\":{\"@id\":\"https:\\\/\\\/cocemfevalencia.org\\\/es\\\/abierto-el-plazo-para-nuestras-asociaciones-que-optan-a-la-recaudacion-del-evento-pokemon-de-septiembre\\\/#breadcrumb\"},\"inLanguage\":\"es\",\"potentialAction\":[{\"@type\":\"ReadAction\",\"target\":[\"https:\\\/\\\/cocemfevalencia.org\\\/es\\\/abierto-el-plazo-para-nuestras-asociaciones-que-optan-a-la-recaudacion-del-evento-pokemon-de-septiembre\\\/\"]}]},{\"@type\":\"ImageObject\",\"inLanguage\":\"es\",\"@id\":\"https:\\\/\\\/cocemfevalencia.org\\\/es\\\/abierto-el-plazo-para-nuestras-asociaciones-que-optan-a-la-recaudacion-del-evento-pokemon-de-septiembre\\\/#primaryimage\",\"url\":\"https:\\\/\\\/cocemfevalencia.org\\\/wp-content\\\/uploads\\\/2018\\\/09\\\/twitterchapas.png\",\"contentUrl\":\"https:\\\/\\\/cocemfevalencia.org\\\/wp-content\\\/uploads\\\/2018\\\/09\\\/twitterchapas.png\",\"width\":597,\"height\":308},{\"@type\":\"BreadcrumbList\",\"@id\":\"https:\\\/\\\/cocemfevalencia.org\\\/es\\\/abierto-el-plazo-para-nuestras-asociaciones-que-optan-a-la-recaudacion-del-evento-pokemon-de-septiembre\\\/#breadcrumb\",\"itemListElement\":[{\"@type\":\"ListItem\",\"position\":1,\"name\":\"Portada\",\"item\":\"https:\\\/\\\/cocemfevalencia.org\\\/es\\\/\"},{\"@type\":\"ListItem\",\"position\":2,\"name\":\"Abierto el Plazo para nuestras Asociaciones que optan a la recaudaci\u00f3n del Evento Pokemon de Septiembre\"}]},{\"@type\":\"WebSite\",\"@id\":\"https:\\\/\\\/cocemfevalencia.org\\\/es\\\/#website\",\"url\":\"https:\\\/\\\/cocemfevalencia.org\\\/es\\\/\",\"name\":\"Cocemfe Valencia\",\"description\":\"FEDERACI\u00d3N DE ASOCIACIONES DE PERSONAS CON DISCAPACIDAD F\u00cdSICA Y ORG\u00c1NICA DE LA PROV\u00cdNCIA DE VALENCIA\",\"publisher\":{\"@id\":\"https:\\\/\\\/cocemfevalencia.org\\\/es\\\/#organization\"},\"potentialAction\":[{\"@type\":\"SearchAction\",\"target\":{\"@type\":\"EntryPoint\",\"urlTemplate\":\"https:\\\/\\\/cocemfevalencia.org\\\/es\\\/?s={search_term_string}\"},\"query-input\":{\"@type\":\"PropertyValueSpecification\",\"valueRequired\":true,\"valueName\":\"search_term_string\"}}],\"inLanguage\":\"es\"},{\"@type\":\"Organization\",\"@id\":\"https:\\\/\\\/cocemfevalencia.org\\\/es\\\/#organization\",\"name\":\"Cocemfe Valencia\",\"url\":\"https:\\\/\\\/cocemfevalencia.org\\\/es\\\/\",\"logo\":{\"@type\":\"ImageObject\",\"inLanguage\":\"es\",\"@id\":\"https:\\\/\\\/cocemfevalencia.org\\\/es\\\/#\\\/schema\\\/logo\\\/image\\\/\",\"url\":\"https:\\\/\\\/cocemfevalencia.org\\\/wp-content\\\/uploads\\\/2023\\\/03\\\/0312-Horizontal-una-linea-larga-rgb-positivo-Tricolor.png\",\"contentUrl\":\"https:\\\/\\\/cocemfevalencia.org\\\/wp-content\\\/uploads\\\/2023\\\/03\\\/0312-Horizontal-una-linea-larga-rgb-positivo-Tricolor.png\",\"width\":2334,\"height\":613,\"caption\":\"Cocemfe Valencia\"},\"image\":{\"@id\":\"https:\\\/\\\/cocemfevalencia.org\\\/es\\\/#\\\/schema\\\/logo\\\/image\\\/\"},\"sameAs\":[\"https:\\\/\\\/www.facebook.com\\\/cocemfe.valencia\",\"https:\\\/\\\/x.com\\\/COCEMFEValencia\"]},{\"@type\":\"Person\",\"@id\":\"https:\\\/\\\/cocemfevalencia.org\\\/es\\\/#\\\/schema\\\/person\\\/e31a24227ccbc918e2c80add51990ad7\",\"name\":\"COCEMFE VALENCIA\",\"image\":{\"@type\":\"ImageObject\",\"inLanguage\":\"es\",\"@id\":\"https:\\\/\\\/secure.gravatar.com\\\/avatar\\\/81dd2ced4591577d70433bbfde65ba3f931e09f5cb4ca8c890817c47789b47f0?s=96&d=mm&r=g\",\"url\":\"https:\\\/\\\/secure.gravatar.com\\\/avatar\\\/81dd2ced4591577d70433bbfde65ba3f931e09f5cb4ca8c890817c47789b47f0?s=96&d=mm&r=g\",\"contentUrl\":\"https:\\\/\\\/secure.gravatar.com\\\/avatar\\\/81dd2ced4591577d70433bbfde65ba3f931e09f5cb4ca8c890817c47789b47f0?s=96&d=mm&r=g\",\"caption\":\"COCEMFE VALENCIA\"}}]}<\/script>\n<!-- \/ Yoast SEO plugin. -->","yoast_head_json":{"title":"Abierto el Plazo para nuestras Asociaciones que optan a la recaudaci\u00f3n del Evento Pokemon de Septiembre - Cocemfe Valencia","robots":{"index":"index","follow":"follow","max-snippet":"max-snippet:-1","max-image-preview":"max-image-preview:large","max-video-preview":"max-video-preview:-1"},"canonical":"https:\/\/cocemfevalencia.org\/es\/abierto-el-plazo-para-nuestras-asociaciones-que-optan-a-la-recaudacion-del-evento-pokemon-de-septiembre\/","og_locale":"es_ES","og_type":"article","og_title":"Abierto el Plazo para nuestras Asociaciones que optan a la recaudaci\u00f3n del Evento Pokemon de Septiembre - Cocemfe Valencia","og_description":"Twitter del evento Ya est\u00e1n disponibles en la Web de Chapas Solidarias Valencia los proyectos de nuestras asociaciones que optar\u00e1n a la recaudaci\u00f3n del evento D\u00eda de la comunidad Pokemon de Septiembre.\u00a0 La votaci\u00f3n se realizar\u00e1 en el Grupo de Telegram de Pokemon Go Valencia que cuenta con casi 2.000 miembros. El plazo de votaci\u00f3n&hellip;&nbsp;Leer m\u00e1s &raquo;Abierto el Plazo para nuestras Asociaciones que optan a la recaudaci\u00f3n del Evento Pokemon de Septiembre","og_url":"https:\/\/cocemfevalencia.org\/es\/abierto-el-plazo-para-nuestras-asociaciones-que-optan-a-la-recaudacion-del-evento-pokemon-de-septiembre\/","og_site_name":"Cocemfe Valencia","article_publisher":"https:\/\/www.facebook.com\/cocemfe.valencia","article_published_time":"2018-09-10T11:19:59+00:00","og_image":[{"width":597,"height":308,"url":"https:\/\/cocemfevalencia.org\/wp-content\/uploads\/2018\/09\/twitterchapas.png","type":"image\/png"}],"author":"COCEMFE VALENCIA","twitter_card":"summary_large_image","twitter_creator":"@COCEMFEValencia","twitter_site":"@COCEMFEValencia","twitter_misc":{"Escrito por":"COCEMFE VALENCIA","Tiempo de lectura":"1 minuto"},"schema":{"@context":"https:\/\/schema.org","@graph":[{"@type":"Article","@id":"https:\/\/cocemfevalencia.org\/es\/abierto-el-plazo-para-nuestras-asociaciones-que-optan-a-la-recaudacion-del-evento-pokemon-de-septiembre\/#article","isPartOf":{"@id":"https:\/\/cocemfevalencia.org\/es\/abierto-el-plazo-para-nuestras-asociaciones-que-optan-a-la-recaudacion-del-evento-pokemon-de-septiembre\/"},"author":{"name":"COCEMFE VALENCIA","@id":"https:\/\/cocemfevalencia.org\/es\/#\/schema\/person\/e31a24227ccbc918e2c80add51990ad7"},"headline":"Abierto el Plazo para nuestras Asociaciones que optan a la recaudaci\u00f3n del Evento Pokemon de Septiembre","datePublished":"2018-09-10T11:19:59+00:00","mainEntityOfPage":{"@id":"https:\/\/cocemfevalencia.org\/es\/abierto-el-plazo-para-nuestras-asociaciones-que-optan-a-la-recaudacion-del-evento-pokemon-de-septiembre\/"},"wordCount":187,"publisher":{"@id":"https:\/\/cocemfevalencia.org\/es\/#organization"},"image":{"@id":"https:\/\/cocemfevalencia.org\/es\/abierto-el-plazo-para-nuestras-asociaciones-que-optan-a-la-recaudacion-del-evento-pokemon-de-septiembre\/#primaryimage"},"thumbnailUrl":"https:\/\/cocemfevalencia.org\/wp-content\/uploads\/2018\/09\/twitterchapas.png","articleSection":["Not\u00edcies"],"inLanguage":"es"},{"@type":"WebPage","@id":"https:\/\/cocemfevalencia.org\/es\/abierto-el-plazo-para-nuestras-asociaciones-que-optan-a-la-recaudacion-del-evento-pokemon-de-septiembre\/","url":"https:\/\/cocemfevalencia.org\/es\/abierto-el-plazo-para-nuestras-asociaciones-que-optan-a-la-recaudacion-del-evento-pokemon-de-septiembre\/","name":"Abierto el Plazo para nuestras Asociaciones que optan a la recaudaci\u00f3n del Evento Pokemon de Septiembre - Cocemfe Valencia","isPartOf":{"@id":"https:\/\/cocemfevalencia.org\/es\/#website"},"primaryImageOfPage":{"@id":"https:\/\/cocemfevalencia.org\/es\/abierto-el-plazo-para-nuestras-asociaciones-que-optan-a-la-recaudacion-del-evento-pokemon-de-septiembre\/#primaryimage"},"image":{"@id":"https:\/\/cocemfevalencia.org\/es\/abierto-el-plazo-para-nuestras-asociaciones-que-optan-a-la-recaudacion-del-evento-pokemon-de-septiembre\/#primaryimage"},"thumbnailUrl":"https:\/\/cocemfevalencia.org\/wp-content\/uploads\/2018\/09\/twitterchapas.png","datePublished":"2018-09-10T11:19:59+00:00","breadcrumb":{"@id":"https:\/\/cocemfevalencia.org\/es\/abierto-el-plazo-para-nuestras-asociaciones-que-optan-a-la-recaudacion-del-evento-pokemon-de-septiembre\/#breadcrumb"},"inLanguage":"es","potentialAction":[{"@type":"ReadAction","target":["https:\/\/cocemfevalencia.org\/es\/abierto-el-plazo-para-nuestras-asociaciones-que-optan-a-la-recaudacion-del-evento-pokemon-de-septiembre\/"]}]},{"@type":"ImageObject","inLanguage":"es","@id":"https:\/\/cocemfevalencia.org\/es\/abierto-el-plazo-para-nuestras-asociaciones-que-optan-a-la-recaudacion-del-evento-pokemon-de-septiembre\/#primaryimage","url":"https:\/\/cocemfevalencia.org\/wp-content\/uploads\/2018\/09\/twitterchapas.png","contentUrl":"https:\/\/cocemfevalencia.org\/wp-content\/uploads\/2018\/09\/twitterchapas.png","width":597,"height":308},{"@type":"BreadcrumbList","@id":"https:\/\/cocemfevalencia.org\/es\/abierto-el-plazo-para-nuestras-asociaciones-que-optan-a-la-recaudacion-del-evento-pokemon-de-septiembre\/#breadcrumb","itemListElement":[{"@type":"ListItem","position":1,"name":"Portada","item":"https:\/\/cocemfevalencia.org\/es\/"},{"@type":"ListItem","position":2,"name":"Abierto el Plazo para nuestras Asociaciones que optan a la recaudaci\u00f3n del Evento Pokemon de Septiembre"}]},{"@type":"WebSite","@id":"https:\/\/cocemfevalencia.org\/es\/#website","url":"https:\/\/cocemfevalencia.org\/es\/","name":"Cocemfe Valencia","description":"FEDERACI\u00d3N DE ASOCIACIONES DE PERSONAS CON DISCAPACIDAD F\u00cdSICA Y ORG\u00c1NICA DE LA PROV\u00cdNCIA DE VALENCIA","publisher":{"@id":"https:\/\/cocemfevalencia.org\/es\/#organization"},"potentialAction":[{"@type":"SearchAction","target":{"@type":"EntryPoint","urlTemplate":"https:\/\/cocemfevalencia.org\/es\/?s={search_term_string}"},"query-input":{"@type":"PropertyValueSpecification","valueRequired":true,"valueName":"search_term_string"}}],"inLanguage":"es"},{"@type":"Organization","@id":"https:\/\/cocemfevalencia.org\/es\/#organization","name":"Cocemfe Valencia","url":"https:\/\/cocemfevalencia.org\/es\/","logo":{"@type":"ImageObject","inLanguage":"es","@id":"https:\/\/cocemfevalencia.org\/es\/#\/schema\/logo\/image\/","url":"https:\/\/cocemfevalencia.org\/wp-content\/uploads\/2023\/03\/0312-Horizontal-una-linea-larga-rgb-positivo-Tricolor.png","contentUrl":"https:\/\/cocemfevalencia.org\/wp-content\/uploads\/2023\/03\/0312-Horizontal-una-linea-larga-rgb-positivo-Tricolor.png","width":2334,"height":613,"caption":"Cocemfe Valencia"},"image":{"@id":"https:\/\/cocemfevalencia.org\/es\/#\/schema\/logo\/image\/"},"sameAs":["https:\/\/www.facebook.com\/cocemfe.valencia","https:\/\/x.com\/COCEMFEValencia"]},{"@type":"Person","@id":"https:\/\/cocemfevalencia.org\/es\/#\/schema\/person\/e31a24227ccbc918e2c80add51990ad7","name":"COCEMFE VALENCIA","image":{"@type":"ImageObject","inLanguage":"es","@id":"https:\/\/secure.gravatar.com\/avatar\/81dd2ced4591577d70433bbfde65ba3f931e09f5cb4ca8c890817c47789b47f0?s=96&d=mm&r=g","url":"https:\/\/secure.gravatar.com\/avatar\/81dd2ced4591577d70433bbfde65ba3f931e09f5cb4ca8c890817c47789b47f0?s=96&d=mm&r=g","contentUrl":"https:\/\/secure.gravatar.com\/avatar\/81dd2ced4591577d70433bbfde65ba3f931e09f5cb4ca8c890817c47789b47f0?s=96&d=mm&r=g","caption":"COCEMFE VALENCIA"}}]}},"_links":{"self":[{"href":"https:\/\/cocemfevalencia.org\/es\/wp-json\/wp\/v2\/posts\/1727","targetHints":{"allow":["GET"]}}],"collection":[{"href":"https:\/\/cocemfevalencia.org\/es\/wp-json\/wp\/v2\/posts"}],"about":[{"href":"https:\/\/cocemfevalencia.org\/es\/wp-json\/wp\/v2\/types\/post"}],"author":[{"embeddable":true,"href":"https:\/\/cocemfevalencia.org\/es\/wp-json\/wp\/v2\/users\/3"}],"replies":[{"embeddable":true,"href":"https:\/\/cocemfevalencia.org\/es\/wp-json\/wp\/v2\/comments?post=1727"}],"version-history":[{"count":0,"href":"https:\/\/cocemfevalencia.org\/es\/wp-json\/wp\/v2\/posts\/1727\/revisions"}],"wp:featuredmedia":[{"embeddable":true,"href":"https:\/\/cocemfevalencia.org\/es\/wp-json\/wp\/v2\/media\/1728"}],"wp:attachment":[{"href":"https:\/\/cocemfevalencia.org\/es\/wp-json\/wp\/v2\/media?parent=1727"}],"wp:term":[{"taxonomy":"category","embeddable":true,"href":"https:\/\/cocemfevalencia.org\/es\/wp-json\/wp\/v2\/categories?post=1727"},{"taxonomy":"post_tag","embeddable":true,"href":"https:\/\/cocemfevalencia.org\/es\/wp-json\/wp\/v2\/tags?post=1727"}],"curies":[{"name":"wp","href":"https:\/\/api.w.org\/{rel}","templated":true}]}}