{"id":1732,"date":"2018-09-11T13:40:39","date_gmt":"2018-09-11T11:40:39","guid":{"rendered":"http:\/\/cocemfevalencia.org\/?p=1732"},"modified":"2018-09-11T13:40:39","modified_gmt":"2018-09-11T11:40:39","slug":"cocemfe-valencia-participara-el-20-de-septiembre-en-la-feria-de-empleo-valencia","status":"publish","type":"post","link":"https:\/\/cocemfevalencia.org\/es\/cocemfe-valencia-participara-el-20-de-septiembre-en-la-feria-de-empleo-valencia\/","title":{"rendered":"COCEMFE VALENCIA participar\u00e1 el 20 de Septiembre en la  Feria de Empleo Valencia"},"content":{"rendered":"\t\t<div data-elementor-type=\"wp-post\" data-elementor-id=\"1732\" class=\"elementor elementor-1732 elementor-bc-flex-widget\" data-elementor-post-type=\"post\">\n\t\t\t\t\t\t<section class=\"elementor-section elementor-top-section elementor-element elementor-element-98025ea elementor-section-boxed elementor-section-height-default elementor-section-height-default\" data-id=\"98025ea\" data-element_type=\"section\" data-e-type=\"section\">\n\t\t\t\t\t\t<div class=\"elementor-container elementor-column-gap-default\">\n\t\t\t\t\t<div class=\"elementor-column elementor-col-50 elementor-top-column elementor-element elementor-element-c1c57fc\" data-id=\"c1c57fc\" data-element_type=\"column\" data-e-type=\"column\">\n\t\t\t<div class=\"elementor-widget-wrap elementor-element-populated\">\n\t\t\t\t\t\t<div class=\"elementor-element elementor-element-fa97a79 elementor-widget elementor-widget-image\" data-id=\"fa97a79\" data-element_type=\"widget\" data-e-type=\"widget\" data-widget_type=\"image.default\">\n\t\t\t\t<div class=\"elementor-widget-container\">\n\t\t\t\t\t\t\t\t\t\t\t\t\t\t\t<img fetchpriority=\"high\" decoding=\"async\" width=\"500\" height=\"137\" src=\"https:\/\/cocemfevalencia.org\/wp-content\/uploads\/2018\/09\/LOGO-FERIA-EMPLEO-2018.png\" class=\"attachment-large size-large wp-image-1733\" alt=\"\" srcset=\"https:\/\/cocemfevalencia.org\/wp-content\/uploads\/2018\/09\/LOGO-FERIA-EMPLEO-2018.png 500w, https:\/\/cocemfevalencia.org\/wp-content\/uploads\/2018\/09\/LOGO-FERIA-EMPLEO-2018-300x82.png 300w\" sizes=\"(max-width: 500px) 100vw, 500px\" \/>\t\t\t\t\t\t\t\t\t\t\t\t\t\t\t<\/div>\n\t\t\t\t<\/div>\n\t\t\t\t\t<\/div>\n\t\t<\/div>\n\t\t\t\t<div class=\"elementor-column elementor-col-50 elementor-top-column elementor-element elementor-element-e4f98c3\" data-id=\"e4f98c3\" data-element_type=\"column\" data-e-type=\"column\">\n\t\t\t<div class=\"elementor-widget-wrap elementor-element-populated\">\n\t\t\t\t\t\t<div class=\"elementor-element elementor-element-be854a7 elementor-widget elementor-widget-text-editor\" data-id=\"be854a7\" data-element_type=\"widget\" data-e-type=\"widget\" data-widget_type=\"text-editor.default\">\n\t\t\t\t<div class=\"elementor-widget-container\">\n\t\t\t\t\t\t\t\t\t<p>COCEMFE VALENCIA contar\u00e1 con\u00a0 Stand propio en la Feria Empleo Valencia 2018 donde informar\u00e1 a las personas participantes y empresas asistentes de los programas activos disponibles dentro del Servicio de Integraci\u00f3n Laboral de la entidad.\u00a0<\/p><p>A dem\u00e1s, las personas participantes que cuenten con certificado de discapacidad y quieran entrar a formar parte de la bolsa de empleo de COCEMFE VALENCIA, podr\u00e1n realizar una entrevista con nuestros t\u00e9cnicos del \u00e1rea de empleo. Para poder realizar la entrevista, previamente deber\u00e1n inscribirse en una de las ofertas habilitadas en la web de la Feria de Empleo.\u00a0\u00a0<\/p><p>La jornada se realizar\u00e1 el pr\u00f3ximo Jueves d\u00eda 20 de septiembre en el Palacio de Congresos de Valencia.<\/p><p>Las ferias de Empleo Valencia 2018 desarrolladas por C\u00e1mara Val\u00e8ncia y la Diputaci\u00f3n de Val\u00e8ncia con el apoyo de los ayuntamientos de Val\u00e8ncia y Sagunt, cuentan con la cofinanciaci\u00f3n del Fondo Social Europeo.<\/p><p>Como objetivo principal, se busca activar e impulsar el empleo entre los vecinos y las empresas de las poblaciones participantes y para ello, trabajar\u00e1 con los diferentes colectivos proporcion\u00e1ndoles las herramientas y recursos necesarios para afrontar con m\u00e1s energ\u00edas y posibilidades de \u00e9xito su b\u00fasqueda de un trabajo que se ajuste a sus capacidades.<\/p><p>Para conocer el programa y m\u00e1s informaci\u00f3n sobre el evento:\u00a0<\/p><p><a href=\"http:\/\/www.feriaempleovalencia.com\">http:\/\/www.feriaempleovalencia.com<\/a><\/p><p>\u00a0<\/p>\t\t\t\t\t\t\t\t<\/div>\n\t\t\t\t<\/div>\n\t\t\t\t\t<\/div>\n\t\t<\/div>\n\t\t\t\t\t<\/div>\n\t\t<\/section>\n\t\t\t\t<\/div>\n\t\t<p>Visitas: 5<\/p>","protected":false},"excerpt":{"rendered":"<p>COCEMFE VALENCIA contar\u00e1 con\u00a0 Stand propio en la Feria Empleo Valencia 2018 donde informar\u00e1 a las personas participantes y empresas asistentes de los programas activos disponibles dentro del Servicio de Integraci\u00f3n Laboral de la entidad.\u00a0 A dem\u00e1s, las personas participantes que cuenten con certificado de discapacidad y quieran entrar a formar parte de la bolsa&hellip;&nbsp;<a href=\"https:\/\/cocemfevalencia.org\/es\/cocemfe-valencia-participara-el-20-de-septiembre-en-la-feria-de-empleo-valencia\/\" rel=\"bookmark\">Leer m\u00e1s &raquo;<span class=\"screen-reader-text\">COCEMFE VALENCIA participar\u00e1 el 20 de Septiembre en la  Feria de Empleo Valencia<\/span><\/a><\/p>\n","protected":false},"author":3,"featured_media":1733,"comment_status":"closed","ping_status":"closed","sticky":false,"template":"","format":"standard","meta":{"rop_custom_images_group":[],"rop_custom_messages_group":[],"rop_publish_now":"initial","rop_publish_now_accounts":[],"rop_publish_now_history":[],"rop_publish_now_status":"pending","neve_meta_sidebar":"","neve_meta_container":"","neve_meta_enable_content_width":"","neve_meta_content_width":0,"neve_meta_title_alignment":"","neve_meta_author_avatar":"","neve_post_elements_order":"","neve_meta_disable_header":"","neve_meta_disable_footer":"","neve_meta_disable_title":"","footnotes":""},"categories":[5],"tags":[],"class_list":["post-1732","post","type-post","status-publish","format-standard","has-post-thumbnail","hentry","category-noticias"],"yoast_head":"<!-- This site is optimized with the Yoast SEO plugin v27.3 - https:\/\/yoast.com\/product\/yoast-seo-wordpress\/ -->\n<title>COCEMFE VALENCIA participar\u00e1 el 20 de Septiembre en la Feria de Empleo Valencia - Cocemfe Valencia<\/title>\n<meta name=\"robots\" content=\"index, follow, max-snippet:-1, max-image-preview:large, max-video-preview:-1\" \/>\n<link rel=\"canonical\" href=\"https:\/\/cocemfevalencia.org\/es\/cocemfe-valencia-participara-el-20-de-septiembre-en-la-feria-de-empleo-valencia\/\" \/>\n<meta property=\"og:locale\" content=\"es_ES\" \/>\n<meta property=\"og:type\" content=\"article\" \/>\n<meta property=\"og:title\" content=\"COCEMFE VALENCIA participar\u00e1 el 20 de Septiembre en la Feria de Empleo Valencia - Cocemfe Valencia\" \/>\n<meta property=\"og:description\" content=\"COCEMFE VALENCIA contar\u00e1 con\u00a0 Stand propio en la Feria Empleo Valencia 2018 donde informar\u00e1 a las personas participantes y empresas asistentes de los programas activos disponibles dentro del Servicio de Integraci\u00f3n Laboral de la entidad.\u00a0 A dem\u00e1s, las personas participantes que cuenten con certificado de discapacidad y quieran entrar a formar parte de la bolsa&hellip;&nbsp;Leer m\u00e1s &raquo;COCEMFE VALENCIA participar\u00e1 el 20 de Septiembre en la Feria de Empleo Valencia\" \/>\n<meta property=\"og:url\" content=\"https:\/\/cocemfevalencia.org\/es\/cocemfe-valencia-participara-el-20-de-septiembre-en-la-feria-de-empleo-valencia\/\" \/>\n<meta property=\"og:site_name\" content=\"Cocemfe Valencia\" \/>\n<meta property=\"article:publisher\" content=\"https:\/\/www.facebook.com\/cocemfe.valencia\" \/>\n<meta property=\"article:published_time\" content=\"2018-09-11T11:40:39+00:00\" \/>\n<meta property=\"og:image\" content=\"https:\/\/cocemfevalencia.org\/wp-content\/uploads\/2018\/09\/LOGO-FERIA-EMPLEO-2018.png\" \/>\n\t<meta property=\"og:image:width\" content=\"500\" \/>\n\t<meta property=\"og:image:height\" content=\"137\" \/>\n\t<meta property=\"og:image:type\" content=\"image\/png\" \/>\n<meta name=\"author\" content=\"COCEMFE VALENCIA\" \/>\n<meta name=\"twitter:card\" content=\"summary_large_image\" \/>\n<meta name=\"twitter:creator\" content=\"@COCEMFEValencia\" \/>\n<meta name=\"twitter:site\" content=\"@COCEMFEValencia\" \/>\n<meta name=\"twitter:label1\" content=\"Escrito por\" \/>\n\t<meta name=\"twitter:data1\" content=\"COCEMFE VALENCIA\" \/>\n\t<meta name=\"twitter:label2\" content=\"Tiempo de lectura\" \/>\n\t<meta name=\"twitter:data2\" content=\"1 minuto\" \/>\n<script type=\"application\/ld+json\" class=\"yoast-schema-graph\">{\"@context\":\"https:\\\/\\\/schema.org\",\"@graph\":[{\"@type\":\"Article\",\"@id\":\"https:\\\/\\\/cocemfevalencia.org\\\/es\\\/cocemfe-valencia-participara-el-20-de-septiembre-en-la-feria-de-empleo-valencia\\\/#article\",\"isPartOf\":{\"@id\":\"https:\\\/\\\/cocemfevalencia.org\\\/es\\\/cocemfe-valencia-participara-el-20-de-septiembre-en-la-feria-de-empleo-valencia\\\/\"},\"author\":{\"name\":\"COCEMFE VALENCIA\",\"@id\":\"https:\\\/\\\/cocemfevalencia.org\\\/es\\\/#\\\/schema\\\/person\\\/e31a24227ccbc918e2c80add51990ad7\"},\"headline\":\"COCEMFE VALENCIA participar\u00e1 el 20 de Septiembre en la Feria de Empleo Valencia\",\"datePublished\":\"2018-09-11T11:40:39+00:00\",\"mainEntityOfPage\":{\"@id\":\"https:\\\/\\\/cocemfevalencia.org\\\/es\\\/cocemfe-valencia-participara-el-20-de-septiembre-en-la-feria-de-empleo-valencia\\\/\"},\"wordCount\":240,\"publisher\":{\"@id\":\"https:\\\/\\\/cocemfevalencia.org\\\/es\\\/#organization\"},\"image\":{\"@id\":\"https:\\\/\\\/cocemfevalencia.org\\\/es\\\/cocemfe-valencia-participara-el-20-de-septiembre-en-la-feria-de-empleo-valencia\\\/#primaryimage\"},\"thumbnailUrl\":\"https:\\\/\\\/cocemfevalencia.org\\\/wp-content\\\/uploads\\\/2018\\\/09\\\/LOGO-FERIA-EMPLEO-2018.png\",\"articleSection\":[\"Not\u00edcies\"],\"inLanguage\":\"es\"},{\"@type\":\"WebPage\",\"@id\":\"https:\\\/\\\/cocemfevalencia.org\\\/es\\\/cocemfe-valencia-participara-el-20-de-septiembre-en-la-feria-de-empleo-valencia\\\/\",\"url\":\"https:\\\/\\\/cocemfevalencia.org\\\/es\\\/cocemfe-valencia-participara-el-20-de-septiembre-en-la-feria-de-empleo-valencia\\\/\",\"name\":\"COCEMFE VALENCIA participar\u00e1 el 20 de Septiembre en la Feria de Empleo Valencia - Cocemfe Valencia\",\"isPartOf\":{\"@id\":\"https:\\\/\\\/cocemfevalencia.org\\\/es\\\/#website\"},\"primaryImageOfPage\":{\"@id\":\"https:\\\/\\\/cocemfevalencia.org\\\/es\\\/cocemfe-valencia-participara-el-20-de-septiembre-en-la-feria-de-empleo-valencia\\\/#primaryimage\"},\"image\":{\"@id\":\"https:\\\/\\\/cocemfevalencia.org\\\/es\\\/cocemfe-valencia-participara-el-20-de-septiembre-en-la-feria-de-empleo-valencia\\\/#primaryimage\"},\"thumbnailUrl\":\"https:\\\/\\\/cocemfevalencia.org\\\/wp-content\\\/uploads\\\/2018\\\/09\\\/LOGO-FERIA-EMPLEO-2018.png\",\"datePublished\":\"2018-09-11T11:40:39+00:00\",\"breadcrumb\":{\"@id\":\"https:\\\/\\\/cocemfevalencia.org\\\/es\\\/cocemfe-valencia-participara-el-20-de-septiembre-en-la-feria-de-empleo-valencia\\\/#breadcrumb\"},\"inLanguage\":\"es\",\"potentialAction\":[{\"@type\":\"ReadAction\",\"target\":[\"https:\\\/\\\/cocemfevalencia.org\\\/es\\\/cocemfe-valencia-participara-el-20-de-septiembre-en-la-feria-de-empleo-valencia\\\/\"]}]},{\"@type\":\"ImageObject\",\"inLanguage\":\"es\",\"@id\":\"https:\\\/\\\/cocemfevalencia.org\\\/es\\\/cocemfe-valencia-participara-el-20-de-septiembre-en-la-feria-de-empleo-valencia\\\/#primaryimage\",\"url\":\"https:\\\/\\\/cocemfevalencia.org\\\/wp-content\\\/uploads\\\/2018\\\/09\\\/LOGO-FERIA-EMPLEO-2018.png\",\"contentUrl\":\"https:\\\/\\\/cocemfevalencia.org\\\/wp-content\\\/uploads\\\/2018\\\/09\\\/LOGO-FERIA-EMPLEO-2018.png\",\"width\":500,\"height\":137},{\"@type\":\"BreadcrumbList\",\"@id\":\"https:\\\/\\\/cocemfevalencia.org\\\/es\\\/cocemfe-valencia-participara-el-20-de-septiembre-en-la-feria-de-empleo-valencia\\\/#breadcrumb\",\"itemListElement\":[{\"@type\":\"ListItem\",\"position\":1,\"name\":\"Portada\",\"item\":\"https:\\\/\\\/cocemfevalencia.org\\\/es\\\/\"},{\"@type\":\"ListItem\",\"position\":2,\"name\":\"COCEMFE VALENCIA participar\u00e1 el 20 de Septiembre en la Feria de Empleo Valencia\"}]},{\"@type\":\"WebSite\",\"@id\":\"https:\\\/\\\/cocemfevalencia.org\\\/es\\\/#website\",\"url\":\"https:\\\/\\\/cocemfevalencia.org\\\/es\\\/\",\"name\":\"Cocemfe Valencia\",\"description\":\"FEDERACI\u00d3N DE ASOCIACIONES DE PERSONAS CON DISCAPACIDAD F\u00cdSICA Y ORG\u00c1NICA DE LA PROV\u00cdNCIA DE VALENCIA\",\"publisher\":{\"@id\":\"https:\\\/\\\/cocemfevalencia.org\\\/es\\\/#organization\"},\"potentialAction\":[{\"@type\":\"SearchAction\",\"target\":{\"@type\":\"EntryPoint\",\"urlTemplate\":\"https:\\\/\\\/cocemfevalencia.org\\\/es\\\/?s={search_term_string}\"},\"query-input\":{\"@type\":\"PropertyValueSpecification\",\"valueRequired\":true,\"valueName\":\"search_term_string\"}}],\"inLanguage\":\"es\"},{\"@type\":\"Organization\",\"@id\":\"https:\\\/\\\/cocemfevalencia.org\\\/es\\\/#organization\",\"name\":\"Cocemfe Valencia\",\"url\":\"https:\\\/\\\/cocemfevalencia.org\\\/es\\\/\",\"logo\":{\"@type\":\"ImageObject\",\"inLanguage\":\"es\",\"@id\":\"https:\\\/\\\/cocemfevalencia.org\\\/es\\\/#\\\/schema\\\/logo\\\/image\\\/\",\"url\":\"https:\\\/\\\/cocemfevalencia.org\\\/wp-content\\\/uploads\\\/2023\\\/03\\\/0312-Horizontal-una-linea-larga-rgb-positivo-Tricolor.png\",\"contentUrl\":\"https:\\\/\\\/cocemfevalencia.org\\\/wp-content\\\/uploads\\\/2023\\\/03\\\/0312-Horizontal-una-linea-larga-rgb-positivo-Tricolor.png\",\"width\":2334,\"height\":613,\"caption\":\"Cocemfe Valencia\"},\"image\":{\"@id\":\"https:\\\/\\\/cocemfevalencia.org\\\/es\\\/#\\\/schema\\\/logo\\\/image\\\/\"},\"sameAs\":[\"https:\\\/\\\/www.facebook.com\\\/cocemfe.valencia\",\"https:\\\/\\\/x.com\\\/COCEMFEValencia\"]},{\"@type\":\"Person\",\"@id\":\"https:\\\/\\\/cocemfevalencia.org\\\/es\\\/#\\\/schema\\\/person\\\/e31a24227ccbc918e2c80add51990ad7\",\"name\":\"COCEMFE VALENCIA\",\"image\":{\"@type\":\"ImageObject\",\"inLanguage\":\"es\",\"@id\":\"https:\\\/\\\/secure.gravatar.com\\\/avatar\\\/81dd2ced4591577d70433bbfde65ba3f931e09f5cb4ca8c890817c47789b47f0?s=96&d=mm&r=g\",\"url\":\"https:\\\/\\\/secure.gravatar.com\\\/avatar\\\/81dd2ced4591577d70433bbfde65ba3f931e09f5cb4ca8c890817c47789b47f0?s=96&d=mm&r=g\",\"contentUrl\":\"https:\\\/\\\/secure.gravatar.com\\\/avatar\\\/81dd2ced4591577d70433bbfde65ba3f931e09f5cb4ca8c890817c47789b47f0?s=96&d=mm&r=g\",\"caption\":\"COCEMFE VALENCIA\"}}]}<\/script>\n<!-- \/ Yoast SEO plugin. -->","yoast_head_json":{"title":"COCEMFE VALENCIA participar\u00e1 el 20 de Septiembre en la Feria de Empleo Valencia - Cocemfe Valencia","robots":{"index":"index","follow":"follow","max-snippet":"max-snippet:-1","max-image-preview":"max-image-preview:large","max-video-preview":"max-video-preview:-1"},"canonical":"https:\/\/cocemfevalencia.org\/es\/cocemfe-valencia-participara-el-20-de-septiembre-en-la-feria-de-empleo-valencia\/","og_locale":"es_ES","og_type":"article","og_title":"COCEMFE VALENCIA participar\u00e1 el 20 de Septiembre en la Feria de Empleo Valencia - Cocemfe Valencia","og_description":"COCEMFE VALENCIA contar\u00e1 con\u00a0 Stand propio en la Feria Empleo Valencia 2018 donde informar\u00e1 a las personas participantes y empresas asistentes de los programas activos disponibles dentro del Servicio de Integraci\u00f3n Laboral de la entidad.\u00a0 A dem\u00e1s, las personas participantes que cuenten con certificado de discapacidad y quieran entrar a formar parte de la bolsa&hellip;&nbsp;Leer m\u00e1s &raquo;COCEMFE VALENCIA participar\u00e1 el 20 de Septiembre en la Feria de Empleo Valencia","og_url":"https:\/\/cocemfevalencia.org\/es\/cocemfe-valencia-participara-el-20-de-septiembre-en-la-feria-de-empleo-valencia\/","og_site_name":"Cocemfe Valencia","article_publisher":"https:\/\/www.facebook.com\/cocemfe.valencia","article_published_time":"2018-09-11T11:40:39+00:00","og_image":[{"width":500,"height":137,"url":"https:\/\/cocemfevalencia.org\/wp-content\/uploads\/2018\/09\/LOGO-FERIA-EMPLEO-2018.png","type":"image\/png"}],"author":"COCEMFE VALENCIA","twitter_card":"summary_large_image","twitter_creator":"@COCEMFEValencia","twitter_site":"@COCEMFEValencia","twitter_misc":{"Escrito por":"COCEMFE VALENCIA","Tiempo de lectura":"1 minuto"},"schema":{"@context":"https:\/\/schema.org","@graph":[{"@type":"Article","@id":"https:\/\/cocemfevalencia.org\/es\/cocemfe-valencia-participara-el-20-de-septiembre-en-la-feria-de-empleo-valencia\/#article","isPartOf":{"@id":"https:\/\/cocemfevalencia.org\/es\/cocemfe-valencia-participara-el-20-de-septiembre-en-la-feria-de-empleo-valencia\/"},"author":{"name":"COCEMFE VALENCIA","@id":"https:\/\/cocemfevalencia.org\/es\/#\/schema\/person\/e31a24227ccbc918e2c80add51990ad7"},"headline":"COCEMFE VALENCIA participar\u00e1 el 20 de Septiembre en la Feria de Empleo Valencia","datePublished":"2018-09-11T11:40:39+00:00","mainEntityOfPage":{"@id":"https:\/\/cocemfevalencia.org\/es\/cocemfe-valencia-participara-el-20-de-septiembre-en-la-feria-de-empleo-valencia\/"},"wordCount":240,"publisher":{"@id":"https:\/\/cocemfevalencia.org\/es\/#organization"},"image":{"@id":"https:\/\/cocemfevalencia.org\/es\/cocemfe-valencia-participara-el-20-de-septiembre-en-la-feria-de-empleo-valencia\/#primaryimage"},"thumbnailUrl":"https:\/\/cocemfevalencia.org\/wp-content\/uploads\/2018\/09\/LOGO-FERIA-EMPLEO-2018.png","articleSection":["Not\u00edcies"],"inLanguage":"es"},{"@type":"WebPage","@id":"https:\/\/cocemfevalencia.org\/es\/cocemfe-valencia-participara-el-20-de-septiembre-en-la-feria-de-empleo-valencia\/","url":"https:\/\/cocemfevalencia.org\/es\/cocemfe-valencia-participara-el-20-de-septiembre-en-la-feria-de-empleo-valencia\/","name":"COCEMFE VALENCIA participar\u00e1 el 20 de Septiembre en la Feria de Empleo Valencia - Cocemfe Valencia","isPartOf":{"@id":"https:\/\/cocemfevalencia.org\/es\/#website"},"primaryImageOfPage":{"@id":"https:\/\/cocemfevalencia.org\/es\/cocemfe-valencia-participara-el-20-de-septiembre-en-la-feria-de-empleo-valencia\/#primaryimage"},"image":{"@id":"https:\/\/cocemfevalencia.org\/es\/cocemfe-valencia-participara-el-20-de-septiembre-en-la-feria-de-empleo-valencia\/#primaryimage"},"thumbnailUrl":"https:\/\/cocemfevalencia.org\/wp-content\/uploads\/2018\/09\/LOGO-FERIA-EMPLEO-2018.png","datePublished":"2018-09-11T11:40:39+00:00","breadcrumb":{"@id":"https:\/\/cocemfevalencia.org\/es\/cocemfe-valencia-participara-el-20-de-septiembre-en-la-feria-de-empleo-valencia\/#breadcrumb"},"inLanguage":"es","potentialAction":[{"@type":"ReadAction","target":["https:\/\/cocemfevalencia.org\/es\/cocemfe-valencia-participara-el-20-de-septiembre-en-la-feria-de-empleo-valencia\/"]}]},{"@type":"ImageObject","inLanguage":"es","@id":"https:\/\/cocemfevalencia.org\/es\/cocemfe-valencia-participara-el-20-de-septiembre-en-la-feria-de-empleo-valencia\/#primaryimage","url":"https:\/\/cocemfevalencia.org\/wp-content\/uploads\/2018\/09\/LOGO-FERIA-EMPLEO-2018.png","contentUrl":"https:\/\/cocemfevalencia.org\/wp-content\/uploads\/2018\/09\/LOGO-FERIA-EMPLEO-2018.png","width":500,"height":137},{"@type":"BreadcrumbList","@id":"https:\/\/cocemfevalencia.org\/es\/cocemfe-valencia-participara-el-20-de-septiembre-en-la-feria-de-empleo-valencia\/#breadcrumb","itemListElement":[{"@type":"ListItem","position":1,"name":"Portada","item":"https:\/\/cocemfevalencia.org\/es\/"},{"@type":"ListItem","position":2,"name":"COCEMFE VALENCIA participar\u00e1 el 20 de Septiembre en la Feria de Empleo Valencia"}]},{"@type":"WebSite","@id":"https:\/\/cocemfevalencia.org\/es\/#website","url":"https:\/\/cocemfevalencia.org\/es\/","name":"Cocemfe Valencia","description":"FEDERACI\u00d3N DE ASOCIACIONES DE PERSONAS CON DISCAPACIDAD F\u00cdSICA Y ORG\u00c1NICA DE LA PROV\u00cdNCIA DE VALENCIA","publisher":{"@id":"https:\/\/cocemfevalencia.org\/es\/#organization"},"potentialAction":[{"@type":"SearchAction","target":{"@type":"EntryPoint","urlTemplate":"https:\/\/cocemfevalencia.org\/es\/?s={search_term_string}"},"query-input":{"@type":"PropertyValueSpecification","valueRequired":true,"valueName":"search_term_string"}}],"inLanguage":"es"},{"@type":"Organization","@id":"https:\/\/cocemfevalencia.org\/es\/#organization","name":"Cocemfe Valencia","url":"https:\/\/cocemfevalencia.org\/es\/","logo":{"@type":"ImageObject","inLanguage":"es","@id":"https:\/\/cocemfevalencia.org\/es\/#\/schema\/logo\/image\/","url":"https:\/\/cocemfevalencia.org\/wp-content\/uploads\/2023\/03\/0312-Horizontal-una-linea-larga-rgb-positivo-Tricolor.png","contentUrl":"https:\/\/cocemfevalencia.org\/wp-content\/uploads\/2023\/03\/0312-Horizontal-una-linea-larga-rgb-positivo-Tricolor.png","width":2334,"height":613,"caption":"Cocemfe Valencia"},"image":{"@id":"https:\/\/cocemfevalencia.org\/es\/#\/schema\/logo\/image\/"},"sameAs":["https:\/\/www.facebook.com\/cocemfe.valencia","https:\/\/x.com\/COCEMFEValencia"]},{"@type":"Person","@id":"https:\/\/cocemfevalencia.org\/es\/#\/schema\/person\/e31a24227ccbc918e2c80add51990ad7","name":"COCEMFE VALENCIA","image":{"@type":"ImageObject","inLanguage":"es","@id":"https:\/\/secure.gravatar.com\/avatar\/81dd2ced4591577d70433bbfde65ba3f931e09f5cb4ca8c890817c47789b47f0?s=96&d=mm&r=g","url":"https:\/\/secure.gravatar.com\/avatar\/81dd2ced4591577d70433bbfde65ba3f931e09f5cb4ca8c890817c47789b47f0?s=96&d=mm&r=g","contentUrl":"https:\/\/secure.gravatar.com\/avatar\/81dd2ced4591577d70433bbfde65ba3f931e09f5cb4ca8c890817c47789b47f0?s=96&d=mm&r=g","caption":"COCEMFE VALENCIA"}}]}},"_links":{"self":[{"href":"https:\/\/cocemfevalencia.org\/es\/wp-json\/wp\/v2\/posts\/1732","targetHints":{"allow":["GET"]}}],"collection":[{"href":"https:\/\/cocemfevalencia.org\/es\/wp-json\/wp\/v2\/posts"}],"about":[{"href":"https:\/\/cocemfevalencia.org\/es\/wp-json\/wp\/v2\/types\/post"}],"author":[{"embeddable":true,"href":"https:\/\/cocemfevalencia.org\/es\/wp-json\/wp\/v2\/users\/3"}],"replies":[{"embeddable":true,"href":"https:\/\/cocemfevalencia.org\/es\/wp-json\/wp\/v2\/comments?post=1732"}],"version-history":[{"count":0,"href":"https:\/\/cocemfevalencia.org\/es\/wp-json\/wp\/v2\/posts\/1732\/revisions"}],"wp:featuredmedia":[{"embeddable":true,"href":"https:\/\/cocemfevalencia.org\/es\/wp-json\/wp\/v2\/media\/1733"}],"wp:attachment":[{"href":"https:\/\/cocemfevalencia.org\/es\/wp-json\/wp\/v2\/media?parent=1732"}],"wp:term":[{"taxonomy":"category","embeddable":true,"href":"https:\/\/cocemfevalencia.org\/es\/wp-json\/wp\/v2\/categories?post=1732"},{"taxonomy":"post_tag","embeddable":true,"href":"https:\/\/cocemfevalencia.org\/es\/wp-json\/wp\/v2\/tags?post=1732"}],"curies":[{"name":"wp","href":"https:\/\/api.w.org\/{rel}","templated":true}]}}