{"id":17729,"date":"2026-04-28T09:46:12","date_gmt":"2026-04-28T07:46:12","guid":{"rendered":"https:\/\/cocemfevalencia.org\/?p=17729"},"modified":"2026-04-28T09:46:12","modified_gmt":"2026-04-28T07:46:12","slug":"cocemfe-valencia-traslada-a-la-defensora-de-las-personas-con-discapacidad-las-principales-carencias-del-sistema-sociosanitario","status":"publish","type":"post","link":"https:\/\/cocemfevalencia.org\/es\/cocemfe-valencia-traslada-a-la-defensora-de-las-personas-con-discapacidad-las-principales-carencias-del-sistema-sociosanitario\/","title":{"rendered":"COCEMFE Valencia traslada a la Defensora de las Personas con Discapacidad las principales carencias del sistema sociosanitario"},"content":{"rendered":"<p>La Comisi\u00f3n de Sanidad de COCEMFE Valencia se ha reunido con D\u00f1a. Gemma Mas Marina, Defensora de las Personas con Discapacidad de Valencia y su \u00e1rea metropolitana, para trasladarle las principales problem\u00e1ticas que afectan al colectivo y proponer medidas de mejora en el sistema sociosanitario.<\/p>\n<p>El encuentro, celebrado en el edificio de la antigua Tabacalera, cont\u00f3 con la participaci\u00f3n de representantes de ALCER-Turia, AVAAR, ASEM-CV, AVATCOR, AFIVAN y AXEM-\u00c1rea 13, quienes expusieron de forma conjunta las dificultades que afrontan las personas con discapacidad y enfermedades cr\u00f3nicas.<\/p>\n<p>Entre los asuntos abordados destacan:<\/p>\n<ul>\n<li>El impacto negativo de la actualizaci\u00f3n de la aplicaci\u00f3n GVA-SALUD, que est\u00e1 incrementando la brecha digital.<\/li>\n<li>Los retrasos en la valoraci\u00f3n de discapacidad y dependencia, con esperas de hasta 24 meses, muy por encima de los plazos legales.<\/li>\n<li>La falta de profesionales sanitarios, especialmente especialistas, en distintas \u00e1reas de salud.<\/li>\n<li>Problemas de accesibilidad en centros sanitarios, especialmente en servicios como ginecolog\u00eda o radiodiagn\u00f3stico.<\/li>\n<li>Situaciones de edadismo y falta de atenci\u00f3n adecuada hacia las personas con discapacidad.<\/li>\n<li>La necesidad de reforzar la figura institucional de defensa de este colectivo.<\/li>\n<\/ul>\n<p>Durante la reuni\u00f3n, la Defensora mostr\u00f3 una actitud receptiva, destacando la importancia de estas demandas y su impacto en la calidad de vida de las personas afectadas y su entorno. Asimismo, expres\u00f3 su compromiso de seguimiento y colaboraci\u00f3n con la Comisi\u00f3n.<\/p>\n<p>Desde COCEMFE Valencia se ha valorado positivamente su cercan\u00eda, sensibilidad y disposici\u00f3n al di\u00e1logo, subrayando la importancia de contar con interlocutores institucionales comprometidos.<\/p>\n<p>Tras la reuni\u00f3n, los representantes de la Comisi\u00f3n mantuvieron un breve encuentro con el Director General de Discapacidad, D. Francisco Javier Copov\u00cd Carri\u00f3n, quien mostr\u00f3 inter\u00e9s en las propuestas planteadas y emplaz\u00f3 a la Comisi\u00f3n a una pr\u00f3xima reuni\u00f3n para profundizar en estas cuestiones.<\/p>\n<p>&nbsp;<\/p>\n<p>Visitas: 14<\/p>","protected":false},"excerpt":{"rendered":"<p>La Comisi\u00f3n de Sanidad de COCEMFE Valencia se ha reunido con D\u00f1a. Gemma Mas Marina, Defensora de las Personas con Discapacidad de Valencia y su \u00e1rea metropolitana, para trasladarle las principales problem\u00e1ticas que afectan al colectivo y proponer medidas de mejora en el sistema sociosanitario. El encuentro, celebrado en el edificio de la antigua Tabacalera,&hellip;&nbsp;<a href=\"https:\/\/cocemfevalencia.org\/es\/cocemfe-valencia-traslada-a-la-defensora-de-las-personas-con-discapacidad-las-principales-carencias-del-sistema-sociosanitario\/\" rel=\"bookmark\">Leer m\u00e1s &raquo;<span class=\"screen-reader-text\">COCEMFE Valencia traslada a la Defensora de las Personas con Discapacidad las principales carencias del sistema sociosanitario<\/span><\/a><\/p>\n","protected":false},"author":5,"featured_media":17730,"comment_status":"closed","ping_status":"closed","sticky":false,"template":"","format":"standard","meta":{"rop_custom_images_group":[],"rop_custom_messages_group":[],"rop_publish_now":"initial","rop_publish_now_accounts":[],"rop_publish_now_history":[],"rop_publish_now_status":"pending","neve_meta_sidebar":"","neve_meta_container":"","neve_meta_enable_content_width":"off","neve_meta_content_width":70,"neve_meta_title_alignment":"","neve_meta_author_avatar":"","neve_post_elements_order":"","neve_meta_disable_header":"","neve_meta_disable_footer":"","neve_meta_disable_title":"","footnotes":""},"categories":[123],"tags":[154,308,148,785,334],"class_list":["post-17729","post","type-post","status-publish","format-standard","has-post-thumbnail","hentry","category-noticias-val","tag-ajuntament-de-valencia-val","tag-comision-de-sanidad","tag-discapacidad-val","tag-salud-y-discapacidad","tag-sanidad"],"yoast_head":"<!-- This site is optimized with the Yoast SEO plugin v27.3 - https:\/\/yoast.com\/product\/yoast-seo-wordpress\/ -->\n<title>COCEMFE Valencia traslada a la Defensora de las Personas con Discapacidad las principales carencias del sistema sociosanitario - Cocemfe Valencia<\/title>\n<meta name=\"robots\" content=\"index, follow, max-snippet:-1, max-image-preview:large, max-video-preview:-1\" \/>\n<link rel=\"canonical\" href=\"https:\/\/cocemfevalencia.org\/es\/cocemfe-valencia-traslada-a-la-defensora-de-las-personas-con-discapacidad-las-principales-carencias-del-sistema-sociosanitario\/\" \/>\n<meta property=\"og:locale\" content=\"es_ES\" \/>\n<meta property=\"og:type\" content=\"article\" \/>\n<meta property=\"og:title\" content=\"COCEMFE Valencia traslada a la Defensora de las Personas con Discapacidad las principales carencias del sistema sociosanitario - Cocemfe Valencia\" \/>\n<meta property=\"og:description\" content=\"La Comisi\u00f3n de Sanidad de COCEMFE Valencia se ha reunido con D\u00f1a. Gemma Mas Marina, Defensora de las Personas con Discapacidad de Valencia y su \u00e1rea metropolitana, para trasladarle las principales problem\u00e1ticas que afectan al colectivo y proponer medidas de mejora en el sistema sociosanitario. El encuentro, celebrado en el edificio de la antigua Tabacalera,&hellip;&nbsp;Leer m\u00e1s &raquo;COCEMFE Valencia traslada a la Defensora de las Personas con Discapacidad las principales carencias del sistema sociosanitario\" \/>\n<meta property=\"og:url\" content=\"https:\/\/cocemfevalencia.org\/es\/cocemfe-valencia-traslada-a-la-defensora-de-las-personas-con-discapacidad-las-principales-carencias-del-sistema-sociosanitario\/\" \/>\n<meta property=\"og:site_name\" content=\"Cocemfe Valencia\" \/>\n<meta property=\"article:publisher\" content=\"https:\/\/www.facebook.com\/cocemfe.valencia\" \/>\n<meta property=\"article:published_time\" content=\"2026-04-28T07:46:12+00:00\" \/>\n<meta property=\"og:image\" content=\"https:\/\/cocemfevalencia.org\/wp-content\/uploads\/2026\/04\/260416-CSdCV-GEMMA-MAS-Entrevista-tabacalera-6-1.jpeg\" \/>\n\t<meta property=\"og:image:width\" content=\"2048\" \/>\n\t<meta property=\"og:image:height\" content=\"921\" \/>\n\t<meta property=\"og:image:type\" content=\"image\/jpeg\" \/>\n<meta name=\"author\" content=\"comunicacio\" \/>\n<meta name=\"twitter:card\" content=\"summary_large_image\" \/>\n<meta name=\"twitter:creator\" content=\"@COCEMFEValencia\" \/>\n<meta name=\"twitter:site\" content=\"@COCEMFEValencia\" \/>\n<meta name=\"twitter:label1\" content=\"Escrito por\" \/>\n\t<meta name=\"twitter:data1\" content=\"comunicacio\" \/>\n\t<meta name=\"twitter:label2\" content=\"Tiempo de lectura\" \/>\n\t<meta name=\"twitter:data2\" content=\"2 minutos\" \/>\n<script type=\"application\/ld+json\" class=\"yoast-schema-graph\">{\"@context\":\"https:\\\/\\\/schema.org\",\"@graph\":[{\"@type\":\"Article\",\"@id\":\"https:\\\/\\\/cocemfevalencia.org\\\/es\\\/cocemfe-valencia-traslada-a-la-defensora-de-las-personas-con-discapacidad-las-principales-carencias-del-sistema-sociosanitario\\\/#article\",\"isPartOf\":{\"@id\":\"https:\\\/\\\/cocemfevalencia.org\\\/es\\\/cocemfe-valencia-traslada-a-la-defensora-de-las-personas-con-discapacidad-las-principales-carencias-del-sistema-sociosanitario\\\/\"},\"author\":{\"name\":\"comunicacio\",\"@id\":\"https:\\\/\\\/cocemfevalencia.org\\\/es\\\/#\\\/schema\\\/person\\\/84dc42180efe17bdafa0a7a8702d24c8\"},\"headline\":\"COCEMFE Valencia traslada a la Defensora de las Personas con Discapacidad las principales carencias del sistema sociosanitario\",\"datePublished\":\"2026-04-28T07:46:12+00:00\",\"mainEntityOfPage\":{\"@id\":\"https:\\\/\\\/cocemfevalencia.org\\\/es\\\/cocemfe-valencia-traslada-a-la-defensora-de-las-personas-con-discapacidad-las-principales-carencias-del-sistema-sociosanitario\\\/\"},\"wordCount\":328,\"publisher\":{\"@id\":\"https:\\\/\\\/cocemfevalencia.org\\\/es\\\/#organization\"},\"image\":{\"@id\":\"https:\\\/\\\/cocemfevalencia.org\\\/es\\\/cocemfe-valencia-traslada-a-la-defensora-de-las-personas-con-discapacidad-las-principales-carencias-del-sistema-sociosanitario\\\/#primaryimage\"},\"thumbnailUrl\":\"https:\\\/\\\/cocemfevalencia.org\\\/wp-content\\\/uploads\\\/2026\\\/04\\\/260416-CSdCV-GEMMA-MAS-Entrevista-tabacalera-6-1.jpeg\",\"keywords\":[\"ajuntament de val\u00e8ncia\",\"COMISI\u00d3N DE SANIDAD\",\"discapacidad\",\"Salud y discapacidad\",\"Sanidad\"],\"articleSection\":[\"Not\u00edcies\"],\"inLanguage\":\"es\"},{\"@type\":\"WebPage\",\"@id\":\"https:\\\/\\\/cocemfevalencia.org\\\/es\\\/cocemfe-valencia-traslada-a-la-defensora-de-las-personas-con-discapacidad-las-principales-carencias-del-sistema-sociosanitario\\\/\",\"url\":\"https:\\\/\\\/cocemfevalencia.org\\\/es\\\/cocemfe-valencia-traslada-a-la-defensora-de-las-personas-con-discapacidad-las-principales-carencias-del-sistema-sociosanitario\\\/\",\"name\":\"COCEMFE Valencia traslada a la Defensora de las Personas con Discapacidad las principales carencias del sistema sociosanitario - Cocemfe Valencia\",\"isPartOf\":{\"@id\":\"https:\\\/\\\/cocemfevalencia.org\\\/es\\\/#website\"},\"primaryImageOfPage\":{\"@id\":\"https:\\\/\\\/cocemfevalencia.org\\\/es\\\/cocemfe-valencia-traslada-a-la-defensora-de-las-personas-con-discapacidad-las-principales-carencias-del-sistema-sociosanitario\\\/#primaryimage\"},\"image\":{\"@id\":\"https:\\\/\\\/cocemfevalencia.org\\\/es\\\/cocemfe-valencia-traslada-a-la-defensora-de-las-personas-con-discapacidad-las-principales-carencias-del-sistema-sociosanitario\\\/#primaryimage\"},\"thumbnailUrl\":\"https:\\\/\\\/cocemfevalencia.org\\\/wp-content\\\/uploads\\\/2026\\\/04\\\/260416-CSdCV-GEMMA-MAS-Entrevista-tabacalera-6-1.jpeg\",\"datePublished\":\"2026-04-28T07:46:12+00:00\",\"breadcrumb\":{\"@id\":\"https:\\\/\\\/cocemfevalencia.org\\\/es\\\/cocemfe-valencia-traslada-a-la-defensora-de-las-personas-con-discapacidad-las-principales-carencias-del-sistema-sociosanitario\\\/#breadcrumb\"},\"inLanguage\":\"es\",\"potentialAction\":[{\"@type\":\"ReadAction\",\"target\":[\"https:\\\/\\\/cocemfevalencia.org\\\/es\\\/cocemfe-valencia-traslada-a-la-defensora-de-las-personas-con-discapacidad-las-principales-carencias-del-sistema-sociosanitario\\\/\"]}]},{\"@type\":\"ImageObject\",\"inLanguage\":\"es\",\"@id\":\"https:\\\/\\\/cocemfevalencia.org\\\/es\\\/cocemfe-valencia-traslada-a-la-defensora-de-las-personas-con-discapacidad-las-principales-carencias-del-sistema-sociosanitario\\\/#primaryimage\",\"url\":\"https:\\\/\\\/cocemfevalencia.org\\\/wp-content\\\/uploads\\\/2026\\\/04\\\/260416-CSdCV-GEMMA-MAS-Entrevista-tabacalera-6-1.jpeg\",\"contentUrl\":\"https:\\\/\\\/cocemfevalencia.org\\\/wp-content\\\/uploads\\\/2026\\\/04\\\/260416-CSdCV-GEMMA-MAS-Entrevista-tabacalera-6-1.jpeg\",\"width\":2048,\"height\":921},{\"@type\":\"BreadcrumbList\",\"@id\":\"https:\\\/\\\/cocemfevalencia.org\\\/es\\\/cocemfe-valencia-traslada-a-la-defensora-de-las-personas-con-discapacidad-las-principales-carencias-del-sistema-sociosanitario\\\/#breadcrumb\",\"itemListElement\":[{\"@type\":\"ListItem\",\"position\":1,\"name\":\"Portada\",\"item\":\"https:\\\/\\\/cocemfevalencia.org\\\/es\\\/\"},{\"@type\":\"ListItem\",\"position\":2,\"name\":\"COCEMFE Valencia traslada a la Defensora de las Personas con Discapacidad las principales carencias del sistema sociosanitario\"}]},{\"@type\":\"WebSite\",\"@id\":\"https:\\\/\\\/cocemfevalencia.org\\\/es\\\/#website\",\"url\":\"https:\\\/\\\/cocemfevalencia.org\\\/es\\\/\",\"name\":\"Cocemfe Valencia\",\"description\":\"FEDERACI\u00d3N DE ASOCIACIONES DE PERSONAS CON DISCAPACIDAD F\u00cdSICA Y ORG\u00c1NICA DE LA PROV\u00cdNCIA DE VALENCIA\",\"publisher\":{\"@id\":\"https:\\\/\\\/cocemfevalencia.org\\\/es\\\/#organization\"},\"potentialAction\":[{\"@type\":\"SearchAction\",\"target\":{\"@type\":\"EntryPoint\",\"urlTemplate\":\"https:\\\/\\\/cocemfevalencia.org\\\/es\\\/?s={search_term_string}\"},\"query-input\":{\"@type\":\"PropertyValueSpecification\",\"valueRequired\":true,\"valueName\":\"search_term_string\"}}],\"inLanguage\":\"es\"},{\"@type\":\"Organization\",\"@id\":\"https:\\\/\\\/cocemfevalencia.org\\\/es\\\/#organization\",\"name\":\"Cocemfe Valencia\",\"url\":\"https:\\\/\\\/cocemfevalencia.org\\\/es\\\/\",\"logo\":{\"@type\":\"ImageObject\",\"inLanguage\":\"es\",\"@id\":\"https:\\\/\\\/cocemfevalencia.org\\\/es\\\/#\\\/schema\\\/logo\\\/image\\\/\",\"url\":\"https:\\\/\\\/cocemfevalencia.org\\\/wp-content\\\/uploads\\\/2023\\\/03\\\/0312-Horizontal-una-linea-larga-rgb-positivo-Tricolor.png\",\"contentUrl\":\"https:\\\/\\\/cocemfevalencia.org\\\/wp-content\\\/uploads\\\/2023\\\/03\\\/0312-Horizontal-una-linea-larga-rgb-positivo-Tricolor.png\",\"width\":2334,\"height\":613,\"caption\":\"Cocemfe Valencia\"},\"image\":{\"@id\":\"https:\\\/\\\/cocemfevalencia.org\\\/es\\\/#\\\/schema\\\/logo\\\/image\\\/\"},\"sameAs\":[\"https:\\\/\\\/www.facebook.com\\\/cocemfe.valencia\",\"https:\\\/\\\/x.com\\\/COCEMFEValencia\"]},{\"@type\":\"Person\",\"@id\":\"https:\\\/\\\/cocemfevalencia.org\\\/es\\\/#\\\/schema\\\/person\\\/84dc42180efe17bdafa0a7a8702d24c8\",\"name\":\"comunicacio\",\"image\":{\"@type\":\"ImageObject\",\"inLanguage\":\"es\",\"@id\":\"https:\\\/\\\/secure.gravatar.com\\\/avatar\\\/cc921e89975f546bc4139f170e59e0d573a099452a8a989eb18e18cda2e7227a?s=96&d=mm&r=g\",\"url\":\"https:\\\/\\\/secure.gravatar.com\\\/avatar\\\/cc921e89975f546bc4139f170e59e0d573a099452a8a989eb18e18cda2e7227a?s=96&d=mm&r=g\",\"contentUrl\":\"https:\\\/\\\/secure.gravatar.com\\\/avatar\\\/cc921e89975f546bc4139f170e59e0d573a099452a8a989eb18e18cda2e7227a?s=96&d=mm&r=g\",\"caption\":\"comunicacio\"}}]}<\/script>\n<!-- \/ Yoast SEO plugin. -->","yoast_head_json":{"title":"COCEMFE Valencia traslada a la Defensora de las Personas con Discapacidad las principales carencias del sistema sociosanitario - Cocemfe Valencia","robots":{"index":"index","follow":"follow","max-snippet":"max-snippet:-1","max-image-preview":"max-image-preview:large","max-video-preview":"max-video-preview:-1"},"canonical":"https:\/\/cocemfevalencia.org\/es\/cocemfe-valencia-traslada-a-la-defensora-de-las-personas-con-discapacidad-las-principales-carencias-del-sistema-sociosanitario\/","og_locale":"es_ES","og_type":"article","og_title":"COCEMFE Valencia traslada a la Defensora de las Personas con Discapacidad las principales carencias del sistema sociosanitario - Cocemfe Valencia","og_description":"La Comisi\u00f3n de Sanidad de COCEMFE Valencia se ha reunido con D\u00f1a. Gemma Mas Marina, Defensora de las Personas con Discapacidad de Valencia y su \u00e1rea metropolitana, para trasladarle las principales problem\u00e1ticas que afectan al colectivo y proponer medidas de mejora en el sistema sociosanitario. El encuentro, celebrado en el edificio de la antigua Tabacalera,&hellip;&nbsp;Leer m\u00e1s &raquo;COCEMFE Valencia traslada a la Defensora de las Personas con Discapacidad las principales carencias del sistema sociosanitario","og_url":"https:\/\/cocemfevalencia.org\/es\/cocemfe-valencia-traslada-a-la-defensora-de-las-personas-con-discapacidad-las-principales-carencias-del-sistema-sociosanitario\/","og_site_name":"Cocemfe Valencia","article_publisher":"https:\/\/www.facebook.com\/cocemfe.valencia","article_published_time":"2026-04-28T07:46:12+00:00","og_image":[{"width":2048,"height":921,"url":"https:\/\/cocemfevalencia.org\/wp-content\/uploads\/2026\/04\/260416-CSdCV-GEMMA-MAS-Entrevista-tabacalera-6-1.jpeg","type":"image\/jpeg"}],"author":"comunicacio","twitter_card":"summary_large_image","twitter_creator":"@COCEMFEValencia","twitter_site":"@COCEMFEValencia","twitter_misc":{"Escrito por":"comunicacio","Tiempo de lectura":"2 minutos"},"schema":{"@context":"https:\/\/schema.org","@graph":[{"@type":"Article","@id":"https:\/\/cocemfevalencia.org\/es\/cocemfe-valencia-traslada-a-la-defensora-de-las-personas-con-discapacidad-las-principales-carencias-del-sistema-sociosanitario\/#article","isPartOf":{"@id":"https:\/\/cocemfevalencia.org\/es\/cocemfe-valencia-traslada-a-la-defensora-de-las-personas-con-discapacidad-las-principales-carencias-del-sistema-sociosanitario\/"},"author":{"name":"comunicacio","@id":"https:\/\/cocemfevalencia.org\/es\/#\/schema\/person\/84dc42180efe17bdafa0a7a8702d24c8"},"headline":"COCEMFE Valencia traslada a la Defensora de las Personas con Discapacidad las principales carencias del sistema sociosanitario","datePublished":"2026-04-28T07:46:12+00:00","mainEntityOfPage":{"@id":"https:\/\/cocemfevalencia.org\/es\/cocemfe-valencia-traslada-a-la-defensora-de-las-personas-con-discapacidad-las-principales-carencias-del-sistema-sociosanitario\/"},"wordCount":328,"publisher":{"@id":"https:\/\/cocemfevalencia.org\/es\/#organization"},"image":{"@id":"https:\/\/cocemfevalencia.org\/es\/cocemfe-valencia-traslada-a-la-defensora-de-las-personas-con-discapacidad-las-principales-carencias-del-sistema-sociosanitario\/#primaryimage"},"thumbnailUrl":"https:\/\/cocemfevalencia.org\/wp-content\/uploads\/2026\/04\/260416-CSdCV-GEMMA-MAS-Entrevista-tabacalera-6-1.jpeg","keywords":["ajuntament de val\u00e8ncia","COMISI\u00d3N DE SANIDAD","discapacidad","Salud y discapacidad","Sanidad"],"articleSection":["Not\u00edcies"],"inLanguage":"es"},{"@type":"WebPage","@id":"https:\/\/cocemfevalencia.org\/es\/cocemfe-valencia-traslada-a-la-defensora-de-las-personas-con-discapacidad-las-principales-carencias-del-sistema-sociosanitario\/","url":"https:\/\/cocemfevalencia.org\/es\/cocemfe-valencia-traslada-a-la-defensora-de-las-personas-con-discapacidad-las-principales-carencias-del-sistema-sociosanitario\/","name":"COCEMFE Valencia traslada a la Defensora de las Personas con Discapacidad las principales carencias del sistema sociosanitario - Cocemfe Valencia","isPartOf":{"@id":"https:\/\/cocemfevalencia.org\/es\/#website"},"primaryImageOfPage":{"@id":"https:\/\/cocemfevalencia.org\/es\/cocemfe-valencia-traslada-a-la-defensora-de-las-personas-con-discapacidad-las-principales-carencias-del-sistema-sociosanitario\/#primaryimage"},"image":{"@id":"https:\/\/cocemfevalencia.org\/es\/cocemfe-valencia-traslada-a-la-defensora-de-las-personas-con-discapacidad-las-principales-carencias-del-sistema-sociosanitario\/#primaryimage"},"thumbnailUrl":"https:\/\/cocemfevalencia.org\/wp-content\/uploads\/2026\/04\/260416-CSdCV-GEMMA-MAS-Entrevista-tabacalera-6-1.jpeg","datePublished":"2026-04-28T07:46:12+00:00","breadcrumb":{"@id":"https:\/\/cocemfevalencia.org\/es\/cocemfe-valencia-traslada-a-la-defensora-de-las-personas-con-discapacidad-las-principales-carencias-del-sistema-sociosanitario\/#breadcrumb"},"inLanguage":"es","potentialAction":[{"@type":"ReadAction","target":["https:\/\/cocemfevalencia.org\/es\/cocemfe-valencia-traslada-a-la-defensora-de-las-personas-con-discapacidad-las-principales-carencias-del-sistema-sociosanitario\/"]}]},{"@type":"ImageObject","inLanguage":"es","@id":"https:\/\/cocemfevalencia.org\/es\/cocemfe-valencia-traslada-a-la-defensora-de-las-personas-con-discapacidad-las-principales-carencias-del-sistema-sociosanitario\/#primaryimage","url":"https:\/\/cocemfevalencia.org\/wp-content\/uploads\/2026\/04\/260416-CSdCV-GEMMA-MAS-Entrevista-tabacalera-6-1.jpeg","contentUrl":"https:\/\/cocemfevalencia.org\/wp-content\/uploads\/2026\/04\/260416-CSdCV-GEMMA-MAS-Entrevista-tabacalera-6-1.jpeg","width":2048,"height":921},{"@type":"BreadcrumbList","@id":"https:\/\/cocemfevalencia.org\/es\/cocemfe-valencia-traslada-a-la-defensora-de-las-personas-con-discapacidad-las-principales-carencias-del-sistema-sociosanitario\/#breadcrumb","itemListElement":[{"@type":"ListItem","position":1,"name":"Portada","item":"https:\/\/cocemfevalencia.org\/es\/"},{"@type":"ListItem","position":2,"name":"COCEMFE Valencia traslada a la Defensora de las Personas con Discapacidad las principales carencias del sistema sociosanitario"}]},{"@type":"WebSite","@id":"https:\/\/cocemfevalencia.org\/es\/#website","url":"https:\/\/cocemfevalencia.org\/es\/","name":"Cocemfe Valencia","description":"FEDERACI\u00d3N DE ASOCIACIONES DE PERSONAS CON DISCAPACIDAD F\u00cdSICA Y ORG\u00c1NICA DE LA PROV\u00cdNCIA DE VALENCIA","publisher":{"@id":"https:\/\/cocemfevalencia.org\/es\/#organization"},"potentialAction":[{"@type":"SearchAction","target":{"@type":"EntryPoint","urlTemplate":"https:\/\/cocemfevalencia.org\/es\/?s={search_term_string}"},"query-input":{"@type":"PropertyValueSpecification","valueRequired":true,"valueName":"search_term_string"}}],"inLanguage":"es"},{"@type":"Organization","@id":"https:\/\/cocemfevalencia.org\/es\/#organization","name":"Cocemfe Valencia","url":"https:\/\/cocemfevalencia.org\/es\/","logo":{"@type":"ImageObject","inLanguage":"es","@id":"https:\/\/cocemfevalencia.org\/es\/#\/schema\/logo\/image\/","url":"https:\/\/cocemfevalencia.org\/wp-content\/uploads\/2023\/03\/0312-Horizontal-una-linea-larga-rgb-positivo-Tricolor.png","contentUrl":"https:\/\/cocemfevalencia.org\/wp-content\/uploads\/2023\/03\/0312-Horizontal-una-linea-larga-rgb-positivo-Tricolor.png","width":2334,"height":613,"caption":"Cocemfe Valencia"},"image":{"@id":"https:\/\/cocemfevalencia.org\/es\/#\/schema\/logo\/image\/"},"sameAs":["https:\/\/www.facebook.com\/cocemfe.valencia","https:\/\/x.com\/COCEMFEValencia"]},{"@type":"Person","@id":"https:\/\/cocemfevalencia.org\/es\/#\/schema\/person\/84dc42180efe17bdafa0a7a8702d24c8","name":"comunicacio","image":{"@type":"ImageObject","inLanguage":"es","@id":"https:\/\/secure.gravatar.com\/avatar\/cc921e89975f546bc4139f170e59e0d573a099452a8a989eb18e18cda2e7227a?s=96&d=mm&r=g","url":"https:\/\/secure.gravatar.com\/avatar\/cc921e89975f546bc4139f170e59e0d573a099452a8a989eb18e18cda2e7227a?s=96&d=mm&r=g","contentUrl":"https:\/\/secure.gravatar.com\/avatar\/cc921e89975f546bc4139f170e59e0d573a099452a8a989eb18e18cda2e7227a?s=96&d=mm&r=g","caption":"comunicacio"}}]}},"_links":{"self":[{"href":"https:\/\/cocemfevalencia.org\/es\/wp-json\/wp\/v2\/posts\/17729","targetHints":{"allow":["GET"]}}],"collection":[{"href":"https:\/\/cocemfevalencia.org\/es\/wp-json\/wp\/v2\/posts"}],"about":[{"href":"https:\/\/cocemfevalencia.org\/es\/wp-json\/wp\/v2\/types\/post"}],"author":[{"embeddable":true,"href":"https:\/\/cocemfevalencia.org\/es\/wp-json\/wp\/v2\/users\/5"}],"replies":[{"embeddable":true,"href":"https:\/\/cocemfevalencia.org\/es\/wp-json\/wp\/v2\/comments?post=17729"}],"version-history":[{"count":1,"href":"https:\/\/cocemfevalencia.org\/es\/wp-json\/wp\/v2\/posts\/17729\/revisions"}],"predecessor-version":[{"id":17732,"href":"https:\/\/cocemfevalencia.org\/es\/wp-json\/wp\/v2\/posts\/17729\/revisions\/17732"}],"wp:featuredmedia":[{"embeddable":true,"href":"https:\/\/cocemfevalencia.org\/es\/wp-json\/wp\/v2\/media\/17730"}],"wp:attachment":[{"href":"https:\/\/cocemfevalencia.org\/es\/wp-json\/wp\/v2\/media?parent=17729"}],"wp:term":[{"taxonomy":"category","embeddable":true,"href":"https:\/\/cocemfevalencia.org\/es\/wp-json\/wp\/v2\/categories?post=17729"},{"taxonomy":"post_tag","embeddable":true,"href":"https:\/\/cocemfevalencia.org\/es\/wp-json\/wp\/v2\/tags?post=17729"}],"curies":[{"name":"wp","href":"https:\/\/api.w.org\/{rel}","templated":true}]}}