{"id":17735,"date":"2026-04-29T11:52:00","date_gmt":"2026-04-29T09:52:00","guid":{"rendered":"https:\/\/cocemfevalencia.org\/?p=17735"},"modified":"2026-04-29T11:52:00","modified_gmt":"2026-04-29T09:52:00","slug":"cocemfe-apela-al-cumplimiento-efectivo-de-la-convencion-sobre-los-derechos-de-las-personas-con-discapacidad-en-su-20-aniversario","status":"publish","type":"post","link":"https:\/\/cocemfevalencia.org\/es\/cocemfe-apela-al-cumplimiento-efectivo-de-la-convencion-sobre-los-derechos-de-las-personas-con-discapacidad-en-su-20-aniversario\/","title":{"rendered":"COCEMFE apela al cumplimiento efectivo de la Convenci\u00f3n sobre los Derechos de las Personas con Discapacidad en su 20 aniversario"},"content":{"rendered":"<ul>\n<li><strong>La entidad llama a reforzar el compromiso institucional desde la corresponsabilifad y el liderazgo democr\u00e1tico\n<p><\/strong><\/li>\n<li><strong>COCEMFE sit\u00faa el art\u00edculo 4 como base jur\u00eddica de las obligaciones del Estado en materia de derechos<\/strong><strong>\n<p><\/strong><\/li>\n<li><strong>El Movimiento Asociativo se consolida como actor clave en el seguimiento y garant\u00eda de la Convenci\u00f3n<\/strong><\/li>\n<\/ul>\n<p>&nbsp;<\/p>\n<p>Con motivo del\u00a0<strong>D\u00eda Nacional de la Convenci\u00f3n Internacional sobre los Derechos de las Personas con Discapacidad<\/strong>, que se celebra el pr\u00f3ximo\u00a0<strong>3 de mayo<\/strong>, la Confederaci\u00f3n Espa\u00f1ola de Personas con Discapacidad F\u00edsica y Org\u00e1nica (COCEMFE) ha subrayado la necesidad de reforzar el cumplimiento efectivo de este tratado internacional, coincidiendo con el\u00a0<strong>20 aniversario de su aprobaci\u00f3n por Naciones Unidas.<\/strong><\/p>\n<p>En este contexto,\u00a0<strong>la entidad pone el foco en el art\u00edculo 4 de la Convenci\u00f3n<\/strong>, que establece las obligaciones generales de los Estados parte y constituye el fundamento jur\u00eddico que articula el conjunto de derechos reconocidos. Entre estas obligaciones se encuentran la adopci\u00f3n de medidas legislativas y administrativas, la garant\u00eda efectiva de los derechos, la incorporaci\u00f3n transversal de la discapacidad en las pol\u00edticas p\u00fablicas, o la colaboraci\u00f3n con las organizaciones representativas.<\/p>\n<p>\u201cEl vig\u00e9simo aniversario de la Convenci\u00f3n no puede abordarse como una conmemoraci\u00f3n simb\u00f3lica.\u00a0<strong>Hablamos de un instrumento jur\u00eddico vinculante que obliga a los poderes p\u00fablicos a actuar con responsabilidad, coherencia y compromiso sostenido en el tiempo<\/strong>\u201d, ha se\u00f1alado el presidente de COCEMFE, Anxo Queiruga.<\/p>\n<p>COCEMFE ha destacado que, si bien en estas dos d\u00e9cadas se han producido avances significativos en el reconocimiento y desarrollo de derechos, el cumplimiento de la Convenci\u00f3n sigue siendo un reto estructural que requiere una acci\u00f3n continua por parte de las administraciones p\u00fablicas. En este sentido, la organizaci\u00f3n insiste en la\u00a0<strong>necesidad de consolidar un enfoque basado en derechos, que garantice la igualdad real y efectiva de las personas con discapacidad f\u00edsica y org\u00e1nica<\/strong>\u00a0en todos los \u00e1mbitos.<\/p>\n<p>\u201c<strong>El art\u00edculo 4 es claro: no basta con reconocer derechos, es imprescindible hacerlos efectivos. Esto implica legislar adecuadamente, dotar de recursos suficientes, evaluar las pol\u00edticas p\u00fablicas y, sobre todo, contar con el Movimiento Asociativo como socio imprescindible en todo el proceso\u201d,<\/strong>\u00a0ha afirmado Queiruga.<\/p>\n<p>La entidad ha puesto en valor el<strong>\u00a0<\/strong>papel del Movimiento Asociativo de la discapacidad f\u00edsica y org\u00e1nica, que durante estos a\u00f1os ha contribuido de forma decisiva al impulso, seguimiento y evaluaci\u00f3n de la Convenci\u00f3n, consolid\u00e1ndose como un interlocutor estrat\u00e9gico ante las instituciones. En este sentido, COCEMFE ha reivindicado su papel como actor clave en la defensa de derechos y en la construcci\u00f3n de pol\u00edticas p\u00fablicas inclusivas.<\/p>\n<p>&nbsp;<\/p>\n<p><strong>La Convenci\u00f3n cumple. Cumple la Convenci\u00f3n<\/strong><\/p>\n<p>Asimismo, en el marco de esta efem\u00e9ride, COCEMFE ha desarrollado una campa\u00f1a de comunicaci\u00f3n que, bajo el lema\u00a0<strong>\u201cLa Convenci\u00f3n cumple. Cumple la Convenci\u00f3n\u201d<\/strong>\u00a0y el hashtag\u00a0<strong>#CumpleLaConvencion<\/strong>, busca generar reflexi\u00f3n p\u00fablica e institucional en torno al grado de cumplimiento del tratado.<\/p>\n<p>La campa\u00f1a parte de un enfoque simb\u00f3lico y accesible: trasladar el lenguaje de una invitaci\u00f3n de cumplea\u00f1os al \u00e1mbito institucional. A trav\u00e9s de una pieza audiovisual,<strong>\u00a0plantea una invitaci\u00f3n directa a las administraciones p\u00fablicas para \u201ccelebrar\u201d los 20 a\u00f1os de la Convenci\u00f3n no solo como una efem\u00e9ride, sino como un compromiso activo con su cumplimiento.<\/strong>\u00a0Este enfoque combina un tono motivador y celebrativo con una interpelaci\u00f3n clara, proponiendo a las instituciones convertirse en socias activas en la garant\u00eda de derechos.<\/p>\n<p><strong>Se articula como un ejercicio de liderazgo c\u00edvico que apela a la corresponsabilidad institucional,<\/strong>\u00a0poniendo en valor que las personas con discapacidad f\u00edsica y org\u00e1nica y su Movimiento Asociativo han mantenido un compromiso constante con el desarrollo de la Convenci\u00f3n.<\/p>\n<p>\u201cLas personas con discapacidad cumplen. Nuestro Movimiento Asociativo cumple. Desde COCEMFE queremos trasladar una invitaci\u00f3n clara a las instituciones para que se sumen, desde el liderazgo democr\u00e1tico, a este compromiso colectivo con los derechos. Cumplir la Convenci\u00f3n es una responsabilidad compartida\u201d, ha a\u00f1adido el presidente de COCEMFE.<\/p>\n<p>Esta campa\u00f1a est\u00e1 financiada a trav\u00e9s de las subvenciones para la realizaci\u00f3n de actividades de inter\u00e9s general consideradas de inter\u00e9s social de la convocatoria del 0,7 del Ministerio de Derechos Sociales, Consumo y Agenda 2030.<\/p>\n<p>Visitas: 0<\/p>","protected":false},"excerpt":{"rendered":"<p>La entidad llama a reforzar el compromiso institucional desde la corresponsabilifad y el liderazgo democr\u00e1tico COCEMFE sit\u00faa el art\u00edculo 4 como base jur\u00eddica de las obligaciones del Estado en materia de derechos El Movimiento Asociativo se consolida como actor clave en el seguimiento y garant\u00eda de la Convenci\u00f3n &nbsp; Con motivo del\u00a0D\u00eda Nacional de la&hellip;&nbsp;<a href=\"https:\/\/cocemfevalencia.org\/es\/cocemfe-apela-al-cumplimiento-efectivo-de-la-convencion-sobre-los-derechos-de-las-personas-con-discapacidad-en-su-20-aniversario\/\" rel=\"bookmark\">Leer m\u00e1s &raquo;<span class=\"screen-reader-text\">COCEMFE apela al cumplimiento efectivo de la Convenci\u00f3n sobre los Derechos de las Personas con Discapacidad en su 20 aniversario<\/span><\/a><\/p>\n","protected":false},"author":5,"featured_media":17736,"comment_status":"closed","ping_status":"closed","sticky":false,"template":"","format":"standard","meta":{"rop_custom_images_group":[],"rop_custom_messages_group":[],"rop_publish_now":"initial","rop_publish_now_accounts":[],"rop_publish_now_history":[],"rop_publish_now_status":"pending","neve_meta_sidebar":"","neve_meta_container":"","neve_meta_enable_content_width":"off","neve_meta_content_width":70,"neve_meta_title_alignment":"","neve_meta_author_avatar":"","neve_post_elements_order":"","neve_meta_disable_header":"","neve_meta_disable_footer":"","neve_meta_disable_title":"","footnotes":""},"categories":[123],"tags":[787,200,786,788],"class_list":["post-17735","post","type-post","status-publish","format-standard","has-post-thumbnail","hentry","category-noticias-val","tag-3m","tag-cocemfe-val","tag-convencion","tag-cumple-al-convencion"],"yoast_head":"<!-- This site is optimized with the Yoast SEO plugin v27.3 - https:\/\/yoast.com\/product\/yoast-seo-wordpress\/ -->\n<title>COCEMFE apela al cumplimiento efectivo de la Convenci\u00f3n sobre los Derechos de las Personas con Discapacidad en su 20 aniversario - Cocemfe Valencia<\/title>\n<meta name=\"robots\" content=\"index, follow, max-snippet:-1, max-image-preview:large, max-video-preview:-1\" \/>\n<link rel=\"canonical\" href=\"https:\/\/cocemfevalencia.org\/es\/cocemfe-apela-al-cumplimiento-efectivo-de-la-convencion-sobre-los-derechos-de-las-personas-con-discapacidad-en-su-20-aniversario\/\" \/>\n<meta property=\"og:locale\" content=\"es_ES\" \/>\n<meta property=\"og:type\" content=\"article\" \/>\n<meta property=\"og:title\" content=\"COCEMFE apela al cumplimiento efectivo de la Convenci\u00f3n sobre los Derechos de las Personas con Discapacidad en su 20 aniversario - Cocemfe Valencia\" \/>\n<meta property=\"og:description\" content=\"La entidad llama a reforzar el compromiso institucional desde la corresponsabilifad y el liderazgo democr\u00e1tico COCEMFE sit\u00faa el art\u00edculo 4 como base jur\u00eddica de las obligaciones del Estado en materia de derechos El Movimiento Asociativo se consolida como actor clave en el seguimiento y garant\u00eda de la Convenci\u00f3n &nbsp; Con motivo del\u00a0D\u00eda Nacional de la&hellip;&nbsp;Leer m\u00e1s &raquo;COCEMFE apela al cumplimiento efectivo de la Convenci\u00f3n sobre los Derechos de las Personas con Discapacidad en su 20 aniversario\" \/>\n<meta property=\"og:url\" content=\"https:\/\/cocemfevalencia.org\/es\/cocemfe-apela-al-cumplimiento-efectivo-de-la-convencion-sobre-los-derechos-de-las-personas-con-discapacidad-en-su-20-aniversario\/\" \/>\n<meta property=\"og:site_name\" content=\"Cocemfe Valencia\" \/>\n<meta property=\"article:publisher\" content=\"https:\/\/www.facebook.com\/cocemfe.valencia\" \/>\n<meta property=\"article:published_time\" content=\"2026-04-29T09:52:00+00:00\" \/>\n<meta property=\"og:image\" content=\"https:\/\/cocemfevalencia.org\/wp-content\/uploads\/2026\/04\/20-aniversario-convencion-discapacidad-cumplelaconvencion.jpg\" \/>\n\t<meta property=\"og:image:width\" content=\"867\" \/>\n\t<meta property=\"og:image:height\" content=\"456\" \/>\n\t<meta property=\"og:image:type\" content=\"image\/jpeg\" \/>\n<meta name=\"author\" content=\"comunicacio\" \/>\n<meta name=\"twitter:card\" content=\"summary_large_image\" \/>\n<meta name=\"twitter:creator\" content=\"@COCEMFEValencia\" \/>\n<meta name=\"twitter:site\" content=\"@COCEMFEValencia\" \/>\n<meta name=\"twitter:label1\" content=\"Escrito por\" \/>\n\t<meta name=\"twitter:data1\" content=\"comunicacio\" \/>\n\t<meta name=\"twitter:label2\" content=\"Tiempo de lectura\" \/>\n\t<meta name=\"twitter:data2\" content=\"4 minutos\" \/>\n<script type=\"application\/ld+json\" class=\"yoast-schema-graph\">{\"@context\":\"https:\\\/\\\/schema.org\",\"@graph\":[{\"@type\":\"Article\",\"@id\":\"https:\\\/\\\/cocemfevalencia.org\\\/es\\\/cocemfe-apela-al-cumplimiento-efectivo-de-la-convencion-sobre-los-derechos-de-las-personas-con-discapacidad-en-su-20-aniversario\\\/#article\",\"isPartOf\":{\"@id\":\"https:\\\/\\\/cocemfevalencia.org\\\/es\\\/cocemfe-apela-al-cumplimiento-efectivo-de-la-convencion-sobre-los-derechos-de-las-personas-con-discapacidad-en-su-20-aniversario\\\/\"},\"author\":{\"name\":\"comunicacio\",\"@id\":\"https:\\\/\\\/cocemfevalencia.org\\\/es\\\/#\\\/schema\\\/person\\\/84dc42180efe17bdafa0a7a8702d24c8\"},\"headline\":\"COCEMFE apela al cumplimiento efectivo de la Convenci\u00f3n sobre los Derechos de las Personas con Discapacidad en su 20 aniversario\",\"datePublished\":\"2026-04-29T09:52:00+00:00\",\"mainEntityOfPage\":{\"@id\":\"https:\\\/\\\/cocemfevalencia.org\\\/es\\\/cocemfe-apela-al-cumplimiento-efectivo-de-la-convencion-sobre-los-derechos-de-las-personas-con-discapacidad-en-su-20-aniversario\\\/\"},\"wordCount\":759,\"publisher\":{\"@id\":\"https:\\\/\\\/cocemfevalencia.org\\\/es\\\/#organization\"},\"image\":{\"@id\":\"https:\\\/\\\/cocemfevalencia.org\\\/es\\\/cocemfe-apela-al-cumplimiento-efectivo-de-la-convencion-sobre-los-derechos-de-las-personas-con-discapacidad-en-su-20-aniversario\\\/#primaryimage\"},\"thumbnailUrl\":\"https:\\\/\\\/cocemfevalencia.org\\\/wp-content\\\/uploads\\\/2026\\\/04\\\/20-aniversario-convencion-discapacidad-cumplelaconvencion.jpg\",\"keywords\":[\"3M\",\"COCEMFE\",\"Convenci\u00f3n\",\"Cumple al Convenci\u00f3n\"],\"articleSection\":[\"Not\u00edcies\"],\"inLanguage\":\"es\"},{\"@type\":\"WebPage\",\"@id\":\"https:\\\/\\\/cocemfevalencia.org\\\/es\\\/cocemfe-apela-al-cumplimiento-efectivo-de-la-convencion-sobre-los-derechos-de-las-personas-con-discapacidad-en-su-20-aniversario\\\/\",\"url\":\"https:\\\/\\\/cocemfevalencia.org\\\/es\\\/cocemfe-apela-al-cumplimiento-efectivo-de-la-convencion-sobre-los-derechos-de-las-personas-con-discapacidad-en-su-20-aniversario\\\/\",\"name\":\"COCEMFE apela al cumplimiento efectivo de la Convenci\u00f3n sobre los Derechos de las Personas con Discapacidad en su 20 aniversario - Cocemfe Valencia\",\"isPartOf\":{\"@id\":\"https:\\\/\\\/cocemfevalencia.org\\\/es\\\/#website\"},\"primaryImageOfPage\":{\"@id\":\"https:\\\/\\\/cocemfevalencia.org\\\/es\\\/cocemfe-apela-al-cumplimiento-efectivo-de-la-convencion-sobre-los-derechos-de-las-personas-con-discapacidad-en-su-20-aniversario\\\/#primaryimage\"},\"image\":{\"@id\":\"https:\\\/\\\/cocemfevalencia.org\\\/es\\\/cocemfe-apela-al-cumplimiento-efectivo-de-la-convencion-sobre-los-derechos-de-las-personas-con-discapacidad-en-su-20-aniversario\\\/#primaryimage\"},\"thumbnailUrl\":\"https:\\\/\\\/cocemfevalencia.org\\\/wp-content\\\/uploads\\\/2026\\\/04\\\/20-aniversario-convencion-discapacidad-cumplelaconvencion.jpg\",\"datePublished\":\"2026-04-29T09:52:00+00:00\",\"breadcrumb\":{\"@id\":\"https:\\\/\\\/cocemfevalencia.org\\\/es\\\/cocemfe-apela-al-cumplimiento-efectivo-de-la-convencion-sobre-los-derechos-de-las-personas-con-discapacidad-en-su-20-aniversario\\\/#breadcrumb\"},\"inLanguage\":\"es\",\"potentialAction\":[{\"@type\":\"ReadAction\",\"target\":[\"https:\\\/\\\/cocemfevalencia.org\\\/es\\\/cocemfe-apela-al-cumplimiento-efectivo-de-la-convencion-sobre-los-derechos-de-las-personas-con-discapacidad-en-su-20-aniversario\\\/\"]}]},{\"@type\":\"ImageObject\",\"inLanguage\":\"es\",\"@id\":\"https:\\\/\\\/cocemfevalencia.org\\\/es\\\/cocemfe-apela-al-cumplimiento-efectivo-de-la-convencion-sobre-los-derechos-de-las-personas-con-discapacidad-en-su-20-aniversario\\\/#primaryimage\",\"url\":\"https:\\\/\\\/cocemfevalencia.org\\\/wp-content\\\/uploads\\\/2026\\\/04\\\/20-aniversario-convencion-discapacidad-cumplelaconvencion.jpg\",\"contentUrl\":\"https:\\\/\\\/cocemfevalencia.org\\\/wp-content\\\/uploads\\\/2026\\\/04\\\/20-aniversario-convencion-discapacidad-cumplelaconvencion.jpg\",\"width\":867,\"height\":456},{\"@type\":\"BreadcrumbList\",\"@id\":\"https:\\\/\\\/cocemfevalencia.org\\\/es\\\/cocemfe-apela-al-cumplimiento-efectivo-de-la-convencion-sobre-los-derechos-de-las-personas-con-discapacidad-en-su-20-aniversario\\\/#breadcrumb\",\"itemListElement\":[{\"@type\":\"ListItem\",\"position\":1,\"name\":\"Portada\",\"item\":\"https:\\\/\\\/cocemfevalencia.org\\\/es\\\/\"},{\"@type\":\"ListItem\",\"position\":2,\"name\":\"COCEMFE apela al cumplimiento efectivo de la Convenci\u00f3n sobre los Derechos de las Personas con Discapacidad en su 20 aniversario\"}]},{\"@type\":\"WebSite\",\"@id\":\"https:\\\/\\\/cocemfevalencia.org\\\/es\\\/#website\",\"url\":\"https:\\\/\\\/cocemfevalencia.org\\\/es\\\/\",\"name\":\"Cocemfe Valencia\",\"description\":\"FEDERACI\u00d3N DE ASOCIACIONES DE PERSONAS CON DISCAPACIDAD F\u00cdSICA Y ORG\u00c1NICA DE LA PROV\u00cdNCIA DE VALENCIA\",\"publisher\":{\"@id\":\"https:\\\/\\\/cocemfevalencia.org\\\/es\\\/#organization\"},\"potentialAction\":[{\"@type\":\"SearchAction\",\"target\":{\"@type\":\"EntryPoint\",\"urlTemplate\":\"https:\\\/\\\/cocemfevalencia.org\\\/es\\\/?s={search_term_string}\"},\"query-input\":{\"@type\":\"PropertyValueSpecification\",\"valueRequired\":true,\"valueName\":\"search_term_string\"}}],\"inLanguage\":\"es\"},{\"@type\":\"Organization\",\"@id\":\"https:\\\/\\\/cocemfevalencia.org\\\/es\\\/#organization\",\"name\":\"Cocemfe Valencia\",\"url\":\"https:\\\/\\\/cocemfevalencia.org\\\/es\\\/\",\"logo\":{\"@type\":\"ImageObject\",\"inLanguage\":\"es\",\"@id\":\"https:\\\/\\\/cocemfevalencia.org\\\/es\\\/#\\\/schema\\\/logo\\\/image\\\/\",\"url\":\"https:\\\/\\\/cocemfevalencia.org\\\/wp-content\\\/uploads\\\/2023\\\/03\\\/0312-Horizontal-una-linea-larga-rgb-positivo-Tricolor.png\",\"contentUrl\":\"https:\\\/\\\/cocemfevalencia.org\\\/wp-content\\\/uploads\\\/2023\\\/03\\\/0312-Horizontal-una-linea-larga-rgb-positivo-Tricolor.png\",\"width\":2334,\"height\":613,\"caption\":\"Cocemfe Valencia\"},\"image\":{\"@id\":\"https:\\\/\\\/cocemfevalencia.org\\\/es\\\/#\\\/schema\\\/logo\\\/image\\\/\"},\"sameAs\":[\"https:\\\/\\\/www.facebook.com\\\/cocemfe.valencia\",\"https:\\\/\\\/x.com\\\/COCEMFEValencia\"]},{\"@type\":\"Person\",\"@id\":\"https:\\\/\\\/cocemfevalencia.org\\\/es\\\/#\\\/schema\\\/person\\\/84dc42180efe17bdafa0a7a8702d24c8\",\"name\":\"comunicacio\",\"image\":{\"@type\":\"ImageObject\",\"inLanguage\":\"es\",\"@id\":\"https:\\\/\\\/secure.gravatar.com\\\/avatar\\\/cc921e89975f546bc4139f170e59e0d573a099452a8a989eb18e18cda2e7227a?s=96&d=mm&r=g\",\"url\":\"https:\\\/\\\/secure.gravatar.com\\\/avatar\\\/cc921e89975f546bc4139f170e59e0d573a099452a8a989eb18e18cda2e7227a?s=96&d=mm&r=g\",\"contentUrl\":\"https:\\\/\\\/secure.gravatar.com\\\/avatar\\\/cc921e89975f546bc4139f170e59e0d573a099452a8a989eb18e18cda2e7227a?s=96&d=mm&r=g\",\"caption\":\"comunicacio\"}}]}<\/script>\n<!-- \/ Yoast SEO plugin. -->","yoast_head_json":{"title":"COCEMFE apela al cumplimiento efectivo de la Convenci\u00f3n sobre los Derechos de las Personas con Discapacidad en su 20 aniversario - Cocemfe Valencia","robots":{"index":"index","follow":"follow","max-snippet":"max-snippet:-1","max-image-preview":"max-image-preview:large","max-video-preview":"max-video-preview:-1"},"canonical":"https:\/\/cocemfevalencia.org\/es\/cocemfe-apela-al-cumplimiento-efectivo-de-la-convencion-sobre-los-derechos-de-las-personas-con-discapacidad-en-su-20-aniversario\/","og_locale":"es_ES","og_type":"article","og_title":"COCEMFE apela al cumplimiento efectivo de la Convenci\u00f3n sobre los Derechos de las Personas con Discapacidad en su 20 aniversario - Cocemfe Valencia","og_description":"La entidad llama a reforzar el compromiso institucional desde la corresponsabilifad y el liderazgo democr\u00e1tico COCEMFE sit\u00faa el art\u00edculo 4 como base jur\u00eddica de las obligaciones del Estado en materia de derechos El Movimiento Asociativo se consolida como actor clave en el seguimiento y garant\u00eda de la Convenci\u00f3n &nbsp; Con motivo del\u00a0D\u00eda Nacional de la&hellip;&nbsp;Leer m\u00e1s &raquo;COCEMFE apela al cumplimiento efectivo de la Convenci\u00f3n sobre los Derechos de las Personas con Discapacidad en su 20 aniversario","og_url":"https:\/\/cocemfevalencia.org\/es\/cocemfe-apela-al-cumplimiento-efectivo-de-la-convencion-sobre-los-derechos-de-las-personas-con-discapacidad-en-su-20-aniversario\/","og_site_name":"Cocemfe Valencia","article_publisher":"https:\/\/www.facebook.com\/cocemfe.valencia","article_published_time":"2026-04-29T09:52:00+00:00","og_image":[{"width":867,"height":456,"url":"https:\/\/cocemfevalencia.org\/wp-content\/uploads\/2026\/04\/20-aniversario-convencion-discapacidad-cumplelaconvencion.jpg","type":"image\/jpeg"}],"author":"comunicacio","twitter_card":"summary_large_image","twitter_creator":"@COCEMFEValencia","twitter_site":"@COCEMFEValencia","twitter_misc":{"Escrito por":"comunicacio","Tiempo de lectura":"4 minutos"},"schema":{"@context":"https:\/\/schema.org","@graph":[{"@type":"Article","@id":"https:\/\/cocemfevalencia.org\/es\/cocemfe-apela-al-cumplimiento-efectivo-de-la-convencion-sobre-los-derechos-de-las-personas-con-discapacidad-en-su-20-aniversario\/#article","isPartOf":{"@id":"https:\/\/cocemfevalencia.org\/es\/cocemfe-apela-al-cumplimiento-efectivo-de-la-convencion-sobre-los-derechos-de-las-personas-con-discapacidad-en-su-20-aniversario\/"},"author":{"name":"comunicacio","@id":"https:\/\/cocemfevalencia.org\/es\/#\/schema\/person\/84dc42180efe17bdafa0a7a8702d24c8"},"headline":"COCEMFE apela al cumplimiento efectivo de la Convenci\u00f3n sobre los Derechos de las Personas con Discapacidad en su 20 aniversario","datePublished":"2026-04-29T09:52:00+00:00","mainEntityOfPage":{"@id":"https:\/\/cocemfevalencia.org\/es\/cocemfe-apela-al-cumplimiento-efectivo-de-la-convencion-sobre-los-derechos-de-las-personas-con-discapacidad-en-su-20-aniversario\/"},"wordCount":759,"publisher":{"@id":"https:\/\/cocemfevalencia.org\/es\/#organization"},"image":{"@id":"https:\/\/cocemfevalencia.org\/es\/cocemfe-apela-al-cumplimiento-efectivo-de-la-convencion-sobre-los-derechos-de-las-personas-con-discapacidad-en-su-20-aniversario\/#primaryimage"},"thumbnailUrl":"https:\/\/cocemfevalencia.org\/wp-content\/uploads\/2026\/04\/20-aniversario-convencion-discapacidad-cumplelaconvencion.jpg","keywords":["3M","COCEMFE","Convenci\u00f3n","Cumple al Convenci\u00f3n"],"articleSection":["Not\u00edcies"],"inLanguage":"es"},{"@type":"WebPage","@id":"https:\/\/cocemfevalencia.org\/es\/cocemfe-apela-al-cumplimiento-efectivo-de-la-convencion-sobre-los-derechos-de-las-personas-con-discapacidad-en-su-20-aniversario\/","url":"https:\/\/cocemfevalencia.org\/es\/cocemfe-apela-al-cumplimiento-efectivo-de-la-convencion-sobre-los-derechos-de-las-personas-con-discapacidad-en-su-20-aniversario\/","name":"COCEMFE apela al cumplimiento efectivo de la Convenci\u00f3n sobre los Derechos de las Personas con Discapacidad en su 20 aniversario - Cocemfe Valencia","isPartOf":{"@id":"https:\/\/cocemfevalencia.org\/es\/#website"},"primaryImageOfPage":{"@id":"https:\/\/cocemfevalencia.org\/es\/cocemfe-apela-al-cumplimiento-efectivo-de-la-convencion-sobre-los-derechos-de-las-personas-con-discapacidad-en-su-20-aniversario\/#primaryimage"},"image":{"@id":"https:\/\/cocemfevalencia.org\/es\/cocemfe-apela-al-cumplimiento-efectivo-de-la-convencion-sobre-los-derechos-de-las-personas-con-discapacidad-en-su-20-aniversario\/#primaryimage"},"thumbnailUrl":"https:\/\/cocemfevalencia.org\/wp-content\/uploads\/2026\/04\/20-aniversario-convencion-discapacidad-cumplelaconvencion.jpg","datePublished":"2026-04-29T09:52:00+00:00","breadcrumb":{"@id":"https:\/\/cocemfevalencia.org\/es\/cocemfe-apela-al-cumplimiento-efectivo-de-la-convencion-sobre-los-derechos-de-las-personas-con-discapacidad-en-su-20-aniversario\/#breadcrumb"},"inLanguage":"es","potentialAction":[{"@type":"ReadAction","target":["https:\/\/cocemfevalencia.org\/es\/cocemfe-apela-al-cumplimiento-efectivo-de-la-convencion-sobre-los-derechos-de-las-personas-con-discapacidad-en-su-20-aniversario\/"]}]},{"@type":"ImageObject","inLanguage":"es","@id":"https:\/\/cocemfevalencia.org\/es\/cocemfe-apela-al-cumplimiento-efectivo-de-la-convencion-sobre-los-derechos-de-las-personas-con-discapacidad-en-su-20-aniversario\/#primaryimage","url":"https:\/\/cocemfevalencia.org\/wp-content\/uploads\/2026\/04\/20-aniversario-convencion-discapacidad-cumplelaconvencion.jpg","contentUrl":"https:\/\/cocemfevalencia.org\/wp-content\/uploads\/2026\/04\/20-aniversario-convencion-discapacidad-cumplelaconvencion.jpg","width":867,"height":456},{"@type":"BreadcrumbList","@id":"https:\/\/cocemfevalencia.org\/es\/cocemfe-apela-al-cumplimiento-efectivo-de-la-convencion-sobre-los-derechos-de-las-personas-con-discapacidad-en-su-20-aniversario\/#breadcrumb","itemListElement":[{"@type":"ListItem","position":1,"name":"Portada","item":"https:\/\/cocemfevalencia.org\/es\/"},{"@type":"ListItem","position":2,"name":"COCEMFE apela al cumplimiento efectivo de la Convenci\u00f3n sobre los Derechos de las Personas con Discapacidad en su 20 aniversario"}]},{"@type":"WebSite","@id":"https:\/\/cocemfevalencia.org\/es\/#website","url":"https:\/\/cocemfevalencia.org\/es\/","name":"Cocemfe Valencia","description":"FEDERACI\u00d3N DE ASOCIACIONES DE PERSONAS CON DISCAPACIDAD F\u00cdSICA Y ORG\u00c1NICA DE LA PROV\u00cdNCIA DE VALENCIA","publisher":{"@id":"https:\/\/cocemfevalencia.org\/es\/#organization"},"potentialAction":[{"@type":"SearchAction","target":{"@type":"EntryPoint","urlTemplate":"https:\/\/cocemfevalencia.org\/es\/?s={search_term_string}"},"query-input":{"@type":"PropertyValueSpecification","valueRequired":true,"valueName":"search_term_string"}}],"inLanguage":"es"},{"@type":"Organization","@id":"https:\/\/cocemfevalencia.org\/es\/#organization","name":"Cocemfe Valencia","url":"https:\/\/cocemfevalencia.org\/es\/","logo":{"@type":"ImageObject","inLanguage":"es","@id":"https:\/\/cocemfevalencia.org\/es\/#\/schema\/logo\/image\/","url":"https:\/\/cocemfevalencia.org\/wp-content\/uploads\/2023\/03\/0312-Horizontal-una-linea-larga-rgb-positivo-Tricolor.png","contentUrl":"https:\/\/cocemfevalencia.org\/wp-content\/uploads\/2023\/03\/0312-Horizontal-una-linea-larga-rgb-positivo-Tricolor.png","width":2334,"height":613,"caption":"Cocemfe Valencia"},"image":{"@id":"https:\/\/cocemfevalencia.org\/es\/#\/schema\/logo\/image\/"},"sameAs":["https:\/\/www.facebook.com\/cocemfe.valencia","https:\/\/x.com\/COCEMFEValencia"]},{"@type":"Person","@id":"https:\/\/cocemfevalencia.org\/es\/#\/schema\/person\/84dc42180efe17bdafa0a7a8702d24c8","name":"comunicacio","image":{"@type":"ImageObject","inLanguage":"es","@id":"https:\/\/secure.gravatar.com\/avatar\/cc921e89975f546bc4139f170e59e0d573a099452a8a989eb18e18cda2e7227a?s=96&d=mm&r=g","url":"https:\/\/secure.gravatar.com\/avatar\/cc921e89975f546bc4139f170e59e0d573a099452a8a989eb18e18cda2e7227a?s=96&d=mm&r=g","contentUrl":"https:\/\/secure.gravatar.com\/avatar\/cc921e89975f546bc4139f170e59e0d573a099452a8a989eb18e18cda2e7227a?s=96&d=mm&r=g","caption":"comunicacio"}}]}},"_links":{"self":[{"href":"https:\/\/cocemfevalencia.org\/es\/wp-json\/wp\/v2\/posts\/17735","targetHints":{"allow":["GET"]}}],"collection":[{"href":"https:\/\/cocemfevalencia.org\/es\/wp-json\/wp\/v2\/posts"}],"about":[{"href":"https:\/\/cocemfevalencia.org\/es\/wp-json\/wp\/v2\/types\/post"}],"author":[{"embeddable":true,"href":"https:\/\/cocemfevalencia.org\/es\/wp-json\/wp\/v2\/users\/5"}],"replies":[{"embeddable":true,"href":"https:\/\/cocemfevalencia.org\/es\/wp-json\/wp\/v2\/comments?post=17735"}],"version-history":[{"count":1,"href":"https:\/\/cocemfevalencia.org\/es\/wp-json\/wp\/v2\/posts\/17735\/revisions"}],"predecessor-version":[{"id":17738,"href":"https:\/\/cocemfevalencia.org\/es\/wp-json\/wp\/v2\/posts\/17735\/revisions\/17738"}],"wp:featuredmedia":[{"embeddable":true,"href":"https:\/\/cocemfevalencia.org\/es\/wp-json\/wp\/v2\/media\/17736"}],"wp:attachment":[{"href":"https:\/\/cocemfevalencia.org\/es\/wp-json\/wp\/v2\/media?parent=17735"}],"wp:term":[{"taxonomy":"category","embeddable":true,"href":"https:\/\/cocemfevalencia.org\/es\/wp-json\/wp\/v2\/categories?post=17735"},{"taxonomy":"post_tag","embeddable":true,"href":"https:\/\/cocemfevalencia.org\/es\/wp-json\/wp\/v2\/tags?post=17735"}],"curies":[{"name":"wp","href":"https:\/\/api.w.org\/{rel}","templated":true}]}}