{"id":2469,"date":"2019-01-25T15:24:01","date_gmt":"2019-01-25T13:24:01","guid":{"rendered":"http:\/\/cocemfevalencia.org\/?p=2469"},"modified":"2019-01-25T15:24:01","modified_gmt":"2019-01-25T13:24:01","slug":"ilunion-hoteles-signatura-conveni-en-el-marc-del-programa-incorpora-amb-cocemfe-valencia","status":"publish","type":"post","link":"https:\/\/cocemfevalencia.org\/es\/ilunion-hoteles-signatura-conveni-en-el-marc-del-programa-incorpora-amb-cocemfe-valencia\/","title":{"rendered":"ILUNION HOTELES SIGNA CONVENI EN EL MARC DEL PROGRAMA INCORPORA AMB COCEMFE VAL\u00c8NCIA"},"content":{"rendered":"\t\t<div data-elementor-type=\"wp-post\" data-elementor-id=\"2469\" class=\"elementor elementor-2469 elementor-bc-flex-widget\" data-elementor-post-type=\"post\">\n\t\t\t\t\t\t<section class=\"elementor-section elementor-top-section elementor-element elementor-element-2f08b22 elementor-section-boxed elementor-section-height-default elementor-section-height-default\" data-id=\"2f08b22\" data-element_type=\"section\" data-e-type=\"section\">\n\t\t\t\t\t\t<div class=\"elementor-container elementor-column-gap-default\">\n\t\t\t\t\t<div class=\"elementor-column elementor-col-100 elementor-top-column elementor-element elementor-element-f21fd6e\" data-id=\"f21fd6e\" data-element_type=\"column\" data-e-type=\"column\">\n\t\t\t<div class=\"elementor-widget-wrap elementor-element-populated\">\n\t\t\t\t\t\t<div class=\"elementor-element elementor-element-59a2ea6 elementor-widget elementor-widget-text-editor\" data-id=\"59a2ea6\" data-element_type=\"widget\" data-e-type=\"widget\" data-widget_type=\"text-editor.default\">\n\t\t\t\t<div class=\"elementor-widget-container\">\n\t\t\t\t\t\t\t\t\t<p><span style=\"color: #373737; font-family: 'Helvetica Neue', Helvetica, Arial, sans-serif; font-size: 14px;\">Hui dia 25\/01\/2019, Sr. Jos\u00e9 Manuel \u00c1lvarez Galindo , Director de Ilunion Hotels i Sr. Juan Manuel Mondejar, han signat conveni de col\u00b7laboraci\u00f3 en el marc del programa INCORPORA subvencionat per Fundaci\u00f3 La Caixa.<\/span><br style=\"margin: 0px; padding: 0px; outline: none; color: #373737; font-family: 'Helvetica Neue', Helvetica, Arial, sans-serif; font-size: 14px;\" \/><span style=\"color: #373737; font-family: 'Helvetica Neue', Helvetica, Arial, sans-serif; font-size: 14px;\">El prop\u00f2sit del conveni \u00e9s facilitar la inserci\u00f3 laboral de persones amb discapacitat en el sector d&#8217;hostaleria als Hotels Ilunion de Val\u00e8ncia.<\/span><br style=\"margin: 0px; padding: 0px; outline: none; color: #373737; font-family: 'Helvetica Neue', Helvetica, Arial, sans-serif; font-size: 14px;\" \/><span style=\"color: #373737; font-family: 'Helvetica Neue', Helvetica, Arial, sans-serif; font-size: 14px;\">La citada empresa \u00e9s CEE, tenint una plantilla de 80 persones de les quals almenys un 78% ho conformen persones amb discapacitat.<\/span><br style=\"margin: 0px; padding: 0px; outline: none; color: #373737; font-family: 'Helvetica Neue', Helvetica, Arial, sans-serif; font-size: 14px;\" \/><span style=\"color: #373737; font-family: 'Helvetica Neue', Helvetica, Arial, sans-serif; font-size: 14px;\">A m\u00e9s la signatura del conveni s&#8217;ha realitzat aprofitant la inauguraci\u00f3 de l&#8217;exposici\u00f3 d&#8217;art titulada \u201cOBJECTE D&#8217;EMOCIONS\u201d. L&#8217;exposici\u00f3 consta d&#8217;una col\u00b7lecci\u00f3 d&#8217;imatges elaborades pels usuaris del CRE d&#8217;Atenci\u00f3 Psicosocial a persones amb Trastorn Mental Greu.<\/span><br style=\"margin: 0px; padding: 0px; outline: none; color: #373737; font-family: 'Helvetica Neue', Helvetica, Arial, sans-serif; font-size: 14px;\" \/><span style=\"color: #373737; font-family: 'Helvetica Neue', Helvetica, Arial, sans-serif; font-size: 14px;\">Des de COCEMFE Val\u00e8ncia animem a usuaris\/as interessats a treballar en l&#8217;hostaleria al fet que s&#8217;inscriguen en la nostra bossa d&#8217;ocupaci\u00f3.<\/span><\/p>\t\t\t\t\t\t\t\t<\/div>\n\t\t\t\t<\/div>\n\t\t\t\t\t<\/div>\n\t\t<\/div>\n\t\t\t\t\t<\/div>\n\t\t<\/section>\n\t\t\t\t<section class=\"elementor-section elementor-top-section elementor-element elementor-element-339caf6 elementor-section-boxed elementor-section-height-default elementor-section-height-default\" data-id=\"339caf6\" data-element_type=\"section\" data-e-type=\"section\">\n\t\t\t\t\t\t<div class=\"elementor-container elementor-column-gap-default\">\n\t\t\t\t\t<div class=\"elementor-column elementor-col-100 elementor-top-column elementor-element elementor-element-a5ba2b2\" data-id=\"a5ba2b2\" data-element_type=\"column\" data-e-type=\"column\">\n\t\t\t<div class=\"elementor-widget-wrap elementor-element-populated\">\n\t\t\t\t\t\t<div class=\"elementor-element elementor-element-877e482 elementor-widget elementor-widget-image\" data-id=\"877e482\" data-element_type=\"widget\" data-e-type=\"widget\" data-widget_type=\"image.default\">\n\t\t\t\t<div class=\"elementor-widget-container\">\n\t\t\t\t\t\t\t\t\t\t\t\t\t\t\t<img fetchpriority=\"high\" decoding=\"async\" width=\"1024\" height=\"576\" src=\"https:\/\/cocemfevalencia.org\/wp-content\/uploads\/2019\/01\/0f30abb9-9818-486c-b174-4d09c59fe8a7-1024x576.jpg\" class=\"attachment-large size-large wp-image-2470\" alt=\"\" srcset=\"https:\/\/cocemfevalencia.org\/wp-content\/uploads\/2019\/01\/0f30abb9-9818-486c-b174-4d09c59fe8a7-1024x576.jpg 1024w, https:\/\/cocemfevalencia.org\/wp-content\/uploads\/2019\/01\/0f30abb9-9818-486c-b174-4d09c59fe8a7-300x169.jpg 300w, https:\/\/cocemfevalencia.org\/wp-content\/uploads\/2019\/01\/0f30abb9-9818-486c-b174-4d09c59fe8a7-768x432.jpg 768w, https:\/\/cocemfevalencia.org\/wp-content\/uploads\/2019\/01\/0f30abb9-9818-486c-b174-4d09c59fe8a7-1536x864.jpg 1536w, https:\/\/cocemfevalencia.org\/wp-content\/uploads\/2019\/01\/0f30abb9-9818-486c-b174-4d09c59fe8a7.jpg 1599w\" sizes=\"(max-width: 1024px) 100vw, 1024px\" \/>\t\t\t\t\t\t\t\t\t\t\t\t\t\t\t<\/div>\n\t\t\t\t<\/div>\n\t\t\t\t\t<\/div>\n\t\t<\/div>\n\t\t\t\t\t<\/div>\n\t\t<\/section>\n\t\t\t\t<\/div>\n\t\t<p>Visitas: 1<\/p>","protected":false},"excerpt":{"rendered":"<p>Hui dia 25\/01\/2019, Sr. Jos\u00e9 Manuel \u00c1lvarez Galindo , Director de Ilunion Hotels i Sr. Juan Manuel Mondejar, han signat conveni de col\u00b7laboraci\u00f3 en el marc del programa INCORPORA subvencionat per Fundaci\u00f3 La Caixa.El prop\u00f2sit del conveni \u00e9s facilitar la inserci\u00f3 laboral de persones amb discapacitat en el sector d&#8217;hostaleria als Hotels Ilunion de Val\u00e8ncia.La&hellip;&nbsp;<a href=\"https:\/\/cocemfevalencia.org\/es\/ilunion-hoteles-signatura-conveni-en-el-marc-del-programa-incorpora-amb-cocemfe-valencia\/\" rel=\"bookmark\">Leer m\u00e1s &raquo;<span class=\"screen-reader-text\">ILUNION HOTELES SIGNA CONVENI EN EL MARC DEL PROGRAMA INCORPORA AMB COCEMFE VAL\u00c8NCIA<\/span><\/a><\/p>\n","protected":false},"author":3,"featured_media":2470,"comment_status":"closed","ping_status":"closed","sticky":false,"template":"","format":"standard","meta":{"rop_custom_images_group":[],"rop_custom_messages_group":[],"rop_publish_now":"initial","rop_publish_now_accounts":[],"rop_publish_now_history":[],"rop_publish_now_status":"pending","neve_meta_sidebar":"","neve_meta_container":"","neve_meta_enable_content_width":"","neve_meta_content_width":0,"neve_meta_title_alignment":"","neve_meta_author_avatar":"","neve_post_elements_order":"","neve_meta_disable_header":"","neve_meta_disable_footer":"","neve_meta_disable_title":"","footnotes":""},"categories":[5],"tags":[],"class_list":["post-2469","post","type-post","status-publish","format-standard","has-post-thumbnail","hentry","category-noticias"],"yoast_head":"<!-- This site is optimized with the Yoast SEO plugin v27.3 - https:\/\/yoast.com\/product\/yoast-seo-wordpress\/ -->\n<title>ILUNION HOTELES SIGNA CONVENI EN EL MARC DEL PROGRAMA INCORPORA AMB COCEMFE VAL\u00c8NCIA - Cocemfe Valencia<\/title>\n<meta name=\"robots\" content=\"index, follow, max-snippet:-1, max-image-preview:large, max-video-preview:-1\" \/>\n<link rel=\"canonical\" href=\"https:\/\/cocemfevalencia.org\/es\/ilunion-hoteles-signatura-conveni-en-el-marc-del-programa-incorpora-amb-cocemfe-valencia\/\" \/>\n<meta property=\"og:locale\" content=\"es_ES\" \/>\n<meta property=\"og:type\" content=\"article\" \/>\n<meta property=\"og:title\" content=\"ILUNION HOTELES SIGNA CONVENI EN EL MARC DEL PROGRAMA INCORPORA AMB COCEMFE VAL\u00c8NCIA - Cocemfe Valencia\" \/>\n<meta property=\"og:description\" content=\"Hui dia 25\/01\/2019, Sr. Jos\u00e9 Manuel \u00c1lvarez Galindo , Director de Ilunion Hotels i Sr. Juan Manuel Mondejar, han signat conveni de col\u00b7laboraci\u00f3 en el marc del programa INCORPORA subvencionat per Fundaci\u00f3 La Caixa.El prop\u00f2sit del conveni \u00e9s facilitar la inserci\u00f3 laboral de persones amb discapacitat en el sector d&#8217;hostaleria als Hotels Ilunion de Val\u00e8ncia.La&hellip;&nbsp;Leer m\u00e1s &raquo;ILUNION HOTELES SIGNA CONVENI EN EL MARC DEL PROGRAMA INCORPORA AMB COCEMFE VAL\u00c8NCIA\" \/>\n<meta property=\"og:url\" content=\"https:\/\/cocemfevalencia.org\/es\/ilunion-hoteles-signatura-conveni-en-el-marc-del-programa-incorpora-amb-cocemfe-valencia\/\" \/>\n<meta property=\"og:site_name\" content=\"Cocemfe Valencia\" \/>\n<meta property=\"article:publisher\" content=\"https:\/\/www.facebook.com\/cocemfe.valencia\" \/>\n<meta property=\"article:published_time\" content=\"2019-01-25T13:24:01+00:00\" \/>\n<meta property=\"og:image\" content=\"https:\/\/cocemfevalencia.org\/wp-content\/uploads\/2019\/01\/0f30abb9-9818-486c-b174-4d09c59fe8a7.jpg\" \/>\n\t<meta property=\"og:image:width\" content=\"1599\" \/>\n\t<meta property=\"og:image:height\" content=\"899\" \/>\n\t<meta property=\"og:image:type\" content=\"image\/jpeg\" \/>\n<meta name=\"author\" content=\"COCEMFE VALENCIA\" \/>\n<meta name=\"twitter:card\" content=\"summary_large_image\" \/>\n<meta name=\"twitter:creator\" content=\"@COCEMFEValencia\" \/>\n<meta name=\"twitter:site\" content=\"@COCEMFEValencia\" \/>\n<meta name=\"twitter:label1\" content=\"Escrito por\" \/>\n\t<meta name=\"twitter:data1\" content=\"COCEMFE VALENCIA\" \/>\n\t<meta name=\"twitter:label2\" content=\"Tiempo de lectura\" \/>\n\t<meta name=\"twitter:data2\" content=\"1 minuto\" \/>\n<script type=\"application\/ld+json\" class=\"yoast-schema-graph\">{\"@context\":\"https:\\\/\\\/schema.org\",\"@graph\":[{\"@type\":\"Article\",\"@id\":\"https:\\\/\\\/cocemfevalencia.org\\\/es\\\/ilunion-hoteles-signatura-conveni-en-el-marc-del-programa-incorpora-amb-cocemfe-valencia\\\/#article\",\"isPartOf\":{\"@id\":\"https:\\\/\\\/cocemfevalencia.org\\\/es\\\/ilunion-hoteles-signatura-conveni-en-el-marc-del-programa-incorpora-amb-cocemfe-valencia\\\/\"},\"author\":{\"name\":\"COCEMFE VALENCIA\",\"@id\":\"https:\\\/\\\/cocemfevalencia.org\\\/es\\\/#\\\/schema\\\/person\\\/e31a24227ccbc918e2c80add51990ad7\"},\"headline\":\"ILUNION HOTELES SIGNA CONVENI EN EL MARC DEL PROGRAMA INCORPORA AMB COCEMFE VAL\u00c8NCIA\",\"datePublished\":\"2019-01-25T13:24:01+00:00\",\"mainEntityOfPage\":{\"@id\":\"https:\\\/\\\/cocemfevalencia.org\\\/es\\\/ilunion-hoteles-signatura-conveni-en-el-marc-del-programa-incorpora-amb-cocemfe-valencia\\\/\"},\"wordCount\":151,\"publisher\":{\"@id\":\"https:\\\/\\\/cocemfevalencia.org\\\/es\\\/#organization\"},\"image\":{\"@id\":\"https:\\\/\\\/cocemfevalencia.org\\\/es\\\/ilunion-hoteles-signatura-conveni-en-el-marc-del-programa-incorpora-amb-cocemfe-valencia\\\/#primaryimage\"},\"thumbnailUrl\":\"https:\\\/\\\/cocemfevalencia.org\\\/wp-content\\\/uploads\\\/2019\\\/01\\\/0f30abb9-9818-486c-b174-4d09c59fe8a7.jpg\",\"articleSection\":[\"Not\u00edcies\"],\"inLanguage\":\"es\"},{\"@type\":\"WebPage\",\"@id\":\"https:\\\/\\\/cocemfevalencia.org\\\/es\\\/ilunion-hoteles-signatura-conveni-en-el-marc-del-programa-incorpora-amb-cocemfe-valencia\\\/\",\"url\":\"https:\\\/\\\/cocemfevalencia.org\\\/es\\\/ilunion-hoteles-signatura-conveni-en-el-marc-del-programa-incorpora-amb-cocemfe-valencia\\\/\",\"name\":\"ILUNION HOTELES SIGNA CONVENI EN EL MARC DEL PROGRAMA INCORPORA AMB COCEMFE VAL\u00c8NCIA - Cocemfe Valencia\",\"isPartOf\":{\"@id\":\"https:\\\/\\\/cocemfevalencia.org\\\/es\\\/#website\"},\"primaryImageOfPage\":{\"@id\":\"https:\\\/\\\/cocemfevalencia.org\\\/es\\\/ilunion-hoteles-signatura-conveni-en-el-marc-del-programa-incorpora-amb-cocemfe-valencia\\\/#primaryimage\"},\"image\":{\"@id\":\"https:\\\/\\\/cocemfevalencia.org\\\/es\\\/ilunion-hoteles-signatura-conveni-en-el-marc-del-programa-incorpora-amb-cocemfe-valencia\\\/#primaryimage\"},\"thumbnailUrl\":\"https:\\\/\\\/cocemfevalencia.org\\\/wp-content\\\/uploads\\\/2019\\\/01\\\/0f30abb9-9818-486c-b174-4d09c59fe8a7.jpg\",\"datePublished\":\"2019-01-25T13:24:01+00:00\",\"breadcrumb\":{\"@id\":\"https:\\\/\\\/cocemfevalencia.org\\\/es\\\/ilunion-hoteles-signatura-conveni-en-el-marc-del-programa-incorpora-amb-cocemfe-valencia\\\/#breadcrumb\"},\"inLanguage\":\"es\",\"potentialAction\":[{\"@type\":\"ReadAction\",\"target\":[\"https:\\\/\\\/cocemfevalencia.org\\\/es\\\/ilunion-hoteles-signatura-conveni-en-el-marc-del-programa-incorpora-amb-cocemfe-valencia\\\/\"]}]},{\"@type\":\"ImageObject\",\"inLanguage\":\"es\",\"@id\":\"https:\\\/\\\/cocemfevalencia.org\\\/es\\\/ilunion-hoteles-signatura-conveni-en-el-marc-del-programa-incorpora-amb-cocemfe-valencia\\\/#primaryimage\",\"url\":\"https:\\\/\\\/cocemfevalencia.org\\\/wp-content\\\/uploads\\\/2019\\\/01\\\/0f30abb9-9818-486c-b174-4d09c59fe8a7.jpg\",\"contentUrl\":\"https:\\\/\\\/cocemfevalencia.org\\\/wp-content\\\/uploads\\\/2019\\\/01\\\/0f30abb9-9818-486c-b174-4d09c59fe8a7.jpg\",\"width\":1599,\"height\":899},{\"@type\":\"BreadcrumbList\",\"@id\":\"https:\\\/\\\/cocemfevalencia.org\\\/es\\\/ilunion-hoteles-signatura-conveni-en-el-marc-del-programa-incorpora-amb-cocemfe-valencia\\\/#breadcrumb\",\"itemListElement\":[{\"@type\":\"ListItem\",\"position\":1,\"name\":\"Portada\",\"item\":\"https:\\\/\\\/cocemfevalencia.org\\\/es\\\/\"},{\"@type\":\"ListItem\",\"position\":2,\"name\":\"ILUNION HOTELES SIGNA CONVENI EN EL MARC DEL PROGRAMA INCORPORA AMB COCEMFE VAL\u00c8NCIA\"}]},{\"@type\":\"WebSite\",\"@id\":\"https:\\\/\\\/cocemfevalencia.org\\\/es\\\/#website\",\"url\":\"https:\\\/\\\/cocemfevalencia.org\\\/es\\\/\",\"name\":\"Cocemfe Valencia\",\"description\":\"FEDERACI\u00d3N DE ASOCIACIONES DE PERSONAS CON DISCAPACIDAD F\u00cdSICA Y ORG\u00c1NICA DE LA PROV\u00cdNCIA DE VALENCIA\",\"publisher\":{\"@id\":\"https:\\\/\\\/cocemfevalencia.org\\\/es\\\/#organization\"},\"potentialAction\":[{\"@type\":\"SearchAction\",\"target\":{\"@type\":\"EntryPoint\",\"urlTemplate\":\"https:\\\/\\\/cocemfevalencia.org\\\/es\\\/?s={search_term_string}\"},\"query-input\":{\"@type\":\"PropertyValueSpecification\",\"valueRequired\":true,\"valueName\":\"search_term_string\"}}],\"inLanguage\":\"es\"},{\"@type\":\"Organization\",\"@id\":\"https:\\\/\\\/cocemfevalencia.org\\\/es\\\/#organization\",\"name\":\"Cocemfe Valencia\",\"url\":\"https:\\\/\\\/cocemfevalencia.org\\\/es\\\/\",\"logo\":{\"@type\":\"ImageObject\",\"inLanguage\":\"es\",\"@id\":\"https:\\\/\\\/cocemfevalencia.org\\\/es\\\/#\\\/schema\\\/logo\\\/image\\\/\",\"url\":\"https:\\\/\\\/cocemfevalencia.org\\\/wp-content\\\/uploads\\\/2023\\\/03\\\/0312-Horizontal-una-linea-larga-rgb-positivo-Tricolor.png\",\"contentUrl\":\"https:\\\/\\\/cocemfevalencia.org\\\/wp-content\\\/uploads\\\/2023\\\/03\\\/0312-Horizontal-una-linea-larga-rgb-positivo-Tricolor.png\",\"width\":2334,\"height\":613,\"caption\":\"Cocemfe Valencia\"},\"image\":{\"@id\":\"https:\\\/\\\/cocemfevalencia.org\\\/es\\\/#\\\/schema\\\/logo\\\/image\\\/\"},\"sameAs\":[\"https:\\\/\\\/www.facebook.com\\\/cocemfe.valencia\",\"https:\\\/\\\/x.com\\\/COCEMFEValencia\"]},{\"@type\":\"Person\",\"@id\":\"https:\\\/\\\/cocemfevalencia.org\\\/es\\\/#\\\/schema\\\/person\\\/e31a24227ccbc918e2c80add51990ad7\",\"name\":\"COCEMFE VALENCIA\",\"image\":{\"@type\":\"ImageObject\",\"inLanguage\":\"es\",\"@id\":\"https:\\\/\\\/secure.gravatar.com\\\/avatar\\\/81dd2ced4591577d70433bbfde65ba3f931e09f5cb4ca8c890817c47789b47f0?s=96&d=mm&r=g\",\"url\":\"https:\\\/\\\/secure.gravatar.com\\\/avatar\\\/81dd2ced4591577d70433bbfde65ba3f931e09f5cb4ca8c890817c47789b47f0?s=96&d=mm&r=g\",\"contentUrl\":\"https:\\\/\\\/secure.gravatar.com\\\/avatar\\\/81dd2ced4591577d70433bbfde65ba3f931e09f5cb4ca8c890817c47789b47f0?s=96&d=mm&r=g\",\"caption\":\"COCEMFE VALENCIA\"}}]}<\/script>\n<!-- \/ Yoast SEO plugin. -->","yoast_head_json":{"title":"ILUNION HOTELES SIGNA CONVENI EN EL MARC DEL PROGRAMA INCORPORA AMB COCEMFE VAL\u00c8NCIA - Cocemfe Valencia","robots":{"index":"index","follow":"follow","max-snippet":"max-snippet:-1","max-image-preview":"max-image-preview:large","max-video-preview":"max-video-preview:-1"},"canonical":"https:\/\/cocemfevalencia.org\/es\/ilunion-hoteles-signatura-conveni-en-el-marc-del-programa-incorpora-amb-cocemfe-valencia\/","og_locale":"es_ES","og_type":"article","og_title":"ILUNION HOTELES SIGNA CONVENI EN EL MARC DEL PROGRAMA INCORPORA AMB COCEMFE VAL\u00c8NCIA - Cocemfe Valencia","og_description":"Hui dia 25\/01\/2019, Sr. Jos\u00e9 Manuel \u00c1lvarez Galindo , Director de Ilunion Hotels i Sr. Juan Manuel Mondejar, han signat conveni de col\u00b7laboraci\u00f3 en el marc del programa INCORPORA subvencionat per Fundaci\u00f3 La Caixa.El prop\u00f2sit del conveni \u00e9s facilitar la inserci\u00f3 laboral de persones amb discapacitat en el sector d&#8217;hostaleria als Hotels Ilunion de Val\u00e8ncia.La&hellip;&nbsp;Leer m\u00e1s &raquo;ILUNION HOTELES SIGNA CONVENI EN EL MARC DEL PROGRAMA INCORPORA AMB COCEMFE VAL\u00c8NCIA","og_url":"https:\/\/cocemfevalencia.org\/es\/ilunion-hoteles-signatura-conveni-en-el-marc-del-programa-incorpora-amb-cocemfe-valencia\/","og_site_name":"Cocemfe Valencia","article_publisher":"https:\/\/www.facebook.com\/cocemfe.valencia","article_published_time":"2019-01-25T13:24:01+00:00","og_image":[{"width":1599,"height":899,"url":"https:\/\/cocemfevalencia.org\/wp-content\/uploads\/2019\/01\/0f30abb9-9818-486c-b174-4d09c59fe8a7.jpg","type":"image\/jpeg"}],"author":"COCEMFE VALENCIA","twitter_card":"summary_large_image","twitter_creator":"@COCEMFEValencia","twitter_site":"@COCEMFEValencia","twitter_misc":{"Escrito por":"COCEMFE VALENCIA","Tiempo de lectura":"1 minuto"},"schema":{"@context":"https:\/\/schema.org","@graph":[{"@type":"Article","@id":"https:\/\/cocemfevalencia.org\/es\/ilunion-hoteles-signatura-conveni-en-el-marc-del-programa-incorpora-amb-cocemfe-valencia\/#article","isPartOf":{"@id":"https:\/\/cocemfevalencia.org\/es\/ilunion-hoteles-signatura-conveni-en-el-marc-del-programa-incorpora-amb-cocemfe-valencia\/"},"author":{"name":"COCEMFE VALENCIA","@id":"https:\/\/cocemfevalencia.org\/es\/#\/schema\/person\/e31a24227ccbc918e2c80add51990ad7"},"headline":"ILUNION HOTELES SIGNA CONVENI EN EL MARC DEL PROGRAMA INCORPORA AMB COCEMFE VAL\u00c8NCIA","datePublished":"2019-01-25T13:24:01+00:00","mainEntityOfPage":{"@id":"https:\/\/cocemfevalencia.org\/es\/ilunion-hoteles-signatura-conveni-en-el-marc-del-programa-incorpora-amb-cocemfe-valencia\/"},"wordCount":151,"publisher":{"@id":"https:\/\/cocemfevalencia.org\/es\/#organization"},"image":{"@id":"https:\/\/cocemfevalencia.org\/es\/ilunion-hoteles-signatura-conveni-en-el-marc-del-programa-incorpora-amb-cocemfe-valencia\/#primaryimage"},"thumbnailUrl":"https:\/\/cocemfevalencia.org\/wp-content\/uploads\/2019\/01\/0f30abb9-9818-486c-b174-4d09c59fe8a7.jpg","articleSection":["Not\u00edcies"],"inLanguage":"es"},{"@type":"WebPage","@id":"https:\/\/cocemfevalencia.org\/es\/ilunion-hoteles-signatura-conveni-en-el-marc-del-programa-incorpora-amb-cocemfe-valencia\/","url":"https:\/\/cocemfevalencia.org\/es\/ilunion-hoteles-signatura-conveni-en-el-marc-del-programa-incorpora-amb-cocemfe-valencia\/","name":"ILUNION HOTELES SIGNA CONVENI EN EL MARC DEL PROGRAMA INCORPORA AMB COCEMFE VAL\u00c8NCIA - Cocemfe Valencia","isPartOf":{"@id":"https:\/\/cocemfevalencia.org\/es\/#website"},"primaryImageOfPage":{"@id":"https:\/\/cocemfevalencia.org\/es\/ilunion-hoteles-signatura-conveni-en-el-marc-del-programa-incorpora-amb-cocemfe-valencia\/#primaryimage"},"image":{"@id":"https:\/\/cocemfevalencia.org\/es\/ilunion-hoteles-signatura-conveni-en-el-marc-del-programa-incorpora-amb-cocemfe-valencia\/#primaryimage"},"thumbnailUrl":"https:\/\/cocemfevalencia.org\/wp-content\/uploads\/2019\/01\/0f30abb9-9818-486c-b174-4d09c59fe8a7.jpg","datePublished":"2019-01-25T13:24:01+00:00","breadcrumb":{"@id":"https:\/\/cocemfevalencia.org\/es\/ilunion-hoteles-signatura-conveni-en-el-marc-del-programa-incorpora-amb-cocemfe-valencia\/#breadcrumb"},"inLanguage":"es","potentialAction":[{"@type":"ReadAction","target":["https:\/\/cocemfevalencia.org\/es\/ilunion-hoteles-signatura-conveni-en-el-marc-del-programa-incorpora-amb-cocemfe-valencia\/"]}]},{"@type":"ImageObject","inLanguage":"es","@id":"https:\/\/cocemfevalencia.org\/es\/ilunion-hoteles-signatura-conveni-en-el-marc-del-programa-incorpora-amb-cocemfe-valencia\/#primaryimage","url":"https:\/\/cocemfevalencia.org\/wp-content\/uploads\/2019\/01\/0f30abb9-9818-486c-b174-4d09c59fe8a7.jpg","contentUrl":"https:\/\/cocemfevalencia.org\/wp-content\/uploads\/2019\/01\/0f30abb9-9818-486c-b174-4d09c59fe8a7.jpg","width":1599,"height":899},{"@type":"BreadcrumbList","@id":"https:\/\/cocemfevalencia.org\/es\/ilunion-hoteles-signatura-conveni-en-el-marc-del-programa-incorpora-amb-cocemfe-valencia\/#breadcrumb","itemListElement":[{"@type":"ListItem","position":1,"name":"Portada","item":"https:\/\/cocemfevalencia.org\/es\/"},{"@type":"ListItem","position":2,"name":"ILUNION HOTELES SIGNA CONVENI EN EL MARC DEL PROGRAMA INCORPORA AMB COCEMFE VAL\u00c8NCIA"}]},{"@type":"WebSite","@id":"https:\/\/cocemfevalencia.org\/es\/#website","url":"https:\/\/cocemfevalencia.org\/es\/","name":"Cocemfe Valencia","description":"FEDERACI\u00d3N DE ASOCIACIONES DE PERSONAS CON DISCAPACIDAD F\u00cdSICA Y ORG\u00c1NICA DE LA PROV\u00cdNCIA DE VALENCIA","publisher":{"@id":"https:\/\/cocemfevalencia.org\/es\/#organization"},"potentialAction":[{"@type":"SearchAction","target":{"@type":"EntryPoint","urlTemplate":"https:\/\/cocemfevalencia.org\/es\/?s={search_term_string}"},"query-input":{"@type":"PropertyValueSpecification","valueRequired":true,"valueName":"search_term_string"}}],"inLanguage":"es"},{"@type":"Organization","@id":"https:\/\/cocemfevalencia.org\/es\/#organization","name":"Cocemfe Valencia","url":"https:\/\/cocemfevalencia.org\/es\/","logo":{"@type":"ImageObject","inLanguage":"es","@id":"https:\/\/cocemfevalencia.org\/es\/#\/schema\/logo\/image\/","url":"https:\/\/cocemfevalencia.org\/wp-content\/uploads\/2023\/03\/0312-Horizontal-una-linea-larga-rgb-positivo-Tricolor.png","contentUrl":"https:\/\/cocemfevalencia.org\/wp-content\/uploads\/2023\/03\/0312-Horizontal-una-linea-larga-rgb-positivo-Tricolor.png","width":2334,"height":613,"caption":"Cocemfe Valencia"},"image":{"@id":"https:\/\/cocemfevalencia.org\/es\/#\/schema\/logo\/image\/"},"sameAs":["https:\/\/www.facebook.com\/cocemfe.valencia","https:\/\/x.com\/COCEMFEValencia"]},{"@type":"Person","@id":"https:\/\/cocemfevalencia.org\/es\/#\/schema\/person\/e31a24227ccbc918e2c80add51990ad7","name":"COCEMFE VALENCIA","image":{"@type":"ImageObject","inLanguage":"es","@id":"https:\/\/secure.gravatar.com\/avatar\/81dd2ced4591577d70433bbfde65ba3f931e09f5cb4ca8c890817c47789b47f0?s=96&d=mm&r=g","url":"https:\/\/secure.gravatar.com\/avatar\/81dd2ced4591577d70433bbfde65ba3f931e09f5cb4ca8c890817c47789b47f0?s=96&d=mm&r=g","contentUrl":"https:\/\/secure.gravatar.com\/avatar\/81dd2ced4591577d70433bbfde65ba3f931e09f5cb4ca8c890817c47789b47f0?s=96&d=mm&r=g","caption":"COCEMFE VALENCIA"}}]}},"_links":{"self":[{"href":"https:\/\/cocemfevalencia.org\/es\/wp-json\/wp\/v2\/posts\/2469","targetHints":{"allow":["GET"]}}],"collection":[{"href":"https:\/\/cocemfevalencia.org\/es\/wp-json\/wp\/v2\/posts"}],"about":[{"href":"https:\/\/cocemfevalencia.org\/es\/wp-json\/wp\/v2\/types\/post"}],"author":[{"embeddable":true,"href":"https:\/\/cocemfevalencia.org\/es\/wp-json\/wp\/v2\/users\/3"}],"replies":[{"embeddable":true,"href":"https:\/\/cocemfevalencia.org\/es\/wp-json\/wp\/v2\/comments?post=2469"}],"version-history":[{"count":0,"href":"https:\/\/cocemfevalencia.org\/es\/wp-json\/wp\/v2\/posts\/2469\/revisions"}],"wp:featuredmedia":[{"embeddable":true,"href":"https:\/\/cocemfevalencia.org\/es\/wp-json\/wp\/v2\/media\/2470"}],"wp:attachment":[{"href":"https:\/\/cocemfevalencia.org\/es\/wp-json\/wp\/v2\/media?parent=2469"}],"wp:term":[{"taxonomy":"category","embeddable":true,"href":"https:\/\/cocemfevalencia.org\/es\/wp-json\/wp\/v2\/categories?post=2469"},{"taxonomy":"post_tag","embeddable":true,"href":"https:\/\/cocemfevalencia.org\/es\/wp-json\/wp\/v2\/tags?post=2469"}],"curies":[{"name":"wp","href":"https:\/\/api.w.org\/{rel}","templated":true}]}}