{"id":2889,"date":"2019-04-15T13:25:10","date_gmt":"2019-04-15T11:25:10","guid":{"rendered":"http:\/\/cocemfevalencia.org\/?p=2889"},"modified":"2019-04-15T13:25:10","modified_gmt":"2019-04-15T11:25:10","slug":"cocemfe-valencia-i-ortoprono-firmen-un-conveni","status":"publish","type":"post","link":"https:\/\/cocemfevalencia.org\/es\/cocemfe-valencia-i-ortoprono-firmen-un-conveni\/","title":{"rendered":"COCEMFE Val\u00e8ncia i ORTOPRONO firmen un conveni de col\u00b7laboraci\u00f3."},"content":{"rendered":"\t\t<div data-elementor-type=\"wp-post\" data-elementor-id=\"2889\" class=\"elementor elementor-2889\" data-elementor-post-type=\"post\">\n\t\t\t\t\t\t<section class=\"elementor-section elementor-top-section elementor-element elementor-element-729fe8f elementor-section-boxed elementor-section-height-default elementor-section-height-default\" data-id=\"729fe8f\" data-element_type=\"section\" data-e-type=\"section\">\n\t\t\t\t\t\t<div class=\"elementor-container elementor-column-gap-default\">\n\t\t\t\t\t<div class=\"elementor-column elementor-col-50 elementor-top-column elementor-element elementor-element-87f6440\" data-id=\"87f6440\" data-element_type=\"column\" data-e-type=\"column\">\n\t\t\t<div class=\"elementor-widget-wrap elementor-element-populated\">\n\t\t\t\t\t\t<div class=\"elementor-element elementor-element-031a07f elementor-widget elementor-widget-image\" data-id=\"031a07f\" data-element_type=\"widget\" data-e-type=\"widget\" data-widget_type=\"image.default\">\n\t\t\t\t<div class=\"elementor-widget-container\">\n\t\t\t\t\t\t\t\t\t\t\t\t\t\t\t<img fetchpriority=\"high\" decoding=\"async\" width=\"1024\" height=\"768\" src=\"https:\/\/cocemfevalencia.org\/wp-content\/uploads\/2019\/04\/WhatsApp-Image-2019-04-15-at-11.16.09.jpeg\" class=\"attachment-large size-large wp-image-2890\" alt=\"\" srcset=\"https:\/\/cocemfevalencia.org\/wp-content\/uploads\/2019\/04\/WhatsApp-Image-2019-04-15-at-11.16.09.jpeg 1024w, https:\/\/cocemfevalencia.org\/wp-content\/uploads\/2019\/04\/WhatsApp-Image-2019-04-15-at-11.16.09-300x225.jpeg 300w, https:\/\/cocemfevalencia.org\/wp-content\/uploads\/2019\/04\/WhatsApp-Image-2019-04-15-at-11.16.09-768x576.jpeg 768w\" sizes=\"(max-width: 1024px) 100vw, 1024px\" \/>\t\t\t\t\t\t\t\t\t\t\t\t\t\t\t<\/div>\n\t\t\t\t<\/div>\n\t\t\t\t\t<\/div>\n\t\t<\/div>\n\t\t\t\t<div class=\"elementor-column elementor-col-50 elementor-top-column elementor-element elementor-element-8bf1a5e\" data-id=\"8bf1a5e\" data-element_type=\"column\" data-e-type=\"column\">\n\t\t\t<div class=\"elementor-widget-wrap elementor-element-populated\">\n\t\t\t\t\t\t<div class=\"elementor-element elementor-element-28791cb elementor-widget elementor-widget-text-editor\" data-id=\"28791cb\" data-element_type=\"widget\" data-e-type=\"widget\" data-widget_type=\"text-editor.default\">\n\t\t\t\t<div class=\"elementor-widget-container\">\n\t\t\t\t\t\t\t\t\t<p>El president de COCEMFE Val\u00e8ncia Juan Mond\u00e9jar i el director general d&#8217;Ortoprono Jos\u00e9 Bernando Noblejas , han firmat este mat\u00ed un Conveni de col\u00b7laboraci\u00f3 entre ambd\u00f3s entitats.<\/p><p>En el conveni es reflectix la cobertura de les necessitats de productes i servicis d&#8217;ortop\u00e8dia entre les persones associades d&#8217;associacions de COCEMFE Val\u00e8ncia, aix\u00ed com la promoci\u00f3 de les solucions ortop\u00e8diques que contribu\u00efsquen a la millora de la qualitat de vida de les mateixes.<\/p><p>Dins del conveni trobem descomptes a productes i servicis d&#8217;Ortop\u00e8dia i Ajudes T\u00e8cniques que oferix Ortoprono.<\/p><p>Juan Mond\u00e9jar destaca este tipus de convenis com molt necessaris per a acostar el teixit empresarial local als associats de les nostres entitats. \u00c9s una l\u00ednia que s&#8217;ha de seguir durant els pr\u00f2xims mesos.<\/p>\t\t\t\t\t\t\t\t<\/div>\n\t\t\t\t<\/div>\n\t\t\t\t\t<\/div>\n\t\t<\/div>\n\t\t\t\t\t<\/div>\n\t\t<\/section>\n\t\t\t\t<section class=\"elementor-section elementor-top-section elementor-element elementor-element-db1a5d9 elementor-section-boxed elementor-section-height-default elementor-section-height-default\" data-id=\"db1a5d9\" data-element_type=\"section\" data-e-type=\"section\">\n\t\t\t\t\t\t<div class=\"elementor-container elementor-column-gap-default\">\n\t\t\t\t\t<div class=\"elementor-column elementor-col-50 elementor-top-column elementor-element elementor-element-951c2f7\" data-id=\"951c2f7\" data-element_type=\"column\" data-e-type=\"column\">\n\t\t\t<div class=\"elementor-widget-wrap elementor-element-populated\">\n\t\t\t\t\t\t<div class=\"elementor-element elementor-element-ad3e29e elementor-widget elementor-widget-image\" data-id=\"ad3e29e\" data-element_type=\"widget\" data-e-type=\"widget\" data-widget_type=\"image.default\">\n\t\t\t\t<div class=\"elementor-widget-container\">\n\t\t\t\t\t\t\t\t\t\t\t\t\t\t\t<img decoding=\"async\" width=\"278\" height=\"278\" src=\"https:\/\/cocemfevalencia.org\/wp-content\/uploads\/2019\/04\/medium_web__7_.jpg\" class=\"attachment-medium_large size-medium_large wp-image-2892\" alt=\"\" srcset=\"https:\/\/cocemfevalencia.org\/wp-content\/uploads\/2019\/04\/medium_web__7_.jpg 278w, https:\/\/cocemfevalencia.org\/wp-content\/uploads\/2019\/04\/medium_web__7_-150x150.jpg 150w\" sizes=\"(max-width: 278px) 100vw, 278px\" \/>\t\t\t\t\t\t\t\t\t\t\t\t\t\t\t<\/div>\n\t\t\t\t<\/div>\n\t\t\t\t\t<\/div>\n\t\t<\/div>\n\t\t\t\t<div class=\"elementor-column elementor-col-50 elementor-top-column elementor-element elementor-element-8422d47\" data-id=\"8422d47\" data-element_type=\"column\" data-e-type=\"column\">\n\t\t\t<div class=\"elementor-widget-wrap elementor-element-populated\">\n\t\t\t\t\t\t<div class=\"elementor-element elementor-element-af74f9b elementor-widget elementor-widget-image\" data-id=\"af74f9b\" data-element_type=\"widget\" data-e-type=\"widget\" data-widget_type=\"image.default\">\n\t\t\t\t<div class=\"elementor-widget-container\">\n\t\t\t\t\t\t\t\t\t\t\t\t\t\t\t<img decoding=\"async\" width=\"300\" height=\"274\" src=\"https:\/\/cocemfevalencia.org\/wp-content\/uploads\/2018\/07\/logo-vectorizado-300x274.png\" class=\"attachment-medium size-medium wp-image-1538\" alt=\"\" srcset=\"https:\/\/cocemfevalencia.org\/wp-content\/uploads\/2018\/07\/logo-vectorizado-300x274.png 300w, https:\/\/cocemfevalencia.org\/wp-content\/uploads\/2018\/07\/logo-vectorizado-1024x936.png 1024w, https:\/\/cocemfevalencia.org\/wp-content\/uploads\/2018\/07\/logo-vectorizado-768x702.png 768w, https:\/\/cocemfevalencia.org\/wp-content\/uploads\/2018\/07\/logo-vectorizado.png 1360w\" sizes=\"(max-width: 300px) 100vw, 300px\" \/>\t\t\t\t\t\t\t\t\t\t\t\t\t\t\t<\/div>\n\t\t\t\t<\/div>\n\t\t\t\t\t<\/div>\n\t\t<\/div>\n\t\t\t\t\t<\/div>\n\t\t<\/section>\n\t\t\t\t<\/div>\n\t\t<p>Visitas: 7<\/p>","protected":false},"excerpt":{"rendered":"<p>El president de COCEMFE Val\u00e8ncia Juan Mond\u00e9jar i el director general d&#8217;Ortoprono Jos\u00e9 Bernando Noblejas , han firmat este mat\u00ed un Conveni de col\u00b7laboraci\u00f3 entre ambd\u00f3s entitats. En el conveni es reflectix la cobertura de les necessitats de productes i servicis d&#8217;ortop\u00e8dia entre les persones associades d&#8217;associacions de COCEMFE Val\u00e8ncia, aix\u00ed com la promoci\u00f3 de&hellip;&nbsp;<a href=\"https:\/\/cocemfevalencia.org\/es\/cocemfe-valencia-i-ortoprono-firmen-un-conveni\/\" rel=\"bookmark\">Leer m\u00e1s &raquo;<span class=\"screen-reader-text\">COCEMFE Val\u00e8ncia i ORTOPRONO firmen un conveni de col\u00b7laboraci\u00f3.<\/span><\/a><\/p>\n","protected":false},"author":3,"featured_media":2890,"comment_status":"closed","ping_status":"closed","sticky":false,"template":"","format":"standard","meta":{"rop_custom_images_group":[],"rop_custom_messages_group":[],"rop_publish_now":"initial","rop_publish_now_accounts":[],"rop_publish_now_history":[],"rop_publish_now_status":"pending","neve_meta_sidebar":"","neve_meta_container":"","neve_meta_enable_content_width":"","neve_meta_content_width":0,"neve_meta_title_alignment":"","neve_meta_author_avatar":"","neve_post_elements_order":"","neve_meta_disable_header":"","neve_meta_disable_footer":"","neve_meta_disable_title":"","footnotes":""},"categories":[5],"tags":[16,8,25,26],"class_list":["post-2889","post","type-post","status-publish","format-standard","has-post-thumbnail","hentry","category-noticias","tag-convenio","tag-discapacidad","tag-ortopedia","tag-ortoprono"],"yoast_head":"<!-- This site is optimized with the Yoast SEO plugin v27.3 - https:\/\/yoast.com\/product\/yoast-seo-wordpress\/ -->\n<title>COCEMFE Val\u00e8ncia i ORTOPRONO firmen un conveni de col\u00b7laboraci\u00f3. - Cocemfe Valencia<\/title>\n<meta name=\"robots\" content=\"index, follow, max-snippet:-1, max-image-preview:large, max-video-preview:-1\" \/>\n<link rel=\"canonical\" href=\"https:\/\/cocemfevalencia.org\/es\/cocemfe-valencia-i-ortoprono-firmen-un-conveni\/\" \/>\n<meta property=\"og:locale\" content=\"es_ES\" \/>\n<meta property=\"og:type\" content=\"article\" \/>\n<meta property=\"og:title\" content=\"COCEMFE Val\u00e8ncia i ORTOPRONO firmen un conveni de col\u00b7laboraci\u00f3. - Cocemfe Valencia\" \/>\n<meta property=\"og:description\" content=\"El president de COCEMFE Val\u00e8ncia Juan Mond\u00e9jar i el director general d&#8217;Ortoprono Jos\u00e9 Bernando Noblejas , han firmat este mat\u00ed un Conveni de col\u00b7laboraci\u00f3 entre ambd\u00f3s entitats. En el conveni es reflectix la cobertura de les necessitats de productes i servicis d&#8217;ortop\u00e8dia entre les persones associades d&#8217;associacions de COCEMFE Val\u00e8ncia, aix\u00ed com la promoci\u00f3 de&hellip;&nbsp;Leer m\u00e1s &raquo;COCEMFE Val\u00e8ncia i ORTOPRONO firmen un conveni de col\u00b7laboraci\u00f3.\" \/>\n<meta property=\"og:url\" content=\"https:\/\/cocemfevalencia.org\/es\/cocemfe-valencia-i-ortoprono-firmen-un-conveni\/\" \/>\n<meta property=\"og:site_name\" content=\"Cocemfe Valencia\" \/>\n<meta property=\"article:publisher\" content=\"https:\/\/www.facebook.com\/cocemfe.valencia\" \/>\n<meta property=\"article:published_time\" content=\"2019-04-15T11:25:10+00:00\" \/>\n<meta property=\"og:image\" content=\"https:\/\/cocemfevalencia.org\/wp-content\/uploads\/2019\/04\/WhatsApp-Image-2019-04-15-at-11.16.09.jpeg\" \/>\n\t<meta property=\"og:image:width\" content=\"1024\" \/>\n\t<meta property=\"og:image:height\" content=\"768\" \/>\n\t<meta property=\"og:image:type\" content=\"image\/jpeg\" \/>\n<meta name=\"author\" content=\"COCEMFE VALENCIA\" \/>\n<meta name=\"twitter:card\" content=\"summary_large_image\" \/>\n<meta name=\"twitter:creator\" content=\"@COCEMFEValencia\" \/>\n<meta name=\"twitter:site\" content=\"@COCEMFEValencia\" \/>\n<meta name=\"twitter:label1\" content=\"Escrito por\" \/>\n\t<meta name=\"twitter:data1\" content=\"COCEMFE VALENCIA\" \/>\n\t<meta name=\"twitter:label2\" content=\"Tiempo de lectura\" \/>\n\t<meta name=\"twitter:data2\" content=\"1 minuto\" \/>\n<script type=\"application\/ld+json\" class=\"yoast-schema-graph\">{\"@context\":\"https:\\\/\\\/schema.org\",\"@graph\":[{\"@type\":\"Article\",\"@id\":\"https:\\\/\\\/cocemfevalencia.org\\\/es\\\/cocemfe-valencia-i-ortoprono-firmen-un-conveni\\\/#article\",\"isPartOf\":{\"@id\":\"https:\\\/\\\/cocemfevalencia.org\\\/es\\\/cocemfe-valencia-i-ortoprono-firmen-un-conveni\\\/\"},\"author\":{\"name\":\"COCEMFE VALENCIA\",\"@id\":\"https:\\\/\\\/cocemfevalencia.org\\\/es\\\/#\\\/schema\\\/person\\\/e31a24227ccbc918e2c80add51990ad7\"},\"headline\":\"COCEMFE Val\u00e8ncia i ORTOPRONO firmen un conveni de col\u00b7laboraci\u00f3.\",\"datePublished\":\"2019-04-15T11:25:10+00:00\",\"mainEntityOfPage\":{\"@id\":\"https:\\\/\\\/cocemfevalencia.org\\\/es\\\/cocemfe-valencia-i-ortoprono-firmen-un-conveni\\\/\"},\"wordCount\":144,\"publisher\":{\"@id\":\"https:\\\/\\\/cocemfevalencia.org\\\/es\\\/#organization\"},\"image\":{\"@id\":\"https:\\\/\\\/cocemfevalencia.org\\\/es\\\/cocemfe-valencia-i-ortoprono-firmen-un-conveni\\\/#primaryimage\"},\"thumbnailUrl\":\"https:\\\/\\\/cocemfevalencia.org\\\/wp-content\\\/uploads\\\/2019\\\/04\\\/WhatsApp-Image-2019-04-15-at-11.16.09.jpeg\",\"keywords\":[\"CONVENIO\",\"discapacidad\",\"ortopedia\",\"Ortoprono\"],\"articleSection\":[\"Not\u00edcies\"],\"inLanguage\":\"es\"},{\"@type\":\"WebPage\",\"@id\":\"https:\\\/\\\/cocemfevalencia.org\\\/es\\\/cocemfe-valencia-i-ortoprono-firmen-un-conveni\\\/\",\"url\":\"https:\\\/\\\/cocemfevalencia.org\\\/es\\\/cocemfe-valencia-i-ortoprono-firmen-un-conveni\\\/\",\"name\":\"COCEMFE Val\u00e8ncia i ORTOPRONO firmen un conveni de col\u00b7laboraci\u00f3. - Cocemfe Valencia\",\"isPartOf\":{\"@id\":\"https:\\\/\\\/cocemfevalencia.org\\\/es\\\/#website\"},\"primaryImageOfPage\":{\"@id\":\"https:\\\/\\\/cocemfevalencia.org\\\/es\\\/cocemfe-valencia-i-ortoprono-firmen-un-conveni\\\/#primaryimage\"},\"image\":{\"@id\":\"https:\\\/\\\/cocemfevalencia.org\\\/es\\\/cocemfe-valencia-i-ortoprono-firmen-un-conveni\\\/#primaryimage\"},\"thumbnailUrl\":\"https:\\\/\\\/cocemfevalencia.org\\\/wp-content\\\/uploads\\\/2019\\\/04\\\/WhatsApp-Image-2019-04-15-at-11.16.09.jpeg\",\"datePublished\":\"2019-04-15T11:25:10+00:00\",\"breadcrumb\":{\"@id\":\"https:\\\/\\\/cocemfevalencia.org\\\/es\\\/cocemfe-valencia-i-ortoprono-firmen-un-conveni\\\/#breadcrumb\"},\"inLanguage\":\"es\",\"potentialAction\":[{\"@type\":\"ReadAction\",\"target\":[\"https:\\\/\\\/cocemfevalencia.org\\\/es\\\/cocemfe-valencia-i-ortoprono-firmen-un-conveni\\\/\"]}]},{\"@type\":\"ImageObject\",\"inLanguage\":\"es\",\"@id\":\"https:\\\/\\\/cocemfevalencia.org\\\/es\\\/cocemfe-valencia-i-ortoprono-firmen-un-conveni\\\/#primaryimage\",\"url\":\"https:\\\/\\\/cocemfevalencia.org\\\/wp-content\\\/uploads\\\/2019\\\/04\\\/WhatsApp-Image-2019-04-15-at-11.16.09.jpeg\",\"contentUrl\":\"https:\\\/\\\/cocemfevalencia.org\\\/wp-content\\\/uploads\\\/2019\\\/04\\\/WhatsApp-Image-2019-04-15-at-11.16.09.jpeg\",\"width\":1024,\"height\":768},{\"@type\":\"BreadcrumbList\",\"@id\":\"https:\\\/\\\/cocemfevalencia.org\\\/es\\\/cocemfe-valencia-i-ortoprono-firmen-un-conveni\\\/#breadcrumb\",\"itemListElement\":[{\"@type\":\"ListItem\",\"position\":1,\"name\":\"Portada\",\"item\":\"https:\\\/\\\/cocemfevalencia.org\\\/es\\\/\"},{\"@type\":\"ListItem\",\"position\":2,\"name\":\"COCEMFE Val\u00e8ncia i ORTOPRONO firmen un conveni de col\u00b7laboraci\u00f3.\"}]},{\"@type\":\"WebSite\",\"@id\":\"https:\\\/\\\/cocemfevalencia.org\\\/es\\\/#website\",\"url\":\"https:\\\/\\\/cocemfevalencia.org\\\/es\\\/\",\"name\":\"Cocemfe Valencia\",\"description\":\"FEDERACI\u00d3N DE ASOCIACIONES DE PERSONAS CON DISCAPACIDAD F\u00cdSICA Y ORG\u00c1NICA DE LA PROV\u00cdNCIA DE VALENCIA\",\"publisher\":{\"@id\":\"https:\\\/\\\/cocemfevalencia.org\\\/es\\\/#organization\"},\"potentialAction\":[{\"@type\":\"SearchAction\",\"target\":{\"@type\":\"EntryPoint\",\"urlTemplate\":\"https:\\\/\\\/cocemfevalencia.org\\\/es\\\/?s={search_term_string}\"},\"query-input\":{\"@type\":\"PropertyValueSpecification\",\"valueRequired\":true,\"valueName\":\"search_term_string\"}}],\"inLanguage\":\"es\"},{\"@type\":\"Organization\",\"@id\":\"https:\\\/\\\/cocemfevalencia.org\\\/es\\\/#organization\",\"name\":\"Cocemfe Valencia\",\"url\":\"https:\\\/\\\/cocemfevalencia.org\\\/es\\\/\",\"logo\":{\"@type\":\"ImageObject\",\"inLanguage\":\"es\",\"@id\":\"https:\\\/\\\/cocemfevalencia.org\\\/es\\\/#\\\/schema\\\/logo\\\/image\\\/\",\"url\":\"https:\\\/\\\/cocemfevalencia.org\\\/wp-content\\\/uploads\\\/2023\\\/03\\\/0312-Horizontal-una-linea-larga-rgb-positivo-Tricolor.png\",\"contentUrl\":\"https:\\\/\\\/cocemfevalencia.org\\\/wp-content\\\/uploads\\\/2023\\\/03\\\/0312-Horizontal-una-linea-larga-rgb-positivo-Tricolor.png\",\"width\":2334,\"height\":613,\"caption\":\"Cocemfe Valencia\"},\"image\":{\"@id\":\"https:\\\/\\\/cocemfevalencia.org\\\/es\\\/#\\\/schema\\\/logo\\\/image\\\/\"},\"sameAs\":[\"https:\\\/\\\/www.facebook.com\\\/cocemfe.valencia\",\"https:\\\/\\\/x.com\\\/COCEMFEValencia\"]},{\"@type\":\"Person\",\"@id\":\"https:\\\/\\\/cocemfevalencia.org\\\/es\\\/#\\\/schema\\\/person\\\/e31a24227ccbc918e2c80add51990ad7\",\"name\":\"COCEMFE VALENCIA\",\"image\":{\"@type\":\"ImageObject\",\"inLanguage\":\"es\",\"@id\":\"https:\\\/\\\/secure.gravatar.com\\\/avatar\\\/81dd2ced4591577d70433bbfde65ba3f931e09f5cb4ca8c890817c47789b47f0?s=96&d=mm&r=g\",\"url\":\"https:\\\/\\\/secure.gravatar.com\\\/avatar\\\/81dd2ced4591577d70433bbfde65ba3f931e09f5cb4ca8c890817c47789b47f0?s=96&d=mm&r=g\",\"contentUrl\":\"https:\\\/\\\/secure.gravatar.com\\\/avatar\\\/81dd2ced4591577d70433bbfde65ba3f931e09f5cb4ca8c890817c47789b47f0?s=96&d=mm&r=g\",\"caption\":\"COCEMFE VALENCIA\"}}]}<\/script>\n<!-- \/ Yoast SEO plugin. -->","yoast_head_json":{"title":"COCEMFE Val\u00e8ncia i ORTOPRONO firmen un conveni de col\u00b7laboraci\u00f3. - Cocemfe Valencia","robots":{"index":"index","follow":"follow","max-snippet":"max-snippet:-1","max-image-preview":"max-image-preview:large","max-video-preview":"max-video-preview:-1"},"canonical":"https:\/\/cocemfevalencia.org\/es\/cocemfe-valencia-i-ortoprono-firmen-un-conveni\/","og_locale":"es_ES","og_type":"article","og_title":"COCEMFE Val\u00e8ncia i ORTOPRONO firmen un conveni de col\u00b7laboraci\u00f3. - Cocemfe Valencia","og_description":"El president de COCEMFE Val\u00e8ncia Juan Mond\u00e9jar i el director general d&#8217;Ortoprono Jos\u00e9 Bernando Noblejas , han firmat este mat\u00ed un Conveni de col\u00b7laboraci\u00f3 entre ambd\u00f3s entitats. En el conveni es reflectix la cobertura de les necessitats de productes i servicis d&#8217;ortop\u00e8dia entre les persones associades d&#8217;associacions de COCEMFE Val\u00e8ncia, aix\u00ed com la promoci\u00f3 de&hellip;&nbsp;Leer m\u00e1s &raquo;COCEMFE Val\u00e8ncia i ORTOPRONO firmen un conveni de col\u00b7laboraci\u00f3.","og_url":"https:\/\/cocemfevalencia.org\/es\/cocemfe-valencia-i-ortoprono-firmen-un-conveni\/","og_site_name":"Cocemfe Valencia","article_publisher":"https:\/\/www.facebook.com\/cocemfe.valencia","article_published_time":"2019-04-15T11:25:10+00:00","og_image":[{"width":1024,"height":768,"url":"https:\/\/cocemfevalencia.org\/wp-content\/uploads\/2019\/04\/WhatsApp-Image-2019-04-15-at-11.16.09.jpeg","type":"image\/jpeg"}],"author":"COCEMFE VALENCIA","twitter_card":"summary_large_image","twitter_creator":"@COCEMFEValencia","twitter_site":"@COCEMFEValencia","twitter_misc":{"Escrito por":"COCEMFE VALENCIA","Tiempo de lectura":"1 minuto"},"schema":{"@context":"https:\/\/schema.org","@graph":[{"@type":"Article","@id":"https:\/\/cocemfevalencia.org\/es\/cocemfe-valencia-i-ortoprono-firmen-un-conveni\/#article","isPartOf":{"@id":"https:\/\/cocemfevalencia.org\/es\/cocemfe-valencia-i-ortoprono-firmen-un-conveni\/"},"author":{"name":"COCEMFE VALENCIA","@id":"https:\/\/cocemfevalencia.org\/es\/#\/schema\/person\/e31a24227ccbc918e2c80add51990ad7"},"headline":"COCEMFE Val\u00e8ncia i ORTOPRONO firmen un conveni de col\u00b7laboraci\u00f3.","datePublished":"2019-04-15T11:25:10+00:00","mainEntityOfPage":{"@id":"https:\/\/cocemfevalencia.org\/es\/cocemfe-valencia-i-ortoprono-firmen-un-conveni\/"},"wordCount":144,"publisher":{"@id":"https:\/\/cocemfevalencia.org\/es\/#organization"},"image":{"@id":"https:\/\/cocemfevalencia.org\/es\/cocemfe-valencia-i-ortoprono-firmen-un-conveni\/#primaryimage"},"thumbnailUrl":"https:\/\/cocemfevalencia.org\/wp-content\/uploads\/2019\/04\/WhatsApp-Image-2019-04-15-at-11.16.09.jpeg","keywords":["CONVENIO","discapacidad","ortopedia","Ortoprono"],"articleSection":["Not\u00edcies"],"inLanguage":"es"},{"@type":"WebPage","@id":"https:\/\/cocemfevalencia.org\/es\/cocemfe-valencia-i-ortoprono-firmen-un-conveni\/","url":"https:\/\/cocemfevalencia.org\/es\/cocemfe-valencia-i-ortoprono-firmen-un-conveni\/","name":"COCEMFE Val\u00e8ncia i ORTOPRONO firmen un conveni de col\u00b7laboraci\u00f3. - Cocemfe Valencia","isPartOf":{"@id":"https:\/\/cocemfevalencia.org\/es\/#website"},"primaryImageOfPage":{"@id":"https:\/\/cocemfevalencia.org\/es\/cocemfe-valencia-i-ortoprono-firmen-un-conveni\/#primaryimage"},"image":{"@id":"https:\/\/cocemfevalencia.org\/es\/cocemfe-valencia-i-ortoprono-firmen-un-conveni\/#primaryimage"},"thumbnailUrl":"https:\/\/cocemfevalencia.org\/wp-content\/uploads\/2019\/04\/WhatsApp-Image-2019-04-15-at-11.16.09.jpeg","datePublished":"2019-04-15T11:25:10+00:00","breadcrumb":{"@id":"https:\/\/cocemfevalencia.org\/es\/cocemfe-valencia-i-ortoprono-firmen-un-conveni\/#breadcrumb"},"inLanguage":"es","potentialAction":[{"@type":"ReadAction","target":["https:\/\/cocemfevalencia.org\/es\/cocemfe-valencia-i-ortoprono-firmen-un-conveni\/"]}]},{"@type":"ImageObject","inLanguage":"es","@id":"https:\/\/cocemfevalencia.org\/es\/cocemfe-valencia-i-ortoprono-firmen-un-conveni\/#primaryimage","url":"https:\/\/cocemfevalencia.org\/wp-content\/uploads\/2019\/04\/WhatsApp-Image-2019-04-15-at-11.16.09.jpeg","contentUrl":"https:\/\/cocemfevalencia.org\/wp-content\/uploads\/2019\/04\/WhatsApp-Image-2019-04-15-at-11.16.09.jpeg","width":1024,"height":768},{"@type":"BreadcrumbList","@id":"https:\/\/cocemfevalencia.org\/es\/cocemfe-valencia-i-ortoprono-firmen-un-conveni\/#breadcrumb","itemListElement":[{"@type":"ListItem","position":1,"name":"Portada","item":"https:\/\/cocemfevalencia.org\/es\/"},{"@type":"ListItem","position":2,"name":"COCEMFE Val\u00e8ncia i ORTOPRONO firmen un conveni de col\u00b7laboraci\u00f3."}]},{"@type":"WebSite","@id":"https:\/\/cocemfevalencia.org\/es\/#website","url":"https:\/\/cocemfevalencia.org\/es\/","name":"Cocemfe Valencia","description":"FEDERACI\u00d3N DE ASOCIACIONES DE PERSONAS CON DISCAPACIDAD F\u00cdSICA Y ORG\u00c1NICA DE LA PROV\u00cdNCIA DE VALENCIA","publisher":{"@id":"https:\/\/cocemfevalencia.org\/es\/#organization"},"potentialAction":[{"@type":"SearchAction","target":{"@type":"EntryPoint","urlTemplate":"https:\/\/cocemfevalencia.org\/es\/?s={search_term_string}"},"query-input":{"@type":"PropertyValueSpecification","valueRequired":true,"valueName":"search_term_string"}}],"inLanguage":"es"},{"@type":"Organization","@id":"https:\/\/cocemfevalencia.org\/es\/#organization","name":"Cocemfe Valencia","url":"https:\/\/cocemfevalencia.org\/es\/","logo":{"@type":"ImageObject","inLanguage":"es","@id":"https:\/\/cocemfevalencia.org\/es\/#\/schema\/logo\/image\/","url":"https:\/\/cocemfevalencia.org\/wp-content\/uploads\/2023\/03\/0312-Horizontal-una-linea-larga-rgb-positivo-Tricolor.png","contentUrl":"https:\/\/cocemfevalencia.org\/wp-content\/uploads\/2023\/03\/0312-Horizontal-una-linea-larga-rgb-positivo-Tricolor.png","width":2334,"height":613,"caption":"Cocemfe Valencia"},"image":{"@id":"https:\/\/cocemfevalencia.org\/es\/#\/schema\/logo\/image\/"},"sameAs":["https:\/\/www.facebook.com\/cocemfe.valencia","https:\/\/x.com\/COCEMFEValencia"]},{"@type":"Person","@id":"https:\/\/cocemfevalencia.org\/es\/#\/schema\/person\/e31a24227ccbc918e2c80add51990ad7","name":"COCEMFE VALENCIA","image":{"@type":"ImageObject","inLanguage":"es","@id":"https:\/\/secure.gravatar.com\/avatar\/81dd2ced4591577d70433bbfde65ba3f931e09f5cb4ca8c890817c47789b47f0?s=96&d=mm&r=g","url":"https:\/\/secure.gravatar.com\/avatar\/81dd2ced4591577d70433bbfde65ba3f931e09f5cb4ca8c890817c47789b47f0?s=96&d=mm&r=g","contentUrl":"https:\/\/secure.gravatar.com\/avatar\/81dd2ced4591577d70433bbfde65ba3f931e09f5cb4ca8c890817c47789b47f0?s=96&d=mm&r=g","caption":"COCEMFE VALENCIA"}}]}},"_links":{"self":[{"href":"https:\/\/cocemfevalencia.org\/es\/wp-json\/wp\/v2\/posts\/2889","targetHints":{"allow":["GET"]}}],"collection":[{"href":"https:\/\/cocemfevalencia.org\/es\/wp-json\/wp\/v2\/posts"}],"about":[{"href":"https:\/\/cocemfevalencia.org\/es\/wp-json\/wp\/v2\/types\/post"}],"author":[{"embeddable":true,"href":"https:\/\/cocemfevalencia.org\/es\/wp-json\/wp\/v2\/users\/3"}],"replies":[{"embeddable":true,"href":"https:\/\/cocemfevalencia.org\/es\/wp-json\/wp\/v2\/comments?post=2889"}],"version-history":[{"count":0,"href":"https:\/\/cocemfevalencia.org\/es\/wp-json\/wp\/v2\/posts\/2889\/revisions"}],"wp:featuredmedia":[{"embeddable":true,"href":"https:\/\/cocemfevalencia.org\/es\/wp-json\/wp\/v2\/media\/2890"}],"wp:attachment":[{"href":"https:\/\/cocemfevalencia.org\/es\/wp-json\/wp\/v2\/media?parent=2889"}],"wp:term":[{"taxonomy":"category","embeddable":true,"href":"https:\/\/cocemfevalencia.org\/es\/wp-json\/wp\/v2\/categories?post=2889"},{"taxonomy":"post_tag","embeddable":true,"href":"https:\/\/cocemfevalencia.org\/es\/wp-json\/wp\/v2\/tags?post=2889"}],"curies":[{"name":"wp","href":"https:\/\/api.w.org\/{rel}","templated":true}]}}