{"id":3427,"date":"2019-07-29T09:20:21","date_gmt":"2019-07-29T07:20:21","guid":{"rendered":"http:\/\/cocemfevalencia.org\/?p=3427"},"modified":"2019-07-29T09:20:21","modified_gmt":"2019-07-29T07:20:21","slug":"cocemfe-valencia-firma-conveni-de-col-laboracio-amb-adams-formacio","status":"publish","type":"post","link":"https:\/\/cocemfevalencia.org\/es\/cocemfe-valencia-firma-conveni-de-col-laboracio-amb-adams-formacio\/","title":{"rendered":"COCEMFE Val\u00e8ncia firma conveni de col.laboraci\u00f3 amb Adams Formaci\u00f3"},"content":{"rendered":"\t\t<div data-elementor-type=\"wp-post\" data-elementor-id=\"3427\" class=\"elementor elementor-3427\" data-elementor-post-type=\"post\">\n\t\t\t\t\t\t<section class=\"elementor-section elementor-top-section elementor-element elementor-element-fbb88d4 elementor-section-boxed elementor-section-height-default elementor-section-height-default\" data-id=\"fbb88d4\" data-element_type=\"section\" data-e-type=\"section\">\n\t\t\t\t\t\t<div class=\"elementor-container elementor-column-gap-default\">\n\t\t\t\t\t<div class=\"elementor-column elementor-col-50 elementor-top-column elementor-element elementor-element-094794b\" data-id=\"094794b\" data-element_type=\"column\" data-e-type=\"column\">\n\t\t\t<div class=\"elementor-widget-wrap elementor-element-populated\">\n\t\t\t\t\t\t<div class=\"elementor-element elementor-element-9c77e86 elementor-widget elementor-widget-image\" data-id=\"9c77e86\" data-element_type=\"widget\" data-e-type=\"widget\" data-widget_type=\"image.default\">\n\t\t\t\t<div class=\"elementor-widget-container\">\n\t\t\t\t\t\t\t\t\t\t\t\t\t\t\t<img fetchpriority=\"high\" decoding=\"async\" width=\"768\" height=\"1024\" src=\"https:\/\/cocemfevalencia.org\/wp-content\/uploads\/2019\/07\/IMG-0322-e1564383905544-768x1024.jpg\" class=\"attachment-large size-large wp-image-3430\" alt=\"\" srcset=\"https:\/\/cocemfevalencia.org\/wp-content\/uploads\/2019\/07\/IMG-0322-e1564383905544-768x1024.jpg 768w, https:\/\/cocemfevalencia.org\/wp-content\/uploads\/2019\/07\/IMG-0322-e1564383905544-225x300.jpg 225w, https:\/\/cocemfevalencia.org\/wp-content\/uploads\/2019\/07\/IMG-0322-e1564383905544-1152x1536.jpg 1152w, https:\/\/cocemfevalencia.org\/wp-content\/uploads\/2019\/07\/IMG-0322-e1564383905544-1536x2048.jpg 1536w, https:\/\/cocemfevalencia.org\/wp-content\/uploads\/2019\/07\/IMG-0322-e1564383905544-scaled.jpg 1920w\" sizes=\"(max-width: 768px) 100vw, 768px\" \/>\t\t\t\t\t\t\t\t\t\t\t\t\t\t\t<\/div>\n\t\t\t\t<\/div>\n\t\t\t\t\t<\/div>\n\t\t<\/div>\n\t\t\t\t<div class=\"elementor-column elementor-col-50 elementor-top-column elementor-element elementor-element-553d84f\" data-id=\"553d84f\" data-element_type=\"column\" data-e-type=\"column\">\n\t\t\t<div class=\"elementor-widget-wrap elementor-element-populated\">\n\t\t\t\t\t\t<div class=\"elementor-element elementor-element-1747f5c elementor-widget elementor-widget-text-editor\" data-id=\"1747f5c\" data-element_type=\"widget\" data-e-type=\"widget\" data-widget_type=\"text-editor.default\">\n\t\t\t\t<div class=\"elementor-widget-container\">\n\t\t\t\t\t\t\t\t\t<p>El president de COCEMFE Val\u00e8ncia Pascual Castell\u00f3 i el Director d&#8217;Adams Formaci\u00f3n Val\u00e8ncia Salvador Penad\u00e9s han signat recentment un Conveni de col\u00b7laboraci\u00f3 entre totes dues entitats amb l&#8217;objectiu de beneficiar els associats a les entitats federades a COCEMFE Val\u00e8ncia.\u00a0<\/p><p>Adams \u00e9s un centre de formaci\u00f3 referent a Val\u00e8ncia, especialitzats en la preparaci\u00f3 per a oposicions del sector p\u00fablic tant presencial com online i formaci\u00f3 per a persones desocupades.<\/p><p>Pascual Castell\u00f3 destaca la necessitat d&#8217;acostar l&#8217;Ocupaci\u00f3 P\u00fablica al nostre col\u00b7lectiu, com una via m\u00e9s d&#8217;acc\u00e9s a l&#8217;ocupaci\u00f3. Aquest tipus de convocat\u00f2ries passa per un excel\u00b7lent moment i \u00e9s una interessant via per a aconseguir un treball estable en l&#8217;Administraci\u00f3. A les nombroses places auton\u00f2miques, locals i estatals, oferides per les diferents Administracions, s&#8217;uneixen bones previsions i continu\u00eftat per als pr\u00f2xims anys<\/p><p>Dins del conveni trobem descomptes tant en matr\u00edcula com en material necessari per a la preparaci\u00f3 d&#8217;oposicions.<\/p><p>Concretament, Adams Formaci\u00f3n, ofereix 3 beques anuals a persones usu\u00e0ries o associades que estiguen interessades en opositar.<\/p><p>Tamb\u00e9 ofereixen un servei d&#8217;assessorament especialitzat i una oferta de formaci\u00f3\u00a0gratu\u00efta \u00a0\u00e0mplia per a la millora de l&#8217;ocupabilitat del col\u00b7lectiu.<\/p>\t\t\t\t\t\t\t\t<\/div>\n\t\t\t\t<\/div>\n\t\t\t\t\t<\/div>\n\t\t<\/div>\n\t\t\t\t\t<\/div>\n\t\t<\/section>\n\t\t\t\t<section class=\"elementor-section elementor-top-section elementor-element elementor-element-3647e97 elementor-section-boxed elementor-section-height-default elementor-section-height-default\" data-id=\"3647e97\" data-element_type=\"section\" data-e-type=\"section\">\n\t\t\t\t\t\t<div class=\"elementor-container elementor-column-gap-default\">\n\t\t\t\t\t<div class=\"elementor-column elementor-col-100 elementor-top-column elementor-element elementor-element-da4af51\" data-id=\"da4af51\" data-element_type=\"column\" data-e-type=\"column\">\n\t\t\t<div class=\"elementor-widget-wrap elementor-element-populated\">\n\t\t\t\t\t\t<div class=\"elementor-element elementor-element-c483f28 elementor-widget elementor-widget-text-editor\" data-id=\"c483f28\" data-element_type=\"widget\" data-e-type=\"widget\" data-widget_type=\"text-editor.default\">\n\t\t\t\t<div class=\"elementor-widget-container\">\n\t\t\t\t\t\t\t\t\t<p>Un altre punt important del conveni, \u00e9s el comprom\u00eds per part de l&#8217;empresa d&#8217;apostar per la contractaci\u00f3 de persones amb certificat de discapacitat. En les pr\u00f2ximes setmanes es realitzar\u00e0 una campanya de difusi\u00f3 per part de COCEMFE Val\u00e8ncia per a fer arribar tota la informaci\u00f3 necess\u00e0ria a les Associacions de com poder accedir als avantatges signats per totes dues entitats.<\/p>\t\t\t\t\t\t\t\t<\/div>\n\t\t\t\t<\/div>\n\t\t\t\t\t<\/div>\n\t\t<\/div>\n\t\t\t\t\t<\/div>\n\t\t<\/section>\n\t\t\t\t<section class=\"elementor-section elementor-top-section elementor-element elementor-element-8517d21 elementor-section-boxed elementor-section-height-default elementor-section-height-default\" data-id=\"8517d21\" data-element_type=\"section\" data-e-type=\"section\">\n\t\t\t\t\t\t<div class=\"elementor-container elementor-column-gap-default\">\n\t\t\t\t\t<div class=\"elementor-column elementor-col-50 elementor-top-column elementor-element elementor-element-d69d8e3\" data-id=\"d69d8e3\" data-element_type=\"column\" data-e-type=\"column\">\n\t\t\t<div class=\"elementor-widget-wrap elementor-element-populated\">\n\t\t\t\t\t\t<div class=\"elementor-element elementor-element-3127cbd elementor-widget elementor-widget-image\" data-id=\"3127cbd\" data-element_type=\"widget\" data-e-type=\"widget\" data-widget_type=\"image.default\">\n\t\t\t\t<div class=\"elementor-widget-container\">\n\t\t\t\t\t\t\t\t\t\t\t\t\t\t\t<img decoding=\"async\" width=\"235\" height=\"215\" src=\"https:\/\/cocemfevalencia.org\/wp-content\/uploads\/2019\/07\/logo-adams.jpg.pagespeed.ce_.1LULPyrAVl.jpg\" class=\"attachment-large size-large wp-image-3436\" alt=\"\" \/>\t\t\t\t\t\t\t\t\t\t\t\t\t\t\t<\/div>\n\t\t\t\t<\/div>\n\t\t\t\t\t<\/div>\n\t\t<\/div>\n\t\t\t\t<div class=\"elementor-column elementor-col-50 elementor-top-column elementor-element elementor-element-5949720\" data-id=\"5949720\" data-element_type=\"column\" data-e-type=\"column\">\n\t\t\t<div class=\"elementor-widget-wrap elementor-element-populated\">\n\t\t\t\t\t\t<div class=\"elementor-element elementor-element-bd9ce06 elementor-widget elementor-widget-image\" data-id=\"bd9ce06\" data-element_type=\"widget\" data-e-type=\"widget\" data-widget_type=\"image.default\">\n\t\t\t\t<div class=\"elementor-widget-container\">\n\t\t\t\t\t\t\t\t\t\t\t\t\t\t\t<img decoding=\"async\" width=\"300\" height=\"274\" src=\"https:\/\/cocemfevalencia.org\/wp-content\/uploads\/2019\/07\/logo-vectorizadoCOCEMFE-300x274.png\" class=\"attachment-medium size-medium wp-image-3434\" alt=\"\" srcset=\"https:\/\/cocemfevalencia.org\/wp-content\/uploads\/2019\/07\/logo-vectorizadoCOCEMFE-300x274.png 300w, https:\/\/cocemfevalencia.org\/wp-content\/uploads\/2019\/07\/logo-vectorizadoCOCEMFE-1024x936.png 1024w, https:\/\/cocemfevalencia.org\/wp-content\/uploads\/2019\/07\/logo-vectorizadoCOCEMFE-768x702.png 768w, https:\/\/cocemfevalencia.org\/wp-content\/uploads\/2019\/07\/logo-vectorizadoCOCEMFE.png 1360w\" sizes=\"(max-width: 300px) 100vw, 300px\" \/>\t\t\t\t\t\t\t\t\t\t\t\t\t\t\t<\/div>\n\t\t\t\t<\/div>\n\t\t\t\t\t<\/div>\n\t\t<\/div>\n\t\t\t\t\t<\/div>\n\t\t<\/section>\n\t\t\t\t<\/div>\n\t\t<p>Visitas: 4<\/p>","protected":false},"excerpt":{"rendered":"<p>El president de COCEMFE Val\u00e8ncia Pascual Castell\u00f3 i el Director d&#8217;Adams Formaci\u00f3n Val\u00e8ncia Salvador Penad\u00e9s han signat recentment un Conveni de col\u00b7laboraci\u00f3 entre totes dues entitats amb l&#8217;objectiu de beneficiar els associats a les entitats federades a COCEMFE Val\u00e8ncia.\u00a0 Adams \u00e9s un centre de formaci\u00f3 referent a Val\u00e8ncia, especialitzats en la preparaci\u00f3 per a oposicions&hellip;&nbsp;<a href=\"https:\/\/cocemfevalencia.org\/es\/cocemfe-valencia-firma-conveni-de-col-laboracio-amb-adams-formacio\/\" rel=\"bookmark\">Leer m\u00e1s &raquo;<span class=\"screen-reader-text\">COCEMFE Val\u00e8ncia firma conveni de col.laboraci\u00f3 amb Adams Formaci\u00f3<\/span><\/a><\/p>\n","protected":false},"author":3,"featured_media":3428,"comment_status":"closed","ping_status":"closed","sticky":false,"template":"","format":"standard","meta":{"rop_custom_images_group":[],"rop_custom_messages_group":[],"rop_publish_now":"initial","rop_publish_now_accounts":[],"rop_publish_now_history":[],"rop_publish_now_status":"pending","neve_meta_sidebar":"","neve_meta_container":"","neve_meta_enable_content_width":"","neve_meta_content_width":0,"neve_meta_title_alignment":"","neve_meta_author_avatar":"","neve_post_elements_order":"","neve_meta_disable_header":"","neve_meta_disable_footer":"","neve_meta_disable_title":"","footnotes":""},"categories":[5],"tags":[],"class_list":["post-3427","post","type-post","status-publish","format-standard","has-post-thumbnail","hentry","category-noticias"],"yoast_head":"<!-- This site is optimized with the Yoast SEO plugin v27.3 - https:\/\/yoast.com\/product\/yoast-seo-wordpress\/ -->\n<title>COCEMFE Val\u00e8ncia firma conveni de col.laboraci\u00f3 amb Adams Formaci\u00f3 - Cocemfe Valencia<\/title>\n<meta name=\"robots\" content=\"index, follow, max-snippet:-1, max-image-preview:large, max-video-preview:-1\" \/>\n<link rel=\"canonical\" href=\"https:\/\/cocemfevalencia.org\/es\/cocemfe-valencia-firma-conveni-de-col-laboracio-amb-adams-formacio\/\" \/>\n<meta property=\"og:locale\" content=\"es_ES\" \/>\n<meta property=\"og:type\" content=\"article\" \/>\n<meta property=\"og:title\" content=\"COCEMFE Val\u00e8ncia firma conveni de col.laboraci\u00f3 amb Adams Formaci\u00f3 - Cocemfe Valencia\" \/>\n<meta property=\"og:description\" content=\"El president de COCEMFE Val\u00e8ncia Pascual Castell\u00f3 i el Director d&#8217;Adams Formaci\u00f3n Val\u00e8ncia Salvador Penad\u00e9s han signat recentment un Conveni de col\u00b7laboraci\u00f3 entre totes dues entitats amb l&#8217;objectiu de beneficiar els associats a les entitats federades a COCEMFE Val\u00e8ncia.\u00a0 Adams \u00e9s un centre de formaci\u00f3 referent a Val\u00e8ncia, especialitzats en la preparaci\u00f3 per a oposicions&hellip;&nbsp;Leer m\u00e1s &raquo;COCEMFE Val\u00e8ncia firma conveni de col.laboraci\u00f3 amb Adams Formaci\u00f3\" \/>\n<meta property=\"og:url\" content=\"https:\/\/cocemfevalencia.org\/es\/cocemfe-valencia-firma-conveni-de-col-laboracio-amb-adams-formacio\/\" \/>\n<meta property=\"og:site_name\" content=\"Cocemfe Valencia\" \/>\n<meta property=\"article:publisher\" content=\"https:\/\/www.facebook.com\/cocemfe.valencia\" \/>\n<meta property=\"article:published_time\" content=\"2019-07-29T07:20:21+00:00\" \/>\n<meta property=\"og:image\" content=\"https:\/\/cocemfevalencia.org\/wp-content\/uploads\/2019\/07\/IMG-0319-scaled.jpg\" \/>\n\t<meta property=\"og:image:width\" content=\"2560\" \/>\n\t<meta property=\"og:image:height\" content=\"1920\" \/>\n\t<meta property=\"og:image:type\" content=\"image\/jpeg\" \/>\n<meta name=\"author\" content=\"COCEMFE VALENCIA\" \/>\n<meta name=\"twitter:card\" content=\"summary_large_image\" \/>\n<meta name=\"twitter:creator\" content=\"@COCEMFEValencia\" \/>\n<meta name=\"twitter:site\" content=\"@COCEMFEValencia\" \/>\n<meta name=\"twitter:label1\" content=\"Escrito por\" \/>\n\t<meta name=\"twitter:data1\" content=\"COCEMFE VALENCIA\" \/>\n\t<meta name=\"twitter:label2\" content=\"Tiempo de lectura\" \/>\n\t<meta name=\"twitter:data2\" content=\"1 minuto\" \/>\n<script type=\"application\/ld+json\" class=\"yoast-schema-graph\">{\"@context\":\"https:\\\/\\\/schema.org\",\"@graph\":[{\"@type\":\"Article\",\"@id\":\"https:\\\/\\\/cocemfevalencia.org\\\/es\\\/cocemfe-valencia-firma-conveni-de-col-laboracio-amb-adams-formacio\\\/#article\",\"isPartOf\":{\"@id\":\"https:\\\/\\\/cocemfevalencia.org\\\/es\\\/cocemfe-valencia-firma-conveni-de-col-laboracio-amb-adams-formacio\\\/\"},\"author\":{\"name\":\"COCEMFE VALENCIA\",\"@id\":\"https:\\\/\\\/cocemfevalencia.org\\\/es\\\/#\\\/schema\\\/person\\\/e31a24227ccbc918e2c80add51990ad7\"},\"headline\":\"COCEMFE Val\u00e8ncia firma conveni de col.laboraci\u00f3 amb Adams Formaci\u00f3\",\"datePublished\":\"2019-07-29T07:20:21+00:00\",\"mainEntityOfPage\":{\"@id\":\"https:\\\/\\\/cocemfevalencia.org\\\/es\\\/cocemfe-valencia-firma-conveni-de-col-laboracio-amb-adams-formacio\\\/\"},\"wordCount\":281,\"publisher\":{\"@id\":\"https:\\\/\\\/cocemfevalencia.org\\\/es\\\/#organization\"},\"image\":{\"@id\":\"https:\\\/\\\/cocemfevalencia.org\\\/es\\\/cocemfe-valencia-firma-conveni-de-col-laboracio-amb-adams-formacio\\\/#primaryimage\"},\"thumbnailUrl\":\"https:\\\/\\\/cocemfevalencia.org\\\/wp-content\\\/uploads\\\/2019\\\/07\\\/IMG-0319-scaled.jpg\",\"articleSection\":[\"Not\u00edcies\"],\"inLanguage\":\"es\"},{\"@type\":\"WebPage\",\"@id\":\"https:\\\/\\\/cocemfevalencia.org\\\/es\\\/cocemfe-valencia-firma-conveni-de-col-laboracio-amb-adams-formacio\\\/\",\"url\":\"https:\\\/\\\/cocemfevalencia.org\\\/es\\\/cocemfe-valencia-firma-conveni-de-col-laboracio-amb-adams-formacio\\\/\",\"name\":\"COCEMFE Val\u00e8ncia firma conveni de col.laboraci\u00f3 amb Adams Formaci\u00f3 - Cocemfe Valencia\",\"isPartOf\":{\"@id\":\"https:\\\/\\\/cocemfevalencia.org\\\/es\\\/#website\"},\"primaryImageOfPage\":{\"@id\":\"https:\\\/\\\/cocemfevalencia.org\\\/es\\\/cocemfe-valencia-firma-conveni-de-col-laboracio-amb-adams-formacio\\\/#primaryimage\"},\"image\":{\"@id\":\"https:\\\/\\\/cocemfevalencia.org\\\/es\\\/cocemfe-valencia-firma-conveni-de-col-laboracio-amb-adams-formacio\\\/#primaryimage\"},\"thumbnailUrl\":\"https:\\\/\\\/cocemfevalencia.org\\\/wp-content\\\/uploads\\\/2019\\\/07\\\/IMG-0319-scaled.jpg\",\"datePublished\":\"2019-07-29T07:20:21+00:00\",\"breadcrumb\":{\"@id\":\"https:\\\/\\\/cocemfevalencia.org\\\/es\\\/cocemfe-valencia-firma-conveni-de-col-laboracio-amb-adams-formacio\\\/#breadcrumb\"},\"inLanguage\":\"es\",\"potentialAction\":[{\"@type\":\"ReadAction\",\"target\":[\"https:\\\/\\\/cocemfevalencia.org\\\/es\\\/cocemfe-valencia-firma-conveni-de-col-laboracio-amb-adams-formacio\\\/\"]}]},{\"@type\":\"ImageObject\",\"inLanguage\":\"es\",\"@id\":\"https:\\\/\\\/cocemfevalencia.org\\\/es\\\/cocemfe-valencia-firma-conveni-de-col-laboracio-amb-adams-formacio\\\/#primaryimage\",\"url\":\"https:\\\/\\\/cocemfevalencia.org\\\/wp-content\\\/uploads\\\/2019\\\/07\\\/IMG-0319-scaled.jpg\",\"contentUrl\":\"https:\\\/\\\/cocemfevalencia.org\\\/wp-content\\\/uploads\\\/2019\\\/07\\\/IMG-0319-scaled.jpg\",\"width\":2560,\"height\":1920},{\"@type\":\"BreadcrumbList\",\"@id\":\"https:\\\/\\\/cocemfevalencia.org\\\/es\\\/cocemfe-valencia-firma-conveni-de-col-laboracio-amb-adams-formacio\\\/#breadcrumb\",\"itemListElement\":[{\"@type\":\"ListItem\",\"position\":1,\"name\":\"Portada\",\"item\":\"https:\\\/\\\/cocemfevalencia.org\\\/es\\\/\"},{\"@type\":\"ListItem\",\"position\":2,\"name\":\"COCEMFE Val\u00e8ncia firma conveni de col.laboraci\u00f3 amb Adams Formaci\u00f3\"}]},{\"@type\":\"WebSite\",\"@id\":\"https:\\\/\\\/cocemfevalencia.org\\\/es\\\/#website\",\"url\":\"https:\\\/\\\/cocemfevalencia.org\\\/es\\\/\",\"name\":\"Cocemfe Valencia\",\"description\":\"FEDERACI\u00d3N DE ASOCIACIONES DE PERSONAS CON DISCAPACIDAD F\u00cdSICA Y ORG\u00c1NICA DE LA PROV\u00cdNCIA DE VALENCIA\",\"publisher\":{\"@id\":\"https:\\\/\\\/cocemfevalencia.org\\\/es\\\/#organization\"},\"potentialAction\":[{\"@type\":\"SearchAction\",\"target\":{\"@type\":\"EntryPoint\",\"urlTemplate\":\"https:\\\/\\\/cocemfevalencia.org\\\/es\\\/?s={search_term_string}\"},\"query-input\":{\"@type\":\"PropertyValueSpecification\",\"valueRequired\":true,\"valueName\":\"search_term_string\"}}],\"inLanguage\":\"es\"},{\"@type\":\"Organization\",\"@id\":\"https:\\\/\\\/cocemfevalencia.org\\\/es\\\/#organization\",\"name\":\"Cocemfe Valencia\",\"url\":\"https:\\\/\\\/cocemfevalencia.org\\\/es\\\/\",\"logo\":{\"@type\":\"ImageObject\",\"inLanguage\":\"es\",\"@id\":\"https:\\\/\\\/cocemfevalencia.org\\\/es\\\/#\\\/schema\\\/logo\\\/image\\\/\",\"url\":\"https:\\\/\\\/cocemfevalencia.org\\\/wp-content\\\/uploads\\\/2023\\\/03\\\/0312-Horizontal-una-linea-larga-rgb-positivo-Tricolor.png\",\"contentUrl\":\"https:\\\/\\\/cocemfevalencia.org\\\/wp-content\\\/uploads\\\/2023\\\/03\\\/0312-Horizontal-una-linea-larga-rgb-positivo-Tricolor.png\",\"width\":2334,\"height\":613,\"caption\":\"Cocemfe Valencia\"},\"image\":{\"@id\":\"https:\\\/\\\/cocemfevalencia.org\\\/es\\\/#\\\/schema\\\/logo\\\/image\\\/\"},\"sameAs\":[\"https:\\\/\\\/www.facebook.com\\\/cocemfe.valencia\",\"https:\\\/\\\/x.com\\\/COCEMFEValencia\"]},{\"@type\":\"Person\",\"@id\":\"https:\\\/\\\/cocemfevalencia.org\\\/es\\\/#\\\/schema\\\/person\\\/e31a24227ccbc918e2c80add51990ad7\",\"name\":\"COCEMFE VALENCIA\",\"image\":{\"@type\":\"ImageObject\",\"inLanguage\":\"es\",\"@id\":\"https:\\\/\\\/secure.gravatar.com\\\/avatar\\\/81dd2ced4591577d70433bbfde65ba3f931e09f5cb4ca8c890817c47789b47f0?s=96&d=mm&r=g\",\"url\":\"https:\\\/\\\/secure.gravatar.com\\\/avatar\\\/81dd2ced4591577d70433bbfde65ba3f931e09f5cb4ca8c890817c47789b47f0?s=96&d=mm&r=g\",\"contentUrl\":\"https:\\\/\\\/secure.gravatar.com\\\/avatar\\\/81dd2ced4591577d70433bbfde65ba3f931e09f5cb4ca8c890817c47789b47f0?s=96&d=mm&r=g\",\"caption\":\"COCEMFE VALENCIA\"}}]}<\/script>\n<!-- \/ Yoast SEO plugin. -->","yoast_head_json":{"title":"COCEMFE Val\u00e8ncia firma conveni de col.laboraci\u00f3 amb Adams Formaci\u00f3 - Cocemfe Valencia","robots":{"index":"index","follow":"follow","max-snippet":"max-snippet:-1","max-image-preview":"max-image-preview:large","max-video-preview":"max-video-preview:-1"},"canonical":"https:\/\/cocemfevalencia.org\/es\/cocemfe-valencia-firma-conveni-de-col-laboracio-amb-adams-formacio\/","og_locale":"es_ES","og_type":"article","og_title":"COCEMFE Val\u00e8ncia firma conveni de col.laboraci\u00f3 amb Adams Formaci\u00f3 - Cocemfe Valencia","og_description":"El president de COCEMFE Val\u00e8ncia Pascual Castell\u00f3 i el Director d&#8217;Adams Formaci\u00f3n Val\u00e8ncia Salvador Penad\u00e9s han signat recentment un Conveni de col\u00b7laboraci\u00f3 entre totes dues entitats amb l&#8217;objectiu de beneficiar els associats a les entitats federades a COCEMFE Val\u00e8ncia.\u00a0 Adams \u00e9s un centre de formaci\u00f3 referent a Val\u00e8ncia, especialitzats en la preparaci\u00f3 per a oposicions&hellip;&nbsp;Leer m\u00e1s &raquo;COCEMFE Val\u00e8ncia firma conveni de col.laboraci\u00f3 amb Adams Formaci\u00f3","og_url":"https:\/\/cocemfevalencia.org\/es\/cocemfe-valencia-firma-conveni-de-col-laboracio-amb-adams-formacio\/","og_site_name":"Cocemfe Valencia","article_publisher":"https:\/\/www.facebook.com\/cocemfe.valencia","article_published_time":"2019-07-29T07:20:21+00:00","og_image":[{"width":2560,"height":1920,"url":"https:\/\/cocemfevalencia.org\/wp-content\/uploads\/2019\/07\/IMG-0319-scaled.jpg","type":"image\/jpeg"}],"author":"COCEMFE VALENCIA","twitter_card":"summary_large_image","twitter_creator":"@COCEMFEValencia","twitter_site":"@COCEMFEValencia","twitter_misc":{"Escrito por":"COCEMFE VALENCIA","Tiempo de lectura":"1 minuto"},"schema":{"@context":"https:\/\/schema.org","@graph":[{"@type":"Article","@id":"https:\/\/cocemfevalencia.org\/es\/cocemfe-valencia-firma-conveni-de-col-laboracio-amb-adams-formacio\/#article","isPartOf":{"@id":"https:\/\/cocemfevalencia.org\/es\/cocemfe-valencia-firma-conveni-de-col-laboracio-amb-adams-formacio\/"},"author":{"name":"COCEMFE VALENCIA","@id":"https:\/\/cocemfevalencia.org\/es\/#\/schema\/person\/e31a24227ccbc918e2c80add51990ad7"},"headline":"COCEMFE Val\u00e8ncia firma conveni de col.laboraci\u00f3 amb Adams Formaci\u00f3","datePublished":"2019-07-29T07:20:21+00:00","mainEntityOfPage":{"@id":"https:\/\/cocemfevalencia.org\/es\/cocemfe-valencia-firma-conveni-de-col-laboracio-amb-adams-formacio\/"},"wordCount":281,"publisher":{"@id":"https:\/\/cocemfevalencia.org\/es\/#organization"},"image":{"@id":"https:\/\/cocemfevalencia.org\/es\/cocemfe-valencia-firma-conveni-de-col-laboracio-amb-adams-formacio\/#primaryimage"},"thumbnailUrl":"https:\/\/cocemfevalencia.org\/wp-content\/uploads\/2019\/07\/IMG-0319-scaled.jpg","articleSection":["Not\u00edcies"],"inLanguage":"es"},{"@type":"WebPage","@id":"https:\/\/cocemfevalencia.org\/es\/cocemfe-valencia-firma-conveni-de-col-laboracio-amb-adams-formacio\/","url":"https:\/\/cocemfevalencia.org\/es\/cocemfe-valencia-firma-conveni-de-col-laboracio-amb-adams-formacio\/","name":"COCEMFE Val\u00e8ncia firma conveni de col.laboraci\u00f3 amb Adams Formaci\u00f3 - Cocemfe Valencia","isPartOf":{"@id":"https:\/\/cocemfevalencia.org\/es\/#website"},"primaryImageOfPage":{"@id":"https:\/\/cocemfevalencia.org\/es\/cocemfe-valencia-firma-conveni-de-col-laboracio-amb-adams-formacio\/#primaryimage"},"image":{"@id":"https:\/\/cocemfevalencia.org\/es\/cocemfe-valencia-firma-conveni-de-col-laboracio-amb-adams-formacio\/#primaryimage"},"thumbnailUrl":"https:\/\/cocemfevalencia.org\/wp-content\/uploads\/2019\/07\/IMG-0319-scaled.jpg","datePublished":"2019-07-29T07:20:21+00:00","breadcrumb":{"@id":"https:\/\/cocemfevalencia.org\/es\/cocemfe-valencia-firma-conveni-de-col-laboracio-amb-adams-formacio\/#breadcrumb"},"inLanguage":"es","potentialAction":[{"@type":"ReadAction","target":["https:\/\/cocemfevalencia.org\/es\/cocemfe-valencia-firma-conveni-de-col-laboracio-amb-adams-formacio\/"]}]},{"@type":"ImageObject","inLanguage":"es","@id":"https:\/\/cocemfevalencia.org\/es\/cocemfe-valencia-firma-conveni-de-col-laboracio-amb-adams-formacio\/#primaryimage","url":"https:\/\/cocemfevalencia.org\/wp-content\/uploads\/2019\/07\/IMG-0319-scaled.jpg","contentUrl":"https:\/\/cocemfevalencia.org\/wp-content\/uploads\/2019\/07\/IMG-0319-scaled.jpg","width":2560,"height":1920},{"@type":"BreadcrumbList","@id":"https:\/\/cocemfevalencia.org\/es\/cocemfe-valencia-firma-conveni-de-col-laboracio-amb-adams-formacio\/#breadcrumb","itemListElement":[{"@type":"ListItem","position":1,"name":"Portada","item":"https:\/\/cocemfevalencia.org\/es\/"},{"@type":"ListItem","position":2,"name":"COCEMFE Val\u00e8ncia firma conveni de col.laboraci\u00f3 amb Adams Formaci\u00f3"}]},{"@type":"WebSite","@id":"https:\/\/cocemfevalencia.org\/es\/#website","url":"https:\/\/cocemfevalencia.org\/es\/","name":"Cocemfe Valencia","description":"FEDERACI\u00d3N DE ASOCIACIONES DE PERSONAS CON DISCAPACIDAD F\u00cdSICA Y ORG\u00c1NICA DE LA PROV\u00cdNCIA DE VALENCIA","publisher":{"@id":"https:\/\/cocemfevalencia.org\/es\/#organization"},"potentialAction":[{"@type":"SearchAction","target":{"@type":"EntryPoint","urlTemplate":"https:\/\/cocemfevalencia.org\/es\/?s={search_term_string}"},"query-input":{"@type":"PropertyValueSpecification","valueRequired":true,"valueName":"search_term_string"}}],"inLanguage":"es"},{"@type":"Organization","@id":"https:\/\/cocemfevalencia.org\/es\/#organization","name":"Cocemfe Valencia","url":"https:\/\/cocemfevalencia.org\/es\/","logo":{"@type":"ImageObject","inLanguage":"es","@id":"https:\/\/cocemfevalencia.org\/es\/#\/schema\/logo\/image\/","url":"https:\/\/cocemfevalencia.org\/wp-content\/uploads\/2023\/03\/0312-Horizontal-una-linea-larga-rgb-positivo-Tricolor.png","contentUrl":"https:\/\/cocemfevalencia.org\/wp-content\/uploads\/2023\/03\/0312-Horizontal-una-linea-larga-rgb-positivo-Tricolor.png","width":2334,"height":613,"caption":"Cocemfe Valencia"},"image":{"@id":"https:\/\/cocemfevalencia.org\/es\/#\/schema\/logo\/image\/"},"sameAs":["https:\/\/www.facebook.com\/cocemfe.valencia","https:\/\/x.com\/COCEMFEValencia"]},{"@type":"Person","@id":"https:\/\/cocemfevalencia.org\/es\/#\/schema\/person\/e31a24227ccbc918e2c80add51990ad7","name":"COCEMFE VALENCIA","image":{"@type":"ImageObject","inLanguage":"es","@id":"https:\/\/secure.gravatar.com\/avatar\/81dd2ced4591577d70433bbfde65ba3f931e09f5cb4ca8c890817c47789b47f0?s=96&d=mm&r=g","url":"https:\/\/secure.gravatar.com\/avatar\/81dd2ced4591577d70433bbfde65ba3f931e09f5cb4ca8c890817c47789b47f0?s=96&d=mm&r=g","contentUrl":"https:\/\/secure.gravatar.com\/avatar\/81dd2ced4591577d70433bbfde65ba3f931e09f5cb4ca8c890817c47789b47f0?s=96&d=mm&r=g","caption":"COCEMFE VALENCIA"}}]}},"_links":{"self":[{"href":"https:\/\/cocemfevalencia.org\/es\/wp-json\/wp\/v2\/posts\/3427","targetHints":{"allow":["GET"]}}],"collection":[{"href":"https:\/\/cocemfevalencia.org\/es\/wp-json\/wp\/v2\/posts"}],"about":[{"href":"https:\/\/cocemfevalencia.org\/es\/wp-json\/wp\/v2\/types\/post"}],"author":[{"embeddable":true,"href":"https:\/\/cocemfevalencia.org\/es\/wp-json\/wp\/v2\/users\/3"}],"replies":[{"embeddable":true,"href":"https:\/\/cocemfevalencia.org\/es\/wp-json\/wp\/v2\/comments?post=3427"}],"version-history":[{"count":0,"href":"https:\/\/cocemfevalencia.org\/es\/wp-json\/wp\/v2\/posts\/3427\/revisions"}],"wp:featuredmedia":[{"embeddable":true,"href":"https:\/\/cocemfevalencia.org\/es\/wp-json\/wp\/v2\/media\/3428"}],"wp:attachment":[{"href":"https:\/\/cocemfevalencia.org\/es\/wp-json\/wp\/v2\/media?parent=3427"}],"wp:term":[{"taxonomy":"category","embeddable":true,"href":"https:\/\/cocemfevalencia.org\/es\/wp-json\/wp\/v2\/categories?post=3427"},{"taxonomy":"post_tag","embeddable":true,"href":"https:\/\/cocemfevalencia.org\/es\/wp-json\/wp\/v2\/tags?post=3427"}],"curies":[{"name":"wp","href":"https:\/\/api.w.org\/{rel}","templated":true}]}}