{"id":3458,"date":"2019-08-01T13:23:31","date_gmt":"2019-08-01T11:23:31","guid":{"rendered":"http:\/\/cocemfevalencia.org\/?p=3458"},"modified":"2019-08-01T13:23:31","modified_gmt":"2019-08-01T11:23:31","slug":"consejos-y-pautas-a-seguir-para-volver-al-mercado-laboral","status":"publish","type":"post","link":"https:\/\/cocemfevalencia.org\/es\/consejos-y-pautas-a-seguir-para-volver-al-mercado-laboral\/","title":{"rendered":"Consejos y pautas a seguir para volver al mercado laboral"},"content":{"rendered":"\t\t<div data-elementor-type=\"wp-post\" data-elementor-id=\"3458\" class=\"elementor elementor-3458\" data-elementor-post-type=\"post\">\n\t\t\t\t\t\t<section class=\"elementor-section elementor-top-section elementor-element elementor-element-4d0737c3 elementor-section-boxed elementor-section-height-default elementor-section-height-default\" data-id=\"4d0737c3\" data-element_type=\"section\" data-e-type=\"section\">\n\t\t\t\t\t\t<div class=\"elementor-container elementor-column-gap-default\">\n\t\t\t\t\t<div class=\"elementor-column elementor-col-100 elementor-top-column elementor-element elementor-element-46518a90\" data-id=\"46518a90\" data-element_type=\"column\" data-e-type=\"column\">\n\t\t\t<div class=\"elementor-widget-wrap elementor-element-populated\">\n\t\t\t\t\t\t<div class=\"elementor-element elementor-element-64749dea elementor-widget elementor-widget-image\" data-id=\"64749dea\" data-element_type=\"widget\" data-e-type=\"widget\" data-widget_type=\"image.default\">\n\t\t\t\t<div class=\"elementor-widget-container\">\n\t\t\t\t\t\t\t\t\t\t\t\t\t\t\t<img fetchpriority=\"high\" decoding=\"async\" width=\"820\" height=\"312\" src=\"https:\/\/cocemfevalencia.org\/wp-content\/uploads\/2019\/07\/M.png\" class=\"attachment-full size-full wp-image-3459\" alt=\"\" srcset=\"https:\/\/cocemfevalencia.org\/wp-content\/uploads\/2019\/07\/M.png 820w, https:\/\/cocemfevalencia.org\/wp-content\/uploads\/2019\/07\/M-300x114.png 300w, https:\/\/cocemfevalencia.org\/wp-content\/uploads\/2019\/07\/M-768x292.png 768w\" sizes=\"(max-width: 820px) 100vw, 820px\" \/>\t\t\t\t\t\t\t\t\t\t\t\t\t\t\t<\/div>\n\t\t\t\t<\/div>\n\t\t\t\t\t<\/div>\n\t\t<\/div>\n\t\t\t\t\t<\/div>\n\t\t<\/section>\n\t\t\t\t<section class=\"elementor-section elementor-top-section elementor-element elementor-element-5067aacf elementor-section-boxed elementor-section-height-default elementor-section-height-default\" data-id=\"5067aacf\" data-element_type=\"section\" data-e-type=\"section\">\n\t\t\t\t\t\t<div class=\"elementor-container elementor-column-gap-default\">\n\t\t\t\t\t<div class=\"elementor-column elementor-col-100 elementor-top-column elementor-element elementor-element-24a4f5b4\" data-id=\"24a4f5b4\" data-element_type=\"column\" data-e-type=\"column\">\n\t\t\t<div class=\"elementor-widget-wrap elementor-element-populated\">\n\t\t\t\t\t\t<div class=\"elementor-element elementor-element-12861798 elementor-widget-divider--view-line elementor-widget elementor-widget-divider\" data-id=\"12861798\" data-element_type=\"widget\" data-e-type=\"widget\" data-widget_type=\"divider.default\">\n\t\t\t\t<div class=\"elementor-widget-container\">\n\t\t\t\t\t\t\t<div class=\"elementor-divider\">\n\t\t\t<span class=\"elementor-divider-separator\">\n\t\t\t\t\t\t<\/span>\n\t\t<\/div>\n\t\t\t\t\t\t<\/div>\n\t\t\t\t<\/div>\n\t\t\t\t\t<\/div>\n\t\t<\/div>\n\t\t\t\t\t<\/div>\n\t\t<\/section>\n\t\t\t\t<section class=\"elementor-section elementor-top-section elementor-element elementor-element-715f8548 elementor-section-boxed elementor-section-height-default elementor-section-height-default\" data-id=\"715f8548\" data-element_type=\"section\" data-e-type=\"section\">\n\t\t\t\t\t\t<div class=\"elementor-container elementor-column-gap-default\">\n\t\t\t\t\t<div class=\"elementor-column elementor-col-100 elementor-top-column elementor-element elementor-element-48490a22\" data-id=\"48490a22\" data-element_type=\"column\" data-e-type=\"column\">\n\t\t\t<div class=\"elementor-widget-wrap elementor-element-populated\">\n\t\t\t\t\t\t<section class=\"elementor-section elementor-inner-section elementor-element elementor-element-52407e12 elementor-section-boxed elementor-section-height-default elementor-section-height-default\" data-id=\"52407e12\" data-element_type=\"section\" data-e-type=\"section\">\n\t\t\t\t\t\t<div class=\"elementor-container elementor-column-gap-default\">\n\t\t\t\t\t<div class=\"elementor-column elementor-col-50 elementor-inner-column elementor-element elementor-element-51df6c77\" data-id=\"51df6c77\" data-element_type=\"column\" data-e-type=\"column\">\n\t\t\t<div class=\"elementor-widget-wrap elementor-element-populated\">\n\t\t\t\t\t\t<div class=\"elementor-element elementor-element-ca4ae6f elementor-widget elementor-widget-text-editor\" data-id=\"ca4ae6f\" data-element_type=\"widget\" data-e-type=\"widget\" data-widget_type=\"text-editor.default\">\n\t\t\t\t<div class=\"elementor-widget-container\">\n\t\t\t\t\t\t\t\t\t<p>En el momento en el que tu cuerpo y tu mente coinciden en la idea de \u201ctrabajar\u201d, es que ya es el momento para iniciar la b\u00fasqueda de empleo y comenzar con las primeras acciones para intentar incorporarte nuevamente al mercado laboral. <strong>Es el momento, en el que coinciden tu estado f\u00edsico y tu estado emocional.<\/strong><\/p><p><strong>\u00bfPor d\u00f3nde empiezo?<\/strong> Han pasado muchas cosas, nos hemos encontrado con cosas nuevas y no previstas en nuestro camino, tenemos una nueva situaci\u00f3n.<\/p><p>Aunque poco a poco vamos retomando las riendas de nuestra vida, ya no es ni ser\u00e1 lo mismo, ni mejor ni peor, simplemente diferente.<\/p><p><strong>En primer lugar,<\/strong> tenemos que hacer una labor de introspecci\u00f3n, de autoconocimiento, ver si podemos trabajar en lo mismo que antes de nuestra enfermedad o por el contrario tenemos que reinventarnos.<\/p><p>\u00a0<\/p>\t\t\t\t\t\t\t\t<\/div>\n\t\t\t\t<\/div>\n\t\t\t\t\t<\/div>\n\t\t<\/div>\n\t\t\t\t<div class=\"elementor-column elementor-col-50 elementor-inner-column elementor-element elementor-element-348562b1\" data-id=\"348562b1\" data-element_type=\"column\" data-e-type=\"column\">\n\t\t\t<div class=\"elementor-widget-wrap elementor-element-populated\">\n\t\t\t\t\t\t<div class=\"elementor-element elementor-element-3a5b23a5 elementor-widget elementor-widget-text-editor\" data-id=\"3a5b23a5\" data-element_type=\"widget\" data-e-type=\"widget\" data-widget_type=\"text-editor.default\">\n\t\t\t\t<div class=\"elementor-widget-container\">\n\t\t\t\t\t\t\t\t\t<p>Dentro de este autoconocimiento tenemos que trabajar e intentar extraer aquello que le puedo ofrecer a la empresa (competencias personales, competencias profesionales&#8230;) y a la vez cu\u00e1les son mis intereses profesionales teniendo en cuenta si en este momento presento limitaciones que antes no ten\u00eda, adem\u00e1s de tener claro tambi\u00e9n las condiciones de trabajo que aceptar\u00eda (horarios, jornadas\u2026)<\/p><p>Si ahora contamos con un certificado de discapacidad o una incapacidad, tambi\u00e9n nos beneficiaremos de esta situaci\u00f3n, ya que aunque parezca contradictorio, nos puede abrir puertas en la b\u00fasqueda de oportunidades.<\/p><p><strong>Una vez que hemos realizado este trabajo<\/strong> <strong>de reflexi\u00f3n<\/strong> y nos hemos ubicado (sabemos qu\u00e9 queremos), ser\u00eda la hora de comenzar con la b\u00fasqueda de empleo.<\/p><p>Es importante que idenfiquemos posibles apoyos, dentro y\/o fuera de nuestro entorno m\u00e1s cercano que nos ayudar\u00e1n a mantener nuestra motivaci\u00f3n en esta nueva etapa.<\/p><p>Imprescindible elaborarnos un buen curr\u00edculum y a partir de ah\u00ed comenzar con el \u201ctrabajo de buscar trabajo\u201d.<\/p>\t\t\t\t\t\t\t\t<\/div>\n\t\t\t\t<\/div>\n\t\t\t\t\t<\/div>\n\t\t<\/div>\n\t\t\t\t\t<\/div>\n\t\t<\/section>\n\t\t\t\t\t<\/div>\n\t\t<\/div>\n\t\t\t\t\t<\/div>\n\t\t<\/section>\n\t\t\t\t<section class=\"elementor-section elementor-top-section elementor-element elementor-element-247702d elementor-section-boxed elementor-section-height-default elementor-section-height-default\" data-id=\"247702d\" data-element_type=\"section\" data-e-type=\"section\">\n\t\t\t\t\t\t<div class=\"elementor-container elementor-column-gap-default\">\n\t\t\t\t\t<div class=\"elementor-column elementor-col-100 elementor-top-column elementor-element elementor-element-f03b976\" data-id=\"f03b976\" data-element_type=\"column\" data-e-type=\"column\">\n\t\t\t<div class=\"elementor-widget-wrap elementor-element-populated\">\n\t\t\t\t\t\t<div class=\"elementor-element elementor-element-bb51acd elementor-widget elementor-widget-heading\" data-id=\"bb51acd\" data-element_type=\"widget\" data-e-type=\"widget\" data-widget_type=\"heading.default\">\n\t\t\t\t<div class=\"elementor-widget-container\">\n\t\t\t\t\t<h4 class=\"elementor-heading-title elementor-size-medium\">Consejos<\/h4>\t\t\t\t<\/div>\n\t\t\t\t<\/div>\n\t\t\t\t\t<\/div>\n\t\t<\/div>\n\t\t\t\t\t<\/div>\n\t\t<\/section>\n\t\t\t\t<section class=\"elementor-section elementor-top-section elementor-element elementor-element-f9e9902 elementor-section-boxed elementor-section-height-default elementor-section-height-default\" data-id=\"f9e9902\" data-element_type=\"section\" data-e-type=\"section\">\n\t\t\t\t\t\t<div class=\"elementor-container elementor-column-gap-default\">\n\t\t\t\t\t<div class=\"elementor-column elementor-col-100 elementor-top-column elementor-element elementor-element-dd41aa6\" data-id=\"dd41aa6\" data-element_type=\"column\" data-e-type=\"column\">\n\t\t\t<div class=\"elementor-widget-wrap elementor-element-populated\">\n\t\t\t\t\t\t<div class=\"elementor-element elementor-element-ba99813 elementor-widget elementor-widget-text-editor\" data-id=\"ba99813\" data-element_type=\"widget\" data-e-type=\"widget\" data-widget_type=\"text-editor.default\">\n\t\t\t\t<div class=\"elementor-widget-container\">\n\t\t\t\t\t\t\t\t\t<ul><li>Trabaja Autoconocimiento(personal y profesional)<\/li><li>Inf\u00f3rmate del estado del mercado actual, de tu entorno.<\/li><li>M\u00e1rcate un objetivo profesional.<\/li><li>Dis\u00e9\u00f1ate un plan de actuaci\u00f3n (para la b\u00fasqueda de empleo)<\/li><li>Dis\u00e9\u00f1ate un nuevo curr\u00edculum.<\/li><li>Elab\u00f3rate una carta de presentaci\u00f3n, un e-mail de autocandidatura.<\/li><li>Localiza todas las v\u00edas de acceso al empleo y c\u00f3mo contactar con ellas (Bolsas de empleo, portales de empleo, agencias de colocaci\u00f3n, ETT\u00b4S).<\/li><li>Registra en una agenda todas tus actuaciones<\/li><li>Busca un apoyo profesional que te gu\u00ede en tu b\u00fasqueda, que te informe, te aconseje, te facilite recursos, v\u00edas, \u2026.y en general que te ayude a mantener la ilusi\u00f3n y motivaci\u00f3n en este nuevo reto que planteas en tu vida.<\/li><\/ul>\t\t\t\t\t\t\t\t<\/div>\n\t\t\t\t<\/div>\n\t\t\t\t\t<\/div>\n\t\t<\/div>\n\t\t\t\t\t<\/div>\n\t\t<\/section>\n\t\t\t\t<section class=\"elementor-section elementor-top-section elementor-element elementor-element-4df06531 elementor-section-full_width elementor-section-height-default elementor-section-height-default\" data-id=\"4df06531\" data-element_type=\"section\" data-e-type=\"section\">\n\t\t\t\t\t\t<div class=\"elementor-container elementor-column-gap-default\">\n\t\t\t\t\t<div class=\"elementor-column elementor-col-100 elementor-top-column elementor-element elementor-element-715b16fb\" data-id=\"715b16fb\" data-element_type=\"column\" data-e-type=\"column\">\n\t\t\t<div class=\"elementor-widget-wrap elementor-element-populated\">\n\t\t\t\t\t\t<div class=\"elementor-element elementor-element-188dc62e elementor-widget elementor-widget-testimonial\" data-id=\"188dc62e\" data-element_type=\"widget\" data-e-type=\"widget\" data-widget_type=\"testimonial.default\">\n\t\t\t\t<div class=\"elementor-widget-container\">\n\t\t\t\t\t\t\t<div class=\"elementor-testimonial-wrapper\">\n\t\t\t\n\t\t\t\t\t\t<div class=\"elementor-testimonial-meta elementor-has-image elementor-testimonial-image-position-aside\">\n\t\t\t\t<div class=\"elementor-testimonial-meta-inner\">\n\t\t\t\t\t\t\t\t\t\t\t<div class=\"elementor-testimonial-image\">\n\t\t\t\t\t\t\t<img decoding=\"async\" width=\"236\" height=\"300\" src=\"https:\/\/cocemfevalencia.org\/wp-content\/uploads\/2019\/08\/IMG-20190719-WA0045-1-236x300.jpg\" class=\"attachment-medium size-medium wp-image-3489\" alt=\"\" srcset=\"https:\/\/cocemfevalencia.org\/wp-content\/uploads\/2019\/08\/IMG-20190719-WA0045-1-236x300.jpg 236w, https:\/\/cocemfevalencia.org\/wp-content\/uploads\/2019\/08\/IMG-20190719-WA0045-1-768x975.jpg 768w, https:\/\/cocemfevalencia.org\/wp-content\/uploads\/2019\/08\/IMG-20190719-WA0045-1.jpg 799w\" sizes=\"(max-width: 236px) 100vw, 236px\" \/>\t\t\t\t\t\t<\/div>\n\t\t\t\t\t\n\t\t\t\t\t\t\t\t\t\t<div class=\"elementor-testimonial-details\">\n\t\t\t\t\t\t\t\t\t\t\t\t\t\t<div class=\"elementor-testimonial-name\">Teresa Mart\u00ednez<\/div>\n\t\t\t\t\t\t\t\t\t\t\t\t\t\t\t\t\t\t\t\t\t\t<div class=\"elementor-testimonial-job\">T\u00e9cnico en Integraci\u00f3n Laboral  COCEMFE Val\u00e8ncia<\/div>\n\t\t\t\t\t\t\t\t\t\t\t\t\t<\/div>\n\t\t\t\t\t\t\t\t\t<\/div>\n\t\t\t<\/div>\n\t\t\t\t\t<\/div>\n\t\t\t\t\t\t<\/div>\n\t\t\t\t<\/div>\n\t\t\t\t\t<\/div>\n\t\t<\/div>\n\t\t\t\t\t<\/div>\n\t\t<\/section>\n\t\t\t\t<\/div>\n\t\t<p>Visitas: 1<\/p>","protected":false},"excerpt":{"rendered":"<p>En el momento en el que tu cuerpo y tu mente coinciden en la idea de \u201ctrabajar\u201d, es que ya es el momento para iniciar la b\u00fasqueda de empleo y comenzar con las primeras acciones para intentar incorporarte nuevamente al mercado laboral. Es el momento, en el que coinciden tu estado f\u00edsico y tu estado&hellip;&nbsp;<a href=\"https:\/\/cocemfevalencia.org\/es\/consejos-y-pautas-a-seguir-para-volver-al-mercado-laboral\/\" rel=\"bookmark\">Leer m\u00e1s &raquo;<span class=\"screen-reader-text\">Consejos y pautas a seguir para volver al mercado laboral<\/span><\/a><\/p>\n","protected":false},"author":3,"featured_media":3459,"comment_status":"closed","ping_status":"closed","sticky":false,"template":"","format":"standard","meta":{"rop_custom_images_group":[],"rop_custom_messages_group":[],"rop_publish_now":"initial","rop_publish_now_accounts":[],"rop_publish_now_history":[],"rop_publish_now_status":"pending","neve_meta_sidebar":"","neve_meta_container":"","neve_meta_enable_content_width":"","neve_meta_content_width":0,"neve_meta_title_alignment":"","neve_meta_author_avatar":"","neve_post_elements_order":"","neve_meta_disable_header":"","neve_meta_disable_footer":"","neve_meta_disable_title":"","footnotes":""},"categories":[5],"tags":[],"class_list":["post-3458","post","type-post","status-publish","format-standard","has-post-thumbnail","hentry","category-noticias"],"yoast_head":"<!-- This site is optimized with the Yoast SEO plugin v27.3 - https:\/\/yoast.com\/product\/yoast-seo-wordpress\/ -->\n<title>Consejos y pautas a seguir para volver al mercado laboral - Cocemfe Valencia<\/title>\n<meta name=\"robots\" content=\"index, follow, max-snippet:-1, max-image-preview:large, max-video-preview:-1\" \/>\n<link rel=\"canonical\" href=\"https:\/\/cocemfevalencia.org\/es\/consejos-y-pautas-a-seguir-para-volver-al-mercado-laboral\/\" \/>\n<meta property=\"og:locale\" content=\"es_ES\" \/>\n<meta property=\"og:type\" content=\"article\" \/>\n<meta property=\"og:title\" content=\"Consejos y pautas a seguir para volver al mercado laboral - Cocemfe Valencia\" \/>\n<meta property=\"og:description\" content=\"En el momento en el que tu cuerpo y tu mente coinciden en la idea de \u201ctrabajar\u201d, es que ya es el momento para iniciar la b\u00fasqueda de empleo y comenzar con las primeras acciones para intentar incorporarte nuevamente al mercado laboral. Es el momento, en el que coinciden tu estado f\u00edsico y tu estado&hellip;&nbsp;Leer m\u00e1s &raquo;Consejos y pautas a seguir para volver al mercado laboral\" \/>\n<meta property=\"og:url\" content=\"https:\/\/cocemfevalencia.org\/es\/consejos-y-pautas-a-seguir-para-volver-al-mercado-laboral\/\" \/>\n<meta property=\"og:site_name\" content=\"Cocemfe Valencia\" \/>\n<meta property=\"article:publisher\" content=\"https:\/\/www.facebook.com\/cocemfe.valencia\" \/>\n<meta property=\"article:published_time\" content=\"2019-08-01T11:23:31+00:00\" \/>\n<meta property=\"og:image\" content=\"https:\/\/cocemfevalencia.org\/wp-content\/uploads\/2019\/07\/M.png\" \/>\n\t<meta property=\"og:image:width\" content=\"820\" \/>\n\t<meta property=\"og:image:height\" content=\"312\" \/>\n\t<meta property=\"og:image:type\" content=\"image\/png\" \/>\n<meta name=\"author\" content=\"COCEMFE VALENCIA\" \/>\n<meta name=\"twitter:card\" content=\"summary_large_image\" \/>\n<meta name=\"twitter:creator\" content=\"@COCEMFEValencia\" \/>\n<meta name=\"twitter:site\" content=\"@COCEMFEValencia\" \/>\n<meta name=\"twitter:label1\" content=\"Escrito por\" \/>\n\t<meta name=\"twitter:data1\" content=\"COCEMFE VALENCIA\" \/>\n\t<meta name=\"twitter:label2\" content=\"Tiempo de lectura\" \/>\n\t<meta name=\"twitter:data2\" content=\"2 minutos\" \/>\n<script type=\"application\/ld+json\" class=\"yoast-schema-graph\">{\"@context\":\"https:\\\/\\\/schema.org\",\"@graph\":[{\"@type\":\"Article\",\"@id\":\"https:\\\/\\\/cocemfevalencia.org\\\/es\\\/consejos-y-pautas-a-seguir-para-volver-al-mercado-laboral\\\/#article\",\"isPartOf\":{\"@id\":\"https:\\\/\\\/cocemfevalencia.org\\\/es\\\/consejos-y-pautas-a-seguir-para-volver-al-mercado-laboral\\\/\"},\"author\":{\"name\":\"COCEMFE VALENCIA\",\"@id\":\"https:\\\/\\\/cocemfevalencia.org\\\/es\\\/#\\\/schema\\\/person\\\/e31a24227ccbc918e2c80add51990ad7\"},\"headline\":\"Consejos y pautas a seguir para volver al mercado laboral\",\"datePublished\":\"2019-08-01T11:23:31+00:00\",\"mainEntityOfPage\":{\"@id\":\"https:\\\/\\\/cocemfevalencia.org\\\/es\\\/consejos-y-pautas-a-seguir-para-volver-al-mercado-laboral\\\/\"},\"wordCount\":463,\"publisher\":{\"@id\":\"https:\\\/\\\/cocemfevalencia.org\\\/es\\\/#organization\"},\"image\":{\"@id\":\"https:\\\/\\\/cocemfevalencia.org\\\/es\\\/consejos-y-pautas-a-seguir-para-volver-al-mercado-laboral\\\/#primaryimage\"},\"thumbnailUrl\":\"https:\\\/\\\/cocemfevalencia.org\\\/wp-content\\\/uploads\\\/2019\\\/07\\\/M.png\",\"articleSection\":[\"Not\u00edcies\"],\"inLanguage\":\"es\"},{\"@type\":\"WebPage\",\"@id\":\"https:\\\/\\\/cocemfevalencia.org\\\/es\\\/consejos-y-pautas-a-seguir-para-volver-al-mercado-laboral\\\/\",\"url\":\"https:\\\/\\\/cocemfevalencia.org\\\/es\\\/consejos-y-pautas-a-seguir-para-volver-al-mercado-laboral\\\/\",\"name\":\"Consejos y pautas a seguir para volver al mercado laboral - Cocemfe Valencia\",\"isPartOf\":{\"@id\":\"https:\\\/\\\/cocemfevalencia.org\\\/es\\\/#website\"},\"primaryImageOfPage\":{\"@id\":\"https:\\\/\\\/cocemfevalencia.org\\\/es\\\/consejos-y-pautas-a-seguir-para-volver-al-mercado-laboral\\\/#primaryimage\"},\"image\":{\"@id\":\"https:\\\/\\\/cocemfevalencia.org\\\/es\\\/consejos-y-pautas-a-seguir-para-volver-al-mercado-laboral\\\/#primaryimage\"},\"thumbnailUrl\":\"https:\\\/\\\/cocemfevalencia.org\\\/wp-content\\\/uploads\\\/2019\\\/07\\\/M.png\",\"datePublished\":\"2019-08-01T11:23:31+00:00\",\"breadcrumb\":{\"@id\":\"https:\\\/\\\/cocemfevalencia.org\\\/es\\\/consejos-y-pautas-a-seguir-para-volver-al-mercado-laboral\\\/#breadcrumb\"},\"inLanguage\":\"es\",\"potentialAction\":[{\"@type\":\"ReadAction\",\"target\":[\"https:\\\/\\\/cocemfevalencia.org\\\/es\\\/consejos-y-pautas-a-seguir-para-volver-al-mercado-laboral\\\/\"]}]},{\"@type\":\"ImageObject\",\"inLanguage\":\"es\",\"@id\":\"https:\\\/\\\/cocemfevalencia.org\\\/es\\\/consejos-y-pautas-a-seguir-para-volver-al-mercado-laboral\\\/#primaryimage\",\"url\":\"https:\\\/\\\/cocemfevalencia.org\\\/wp-content\\\/uploads\\\/2019\\\/07\\\/M.png\",\"contentUrl\":\"https:\\\/\\\/cocemfevalencia.org\\\/wp-content\\\/uploads\\\/2019\\\/07\\\/M.png\",\"width\":820,\"height\":312},{\"@type\":\"BreadcrumbList\",\"@id\":\"https:\\\/\\\/cocemfevalencia.org\\\/es\\\/consejos-y-pautas-a-seguir-para-volver-al-mercado-laboral\\\/#breadcrumb\",\"itemListElement\":[{\"@type\":\"ListItem\",\"position\":1,\"name\":\"Portada\",\"item\":\"https:\\\/\\\/cocemfevalencia.org\\\/es\\\/\"},{\"@type\":\"ListItem\",\"position\":2,\"name\":\"Consejos y pautas a seguir para volver al mercado laboral\"}]},{\"@type\":\"WebSite\",\"@id\":\"https:\\\/\\\/cocemfevalencia.org\\\/es\\\/#website\",\"url\":\"https:\\\/\\\/cocemfevalencia.org\\\/es\\\/\",\"name\":\"Cocemfe Valencia\",\"description\":\"FEDERACI\u00d3N DE ASOCIACIONES DE PERSONAS CON DISCAPACIDAD F\u00cdSICA Y ORG\u00c1NICA DE LA PROV\u00cdNCIA DE VALENCIA\",\"publisher\":{\"@id\":\"https:\\\/\\\/cocemfevalencia.org\\\/es\\\/#organization\"},\"potentialAction\":[{\"@type\":\"SearchAction\",\"target\":{\"@type\":\"EntryPoint\",\"urlTemplate\":\"https:\\\/\\\/cocemfevalencia.org\\\/es\\\/?s={search_term_string}\"},\"query-input\":{\"@type\":\"PropertyValueSpecification\",\"valueRequired\":true,\"valueName\":\"search_term_string\"}}],\"inLanguage\":\"es\"},{\"@type\":\"Organization\",\"@id\":\"https:\\\/\\\/cocemfevalencia.org\\\/es\\\/#organization\",\"name\":\"Cocemfe Valencia\",\"url\":\"https:\\\/\\\/cocemfevalencia.org\\\/es\\\/\",\"logo\":{\"@type\":\"ImageObject\",\"inLanguage\":\"es\",\"@id\":\"https:\\\/\\\/cocemfevalencia.org\\\/es\\\/#\\\/schema\\\/logo\\\/image\\\/\",\"url\":\"https:\\\/\\\/cocemfevalencia.org\\\/wp-content\\\/uploads\\\/2023\\\/03\\\/0312-Horizontal-una-linea-larga-rgb-positivo-Tricolor.png\",\"contentUrl\":\"https:\\\/\\\/cocemfevalencia.org\\\/wp-content\\\/uploads\\\/2023\\\/03\\\/0312-Horizontal-una-linea-larga-rgb-positivo-Tricolor.png\",\"width\":2334,\"height\":613,\"caption\":\"Cocemfe Valencia\"},\"image\":{\"@id\":\"https:\\\/\\\/cocemfevalencia.org\\\/es\\\/#\\\/schema\\\/logo\\\/image\\\/\"},\"sameAs\":[\"https:\\\/\\\/www.facebook.com\\\/cocemfe.valencia\",\"https:\\\/\\\/x.com\\\/COCEMFEValencia\"]},{\"@type\":\"Person\",\"@id\":\"https:\\\/\\\/cocemfevalencia.org\\\/es\\\/#\\\/schema\\\/person\\\/e31a24227ccbc918e2c80add51990ad7\",\"name\":\"COCEMFE VALENCIA\",\"image\":{\"@type\":\"ImageObject\",\"inLanguage\":\"es\",\"@id\":\"https:\\\/\\\/secure.gravatar.com\\\/avatar\\\/81dd2ced4591577d70433bbfde65ba3f931e09f5cb4ca8c890817c47789b47f0?s=96&d=mm&r=g\",\"url\":\"https:\\\/\\\/secure.gravatar.com\\\/avatar\\\/81dd2ced4591577d70433bbfde65ba3f931e09f5cb4ca8c890817c47789b47f0?s=96&d=mm&r=g\",\"contentUrl\":\"https:\\\/\\\/secure.gravatar.com\\\/avatar\\\/81dd2ced4591577d70433bbfde65ba3f931e09f5cb4ca8c890817c47789b47f0?s=96&d=mm&r=g\",\"caption\":\"COCEMFE VALENCIA\"}}]}<\/script>\n<!-- \/ Yoast SEO plugin. -->","yoast_head_json":{"title":"Consejos y pautas a seguir para volver al mercado laboral - Cocemfe Valencia","robots":{"index":"index","follow":"follow","max-snippet":"max-snippet:-1","max-image-preview":"max-image-preview:large","max-video-preview":"max-video-preview:-1"},"canonical":"https:\/\/cocemfevalencia.org\/es\/consejos-y-pautas-a-seguir-para-volver-al-mercado-laboral\/","og_locale":"es_ES","og_type":"article","og_title":"Consejos y pautas a seguir para volver al mercado laboral - Cocemfe Valencia","og_description":"En el momento en el que tu cuerpo y tu mente coinciden en la idea de \u201ctrabajar\u201d, es que ya es el momento para iniciar la b\u00fasqueda de empleo y comenzar con las primeras acciones para intentar incorporarte nuevamente al mercado laboral. Es el momento, en el que coinciden tu estado f\u00edsico y tu estado&hellip;&nbsp;Leer m\u00e1s &raquo;Consejos y pautas a seguir para volver al mercado laboral","og_url":"https:\/\/cocemfevalencia.org\/es\/consejos-y-pautas-a-seguir-para-volver-al-mercado-laboral\/","og_site_name":"Cocemfe Valencia","article_publisher":"https:\/\/www.facebook.com\/cocemfe.valencia","article_published_time":"2019-08-01T11:23:31+00:00","og_image":[{"width":820,"height":312,"url":"https:\/\/cocemfevalencia.org\/wp-content\/uploads\/2019\/07\/M.png","type":"image\/png"}],"author":"COCEMFE VALENCIA","twitter_card":"summary_large_image","twitter_creator":"@COCEMFEValencia","twitter_site":"@COCEMFEValencia","twitter_misc":{"Escrito por":"COCEMFE VALENCIA","Tiempo de lectura":"2 minutos"},"schema":{"@context":"https:\/\/schema.org","@graph":[{"@type":"Article","@id":"https:\/\/cocemfevalencia.org\/es\/consejos-y-pautas-a-seguir-para-volver-al-mercado-laboral\/#article","isPartOf":{"@id":"https:\/\/cocemfevalencia.org\/es\/consejos-y-pautas-a-seguir-para-volver-al-mercado-laboral\/"},"author":{"name":"COCEMFE VALENCIA","@id":"https:\/\/cocemfevalencia.org\/es\/#\/schema\/person\/e31a24227ccbc918e2c80add51990ad7"},"headline":"Consejos y pautas a seguir para volver al mercado laboral","datePublished":"2019-08-01T11:23:31+00:00","mainEntityOfPage":{"@id":"https:\/\/cocemfevalencia.org\/es\/consejos-y-pautas-a-seguir-para-volver-al-mercado-laboral\/"},"wordCount":463,"publisher":{"@id":"https:\/\/cocemfevalencia.org\/es\/#organization"},"image":{"@id":"https:\/\/cocemfevalencia.org\/es\/consejos-y-pautas-a-seguir-para-volver-al-mercado-laboral\/#primaryimage"},"thumbnailUrl":"https:\/\/cocemfevalencia.org\/wp-content\/uploads\/2019\/07\/M.png","articleSection":["Not\u00edcies"],"inLanguage":"es"},{"@type":"WebPage","@id":"https:\/\/cocemfevalencia.org\/es\/consejos-y-pautas-a-seguir-para-volver-al-mercado-laboral\/","url":"https:\/\/cocemfevalencia.org\/es\/consejos-y-pautas-a-seguir-para-volver-al-mercado-laboral\/","name":"Consejos y pautas a seguir para volver al mercado laboral - Cocemfe Valencia","isPartOf":{"@id":"https:\/\/cocemfevalencia.org\/es\/#website"},"primaryImageOfPage":{"@id":"https:\/\/cocemfevalencia.org\/es\/consejos-y-pautas-a-seguir-para-volver-al-mercado-laboral\/#primaryimage"},"image":{"@id":"https:\/\/cocemfevalencia.org\/es\/consejos-y-pautas-a-seguir-para-volver-al-mercado-laboral\/#primaryimage"},"thumbnailUrl":"https:\/\/cocemfevalencia.org\/wp-content\/uploads\/2019\/07\/M.png","datePublished":"2019-08-01T11:23:31+00:00","breadcrumb":{"@id":"https:\/\/cocemfevalencia.org\/es\/consejos-y-pautas-a-seguir-para-volver-al-mercado-laboral\/#breadcrumb"},"inLanguage":"es","potentialAction":[{"@type":"ReadAction","target":["https:\/\/cocemfevalencia.org\/es\/consejos-y-pautas-a-seguir-para-volver-al-mercado-laboral\/"]}]},{"@type":"ImageObject","inLanguage":"es","@id":"https:\/\/cocemfevalencia.org\/es\/consejos-y-pautas-a-seguir-para-volver-al-mercado-laboral\/#primaryimage","url":"https:\/\/cocemfevalencia.org\/wp-content\/uploads\/2019\/07\/M.png","contentUrl":"https:\/\/cocemfevalencia.org\/wp-content\/uploads\/2019\/07\/M.png","width":820,"height":312},{"@type":"BreadcrumbList","@id":"https:\/\/cocemfevalencia.org\/es\/consejos-y-pautas-a-seguir-para-volver-al-mercado-laboral\/#breadcrumb","itemListElement":[{"@type":"ListItem","position":1,"name":"Portada","item":"https:\/\/cocemfevalencia.org\/es\/"},{"@type":"ListItem","position":2,"name":"Consejos y pautas a seguir para volver al mercado laboral"}]},{"@type":"WebSite","@id":"https:\/\/cocemfevalencia.org\/es\/#website","url":"https:\/\/cocemfevalencia.org\/es\/","name":"Cocemfe Valencia","description":"FEDERACI\u00d3N DE ASOCIACIONES DE PERSONAS CON DISCAPACIDAD F\u00cdSICA Y ORG\u00c1NICA DE LA PROV\u00cdNCIA DE VALENCIA","publisher":{"@id":"https:\/\/cocemfevalencia.org\/es\/#organization"},"potentialAction":[{"@type":"SearchAction","target":{"@type":"EntryPoint","urlTemplate":"https:\/\/cocemfevalencia.org\/es\/?s={search_term_string}"},"query-input":{"@type":"PropertyValueSpecification","valueRequired":true,"valueName":"search_term_string"}}],"inLanguage":"es"},{"@type":"Organization","@id":"https:\/\/cocemfevalencia.org\/es\/#organization","name":"Cocemfe Valencia","url":"https:\/\/cocemfevalencia.org\/es\/","logo":{"@type":"ImageObject","inLanguage":"es","@id":"https:\/\/cocemfevalencia.org\/es\/#\/schema\/logo\/image\/","url":"https:\/\/cocemfevalencia.org\/wp-content\/uploads\/2023\/03\/0312-Horizontal-una-linea-larga-rgb-positivo-Tricolor.png","contentUrl":"https:\/\/cocemfevalencia.org\/wp-content\/uploads\/2023\/03\/0312-Horizontal-una-linea-larga-rgb-positivo-Tricolor.png","width":2334,"height":613,"caption":"Cocemfe Valencia"},"image":{"@id":"https:\/\/cocemfevalencia.org\/es\/#\/schema\/logo\/image\/"},"sameAs":["https:\/\/www.facebook.com\/cocemfe.valencia","https:\/\/x.com\/COCEMFEValencia"]},{"@type":"Person","@id":"https:\/\/cocemfevalencia.org\/es\/#\/schema\/person\/e31a24227ccbc918e2c80add51990ad7","name":"COCEMFE VALENCIA","image":{"@type":"ImageObject","inLanguage":"es","@id":"https:\/\/secure.gravatar.com\/avatar\/81dd2ced4591577d70433bbfde65ba3f931e09f5cb4ca8c890817c47789b47f0?s=96&d=mm&r=g","url":"https:\/\/secure.gravatar.com\/avatar\/81dd2ced4591577d70433bbfde65ba3f931e09f5cb4ca8c890817c47789b47f0?s=96&d=mm&r=g","contentUrl":"https:\/\/secure.gravatar.com\/avatar\/81dd2ced4591577d70433bbfde65ba3f931e09f5cb4ca8c890817c47789b47f0?s=96&d=mm&r=g","caption":"COCEMFE VALENCIA"}}]}},"_links":{"self":[{"href":"https:\/\/cocemfevalencia.org\/es\/wp-json\/wp\/v2\/posts\/3458","targetHints":{"allow":["GET"]}}],"collection":[{"href":"https:\/\/cocemfevalencia.org\/es\/wp-json\/wp\/v2\/posts"}],"about":[{"href":"https:\/\/cocemfevalencia.org\/es\/wp-json\/wp\/v2\/types\/post"}],"author":[{"embeddable":true,"href":"https:\/\/cocemfevalencia.org\/es\/wp-json\/wp\/v2\/users\/3"}],"replies":[{"embeddable":true,"href":"https:\/\/cocemfevalencia.org\/es\/wp-json\/wp\/v2\/comments?post=3458"}],"version-history":[{"count":0,"href":"https:\/\/cocemfevalencia.org\/es\/wp-json\/wp\/v2\/posts\/3458\/revisions"}],"wp:featuredmedia":[{"embeddable":true,"href":"https:\/\/cocemfevalencia.org\/es\/wp-json\/wp\/v2\/media\/3459"}],"wp:attachment":[{"href":"https:\/\/cocemfevalencia.org\/es\/wp-json\/wp\/v2\/media?parent=3458"}],"wp:term":[{"taxonomy":"category","embeddable":true,"href":"https:\/\/cocemfevalencia.org\/es\/wp-json\/wp\/v2\/categories?post=3458"},{"taxonomy":"post_tag","embeddable":true,"href":"https:\/\/cocemfevalencia.org\/es\/wp-json\/wp\/v2\/tags?post=3458"}],"curies":[{"name":"wp","href":"https:\/\/api.w.org\/{rel}","templated":true}]}}