{"id":3563,"date":"2019-09-23T14:31:06","date_gmt":"2019-09-23T12:31:06","guid":{"rendered":"http:\/\/cocemfevalencia.org\/?p=3563"},"modified":"2019-09-23T14:31:06","modified_gmt":"2019-09-23T12:31:06","slug":"cocemfe-valencia-participa-en-la-i-trobada-de-tecnics-organitzat-per-grup-osga","status":"publish","type":"post","link":"https:\/\/cocemfevalencia.org\/es\/cocemfe-valencia-participa-en-la-i-trobada-de-tecnics-organitzat-per-grup-osga\/","title":{"rendered":"COCEMFE Val\u00e8ncia participa en la I Trobada de t\u00e8cnics organitzat per Grup Osga"},"content":{"rendered":"\t\t<div data-elementor-type=\"wp-post\" data-elementor-id=\"3563\" class=\"elementor elementor-3563\" data-elementor-post-type=\"post\">\n\t\t\t\t\t\t<section class=\"elementor-section elementor-top-section elementor-element elementor-element-0bf7225 elementor-section-boxed elementor-section-height-default elementor-section-height-default\" data-id=\"0bf7225\" data-element_type=\"section\" data-e-type=\"section\">\n\t\t\t\t\t\t<div class=\"elementor-container elementor-column-gap-default\">\n\t\t\t\t\t<div class=\"elementor-column elementor-col-50 elementor-top-column elementor-element elementor-element-9cc8826\" data-id=\"9cc8826\" data-element_type=\"column\" data-e-type=\"column\">\n\t\t\t<div class=\"elementor-widget-wrap elementor-element-populated\">\n\t\t\t\t\t\t<div class=\"elementor-element elementor-element-9c1bc05 elementor-widget elementor-widget-image\" data-id=\"9c1bc05\" data-element_type=\"widget\" data-e-type=\"widget\" data-widget_type=\"image.default\">\n\t\t\t\t<div class=\"elementor-widget-container\">\n\t\t\t\t\t\t\t\t\t\t\t\t\t\t\t<img fetchpriority=\"high\" decoding=\"async\" width=\"1024\" height=\"685\" src=\"https:\/\/cocemfevalencia.org\/wp-content\/uploads\/2019\/09\/DSC_0466-1024x685.jpg\" class=\"attachment-large size-large wp-image-3564\" alt=\"\" srcset=\"https:\/\/cocemfevalencia.org\/wp-content\/uploads\/2019\/09\/DSC_0466-1024x685.jpg 1024w, https:\/\/cocemfevalencia.org\/wp-content\/uploads\/2019\/09\/DSC_0466-300x201.jpg 300w, https:\/\/cocemfevalencia.org\/wp-content\/uploads\/2019\/09\/DSC_0466-768x514.jpg 768w, https:\/\/cocemfevalencia.org\/wp-content\/uploads\/2019\/09\/DSC_0466-1536x1028.jpg 1536w, https:\/\/cocemfevalencia.org\/wp-content\/uploads\/2019\/09\/DSC_0466-2048x1371.jpg 2048w\" sizes=\"(max-width: 1024px) 100vw, 1024px\" \/>\t\t\t\t\t\t\t\t\t\t\t\t\t\t\t<\/div>\n\t\t\t\t<\/div>\n\t\t\t\t\t<\/div>\n\t\t<\/div>\n\t\t\t\t<div class=\"elementor-column elementor-col-50 elementor-top-column elementor-element elementor-element-bc54697\" data-id=\"bc54697\" data-element_type=\"column\" data-e-type=\"column\">\n\t\t\t<div class=\"elementor-widget-wrap elementor-element-populated\">\n\t\t\t\t\t\t<div class=\"elementor-element elementor-element-a1072c6 elementor-widget elementor-widget-text-editor\" data-id=\"a1072c6\" data-element_type=\"widget\" data-e-type=\"widget\" data-widget_type=\"text-editor.default\">\n\t\t\t\t<div class=\"elementor-widget-container\">\n\t\t\t\t\t\t\t\t\t<p>COCEMFE Val\u00e8ncia participa en la I trobada de t\u00e8cnics organitzat per Grup Osga. La finalitat d&#8217;aquesta trobada al qual van assistir Pascual Castell\u00f3 Bellver, president de COCEMFE Val\u00e8ncia, Ezequiel Ruiz, responsable de l&#8217;\u00e0rea d&#8217;ocupaci\u00f3 de COCEMFE Val\u00e8ncia i el seu t\u00e8cnic Estela Ruiz, \u00e9s aconseguir un acostament entre totes dues entitats aix\u00ed com un coneixement major de les activitats que realitza cada organitzaci\u00f3 la fi d&#8217;aconseguir una col\u00b7laboraci\u00f3.<\/p><p>Aquesta trobada informal, van assistir les principals organitzacions que compten amb borsa d&#8217;\u00fas de col\u00b7lectius de discapacitat i exclusi\u00f3 social on vam tindre la possibilitat de plantejar possibilitat de millora amb l&#8217;empresa i activitats amb Osga com a trobades amb persones usu\u00e0ries de la nostra bossa, amb l&#8217;objectiu d&#8217;incrementar les opcions d&#8217;inserci\u00f3 laboral dels nostres col\u00b7lectius.<\/p><p>La reuni\u00f3 es va plantejar com un desdejuni empresarial que culmina la col\u00b7laboraci\u00f3 entre Osga i COCEMFE Val\u00e8ncia despr\u00e9s de la signatura del conveni de col\u00b7laboraci\u00f3 signat el dia 20 de setembre.<\/p><p>\u00a0<\/p>\t\t\t\t\t\t\t\t<\/div>\n\t\t\t\t<\/div>\n\t\t\t\t\t<\/div>\n\t\t<\/div>\n\t\t\t\t\t<\/div>\n\t\t<\/section>\n\t\t\t\t<section class=\"elementor-section elementor-top-section elementor-element elementor-element-52c5be4 elementor-section-boxed elementor-section-height-default elementor-section-height-default\" data-id=\"52c5be4\" data-element_type=\"section\" data-e-type=\"section\">\n\t\t\t\t\t\t<div class=\"elementor-container elementor-column-gap-default\">\n\t\t\t\t\t<div class=\"elementor-column elementor-col-100 elementor-top-column elementor-element elementor-element-99290a5\" data-id=\"99290a5\" data-element_type=\"column\" data-e-type=\"column\">\n\t\t\t<div class=\"elementor-widget-wrap elementor-element-populated\">\n\t\t\t\t\t\t<div class=\"elementor-element elementor-element-72b7b77 elementor-widget elementor-widget-image-gallery\" data-id=\"72b7b77\" data-element_type=\"widget\" data-e-type=\"widget\" data-widget_type=\"image-gallery.default\">\n\t\t\t\t<div class=\"elementor-widget-container\">\n\t\t\t\t\t\t\t<div class=\"elementor-image-gallery\">\n\t\t\t<div id='gallery-1' class='gallery galleryid-3563 gallery-columns-4 gallery-size-thumbnail'><figure class='gallery-item'>\n\t\t\t<div class='gallery-icon landscape'>\n\t\t\t\t<a data-elementor-open-lightbox=\"yes\" data-elementor-lightbox-slideshow=\"72b7b77\" data-elementor-lightbox-title=\"DSC_0466\" data-e-action-hash=\"#elementor-action%3Aaction%3Dlightbox%26settings%3DeyJpZCI6MzU2NCwidXJsIjoiaHR0cHM6XC9cL2NvY2VtZmV2YWxlbmNpYS5vcmdcL3dwLWNvbnRlbnRcL3VwbG9hZHNcLzIwMTlcLzA5XC9EU0NfMDQ2Ni1zY2FsZWQuanBnIiwic2xpZGVzaG93IjoiNzJiN2I3NyJ9\" href='https:\/\/cocemfevalencia.org\/wp-content\/uploads\/2019\/09\/DSC_0466-scaled.jpg'><img width=\"150\" height=\"150\" src=\"https:\/\/cocemfevalencia.org\/wp-content\/uploads\/2019\/09\/DSC_0466-150x150.jpg\" class=\"attachment-thumbnail size-thumbnail\" alt=\"\" decoding=\"async\" \/><\/a>\n\t\t\t<\/div><\/figure><figure class='gallery-item'>\n\t\t\t<div class='gallery-icon landscape'>\n\t\t\t\t<a data-elementor-open-lightbox=\"yes\" data-elementor-lightbox-slideshow=\"72b7b77\" data-elementor-lightbox-title=\"DSC_0417\" data-e-action-hash=\"#elementor-action%3Aaction%3Dlightbox%26settings%3DeyJpZCI6MzU2NiwidXJsIjoiaHR0cHM6XC9cL2NvY2VtZmV2YWxlbmNpYS5vcmdcL3dwLWNvbnRlbnRcL3VwbG9hZHNcLzIwMTlcLzA5XC9EU0NfMDQxNy1zY2FsZWQuanBnIiwic2xpZGVzaG93IjoiNzJiN2I3NyJ9\" href='https:\/\/cocemfevalencia.org\/wp-content\/uploads\/2019\/09\/DSC_0417-scaled.jpg'><img width=\"150\" height=\"150\" src=\"https:\/\/cocemfevalencia.org\/wp-content\/uploads\/2019\/09\/DSC_0417-150x150.jpg\" class=\"attachment-thumbnail size-thumbnail\" alt=\"\" decoding=\"async\" \/><\/a>\n\t\t\t<\/div><\/figure><figure class='gallery-item'>\n\t\t\t<div class='gallery-icon landscape'>\n\t\t\t\t<a data-elementor-open-lightbox=\"yes\" data-elementor-lightbox-slideshow=\"72b7b77\" data-elementor-lightbox-title=\"DSC_0427\" data-e-action-hash=\"#elementor-action%3Aaction%3Dlightbox%26settings%3DeyJpZCI6MzU2NywidXJsIjoiaHR0cHM6XC9cL2NvY2VtZmV2YWxlbmNpYS5vcmdcL3dwLWNvbnRlbnRcL3VwbG9hZHNcLzIwMTlcLzA5XC9EU0NfMDQyNy1zY2FsZWQuanBnIiwic2xpZGVzaG93IjoiNzJiN2I3NyJ9\" href='https:\/\/cocemfevalencia.org\/wp-content\/uploads\/2019\/09\/DSC_0427-scaled.jpg'><img loading=\"lazy\" width=\"150\" height=\"150\" src=\"https:\/\/cocemfevalencia.org\/wp-content\/uploads\/2019\/09\/DSC_0427-150x150.jpg\" class=\"attachment-thumbnail size-thumbnail\" alt=\"\" decoding=\"async\" \/><\/a>\n\t\t\t<\/div><\/figure><figure class='gallery-item'>\n\t\t\t<div class='gallery-icon landscape'>\n\t\t\t\t<a data-elementor-open-lightbox=\"yes\" data-elementor-lightbox-slideshow=\"72b7b77\" data-elementor-lightbox-title=\"DSC_0427\" data-e-action-hash=\"#elementor-action%3Aaction%3Dlightbox%26settings%3DeyJpZCI6MzU2OCwidXJsIjoiaHR0cHM6XC9cL2NvY2VtZmV2YWxlbmNpYS5vcmdcL3dwLWNvbnRlbnRcL3VwbG9hZHNcLzIwMTlcLzA5XC9EU0NfMDQyNy0xLXNjYWxlZC5qcGciLCJzbGlkZXNob3ciOiI3MmI3Yjc3In0%3D\" href='https:\/\/cocemfevalencia.org\/wp-content\/uploads\/2019\/09\/DSC_0427-1-scaled.jpg'><img loading=\"lazy\" width=\"150\" height=\"150\" src=\"https:\/\/cocemfevalencia.org\/wp-content\/uploads\/2019\/09\/DSC_0427-1-150x150.jpg\" class=\"attachment-thumbnail size-thumbnail\" alt=\"\" decoding=\"async\" \/><\/a>\n\t\t\t<\/div><\/figure>\n\t\t<\/div>\n\t\t<\/div>\n\t\t\t\t\t\t<\/div>\n\t\t\t\t<\/div>\n\t\t\t\t\t<\/div>\n\t\t<\/div>\n\t\t\t\t\t<\/div>\n\t\t<\/section>\n\t\t\t\t<\/div>\n\t\t<p>Visitas: 3<\/p>","protected":false},"excerpt":{"rendered":"<p>COCEMFE Val\u00e8ncia participa en la I trobada de t\u00e8cnics organitzat per Grup Osga. La finalitat d&#8217;aquesta trobada al qual van assistir Pascual Castell\u00f3 Bellver, president de COCEMFE Val\u00e8ncia, Ezequiel Ruiz, responsable de l&#8217;\u00e0rea d&#8217;ocupaci\u00f3 de COCEMFE Val\u00e8ncia i el seu t\u00e8cnic Estela Ruiz, \u00e9s aconseguir un acostament entre totes dues entitats aix\u00ed com un coneixement&hellip;&nbsp;<a href=\"https:\/\/cocemfevalencia.org\/es\/cocemfe-valencia-participa-en-la-i-trobada-de-tecnics-organitzat-per-grup-osga\/\" rel=\"bookmark\">Leer m\u00e1s &raquo;<span class=\"screen-reader-text\">COCEMFE Val\u00e8ncia participa en la I Trobada de t\u00e8cnics organitzat per Grup Osga<\/span><\/a><\/p>\n","protected":false},"author":3,"featured_media":3564,"comment_status":"closed","ping_status":"closed","sticky":false,"template":"","format":"standard","meta":{"rop_custom_images_group":[],"rop_custom_messages_group":[],"rop_publish_now":"initial","rop_publish_now_accounts":[],"rop_publish_now_history":[],"rop_publish_now_status":"pending","neve_meta_sidebar":"","neve_meta_container":"","neve_meta_enable_content_width":"","neve_meta_content_width":0,"neve_meta_title_alignment":"","neve_meta_author_avatar":"","neve_post_elements_order":"","neve_meta_disable_header":"","neve_meta_disable_footer":"","neve_meta_disable_title":"","footnotes":""},"categories":[5],"tags":[],"class_list":["post-3563","post","type-post","status-publish","format-standard","has-post-thumbnail","hentry","category-noticias"],"yoast_head":"<!-- This site is optimized with the Yoast SEO plugin v27.3 - https:\/\/yoast.com\/product\/yoast-seo-wordpress\/ -->\n<title>COCEMFE Val\u00e8ncia participa en la I Trobada de t\u00e8cnics organitzat per Grup Osga - Cocemfe Valencia<\/title>\n<meta name=\"robots\" content=\"index, follow, max-snippet:-1, max-image-preview:large, max-video-preview:-1\" \/>\n<link rel=\"canonical\" href=\"https:\/\/cocemfevalencia.org\/es\/cocemfe-valencia-participa-en-la-i-trobada-de-tecnics-organitzat-per-grup-osga\/\" \/>\n<meta property=\"og:locale\" content=\"es_ES\" \/>\n<meta property=\"og:type\" content=\"article\" \/>\n<meta property=\"og:title\" content=\"COCEMFE Val\u00e8ncia participa en la I Trobada de t\u00e8cnics organitzat per Grup Osga - Cocemfe Valencia\" \/>\n<meta property=\"og:description\" content=\"COCEMFE Val\u00e8ncia participa en la I trobada de t\u00e8cnics organitzat per Grup Osga. La finalitat d&#8217;aquesta trobada al qual van assistir Pascual Castell\u00f3 Bellver, president de COCEMFE Val\u00e8ncia, Ezequiel Ruiz, responsable de l&#8217;\u00e0rea d&#8217;ocupaci\u00f3 de COCEMFE Val\u00e8ncia i el seu t\u00e8cnic Estela Ruiz, \u00e9s aconseguir un acostament entre totes dues entitats aix\u00ed com un coneixement&hellip;&nbsp;Leer m\u00e1s &raquo;COCEMFE Val\u00e8ncia participa en la I Trobada de t\u00e8cnics organitzat per Grup Osga\" \/>\n<meta property=\"og:url\" content=\"https:\/\/cocemfevalencia.org\/es\/cocemfe-valencia-participa-en-la-i-trobada-de-tecnics-organitzat-per-grup-osga\/\" \/>\n<meta property=\"og:site_name\" content=\"Cocemfe Valencia\" \/>\n<meta property=\"article:publisher\" content=\"https:\/\/www.facebook.com\/cocemfe.valencia\" \/>\n<meta property=\"article:published_time\" content=\"2019-09-23T12:31:06+00:00\" \/>\n<meta property=\"og:image\" content=\"https:\/\/cocemfevalencia.org\/wp-content\/uploads\/2019\/09\/DSC_0466-scaled.jpg\" \/>\n\t<meta property=\"og:image:width\" content=\"2560\" \/>\n\t<meta property=\"og:image:height\" content=\"1714\" \/>\n\t<meta property=\"og:image:type\" content=\"image\/jpeg\" \/>\n<meta name=\"author\" content=\"COCEMFE VALENCIA\" \/>\n<meta name=\"twitter:card\" content=\"summary_large_image\" \/>\n<meta name=\"twitter:creator\" content=\"@COCEMFEValencia\" \/>\n<meta name=\"twitter:site\" content=\"@COCEMFEValencia\" \/>\n<meta name=\"twitter:label1\" content=\"Escrito por\" \/>\n\t<meta name=\"twitter:data1\" content=\"COCEMFE VALENCIA\" \/>\n\t<meta name=\"twitter:label2\" content=\"Tiempo de lectura\" \/>\n\t<meta name=\"twitter:data2\" content=\"1 minuto\" \/>\n<script type=\"application\/ld+json\" class=\"yoast-schema-graph\">{\"@context\":\"https:\\\/\\\/schema.org\",\"@graph\":[{\"@type\":\"Article\",\"@id\":\"https:\\\/\\\/cocemfevalencia.org\\\/es\\\/cocemfe-valencia-participa-en-la-i-trobada-de-tecnics-organitzat-per-grup-osga\\\/#article\",\"isPartOf\":{\"@id\":\"https:\\\/\\\/cocemfevalencia.org\\\/es\\\/cocemfe-valencia-participa-en-la-i-trobada-de-tecnics-organitzat-per-grup-osga\\\/\"},\"author\":{\"name\":\"COCEMFE VALENCIA\",\"@id\":\"https:\\\/\\\/cocemfevalencia.org\\\/es\\\/#\\\/schema\\\/person\\\/e31a24227ccbc918e2c80add51990ad7\"},\"headline\":\"COCEMFE Val\u00e8ncia participa en la I Trobada de t\u00e8cnics organitzat per Grup Osga\",\"datePublished\":\"2019-09-23T12:31:06+00:00\",\"mainEntityOfPage\":{\"@id\":\"https:\\\/\\\/cocemfevalencia.org\\\/es\\\/cocemfe-valencia-participa-en-la-i-trobada-de-tecnics-organitzat-per-grup-osga\\\/\"},\"wordCount\":185,\"publisher\":{\"@id\":\"https:\\\/\\\/cocemfevalencia.org\\\/es\\\/#organization\"},\"image\":{\"@id\":\"https:\\\/\\\/cocemfevalencia.org\\\/es\\\/cocemfe-valencia-participa-en-la-i-trobada-de-tecnics-organitzat-per-grup-osga\\\/#primaryimage\"},\"thumbnailUrl\":\"https:\\\/\\\/cocemfevalencia.org\\\/wp-content\\\/uploads\\\/2019\\\/09\\\/DSC_0466-scaled.jpg\",\"articleSection\":[\"Not\u00edcies\"],\"inLanguage\":\"es\"},{\"@type\":\"WebPage\",\"@id\":\"https:\\\/\\\/cocemfevalencia.org\\\/es\\\/cocemfe-valencia-participa-en-la-i-trobada-de-tecnics-organitzat-per-grup-osga\\\/\",\"url\":\"https:\\\/\\\/cocemfevalencia.org\\\/es\\\/cocemfe-valencia-participa-en-la-i-trobada-de-tecnics-organitzat-per-grup-osga\\\/\",\"name\":\"COCEMFE Val\u00e8ncia participa en la I Trobada de t\u00e8cnics organitzat per Grup Osga - Cocemfe Valencia\",\"isPartOf\":{\"@id\":\"https:\\\/\\\/cocemfevalencia.org\\\/es\\\/#website\"},\"primaryImageOfPage\":{\"@id\":\"https:\\\/\\\/cocemfevalencia.org\\\/es\\\/cocemfe-valencia-participa-en-la-i-trobada-de-tecnics-organitzat-per-grup-osga\\\/#primaryimage\"},\"image\":{\"@id\":\"https:\\\/\\\/cocemfevalencia.org\\\/es\\\/cocemfe-valencia-participa-en-la-i-trobada-de-tecnics-organitzat-per-grup-osga\\\/#primaryimage\"},\"thumbnailUrl\":\"https:\\\/\\\/cocemfevalencia.org\\\/wp-content\\\/uploads\\\/2019\\\/09\\\/DSC_0466-scaled.jpg\",\"datePublished\":\"2019-09-23T12:31:06+00:00\",\"breadcrumb\":{\"@id\":\"https:\\\/\\\/cocemfevalencia.org\\\/es\\\/cocemfe-valencia-participa-en-la-i-trobada-de-tecnics-organitzat-per-grup-osga\\\/#breadcrumb\"},\"inLanguage\":\"es\",\"potentialAction\":[{\"@type\":\"ReadAction\",\"target\":[\"https:\\\/\\\/cocemfevalencia.org\\\/es\\\/cocemfe-valencia-participa-en-la-i-trobada-de-tecnics-organitzat-per-grup-osga\\\/\"]}]},{\"@type\":\"ImageObject\",\"inLanguage\":\"es\",\"@id\":\"https:\\\/\\\/cocemfevalencia.org\\\/es\\\/cocemfe-valencia-participa-en-la-i-trobada-de-tecnics-organitzat-per-grup-osga\\\/#primaryimage\",\"url\":\"https:\\\/\\\/cocemfevalencia.org\\\/wp-content\\\/uploads\\\/2019\\\/09\\\/DSC_0466-scaled.jpg\",\"contentUrl\":\"https:\\\/\\\/cocemfevalencia.org\\\/wp-content\\\/uploads\\\/2019\\\/09\\\/DSC_0466-scaled.jpg\",\"width\":2560,\"height\":1714},{\"@type\":\"BreadcrumbList\",\"@id\":\"https:\\\/\\\/cocemfevalencia.org\\\/es\\\/cocemfe-valencia-participa-en-la-i-trobada-de-tecnics-organitzat-per-grup-osga\\\/#breadcrumb\",\"itemListElement\":[{\"@type\":\"ListItem\",\"position\":1,\"name\":\"Portada\",\"item\":\"https:\\\/\\\/cocemfevalencia.org\\\/es\\\/\"},{\"@type\":\"ListItem\",\"position\":2,\"name\":\"COCEMFE Val\u00e8ncia participa en la I Trobada de t\u00e8cnics organitzat per Grup Osga\"}]},{\"@type\":\"WebSite\",\"@id\":\"https:\\\/\\\/cocemfevalencia.org\\\/es\\\/#website\",\"url\":\"https:\\\/\\\/cocemfevalencia.org\\\/es\\\/\",\"name\":\"Cocemfe Valencia\",\"description\":\"FEDERACI\u00d3N DE ASOCIACIONES DE PERSONAS CON DISCAPACIDAD F\u00cdSICA Y ORG\u00c1NICA DE LA PROV\u00cdNCIA DE VALENCIA\",\"publisher\":{\"@id\":\"https:\\\/\\\/cocemfevalencia.org\\\/es\\\/#organization\"},\"potentialAction\":[{\"@type\":\"SearchAction\",\"target\":{\"@type\":\"EntryPoint\",\"urlTemplate\":\"https:\\\/\\\/cocemfevalencia.org\\\/es\\\/?s={search_term_string}\"},\"query-input\":{\"@type\":\"PropertyValueSpecification\",\"valueRequired\":true,\"valueName\":\"search_term_string\"}}],\"inLanguage\":\"es\"},{\"@type\":\"Organization\",\"@id\":\"https:\\\/\\\/cocemfevalencia.org\\\/es\\\/#organization\",\"name\":\"Cocemfe Valencia\",\"url\":\"https:\\\/\\\/cocemfevalencia.org\\\/es\\\/\",\"logo\":{\"@type\":\"ImageObject\",\"inLanguage\":\"es\",\"@id\":\"https:\\\/\\\/cocemfevalencia.org\\\/es\\\/#\\\/schema\\\/logo\\\/image\\\/\",\"url\":\"https:\\\/\\\/cocemfevalencia.org\\\/wp-content\\\/uploads\\\/2023\\\/03\\\/0312-Horizontal-una-linea-larga-rgb-positivo-Tricolor.png\",\"contentUrl\":\"https:\\\/\\\/cocemfevalencia.org\\\/wp-content\\\/uploads\\\/2023\\\/03\\\/0312-Horizontal-una-linea-larga-rgb-positivo-Tricolor.png\",\"width\":2334,\"height\":613,\"caption\":\"Cocemfe Valencia\"},\"image\":{\"@id\":\"https:\\\/\\\/cocemfevalencia.org\\\/es\\\/#\\\/schema\\\/logo\\\/image\\\/\"},\"sameAs\":[\"https:\\\/\\\/www.facebook.com\\\/cocemfe.valencia\",\"https:\\\/\\\/x.com\\\/COCEMFEValencia\"]},{\"@type\":\"Person\",\"@id\":\"https:\\\/\\\/cocemfevalencia.org\\\/es\\\/#\\\/schema\\\/person\\\/e31a24227ccbc918e2c80add51990ad7\",\"name\":\"COCEMFE VALENCIA\",\"image\":{\"@type\":\"ImageObject\",\"inLanguage\":\"es\",\"@id\":\"https:\\\/\\\/secure.gravatar.com\\\/avatar\\\/81dd2ced4591577d70433bbfde65ba3f931e09f5cb4ca8c890817c47789b47f0?s=96&d=mm&r=g\",\"url\":\"https:\\\/\\\/secure.gravatar.com\\\/avatar\\\/81dd2ced4591577d70433bbfde65ba3f931e09f5cb4ca8c890817c47789b47f0?s=96&d=mm&r=g\",\"contentUrl\":\"https:\\\/\\\/secure.gravatar.com\\\/avatar\\\/81dd2ced4591577d70433bbfde65ba3f931e09f5cb4ca8c890817c47789b47f0?s=96&d=mm&r=g\",\"caption\":\"COCEMFE VALENCIA\"}}]}<\/script>\n<!-- \/ Yoast SEO plugin. -->","yoast_head_json":{"title":"COCEMFE Val\u00e8ncia participa en la I Trobada de t\u00e8cnics organitzat per Grup Osga - Cocemfe Valencia","robots":{"index":"index","follow":"follow","max-snippet":"max-snippet:-1","max-image-preview":"max-image-preview:large","max-video-preview":"max-video-preview:-1"},"canonical":"https:\/\/cocemfevalencia.org\/es\/cocemfe-valencia-participa-en-la-i-trobada-de-tecnics-organitzat-per-grup-osga\/","og_locale":"es_ES","og_type":"article","og_title":"COCEMFE Val\u00e8ncia participa en la I Trobada de t\u00e8cnics organitzat per Grup Osga - Cocemfe Valencia","og_description":"COCEMFE Val\u00e8ncia participa en la I trobada de t\u00e8cnics organitzat per Grup Osga. La finalitat d&#8217;aquesta trobada al qual van assistir Pascual Castell\u00f3 Bellver, president de COCEMFE Val\u00e8ncia, Ezequiel Ruiz, responsable de l&#8217;\u00e0rea d&#8217;ocupaci\u00f3 de COCEMFE Val\u00e8ncia i el seu t\u00e8cnic Estela Ruiz, \u00e9s aconseguir un acostament entre totes dues entitats aix\u00ed com un coneixement&hellip;&nbsp;Leer m\u00e1s &raquo;COCEMFE Val\u00e8ncia participa en la I Trobada de t\u00e8cnics organitzat per Grup Osga","og_url":"https:\/\/cocemfevalencia.org\/es\/cocemfe-valencia-participa-en-la-i-trobada-de-tecnics-organitzat-per-grup-osga\/","og_site_name":"Cocemfe Valencia","article_publisher":"https:\/\/www.facebook.com\/cocemfe.valencia","article_published_time":"2019-09-23T12:31:06+00:00","og_image":[{"width":2560,"height":1714,"url":"https:\/\/cocemfevalencia.org\/wp-content\/uploads\/2019\/09\/DSC_0466-scaled.jpg","type":"image\/jpeg"}],"author":"COCEMFE VALENCIA","twitter_card":"summary_large_image","twitter_creator":"@COCEMFEValencia","twitter_site":"@COCEMFEValencia","twitter_misc":{"Escrito por":"COCEMFE VALENCIA","Tiempo de lectura":"1 minuto"},"schema":{"@context":"https:\/\/schema.org","@graph":[{"@type":"Article","@id":"https:\/\/cocemfevalencia.org\/es\/cocemfe-valencia-participa-en-la-i-trobada-de-tecnics-organitzat-per-grup-osga\/#article","isPartOf":{"@id":"https:\/\/cocemfevalencia.org\/es\/cocemfe-valencia-participa-en-la-i-trobada-de-tecnics-organitzat-per-grup-osga\/"},"author":{"name":"COCEMFE VALENCIA","@id":"https:\/\/cocemfevalencia.org\/es\/#\/schema\/person\/e31a24227ccbc918e2c80add51990ad7"},"headline":"COCEMFE Val\u00e8ncia participa en la I Trobada de t\u00e8cnics organitzat per Grup Osga","datePublished":"2019-09-23T12:31:06+00:00","mainEntityOfPage":{"@id":"https:\/\/cocemfevalencia.org\/es\/cocemfe-valencia-participa-en-la-i-trobada-de-tecnics-organitzat-per-grup-osga\/"},"wordCount":185,"publisher":{"@id":"https:\/\/cocemfevalencia.org\/es\/#organization"},"image":{"@id":"https:\/\/cocemfevalencia.org\/es\/cocemfe-valencia-participa-en-la-i-trobada-de-tecnics-organitzat-per-grup-osga\/#primaryimage"},"thumbnailUrl":"https:\/\/cocemfevalencia.org\/wp-content\/uploads\/2019\/09\/DSC_0466-scaled.jpg","articleSection":["Not\u00edcies"],"inLanguage":"es"},{"@type":"WebPage","@id":"https:\/\/cocemfevalencia.org\/es\/cocemfe-valencia-participa-en-la-i-trobada-de-tecnics-organitzat-per-grup-osga\/","url":"https:\/\/cocemfevalencia.org\/es\/cocemfe-valencia-participa-en-la-i-trobada-de-tecnics-organitzat-per-grup-osga\/","name":"COCEMFE Val\u00e8ncia participa en la I Trobada de t\u00e8cnics organitzat per Grup Osga - Cocemfe Valencia","isPartOf":{"@id":"https:\/\/cocemfevalencia.org\/es\/#website"},"primaryImageOfPage":{"@id":"https:\/\/cocemfevalencia.org\/es\/cocemfe-valencia-participa-en-la-i-trobada-de-tecnics-organitzat-per-grup-osga\/#primaryimage"},"image":{"@id":"https:\/\/cocemfevalencia.org\/es\/cocemfe-valencia-participa-en-la-i-trobada-de-tecnics-organitzat-per-grup-osga\/#primaryimage"},"thumbnailUrl":"https:\/\/cocemfevalencia.org\/wp-content\/uploads\/2019\/09\/DSC_0466-scaled.jpg","datePublished":"2019-09-23T12:31:06+00:00","breadcrumb":{"@id":"https:\/\/cocemfevalencia.org\/es\/cocemfe-valencia-participa-en-la-i-trobada-de-tecnics-organitzat-per-grup-osga\/#breadcrumb"},"inLanguage":"es","potentialAction":[{"@type":"ReadAction","target":["https:\/\/cocemfevalencia.org\/es\/cocemfe-valencia-participa-en-la-i-trobada-de-tecnics-organitzat-per-grup-osga\/"]}]},{"@type":"ImageObject","inLanguage":"es","@id":"https:\/\/cocemfevalencia.org\/es\/cocemfe-valencia-participa-en-la-i-trobada-de-tecnics-organitzat-per-grup-osga\/#primaryimage","url":"https:\/\/cocemfevalencia.org\/wp-content\/uploads\/2019\/09\/DSC_0466-scaled.jpg","contentUrl":"https:\/\/cocemfevalencia.org\/wp-content\/uploads\/2019\/09\/DSC_0466-scaled.jpg","width":2560,"height":1714},{"@type":"BreadcrumbList","@id":"https:\/\/cocemfevalencia.org\/es\/cocemfe-valencia-participa-en-la-i-trobada-de-tecnics-organitzat-per-grup-osga\/#breadcrumb","itemListElement":[{"@type":"ListItem","position":1,"name":"Portada","item":"https:\/\/cocemfevalencia.org\/es\/"},{"@type":"ListItem","position":2,"name":"COCEMFE Val\u00e8ncia participa en la I Trobada de t\u00e8cnics organitzat per Grup Osga"}]},{"@type":"WebSite","@id":"https:\/\/cocemfevalencia.org\/es\/#website","url":"https:\/\/cocemfevalencia.org\/es\/","name":"Cocemfe Valencia","description":"FEDERACI\u00d3N DE ASOCIACIONES DE PERSONAS CON DISCAPACIDAD F\u00cdSICA Y ORG\u00c1NICA DE LA PROV\u00cdNCIA DE VALENCIA","publisher":{"@id":"https:\/\/cocemfevalencia.org\/es\/#organization"},"potentialAction":[{"@type":"SearchAction","target":{"@type":"EntryPoint","urlTemplate":"https:\/\/cocemfevalencia.org\/es\/?s={search_term_string}"},"query-input":{"@type":"PropertyValueSpecification","valueRequired":true,"valueName":"search_term_string"}}],"inLanguage":"es"},{"@type":"Organization","@id":"https:\/\/cocemfevalencia.org\/es\/#organization","name":"Cocemfe Valencia","url":"https:\/\/cocemfevalencia.org\/es\/","logo":{"@type":"ImageObject","inLanguage":"es","@id":"https:\/\/cocemfevalencia.org\/es\/#\/schema\/logo\/image\/","url":"https:\/\/cocemfevalencia.org\/wp-content\/uploads\/2023\/03\/0312-Horizontal-una-linea-larga-rgb-positivo-Tricolor.png","contentUrl":"https:\/\/cocemfevalencia.org\/wp-content\/uploads\/2023\/03\/0312-Horizontal-una-linea-larga-rgb-positivo-Tricolor.png","width":2334,"height":613,"caption":"Cocemfe Valencia"},"image":{"@id":"https:\/\/cocemfevalencia.org\/es\/#\/schema\/logo\/image\/"},"sameAs":["https:\/\/www.facebook.com\/cocemfe.valencia","https:\/\/x.com\/COCEMFEValencia"]},{"@type":"Person","@id":"https:\/\/cocemfevalencia.org\/es\/#\/schema\/person\/e31a24227ccbc918e2c80add51990ad7","name":"COCEMFE VALENCIA","image":{"@type":"ImageObject","inLanguage":"es","@id":"https:\/\/secure.gravatar.com\/avatar\/81dd2ced4591577d70433bbfde65ba3f931e09f5cb4ca8c890817c47789b47f0?s=96&d=mm&r=g","url":"https:\/\/secure.gravatar.com\/avatar\/81dd2ced4591577d70433bbfde65ba3f931e09f5cb4ca8c890817c47789b47f0?s=96&d=mm&r=g","contentUrl":"https:\/\/secure.gravatar.com\/avatar\/81dd2ced4591577d70433bbfde65ba3f931e09f5cb4ca8c890817c47789b47f0?s=96&d=mm&r=g","caption":"COCEMFE VALENCIA"}}]}},"_links":{"self":[{"href":"https:\/\/cocemfevalencia.org\/es\/wp-json\/wp\/v2\/posts\/3563","targetHints":{"allow":["GET"]}}],"collection":[{"href":"https:\/\/cocemfevalencia.org\/es\/wp-json\/wp\/v2\/posts"}],"about":[{"href":"https:\/\/cocemfevalencia.org\/es\/wp-json\/wp\/v2\/types\/post"}],"author":[{"embeddable":true,"href":"https:\/\/cocemfevalencia.org\/es\/wp-json\/wp\/v2\/users\/3"}],"replies":[{"embeddable":true,"href":"https:\/\/cocemfevalencia.org\/es\/wp-json\/wp\/v2\/comments?post=3563"}],"version-history":[{"count":0,"href":"https:\/\/cocemfevalencia.org\/es\/wp-json\/wp\/v2\/posts\/3563\/revisions"}],"wp:featuredmedia":[{"embeddable":true,"href":"https:\/\/cocemfevalencia.org\/es\/wp-json\/wp\/v2\/media\/3564"}],"wp:attachment":[{"href":"https:\/\/cocemfevalencia.org\/es\/wp-json\/wp\/v2\/media?parent=3563"}],"wp:term":[{"taxonomy":"category","embeddable":true,"href":"https:\/\/cocemfevalencia.org\/es\/wp-json\/wp\/v2\/categories?post=3563"},{"taxonomy":"post_tag","embeddable":true,"href":"https:\/\/cocemfevalencia.org\/es\/wp-json\/wp\/v2\/tags?post=3563"}],"curies":[{"name":"wp","href":"https:\/\/api.w.org\/{rel}","templated":true}]}}