{"id":3867,"date":"2019-11-28T15:35:13","date_gmt":"2019-11-28T13:35:13","guid":{"rendered":"http:\/\/cocemfevalencia.org\/?p=3867"},"modified":"2019-11-28T15:35:13","modified_gmt":"2019-11-28T13:35:13","slug":"dinamica-grupal-de-les-nostres-usuaries-ditineraris-amb-lempresa-integra","status":"publish","type":"post","link":"https:\/\/cocemfevalencia.org\/es\/dinamica-grupal-de-les-nostres-usuaries-ditineraris-amb-lempresa-integra\/","title":{"rendered":"Din\u00e0mica grupal de les nostres usu\u00e0ries d&#8217;itineraris amb l&#8217;empresa INTEGRA"},"content":{"rendered":"\t\t<div data-elementor-type=\"wp-post\" data-elementor-id=\"3867\" class=\"elementor elementor-3867\" data-elementor-post-type=\"post\">\n\t\t\t\t\t\t<section class=\"elementor-section elementor-top-section elementor-element elementor-element-06be732 elementor-section-boxed elementor-section-height-default elementor-section-height-default\" data-id=\"06be732\" data-element_type=\"section\" data-e-type=\"section\">\n\t\t\t\t\t\t<div class=\"elementor-container elementor-column-gap-default\">\n\t\t\t\t\t<div class=\"elementor-column elementor-col-50 elementor-top-column elementor-element elementor-element-f5cb7b1\" data-id=\"f5cb7b1\" data-element_type=\"column\" data-e-type=\"column\">\n\t\t\t<div class=\"elementor-widget-wrap elementor-element-populated\">\n\t\t\t\t\t\t<div class=\"elementor-element elementor-element-4209a64 elementor-widget elementor-widget-image\" data-id=\"4209a64\" data-element_type=\"widget\" data-e-type=\"widget\" data-widget_type=\"image.default\">\n\t\t\t\t<div class=\"elementor-widget-container\">\n\t\t\t\t\t\t\t\t\t\t\t\t\t\t\t<img fetchpriority=\"high\" decoding=\"async\" width=\"1024\" height=\"768\" src=\"https:\/\/cocemfevalencia.org\/wp-content\/uploads\/2019\/11\/WhatsApp-Image-2019-11-27-at-13.02.50-3.jpeg\" class=\"attachment-large size-large wp-image-3876\" alt=\"\" srcset=\"https:\/\/cocemfevalencia.org\/wp-content\/uploads\/2019\/11\/WhatsApp-Image-2019-11-27-at-13.02.50-3.jpeg 1024w, https:\/\/cocemfevalencia.org\/wp-content\/uploads\/2019\/11\/WhatsApp-Image-2019-11-27-at-13.02.50-3-300x225.jpeg 300w, https:\/\/cocemfevalencia.org\/wp-content\/uploads\/2019\/11\/WhatsApp-Image-2019-11-27-at-13.02.50-3-768x576.jpeg 768w\" sizes=\"(max-width: 1024px) 100vw, 1024px\" \/>\t\t\t\t\t\t\t\t\t\t\t\t\t\t\t<\/div>\n\t\t\t\t<\/div>\n\t\t\t\t\t<\/div>\n\t\t<\/div>\n\t\t\t\t<div class=\"elementor-column elementor-col-50 elementor-top-column elementor-element elementor-element-646dc65\" data-id=\"646dc65\" data-element_type=\"column\" data-e-type=\"column\">\n\t\t\t<div class=\"elementor-widget-wrap elementor-element-populated\">\n\t\t\t\t\t\t<div class=\"elementor-element elementor-element-50702e2 elementor-widget elementor-widget-text-editor\" data-id=\"50702e2\" data-element_type=\"widget\" data-e-type=\"widget\" data-widget_type=\"text-editor.default\">\n\t\t\t\t<div class=\"elementor-widget-container\">\n\t\t\t\t\t\t\t\t\t<p>Ahir vam viure una experi\u00e8ncia molt positiva per a les nostres usu\u00e0ries del programa d&#8217;ITINERARIS D&#8217;INSERCI\u00d3 SOCIAL LABORAL PER A DONES AMB DISCAPACITAT.<\/p><p>Per a millorar l&#8217;ocupabilitat \u00e9s important con\u00e9ixer recursos i eines, treballar compet\u00e8ncies personals, professionals i digitals, per\u00f2 sobretot, tindre acc\u00e9s a processos selectius i oportunitats laborals.<\/p><p>Vam poder posar en pr\u00e0ctica tot l&#8217;apr\u00e9s quant a autoconeixement, habilitats socials, comunicaci\u00f3\u2026 en una DIN\u00c0MICA DE GRUP amb l&#8217;empresa INTEGRA CEE.<\/p><p>INTEGRA CEE \u00e9s un centre especial d&#8217;ocupaci\u00f3 que es dedica a serveis globals, principalment oferint oportunitats laborals per a persones amb discapacitat en llocs de neteja i auxiliar de serveis.<\/p><p><img decoding=\"async\" class=\"size-full wp-image-2899 aligncenter\" src=\"http:\/\/cocemfevalencia.org\/wp-content\/uploads\/2019\/04\/logomain_2.jpg.png\" alt=\"\" width=\"206\" height=\"79\" \/><\/p>\t\t\t\t\t\t\t\t<\/div>\n\t\t\t\t<\/div>\n\t\t\t\t\t<\/div>\n\t\t<\/div>\n\t\t\t\t\t<\/div>\n\t\t<\/section>\n\t\t\t\t<section class=\"elementor-section elementor-top-section elementor-element elementor-element-675505c elementor-section-boxed elementor-section-height-default elementor-section-height-default\" data-id=\"675505c\" data-element_type=\"section\" data-e-type=\"section\">\n\t\t\t\t\t\t<div class=\"elementor-container elementor-column-gap-default\">\n\t\t\t\t\t<div class=\"elementor-column elementor-col-100 elementor-top-column elementor-element elementor-element-c629b83\" data-id=\"c629b83\" data-element_type=\"column\" data-e-type=\"column\">\n\t\t\t<div class=\"elementor-widget-wrap elementor-element-populated\">\n\t\t\t\t\t\t<div class=\"elementor-element elementor-element-d2d040e elementor-widget elementor-widget-text-editor\" data-id=\"d2d040e\" data-element_type=\"widget\" data-e-type=\"widget\" data-widget_type=\"text-editor.default\">\n\t\t\t\t<div class=\"elementor-widget-container\">\n\t\t\t\t\t\t\t\t\t<p>En primer lloc, es va presentar l&#8217;empresa, incidint en les caracter\u00edstiques i compet\u00e8ncies que valoren en els seus treballadors\/as o potencials persones contractades.<\/p><p>En segon lloc, cada participant va poder presentar el seu perfil professional i es van realitzar dos grups per a treballar un sup\u00f2sit pr\u00e0ctic.<\/p><p>L&#8217;empresa es va mostrar molt satisfeta amb els diferents perfils entrevistats i sobretot va destacar l&#8217;actitud, bona predisposici\u00f3 i motivaci\u00f3 de totes les participants. Valoraran de forma individualitzada cada perfil concorde a les necessitats de cobrir llocs de treball en la seua empresa.<\/p><p>Per part seua, les participants van agrair a l&#8217;equip de COCEMFE Val\u00e8ncia aquest acostament amb l&#8217;empresa, que els permet posar en pr\u00e0ctica l&#8217;apr\u00e9s en un context real.<\/p>\t\t\t\t\t\t\t\t<\/div>\n\t\t\t\t<\/div>\n\t\t\t\t\t<\/div>\n\t\t<\/div>\n\t\t\t\t\t<\/div>\n\t\t<\/section>\n\t\t\t\t<section class=\"elementor-section elementor-top-section elementor-element elementor-element-b3cadda elementor-section-boxed elementor-section-height-default elementor-section-height-default\" data-id=\"b3cadda\" data-element_type=\"section\" data-e-type=\"section\">\n\t\t\t\t\t\t<div class=\"elementor-container elementor-column-gap-default\">\n\t\t\t\t\t<div class=\"elementor-column elementor-col-100 elementor-top-column elementor-element elementor-element-b3c039f\" data-id=\"b3c039f\" data-element_type=\"column\" data-e-type=\"column\">\n\t\t\t<div class=\"elementor-widget-wrap elementor-element-populated\">\n\t\t\t\t\t\t<div class=\"elementor-element elementor-element-a4566b4 elementor-widget elementor-widget-image-gallery\" data-id=\"a4566b4\" data-element_type=\"widget\" data-e-type=\"widget\" data-widget_type=\"image-gallery.default\">\n\t\t\t\t<div class=\"elementor-widget-container\">\n\t\t\t\t\t\t\t<div class=\"elementor-image-gallery\">\n\t\t\t<div id='gallery-1' class='gallery galleryid-3867 gallery-columns-6 gallery-size-thumbnail'><figure class='gallery-item'>\n\t\t\t<div class='gallery-icon landscape'>\n\t\t\t\t<a data-elementor-open-lightbox=\"yes\" data-elementor-lightbox-slideshow=\"a4566b4\" data-elementor-lightbox-title=\"WhatsApp Image 2019-11-27 at 13.02.50 (3)\" data-e-action-hash=\"#elementor-action%3Aaction%3Dlightbox%26settings%3DeyJpZCI6Mzg3NiwidXJsIjoiaHR0cHM6XC9cL2NvY2VtZmV2YWxlbmNpYS5vcmdcL3dwLWNvbnRlbnRcL3VwbG9hZHNcLzIwMTlcLzExXC9XaGF0c0FwcC1JbWFnZS0yMDE5LTExLTI3LWF0LTEzLjAyLjUwLTMuanBlZyIsInNsaWRlc2hvdyI6ImE0NTY2YjQifQ%3D%3D\" href='https:\/\/cocemfevalencia.org\/wp-content\/uploads\/2019\/11\/WhatsApp-Image-2019-11-27-at-13.02.50-3.jpeg'><img width=\"150\" height=\"150\" src=\"https:\/\/cocemfevalencia.org\/wp-content\/uploads\/2019\/11\/WhatsApp-Image-2019-11-27-at-13.02.50-3-150x150.jpeg\" class=\"attachment-thumbnail size-thumbnail\" alt=\"\" decoding=\"async\" \/><\/a>\n\t\t\t<\/div><\/figure><figure class='gallery-item'>\n\t\t\t<div class='gallery-icon landscape'>\n\t\t\t\t<a data-elementor-open-lightbox=\"yes\" data-elementor-lightbox-slideshow=\"a4566b4\" data-elementor-lightbox-title=\"WhatsApp Image 2019-11-27 at 13.01.30\" data-e-action-hash=\"#elementor-action%3Aaction%3Dlightbox%26settings%3DeyJpZCI6Mzg3NCwidXJsIjoiaHR0cHM6XC9cL2NvY2VtZmV2YWxlbmNpYS5vcmdcL3dwLWNvbnRlbnRcL3VwbG9hZHNcLzIwMTlcLzExXC9XaGF0c0FwcC1JbWFnZS0yMDE5LTExLTI3LWF0LTEzLjAxLjMwLTIuanBlZyIsInNsaWRlc2hvdyI6ImE0NTY2YjQifQ%3D%3D\" href='https:\/\/cocemfevalencia.org\/wp-content\/uploads\/2019\/11\/WhatsApp-Image-2019-11-27-at-13.01.30-2.jpeg'><img loading=\"lazy\" width=\"150\" height=\"150\" src=\"https:\/\/cocemfevalencia.org\/wp-content\/uploads\/2019\/11\/WhatsApp-Image-2019-11-27-at-13.01.30-2-150x150.jpeg\" class=\"attachment-thumbnail size-thumbnail\" alt=\"\" decoding=\"async\" \/><\/a>\n\t\t\t<\/div><\/figure><figure class='gallery-item'>\n\t\t\t<div class='gallery-icon portrait'>\n\t\t\t\t<a data-elementor-open-lightbox=\"yes\" data-elementor-lightbox-slideshow=\"a4566b4\" data-elementor-lightbox-title=\"WhatsApp Image 2019-11-27 at 13.01.30 (1)\" data-e-action-hash=\"#elementor-action%3Aaction%3Dlightbox%26settings%3DeyJpZCI6Mzg3MywidXJsIjoiaHR0cHM6XC9cL2NvY2VtZmV2YWxlbmNpYS5vcmdcL3dwLWNvbnRlbnRcL3VwbG9hZHNcLzIwMTlcLzExXC9XaGF0c0FwcC1JbWFnZS0yMDE5LTExLTI3LWF0LTEzLjAxLjMwLTEuanBlZyIsInNsaWRlc2hvdyI6ImE0NTY2YjQifQ%3D%3D\" href='https:\/\/cocemfevalencia.org\/wp-content\/uploads\/2019\/11\/WhatsApp-Image-2019-11-27-at-13.01.30-1.jpeg'><img loading=\"lazy\" width=\"150\" height=\"150\" src=\"https:\/\/cocemfevalencia.org\/wp-content\/uploads\/2019\/11\/WhatsApp-Image-2019-11-27-at-13.01.30-1-150x150.jpeg\" class=\"attachment-thumbnail size-thumbnail\" alt=\"\" decoding=\"async\" \/><\/a>\n\t\t\t<\/div><\/figure><figure class='gallery-item'>\n\t\t\t<div class='gallery-icon landscape'>\n\t\t\t\t<a data-elementor-open-lightbox=\"yes\" data-elementor-lightbox-slideshow=\"a4566b4\" data-elementor-lightbox-title=\"WhatsApp Image 2019-11-27 at 13.01.29 (2)\" data-e-action-hash=\"#elementor-action%3Aaction%3Dlightbox%26settings%3DeyJpZCI6Mzg3MiwidXJsIjoiaHR0cHM6XC9cL2NvY2VtZmV2YWxlbmNpYS5vcmdcL3dwLWNvbnRlbnRcL3VwbG9hZHNcLzIwMTlcLzExXC9XaGF0c0FwcC1JbWFnZS0yMDE5LTExLTI3LWF0LTEzLjAxLjI5LTIuanBlZyIsInNsaWRlc2hvdyI6ImE0NTY2YjQifQ%3D%3D\" href='https:\/\/cocemfevalencia.org\/wp-content\/uploads\/2019\/11\/WhatsApp-Image-2019-11-27-at-13.01.29-2.jpeg'><img loading=\"lazy\" width=\"150\" height=\"150\" src=\"https:\/\/cocemfevalencia.org\/wp-content\/uploads\/2019\/11\/WhatsApp-Image-2019-11-27-at-13.01.29-2-150x150.jpeg\" class=\"attachment-thumbnail size-thumbnail\" alt=\"\" decoding=\"async\" \/><\/a>\n\t\t\t<\/div><\/figure><figure class='gallery-item'>\n\t\t\t<div class='gallery-icon landscape'>\n\t\t\t\t<a data-elementor-open-lightbox=\"yes\" data-elementor-lightbox-slideshow=\"a4566b4\" data-elementor-lightbox-title=\"WhatsApp Image 2019-11-27 at 13.01.28\" data-e-action-hash=\"#elementor-action%3Aaction%3Dlightbox%26settings%3DeyJpZCI6Mzg3MSwidXJsIjoiaHR0cHM6XC9cL2NvY2VtZmV2YWxlbmNpYS5vcmdcL3dwLWNvbnRlbnRcL3VwbG9hZHNcLzIwMTlcLzExXC9XaGF0c0FwcC1JbWFnZS0yMDE5LTExLTI3LWF0LTEzLjAxLjI4LmpwZWciLCJzbGlkZXNob3ciOiJhNDU2NmI0In0%3D\" href='https:\/\/cocemfevalencia.org\/wp-content\/uploads\/2019\/11\/WhatsApp-Image-2019-11-27-at-13.01.28.jpeg'><img loading=\"lazy\" width=\"150\" height=\"150\" src=\"https:\/\/cocemfevalencia.org\/wp-content\/uploads\/2019\/11\/WhatsApp-Image-2019-11-27-at-13.01.28-150x150.jpeg\" class=\"attachment-thumbnail size-thumbnail\" alt=\"\" decoding=\"async\" \/><\/a>\n\t\t\t<\/div><\/figure><figure class='gallery-item'>\n\t\t\t<div class='gallery-icon landscape'>\n\t\t\t\t<a data-elementor-open-lightbox=\"yes\" data-elementor-lightbox-slideshow=\"a4566b4\" data-elementor-lightbox-title=\"WhatsApp Image 2019-11-27 at 13.01.30\" data-e-action-hash=\"#elementor-action%3Aaction%3Dlightbox%26settings%3DeyJpZCI6Mzg2OSwidXJsIjoiaHR0cHM6XC9cL2NvY2VtZmV2YWxlbmNpYS5vcmdcL3dwLWNvbnRlbnRcL3VwbG9hZHNcLzIwMTlcLzExXC9XaGF0c0FwcC1JbWFnZS0yMDE5LTExLTI3LWF0LTEzLjAxLjMwLmpwZWciLCJzbGlkZXNob3ciOiJhNDU2NmI0In0%3D\" href='https:\/\/cocemfevalencia.org\/wp-content\/uploads\/2019\/11\/WhatsApp-Image-2019-11-27-at-13.01.30.jpeg'><img loading=\"lazy\" width=\"150\" height=\"150\" src=\"https:\/\/cocemfevalencia.org\/wp-content\/uploads\/2019\/11\/WhatsApp-Image-2019-11-27-at-13.01.30-150x150.jpeg\" class=\"attachment-thumbnail size-thumbnail\" alt=\"\" decoding=\"async\" \/><\/a>\n\t\t\t<\/div><\/figure><figure class='gallery-item'>\n\t\t\t<div class='gallery-icon landscape'>\n\t\t\t\t<a data-elementor-open-lightbox=\"yes\" data-elementor-lightbox-slideshow=\"a4566b4\" data-elementor-lightbox-title=\"WhatsApp Image 2019-11-27 at 12.59.07 (1)\" data-e-action-hash=\"#elementor-action%3Aaction%3Dlightbox%26settings%3DeyJpZCI6Mzg3MCwidXJsIjoiaHR0cHM6XC9cL2NvY2VtZmV2YWxlbmNpYS5vcmdcL3dwLWNvbnRlbnRcL3VwbG9hZHNcLzIwMTlcLzExXC9XaGF0c0FwcC1JbWFnZS0yMDE5LTExLTI3LWF0LTEyLjU5LjA3LTEuanBlZyIsInNsaWRlc2hvdyI6ImE0NTY2YjQifQ%3D%3D\" href='https:\/\/cocemfevalencia.org\/wp-content\/uploads\/2019\/11\/WhatsApp-Image-2019-11-27-at-12.59.07-1.jpeg'><img loading=\"lazy\" width=\"150\" height=\"150\" src=\"https:\/\/cocemfevalencia.org\/wp-content\/uploads\/2019\/11\/WhatsApp-Image-2019-11-27-at-12.59.07-1-150x150.jpeg\" class=\"attachment-thumbnail size-thumbnail\" alt=\"\" decoding=\"async\" \/><\/a>\n\t\t\t<\/div><\/figure>\n\t\t<\/div>\n\t\t<\/div>\n\t\t\t\t\t\t<\/div>\n\t\t\t\t<\/div>\n\t\t\t\t\t<\/div>\n\t\t<\/div>\n\t\t\t\t\t<\/div>\n\t\t<\/section>\n\t\t\t\t<section class=\"elementor-section elementor-top-section elementor-element elementor-element-f38cd9c elementor-section-boxed elementor-section-height-default elementor-section-height-default\" data-id=\"f38cd9c\" data-element_type=\"section\" data-e-type=\"section\">\n\t\t\t\t\t\t<div class=\"elementor-container elementor-column-gap-default\">\n\t\t\t\t\t<div class=\"elementor-column elementor-col-100 elementor-top-column elementor-element elementor-element-201c67d\" data-id=\"201c67d\" data-element_type=\"column\" data-e-type=\"column\">\n\t\t\t<div class=\"elementor-widget-wrap elementor-element-populated\">\n\t\t\t\t\t\t<div class=\"elementor-element elementor-element-fc187e5 elementor-widget elementor-widget-heading\" data-id=\"fc187e5\" data-element_type=\"widget\" data-e-type=\"widget\" data-widget_type=\"heading.default\">\n\t\t\t\t<div class=\"elementor-widget-container\">\n\t\t\t\t\t<h5 class=\"elementor-heading-title elementor-size-default\">\u201cActuaci\u00f3 cofinanciada per la Uni\u00f3 Europea a trav\u00e9s del Programa Operatiu del Fons Social Europeu (FSE) de la Comunitat Valenciana 2014-2020\u201d<\/h5>\t\t\t\t<\/div>\n\t\t\t\t<\/div>\n\t\t\t\t\t<\/div>\n\t\t<\/div>\n\t\t\t\t\t<\/div>\n\t\t<\/section>\n\t\t\t\t<section class=\"elementor-section elementor-top-section elementor-element elementor-element-7f6da9c elementor-section-boxed elementor-section-height-default elementor-section-height-default\" data-id=\"7f6da9c\" data-element_type=\"section\" data-e-type=\"section\">\n\t\t\t\t\t\t<div class=\"elementor-container elementor-column-gap-default\">\n\t\t\t\t\t<div class=\"elementor-column elementor-col-100 elementor-top-column elementor-element elementor-element-9802b04\" data-id=\"9802b04\" data-element_type=\"column\" data-e-type=\"column\">\n\t\t\t<div class=\"elementor-widget-wrap elementor-element-populated\">\n\t\t\t\t\t\t<div class=\"elementor-element elementor-element-9b9ba8f elementor-widget elementor-widget-image\" data-id=\"9b9ba8f\" data-element_type=\"widget\" data-e-type=\"widget\" data-widget_type=\"image.default\">\n\t\t\t\t<div class=\"elementor-widget-container\">\n\t\t\t\t\t\t\t\t\t\t\t\t\t\t\t<img loading=\"lazy\" decoding=\"async\" width=\"458\" height=\"99\" src=\"https:\/\/cocemfevalencia.org\/wp-content\/uploads\/2019\/07\/logosfse.png\" class=\"attachment-large size-large wp-image-3424\" alt=\"\" srcset=\"https:\/\/cocemfevalencia.org\/wp-content\/uploads\/2019\/07\/logosfse.png 458w, https:\/\/cocemfevalencia.org\/wp-content\/uploads\/2019\/07\/logosfse-300x65.png 300w\" sizes=\"(max-width: 458px) 100vw, 458px\" \/>\t\t\t\t\t\t\t\t\t\t\t\t\t\t\t<\/div>\n\t\t\t\t<\/div>\n\t\t\t\t\t<\/div>\n\t\t<\/div>\n\t\t\t\t\t<\/div>\n\t\t<\/section>\n\t\t\t\t<\/div>\n\t\t<p>Visitas: 4<\/p>","protected":false},"excerpt":{"rendered":"<p>Ahir vam viure una experi\u00e8ncia molt positiva per a les nostres usu\u00e0ries del programa d&#8217;ITINERARIS D&#8217;INSERCI\u00d3 SOCIAL LABORAL PER A DONES AMB DISCAPACITAT. Per a millorar l&#8217;ocupabilitat \u00e9s important con\u00e9ixer recursos i eines, treballar compet\u00e8ncies personals, professionals i digitals, per\u00f2 sobretot, tindre acc\u00e9s a processos selectius i oportunitats laborals. Vam poder posar en pr\u00e0ctica tot&hellip;&nbsp;<a href=\"https:\/\/cocemfevalencia.org\/es\/dinamica-grupal-de-les-nostres-usuaries-ditineraris-amb-lempresa-integra\/\" rel=\"bookmark\">Leer m\u00e1s &raquo;<span class=\"screen-reader-text\">Din\u00e0mica grupal de les nostres usu\u00e0ries d&#8217;itineraris amb l&#8217;empresa INTEGRA<\/span><\/a><\/p>\n","protected":false},"author":3,"featured_media":3875,"comment_status":"closed","ping_status":"closed","sticky":false,"template":"","format":"standard","meta":{"rop_custom_images_group":[],"rop_custom_messages_group":[],"rop_publish_now":"initial","rop_publish_now_accounts":[],"rop_publish_now_history":[],"rop_publish_now_status":"pending","neve_meta_sidebar":"","neve_meta_container":"","neve_meta_enable_content_width":"","neve_meta_content_width":0,"neve_meta_title_alignment":"","neve_meta_author_avatar":"","neve_post_elements_order":"","neve_meta_disable_header":"","neve_meta_disable_footer":"","neve_meta_disable_title":"","footnotes":""},"categories":[5],"tags":[],"class_list":["post-3867","post","type-post","status-publish","format-standard","has-post-thumbnail","hentry","category-noticias"],"yoast_head":"<!-- This site is optimized with the Yoast SEO plugin v27.3 - https:\/\/yoast.com\/product\/yoast-seo-wordpress\/ -->\n<title>Din\u00e0mica grupal de les nostres usu\u00e0ries d&#039;itineraris amb l&#039;empresa INTEGRA - Cocemfe Valencia<\/title>\n<meta name=\"robots\" content=\"index, follow, max-snippet:-1, max-image-preview:large, max-video-preview:-1\" \/>\n<link rel=\"canonical\" href=\"https:\/\/cocemfevalencia.org\/es\/dinamica-grupal-de-les-nostres-usuaries-ditineraris-amb-lempresa-integra\/\" \/>\n<meta property=\"og:locale\" content=\"es_ES\" \/>\n<meta property=\"og:type\" content=\"article\" \/>\n<meta property=\"og:title\" content=\"Din\u00e0mica grupal de les nostres usu\u00e0ries d&#039;itineraris amb l&#039;empresa INTEGRA - Cocemfe Valencia\" \/>\n<meta property=\"og:description\" content=\"Ahir vam viure una experi\u00e8ncia molt positiva per a les nostres usu\u00e0ries del programa d&#8217;ITINERARIS D&#8217;INSERCI\u00d3 SOCIAL LABORAL PER A DONES AMB DISCAPACITAT. Per a millorar l&#8217;ocupabilitat \u00e9s important con\u00e9ixer recursos i eines, treballar compet\u00e8ncies personals, professionals i digitals, per\u00f2 sobretot, tindre acc\u00e9s a processos selectius i oportunitats laborals. Vam poder posar en pr\u00e0ctica tot&hellip;&nbsp;Leer m\u00e1s &raquo;Din\u00e0mica grupal de les nostres usu\u00e0ries d&#8217;itineraris amb l&#8217;empresa INTEGRA\" \/>\n<meta property=\"og:url\" content=\"https:\/\/cocemfevalencia.org\/es\/dinamica-grupal-de-les-nostres-usuaries-ditineraris-amb-lempresa-integra\/\" \/>\n<meta property=\"og:site_name\" content=\"Cocemfe Valencia\" \/>\n<meta property=\"article:publisher\" content=\"https:\/\/www.facebook.com\/cocemfe.valencia\" \/>\n<meta property=\"article:published_time\" content=\"2019-11-28T13:35:13+00:00\" \/>\n<meta property=\"og:image\" content=\"https:\/\/cocemfevalencia.org\/wp-content\/uploads\/2019\/11\/WhatsApp-Image-2019-11-27-at-13.02.50-2.jpeg\" \/>\n\t<meta property=\"og:image:width\" content=\"1024\" \/>\n\t<meta property=\"og:image:height\" content=\"768\" \/>\n\t<meta property=\"og:image:type\" content=\"image\/jpeg\" \/>\n<meta name=\"author\" content=\"COCEMFE VALENCIA\" \/>\n<meta name=\"twitter:card\" content=\"summary_large_image\" \/>\n<meta name=\"twitter:creator\" content=\"@COCEMFEValencia\" \/>\n<meta name=\"twitter:site\" content=\"@COCEMFEValencia\" \/>\n<meta name=\"twitter:label1\" content=\"Escrito por\" \/>\n\t<meta name=\"twitter:data1\" content=\"COCEMFE VALENCIA\" \/>\n\t<meta name=\"twitter:label2\" content=\"Tiempo de lectura\" \/>\n\t<meta name=\"twitter:data2\" content=\"1 minuto\" \/>\n<script type=\"application\/ld+json\" class=\"yoast-schema-graph\">{\"@context\":\"https:\\\/\\\/schema.org\",\"@graph\":[{\"@type\":\"Article\",\"@id\":\"https:\\\/\\\/cocemfevalencia.org\\\/es\\\/dinamica-grupal-de-les-nostres-usuaries-ditineraris-amb-lempresa-integra\\\/#article\",\"isPartOf\":{\"@id\":\"https:\\\/\\\/cocemfevalencia.org\\\/es\\\/dinamica-grupal-de-les-nostres-usuaries-ditineraris-amb-lempresa-integra\\\/\"},\"author\":{\"name\":\"COCEMFE VALENCIA\",\"@id\":\"https:\\\/\\\/cocemfevalencia.org\\\/es\\\/#\\\/schema\\\/person\\\/e31a24227ccbc918e2c80add51990ad7\"},\"headline\":\"Din\u00e0mica grupal de les nostres usu\u00e0ries d&#8217;itineraris amb l&#8217;empresa INTEGRA\",\"datePublished\":\"2019-11-28T13:35:13+00:00\",\"mainEntityOfPage\":{\"@id\":\"https:\\\/\\\/cocemfevalencia.org\\\/es\\\/dinamica-grupal-de-les-nostres-usuaries-ditineraris-amb-lempresa-integra\\\/\"},\"wordCount\":268,\"publisher\":{\"@id\":\"https:\\\/\\\/cocemfevalencia.org\\\/es\\\/#organization\"},\"image\":{\"@id\":\"https:\\\/\\\/cocemfevalencia.org\\\/es\\\/dinamica-grupal-de-les-nostres-usuaries-ditineraris-amb-lempresa-integra\\\/#primaryimage\"},\"thumbnailUrl\":\"https:\\\/\\\/cocemfevalencia.org\\\/wp-content\\\/uploads\\\/2019\\\/11\\\/WhatsApp-Image-2019-11-27-at-13.02.50-2.jpeg\",\"articleSection\":[\"Not\u00edcies\"],\"inLanguage\":\"es\"},{\"@type\":\"WebPage\",\"@id\":\"https:\\\/\\\/cocemfevalencia.org\\\/es\\\/dinamica-grupal-de-les-nostres-usuaries-ditineraris-amb-lempresa-integra\\\/\",\"url\":\"https:\\\/\\\/cocemfevalencia.org\\\/es\\\/dinamica-grupal-de-les-nostres-usuaries-ditineraris-amb-lempresa-integra\\\/\",\"name\":\"Din\u00e0mica grupal de les nostres usu\u00e0ries d'itineraris amb l'empresa INTEGRA - Cocemfe Valencia\",\"isPartOf\":{\"@id\":\"https:\\\/\\\/cocemfevalencia.org\\\/es\\\/#website\"},\"primaryImageOfPage\":{\"@id\":\"https:\\\/\\\/cocemfevalencia.org\\\/es\\\/dinamica-grupal-de-les-nostres-usuaries-ditineraris-amb-lempresa-integra\\\/#primaryimage\"},\"image\":{\"@id\":\"https:\\\/\\\/cocemfevalencia.org\\\/es\\\/dinamica-grupal-de-les-nostres-usuaries-ditineraris-amb-lempresa-integra\\\/#primaryimage\"},\"thumbnailUrl\":\"https:\\\/\\\/cocemfevalencia.org\\\/wp-content\\\/uploads\\\/2019\\\/11\\\/WhatsApp-Image-2019-11-27-at-13.02.50-2.jpeg\",\"datePublished\":\"2019-11-28T13:35:13+00:00\",\"breadcrumb\":{\"@id\":\"https:\\\/\\\/cocemfevalencia.org\\\/es\\\/dinamica-grupal-de-les-nostres-usuaries-ditineraris-amb-lempresa-integra\\\/#breadcrumb\"},\"inLanguage\":\"es\",\"potentialAction\":[{\"@type\":\"ReadAction\",\"target\":[\"https:\\\/\\\/cocemfevalencia.org\\\/es\\\/dinamica-grupal-de-les-nostres-usuaries-ditineraris-amb-lempresa-integra\\\/\"]}]},{\"@type\":\"ImageObject\",\"inLanguage\":\"es\",\"@id\":\"https:\\\/\\\/cocemfevalencia.org\\\/es\\\/dinamica-grupal-de-les-nostres-usuaries-ditineraris-amb-lempresa-integra\\\/#primaryimage\",\"url\":\"https:\\\/\\\/cocemfevalencia.org\\\/wp-content\\\/uploads\\\/2019\\\/11\\\/WhatsApp-Image-2019-11-27-at-13.02.50-2.jpeg\",\"contentUrl\":\"https:\\\/\\\/cocemfevalencia.org\\\/wp-content\\\/uploads\\\/2019\\\/11\\\/WhatsApp-Image-2019-11-27-at-13.02.50-2.jpeg\",\"width\":1024,\"height\":768},{\"@type\":\"BreadcrumbList\",\"@id\":\"https:\\\/\\\/cocemfevalencia.org\\\/es\\\/dinamica-grupal-de-les-nostres-usuaries-ditineraris-amb-lempresa-integra\\\/#breadcrumb\",\"itemListElement\":[{\"@type\":\"ListItem\",\"position\":1,\"name\":\"Portada\",\"item\":\"https:\\\/\\\/cocemfevalencia.org\\\/es\\\/\"},{\"@type\":\"ListItem\",\"position\":2,\"name\":\"Din\u00e0mica grupal de les nostres usu\u00e0ries d&#8217;itineraris amb l&#8217;empresa INTEGRA\"}]},{\"@type\":\"WebSite\",\"@id\":\"https:\\\/\\\/cocemfevalencia.org\\\/es\\\/#website\",\"url\":\"https:\\\/\\\/cocemfevalencia.org\\\/es\\\/\",\"name\":\"Cocemfe Valencia\",\"description\":\"FEDERACI\u00d3N DE ASOCIACIONES DE PERSONAS CON DISCAPACIDAD F\u00cdSICA Y ORG\u00c1NICA DE LA PROV\u00cdNCIA DE VALENCIA\",\"publisher\":{\"@id\":\"https:\\\/\\\/cocemfevalencia.org\\\/es\\\/#organization\"},\"potentialAction\":[{\"@type\":\"SearchAction\",\"target\":{\"@type\":\"EntryPoint\",\"urlTemplate\":\"https:\\\/\\\/cocemfevalencia.org\\\/es\\\/?s={search_term_string}\"},\"query-input\":{\"@type\":\"PropertyValueSpecification\",\"valueRequired\":true,\"valueName\":\"search_term_string\"}}],\"inLanguage\":\"es\"},{\"@type\":\"Organization\",\"@id\":\"https:\\\/\\\/cocemfevalencia.org\\\/es\\\/#organization\",\"name\":\"Cocemfe Valencia\",\"url\":\"https:\\\/\\\/cocemfevalencia.org\\\/es\\\/\",\"logo\":{\"@type\":\"ImageObject\",\"inLanguage\":\"es\",\"@id\":\"https:\\\/\\\/cocemfevalencia.org\\\/es\\\/#\\\/schema\\\/logo\\\/image\\\/\",\"url\":\"https:\\\/\\\/cocemfevalencia.org\\\/wp-content\\\/uploads\\\/2023\\\/03\\\/0312-Horizontal-una-linea-larga-rgb-positivo-Tricolor.png\",\"contentUrl\":\"https:\\\/\\\/cocemfevalencia.org\\\/wp-content\\\/uploads\\\/2023\\\/03\\\/0312-Horizontal-una-linea-larga-rgb-positivo-Tricolor.png\",\"width\":2334,\"height\":613,\"caption\":\"Cocemfe Valencia\"},\"image\":{\"@id\":\"https:\\\/\\\/cocemfevalencia.org\\\/es\\\/#\\\/schema\\\/logo\\\/image\\\/\"},\"sameAs\":[\"https:\\\/\\\/www.facebook.com\\\/cocemfe.valencia\",\"https:\\\/\\\/x.com\\\/COCEMFEValencia\"]},{\"@type\":\"Person\",\"@id\":\"https:\\\/\\\/cocemfevalencia.org\\\/es\\\/#\\\/schema\\\/person\\\/e31a24227ccbc918e2c80add51990ad7\",\"name\":\"COCEMFE VALENCIA\",\"image\":{\"@type\":\"ImageObject\",\"inLanguage\":\"es\",\"@id\":\"https:\\\/\\\/secure.gravatar.com\\\/avatar\\\/81dd2ced4591577d70433bbfde65ba3f931e09f5cb4ca8c890817c47789b47f0?s=96&d=mm&r=g\",\"url\":\"https:\\\/\\\/secure.gravatar.com\\\/avatar\\\/81dd2ced4591577d70433bbfde65ba3f931e09f5cb4ca8c890817c47789b47f0?s=96&d=mm&r=g\",\"contentUrl\":\"https:\\\/\\\/secure.gravatar.com\\\/avatar\\\/81dd2ced4591577d70433bbfde65ba3f931e09f5cb4ca8c890817c47789b47f0?s=96&d=mm&r=g\",\"caption\":\"COCEMFE VALENCIA\"}}]}<\/script>\n<!-- \/ Yoast SEO plugin. -->","yoast_head_json":{"title":"Din\u00e0mica grupal de les nostres usu\u00e0ries d'itineraris amb l'empresa INTEGRA - Cocemfe Valencia","robots":{"index":"index","follow":"follow","max-snippet":"max-snippet:-1","max-image-preview":"max-image-preview:large","max-video-preview":"max-video-preview:-1"},"canonical":"https:\/\/cocemfevalencia.org\/es\/dinamica-grupal-de-les-nostres-usuaries-ditineraris-amb-lempresa-integra\/","og_locale":"es_ES","og_type":"article","og_title":"Din\u00e0mica grupal de les nostres usu\u00e0ries d'itineraris amb l'empresa INTEGRA - Cocemfe Valencia","og_description":"Ahir vam viure una experi\u00e8ncia molt positiva per a les nostres usu\u00e0ries del programa d&#8217;ITINERARIS D&#8217;INSERCI\u00d3 SOCIAL LABORAL PER A DONES AMB DISCAPACITAT. Per a millorar l&#8217;ocupabilitat \u00e9s important con\u00e9ixer recursos i eines, treballar compet\u00e8ncies personals, professionals i digitals, per\u00f2 sobretot, tindre acc\u00e9s a processos selectius i oportunitats laborals. Vam poder posar en pr\u00e0ctica tot&hellip;&nbsp;Leer m\u00e1s &raquo;Din\u00e0mica grupal de les nostres usu\u00e0ries d&#8217;itineraris amb l&#8217;empresa INTEGRA","og_url":"https:\/\/cocemfevalencia.org\/es\/dinamica-grupal-de-les-nostres-usuaries-ditineraris-amb-lempresa-integra\/","og_site_name":"Cocemfe Valencia","article_publisher":"https:\/\/www.facebook.com\/cocemfe.valencia","article_published_time":"2019-11-28T13:35:13+00:00","og_image":[{"width":1024,"height":768,"url":"https:\/\/cocemfevalencia.org\/wp-content\/uploads\/2019\/11\/WhatsApp-Image-2019-11-27-at-13.02.50-2.jpeg","type":"image\/jpeg"}],"author":"COCEMFE VALENCIA","twitter_card":"summary_large_image","twitter_creator":"@COCEMFEValencia","twitter_site":"@COCEMFEValencia","twitter_misc":{"Escrito por":"COCEMFE VALENCIA","Tiempo de lectura":"1 minuto"},"schema":{"@context":"https:\/\/schema.org","@graph":[{"@type":"Article","@id":"https:\/\/cocemfevalencia.org\/es\/dinamica-grupal-de-les-nostres-usuaries-ditineraris-amb-lempresa-integra\/#article","isPartOf":{"@id":"https:\/\/cocemfevalencia.org\/es\/dinamica-grupal-de-les-nostres-usuaries-ditineraris-amb-lempresa-integra\/"},"author":{"name":"COCEMFE VALENCIA","@id":"https:\/\/cocemfevalencia.org\/es\/#\/schema\/person\/e31a24227ccbc918e2c80add51990ad7"},"headline":"Din\u00e0mica grupal de les nostres usu\u00e0ries d&#8217;itineraris amb l&#8217;empresa INTEGRA","datePublished":"2019-11-28T13:35:13+00:00","mainEntityOfPage":{"@id":"https:\/\/cocemfevalencia.org\/es\/dinamica-grupal-de-les-nostres-usuaries-ditineraris-amb-lempresa-integra\/"},"wordCount":268,"publisher":{"@id":"https:\/\/cocemfevalencia.org\/es\/#organization"},"image":{"@id":"https:\/\/cocemfevalencia.org\/es\/dinamica-grupal-de-les-nostres-usuaries-ditineraris-amb-lempresa-integra\/#primaryimage"},"thumbnailUrl":"https:\/\/cocemfevalencia.org\/wp-content\/uploads\/2019\/11\/WhatsApp-Image-2019-11-27-at-13.02.50-2.jpeg","articleSection":["Not\u00edcies"],"inLanguage":"es"},{"@type":"WebPage","@id":"https:\/\/cocemfevalencia.org\/es\/dinamica-grupal-de-les-nostres-usuaries-ditineraris-amb-lempresa-integra\/","url":"https:\/\/cocemfevalencia.org\/es\/dinamica-grupal-de-les-nostres-usuaries-ditineraris-amb-lempresa-integra\/","name":"Din\u00e0mica grupal de les nostres usu\u00e0ries d'itineraris amb l'empresa INTEGRA - Cocemfe Valencia","isPartOf":{"@id":"https:\/\/cocemfevalencia.org\/es\/#website"},"primaryImageOfPage":{"@id":"https:\/\/cocemfevalencia.org\/es\/dinamica-grupal-de-les-nostres-usuaries-ditineraris-amb-lempresa-integra\/#primaryimage"},"image":{"@id":"https:\/\/cocemfevalencia.org\/es\/dinamica-grupal-de-les-nostres-usuaries-ditineraris-amb-lempresa-integra\/#primaryimage"},"thumbnailUrl":"https:\/\/cocemfevalencia.org\/wp-content\/uploads\/2019\/11\/WhatsApp-Image-2019-11-27-at-13.02.50-2.jpeg","datePublished":"2019-11-28T13:35:13+00:00","breadcrumb":{"@id":"https:\/\/cocemfevalencia.org\/es\/dinamica-grupal-de-les-nostres-usuaries-ditineraris-amb-lempresa-integra\/#breadcrumb"},"inLanguage":"es","potentialAction":[{"@type":"ReadAction","target":["https:\/\/cocemfevalencia.org\/es\/dinamica-grupal-de-les-nostres-usuaries-ditineraris-amb-lempresa-integra\/"]}]},{"@type":"ImageObject","inLanguage":"es","@id":"https:\/\/cocemfevalencia.org\/es\/dinamica-grupal-de-les-nostres-usuaries-ditineraris-amb-lempresa-integra\/#primaryimage","url":"https:\/\/cocemfevalencia.org\/wp-content\/uploads\/2019\/11\/WhatsApp-Image-2019-11-27-at-13.02.50-2.jpeg","contentUrl":"https:\/\/cocemfevalencia.org\/wp-content\/uploads\/2019\/11\/WhatsApp-Image-2019-11-27-at-13.02.50-2.jpeg","width":1024,"height":768},{"@type":"BreadcrumbList","@id":"https:\/\/cocemfevalencia.org\/es\/dinamica-grupal-de-les-nostres-usuaries-ditineraris-amb-lempresa-integra\/#breadcrumb","itemListElement":[{"@type":"ListItem","position":1,"name":"Portada","item":"https:\/\/cocemfevalencia.org\/es\/"},{"@type":"ListItem","position":2,"name":"Din\u00e0mica grupal de les nostres usu\u00e0ries d&#8217;itineraris amb l&#8217;empresa INTEGRA"}]},{"@type":"WebSite","@id":"https:\/\/cocemfevalencia.org\/es\/#website","url":"https:\/\/cocemfevalencia.org\/es\/","name":"Cocemfe Valencia","description":"FEDERACI\u00d3N DE ASOCIACIONES DE PERSONAS CON DISCAPACIDAD F\u00cdSICA Y ORG\u00c1NICA DE LA PROV\u00cdNCIA DE VALENCIA","publisher":{"@id":"https:\/\/cocemfevalencia.org\/es\/#organization"},"potentialAction":[{"@type":"SearchAction","target":{"@type":"EntryPoint","urlTemplate":"https:\/\/cocemfevalencia.org\/es\/?s={search_term_string}"},"query-input":{"@type":"PropertyValueSpecification","valueRequired":true,"valueName":"search_term_string"}}],"inLanguage":"es"},{"@type":"Organization","@id":"https:\/\/cocemfevalencia.org\/es\/#organization","name":"Cocemfe Valencia","url":"https:\/\/cocemfevalencia.org\/es\/","logo":{"@type":"ImageObject","inLanguage":"es","@id":"https:\/\/cocemfevalencia.org\/es\/#\/schema\/logo\/image\/","url":"https:\/\/cocemfevalencia.org\/wp-content\/uploads\/2023\/03\/0312-Horizontal-una-linea-larga-rgb-positivo-Tricolor.png","contentUrl":"https:\/\/cocemfevalencia.org\/wp-content\/uploads\/2023\/03\/0312-Horizontal-una-linea-larga-rgb-positivo-Tricolor.png","width":2334,"height":613,"caption":"Cocemfe Valencia"},"image":{"@id":"https:\/\/cocemfevalencia.org\/es\/#\/schema\/logo\/image\/"},"sameAs":["https:\/\/www.facebook.com\/cocemfe.valencia","https:\/\/x.com\/COCEMFEValencia"]},{"@type":"Person","@id":"https:\/\/cocemfevalencia.org\/es\/#\/schema\/person\/e31a24227ccbc918e2c80add51990ad7","name":"COCEMFE VALENCIA","image":{"@type":"ImageObject","inLanguage":"es","@id":"https:\/\/secure.gravatar.com\/avatar\/81dd2ced4591577d70433bbfde65ba3f931e09f5cb4ca8c890817c47789b47f0?s=96&d=mm&r=g","url":"https:\/\/secure.gravatar.com\/avatar\/81dd2ced4591577d70433bbfde65ba3f931e09f5cb4ca8c890817c47789b47f0?s=96&d=mm&r=g","contentUrl":"https:\/\/secure.gravatar.com\/avatar\/81dd2ced4591577d70433bbfde65ba3f931e09f5cb4ca8c890817c47789b47f0?s=96&d=mm&r=g","caption":"COCEMFE VALENCIA"}}]}},"_links":{"self":[{"href":"https:\/\/cocemfevalencia.org\/es\/wp-json\/wp\/v2\/posts\/3867","targetHints":{"allow":["GET"]}}],"collection":[{"href":"https:\/\/cocemfevalencia.org\/es\/wp-json\/wp\/v2\/posts"}],"about":[{"href":"https:\/\/cocemfevalencia.org\/es\/wp-json\/wp\/v2\/types\/post"}],"author":[{"embeddable":true,"href":"https:\/\/cocemfevalencia.org\/es\/wp-json\/wp\/v2\/users\/3"}],"replies":[{"embeddable":true,"href":"https:\/\/cocemfevalencia.org\/es\/wp-json\/wp\/v2\/comments?post=3867"}],"version-history":[{"count":0,"href":"https:\/\/cocemfevalencia.org\/es\/wp-json\/wp\/v2\/posts\/3867\/revisions"}],"wp:featuredmedia":[{"embeddable":true,"href":"https:\/\/cocemfevalencia.org\/es\/wp-json\/wp\/v2\/media\/3875"}],"wp:attachment":[{"href":"https:\/\/cocemfevalencia.org\/es\/wp-json\/wp\/v2\/media?parent=3867"}],"wp:term":[{"taxonomy":"category","embeddable":true,"href":"https:\/\/cocemfevalencia.org\/es\/wp-json\/wp\/v2\/categories?post=3867"},{"taxonomy":"post_tag","embeddable":true,"href":"https:\/\/cocemfevalencia.org\/es\/wp-json\/wp\/v2\/tags?post=3867"}],"curies":[{"name":"wp","href":"https:\/\/api.w.org\/{rel}","templated":true}]}}