{"id":4009,"date":"2020-01-16T10:42:25","date_gmt":"2020-01-16T08:42:25","guid":{"rendered":"http:\/\/cocemfevalencia.org\/?p=4009"},"modified":"2020-01-16T10:42:25","modified_gmt":"2020-01-16T08:42:25","slug":"cocemfe-valenciasuport-i-atencio-soci-sanitaria-foment-de-la-vida-independent-i-cooperacio-discapacitat","status":"publish","type":"post","link":"https:\/\/cocemfevalencia.org\/es\/cocemfe-valenciasuport-i-atencio-soci-sanitaria-foment-de-la-vida-independent-i-cooperacio-discapacitat\/","title":{"rendered":"COCEMFE Val\u00e8ncia ha desenvolupat programes de suport i atenci\u00f3 soci-sanit\u00e0ria, foment de la vida independent i cooperaci\u00f3, per a persones amb discapacitat"},"content":{"rendered":"\t\t<div data-elementor-type=\"wp-post\" data-elementor-id=\"4009\" class=\"elementor elementor-4009\" data-elementor-post-type=\"post\">\n\t\t\t\t\t\t<section class=\"elementor-section elementor-top-section elementor-element elementor-element-e2d6eb7 elementor-section-boxed elementor-section-height-default elementor-section-height-default\" data-id=\"e2d6eb7\" data-element_type=\"section\" data-e-type=\"section\">\n\t\t\t\t\t\t<div class=\"elementor-container elementor-column-gap-default\">\n\t\t\t\t\t<div class=\"elementor-column elementor-col-50 elementor-top-column elementor-element elementor-element-c764e7b\" data-id=\"c764e7b\" data-element_type=\"column\" data-e-type=\"column\">\n\t\t\t<div class=\"elementor-widget-wrap elementor-element-populated\">\n\t\t\t\t\t\t<div class=\"elementor-element elementor-element-f57c5b1 elementor-widget elementor-widget-image\" data-id=\"f57c5b1\" data-element_type=\"widget\" data-e-type=\"widget\" data-widget_type=\"image.default\">\n\t\t\t\t<div class=\"elementor-widget-container\">\n\t\t\t\t\t\t\t\t\t\t\t\t\t\t\t<img fetchpriority=\"high\" decoding=\"async\" width=\"768\" height=\"1024\" src=\"https:\/\/cocemfevalencia.org\/wp-content\/uploads\/2020\/01\/Por-una-Vida-Independiente-_41-768x1024.jpg\" class=\"attachment-large size-large wp-image-4010\" alt=\"\" srcset=\"https:\/\/cocemfevalencia.org\/wp-content\/uploads\/2020\/01\/Por-una-Vida-Independiente-_41-768x1024.jpg 768w, https:\/\/cocemfevalencia.org\/wp-content\/uploads\/2020\/01\/Por-una-Vida-Independiente-_41-225x300.jpg 225w, https:\/\/cocemfevalencia.org\/wp-content\/uploads\/2020\/01\/Por-una-Vida-Independiente-_41-1152x1536.jpg 1152w, https:\/\/cocemfevalencia.org\/wp-content\/uploads\/2020\/01\/Por-una-Vida-Independiente-_41-1536x2048.jpg 1536w, https:\/\/cocemfevalencia.org\/wp-content\/uploads\/2020\/01\/Por-una-Vida-Independiente-_41-scaled.jpg 1920w\" sizes=\"(max-width: 768px) 100vw, 768px\" \/>\t\t\t\t\t\t\t\t\t\t\t\t\t\t\t<\/div>\n\t\t\t\t<\/div>\n\t\t\t\t\t<\/div>\n\t\t<\/div>\n\t\t\t\t<div class=\"elementor-column elementor-col-50 elementor-top-column elementor-element elementor-element-9dff164\" data-id=\"9dff164\" data-element_type=\"column\" data-e-type=\"column\">\n\t\t\t<div class=\"elementor-widget-wrap elementor-element-populated\">\n\t\t\t\t\t\t<div class=\"elementor-element elementor-element-b4ff201 elementor-widget elementor-widget-text-editor\" data-id=\"b4ff201\" data-element_type=\"widget\" data-e-type=\"widget\" data-widget_type=\"text-editor.default\">\n\t\t\t\t<div class=\"elementor-widget-container\">\n\t\t\t\t\t\t\t\t\t<p>COCEMFE Val\u00e8ncia ha desenvolupat durant el 2019 tres programes dirigits a persones amb discapacitat f\u00edsica i org\u00e0nica, amb l&#8217;objectiu de millorar la seua qualitat de vida, ateses les necessitats soci-sanit\u00e0ries, d&#8217;informaci\u00f3 i de transport.<br \/><br \/>Aquests tres programes \u201cFoment de l&#8217;autonomia personal per a persones amb gran discapacitat f\u00edsica\u201d, \u201cPunt d&#8217;Informaci\u00f3 Especialitzada en discapacitat\u201d i \u201cTransport Adaptat, Independ\u00e8ncia Assistida i Autonomia Personal\u201d, s&#8217;han executat gr\u00e0cies a les subvenci\u00f3 de 220.000\u20ac procedent de la Convocat\u00f2ria per al desenvolupament de programes i serveis de promoci\u00f3 d&#8217;autonomia de persones amb diversitat funcional, de la Vicepresid\u00e8ncia i Conselleria d&#8217;Igualtat i Pol\u00edtiques Inclusives, entre altres.<br \/><br \/>En el programa \u201cFoment de l&#8217;autonomia personal per a persones amb gran discapacitat f\u00edsica\u201d s&#8217;ha parat atenci\u00f3 sociosanit\u00e0ria, suport psicol\u00f2gic i ter\u00e0pia ocupacional a 69 persones amb discapacitat dins i fora del domicili amb l&#8217;objectiu de millorar la qualitat de vida, l&#8217;autonomia personal i la inclusi\u00f3 social de les persones amb discapacitat i poder afavorir aix\u00ed la perman\u00e8ncia en el seu entorn en el qual desenvolupa la seua vida.<br \/><br \/>En el programa de \u201cTransport Adaptat, Independ\u00e8ncia Assistida i Autonomia Personal, s&#8217;ha oferit una forma alternativa de transport a 70 persones amb discapacitat que, per diverses causes, tenen dificultats per a utilitzar el transport p\u00fablic col\u00b7lectiu de manera independent, fins i tot quan \u00e9s accessible, afavorint la vida independent.<br \/><br \/>En el programa \u201cPunt d&#8217;Informaci\u00f3 Especialitzat en discapacitat\u201d s&#8217;han resolt 969 consultes d&#8217;informaci\u00f3 i assessorament referit a temes d&#8217;inter\u00e9s del col\u00b7lectiu de persones amb discapacitat f\u00edsica i org\u00e0nica; ajudes t\u00e8cniques, legislaci\u00f3, accessibilitat, recursos, prestacions, pensions, voluntariat, associacionisme, etc.<\/p>\t\t\t\t\t\t\t\t<\/div>\n\t\t\t\t<\/div>\n\t\t\t\t\t<\/div>\n\t\t<\/div>\n\t\t\t\t\t<\/div>\n\t\t<\/section>\n\t\t\t\t<section class=\"elementor-section elementor-top-section elementor-element elementor-element-96f727d elementor-section-boxed elementor-section-height-default elementor-section-height-default\" data-id=\"96f727d\" data-element_type=\"section\" data-e-type=\"section\">\n\t\t\t\t\t\t<div class=\"elementor-container elementor-column-gap-default\">\n\t\t\t\t\t<div class=\"elementor-column elementor-col-100 elementor-top-column elementor-element elementor-element-cc13545\" data-id=\"cc13545\" data-element_type=\"column\" data-e-type=\"column\">\n\t\t\t<div class=\"elementor-widget-wrap elementor-element-populated\">\n\t\t\t\t\t\t<div class=\"elementor-element elementor-element-f97bc14 elementor-widget elementor-widget-image\" data-id=\"f97bc14\" data-element_type=\"widget\" data-e-type=\"widget\" data-widget_type=\"image.default\">\n\t\t\t\t<div class=\"elementor-widget-container\">\n\t\t\t\t\t\t\t\t\t\t\t\t\t\t\t<img decoding=\"async\" width=\"300\" height=\"177\" src=\"https:\/\/cocemfevalencia.org\/wp-content\/uploads\/2018\/08\/Conselleria-Igualtat-roig-2-300x177.jpg\" class=\"attachment-medium size-medium wp-image-1706\" alt=\"\" srcset=\"https:\/\/cocemfevalencia.org\/wp-content\/uploads\/2018\/08\/Conselleria-Igualtat-roig-2-300x177.jpg 300w, https:\/\/cocemfevalencia.org\/wp-content\/uploads\/2018\/08\/Conselleria-Igualtat-roig-2-1024x605.jpg 1024w, https:\/\/cocemfevalencia.org\/wp-content\/uploads\/2018\/08\/Conselleria-Igualtat-roig-2-768x453.jpg 768w, https:\/\/cocemfevalencia.org\/wp-content\/uploads\/2018\/08\/Conselleria-Igualtat-roig-2-1536x907.jpg 1536w, https:\/\/cocemfevalencia.org\/wp-content\/uploads\/2018\/08\/Conselleria-Igualtat-roig-2-2048x1209.jpg 2048w\" sizes=\"(max-width: 300px) 100vw, 300px\" \/>\t\t\t\t\t\t\t\t\t\t\t\t\t\t\t<\/div>\n\t\t\t\t<\/div>\n\t\t\t\t\t<\/div>\n\t\t<\/div>\n\t\t\t\t\t<\/div>\n\t\t<\/section>\n\t\t\t\t<\/div>\n\t\t<p>Visitas: 0<\/p>","protected":false},"excerpt":{"rendered":"<p>COCEMFE Val\u00e8ncia ha desenvolupat durant el 2019 tres programes dirigits a persones amb discapacitat f\u00edsica i org\u00e0nica, amb l&#8217;objectiu de millorar la seua qualitat de vida, ateses les necessitats soci-sanit\u00e0ries, d&#8217;informaci\u00f3 i de transport. Aquests tres programes \u201cFoment de l&#8217;autonomia personal per a persones amb gran discapacitat f\u00edsica\u201d, \u201cPunt d&#8217;Informaci\u00f3 Especialitzada en discapacitat\u201d i \u201cTransport&hellip;&nbsp;<a href=\"https:\/\/cocemfevalencia.org\/es\/cocemfe-valenciasuport-i-atencio-soci-sanitaria-foment-de-la-vida-independent-i-cooperacio-discapacitat\/\" rel=\"bookmark\">Leer m\u00e1s &raquo;<span class=\"screen-reader-text\">COCEMFE Val\u00e8ncia ha desenvolupat programes de suport i atenci\u00f3 soci-sanit\u00e0ria, foment de la vida independent i cooperaci\u00f3, per a persones amb discapacitat<\/span><\/a><\/p>\n","protected":false},"author":3,"featured_media":4010,"comment_status":"closed","ping_status":"closed","sticky":false,"template":"","format":"standard","meta":{"rop_custom_images_group":[],"rop_custom_messages_group":[],"rop_publish_now":"initial","rop_publish_now_accounts":[],"rop_publish_now_history":[],"rop_publish_now_status":"pending","neve_meta_sidebar":"","neve_meta_container":"","neve_meta_enable_content_width":"","neve_meta_content_width":0,"neve_meta_title_alignment":"","neve_meta_author_avatar":"","neve_post_elements_order":"","neve_meta_disable_header":"","neve_meta_disable_footer":"","neve_meta_disable_title":"","footnotes":""},"categories":[5],"tags":[],"class_list":["post-4009","post","type-post","status-publish","format-standard","has-post-thumbnail","hentry","category-noticias"],"yoast_head":"<!-- This site is optimized with the Yoast SEO plugin v27.3 - https:\/\/yoast.com\/product\/yoast-seo-wordpress\/ -->\n<title>COCEMFE Val\u00e8ncia ha desenvolupat programes de suport i atenci\u00f3 soci-sanit\u00e0ria, foment de la vida independent i cooperaci\u00f3, per a persones amb discapacitat - Cocemfe Valencia<\/title>\n<meta name=\"robots\" content=\"index, follow, max-snippet:-1, max-image-preview:large, max-video-preview:-1\" \/>\n<link rel=\"canonical\" href=\"https:\/\/cocemfevalencia.org\/es\/cocemfe-valenciasuport-i-atencio-soci-sanitaria-foment-de-la-vida-independent-i-cooperacio-discapacitat\/\" \/>\n<meta property=\"og:locale\" content=\"es_ES\" \/>\n<meta property=\"og:type\" content=\"article\" \/>\n<meta property=\"og:title\" content=\"COCEMFE Val\u00e8ncia ha desenvolupat programes de suport i atenci\u00f3 soci-sanit\u00e0ria, foment de la vida independent i cooperaci\u00f3, per a persones amb discapacitat - Cocemfe Valencia\" \/>\n<meta property=\"og:description\" content=\"COCEMFE Val\u00e8ncia ha desenvolupat durant el 2019 tres programes dirigits a persones amb discapacitat f\u00edsica i org\u00e0nica, amb l&#8217;objectiu de millorar la seua qualitat de vida, ateses les necessitats soci-sanit\u00e0ries, d&#8217;informaci\u00f3 i de transport. Aquests tres programes \u201cFoment de l&#8217;autonomia personal per a persones amb gran discapacitat f\u00edsica\u201d, \u201cPunt d&#8217;Informaci\u00f3 Especialitzada en discapacitat\u201d i \u201cTransport&hellip;&nbsp;Leer m\u00e1s &raquo;COCEMFE Val\u00e8ncia ha desenvolupat programes de suport i atenci\u00f3 soci-sanit\u00e0ria, foment de la vida independent i cooperaci\u00f3, per a persones amb discapacitat\" \/>\n<meta property=\"og:url\" content=\"https:\/\/cocemfevalencia.org\/es\/cocemfe-valenciasuport-i-atencio-soci-sanitaria-foment-de-la-vida-independent-i-cooperacio-discapacitat\/\" \/>\n<meta property=\"og:site_name\" content=\"Cocemfe Valencia\" \/>\n<meta property=\"article:publisher\" content=\"https:\/\/www.facebook.com\/cocemfe.valencia\" \/>\n<meta property=\"article:published_time\" content=\"2020-01-16T08:42:25+00:00\" \/>\n<meta property=\"og:image\" content=\"https:\/\/cocemfevalencia.org\/wp-content\/uploads\/2020\/01\/Por-una-Vida-Independiente-_41-scaled.jpg\" \/>\n\t<meta property=\"og:image:width\" content=\"1920\" \/>\n\t<meta property=\"og:image:height\" content=\"2560\" \/>\n\t<meta property=\"og:image:type\" content=\"image\/jpeg\" \/>\n<meta name=\"author\" content=\"COCEMFE VALENCIA\" \/>\n<meta name=\"twitter:card\" content=\"summary_large_image\" \/>\n<meta name=\"twitter:creator\" content=\"@COCEMFEValencia\" \/>\n<meta name=\"twitter:site\" content=\"@COCEMFEValencia\" \/>\n<meta name=\"twitter:label1\" content=\"Escrito por\" \/>\n\t<meta name=\"twitter:data1\" content=\"COCEMFE VALENCIA\" \/>\n\t<meta name=\"twitter:label2\" content=\"Tiempo de lectura\" \/>\n\t<meta name=\"twitter:data2\" content=\"1 minuto\" \/>\n<script type=\"application\/ld+json\" class=\"yoast-schema-graph\">{\"@context\":\"https:\\\/\\\/schema.org\",\"@graph\":[{\"@type\":\"Article\",\"@id\":\"https:\\\/\\\/cocemfevalencia.org\\\/es\\\/cocemfe-valenciasuport-i-atencio-soci-sanitaria-foment-de-la-vida-independent-i-cooperacio-discapacitat\\\/#article\",\"isPartOf\":{\"@id\":\"https:\\\/\\\/cocemfevalencia.org\\\/es\\\/cocemfe-valenciasuport-i-atencio-soci-sanitaria-foment-de-la-vida-independent-i-cooperacio-discapacitat\\\/\"},\"author\":{\"name\":\"COCEMFE VALENCIA\",\"@id\":\"https:\\\/\\\/cocemfevalencia.org\\\/es\\\/#\\\/schema\\\/person\\\/e31a24227ccbc918e2c80add51990ad7\"},\"headline\":\"COCEMFE Val\u00e8ncia ha desenvolupat programes de suport i atenci\u00f3 soci-sanit\u00e0ria, foment de la vida independent i cooperaci\u00f3, per a persones amb discapacitat\",\"datePublished\":\"2020-01-16T08:42:25+00:00\",\"mainEntityOfPage\":{\"@id\":\"https:\\\/\\\/cocemfevalencia.org\\\/es\\\/cocemfe-valenciasuport-i-atencio-soci-sanitaria-foment-de-la-vida-independent-i-cooperacio-discapacitat\\\/\"},\"wordCount\":297,\"publisher\":{\"@id\":\"https:\\\/\\\/cocemfevalencia.org\\\/es\\\/#organization\"},\"image\":{\"@id\":\"https:\\\/\\\/cocemfevalencia.org\\\/es\\\/cocemfe-valenciasuport-i-atencio-soci-sanitaria-foment-de-la-vida-independent-i-cooperacio-discapacitat\\\/#primaryimage\"},\"thumbnailUrl\":\"https:\\\/\\\/cocemfevalencia.org\\\/wp-content\\\/uploads\\\/2020\\\/01\\\/Por-una-Vida-Independiente-_41-scaled.jpg\",\"articleSection\":[\"Not\u00edcies\"],\"inLanguage\":\"es\"},{\"@type\":\"WebPage\",\"@id\":\"https:\\\/\\\/cocemfevalencia.org\\\/es\\\/cocemfe-valenciasuport-i-atencio-soci-sanitaria-foment-de-la-vida-independent-i-cooperacio-discapacitat\\\/\",\"url\":\"https:\\\/\\\/cocemfevalencia.org\\\/es\\\/cocemfe-valenciasuport-i-atencio-soci-sanitaria-foment-de-la-vida-independent-i-cooperacio-discapacitat\\\/\",\"name\":\"COCEMFE Val\u00e8ncia ha desenvolupat programes de suport i atenci\u00f3 soci-sanit\u00e0ria, foment de la vida independent i cooperaci\u00f3, per a persones amb discapacitat - Cocemfe Valencia\",\"isPartOf\":{\"@id\":\"https:\\\/\\\/cocemfevalencia.org\\\/es\\\/#website\"},\"primaryImageOfPage\":{\"@id\":\"https:\\\/\\\/cocemfevalencia.org\\\/es\\\/cocemfe-valenciasuport-i-atencio-soci-sanitaria-foment-de-la-vida-independent-i-cooperacio-discapacitat\\\/#primaryimage\"},\"image\":{\"@id\":\"https:\\\/\\\/cocemfevalencia.org\\\/es\\\/cocemfe-valenciasuport-i-atencio-soci-sanitaria-foment-de-la-vida-independent-i-cooperacio-discapacitat\\\/#primaryimage\"},\"thumbnailUrl\":\"https:\\\/\\\/cocemfevalencia.org\\\/wp-content\\\/uploads\\\/2020\\\/01\\\/Por-una-Vida-Independiente-_41-scaled.jpg\",\"datePublished\":\"2020-01-16T08:42:25+00:00\",\"breadcrumb\":{\"@id\":\"https:\\\/\\\/cocemfevalencia.org\\\/es\\\/cocemfe-valenciasuport-i-atencio-soci-sanitaria-foment-de-la-vida-independent-i-cooperacio-discapacitat\\\/#breadcrumb\"},\"inLanguage\":\"es\",\"potentialAction\":[{\"@type\":\"ReadAction\",\"target\":[\"https:\\\/\\\/cocemfevalencia.org\\\/es\\\/cocemfe-valenciasuport-i-atencio-soci-sanitaria-foment-de-la-vida-independent-i-cooperacio-discapacitat\\\/\"]}]},{\"@type\":\"ImageObject\",\"inLanguage\":\"es\",\"@id\":\"https:\\\/\\\/cocemfevalencia.org\\\/es\\\/cocemfe-valenciasuport-i-atencio-soci-sanitaria-foment-de-la-vida-independent-i-cooperacio-discapacitat\\\/#primaryimage\",\"url\":\"https:\\\/\\\/cocemfevalencia.org\\\/wp-content\\\/uploads\\\/2020\\\/01\\\/Por-una-Vida-Independiente-_41-scaled.jpg\",\"contentUrl\":\"https:\\\/\\\/cocemfevalencia.org\\\/wp-content\\\/uploads\\\/2020\\\/01\\\/Por-una-Vida-Independiente-_41-scaled.jpg\",\"width\":1920,\"height\":2560},{\"@type\":\"BreadcrumbList\",\"@id\":\"https:\\\/\\\/cocemfevalencia.org\\\/es\\\/cocemfe-valenciasuport-i-atencio-soci-sanitaria-foment-de-la-vida-independent-i-cooperacio-discapacitat\\\/#breadcrumb\",\"itemListElement\":[{\"@type\":\"ListItem\",\"position\":1,\"name\":\"Portada\",\"item\":\"https:\\\/\\\/cocemfevalencia.org\\\/es\\\/\"},{\"@type\":\"ListItem\",\"position\":2,\"name\":\"COCEMFE Val\u00e8ncia ha desenvolupat programes de suport i atenci\u00f3 soci-sanit\u00e0ria, foment de la vida independent i cooperaci\u00f3, per a persones amb discapacitat\"}]},{\"@type\":\"WebSite\",\"@id\":\"https:\\\/\\\/cocemfevalencia.org\\\/es\\\/#website\",\"url\":\"https:\\\/\\\/cocemfevalencia.org\\\/es\\\/\",\"name\":\"Cocemfe Valencia\",\"description\":\"FEDERACI\u00d3N DE ASOCIACIONES DE PERSONAS CON DISCAPACIDAD F\u00cdSICA Y ORG\u00c1NICA DE LA PROV\u00cdNCIA DE VALENCIA\",\"publisher\":{\"@id\":\"https:\\\/\\\/cocemfevalencia.org\\\/es\\\/#organization\"},\"potentialAction\":[{\"@type\":\"SearchAction\",\"target\":{\"@type\":\"EntryPoint\",\"urlTemplate\":\"https:\\\/\\\/cocemfevalencia.org\\\/es\\\/?s={search_term_string}\"},\"query-input\":{\"@type\":\"PropertyValueSpecification\",\"valueRequired\":true,\"valueName\":\"search_term_string\"}}],\"inLanguage\":\"es\"},{\"@type\":\"Organization\",\"@id\":\"https:\\\/\\\/cocemfevalencia.org\\\/es\\\/#organization\",\"name\":\"Cocemfe Valencia\",\"url\":\"https:\\\/\\\/cocemfevalencia.org\\\/es\\\/\",\"logo\":{\"@type\":\"ImageObject\",\"inLanguage\":\"es\",\"@id\":\"https:\\\/\\\/cocemfevalencia.org\\\/es\\\/#\\\/schema\\\/logo\\\/image\\\/\",\"url\":\"https:\\\/\\\/cocemfevalencia.org\\\/wp-content\\\/uploads\\\/2023\\\/03\\\/0312-Horizontal-una-linea-larga-rgb-positivo-Tricolor.png\",\"contentUrl\":\"https:\\\/\\\/cocemfevalencia.org\\\/wp-content\\\/uploads\\\/2023\\\/03\\\/0312-Horizontal-una-linea-larga-rgb-positivo-Tricolor.png\",\"width\":2334,\"height\":613,\"caption\":\"Cocemfe Valencia\"},\"image\":{\"@id\":\"https:\\\/\\\/cocemfevalencia.org\\\/es\\\/#\\\/schema\\\/logo\\\/image\\\/\"},\"sameAs\":[\"https:\\\/\\\/www.facebook.com\\\/cocemfe.valencia\",\"https:\\\/\\\/x.com\\\/COCEMFEValencia\"]},{\"@type\":\"Person\",\"@id\":\"https:\\\/\\\/cocemfevalencia.org\\\/es\\\/#\\\/schema\\\/person\\\/e31a24227ccbc918e2c80add51990ad7\",\"name\":\"COCEMFE VALENCIA\",\"image\":{\"@type\":\"ImageObject\",\"inLanguage\":\"es\",\"@id\":\"https:\\\/\\\/secure.gravatar.com\\\/avatar\\\/81dd2ced4591577d70433bbfde65ba3f931e09f5cb4ca8c890817c47789b47f0?s=96&d=mm&r=g\",\"url\":\"https:\\\/\\\/secure.gravatar.com\\\/avatar\\\/81dd2ced4591577d70433bbfde65ba3f931e09f5cb4ca8c890817c47789b47f0?s=96&d=mm&r=g\",\"contentUrl\":\"https:\\\/\\\/secure.gravatar.com\\\/avatar\\\/81dd2ced4591577d70433bbfde65ba3f931e09f5cb4ca8c890817c47789b47f0?s=96&d=mm&r=g\",\"caption\":\"COCEMFE VALENCIA\"}}]}<\/script>\n<!-- \/ Yoast SEO plugin. -->","yoast_head_json":{"title":"COCEMFE Val\u00e8ncia ha desenvolupat programes de suport i atenci\u00f3 soci-sanit\u00e0ria, foment de la vida independent i cooperaci\u00f3, per a persones amb discapacitat - Cocemfe Valencia","robots":{"index":"index","follow":"follow","max-snippet":"max-snippet:-1","max-image-preview":"max-image-preview:large","max-video-preview":"max-video-preview:-1"},"canonical":"https:\/\/cocemfevalencia.org\/es\/cocemfe-valenciasuport-i-atencio-soci-sanitaria-foment-de-la-vida-independent-i-cooperacio-discapacitat\/","og_locale":"es_ES","og_type":"article","og_title":"COCEMFE Val\u00e8ncia ha desenvolupat programes de suport i atenci\u00f3 soci-sanit\u00e0ria, foment de la vida independent i cooperaci\u00f3, per a persones amb discapacitat - Cocemfe Valencia","og_description":"COCEMFE Val\u00e8ncia ha desenvolupat durant el 2019 tres programes dirigits a persones amb discapacitat f\u00edsica i org\u00e0nica, amb l&#8217;objectiu de millorar la seua qualitat de vida, ateses les necessitats soci-sanit\u00e0ries, d&#8217;informaci\u00f3 i de transport. Aquests tres programes \u201cFoment de l&#8217;autonomia personal per a persones amb gran discapacitat f\u00edsica\u201d, \u201cPunt d&#8217;Informaci\u00f3 Especialitzada en discapacitat\u201d i \u201cTransport&hellip;&nbsp;Leer m\u00e1s &raquo;COCEMFE Val\u00e8ncia ha desenvolupat programes de suport i atenci\u00f3 soci-sanit\u00e0ria, foment de la vida independent i cooperaci\u00f3, per a persones amb discapacitat","og_url":"https:\/\/cocemfevalencia.org\/es\/cocemfe-valenciasuport-i-atencio-soci-sanitaria-foment-de-la-vida-independent-i-cooperacio-discapacitat\/","og_site_name":"Cocemfe Valencia","article_publisher":"https:\/\/www.facebook.com\/cocemfe.valencia","article_published_time":"2020-01-16T08:42:25+00:00","og_image":[{"width":1920,"height":2560,"url":"https:\/\/cocemfevalencia.org\/wp-content\/uploads\/2020\/01\/Por-una-Vida-Independiente-_41-scaled.jpg","type":"image\/jpeg"}],"author":"COCEMFE VALENCIA","twitter_card":"summary_large_image","twitter_creator":"@COCEMFEValencia","twitter_site":"@COCEMFEValencia","twitter_misc":{"Escrito por":"COCEMFE VALENCIA","Tiempo de lectura":"1 minuto"},"schema":{"@context":"https:\/\/schema.org","@graph":[{"@type":"Article","@id":"https:\/\/cocemfevalencia.org\/es\/cocemfe-valenciasuport-i-atencio-soci-sanitaria-foment-de-la-vida-independent-i-cooperacio-discapacitat\/#article","isPartOf":{"@id":"https:\/\/cocemfevalencia.org\/es\/cocemfe-valenciasuport-i-atencio-soci-sanitaria-foment-de-la-vida-independent-i-cooperacio-discapacitat\/"},"author":{"name":"COCEMFE VALENCIA","@id":"https:\/\/cocemfevalencia.org\/es\/#\/schema\/person\/e31a24227ccbc918e2c80add51990ad7"},"headline":"COCEMFE Val\u00e8ncia ha desenvolupat programes de suport i atenci\u00f3 soci-sanit\u00e0ria, foment de la vida independent i cooperaci\u00f3, per a persones amb discapacitat","datePublished":"2020-01-16T08:42:25+00:00","mainEntityOfPage":{"@id":"https:\/\/cocemfevalencia.org\/es\/cocemfe-valenciasuport-i-atencio-soci-sanitaria-foment-de-la-vida-independent-i-cooperacio-discapacitat\/"},"wordCount":297,"publisher":{"@id":"https:\/\/cocemfevalencia.org\/es\/#organization"},"image":{"@id":"https:\/\/cocemfevalencia.org\/es\/cocemfe-valenciasuport-i-atencio-soci-sanitaria-foment-de-la-vida-independent-i-cooperacio-discapacitat\/#primaryimage"},"thumbnailUrl":"https:\/\/cocemfevalencia.org\/wp-content\/uploads\/2020\/01\/Por-una-Vida-Independiente-_41-scaled.jpg","articleSection":["Not\u00edcies"],"inLanguage":"es"},{"@type":"WebPage","@id":"https:\/\/cocemfevalencia.org\/es\/cocemfe-valenciasuport-i-atencio-soci-sanitaria-foment-de-la-vida-independent-i-cooperacio-discapacitat\/","url":"https:\/\/cocemfevalencia.org\/es\/cocemfe-valenciasuport-i-atencio-soci-sanitaria-foment-de-la-vida-independent-i-cooperacio-discapacitat\/","name":"COCEMFE Val\u00e8ncia ha desenvolupat programes de suport i atenci\u00f3 soci-sanit\u00e0ria, foment de la vida independent i cooperaci\u00f3, per a persones amb discapacitat - Cocemfe Valencia","isPartOf":{"@id":"https:\/\/cocemfevalencia.org\/es\/#website"},"primaryImageOfPage":{"@id":"https:\/\/cocemfevalencia.org\/es\/cocemfe-valenciasuport-i-atencio-soci-sanitaria-foment-de-la-vida-independent-i-cooperacio-discapacitat\/#primaryimage"},"image":{"@id":"https:\/\/cocemfevalencia.org\/es\/cocemfe-valenciasuport-i-atencio-soci-sanitaria-foment-de-la-vida-independent-i-cooperacio-discapacitat\/#primaryimage"},"thumbnailUrl":"https:\/\/cocemfevalencia.org\/wp-content\/uploads\/2020\/01\/Por-una-Vida-Independiente-_41-scaled.jpg","datePublished":"2020-01-16T08:42:25+00:00","breadcrumb":{"@id":"https:\/\/cocemfevalencia.org\/es\/cocemfe-valenciasuport-i-atencio-soci-sanitaria-foment-de-la-vida-independent-i-cooperacio-discapacitat\/#breadcrumb"},"inLanguage":"es","potentialAction":[{"@type":"ReadAction","target":["https:\/\/cocemfevalencia.org\/es\/cocemfe-valenciasuport-i-atencio-soci-sanitaria-foment-de-la-vida-independent-i-cooperacio-discapacitat\/"]}]},{"@type":"ImageObject","inLanguage":"es","@id":"https:\/\/cocemfevalencia.org\/es\/cocemfe-valenciasuport-i-atencio-soci-sanitaria-foment-de-la-vida-independent-i-cooperacio-discapacitat\/#primaryimage","url":"https:\/\/cocemfevalencia.org\/wp-content\/uploads\/2020\/01\/Por-una-Vida-Independiente-_41-scaled.jpg","contentUrl":"https:\/\/cocemfevalencia.org\/wp-content\/uploads\/2020\/01\/Por-una-Vida-Independiente-_41-scaled.jpg","width":1920,"height":2560},{"@type":"BreadcrumbList","@id":"https:\/\/cocemfevalencia.org\/es\/cocemfe-valenciasuport-i-atencio-soci-sanitaria-foment-de-la-vida-independent-i-cooperacio-discapacitat\/#breadcrumb","itemListElement":[{"@type":"ListItem","position":1,"name":"Portada","item":"https:\/\/cocemfevalencia.org\/es\/"},{"@type":"ListItem","position":2,"name":"COCEMFE Val\u00e8ncia ha desenvolupat programes de suport i atenci\u00f3 soci-sanit\u00e0ria, foment de la vida independent i cooperaci\u00f3, per a persones amb discapacitat"}]},{"@type":"WebSite","@id":"https:\/\/cocemfevalencia.org\/es\/#website","url":"https:\/\/cocemfevalencia.org\/es\/","name":"Cocemfe Valencia","description":"FEDERACI\u00d3N DE ASOCIACIONES DE PERSONAS CON DISCAPACIDAD F\u00cdSICA Y ORG\u00c1NICA DE LA PROV\u00cdNCIA DE VALENCIA","publisher":{"@id":"https:\/\/cocemfevalencia.org\/es\/#organization"},"potentialAction":[{"@type":"SearchAction","target":{"@type":"EntryPoint","urlTemplate":"https:\/\/cocemfevalencia.org\/es\/?s={search_term_string}"},"query-input":{"@type":"PropertyValueSpecification","valueRequired":true,"valueName":"search_term_string"}}],"inLanguage":"es"},{"@type":"Organization","@id":"https:\/\/cocemfevalencia.org\/es\/#organization","name":"Cocemfe Valencia","url":"https:\/\/cocemfevalencia.org\/es\/","logo":{"@type":"ImageObject","inLanguage":"es","@id":"https:\/\/cocemfevalencia.org\/es\/#\/schema\/logo\/image\/","url":"https:\/\/cocemfevalencia.org\/wp-content\/uploads\/2023\/03\/0312-Horizontal-una-linea-larga-rgb-positivo-Tricolor.png","contentUrl":"https:\/\/cocemfevalencia.org\/wp-content\/uploads\/2023\/03\/0312-Horizontal-una-linea-larga-rgb-positivo-Tricolor.png","width":2334,"height":613,"caption":"Cocemfe Valencia"},"image":{"@id":"https:\/\/cocemfevalencia.org\/es\/#\/schema\/logo\/image\/"},"sameAs":["https:\/\/www.facebook.com\/cocemfe.valencia","https:\/\/x.com\/COCEMFEValencia"]},{"@type":"Person","@id":"https:\/\/cocemfevalencia.org\/es\/#\/schema\/person\/e31a24227ccbc918e2c80add51990ad7","name":"COCEMFE VALENCIA","image":{"@type":"ImageObject","inLanguage":"es","@id":"https:\/\/secure.gravatar.com\/avatar\/81dd2ced4591577d70433bbfde65ba3f931e09f5cb4ca8c890817c47789b47f0?s=96&d=mm&r=g","url":"https:\/\/secure.gravatar.com\/avatar\/81dd2ced4591577d70433bbfde65ba3f931e09f5cb4ca8c890817c47789b47f0?s=96&d=mm&r=g","contentUrl":"https:\/\/secure.gravatar.com\/avatar\/81dd2ced4591577d70433bbfde65ba3f931e09f5cb4ca8c890817c47789b47f0?s=96&d=mm&r=g","caption":"COCEMFE VALENCIA"}}]}},"_links":{"self":[{"href":"https:\/\/cocemfevalencia.org\/es\/wp-json\/wp\/v2\/posts\/4009","targetHints":{"allow":["GET"]}}],"collection":[{"href":"https:\/\/cocemfevalencia.org\/es\/wp-json\/wp\/v2\/posts"}],"about":[{"href":"https:\/\/cocemfevalencia.org\/es\/wp-json\/wp\/v2\/types\/post"}],"author":[{"embeddable":true,"href":"https:\/\/cocemfevalencia.org\/es\/wp-json\/wp\/v2\/users\/3"}],"replies":[{"embeddable":true,"href":"https:\/\/cocemfevalencia.org\/es\/wp-json\/wp\/v2\/comments?post=4009"}],"version-history":[{"count":0,"href":"https:\/\/cocemfevalencia.org\/es\/wp-json\/wp\/v2\/posts\/4009\/revisions"}],"wp:featuredmedia":[{"embeddable":true,"href":"https:\/\/cocemfevalencia.org\/es\/wp-json\/wp\/v2\/media\/4010"}],"wp:attachment":[{"href":"https:\/\/cocemfevalencia.org\/es\/wp-json\/wp\/v2\/media?parent=4009"}],"wp:term":[{"taxonomy":"category","embeddable":true,"href":"https:\/\/cocemfevalencia.org\/es\/wp-json\/wp\/v2\/categories?post=4009"},{"taxonomy":"post_tag","embeddable":true,"href":"https:\/\/cocemfevalencia.org\/es\/wp-json\/wp\/v2\/tags?post=4009"}],"curies":[{"name":"wp","href":"https:\/\/api.w.org\/{rel}","templated":true}]}}