{"id":4015,"date":"2020-01-20T13:46:24","date_gmt":"2020-01-20T11:46:24","guid":{"rendered":"http:\/\/cocemfevalencia.org\/?p=4015"},"modified":"2020-01-20T13:46:24","modified_gmt":"2020-01-20T11:46:24","slug":"sessio-de-gener-de-la-comissio-de-sanitat","status":"publish","type":"post","link":"https:\/\/cocemfevalencia.org\/es\/sessio-de-gener-de-la-comissio-de-sanitat\/","title":{"rendered":"Sessi\u00f3 de Gener de la Comissi\u00f3 de Sanitat"},"content":{"rendered":"\t\t<div data-elementor-type=\"wp-post\" data-elementor-id=\"4015\" class=\"elementor elementor-4015\" data-elementor-post-type=\"post\">\n\t\t\t\t\t\t<section class=\"elementor-section elementor-top-section elementor-element elementor-element-3ff8d8b elementor-section-boxed elementor-section-height-default elementor-section-height-default\" data-id=\"3ff8d8b\" data-element_type=\"section\" data-e-type=\"section\">\n\t\t\t\t\t\t<div class=\"elementor-container elementor-column-gap-default\">\n\t\t\t\t\t<div class=\"elementor-column elementor-col-50 elementor-top-column elementor-element elementor-element-4c9908a\" data-id=\"4c9908a\" data-element_type=\"column\" data-e-type=\"column\">\n\t\t\t<div class=\"elementor-widget-wrap elementor-element-populated\">\n\t\t\t\t\t\t<div class=\"elementor-element elementor-element-3b5c845 elementor-widget elementor-widget-image\" data-id=\"3b5c845\" data-element_type=\"widget\" data-e-type=\"widget\" data-widget_type=\"image.default\">\n\t\t\t\t<div class=\"elementor-widget-container\">\n\t\t\t\t\t\t\t\t\t\t\t\t\t\t\t<img fetchpriority=\"high\" decoding=\"async\" width=\"1024\" height=\"576\" src=\"https:\/\/cocemfevalencia.org\/wp-content\/uploads\/2020\/01\/WhatsApp-Image-2020-01-14-at-13.40.23-1024x576.jpeg\" class=\"attachment-large size-large wp-image-4017\" alt=\"\" srcset=\"https:\/\/cocemfevalencia.org\/wp-content\/uploads\/2020\/01\/WhatsApp-Image-2020-01-14-at-13.40.23-1024x576.jpeg 1024w, https:\/\/cocemfevalencia.org\/wp-content\/uploads\/2020\/01\/WhatsApp-Image-2020-01-14-at-13.40.23-300x169.jpeg 300w, https:\/\/cocemfevalencia.org\/wp-content\/uploads\/2020\/01\/WhatsApp-Image-2020-01-14-at-13.40.23-768x432.jpeg 768w, https:\/\/cocemfevalencia.org\/wp-content\/uploads\/2020\/01\/WhatsApp-Image-2020-01-14-at-13.40.23-1536x864.jpeg 1536w, https:\/\/cocemfevalencia.org\/wp-content\/uploads\/2020\/01\/WhatsApp-Image-2020-01-14-at-13.40.23.jpeg 1600w\" sizes=\"(max-width: 1024px) 100vw, 1024px\" \/>\t\t\t\t\t\t\t\t\t\t\t\t\t\t\t<\/div>\n\t\t\t\t<\/div>\n\t\t\t\t\t<\/div>\n\t\t<\/div>\n\t\t\t\t<div class=\"elementor-column elementor-col-50 elementor-top-column elementor-element elementor-element-2e97187\" data-id=\"2e97187\" data-element_type=\"column\" data-e-type=\"column\">\n\t\t\t<div class=\"elementor-widget-wrap elementor-element-populated\">\n\t\t\t\t\t\t<div class=\"elementor-element elementor-element-c6fd888 elementor-widget elementor-widget-text-editor\" data-id=\"c6fd888\" data-element_type=\"widget\" data-e-type=\"widget\" data-widget_type=\"text-editor.default\">\n\t\t\t\t<div class=\"elementor-widget-container\">\n\t\t\t\t\t\t\t\t\t<p>Dimarts passat 14 de Gener, la Comissi\u00f3 de Sanitat de Cocemfe Val\u00e8ncia (CSdCV), va realitzar la seua 1a reuni\u00f3 de treball del recentment estrenat any nou 2020. Habitualment la CSdCV sol reunir-se cada 1r Dimarts de mes, per\u00f2 a causa de les festes Nadalenques, en aquesta ocasi\u00f3 es va ajornar a aquest Dimarts.<\/p><p>A m\u00e9s d&#8217;un breu resum de l&#8217;any anterior, en aquesta ocasi\u00f3 es van tractar temes comentats per RRSS, la recepta electr\u00f2nica, Voluntats Anticipades, escrits pendents de contestaci\u00f3, etc.<\/p><p><br \/>En aquesta primera trobada, la CSdCV ha col.laborat amb el Sr. Miguel (estudiant de 4 d&#8217;infermeria) en un estudi que porta a terme i com a projecte de carrera, amb el qual pret\u00e9n posar de manifest la perspectiva de les persones amb diferents patologies en temes com la higiene i assertivitat del personal sanitari, accidents i recursos sanitaris, comunicaci\u00f3 entre pacient i personal sanitari o riscos del pacient. Ha sigut molt interessant la participaci\u00f3 en l&#8217;estudi, el qual i una vegada finalitzat, ser\u00e0 rem\u00e9s pel Sr. Miguel a la CSdCV per a la seua difusi\u00f3.<\/p><p>\u00a0<\/p>\t\t\t\t\t\t\t\t<\/div>\n\t\t\t\t<\/div>\n\t\t\t\t\t<\/div>\n\t\t<\/div>\n\t\t\t\t\t<\/div>\n\t\t<\/section>\n\t\t\t\t<section class=\"elementor-section elementor-top-section elementor-element elementor-element-0992c84 elementor-section-boxed elementor-section-height-default elementor-section-height-default\" data-id=\"0992c84\" data-element_type=\"section\" data-e-type=\"section\">\n\t\t\t\t\t\t<div class=\"elementor-container elementor-column-gap-default\">\n\t\t\t\t\t<div class=\"elementor-column elementor-col-100 elementor-top-column elementor-element elementor-element-efa4d93\" data-id=\"efa4d93\" data-element_type=\"column\" data-e-type=\"column\">\n\t\t\t<div class=\"elementor-widget-wrap elementor-element-populated\">\n\t\t\t\t\t\t<div class=\"elementor-element elementor-element-0349ffc elementor-widget elementor-widget-text-editor\" data-id=\"0349ffc\" data-element_type=\"widget\" data-e-type=\"widget\" data-widget_type=\"text-editor.default\">\n\t\t\t\t<div class=\"elementor-widget-container\">\n\t\t\t\t\t\t\t\t\t<p>D&#8217;igual manera, es va realitzar una primera valoraci\u00f3 sobre el projecte \u201cConeix la nostra realitat\u201d en el qual s&#8217;han rebut 261 valoracions. En principi i a falta d&#8217;un informe mes detallat, el qual es remetr\u00e0 a la Conselleria i a alguns col\u00b7legis relacionats amb la sanitat, la valoraci\u00f3 \u00e9s desigual entre l&#8217;aspecte hum\u00e0 i el t\u00e8cnic.<\/p><p>Des de la CSdCV, continuem desitjant la col\u00b7laboraci\u00f3 de les diferents entitats de Cocemfe Val\u00e8ncia, per a continuar treballant en la millora de la Sanitat Valenciana.<\/p><p><b>Si desitges participar, contacta amb l&#8217;entitat o escriu a comisionsanidad@cocemfevalencia.org<\/b><\/p>\t\t\t\t\t\t\t\t<\/div>\n\t\t\t\t<\/div>\n\t\t\t\t\t<\/div>\n\t\t<\/div>\n\t\t\t\t\t<\/div>\n\t\t<\/section>\n\t\t\t\t<\/div>\n\t\t<p>Visitas: 2<\/p>","protected":false},"excerpt":{"rendered":"<p>Dimarts passat 14 de Gener, la Comissi\u00f3 de Sanitat de Cocemfe Val\u00e8ncia (CSdCV), va realitzar la seua 1a reuni\u00f3 de treball del recentment estrenat any nou 2020. Habitualment la CSdCV sol reunir-se cada 1r Dimarts de mes, per\u00f2 a causa de les festes Nadalenques, en aquesta ocasi\u00f3 es va ajornar a aquest Dimarts. A m\u00e9s&hellip;&nbsp;<a href=\"https:\/\/cocemfevalencia.org\/es\/sessio-de-gener-de-la-comissio-de-sanitat\/\" rel=\"bookmark\">Leer m\u00e1s &raquo;<span class=\"screen-reader-text\">Sessi\u00f3 de Gener de la Comissi\u00f3 de Sanitat<\/span><\/a><\/p>\n","protected":false},"author":3,"featured_media":4017,"comment_status":"closed","ping_status":"closed","sticky":false,"template":"","format":"standard","meta":{"rop_custom_images_group":[],"rop_custom_messages_group":[],"rop_publish_now":"initial","rop_publish_now_accounts":[],"rop_publish_now_history":[],"rop_publish_now_status":"pending","neve_meta_sidebar":"","neve_meta_container":"","neve_meta_enable_content_width":"","neve_meta_content_width":0,"neve_meta_title_alignment":"","neve_meta_author_avatar":"","neve_post_elements_order":"","neve_meta_disable_header":"","neve_meta_disable_footer":"","neve_meta_disable_title":"","footnotes":""},"categories":[5],"tags":[],"class_list":["post-4015","post","type-post","status-publish","format-standard","has-post-thumbnail","hentry","category-noticias"],"yoast_head":"<!-- This site is optimized with the Yoast SEO plugin v27.3 - https:\/\/yoast.com\/product\/yoast-seo-wordpress\/ -->\n<title>Sessi\u00f3 de Gener de la Comissi\u00f3 de Sanitat - Cocemfe Valencia<\/title>\n<meta name=\"robots\" content=\"index, follow, max-snippet:-1, max-image-preview:large, max-video-preview:-1\" \/>\n<link rel=\"canonical\" href=\"https:\/\/cocemfevalencia.org\/es\/sessio-de-gener-de-la-comissio-de-sanitat\/\" \/>\n<meta property=\"og:locale\" content=\"es_ES\" \/>\n<meta property=\"og:type\" content=\"article\" \/>\n<meta property=\"og:title\" content=\"Sessi\u00f3 de Gener de la Comissi\u00f3 de Sanitat - Cocemfe Valencia\" \/>\n<meta property=\"og:description\" content=\"Dimarts passat 14 de Gener, la Comissi\u00f3 de Sanitat de Cocemfe Val\u00e8ncia (CSdCV), va realitzar la seua 1a reuni\u00f3 de treball del recentment estrenat any nou 2020. Habitualment la CSdCV sol reunir-se cada 1r Dimarts de mes, per\u00f2 a causa de les festes Nadalenques, en aquesta ocasi\u00f3 es va ajornar a aquest Dimarts. A m\u00e9s&hellip;&nbsp;Leer m\u00e1s &raquo;Sessi\u00f3 de Gener de la Comissi\u00f3 de Sanitat\" \/>\n<meta property=\"og:url\" content=\"https:\/\/cocemfevalencia.org\/es\/sessio-de-gener-de-la-comissio-de-sanitat\/\" \/>\n<meta property=\"og:site_name\" content=\"Cocemfe Valencia\" \/>\n<meta property=\"article:publisher\" content=\"https:\/\/www.facebook.com\/cocemfe.valencia\" \/>\n<meta property=\"article:published_time\" content=\"2020-01-20T11:46:24+00:00\" \/>\n<meta property=\"og:image\" content=\"https:\/\/cocemfevalencia.org\/wp-content\/uploads\/2020\/01\/WhatsApp-Image-2020-01-14-at-13.40.23.jpeg\" \/>\n\t<meta property=\"og:image:width\" content=\"1600\" \/>\n\t<meta property=\"og:image:height\" content=\"900\" \/>\n\t<meta property=\"og:image:type\" content=\"image\/jpeg\" \/>\n<meta name=\"author\" content=\"COCEMFE VALENCIA\" \/>\n<meta name=\"twitter:card\" content=\"summary_large_image\" \/>\n<meta name=\"twitter:creator\" content=\"@COCEMFEValencia\" \/>\n<meta name=\"twitter:site\" content=\"@COCEMFEValencia\" \/>\n<meta name=\"twitter:label1\" content=\"Escrito por\" \/>\n\t<meta name=\"twitter:data1\" content=\"COCEMFE VALENCIA\" \/>\n\t<meta name=\"twitter:label2\" content=\"Tiempo de lectura\" \/>\n\t<meta name=\"twitter:data2\" content=\"1 minuto\" \/>\n<script type=\"application\/ld+json\" class=\"yoast-schema-graph\">{\"@context\":\"https:\\\/\\\/schema.org\",\"@graph\":[{\"@type\":\"Article\",\"@id\":\"https:\\\/\\\/cocemfevalencia.org\\\/es\\\/sessio-de-gener-de-la-comissio-de-sanitat\\\/#article\",\"isPartOf\":{\"@id\":\"https:\\\/\\\/cocemfevalencia.org\\\/es\\\/sessio-de-gener-de-la-comissio-de-sanitat\\\/\"},\"author\":{\"name\":\"COCEMFE VALENCIA\",\"@id\":\"https:\\\/\\\/cocemfevalencia.org\\\/es\\\/#\\\/schema\\\/person\\\/e31a24227ccbc918e2c80add51990ad7\"},\"headline\":\"Sessi\u00f3 de Gener de la Comissi\u00f3 de Sanitat\",\"datePublished\":\"2020-01-20T11:46:24+00:00\",\"mainEntityOfPage\":{\"@id\":\"https:\\\/\\\/cocemfevalencia.org\\\/es\\\/sessio-de-gener-de-la-comissio-de-sanitat\\\/\"},\"wordCount\":284,\"publisher\":{\"@id\":\"https:\\\/\\\/cocemfevalencia.org\\\/es\\\/#organization\"},\"image\":{\"@id\":\"https:\\\/\\\/cocemfevalencia.org\\\/es\\\/sessio-de-gener-de-la-comissio-de-sanitat\\\/#primaryimage\"},\"thumbnailUrl\":\"https:\\\/\\\/cocemfevalencia.org\\\/wp-content\\\/uploads\\\/2020\\\/01\\\/WhatsApp-Image-2020-01-14-at-13.40.23.jpeg\",\"articleSection\":[\"Not\u00edcies\"],\"inLanguage\":\"es\"},{\"@type\":\"WebPage\",\"@id\":\"https:\\\/\\\/cocemfevalencia.org\\\/es\\\/sessio-de-gener-de-la-comissio-de-sanitat\\\/\",\"url\":\"https:\\\/\\\/cocemfevalencia.org\\\/es\\\/sessio-de-gener-de-la-comissio-de-sanitat\\\/\",\"name\":\"Sessi\u00f3 de Gener de la Comissi\u00f3 de Sanitat - Cocemfe Valencia\",\"isPartOf\":{\"@id\":\"https:\\\/\\\/cocemfevalencia.org\\\/es\\\/#website\"},\"primaryImageOfPage\":{\"@id\":\"https:\\\/\\\/cocemfevalencia.org\\\/es\\\/sessio-de-gener-de-la-comissio-de-sanitat\\\/#primaryimage\"},\"image\":{\"@id\":\"https:\\\/\\\/cocemfevalencia.org\\\/es\\\/sessio-de-gener-de-la-comissio-de-sanitat\\\/#primaryimage\"},\"thumbnailUrl\":\"https:\\\/\\\/cocemfevalencia.org\\\/wp-content\\\/uploads\\\/2020\\\/01\\\/WhatsApp-Image-2020-01-14-at-13.40.23.jpeg\",\"datePublished\":\"2020-01-20T11:46:24+00:00\",\"breadcrumb\":{\"@id\":\"https:\\\/\\\/cocemfevalencia.org\\\/es\\\/sessio-de-gener-de-la-comissio-de-sanitat\\\/#breadcrumb\"},\"inLanguage\":\"es\",\"potentialAction\":[{\"@type\":\"ReadAction\",\"target\":[\"https:\\\/\\\/cocemfevalencia.org\\\/es\\\/sessio-de-gener-de-la-comissio-de-sanitat\\\/\"]}]},{\"@type\":\"ImageObject\",\"inLanguage\":\"es\",\"@id\":\"https:\\\/\\\/cocemfevalencia.org\\\/es\\\/sessio-de-gener-de-la-comissio-de-sanitat\\\/#primaryimage\",\"url\":\"https:\\\/\\\/cocemfevalencia.org\\\/wp-content\\\/uploads\\\/2020\\\/01\\\/WhatsApp-Image-2020-01-14-at-13.40.23.jpeg\",\"contentUrl\":\"https:\\\/\\\/cocemfevalencia.org\\\/wp-content\\\/uploads\\\/2020\\\/01\\\/WhatsApp-Image-2020-01-14-at-13.40.23.jpeg\",\"width\":1600,\"height\":900},{\"@type\":\"BreadcrumbList\",\"@id\":\"https:\\\/\\\/cocemfevalencia.org\\\/es\\\/sessio-de-gener-de-la-comissio-de-sanitat\\\/#breadcrumb\",\"itemListElement\":[{\"@type\":\"ListItem\",\"position\":1,\"name\":\"Portada\",\"item\":\"https:\\\/\\\/cocemfevalencia.org\\\/es\\\/\"},{\"@type\":\"ListItem\",\"position\":2,\"name\":\"Sessi\u00f3 de Gener de la Comissi\u00f3 de Sanitat\"}]},{\"@type\":\"WebSite\",\"@id\":\"https:\\\/\\\/cocemfevalencia.org\\\/es\\\/#website\",\"url\":\"https:\\\/\\\/cocemfevalencia.org\\\/es\\\/\",\"name\":\"Cocemfe Valencia\",\"description\":\"FEDERACI\u00d3N DE ASOCIACIONES DE PERSONAS CON DISCAPACIDAD F\u00cdSICA Y ORG\u00c1NICA DE LA PROV\u00cdNCIA DE VALENCIA\",\"publisher\":{\"@id\":\"https:\\\/\\\/cocemfevalencia.org\\\/es\\\/#organization\"},\"potentialAction\":[{\"@type\":\"SearchAction\",\"target\":{\"@type\":\"EntryPoint\",\"urlTemplate\":\"https:\\\/\\\/cocemfevalencia.org\\\/es\\\/?s={search_term_string}\"},\"query-input\":{\"@type\":\"PropertyValueSpecification\",\"valueRequired\":true,\"valueName\":\"search_term_string\"}}],\"inLanguage\":\"es\"},{\"@type\":\"Organization\",\"@id\":\"https:\\\/\\\/cocemfevalencia.org\\\/es\\\/#organization\",\"name\":\"Cocemfe Valencia\",\"url\":\"https:\\\/\\\/cocemfevalencia.org\\\/es\\\/\",\"logo\":{\"@type\":\"ImageObject\",\"inLanguage\":\"es\",\"@id\":\"https:\\\/\\\/cocemfevalencia.org\\\/es\\\/#\\\/schema\\\/logo\\\/image\\\/\",\"url\":\"https:\\\/\\\/cocemfevalencia.org\\\/wp-content\\\/uploads\\\/2023\\\/03\\\/0312-Horizontal-una-linea-larga-rgb-positivo-Tricolor.png\",\"contentUrl\":\"https:\\\/\\\/cocemfevalencia.org\\\/wp-content\\\/uploads\\\/2023\\\/03\\\/0312-Horizontal-una-linea-larga-rgb-positivo-Tricolor.png\",\"width\":2334,\"height\":613,\"caption\":\"Cocemfe Valencia\"},\"image\":{\"@id\":\"https:\\\/\\\/cocemfevalencia.org\\\/es\\\/#\\\/schema\\\/logo\\\/image\\\/\"},\"sameAs\":[\"https:\\\/\\\/www.facebook.com\\\/cocemfe.valencia\",\"https:\\\/\\\/x.com\\\/COCEMFEValencia\"]},{\"@type\":\"Person\",\"@id\":\"https:\\\/\\\/cocemfevalencia.org\\\/es\\\/#\\\/schema\\\/person\\\/e31a24227ccbc918e2c80add51990ad7\",\"name\":\"COCEMFE VALENCIA\",\"image\":{\"@type\":\"ImageObject\",\"inLanguage\":\"es\",\"@id\":\"https:\\\/\\\/secure.gravatar.com\\\/avatar\\\/81dd2ced4591577d70433bbfde65ba3f931e09f5cb4ca8c890817c47789b47f0?s=96&d=mm&r=g\",\"url\":\"https:\\\/\\\/secure.gravatar.com\\\/avatar\\\/81dd2ced4591577d70433bbfde65ba3f931e09f5cb4ca8c890817c47789b47f0?s=96&d=mm&r=g\",\"contentUrl\":\"https:\\\/\\\/secure.gravatar.com\\\/avatar\\\/81dd2ced4591577d70433bbfde65ba3f931e09f5cb4ca8c890817c47789b47f0?s=96&d=mm&r=g\",\"caption\":\"COCEMFE VALENCIA\"}}]}<\/script>\n<!-- \/ Yoast SEO plugin. -->","yoast_head_json":{"title":"Sessi\u00f3 de Gener de la Comissi\u00f3 de Sanitat - Cocemfe Valencia","robots":{"index":"index","follow":"follow","max-snippet":"max-snippet:-1","max-image-preview":"max-image-preview:large","max-video-preview":"max-video-preview:-1"},"canonical":"https:\/\/cocemfevalencia.org\/es\/sessio-de-gener-de-la-comissio-de-sanitat\/","og_locale":"es_ES","og_type":"article","og_title":"Sessi\u00f3 de Gener de la Comissi\u00f3 de Sanitat - Cocemfe Valencia","og_description":"Dimarts passat 14 de Gener, la Comissi\u00f3 de Sanitat de Cocemfe Val\u00e8ncia (CSdCV), va realitzar la seua 1a reuni\u00f3 de treball del recentment estrenat any nou 2020. Habitualment la CSdCV sol reunir-se cada 1r Dimarts de mes, per\u00f2 a causa de les festes Nadalenques, en aquesta ocasi\u00f3 es va ajornar a aquest Dimarts. A m\u00e9s&hellip;&nbsp;Leer m\u00e1s &raquo;Sessi\u00f3 de Gener de la Comissi\u00f3 de Sanitat","og_url":"https:\/\/cocemfevalencia.org\/es\/sessio-de-gener-de-la-comissio-de-sanitat\/","og_site_name":"Cocemfe Valencia","article_publisher":"https:\/\/www.facebook.com\/cocemfe.valencia","article_published_time":"2020-01-20T11:46:24+00:00","og_image":[{"width":1600,"height":900,"url":"https:\/\/cocemfevalencia.org\/wp-content\/uploads\/2020\/01\/WhatsApp-Image-2020-01-14-at-13.40.23.jpeg","type":"image\/jpeg"}],"author":"COCEMFE VALENCIA","twitter_card":"summary_large_image","twitter_creator":"@COCEMFEValencia","twitter_site":"@COCEMFEValencia","twitter_misc":{"Escrito por":"COCEMFE VALENCIA","Tiempo de lectura":"1 minuto"},"schema":{"@context":"https:\/\/schema.org","@graph":[{"@type":"Article","@id":"https:\/\/cocemfevalencia.org\/es\/sessio-de-gener-de-la-comissio-de-sanitat\/#article","isPartOf":{"@id":"https:\/\/cocemfevalencia.org\/es\/sessio-de-gener-de-la-comissio-de-sanitat\/"},"author":{"name":"COCEMFE VALENCIA","@id":"https:\/\/cocemfevalencia.org\/es\/#\/schema\/person\/e31a24227ccbc918e2c80add51990ad7"},"headline":"Sessi\u00f3 de Gener de la Comissi\u00f3 de Sanitat","datePublished":"2020-01-20T11:46:24+00:00","mainEntityOfPage":{"@id":"https:\/\/cocemfevalencia.org\/es\/sessio-de-gener-de-la-comissio-de-sanitat\/"},"wordCount":284,"publisher":{"@id":"https:\/\/cocemfevalencia.org\/es\/#organization"},"image":{"@id":"https:\/\/cocemfevalencia.org\/es\/sessio-de-gener-de-la-comissio-de-sanitat\/#primaryimage"},"thumbnailUrl":"https:\/\/cocemfevalencia.org\/wp-content\/uploads\/2020\/01\/WhatsApp-Image-2020-01-14-at-13.40.23.jpeg","articleSection":["Not\u00edcies"],"inLanguage":"es"},{"@type":"WebPage","@id":"https:\/\/cocemfevalencia.org\/es\/sessio-de-gener-de-la-comissio-de-sanitat\/","url":"https:\/\/cocemfevalencia.org\/es\/sessio-de-gener-de-la-comissio-de-sanitat\/","name":"Sessi\u00f3 de Gener de la Comissi\u00f3 de Sanitat - Cocemfe Valencia","isPartOf":{"@id":"https:\/\/cocemfevalencia.org\/es\/#website"},"primaryImageOfPage":{"@id":"https:\/\/cocemfevalencia.org\/es\/sessio-de-gener-de-la-comissio-de-sanitat\/#primaryimage"},"image":{"@id":"https:\/\/cocemfevalencia.org\/es\/sessio-de-gener-de-la-comissio-de-sanitat\/#primaryimage"},"thumbnailUrl":"https:\/\/cocemfevalencia.org\/wp-content\/uploads\/2020\/01\/WhatsApp-Image-2020-01-14-at-13.40.23.jpeg","datePublished":"2020-01-20T11:46:24+00:00","breadcrumb":{"@id":"https:\/\/cocemfevalencia.org\/es\/sessio-de-gener-de-la-comissio-de-sanitat\/#breadcrumb"},"inLanguage":"es","potentialAction":[{"@type":"ReadAction","target":["https:\/\/cocemfevalencia.org\/es\/sessio-de-gener-de-la-comissio-de-sanitat\/"]}]},{"@type":"ImageObject","inLanguage":"es","@id":"https:\/\/cocemfevalencia.org\/es\/sessio-de-gener-de-la-comissio-de-sanitat\/#primaryimage","url":"https:\/\/cocemfevalencia.org\/wp-content\/uploads\/2020\/01\/WhatsApp-Image-2020-01-14-at-13.40.23.jpeg","contentUrl":"https:\/\/cocemfevalencia.org\/wp-content\/uploads\/2020\/01\/WhatsApp-Image-2020-01-14-at-13.40.23.jpeg","width":1600,"height":900},{"@type":"BreadcrumbList","@id":"https:\/\/cocemfevalencia.org\/es\/sessio-de-gener-de-la-comissio-de-sanitat\/#breadcrumb","itemListElement":[{"@type":"ListItem","position":1,"name":"Portada","item":"https:\/\/cocemfevalencia.org\/es\/"},{"@type":"ListItem","position":2,"name":"Sessi\u00f3 de Gener de la Comissi\u00f3 de Sanitat"}]},{"@type":"WebSite","@id":"https:\/\/cocemfevalencia.org\/es\/#website","url":"https:\/\/cocemfevalencia.org\/es\/","name":"Cocemfe Valencia","description":"FEDERACI\u00d3N DE ASOCIACIONES DE PERSONAS CON DISCAPACIDAD F\u00cdSICA Y ORG\u00c1NICA DE LA PROV\u00cdNCIA DE VALENCIA","publisher":{"@id":"https:\/\/cocemfevalencia.org\/es\/#organization"},"potentialAction":[{"@type":"SearchAction","target":{"@type":"EntryPoint","urlTemplate":"https:\/\/cocemfevalencia.org\/es\/?s={search_term_string}"},"query-input":{"@type":"PropertyValueSpecification","valueRequired":true,"valueName":"search_term_string"}}],"inLanguage":"es"},{"@type":"Organization","@id":"https:\/\/cocemfevalencia.org\/es\/#organization","name":"Cocemfe Valencia","url":"https:\/\/cocemfevalencia.org\/es\/","logo":{"@type":"ImageObject","inLanguage":"es","@id":"https:\/\/cocemfevalencia.org\/es\/#\/schema\/logo\/image\/","url":"https:\/\/cocemfevalencia.org\/wp-content\/uploads\/2023\/03\/0312-Horizontal-una-linea-larga-rgb-positivo-Tricolor.png","contentUrl":"https:\/\/cocemfevalencia.org\/wp-content\/uploads\/2023\/03\/0312-Horizontal-una-linea-larga-rgb-positivo-Tricolor.png","width":2334,"height":613,"caption":"Cocemfe Valencia"},"image":{"@id":"https:\/\/cocemfevalencia.org\/es\/#\/schema\/logo\/image\/"},"sameAs":["https:\/\/www.facebook.com\/cocemfe.valencia","https:\/\/x.com\/COCEMFEValencia"]},{"@type":"Person","@id":"https:\/\/cocemfevalencia.org\/es\/#\/schema\/person\/e31a24227ccbc918e2c80add51990ad7","name":"COCEMFE VALENCIA","image":{"@type":"ImageObject","inLanguage":"es","@id":"https:\/\/secure.gravatar.com\/avatar\/81dd2ced4591577d70433bbfde65ba3f931e09f5cb4ca8c890817c47789b47f0?s=96&d=mm&r=g","url":"https:\/\/secure.gravatar.com\/avatar\/81dd2ced4591577d70433bbfde65ba3f931e09f5cb4ca8c890817c47789b47f0?s=96&d=mm&r=g","contentUrl":"https:\/\/secure.gravatar.com\/avatar\/81dd2ced4591577d70433bbfde65ba3f931e09f5cb4ca8c890817c47789b47f0?s=96&d=mm&r=g","caption":"COCEMFE VALENCIA"}}]}},"_links":{"self":[{"href":"https:\/\/cocemfevalencia.org\/es\/wp-json\/wp\/v2\/posts\/4015","targetHints":{"allow":["GET"]}}],"collection":[{"href":"https:\/\/cocemfevalencia.org\/es\/wp-json\/wp\/v2\/posts"}],"about":[{"href":"https:\/\/cocemfevalencia.org\/es\/wp-json\/wp\/v2\/types\/post"}],"author":[{"embeddable":true,"href":"https:\/\/cocemfevalencia.org\/es\/wp-json\/wp\/v2\/users\/3"}],"replies":[{"embeddable":true,"href":"https:\/\/cocemfevalencia.org\/es\/wp-json\/wp\/v2\/comments?post=4015"}],"version-history":[{"count":0,"href":"https:\/\/cocemfevalencia.org\/es\/wp-json\/wp\/v2\/posts\/4015\/revisions"}],"wp:featuredmedia":[{"embeddable":true,"href":"https:\/\/cocemfevalencia.org\/es\/wp-json\/wp\/v2\/media\/4017"}],"wp:attachment":[{"href":"https:\/\/cocemfevalencia.org\/es\/wp-json\/wp\/v2\/media?parent=4015"}],"wp:term":[{"taxonomy":"category","embeddable":true,"href":"https:\/\/cocemfevalencia.org\/es\/wp-json\/wp\/v2\/categories?post=4015"},{"taxonomy":"post_tag","embeddable":true,"href":"https:\/\/cocemfevalencia.org\/es\/wp-json\/wp\/v2\/tags?post=4015"}],"curies":[{"name":"wp","href":"https:\/\/api.w.org\/{rel}","templated":true}]}}