{"id":4231,"date":"2020-03-05T14:48:33","date_gmt":"2020-03-05T12:48:33","guid":{"rendered":"http:\/\/cocemfevalencia.org\/?p=4231"},"modified":"2020-03-05T14:48:33","modified_gmt":"2020-03-05T12:48:33","slug":"reunio-de-marc-de-la-comissio-de-sanitat-de-cocemfe-valencia-csdcv","status":"publish","type":"post","link":"https:\/\/cocemfevalencia.org\/es\/reunio-de-marc-de-la-comissio-de-sanitat-de-cocemfe-valencia-csdcv\/","title":{"rendered":"Reuni\u00f3 de Mar\u00e7 de La comissi\u00f3 de Sanitat de Cocemfe Val\u00e8ncia (CSdCV)"},"content":{"rendered":"\t\t<div data-elementor-type=\"wp-post\" data-elementor-id=\"4231\" class=\"elementor elementor-4231\" data-elementor-post-type=\"post\">\n\t\t\t\t\t\t<section class=\"elementor-section elementor-top-section elementor-element elementor-element-fa1f767 elementor-section-boxed elementor-section-height-default elementor-section-height-default\" data-id=\"fa1f767\" data-element_type=\"section\" data-e-type=\"section\">\n\t\t\t\t\t\t<div class=\"elementor-container elementor-column-gap-default\">\n\t\t\t\t\t<div class=\"elementor-column elementor-col-50 elementor-top-column elementor-element elementor-element-9e69203\" data-id=\"9e69203\" data-element_type=\"column\" data-e-type=\"column\">\n\t\t\t<div class=\"elementor-widget-wrap elementor-element-populated\">\n\t\t\t\t\t\t<div class=\"elementor-element elementor-element-48f93b3 elementor-widget elementor-widget-image\" data-id=\"48f93b3\" data-element_type=\"widget\" data-e-type=\"widget\" data-widget_type=\"image.default\">\n\t\t\t\t<div class=\"elementor-widget-container\">\n\t\t\t\t\t\t\t\t\t\t\t\t\t\t\t<img fetchpriority=\"high\" decoding=\"async\" width=\"1024\" height=\"576\" src=\"https:\/\/cocemfevalencia.org\/wp-content\/uploads\/2020\/03\/WhatsApp-Image-2020-03-03-at-12.39.49-1024x576.jpeg\" class=\"attachment-large size-large wp-image-4233\" alt=\"\" srcset=\"https:\/\/cocemfevalencia.org\/wp-content\/uploads\/2020\/03\/WhatsApp-Image-2020-03-03-at-12.39.49-1024x576.jpeg 1024w, https:\/\/cocemfevalencia.org\/wp-content\/uploads\/2020\/03\/WhatsApp-Image-2020-03-03-at-12.39.49-300x169.jpeg 300w, https:\/\/cocemfevalencia.org\/wp-content\/uploads\/2020\/03\/WhatsApp-Image-2020-03-03-at-12.39.49-768x432.jpeg 768w, https:\/\/cocemfevalencia.org\/wp-content\/uploads\/2020\/03\/WhatsApp-Image-2020-03-03-at-12.39.49-1536x864.jpeg 1536w, https:\/\/cocemfevalencia.org\/wp-content\/uploads\/2020\/03\/WhatsApp-Image-2020-03-03-at-12.39.49.jpeg 2016w\" sizes=\"(max-width: 1024px) 100vw, 1024px\" \/>\t\t\t\t\t\t\t\t\t\t\t\t\t\t\t<\/div>\n\t\t\t\t<\/div>\n\t\t\t\t\t<\/div>\n\t\t<\/div>\n\t\t\t\t<div class=\"elementor-column elementor-col-50 elementor-top-column elementor-element elementor-element-49b4805\" data-id=\"49b4805\" data-element_type=\"column\" data-e-type=\"column\">\n\t\t\t<div class=\"elementor-widget-wrap elementor-element-populated\">\n\t\t\t\t\t\t<div class=\"elementor-element elementor-element-2a71fc5 elementor-widget elementor-widget-text-editor\" data-id=\"2a71fc5\" data-element_type=\"widget\" data-e-type=\"widget\" data-widget_type=\"text-editor.default\">\n\t\t\t\t<div class=\"elementor-widget-container\">\n\t\t\t\t\t\t\t\t\t<p>La comissi\u00f3 de Sanitat de Cocemfe Val\u00e8ncia (CSdCV), es va reunir el primer dimarts de Mar\u00e7 per a continuar treballant els diferents temes relacionats amb l&#8217;entorn Sociosanitari i la sanitat.<\/p><p>Es valora en positiu l&#8217;impuls donat des de la web de Cocemfe Val\u00e8ncia i tamb\u00e9 per les diferents entitats. S&#8217;aprova prorrogar-ho fins a finals de Mar\u00e7, tal com es va acordar, i el mes d&#8217;abril, realitzar l&#8217;informe final, que es remetr\u00e0 a la Conselleria de Sanitat. I als diferents estaments Soci-Sanitari.<\/p><p>Hem tractat novament temes com la problem\u00e0tica sorgida per la proximitat de locals d&#8217;apostes a centres educatius, aix\u00ed com la gran quantitat de publicitat en mitjans de comunicaci\u00f3 sobre aquest tema. S&#8217;aprove en l&#8217;anterior reuni\u00f3, a indagar en la normativa i realitzar una NdP (Nota de Premsa) referent a aquesta influ\u00e8ncia negativa en l&#8217;entorn escolar. Finalment, i davant la quantitat de NsdP realitzades per diferents estaments i davant una pr\u00f2xima Llei sobre aquest tema, la CSdCV es mant\u00e9 en pausa a costa de canvis en la normativa.<\/p>\t\t\t\t\t\t\t\t<\/div>\n\t\t\t\t<\/div>\n\t\t\t\t\t<\/div>\n\t\t<\/div>\n\t\t\t\t\t<\/div>\n\t\t<\/section>\n\t\t\t\t<section class=\"elementor-section elementor-top-section elementor-element elementor-element-0fd4e34 elementor-section-boxed elementor-section-height-default elementor-section-height-default\" data-id=\"0fd4e34\" data-element_type=\"section\" data-e-type=\"section\">\n\t\t\t\t\t\t<div class=\"elementor-container elementor-column-gap-default\">\n\t\t\t\t\t<div class=\"elementor-column elementor-col-100 elementor-top-column elementor-element elementor-element-c90a565\" data-id=\"c90a565\" data-element_type=\"column\" data-e-type=\"column\">\n\t\t\t<div class=\"elementor-widget-wrap elementor-element-populated\">\n\t\t\t\t\t\t<div class=\"elementor-element elementor-element-5464b72 elementor-widget elementor-widget-text-editor\" data-id=\"5464b72\" data-element_type=\"widget\" data-e-type=\"widget\" data-widget_type=\"text-editor.default\">\n\t\t\t\t<div class=\"elementor-widget-container\">\n\t\t\t\t\t\t\t\t\t<p>Tamb\u00e9 comentem el tema del grau de discapacitat, per a la gratu\u00eftat de l&#8217;assist\u00e8ncia Jur\u00eddica amb m\u00e9s del 33% per exemple. El desori en tot el proc\u00e9s des que se sol\u00b7licita fins que arriba la resoluci\u00f3, perqu\u00e8 a la Comunitat Valenciana es tarda 30 mesos i fins i tot en algun cas els 36, mentre que en prov\u00edncies com Navarra el temps de resposta del mateix proc\u00e9s sol ser de 6 mesos m\u00e0xim. Queda patent que les revisions del grau de discapacitat van molt a la baixa.<\/p><p><strong>Si estes interessat en participar, contacta en l\u2019entitat o escriu-nos al correu electr\u00f2nic de la Comissi\u00f3: \u00a0\u00a0<\/strong><\/p><p><a href=\"mailto:comisionsanidad@cocemfevalencia.org\">comisionsanidad@cocemfevalencia.org<\/a><\/p>\t\t\t\t\t\t\t\t<\/div>\n\t\t\t\t<\/div>\n\t\t\t\t\t<\/div>\n\t\t<\/div>\n\t\t\t\t\t<\/div>\n\t\t<\/section>\n\t\t\t\t<\/div>\n\t\t<p>Visitas: 4<\/p>","protected":false},"excerpt":{"rendered":"<p>La comissi\u00f3 de Sanitat de Cocemfe Val\u00e8ncia (CSdCV), es va reunir el primer dimarts de Mar\u00e7 per a continuar treballant els diferents temes relacionats amb l&#8217;entorn Sociosanitari i la sanitat. Es valora en positiu l&#8217;impuls donat des de la web de Cocemfe Val\u00e8ncia i tamb\u00e9 per les diferents entitats. S&#8217;aprova prorrogar-ho fins a finals de&hellip;&nbsp;<a href=\"https:\/\/cocemfevalencia.org\/es\/reunio-de-marc-de-la-comissio-de-sanitat-de-cocemfe-valencia-csdcv\/\" rel=\"bookmark\">Leer m\u00e1s &raquo;<span class=\"screen-reader-text\">Reuni\u00f3 de Mar\u00e7 de La comissi\u00f3 de Sanitat de Cocemfe Val\u00e8ncia (CSdCV)<\/span><\/a><\/p>\n","protected":false},"author":3,"featured_media":4233,"comment_status":"closed","ping_status":"closed","sticky":false,"template":"","format":"standard","meta":{"rop_custom_images_group":[],"rop_custom_messages_group":[],"rop_publish_now":"initial","rop_publish_now_accounts":[],"rop_publish_now_history":[],"rop_publish_now_status":"pending","neve_meta_sidebar":"","neve_meta_container":"","neve_meta_enable_content_width":"","neve_meta_content_width":0,"neve_meta_title_alignment":"","neve_meta_author_avatar":"","neve_post_elements_order":"","neve_meta_disable_header":"","neve_meta_disable_footer":"","neve_meta_disable_title":"","footnotes":""},"categories":[5],"tags":[],"class_list":["post-4231","post","type-post","status-publish","format-standard","has-post-thumbnail","hentry","category-noticias"],"yoast_head":"<!-- This site is optimized with the Yoast SEO plugin v27.3 - https:\/\/yoast.com\/product\/yoast-seo-wordpress\/ -->\n<title>Reuni\u00f3 de Mar\u00e7 de La comissi\u00f3 de Sanitat de Cocemfe Val\u00e8ncia (CSdCV) - Cocemfe Valencia<\/title>\n<meta name=\"robots\" content=\"index, follow, max-snippet:-1, max-image-preview:large, max-video-preview:-1\" \/>\n<link rel=\"canonical\" href=\"https:\/\/cocemfevalencia.org\/es\/reunio-de-marc-de-la-comissio-de-sanitat-de-cocemfe-valencia-csdcv\/\" \/>\n<meta property=\"og:locale\" content=\"es_ES\" \/>\n<meta property=\"og:type\" content=\"article\" \/>\n<meta property=\"og:title\" content=\"Reuni\u00f3 de Mar\u00e7 de La comissi\u00f3 de Sanitat de Cocemfe Val\u00e8ncia (CSdCV) - Cocemfe Valencia\" \/>\n<meta property=\"og:description\" content=\"La comissi\u00f3 de Sanitat de Cocemfe Val\u00e8ncia (CSdCV), es va reunir el primer dimarts de Mar\u00e7 per a continuar treballant els diferents temes relacionats amb l&#8217;entorn Sociosanitari i la sanitat. Es valora en positiu l&#8217;impuls donat des de la web de Cocemfe Val\u00e8ncia i tamb\u00e9 per les diferents entitats. S&#8217;aprova prorrogar-ho fins a finals de&hellip;&nbsp;Leer m\u00e1s &raquo;Reuni\u00f3 de Mar\u00e7 de La comissi\u00f3 de Sanitat de Cocemfe Val\u00e8ncia (CSdCV)\" \/>\n<meta property=\"og:url\" content=\"https:\/\/cocemfevalencia.org\/es\/reunio-de-marc-de-la-comissio-de-sanitat-de-cocemfe-valencia-csdcv\/\" \/>\n<meta property=\"og:site_name\" content=\"Cocemfe Valencia\" \/>\n<meta property=\"article:publisher\" content=\"https:\/\/www.facebook.com\/cocemfe.valencia\" \/>\n<meta property=\"article:published_time\" content=\"2020-03-05T12:48:33+00:00\" \/>\n<meta property=\"og:image\" content=\"https:\/\/cocemfevalencia.org\/wp-content\/uploads\/2020\/03\/WhatsApp-Image-2020-03-03-at-12.39.49.jpeg\" \/>\n\t<meta property=\"og:image:width\" content=\"2016\" \/>\n\t<meta property=\"og:image:height\" content=\"1134\" \/>\n\t<meta property=\"og:image:type\" content=\"image\/jpeg\" \/>\n<meta name=\"author\" content=\"COCEMFE VALENCIA\" \/>\n<meta name=\"twitter:card\" content=\"summary_large_image\" \/>\n<meta name=\"twitter:creator\" content=\"@COCEMFEValencia\" \/>\n<meta name=\"twitter:site\" content=\"@COCEMFEValencia\" \/>\n<meta name=\"twitter:label1\" content=\"Escrito por\" \/>\n\t<meta name=\"twitter:data1\" content=\"COCEMFE VALENCIA\" \/>\n\t<meta name=\"twitter:label2\" content=\"Tiempo de lectura\" \/>\n\t<meta name=\"twitter:data2\" content=\"1 minuto\" \/>\n<script type=\"application\/ld+json\" class=\"yoast-schema-graph\">{\"@context\":\"https:\\\/\\\/schema.org\",\"@graph\":[{\"@type\":\"Article\",\"@id\":\"https:\\\/\\\/cocemfevalencia.org\\\/es\\\/reunio-de-marc-de-la-comissio-de-sanitat-de-cocemfe-valencia-csdcv\\\/#article\",\"isPartOf\":{\"@id\":\"https:\\\/\\\/cocemfevalencia.org\\\/es\\\/reunio-de-marc-de-la-comissio-de-sanitat-de-cocemfe-valencia-csdcv\\\/\"},\"author\":{\"name\":\"COCEMFE VALENCIA\",\"@id\":\"https:\\\/\\\/cocemfevalencia.org\\\/es\\\/#\\\/schema\\\/person\\\/e31a24227ccbc918e2c80add51990ad7\"},\"headline\":\"Reuni\u00f3 de Mar\u00e7 de La comissi\u00f3 de Sanitat de Cocemfe Val\u00e8ncia (CSdCV)\",\"datePublished\":\"2020-03-05T12:48:33+00:00\",\"mainEntityOfPage\":{\"@id\":\"https:\\\/\\\/cocemfevalencia.org\\\/es\\\/reunio-de-marc-de-la-comissio-de-sanitat-de-cocemfe-valencia-csdcv\\\/\"},\"wordCount\":299,\"publisher\":{\"@id\":\"https:\\\/\\\/cocemfevalencia.org\\\/es\\\/#organization\"},\"image\":{\"@id\":\"https:\\\/\\\/cocemfevalencia.org\\\/es\\\/reunio-de-marc-de-la-comissio-de-sanitat-de-cocemfe-valencia-csdcv\\\/#primaryimage\"},\"thumbnailUrl\":\"https:\\\/\\\/cocemfevalencia.org\\\/wp-content\\\/uploads\\\/2020\\\/03\\\/WhatsApp-Image-2020-03-03-at-12.39.49.jpeg\",\"articleSection\":[\"Not\u00edcies\"],\"inLanguage\":\"es\"},{\"@type\":\"WebPage\",\"@id\":\"https:\\\/\\\/cocemfevalencia.org\\\/es\\\/reunio-de-marc-de-la-comissio-de-sanitat-de-cocemfe-valencia-csdcv\\\/\",\"url\":\"https:\\\/\\\/cocemfevalencia.org\\\/es\\\/reunio-de-marc-de-la-comissio-de-sanitat-de-cocemfe-valencia-csdcv\\\/\",\"name\":\"Reuni\u00f3 de Mar\u00e7 de La comissi\u00f3 de Sanitat de Cocemfe Val\u00e8ncia (CSdCV) - Cocemfe Valencia\",\"isPartOf\":{\"@id\":\"https:\\\/\\\/cocemfevalencia.org\\\/es\\\/#website\"},\"primaryImageOfPage\":{\"@id\":\"https:\\\/\\\/cocemfevalencia.org\\\/es\\\/reunio-de-marc-de-la-comissio-de-sanitat-de-cocemfe-valencia-csdcv\\\/#primaryimage\"},\"image\":{\"@id\":\"https:\\\/\\\/cocemfevalencia.org\\\/es\\\/reunio-de-marc-de-la-comissio-de-sanitat-de-cocemfe-valencia-csdcv\\\/#primaryimage\"},\"thumbnailUrl\":\"https:\\\/\\\/cocemfevalencia.org\\\/wp-content\\\/uploads\\\/2020\\\/03\\\/WhatsApp-Image-2020-03-03-at-12.39.49.jpeg\",\"datePublished\":\"2020-03-05T12:48:33+00:00\",\"breadcrumb\":{\"@id\":\"https:\\\/\\\/cocemfevalencia.org\\\/es\\\/reunio-de-marc-de-la-comissio-de-sanitat-de-cocemfe-valencia-csdcv\\\/#breadcrumb\"},\"inLanguage\":\"es\",\"potentialAction\":[{\"@type\":\"ReadAction\",\"target\":[\"https:\\\/\\\/cocemfevalencia.org\\\/es\\\/reunio-de-marc-de-la-comissio-de-sanitat-de-cocemfe-valencia-csdcv\\\/\"]}]},{\"@type\":\"ImageObject\",\"inLanguage\":\"es\",\"@id\":\"https:\\\/\\\/cocemfevalencia.org\\\/es\\\/reunio-de-marc-de-la-comissio-de-sanitat-de-cocemfe-valencia-csdcv\\\/#primaryimage\",\"url\":\"https:\\\/\\\/cocemfevalencia.org\\\/wp-content\\\/uploads\\\/2020\\\/03\\\/WhatsApp-Image-2020-03-03-at-12.39.49.jpeg\",\"contentUrl\":\"https:\\\/\\\/cocemfevalencia.org\\\/wp-content\\\/uploads\\\/2020\\\/03\\\/WhatsApp-Image-2020-03-03-at-12.39.49.jpeg\",\"width\":2016,\"height\":1134},{\"@type\":\"BreadcrumbList\",\"@id\":\"https:\\\/\\\/cocemfevalencia.org\\\/es\\\/reunio-de-marc-de-la-comissio-de-sanitat-de-cocemfe-valencia-csdcv\\\/#breadcrumb\",\"itemListElement\":[{\"@type\":\"ListItem\",\"position\":1,\"name\":\"Portada\",\"item\":\"https:\\\/\\\/cocemfevalencia.org\\\/es\\\/\"},{\"@type\":\"ListItem\",\"position\":2,\"name\":\"Reuni\u00f3 de Mar\u00e7 de La comissi\u00f3 de Sanitat de Cocemfe Val\u00e8ncia (CSdCV)\"}]},{\"@type\":\"WebSite\",\"@id\":\"https:\\\/\\\/cocemfevalencia.org\\\/es\\\/#website\",\"url\":\"https:\\\/\\\/cocemfevalencia.org\\\/es\\\/\",\"name\":\"Cocemfe Valencia\",\"description\":\"FEDERACI\u00d3N DE ASOCIACIONES DE PERSONAS CON DISCAPACIDAD F\u00cdSICA Y ORG\u00c1NICA DE LA PROV\u00cdNCIA DE VALENCIA\",\"publisher\":{\"@id\":\"https:\\\/\\\/cocemfevalencia.org\\\/es\\\/#organization\"},\"potentialAction\":[{\"@type\":\"SearchAction\",\"target\":{\"@type\":\"EntryPoint\",\"urlTemplate\":\"https:\\\/\\\/cocemfevalencia.org\\\/es\\\/?s={search_term_string}\"},\"query-input\":{\"@type\":\"PropertyValueSpecification\",\"valueRequired\":true,\"valueName\":\"search_term_string\"}}],\"inLanguage\":\"es\"},{\"@type\":\"Organization\",\"@id\":\"https:\\\/\\\/cocemfevalencia.org\\\/es\\\/#organization\",\"name\":\"Cocemfe Valencia\",\"url\":\"https:\\\/\\\/cocemfevalencia.org\\\/es\\\/\",\"logo\":{\"@type\":\"ImageObject\",\"inLanguage\":\"es\",\"@id\":\"https:\\\/\\\/cocemfevalencia.org\\\/es\\\/#\\\/schema\\\/logo\\\/image\\\/\",\"url\":\"https:\\\/\\\/cocemfevalencia.org\\\/wp-content\\\/uploads\\\/2023\\\/03\\\/0312-Horizontal-una-linea-larga-rgb-positivo-Tricolor.png\",\"contentUrl\":\"https:\\\/\\\/cocemfevalencia.org\\\/wp-content\\\/uploads\\\/2023\\\/03\\\/0312-Horizontal-una-linea-larga-rgb-positivo-Tricolor.png\",\"width\":2334,\"height\":613,\"caption\":\"Cocemfe Valencia\"},\"image\":{\"@id\":\"https:\\\/\\\/cocemfevalencia.org\\\/es\\\/#\\\/schema\\\/logo\\\/image\\\/\"},\"sameAs\":[\"https:\\\/\\\/www.facebook.com\\\/cocemfe.valencia\",\"https:\\\/\\\/x.com\\\/COCEMFEValencia\"]},{\"@type\":\"Person\",\"@id\":\"https:\\\/\\\/cocemfevalencia.org\\\/es\\\/#\\\/schema\\\/person\\\/e31a24227ccbc918e2c80add51990ad7\",\"name\":\"COCEMFE VALENCIA\",\"image\":{\"@type\":\"ImageObject\",\"inLanguage\":\"es\",\"@id\":\"https:\\\/\\\/secure.gravatar.com\\\/avatar\\\/81dd2ced4591577d70433bbfde65ba3f931e09f5cb4ca8c890817c47789b47f0?s=96&d=mm&r=g\",\"url\":\"https:\\\/\\\/secure.gravatar.com\\\/avatar\\\/81dd2ced4591577d70433bbfde65ba3f931e09f5cb4ca8c890817c47789b47f0?s=96&d=mm&r=g\",\"contentUrl\":\"https:\\\/\\\/secure.gravatar.com\\\/avatar\\\/81dd2ced4591577d70433bbfde65ba3f931e09f5cb4ca8c890817c47789b47f0?s=96&d=mm&r=g\",\"caption\":\"COCEMFE VALENCIA\"}}]}<\/script>\n<!-- \/ Yoast SEO plugin. -->","yoast_head_json":{"title":"Reuni\u00f3 de Mar\u00e7 de La comissi\u00f3 de Sanitat de Cocemfe Val\u00e8ncia (CSdCV) - Cocemfe Valencia","robots":{"index":"index","follow":"follow","max-snippet":"max-snippet:-1","max-image-preview":"max-image-preview:large","max-video-preview":"max-video-preview:-1"},"canonical":"https:\/\/cocemfevalencia.org\/es\/reunio-de-marc-de-la-comissio-de-sanitat-de-cocemfe-valencia-csdcv\/","og_locale":"es_ES","og_type":"article","og_title":"Reuni\u00f3 de Mar\u00e7 de La comissi\u00f3 de Sanitat de Cocemfe Val\u00e8ncia (CSdCV) - Cocemfe Valencia","og_description":"La comissi\u00f3 de Sanitat de Cocemfe Val\u00e8ncia (CSdCV), es va reunir el primer dimarts de Mar\u00e7 per a continuar treballant els diferents temes relacionats amb l&#8217;entorn Sociosanitari i la sanitat. Es valora en positiu l&#8217;impuls donat des de la web de Cocemfe Val\u00e8ncia i tamb\u00e9 per les diferents entitats. S&#8217;aprova prorrogar-ho fins a finals de&hellip;&nbsp;Leer m\u00e1s &raquo;Reuni\u00f3 de Mar\u00e7 de La comissi\u00f3 de Sanitat de Cocemfe Val\u00e8ncia (CSdCV)","og_url":"https:\/\/cocemfevalencia.org\/es\/reunio-de-marc-de-la-comissio-de-sanitat-de-cocemfe-valencia-csdcv\/","og_site_name":"Cocemfe Valencia","article_publisher":"https:\/\/www.facebook.com\/cocemfe.valencia","article_published_time":"2020-03-05T12:48:33+00:00","og_image":[{"width":2016,"height":1134,"url":"https:\/\/cocemfevalencia.org\/wp-content\/uploads\/2020\/03\/WhatsApp-Image-2020-03-03-at-12.39.49.jpeg","type":"image\/jpeg"}],"author":"COCEMFE VALENCIA","twitter_card":"summary_large_image","twitter_creator":"@COCEMFEValencia","twitter_site":"@COCEMFEValencia","twitter_misc":{"Escrito por":"COCEMFE VALENCIA","Tiempo de lectura":"1 minuto"},"schema":{"@context":"https:\/\/schema.org","@graph":[{"@type":"Article","@id":"https:\/\/cocemfevalencia.org\/es\/reunio-de-marc-de-la-comissio-de-sanitat-de-cocemfe-valencia-csdcv\/#article","isPartOf":{"@id":"https:\/\/cocemfevalencia.org\/es\/reunio-de-marc-de-la-comissio-de-sanitat-de-cocemfe-valencia-csdcv\/"},"author":{"name":"COCEMFE VALENCIA","@id":"https:\/\/cocemfevalencia.org\/es\/#\/schema\/person\/e31a24227ccbc918e2c80add51990ad7"},"headline":"Reuni\u00f3 de Mar\u00e7 de La comissi\u00f3 de Sanitat de Cocemfe Val\u00e8ncia (CSdCV)","datePublished":"2020-03-05T12:48:33+00:00","mainEntityOfPage":{"@id":"https:\/\/cocemfevalencia.org\/es\/reunio-de-marc-de-la-comissio-de-sanitat-de-cocemfe-valencia-csdcv\/"},"wordCount":299,"publisher":{"@id":"https:\/\/cocemfevalencia.org\/es\/#organization"},"image":{"@id":"https:\/\/cocemfevalencia.org\/es\/reunio-de-marc-de-la-comissio-de-sanitat-de-cocemfe-valencia-csdcv\/#primaryimage"},"thumbnailUrl":"https:\/\/cocemfevalencia.org\/wp-content\/uploads\/2020\/03\/WhatsApp-Image-2020-03-03-at-12.39.49.jpeg","articleSection":["Not\u00edcies"],"inLanguage":"es"},{"@type":"WebPage","@id":"https:\/\/cocemfevalencia.org\/es\/reunio-de-marc-de-la-comissio-de-sanitat-de-cocemfe-valencia-csdcv\/","url":"https:\/\/cocemfevalencia.org\/es\/reunio-de-marc-de-la-comissio-de-sanitat-de-cocemfe-valencia-csdcv\/","name":"Reuni\u00f3 de Mar\u00e7 de La comissi\u00f3 de Sanitat de Cocemfe Val\u00e8ncia (CSdCV) - Cocemfe Valencia","isPartOf":{"@id":"https:\/\/cocemfevalencia.org\/es\/#website"},"primaryImageOfPage":{"@id":"https:\/\/cocemfevalencia.org\/es\/reunio-de-marc-de-la-comissio-de-sanitat-de-cocemfe-valencia-csdcv\/#primaryimage"},"image":{"@id":"https:\/\/cocemfevalencia.org\/es\/reunio-de-marc-de-la-comissio-de-sanitat-de-cocemfe-valencia-csdcv\/#primaryimage"},"thumbnailUrl":"https:\/\/cocemfevalencia.org\/wp-content\/uploads\/2020\/03\/WhatsApp-Image-2020-03-03-at-12.39.49.jpeg","datePublished":"2020-03-05T12:48:33+00:00","breadcrumb":{"@id":"https:\/\/cocemfevalencia.org\/es\/reunio-de-marc-de-la-comissio-de-sanitat-de-cocemfe-valencia-csdcv\/#breadcrumb"},"inLanguage":"es","potentialAction":[{"@type":"ReadAction","target":["https:\/\/cocemfevalencia.org\/es\/reunio-de-marc-de-la-comissio-de-sanitat-de-cocemfe-valencia-csdcv\/"]}]},{"@type":"ImageObject","inLanguage":"es","@id":"https:\/\/cocemfevalencia.org\/es\/reunio-de-marc-de-la-comissio-de-sanitat-de-cocemfe-valencia-csdcv\/#primaryimage","url":"https:\/\/cocemfevalencia.org\/wp-content\/uploads\/2020\/03\/WhatsApp-Image-2020-03-03-at-12.39.49.jpeg","contentUrl":"https:\/\/cocemfevalencia.org\/wp-content\/uploads\/2020\/03\/WhatsApp-Image-2020-03-03-at-12.39.49.jpeg","width":2016,"height":1134},{"@type":"BreadcrumbList","@id":"https:\/\/cocemfevalencia.org\/es\/reunio-de-marc-de-la-comissio-de-sanitat-de-cocemfe-valencia-csdcv\/#breadcrumb","itemListElement":[{"@type":"ListItem","position":1,"name":"Portada","item":"https:\/\/cocemfevalencia.org\/es\/"},{"@type":"ListItem","position":2,"name":"Reuni\u00f3 de Mar\u00e7 de La comissi\u00f3 de Sanitat de Cocemfe Val\u00e8ncia (CSdCV)"}]},{"@type":"WebSite","@id":"https:\/\/cocemfevalencia.org\/es\/#website","url":"https:\/\/cocemfevalencia.org\/es\/","name":"Cocemfe Valencia","description":"FEDERACI\u00d3N DE ASOCIACIONES DE PERSONAS CON DISCAPACIDAD F\u00cdSICA Y ORG\u00c1NICA DE LA PROV\u00cdNCIA DE VALENCIA","publisher":{"@id":"https:\/\/cocemfevalencia.org\/es\/#organization"},"potentialAction":[{"@type":"SearchAction","target":{"@type":"EntryPoint","urlTemplate":"https:\/\/cocemfevalencia.org\/es\/?s={search_term_string}"},"query-input":{"@type":"PropertyValueSpecification","valueRequired":true,"valueName":"search_term_string"}}],"inLanguage":"es"},{"@type":"Organization","@id":"https:\/\/cocemfevalencia.org\/es\/#organization","name":"Cocemfe Valencia","url":"https:\/\/cocemfevalencia.org\/es\/","logo":{"@type":"ImageObject","inLanguage":"es","@id":"https:\/\/cocemfevalencia.org\/es\/#\/schema\/logo\/image\/","url":"https:\/\/cocemfevalencia.org\/wp-content\/uploads\/2023\/03\/0312-Horizontal-una-linea-larga-rgb-positivo-Tricolor.png","contentUrl":"https:\/\/cocemfevalencia.org\/wp-content\/uploads\/2023\/03\/0312-Horizontal-una-linea-larga-rgb-positivo-Tricolor.png","width":2334,"height":613,"caption":"Cocemfe Valencia"},"image":{"@id":"https:\/\/cocemfevalencia.org\/es\/#\/schema\/logo\/image\/"},"sameAs":["https:\/\/www.facebook.com\/cocemfe.valencia","https:\/\/x.com\/COCEMFEValencia"]},{"@type":"Person","@id":"https:\/\/cocemfevalencia.org\/es\/#\/schema\/person\/e31a24227ccbc918e2c80add51990ad7","name":"COCEMFE VALENCIA","image":{"@type":"ImageObject","inLanguage":"es","@id":"https:\/\/secure.gravatar.com\/avatar\/81dd2ced4591577d70433bbfde65ba3f931e09f5cb4ca8c890817c47789b47f0?s=96&d=mm&r=g","url":"https:\/\/secure.gravatar.com\/avatar\/81dd2ced4591577d70433bbfde65ba3f931e09f5cb4ca8c890817c47789b47f0?s=96&d=mm&r=g","contentUrl":"https:\/\/secure.gravatar.com\/avatar\/81dd2ced4591577d70433bbfde65ba3f931e09f5cb4ca8c890817c47789b47f0?s=96&d=mm&r=g","caption":"COCEMFE VALENCIA"}}]}},"_links":{"self":[{"href":"https:\/\/cocemfevalencia.org\/es\/wp-json\/wp\/v2\/posts\/4231","targetHints":{"allow":["GET"]}}],"collection":[{"href":"https:\/\/cocemfevalencia.org\/es\/wp-json\/wp\/v2\/posts"}],"about":[{"href":"https:\/\/cocemfevalencia.org\/es\/wp-json\/wp\/v2\/types\/post"}],"author":[{"embeddable":true,"href":"https:\/\/cocemfevalencia.org\/es\/wp-json\/wp\/v2\/users\/3"}],"replies":[{"embeddable":true,"href":"https:\/\/cocemfevalencia.org\/es\/wp-json\/wp\/v2\/comments?post=4231"}],"version-history":[{"count":0,"href":"https:\/\/cocemfevalencia.org\/es\/wp-json\/wp\/v2\/posts\/4231\/revisions"}],"wp:featuredmedia":[{"embeddable":true,"href":"https:\/\/cocemfevalencia.org\/es\/wp-json\/wp\/v2\/media\/4233"}],"wp:attachment":[{"href":"https:\/\/cocemfevalencia.org\/es\/wp-json\/wp\/v2\/media?parent=4231"}],"wp:term":[{"taxonomy":"category","embeddable":true,"href":"https:\/\/cocemfevalencia.org\/es\/wp-json\/wp\/v2\/categories?post=4231"},{"taxonomy":"post_tag","embeddable":true,"href":"https:\/\/cocemfevalencia.org\/es\/wp-json\/wp\/v2\/tags?post=4231"}],"curies":[{"name":"wp","href":"https:\/\/api.w.org\/{rel}","templated":true}]}}