{"id":4288,"date":"2020-05-04T09:03:41","date_gmt":"2020-05-04T07:03:41","guid":{"rendered":"http:\/\/cocemfevalencia.org\/?p=4288"},"modified":"2020-05-04T09:03:41","modified_gmt":"2020-05-04T07:03:41","slug":"la-fundacio-la-caixa-facilita-118-ocupacions-a-la-comunitat-valenciana-per-a-serveis-essencials-davant-la-covid-19-a-traves-del-programa-incorpora","status":"publish","type":"post","link":"https:\/\/cocemfevalencia.org\/es\/la-fundacio-la-caixa-facilita-118-ocupacions-a-la-comunitat-valenciana-per-a-serveis-essencials-davant-la-covid-19-a-traves-del-programa-incorpora\/","title":{"rendered":"La Fundaci\u00f3 \u201dla Caixa\u201d facilita 118 ocupacions a la Comunitat Valenciana per a serveis essencials davant la COVID-19 a trav\u00e9s del programa Incorpora"},"content":{"rendered":"\t\t<div data-elementor-type=\"wp-post\" data-elementor-id=\"4288\" class=\"elementor elementor-4288\" data-elementor-post-type=\"post\">\n\t\t\t\t\t\t<section class=\"elementor-section elementor-top-section elementor-element elementor-element-ccb7825 elementor-section-boxed elementor-section-height-default elementor-section-height-default\" data-id=\"ccb7825\" data-element_type=\"section\" data-e-type=\"section\">\n\t\t\t\t\t\t<div class=\"elementor-container elementor-column-gap-default\">\n\t\t\t\t\t<div class=\"elementor-column elementor-col-100 elementor-top-column elementor-element elementor-element-d1ecaf2\" data-id=\"d1ecaf2\" data-element_type=\"column\" data-e-type=\"column\">\n\t\t\t<div class=\"elementor-widget-wrap elementor-element-populated\">\n\t\t\t\t\t\t<div class=\"elementor-element elementor-element-701a30d elementor-widget elementor-widget-text-editor\" data-id=\"701a30d\" data-element_type=\"widget\" data-e-type=\"widget\" data-widget_type=\"text-editor.default\">\n\t\t\t\t<div class=\"elementor-widget-container\">\n\t\t\t\t\t\t\t\t\t<p><strong>El programa d&#8217;inserci\u00f3 sociolaboral de la Fundaci\u00f3 \u201dla Caixa\u201d ha donat una resposta immediata en el primer mes de la pand\u00e8mia del coronavirus, facilitant la contractaci\u00f3 de persones en situaci\u00f3 d&#8217;exclusi\u00f3 en ocupacions de primera necessitat en el context de l&#8217;estat d&#8217;alarma.<\/strong><br \/><br \/><strong>En el conjunt d&#8217;Espanya, ja s&#8217;han facilitat 1.627 contractacions per a ocupacions de primera necessitat des que es va decretar l&#8217;estat d&#8217;alarma, gr\u00e0cies a una xarxa de 406 entitats socials, i 948 empreses socialment responsables.<\/strong><br \/><br \/><strong>La demanda de personal prov\u00e9 del sector sociosanitari, del de serveis de neteja, de l&#8217;agrari, del de la recollida de fruita i verdura, i del comer\u00e7 de productes essencials, especialment alimentaris.<\/strong><br \/><br \/><strong>\u00abDes de Incorpora, estem donant resposta a la demanda urgent de personal en serveis essencials i facilitant perfils que s&#8217;ajusten a les necessitats del moment. Aix\u00ed, persones que provenen de situacions d&#8217;elevada vulnerabilitat estan fent un pas avant i convertint-se en imprescindibles\u00bb, ha explicat el director general de la Fundaci\u00f3 Banc\u00e0ria \u201dla Caixa\u201d, Antonio Vila.<\/strong><\/p>\t\t\t\t\t\t\t\t<\/div>\n\t\t\t\t<\/div>\n\t\t\t\t\t<\/div>\n\t\t<\/div>\n\t\t\t\t\t<\/div>\n\t\t<\/section>\n\t\t\t\t<section class=\"elementor-section elementor-top-section elementor-element elementor-element-957dd26 elementor-section-boxed elementor-section-height-default elementor-section-height-default\" data-id=\"957dd26\" data-element_type=\"section\" data-e-type=\"section\">\n\t\t\t\t\t\t<div class=\"elementor-container elementor-column-gap-default\">\n\t\t\t\t\t<div class=\"elementor-column elementor-col-100 elementor-top-column elementor-element elementor-element-54876d6\" data-id=\"54876d6\" data-element_type=\"column\" data-e-type=\"column\">\n\t\t\t<div class=\"elementor-widget-wrap elementor-element-populated\">\n\t\t\t\t\t\t<div class=\"elementor-element elementor-element-a8a4aad elementor-widget elementor-widget-text-editor\" data-id=\"a8a4aad\" data-element_type=\"widget\" data-e-type=\"widget\" data-widget_type=\"text-editor.default\">\n\t\t\t\t<div class=\"elementor-widget-container\">\n\t\t\t\t\t\t\t\t\t<p>Val\u00e8ncia, 4 de Maig de 2020. Incorpora, el programa d&#8217;inserci\u00f3 sociolaboral de la Fundaci\u00f3 \u201dla Caixa\u201d, ha donat una resposta immediata a la crisi derivada del coronavirus. Des que va arribar la pand\u00e8mia a Espanya i fins hui, ja ha facilitat 118 contractacions per a ocupacions de primeranecesidad a la Comunitat Valenciana, a trav\u00e9s de 61 empreses socialment responsables.<\/p><p>En el conjunt d&#8217;Espanya, ja s&#8217;ha facilitat 1.627 contractacions per a ocupacions de primera necessitat en el context de l&#8217;estat d&#8217;alarma. Aix\u00f2 ha sigut possible gr\u00e0cies a una xarxa de 406 entitats socials, que han aconseguit aquestes insercions laborals a trav\u00e9s de 948 empreses.<br \/><br \/>La paralitzaci\u00f3 de sectors com l&#8217;hostaleria i la restauraci\u00f3, aix\u00ed com el conseg\u00fcent augment de les xifres de l&#8217;atur, es contraposen a l&#8217;augment de la demanda de personal en serveis essencials dels seg\u00fcents sectors:<br \/><br \/>&#8211; Activitats sanit\u00e0ries i serveis socials, amb prevalen\u00e7a de les activitats d&#8217;assist\u00e8ncia en centres residencials<br \/>&#8211; Serveis auxiliars, entre els quals destaquen la neteja i els serveis integrals a edificis<br \/>&#8211; Sector agrari, per a les campanyes de recollida de fruita i verdura<br \/>&#8211; Comer\u00e7 al detall i al per major.<br \/><br \/>Aix\u00ed, persones en situacions d&#8217;alt risc d&#8217;exclusi\u00f3 s&#8217;han convertit en treballadors essencials en el desenvolupament de tasques en primera l\u00ednia de la resposta a la pand\u00e8mia: en hospitals i resid\u00e8ncies de persones majors, personal de neteja o auxiliars d&#8217;infermeria i geriatria, i t\u00e8cnics auxiliars de farm\u00e0cia i d&#8217;emerg\u00e8ncies sanit\u00e0ries; en botigues de productes de primera necessitat, venedors, mossos de magatzem i reposadors, aix\u00ed com peons agr\u00edcoles.<br \/><br \/>La crisi derivada del coronavirus tamb\u00e9 ha obligat a adaptar-se al teletreball als 1.072 t\u00e8cnics d&#8217;inserci\u00f3 sociolaboral de Incorpora, figures essencials per la seua atenci\u00f3 personalitzada als usuaris. Aquest proc\u00e9s, ara a dist\u00e0ncia, inclou la prospecci\u00f3 d&#8217;empreses, el seguiment del proc\u00e9s de formaci\u00f3, l&#8217;acompanyament laboral, la soluci\u00f3 dels possibles conflictes que puguen sorgir en el marc de la relaci\u00f3 laboral, i el foment de l&#8217;adhesi\u00f3 de noves empreses al programa.<br \/><br \/>Incorpora ofereix a les empreses un servei gratu\u00eft d&#8217;assessorament i acompanyament en accions de responsabilitat social per a facilitar la integraci\u00f3 laboral de persones amb discapacitat o en situaci\u00f3 de vulnerabilitat, com a joves en risc d&#8217;exclusi\u00f3, v\u00edctimes de viol\u00e8ncia de g\u00e8nere, parats de llarga duraci\u00f3 i exreclusos, entre altres.<br \/><br \/>En paraules del director general de la Fundaci\u00f3 Banc\u00e0ria \u201dla Caixa\u201d, Antonio Vila: \u00abDes de Incorpora, estem donant resposta a la demanda urgent de personal en serveis essencials i facilitant perfils que s&#8217;ajusten a les necessitats del moment. Aix\u00ed, persones que provenen de situacions d&#8217;elevada vulnerabilitat estan fent un pas avant i convertint-se en imprescindibles\u00bb.<br \/><br \/>Incorpora, el programa d&#8217;integraci\u00f3 laboral de \u201dla Caixa\u201d, va facilitar 36.803 llocs de treball a persones vulnerables al llarg de 2019, enfront dels 32.609 de 2018 (un 13% m\u00e9s). Aix\u00f2 ha sigut possible gr\u00e0cies a la implicaci\u00f3 de 13.613 empreses en aquest projecte de responsabilitat social, que ja ha complit catorze anys des de la seua posada en marxa.<br \/><br \/>L&#8217;objectiu de Incorpora \u00e9s que les persones siguen agents del seu propi canvi per a eixir de situacions dif\u00edcils, centrant-se en l&#8217;ocupaci\u00f3 com a forma d&#8217;inserci\u00f3 social. Per a aix\u00f2, basteix ponts entre les empreses i les entitats socials que es dediquen a la integraci\u00f3 laboral, amb la finalitat de crear un clima d&#8217;enteniment i col\u00b7laboraci\u00f3 entre totes dues parts que redunde en oportunitats per als qui m\u00e9s ho necessiten.<br \/><br \/>A m\u00e9s, a trav\u00e9s de la seua l\u00ednia d&#8217;autoocupaci\u00f3, Incorpora fa costat a persones en situaci\u00f3 de vulnerabilitat per a crear la seua pr\u00f2pia microempresa, i en la situaci\u00f3 actual, intensificant la resposta a les consultes dels emprenedors. En 2019 es van crear 1.356 noves microempreses.<\/p><p>\u00a0<\/p><p>\u00a0<\/p>\t\t\t\t\t\t\t\t<\/div>\n\t\t\t\t<\/div>\n\t\t\t\t\t<\/div>\n\t\t<\/div>\n\t\t\t\t\t<\/div>\n\t\t<\/section>\n\t\t\t\t<section class=\"elementor-section elementor-top-section elementor-element elementor-element-fe20060 elementor-section-boxed elementor-section-height-default elementor-section-height-default\" data-id=\"fe20060\" data-element_type=\"section\" data-e-type=\"section\">\n\t\t\t\t\t\t<div class=\"elementor-container elementor-column-gap-default\">\n\t\t\t\t\t<div class=\"elementor-column elementor-col-100 elementor-top-column elementor-element elementor-element-d221a70\" data-id=\"d221a70\" data-element_type=\"column\" data-e-type=\"column\">\n\t\t\t<div class=\"elementor-widget-wrap elementor-element-populated\">\n\t\t\t\t\t\t<div class=\"elementor-element elementor-element-7599d2b elementor-widget elementor-widget-image\" data-id=\"7599d2b\" data-element_type=\"widget\" data-e-type=\"widget\" data-widget_type=\"image.default\">\n\t\t\t\t<div class=\"elementor-widget-container\">\n\t\t\t\t\t\t\t\t\t\t\t\t\t\t\t<img fetchpriority=\"high\" decoding=\"async\" width=\"300\" height=\"200\" src=\"https:\/\/cocemfevalencia.org\/wp-content\/uploads\/2018\/05\/os_lacaixa.png\" class=\"attachment-large size-large wp-image-451\" alt=\"\" \/>\t\t\t\t\t\t\t\t\t\t\t\t\t\t\t<\/div>\n\t\t\t\t<\/div>\n\t\t\t\t\t<\/div>\n\t\t<\/div>\n\t\t\t\t\t<\/div>\n\t\t<\/section>\n\t\t\t\t<\/div>\n\t\t<p>Visitas: 0<\/p>","protected":false},"excerpt":{"rendered":"<p>El programa d&#8217;inserci\u00f3 sociolaboral de la Fundaci\u00f3 \u201dla Caixa\u201d ha donat una resposta immediata en el primer mes de la pand\u00e8mia del coronavirus, facilitant la contractaci\u00f3 de persones en situaci\u00f3 d&#8217;exclusi\u00f3 en ocupacions de primera necessitat en el context de l&#8217;estat d&#8217;alarma. En el conjunt d&#8217;Espanya, ja s&#8217;han facilitat 1.627 contractacions per a ocupacions de&hellip;&nbsp;<a href=\"https:\/\/cocemfevalencia.org\/es\/la-fundacio-la-caixa-facilita-118-ocupacions-a-la-comunitat-valenciana-per-a-serveis-essencials-davant-la-covid-19-a-traves-del-programa-incorpora\/\" rel=\"bookmark\">Leer m\u00e1s &raquo;<span class=\"screen-reader-text\">La Fundaci\u00f3 \u201dla Caixa\u201d facilita 118 ocupacions a la Comunitat Valenciana per a serveis essencials davant la COVID-19 a trav\u00e9s del programa Incorpora<\/span><\/a><\/p>\n","protected":false},"author":3,"featured_media":451,"comment_status":"closed","ping_status":"closed","sticky":false,"template":"","format":"standard","meta":{"rop_custom_images_group":[],"rop_custom_messages_group":[],"rop_publish_now":"initial","rop_publish_now_accounts":[],"rop_publish_now_history":[],"rop_publish_now_status":"pending","neve_meta_sidebar":"","neve_meta_container":"","neve_meta_enable_content_width":"","neve_meta_content_width":0,"neve_meta_title_alignment":"","neve_meta_author_avatar":"","neve_post_elements_order":"","neve_meta_disable_header":"","neve_meta_disable_footer":"","neve_meta_disable_title":"","footnotes":""},"categories":[5],"tags":[],"class_list":["post-4288","post","type-post","status-publish","format-standard","has-post-thumbnail","hentry","category-noticias"],"yoast_head":"<!-- This site is optimized with the Yoast SEO plugin v27.3 - https:\/\/yoast.com\/product\/yoast-seo-wordpress\/ -->\n<title>La Fundaci\u00f3 \u201dla Caixa\u201d facilita 118 ocupacions a la Comunitat Valenciana per a serveis essencials davant la COVID-19 a trav\u00e9s del programa Incorpora - Cocemfe Valencia<\/title>\n<meta name=\"robots\" content=\"index, follow, max-snippet:-1, max-image-preview:large, max-video-preview:-1\" \/>\n<link rel=\"canonical\" href=\"https:\/\/cocemfevalencia.org\/es\/la-fundacio-la-caixa-facilita-118-ocupacions-a-la-comunitat-valenciana-per-a-serveis-essencials-davant-la-covid-19-a-traves-del-programa-incorpora\/\" \/>\n<meta property=\"og:locale\" content=\"es_ES\" \/>\n<meta property=\"og:type\" content=\"article\" \/>\n<meta property=\"og:title\" content=\"La Fundaci\u00f3 \u201dla Caixa\u201d facilita 118 ocupacions a la Comunitat Valenciana per a serveis essencials davant la COVID-19 a trav\u00e9s del programa Incorpora - Cocemfe Valencia\" \/>\n<meta property=\"og:description\" content=\"El programa d&#8217;inserci\u00f3 sociolaboral de la Fundaci\u00f3 \u201dla Caixa\u201d ha donat una resposta immediata en el primer mes de la pand\u00e8mia del coronavirus, facilitant la contractaci\u00f3 de persones en situaci\u00f3 d&#8217;exclusi\u00f3 en ocupacions de primera necessitat en el context de l&#8217;estat d&#8217;alarma. En el conjunt d&#8217;Espanya, ja s&#8217;han facilitat 1.627 contractacions per a ocupacions de&hellip;&nbsp;Leer m\u00e1s &raquo;La Fundaci\u00f3 \u201dla Caixa\u201d facilita 118 ocupacions a la Comunitat Valenciana per a serveis essencials davant la COVID-19 a trav\u00e9s del programa Incorpora\" \/>\n<meta property=\"og:url\" content=\"https:\/\/cocemfevalencia.org\/es\/la-fundacio-la-caixa-facilita-118-ocupacions-a-la-comunitat-valenciana-per-a-serveis-essencials-davant-la-covid-19-a-traves-del-programa-incorpora\/\" \/>\n<meta property=\"og:site_name\" content=\"Cocemfe Valencia\" \/>\n<meta property=\"article:publisher\" content=\"https:\/\/www.facebook.com\/cocemfe.valencia\" \/>\n<meta property=\"article:published_time\" content=\"2020-05-04T07:03:41+00:00\" \/>\n<meta property=\"og:image\" content=\"https:\/\/cocemfevalencia.org\/wp-content\/uploads\/2018\/05\/os_lacaixa.png\" \/>\n\t<meta property=\"og:image:width\" content=\"300\" \/>\n\t<meta property=\"og:image:height\" content=\"200\" \/>\n\t<meta property=\"og:image:type\" content=\"image\/png\" \/>\n<meta name=\"author\" content=\"COCEMFE VALENCIA\" \/>\n<meta name=\"twitter:card\" content=\"summary_large_image\" \/>\n<meta name=\"twitter:creator\" content=\"@COCEMFEValencia\" \/>\n<meta name=\"twitter:site\" content=\"@COCEMFEValencia\" \/>\n<meta name=\"twitter:label1\" content=\"Escrito por\" \/>\n\t<meta name=\"twitter:data1\" content=\"COCEMFE VALENCIA\" \/>\n\t<meta name=\"twitter:label2\" content=\"Tiempo de lectura\" \/>\n\t<meta name=\"twitter:data2\" content=\"4 minutos\" \/>\n<script type=\"application\/ld+json\" class=\"yoast-schema-graph\">{\"@context\":\"https:\\\/\\\/schema.org\",\"@graph\":[{\"@type\":\"Article\",\"@id\":\"https:\\\/\\\/cocemfevalencia.org\\\/es\\\/la-fundacio-la-caixa-facilita-118-ocupacions-a-la-comunitat-valenciana-per-a-serveis-essencials-davant-la-covid-19-a-traves-del-programa-incorpora\\\/#article\",\"isPartOf\":{\"@id\":\"https:\\\/\\\/cocemfevalencia.org\\\/es\\\/la-fundacio-la-caixa-facilita-118-ocupacions-a-la-comunitat-valenciana-per-a-serveis-essencials-davant-la-covid-19-a-traves-del-programa-incorpora\\\/\"},\"author\":{\"name\":\"COCEMFE VALENCIA\",\"@id\":\"https:\\\/\\\/cocemfevalencia.org\\\/es\\\/#\\\/schema\\\/person\\\/e31a24227ccbc918e2c80add51990ad7\"},\"headline\":\"La Fundaci\u00f3 \u201dla Caixa\u201d facilita 118 ocupacions a la Comunitat Valenciana per a serveis essencials davant la COVID-19 a trav\u00e9s del programa Incorpora\",\"datePublished\":\"2020-05-04T07:03:41+00:00\",\"mainEntityOfPage\":{\"@id\":\"https:\\\/\\\/cocemfevalencia.org\\\/es\\\/la-fundacio-la-caixa-facilita-118-ocupacions-a-la-comunitat-valenciana-per-a-serveis-essencials-davant-la-covid-19-a-traves-del-programa-incorpora\\\/\"},\"wordCount\":807,\"publisher\":{\"@id\":\"https:\\\/\\\/cocemfevalencia.org\\\/es\\\/#organization\"},\"image\":{\"@id\":\"https:\\\/\\\/cocemfevalencia.org\\\/es\\\/la-fundacio-la-caixa-facilita-118-ocupacions-a-la-comunitat-valenciana-per-a-serveis-essencials-davant-la-covid-19-a-traves-del-programa-incorpora\\\/#primaryimage\"},\"thumbnailUrl\":\"https:\\\/\\\/cocemfevalencia.org\\\/wp-content\\\/uploads\\\/2018\\\/05\\\/os_lacaixa.png\",\"articleSection\":[\"Not\u00edcies\"],\"inLanguage\":\"es\"},{\"@type\":\"WebPage\",\"@id\":\"https:\\\/\\\/cocemfevalencia.org\\\/es\\\/la-fundacio-la-caixa-facilita-118-ocupacions-a-la-comunitat-valenciana-per-a-serveis-essencials-davant-la-covid-19-a-traves-del-programa-incorpora\\\/\",\"url\":\"https:\\\/\\\/cocemfevalencia.org\\\/es\\\/la-fundacio-la-caixa-facilita-118-ocupacions-a-la-comunitat-valenciana-per-a-serveis-essencials-davant-la-covid-19-a-traves-del-programa-incorpora\\\/\",\"name\":\"La Fundaci\u00f3 \u201dla Caixa\u201d facilita 118 ocupacions a la Comunitat Valenciana per a serveis essencials davant la COVID-19 a trav\u00e9s del programa Incorpora - Cocemfe Valencia\",\"isPartOf\":{\"@id\":\"https:\\\/\\\/cocemfevalencia.org\\\/es\\\/#website\"},\"primaryImageOfPage\":{\"@id\":\"https:\\\/\\\/cocemfevalencia.org\\\/es\\\/la-fundacio-la-caixa-facilita-118-ocupacions-a-la-comunitat-valenciana-per-a-serveis-essencials-davant-la-covid-19-a-traves-del-programa-incorpora\\\/#primaryimage\"},\"image\":{\"@id\":\"https:\\\/\\\/cocemfevalencia.org\\\/es\\\/la-fundacio-la-caixa-facilita-118-ocupacions-a-la-comunitat-valenciana-per-a-serveis-essencials-davant-la-covid-19-a-traves-del-programa-incorpora\\\/#primaryimage\"},\"thumbnailUrl\":\"https:\\\/\\\/cocemfevalencia.org\\\/wp-content\\\/uploads\\\/2018\\\/05\\\/os_lacaixa.png\",\"datePublished\":\"2020-05-04T07:03:41+00:00\",\"breadcrumb\":{\"@id\":\"https:\\\/\\\/cocemfevalencia.org\\\/es\\\/la-fundacio-la-caixa-facilita-118-ocupacions-a-la-comunitat-valenciana-per-a-serveis-essencials-davant-la-covid-19-a-traves-del-programa-incorpora\\\/#breadcrumb\"},\"inLanguage\":\"es\",\"potentialAction\":[{\"@type\":\"ReadAction\",\"target\":[\"https:\\\/\\\/cocemfevalencia.org\\\/es\\\/la-fundacio-la-caixa-facilita-118-ocupacions-a-la-comunitat-valenciana-per-a-serveis-essencials-davant-la-covid-19-a-traves-del-programa-incorpora\\\/\"]}]},{\"@type\":\"ImageObject\",\"inLanguage\":\"es\",\"@id\":\"https:\\\/\\\/cocemfevalencia.org\\\/es\\\/la-fundacio-la-caixa-facilita-118-ocupacions-a-la-comunitat-valenciana-per-a-serveis-essencials-davant-la-covid-19-a-traves-del-programa-incorpora\\\/#primaryimage\",\"url\":\"https:\\\/\\\/cocemfevalencia.org\\\/wp-content\\\/uploads\\\/2018\\\/05\\\/os_lacaixa.png\",\"contentUrl\":\"https:\\\/\\\/cocemfevalencia.org\\\/wp-content\\\/uploads\\\/2018\\\/05\\\/os_lacaixa.png\",\"width\":300,\"height\":200},{\"@type\":\"BreadcrumbList\",\"@id\":\"https:\\\/\\\/cocemfevalencia.org\\\/es\\\/la-fundacio-la-caixa-facilita-118-ocupacions-a-la-comunitat-valenciana-per-a-serveis-essencials-davant-la-covid-19-a-traves-del-programa-incorpora\\\/#breadcrumb\",\"itemListElement\":[{\"@type\":\"ListItem\",\"position\":1,\"name\":\"Portada\",\"item\":\"https:\\\/\\\/cocemfevalencia.org\\\/es\\\/\"},{\"@type\":\"ListItem\",\"position\":2,\"name\":\"La Fundaci\u00f3 \u201dla Caixa\u201d facilita 118 ocupacions a la Comunitat Valenciana per a serveis essencials davant la COVID-19 a trav\u00e9s del programa Incorpora\"}]},{\"@type\":\"WebSite\",\"@id\":\"https:\\\/\\\/cocemfevalencia.org\\\/es\\\/#website\",\"url\":\"https:\\\/\\\/cocemfevalencia.org\\\/es\\\/\",\"name\":\"Cocemfe Valencia\",\"description\":\"FEDERACI\u00d3N DE ASOCIACIONES DE PERSONAS CON DISCAPACIDAD F\u00cdSICA Y ORG\u00c1NICA DE LA PROV\u00cdNCIA DE VALENCIA\",\"publisher\":{\"@id\":\"https:\\\/\\\/cocemfevalencia.org\\\/es\\\/#organization\"},\"potentialAction\":[{\"@type\":\"SearchAction\",\"target\":{\"@type\":\"EntryPoint\",\"urlTemplate\":\"https:\\\/\\\/cocemfevalencia.org\\\/es\\\/?s={search_term_string}\"},\"query-input\":{\"@type\":\"PropertyValueSpecification\",\"valueRequired\":true,\"valueName\":\"search_term_string\"}}],\"inLanguage\":\"es\"},{\"@type\":\"Organization\",\"@id\":\"https:\\\/\\\/cocemfevalencia.org\\\/es\\\/#organization\",\"name\":\"Cocemfe Valencia\",\"url\":\"https:\\\/\\\/cocemfevalencia.org\\\/es\\\/\",\"logo\":{\"@type\":\"ImageObject\",\"inLanguage\":\"es\",\"@id\":\"https:\\\/\\\/cocemfevalencia.org\\\/es\\\/#\\\/schema\\\/logo\\\/image\\\/\",\"url\":\"https:\\\/\\\/cocemfevalencia.org\\\/wp-content\\\/uploads\\\/2023\\\/03\\\/0312-Horizontal-una-linea-larga-rgb-positivo-Tricolor.png\",\"contentUrl\":\"https:\\\/\\\/cocemfevalencia.org\\\/wp-content\\\/uploads\\\/2023\\\/03\\\/0312-Horizontal-una-linea-larga-rgb-positivo-Tricolor.png\",\"width\":2334,\"height\":613,\"caption\":\"Cocemfe Valencia\"},\"image\":{\"@id\":\"https:\\\/\\\/cocemfevalencia.org\\\/es\\\/#\\\/schema\\\/logo\\\/image\\\/\"},\"sameAs\":[\"https:\\\/\\\/www.facebook.com\\\/cocemfe.valencia\",\"https:\\\/\\\/x.com\\\/COCEMFEValencia\"]},{\"@type\":\"Person\",\"@id\":\"https:\\\/\\\/cocemfevalencia.org\\\/es\\\/#\\\/schema\\\/person\\\/e31a24227ccbc918e2c80add51990ad7\",\"name\":\"COCEMFE VALENCIA\",\"image\":{\"@type\":\"ImageObject\",\"inLanguage\":\"es\",\"@id\":\"https:\\\/\\\/secure.gravatar.com\\\/avatar\\\/81dd2ced4591577d70433bbfde65ba3f931e09f5cb4ca8c890817c47789b47f0?s=96&d=mm&r=g\",\"url\":\"https:\\\/\\\/secure.gravatar.com\\\/avatar\\\/81dd2ced4591577d70433bbfde65ba3f931e09f5cb4ca8c890817c47789b47f0?s=96&d=mm&r=g\",\"contentUrl\":\"https:\\\/\\\/secure.gravatar.com\\\/avatar\\\/81dd2ced4591577d70433bbfde65ba3f931e09f5cb4ca8c890817c47789b47f0?s=96&d=mm&r=g\",\"caption\":\"COCEMFE VALENCIA\"}}]}<\/script>\n<!-- \/ Yoast SEO plugin. -->","yoast_head_json":{"title":"La Fundaci\u00f3 \u201dla Caixa\u201d facilita 118 ocupacions a la Comunitat Valenciana per a serveis essencials davant la COVID-19 a trav\u00e9s del programa Incorpora - Cocemfe Valencia","robots":{"index":"index","follow":"follow","max-snippet":"max-snippet:-1","max-image-preview":"max-image-preview:large","max-video-preview":"max-video-preview:-1"},"canonical":"https:\/\/cocemfevalencia.org\/es\/la-fundacio-la-caixa-facilita-118-ocupacions-a-la-comunitat-valenciana-per-a-serveis-essencials-davant-la-covid-19-a-traves-del-programa-incorpora\/","og_locale":"es_ES","og_type":"article","og_title":"La Fundaci\u00f3 \u201dla Caixa\u201d facilita 118 ocupacions a la Comunitat Valenciana per a serveis essencials davant la COVID-19 a trav\u00e9s del programa Incorpora - Cocemfe Valencia","og_description":"El programa d&#8217;inserci\u00f3 sociolaboral de la Fundaci\u00f3 \u201dla Caixa\u201d ha donat una resposta immediata en el primer mes de la pand\u00e8mia del coronavirus, facilitant la contractaci\u00f3 de persones en situaci\u00f3 d&#8217;exclusi\u00f3 en ocupacions de primera necessitat en el context de l&#8217;estat d&#8217;alarma. En el conjunt d&#8217;Espanya, ja s&#8217;han facilitat 1.627 contractacions per a ocupacions de&hellip;&nbsp;Leer m\u00e1s &raquo;La Fundaci\u00f3 \u201dla Caixa\u201d facilita 118 ocupacions a la Comunitat Valenciana per a serveis essencials davant la COVID-19 a trav\u00e9s del programa Incorpora","og_url":"https:\/\/cocemfevalencia.org\/es\/la-fundacio-la-caixa-facilita-118-ocupacions-a-la-comunitat-valenciana-per-a-serveis-essencials-davant-la-covid-19-a-traves-del-programa-incorpora\/","og_site_name":"Cocemfe Valencia","article_publisher":"https:\/\/www.facebook.com\/cocemfe.valencia","article_published_time":"2020-05-04T07:03:41+00:00","og_image":[{"width":300,"height":200,"url":"https:\/\/cocemfevalencia.org\/wp-content\/uploads\/2018\/05\/os_lacaixa.png","type":"image\/png"}],"author":"COCEMFE VALENCIA","twitter_card":"summary_large_image","twitter_creator":"@COCEMFEValencia","twitter_site":"@COCEMFEValencia","twitter_misc":{"Escrito por":"COCEMFE VALENCIA","Tiempo de lectura":"4 minutos"},"schema":{"@context":"https:\/\/schema.org","@graph":[{"@type":"Article","@id":"https:\/\/cocemfevalencia.org\/es\/la-fundacio-la-caixa-facilita-118-ocupacions-a-la-comunitat-valenciana-per-a-serveis-essencials-davant-la-covid-19-a-traves-del-programa-incorpora\/#article","isPartOf":{"@id":"https:\/\/cocemfevalencia.org\/es\/la-fundacio-la-caixa-facilita-118-ocupacions-a-la-comunitat-valenciana-per-a-serveis-essencials-davant-la-covid-19-a-traves-del-programa-incorpora\/"},"author":{"name":"COCEMFE VALENCIA","@id":"https:\/\/cocemfevalencia.org\/es\/#\/schema\/person\/e31a24227ccbc918e2c80add51990ad7"},"headline":"La Fundaci\u00f3 \u201dla Caixa\u201d facilita 118 ocupacions a la Comunitat Valenciana per a serveis essencials davant la COVID-19 a trav\u00e9s del programa Incorpora","datePublished":"2020-05-04T07:03:41+00:00","mainEntityOfPage":{"@id":"https:\/\/cocemfevalencia.org\/es\/la-fundacio-la-caixa-facilita-118-ocupacions-a-la-comunitat-valenciana-per-a-serveis-essencials-davant-la-covid-19-a-traves-del-programa-incorpora\/"},"wordCount":807,"publisher":{"@id":"https:\/\/cocemfevalencia.org\/es\/#organization"},"image":{"@id":"https:\/\/cocemfevalencia.org\/es\/la-fundacio-la-caixa-facilita-118-ocupacions-a-la-comunitat-valenciana-per-a-serveis-essencials-davant-la-covid-19-a-traves-del-programa-incorpora\/#primaryimage"},"thumbnailUrl":"https:\/\/cocemfevalencia.org\/wp-content\/uploads\/2018\/05\/os_lacaixa.png","articleSection":["Not\u00edcies"],"inLanguage":"es"},{"@type":"WebPage","@id":"https:\/\/cocemfevalencia.org\/es\/la-fundacio-la-caixa-facilita-118-ocupacions-a-la-comunitat-valenciana-per-a-serveis-essencials-davant-la-covid-19-a-traves-del-programa-incorpora\/","url":"https:\/\/cocemfevalencia.org\/es\/la-fundacio-la-caixa-facilita-118-ocupacions-a-la-comunitat-valenciana-per-a-serveis-essencials-davant-la-covid-19-a-traves-del-programa-incorpora\/","name":"La Fundaci\u00f3 \u201dla Caixa\u201d facilita 118 ocupacions a la Comunitat Valenciana per a serveis essencials davant la COVID-19 a trav\u00e9s del programa Incorpora - Cocemfe Valencia","isPartOf":{"@id":"https:\/\/cocemfevalencia.org\/es\/#website"},"primaryImageOfPage":{"@id":"https:\/\/cocemfevalencia.org\/es\/la-fundacio-la-caixa-facilita-118-ocupacions-a-la-comunitat-valenciana-per-a-serveis-essencials-davant-la-covid-19-a-traves-del-programa-incorpora\/#primaryimage"},"image":{"@id":"https:\/\/cocemfevalencia.org\/es\/la-fundacio-la-caixa-facilita-118-ocupacions-a-la-comunitat-valenciana-per-a-serveis-essencials-davant-la-covid-19-a-traves-del-programa-incorpora\/#primaryimage"},"thumbnailUrl":"https:\/\/cocemfevalencia.org\/wp-content\/uploads\/2018\/05\/os_lacaixa.png","datePublished":"2020-05-04T07:03:41+00:00","breadcrumb":{"@id":"https:\/\/cocemfevalencia.org\/es\/la-fundacio-la-caixa-facilita-118-ocupacions-a-la-comunitat-valenciana-per-a-serveis-essencials-davant-la-covid-19-a-traves-del-programa-incorpora\/#breadcrumb"},"inLanguage":"es","potentialAction":[{"@type":"ReadAction","target":["https:\/\/cocemfevalencia.org\/es\/la-fundacio-la-caixa-facilita-118-ocupacions-a-la-comunitat-valenciana-per-a-serveis-essencials-davant-la-covid-19-a-traves-del-programa-incorpora\/"]}]},{"@type":"ImageObject","inLanguage":"es","@id":"https:\/\/cocemfevalencia.org\/es\/la-fundacio-la-caixa-facilita-118-ocupacions-a-la-comunitat-valenciana-per-a-serveis-essencials-davant-la-covid-19-a-traves-del-programa-incorpora\/#primaryimage","url":"https:\/\/cocemfevalencia.org\/wp-content\/uploads\/2018\/05\/os_lacaixa.png","contentUrl":"https:\/\/cocemfevalencia.org\/wp-content\/uploads\/2018\/05\/os_lacaixa.png","width":300,"height":200},{"@type":"BreadcrumbList","@id":"https:\/\/cocemfevalencia.org\/es\/la-fundacio-la-caixa-facilita-118-ocupacions-a-la-comunitat-valenciana-per-a-serveis-essencials-davant-la-covid-19-a-traves-del-programa-incorpora\/#breadcrumb","itemListElement":[{"@type":"ListItem","position":1,"name":"Portada","item":"https:\/\/cocemfevalencia.org\/es\/"},{"@type":"ListItem","position":2,"name":"La Fundaci\u00f3 \u201dla Caixa\u201d facilita 118 ocupacions a la Comunitat Valenciana per a serveis essencials davant la COVID-19 a trav\u00e9s del programa Incorpora"}]},{"@type":"WebSite","@id":"https:\/\/cocemfevalencia.org\/es\/#website","url":"https:\/\/cocemfevalencia.org\/es\/","name":"Cocemfe Valencia","description":"FEDERACI\u00d3N DE ASOCIACIONES DE PERSONAS CON DISCAPACIDAD F\u00cdSICA Y ORG\u00c1NICA DE LA PROV\u00cdNCIA DE VALENCIA","publisher":{"@id":"https:\/\/cocemfevalencia.org\/es\/#organization"},"potentialAction":[{"@type":"SearchAction","target":{"@type":"EntryPoint","urlTemplate":"https:\/\/cocemfevalencia.org\/es\/?s={search_term_string}"},"query-input":{"@type":"PropertyValueSpecification","valueRequired":true,"valueName":"search_term_string"}}],"inLanguage":"es"},{"@type":"Organization","@id":"https:\/\/cocemfevalencia.org\/es\/#organization","name":"Cocemfe Valencia","url":"https:\/\/cocemfevalencia.org\/es\/","logo":{"@type":"ImageObject","inLanguage":"es","@id":"https:\/\/cocemfevalencia.org\/es\/#\/schema\/logo\/image\/","url":"https:\/\/cocemfevalencia.org\/wp-content\/uploads\/2023\/03\/0312-Horizontal-una-linea-larga-rgb-positivo-Tricolor.png","contentUrl":"https:\/\/cocemfevalencia.org\/wp-content\/uploads\/2023\/03\/0312-Horizontal-una-linea-larga-rgb-positivo-Tricolor.png","width":2334,"height":613,"caption":"Cocemfe Valencia"},"image":{"@id":"https:\/\/cocemfevalencia.org\/es\/#\/schema\/logo\/image\/"},"sameAs":["https:\/\/www.facebook.com\/cocemfe.valencia","https:\/\/x.com\/COCEMFEValencia"]},{"@type":"Person","@id":"https:\/\/cocemfevalencia.org\/es\/#\/schema\/person\/e31a24227ccbc918e2c80add51990ad7","name":"COCEMFE VALENCIA","image":{"@type":"ImageObject","inLanguage":"es","@id":"https:\/\/secure.gravatar.com\/avatar\/81dd2ced4591577d70433bbfde65ba3f931e09f5cb4ca8c890817c47789b47f0?s=96&d=mm&r=g","url":"https:\/\/secure.gravatar.com\/avatar\/81dd2ced4591577d70433bbfde65ba3f931e09f5cb4ca8c890817c47789b47f0?s=96&d=mm&r=g","contentUrl":"https:\/\/secure.gravatar.com\/avatar\/81dd2ced4591577d70433bbfde65ba3f931e09f5cb4ca8c890817c47789b47f0?s=96&d=mm&r=g","caption":"COCEMFE VALENCIA"}}]}},"_links":{"self":[{"href":"https:\/\/cocemfevalencia.org\/es\/wp-json\/wp\/v2\/posts\/4288","targetHints":{"allow":["GET"]}}],"collection":[{"href":"https:\/\/cocemfevalencia.org\/es\/wp-json\/wp\/v2\/posts"}],"about":[{"href":"https:\/\/cocemfevalencia.org\/es\/wp-json\/wp\/v2\/types\/post"}],"author":[{"embeddable":true,"href":"https:\/\/cocemfevalencia.org\/es\/wp-json\/wp\/v2\/users\/3"}],"replies":[{"embeddable":true,"href":"https:\/\/cocemfevalencia.org\/es\/wp-json\/wp\/v2\/comments?post=4288"}],"version-history":[{"count":0,"href":"https:\/\/cocemfevalencia.org\/es\/wp-json\/wp\/v2\/posts\/4288\/revisions"}],"wp:featuredmedia":[{"embeddable":true,"href":"https:\/\/cocemfevalencia.org\/es\/wp-json\/wp\/v2\/media\/451"}],"wp:attachment":[{"href":"https:\/\/cocemfevalencia.org\/es\/wp-json\/wp\/v2\/media?parent=4288"}],"wp:term":[{"taxonomy":"category","embeddable":true,"href":"https:\/\/cocemfevalencia.org\/es\/wp-json\/wp\/v2\/categories?post=4288"},{"taxonomy":"post_tag","embeddable":true,"href":"https:\/\/cocemfevalencia.org\/es\/wp-json\/wp\/v2\/tags?post=4288"}],"curies":[{"name":"wp","href":"https:\/\/api.w.org\/{rel}","templated":true}]}}