{"id":4346,"date":"2020-07-07T12:27:42","date_gmt":"2020-07-07T10:27:42","guid":{"rendered":"http:\/\/cocemfevalencia.org\/?p=4346"},"modified":"2020-07-07T12:27:42","modified_gmt":"2020-07-07T10:27:42","slug":"abierta-la-5a-convocatoria-de-iemtegracion-2020","status":"publish","type":"post","link":"https:\/\/cocemfevalencia.org\/es\/abierta-la-5a-convocatoria-de-iemtegracion-2020\/","title":{"rendered":"Abierta la 5\u00aa Convocatoria de la Beca IEMtegraci\u00f3n 2020 para personas con discapacidad"},"content":{"rendered":"\t\t<div data-elementor-type=\"wp-post\" data-elementor-id=\"4346\" class=\"elementor elementor-4346\" data-elementor-post-type=\"post\">\n\t\t\t\t\t\t<section class=\"elementor-section elementor-top-section elementor-element elementor-element-57645f8 elementor-section-boxed elementor-section-height-default elementor-section-height-default\" data-id=\"57645f8\" data-element_type=\"section\" data-e-type=\"section\">\n\t\t\t\t\t\t<div class=\"elementor-container elementor-column-gap-default\">\n\t\t\t\t\t<div class=\"elementor-column elementor-col-50 elementor-top-column elementor-element elementor-element-7bab9aa\" data-id=\"7bab9aa\" data-element_type=\"column\" data-e-type=\"column\">\n\t\t\t<div class=\"elementor-widget-wrap elementor-element-populated\">\n\t\t\t\t\t\t<div class=\"elementor-element elementor-element-78e76c9 elementor-widget elementor-widget-image\" data-id=\"78e76c9\" data-element_type=\"widget\" data-e-type=\"widget\" data-widget_type=\"image.default\">\n\t\t\t\t<div class=\"elementor-widget-container\">\n\t\t\t\t\t\t\t\t\t\t\t\t\t\t\t<img fetchpriority=\"high\" decoding=\"async\" width=\"768\" height=\"432\" src=\"https:\/\/cocemfevalencia.org\/wp-content\/uploads\/2020\/07\/Beca-IEMtegracion-5-convocatoria-v2-768x432-1.jpg\" class=\"attachment-large size-large wp-image-4360\" alt=\"\" srcset=\"https:\/\/cocemfevalencia.org\/wp-content\/uploads\/2020\/07\/Beca-IEMtegracion-5-convocatoria-v2-768x432-1.jpg 768w, https:\/\/cocemfevalencia.org\/wp-content\/uploads\/2020\/07\/Beca-IEMtegracion-5-convocatoria-v2-768x432-1-300x169.jpg 300w\" sizes=\"(max-width: 768px) 100vw, 768px\" \/>\t\t\t\t\t\t\t\t\t\t\t\t\t\t\t<\/div>\n\t\t\t\t<\/div>\n\t\t\t\t\t<\/div>\n\t\t<\/div>\n\t\t\t\t<div class=\"elementor-column elementor-col-50 elementor-top-column elementor-element elementor-element-4dd2bec\" data-id=\"4dd2bec\" data-element_type=\"column\" data-e-type=\"column\">\n\t\t\t<div class=\"elementor-widget-wrap elementor-element-populated\">\n\t\t\t\t\t\t<div class=\"elementor-element elementor-element-41bbeb1 elementor-widget elementor-widget-text-editor\" data-id=\"41bbeb1\" data-element_type=\"widget\" data-e-type=\"widget\" data-widget_type=\"text-editor.default\">\n\t\t\t\t<div class=\"elementor-widget-container\">\n\t\t\t\t\t\t\t\t\t<p>Un a\u00f1o m\u00e1s COCEMFE Val\u00e8ncia colabora con IEM BUSINESS SCHOOL\u00a0 ofreciendo apoyo en la difusi\u00f3n y selecci\u00f3n de candidatos.<\/p><p>La beca otorga la posibilidad de realizar de forma\u00a0<strong>gratuita\u00a0<\/strong>uno de los\u00a0<strong>m\u00e1sters<\/strong>\u00a0de nuestra oferta formativa durante el curso acad\u00e9mico 2020 \u2013 2021.<\/p><p>El objetivo es\u00a0<strong>mejorar las competencias de este colectivo en riesgo de exclusi\u00f3n,<\/strong>\u00a0ofreci\u00e9ndoles formaci\u00f3n cualificada para facilitar su integraci\u00f3n en el mundo profesional, adem\u00e1s de\u00a0<strong>desarrollar el talento digital de los alumnos.\u00a0<\/strong><\/p><p>El plazo de recepci\u00f3n de candidaturas estar\u00e1 abierto hasta el viernes 25 de septiembre de 2020. De todas las candidaturas recibidas, se elegir\u00e1 a un profesional que podr\u00e1 cursar de forma completamente gratuita uno de los\u00a0<a href=\"https:\/\/iembs.com\/master\/\">M\u00e1ster\u00a0<\/a>que se imparten\u00a0 en la Escuela de negocios en la modalidad presencial. El ganador acceder\u00e1 a uno de nuestros M\u00e1ster cuyo coste sin becar asciende a 3.450\u20ac y con un total de 210 horas.<\/p>\t\t\t\t\t\t\t\t<\/div>\n\t\t\t\t<\/div>\n\t\t\t\t\t<\/div>\n\t\t<\/div>\n\t\t\t\t\t<\/div>\n\t\t<\/section>\n\t\t\t\t<section class=\"elementor-section elementor-top-section elementor-element elementor-element-a900a22 elementor-section-boxed elementor-section-height-default elementor-section-height-default\" data-id=\"a900a22\" data-element_type=\"section\" data-e-type=\"section\">\n\t\t\t\t\t\t<div class=\"elementor-container elementor-column-gap-default\">\n\t\t\t\t\t<div class=\"elementor-column elementor-col-100 elementor-top-column elementor-element elementor-element-682972d\" data-id=\"682972d\" data-element_type=\"column\" data-e-type=\"column\">\n\t\t\t<div class=\"elementor-widget-wrap elementor-element-populated\">\n\t\t\t\t\t\t<div class=\"elementor-element elementor-element-1ab661b elementor-widget elementor-widget-text-editor\" data-id=\"1ab661b\" data-element_type=\"widget\" data-e-type=\"widget\" data-widget_type=\"text-editor.default\">\n\t\t\t\t<div class=\"elementor-widget-container\">\n\t\t\t\t\t\t\t\t\t<p>Para m\u00e1s informaci\u00f3n: <a style=\"background-color: white;\" href=\"https:\/\/iembs.com\/noticia\/beca-iemtegracion-2020-para-personas-con-discapacidad\/\">iembs.com\/noticia\/beca-iemtegracion-2020-para-personas-con-discapacidad\/<\/a><\/p>\t\t\t\t\t\t\t\t<\/div>\n\t\t\t\t<\/div>\n\t\t\t\t\t<\/div>\n\t\t<\/div>\n\t\t\t\t\t<\/div>\n\t\t<\/section>\n\t\t\t\t<\/div>\n\t\t<p>Visitas: 3<\/p>","protected":false},"excerpt":{"rendered":"<p>Un a\u00f1o m\u00e1s COCEMFE Val\u00e8ncia colabora con IEM BUSINESS SCHOOL\u00a0 ofreciendo apoyo en la difusi\u00f3n y selecci\u00f3n de candidatos. La beca otorga la posibilidad de realizar de forma\u00a0gratuita\u00a0uno de los\u00a0m\u00e1sters\u00a0de nuestra oferta formativa durante el curso acad\u00e9mico 2020 \u2013 2021. El objetivo es\u00a0mejorar las competencias de este colectivo en riesgo de exclusi\u00f3n,\u00a0ofreci\u00e9ndoles formaci\u00f3n cualificada para&hellip;&nbsp;<a href=\"https:\/\/cocemfevalencia.org\/es\/abierta-la-5a-convocatoria-de-iemtegracion-2020\/\" rel=\"bookmark\">Leer m\u00e1s &raquo;<span class=\"screen-reader-text\">Abierta la 5\u00aa Convocatoria de la Beca IEMtegraci\u00f3n 2020 para personas con discapacidad<\/span><\/a><\/p>\n","protected":false},"author":3,"featured_media":4360,"comment_status":"closed","ping_status":"closed","sticky":false,"template":"","format":"standard","meta":{"rop_custom_images_group":[],"rop_custom_messages_group":[],"rop_publish_now":"initial","rop_publish_now_accounts":[],"rop_publish_now_history":[],"rop_publish_now_status":"pending","neve_meta_sidebar":"","neve_meta_container":"","neve_meta_enable_content_width":"","neve_meta_content_width":0,"neve_meta_title_alignment":"","neve_meta_author_avatar":"","neve_post_elements_order":"","neve_meta_disable_header":"","neve_meta_disable_footer":"","neve_meta_disable_title":"","footnotes":""},"categories":[5],"tags":[],"class_list":["post-4346","post","type-post","status-publish","format-standard","has-post-thumbnail","hentry","category-noticias"],"yoast_head":"<!-- This site is optimized with the Yoast SEO plugin v27.3 - https:\/\/yoast.com\/product\/yoast-seo-wordpress\/ -->\n<title>Abierta la 5\u00aa Convocatoria de la Beca IEMtegraci\u00f3n 2020 para personas con discapacidad - Cocemfe Valencia<\/title>\n<meta name=\"robots\" content=\"index, follow, max-snippet:-1, max-image-preview:large, max-video-preview:-1\" \/>\n<link rel=\"canonical\" href=\"https:\/\/cocemfevalencia.org\/es\/abierta-la-5a-convocatoria-de-iemtegracion-2020\/\" \/>\n<meta property=\"og:locale\" content=\"es_ES\" \/>\n<meta property=\"og:type\" content=\"article\" \/>\n<meta property=\"og:title\" content=\"Abierta la 5\u00aa Convocatoria de la Beca IEMtegraci\u00f3n 2020 para personas con discapacidad - Cocemfe Valencia\" \/>\n<meta property=\"og:description\" content=\"Un a\u00f1o m\u00e1s COCEMFE Val\u00e8ncia colabora con IEM BUSINESS SCHOOL\u00a0 ofreciendo apoyo en la difusi\u00f3n y selecci\u00f3n de candidatos. La beca otorga la posibilidad de realizar de forma\u00a0gratuita\u00a0uno de los\u00a0m\u00e1sters\u00a0de nuestra oferta formativa durante el curso acad\u00e9mico 2020 \u2013 2021. El objetivo es\u00a0mejorar las competencias de este colectivo en riesgo de exclusi\u00f3n,\u00a0ofreci\u00e9ndoles formaci\u00f3n cualificada para&hellip;&nbsp;Leer m\u00e1s &raquo;Abierta la 5\u00aa Convocatoria de la Beca IEMtegraci\u00f3n 2020 para personas con discapacidad\" \/>\n<meta property=\"og:url\" content=\"https:\/\/cocemfevalencia.org\/es\/abierta-la-5a-convocatoria-de-iemtegracion-2020\/\" \/>\n<meta property=\"og:site_name\" content=\"Cocemfe Valencia\" \/>\n<meta property=\"article:publisher\" content=\"https:\/\/www.facebook.com\/cocemfe.valencia\" \/>\n<meta property=\"article:published_time\" content=\"2020-07-07T10:27:42+00:00\" \/>\n<meta property=\"og:image\" content=\"https:\/\/cocemfevalencia.org\/wp-content\/uploads\/2020\/07\/Beca-IEMtegracion-5-convocatoria-v2-768x432-1.jpg\" \/>\n\t<meta property=\"og:image:width\" content=\"768\" \/>\n\t<meta property=\"og:image:height\" content=\"432\" \/>\n\t<meta property=\"og:image:type\" content=\"image\/jpeg\" \/>\n<meta name=\"author\" content=\"COCEMFE VALENCIA\" \/>\n<meta name=\"twitter:card\" content=\"summary_large_image\" \/>\n<meta name=\"twitter:creator\" content=\"@COCEMFEValencia\" \/>\n<meta name=\"twitter:site\" content=\"@COCEMFEValencia\" \/>\n<meta name=\"twitter:label1\" content=\"Escrito por\" \/>\n\t<meta name=\"twitter:data1\" content=\"COCEMFE VALENCIA\" \/>\n\t<meta name=\"twitter:label2\" content=\"Tiempo de lectura\" \/>\n\t<meta name=\"twitter:data2\" content=\"1 minuto\" \/>\n<script type=\"application\/ld+json\" class=\"yoast-schema-graph\">{\"@context\":\"https:\\\/\\\/schema.org\",\"@graph\":[{\"@type\":\"Article\",\"@id\":\"https:\\\/\\\/cocemfevalencia.org\\\/es\\\/abierta-la-5a-convocatoria-de-iemtegracion-2020\\\/#article\",\"isPartOf\":{\"@id\":\"https:\\\/\\\/cocemfevalencia.org\\\/es\\\/abierta-la-5a-convocatoria-de-iemtegracion-2020\\\/\"},\"author\":{\"name\":\"COCEMFE VALENCIA\",\"@id\":\"https:\\\/\\\/cocemfevalencia.org\\\/es\\\/#\\\/schema\\\/person\\\/e31a24227ccbc918e2c80add51990ad7\"},\"headline\":\"Abierta la 5\u00aa Convocatoria de la Beca IEMtegraci\u00f3n 2020 para personas con discapacidad\",\"datePublished\":\"2020-07-07T10:27:42+00:00\",\"mainEntityOfPage\":{\"@id\":\"https:\\\/\\\/cocemfevalencia.org\\\/es\\\/abierta-la-5a-convocatoria-de-iemtegracion-2020\\\/\"},\"wordCount\":178,\"publisher\":{\"@id\":\"https:\\\/\\\/cocemfevalencia.org\\\/es\\\/#organization\"},\"image\":{\"@id\":\"https:\\\/\\\/cocemfevalencia.org\\\/es\\\/abierta-la-5a-convocatoria-de-iemtegracion-2020\\\/#primaryimage\"},\"thumbnailUrl\":\"https:\\\/\\\/cocemfevalencia.org\\\/wp-content\\\/uploads\\\/2020\\\/07\\\/Beca-IEMtegracion-5-convocatoria-v2-768x432-1.jpg\",\"articleSection\":[\"Not\u00edcies\"],\"inLanguage\":\"es\"},{\"@type\":\"WebPage\",\"@id\":\"https:\\\/\\\/cocemfevalencia.org\\\/es\\\/abierta-la-5a-convocatoria-de-iemtegracion-2020\\\/\",\"url\":\"https:\\\/\\\/cocemfevalencia.org\\\/es\\\/abierta-la-5a-convocatoria-de-iemtegracion-2020\\\/\",\"name\":\"Abierta la 5\u00aa Convocatoria de la Beca IEMtegraci\u00f3n 2020 para personas con discapacidad - Cocemfe Valencia\",\"isPartOf\":{\"@id\":\"https:\\\/\\\/cocemfevalencia.org\\\/es\\\/#website\"},\"primaryImageOfPage\":{\"@id\":\"https:\\\/\\\/cocemfevalencia.org\\\/es\\\/abierta-la-5a-convocatoria-de-iemtegracion-2020\\\/#primaryimage\"},\"image\":{\"@id\":\"https:\\\/\\\/cocemfevalencia.org\\\/es\\\/abierta-la-5a-convocatoria-de-iemtegracion-2020\\\/#primaryimage\"},\"thumbnailUrl\":\"https:\\\/\\\/cocemfevalencia.org\\\/wp-content\\\/uploads\\\/2020\\\/07\\\/Beca-IEMtegracion-5-convocatoria-v2-768x432-1.jpg\",\"datePublished\":\"2020-07-07T10:27:42+00:00\",\"breadcrumb\":{\"@id\":\"https:\\\/\\\/cocemfevalencia.org\\\/es\\\/abierta-la-5a-convocatoria-de-iemtegracion-2020\\\/#breadcrumb\"},\"inLanguage\":\"es\",\"potentialAction\":[{\"@type\":\"ReadAction\",\"target\":[\"https:\\\/\\\/cocemfevalencia.org\\\/es\\\/abierta-la-5a-convocatoria-de-iemtegracion-2020\\\/\"]}]},{\"@type\":\"ImageObject\",\"inLanguage\":\"es\",\"@id\":\"https:\\\/\\\/cocemfevalencia.org\\\/es\\\/abierta-la-5a-convocatoria-de-iemtegracion-2020\\\/#primaryimage\",\"url\":\"https:\\\/\\\/cocemfevalencia.org\\\/wp-content\\\/uploads\\\/2020\\\/07\\\/Beca-IEMtegracion-5-convocatoria-v2-768x432-1.jpg\",\"contentUrl\":\"https:\\\/\\\/cocemfevalencia.org\\\/wp-content\\\/uploads\\\/2020\\\/07\\\/Beca-IEMtegracion-5-convocatoria-v2-768x432-1.jpg\",\"width\":768,\"height\":432},{\"@type\":\"BreadcrumbList\",\"@id\":\"https:\\\/\\\/cocemfevalencia.org\\\/es\\\/abierta-la-5a-convocatoria-de-iemtegracion-2020\\\/#breadcrumb\",\"itemListElement\":[{\"@type\":\"ListItem\",\"position\":1,\"name\":\"Portada\",\"item\":\"https:\\\/\\\/cocemfevalencia.org\\\/es\\\/\"},{\"@type\":\"ListItem\",\"position\":2,\"name\":\"Abierta la 5\u00aa Convocatoria de la Beca IEMtegraci\u00f3n 2020 para personas con discapacidad\"}]},{\"@type\":\"WebSite\",\"@id\":\"https:\\\/\\\/cocemfevalencia.org\\\/es\\\/#website\",\"url\":\"https:\\\/\\\/cocemfevalencia.org\\\/es\\\/\",\"name\":\"Cocemfe Valencia\",\"description\":\"FEDERACI\u00d3N DE ASOCIACIONES DE PERSONAS CON DISCAPACIDAD F\u00cdSICA Y ORG\u00c1NICA DE LA PROV\u00cdNCIA DE VALENCIA\",\"publisher\":{\"@id\":\"https:\\\/\\\/cocemfevalencia.org\\\/es\\\/#organization\"},\"potentialAction\":[{\"@type\":\"SearchAction\",\"target\":{\"@type\":\"EntryPoint\",\"urlTemplate\":\"https:\\\/\\\/cocemfevalencia.org\\\/es\\\/?s={search_term_string}\"},\"query-input\":{\"@type\":\"PropertyValueSpecification\",\"valueRequired\":true,\"valueName\":\"search_term_string\"}}],\"inLanguage\":\"es\"},{\"@type\":\"Organization\",\"@id\":\"https:\\\/\\\/cocemfevalencia.org\\\/es\\\/#organization\",\"name\":\"Cocemfe Valencia\",\"url\":\"https:\\\/\\\/cocemfevalencia.org\\\/es\\\/\",\"logo\":{\"@type\":\"ImageObject\",\"inLanguage\":\"es\",\"@id\":\"https:\\\/\\\/cocemfevalencia.org\\\/es\\\/#\\\/schema\\\/logo\\\/image\\\/\",\"url\":\"https:\\\/\\\/cocemfevalencia.org\\\/wp-content\\\/uploads\\\/2023\\\/03\\\/0312-Horizontal-una-linea-larga-rgb-positivo-Tricolor.png\",\"contentUrl\":\"https:\\\/\\\/cocemfevalencia.org\\\/wp-content\\\/uploads\\\/2023\\\/03\\\/0312-Horizontal-una-linea-larga-rgb-positivo-Tricolor.png\",\"width\":2334,\"height\":613,\"caption\":\"Cocemfe Valencia\"},\"image\":{\"@id\":\"https:\\\/\\\/cocemfevalencia.org\\\/es\\\/#\\\/schema\\\/logo\\\/image\\\/\"},\"sameAs\":[\"https:\\\/\\\/www.facebook.com\\\/cocemfe.valencia\",\"https:\\\/\\\/x.com\\\/COCEMFEValencia\"]},{\"@type\":\"Person\",\"@id\":\"https:\\\/\\\/cocemfevalencia.org\\\/es\\\/#\\\/schema\\\/person\\\/e31a24227ccbc918e2c80add51990ad7\",\"name\":\"COCEMFE VALENCIA\",\"image\":{\"@type\":\"ImageObject\",\"inLanguage\":\"es\",\"@id\":\"https:\\\/\\\/secure.gravatar.com\\\/avatar\\\/81dd2ced4591577d70433bbfde65ba3f931e09f5cb4ca8c890817c47789b47f0?s=96&d=mm&r=g\",\"url\":\"https:\\\/\\\/secure.gravatar.com\\\/avatar\\\/81dd2ced4591577d70433bbfde65ba3f931e09f5cb4ca8c890817c47789b47f0?s=96&d=mm&r=g\",\"contentUrl\":\"https:\\\/\\\/secure.gravatar.com\\\/avatar\\\/81dd2ced4591577d70433bbfde65ba3f931e09f5cb4ca8c890817c47789b47f0?s=96&d=mm&r=g\",\"caption\":\"COCEMFE VALENCIA\"}}]}<\/script>\n<!-- \/ Yoast SEO plugin. -->","yoast_head_json":{"title":"Abierta la 5\u00aa Convocatoria de la Beca IEMtegraci\u00f3n 2020 para personas con discapacidad - Cocemfe Valencia","robots":{"index":"index","follow":"follow","max-snippet":"max-snippet:-1","max-image-preview":"max-image-preview:large","max-video-preview":"max-video-preview:-1"},"canonical":"https:\/\/cocemfevalencia.org\/es\/abierta-la-5a-convocatoria-de-iemtegracion-2020\/","og_locale":"es_ES","og_type":"article","og_title":"Abierta la 5\u00aa Convocatoria de la Beca IEMtegraci\u00f3n 2020 para personas con discapacidad - Cocemfe Valencia","og_description":"Un a\u00f1o m\u00e1s COCEMFE Val\u00e8ncia colabora con IEM BUSINESS SCHOOL\u00a0 ofreciendo apoyo en la difusi\u00f3n y selecci\u00f3n de candidatos. La beca otorga la posibilidad de realizar de forma\u00a0gratuita\u00a0uno de los\u00a0m\u00e1sters\u00a0de nuestra oferta formativa durante el curso acad\u00e9mico 2020 \u2013 2021. El objetivo es\u00a0mejorar las competencias de este colectivo en riesgo de exclusi\u00f3n,\u00a0ofreci\u00e9ndoles formaci\u00f3n cualificada para&hellip;&nbsp;Leer m\u00e1s &raquo;Abierta la 5\u00aa Convocatoria de la Beca IEMtegraci\u00f3n 2020 para personas con discapacidad","og_url":"https:\/\/cocemfevalencia.org\/es\/abierta-la-5a-convocatoria-de-iemtegracion-2020\/","og_site_name":"Cocemfe Valencia","article_publisher":"https:\/\/www.facebook.com\/cocemfe.valencia","article_published_time":"2020-07-07T10:27:42+00:00","og_image":[{"width":768,"height":432,"url":"https:\/\/cocemfevalencia.org\/wp-content\/uploads\/2020\/07\/Beca-IEMtegracion-5-convocatoria-v2-768x432-1.jpg","type":"image\/jpeg"}],"author":"COCEMFE VALENCIA","twitter_card":"summary_large_image","twitter_creator":"@COCEMFEValencia","twitter_site":"@COCEMFEValencia","twitter_misc":{"Escrito por":"COCEMFE VALENCIA","Tiempo de lectura":"1 minuto"},"schema":{"@context":"https:\/\/schema.org","@graph":[{"@type":"Article","@id":"https:\/\/cocemfevalencia.org\/es\/abierta-la-5a-convocatoria-de-iemtegracion-2020\/#article","isPartOf":{"@id":"https:\/\/cocemfevalencia.org\/es\/abierta-la-5a-convocatoria-de-iemtegracion-2020\/"},"author":{"name":"COCEMFE VALENCIA","@id":"https:\/\/cocemfevalencia.org\/es\/#\/schema\/person\/e31a24227ccbc918e2c80add51990ad7"},"headline":"Abierta la 5\u00aa Convocatoria de la Beca IEMtegraci\u00f3n 2020 para personas con discapacidad","datePublished":"2020-07-07T10:27:42+00:00","mainEntityOfPage":{"@id":"https:\/\/cocemfevalencia.org\/es\/abierta-la-5a-convocatoria-de-iemtegracion-2020\/"},"wordCount":178,"publisher":{"@id":"https:\/\/cocemfevalencia.org\/es\/#organization"},"image":{"@id":"https:\/\/cocemfevalencia.org\/es\/abierta-la-5a-convocatoria-de-iemtegracion-2020\/#primaryimage"},"thumbnailUrl":"https:\/\/cocemfevalencia.org\/wp-content\/uploads\/2020\/07\/Beca-IEMtegracion-5-convocatoria-v2-768x432-1.jpg","articleSection":["Not\u00edcies"],"inLanguage":"es"},{"@type":"WebPage","@id":"https:\/\/cocemfevalencia.org\/es\/abierta-la-5a-convocatoria-de-iemtegracion-2020\/","url":"https:\/\/cocemfevalencia.org\/es\/abierta-la-5a-convocatoria-de-iemtegracion-2020\/","name":"Abierta la 5\u00aa Convocatoria de la Beca IEMtegraci\u00f3n 2020 para personas con discapacidad - Cocemfe Valencia","isPartOf":{"@id":"https:\/\/cocemfevalencia.org\/es\/#website"},"primaryImageOfPage":{"@id":"https:\/\/cocemfevalencia.org\/es\/abierta-la-5a-convocatoria-de-iemtegracion-2020\/#primaryimage"},"image":{"@id":"https:\/\/cocemfevalencia.org\/es\/abierta-la-5a-convocatoria-de-iemtegracion-2020\/#primaryimage"},"thumbnailUrl":"https:\/\/cocemfevalencia.org\/wp-content\/uploads\/2020\/07\/Beca-IEMtegracion-5-convocatoria-v2-768x432-1.jpg","datePublished":"2020-07-07T10:27:42+00:00","breadcrumb":{"@id":"https:\/\/cocemfevalencia.org\/es\/abierta-la-5a-convocatoria-de-iemtegracion-2020\/#breadcrumb"},"inLanguage":"es","potentialAction":[{"@type":"ReadAction","target":["https:\/\/cocemfevalencia.org\/es\/abierta-la-5a-convocatoria-de-iemtegracion-2020\/"]}]},{"@type":"ImageObject","inLanguage":"es","@id":"https:\/\/cocemfevalencia.org\/es\/abierta-la-5a-convocatoria-de-iemtegracion-2020\/#primaryimage","url":"https:\/\/cocemfevalencia.org\/wp-content\/uploads\/2020\/07\/Beca-IEMtegracion-5-convocatoria-v2-768x432-1.jpg","contentUrl":"https:\/\/cocemfevalencia.org\/wp-content\/uploads\/2020\/07\/Beca-IEMtegracion-5-convocatoria-v2-768x432-1.jpg","width":768,"height":432},{"@type":"BreadcrumbList","@id":"https:\/\/cocemfevalencia.org\/es\/abierta-la-5a-convocatoria-de-iemtegracion-2020\/#breadcrumb","itemListElement":[{"@type":"ListItem","position":1,"name":"Portada","item":"https:\/\/cocemfevalencia.org\/es\/"},{"@type":"ListItem","position":2,"name":"Abierta la 5\u00aa Convocatoria de la Beca IEMtegraci\u00f3n 2020 para personas con discapacidad"}]},{"@type":"WebSite","@id":"https:\/\/cocemfevalencia.org\/es\/#website","url":"https:\/\/cocemfevalencia.org\/es\/","name":"Cocemfe Valencia","description":"FEDERACI\u00d3N DE ASOCIACIONES DE PERSONAS CON DISCAPACIDAD F\u00cdSICA Y ORG\u00c1NICA DE LA PROV\u00cdNCIA DE VALENCIA","publisher":{"@id":"https:\/\/cocemfevalencia.org\/es\/#organization"},"potentialAction":[{"@type":"SearchAction","target":{"@type":"EntryPoint","urlTemplate":"https:\/\/cocemfevalencia.org\/es\/?s={search_term_string}"},"query-input":{"@type":"PropertyValueSpecification","valueRequired":true,"valueName":"search_term_string"}}],"inLanguage":"es"},{"@type":"Organization","@id":"https:\/\/cocemfevalencia.org\/es\/#organization","name":"Cocemfe Valencia","url":"https:\/\/cocemfevalencia.org\/es\/","logo":{"@type":"ImageObject","inLanguage":"es","@id":"https:\/\/cocemfevalencia.org\/es\/#\/schema\/logo\/image\/","url":"https:\/\/cocemfevalencia.org\/wp-content\/uploads\/2023\/03\/0312-Horizontal-una-linea-larga-rgb-positivo-Tricolor.png","contentUrl":"https:\/\/cocemfevalencia.org\/wp-content\/uploads\/2023\/03\/0312-Horizontal-una-linea-larga-rgb-positivo-Tricolor.png","width":2334,"height":613,"caption":"Cocemfe Valencia"},"image":{"@id":"https:\/\/cocemfevalencia.org\/es\/#\/schema\/logo\/image\/"},"sameAs":["https:\/\/www.facebook.com\/cocemfe.valencia","https:\/\/x.com\/COCEMFEValencia"]},{"@type":"Person","@id":"https:\/\/cocemfevalencia.org\/es\/#\/schema\/person\/e31a24227ccbc918e2c80add51990ad7","name":"COCEMFE VALENCIA","image":{"@type":"ImageObject","inLanguage":"es","@id":"https:\/\/secure.gravatar.com\/avatar\/81dd2ced4591577d70433bbfde65ba3f931e09f5cb4ca8c890817c47789b47f0?s=96&d=mm&r=g","url":"https:\/\/secure.gravatar.com\/avatar\/81dd2ced4591577d70433bbfde65ba3f931e09f5cb4ca8c890817c47789b47f0?s=96&d=mm&r=g","contentUrl":"https:\/\/secure.gravatar.com\/avatar\/81dd2ced4591577d70433bbfde65ba3f931e09f5cb4ca8c890817c47789b47f0?s=96&d=mm&r=g","caption":"COCEMFE VALENCIA"}}]}},"_links":{"self":[{"href":"https:\/\/cocemfevalencia.org\/es\/wp-json\/wp\/v2\/posts\/4346","targetHints":{"allow":["GET"]}}],"collection":[{"href":"https:\/\/cocemfevalencia.org\/es\/wp-json\/wp\/v2\/posts"}],"about":[{"href":"https:\/\/cocemfevalencia.org\/es\/wp-json\/wp\/v2\/types\/post"}],"author":[{"embeddable":true,"href":"https:\/\/cocemfevalencia.org\/es\/wp-json\/wp\/v2\/users\/3"}],"replies":[{"embeddable":true,"href":"https:\/\/cocemfevalencia.org\/es\/wp-json\/wp\/v2\/comments?post=4346"}],"version-history":[{"count":0,"href":"https:\/\/cocemfevalencia.org\/es\/wp-json\/wp\/v2\/posts\/4346\/revisions"}],"wp:featuredmedia":[{"embeddable":true,"href":"https:\/\/cocemfevalencia.org\/es\/wp-json\/wp\/v2\/media\/4360"}],"wp:attachment":[{"href":"https:\/\/cocemfevalencia.org\/es\/wp-json\/wp\/v2\/media?parent=4346"}],"wp:term":[{"taxonomy":"category","embeddable":true,"href":"https:\/\/cocemfevalencia.org\/es\/wp-json\/wp\/v2\/categories?post=4346"},{"taxonomy":"post_tag","embeddable":true,"href":"https:\/\/cocemfevalencia.org\/es\/wp-json\/wp\/v2\/tags?post=4346"}],"curies":[{"name":"wp","href":"https:\/\/api.w.org\/{rel}","templated":true}]}}