{"id":4534,"date":"2020-10-29T15:56:00","date_gmt":"2020-10-29T13:56:00","guid":{"rendered":"http:\/\/cocemfevalencia.org\/?p=4534"},"modified":"2020-10-29T15:56:00","modified_gmt":"2020-10-29T13:56:00","slug":"cocemfe-valencia-continua-apostant-per-la-igualtat","status":"publish","type":"post","link":"https:\/\/cocemfevalencia.org\/es\/cocemfe-valencia-continua-apostant-per-la-igualtat\/","title":{"rendered":"COCEMFE Val\u00e8ncia continua apostant per la Igualtat"},"content":{"rendered":"\t\t<div data-elementor-type=\"wp-post\" data-elementor-id=\"4534\" class=\"elementor elementor-4534\" data-elementor-post-type=\"post\">\n\t\t\t\t\t\t<section class=\"elementor-section elementor-top-section elementor-element elementor-element-9b93b16 elementor-section-boxed elementor-section-height-default elementor-section-height-default\" data-id=\"9b93b16\" data-element_type=\"section\" data-e-type=\"section\">\n\t\t\t\t\t\t<div class=\"elementor-container elementor-column-gap-default\">\n\t\t\t\t\t<div class=\"elementor-column elementor-col-100 elementor-top-column elementor-element elementor-element-6543f01\" data-id=\"6543f01\" data-element_type=\"column\" data-e-type=\"column\">\n\t\t\t<div class=\"elementor-widget-wrap elementor-element-populated\">\n\t\t\t\t\t\t<div class=\"elementor-element elementor-element-6adacf2 elementor-widget elementor-widget-image\" data-id=\"6adacf2\" data-element_type=\"widget\" data-e-type=\"widget\" data-widget_type=\"image.default\">\n\t\t\t\t<div class=\"elementor-widget-container\">\n\t\t\t\t\t\t\t\t\t\t\t\t\t\t\t<img fetchpriority=\"high\" decoding=\"async\" width=\"960\" height=\"1024\" src=\"https:\/\/cocemfevalencia.org\/wp-content\/uploads\/2020\/10\/Diploma_305_19_firmado_page-0001-960x1024.jpg\" class=\"attachment-large size-large wp-image-4536\" alt=\"\" srcset=\"https:\/\/cocemfevalencia.org\/wp-content\/uploads\/2020\/10\/Diploma_305_19_firmado_page-0001-960x1024.jpg 960w, https:\/\/cocemfevalencia.org\/wp-content\/uploads\/2020\/10\/Diploma_305_19_firmado_page-0001-281x300.jpg 281w, https:\/\/cocemfevalencia.org\/wp-content\/uploads\/2020\/10\/Diploma_305_19_firmado_page-0001-768x820.jpg 768w, https:\/\/cocemfevalencia.org\/wp-content\/uploads\/2020\/10\/Diploma_305_19_firmado_page-0001.jpg 1133w\" sizes=\"(max-width: 960px) 100vw, 960px\" \/>\t\t\t\t\t\t\t\t\t\t\t\t\t\t\t<\/div>\n\t\t\t\t<\/div>\n\t\t\t\t\t<\/div>\n\t\t<\/div>\n\t\t\t\t\t<\/div>\n\t\t<\/section>\n\t\t\t\t<section class=\"elementor-section elementor-top-section elementor-element elementor-element-a0cfd86 elementor-section-boxed elementor-section-height-default elementor-section-height-default\" data-id=\"a0cfd86\" data-element_type=\"section\" data-e-type=\"section\">\n\t\t\t\t\t\t<div class=\"elementor-container elementor-column-gap-default\">\n\t\t\t\t\t<div class=\"elementor-column elementor-col-100 elementor-top-column elementor-element elementor-element-29d7e83\" data-id=\"29d7e83\" data-element_type=\"column\" data-e-type=\"column\">\n\t\t\t<div class=\"elementor-widget-wrap elementor-element-populated\">\n\t\t\t\t\t\t<div class=\"elementor-element elementor-element-5957dba elementor-widget elementor-widget-text-editor\" data-id=\"5957dba\" data-element_type=\"widget\" data-e-type=\"widget\" data-widget_type=\"text-editor.default\">\n\t\t\t\t<div class=\"elementor-widget-container\">\n\t\t\t\t\t\t\t\t\t<p>La Direcci\u00f3 General de l&#8217;Institut Valenci\u00e0 de les Dones de Vicepresid\u00e8ncia i Conselleria d&#8217;Igualtat i Pol\u00edtiques Inclusivament, ha validat i concedit el Visat de l&#8217;II Pla d&#8217;Igualtat entre dones i homes de COCEMFE Val\u00e8ncia i l&#8217;\u00fas del segell \u201cFent empresa. Iguals en oportunitats\u201d.<br \/>Aquest II Pla d&#8217;Igualtat, t\u00e9 com a objectiu general, enfortir el comprom\u00eds de COCEMFE Val\u00e8ncia amb la igualtat d&#8217;oportunitats entre dones i homes, afermant en el funcionament intern els principis i valors d&#8217;igualtat que aplica en la seua activitat di\u00e0ria, implementant-ho en el per\u00edode compr\u00e9s entre l&#8217;1 d&#8217;octubre de 2019 i l&#8217;i el 30 de setembre de 2022.<\/p><p><br \/>Amb l&#8217;elaboraci\u00f3 d&#8217;aquest II Pla i la seua implantaci\u00f3 es promouen mesures d&#8217;igualtat que contraresten les desigualtats de g\u00e8nere que actualment encara es continuen donant en les estructures i funcionament d&#8217;entitats del tercer sector com la nostra i aconseguir aix\u00ed; eliminar obstacles per a l&#8217;acc\u00e9s de les dones a llocs de responsabilitat, promoure la participaci\u00f3 de les dones en els \u00f2rgans de govern de l&#8217;entitat, promoure una major incorporaci\u00f3 d&#8217;homes com a professionals i personal dins de l&#8217;entitat; impulsar programes de formaci\u00f3 i suport t\u00e8cnic dirigits a dones, tant per a promocionar a dones en llocs de responsabilitat com per a capacitar-les en incorporar-se a aquests llocs; i promoure el desenvolupament de pol\u00edtiques, plans i mesures de conciliaci\u00f3 de la vida personal, familiar i laboral en les organitzacions, i implicar els homes en ells.<\/p>\t\t\t\t\t\t\t\t<\/div>\n\t\t\t\t<\/div>\n\t\t\t\t\t<\/div>\n\t\t<\/div>\n\t\t\t\t\t<\/div>\n\t\t<\/section>\n\t\t\t\t<section class=\"elementor-section elementor-top-section elementor-element elementor-element-f387f30 elementor-section-boxed elementor-section-height-default elementor-section-height-default\" data-id=\"f387f30\" data-element_type=\"section\" data-e-type=\"section\">\n\t\t\t\t\t\t<div class=\"elementor-container elementor-column-gap-default\">\n\t\t\t\t\t<div class=\"elementor-column elementor-col-50 elementor-top-column elementor-element elementor-element-f602a8b\" data-id=\"f602a8b\" data-element_type=\"column\" data-e-type=\"column\">\n\t\t\t<div class=\"elementor-widget-wrap elementor-element-populated\">\n\t\t\t\t\t\t<div class=\"elementor-element elementor-element-331c387 elementor-widget elementor-widget-image\" data-id=\"331c387\" data-element_type=\"widget\" data-e-type=\"widget\" data-widget_type=\"image.default\">\n\t\t\t\t<div class=\"elementor-widget-container\">\n\t\t\t\t\t\t\t\t\t\t\t\t\t\t\t<img decoding=\"async\" width=\"300\" height=\"274\" src=\"https:\/\/cocemfevalencia.org\/wp-content\/uploads\/2019\/07\/logo-vectorizadoCOCEMFE-300x274.png\" class=\"attachment-medium size-medium wp-image-3434\" alt=\"\" srcset=\"https:\/\/cocemfevalencia.org\/wp-content\/uploads\/2019\/07\/logo-vectorizadoCOCEMFE-300x274.png 300w, https:\/\/cocemfevalencia.org\/wp-content\/uploads\/2019\/07\/logo-vectorizadoCOCEMFE-1024x936.png 1024w, https:\/\/cocemfevalencia.org\/wp-content\/uploads\/2019\/07\/logo-vectorizadoCOCEMFE-768x702.png 768w, https:\/\/cocemfevalencia.org\/wp-content\/uploads\/2019\/07\/logo-vectorizadoCOCEMFE.png 1360w\" sizes=\"(max-width: 300px) 100vw, 300px\" \/>\t\t\t\t\t\t\t\t\t\t\t\t\t\t\t<\/div>\n\t\t\t\t<\/div>\n\t\t\t\t\t<\/div>\n\t\t<\/div>\n\t\t\t\t<div class=\"elementor-column elementor-col-50 elementor-top-column elementor-element elementor-element-fad4f1f\" data-id=\"fad4f1f\" data-element_type=\"column\" data-e-type=\"column\">\n\t\t\t<div class=\"elementor-widget-wrap elementor-element-populated\">\n\t\t\t\t\t\t<div class=\"elementor-element elementor-element-27b0bfd elementor-widget elementor-widget-image\" data-id=\"27b0bfd\" data-element_type=\"widget\" data-e-type=\"widget\" data-widget_type=\"image.default\">\n\t\t\t\t<div class=\"elementor-widget-container\">\n\t\t\t\t\t\t\t\t\t\t\t\t\t\t\t<img decoding=\"async\" width=\"300\" height=\"300\" src=\"https:\/\/cocemfevalencia.org\/wp-content\/uploads\/2020\/10\/LOGOIGUALTAT2-1-300x300.png\" class=\"attachment-medium size-medium wp-image-4533\" alt=\"\" srcset=\"https:\/\/cocemfevalencia.org\/wp-content\/uploads\/2020\/10\/LOGOIGUALTAT2-1-300x300.png 300w, https:\/\/cocemfevalencia.org\/wp-content\/uploads\/2020\/10\/LOGOIGUALTAT2-1-150x150.png 150w, https:\/\/cocemfevalencia.org\/wp-content\/uploads\/2020\/10\/LOGOIGUALTAT2-1.png 500w\" sizes=\"(max-width: 300px) 100vw, 300px\" \/>\t\t\t\t\t\t\t\t\t\t\t\t\t\t\t<\/div>\n\t\t\t\t<\/div>\n\t\t\t\t\t<\/div>\n\t\t<\/div>\n\t\t\t\t\t<\/div>\n\t\t<\/section>\n\t\t\t\t<\/div>\n\t\t<p>Visitas: 2<\/p>","protected":false},"excerpt":{"rendered":"<p>La Direcci\u00f3 General de l&#8217;Institut Valenci\u00e0 de les Dones de Vicepresid\u00e8ncia i Conselleria d&#8217;Igualtat i Pol\u00edtiques Inclusivament, ha validat i concedit el Visat de l&#8217;II Pla d&#8217;Igualtat entre dones i homes de COCEMFE Val\u00e8ncia i l&#8217;\u00fas del segell \u201cFent empresa. Iguals en oportunitats\u201d.Aquest II Pla d&#8217;Igualtat, t\u00e9 com a objectiu general, enfortir el comprom\u00eds de&hellip;&nbsp;<a href=\"https:\/\/cocemfevalencia.org\/es\/cocemfe-valencia-continua-apostant-per-la-igualtat\/\" rel=\"bookmark\">Leer m\u00e1s &raquo;<span class=\"screen-reader-text\">COCEMFE Val\u00e8ncia continua apostant per la Igualtat<\/span><\/a><\/p>\n","protected":false},"author":3,"featured_media":4533,"comment_status":"closed","ping_status":"closed","sticky":false,"template":"","format":"standard","meta":{"rop_custom_images_group":[],"rop_custom_messages_group":[],"rop_publish_now":"initial","rop_publish_now_accounts":[],"rop_publish_now_history":[],"rop_publish_now_status":"pending","neve_meta_sidebar":"","neve_meta_container":"","neve_meta_enable_content_width":"","neve_meta_content_width":0,"neve_meta_title_alignment":"","neve_meta_author_avatar":"","neve_post_elements_order":"","neve_meta_disable_header":"","neve_meta_disable_footer":"","neve_meta_disable_title":"","footnotes":""},"categories":[5],"tags":[],"class_list":["post-4534","post","type-post","status-publish","format-standard","has-post-thumbnail","hentry","category-noticias"],"yoast_head":"<!-- This site is optimized with the Yoast SEO plugin v27.3 - https:\/\/yoast.com\/product\/yoast-seo-wordpress\/ -->\n<title>COCEMFE Val\u00e8ncia continua apostant per la Igualtat - Cocemfe Valencia<\/title>\n<meta name=\"robots\" content=\"index, follow, max-snippet:-1, max-image-preview:large, max-video-preview:-1\" \/>\n<link rel=\"canonical\" href=\"https:\/\/cocemfevalencia.org\/es\/cocemfe-valencia-continua-apostant-per-la-igualtat\/\" \/>\n<meta property=\"og:locale\" content=\"es_ES\" \/>\n<meta property=\"og:type\" content=\"article\" \/>\n<meta property=\"og:title\" content=\"COCEMFE Val\u00e8ncia continua apostant per la Igualtat - Cocemfe Valencia\" \/>\n<meta property=\"og:description\" content=\"La Direcci\u00f3 General de l&#8217;Institut Valenci\u00e0 de les Dones de Vicepresid\u00e8ncia i Conselleria d&#8217;Igualtat i Pol\u00edtiques Inclusivament, ha validat i concedit el Visat de l&#8217;II Pla d&#8217;Igualtat entre dones i homes de COCEMFE Val\u00e8ncia i l&#8217;\u00fas del segell \u201cFent empresa. Iguals en oportunitats\u201d.Aquest II Pla d&#8217;Igualtat, t\u00e9 com a objectiu general, enfortir el comprom\u00eds de&hellip;&nbsp;Leer m\u00e1s &raquo;COCEMFE Val\u00e8ncia continua apostant per la Igualtat\" \/>\n<meta property=\"og:url\" content=\"https:\/\/cocemfevalencia.org\/es\/cocemfe-valencia-continua-apostant-per-la-igualtat\/\" \/>\n<meta property=\"og:site_name\" content=\"Cocemfe Valencia\" \/>\n<meta property=\"article:publisher\" content=\"https:\/\/www.facebook.com\/cocemfe.valencia\" \/>\n<meta property=\"article:published_time\" content=\"2020-10-29T13:56:00+00:00\" \/>\n<meta property=\"og:image\" content=\"https:\/\/cocemfevalencia.org\/wp-content\/uploads\/2020\/10\/LOGOIGUALTAT2-1.png\" \/>\n\t<meta property=\"og:image:width\" content=\"500\" \/>\n\t<meta property=\"og:image:height\" content=\"500\" \/>\n\t<meta property=\"og:image:type\" content=\"image\/png\" \/>\n<meta name=\"author\" content=\"COCEMFE VALENCIA\" \/>\n<meta name=\"twitter:card\" content=\"summary_large_image\" \/>\n<meta name=\"twitter:creator\" content=\"@COCEMFEValencia\" \/>\n<meta name=\"twitter:site\" content=\"@COCEMFEValencia\" \/>\n<meta name=\"twitter:label1\" content=\"Escrito por\" \/>\n\t<meta name=\"twitter:data1\" content=\"COCEMFE VALENCIA\" \/>\n\t<meta name=\"twitter:label2\" content=\"Tiempo de lectura\" \/>\n\t<meta name=\"twitter:data2\" content=\"1 minuto\" \/>\n<script type=\"application\/ld+json\" class=\"yoast-schema-graph\">{\"@context\":\"https:\\\/\\\/schema.org\",\"@graph\":[{\"@type\":\"Article\",\"@id\":\"https:\\\/\\\/cocemfevalencia.org\\\/es\\\/cocemfe-valencia-continua-apostant-per-la-igualtat\\\/#article\",\"isPartOf\":{\"@id\":\"https:\\\/\\\/cocemfevalencia.org\\\/es\\\/cocemfe-valencia-continua-apostant-per-la-igualtat\\\/\"},\"author\":{\"name\":\"COCEMFE VALENCIA\",\"@id\":\"https:\\\/\\\/cocemfevalencia.org\\\/es\\\/#\\\/schema\\\/person\\\/e31a24227ccbc918e2c80add51990ad7\"},\"headline\":\"COCEMFE Val\u00e8ncia continua apostant per la Igualtat\",\"datePublished\":\"2020-10-29T13:56:00+00:00\",\"mainEntityOfPage\":{\"@id\":\"https:\\\/\\\/cocemfevalencia.org\\\/es\\\/cocemfe-valencia-continua-apostant-per-la-igualtat\\\/\"},\"wordCount\":253,\"publisher\":{\"@id\":\"https:\\\/\\\/cocemfevalencia.org\\\/es\\\/#organization\"},\"image\":{\"@id\":\"https:\\\/\\\/cocemfevalencia.org\\\/es\\\/cocemfe-valencia-continua-apostant-per-la-igualtat\\\/#primaryimage\"},\"thumbnailUrl\":\"https:\\\/\\\/cocemfevalencia.org\\\/wp-content\\\/uploads\\\/2020\\\/10\\\/LOGOIGUALTAT2-1.png\",\"articleSection\":[\"Not\u00edcies\"],\"inLanguage\":\"es\"},{\"@type\":\"WebPage\",\"@id\":\"https:\\\/\\\/cocemfevalencia.org\\\/es\\\/cocemfe-valencia-continua-apostant-per-la-igualtat\\\/\",\"url\":\"https:\\\/\\\/cocemfevalencia.org\\\/es\\\/cocemfe-valencia-continua-apostant-per-la-igualtat\\\/\",\"name\":\"COCEMFE Val\u00e8ncia continua apostant per la Igualtat - Cocemfe Valencia\",\"isPartOf\":{\"@id\":\"https:\\\/\\\/cocemfevalencia.org\\\/es\\\/#website\"},\"primaryImageOfPage\":{\"@id\":\"https:\\\/\\\/cocemfevalencia.org\\\/es\\\/cocemfe-valencia-continua-apostant-per-la-igualtat\\\/#primaryimage\"},\"image\":{\"@id\":\"https:\\\/\\\/cocemfevalencia.org\\\/es\\\/cocemfe-valencia-continua-apostant-per-la-igualtat\\\/#primaryimage\"},\"thumbnailUrl\":\"https:\\\/\\\/cocemfevalencia.org\\\/wp-content\\\/uploads\\\/2020\\\/10\\\/LOGOIGUALTAT2-1.png\",\"datePublished\":\"2020-10-29T13:56:00+00:00\",\"breadcrumb\":{\"@id\":\"https:\\\/\\\/cocemfevalencia.org\\\/es\\\/cocemfe-valencia-continua-apostant-per-la-igualtat\\\/#breadcrumb\"},\"inLanguage\":\"es\",\"potentialAction\":[{\"@type\":\"ReadAction\",\"target\":[\"https:\\\/\\\/cocemfevalencia.org\\\/es\\\/cocemfe-valencia-continua-apostant-per-la-igualtat\\\/\"]}]},{\"@type\":\"ImageObject\",\"inLanguage\":\"es\",\"@id\":\"https:\\\/\\\/cocemfevalencia.org\\\/es\\\/cocemfe-valencia-continua-apostant-per-la-igualtat\\\/#primaryimage\",\"url\":\"https:\\\/\\\/cocemfevalencia.org\\\/wp-content\\\/uploads\\\/2020\\\/10\\\/LOGOIGUALTAT2-1.png\",\"contentUrl\":\"https:\\\/\\\/cocemfevalencia.org\\\/wp-content\\\/uploads\\\/2020\\\/10\\\/LOGOIGUALTAT2-1.png\",\"width\":500,\"height\":500},{\"@type\":\"BreadcrumbList\",\"@id\":\"https:\\\/\\\/cocemfevalencia.org\\\/es\\\/cocemfe-valencia-continua-apostant-per-la-igualtat\\\/#breadcrumb\",\"itemListElement\":[{\"@type\":\"ListItem\",\"position\":1,\"name\":\"Portada\",\"item\":\"https:\\\/\\\/cocemfevalencia.org\\\/es\\\/\"},{\"@type\":\"ListItem\",\"position\":2,\"name\":\"COCEMFE Val\u00e8ncia continua apostant per la Igualtat\"}]},{\"@type\":\"WebSite\",\"@id\":\"https:\\\/\\\/cocemfevalencia.org\\\/es\\\/#website\",\"url\":\"https:\\\/\\\/cocemfevalencia.org\\\/es\\\/\",\"name\":\"Cocemfe Valencia\",\"description\":\"FEDERACI\u00d3N DE ASOCIACIONES DE PERSONAS CON DISCAPACIDAD F\u00cdSICA Y ORG\u00c1NICA DE LA PROV\u00cdNCIA DE VALENCIA\",\"publisher\":{\"@id\":\"https:\\\/\\\/cocemfevalencia.org\\\/es\\\/#organization\"},\"potentialAction\":[{\"@type\":\"SearchAction\",\"target\":{\"@type\":\"EntryPoint\",\"urlTemplate\":\"https:\\\/\\\/cocemfevalencia.org\\\/es\\\/?s={search_term_string}\"},\"query-input\":{\"@type\":\"PropertyValueSpecification\",\"valueRequired\":true,\"valueName\":\"search_term_string\"}}],\"inLanguage\":\"es\"},{\"@type\":\"Organization\",\"@id\":\"https:\\\/\\\/cocemfevalencia.org\\\/es\\\/#organization\",\"name\":\"Cocemfe Valencia\",\"url\":\"https:\\\/\\\/cocemfevalencia.org\\\/es\\\/\",\"logo\":{\"@type\":\"ImageObject\",\"inLanguage\":\"es\",\"@id\":\"https:\\\/\\\/cocemfevalencia.org\\\/es\\\/#\\\/schema\\\/logo\\\/image\\\/\",\"url\":\"https:\\\/\\\/cocemfevalencia.org\\\/wp-content\\\/uploads\\\/2023\\\/03\\\/0312-Horizontal-una-linea-larga-rgb-positivo-Tricolor.png\",\"contentUrl\":\"https:\\\/\\\/cocemfevalencia.org\\\/wp-content\\\/uploads\\\/2023\\\/03\\\/0312-Horizontal-una-linea-larga-rgb-positivo-Tricolor.png\",\"width\":2334,\"height\":613,\"caption\":\"Cocemfe Valencia\"},\"image\":{\"@id\":\"https:\\\/\\\/cocemfevalencia.org\\\/es\\\/#\\\/schema\\\/logo\\\/image\\\/\"},\"sameAs\":[\"https:\\\/\\\/www.facebook.com\\\/cocemfe.valencia\",\"https:\\\/\\\/x.com\\\/COCEMFEValencia\"]},{\"@type\":\"Person\",\"@id\":\"https:\\\/\\\/cocemfevalencia.org\\\/es\\\/#\\\/schema\\\/person\\\/e31a24227ccbc918e2c80add51990ad7\",\"name\":\"COCEMFE VALENCIA\",\"image\":{\"@type\":\"ImageObject\",\"inLanguage\":\"es\",\"@id\":\"https:\\\/\\\/secure.gravatar.com\\\/avatar\\\/81dd2ced4591577d70433bbfde65ba3f931e09f5cb4ca8c890817c47789b47f0?s=96&d=mm&r=g\",\"url\":\"https:\\\/\\\/secure.gravatar.com\\\/avatar\\\/81dd2ced4591577d70433bbfde65ba3f931e09f5cb4ca8c890817c47789b47f0?s=96&d=mm&r=g\",\"contentUrl\":\"https:\\\/\\\/secure.gravatar.com\\\/avatar\\\/81dd2ced4591577d70433bbfde65ba3f931e09f5cb4ca8c890817c47789b47f0?s=96&d=mm&r=g\",\"caption\":\"COCEMFE VALENCIA\"}}]}<\/script>\n<!-- \/ Yoast SEO plugin. -->","yoast_head_json":{"title":"COCEMFE Val\u00e8ncia continua apostant per la Igualtat - Cocemfe Valencia","robots":{"index":"index","follow":"follow","max-snippet":"max-snippet:-1","max-image-preview":"max-image-preview:large","max-video-preview":"max-video-preview:-1"},"canonical":"https:\/\/cocemfevalencia.org\/es\/cocemfe-valencia-continua-apostant-per-la-igualtat\/","og_locale":"es_ES","og_type":"article","og_title":"COCEMFE Val\u00e8ncia continua apostant per la Igualtat - Cocemfe Valencia","og_description":"La Direcci\u00f3 General de l&#8217;Institut Valenci\u00e0 de les Dones de Vicepresid\u00e8ncia i Conselleria d&#8217;Igualtat i Pol\u00edtiques Inclusivament, ha validat i concedit el Visat de l&#8217;II Pla d&#8217;Igualtat entre dones i homes de COCEMFE Val\u00e8ncia i l&#8217;\u00fas del segell \u201cFent empresa. Iguals en oportunitats\u201d.Aquest II Pla d&#8217;Igualtat, t\u00e9 com a objectiu general, enfortir el comprom\u00eds de&hellip;&nbsp;Leer m\u00e1s &raquo;COCEMFE Val\u00e8ncia continua apostant per la Igualtat","og_url":"https:\/\/cocemfevalencia.org\/es\/cocemfe-valencia-continua-apostant-per-la-igualtat\/","og_site_name":"Cocemfe Valencia","article_publisher":"https:\/\/www.facebook.com\/cocemfe.valencia","article_published_time":"2020-10-29T13:56:00+00:00","og_image":[{"width":500,"height":500,"url":"https:\/\/cocemfevalencia.org\/wp-content\/uploads\/2020\/10\/LOGOIGUALTAT2-1.png","type":"image\/png"}],"author":"COCEMFE VALENCIA","twitter_card":"summary_large_image","twitter_creator":"@COCEMFEValencia","twitter_site":"@COCEMFEValencia","twitter_misc":{"Escrito por":"COCEMFE VALENCIA","Tiempo de lectura":"1 minuto"},"schema":{"@context":"https:\/\/schema.org","@graph":[{"@type":"Article","@id":"https:\/\/cocemfevalencia.org\/es\/cocemfe-valencia-continua-apostant-per-la-igualtat\/#article","isPartOf":{"@id":"https:\/\/cocemfevalencia.org\/es\/cocemfe-valencia-continua-apostant-per-la-igualtat\/"},"author":{"name":"COCEMFE VALENCIA","@id":"https:\/\/cocemfevalencia.org\/es\/#\/schema\/person\/e31a24227ccbc918e2c80add51990ad7"},"headline":"COCEMFE Val\u00e8ncia continua apostant per la Igualtat","datePublished":"2020-10-29T13:56:00+00:00","mainEntityOfPage":{"@id":"https:\/\/cocemfevalencia.org\/es\/cocemfe-valencia-continua-apostant-per-la-igualtat\/"},"wordCount":253,"publisher":{"@id":"https:\/\/cocemfevalencia.org\/es\/#organization"},"image":{"@id":"https:\/\/cocemfevalencia.org\/es\/cocemfe-valencia-continua-apostant-per-la-igualtat\/#primaryimage"},"thumbnailUrl":"https:\/\/cocemfevalencia.org\/wp-content\/uploads\/2020\/10\/LOGOIGUALTAT2-1.png","articleSection":["Not\u00edcies"],"inLanguage":"es"},{"@type":"WebPage","@id":"https:\/\/cocemfevalencia.org\/es\/cocemfe-valencia-continua-apostant-per-la-igualtat\/","url":"https:\/\/cocemfevalencia.org\/es\/cocemfe-valencia-continua-apostant-per-la-igualtat\/","name":"COCEMFE Val\u00e8ncia continua apostant per la Igualtat - Cocemfe Valencia","isPartOf":{"@id":"https:\/\/cocemfevalencia.org\/es\/#website"},"primaryImageOfPage":{"@id":"https:\/\/cocemfevalencia.org\/es\/cocemfe-valencia-continua-apostant-per-la-igualtat\/#primaryimage"},"image":{"@id":"https:\/\/cocemfevalencia.org\/es\/cocemfe-valencia-continua-apostant-per-la-igualtat\/#primaryimage"},"thumbnailUrl":"https:\/\/cocemfevalencia.org\/wp-content\/uploads\/2020\/10\/LOGOIGUALTAT2-1.png","datePublished":"2020-10-29T13:56:00+00:00","breadcrumb":{"@id":"https:\/\/cocemfevalencia.org\/es\/cocemfe-valencia-continua-apostant-per-la-igualtat\/#breadcrumb"},"inLanguage":"es","potentialAction":[{"@type":"ReadAction","target":["https:\/\/cocemfevalencia.org\/es\/cocemfe-valencia-continua-apostant-per-la-igualtat\/"]}]},{"@type":"ImageObject","inLanguage":"es","@id":"https:\/\/cocemfevalencia.org\/es\/cocemfe-valencia-continua-apostant-per-la-igualtat\/#primaryimage","url":"https:\/\/cocemfevalencia.org\/wp-content\/uploads\/2020\/10\/LOGOIGUALTAT2-1.png","contentUrl":"https:\/\/cocemfevalencia.org\/wp-content\/uploads\/2020\/10\/LOGOIGUALTAT2-1.png","width":500,"height":500},{"@type":"BreadcrumbList","@id":"https:\/\/cocemfevalencia.org\/es\/cocemfe-valencia-continua-apostant-per-la-igualtat\/#breadcrumb","itemListElement":[{"@type":"ListItem","position":1,"name":"Portada","item":"https:\/\/cocemfevalencia.org\/es\/"},{"@type":"ListItem","position":2,"name":"COCEMFE Val\u00e8ncia continua apostant per la Igualtat"}]},{"@type":"WebSite","@id":"https:\/\/cocemfevalencia.org\/es\/#website","url":"https:\/\/cocemfevalencia.org\/es\/","name":"Cocemfe Valencia","description":"FEDERACI\u00d3N DE ASOCIACIONES DE PERSONAS CON DISCAPACIDAD F\u00cdSICA Y ORG\u00c1NICA DE LA PROV\u00cdNCIA DE VALENCIA","publisher":{"@id":"https:\/\/cocemfevalencia.org\/es\/#organization"},"potentialAction":[{"@type":"SearchAction","target":{"@type":"EntryPoint","urlTemplate":"https:\/\/cocemfevalencia.org\/es\/?s={search_term_string}"},"query-input":{"@type":"PropertyValueSpecification","valueRequired":true,"valueName":"search_term_string"}}],"inLanguage":"es"},{"@type":"Organization","@id":"https:\/\/cocemfevalencia.org\/es\/#organization","name":"Cocemfe Valencia","url":"https:\/\/cocemfevalencia.org\/es\/","logo":{"@type":"ImageObject","inLanguage":"es","@id":"https:\/\/cocemfevalencia.org\/es\/#\/schema\/logo\/image\/","url":"https:\/\/cocemfevalencia.org\/wp-content\/uploads\/2023\/03\/0312-Horizontal-una-linea-larga-rgb-positivo-Tricolor.png","contentUrl":"https:\/\/cocemfevalencia.org\/wp-content\/uploads\/2023\/03\/0312-Horizontal-una-linea-larga-rgb-positivo-Tricolor.png","width":2334,"height":613,"caption":"Cocemfe Valencia"},"image":{"@id":"https:\/\/cocemfevalencia.org\/es\/#\/schema\/logo\/image\/"},"sameAs":["https:\/\/www.facebook.com\/cocemfe.valencia","https:\/\/x.com\/COCEMFEValencia"]},{"@type":"Person","@id":"https:\/\/cocemfevalencia.org\/es\/#\/schema\/person\/e31a24227ccbc918e2c80add51990ad7","name":"COCEMFE VALENCIA","image":{"@type":"ImageObject","inLanguage":"es","@id":"https:\/\/secure.gravatar.com\/avatar\/81dd2ced4591577d70433bbfde65ba3f931e09f5cb4ca8c890817c47789b47f0?s=96&d=mm&r=g","url":"https:\/\/secure.gravatar.com\/avatar\/81dd2ced4591577d70433bbfde65ba3f931e09f5cb4ca8c890817c47789b47f0?s=96&d=mm&r=g","contentUrl":"https:\/\/secure.gravatar.com\/avatar\/81dd2ced4591577d70433bbfde65ba3f931e09f5cb4ca8c890817c47789b47f0?s=96&d=mm&r=g","caption":"COCEMFE VALENCIA"}}]}},"_links":{"self":[{"href":"https:\/\/cocemfevalencia.org\/es\/wp-json\/wp\/v2\/posts\/4534","targetHints":{"allow":["GET"]}}],"collection":[{"href":"https:\/\/cocemfevalencia.org\/es\/wp-json\/wp\/v2\/posts"}],"about":[{"href":"https:\/\/cocemfevalencia.org\/es\/wp-json\/wp\/v2\/types\/post"}],"author":[{"embeddable":true,"href":"https:\/\/cocemfevalencia.org\/es\/wp-json\/wp\/v2\/users\/3"}],"replies":[{"embeddable":true,"href":"https:\/\/cocemfevalencia.org\/es\/wp-json\/wp\/v2\/comments?post=4534"}],"version-history":[{"count":0,"href":"https:\/\/cocemfevalencia.org\/es\/wp-json\/wp\/v2\/posts\/4534\/revisions"}],"wp:featuredmedia":[{"embeddable":true,"href":"https:\/\/cocemfevalencia.org\/es\/wp-json\/wp\/v2\/media\/4533"}],"wp:attachment":[{"href":"https:\/\/cocemfevalencia.org\/es\/wp-json\/wp\/v2\/media?parent=4534"}],"wp:term":[{"taxonomy":"category","embeddable":true,"href":"https:\/\/cocemfevalencia.org\/es\/wp-json\/wp\/v2\/categories?post=4534"},{"taxonomy":"post_tag","embeddable":true,"href":"https:\/\/cocemfevalencia.org\/es\/wp-json\/wp\/v2\/tags?post=4534"}],"curies":[{"name":"wp","href":"https:\/\/api.w.org\/{rel}","templated":true}]}}