{"id":4846,"date":"2021-01-29T15:13:26","date_gmt":"2021-01-29T13:13:26","guid":{"rendered":"http:\/\/cocemfevalencia.org\/?p=4846"},"modified":"2021-01-29T15:13:26","modified_gmt":"2021-01-29T13:13:26","slug":"lassociacio-de-polio-i-sindrome-post-polio-de-la-comunitat-valenciana-rep-el-premi-pel-canvi-social-del-festival-human-fest","status":"publish","type":"post","link":"https:\/\/cocemfevalencia.org\/es\/lassociacio-de-polio-i-sindrome-post-polio-de-la-comunitat-valenciana-rep-el-premi-pel-canvi-social-del-festival-human-fest\/","title":{"rendered":"L&#8217;Associaci\u00f3 de P\u00f2lio i S\u00edndrome Post-P\u00f2lio de la Comunitat Valenciana Rep el \u00abPremi pel Canvi Social\u00bb del Festival Human Fest"},"content":{"rendered":"\t\t<div data-elementor-type=\"wp-post\" data-elementor-id=\"4846\" class=\"elementor elementor-4846\" data-elementor-post-type=\"post\">\n\t\t\t\t\t\t<section class=\"elementor-section elementor-top-section elementor-element elementor-element-b392e57 elementor-section-boxed elementor-section-height-default elementor-section-height-default\" data-id=\"b392e57\" data-element_type=\"section\" data-e-type=\"section\">\n\t\t\t\t\t\t<div class=\"elementor-container elementor-column-gap-default\">\n\t\t\t\t\t<div class=\"elementor-column elementor-col-50 elementor-top-column elementor-element elementor-element-82e8215\" data-id=\"82e8215\" data-element_type=\"column\" data-e-type=\"column\">\n\t\t\t<div class=\"elementor-widget-wrap elementor-element-populated\">\n\t\t\t\t\t\t<div class=\"elementor-element elementor-element-cc2eb8d elementor-widget elementor-widget-image\" data-id=\"cc2eb8d\" data-element_type=\"widget\" data-e-type=\"widget\" data-widget_type=\"image.default\">\n\t\t\t\t<div class=\"elementor-widget-container\">\n\t\t\t\t\t\t\t\t\t\t\t\t\t\t\t<img fetchpriority=\"high\" decoding=\"async\" width=\"1024\" height=\"576\" src=\"https:\/\/cocemfevalencia.org\/wp-content\/uploads\/2021\/01\/WhatsApp-Image-2021-01-29-at-13.34.27-1024x576.jpeg\" class=\"attachment-large size-large wp-image-4847\" alt=\"\" srcset=\"https:\/\/cocemfevalencia.org\/wp-content\/uploads\/2021\/01\/WhatsApp-Image-2021-01-29-at-13.34.27-1024x576.jpeg 1024w, https:\/\/cocemfevalencia.org\/wp-content\/uploads\/2021\/01\/WhatsApp-Image-2021-01-29-at-13.34.27-300x169.jpeg 300w, https:\/\/cocemfevalencia.org\/wp-content\/uploads\/2021\/01\/WhatsApp-Image-2021-01-29-at-13.34.27-768x432.jpeg 768w, https:\/\/cocemfevalencia.org\/wp-content\/uploads\/2021\/01\/WhatsApp-Image-2021-01-29-at-13.34.27.jpeg 1489w\" sizes=\"(max-width: 1024px) 100vw, 1024px\" \/>\t\t\t\t\t\t\t\t\t\t\t\t\t\t\t<\/div>\n\t\t\t\t<\/div>\n\t\t\t\t\t<\/div>\n\t\t<\/div>\n\t\t\t\t<div class=\"elementor-column elementor-col-50 elementor-top-column elementor-element elementor-element-20373c2\" data-id=\"20373c2\" data-element_type=\"column\" data-e-type=\"column\">\n\t\t\t<div class=\"elementor-widget-wrap elementor-element-populated\">\n\t\t\t\t\t\t<div class=\"elementor-element elementor-element-3ba341a elementor-widget elementor-widget-text-editor\" data-id=\"3ba341a\" data-element_type=\"widget\" data-e-type=\"widget\" data-widget_type=\"text-editor.default\">\n\t\t\t\t<div class=\"elementor-widget-container\">\n\t\t\t\t\t\t\t\t\t<p>Val\u00e8ncia, 28 de gener de 2021<\/p><p>El Festival Internacional de Cinema I Drets Humans de Val\u00e8ncia, Humans Fest, celebra la seua XII edici\u00f3. La Filmoteca del Institut Valenci\u00e0 de Cultura ser\u00e0 la seu principal del Festival, organitzat per Fundaci\u00f3 per la Just\u00edcia, del 8 al 22 de febrer, per primera vegada, tindr\u00e0 una duraci\u00f3 de quinze dies, augmentant aix\u00ed el nombre d&#8217;activitats i projeccions, tant en l\u00ednia com presencials.<\/p><p><br \/>En una edici\u00f3 marcada pel lema \u2018Inf\u00e0ncia i joventut\u2019, el festival vol potenciar la participaci\u00f3 d&#8217;aquests, amb dues novetats: una selecci\u00f3 de Webseries de diferents pa\u00efsos, i la secci\u00f3 Gamers, dedicada a videojocs de tem\u00e0tica social i de drets humans.<br \/>Igualment, la inf\u00e0ncia i la joventut tindran un paper rellevant, i es tractaran tamb\u00e9, temes com els beb\u00e9s robats durant el franquisme, la diversitat en la inf\u00e0ncia de hui,o la situaci\u00f3 de la pobresa infantil a Espanya.<\/p>\t\t\t\t\t\t\t\t<\/div>\n\t\t\t\t<\/div>\n\t\t\t\t\t<\/div>\n\t\t<\/div>\n\t\t\t\t\t<\/div>\n\t\t<\/section>\n\t\t\t\t<section class=\"elementor-section elementor-top-section elementor-element elementor-element-20a1b9a elementor-section-boxed elementor-section-height-default elementor-section-height-default\" data-id=\"20a1b9a\" data-element_type=\"section\" data-e-type=\"section\">\n\t\t\t\t\t\t<div class=\"elementor-container elementor-column-gap-default\">\n\t\t\t\t\t<div class=\"elementor-column elementor-col-100 elementor-top-column elementor-element elementor-element-eb53ab8\" data-id=\"eb53ab8\" data-element_type=\"column\" data-e-type=\"column\">\n\t\t\t<div class=\"elementor-widget-wrap elementor-element-populated\">\n\t\t\t\t\t\t<div class=\"elementor-element elementor-element-1a5f8fa elementor-widget elementor-widget-text-editor\" data-id=\"1a5f8fa\" data-element_type=\"widget\" data-e-type=\"widget\" data-widget_type=\"text-editor.default\">\n\t\t\t\t<div class=\"elementor-widget-container\">\n\t\t\t\t\t\t\t\t\t<p>A m\u00e9s, per a incentivar la participaci\u00f3 dels joves, l&#8217;organitzaci\u00f3 entregar\u00e0 una menci\u00f3 honor\u00edfica al millor curt valenci\u00e0 realitzat per estudiants, fomentant aix\u00ed les produccions locals realitzades per joves.<\/p><p>Personalitats com Manuela Carmena, Baltasar Garz\u00f3n, Joaquim Bosh o Herv\u00e9 Falciani, a m\u00e9s de cineastes de tot el m\u00f3n, participaran en el festival amb m\u00e9s de deu debats en l\u00ednia, on es tractaran temes com la llibertat d&#8217;expressi\u00f3, les dones cineastes o la creaci\u00f3 art\u00edstica en temps de reclusi\u00f3.<\/p><p>En aquesta edici\u00f3, la Secci\u00f3 Oficial de Llargmetratges, inclou estrenes de les millors pel\u00b7l\u00edcules de contingut social dels \u00faltims anys, guardonades en els festivals m\u00e9s prestigiosos del m\u00f3n, com \u201cL&#8217;ocell pintat\u201d de V\u00e0clav Marhoul, \u201cTres estius\u201d de Sandra Kogut o els debuts en el llarg de Gael Garc\u00eda Bernal amb \u201cChicuarotes\u201d i Ai Weiwei amb \u201cVius\u201d.<\/p><p>Les seccions de curtmetratges i Humans VLC tamb\u00e9 podran veure&#8217;s en l\u00ednia, aix\u00ed com les projeccions especials i la secci\u00f3 1 Minut 1 Dret, dedicada als centres d&#8217;ensenyament, i que tindr\u00e0 un premi del p\u00fablic. En aquest sentit, a m\u00e9s, cineastes residents a Val\u00e8ncia com Octavio Guerra i Alberto Pla, han triat el Humans Fest per a l&#8217;estrena mundial de les seues \u00faltimes obres.<\/p><p>En l&#8217;apartat de premis i homenatges, es reconeixer\u00e0 la traject\u00f2ria i el comprom\u00eds social de Josefina Molina, amb el Premi Pau I Just\u00edcia., per convertir-se en la primera dona cineasta a Espanya que va dirigir una obra f\u00edlmica, en 1969.<\/p><p>I a l&#8217;Associaci\u00f3 de P\u00f2lio i S\u00edndrome Post-P\u00f2lio de la Comunitat Valenciana, amb el Premi pel Canvi Social, que porta lluitant des de fa molts anys, pel reconeixement de les v\u00edctimes, en un clar exemple de mem\u00f2ria hist\u00f2rica.<\/p><p>Jos\u00e9 Lu\u00eds Moreno, Director Adjunt d&#8217;audiovisuals i Cinematografia del Institut Valenci\u00e0 de cultura, ha destacat: \u201cagraeix l&#8217;esfor\u00e7 de Humans Fest per realitzar el festival de manera tamb\u00e9 presencial, i continuar donant suport a la cultura amb la seua realitzaci\u00f3\u201d.<\/p><p>El director del festival, Samuel Sebasti\u00e1n, per la seua part ha reconegut l&#8217;esfor\u00e7 de totes les entitats patrocinadores del festival en uns moments tan dif\u00edcils per a la cultura i a m\u00e9s ha destacat que s&#8217;ha preparat \u201cuna edici\u00f3 amb una gran qualitat en les projeccions per a fomentar que l&#8217;audi\u00e8ncia continue assistint a les activitats culturals i a m\u00e9s s&#8217;ha fomentat una gran quantitat de debats perqu\u00e8 en els temps en els quals vivim \u00e9s imprescindible fomentar el di\u00e0leg, la toler\u00e0ncia, el respecte i a m\u00e9s tenim el deure de con\u00e9ixer una gran quantitat de realitats pr\u00f2ximes que ara es troben invisibilitzades\u201d.<\/p><p>En aquesta edici\u00f3, The Music Republic, promotora l\u00edder a nivell nacional en l&#8217;organitzaci\u00f3 de concerts i festivals, s&#8217;ha encarregat de la imatge del festival, amb un llenguatge visual constru\u00eft amb formes geom\u00e8triques, que representa la inf\u00e0ncia i la joventut, amb una paleta crom\u00e0tica vibrant de 5 colors, fent refer\u00e8ncia als cinc continents, i en les quals els xiquets i les xiquetes desapareixen del cartell, amb l&#8217;\u00fas de textures i moviment que invisibilitzen les seues drets \u201cinf\u00e0ncies oblidades\u201d.<br \/>Finalment, els drets humans s\u00f3n una reivindicaci\u00f3 de tot l&#8217;any, i per aix\u00f2 Humans Fest ha apostat per continuar celebrant el Festival, complint amb totes les mesures de seguretat sanit\u00e0ries, com a mostra de resili\u00e8ncia i denunciant la vulnerabilitat dels drets de les persones, tamb\u00e9 en temps de pand\u00e8mia.<\/p><p>El Festival compta amb el suport de 116 persones volunt\u00e0ries i m\u00e9s de170 entitats socials col\u00b7laboradores.<\/p><p><b>Nota de Premsa. Festival Human Fest<\/b><\/p>\t\t\t\t\t\t\t\t<\/div>\n\t\t\t\t<\/div>\n\t\t\t\t\t<\/div>\n\t\t<\/div>\n\t\t\t\t\t<\/div>\n\t\t<\/section>\n\t\t\t\t<\/div>\n\t\t<p>Visitas: 2<\/p>","protected":false},"excerpt":{"rendered":"<p>Val\u00e8ncia, 28 de gener de 2021 El Festival Internacional de Cinema I Drets Humans de Val\u00e8ncia, Humans Fest, celebra la seua XII edici\u00f3. La Filmoteca del Institut Valenci\u00e0 de Cultura ser\u00e0 la seu principal del Festival, organitzat per Fundaci\u00f3 per la Just\u00edcia, del 8 al 22 de febrer, per primera vegada, tindr\u00e0 una duraci\u00f3 de&hellip;&nbsp;<a href=\"https:\/\/cocemfevalencia.org\/es\/lassociacio-de-polio-i-sindrome-post-polio-de-la-comunitat-valenciana-rep-el-premi-pel-canvi-social-del-festival-human-fest\/\" rel=\"bookmark\">Leer m\u00e1s &raquo;<span class=\"screen-reader-text\">L&#8217;Associaci\u00f3 de P\u00f2lio i S\u00edndrome Post-P\u00f2lio de la Comunitat Valenciana Rep el \u00abPremi pel Canvi Social\u00bb del Festival Human Fest<\/span><\/a><\/p>\n","protected":false},"author":3,"featured_media":4847,"comment_status":"closed","ping_status":"closed","sticky":false,"template":"","format":"standard","meta":{"rop_custom_images_group":[],"rop_custom_messages_group":[],"rop_publish_now":"initial","rop_publish_now_accounts":[],"rop_publish_now_history":[],"rop_publish_now_status":"pending","neve_meta_sidebar":"","neve_meta_container":"","neve_meta_enable_content_width":"","neve_meta_content_width":0,"neve_meta_title_alignment":"","neve_meta_author_avatar":"","neve_post_elements_order":"","neve_meta_disable_header":"","neve_meta_disable_footer":"","neve_meta_disable_title":"","footnotes":""},"categories":[5],"tags":[],"class_list":["post-4846","post","type-post","status-publish","format-standard","has-post-thumbnail","hentry","category-noticias"],"yoast_head":"<!-- This site is optimized with the Yoast SEO plugin v27.3 - https:\/\/yoast.com\/product\/yoast-seo-wordpress\/ -->\n<title>L&#039;Associaci\u00f3 de P\u00f2lio i S\u00edndrome Post-P\u00f2lio de la Comunitat Valenciana Rep el &quot;Premi pel Canvi Social&quot; del Festival Human Fest - Cocemfe Valencia<\/title>\n<meta name=\"robots\" content=\"index, follow, max-snippet:-1, max-image-preview:large, max-video-preview:-1\" \/>\n<link rel=\"canonical\" href=\"https:\/\/cocemfevalencia.org\/es\/lassociacio-de-polio-i-sindrome-post-polio-de-la-comunitat-valenciana-rep-el-premi-pel-canvi-social-del-festival-human-fest\/\" \/>\n<meta property=\"og:locale\" content=\"es_ES\" \/>\n<meta property=\"og:type\" content=\"article\" \/>\n<meta property=\"og:title\" content=\"L&#039;Associaci\u00f3 de P\u00f2lio i S\u00edndrome Post-P\u00f2lio de la Comunitat Valenciana Rep el &quot;Premi pel Canvi Social&quot; del Festival Human Fest - Cocemfe Valencia\" \/>\n<meta property=\"og:description\" content=\"Val\u00e8ncia, 28 de gener de 2021 El Festival Internacional de Cinema I Drets Humans de Val\u00e8ncia, Humans Fest, celebra la seua XII edici\u00f3. La Filmoteca del Institut Valenci\u00e0 de Cultura ser\u00e0 la seu principal del Festival, organitzat per Fundaci\u00f3 per la Just\u00edcia, del 8 al 22 de febrer, per primera vegada, tindr\u00e0 una duraci\u00f3 de&hellip;&nbsp;Leer m\u00e1s &raquo;L&#8217;Associaci\u00f3 de P\u00f2lio i S\u00edndrome Post-P\u00f2lio de la Comunitat Valenciana Rep el \u00abPremi pel Canvi Social\u00bb del Festival Human Fest\" \/>\n<meta property=\"og:url\" content=\"https:\/\/cocemfevalencia.org\/es\/lassociacio-de-polio-i-sindrome-post-polio-de-la-comunitat-valenciana-rep-el-premi-pel-canvi-social-del-festival-human-fest\/\" \/>\n<meta property=\"og:site_name\" content=\"Cocemfe Valencia\" \/>\n<meta property=\"article:publisher\" content=\"https:\/\/www.facebook.com\/cocemfe.valencia\" \/>\n<meta property=\"article:published_time\" content=\"2021-01-29T13:13:26+00:00\" \/>\n<meta property=\"og:image\" content=\"https:\/\/cocemfevalencia.org\/wp-content\/uploads\/2021\/01\/WhatsApp-Image-2021-01-29-at-13.34.27.jpeg\" \/>\n\t<meta property=\"og:image:width\" content=\"1489\" \/>\n\t<meta property=\"og:image:height\" content=\"838\" \/>\n\t<meta property=\"og:image:type\" content=\"image\/jpeg\" \/>\n<meta name=\"author\" content=\"COCEMFE VALENCIA\" \/>\n<meta name=\"twitter:card\" content=\"summary_large_image\" \/>\n<meta name=\"twitter:creator\" content=\"@COCEMFEValencia\" \/>\n<meta name=\"twitter:site\" content=\"@COCEMFEValencia\" \/>\n<meta name=\"twitter:label1\" content=\"Escrito por\" \/>\n\t<meta name=\"twitter:data1\" content=\"COCEMFE VALENCIA\" \/>\n\t<meta name=\"twitter:label2\" content=\"Tiempo de lectura\" \/>\n\t<meta name=\"twitter:data2\" content=\"4 minutos\" \/>\n<script type=\"application\/ld+json\" class=\"yoast-schema-graph\">{\"@context\":\"https:\\\/\\\/schema.org\",\"@graph\":[{\"@type\":\"Article\",\"@id\":\"https:\\\/\\\/cocemfevalencia.org\\\/es\\\/lassociacio-de-polio-i-sindrome-post-polio-de-la-comunitat-valenciana-rep-el-premi-pel-canvi-social-del-festival-human-fest\\\/#article\",\"isPartOf\":{\"@id\":\"https:\\\/\\\/cocemfevalencia.org\\\/es\\\/lassociacio-de-polio-i-sindrome-post-polio-de-la-comunitat-valenciana-rep-el-premi-pel-canvi-social-del-festival-human-fest\\\/\"},\"author\":{\"name\":\"COCEMFE VALENCIA\",\"@id\":\"https:\\\/\\\/cocemfevalencia.org\\\/es\\\/#\\\/schema\\\/person\\\/e31a24227ccbc918e2c80add51990ad7\"},\"headline\":\"L&#8217;Associaci\u00f3 de P\u00f2lio i S\u00edndrome Post-P\u00f2lio de la Comunitat Valenciana Rep el \u00abPremi pel Canvi Social\u00bb del Festival Human Fest\",\"datePublished\":\"2021-01-29T13:13:26+00:00\",\"mainEntityOfPage\":{\"@id\":\"https:\\\/\\\/cocemfevalencia.org\\\/es\\\/lassociacio-de-polio-i-sindrome-post-polio-de-la-comunitat-valenciana-rep-el-premi-pel-canvi-social-del-festival-human-fest\\\/\"},\"wordCount\":791,\"publisher\":{\"@id\":\"https:\\\/\\\/cocemfevalencia.org\\\/es\\\/#organization\"},\"image\":{\"@id\":\"https:\\\/\\\/cocemfevalencia.org\\\/es\\\/lassociacio-de-polio-i-sindrome-post-polio-de-la-comunitat-valenciana-rep-el-premi-pel-canvi-social-del-festival-human-fest\\\/#primaryimage\"},\"thumbnailUrl\":\"https:\\\/\\\/cocemfevalencia.org\\\/wp-content\\\/uploads\\\/2021\\\/01\\\/WhatsApp-Image-2021-01-29-at-13.34.27.jpeg\",\"articleSection\":[\"Not\u00edcies\"],\"inLanguage\":\"es\"},{\"@type\":\"WebPage\",\"@id\":\"https:\\\/\\\/cocemfevalencia.org\\\/es\\\/lassociacio-de-polio-i-sindrome-post-polio-de-la-comunitat-valenciana-rep-el-premi-pel-canvi-social-del-festival-human-fest\\\/\",\"url\":\"https:\\\/\\\/cocemfevalencia.org\\\/es\\\/lassociacio-de-polio-i-sindrome-post-polio-de-la-comunitat-valenciana-rep-el-premi-pel-canvi-social-del-festival-human-fest\\\/\",\"name\":\"L'Associaci\u00f3 de P\u00f2lio i S\u00edndrome Post-P\u00f2lio de la Comunitat Valenciana Rep el \\\"Premi pel Canvi Social\\\" del Festival Human Fest - Cocemfe Valencia\",\"isPartOf\":{\"@id\":\"https:\\\/\\\/cocemfevalencia.org\\\/es\\\/#website\"},\"primaryImageOfPage\":{\"@id\":\"https:\\\/\\\/cocemfevalencia.org\\\/es\\\/lassociacio-de-polio-i-sindrome-post-polio-de-la-comunitat-valenciana-rep-el-premi-pel-canvi-social-del-festival-human-fest\\\/#primaryimage\"},\"image\":{\"@id\":\"https:\\\/\\\/cocemfevalencia.org\\\/es\\\/lassociacio-de-polio-i-sindrome-post-polio-de-la-comunitat-valenciana-rep-el-premi-pel-canvi-social-del-festival-human-fest\\\/#primaryimage\"},\"thumbnailUrl\":\"https:\\\/\\\/cocemfevalencia.org\\\/wp-content\\\/uploads\\\/2021\\\/01\\\/WhatsApp-Image-2021-01-29-at-13.34.27.jpeg\",\"datePublished\":\"2021-01-29T13:13:26+00:00\",\"breadcrumb\":{\"@id\":\"https:\\\/\\\/cocemfevalencia.org\\\/es\\\/lassociacio-de-polio-i-sindrome-post-polio-de-la-comunitat-valenciana-rep-el-premi-pel-canvi-social-del-festival-human-fest\\\/#breadcrumb\"},\"inLanguage\":\"es\",\"potentialAction\":[{\"@type\":\"ReadAction\",\"target\":[\"https:\\\/\\\/cocemfevalencia.org\\\/es\\\/lassociacio-de-polio-i-sindrome-post-polio-de-la-comunitat-valenciana-rep-el-premi-pel-canvi-social-del-festival-human-fest\\\/\"]}]},{\"@type\":\"ImageObject\",\"inLanguage\":\"es\",\"@id\":\"https:\\\/\\\/cocemfevalencia.org\\\/es\\\/lassociacio-de-polio-i-sindrome-post-polio-de-la-comunitat-valenciana-rep-el-premi-pel-canvi-social-del-festival-human-fest\\\/#primaryimage\",\"url\":\"https:\\\/\\\/cocemfevalencia.org\\\/wp-content\\\/uploads\\\/2021\\\/01\\\/WhatsApp-Image-2021-01-29-at-13.34.27.jpeg\",\"contentUrl\":\"https:\\\/\\\/cocemfevalencia.org\\\/wp-content\\\/uploads\\\/2021\\\/01\\\/WhatsApp-Image-2021-01-29-at-13.34.27.jpeg\",\"width\":1489,\"height\":838},{\"@type\":\"BreadcrumbList\",\"@id\":\"https:\\\/\\\/cocemfevalencia.org\\\/es\\\/lassociacio-de-polio-i-sindrome-post-polio-de-la-comunitat-valenciana-rep-el-premi-pel-canvi-social-del-festival-human-fest\\\/#breadcrumb\",\"itemListElement\":[{\"@type\":\"ListItem\",\"position\":1,\"name\":\"Portada\",\"item\":\"https:\\\/\\\/cocemfevalencia.org\\\/es\\\/\"},{\"@type\":\"ListItem\",\"position\":2,\"name\":\"L&#8217;Associaci\u00f3 de P\u00f2lio i S\u00edndrome Post-P\u00f2lio de la Comunitat Valenciana Rep el &#8220;Premi pel Canvi Social&#8221; del Festival Human Fest\"}]},{\"@type\":\"WebSite\",\"@id\":\"https:\\\/\\\/cocemfevalencia.org\\\/es\\\/#website\",\"url\":\"https:\\\/\\\/cocemfevalencia.org\\\/es\\\/\",\"name\":\"Cocemfe Valencia\",\"description\":\"FEDERACI\u00d3N DE ASOCIACIONES DE PERSONAS CON DISCAPACIDAD F\u00cdSICA Y ORG\u00c1NICA DE LA PROV\u00cdNCIA DE VALENCIA\",\"publisher\":{\"@id\":\"https:\\\/\\\/cocemfevalencia.org\\\/es\\\/#organization\"},\"potentialAction\":[{\"@type\":\"SearchAction\",\"target\":{\"@type\":\"EntryPoint\",\"urlTemplate\":\"https:\\\/\\\/cocemfevalencia.org\\\/es\\\/?s={search_term_string}\"},\"query-input\":{\"@type\":\"PropertyValueSpecification\",\"valueRequired\":true,\"valueName\":\"search_term_string\"}}],\"inLanguage\":\"es\"},{\"@type\":\"Organization\",\"@id\":\"https:\\\/\\\/cocemfevalencia.org\\\/es\\\/#organization\",\"name\":\"Cocemfe Valencia\",\"url\":\"https:\\\/\\\/cocemfevalencia.org\\\/es\\\/\",\"logo\":{\"@type\":\"ImageObject\",\"inLanguage\":\"es\",\"@id\":\"https:\\\/\\\/cocemfevalencia.org\\\/es\\\/#\\\/schema\\\/logo\\\/image\\\/\",\"url\":\"https:\\\/\\\/cocemfevalencia.org\\\/wp-content\\\/uploads\\\/2023\\\/03\\\/0312-Horizontal-una-linea-larga-rgb-positivo-Tricolor.png\",\"contentUrl\":\"https:\\\/\\\/cocemfevalencia.org\\\/wp-content\\\/uploads\\\/2023\\\/03\\\/0312-Horizontal-una-linea-larga-rgb-positivo-Tricolor.png\",\"width\":2334,\"height\":613,\"caption\":\"Cocemfe Valencia\"},\"image\":{\"@id\":\"https:\\\/\\\/cocemfevalencia.org\\\/es\\\/#\\\/schema\\\/logo\\\/image\\\/\"},\"sameAs\":[\"https:\\\/\\\/www.facebook.com\\\/cocemfe.valencia\",\"https:\\\/\\\/x.com\\\/COCEMFEValencia\"]},{\"@type\":\"Person\",\"@id\":\"https:\\\/\\\/cocemfevalencia.org\\\/es\\\/#\\\/schema\\\/person\\\/e31a24227ccbc918e2c80add51990ad7\",\"name\":\"COCEMFE VALENCIA\",\"image\":{\"@type\":\"ImageObject\",\"inLanguage\":\"es\",\"@id\":\"https:\\\/\\\/secure.gravatar.com\\\/avatar\\\/81dd2ced4591577d70433bbfde65ba3f931e09f5cb4ca8c890817c47789b47f0?s=96&d=mm&r=g\",\"url\":\"https:\\\/\\\/secure.gravatar.com\\\/avatar\\\/81dd2ced4591577d70433bbfde65ba3f931e09f5cb4ca8c890817c47789b47f0?s=96&d=mm&r=g\",\"contentUrl\":\"https:\\\/\\\/secure.gravatar.com\\\/avatar\\\/81dd2ced4591577d70433bbfde65ba3f931e09f5cb4ca8c890817c47789b47f0?s=96&d=mm&r=g\",\"caption\":\"COCEMFE VALENCIA\"}}]}<\/script>\n<!-- \/ Yoast SEO plugin. -->","yoast_head_json":{"title":"L'Associaci\u00f3 de P\u00f2lio i S\u00edndrome Post-P\u00f2lio de la Comunitat Valenciana Rep el \"Premi pel Canvi Social\" del Festival Human Fest - Cocemfe Valencia","robots":{"index":"index","follow":"follow","max-snippet":"max-snippet:-1","max-image-preview":"max-image-preview:large","max-video-preview":"max-video-preview:-1"},"canonical":"https:\/\/cocemfevalencia.org\/es\/lassociacio-de-polio-i-sindrome-post-polio-de-la-comunitat-valenciana-rep-el-premi-pel-canvi-social-del-festival-human-fest\/","og_locale":"es_ES","og_type":"article","og_title":"L'Associaci\u00f3 de P\u00f2lio i S\u00edndrome Post-P\u00f2lio de la Comunitat Valenciana Rep el \"Premi pel Canvi Social\" del Festival Human Fest - Cocemfe Valencia","og_description":"Val\u00e8ncia, 28 de gener de 2021 El Festival Internacional de Cinema I Drets Humans de Val\u00e8ncia, Humans Fest, celebra la seua XII edici\u00f3. La Filmoteca del Institut Valenci\u00e0 de Cultura ser\u00e0 la seu principal del Festival, organitzat per Fundaci\u00f3 per la Just\u00edcia, del 8 al 22 de febrer, per primera vegada, tindr\u00e0 una duraci\u00f3 de&hellip;&nbsp;Leer m\u00e1s &raquo;L&#8217;Associaci\u00f3 de P\u00f2lio i S\u00edndrome Post-P\u00f2lio de la Comunitat Valenciana Rep el \u00abPremi pel Canvi Social\u00bb del Festival Human Fest","og_url":"https:\/\/cocemfevalencia.org\/es\/lassociacio-de-polio-i-sindrome-post-polio-de-la-comunitat-valenciana-rep-el-premi-pel-canvi-social-del-festival-human-fest\/","og_site_name":"Cocemfe Valencia","article_publisher":"https:\/\/www.facebook.com\/cocemfe.valencia","article_published_time":"2021-01-29T13:13:26+00:00","og_image":[{"width":1489,"height":838,"url":"https:\/\/cocemfevalencia.org\/wp-content\/uploads\/2021\/01\/WhatsApp-Image-2021-01-29-at-13.34.27.jpeg","type":"image\/jpeg"}],"author":"COCEMFE VALENCIA","twitter_card":"summary_large_image","twitter_creator":"@COCEMFEValencia","twitter_site":"@COCEMFEValencia","twitter_misc":{"Escrito por":"COCEMFE VALENCIA","Tiempo de lectura":"4 minutos"},"schema":{"@context":"https:\/\/schema.org","@graph":[{"@type":"Article","@id":"https:\/\/cocemfevalencia.org\/es\/lassociacio-de-polio-i-sindrome-post-polio-de-la-comunitat-valenciana-rep-el-premi-pel-canvi-social-del-festival-human-fest\/#article","isPartOf":{"@id":"https:\/\/cocemfevalencia.org\/es\/lassociacio-de-polio-i-sindrome-post-polio-de-la-comunitat-valenciana-rep-el-premi-pel-canvi-social-del-festival-human-fest\/"},"author":{"name":"COCEMFE VALENCIA","@id":"https:\/\/cocemfevalencia.org\/es\/#\/schema\/person\/e31a24227ccbc918e2c80add51990ad7"},"headline":"L&#8217;Associaci\u00f3 de P\u00f2lio i S\u00edndrome Post-P\u00f2lio de la Comunitat Valenciana Rep el \u00abPremi pel Canvi Social\u00bb del Festival Human Fest","datePublished":"2021-01-29T13:13:26+00:00","mainEntityOfPage":{"@id":"https:\/\/cocemfevalencia.org\/es\/lassociacio-de-polio-i-sindrome-post-polio-de-la-comunitat-valenciana-rep-el-premi-pel-canvi-social-del-festival-human-fest\/"},"wordCount":791,"publisher":{"@id":"https:\/\/cocemfevalencia.org\/es\/#organization"},"image":{"@id":"https:\/\/cocemfevalencia.org\/es\/lassociacio-de-polio-i-sindrome-post-polio-de-la-comunitat-valenciana-rep-el-premi-pel-canvi-social-del-festival-human-fest\/#primaryimage"},"thumbnailUrl":"https:\/\/cocemfevalencia.org\/wp-content\/uploads\/2021\/01\/WhatsApp-Image-2021-01-29-at-13.34.27.jpeg","articleSection":["Not\u00edcies"],"inLanguage":"es"},{"@type":"WebPage","@id":"https:\/\/cocemfevalencia.org\/es\/lassociacio-de-polio-i-sindrome-post-polio-de-la-comunitat-valenciana-rep-el-premi-pel-canvi-social-del-festival-human-fest\/","url":"https:\/\/cocemfevalencia.org\/es\/lassociacio-de-polio-i-sindrome-post-polio-de-la-comunitat-valenciana-rep-el-premi-pel-canvi-social-del-festival-human-fest\/","name":"L'Associaci\u00f3 de P\u00f2lio i S\u00edndrome Post-P\u00f2lio de la Comunitat Valenciana Rep el \"Premi pel Canvi Social\" del Festival Human Fest - Cocemfe Valencia","isPartOf":{"@id":"https:\/\/cocemfevalencia.org\/es\/#website"},"primaryImageOfPage":{"@id":"https:\/\/cocemfevalencia.org\/es\/lassociacio-de-polio-i-sindrome-post-polio-de-la-comunitat-valenciana-rep-el-premi-pel-canvi-social-del-festival-human-fest\/#primaryimage"},"image":{"@id":"https:\/\/cocemfevalencia.org\/es\/lassociacio-de-polio-i-sindrome-post-polio-de-la-comunitat-valenciana-rep-el-premi-pel-canvi-social-del-festival-human-fest\/#primaryimage"},"thumbnailUrl":"https:\/\/cocemfevalencia.org\/wp-content\/uploads\/2021\/01\/WhatsApp-Image-2021-01-29-at-13.34.27.jpeg","datePublished":"2021-01-29T13:13:26+00:00","breadcrumb":{"@id":"https:\/\/cocemfevalencia.org\/es\/lassociacio-de-polio-i-sindrome-post-polio-de-la-comunitat-valenciana-rep-el-premi-pel-canvi-social-del-festival-human-fest\/#breadcrumb"},"inLanguage":"es","potentialAction":[{"@type":"ReadAction","target":["https:\/\/cocemfevalencia.org\/es\/lassociacio-de-polio-i-sindrome-post-polio-de-la-comunitat-valenciana-rep-el-premi-pel-canvi-social-del-festival-human-fest\/"]}]},{"@type":"ImageObject","inLanguage":"es","@id":"https:\/\/cocemfevalencia.org\/es\/lassociacio-de-polio-i-sindrome-post-polio-de-la-comunitat-valenciana-rep-el-premi-pel-canvi-social-del-festival-human-fest\/#primaryimage","url":"https:\/\/cocemfevalencia.org\/wp-content\/uploads\/2021\/01\/WhatsApp-Image-2021-01-29-at-13.34.27.jpeg","contentUrl":"https:\/\/cocemfevalencia.org\/wp-content\/uploads\/2021\/01\/WhatsApp-Image-2021-01-29-at-13.34.27.jpeg","width":1489,"height":838},{"@type":"BreadcrumbList","@id":"https:\/\/cocemfevalencia.org\/es\/lassociacio-de-polio-i-sindrome-post-polio-de-la-comunitat-valenciana-rep-el-premi-pel-canvi-social-del-festival-human-fest\/#breadcrumb","itemListElement":[{"@type":"ListItem","position":1,"name":"Portada","item":"https:\/\/cocemfevalencia.org\/es\/"},{"@type":"ListItem","position":2,"name":"L&#8217;Associaci\u00f3 de P\u00f2lio i S\u00edndrome Post-P\u00f2lio de la Comunitat Valenciana Rep el &#8220;Premi pel Canvi Social&#8221; del Festival Human Fest"}]},{"@type":"WebSite","@id":"https:\/\/cocemfevalencia.org\/es\/#website","url":"https:\/\/cocemfevalencia.org\/es\/","name":"Cocemfe Valencia","description":"FEDERACI\u00d3N DE ASOCIACIONES DE PERSONAS CON DISCAPACIDAD F\u00cdSICA Y ORG\u00c1NICA DE LA PROV\u00cdNCIA DE VALENCIA","publisher":{"@id":"https:\/\/cocemfevalencia.org\/es\/#organization"},"potentialAction":[{"@type":"SearchAction","target":{"@type":"EntryPoint","urlTemplate":"https:\/\/cocemfevalencia.org\/es\/?s={search_term_string}"},"query-input":{"@type":"PropertyValueSpecification","valueRequired":true,"valueName":"search_term_string"}}],"inLanguage":"es"},{"@type":"Organization","@id":"https:\/\/cocemfevalencia.org\/es\/#organization","name":"Cocemfe Valencia","url":"https:\/\/cocemfevalencia.org\/es\/","logo":{"@type":"ImageObject","inLanguage":"es","@id":"https:\/\/cocemfevalencia.org\/es\/#\/schema\/logo\/image\/","url":"https:\/\/cocemfevalencia.org\/wp-content\/uploads\/2023\/03\/0312-Horizontal-una-linea-larga-rgb-positivo-Tricolor.png","contentUrl":"https:\/\/cocemfevalencia.org\/wp-content\/uploads\/2023\/03\/0312-Horizontal-una-linea-larga-rgb-positivo-Tricolor.png","width":2334,"height":613,"caption":"Cocemfe Valencia"},"image":{"@id":"https:\/\/cocemfevalencia.org\/es\/#\/schema\/logo\/image\/"},"sameAs":["https:\/\/www.facebook.com\/cocemfe.valencia","https:\/\/x.com\/COCEMFEValencia"]},{"@type":"Person","@id":"https:\/\/cocemfevalencia.org\/es\/#\/schema\/person\/e31a24227ccbc918e2c80add51990ad7","name":"COCEMFE VALENCIA","image":{"@type":"ImageObject","inLanguage":"es","@id":"https:\/\/secure.gravatar.com\/avatar\/81dd2ced4591577d70433bbfde65ba3f931e09f5cb4ca8c890817c47789b47f0?s=96&d=mm&r=g","url":"https:\/\/secure.gravatar.com\/avatar\/81dd2ced4591577d70433bbfde65ba3f931e09f5cb4ca8c890817c47789b47f0?s=96&d=mm&r=g","contentUrl":"https:\/\/secure.gravatar.com\/avatar\/81dd2ced4591577d70433bbfde65ba3f931e09f5cb4ca8c890817c47789b47f0?s=96&d=mm&r=g","caption":"COCEMFE VALENCIA"}}]}},"_links":{"self":[{"href":"https:\/\/cocemfevalencia.org\/es\/wp-json\/wp\/v2\/posts\/4846","targetHints":{"allow":["GET"]}}],"collection":[{"href":"https:\/\/cocemfevalencia.org\/es\/wp-json\/wp\/v2\/posts"}],"about":[{"href":"https:\/\/cocemfevalencia.org\/es\/wp-json\/wp\/v2\/types\/post"}],"author":[{"embeddable":true,"href":"https:\/\/cocemfevalencia.org\/es\/wp-json\/wp\/v2\/users\/3"}],"replies":[{"embeddable":true,"href":"https:\/\/cocemfevalencia.org\/es\/wp-json\/wp\/v2\/comments?post=4846"}],"version-history":[{"count":0,"href":"https:\/\/cocemfevalencia.org\/es\/wp-json\/wp\/v2\/posts\/4846\/revisions"}],"wp:featuredmedia":[{"embeddable":true,"href":"https:\/\/cocemfevalencia.org\/es\/wp-json\/wp\/v2\/media\/4847"}],"wp:attachment":[{"href":"https:\/\/cocemfevalencia.org\/es\/wp-json\/wp\/v2\/media?parent=4846"}],"wp:term":[{"taxonomy":"category","embeddable":true,"href":"https:\/\/cocemfevalencia.org\/es\/wp-json\/wp\/v2\/categories?post=4846"},{"taxonomy":"post_tag","embeddable":true,"href":"https:\/\/cocemfevalencia.org\/es\/wp-json\/wp\/v2\/tags?post=4846"}],"curies":[{"name":"wp","href":"https:\/\/api.w.org\/{rel}","templated":true}]}}