{"id":4855,"date":"2021-02-01T14:39:42","date_gmt":"2021-02-01T12:39:42","guid":{"rendered":"http:\/\/cocemfevalencia.org\/?p=4855"},"modified":"2021-02-01T14:39:42","modified_gmt":"2021-02-01T12:39:42","slug":"reunio-per-a-avaluar-el-projecte-pilot-cocemfe-valencia-en-ruta-foia-de-bunol-chiva","status":"publish","type":"post","link":"https:\/\/cocemfevalencia.org\/es\/reunio-per-a-avaluar-el-projecte-pilot-cocemfe-valencia-en-ruta-foia-de-bunol-chiva\/","title":{"rendered":"Reuni\u00f3 per a avaluar el projecte pilot \u00abCOCEMFE Val\u00e8ncia en ruta\u00bb Foia de Bu\u00f1ol &#8211; Chiva"},"content":{"rendered":"\t\t<div data-elementor-type=\"wp-post\" data-elementor-id=\"4855\" class=\"elementor elementor-4855\" data-elementor-post-type=\"post\">\n\t\t\t\t\t\t<section class=\"elementor-section elementor-top-section elementor-element elementor-element-c75130b elementor-section-boxed elementor-section-height-default elementor-section-height-default\" data-id=\"c75130b\" data-element_type=\"section\" data-e-type=\"section\">\n\t\t\t\t\t\t<div class=\"elementor-container elementor-column-gap-default\">\n\t\t\t\t\t<div class=\"elementor-column elementor-col-50 elementor-top-column elementor-element elementor-element-a1e67a4\" data-id=\"a1e67a4\" data-element_type=\"column\" data-e-type=\"column\">\n\t\t\t<div class=\"elementor-widget-wrap elementor-element-populated\">\n\t\t\t\t\t\t<div class=\"elementor-element elementor-element-182b82f elementor-widget elementor-widget-image\" data-id=\"182b82f\" data-element_type=\"widget\" data-e-type=\"widget\" data-widget_type=\"image.default\">\n\t\t\t\t<div class=\"elementor-widget-container\">\n\t\t\t\t\t\t\t\t\t\t\t\t\t\t\t<img fetchpriority=\"high\" decoding=\"async\" width=\"1024\" height=\"425\" src=\"https:\/\/cocemfevalencia.org\/wp-content\/uploads\/2021\/02\/reunionruta-1024x425.png\" class=\"attachment-large size-large wp-image-4856\" alt=\"\" srcset=\"https:\/\/cocemfevalencia.org\/wp-content\/uploads\/2021\/02\/reunionruta-1024x425.png 1024w, https:\/\/cocemfevalencia.org\/wp-content\/uploads\/2021\/02\/reunionruta-300x125.png 300w, https:\/\/cocemfevalencia.org\/wp-content\/uploads\/2021\/02\/reunionruta-768x319.png 768w, https:\/\/cocemfevalencia.org\/wp-content\/uploads\/2021\/02\/reunionruta.png 1365w\" sizes=\"(max-width: 1024px) 100vw, 1024px\" \/>\t\t\t\t\t\t\t\t\t\t\t\t\t\t\t<\/div>\n\t\t\t\t<\/div>\n\t\t\t\t\t<\/div>\n\t\t<\/div>\n\t\t\t\t<div class=\"elementor-column elementor-col-50 elementor-top-column elementor-element elementor-element-c2915b4\" data-id=\"c2915b4\" data-element_type=\"column\" data-e-type=\"column\">\n\t\t\t<div class=\"elementor-widget-wrap elementor-element-populated\">\n\t\t\t\t\t\t<div class=\"elementor-element elementor-element-ff4f0da elementor-widget elementor-widget-text-editor\" data-id=\"ff4f0da\" data-element_type=\"widget\" data-e-type=\"widget\" data-widget_type=\"text-editor.default\">\n\t\t\t\t<div class=\"elementor-widget-container\">\n\t\t\t\t\t\t\t\t\t<p>Aquest mat\u00ed s&#8217;ha realitzat una reuni\u00f3 a trav\u00e9s de videoconfer\u00e8ncia per a avaluar el projecte \u00abCOCEMFE Val\u00e8ncia en ruta\u00bb Foia de Bu\u00f1ol &#8211; Chiva. A la reuni\u00f3 han assistit els representants de COCEMFE Val\u00e8ncia, Pascual Castell\u00f3 com a president i Ezequiel Ruiz, vicepresident i responsable de l&#8217;\u00e0rea d&#8217;ocupaci\u00f3. Per part de la Mancomunitat ha participat Miguel T\u00f3rtola, president de la mancomunitat i l&#8217;equip t\u00e8cnic de totes dues entitats que han col\u00b7laborat aquest \u00faltim any perqu\u00e8 el projecte f\u00f3ra una realitat.<\/p>\t\t\t\t\t\t\t\t<\/div>\n\t\t\t\t<\/div>\n\t\t\t\t\t<\/div>\n\t\t<\/div>\n\t\t\t\t\t<\/div>\n\t\t<\/section>\n\t\t\t\t<section class=\"elementor-section elementor-top-section elementor-element elementor-element-4a70fc8 elementor-section-boxed elementor-section-height-default elementor-section-height-default\" data-id=\"4a70fc8\" data-element_type=\"section\" data-e-type=\"section\">\n\t\t\t\t\t\t<div class=\"elementor-container elementor-column-gap-default\">\n\t\t\t\t\t<div class=\"elementor-column elementor-col-100 elementor-top-column elementor-element elementor-element-d136d91\" data-id=\"d136d91\" data-element_type=\"column\" data-e-type=\"column\">\n\t\t\t<div class=\"elementor-widget-wrap elementor-element-populated\">\n\t\t\t\t\t\t<div class=\"elementor-element elementor-element-a9c41e6 elementor-widget elementor-widget-text-editor\" data-id=\"a9c41e6\" data-element_type=\"widget\" data-e-type=\"widget\" data-widget_type=\"text-editor.default\">\n\t\t\t\t<div class=\"elementor-widget-container\">\n\t\t\t\t\t\t\t\t\t<p>COCEMFE Val\u00e8ncia en ruta \u00e9s un servei Itinerant d&#8217;atenci\u00f3 integral per a Persones amb Discapacitat, on s&#8217;han realitzat accions d&#8217;orientaci\u00f3 laboral, inscripci\u00f3 a la borsa d&#8217;ocupaci\u00f3 de l&#8217;entitat i itineraris individualitzats a persones residents en la Foia de Bu\u00f1ol. D&#8217;altra banda, s&#8217;ha contactat amb el teixit empresarial de la zona per a facilitar l&#8217;acc\u00e9s a una ocupaci\u00f3 digna a les persones amb discapacitat ateses.<\/p><p>Malgrat l&#8217;any complicat que s&#8217;ha viscut s&#8217;ha destacat en la reuni\u00f3 els resultats obtinguts. S&#8217;ha donat assessorament i orientaci\u00f3 laboral a 28 ve\u00efns i ve\u00efnes de la Mancomunitat, i s&#8217;han realitzat 5 itineraris individualitzats a dones amb discapacitat, on un t\u00e8cnic de COCEMFE Val\u00e8ncia, setmanalment ha acudit a la Mancomunitat a atendre aquestes persones.<\/p><p>S&#8217;han obtingut 17 contractes de persones residents en la Mancomunitat gr\u00e0cies a la intermediaci\u00f3 del Servei d&#8217;Ocupaci\u00f3 de COCEMFE Val\u00e8ncia.<\/p><p>Tamb\u00e9 s&#8217;han realitzat reunions i trobades amb professionals de l&#8217;\u00e0mbit social, c\u00e0rrecs p\u00fablics de la zona i tallers grupals amb persones amb discapacitat, amb l&#8217;objectiu de sensibilitzar i donar visibilitat al col\u00b7lectiu de persones amb discapacitat.<\/p><p>El comprom\u00eds de totes dues entitats \u00e9s continuar col\u00b7laborant i buscar noves l\u00ednies d&#8217;actuaci\u00f3 perqu\u00e8 el projecte es consolide en la zona. Miguel T\u00f3rtola ha destacat que \u00e9s primordial millorar aspectes com el transport p\u00fablic o l&#8217;acc\u00e9s a les noves tecnologies per a continuar millorant l&#8217;acc\u00e9s a una ocupaci\u00f3 digna de les persones amb discapacitat.<\/p><p>Pascual Castell\u00f3 ha destacat la import\u00e0ncia d&#8217;implicar al m\u00e0xim les administracions p\u00fabliques per a continuar amb aquestes accions fora de l&#8217;\u00e0mbit de Val\u00e8ncia capital i tamb\u00e9, implicar les entitats socials de la zona per a treballar totes a una en la millora de la vida del col\u00b7lectiu que representem.<\/p><p>En 2021 seguir\u00e0 la col\u00b7laboraci\u00f3 entre totes dues entitats buscant noves l\u00ednies d&#8217;actuaci\u00f3 per a continuar arribant a les persones que necessiten la nostra atenci\u00f3 com a entitat referent en el col\u00b7lectiu de discapacitat.<\/p>\t\t\t\t\t\t\t\t<\/div>\n\t\t\t\t<\/div>\n\t\t\t\t\t<\/div>\n\t\t<\/div>\n\t\t\t\t\t<\/div>\n\t\t<\/section>\n\t\t\t\t<section class=\"elementor-section elementor-top-section elementor-element elementor-element-81a63bf elementor-section-boxed elementor-section-height-default elementor-section-height-default\" data-id=\"81a63bf\" data-element_type=\"section\" data-e-type=\"section\">\n\t\t\t\t\t\t<div class=\"elementor-container elementor-column-gap-default\">\n\t\t\t\t\t<div class=\"elementor-column elementor-col-50 elementor-top-column elementor-element elementor-element-d5ab61f\" data-id=\"d5ab61f\" data-element_type=\"column\" data-e-type=\"column\">\n\t\t\t<div class=\"elementor-widget-wrap elementor-element-populated\">\n\t\t\t\t\t\t<div class=\"elementor-element elementor-element-3293c17 elementor-widget elementor-widget-image\" data-id=\"3293c17\" data-element_type=\"widget\" data-e-type=\"widget\" data-widget_type=\"image.default\">\n\t\t\t\t<div class=\"elementor-widget-container\">\n\t\t\t\t\t\t\t\t\t\t\t\t\t\t\t<img decoding=\"async\" width=\"350\" height=\"155\" src=\"https:\/\/cocemfevalencia.org\/wp-content\/uploads\/2020\/02\/logo-mancomunidad-hoya-transparente.png.pagespeed.ce_.hl2nYir1Vs.png\" class=\"attachment-large size-large wp-image-4070\" alt=\"\" srcset=\"https:\/\/cocemfevalencia.org\/wp-content\/uploads\/2020\/02\/logo-mancomunidad-hoya-transparente.png.pagespeed.ce_.hl2nYir1Vs.png 350w, https:\/\/cocemfevalencia.org\/wp-content\/uploads\/2020\/02\/logo-mancomunidad-hoya-transparente.png.pagespeed.ce_.hl2nYir1Vs-300x133.png 300w\" sizes=\"(max-width: 350px) 100vw, 350px\" \/>\t\t\t\t\t\t\t\t\t\t\t\t\t\t\t<\/div>\n\t\t\t\t<\/div>\n\t\t\t\t\t<\/div>\n\t\t<\/div>\n\t\t\t\t<div class=\"elementor-column elementor-col-50 elementor-top-column elementor-element elementor-element-5bb3c21\" data-id=\"5bb3c21\" data-element_type=\"column\" data-e-type=\"column\">\n\t\t\t<div class=\"elementor-widget-wrap elementor-element-populated\">\n\t\t\t\t\t\t<div class=\"elementor-element elementor-element-d9a6a7d elementor-widget elementor-widget-image\" data-id=\"d9a6a7d\" data-element_type=\"widget\" data-e-type=\"widget\" data-widget_type=\"image.default\">\n\t\t\t\t<div class=\"elementor-widget-container\">\n\t\t\t\t\t\t\t\t\t\t\t\t\t\t\t<img decoding=\"async\" width=\"300\" height=\"300\" src=\"https:\/\/cocemfevalencia.org\/wp-content\/uploads\/2020\/02\/COCEMFE-EN-RUTA-1-300x300.png\" class=\"attachment-medium size-medium wp-image-4069\" alt=\"\" srcset=\"https:\/\/cocemfevalencia.org\/wp-content\/uploads\/2020\/02\/COCEMFE-EN-RUTA-1-300x300.png 300w, https:\/\/cocemfevalencia.org\/wp-content\/uploads\/2020\/02\/COCEMFE-EN-RUTA-1-150x150.png 150w, https:\/\/cocemfevalencia.org\/wp-content\/uploads\/2020\/02\/COCEMFE-EN-RUTA-1.png 500w\" sizes=\"(max-width: 300px) 100vw, 300px\" \/>\t\t\t\t\t\t\t\t\t\t\t\t\t\t\t<\/div>\n\t\t\t\t<\/div>\n\t\t\t\t\t<\/div>\n\t\t<\/div>\n\t\t\t\t\t<\/div>\n\t\t<\/section>\n\t\t\t\t<\/div>\n\t\t<p>Visitas: 0<\/p>","protected":false},"excerpt":{"rendered":"<p>Aquest mat\u00ed s&#8217;ha realitzat una reuni\u00f3 a trav\u00e9s de videoconfer\u00e8ncia per a avaluar el projecte \u00abCOCEMFE Val\u00e8ncia en ruta\u00bb Foia de Bu\u00f1ol &#8211; Chiva. A la reuni\u00f3 han assistit els representants de COCEMFE Val\u00e8ncia, Pascual Castell\u00f3 com a president i Ezequiel Ruiz, vicepresident i responsable de l&#8217;\u00e0rea d&#8217;ocupaci\u00f3. Per part de la Mancomunitat ha participat&hellip;&nbsp;<a href=\"https:\/\/cocemfevalencia.org\/es\/reunio-per-a-avaluar-el-projecte-pilot-cocemfe-valencia-en-ruta-foia-de-bunol-chiva\/\" rel=\"bookmark\">Leer m\u00e1s &raquo;<span class=\"screen-reader-text\">Reuni\u00f3 per a avaluar el projecte pilot \u00abCOCEMFE Val\u00e8ncia en ruta\u00bb Foia de Bu\u00f1ol &#8211; Chiva<\/span><\/a><\/p>\n","protected":false},"author":3,"featured_media":4856,"comment_status":"open","ping_status":"open","sticky":false,"template":"","format":"standard","meta":{"rop_custom_images_group":[],"rop_custom_messages_group":[],"rop_publish_now":"initial","rop_publish_now_accounts":[],"rop_publish_now_history":[],"rop_publish_now_status":"pending","neve_meta_sidebar":"","neve_meta_container":"","neve_meta_enable_content_width":"","neve_meta_content_width":0,"neve_meta_title_alignment":"","neve_meta_author_avatar":"","neve_post_elements_order":"","neve_meta_disable_header":"","neve_meta_disable_footer":"","neve_meta_disable_title":"","footnotes":""},"categories":[5],"tags":[],"class_list":["post-4855","post","type-post","status-publish","format-standard","has-post-thumbnail","hentry","category-noticias"],"yoast_head":"<!-- This site is optimized with the Yoast SEO plugin v27.3 - https:\/\/yoast.com\/product\/yoast-seo-wordpress\/ -->\n<title>Reuni\u00f3 per a avaluar el projecte pilot &quot;COCEMFE Val\u00e8ncia en ruta&quot; Foia de Bu\u00f1ol - Chiva - Cocemfe Valencia<\/title>\n<meta name=\"robots\" content=\"index, follow, max-snippet:-1, max-image-preview:large, max-video-preview:-1\" \/>\n<link rel=\"canonical\" href=\"https:\/\/cocemfevalencia.org\/es\/reunio-per-a-avaluar-el-projecte-pilot-cocemfe-valencia-en-ruta-foia-de-bunol-chiva\/\" \/>\n<meta property=\"og:locale\" content=\"es_ES\" \/>\n<meta property=\"og:type\" content=\"article\" \/>\n<meta property=\"og:title\" content=\"Reuni\u00f3 per a avaluar el projecte pilot &quot;COCEMFE Val\u00e8ncia en ruta&quot; Foia de Bu\u00f1ol - Chiva - Cocemfe Valencia\" \/>\n<meta property=\"og:description\" content=\"Aquest mat\u00ed s&#8217;ha realitzat una reuni\u00f3 a trav\u00e9s de videoconfer\u00e8ncia per a avaluar el projecte \u00abCOCEMFE Val\u00e8ncia en ruta\u00bb Foia de Bu\u00f1ol &#8211; Chiva. A la reuni\u00f3 han assistit els representants de COCEMFE Val\u00e8ncia, Pascual Castell\u00f3 com a president i Ezequiel Ruiz, vicepresident i responsable de l&#8217;\u00e0rea d&#8217;ocupaci\u00f3. Per part de la Mancomunitat ha participat&hellip;&nbsp;Leer m\u00e1s &raquo;Reuni\u00f3 per a avaluar el projecte pilot \u00abCOCEMFE Val\u00e8ncia en ruta\u00bb Foia de Bu\u00f1ol &#8211; Chiva\" \/>\n<meta property=\"og:url\" content=\"https:\/\/cocemfevalencia.org\/es\/reunio-per-a-avaluar-el-projecte-pilot-cocemfe-valencia-en-ruta-foia-de-bunol-chiva\/\" \/>\n<meta property=\"og:site_name\" content=\"Cocemfe Valencia\" \/>\n<meta property=\"article:publisher\" content=\"https:\/\/www.facebook.com\/cocemfe.valencia\" \/>\n<meta property=\"article:published_time\" content=\"2021-02-01T12:39:42+00:00\" \/>\n<meta property=\"og:image\" content=\"https:\/\/cocemfevalencia.org\/wp-content\/uploads\/2021\/02\/reunionruta.png\" \/>\n\t<meta property=\"og:image:width\" content=\"1365\" \/>\n\t<meta property=\"og:image:height\" content=\"567\" \/>\n\t<meta property=\"og:image:type\" content=\"image\/png\" \/>\n<meta name=\"author\" content=\"COCEMFE VALENCIA\" \/>\n<meta name=\"twitter:card\" content=\"summary_large_image\" \/>\n<meta name=\"twitter:creator\" content=\"@COCEMFEValencia\" \/>\n<meta name=\"twitter:site\" content=\"@COCEMFEValencia\" \/>\n<meta name=\"twitter:label1\" content=\"Escrito por\" \/>\n\t<meta name=\"twitter:data1\" content=\"COCEMFE VALENCIA\" \/>\n\t<meta name=\"twitter:label2\" content=\"Tiempo de lectura\" \/>\n\t<meta name=\"twitter:data2\" content=\"2 minutos\" \/>\n<script type=\"application\/ld+json\" class=\"yoast-schema-graph\">{\"@context\":\"https:\\\/\\\/schema.org\",\"@graph\":[{\"@type\":\"Article\",\"@id\":\"https:\\\/\\\/cocemfevalencia.org\\\/es\\\/reunio-per-a-avaluar-el-projecte-pilot-cocemfe-valencia-en-ruta-foia-de-bunol-chiva\\\/#article\",\"isPartOf\":{\"@id\":\"https:\\\/\\\/cocemfevalencia.org\\\/es\\\/reunio-per-a-avaluar-el-projecte-pilot-cocemfe-valencia-en-ruta-foia-de-bunol-chiva\\\/\"},\"author\":{\"name\":\"COCEMFE VALENCIA\",\"@id\":\"https:\\\/\\\/cocemfevalencia.org\\\/es\\\/#\\\/schema\\\/person\\\/e31a24227ccbc918e2c80add51990ad7\"},\"headline\":\"Reuni\u00f3 per a avaluar el projecte pilot \u00abCOCEMFE Val\u00e8ncia en ruta\u00bb Foia de Bu\u00f1ol &#8211; Chiva\",\"datePublished\":\"2021-02-01T12:39:42+00:00\",\"mainEntityOfPage\":{\"@id\":\"https:\\\/\\\/cocemfevalencia.org\\\/es\\\/reunio-per-a-avaluar-el-projecte-pilot-cocemfe-valencia-en-ruta-foia-de-bunol-chiva\\\/\"},\"wordCount\":445,\"commentCount\":0,\"publisher\":{\"@id\":\"https:\\\/\\\/cocemfevalencia.org\\\/es\\\/#organization\"},\"image\":{\"@id\":\"https:\\\/\\\/cocemfevalencia.org\\\/es\\\/reunio-per-a-avaluar-el-projecte-pilot-cocemfe-valencia-en-ruta-foia-de-bunol-chiva\\\/#primaryimage\"},\"thumbnailUrl\":\"https:\\\/\\\/cocemfevalencia.org\\\/wp-content\\\/uploads\\\/2021\\\/02\\\/reunionruta.png\",\"articleSection\":[\"Not\u00edcies\"],\"inLanguage\":\"es\",\"potentialAction\":[{\"@type\":\"CommentAction\",\"name\":\"Comment\",\"target\":[\"https:\\\/\\\/cocemfevalencia.org\\\/es\\\/reunio-per-a-avaluar-el-projecte-pilot-cocemfe-valencia-en-ruta-foia-de-bunol-chiva\\\/#respond\"]}]},{\"@type\":\"WebPage\",\"@id\":\"https:\\\/\\\/cocemfevalencia.org\\\/es\\\/reunio-per-a-avaluar-el-projecte-pilot-cocemfe-valencia-en-ruta-foia-de-bunol-chiva\\\/\",\"url\":\"https:\\\/\\\/cocemfevalencia.org\\\/es\\\/reunio-per-a-avaluar-el-projecte-pilot-cocemfe-valencia-en-ruta-foia-de-bunol-chiva\\\/\",\"name\":\"Reuni\u00f3 per a avaluar el projecte pilot \\\"COCEMFE Val\u00e8ncia en ruta\\\" Foia de Bu\u00f1ol - Chiva - Cocemfe Valencia\",\"isPartOf\":{\"@id\":\"https:\\\/\\\/cocemfevalencia.org\\\/es\\\/#website\"},\"primaryImageOfPage\":{\"@id\":\"https:\\\/\\\/cocemfevalencia.org\\\/es\\\/reunio-per-a-avaluar-el-projecte-pilot-cocemfe-valencia-en-ruta-foia-de-bunol-chiva\\\/#primaryimage\"},\"image\":{\"@id\":\"https:\\\/\\\/cocemfevalencia.org\\\/es\\\/reunio-per-a-avaluar-el-projecte-pilot-cocemfe-valencia-en-ruta-foia-de-bunol-chiva\\\/#primaryimage\"},\"thumbnailUrl\":\"https:\\\/\\\/cocemfevalencia.org\\\/wp-content\\\/uploads\\\/2021\\\/02\\\/reunionruta.png\",\"datePublished\":\"2021-02-01T12:39:42+00:00\",\"breadcrumb\":{\"@id\":\"https:\\\/\\\/cocemfevalencia.org\\\/es\\\/reunio-per-a-avaluar-el-projecte-pilot-cocemfe-valencia-en-ruta-foia-de-bunol-chiva\\\/#breadcrumb\"},\"inLanguage\":\"es\",\"potentialAction\":[{\"@type\":\"ReadAction\",\"target\":[\"https:\\\/\\\/cocemfevalencia.org\\\/es\\\/reunio-per-a-avaluar-el-projecte-pilot-cocemfe-valencia-en-ruta-foia-de-bunol-chiva\\\/\"]}]},{\"@type\":\"ImageObject\",\"inLanguage\":\"es\",\"@id\":\"https:\\\/\\\/cocemfevalencia.org\\\/es\\\/reunio-per-a-avaluar-el-projecte-pilot-cocemfe-valencia-en-ruta-foia-de-bunol-chiva\\\/#primaryimage\",\"url\":\"https:\\\/\\\/cocemfevalencia.org\\\/wp-content\\\/uploads\\\/2021\\\/02\\\/reunionruta.png\",\"contentUrl\":\"https:\\\/\\\/cocemfevalencia.org\\\/wp-content\\\/uploads\\\/2021\\\/02\\\/reunionruta.png\",\"width\":1365,\"height\":567},{\"@type\":\"BreadcrumbList\",\"@id\":\"https:\\\/\\\/cocemfevalencia.org\\\/es\\\/reunio-per-a-avaluar-el-projecte-pilot-cocemfe-valencia-en-ruta-foia-de-bunol-chiva\\\/#breadcrumb\",\"itemListElement\":[{\"@type\":\"ListItem\",\"position\":1,\"name\":\"Portada\",\"item\":\"https:\\\/\\\/cocemfevalencia.org\\\/es\\\/\"},{\"@type\":\"ListItem\",\"position\":2,\"name\":\"Reuni\u00f3 per a avaluar el projecte pilot &#8220;COCEMFE Val\u00e8ncia en ruta&#8221; Foia de Bu\u00f1ol &#8211; Chiva\"}]},{\"@type\":\"WebSite\",\"@id\":\"https:\\\/\\\/cocemfevalencia.org\\\/es\\\/#website\",\"url\":\"https:\\\/\\\/cocemfevalencia.org\\\/es\\\/\",\"name\":\"Cocemfe Valencia\",\"description\":\"FEDERACI\u00d3N DE ASOCIACIONES DE PERSONAS CON DISCAPACIDAD F\u00cdSICA Y ORG\u00c1NICA DE LA PROV\u00cdNCIA DE VALENCIA\",\"publisher\":{\"@id\":\"https:\\\/\\\/cocemfevalencia.org\\\/es\\\/#organization\"},\"potentialAction\":[{\"@type\":\"SearchAction\",\"target\":{\"@type\":\"EntryPoint\",\"urlTemplate\":\"https:\\\/\\\/cocemfevalencia.org\\\/es\\\/?s={search_term_string}\"},\"query-input\":{\"@type\":\"PropertyValueSpecification\",\"valueRequired\":true,\"valueName\":\"search_term_string\"}}],\"inLanguage\":\"es\"},{\"@type\":\"Organization\",\"@id\":\"https:\\\/\\\/cocemfevalencia.org\\\/es\\\/#organization\",\"name\":\"Cocemfe Valencia\",\"url\":\"https:\\\/\\\/cocemfevalencia.org\\\/es\\\/\",\"logo\":{\"@type\":\"ImageObject\",\"inLanguage\":\"es\",\"@id\":\"https:\\\/\\\/cocemfevalencia.org\\\/es\\\/#\\\/schema\\\/logo\\\/image\\\/\",\"url\":\"https:\\\/\\\/cocemfevalencia.org\\\/wp-content\\\/uploads\\\/2023\\\/03\\\/0312-Horizontal-una-linea-larga-rgb-positivo-Tricolor.png\",\"contentUrl\":\"https:\\\/\\\/cocemfevalencia.org\\\/wp-content\\\/uploads\\\/2023\\\/03\\\/0312-Horizontal-una-linea-larga-rgb-positivo-Tricolor.png\",\"width\":2334,\"height\":613,\"caption\":\"Cocemfe Valencia\"},\"image\":{\"@id\":\"https:\\\/\\\/cocemfevalencia.org\\\/es\\\/#\\\/schema\\\/logo\\\/image\\\/\"},\"sameAs\":[\"https:\\\/\\\/www.facebook.com\\\/cocemfe.valencia\",\"https:\\\/\\\/x.com\\\/COCEMFEValencia\"]},{\"@type\":\"Person\",\"@id\":\"https:\\\/\\\/cocemfevalencia.org\\\/es\\\/#\\\/schema\\\/person\\\/e31a24227ccbc918e2c80add51990ad7\",\"name\":\"COCEMFE VALENCIA\",\"image\":{\"@type\":\"ImageObject\",\"inLanguage\":\"es\",\"@id\":\"https:\\\/\\\/secure.gravatar.com\\\/avatar\\\/81dd2ced4591577d70433bbfde65ba3f931e09f5cb4ca8c890817c47789b47f0?s=96&d=mm&r=g\",\"url\":\"https:\\\/\\\/secure.gravatar.com\\\/avatar\\\/81dd2ced4591577d70433bbfde65ba3f931e09f5cb4ca8c890817c47789b47f0?s=96&d=mm&r=g\",\"contentUrl\":\"https:\\\/\\\/secure.gravatar.com\\\/avatar\\\/81dd2ced4591577d70433bbfde65ba3f931e09f5cb4ca8c890817c47789b47f0?s=96&d=mm&r=g\",\"caption\":\"COCEMFE VALENCIA\"}}]}<\/script>\n<!-- \/ Yoast SEO plugin. -->","yoast_head_json":{"title":"Reuni\u00f3 per a avaluar el projecte pilot \"COCEMFE Val\u00e8ncia en ruta\" Foia de Bu\u00f1ol - Chiva - Cocemfe Valencia","robots":{"index":"index","follow":"follow","max-snippet":"max-snippet:-1","max-image-preview":"max-image-preview:large","max-video-preview":"max-video-preview:-1"},"canonical":"https:\/\/cocemfevalencia.org\/es\/reunio-per-a-avaluar-el-projecte-pilot-cocemfe-valencia-en-ruta-foia-de-bunol-chiva\/","og_locale":"es_ES","og_type":"article","og_title":"Reuni\u00f3 per a avaluar el projecte pilot \"COCEMFE Val\u00e8ncia en ruta\" Foia de Bu\u00f1ol - Chiva - Cocemfe Valencia","og_description":"Aquest mat\u00ed s&#8217;ha realitzat una reuni\u00f3 a trav\u00e9s de videoconfer\u00e8ncia per a avaluar el projecte \u00abCOCEMFE Val\u00e8ncia en ruta\u00bb Foia de Bu\u00f1ol &#8211; Chiva. A la reuni\u00f3 han assistit els representants de COCEMFE Val\u00e8ncia, Pascual Castell\u00f3 com a president i Ezequiel Ruiz, vicepresident i responsable de l&#8217;\u00e0rea d&#8217;ocupaci\u00f3. Per part de la Mancomunitat ha participat&hellip;&nbsp;Leer m\u00e1s &raquo;Reuni\u00f3 per a avaluar el projecte pilot \u00abCOCEMFE Val\u00e8ncia en ruta\u00bb Foia de Bu\u00f1ol &#8211; Chiva","og_url":"https:\/\/cocemfevalencia.org\/es\/reunio-per-a-avaluar-el-projecte-pilot-cocemfe-valencia-en-ruta-foia-de-bunol-chiva\/","og_site_name":"Cocemfe Valencia","article_publisher":"https:\/\/www.facebook.com\/cocemfe.valencia","article_published_time":"2021-02-01T12:39:42+00:00","og_image":[{"width":1365,"height":567,"url":"https:\/\/cocemfevalencia.org\/wp-content\/uploads\/2021\/02\/reunionruta.png","type":"image\/png"}],"author":"COCEMFE VALENCIA","twitter_card":"summary_large_image","twitter_creator":"@COCEMFEValencia","twitter_site":"@COCEMFEValencia","twitter_misc":{"Escrito por":"COCEMFE VALENCIA","Tiempo de lectura":"2 minutos"},"schema":{"@context":"https:\/\/schema.org","@graph":[{"@type":"Article","@id":"https:\/\/cocemfevalencia.org\/es\/reunio-per-a-avaluar-el-projecte-pilot-cocemfe-valencia-en-ruta-foia-de-bunol-chiva\/#article","isPartOf":{"@id":"https:\/\/cocemfevalencia.org\/es\/reunio-per-a-avaluar-el-projecte-pilot-cocemfe-valencia-en-ruta-foia-de-bunol-chiva\/"},"author":{"name":"COCEMFE VALENCIA","@id":"https:\/\/cocemfevalencia.org\/es\/#\/schema\/person\/e31a24227ccbc918e2c80add51990ad7"},"headline":"Reuni\u00f3 per a avaluar el projecte pilot \u00abCOCEMFE Val\u00e8ncia en ruta\u00bb Foia de Bu\u00f1ol &#8211; Chiva","datePublished":"2021-02-01T12:39:42+00:00","mainEntityOfPage":{"@id":"https:\/\/cocemfevalencia.org\/es\/reunio-per-a-avaluar-el-projecte-pilot-cocemfe-valencia-en-ruta-foia-de-bunol-chiva\/"},"wordCount":445,"commentCount":0,"publisher":{"@id":"https:\/\/cocemfevalencia.org\/es\/#organization"},"image":{"@id":"https:\/\/cocemfevalencia.org\/es\/reunio-per-a-avaluar-el-projecte-pilot-cocemfe-valencia-en-ruta-foia-de-bunol-chiva\/#primaryimage"},"thumbnailUrl":"https:\/\/cocemfevalencia.org\/wp-content\/uploads\/2021\/02\/reunionruta.png","articleSection":["Not\u00edcies"],"inLanguage":"es","potentialAction":[{"@type":"CommentAction","name":"Comment","target":["https:\/\/cocemfevalencia.org\/es\/reunio-per-a-avaluar-el-projecte-pilot-cocemfe-valencia-en-ruta-foia-de-bunol-chiva\/#respond"]}]},{"@type":"WebPage","@id":"https:\/\/cocemfevalencia.org\/es\/reunio-per-a-avaluar-el-projecte-pilot-cocemfe-valencia-en-ruta-foia-de-bunol-chiva\/","url":"https:\/\/cocemfevalencia.org\/es\/reunio-per-a-avaluar-el-projecte-pilot-cocemfe-valencia-en-ruta-foia-de-bunol-chiva\/","name":"Reuni\u00f3 per a avaluar el projecte pilot \"COCEMFE Val\u00e8ncia en ruta\" Foia de Bu\u00f1ol - Chiva - Cocemfe Valencia","isPartOf":{"@id":"https:\/\/cocemfevalencia.org\/es\/#website"},"primaryImageOfPage":{"@id":"https:\/\/cocemfevalencia.org\/es\/reunio-per-a-avaluar-el-projecte-pilot-cocemfe-valencia-en-ruta-foia-de-bunol-chiva\/#primaryimage"},"image":{"@id":"https:\/\/cocemfevalencia.org\/es\/reunio-per-a-avaluar-el-projecte-pilot-cocemfe-valencia-en-ruta-foia-de-bunol-chiva\/#primaryimage"},"thumbnailUrl":"https:\/\/cocemfevalencia.org\/wp-content\/uploads\/2021\/02\/reunionruta.png","datePublished":"2021-02-01T12:39:42+00:00","breadcrumb":{"@id":"https:\/\/cocemfevalencia.org\/es\/reunio-per-a-avaluar-el-projecte-pilot-cocemfe-valencia-en-ruta-foia-de-bunol-chiva\/#breadcrumb"},"inLanguage":"es","potentialAction":[{"@type":"ReadAction","target":["https:\/\/cocemfevalencia.org\/es\/reunio-per-a-avaluar-el-projecte-pilot-cocemfe-valencia-en-ruta-foia-de-bunol-chiva\/"]}]},{"@type":"ImageObject","inLanguage":"es","@id":"https:\/\/cocemfevalencia.org\/es\/reunio-per-a-avaluar-el-projecte-pilot-cocemfe-valencia-en-ruta-foia-de-bunol-chiva\/#primaryimage","url":"https:\/\/cocemfevalencia.org\/wp-content\/uploads\/2021\/02\/reunionruta.png","contentUrl":"https:\/\/cocemfevalencia.org\/wp-content\/uploads\/2021\/02\/reunionruta.png","width":1365,"height":567},{"@type":"BreadcrumbList","@id":"https:\/\/cocemfevalencia.org\/es\/reunio-per-a-avaluar-el-projecte-pilot-cocemfe-valencia-en-ruta-foia-de-bunol-chiva\/#breadcrumb","itemListElement":[{"@type":"ListItem","position":1,"name":"Portada","item":"https:\/\/cocemfevalencia.org\/es\/"},{"@type":"ListItem","position":2,"name":"Reuni\u00f3 per a avaluar el projecte pilot &#8220;COCEMFE Val\u00e8ncia en ruta&#8221; Foia de Bu\u00f1ol &#8211; Chiva"}]},{"@type":"WebSite","@id":"https:\/\/cocemfevalencia.org\/es\/#website","url":"https:\/\/cocemfevalencia.org\/es\/","name":"Cocemfe Valencia","description":"FEDERACI\u00d3N DE ASOCIACIONES DE PERSONAS CON DISCAPACIDAD F\u00cdSICA Y ORG\u00c1NICA DE LA PROV\u00cdNCIA DE VALENCIA","publisher":{"@id":"https:\/\/cocemfevalencia.org\/es\/#organization"},"potentialAction":[{"@type":"SearchAction","target":{"@type":"EntryPoint","urlTemplate":"https:\/\/cocemfevalencia.org\/es\/?s={search_term_string}"},"query-input":{"@type":"PropertyValueSpecification","valueRequired":true,"valueName":"search_term_string"}}],"inLanguage":"es"},{"@type":"Organization","@id":"https:\/\/cocemfevalencia.org\/es\/#organization","name":"Cocemfe Valencia","url":"https:\/\/cocemfevalencia.org\/es\/","logo":{"@type":"ImageObject","inLanguage":"es","@id":"https:\/\/cocemfevalencia.org\/es\/#\/schema\/logo\/image\/","url":"https:\/\/cocemfevalencia.org\/wp-content\/uploads\/2023\/03\/0312-Horizontal-una-linea-larga-rgb-positivo-Tricolor.png","contentUrl":"https:\/\/cocemfevalencia.org\/wp-content\/uploads\/2023\/03\/0312-Horizontal-una-linea-larga-rgb-positivo-Tricolor.png","width":2334,"height":613,"caption":"Cocemfe Valencia"},"image":{"@id":"https:\/\/cocemfevalencia.org\/es\/#\/schema\/logo\/image\/"},"sameAs":["https:\/\/www.facebook.com\/cocemfe.valencia","https:\/\/x.com\/COCEMFEValencia"]},{"@type":"Person","@id":"https:\/\/cocemfevalencia.org\/es\/#\/schema\/person\/e31a24227ccbc918e2c80add51990ad7","name":"COCEMFE VALENCIA","image":{"@type":"ImageObject","inLanguage":"es","@id":"https:\/\/secure.gravatar.com\/avatar\/81dd2ced4591577d70433bbfde65ba3f931e09f5cb4ca8c890817c47789b47f0?s=96&d=mm&r=g","url":"https:\/\/secure.gravatar.com\/avatar\/81dd2ced4591577d70433bbfde65ba3f931e09f5cb4ca8c890817c47789b47f0?s=96&d=mm&r=g","contentUrl":"https:\/\/secure.gravatar.com\/avatar\/81dd2ced4591577d70433bbfde65ba3f931e09f5cb4ca8c890817c47789b47f0?s=96&d=mm&r=g","caption":"COCEMFE VALENCIA"}}]}},"_links":{"self":[{"href":"https:\/\/cocemfevalencia.org\/es\/wp-json\/wp\/v2\/posts\/4855","targetHints":{"allow":["GET"]}}],"collection":[{"href":"https:\/\/cocemfevalencia.org\/es\/wp-json\/wp\/v2\/posts"}],"about":[{"href":"https:\/\/cocemfevalencia.org\/es\/wp-json\/wp\/v2\/types\/post"}],"author":[{"embeddable":true,"href":"https:\/\/cocemfevalencia.org\/es\/wp-json\/wp\/v2\/users\/3"}],"replies":[{"embeddable":true,"href":"https:\/\/cocemfevalencia.org\/es\/wp-json\/wp\/v2\/comments?post=4855"}],"version-history":[{"count":0,"href":"https:\/\/cocemfevalencia.org\/es\/wp-json\/wp\/v2\/posts\/4855\/revisions"}],"wp:featuredmedia":[{"embeddable":true,"href":"https:\/\/cocemfevalencia.org\/es\/wp-json\/wp\/v2\/media\/4856"}],"wp:attachment":[{"href":"https:\/\/cocemfevalencia.org\/es\/wp-json\/wp\/v2\/media?parent=4855"}],"wp:term":[{"taxonomy":"category","embeddable":true,"href":"https:\/\/cocemfevalencia.org\/es\/wp-json\/wp\/v2\/categories?post=4855"},{"taxonomy":"post_tag","embeddable":true,"href":"https:\/\/cocemfevalencia.org\/es\/wp-json\/wp\/v2\/tags?post=4855"}],"curies":[{"name":"wp","href":"https:\/\/api.w.org\/{rel}","templated":true}]}}