{"id":4897,"date":"2021-02-15T12:33:52","date_gmt":"2021-02-15T10:33:52","guid":{"rendered":"http:\/\/cocemfevalencia.org\/?p=4897"},"modified":"2021-02-15T12:33:52","modified_gmt":"2021-02-15T10:33:52","slug":"acceso-de-las-pmr-con-vehiculo-a-motor-al-area-de-prioridad-residencial-ciutat-vella-nord","status":"publish","type":"post","link":"https:\/\/cocemfevalencia.org\/es\/acceso-de-las-pmr-con-vehiculo-a-motor-al-area-de-prioridad-residencial-ciutat-vella-nord\/","title":{"rendered":"ACCESO DE LAS PMR CON VEH\u00cdCULO A MOTOR AL AREA DE PRIORIDAD RESIDENCIAL \u00abCiutat Vella Nord\u00bb"},"content":{"rendered":"\t\t<div data-elementor-type=\"wp-post\" data-elementor-id=\"4897\" class=\"elementor elementor-4897\" data-elementor-post-type=\"post\">\n\t\t\t\t\t\t<section class=\"elementor-section elementor-top-section elementor-element elementor-element-ecdf03a elementor-section-boxed elementor-section-height-default elementor-section-height-default\" data-id=\"ecdf03a\" data-element_type=\"section\" data-e-type=\"section\">\n\t\t\t\t\t\t<div class=\"elementor-container elementor-column-gap-default\">\n\t\t\t\t\t<div class=\"elementor-column elementor-col-100 elementor-top-column elementor-element elementor-element-8aead6b\" data-id=\"8aead6b\" data-element_type=\"column\" data-e-type=\"column\">\n\t\t\t<div class=\"elementor-widget-wrap elementor-element-populated\">\n\t\t\t\t\t\t<div class=\"elementor-element elementor-element-3fc10eb elementor-widget elementor-widget-heading\" data-id=\"3fc10eb\" data-element_type=\"widget\" data-e-type=\"widget\" data-widget_type=\"heading.default\">\n\t\t\t\t<div class=\"elementor-widget-container\">\n\t\t\t\t\t<h4 class=\"elementor-heading-title elementor-size-default\">INFORMACI\u00d3N DE LA COMISI\u00d3N DE ACCESIBILIDAD. 11 Febrero 2021.<\/h4>\t\t\t\t<\/div>\n\t\t\t\t<\/div>\n\t\t\t\t\t<\/div>\n\t\t<\/div>\n\t\t\t\t\t<\/div>\n\t\t<\/section>\n\t\t\t\t<section class=\"elementor-section elementor-top-section elementor-element elementor-element-0a7d417 elementor-section-boxed elementor-section-height-default elementor-section-height-default\" data-id=\"0a7d417\" data-element_type=\"section\" data-e-type=\"section\">\n\t\t\t\t\t\t<div class=\"elementor-container elementor-column-gap-default\">\n\t\t\t\t\t<div class=\"elementor-column elementor-col-100 elementor-top-column elementor-element elementor-element-2a4ad23\" data-id=\"2a4ad23\" data-element_type=\"column\" data-e-type=\"column\">\n\t\t\t<div class=\"elementor-widget-wrap elementor-element-populated\">\n\t\t\t\t\t\t<div class=\"elementor-element elementor-element-c93dc9d elementor-widget elementor-widget-text-editor\" data-id=\"c93dc9d\" data-element_type=\"widget\" data-e-type=\"widget\" data-widget_type=\"text-editor.default\">\n\t\t\t\t<div class=\"elementor-widget-container\">\n\t\t\t\t\t\t\t\t\t<p>El Ayuntamiento de Val\u00e8ncia aprob\u00f3 en noviembre la creaci\u00f3n de un \u00c1rea de Prioridad Residencial (APR) denominada \u00abCiutat Vella Nord\u00bb y los requisitos, condiciones y procedimientos que regir\u00e1n el acceso a este \u00c1rea, con el objetivo de mejorar la seguridad vial peatonal de residentes y visitantes, la movilidad sostenible y la calidad ambiental, la prestaci\u00f3n de los servicios p\u00fablicos y velar por la protecci\u00f3n del patrimonio hist\u00f3rico-art\u00edstico de la ciudad.<\/p><p>A partir de abril, el acceso con veh\u00edculos a motor a esta zona del casco viejo de Val\u00e8ncia estar\u00e1 prohibido para todos los que no tengan autorizaci\u00f3n y estar\u00e1 vigilado por 5 c\u00e1maras situadas en los accesos, que leer\u00e1n la matricula de todos los veh\u00edculos que entren. Si la matr\u00edcula no est\u00e1 en la \u00ablista blanca\u00bb de veh\u00edculos autorizados, se generar\u00e1 la multa correspondiente. Hacia el mes de marzo comenzar\u00e1 a aplicarse la restricci\u00f3n de acceso sin imponer multas, solo informando.<\/p><p>El acceso al APR ser\u00e1 libre para determinados veh\u00edculos (taxis, EMT, bomberos, polic\u00eda, ambulancias, bicicletas, veh\u00edculos de movilidad personal&#8230;). Los dem\u00e1s deber\u00e1n solicitar una autorizaci\u00f3n de acceso, incluyendo las personas titulares de la tarjeta de estacionamiento para veh\u00edculos que transportan personas con movilidad reducida.<\/p><p>Se trata de la zona delimitada aproximadamente por las calles Corona, Guillem de Castro, Blanquer\u00edas, Conde Tr\u00e9nor, Salvador, Almirante, Pl. La Virgen, Pl. La Reina, San Vicente, Av. M\u00aa Cristina, Pl. del Mercat, Vell de la Palla, Pl. del Tossal, De dalt, Mos\u00e9n Serell, Corona.<\/p><p>Ya se ha publicado en el BOPV y el Ayuntamiento ya ha dispuesto los tr\u00e1mites para poder solicitar la autorizaci\u00f3n de acceso, que ya se puede hacer.<\/p><p>Este es un tema que ya viene prepar\u00e1ndose desde hace unos a\u00f1os. Desde la Comisi\u00f3n de Accesibilidad ya entonces, en 2018, enviamos escrito al concejal de Mobilitat Sostenible para que se garantizara el derecho de acceso a dicha zona de circulaci\u00f3n restringida a los veh\u00edculos que transporten a personas con discapacidad con movilidad reducida titulares de una tarjeta de estacionamiento y que se hiciera de forma c\u00f3moda y no discriminatoria, sin tener que realizar la comunicaci\u00f3n cada vez que se tenga que acceder, como se pretend\u00eda en un principio. Y mantuvimos una reuni\u00f3n con \u00e9l en octubre de 2019 cuando sali\u00f3 el borrador de regulaci\u00f3n, aport\u00e1ndole sugerencias.<\/p><p>La informaci\u00f3n detallada sobre el funcionamiento del APR se puede consultar en la web del Ayuntamiento de Val\u00e8ncia, www.valencia.es en el cuadro \u00abAPR Ciutat Vella Nord\u00bb, de la columna de la derecha en la p\u00e1gina principal. All\u00ed est\u00e1 el documento completo del Acuerdo, un plano del APR, un listado de las calles afectadas y unos accesos para realizar los tr\u00e1mites de solicitud.<\/p><p>En el acceso al APR \u00abCiutat Vella Nord\u00bb de veh\u00edculos a motor que transportan personas con movilidad reducida, se explican los detalles para realizar la solicitud de acceso por las personas titulares de la tarjeta de estacionamiento y su presentaci\u00f3n y se accede al impreso de la \u00abdeclaraci\u00f3n responsable\u00bb que hay que rellenar y presentar.<\/p>\t\t\t\t\t\t\t\t<\/div>\n\t\t\t\t<\/div>\n\t\t\t\t\t<\/div>\n\t\t<\/div>\n\t\t\t\t\t<\/div>\n\t\t<\/section>\n\t\t\t\t<section class=\"elementor-section elementor-top-section elementor-element elementor-element-4cba8b5 elementor-section-boxed elementor-section-height-default elementor-section-height-default\" data-id=\"4cba8b5\" data-element_type=\"section\" data-e-type=\"section\">\n\t\t\t\t\t\t<div class=\"elementor-container elementor-column-gap-default\">\n\t\t\t\t\t<div class=\"elementor-column elementor-col-100 elementor-top-column elementor-element elementor-element-b64bcc0\" data-id=\"b64bcc0\" data-element_type=\"column\" data-e-type=\"column\">\n\t\t\t<div class=\"elementor-widget-wrap elementor-element-populated\">\n\t\t\t\t\t\t<div class=\"elementor-element elementor-element-cef7e06 elementor-widget elementor-widget-text-editor\" data-id=\"cef7e06\" data-element_type=\"widget\" data-e-type=\"widget\" data-widget_type=\"text-editor.default\">\n\t\t\t\t<div class=\"elementor-widget-container\">\n\t\t\t\t\t\t\t\t\t<p><strong>RESUMEN de lo importante para PMR:<\/strong><\/p><p>1. Desde abril (han de concretar la fecha), para entrar al APR con un veh\u00edculo a motor se precisar\u00e1 autorizaci\u00f3n de acceso.<\/p><p>2. Ya se puede solicitar, pero no hay plazo; se podr\u00e1 solicitar en cualquier momento. Quienes necesiten acceder, lo mejor es solicitarlo en este periodo inicial antes de que comiencen a multar. Quienes no necesiten acceder en principio, pueden optar por solicitarlo ahora tambi\u00e9n por si tuvieran que acceder en alg\u00fan momento o<br \/>por solicitarlo m\u00e1s adelante o cuando tengan que acceder, bien antes de hacerlo o bien despu\u00e9s de haber accedido, \u00abcon efecto retroactivo, dentro del plazo m\u00e1ximo de 5 d\u00edas naturales con posterioridad al acceso\u00bb. Pero es preferible solicitarlo ya, en cuanto se pueda, aunque no se prevea tener que entrar, para no tener que correr solicit\u00e1ndolo en esos 5 d\u00edas posteriores a haber tenido que entrar (lo que, si hay que presentarlo con cita previa, puede tener complicaci\u00f3n).<\/p><p>3. Las personas con movilidad reducida titulares de tarjeta de estacionamiento (no solo de Val\u00e8ncia, sino de cualquier sitio) podr\u00e1n solicitar autorizaci\u00f3n para un acceso permanente (validez m\u00e1xima de 5 a\u00f1os, pero ser\u00e1 hasta la fecha de caducidad de la tarjeta; luego habr\u00e1 que volverlo a pedir), con un veh\u00edculo de su libre elecci\u00f3n.<\/p><p>4. Hay que hacerlo cumplimentando y presentando el modelo de \u00abdeclaraci\u00f3n responsable\u00bb que ha dispuesto el Ayuntamiento, y acompa\u00f1ando copia de la tarjeta de estacionamiento y del DNI. Se tiene que presentar por Registro y puede hacerse telem\u00e1ticamente en la Sede Electr\u00f3nica del Ayuntamiento de Valencia si se tiene firma electr\u00f3nica o se puede imprimir la declaraci\u00f3n responsable y presentarla en las oficinas de las Juntas de Distrito, en la central de la plaza del Ayuntamiento o en las alcald\u00edas ped\u00e1neas, con cita previa.<\/p><p>Especialmente para las personas de fuera de Val\u00e8ncia, que no tengan firma electr\u00f3nica: Tambi\u00e9n se puede presentar por los medios que prev\u00e9 la Ley del Procedimiento Administrativo Com\u00fan de las Administraciones p\u00fablicas: Registros de la Administraci\u00f3n General del Estado, de las Administraciones de las Comunidades Aut\u00f3nomas, de las Entidades que integran la Administraci\u00f3n Local y el sector p\u00fablico institucional; en las oficinas de Correos, en la forma que reglamentariamente se establezca; en las representaciones diplom\u00e1ticas u oficinas consulares de Espa\u00f1a en el extranjero y en las oficinas de asistencia en materia de registros.<\/p><p>5. El Ayuntamiento, cuando lo revise, inscribir\u00e1 el veh\u00edculo en la base de datos de autorizados (\u00ablista blanca\u00bb) y mandar\u00e1 a cada solicitante un c\u00f3digo de identificaci\u00f3n y una clave de usuario, con los que podr\u00e1 entrar en la aplicaci\u00f3n web espec\u00edfica que pondr\u00e1 al efecto y modificar la matr\u00edcula del veh\u00edculo con el que va a acceder a la APR cuando lo necesite (bien antes de entrar o dentro del plazo de 5 d\u00edas naturales despu\u00e9s). Tambi\u00e9n se podr\u00e1 hacer el cambio por tel\u00e9fono o por otro medio que habilite el Ayuntamiento.<\/p><p>6. No obstante, con la presentaci\u00f3n de la declaraci\u00f3n responsable ya se est\u00e1 habilitado para acceder.<\/p><p>Esperamos que la informaci\u00f3n sea de utilidad.<\/p>\t\t\t\t\t\t\t\t<\/div>\n\t\t\t\t<\/div>\n\t\t\t\t\t<\/div>\n\t\t<\/div>\n\t\t\t\t\t<\/div>\n\t\t<\/section>\n\t\t\t\t<\/div>\n\t\t<p>Visitas: 400<\/p>","protected":false},"excerpt":{"rendered":"<p>INFORMACI\u00d3N DE LA COMISI\u00d3N DE ACCESIBILIDAD. 11 Febrero 2021. El Ayuntamiento de Val\u00e8ncia aprob\u00f3 en noviembre la creaci\u00f3n de un \u00c1rea de Prioridad Residencial (APR) denominada \u00abCiutat Vella Nord\u00bb y los requisitos, condiciones y procedimientos que regir\u00e1n el acceso a este \u00c1rea, con el objetivo de mejorar la seguridad vial peatonal de residentes y visitantes,&hellip;&nbsp;<a href=\"https:\/\/cocemfevalencia.org\/es\/acceso-de-las-pmr-con-vehiculo-a-motor-al-area-de-prioridad-residencial-ciutat-vella-nord\/\" rel=\"bookmark\">Leer m\u00e1s &raquo;<span class=\"screen-reader-text\">ACCESO DE LAS PMR CON VEH\u00cdCULO A MOTOR AL AREA DE PRIORIDAD RESIDENCIAL \u00abCiutat Vella Nord\u00bb<\/span><\/a><\/p>\n","protected":false},"author":3,"featured_media":4898,"comment_status":"closed","ping_status":"closed","sticky":false,"template":"","format":"standard","meta":{"rop_custom_images_group":[],"rop_custom_messages_group":[],"rop_publish_now":"initial","rop_publish_now_accounts":[],"rop_publish_now_history":[],"rop_publish_now_status":"pending","neve_meta_sidebar":"","neve_meta_container":"","neve_meta_enable_content_width":"","neve_meta_content_width":0,"neve_meta_title_alignment":"","neve_meta_author_avatar":"","neve_post_elements_order":"","neve_meta_disable_header":"","neve_meta_disable_footer":"","neve_meta_disable_title":"","footnotes":""},"categories":[5],"tags":[],"class_list":["post-4897","post","type-post","status-publish","format-standard","has-post-thumbnail","hentry","category-noticias"],"yoast_head":"<!-- This site is optimized with the Yoast SEO plugin v27.3 - https:\/\/yoast.com\/product\/yoast-seo-wordpress\/ -->\n<title>ACCESO DE LAS PMR CON VEH\u00cdCULO A MOTOR AL AREA DE PRIORIDAD RESIDENCIAL &quot;Ciutat Vella Nord&quot; - Cocemfe Valencia<\/title>\n<meta name=\"robots\" content=\"index, follow, max-snippet:-1, max-image-preview:large, max-video-preview:-1\" \/>\n<link rel=\"canonical\" href=\"https:\/\/cocemfevalencia.org\/es\/acceso-de-las-pmr-con-vehiculo-a-motor-al-area-de-prioridad-residencial-ciutat-vella-nord\/\" \/>\n<meta property=\"og:locale\" content=\"es_ES\" \/>\n<meta property=\"og:type\" content=\"article\" \/>\n<meta property=\"og:title\" content=\"ACCESO DE LAS PMR CON VEH\u00cdCULO A MOTOR AL AREA DE PRIORIDAD RESIDENCIAL &quot;Ciutat Vella Nord&quot; - Cocemfe Valencia\" \/>\n<meta property=\"og:description\" content=\"INFORMACI\u00d3N DE LA COMISI\u00d3N DE ACCESIBILIDAD. 11 Febrero 2021. El Ayuntamiento de Val\u00e8ncia aprob\u00f3 en noviembre la creaci\u00f3n de un \u00c1rea de Prioridad Residencial (APR) denominada \u00abCiutat Vella Nord\u00bb y los requisitos, condiciones y procedimientos que regir\u00e1n el acceso a este \u00c1rea, con el objetivo de mejorar la seguridad vial peatonal de residentes y visitantes,&hellip;&nbsp;Leer m\u00e1s &raquo;ACCESO DE LAS PMR CON VEH\u00cdCULO A MOTOR AL AREA DE PRIORIDAD RESIDENCIAL \u00abCiutat Vella Nord\u00bb\" \/>\n<meta property=\"og:url\" content=\"https:\/\/cocemfevalencia.org\/es\/acceso-de-las-pmr-con-vehiculo-a-motor-al-area-de-prioridad-residencial-ciutat-vella-nord\/\" \/>\n<meta property=\"og:site_name\" content=\"Cocemfe Valencia\" \/>\n<meta property=\"article:publisher\" content=\"https:\/\/www.facebook.com\/cocemfe.valencia\" \/>\n<meta property=\"article:published_time\" content=\"2021-02-15T10:33:52+00:00\" \/>\n<meta property=\"og:image\" content=\"https:\/\/cocemfevalencia.org\/wp-content\/uploads\/2021\/02\/ciutatvella-1024x683-1.jpg\" \/>\n\t<meta property=\"og:image:width\" content=\"1024\" \/>\n\t<meta property=\"og:image:height\" content=\"683\" \/>\n\t<meta property=\"og:image:type\" content=\"image\/jpeg\" \/>\n<meta name=\"author\" content=\"COCEMFE VALENCIA\" \/>\n<meta name=\"twitter:card\" content=\"summary_large_image\" \/>\n<meta name=\"twitter:creator\" content=\"@COCEMFEValencia\" \/>\n<meta name=\"twitter:site\" content=\"@COCEMFEValencia\" \/>\n<meta name=\"twitter:label1\" content=\"Escrito por\" \/>\n\t<meta name=\"twitter:data1\" content=\"COCEMFE VALENCIA\" \/>\n\t<meta name=\"twitter:label2\" content=\"Tiempo de lectura\" \/>\n\t<meta name=\"twitter:data2\" content=\"5 minutos\" \/>\n<script type=\"application\/ld+json\" class=\"yoast-schema-graph\">{\"@context\":\"https:\\\/\\\/schema.org\",\"@graph\":[{\"@type\":\"Article\",\"@id\":\"https:\\\/\\\/cocemfevalencia.org\\\/es\\\/acceso-de-las-pmr-con-vehiculo-a-motor-al-area-de-prioridad-residencial-ciutat-vella-nord\\\/#article\",\"isPartOf\":{\"@id\":\"https:\\\/\\\/cocemfevalencia.org\\\/es\\\/acceso-de-las-pmr-con-vehiculo-a-motor-al-area-de-prioridad-residencial-ciutat-vella-nord\\\/\"},\"author\":{\"name\":\"COCEMFE VALENCIA\",\"@id\":\"https:\\\/\\\/cocemfevalencia.org\\\/es\\\/#\\\/schema\\\/person\\\/e31a24227ccbc918e2c80add51990ad7\"},\"headline\":\"ACCESO DE LAS PMR CON VEH\u00cdCULO A MOTOR AL AREA DE PRIORIDAD RESIDENCIAL \u00abCiutat Vella Nord\u00bb\",\"datePublished\":\"2021-02-15T10:33:52+00:00\",\"mainEntityOfPage\":{\"@id\":\"https:\\\/\\\/cocemfevalencia.org\\\/es\\\/acceso-de-las-pmr-con-vehiculo-a-motor-al-area-de-prioridad-residencial-ciutat-vella-nord\\\/\"},\"wordCount\":1109,\"publisher\":{\"@id\":\"https:\\\/\\\/cocemfevalencia.org\\\/es\\\/#organization\"},\"image\":{\"@id\":\"https:\\\/\\\/cocemfevalencia.org\\\/es\\\/acceso-de-las-pmr-con-vehiculo-a-motor-al-area-de-prioridad-residencial-ciutat-vella-nord\\\/#primaryimage\"},\"thumbnailUrl\":\"https:\\\/\\\/cocemfevalencia.org\\\/wp-content\\\/uploads\\\/2021\\\/02\\\/ciutatvella-1024x683-1.jpg\",\"articleSection\":[\"Not\u00edcies\"],\"inLanguage\":\"es\"},{\"@type\":\"WebPage\",\"@id\":\"https:\\\/\\\/cocemfevalencia.org\\\/es\\\/acceso-de-las-pmr-con-vehiculo-a-motor-al-area-de-prioridad-residencial-ciutat-vella-nord\\\/\",\"url\":\"https:\\\/\\\/cocemfevalencia.org\\\/es\\\/acceso-de-las-pmr-con-vehiculo-a-motor-al-area-de-prioridad-residencial-ciutat-vella-nord\\\/\",\"name\":\"ACCESO DE LAS PMR CON VEH\u00cdCULO A MOTOR AL AREA DE PRIORIDAD RESIDENCIAL \\\"Ciutat Vella Nord\\\" - Cocemfe Valencia\",\"isPartOf\":{\"@id\":\"https:\\\/\\\/cocemfevalencia.org\\\/es\\\/#website\"},\"primaryImageOfPage\":{\"@id\":\"https:\\\/\\\/cocemfevalencia.org\\\/es\\\/acceso-de-las-pmr-con-vehiculo-a-motor-al-area-de-prioridad-residencial-ciutat-vella-nord\\\/#primaryimage\"},\"image\":{\"@id\":\"https:\\\/\\\/cocemfevalencia.org\\\/es\\\/acceso-de-las-pmr-con-vehiculo-a-motor-al-area-de-prioridad-residencial-ciutat-vella-nord\\\/#primaryimage\"},\"thumbnailUrl\":\"https:\\\/\\\/cocemfevalencia.org\\\/wp-content\\\/uploads\\\/2021\\\/02\\\/ciutatvella-1024x683-1.jpg\",\"datePublished\":\"2021-02-15T10:33:52+00:00\",\"breadcrumb\":{\"@id\":\"https:\\\/\\\/cocemfevalencia.org\\\/es\\\/acceso-de-las-pmr-con-vehiculo-a-motor-al-area-de-prioridad-residencial-ciutat-vella-nord\\\/#breadcrumb\"},\"inLanguage\":\"es\",\"potentialAction\":[{\"@type\":\"ReadAction\",\"target\":[\"https:\\\/\\\/cocemfevalencia.org\\\/es\\\/acceso-de-las-pmr-con-vehiculo-a-motor-al-area-de-prioridad-residencial-ciutat-vella-nord\\\/\"]}]},{\"@type\":\"ImageObject\",\"inLanguage\":\"es\",\"@id\":\"https:\\\/\\\/cocemfevalencia.org\\\/es\\\/acceso-de-las-pmr-con-vehiculo-a-motor-al-area-de-prioridad-residencial-ciutat-vella-nord\\\/#primaryimage\",\"url\":\"https:\\\/\\\/cocemfevalencia.org\\\/wp-content\\\/uploads\\\/2021\\\/02\\\/ciutatvella-1024x683-1.jpg\",\"contentUrl\":\"https:\\\/\\\/cocemfevalencia.org\\\/wp-content\\\/uploads\\\/2021\\\/02\\\/ciutatvella-1024x683-1.jpg\",\"width\":1024,\"height\":683},{\"@type\":\"BreadcrumbList\",\"@id\":\"https:\\\/\\\/cocemfevalencia.org\\\/es\\\/acceso-de-las-pmr-con-vehiculo-a-motor-al-area-de-prioridad-residencial-ciutat-vella-nord\\\/#breadcrumb\",\"itemListElement\":[{\"@type\":\"ListItem\",\"position\":1,\"name\":\"Portada\",\"item\":\"https:\\\/\\\/cocemfevalencia.org\\\/es\\\/\"},{\"@type\":\"ListItem\",\"position\":2,\"name\":\"ACCESO DE LAS PMR CON VEH\u00cdCULO A MOTOR AL AREA DE PRIORIDAD RESIDENCIAL &#8220;Ciutat Vella Nord&#8221;\"}]},{\"@type\":\"WebSite\",\"@id\":\"https:\\\/\\\/cocemfevalencia.org\\\/es\\\/#website\",\"url\":\"https:\\\/\\\/cocemfevalencia.org\\\/es\\\/\",\"name\":\"Cocemfe Valencia\",\"description\":\"FEDERACI\u00d3N DE ASOCIACIONES DE PERSONAS CON DISCAPACIDAD F\u00cdSICA Y ORG\u00c1NICA DE LA PROV\u00cdNCIA DE VALENCIA\",\"publisher\":{\"@id\":\"https:\\\/\\\/cocemfevalencia.org\\\/es\\\/#organization\"},\"potentialAction\":[{\"@type\":\"SearchAction\",\"target\":{\"@type\":\"EntryPoint\",\"urlTemplate\":\"https:\\\/\\\/cocemfevalencia.org\\\/es\\\/?s={search_term_string}\"},\"query-input\":{\"@type\":\"PropertyValueSpecification\",\"valueRequired\":true,\"valueName\":\"search_term_string\"}}],\"inLanguage\":\"es\"},{\"@type\":\"Organization\",\"@id\":\"https:\\\/\\\/cocemfevalencia.org\\\/es\\\/#organization\",\"name\":\"Cocemfe Valencia\",\"url\":\"https:\\\/\\\/cocemfevalencia.org\\\/es\\\/\",\"logo\":{\"@type\":\"ImageObject\",\"inLanguage\":\"es\",\"@id\":\"https:\\\/\\\/cocemfevalencia.org\\\/es\\\/#\\\/schema\\\/logo\\\/image\\\/\",\"url\":\"https:\\\/\\\/cocemfevalencia.org\\\/wp-content\\\/uploads\\\/2023\\\/03\\\/0312-Horizontal-una-linea-larga-rgb-positivo-Tricolor.png\",\"contentUrl\":\"https:\\\/\\\/cocemfevalencia.org\\\/wp-content\\\/uploads\\\/2023\\\/03\\\/0312-Horizontal-una-linea-larga-rgb-positivo-Tricolor.png\",\"width\":2334,\"height\":613,\"caption\":\"Cocemfe Valencia\"},\"image\":{\"@id\":\"https:\\\/\\\/cocemfevalencia.org\\\/es\\\/#\\\/schema\\\/logo\\\/image\\\/\"},\"sameAs\":[\"https:\\\/\\\/www.facebook.com\\\/cocemfe.valencia\",\"https:\\\/\\\/x.com\\\/COCEMFEValencia\"]},{\"@type\":\"Person\",\"@id\":\"https:\\\/\\\/cocemfevalencia.org\\\/es\\\/#\\\/schema\\\/person\\\/e31a24227ccbc918e2c80add51990ad7\",\"name\":\"COCEMFE VALENCIA\",\"image\":{\"@type\":\"ImageObject\",\"inLanguage\":\"es\",\"@id\":\"https:\\\/\\\/secure.gravatar.com\\\/avatar\\\/81dd2ced4591577d70433bbfde65ba3f931e09f5cb4ca8c890817c47789b47f0?s=96&d=mm&r=g\",\"url\":\"https:\\\/\\\/secure.gravatar.com\\\/avatar\\\/81dd2ced4591577d70433bbfde65ba3f931e09f5cb4ca8c890817c47789b47f0?s=96&d=mm&r=g\",\"contentUrl\":\"https:\\\/\\\/secure.gravatar.com\\\/avatar\\\/81dd2ced4591577d70433bbfde65ba3f931e09f5cb4ca8c890817c47789b47f0?s=96&d=mm&r=g\",\"caption\":\"COCEMFE VALENCIA\"}}]}<\/script>\n<!-- \/ Yoast SEO plugin. -->","yoast_head_json":{"title":"ACCESO DE LAS PMR CON VEH\u00cdCULO A MOTOR AL AREA DE PRIORIDAD RESIDENCIAL \"Ciutat Vella Nord\" - Cocemfe Valencia","robots":{"index":"index","follow":"follow","max-snippet":"max-snippet:-1","max-image-preview":"max-image-preview:large","max-video-preview":"max-video-preview:-1"},"canonical":"https:\/\/cocemfevalencia.org\/es\/acceso-de-las-pmr-con-vehiculo-a-motor-al-area-de-prioridad-residencial-ciutat-vella-nord\/","og_locale":"es_ES","og_type":"article","og_title":"ACCESO DE LAS PMR CON VEH\u00cdCULO A MOTOR AL AREA DE PRIORIDAD RESIDENCIAL \"Ciutat Vella Nord\" - Cocemfe Valencia","og_description":"INFORMACI\u00d3N DE LA COMISI\u00d3N DE ACCESIBILIDAD. 11 Febrero 2021. El Ayuntamiento de Val\u00e8ncia aprob\u00f3 en noviembre la creaci\u00f3n de un \u00c1rea de Prioridad Residencial (APR) denominada \u00abCiutat Vella Nord\u00bb y los requisitos, condiciones y procedimientos que regir\u00e1n el acceso a este \u00c1rea, con el objetivo de mejorar la seguridad vial peatonal de residentes y visitantes,&hellip;&nbsp;Leer m\u00e1s &raquo;ACCESO DE LAS PMR CON VEH\u00cdCULO A MOTOR AL AREA DE PRIORIDAD RESIDENCIAL \u00abCiutat Vella Nord\u00bb","og_url":"https:\/\/cocemfevalencia.org\/es\/acceso-de-las-pmr-con-vehiculo-a-motor-al-area-de-prioridad-residencial-ciutat-vella-nord\/","og_site_name":"Cocemfe Valencia","article_publisher":"https:\/\/www.facebook.com\/cocemfe.valencia","article_published_time":"2021-02-15T10:33:52+00:00","og_image":[{"width":1024,"height":683,"url":"https:\/\/cocemfevalencia.org\/wp-content\/uploads\/2021\/02\/ciutatvella-1024x683-1.jpg","type":"image\/jpeg"}],"author":"COCEMFE VALENCIA","twitter_card":"summary_large_image","twitter_creator":"@COCEMFEValencia","twitter_site":"@COCEMFEValencia","twitter_misc":{"Escrito por":"COCEMFE VALENCIA","Tiempo de lectura":"5 minutos"},"schema":{"@context":"https:\/\/schema.org","@graph":[{"@type":"Article","@id":"https:\/\/cocemfevalencia.org\/es\/acceso-de-las-pmr-con-vehiculo-a-motor-al-area-de-prioridad-residencial-ciutat-vella-nord\/#article","isPartOf":{"@id":"https:\/\/cocemfevalencia.org\/es\/acceso-de-las-pmr-con-vehiculo-a-motor-al-area-de-prioridad-residencial-ciutat-vella-nord\/"},"author":{"name":"COCEMFE VALENCIA","@id":"https:\/\/cocemfevalencia.org\/es\/#\/schema\/person\/e31a24227ccbc918e2c80add51990ad7"},"headline":"ACCESO DE LAS PMR CON VEH\u00cdCULO A MOTOR AL AREA DE PRIORIDAD RESIDENCIAL \u00abCiutat Vella Nord\u00bb","datePublished":"2021-02-15T10:33:52+00:00","mainEntityOfPage":{"@id":"https:\/\/cocemfevalencia.org\/es\/acceso-de-las-pmr-con-vehiculo-a-motor-al-area-de-prioridad-residencial-ciutat-vella-nord\/"},"wordCount":1109,"publisher":{"@id":"https:\/\/cocemfevalencia.org\/es\/#organization"},"image":{"@id":"https:\/\/cocemfevalencia.org\/es\/acceso-de-las-pmr-con-vehiculo-a-motor-al-area-de-prioridad-residencial-ciutat-vella-nord\/#primaryimage"},"thumbnailUrl":"https:\/\/cocemfevalencia.org\/wp-content\/uploads\/2021\/02\/ciutatvella-1024x683-1.jpg","articleSection":["Not\u00edcies"],"inLanguage":"es"},{"@type":"WebPage","@id":"https:\/\/cocemfevalencia.org\/es\/acceso-de-las-pmr-con-vehiculo-a-motor-al-area-de-prioridad-residencial-ciutat-vella-nord\/","url":"https:\/\/cocemfevalencia.org\/es\/acceso-de-las-pmr-con-vehiculo-a-motor-al-area-de-prioridad-residencial-ciutat-vella-nord\/","name":"ACCESO DE LAS PMR CON VEH\u00cdCULO A MOTOR AL AREA DE PRIORIDAD RESIDENCIAL \"Ciutat Vella Nord\" - Cocemfe Valencia","isPartOf":{"@id":"https:\/\/cocemfevalencia.org\/es\/#website"},"primaryImageOfPage":{"@id":"https:\/\/cocemfevalencia.org\/es\/acceso-de-las-pmr-con-vehiculo-a-motor-al-area-de-prioridad-residencial-ciutat-vella-nord\/#primaryimage"},"image":{"@id":"https:\/\/cocemfevalencia.org\/es\/acceso-de-las-pmr-con-vehiculo-a-motor-al-area-de-prioridad-residencial-ciutat-vella-nord\/#primaryimage"},"thumbnailUrl":"https:\/\/cocemfevalencia.org\/wp-content\/uploads\/2021\/02\/ciutatvella-1024x683-1.jpg","datePublished":"2021-02-15T10:33:52+00:00","breadcrumb":{"@id":"https:\/\/cocemfevalencia.org\/es\/acceso-de-las-pmr-con-vehiculo-a-motor-al-area-de-prioridad-residencial-ciutat-vella-nord\/#breadcrumb"},"inLanguage":"es","potentialAction":[{"@type":"ReadAction","target":["https:\/\/cocemfevalencia.org\/es\/acceso-de-las-pmr-con-vehiculo-a-motor-al-area-de-prioridad-residencial-ciutat-vella-nord\/"]}]},{"@type":"ImageObject","inLanguage":"es","@id":"https:\/\/cocemfevalencia.org\/es\/acceso-de-las-pmr-con-vehiculo-a-motor-al-area-de-prioridad-residencial-ciutat-vella-nord\/#primaryimage","url":"https:\/\/cocemfevalencia.org\/wp-content\/uploads\/2021\/02\/ciutatvella-1024x683-1.jpg","contentUrl":"https:\/\/cocemfevalencia.org\/wp-content\/uploads\/2021\/02\/ciutatvella-1024x683-1.jpg","width":1024,"height":683},{"@type":"BreadcrumbList","@id":"https:\/\/cocemfevalencia.org\/es\/acceso-de-las-pmr-con-vehiculo-a-motor-al-area-de-prioridad-residencial-ciutat-vella-nord\/#breadcrumb","itemListElement":[{"@type":"ListItem","position":1,"name":"Portada","item":"https:\/\/cocemfevalencia.org\/es\/"},{"@type":"ListItem","position":2,"name":"ACCESO DE LAS PMR CON VEH\u00cdCULO A MOTOR AL AREA DE PRIORIDAD RESIDENCIAL &#8220;Ciutat Vella Nord&#8221;"}]},{"@type":"WebSite","@id":"https:\/\/cocemfevalencia.org\/es\/#website","url":"https:\/\/cocemfevalencia.org\/es\/","name":"Cocemfe Valencia","description":"FEDERACI\u00d3N DE ASOCIACIONES DE PERSONAS CON DISCAPACIDAD F\u00cdSICA Y ORG\u00c1NICA DE LA PROV\u00cdNCIA DE VALENCIA","publisher":{"@id":"https:\/\/cocemfevalencia.org\/es\/#organization"},"potentialAction":[{"@type":"SearchAction","target":{"@type":"EntryPoint","urlTemplate":"https:\/\/cocemfevalencia.org\/es\/?s={search_term_string}"},"query-input":{"@type":"PropertyValueSpecification","valueRequired":true,"valueName":"search_term_string"}}],"inLanguage":"es"},{"@type":"Organization","@id":"https:\/\/cocemfevalencia.org\/es\/#organization","name":"Cocemfe Valencia","url":"https:\/\/cocemfevalencia.org\/es\/","logo":{"@type":"ImageObject","inLanguage":"es","@id":"https:\/\/cocemfevalencia.org\/es\/#\/schema\/logo\/image\/","url":"https:\/\/cocemfevalencia.org\/wp-content\/uploads\/2023\/03\/0312-Horizontal-una-linea-larga-rgb-positivo-Tricolor.png","contentUrl":"https:\/\/cocemfevalencia.org\/wp-content\/uploads\/2023\/03\/0312-Horizontal-una-linea-larga-rgb-positivo-Tricolor.png","width":2334,"height":613,"caption":"Cocemfe Valencia"},"image":{"@id":"https:\/\/cocemfevalencia.org\/es\/#\/schema\/logo\/image\/"},"sameAs":["https:\/\/www.facebook.com\/cocemfe.valencia","https:\/\/x.com\/COCEMFEValencia"]},{"@type":"Person","@id":"https:\/\/cocemfevalencia.org\/es\/#\/schema\/person\/e31a24227ccbc918e2c80add51990ad7","name":"COCEMFE VALENCIA","image":{"@type":"ImageObject","inLanguage":"es","@id":"https:\/\/secure.gravatar.com\/avatar\/81dd2ced4591577d70433bbfde65ba3f931e09f5cb4ca8c890817c47789b47f0?s=96&d=mm&r=g","url":"https:\/\/secure.gravatar.com\/avatar\/81dd2ced4591577d70433bbfde65ba3f931e09f5cb4ca8c890817c47789b47f0?s=96&d=mm&r=g","contentUrl":"https:\/\/secure.gravatar.com\/avatar\/81dd2ced4591577d70433bbfde65ba3f931e09f5cb4ca8c890817c47789b47f0?s=96&d=mm&r=g","caption":"COCEMFE VALENCIA"}}]}},"_links":{"self":[{"href":"https:\/\/cocemfevalencia.org\/es\/wp-json\/wp\/v2\/posts\/4897","targetHints":{"allow":["GET"]}}],"collection":[{"href":"https:\/\/cocemfevalencia.org\/es\/wp-json\/wp\/v2\/posts"}],"about":[{"href":"https:\/\/cocemfevalencia.org\/es\/wp-json\/wp\/v2\/types\/post"}],"author":[{"embeddable":true,"href":"https:\/\/cocemfevalencia.org\/es\/wp-json\/wp\/v2\/users\/3"}],"replies":[{"embeddable":true,"href":"https:\/\/cocemfevalencia.org\/es\/wp-json\/wp\/v2\/comments?post=4897"}],"version-history":[{"count":0,"href":"https:\/\/cocemfevalencia.org\/es\/wp-json\/wp\/v2\/posts\/4897\/revisions"}],"wp:featuredmedia":[{"embeddable":true,"href":"https:\/\/cocemfevalencia.org\/es\/wp-json\/wp\/v2\/media\/4898"}],"wp:attachment":[{"href":"https:\/\/cocemfevalencia.org\/es\/wp-json\/wp\/v2\/media?parent=4897"}],"wp:term":[{"taxonomy":"category","embeddable":true,"href":"https:\/\/cocemfevalencia.org\/es\/wp-json\/wp\/v2\/categories?post=4897"},{"taxonomy":"post_tag","embeddable":true,"href":"https:\/\/cocemfevalencia.org\/es\/wp-json\/wp\/v2\/tags?post=4897"}],"curies":[{"name":"wp","href":"https:\/\/api.w.org\/{rel}","templated":true}]}}