{"id":4919,"date":"2021-02-26T10:55:53","date_gmt":"2021-02-26T08:55:53","guid":{"rendered":"http:\/\/cocemfevalencia.org\/?p=4919"},"modified":"2021-02-26T10:55:53","modified_gmt":"2021-02-26T08:55:53","slug":"la-voz-de-cocemfe-valencia-segundo-testimonio-mes-de-febrero-dedicado-a-enfermedades-raras","status":"publish","type":"post","link":"https:\/\/cocemfevalencia.org\/es\/la-voz-de-cocemfe-valencia-segundo-testimonio-mes-de-febrero-dedicado-a-enfermedades-raras\/","title":{"rendered":"LA VOZ DE COCEMFE VALENCIA: Segundo Testimonio mes de febrero dedicado a Enfermedades Raras"},"content":{"rendered":"\t\t<div data-elementor-type=\"wp-post\" data-elementor-id=\"4919\" class=\"elementor elementor-4919\" data-elementor-post-type=\"post\">\n\t\t\t\t\t\t<section class=\"elementor-section elementor-top-section elementor-element elementor-element-0bc0ae6 elementor-section-boxed elementor-section-height-default elementor-section-height-default\" data-id=\"0bc0ae6\" data-element_type=\"section\" data-e-type=\"section\">\n\t\t\t\t\t\t<div class=\"elementor-container elementor-column-gap-default\">\n\t\t\t\t\t<div class=\"elementor-column elementor-col-100 elementor-top-column elementor-element elementor-element-0f34ae2\" data-id=\"0f34ae2\" data-element_type=\"column\" data-e-type=\"column\">\n\t\t\t<div class=\"elementor-widget-wrap elementor-element-populated\">\n\t\t\t\t\t\t<div class=\"elementor-element elementor-element-4b71b49 elementor-widget elementor-widget-text-editor\" data-id=\"4b71b49\" data-element_type=\"widget\" data-e-type=\"widget\" data-widget_type=\"text-editor.default\">\n\t\t\t\t<div class=\"elementor-widget-container\">\n\t\t\t\t\t\t\t\t\t<p>\u00a1Hola! Soy Diego, tengo 28 a\u00f1os y una distrofia muscular. Nunca hab\u00eda escrito esas tres cosas as\u00ed juntas, creo. Mi problema con mi distrofia es que no se sabe exactamente de qu\u00e9 tipo es, as\u00ed que no se puede prever qu\u00e9 va a pasar conmigo. Por lo que le comentaron a mis padres al poco de nacer yo, no deber\u00eda estar caminando ahora mismo. Y, sin embargo, camino.<\/p>\t\t\t\t\t\t\t\t<\/div>\n\t\t\t\t<\/div>\n\t\t\t\t\t<\/div>\n\t\t<\/div>\n\t\t\t\t\t<\/div>\n\t\t<\/section>\n\t\t\t\t<section class=\"elementor-section elementor-top-section elementor-element elementor-element-6d0fd83 elementor-section-boxed elementor-section-height-default elementor-section-height-default\" data-id=\"6d0fd83\" data-element_type=\"section\" data-e-type=\"section\">\n\t\t\t\t\t\t<div class=\"elementor-container elementor-column-gap-default\">\n\t\t\t\t\t<div class=\"elementor-column elementor-col-100 elementor-top-column elementor-element elementor-element-38b43f0\" data-id=\"38b43f0\" data-element_type=\"column\" data-e-type=\"column\">\n\t\t\t<div class=\"elementor-widget-wrap elementor-element-populated\">\n\t\t\t\t\t\t<div class=\"elementor-element elementor-element-91e90b8 elementor-widget-divider--view-line elementor-widget elementor-widget-divider\" data-id=\"91e90b8\" data-element_type=\"widget\" data-e-type=\"widget\" data-widget_type=\"divider.default\">\n\t\t\t\t<div class=\"elementor-widget-container\">\n\t\t\t\t\t\t\t<div class=\"elementor-divider\">\n\t\t\t<span class=\"elementor-divider-separator\">\n\t\t\t\t\t\t<\/span>\n\t\t<\/div>\n\t\t\t\t\t\t<\/div>\n\t\t\t\t<\/div>\n\t\t\t\t\t<\/div>\n\t\t<\/div>\n\t\t\t\t\t<\/div>\n\t\t<\/section>\n\t\t\t\t<section class=\"elementor-section elementor-top-section elementor-element elementor-element-81fe238 elementor-section-boxed elementor-section-height-default elementor-section-height-default\" data-id=\"81fe238\" data-element_type=\"section\" data-e-type=\"section\">\n\t\t\t\t\t\t<div class=\"elementor-container elementor-column-gap-default\">\n\t\t\t\t\t<div class=\"elementor-column elementor-col-50 elementor-top-column elementor-element elementor-element-6279075\" data-id=\"6279075\" data-element_type=\"column\" data-e-type=\"column\">\n\t\t\t<div class=\"elementor-widget-wrap elementor-element-populated\">\n\t\t\t\t\t\t<div class=\"elementor-element elementor-element-ceafc93 elementor-widget elementor-widget-image\" data-id=\"ceafc93\" data-element_type=\"widget\" data-e-type=\"widget\" data-widget_type=\"image.default\">\n\t\t\t\t<div class=\"elementor-widget-container\">\n\t\t\t\t\t\t\t\t\t\t\t\t\t\t\t<img fetchpriority=\"high\" decoding=\"async\" width=\"600\" height=\"600\" src=\"https:\/\/cocemfevalencia.org\/wp-content\/uploads\/2021\/02\/Diego-Freire.jpg\" class=\"attachment-large size-large wp-image-4922\" alt=\"\" srcset=\"https:\/\/cocemfevalencia.org\/wp-content\/uploads\/2021\/02\/Diego-Freire.jpg 600w, https:\/\/cocemfevalencia.org\/wp-content\/uploads\/2021\/02\/Diego-Freire-300x300.jpg 300w, https:\/\/cocemfevalencia.org\/wp-content\/uploads\/2021\/02\/Diego-Freire-150x150.jpg 150w\" sizes=\"(max-width: 600px) 100vw, 600px\" \/>\t\t\t\t\t\t\t\t\t\t\t\t\t\t\t<\/div>\n\t\t\t\t<\/div>\n\t\t\t\t\t<\/div>\n\t\t<\/div>\n\t\t\t\t<div class=\"elementor-column elementor-col-50 elementor-top-column elementor-element elementor-element-35ae1ba\" data-id=\"35ae1ba\" data-element_type=\"column\" data-e-type=\"column\">\n\t\t\t<div class=\"elementor-widget-wrap elementor-element-populated\">\n\t\t\t\t\t\t<div class=\"elementor-element elementor-element-07002df elementor-widget elementor-widget-text-editor\" data-id=\"07002df\" data-element_type=\"widget\" data-e-type=\"widget\" data-widget_type=\"text-editor.default\">\n\t\t\t\t<div class=\"elementor-widget-container\">\n\t\t\t\t\t\t\t\t\t<p>Todo lo que he hecho hasta ahora, si lo pienso con distancia, es una serie de cosas que no deber\u00eda haber hecho. Y, sin embargo, hice.<\/p><p>A los 17 a\u00f1os, cuando quedaba un mes para que cumpliese los 18, tuve que coger un tren para irme a Madrid a estudiar. Fue algo muy repentino. No he vuelto a casa desde entonces. He vivido en Getafe cuatro a\u00f1os, luego en Madrid otros cuatro y llevo viviendo en Valencia desde verano de 2018. El \u00faltimo a\u00f1o y medio, he vivido solo. En Getafe hice la carrera; en Madrid me explotaron en un par de sitios, como a toda persona de mi generaci\u00f3n; y no ha sido hasta que he llegado a Valencia que he encontrado un trabajo estable, donde se me valora y me siento m\u00e1s que a gusto. Debo decir que de mi parte tengo todas las ventajas asociadas a un hombre blanco cis hetero mediocre cuya familia no ha pasado apuros econ\u00f3micos extremos.<\/p><p>Se podr\u00eda pensar que soy muy valiente por haber hecho esto todo pese a mi enfermedad. No puedo correr, me cuesta mucho caminar, cualquier escal\u00f3n o bordillo alto es un esfuerzo desmedido, no puedo cargar con peso y tampoco levantarme de una silla con normalidad. Hacer lo que hago pese a todo lo que no puedo hacer no es valent\u00eda; es inconsciencia mezclada con una cabezoner\u00eda ignorante.<\/p>\t\t\t\t\t\t\t\t<\/div>\n\t\t\t\t<\/div>\n\t\t\t\t\t<\/div>\n\t\t<\/div>\n\t\t\t\t\t<\/div>\n\t\t<\/section>\n\t\t\t\t<section class=\"elementor-section elementor-top-section elementor-element elementor-element-1e2a917 elementor-section-boxed elementor-section-height-default elementor-section-height-default\" data-id=\"1e2a917\" data-element_type=\"section\" data-e-type=\"section\">\n\t\t\t\t\t\t<div class=\"elementor-container elementor-column-gap-default\">\n\t\t\t\t\t<div class=\"elementor-column elementor-col-100 elementor-top-column elementor-element elementor-element-e3e36ad\" data-id=\"e3e36ad\" data-element_type=\"column\" data-e-type=\"column\">\n\t\t\t<div class=\"elementor-widget-wrap elementor-element-populated\">\n\t\t\t\t\t\t<div class=\"elementor-element elementor-element-7fed2d0 elementor-widget elementor-widget-text-editor\" data-id=\"7fed2d0\" data-element_type=\"widget\" data-e-type=\"widget\" data-widget_type=\"text-editor.default\">\n\t\t\t\t<div class=\"elementor-widget-container\">\n\t\t\t\t\t\t\t\t\t<p>Durante mucho tiempo he ignorado mis propias limitaciones y he decidido que si quer\u00eda hacer algo, iba a hacerlo. Pero esto tambi\u00e9n ha sido un foco de frustraciones y problemas. Entr\u00e9 en la carrera con la idea de hacer cine, pero con el tiempo me di cuenta de que no pod\u00eda aguantar el ritmo de un rodaje o manejar una c\u00e1mara con soltura por mi cuenta (no es que en Espa\u00f1a sea f\u00e1cil o seguro hacer cine, de todas formas). En vez de aceptar estas limitaciones, me mortificaba porque pensaba que eran culpa m\u00eda de alguna manera, que era yo el que no se estaba esforzando lo suficiente. Ahora, con un trabajo estable desarrollando videojuegos, me doy cuenta de que esa ansia creativa puede volcarse y desarrollarse en diversos \u00e1mbitos. Tengo un trabajo de oficina, m\u00e1s apropiado y adaptado a mis necesidades, pero tambi\u00e9n tengo (o ten\u00eda, antes de la pandemia) eventos puntuales que me obligaban a estar bajo cierta presi\u00f3n f\u00edsica y mental.<\/p>\t\t\t\t\t\t\t\t<\/div>\n\t\t\t\t<\/div>\n\t\t\t\t\t<\/div>\n\t\t<\/div>\n\t\t\t\t\t<\/div>\n\t\t<\/section>\n\t\t\t\t<section class=\"elementor-section elementor-top-section elementor-element elementor-element-afad386 elementor-section-boxed elementor-section-height-default elementor-section-height-default\" data-id=\"afad386\" data-element_type=\"section\" data-e-type=\"section\">\n\t\t\t\t\t\t<div class=\"elementor-container elementor-column-gap-default\">\n\t\t\t\t\t<div class=\"elementor-column elementor-col-50 elementor-top-column elementor-element elementor-element-1105598\" data-id=\"1105598\" data-element_type=\"column\" data-e-type=\"column\">\n\t\t\t<div class=\"elementor-widget-wrap elementor-element-populated\">\n\t\t\t\t\t\t<div class=\"elementor-element elementor-element-100430d elementor-widget elementor-widget-image\" data-id=\"100430d\" data-element_type=\"widget\" data-e-type=\"widget\" data-widget_type=\"image.default\">\n\t\t\t\t<div class=\"elementor-widget-container\">\n\t\t\t\t\t\t\t\t\t\t\t\t\t\t\t<img decoding=\"async\" width=\"857\" height=\"571\" src=\"https:\/\/cocemfevalencia.org\/wp-content\/uploads\/2021\/02\/Diego-Freire-1.jpg\" class=\"attachment-large size-large wp-image-4923\" alt=\"\" srcset=\"https:\/\/cocemfevalencia.org\/wp-content\/uploads\/2021\/02\/Diego-Freire-1.jpg 857w, https:\/\/cocemfevalencia.org\/wp-content\/uploads\/2021\/02\/Diego-Freire-1-300x200.jpg 300w, https:\/\/cocemfevalencia.org\/wp-content\/uploads\/2021\/02\/Diego-Freire-1-768x512.jpg 768w\" sizes=\"(max-width: 857px) 100vw, 857px\" \/>\t\t\t\t\t\t\t\t\t\t\t\t\t\t\t<\/div>\n\t\t\t\t<\/div>\n\t\t\t\t\t<\/div>\n\t\t<\/div>\n\t\t\t\t<div class=\"elementor-column elementor-col-50 elementor-top-column elementor-element elementor-element-6f3c2da\" data-id=\"6f3c2da\" data-element_type=\"column\" data-e-type=\"column\">\n\t\t\t<div class=\"elementor-widget-wrap elementor-element-populated\">\n\t\t\t\t\t\t<div class=\"elementor-element elementor-element-4799db3 elementor-widget elementor-widget-text-editor\" data-id=\"4799db3\" data-element_type=\"widget\" data-e-type=\"widget\" data-widget_type=\"text-editor.default\">\n\t\t\t\t<div class=\"elementor-widget-container\">\n\t\t\t\t\t\t\t\t\t<p>Lo que no ve\u00eda, y lo que a\u00fan me cuesta ver y aceptar, es toda la ayuda que tengo y que necesito. Aceptar las limitaciones de uno no significa dejar de hacer, sino buscar maneras para hacer que implican, estoy seguro de ello, a los dem\u00e1s. No podr\u00eda haber vivido diez a\u00f1os fuera de casa sin el apoyo moral (y econ\u00f3mico, ojo) de mi familia, que es el mejor n\u00facleo familiar que puede tocarte en la loter\u00eda del cosmos. Me gustar\u00eda conocer a todas las personas de la tierra solo para confirmar de forma emp\u00edrica que mi pareja, que lleva conmigo casi la totalidad de esos diez a\u00f1os, es el mejor ser humano que existe. Mis amigos, que injustificadamente a veces dudo de que me soporten, siempre aparecen como una luz fulgurante (\u00a1y a veces creo que me quieren y todo!).<\/p><p>Me cuesta admitir mis limitaciones y mi necesidad para pedir ayuda porque me hace sentir como que no soy una persona completa, como si necesitar a los dem\u00e1s fuese alg\u00fan tipo de caridad que no merezco. Y estoy aterrado por el futuro, no solo por esta pandemia que nos asola, sino por mi propio cuerpo: a d\u00f3nde me llevar\u00e1 mi enfermedad, c\u00f3mo estar\u00e9 en los pr\u00f3ximos diez a\u00f1os, c\u00f3mo va a evolucionar esto que tengo en m\u00ed.<\/p>\t\t\t\t\t\t\t\t<\/div>\n\t\t\t\t<\/div>\n\t\t\t\t\t<\/div>\n\t\t<\/div>\n\t\t\t\t\t<\/div>\n\t\t<\/section>\n\t\t\t\t<section class=\"elementor-section elementor-top-section elementor-element elementor-element-404ecab elementor-section-boxed elementor-section-height-default elementor-section-height-default\" data-id=\"404ecab\" data-element_type=\"section\" data-e-type=\"section\">\n\t\t\t\t\t\t<div class=\"elementor-container elementor-column-gap-default\">\n\t\t\t\t\t<div class=\"elementor-column elementor-col-100 elementor-top-column elementor-element elementor-element-f1aa9be\" data-id=\"f1aa9be\" data-element_type=\"column\" data-e-type=\"column\">\n\t\t\t<div class=\"elementor-widget-wrap elementor-element-populated\">\n\t\t\t\t\t\t<div class=\"elementor-element elementor-element-1d7afd5 elementor-widget elementor-widget-text-editor\" data-id=\"1d7afd5\" data-element_type=\"widget\" data-e-type=\"widget\" data-widget_type=\"text-editor.default\">\n\t\t\t\t<div class=\"elementor-widget-container\">\n\t\t\t\t\t\t\t\t\t<p>Pero, poco a poco, voy comprendiendo, aunque llegue tarde y ya todos lo sep\u00e1is, que nos necesitamos. Y que no pasa nada por mostrar tu enfermedad abiertamente y pedir ayuda. Que depender de los dem\u00e1s es algo natural que forma parte de uno mismo, aunque de unos m\u00e1s que de otros. Nadie se va a asustar de ti. Y, si lo hacen, su ayuda no iba a ser tan beneficiosa de todas formas. La gente que est\u00e1 contigo, lo hace porque quiere. No son rehenes.<\/p><p>Soy Diego, tengo 28 a\u00f1os y una distrofia muscular sin clasificar. Y tras 18 a\u00f1os en una ciudad peque\u00f1a, otros diez yendo de aqu\u00ed para all\u00e1 atravesando Espa\u00f1a y con la perspectiva de un futuro incierto, estoy aprendiendo por primera vez a amar a los dem\u00e1s. O, dicho de otra manera, amarme a m\u00ed mismo.<\/p>\t\t\t\t\t\t\t\t<\/div>\n\t\t\t\t<\/div>\n\t\t\t\t\t<\/div>\n\t\t<\/div>\n\t\t\t\t\t<\/div>\n\t\t<\/section>\n\t\t\t\t<\/div>\n\t\t<p>Visitas: 3<\/p>","protected":false},"excerpt":{"rendered":"<p>\u00a1Hola! Soy Diego, tengo 28 a\u00f1os y una distrofia muscular. Nunca hab\u00eda escrito esas tres cosas as\u00ed juntas, creo. Mi problema con mi distrofia es que no se sabe exactamente de qu\u00e9 tipo es, as\u00ed que no se puede prever qu\u00e9 va a pasar conmigo. Por lo que le comentaron a mis padres al poco&hellip;&nbsp;<a href=\"https:\/\/cocemfevalencia.org\/es\/la-voz-de-cocemfe-valencia-segundo-testimonio-mes-de-febrero-dedicado-a-enfermedades-raras\/\" rel=\"bookmark\">Leer m\u00e1s &raquo;<span class=\"screen-reader-text\">LA VOZ DE COCEMFE VALENCIA: Segundo Testimonio mes de febrero dedicado a Enfermedades Raras<\/span><\/a><\/p>\n","protected":false},"author":3,"featured_media":4920,"comment_status":"closed","ping_status":"closed","sticky":false,"template":"","format":"standard","meta":{"rop_custom_images_group":[],"rop_custom_messages_group":[],"rop_publish_now":"initial","rop_publish_now_accounts":[],"rop_publish_now_history":[],"rop_publish_now_status":"pending","neve_meta_sidebar":"","neve_meta_container":"","neve_meta_enable_content_width":"","neve_meta_content_width":0,"neve_meta_title_alignment":"","neve_meta_author_avatar":"","neve_post_elements_order":"","neve_meta_disable_header":"","neve_meta_disable_footer":"","neve_meta_disable_title":"","footnotes":""},"categories":[5],"tags":[],"class_list":["post-4919","post","type-post","status-publish","format-standard","has-post-thumbnail","hentry","category-noticias"],"yoast_head":"<!-- This site is optimized with the Yoast SEO plugin v27.3 - https:\/\/yoast.com\/product\/yoast-seo-wordpress\/ -->\n<title>LA VOZ DE COCEMFE VALENCIA: Segundo Testimonio mes de febrero dedicado a Enfermedades Raras - Cocemfe Valencia<\/title>\n<meta name=\"robots\" content=\"index, follow, max-snippet:-1, max-image-preview:large, max-video-preview:-1\" \/>\n<link rel=\"canonical\" href=\"https:\/\/cocemfevalencia.org\/es\/la-voz-de-cocemfe-valencia-segundo-testimonio-mes-de-febrero-dedicado-a-enfermedades-raras\/\" \/>\n<meta property=\"og:locale\" content=\"es_ES\" \/>\n<meta property=\"og:type\" content=\"article\" \/>\n<meta property=\"og:title\" content=\"LA VOZ DE COCEMFE VALENCIA: Segundo Testimonio mes de febrero dedicado a Enfermedades Raras - Cocemfe Valencia\" \/>\n<meta property=\"og:description\" content=\"\u00a1Hola! Soy Diego, tengo 28 a\u00f1os y una distrofia muscular. Nunca hab\u00eda escrito esas tres cosas as\u00ed juntas, creo. Mi problema con mi distrofia es que no se sabe exactamente de qu\u00e9 tipo es, as\u00ed que no se puede prever qu\u00e9 va a pasar conmigo. Por lo que le comentaron a mis padres al poco&hellip;&nbsp;Leer m\u00e1s &raquo;LA VOZ DE COCEMFE VALENCIA: Segundo Testimonio mes de febrero dedicado a Enfermedades Raras\" \/>\n<meta property=\"og:url\" content=\"https:\/\/cocemfevalencia.org\/es\/la-voz-de-cocemfe-valencia-segundo-testimonio-mes-de-febrero-dedicado-a-enfermedades-raras\/\" \/>\n<meta property=\"og:site_name\" content=\"Cocemfe Valencia\" \/>\n<meta property=\"article:publisher\" content=\"https:\/\/www.facebook.com\/cocemfe.valencia\" \/>\n<meta property=\"article:published_time\" content=\"2021-02-26T08:55:53+00:00\" \/>\n<meta property=\"og:image\" content=\"https:\/\/cocemfevalencia.org\/wp-content\/uploads\/2021\/02\/Diego-Freire3.jpg\" \/>\n\t<meta property=\"og:image:width\" content=\"1414\" \/>\n\t<meta property=\"og:image:height\" content=\"2000\" \/>\n\t<meta property=\"og:image:type\" content=\"image\/jpeg\" \/>\n<meta name=\"author\" content=\"COCEMFE VALENCIA\" \/>\n<meta name=\"twitter:card\" content=\"summary_large_image\" \/>\n<meta name=\"twitter:creator\" content=\"@COCEMFEValencia\" \/>\n<meta name=\"twitter:site\" content=\"@COCEMFEValencia\" \/>\n<meta name=\"twitter:label1\" content=\"Escrito por\" \/>\n\t<meta name=\"twitter:data1\" content=\"COCEMFE VALENCIA\" \/>\n\t<meta name=\"twitter:label2\" content=\"Tiempo de lectura\" \/>\n\t<meta name=\"twitter:data2\" content=\"4 minutos\" \/>\n<script type=\"application\/ld+json\" class=\"yoast-schema-graph\">{\"@context\":\"https:\\\/\\\/schema.org\",\"@graph\":[{\"@type\":\"Article\",\"@id\":\"https:\\\/\\\/cocemfevalencia.org\\\/es\\\/la-voz-de-cocemfe-valencia-segundo-testimonio-mes-de-febrero-dedicado-a-enfermedades-raras\\\/#article\",\"isPartOf\":{\"@id\":\"https:\\\/\\\/cocemfevalencia.org\\\/es\\\/la-voz-de-cocemfe-valencia-segundo-testimonio-mes-de-febrero-dedicado-a-enfermedades-raras\\\/\"},\"author\":{\"name\":\"COCEMFE VALENCIA\",\"@id\":\"https:\\\/\\\/cocemfevalencia.org\\\/es\\\/#\\\/schema\\\/person\\\/e31a24227ccbc918e2c80add51990ad7\"},\"headline\":\"LA VOZ DE COCEMFE VALENCIA: Segundo Testimonio mes de febrero dedicado a Enfermedades Raras\",\"datePublished\":\"2021-02-26T08:55:53+00:00\",\"mainEntityOfPage\":{\"@id\":\"https:\\\/\\\/cocemfevalencia.org\\\/es\\\/la-voz-de-cocemfe-valencia-segundo-testimonio-mes-de-febrero-dedicado-a-enfermedades-raras\\\/\"},\"wordCount\":880,\"publisher\":{\"@id\":\"https:\\\/\\\/cocemfevalencia.org\\\/es\\\/#organization\"},\"image\":{\"@id\":\"https:\\\/\\\/cocemfevalencia.org\\\/es\\\/la-voz-de-cocemfe-valencia-segundo-testimonio-mes-de-febrero-dedicado-a-enfermedades-raras\\\/#primaryimage\"},\"thumbnailUrl\":\"https:\\\/\\\/cocemfevalencia.org\\\/wp-content\\\/uploads\\\/2021\\\/02\\\/Diego-Freire3.jpg\",\"articleSection\":[\"Not\u00edcies\"],\"inLanguage\":\"es\"},{\"@type\":\"WebPage\",\"@id\":\"https:\\\/\\\/cocemfevalencia.org\\\/es\\\/la-voz-de-cocemfe-valencia-segundo-testimonio-mes-de-febrero-dedicado-a-enfermedades-raras\\\/\",\"url\":\"https:\\\/\\\/cocemfevalencia.org\\\/es\\\/la-voz-de-cocemfe-valencia-segundo-testimonio-mes-de-febrero-dedicado-a-enfermedades-raras\\\/\",\"name\":\"LA VOZ DE COCEMFE VALENCIA: Segundo Testimonio mes de febrero dedicado a Enfermedades Raras - Cocemfe Valencia\",\"isPartOf\":{\"@id\":\"https:\\\/\\\/cocemfevalencia.org\\\/es\\\/#website\"},\"primaryImageOfPage\":{\"@id\":\"https:\\\/\\\/cocemfevalencia.org\\\/es\\\/la-voz-de-cocemfe-valencia-segundo-testimonio-mes-de-febrero-dedicado-a-enfermedades-raras\\\/#primaryimage\"},\"image\":{\"@id\":\"https:\\\/\\\/cocemfevalencia.org\\\/es\\\/la-voz-de-cocemfe-valencia-segundo-testimonio-mes-de-febrero-dedicado-a-enfermedades-raras\\\/#primaryimage\"},\"thumbnailUrl\":\"https:\\\/\\\/cocemfevalencia.org\\\/wp-content\\\/uploads\\\/2021\\\/02\\\/Diego-Freire3.jpg\",\"datePublished\":\"2021-02-26T08:55:53+00:00\",\"breadcrumb\":{\"@id\":\"https:\\\/\\\/cocemfevalencia.org\\\/es\\\/la-voz-de-cocemfe-valencia-segundo-testimonio-mes-de-febrero-dedicado-a-enfermedades-raras\\\/#breadcrumb\"},\"inLanguage\":\"es\",\"potentialAction\":[{\"@type\":\"ReadAction\",\"target\":[\"https:\\\/\\\/cocemfevalencia.org\\\/es\\\/la-voz-de-cocemfe-valencia-segundo-testimonio-mes-de-febrero-dedicado-a-enfermedades-raras\\\/\"]}]},{\"@type\":\"ImageObject\",\"inLanguage\":\"es\",\"@id\":\"https:\\\/\\\/cocemfevalencia.org\\\/es\\\/la-voz-de-cocemfe-valencia-segundo-testimonio-mes-de-febrero-dedicado-a-enfermedades-raras\\\/#primaryimage\",\"url\":\"https:\\\/\\\/cocemfevalencia.org\\\/wp-content\\\/uploads\\\/2021\\\/02\\\/Diego-Freire3.jpg\",\"contentUrl\":\"https:\\\/\\\/cocemfevalencia.org\\\/wp-content\\\/uploads\\\/2021\\\/02\\\/Diego-Freire3.jpg\",\"width\":1414,\"height\":2000},{\"@type\":\"BreadcrumbList\",\"@id\":\"https:\\\/\\\/cocemfevalencia.org\\\/es\\\/la-voz-de-cocemfe-valencia-segundo-testimonio-mes-de-febrero-dedicado-a-enfermedades-raras\\\/#breadcrumb\",\"itemListElement\":[{\"@type\":\"ListItem\",\"position\":1,\"name\":\"Portada\",\"item\":\"https:\\\/\\\/cocemfevalencia.org\\\/es\\\/\"},{\"@type\":\"ListItem\",\"position\":2,\"name\":\"LA VOZ DE COCEMFE VALENCIA: Segundo Testimonio mes de febrero dedicado a Enfermedades Raras\"}]},{\"@type\":\"WebSite\",\"@id\":\"https:\\\/\\\/cocemfevalencia.org\\\/es\\\/#website\",\"url\":\"https:\\\/\\\/cocemfevalencia.org\\\/es\\\/\",\"name\":\"Cocemfe Valencia\",\"description\":\"FEDERACI\u00d3N DE ASOCIACIONES DE PERSONAS CON DISCAPACIDAD F\u00cdSICA Y ORG\u00c1NICA DE LA PROV\u00cdNCIA DE VALENCIA\",\"publisher\":{\"@id\":\"https:\\\/\\\/cocemfevalencia.org\\\/es\\\/#organization\"},\"potentialAction\":[{\"@type\":\"SearchAction\",\"target\":{\"@type\":\"EntryPoint\",\"urlTemplate\":\"https:\\\/\\\/cocemfevalencia.org\\\/es\\\/?s={search_term_string}\"},\"query-input\":{\"@type\":\"PropertyValueSpecification\",\"valueRequired\":true,\"valueName\":\"search_term_string\"}}],\"inLanguage\":\"es\"},{\"@type\":\"Organization\",\"@id\":\"https:\\\/\\\/cocemfevalencia.org\\\/es\\\/#organization\",\"name\":\"Cocemfe Valencia\",\"url\":\"https:\\\/\\\/cocemfevalencia.org\\\/es\\\/\",\"logo\":{\"@type\":\"ImageObject\",\"inLanguage\":\"es\",\"@id\":\"https:\\\/\\\/cocemfevalencia.org\\\/es\\\/#\\\/schema\\\/logo\\\/image\\\/\",\"url\":\"https:\\\/\\\/cocemfevalencia.org\\\/wp-content\\\/uploads\\\/2023\\\/03\\\/0312-Horizontal-una-linea-larga-rgb-positivo-Tricolor.png\",\"contentUrl\":\"https:\\\/\\\/cocemfevalencia.org\\\/wp-content\\\/uploads\\\/2023\\\/03\\\/0312-Horizontal-una-linea-larga-rgb-positivo-Tricolor.png\",\"width\":2334,\"height\":613,\"caption\":\"Cocemfe Valencia\"},\"image\":{\"@id\":\"https:\\\/\\\/cocemfevalencia.org\\\/es\\\/#\\\/schema\\\/logo\\\/image\\\/\"},\"sameAs\":[\"https:\\\/\\\/www.facebook.com\\\/cocemfe.valencia\",\"https:\\\/\\\/x.com\\\/COCEMFEValencia\"]},{\"@type\":\"Person\",\"@id\":\"https:\\\/\\\/cocemfevalencia.org\\\/es\\\/#\\\/schema\\\/person\\\/e31a24227ccbc918e2c80add51990ad7\",\"name\":\"COCEMFE VALENCIA\",\"image\":{\"@type\":\"ImageObject\",\"inLanguage\":\"es\",\"@id\":\"https:\\\/\\\/secure.gravatar.com\\\/avatar\\\/81dd2ced4591577d70433bbfde65ba3f931e09f5cb4ca8c890817c47789b47f0?s=96&d=mm&r=g\",\"url\":\"https:\\\/\\\/secure.gravatar.com\\\/avatar\\\/81dd2ced4591577d70433bbfde65ba3f931e09f5cb4ca8c890817c47789b47f0?s=96&d=mm&r=g\",\"contentUrl\":\"https:\\\/\\\/secure.gravatar.com\\\/avatar\\\/81dd2ced4591577d70433bbfde65ba3f931e09f5cb4ca8c890817c47789b47f0?s=96&d=mm&r=g\",\"caption\":\"COCEMFE VALENCIA\"}}]}<\/script>\n<!-- \/ Yoast SEO plugin. -->","yoast_head_json":{"title":"LA VOZ DE COCEMFE VALENCIA: Segundo Testimonio mes de febrero dedicado a Enfermedades Raras - Cocemfe Valencia","robots":{"index":"index","follow":"follow","max-snippet":"max-snippet:-1","max-image-preview":"max-image-preview:large","max-video-preview":"max-video-preview:-1"},"canonical":"https:\/\/cocemfevalencia.org\/es\/la-voz-de-cocemfe-valencia-segundo-testimonio-mes-de-febrero-dedicado-a-enfermedades-raras\/","og_locale":"es_ES","og_type":"article","og_title":"LA VOZ DE COCEMFE VALENCIA: Segundo Testimonio mes de febrero dedicado a Enfermedades Raras - Cocemfe Valencia","og_description":"\u00a1Hola! Soy Diego, tengo 28 a\u00f1os y una distrofia muscular. Nunca hab\u00eda escrito esas tres cosas as\u00ed juntas, creo. Mi problema con mi distrofia es que no se sabe exactamente de qu\u00e9 tipo es, as\u00ed que no se puede prever qu\u00e9 va a pasar conmigo. Por lo que le comentaron a mis padres al poco&hellip;&nbsp;Leer m\u00e1s &raquo;LA VOZ DE COCEMFE VALENCIA: Segundo Testimonio mes de febrero dedicado a Enfermedades Raras","og_url":"https:\/\/cocemfevalencia.org\/es\/la-voz-de-cocemfe-valencia-segundo-testimonio-mes-de-febrero-dedicado-a-enfermedades-raras\/","og_site_name":"Cocemfe Valencia","article_publisher":"https:\/\/www.facebook.com\/cocemfe.valencia","article_published_time":"2021-02-26T08:55:53+00:00","og_image":[{"width":1414,"height":2000,"url":"https:\/\/cocemfevalencia.org\/wp-content\/uploads\/2021\/02\/Diego-Freire3.jpg","type":"image\/jpeg"}],"author":"COCEMFE VALENCIA","twitter_card":"summary_large_image","twitter_creator":"@COCEMFEValencia","twitter_site":"@COCEMFEValencia","twitter_misc":{"Escrito por":"COCEMFE VALENCIA","Tiempo de lectura":"4 minutos"},"schema":{"@context":"https:\/\/schema.org","@graph":[{"@type":"Article","@id":"https:\/\/cocemfevalencia.org\/es\/la-voz-de-cocemfe-valencia-segundo-testimonio-mes-de-febrero-dedicado-a-enfermedades-raras\/#article","isPartOf":{"@id":"https:\/\/cocemfevalencia.org\/es\/la-voz-de-cocemfe-valencia-segundo-testimonio-mes-de-febrero-dedicado-a-enfermedades-raras\/"},"author":{"name":"COCEMFE VALENCIA","@id":"https:\/\/cocemfevalencia.org\/es\/#\/schema\/person\/e31a24227ccbc918e2c80add51990ad7"},"headline":"LA VOZ DE COCEMFE VALENCIA: Segundo Testimonio mes de febrero dedicado a Enfermedades Raras","datePublished":"2021-02-26T08:55:53+00:00","mainEntityOfPage":{"@id":"https:\/\/cocemfevalencia.org\/es\/la-voz-de-cocemfe-valencia-segundo-testimonio-mes-de-febrero-dedicado-a-enfermedades-raras\/"},"wordCount":880,"publisher":{"@id":"https:\/\/cocemfevalencia.org\/es\/#organization"},"image":{"@id":"https:\/\/cocemfevalencia.org\/es\/la-voz-de-cocemfe-valencia-segundo-testimonio-mes-de-febrero-dedicado-a-enfermedades-raras\/#primaryimage"},"thumbnailUrl":"https:\/\/cocemfevalencia.org\/wp-content\/uploads\/2021\/02\/Diego-Freire3.jpg","articleSection":["Not\u00edcies"],"inLanguage":"es"},{"@type":"WebPage","@id":"https:\/\/cocemfevalencia.org\/es\/la-voz-de-cocemfe-valencia-segundo-testimonio-mes-de-febrero-dedicado-a-enfermedades-raras\/","url":"https:\/\/cocemfevalencia.org\/es\/la-voz-de-cocemfe-valencia-segundo-testimonio-mes-de-febrero-dedicado-a-enfermedades-raras\/","name":"LA VOZ DE COCEMFE VALENCIA: Segundo Testimonio mes de febrero dedicado a Enfermedades Raras - Cocemfe Valencia","isPartOf":{"@id":"https:\/\/cocemfevalencia.org\/es\/#website"},"primaryImageOfPage":{"@id":"https:\/\/cocemfevalencia.org\/es\/la-voz-de-cocemfe-valencia-segundo-testimonio-mes-de-febrero-dedicado-a-enfermedades-raras\/#primaryimage"},"image":{"@id":"https:\/\/cocemfevalencia.org\/es\/la-voz-de-cocemfe-valencia-segundo-testimonio-mes-de-febrero-dedicado-a-enfermedades-raras\/#primaryimage"},"thumbnailUrl":"https:\/\/cocemfevalencia.org\/wp-content\/uploads\/2021\/02\/Diego-Freire3.jpg","datePublished":"2021-02-26T08:55:53+00:00","breadcrumb":{"@id":"https:\/\/cocemfevalencia.org\/es\/la-voz-de-cocemfe-valencia-segundo-testimonio-mes-de-febrero-dedicado-a-enfermedades-raras\/#breadcrumb"},"inLanguage":"es","potentialAction":[{"@type":"ReadAction","target":["https:\/\/cocemfevalencia.org\/es\/la-voz-de-cocemfe-valencia-segundo-testimonio-mes-de-febrero-dedicado-a-enfermedades-raras\/"]}]},{"@type":"ImageObject","inLanguage":"es","@id":"https:\/\/cocemfevalencia.org\/es\/la-voz-de-cocemfe-valencia-segundo-testimonio-mes-de-febrero-dedicado-a-enfermedades-raras\/#primaryimage","url":"https:\/\/cocemfevalencia.org\/wp-content\/uploads\/2021\/02\/Diego-Freire3.jpg","contentUrl":"https:\/\/cocemfevalencia.org\/wp-content\/uploads\/2021\/02\/Diego-Freire3.jpg","width":1414,"height":2000},{"@type":"BreadcrumbList","@id":"https:\/\/cocemfevalencia.org\/es\/la-voz-de-cocemfe-valencia-segundo-testimonio-mes-de-febrero-dedicado-a-enfermedades-raras\/#breadcrumb","itemListElement":[{"@type":"ListItem","position":1,"name":"Portada","item":"https:\/\/cocemfevalencia.org\/es\/"},{"@type":"ListItem","position":2,"name":"LA VOZ DE COCEMFE VALENCIA: Segundo Testimonio mes de febrero dedicado a Enfermedades Raras"}]},{"@type":"WebSite","@id":"https:\/\/cocemfevalencia.org\/es\/#website","url":"https:\/\/cocemfevalencia.org\/es\/","name":"Cocemfe Valencia","description":"FEDERACI\u00d3N DE ASOCIACIONES DE PERSONAS CON DISCAPACIDAD F\u00cdSICA Y ORG\u00c1NICA DE LA PROV\u00cdNCIA DE VALENCIA","publisher":{"@id":"https:\/\/cocemfevalencia.org\/es\/#organization"},"potentialAction":[{"@type":"SearchAction","target":{"@type":"EntryPoint","urlTemplate":"https:\/\/cocemfevalencia.org\/es\/?s={search_term_string}"},"query-input":{"@type":"PropertyValueSpecification","valueRequired":true,"valueName":"search_term_string"}}],"inLanguage":"es"},{"@type":"Organization","@id":"https:\/\/cocemfevalencia.org\/es\/#organization","name":"Cocemfe Valencia","url":"https:\/\/cocemfevalencia.org\/es\/","logo":{"@type":"ImageObject","inLanguage":"es","@id":"https:\/\/cocemfevalencia.org\/es\/#\/schema\/logo\/image\/","url":"https:\/\/cocemfevalencia.org\/wp-content\/uploads\/2023\/03\/0312-Horizontal-una-linea-larga-rgb-positivo-Tricolor.png","contentUrl":"https:\/\/cocemfevalencia.org\/wp-content\/uploads\/2023\/03\/0312-Horizontal-una-linea-larga-rgb-positivo-Tricolor.png","width":2334,"height":613,"caption":"Cocemfe Valencia"},"image":{"@id":"https:\/\/cocemfevalencia.org\/es\/#\/schema\/logo\/image\/"},"sameAs":["https:\/\/www.facebook.com\/cocemfe.valencia","https:\/\/x.com\/COCEMFEValencia"]},{"@type":"Person","@id":"https:\/\/cocemfevalencia.org\/es\/#\/schema\/person\/e31a24227ccbc918e2c80add51990ad7","name":"COCEMFE VALENCIA","image":{"@type":"ImageObject","inLanguage":"es","@id":"https:\/\/secure.gravatar.com\/avatar\/81dd2ced4591577d70433bbfde65ba3f931e09f5cb4ca8c890817c47789b47f0?s=96&d=mm&r=g","url":"https:\/\/secure.gravatar.com\/avatar\/81dd2ced4591577d70433bbfde65ba3f931e09f5cb4ca8c890817c47789b47f0?s=96&d=mm&r=g","contentUrl":"https:\/\/secure.gravatar.com\/avatar\/81dd2ced4591577d70433bbfde65ba3f931e09f5cb4ca8c890817c47789b47f0?s=96&d=mm&r=g","caption":"COCEMFE VALENCIA"}}]}},"_links":{"self":[{"href":"https:\/\/cocemfevalencia.org\/es\/wp-json\/wp\/v2\/posts\/4919","targetHints":{"allow":["GET"]}}],"collection":[{"href":"https:\/\/cocemfevalencia.org\/es\/wp-json\/wp\/v2\/posts"}],"about":[{"href":"https:\/\/cocemfevalencia.org\/es\/wp-json\/wp\/v2\/types\/post"}],"author":[{"embeddable":true,"href":"https:\/\/cocemfevalencia.org\/es\/wp-json\/wp\/v2\/users\/3"}],"replies":[{"embeddable":true,"href":"https:\/\/cocemfevalencia.org\/es\/wp-json\/wp\/v2\/comments?post=4919"}],"version-history":[{"count":0,"href":"https:\/\/cocemfevalencia.org\/es\/wp-json\/wp\/v2\/posts\/4919\/revisions"}],"wp:featuredmedia":[{"embeddable":true,"href":"https:\/\/cocemfevalencia.org\/es\/wp-json\/wp\/v2\/media\/4920"}],"wp:attachment":[{"href":"https:\/\/cocemfevalencia.org\/es\/wp-json\/wp\/v2\/media?parent=4919"}],"wp:term":[{"taxonomy":"category","embeddable":true,"href":"https:\/\/cocemfevalencia.org\/es\/wp-json\/wp\/v2\/categories?post=4919"},{"taxonomy":"post_tag","embeddable":true,"href":"https:\/\/cocemfevalencia.org\/es\/wp-json\/wp\/v2\/tags?post=4919"}],"curies":[{"name":"wp","href":"https:\/\/api.w.org\/{rel}","templated":true}]}}