{"id":4991,"date":"2021-03-30T14:20:57","date_gmt":"2021-03-30T12:20:57","guid":{"rendered":"http:\/\/cocemfevalencia.org\/?p=4991"},"modified":"2021-03-30T14:20:57","modified_gmt":"2021-03-30T12:20:57","slug":"la-voz-de-cocemfe-valencia-mi-ilusion-ser-maestra-lo-consegui","status":"publish","type":"post","link":"https:\/\/cocemfevalencia.org\/es\/la-voz-de-cocemfe-valencia-mi-ilusion-ser-maestra-lo-consegui\/","title":{"rendered":"LA VOZ DE COCEMFE VALENCIA: Mi ilusi\u00f3n ser maestra. Lo consegu\u00ed"},"content":{"rendered":"\t\t<div data-elementor-type=\"wp-post\" data-elementor-id=\"4991\" class=\"elementor elementor-4991\" data-elementor-post-type=\"post\">\n\t\t\t\t\t\t<section class=\"elementor-section elementor-top-section elementor-element elementor-element-6f8d4e6 elementor-section-boxed elementor-section-height-default elementor-section-height-default\" data-id=\"6f8d4e6\" data-element_type=\"section\" data-e-type=\"section\">\n\t\t\t\t\t\t<div class=\"elementor-container elementor-column-gap-default\">\n\t\t\t\t\t<div class=\"elementor-column elementor-col-100 elementor-top-column elementor-element elementor-element-1a89ad8\" data-id=\"1a89ad8\" data-element_type=\"column\" data-e-type=\"column\">\n\t\t\t<div class=\"elementor-widget-wrap elementor-element-populated\">\n\t\t\t\t\t\t<div class=\"elementor-element elementor-element-dff3db5 elementor-widget elementor-widget-image\" data-id=\"dff3db5\" data-element_type=\"widget\" data-e-type=\"widget\" data-widget_type=\"image.default\">\n\t\t\t\t<div class=\"elementor-widget-container\">\n\t\t\t\t\t\t\t\t\t\t\t\t\t\t\t<img fetchpriority=\"high\" decoding=\"async\" width=\"660\" height=\"447\" src=\"https:\/\/cocemfevalencia.org\/wp-content\/uploads\/2021\/03\/MJ1FORT.png\" class=\"attachment-large size-large wp-image-4995\" alt=\"\" srcset=\"https:\/\/cocemfevalencia.org\/wp-content\/uploads\/2021\/03\/MJ1FORT.png 660w, https:\/\/cocemfevalencia.org\/wp-content\/uploads\/2021\/03\/MJ1FORT-300x203.png 300w\" sizes=\"(max-width: 660px) 100vw, 660px\" \/>\t\t\t\t\t\t\t\t\t\t\t\t\t\t\t<\/div>\n\t\t\t\t<\/div>\n\t\t\t\t\t<\/div>\n\t\t<\/div>\n\t\t\t\t\t<\/div>\n\t\t<\/section>\n\t\t\t\t<section class=\"elementor-section elementor-top-section elementor-element elementor-element-ef1b454 elementor-section-boxed elementor-section-height-default elementor-section-height-default\" data-id=\"ef1b454\" data-element_type=\"section\" data-e-type=\"section\">\n\t\t\t\t\t\t<div class=\"elementor-container elementor-column-gap-default\">\n\t\t\t\t\t<div class=\"elementor-column elementor-col-100 elementor-top-column elementor-element elementor-element-7bda132\" data-id=\"7bda132\" data-element_type=\"column\" data-e-type=\"column\">\n\t\t\t<div class=\"elementor-widget-wrap elementor-element-populated\">\n\t\t\t\t\t\t<div class=\"elementor-element elementor-element-30af9d4 elementor-widget-divider--view-line elementor-widget elementor-widget-divider\" data-id=\"30af9d4\" data-element_type=\"widget\" data-e-type=\"widget\" data-widget_type=\"divider.default\">\n\t\t\t\t<div class=\"elementor-widget-container\">\n\t\t\t\t\t\t\t<div class=\"elementor-divider\">\n\t\t\t<span class=\"elementor-divider-separator\">\n\t\t\t\t\t\t<\/span>\n\t\t<\/div>\n\t\t\t\t\t\t<\/div>\n\t\t\t\t<\/div>\n\t\t\t\t\t<\/div>\n\t\t<\/div>\n\t\t\t\t\t<\/div>\n\t\t<\/section>\n\t\t\t\t<section class=\"elementor-section elementor-top-section elementor-element elementor-element-74d0722 elementor-section-boxed elementor-section-height-default elementor-section-height-default\" data-id=\"74d0722\" data-element_type=\"section\" data-e-type=\"section\">\n\t\t\t\t\t\t<div class=\"elementor-container elementor-column-gap-default\">\n\t\t\t\t\t<div class=\"elementor-column elementor-col-100 elementor-top-column elementor-element elementor-element-eeef018\" data-id=\"eeef018\" data-element_type=\"column\" data-e-type=\"column\">\n\t\t\t<div class=\"elementor-widget-wrap elementor-element-populated\">\n\t\t\t\t\t\t<div class=\"elementor-element elementor-element-b1fb3e5 elementor-widget elementor-widget-text-editor\" data-id=\"b1fb3e5\" data-element_type=\"widget\" data-e-type=\"widget\" data-widget_type=\"text-editor.default\">\n\t\t\t\t<div class=\"elementor-widget-container\">\n\t\t\t\t\t\t\t\t\t<p>Nac\u00ed un 5 de abril, en plena primavera valenciana.\u00a0 Mi primera infancia, hasta los tres a\u00f1os y tres meses fue \u201cnormal\u201d. Y en el mes de julio del 61 me convert\u00ed en una de los miles de ni\u00f1os que cay\u00f3 en las redes de la pandemia de la polio. Por la edad no recuerdo dramas, que seguro los hubo en un primer momento<\/p><p>Tard\u00e9 como a\u00f1o y medio en volver a caminar. Los viajes al Sanatorio de la Malvarrosa eran diarios. A los seis a\u00f1os empec\u00e9 el colegio. Me encantaba. Siempre que no estaba en la calle jugando con los vecinos, me entreten\u00eda mucho jugando a maestras.<\/p><p>Mi padre trabajaba duro y eso que era un hombre mayor.\u00a0<span style=\"color: var( --e-global-color-text ); font-family: var( --e-global-typography-text-font-family ), Sans-serif; font-weight: var( --e-global-typography-text-font-weight );\">Sus amigos me quer\u00edan mucho e hicieron la \u201cPe\u00f1a Papi\u201d.\u00a0<\/span><span style=\"color: var( --e-global-color-text ); font-family: var( --e-global-typography-text-font-family ), Sans-serif; font-weight: var( --e-global-typography-text-font-weight );\">Apoyaron mucho a mi padre en los momentos m\u00e1s duros.<\/span><\/p>\t\t\t\t\t\t\t\t<\/div>\n\t\t\t\t<\/div>\n\t\t\t\t\t<\/div>\n\t\t<\/div>\n\t\t\t\t\t<\/div>\n\t\t<\/section>\n\t\t\t\t<section class=\"elementor-section elementor-top-section elementor-element elementor-element-4d5e335 elementor-section-boxed elementor-section-height-default elementor-section-height-default\" data-id=\"4d5e335\" data-element_type=\"section\" data-e-type=\"section\">\n\t\t\t\t\t\t<div class=\"elementor-container elementor-column-gap-default\">\n\t\t\t\t\t<div class=\"elementor-column elementor-col-50 elementor-top-column elementor-element elementor-element-937ea1b\" data-id=\"937ea1b\" data-element_type=\"column\" data-e-type=\"column\">\n\t\t\t<div class=\"elementor-widget-wrap elementor-element-populated\">\n\t\t\t\t\t\t<div class=\"elementor-element elementor-element-9003636 elementor-widget elementor-widget-image\" data-id=\"9003636\" data-element_type=\"widget\" data-e-type=\"widget\" data-widget_type=\"image.default\">\n\t\t\t\t<div class=\"elementor-widget-container\">\n\t\t\t\t\t\t\t\t\t\t\t\t\t\t\t<img decoding=\"async\" width=\"694\" height=\"390\" src=\"https:\/\/cocemfevalencia.org\/wp-content\/uploads\/2021\/03\/2.jpg\" class=\"attachment-large size-large wp-image-5002\" alt=\"\" srcset=\"https:\/\/cocemfevalencia.org\/wp-content\/uploads\/2021\/03\/2.jpg 694w, https:\/\/cocemfevalencia.org\/wp-content\/uploads\/2021\/03\/2-300x169.jpg 300w\" sizes=\"(max-width: 694px) 100vw, 694px\" \/>\t\t\t\t\t\t\t\t\t\t\t\t\t\t\t<\/div>\n\t\t\t\t<\/div>\n\t\t\t\t\t<\/div>\n\t\t<\/div>\n\t\t\t\t<div class=\"elementor-column elementor-col-50 elementor-top-column elementor-element elementor-element-b35a0cd\" data-id=\"b35a0cd\" data-element_type=\"column\" data-e-type=\"column\">\n\t\t\t<div class=\"elementor-widget-wrap elementor-element-populated\">\n\t\t\t\t\t\t<div class=\"elementor-element elementor-element-ccc5351 elementor-widget elementor-widget-image\" data-id=\"ccc5351\" data-element_type=\"widget\" data-e-type=\"widget\" data-widget_type=\"image.default\">\n\t\t\t\t<div class=\"elementor-widget-container\">\n\t\t\t\t\t\t\t\t\t\t\t\t\t\t\t<img decoding=\"async\" width=\"380\" height=\"537\" src=\"https:\/\/cocemfevalencia.org\/wp-content\/uploads\/2021\/03\/1.jpg\" class=\"attachment-large size-large wp-image-5001\" alt=\"\" srcset=\"https:\/\/cocemfevalencia.org\/wp-content\/uploads\/2021\/03\/1.jpg 380w, https:\/\/cocemfevalencia.org\/wp-content\/uploads\/2021\/03\/1-212x300.jpg 212w\" sizes=\"(max-width: 380px) 100vw, 380px\" \/>\t\t\t\t\t\t\t\t\t\t\t\t\t\t\t<\/div>\n\t\t\t\t<\/div>\n\t\t\t\t\t<\/div>\n\t\t<\/div>\n\t\t\t\t\t<\/div>\n\t\t<\/section>\n\t\t\t\t<section class=\"elementor-section elementor-top-section elementor-element elementor-element-c57fad6 elementor-section-boxed elementor-section-height-default elementor-section-height-default\" data-id=\"c57fad6\" data-element_type=\"section\" data-e-type=\"section\">\n\t\t\t\t\t\t<div class=\"elementor-container elementor-column-gap-default\">\n\t\t\t\t\t<div class=\"elementor-column elementor-col-50 elementor-top-column elementor-element elementor-element-54fab31\" data-id=\"54fab31\" data-element_type=\"column\" data-e-type=\"column\">\n\t\t\t<div class=\"elementor-widget-wrap elementor-element-populated\">\n\t\t\t\t\t\t<div class=\"elementor-element elementor-element-7c1e371 elementor-widget elementor-widget-text-editor\" data-id=\"7c1e371\" data-element_type=\"widget\" data-e-type=\"widget\" data-widget_type=\"text-editor.default\">\n\t\t\t\t<div class=\"elementor-widget-container\">\n\t\t\t\t\t\t\t\t\t<p>Mi madre, gran luchadora, nunca me compadeci\u00f3, ni me dejo compadecerme. Al contrario siempre me estimul\u00f3.<\/p><p>Con 8 a\u00f1os me mand\u00f3 15 d\u00edas a unos campamentos que hac\u00eda La Caja de Ahorros y Monte de Piedad de Valencia a Santa Mar\u00eda de Aguas vivas.<\/p><p>Desde entonces y hasta que me cas\u00e9 he ido de acampadas y campamentos.<\/p><p>All\u00ed encontr\u00e9 a mi primera amiga-hermana<\/p><p>Y en un campamento tambi\u00e9n conoc\u00ed a mi marido, Rafa.<\/p><p>Cuando lo conoc\u00ed me dijo que lo \u00fanico que le hab\u00eda costado era adaptarse a mi paso.<\/p><p>Los campamentos me dieron mucho<\/p>\t\t\t\t\t\t\t\t<\/div>\n\t\t\t\t<\/div>\n\t\t\t\t\t<\/div>\n\t\t<\/div>\n\t\t\t\t<div class=\"elementor-column elementor-col-50 elementor-top-column elementor-element elementor-element-2fe1377\" data-id=\"2fe1377\" data-element_type=\"column\" data-e-type=\"column\">\n\t\t\t<div class=\"elementor-widget-wrap elementor-element-populated\">\n\t\t\t\t\t\t<div class=\"elementor-element elementor-element-d92fcb4 elementor-widget elementor-widget-image\" data-id=\"d92fcb4\" data-element_type=\"widget\" data-e-type=\"widget\" data-widget_type=\"image.default\">\n\t\t\t\t<div class=\"elementor-widget-container\">\n\t\t\t\t\t\t\t\t\t\t\t\t\t\t\t<img loading=\"lazy\" decoding=\"async\" width=\"320\" height=\"446\" src=\"https:\/\/cocemfevalencia.org\/wp-content\/uploads\/2021\/03\/MADRE.jpg\" class=\"attachment-large size-large wp-image-5003\" alt=\"\" srcset=\"https:\/\/cocemfevalencia.org\/wp-content\/uploads\/2021\/03\/MADRE.jpg 320w, https:\/\/cocemfevalencia.org\/wp-content\/uploads\/2021\/03\/MADRE-215x300.jpg 215w\" sizes=\"(max-width: 320px) 100vw, 320px\" \/>\t\t\t\t\t\t\t\t\t\t\t\t\t\t\t<\/div>\n\t\t\t\t<\/div>\n\t\t\t\t\t<\/div>\n\t\t<\/div>\n\t\t\t\t\t<\/div>\n\t\t<\/section>\n\t\t\t\t<section class=\"elementor-section elementor-top-section elementor-element elementor-element-ea0ef22 elementor-section-boxed elementor-section-height-default elementor-section-height-default\" data-id=\"ea0ef22\" data-element_type=\"section\" data-e-type=\"section\">\n\t\t\t\t\t\t<div class=\"elementor-container elementor-column-gap-default\">\n\t\t\t\t\t<div class=\"elementor-column elementor-col-33 elementor-top-column elementor-element elementor-element-41c7163\" data-id=\"41c7163\" data-element_type=\"column\" data-e-type=\"column\">\n\t\t\t<div class=\"elementor-widget-wrap elementor-element-populated\">\n\t\t\t\t\t\t<div class=\"elementor-element elementor-element-66c32f6 elementor-widget elementor-widget-image\" data-id=\"66c32f6\" data-element_type=\"widget\" data-e-type=\"widget\" data-widget_type=\"image.default\">\n\t\t\t\t<div class=\"elementor-widget-container\">\n\t\t\t\t\t\t\t\t\t\t\t\t\t\t\t<img loading=\"lazy\" decoding=\"async\" width=\"336\" height=\"474\" src=\"https:\/\/cocemfevalencia.org\/wp-content\/uploads\/2021\/03\/AMI1.jpg\" class=\"attachment-large size-large wp-image-5007\" alt=\"\" srcset=\"https:\/\/cocemfevalencia.org\/wp-content\/uploads\/2021\/03\/AMI1.jpg 336w, https:\/\/cocemfevalencia.org\/wp-content\/uploads\/2021\/03\/AMI1-213x300.jpg 213w\" sizes=\"(max-width: 336px) 100vw, 336px\" \/>\t\t\t\t\t\t\t\t\t\t\t\t\t\t\t<\/div>\n\t\t\t\t<\/div>\n\t\t\t\t\t<\/div>\n\t\t<\/div>\n\t\t\t\t<div class=\"elementor-column elementor-col-33 elementor-top-column elementor-element elementor-element-46e0d5d\" data-id=\"46e0d5d\" data-element_type=\"column\" data-e-type=\"column\">\n\t\t\t<div class=\"elementor-widget-wrap elementor-element-populated\">\n\t\t\t\t\t\t<div class=\"elementor-element elementor-element-a8bfa5f elementor-widget elementor-widget-image\" data-id=\"a8bfa5f\" data-element_type=\"widget\" data-e-type=\"widget\" data-widget_type=\"image.default\">\n\t\t\t\t<div class=\"elementor-widget-container\">\n\t\t\t\t\t\t\t\t\t\t\t\t\t\t\t<img loading=\"lazy\" decoding=\"async\" width=\"255\" height=\"361\" src=\"https:\/\/cocemfevalencia.org\/wp-content\/uploads\/2021\/03\/AMI2.jpg\" class=\"attachment-large size-large wp-image-5008\" alt=\"\" srcset=\"https:\/\/cocemfevalencia.org\/wp-content\/uploads\/2021\/03\/AMI2.jpg 255w, https:\/\/cocemfevalencia.org\/wp-content\/uploads\/2021\/03\/AMI2-212x300.jpg 212w\" sizes=\"(max-width: 255px) 100vw, 255px\" \/>\t\t\t\t\t\t\t\t\t\t\t\t\t\t\t<\/div>\n\t\t\t\t<\/div>\n\t\t\t\t\t<\/div>\n\t\t<\/div>\n\t\t\t\t<div class=\"elementor-column elementor-col-33 elementor-top-column elementor-element elementor-element-2db8e05\" data-id=\"2db8e05\" data-element_type=\"column\" data-e-type=\"column\">\n\t\t\t<div class=\"elementor-widget-wrap elementor-element-populated\">\n\t\t\t\t\t\t<div class=\"elementor-element elementor-element-7a0b122 elementor-widget elementor-widget-image\" data-id=\"7a0b122\" data-element_type=\"widget\" data-e-type=\"widget\" data-widget_type=\"image.default\">\n\t\t\t\t<div class=\"elementor-widget-container\">\n\t\t\t\t\t\t\t\t\t\t\t\t\t\t\t<img loading=\"lazy\" decoding=\"async\" width=\"720\" height=\"1017\" src=\"https:\/\/cocemfevalencia.org\/wp-content\/uploads\/2021\/03\/AMI3.jpg\" class=\"attachment-large size-large wp-image-5009\" alt=\"\" srcset=\"https:\/\/cocemfevalencia.org\/wp-content\/uploads\/2021\/03\/AMI3.jpg 720w, https:\/\/cocemfevalencia.org\/wp-content\/uploads\/2021\/03\/AMI3-212x300.jpg 212w\" sizes=\"(max-width: 720px) 100vw, 720px\" \/>\t\t\t\t\t\t\t\t\t\t\t\t\t\t\t<\/div>\n\t\t\t\t<\/div>\n\t\t\t\t\t<\/div>\n\t\t<\/div>\n\t\t\t\t\t<\/div>\n\t\t<\/section>\n\t\t\t\t<section class=\"elementor-section elementor-top-section elementor-element elementor-element-db7bda2 elementor-section-boxed elementor-section-height-default elementor-section-height-default\" data-id=\"db7bda2\" data-element_type=\"section\" data-e-type=\"section\">\n\t\t\t\t\t\t<div class=\"elementor-container elementor-column-gap-default\">\n\t\t\t\t\t<div class=\"elementor-column elementor-col-100 elementor-top-column elementor-element elementor-element-484a83e\" data-id=\"484a83e\" data-element_type=\"column\" data-e-type=\"column\">\n\t\t\t<div class=\"elementor-widget-wrap elementor-element-populated\">\n\t\t\t\t\t\t<div class=\"elementor-element elementor-element-fd1c5ad elementor-widget-divider--view-line elementor-widget elementor-widget-divider\" data-id=\"fd1c5ad\" data-element_type=\"widget\" data-e-type=\"widget\" data-widget_type=\"divider.default\">\n\t\t\t\t<div class=\"elementor-widget-container\">\n\t\t\t\t\t\t\t<div class=\"elementor-divider\">\n\t\t\t<span class=\"elementor-divider-separator\">\n\t\t\t\t\t\t<\/span>\n\t\t<\/div>\n\t\t\t\t\t\t<\/div>\n\t\t\t\t<\/div>\n\t\t\t\t\t<\/div>\n\t\t<\/div>\n\t\t\t\t\t<\/div>\n\t\t<\/section>\n\t\t\t\t<section class=\"elementor-section elementor-top-section elementor-element elementor-element-0b7726e elementor-section-boxed elementor-section-height-default elementor-section-height-default\" data-id=\"0b7726e\" data-element_type=\"section\" data-e-type=\"section\">\n\t\t\t\t\t\t<div class=\"elementor-container elementor-column-gap-default\">\n\t\t\t\t\t<div class=\"elementor-column elementor-col-50 elementor-top-column elementor-element elementor-element-cc4782f\" data-id=\"cc4782f\" data-element_type=\"column\" data-e-type=\"column\">\n\t\t\t<div class=\"elementor-widget-wrap elementor-element-populated\">\n\t\t\t\t\t\t<div class=\"elementor-element elementor-element-842353e elementor-widget elementor-widget-text-editor\" data-id=\"842353e\" data-element_type=\"widget\" data-e-type=\"widget\" data-widget_type=\"text-editor.default\">\n\t\t\t\t<div class=\"elementor-widget-container\">\n\t\t\t\t\t\t\t\t\t<p>Mi vocaci\u00f3n estaba en pleno apogeo. Con 17 a\u00f1os empec\u00e9 primero de magisterio, reci\u00e9n operada del pie.<\/p><p>En estas decisiones siempre he estado apoyada por mi familia<\/p><p>Empec\u00e9 a trabajar Reci\u00e9n cumplidos los 21 y hasta los 59 estuve trabajando en el mismo Colegio.<\/p><p>Mi integraci\u00f3n en Colegio fue normal, de novata, al principio.<\/p><p>Mis compa\u00f1eras me comentaban algunas veces que no notaban mi cojera.<\/p><p>Y los ni\u00f1os cuando me ve\u00eda me preguntaban que por qu\u00e9 llevaba un zapato m\u00e1s grande que el otro. Les dec\u00eda que ten\u00eda una pierna mas corta y que lo necesitaba pero, que no me dol\u00eda.<\/p><p>Me he realizado y disfrutado con los ni\u00f1os.<\/p>\t\t\t\t\t\t\t\t<\/div>\n\t\t\t\t<\/div>\n\t\t\t\t\t<\/div>\n\t\t<\/div>\n\t\t\t\t<div class=\"elementor-column elementor-col-50 elementor-top-column elementor-element elementor-element-ba5eecf\" data-id=\"ba5eecf\" data-element_type=\"column\" data-e-type=\"column\">\n\t\t\t<div class=\"elementor-widget-wrap elementor-element-populated\">\n\t\t\t\t\t\t<div class=\"elementor-element elementor-element-7a3173e elementor-widget elementor-widget-image\" data-id=\"7a3173e\" data-element_type=\"widget\" data-e-type=\"widget\" data-widget_type=\"image.default\">\n\t\t\t\t<div class=\"elementor-widget-container\">\n\t\t\t\t\t\t\t\t\t\t\t\t\t\t\t<img loading=\"lazy\" decoding=\"async\" width=\"363\" height=\"513\" src=\"https:\/\/cocemfevalencia.org\/wp-content\/uploads\/2021\/03\/COLE1.jpg\" class=\"attachment-large size-large wp-image-5010\" alt=\"\" srcset=\"https:\/\/cocemfevalencia.org\/wp-content\/uploads\/2021\/03\/COLE1.jpg 363w, https:\/\/cocemfevalencia.org\/wp-content\/uploads\/2021\/03\/COLE1-212x300.jpg 212w\" sizes=\"(max-width: 363px) 100vw, 363px\" \/>\t\t\t\t\t\t\t\t\t\t\t\t\t\t\t<\/div>\n\t\t\t\t<\/div>\n\t\t\t\t\t<\/div>\n\t\t<\/div>\n\t\t\t\t\t<\/div>\n\t\t<\/section>\n\t\t\t\t<section class=\"elementor-section elementor-top-section elementor-element elementor-element-7459345 elementor-section-boxed elementor-section-height-default elementor-section-height-default\" data-id=\"7459345\" data-element_type=\"section\" data-e-type=\"section\">\n\t\t\t\t\t\t<div class=\"elementor-container elementor-column-gap-default\">\n\t\t\t\t\t<div class=\"elementor-column elementor-col-50 elementor-top-column elementor-element elementor-element-325fe98\" data-id=\"325fe98\" data-element_type=\"column\" data-e-type=\"column\">\n\t\t\t<div class=\"elementor-widget-wrap elementor-element-populated\">\n\t\t\t\t\t\t<div class=\"elementor-element elementor-element-5bbab35 elementor-widget elementor-widget-image\" data-id=\"5bbab35\" data-element_type=\"widget\" data-e-type=\"widget\" data-widget_type=\"image.default\">\n\t\t\t\t<div class=\"elementor-widget-container\">\n\t\t\t\t\t\t\t\t\t\t\t\t\t\t\t<img loading=\"lazy\" decoding=\"async\" width=\"714\" height=\"477\" src=\"https:\/\/cocemfevalencia.org\/wp-content\/uploads\/2021\/03\/COLE2-e1617105478646.jpg\" class=\"attachment-large size-large wp-image-5012\" alt=\"\" srcset=\"https:\/\/cocemfevalencia.org\/wp-content\/uploads\/2021\/03\/COLE2-e1617105478646.jpg 714w, https:\/\/cocemfevalencia.org\/wp-content\/uploads\/2021\/03\/COLE2-e1617105478646-300x200.jpg 300w\" sizes=\"(max-width: 714px) 100vw, 714px\" \/>\t\t\t\t\t\t\t\t\t\t\t\t\t\t\t<\/div>\n\t\t\t\t<\/div>\n\t\t\t\t\t<\/div>\n\t\t<\/div>\n\t\t\t\t<div class=\"elementor-column elementor-col-50 elementor-top-column elementor-element elementor-element-3e2d40f\" data-id=\"3e2d40f\" data-element_type=\"column\" data-e-type=\"column\">\n\t\t\t<div class=\"elementor-widget-wrap elementor-element-populated\">\n\t\t\t\t\t\t<div class=\"elementor-element elementor-element-ff1e4d8 elementor-widget elementor-widget-image\" data-id=\"ff1e4d8\" data-element_type=\"widget\" data-e-type=\"widget\" data-widget_type=\"image.default\">\n\t\t\t\t<div class=\"elementor-widget-container\">\n\t\t\t\t\t\t\t\t\t\t\t\t\t\t\t<img loading=\"lazy\" decoding=\"async\" width=\"363\" height=\"513\" src=\"https:\/\/cocemfevalencia.org\/wp-content\/uploads\/2021\/03\/COLE1-1.jpg\" class=\"attachment-large size-large wp-image-5011\" alt=\"\" srcset=\"https:\/\/cocemfevalencia.org\/wp-content\/uploads\/2021\/03\/COLE1-1.jpg 363w, https:\/\/cocemfevalencia.org\/wp-content\/uploads\/2021\/03\/COLE1-1-212x300.jpg 212w\" sizes=\"(max-width: 363px) 100vw, 363px\" \/>\t\t\t\t\t\t\t\t\t\t\t\t\t\t\t<\/div>\n\t\t\t\t<\/div>\n\t\t\t\t\t<\/div>\n\t\t<\/div>\n\t\t\t\t\t<\/div>\n\t\t<\/section>\n\t\t\t\t<section class=\"elementor-section elementor-top-section elementor-element elementor-element-923785f elementor-section-boxed elementor-section-height-default elementor-section-height-default\" data-id=\"923785f\" data-element_type=\"section\" data-e-type=\"section\">\n\t\t\t\t\t\t<div class=\"elementor-container elementor-column-gap-default\">\n\t\t\t\t\t<div class=\"elementor-column elementor-col-50 elementor-top-column elementor-element elementor-element-e6128c9\" data-id=\"e6128c9\" data-element_type=\"column\" data-e-type=\"column\">\n\t\t\t<div class=\"elementor-widget-wrap elementor-element-populated\">\n\t\t\t\t\t\t<section class=\"elementor-section elementor-inner-section elementor-element elementor-element-5f674bc elementor-section-boxed elementor-section-height-default elementor-section-height-default\" data-id=\"5f674bc\" data-element_type=\"section\" data-e-type=\"section\">\n\t\t\t\t\t\t<div class=\"elementor-container elementor-column-gap-default\">\n\t\t\t\t\t<div class=\"elementor-column elementor-col-50 elementor-inner-column elementor-element elementor-element-3ae9b67\" data-id=\"3ae9b67\" data-element_type=\"column\" data-e-type=\"column\">\n\t\t\t<div class=\"elementor-widget-wrap elementor-element-populated\">\n\t\t\t\t\t\t<div class=\"elementor-element elementor-element-97f6507 elementor-widget elementor-widget-image\" data-id=\"97f6507\" data-element_type=\"widget\" data-e-type=\"widget\" data-widget_type=\"image.default\">\n\t\t\t\t<div class=\"elementor-widget-container\">\n\t\t\t\t\t\t\t\t\t\t\t\t\t\t\t<img loading=\"lazy\" decoding=\"async\" width=\"216\" height=\"288\" src=\"https:\/\/cocemfevalencia.org\/wp-content\/uploads\/2021\/03\/COLE3-1.jpg\" class=\"attachment-large size-large wp-image-5014\" alt=\"\" \/>\t\t\t\t\t\t\t\t\t\t\t\t\t\t\t<\/div>\n\t\t\t\t<\/div>\n\t\t\t\t\t<\/div>\n\t\t<\/div>\n\t\t\t\t<div class=\"elementor-column elementor-col-50 elementor-inner-column elementor-element elementor-element-933083e\" data-id=\"933083e\" data-element_type=\"column\" data-e-type=\"column\">\n\t\t\t<div class=\"elementor-widget-wrap elementor-element-populated\">\n\t\t\t\t\t\t<div class=\"elementor-element elementor-element-c01e138 elementor-widget elementor-widget-image\" data-id=\"c01e138\" data-element_type=\"widget\" data-e-type=\"widget\" data-widget_type=\"image.default\">\n\t\t\t\t<div class=\"elementor-widget-container\">\n\t\t\t\t\t\t\t\t\t\t\t\t\t\t\t<img loading=\"lazy\" decoding=\"async\" width=\"580\" height=\"410\" src=\"https:\/\/cocemfevalencia.org\/wp-content\/uploads\/2021\/03\/COLE4.jpg\" class=\"attachment-large size-large wp-image-5015\" alt=\"\" srcset=\"https:\/\/cocemfevalencia.org\/wp-content\/uploads\/2021\/03\/COLE4.jpg 580w, https:\/\/cocemfevalencia.org\/wp-content\/uploads\/2021\/03\/COLE4-300x212.jpg 300w\" sizes=\"(max-width: 580px) 100vw, 580px\" \/>\t\t\t\t\t\t\t\t\t\t\t\t\t\t\t<\/div>\n\t\t\t\t<\/div>\n\t\t\t\t\t<\/div>\n\t\t<\/div>\n\t\t\t\t\t<\/div>\n\t\t<\/section>\n\t\t\t\t\t<\/div>\n\t\t<\/div>\n\t\t\t\t<div class=\"elementor-column elementor-col-50 elementor-top-column elementor-element elementor-element-59bc445\" data-id=\"59bc445\" data-element_type=\"column\" data-e-type=\"column\">\n\t\t\t<div class=\"elementor-widget-wrap elementor-element-populated\">\n\t\t\t\t\t\t<div class=\"elementor-element elementor-element-f38c954 elementor-widget elementor-widget-text-editor\" data-id=\"f38c954\" data-element_type=\"widget\" data-e-type=\"widget\" data-widget_type=\"text-editor.default\">\n\t\t\t\t<div class=\"elementor-widget-container\">\n\t\t\t\t\t\t\t\t\t<blockquote><h3 style=\"text-align: center;\"><strong>En el colegio encontr\u00e9 otras dos amigas hermanas.<\/strong><\/h3><\/blockquote>\t\t\t\t\t\t\t\t<\/div>\n\t\t\t\t<\/div>\n\t\t\t\t\t<\/div>\n\t\t<\/div>\n\t\t\t\t\t<\/div>\n\t\t<\/section>\n\t\t\t\t<section class=\"elementor-section elementor-top-section elementor-element elementor-element-bf4d6d9 elementor-section-boxed elementor-section-height-default elementor-section-height-default\" data-id=\"bf4d6d9\" data-element_type=\"section\" data-e-type=\"section\">\n\t\t\t\t\t\t<div class=\"elementor-container elementor-column-gap-default\">\n\t\t\t\t\t<div class=\"elementor-column elementor-col-100 elementor-top-column elementor-element elementor-element-caf4793\" data-id=\"caf4793\" data-element_type=\"column\" data-e-type=\"column\">\n\t\t\t<div class=\"elementor-widget-wrap elementor-element-populated\">\n\t\t\t\t\t\t<div class=\"elementor-element elementor-element-c07e2b6 elementor-widget-divider--view-line elementor-widget elementor-widget-divider\" data-id=\"c07e2b6\" data-element_type=\"widget\" data-e-type=\"widget\" data-widget_type=\"divider.default\">\n\t\t\t\t<div class=\"elementor-widget-container\">\n\t\t\t\t\t\t\t<div class=\"elementor-divider\">\n\t\t\t<span class=\"elementor-divider-separator\">\n\t\t\t\t\t\t<\/span>\n\t\t<\/div>\n\t\t\t\t\t\t<\/div>\n\t\t\t\t<\/div>\n\t\t\t\t\t<\/div>\n\t\t<\/div>\n\t\t\t\t\t<\/div>\n\t\t<\/section>\n\t\t\t\t<section class=\"elementor-section elementor-top-section elementor-element elementor-element-75625cc elementor-section-boxed elementor-section-height-default elementor-section-height-default\" data-id=\"75625cc\" data-element_type=\"section\" data-e-type=\"section\">\n\t\t\t\t\t\t<div class=\"elementor-container elementor-column-gap-default\">\n\t\t\t\t\t<div class=\"elementor-column elementor-col-50 elementor-top-column elementor-element elementor-element-3fc3504\" data-id=\"3fc3504\" data-element_type=\"column\" data-e-type=\"column\">\n\t\t\t<div class=\"elementor-widget-wrap elementor-element-populated\">\n\t\t\t\t\t\t<div class=\"elementor-element elementor-element-98f43bc elementor-widget elementor-widget-image\" data-id=\"98f43bc\" data-element_type=\"widget\" data-e-type=\"widget\" data-widget_type=\"image.default\">\n\t\t\t\t<div class=\"elementor-widget-container\">\n\t\t\t\t\t\t\t\t\t\t\t\t\t\t\t<img loading=\"lazy\" decoding=\"async\" width=\"580\" height=\"410\" src=\"https:\/\/cocemfevalencia.org\/wp-content\/uploads\/2021\/03\/COLE4-1.jpg\" class=\"attachment-large size-large wp-image-5016\" alt=\"\" srcset=\"https:\/\/cocemfevalencia.org\/wp-content\/uploads\/2021\/03\/COLE4-1.jpg 580w, https:\/\/cocemfevalencia.org\/wp-content\/uploads\/2021\/03\/COLE4-1-300x212.jpg 300w\" sizes=\"(max-width: 580px) 100vw, 580px\" \/>\t\t\t\t\t\t\t\t\t\t\t\t\t\t\t<\/div>\n\t\t\t\t<\/div>\n\t\t\t\t\t<\/div>\n\t\t<\/div>\n\t\t\t\t<div class=\"elementor-column elementor-col-50 elementor-top-column elementor-element elementor-element-403dcc1\" data-id=\"403dcc1\" data-element_type=\"column\" data-e-type=\"column\">\n\t\t\t<div class=\"elementor-widget-wrap elementor-element-populated\">\n\t\t\t\t\t\t<div class=\"elementor-element elementor-element-4fa9c72 elementor-widget elementor-widget-text-editor\" data-id=\"4fa9c72\" data-element_type=\"widget\" data-e-type=\"widget\" data-widget_type=\"text-editor.default\">\n\t\t\t\t<div class=\"elementor-widget-container\">\n\t\t\t\t\t\t\t\t\t<p>Cuando me preguntas lo que ha sido m\u00e1s complicado para m\u00ed como mujer y discapacitada ha sido demostrar a personas con ciertos prejuicios que estaban equivocados. Me tenido que esforzar m\u00e1s en algunas ocasiones. Y lo m\u00e1s dif\u00edcil fue en los \u00faltimos a\u00f1os de trabajo, cuando apareci\u00f3 el S\u00edndrome Postpolio y ya no pod\u00eda ir de excursi\u00f3n con mis alumnos.<\/p><p>Dejar de trabajar fue uno de los sucesos mas duros que he pasado.<\/p><p>Siempre he encontrado personas que me han tratado con naturalidad, por quien soy y no por mi cojera.<\/p>\t\t\t\t\t\t\t\t<\/div>\n\t\t\t\t<\/div>\n\t\t\t\t\t<\/div>\n\t\t<\/div>\n\t\t\t\t\t<\/div>\n\t\t<\/section>\n\t\t\t\t<section class=\"elementor-section elementor-top-section elementor-element elementor-element-3daca2b elementor-section-boxed elementor-section-height-default elementor-section-height-default\" data-id=\"3daca2b\" data-element_type=\"section\" data-e-type=\"section\">\n\t\t\t\t\t\t<div class=\"elementor-container elementor-column-gap-default\">\n\t\t\t\t\t<div class=\"elementor-column elementor-col-100 elementor-top-column elementor-element elementor-element-d955825\" data-id=\"d955825\" data-element_type=\"column\" data-e-type=\"column\">\n\t\t\t<div class=\"elementor-widget-wrap elementor-element-populated\">\n\t\t\t\t\t\t<div class=\"elementor-element elementor-element-b6c18ca elementor-widget-divider--view-line elementor-widget elementor-widget-divider\" data-id=\"b6c18ca\" data-element_type=\"widget\" data-e-type=\"widget\" data-widget_type=\"divider.default\">\n\t\t\t\t<div class=\"elementor-widget-container\">\n\t\t\t\t\t\t\t<div class=\"elementor-divider\">\n\t\t\t<span class=\"elementor-divider-separator\">\n\t\t\t\t\t\t<\/span>\n\t\t<\/div>\n\t\t\t\t\t\t<\/div>\n\t\t\t\t<\/div>\n\t\t\t\t\t<\/div>\n\t\t<\/div>\n\t\t\t\t\t<\/div>\n\t\t<\/section>\n\t\t\t\t<section class=\"elementor-section elementor-top-section elementor-element elementor-element-996cf1f elementor-section-boxed elementor-section-height-default elementor-section-height-default\" data-id=\"996cf1f\" data-element_type=\"section\" data-e-type=\"section\">\n\t\t\t\t\t\t<div class=\"elementor-container elementor-column-gap-default\">\n\t\t\t\t\t<div class=\"elementor-column elementor-col-100 elementor-top-column elementor-element elementor-element-01b2b24\" data-id=\"01b2b24\" data-element_type=\"column\" data-e-type=\"column\">\n\t\t\t<div class=\"elementor-widget-wrap elementor-element-populated\">\n\t\t\t\t\t\t<div class=\"elementor-element elementor-element-99deba0 elementor-widget elementor-widget-text-editor\" data-id=\"99deba0\" data-element_type=\"widget\" data-e-type=\"widget\" data-widget_type=\"text-editor.default\">\n\t\t\t\t<div class=\"elementor-widget-container\">\n\t\t\t\t\t\t\t\t\t<p>El mundo asociativo lo conoc\u00ed el \u00faltimo a\u00f1o de trabajo, gracias a Jos\u00e9 Vicente Garc\u00eda, que presentaba su libro \u201cSue\u00f1os de escayola\u201d en la Malvarrosa. Gran escritor y desde entonces gran amigo.<\/p><p>A partir de ese momento comenc\u00e9 a interesarme por la asociaci\u00f3n que se estaba formando y entr\u00e9 a formar parte de los promotores de donde sali\u00f3 APIPCV.<\/p><p>Un tiempo despu\u00e9s form\u00e9 parte de su junta directiva durante un par de a\u00f1os.<\/p>\t\t\t\t\t\t\t\t<\/div>\n\t\t\t\t<\/div>\n\t\t\t\t\t<\/div>\n\t\t<\/div>\n\t\t\t\t\t<\/div>\n\t\t<\/section>\n\t\t\t\t<section class=\"elementor-section elementor-top-section elementor-element elementor-element-5d04a86 elementor-section-boxed elementor-section-height-default elementor-section-height-default\" data-id=\"5d04a86\" data-element_type=\"section\" data-e-type=\"section\">\n\t\t\t\t\t\t<div class=\"elementor-container elementor-column-gap-default\">\n\t\t\t\t\t<div class=\"elementor-column elementor-col-50 elementor-top-column elementor-element elementor-element-ddae466\" data-id=\"ddae466\" data-element_type=\"column\" data-e-type=\"column\">\n\t\t\t<div class=\"elementor-widget-wrap elementor-element-populated\">\n\t\t\t\t\t\t<div class=\"elementor-element elementor-element-2abb9b6 elementor-widget elementor-widget-image\" data-id=\"2abb9b6\" data-element_type=\"widget\" data-e-type=\"widget\" data-widget_type=\"image.default\">\n\t\t\t\t<div class=\"elementor-widget-container\">\n\t\t\t\t\t\t\t\t\t\t\t\t\t\t\t<img loading=\"lazy\" decoding=\"async\" width=\"630\" height=\"355\" src=\"https:\/\/cocemfevalencia.org\/wp-content\/uploads\/2021\/03\/amig1.jpg\" class=\"attachment-large size-large wp-image-5017\" alt=\"\" srcset=\"https:\/\/cocemfevalencia.org\/wp-content\/uploads\/2021\/03\/amig1.jpg 630w, https:\/\/cocemfevalencia.org\/wp-content\/uploads\/2021\/03\/amig1-300x169.jpg 300w\" sizes=\"(max-width: 630px) 100vw, 630px\" \/>\t\t\t\t\t\t\t\t\t\t\t\t\t\t\t<\/div>\n\t\t\t\t<\/div>\n\t\t\t\t\t<\/div>\n\t\t<\/div>\n\t\t\t\t<div class=\"elementor-column elementor-col-50 elementor-top-column elementor-element elementor-element-bed2fa7\" data-id=\"bed2fa7\" data-element_type=\"column\" data-e-type=\"column\">\n\t\t\t<div class=\"elementor-widget-wrap elementor-element-populated\">\n\t\t\t\t\t\t<div class=\"elementor-element elementor-element-ea32d6b elementor-widget elementor-widget-image\" data-id=\"ea32d6b\" data-element_type=\"widget\" data-e-type=\"widget\" data-widget_type=\"image.default\">\n\t\t\t\t<div class=\"elementor-widget-container\">\n\t\t\t\t\t\t\t\t\t\t\t\t\t\t\t<img loading=\"lazy\" decoding=\"async\" width=\"630\" height=\"355\" src=\"https:\/\/cocemfevalencia.org\/wp-content\/uploads\/2021\/03\/amig1-1.jpg\" class=\"attachment-large size-large wp-image-5018\" alt=\"\" srcset=\"https:\/\/cocemfevalencia.org\/wp-content\/uploads\/2021\/03\/amig1-1.jpg 630w, https:\/\/cocemfevalencia.org\/wp-content\/uploads\/2021\/03\/amig1-1-300x169.jpg 300w\" sizes=\"(max-width: 630px) 100vw, 630px\" \/>\t\t\t\t\t\t\t\t\t\t\t\t\t\t\t<\/div>\n\t\t\t\t<\/div>\n\t\t\t\t\t<\/div>\n\t\t<\/div>\n\t\t\t\t\t<\/div>\n\t\t<\/section>\n\t\t\t\t<section class=\"elementor-section elementor-top-section elementor-element elementor-element-93553fa elementor-section-boxed elementor-section-height-default elementor-section-height-default\" data-id=\"93553fa\" data-element_type=\"section\" data-e-type=\"section\">\n\t\t\t\t\t\t<div class=\"elementor-container elementor-column-gap-default\">\n\t\t\t\t\t<div class=\"elementor-column elementor-col-100 elementor-top-column elementor-element elementor-element-4331122\" data-id=\"4331122\" data-element_type=\"column\" data-e-type=\"column\">\n\t\t\t<div class=\"elementor-widget-wrap elementor-element-populated\">\n\t\t\t\t\t\t<div class=\"elementor-element elementor-element-77c4614 elementor-widget elementor-widget-text-editor\" data-id=\"77c4614\" data-element_type=\"widget\" data-e-type=\"widget\" data-widget_type=\"text-editor.default\">\n\t\t\t\t<div class=\"elementor-widget-container\">\n\t\t\t\t\t\t\t\t\t<blockquote><h3>\u00a0<\/h3><h3 style=\"text-align: center;\"><strong>En la asociaci\u00f3n tambi\u00e9n encontr\u00e9 grandes amistades<\/strong><\/h3><\/blockquote>\t\t\t\t\t\t\t\t<\/div>\n\t\t\t\t<\/div>\n\t\t\t\t\t<\/div>\n\t\t<\/div>\n\t\t\t\t\t<\/div>\n\t\t<\/section>\n\t\t\t\t<section class=\"elementor-section elementor-top-section elementor-element elementor-element-14a7bc4 elementor-section-boxed elementor-section-height-default elementor-section-height-default\" data-id=\"14a7bc4\" data-element_type=\"section\" data-e-type=\"section\">\n\t\t\t\t\t\t<div class=\"elementor-container elementor-column-gap-default\">\n\t\t\t\t\t<div class=\"elementor-column elementor-col-50 elementor-top-column elementor-element elementor-element-4ceb845\" data-id=\"4ceb845\" data-element_type=\"column\" data-e-type=\"column\">\n\t\t\t<div class=\"elementor-widget-wrap elementor-element-populated\">\n\t\t\t\t\t\t<div class=\"elementor-element elementor-element-ee690a5 elementor-widget elementor-widget-image\" data-id=\"ee690a5\" data-element_type=\"widget\" data-e-type=\"widget\" data-widget_type=\"image.default\">\n\t\t\t\t<div class=\"elementor-widget-container\">\n\t\t\t\t\t\t\t\t\t\t\t\t\t\t\t<img loading=\"lazy\" decoding=\"async\" width=\"476\" height=\"356\" src=\"https:\/\/cocemfevalencia.org\/wp-content\/uploads\/2021\/03\/amig2-1.jpg\" class=\"attachment-large size-large wp-image-5020\" alt=\"\" srcset=\"https:\/\/cocemfevalencia.org\/wp-content\/uploads\/2021\/03\/amig2-1.jpg 476w, https:\/\/cocemfevalencia.org\/wp-content\/uploads\/2021\/03\/amig2-1-300x224.jpg 300w\" sizes=\"(max-width: 476px) 100vw, 476px\" \/>\t\t\t\t\t\t\t\t\t\t\t\t\t\t\t<\/div>\n\t\t\t\t<\/div>\n\t\t\t\t\t<\/div>\n\t\t<\/div>\n\t\t\t\t<div class=\"elementor-column elementor-col-50 elementor-top-column elementor-element elementor-element-8bc613a\" data-id=\"8bc613a\" data-element_type=\"column\" data-e-type=\"column\">\n\t\t\t<div class=\"elementor-widget-wrap elementor-element-populated\">\n\t\t\t\t\t\t<div class=\"elementor-element elementor-element-b782b5a elementor-widget elementor-widget-image\" data-id=\"b782b5a\" data-element_type=\"widget\" data-e-type=\"widget\" data-widget_type=\"image.default\">\n\t\t\t\t<div class=\"elementor-widget-container\">\n\t\t\t\t\t\t\t\t\t\t\t\t\t\t\t<img loading=\"lazy\" decoding=\"async\" width=\"476\" height=\"356\" src=\"https:\/\/cocemfevalencia.org\/wp-content\/uploads\/2021\/03\/amig2.jpg\" class=\"attachment-large size-large wp-image-5019\" alt=\"\" srcset=\"https:\/\/cocemfevalencia.org\/wp-content\/uploads\/2021\/03\/amig2.jpg 476w, https:\/\/cocemfevalencia.org\/wp-content\/uploads\/2021\/03\/amig2-300x224.jpg 300w\" sizes=\"(max-width: 476px) 100vw, 476px\" \/>\t\t\t\t\t\t\t\t\t\t\t\t\t\t\t<\/div>\n\t\t\t\t<\/div>\n\t\t\t\t\t<\/div>\n\t\t<\/div>\n\t\t\t\t\t<\/div>\n\t\t<\/section>\n\t\t\t\t<section class=\"elementor-section elementor-top-section elementor-element elementor-element-1c75a2e elementor-section-boxed elementor-section-height-default elementor-section-height-default\" data-id=\"1c75a2e\" data-element_type=\"section\" data-e-type=\"section\">\n\t\t\t\t\t\t<div class=\"elementor-container elementor-column-gap-default\">\n\t\t\t\t\t<div class=\"elementor-column elementor-col-100 elementor-top-column elementor-element elementor-element-1b59d65\" data-id=\"1b59d65\" data-element_type=\"column\" data-e-type=\"column\">\n\t\t\t<div class=\"elementor-widget-wrap elementor-element-populated\">\n\t\t\t\t\t\t<div class=\"elementor-element elementor-element-dc08fbb elementor-widget-divider--view-line elementor-widget elementor-widget-divider\" data-id=\"dc08fbb\" data-element_type=\"widget\" data-e-type=\"widget\" data-widget_type=\"divider.default\">\n\t\t\t\t<div class=\"elementor-widget-container\">\n\t\t\t\t\t\t\t<div class=\"elementor-divider\">\n\t\t\t<span class=\"elementor-divider-separator\">\n\t\t\t\t\t\t<\/span>\n\t\t<\/div>\n\t\t\t\t\t\t<\/div>\n\t\t\t\t<\/div>\n\t\t\t\t\t<\/div>\n\t\t<\/div>\n\t\t\t\t\t<\/div>\n\t\t<\/section>\n\t\t\t\t<section class=\"elementor-section elementor-top-section elementor-element elementor-element-56a42f2 elementor-section-boxed elementor-section-height-default elementor-section-height-default\" data-id=\"56a42f2\" data-element_type=\"section\" data-e-type=\"section\">\n\t\t\t\t\t\t<div class=\"elementor-container elementor-column-gap-default\">\n\t\t\t\t\t<div class=\"elementor-column elementor-col-100 elementor-top-column elementor-element elementor-element-b8d88c6\" data-id=\"b8d88c6\" data-element_type=\"column\" data-e-type=\"column\">\n\t\t\t<div class=\"elementor-widget-wrap elementor-element-populated\">\n\t\t\t\t\t\t<div class=\"elementor-element elementor-element-9a73ace elementor-widget elementor-widget-text-editor\" data-id=\"9a73ace\" data-element_type=\"widget\" data-e-type=\"widget\" data-widget_type=\"text-editor.default\">\n\t\t\t\t<div class=\"elementor-widget-container\">\n\t\t\t\t\t\t\t\t\t<p>Hoy en d\u00eda voy en silla de ruedas.<\/p><p>Mis piernas me fallan.<\/p><p>Fue un momento duro. Pasar de caminar a la silla de ruedas. Pero ha sido tan bueno poder llegar a los sitios donde hace a\u00f1os que no pod\u00eda ir\u00a1\u00a1\u00a1\u00a1\u00a1\u00a1\u00a1\u00a1\u00a1\u00a1<\/p><p><strong>La realidad, aunque parezca id\u00edlica, hay momentos muy duros de dolor y desesperanza. Considero y creo firmemente que se puede ser muy feliz. Aunque tengamos nuestras limitaciones hemos de ver m\u00e1s all\u00e1. Todos somos capaces.<\/strong><\/p><p><strong>Como mujer en el \u00e1mbito de la discapacidad, creo que a\u00fan puedo aportar mi granito de arena. Ahora en COCEMFE VALENCIA, en su junta directiva. Intentando estar al lado de las asociaciones y trabajando duro en la accesibilidad.<\/strong><\/p><p>Desde aqu\u00ed quiero dar gracias a todas las personas que de una manera u otra me han ayudado a lo largo de mi vida.<\/p><p>\u00a0<\/p><h2 style=\"text-align: center;\">Muchas gracias<\/h2>\t\t\t\t\t\t\t\t<\/div>\n\t\t\t\t<\/div>\n\t\t\t\t\t<\/div>\n\t\t<\/div>\n\t\t\t\t\t<\/div>\n\t\t<\/section>\n\t\t\t\t<section class=\"elementor-section elementor-top-section elementor-element elementor-element-7e04078 elementor-section-boxed elementor-section-height-default elementor-section-height-default\" data-id=\"7e04078\" data-element_type=\"section\" data-e-type=\"section\">\n\t\t\t\t\t\t<div class=\"elementor-container elementor-column-gap-default\">\n\t\t\t\t\t<div class=\"elementor-column elementor-col-100 elementor-top-column elementor-element elementor-element-9189565\" data-id=\"9189565\" data-element_type=\"column\" data-e-type=\"column\">\n\t\t\t<div class=\"elementor-widget-wrap elementor-element-populated\">\n\t\t\t\t\t\t<div class=\"elementor-element elementor-element-f144363 elementor-widget elementor-widget-spacer\" data-id=\"f144363\" data-element_type=\"widget\" data-e-type=\"widget\" data-widget_type=\"spacer.default\">\n\t\t\t\t<div class=\"elementor-widget-container\">\n\t\t\t\t\t\t\t<div class=\"elementor-spacer\">\n\t\t\t<div class=\"elementor-spacer-inner\"><\/div>\n\t\t<\/div>\n\t\t\t\t\t\t<\/div>\n\t\t\t\t<\/div>\n\t\t\t\t\t<\/div>\n\t\t<\/div>\n\t\t\t\t\t<\/div>\n\t\t<\/section>\n\t\t\t\t<section class=\"elementor-section elementor-top-section elementor-element elementor-element-6b7d5e9 elementor-section-boxed elementor-section-height-default elementor-section-height-default\" data-id=\"6b7d5e9\" data-element_type=\"section\" data-e-type=\"section\">\n\t\t\t\t\t\t<div class=\"elementor-container elementor-column-gap-default\">\n\t\t\t\t\t<div class=\"elementor-column elementor-col-50 elementor-top-column elementor-element elementor-element-47ae0f6\" data-id=\"47ae0f6\" data-element_type=\"column\" data-e-type=\"column\">\n\t\t\t<div class=\"elementor-widget-wrap elementor-element-populated\">\n\t\t\t\t\t\t<div class=\"elementor-element elementor-element-ea2d691 elementor-widget elementor-widget-image\" data-id=\"ea2d691\" data-element_type=\"widget\" data-e-type=\"widget\" data-widget_type=\"image.default\">\n\t\t\t\t<div class=\"elementor-widget-container\">\n\t\t\t\t\t\t\t\t\t\t\t\t\t\t\t<img loading=\"lazy\" decoding=\"async\" width=\"609\" height=\"414\" src=\"https:\/\/cocemfevalencia.org\/wp-content\/uploads\/2021\/03\/cab.jpg\" class=\"attachment-large size-large wp-image-5021\" alt=\"\" srcset=\"https:\/\/cocemfevalencia.org\/wp-content\/uploads\/2021\/03\/cab.jpg 609w, https:\/\/cocemfevalencia.org\/wp-content\/uploads\/2021\/03\/cab-300x204.jpg 300w\" sizes=\"(max-width: 609px) 100vw, 609px\" \/>\t\t\t\t\t\t\t\t\t\t\t\t\t\t\t<\/div>\n\t\t\t\t<\/div>\n\t\t\t\t\t<\/div>\n\t\t<\/div>\n\t\t\t\t<div class=\"elementor-column elementor-col-50 elementor-top-column elementor-element elementor-element-be7c8d2\" data-id=\"be7c8d2\" data-element_type=\"column\" data-e-type=\"column\">\n\t\t\t<div class=\"elementor-widget-wrap elementor-element-populated\">\n\t\t\t\t\t\t<div class=\"elementor-element elementor-element-f62ff5b elementor-widget elementor-widget-text-editor\" data-id=\"f62ff5b\" data-element_type=\"widget\" data-e-type=\"widget\" data-widget_type=\"text-editor.default\">\n\t\t\t\t<div class=\"elementor-widget-container\">\n\t\t\t\t\t\t\t\t\t<blockquote><h3>\u00a0<\/h3><h3>\u00a0<\/h3><h3>\u00a0<\/h3><h3>\u00a0<\/h3><h3><strong>Quiero dedicar esta entrevista a mis hijos y sobrinos que aprendieron a andar cojeando.<\/strong><\/h3><\/blockquote>\t\t\t\t\t\t\t\t<\/div>\n\t\t\t\t<\/div>\n\t\t\t\t\t<\/div>\n\t\t<\/div>\n\t\t\t\t\t<\/div>\n\t\t<\/section>\n\t\t\t\t<\/div>\n\t\t<p>Visitas: 3<\/p>","protected":false},"excerpt":{"rendered":"<p>Nac\u00ed un 5 de abril, en plena primavera valenciana.\u00a0 Mi primera infancia, hasta los tres a\u00f1os y tres meses fue \u201cnormal\u201d. Y en el mes de julio del 61 me convert\u00ed en una de los miles de ni\u00f1os que cay\u00f3 en las redes de la pandemia de la polio. Por la edad no recuerdo dramas,&hellip;&nbsp;<a href=\"https:\/\/cocemfevalencia.org\/es\/la-voz-de-cocemfe-valencia-mi-ilusion-ser-maestra-lo-consegui\/\" rel=\"bookmark\">Leer m\u00e1s &raquo;<span class=\"screen-reader-text\">LA VOZ DE COCEMFE VALENCIA: Mi ilusi\u00f3n ser maestra. Lo consegu\u00ed<\/span><\/a><\/p>\n","protected":false},"author":3,"featured_media":4992,"comment_status":"closed","ping_status":"closed","sticky":false,"template":"","format":"standard","meta":{"rop_custom_images_group":[],"rop_custom_messages_group":[],"rop_publish_now":"initial","rop_publish_now_accounts":[],"rop_publish_now_history":[],"rop_publish_now_status":"pending","neve_meta_sidebar":"","neve_meta_container":"","neve_meta_enable_content_width":"","neve_meta_content_width":0,"neve_meta_title_alignment":"","neve_meta_author_avatar":"","neve_post_elements_order":"","neve_meta_disable_header":"","neve_meta_disable_footer":"","neve_meta_disable_title":"","footnotes":""},"categories":[5],"tags":[],"class_list":["post-4991","post","type-post","status-publish","format-standard","has-post-thumbnail","hentry","category-noticias"],"yoast_head":"<!-- This site is optimized with the Yoast SEO plugin v27.3 - https:\/\/yoast.com\/product\/yoast-seo-wordpress\/ -->\n<title>LA VOZ DE COCEMFE VALENCIA: Mi ilusi\u00f3n ser maestra. Lo consegu\u00ed - Cocemfe Valencia<\/title>\n<meta name=\"robots\" content=\"index, follow, max-snippet:-1, max-image-preview:large, max-video-preview:-1\" \/>\n<link rel=\"canonical\" href=\"https:\/\/cocemfevalencia.org\/es\/la-voz-de-cocemfe-valencia-mi-ilusion-ser-maestra-lo-consegui\/\" \/>\n<meta property=\"og:locale\" content=\"es_ES\" \/>\n<meta property=\"og:type\" content=\"article\" \/>\n<meta property=\"og:title\" content=\"LA VOZ DE COCEMFE VALENCIA: Mi ilusi\u00f3n ser maestra. Lo consegu\u00ed - Cocemfe Valencia\" \/>\n<meta property=\"og:description\" content=\"Nac\u00ed un 5 de abril, en plena primavera valenciana.\u00a0 Mi primera infancia, hasta los tres a\u00f1os y tres meses fue \u201cnormal\u201d. Y en el mes de julio del 61 me convert\u00ed en una de los miles de ni\u00f1os que cay\u00f3 en las redes de la pandemia de la polio. Por la edad no recuerdo dramas,&hellip;&nbsp;Leer m\u00e1s &raquo;LA VOZ DE COCEMFE VALENCIA: Mi ilusi\u00f3n ser maestra. Lo consegu\u00ed\" \/>\n<meta property=\"og:url\" content=\"https:\/\/cocemfevalencia.org\/es\/la-voz-de-cocemfe-valencia-mi-ilusion-ser-maestra-lo-consegui\/\" \/>\n<meta property=\"og:site_name\" content=\"Cocemfe Valencia\" \/>\n<meta property=\"article:publisher\" content=\"https:\/\/www.facebook.com\/cocemfe.valencia\" \/>\n<meta property=\"article:published_time\" content=\"2021-03-30T12:20:57+00:00\" \/>\n<meta property=\"og:image\" content=\"https:\/\/cocemfevalencia.org\/wp-content\/uploads\/2021\/03\/Copia-de-sense-n-style.png\" \/>\n\t<meta property=\"og:image:width\" content=\"1414\" \/>\n\t<meta property=\"og:image:height\" content=\"2000\" \/>\n\t<meta property=\"og:image:type\" content=\"image\/png\" \/>\n<meta name=\"author\" content=\"COCEMFE VALENCIA\" \/>\n<meta name=\"twitter:card\" content=\"summary_large_image\" \/>\n<meta name=\"twitter:creator\" content=\"@COCEMFEValencia\" \/>\n<meta name=\"twitter:site\" content=\"@COCEMFEValencia\" \/>\n<meta name=\"twitter:label1\" content=\"Escrito por\" \/>\n\t<meta name=\"twitter:data1\" content=\"COCEMFE VALENCIA\" \/>\n\t<meta name=\"twitter:label2\" content=\"Tiempo de lectura\" \/>\n\t<meta name=\"twitter:data2\" content=\"4 minutos\" \/>\n<script type=\"application\/ld+json\" class=\"yoast-schema-graph\">{\"@context\":\"https:\\\/\\\/schema.org\",\"@graph\":[{\"@type\":\"Article\",\"@id\":\"https:\\\/\\\/cocemfevalencia.org\\\/es\\\/la-voz-de-cocemfe-valencia-mi-ilusion-ser-maestra-lo-consegui\\\/#article\",\"isPartOf\":{\"@id\":\"https:\\\/\\\/cocemfevalencia.org\\\/es\\\/la-voz-de-cocemfe-valencia-mi-ilusion-ser-maestra-lo-consegui\\\/\"},\"author\":{\"name\":\"COCEMFE VALENCIA\",\"@id\":\"https:\\\/\\\/cocemfevalencia.org\\\/es\\\/#\\\/schema\\\/person\\\/e31a24227ccbc918e2c80add51990ad7\"},\"headline\":\"LA VOZ DE COCEMFE VALENCIA: Mi ilusi\u00f3n ser maestra. Lo consegu\u00ed\",\"datePublished\":\"2021-03-30T12:20:57+00:00\",\"mainEntityOfPage\":{\"@id\":\"https:\\\/\\\/cocemfevalencia.org\\\/es\\\/la-voz-de-cocemfe-valencia-mi-ilusion-ser-maestra-lo-consegui\\\/\"},\"wordCount\":729,\"publisher\":{\"@id\":\"https:\\\/\\\/cocemfevalencia.org\\\/es\\\/#organization\"},\"image\":{\"@id\":\"https:\\\/\\\/cocemfevalencia.org\\\/es\\\/la-voz-de-cocemfe-valencia-mi-ilusion-ser-maestra-lo-consegui\\\/#primaryimage\"},\"thumbnailUrl\":\"https:\\\/\\\/cocemfevalencia.org\\\/wp-content\\\/uploads\\\/2021\\\/03\\\/Copia-de-sense-n-style.png\",\"articleSection\":[\"Not\u00edcies\"],\"inLanguage\":\"es\"},{\"@type\":\"WebPage\",\"@id\":\"https:\\\/\\\/cocemfevalencia.org\\\/es\\\/la-voz-de-cocemfe-valencia-mi-ilusion-ser-maestra-lo-consegui\\\/\",\"url\":\"https:\\\/\\\/cocemfevalencia.org\\\/es\\\/la-voz-de-cocemfe-valencia-mi-ilusion-ser-maestra-lo-consegui\\\/\",\"name\":\"LA VOZ DE COCEMFE VALENCIA: Mi ilusi\u00f3n ser maestra. Lo consegu\u00ed - Cocemfe Valencia\",\"isPartOf\":{\"@id\":\"https:\\\/\\\/cocemfevalencia.org\\\/es\\\/#website\"},\"primaryImageOfPage\":{\"@id\":\"https:\\\/\\\/cocemfevalencia.org\\\/es\\\/la-voz-de-cocemfe-valencia-mi-ilusion-ser-maestra-lo-consegui\\\/#primaryimage\"},\"image\":{\"@id\":\"https:\\\/\\\/cocemfevalencia.org\\\/es\\\/la-voz-de-cocemfe-valencia-mi-ilusion-ser-maestra-lo-consegui\\\/#primaryimage\"},\"thumbnailUrl\":\"https:\\\/\\\/cocemfevalencia.org\\\/wp-content\\\/uploads\\\/2021\\\/03\\\/Copia-de-sense-n-style.png\",\"datePublished\":\"2021-03-30T12:20:57+00:00\",\"breadcrumb\":{\"@id\":\"https:\\\/\\\/cocemfevalencia.org\\\/es\\\/la-voz-de-cocemfe-valencia-mi-ilusion-ser-maestra-lo-consegui\\\/#breadcrumb\"},\"inLanguage\":\"es\",\"potentialAction\":[{\"@type\":\"ReadAction\",\"target\":[\"https:\\\/\\\/cocemfevalencia.org\\\/es\\\/la-voz-de-cocemfe-valencia-mi-ilusion-ser-maestra-lo-consegui\\\/\"]}]},{\"@type\":\"ImageObject\",\"inLanguage\":\"es\",\"@id\":\"https:\\\/\\\/cocemfevalencia.org\\\/es\\\/la-voz-de-cocemfe-valencia-mi-ilusion-ser-maestra-lo-consegui\\\/#primaryimage\",\"url\":\"https:\\\/\\\/cocemfevalencia.org\\\/wp-content\\\/uploads\\\/2021\\\/03\\\/Copia-de-sense-n-style.png\",\"contentUrl\":\"https:\\\/\\\/cocemfevalencia.org\\\/wp-content\\\/uploads\\\/2021\\\/03\\\/Copia-de-sense-n-style.png\",\"width\":1414,\"height\":2000},{\"@type\":\"BreadcrumbList\",\"@id\":\"https:\\\/\\\/cocemfevalencia.org\\\/es\\\/la-voz-de-cocemfe-valencia-mi-ilusion-ser-maestra-lo-consegui\\\/#breadcrumb\",\"itemListElement\":[{\"@type\":\"ListItem\",\"position\":1,\"name\":\"Portada\",\"item\":\"https:\\\/\\\/cocemfevalencia.org\\\/es\\\/\"},{\"@type\":\"ListItem\",\"position\":2,\"name\":\"LA VOZ DE COCEMFE VALENCIA: Mi ilusi\u00f3n ser maestra. Lo consegu\u00ed\"}]},{\"@type\":\"WebSite\",\"@id\":\"https:\\\/\\\/cocemfevalencia.org\\\/es\\\/#website\",\"url\":\"https:\\\/\\\/cocemfevalencia.org\\\/es\\\/\",\"name\":\"Cocemfe Valencia\",\"description\":\"FEDERACI\u00d3N DE ASOCIACIONES DE PERSONAS CON DISCAPACIDAD F\u00cdSICA Y ORG\u00c1NICA DE LA PROV\u00cdNCIA DE VALENCIA\",\"publisher\":{\"@id\":\"https:\\\/\\\/cocemfevalencia.org\\\/es\\\/#organization\"},\"potentialAction\":[{\"@type\":\"SearchAction\",\"target\":{\"@type\":\"EntryPoint\",\"urlTemplate\":\"https:\\\/\\\/cocemfevalencia.org\\\/es\\\/?s={search_term_string}\"},\"query-input\":{\"@type\":\"PropertyValueSpecification\",\"valueRequired\":true,\"valueName\":\"search_term_string\"}}],\"inLanguage\":\"es\"},{\"@type\":\"Organization\",\"@id\":\"https:\\\/\\\/cocemfevalencia.org\\\/es\\\/#organization\",\"name\":\"Cocemfe Valencia\",\"url\":\"https:\\\/\\\/cocemfevalencia.org\\\/es\\\/\",\"logo\":{\"@type\":\"ImageObject\",\"inLanguage\":\"es\",\"@id\":\"https:\\\/\\\/cocemfevalencia.org\\\/es\\\/#\\\/schema\\\/logo\\\/image\\\/\",\"url\":\"https:\\\/\\\/cocemfevalencia.org\\\/wp-content\\\/uploads\\\/2023\\\/03\\\/0312-Horizontal-una-linea-larga-rgb-positivo-Tricolor.png\",\"contentUrl\":\"https:\\\/\\\/cocemfevalencia.org\\\/wp-content\\\/uploads\\\/2023\\\/03\\\/0312-Horizontal-una-linea-larga-rgb-positivo-Tricolor.png\",\"width\":2334,\"height\":613,\"caption\":\"Cocemfe Valencia\"},\"image\":{\"@id\":\"https:\\\/\\\/cocemfevalencia.org\\\/es\\\/#\\\/schema\\\/logo\\\/image\\\/\"},\"sameAs\":[\"https:\\\/\\\/www.facebook.com\\\/cocemfe.valencia\",\"https:\\\/\\\/x.com\\\/COCEMFEValencia\"]},{\"@type\":\"Person\",\"@id\":\"https:\\\/\\\/cocemfevalencia.org\\\/es\\\/#\\\/schema\\\/person\\\/e31a24227ccbc918e2c80add51990ad7\",\"name\":\"COCEMFE VALENCIA\",\"image\":{\"@type\":\"ImageObject\",\"inLanguage\":\"es\",\"@id\":\"https:\\\/\\\/secure.gravatar.com\\\/avatar\\\/81dd2ced4591577d70433bbfde65ba3f931e09f5cb4ca8c890817c47789b47f0?s=96&d=mm&r=g\",\"url\":\"https:\\\/\\\/secure.gravatar.com\\\/avatar\\\/81dd2ced4591577d70433bbfde65ba3f931e09f5cb4ca8c890817c47789b47f0?s=96&d=mm&r=g\",\"contentUrl\":\"https:\\\/\\\/secure.gravatar.com\\\/avatar\\\/81dd2ced4591577d70433bbfde65ba3f931e09f5cb4ca8c890817c47789b47f0?s=96&d=mm&r=g\",\"caption\":\"COCEMFE VALENCIA\"}}]}<\/script>\n<!-- \/ Yoast SEO plugin. -->","yoast_head_json":{"title":"LA VOZ DE COCEMFE VALENCIA: Mi ilusi\u00f3n ser maestra. Lo consegu\u00ed - Cocemfe Valencia","robots":{"index":"index","follow":"follow","max-snippet":"max-snippet:-1","max-image-preview":"max-image-preview:large","max-video-preview":"max-video-preview:-1"},"canonical":"https:\/\/cocemfevalencia.org\/es\/la-voz-de-cocemfe-valencia-mi-ilusion-ser-maestra-lo-consegui\/","og_locale":"es_ES","og_type":"article","og_title":"LA VOZ DE COCEMFE VALENCIA: Mi ilusi\u00f3n ser maestra. Lo consegu\u00ed - Cocemfe Valencia","og_description":"Nac\u00ed un 5 de abril, en plena primavera valenciana.\u00a0 Mi primera infancia, hasta los tres a\u00f1os y tres meses fue \u201cnormal\u201d. Y en el mes de julio del 61 me convert\u00ed en una de los miles de ni\u00f1os que cay\u00f3 en las redes de la pandemia de la polio. Por la edad no recuerdo dramas,&hellip;&nbsp;Leer m\u00e1s &raquo;LA VOZ DE COCEMFE VALENCIA: Mi ilusi\u00f3n ser maestra. Lo consegu\u00ed","og_url":"https:\/\/cocemfevalencia.org\/es\/la-voz-de-cocemfe-valencia-mi-ilusion-ser-maestra-lo-consegui\/","og_site_name":"Cocemfe Valencia","article_publisher":"https:\/\/www.facebook.com\/cocemfe.valencia","article_published_time":"2021-03-30T12:20:57+00:00","og_image":[{"width":1414,"height":2000,"url":"https:\/\/cocemfevalencia.org\/wp-content\/uploads\/2021\/03\/Copia-de-sense-n-style.png","type":"image\/png"}],"author":"COCEMFE VALENCIA","twitter_card":"summary_large_image","twitter_creator":"@COCEMFEValencia","twitter_site":"@COCEMFEValencia","twitter_misc":{"Escrito por":"COCEMFE VALENCIA","Tiempo de lectura":"4 minutos"},"schema":{"@context":"https:\/\/schema.org","@graph":[{"@type":"Article","@id":"https:\/\/cocemfevalencia.org\/es\/la-voz-de-cocemfe-valencia-mi-ilusion-ser-maestra-lo-consegui\/#article","isPartOf":{"@id":"https:\/\/cocemfevalencia.org\/es\/la-voz-de-cocemfe-valencia-mi-ilusion-ser-maestra-lo-consegui\/"},"author":{"name":"COCEMFE VALENCIA","@id":"https:\/\/cocemfevalencia.org\/es\/#\/schema\/person\/e31a24227ccbc918e2c80add51990ad7"},"headline":"LA VOZ DE COCEMFE VALENCIA: Mi ilusi\u00f3n ser maestra. Lo consegu\u00ed","datePublished":"2021-03-30T12:20:57+00:00","mainEntityOfPage":{"@id":"https:\/\/cocemfevalencia.org\/es\/la-voz-de-cocemfe-valencia-mi-ilusion-ser-maestra-lo-consegui\/"},"wordCount":729,"publisher":{"@id":"https:\/\/cocemfevalencia.org\/es\/#organization"},"image":{"@id":"https:\/\/cocemfevalencia.org\/es\/la-voz-de-cocemfe-valencia-mi-ilusion-ser-maestra-lo-consegui\/#primaryimage"},"thumbnailUrl":"https:\/\/cocemfevalencia.org\/wp-content\/uploads\/2021\/03\/Copia-de-sense-n-style.png","articleSection":["Not\u00edcies"],"inLanguage":"es"},{"@type":"WebPage","@id":"https:\/\/cocemfevalencia.org\/es\/la-voz-de-cocemfe-valencia-mi-ilusion-ser-maestra-lo-consegui\/","url":"https:\/\/cocemfevalencia.org\/es\/la-voz-de-cocemfe-valencia-mi-ilusion-ser-maestra-lo-consegui\/","name":"LA VOZ DE COCEMFE VALENCIA: Mi ilusi\u00f3n ser maestra. Lo consegu\u00ed - Cocemfe Valencia","isPartOf":{"@id":"https:\/\/cocemfevalencia.org\/es\/#website"},"primaryImageOfPage":{"@id":"https:\/\/cocemfevalencia.org\/es\/la-voz-de-cocemfe-valencia-mi-ilusion-ser-maestra-lo-consegui\/#primaryimage"},"image":{"@id":"https:\/\/cocemfevalencia.org\/es\/la-voz-de-cocemfe-valencia-mi-ilusion-ser-maestra-lo-consegui\/#primaryimage"},"thumbnailUrl":"https:\/\/cocemfevalencia.org\/wp-content\/uploads\/2021\/03\/Copia-de-sense-n-style.png","datePublished":"2021-03-30T12:20:57+00:00","breadcrumb":{"@id":"https:\/\/cocemfevalencia.org\/es\/la-voz-de-cocemfe-valencia-mi-ilusion-ser-maestra-lo-consegui\/#breadcrumb"},"inLanguage":"es","potentialAction":[{"@type":"ReadAction","target":["https:\/\/cocemfevalencia.org\/es\/la-voz-de-cocemfe-valencia-mi-ilusion-ser-maestra-lo-consegui\/"]}]},{"@type":"ImageObject","inLanguage":"es","@id":"https:\/\/cocemfevalencia.org\/es\/la-voz-de-cocemfe-valencia-mi-ilusion-ser-maestra-lo-consegui\/#primaryimage","url":"https:\/\/cocemfevalencia.org\/wp-content\/uploads\/2021\/03\/Copia-de-sense-n-style.png","contentUrl":"https:\/\/cocemfevalencia.org\/wp-content\/uploads\/2021\/03\/Copia-de-sense-n-style.png","width":1414,"height":2000},{"@type":"BreadcrumbList","@id":"https:\/\/cocemfevalencia.org\/es\/la-voz-de-cocemfe-valencia-mi-ilusion-ser-maestra-lo-consegui\/#breadcrumb","itemListElement":[{"@type":"ListItem","position":1,"name":"Portada","item":"https:\/\/cocemfevalencia.org\/es\/"},{"@type":"ListItem","position":2,"name":"LA VOZ DE COCEMFE VALENCIA: Mi ilusi\u00f3n ser maestra. Lo consegu\u00ed"}]},{"@type":"WebSite","@id":"https:\/\/cocemfevalencia.org\/es\/#website","url":"https:\/\/cocemfevalencia.org\/es\/","name":"Cocemfe Valencia","description":"FEDERACI\u00d3N DE ASOCIACIONES DE PERSONAS CON DISCAPACIDAD F\u00cdSICA Y ORG\u00c1NICA DE LA PROV\u00cdNCIA DE VALENCIA","publisher":{"@id":"https:\/\/cocemfevalencia.org\/es\/#organization"},"potentialAction":[{"@type":"SearchAction","target":{"@type":"EntryPoint","urlTemplate":"https:\/\/cocemfevalencia.org\/es\/?s={search_term_string}"},"query-input":{"@type":"PropertyValueSpecification","valueRequired":true,"valueName":"search_term_string"}}],"inLanguage":"es"},{"@type":"Organization","@id":"https:\/\/cocemfevalencia.org\/es\/#organization","name":"Cocemfe Valencia","url":"https:\/\/cocemfevalencia.org\/es\/","logo":{"@type":"ImageObject","inLanguage":"es","@id":"https:\/\/cocemfevalencia.org\/es\/#\/schema\/logo\/image\/","url":"https:\/\/cocemfevalencia.org\/wp-content\/uploads\/2023\/03\/0312-Horizontal-una-linea-larga-rgb-positivo-Tricolor.png","contentUrl":"https:\/\/cocemfevalencia.org\/wp-content\/uploads\/2023\/03\/0312-Horizontal-una-linea-larga-rgb-positivo-Tricolor.png","width":2334,"height":613,"caption":"Cocemfe Valencia"},"image":{"@id":"https:\/\/cocemfevalencia.org\/es\/#\/schema\/logo\/image\/"},"sameAs":["https:\/\/www.facebook.com\/cocemfe.valencia","https:\/\/x.com\/COCEMFEValencia"]},{"@type":"Person","@id":"https:\/\/cocemfevalencia.org\/es\/#\/schema\/person\/e31a24227ccbc918e2c80add51990ad7","name":"COCEMFE VALENCIA","image":{"@type":"ImageObject","inLanguage":"es","@id":"https:\/\/secure.gravatar.com\/avatar\/81dd2ced4591577d70433bbfde65ba3f931e09f5cb4ca8c890817c47789b47f0?s=96&d=mm&r=g","url":"https:\/\/secure.gravatar.com\/avatar\/81dd2ced4591577d70433bbfde65ba3f931e09f5cb4ca8c890817c47789b47f0?s=96&d=mm&r=g","contentUrl":"https:\/\/secure.gravatar.com\/avatar\/81dd2ced4591577d70433bbfde65ba3f931e09f5cb4ca8c890817c47789b47f0?s=96&d=mm&r=g","caption":"COCEMFE VALENCIA"}}]}},"_links":{"self":[{"href":"https:\/\/cocemfevalencia.org\/es\/wp-json\/wp\/v2\/posts\/4991","targetHints":{"allow":["GET"]}}],"collection":[{"href":"https:\/\/cocemfevalencia.org\/es\/wp-json\/wp\/v2\/posts"}],"about":[{"href":"https:\/\/cocemfevalencia.org\/es\/wp-json\/wp\/v2\/types\/post"}],"author":[{"embeddable":true,"href":"https:\/\/cocemfevalencia.org\/es\/wp-json\/wp\/v2\/users\/3"}],"replies":[{"embeddable":true,"href":"https:\/\/cocemfevalencia.org\/es\/wp-json\/wp\/v2\/comments?post=4991"}],"version-history":[{"count":0,"href":"https:\/\/cocemfevalencia.org\/es\/wp-json\/wp\/v2\/posts\/4991\/revisions"}],"wp:featuredmedia":[{"embeddable":true,"href":"https:\/\/cocemfevalencia.org\/es\/wp-json\/wp\/v2\/media\/4992"}],"wp:attachment":[{"href":"https:\/\/cocemfevalencia.org\/es\/wp-json\/wp\/v2\/media?parent=4991"}],"wp:term":[{"taxonomy":"category","embeddable":true,"href":"https:\/\/cocemfevalencia.org\/es\/wp-json\/wp\/v2\/categories?post=4991"},{"taxonomy":"post_tag","embeddable":true,"href":"https:\/\/cocemfevalencia.org\/es\/wp-json\/wp\/v2\/tags?post=4991"}],"curies":[{"name":"wp","href":"https:\/\/api.w.org\/{rel}","templated":true}]}}