{"id":5057,"date":"2021-04-15T14:09:28","date_gmt":"2021-04-15T12:09:28","guid":{"rendered":"http:\/\/cocemfevalencia.org\/?p=5057"},"modified":"2021-04-15T14:09:28","modified_gmt":"2021-04-15T12:09:28","slug":"noves-sessions-grupals-de-les-persones-beneficiaries-dels-nostres-programes-ditineraris-individualitzats","status":"publish","type":"post","link":"https:\/\/cocemfevalencia.org\/es\/noves-sessions-grupals-de-les-persones-beneficiaries-dels-nostres-programes-ditineraris-individualitzats\/","title":{"rendered":"Noves sessions grupals de les persones benefici\u00e0ries dels nostres programes d&#8217;itineraris individualitzats"},"content":{"rendered":"\t\t<div data-elementor-type=\"wp-post\" data-elementor-id=\"5057\" class=\"elementor elementor-5057\" data-elementor-post-type=\"post\">\n\t\t\t\t\t\t<section class=\"elementor-section elementor-top-section elementor-element elementor-element-1cc7fc8 elementor-section-boxed elementor-section-height-default elementor-section-height-default\" data-id=\"1cc7fc8\" data-element_type=\"section\" data-e-type=\"section\">\n\t\t\t\t\t\t<div class=\"elementor-container elementor-column-gap-default\">\n\t\t\t\t\t<div class=\"elementor-column elementor-col-50 elementor-top-column elementor-element elementor-element-4ca0304\" data-id=\"4ca0304\" data-element_type=\"column\" data-e-type=\"column\">\n\t\t\t<div class=\"elementor-widget-wrap elementor-element-populated\">\n\t\t\t\t\t\t<div class=\"elementor-element elementor-element-e3e0647 elementor-widget elementor-widget-image\" data-id=\"e3e0647\" data-element_type=\"widget\" data-e-type=\"widget\" data-widget_type=\"image.default\">\n\t\t\t\t<div class=\"elementor-widget-container\">\n\t\t\t\t\t\t\t\t\t\t\t\t\t\t\t<img fetchpriority=\"high\" decoding=\"async\" width=\"1024\" height=\"576\" src=\"https:\/\/cocemfevalencia.org\/wp-content\/uploads\/2021\/04\/WhatsApp-Image-2021-04-15-at-13.34.25-1-1024x576.jpeg\" class=\"attachment-large size-large wp-image-5060\" alt=\"\" srcset=\"https:\/\/cocemfevalencia.org\/wp-content\/uploads\/2021\/04\/WhatsApp-Image-2021-04-15-at-13.34.25-1-1024x576.jpeg 1024w, https:\/\/cocemfevalencia.org\/wp-content\/uploads\/2021\/04\/WhatsApp-Image-2021-04-15-at-13.34.25-1-300x169.jpeg 300w, https:\/\/cocemfevalencia.org\/wp-content\/uploads\/2021\/04\/WhatsApp-Image-2021-04-15-at-13.34.25-1-768x432.jpeg 768w, https:\/\/cocemfevalencia.org\/wp-content\/uploads\/2021\/04\/WhatsApp-Image-2021-04-15-at-13.34.25-1-1536x864.jpeg 1536w, https:\/\/cocemfevalencia.org\/wp-content\/uploads\/2021\/04\/WhatsApp-Image-2021-04-15-at-13.34.25-1.jpeg 1600w\" sizes=\"(max-width: 1024px) 100vw, 1024px\" \/>\t\t\t\t\t\t\t\t\t\t\t\t\t\t\t<\/div>\n\t\t\t\t<\/div>\n\t\t\t\t\t<\/div>\n\t\t<\/div>\n\t\t\t\t<div class=\"elementor-column elementor-col-50 elementor-top-column elementor-element elementor-element-9063bf8\" data-id=\"9063bf8\" data-element_type=\"column\" data-e-type=\"column\">\n\t\t\t<div class=\"elementor-widget-wrap elementor-element-populated\">\n\t\t\t\t\t\t<div class=\"elementor-element elementor-element-937fb1c elementor-widget elementor-widget-text-editor\" data-id=\"937fb1c\" data-element_type=\"widget\" data-e-type=\"widget\" data-widget_type=\"text-editor.default\">\n\t\t\t\t<div class=\"elementor-widget-container\">\n\t\t\t\t\t\t\t\t\t<p>Continuem impartint en COCEMFE Val\u00e8ncia formaci\u00f3 grupal per a de les persones benefici\u00e0ries dels nostres programes d&#8217;itineraris individualitzats.<\/p>\n<p>Aquests \u00faltims dies hem pogut impartir el nostre taller de Cerca d&#8217;ocupaci\u00f3 2.0 a diversos grups redu\u00efts en les nostres instal\u00b7lacions a causa de les nostres mesures COVID.<\/p><p>La formaci\u00f3 en Cerca d&#8217;ocupaci\u00f3 2.0 tracta els principals recursos disponibles en la xarxa per a la cerca d&#8217;ocupaci\u00f3, donant-li import\u00e0ncia als recursos espec\u00edfics que tenen al seu abast per al col\u00b7lectiu de persones amb certificat de discapacitat.<br><\/p>\t\t\t\t\t\t\t\t<\/div>\n\t\t\t\t<\/div>\n\t\t\t\t\t<\/div>\n\t\t<\/div>\n\t\t\t\t\t<\/div>\n\t\t<\/section>\n\t\t\t\t<section class=\"elementor-section elementor-top-section elementor-element elementor-element-8894251 elementor-section-boxed elementor-section-height-default elementor-section-height-default\" data-id=\"8894251\" data-element_type=\"section\" data-e-type=\"section\">\n\t\t\t\t\t\t<div class=\"elementor-container elementor-column-gap-default\">\n\t\t\t\t\t<div class=\"elementor-column elementor-col-100 elementor-top-column elementor-element elementor-element-9431f8d\" data-id=\"9431f8d\" data-element_type=\"column\" data-e-type=\"column\">\n\t\t\t<div class=\"elementor-widget-wrap elementor-element-populated\">\n\t\t\t\t\t\t<div class=\"elementor-element elementor-element-4f3c1aa elementor-widget elementor-widget-text-editor\" data-id=\"4f3c1aa\" data-element_type=\"widget\" data-e-type=\"widget\" data-widget_type=\"text-editor.default\">\n\t\t\t\t<div class=\"elementor-widget-container\">\n\t\t\t\t\t\t\t\t\t<p>\u00a0<\/p><p>Tamb\u00e9, aquest mateix dilluns, s&#8217;ha treballat la motivaci\u00f3 orientada a la cerca d&#8217;ocupaci\u00f3 de les nostres persones benefici\u00e0ries (En aquesta ocasi\u00f3, en modalitat Online). Coneixent les dificultats que troben en el seu dia a dia i com afronten aquestes dificultats per a poder ajudar-les a trobar la motivaci\u00f3 suficient.<\/p><p>Aquest projecte s&#8217;executar\u00e0 gr\u00e0cies a la subvenci\u00f3 de la 7a Convocat\u00f2ria de Fundaci\u00f3 Bancaixa i Bankia CAPACES, dirigida a persones amb capacitats diferents a la Comunitat Valenciana i que t\u00e9 com a objectiu contribuir a una societat m\u00e9s justa i en igualtat d&#8217;oportunitats.<\/p><p>I gr\u00e0cies a la Conselleria d\u2019Igualtat i Pol\u00edtiques Inclusives, a trav\u00e9s de la convocat\u00f2ria de programes d\u2019inter\u00e9s general de l\u2019assignaci\u00f3 tribut\u00e0ria del 0,7% de l\u2019Impost sobre la Renda dels Persones F\u00edsiques en la Comunitat Valenciana<\/p>\t\t\t\t\t\t\t\t<\/div>\n\t\t\t\t<\/div>\n\t\t\t\t\t<\/div>\n\t\t<\/div>\n\t\t\t\t\t<\/div>\n\t\t<\/section>\n\t\t\t\t<section class=\"elementor-section elementor-top-section elementor-element elementor-element-e764307 elementor-section-boxed elementor-section-height-default elementor-section-height-default\" data-id=\"e764307\" data-element_type=\"section\" data-e-type=\"section\">\n\t\t\t\t\t\t<div class=\"elementor-container elementor-column-gap-default\">\n\t\t\t\t\t<div class=\"elementor-column elementor-col-100 elementor-top-column elementor-element elementor-element-cb8d3cc\" data-id=\"cb8d3cc\" data-element_type=\"column\" data-e-type=\"column\">\n\t\t\t<div class=\"elementor-widget-wrap elementor-element-populated\">\n\t\t\t\t\t\t<div class=\"elementor-element elementor-element-7268beb elementor-widget elementor-widget-image\" data-id=\"7268beb\" data-element_type=\"widget\" data-e-type=\"widget\" data-widget_type=\"image.default\">\n\t\t\t\t<div class=\"elementor-widget-container\">\n\t\t\t\t\t\t\t\t\t\t\t\t\t\t\t<img decoding=\"async\" width=\"644\" height=\"59\" src=\"https:\/\/cocemfevalencia.org\/wp-content\/uploads\/2021\/04\/logos-itinerarios-21.png\" class=\"attachment-large size-large wp-image-5038\" alt=\"\" srcset=\"https:\/\/cocemfevalencia.org\/wp-content\/uploads\/2021\/04\/logos-itinerarios-21.png 644w, https:\/\/cocemfevalencia.org\/wp-content\/uploads\/2021\/04\/logos-itinerarios-21-300x27.png 300w\" sizes=\"(max-width: 644px) 100vw, 644px\" \/>\t\t\t\t\t\t\t\t\t\t\t\t\t\t\t<\/div>\n\t\t\t\t<\/div>\n\t\t\t\t\t<\/div>\n\t\t<\/div>\n\t\t\t\t\t<\/div>\n\t\t<\/section>\n\t\t\t\t<\/div>\n\t\t<p>Visitas: 0<\/p>","protected":false},"excerpt":{"rendered":"<p>Continuem impartint en COCEMFE Val\u00e8ncia formaci\u00f3 grupal per a de les persones benefici\u00e0ries dels nostres programes d&#8217;itineraris individualitzats. Aquests \u00faltims dies hem pogut impartir el nostre taller de Cerca d&#8217;ocupaci\u00f3 2.0 a diversos grups redu\u00efts en les nostres instal\u00b7lacions a causa de les nostres mesures COVID. La formaci\u00f3 en Cerca d&#8217;ocupaci\u00f3 2.0 tracta els principals&hellip;&nbsp;<a href=\"https:\/\/cocemfevalencia.org\/es\/noves-sessions-grupals-de-les-persones-beneficiaries-dels-nostres-programes-ditineraris-individualitzats\/\" rel=\"bookmark\">Leer m\u00e1s &raquo;<span class=\"screen-reader-text\">Noves sessions grupals de les persones benefici\u00e0ries dels nostres programes d&#8217;itineraris individualitzats<\/span><\/a><\/p>\n","protected":false},"author":3,"featured_media":5058,"comment_status":"closed","ping_status":"closed","sticky":false,"template":"","format":"standard","meta":{"rop_custom_images_group":[],"rop_custom_messages_group":[],"rop_publish_now":"initial","rop_publish_now_accounts":[],"rop_publish_now_history":[],"rop_publish_now_status":"pending","neve_meta_sidebar":"","neve_meta_container":"","neve_meta_enable_content_width":"","neve_meta_content_width":0,"neve_meta_title_alignment":"","neve_meta_author_avatar":"","neve_post_elements_order":"","neve_meta_disable_header":"","neve_meta_disable_footer":"","neve_meta_disable_title":"","footnotes":""},"categories":[5],"tags":[],"class_list":["post-5057","post","type-post","status-publish","format-standard","has-post-thumbnail","hentry","category-noticias"],"yoast_head":"<!-- This site is optimized with the Yoast SEO plugin v27.3 - https:\/\/yoast.com\/product\/yoast-seo-wordpress\/ -->\n<title>Noves sessions grupals de les persones benefici\u00e0ries dels nostres programes d&#039;itineraris individualitzats - Cocemfe Valencia<\/title>\n<meta name=\"robots\" content=\"index, follow, max-snippet:-1, max-image-preview:large, max-video-preview:-1\" \/>\n<link rel=\"canonical\" href=\"https:\/\/cocemfevalencia.org\/es\/noves-sessions-grupals-de-les-persones-beneficiaries-dels-nostres-programes-ditineraris-individualitzats\/\" \/>\n<meta property=\"og:locale\" content=\"es_ES\" \/>\n<meta property=\"og:type\" content=\"article\" \/>\n<meta property=\"og:title\" content=\"Noves sessions grupals de les persones benefici\u00e0ries dels nostres programes d&#039;itineraris individualitzats - Cocemfe Valencia\" \/>\n<meta property=\"og:description\" content=\"Continuem impartint en COCEMFE Val\u00e8ncia formaci\u00f3 grupal per a de les persones benefici\u00e0ries dels nostres programes d&#8217;itineraris individualitzats. Aquests \u00faltims dies hem pogut impartir el nostre taller de Cerca d&#8217;ocupaci\u00f3 2.0 a diversos grups redu\u00efts en les nostres instal\u00b7lacions a causa de les nostres mesures COVID. La formaci\u00f3 en Cerca d&#8217;ocupaci\u00f3 2.0 tracta els principals&hellip;&nbsp;Leer m\u00e1s &raquo;Noves sessions grupals de les persones benefici\u00e0ries dels nostres programes d&#8217;itineraris individualitzats\" \/>\n<meta property=\"og:url\" content=\"https:\/\/cocemfevalencia.org\/es\/noves-sessions-grupals-de-les-persones-beneficiaries-dels-nostres-programes-ditineraris-individualitzats\/\" \/>\n<meta property=\"og:site_name\" content=\"Cocemfe Valencia\" \/>\n<meta property=\"article:publisher\" content=\"https:\/\/www.facebook.com\/cocemfe.valencia\" \/>\n<meta property=\"article:published_time\" content=\"2021-04-15T12:09:28+00:00\" \/>\n<meta property=\"og:image\" content=\"https:\/\/cocemfevalencia.org\/wp-content\/uploads\/2021\/04\/WhatsApp-Image-2021-04-15-at-13.33.46.jpeg\" \/>\n\t<meta property=\"og:image:width\" content=\"1600\" \/>\n\t<meta property=\"og:image:height\" content=\"900\" \/>\n\t<meta property=\"og:image:type\" content=\"image\/jpeg\" \/>\n<meta name=\"author\" content=\"COCEMFE VALENCIA\" \/>\n<meta name=\"twitter:card\" content=\"summary_large_image\" \/>\n<meta name=\"twitter:creator\" content=\"@COCEMFEValencia\" \/>\n<meta name=\"twitter:site\" content=\"@COCEMFEValencia\" \/>\n<meta name=\"twitter:label1\" content=\"Escrito por\" \/>\n\t<meta name=\"twitter:data1\" content=\"COCEMFE VALENCIA\" \/>\n\t<meta name=\"twitter:label2\" content=\"Tiempo de lectura\" \/>\n\t<meta name=\"twitter:data2\" content=\"1 minuto\" \/>\n<script type=\"application\/ld+json\" class=\"yoast-schema-graph\">{\"@context\":\"https:\\\/\\\/schema.org\",\"@graph\":[{\"@type\":\"Article\",\"@id\":\"https:\\\/\\\/cocemfevalencia.org\\\/es\\\/noves-sessions-grupals-de-les-persones-beneficiaries-dels-nostres-programes-ditineraris-individualitzats\\\/#article\",\"isPartOf\":{\"@id\":\"https:\\\/\\\/cocemfevalencia.org\\\/es\\\/noves-sessions-grupals-de-les-persones-beneficiaries-dels-nostres-programes-ditineraris-individualitzats\\\/\"},\"author\":{\"name\":\"COCEMFE VALENCIA\",\"@id\":\"https:\\\/\\\/cocemfevalencia.org\\\/es\\\/#\\\/schema\\\/person\\\/e31a24227ccbc918e2c80add51990ad7\"},\"headline\":\"Noves sessions grupals de les persones benefici\u00e0ries dels nostres programes d&#8217;itineraris individualitzats\",\"datePublished\":\"2021-04-15T12:09:28+00:00\",\"mainEntityOfPage\":{\"@id\":\"https:\\\/\\\/cocemfevalencia.org\\\/es\\\/noves-sessions-grupals-de-les-persones-beneficiaries-dels-nostres-programes-ditineraris-individualitzats\\\/\"},\"wordCount\":243,\"publisher\":{\"@id\":\"https:\\\/\\\/cocemfevalencia.org\\\/es\\\/#organization\"},\"image\":{\"@id\":\"https:\\\/\\\/cocemfevalencia.org\\\/es\\\/noves-sessions-grupals-de-les-persones-beneficiaries-dels-nostres-programes-ditineraris-individualitzats\\\/#primaryimage\"},\"thumbnailUrl\":\"https:\\\/\\\/cocemfevalencia.org\\\/wp-content\\\/uploads\\\/2021\\\/04\\\/WhatsApp-Image-2021-04-15-at-13.33.46.jpeg\",\"articleSection\":[\"Not\u00edcies\"],\"inLanguage\":\"es\"},{\"@type\":\"WebPage\",\"@id\":\"https:\\\/\\\/cocemfevalencia.org\\\/es\\\/noves-sessions-grupals-de-les-persones-beneficiaries-dels-nostres-programes-ditineraris-individualitzats\\\/\",\"url\":\"https:\\\/\\\/cocemfevalencia.org\\\/es\\\/noves-sessions-grupals-de-les-persones-beneficiaries-dels-nostres-programes-ditineraris-individualitzats\\\/\",\"name\":\"Noves sessions grupals de les persones benefici\u00e0ries dels nostres programes d'itineraris individualitzats - Cocemfe Valencia\",\"isPartOf\":{\"@id\":\"https:\\\/\\\/cocemfevalencia.org\\\/es\\\/#website\"},\"primaryImageOfPage\":{\"@id\":\"https:\\\/\\\/cocemfevalencia.org\\\/es\\\/noves-sessions-grupals-de-les-persones-beneficiaries-dels-nostres-programes-ditineraris-individualitzats\\\/#primaryimage\"},\"image\":{\"@id\":\"https:\\\/\\\/cocemfevalencia.org\\\/es\\\/noves-sessions-grupals-de-les-persones-beneficiaries-dels-nostres-programes-ditineraris-individualitzats\\\/#primaryimage\"},\"thumbnailUrl\":\"https:\\\/\\\/cocemfevalencia.org\\\/wp-content\\\/uploads\\\/2021\\\/04\\\/WhatsApp-Image-2021-04-15-at-13.33.46.jpeg\",\"datePublished\":\"2021-04-15T12:09:28+00:00\",\"breadcrumb\":{\"@id\":\"https:\\\/\\\/cocemfevalencia.org\\\/es\\\/noves-sessions-grupals-de-les-persones-beneficiaries-dels-nostres-programes-ditineraris-individualitzats\\\/#breadcrumb\"},\"inLanguage\":\"es\",\"potentialAction\":[{\"@type\":\"ReadAction\",\"target\":[\"https:\\\/\\\/cocemfevalencia.org\\\/es\\\/noves-sessions-grupals-de-les-persones-beneficiaries-dels-nostres-programes-ditineraris-individualitzats\\\/\"]}]},{\"@type\":\"ImageObject\",\"inLanguage\":\"es\",\"@id\":\"https:\\\/\\\/cocemfevalencia.org\\\/es\\\/noves-sessions-grupals-de-les-persones-beneficiaries-dels-nostres-programes-ditineraris-individualitzats\\\/#primaryimage\",\"url\":\"https:\\\/\\\/cocemfevalencia.org\\\/wp-content\\\/uploads\\\/2021\\\/04\\\/WhatsApp-Image-2021-04-15-at-13.33.46.jpeg\",\"contentUrl\":\"https:\\\/\\\/cocemfevalencia.org\\\/wp-content\\\/uploads\\\/2021\\\/04\\\/WhatsApp-Image-2021-04-15-at-13.33.46.jpeg\",\"width\":1600,\"height\":900},{\"@type\":\"BreadcrumbList\",\"@id\":\"https:\\\/\\\/cocemfevalencia.org\\\/es\\\/noves-sessions-grupals-de-les-persones-beneficiaries-dels-nostres-programes-ditineraris-individualitzats\\\/#breadcrumb\",\"itemListElement\":[{\"@type\":\"ListItem\",\"position\":1,\"name\":\"Portada\",\"item\":\"https:\\\/\\\/cocemfevalencia.org\\\/es\\\/\"},{\"@type\":\"ListItem\",\"position\":2,\"name\":\"Noves sessions grupals de les persones benefici\u00e0ries dels nostres programes d&#8217;itineraris individualitzats\"}]},{\"@type\":\"WebSite\",\"@id\":\"https:\\\/\\\/cocemfevalencia.org\\\/es\\\/#website\",\"url\":\"https:\\\/\\\/cocemfevalencia.org\\\/es\\\/\",\"name\":\"Cocemfe Valencia\",\"description\":\"FEDERACI\u00d3N DE ASOCIACIONES DE PERSONAS CON DISCAPACIDAD F\u00cdSICA Y ORG\u00c1NICA DE LA PROV\u00cdNCIA DE VALENCIA\",\"publisher\":{\"@id\":\"https:\\\/\\\/cocemfevalencia.org\\\/es\\\/#organization\"},\"potentialAction\":[{\"@type\":\"SearchAction\",\"target\":{\"@type\":\"EntryPoint\",\"urlTemplate\":\"https:\\\/\\\/cocemfevalencia.org\\\/es\\\/?s={search_term_string}\"},\"query-input\":{\"@type\":\"PropertyValueSpecification\",\"valueRequired\":true,\"valueName\":\"search_term_string\"}}],\"inLanguage\":\"es\"},{\"@type\":\"Organization\",\"@id\":\"https:\\\/\\\/cocemfevalencia.org\\\/es\\\/#organization\",\"name\":\"Cocemfe Valencia\",\"url\":\"https:\\\/\\\/cocemfevalencia.org\\\/es\\\/\",\"logo\":{\"@type\":\"ImageObject\",\"inLanguage\":\"es\",\"@id\":\"https:\\\/\\\/cocemfevalencia.org\\\/es\\\/#\\\/schema\\\/logo\\\/image\\\/\",\"url\":\"https:\\\/\\\/cocemfevalencia.org\\\/wp-content\\\/uploads\\\/2023\\\/03\\\/0312-Horizontal-una-linea-larga-rgb-positivo-Tricolor.png\",\"contentUrl\":\"https:\\\/\\\/cocemfevalencia.org\\\/wp-content\\\/uploads\\\/2023\\\/03\\\/0312-Horizontal-una-linea-larga-rgb-positivo-Tricolor.png\",\"width\":2334,\"height\":613,\"caption\":\"Cocemfe Valencia\"},\"image\":{\"@id\":\"https:\\\/\\\/cocemfevalencia.org\\\/es\\\/#\\\/schema\\\/logo\\\/image\\\/\"},\"sameAs\":[\"https:\\\/\\\/www.facebook.com\\\/cocemfe.valencia\",\"https:\\\/\\\/x.com\\\/COCEMFEValencia\"]},{\"@type\":\"Person\",\"@id\":\"https:\\\/\\\/cocemfevalencia.org\\\/es\\\/#\\\/schema\\\/person\\\/e31a24227ccbc918e2c80add51990ad7\",\"name\":\"COCEMFE VALENCIA\",\"image\":{\"@type\":\"ImageObject\",\"inLanguage\":\"es\",\"@id\":\"https:\\\/\\\/secure.gravatar.com\\\/avatar\\\/81dd2ced4591577d70433bbfde65ba3f931e09f5cb4ca8c890817c47789b47f0?s=96&d=mm&r=g\",\"url\":\"https:\\\/\\\/secure.gravatar.com\\\/avatar\\\/81dd2ced4591577d70433bbfde65ba3f931e09f5cb4ca8c890817c47789b47f0?s=96&d=mm&r=g\",\"contentUrl\":\"https:\\\/\\\/secure.gravatar.com\\\/avatar\\\/81dd2ced4591577d70433bbfde65ba3f931e09f5cb4ca8c890817c47789b47f0?s=96&d=mm&r=g\",\"caption\":\"COCEMFE VALENCIA\"}}]}<\/script>\n<!-- \/ Yoast SEO plugin. -->","yoast_head_json":{"title":"Noves sessions grupals de les persones benefici\u00e0ries dels nostres programes d'itineraris individualitzats - Cocemfe Valencia","robots":{"index":"index","follow":"follow","max-snippet":"max-snippet:-1","max-image-preview":"max-image-preview:large","max-video-preview":"max-video-preview:-1"},"canonical":"https:\/\/cocemfevalencia.org\/es\/noves-sessions-grupals-de-les-persones-beneficiaries-dels-nostres-programes-ditineraris-individualitzats\/","og_locale":"es_ES","og_type":"article","og_title":"Noves sessions grupals de les persones benefici\u00e0ries dels nostres programes d'itineraris individualitzats - Cocemfe Valencia","og_description":"Continuem impartint en COCEMFE Val\u00e8ncia formaci\u00f3 grupal per a de les persones benefici\u00e0ries dels nostres programes d&#8217;itineraris individualitzats. Aquests \u00faltims dies hem pogut impartir el nostre taller de Cerca d&#8217;ocupaci\u00f3 2.0 a diversos grups redu\u00efts en les nostres instal\u00b7lacions a causa de les nostres mesures COVID. La formaci\u00f3 en Cerca d&#8217;ocupaci\u00f3 2.0 tracta els principals&hellip;&nbsp;Leer m\u00e1s &raquo;Noves sessions grupals de les persones benefici\u00e0ries dels nostres programes d&#8217;itineraris individualitzats","og_url":"https:\/\/cocemfevalencia.org\/es\/noves-sessions-grupals-de-les-persones-beneficiaries-dels-nostres-programes-ditineraris-individualitzats\/","og_site_name":"Cocemfe Valencia","article_publisher":"https:\/\/www.facebook.com\/cocemfe.valencia","article_published_time":"2021-04-15T12:09:28+00:00","og_image":[{"width":1600,"height":900,"url":"https:\/\/cocemfevalencia.org\/wp-content\/uploads\/2021\/04\/WhatsApp-Image-2021-04-15-at-13.33.46.jpeg","type":"image\/jpeg"}],"author":"COCEMFE VALENCIA","twitter_card":"summary_large_image","twitter_creator":"@COCEMFEValencia","twitter_site":"@COCEMFEValencia","twitter_misc":{"Escrito por":"COCEMFE VALENCIA","Tiempo de lectura":"1 minuto"},"schema":{"@context":"https:\/\/schema.org","@graph":[{"@type":"Article","@id":"https:\/\/cocemfevalencia.org\/es\/noves-sessions-grupals-de-les-persones-beneficiaries-dels-nostres-programes-ditineraris-individualitzats\/#article","isPartOf":{"@id":"https:\/\/cocemfevalencia.org\/es\/noves-sessions-grupals-de-les-persones-beneficiaries-dels-nostres-programes-ditineraris-individualitzats\/"},"author":{"name":"COCEMFE VALENCIA","@id":"https:\/\/cocemfevalencia.org\/es\/#\/schema\/person\/e31a24227ccbc918e2c80add51990ad7"},"headline":"Noves sessions grupals de les persones benefici\u00e0ries dels nostres programes d&#8217;itineraris individualitzats","datePublished":"2021-04-15T12:09:28+00:00","mainEntityOfPage":{"@id":"https:\/\/cocemfevalencia.org\/es\/noves-sessions-grupals-de-les-persones-beneficiaries-dels-nostres-programes-ditineraris-individualitzats\/"},"wordCount":243,"publisher":{"@id":"https:\/\/cocemfevalencia.org\/es\/#organization"},"image":{"@id":"https:\/\/cocemfevalencia.org\/es\/noves-sessions-grupals-de-les-persones-beneficiaries-dels-nostres-programes-ditineraris-individualitzats\/#primaryimage"},"thumbnailUrl":"https:\/\/cocemfevalencia.org\/wp-content\/uploads\/2021\/04\/WhatsApp-Image-2021-04-15-at-13.33.46.jpeg","articleSection":["Not\u00edcies"],"inLanguage":"es"},{"@type":"WebPage","@id":"https:\/\/cocemfevalencia.org\/es\/noves-sessions-grupals-de-les-persones-beneficiaries-dels-nostres-programes-ditineraris-individualitzats\/","url":"https:\/\/cocemfevalencia.org\/es\/noves-sessions-grupals-de-les-persones-beneficiaries-dels-nostres-programes-ditineraris-individualitzats\/","name":"Noves sessions grupals de les persones benefici\u00e0ries dels nostres programes d'itineraris individualitzats - Cocemfe Valencia","isPartOf":{"@id":"https:\/\/cocemfevalencia.org\/es\/#website"},"primaryImageOfPage":{"@id":"https:\/\/cocemfevalencia.org\/es\/noves-sessions-grupals-de-les-persones-beneficiaries-dels-nostres-programes-ditineraris-individualitzats\/#primaryimage"},"image":{"@id":"https:\/\/cocemfevalencia.org\/es\/noves-sessions-grupals-de-les-persones-beneficiaries-dels-nostres-programes-ditineraris-individualitzats\/#primaryimage"},"thumbnailUrl":"https:\/\/cocemfevalencia.org\/wp-content\/uploads\/2021\/04\/WhatsApp-Image-2021-04-15-at-13.33.46.jpeg","datePublished":"2021-04-15T12:09:28+00:00","breadcrumb":{"@id":"https:\/\/cocemfevalencia.org\/es\/noves-sessions-grupals-de-les-persones-beneficiaries-dels-nostres-programes-ditineraris-individualitzats\/#breadcrumb"},"inLanguage":"es","potentialAction":[{"@type":"ReadAction","target":["https:\/\/cocemfevalencia.org\/es\/noves-sessions-grupals-de-les-persones-beneficiaries-dels-nostres-programes-ditineraris-individualitzats\/"]}]},{"@type":"ImageObject","inLanguage":"es","@id":"https:\/\/cocemfevalencia.org\/es\/noves-sessions-grupals-de-les-persones-beneficiaries-dels-nostres-programes-ditineraris-individualitzats\/#primaryimage","url":"https:\/\/cocemfevalencia.org\/wp-content\/uploads\/2021\/04\/WhatsApp-Image-2021-04-15-at-13.33.46.jpeg","contentUrl":"https:\/\/cocemfevalencia.org\/wp-content\/uploads\/2021\/04\/WhatsApp-Image-2021-04-15-at-13.33.46.jpeg","width":1600,"height":900},{"@type":"BreadcrumbList","@id":"https:\/\/cocemfevalencia.org\/es\/noves-sessions-grupals-de-les-persones-beneficiaries-dels-nostres-programes-ditineraris-individualitzats\/#breadcrumb","itemListElement":[{"@type":"ListItem","position":1,"name":"Portada","item":"https:\/\/cocemfevalencia.org\/es\/"},{"@type":"ListItem","position":2,"name":"Noves sessions grupals de les persones benefici\u00e0ries dels nostres programes d&#8217;itineraris individualitzats"}]},{"@type":"WebSite","@id":"https:\/\/cocemfevalencia.org\/es\/#website","url":"https:\/\/cocemfevalencia.org\/es\/","name":"Cocemfe Valencia","description":"FEDERACI\u00d3N DE ASOCIACIONES DE PERSONAS CON DISCAPACIDAD F\u00cdSICA Y ORG\u00c1NICA DE LA PROV\u00cdNCIA DE VALENCIA","publisher":{"@id":"https:\/\/cocemfevalencia.org\/es\/#organization"},"potentialAction":[{"@type":"SearchAction","target":{"@type":"EntryPoint","urlTemplate":"https:\/\/cocemfevalencia.org\/es\/?s={search_term_string}"},"query-input":{"@type":"PropertyValueSpecification","valueRequired":true,"valueName":"search_term_string"}}],"inLanguage":"es"},{"@type":"Organization","@id":"https:\/\/cocemfevalencia.org\/es\/#organization","name":"Cocemfe Valencia","url":"https:\/\/cocemfevalencia.org\/es\/","logo":{"@type":"ImageObject","inLanguage":"es","@id":"https:\/\/cocemfevalencia.org\/es\/#\/schema\/logo\/image\/","url":"https:\/\/cocemfevalencia.org\/wp-content\/uploads\/2023\/03\/0312-Horizontal-una-linea-larga-rgb-positivo-Tricolor.png","contentUrl":"https:\/\/cocemfevalencia.org\/wp-content\/uploads\/2023\/03\/0312-Horizontal-una-linea-larga-rgb-positivo-Tricolor.png","width":2334,"height":613,"caption":"Cocemfe Valencia"},"image":{"@id":"https:\/\/cocemfevalencia.org\/es\/#\/schema\/logo\/image\/"},"sameAs":["https:\/\/www.facebook.com\/cocemfe.valencia","https:\/\/x.com\/COCEMFEValencia"]},{"@type":"Person","@id":"https:\/\/cocemfevalencia.org\/es\/#\/schema\/person\/e31a24227ccbc918e2c80add51990ad7","name":"COCEMFE VALENCIA","image":{"@type":"ImageObject","inLanguage":"es","@id":"https:\/\/secure.gravatar.com\/avatar\/81dd2ced4591577d70433bbfde65ba3f931e09f5cb4ca8c890817c47789b47f0?s=96&d=mm&r=g","url":"https:\/\/secure.gravatar.com\/avatar\/81dd2ced4591577d70433bbfde65ba3f931e09f5cb4ca8c890817c47789b47f0?s=96&d=mm&r=g","contentUrl":"https:\/\/secure.gravatar.com\/avatar\/81dd2ced4591577d70433bbfde65ba3f931e09f5cb4ca8c890817c47789b47f0?s=96&d=mm&r=g","caption":"COCEMFE VALENCIA"}}]}},"_links":{"self":[{"href":"https:\/\/cocemfevalencia.org\/es\/wp-json\/wp\/v2\/posts\/5057","targetHints":{"allow":["GET"]}}],"collection":[{"href":"https:\/\/cocemfevalencia.org\/es\/wp-json\/wp\/v2\/posts"}],"about":[{"href":"https:\/\/cocemfevalencia.org\/es\/wp-json\/wp\/v2\/types\/post"}],"author":[{"embeddable":true,"href":"https:\/\/cocemfevalencia.org\/es\/wp-json\/wp\/v2\/users\/3"}],"replies":[{"embeddable":true,"href":"https:\/\/cocemfevalencia.org\/es\/wp-json\/wp\/v2\/comments?post=5057"}],"version-history":[{"count":0,"href":"https:\/\/cocemfevalencia.org\/es\/wp-json\/wp\/v2\/posts\/5057\/revisions"}],"wp:featuredmedia":[{"embeddable":true,"href":"https:\/\/cocemfevalencia.org\/es\/wp-json\/wp\/v2\/media\/5058"}],"wp:attachment":[{"href":"https:\/\/cocemfevalencia.org\/es\/wp-json\/wp\/v2\/media?parent=5057"}],"wp:term":[{"taxonomy":"category","embeddable":true,"href":"https:\/\/cocemfevalencia.org\/es\/wp-json\/wp\/v2\/categories?post=5057"},{"taxonomy":"post_tag","embeddable":true,"href":"https:\/\/cocemfevalencia.org\/es\/wp-json\/wp\/v2\/tags?post=5057"}],"curies":[{"name":"wp","href":"https:\/\/api.w.org\/{rel}","templated":true}]}}