{"id":5723,"date":"2021-11-22T11:08:28","date_gmt":"2021-11-22T09:08:28","guid":{"rendered":"http:\/\/cocemfevalencia.org\/?p=5723"},"modified":"2021-11-22T11:08:28","modified_gmt":"2021-11-22T09:08:28","slug":"sessio-de-novembre-de-la-comissio-daccessibilitat-de-cocemfe-valencia-3","status":"publish","type":"post","link":"https:\/\/cocemfevalencia.org\/es\/sessio-de-novembre-de-la-comissio-daccessibilitat-de-cocemfe-valencia-3\/","title":{"rendered":"Sessi\u00f3 de novembre de la Comissi\u00f3 d&#8217;Accessibilitat de COCEMFE Val\u00e8ncia"},"content":{"rendered":"\t\t<div data-elementor-type=\"wp-post\" data-elementor-id=\"5723\" class=\"elementor elementor-5723\" data-elementor-post-type=\"post\">\n\t\t\t\t\t\t<section class=\"elementor-section elementor-top-section elementor-element elementor-element-cdc8ac6 elementor-section-boxed elementor-section-height-default elementor-section-height-default\" data-id=\"cdc8ac6\" data-element_type=\"section\" data-e-type=\"section\">\n\t\t\t\t\t\t<div class=\"elementor-container elementor-column-gap-default\">\n\t\t\t\t\t<div class=\"elementor-column elementor-col-50 elementor-top-column elementor-element elementor-element-54d1530\" data-id=\"54d1530\" data-element_type=\"column\" data-e-type=\"column\">\n\t\t\t<div class=\"elementor-widget-wrap elementor-element-populated\">\n\t\t\t\t\t\t<div class=\"elementor-element elementor-element-5cb0292 elementor-widget elementor-widget-image\" data-id=\"5cb0292\" data-element_type=\"widget\" data-e-type=\"widget\" data-widget_type=\"image.default\">\n\t\t\t\t<div class=\"elementor-widget-container\">\n\t\t\t\t\t\t\t\t\t\t\t\t\t\t\t<img fetchpriority=\"high\" decoding=\"async\" width=\"640\" height=\"360\" src=\"https:\/\/cocemfevalencia.org\/wp-content\/uploads\/2021\/11\/2021-11-02-C.Accesibilidad1.jpeg\" class=\"attachment-large size-large wp-image-5725\" alt=\"\" srcset=\"https:\/\/cocemfevalencia.org\/wp-content\/uploads\/2021\/11\/2021-11-02-C.Accesibilidad1.jpeg 640w, https:\/\/cocemfevalencia.org\/wp-content\/uploads\/2021\/11\/2021-11-02-C.Accesibilidad1-300x169.jpeg 300w\" sizes=\"(max-width: 640px) 100vw, 640px\" \/>\t\t\t\t\t\t\t\t\t\t\t\t\t\t\t<\/div>\n\t\t\t\t<\/div>\n\t\t\t\t\t<\/div>\n\t\t<\/div>\n\t\t\t\t<div class=\"elementor-column elementor-col-50 elementor-top-column elementor-element elementor-element-9f2fca0\" data-id=\"9f2fca0\" data-element_type=\"column\" data-e-type=\"column\">\n\t\t\t<div class=\"elementor-widget-wrap elementor-element-populated\">\n\t\t\t\t\t\t<div class=\"elementor-element elementor-element-6e30555 elementor-widget elementor-widget-text-editor\" data-id=\"6e30555\" data-element_type=\"widget\" data-e-type=\"widget\" data-widget_type=\"text-editor.default\">\n\t\t\t\t<div class=\"elementor-widget-container\">\n\t\t\t\t\t\t\t\t\t<p>Sessi\u00f3 de novembre de la Comissi\u00f3 d&#8217;Accessibilitat de COCEMFE Val\u00e8ncia<br \/><br \/>La Comissi\u00f3 d&#8217;Accessibilitat de COCEMFE Val\u00e8ncia es va reunir telem\u00e0ticament el dia 2 de novembre de 2021. Es van tractar els seg\u00fcents temes:<br \/><br \/>Sobre el metre, s&#8217;ha instal\u00b7lat una botonera prototip pilot en un ascensor de X\u00e1tiva, amb bona accessibilitat.<br \/><br \/>En EMT s&#8217;est\u00e0 preparant la campanya conjunta amb les entitats del Consell Consultiu per a fomentar l&#8217;\u00fas del transport p\u00fablic, havent participat en la presentaci\u00f3 i valoraci\u00f3 dels projectes per les possibles adjudicat\u00e0ries.<\/p>\t\t\t\t\t\t\t\t<\/div>\n\t\t\t\t<\/div>\n\t\t\t\t\t<\/div>\n\t\t<\/div>\n\t\t\t\t\t<\/div>\n\t\t<\/section>\n\t\t\t\t<section class=\"elementor-section elementor-top-section elementor-element elementor-element-8216bfa elementor-section-boxed elementor-section-height-default elementor-section-height-default\" data-id=\"8216bfa\" data-element_type=\"section\" data-e-type=\"section\">\n\t\t\t\t\t\t<div class=\"elementor-container elementor-column-gap-default\">\n\t\t\t\t\t<div class=\"elementor-column elementor-col-100 elementor-top-column elementor-element elementor-element-df82c75\" data-id=\"df82c75\" data-element_type=\"column\" data-e-type=\"column\">\n\t\t\t<div class=\"elementor-widget-wrap elementor-element-populated\">\n\t\t\t\t\t\t<div class=\"elementor-element elementor-element-1f5ca08 elementor-widget elementor-widget-text-editor\" data-id=\"1f5ca08\" data-element_type=\"widget\" data-e-type=\"widget\" data-widget_type=\"text-editor.default\">\n\t\t\t\t<div class=\"elementor-widget-container\">\n\t\t\t\t\t\t\t\t\t<p>Es va informar de la nova reuni\u00f3 mantinguda en la Comissi\u00f3 d&#8217;Accessibilitat del Consell Municipal de la Discapacitat seguint amb el treball de redacci\u00f3 de l&#8217;esborrany de l&#8217;Ordenan\u00e7a Municipal d&#8217;Accessibilitat Universal de Val\u00e8ncia.<br \/><br \/>Es va revisar l&#8217;escrit preparat per al regidor de Platges, sobre la valoraci\u00f3 del servei d&#8217;ajuda al bany en els punts accessibles de la platja de Val\u00e8ncia durant aquest estiu i amb propostes de millora per a la pr\u00f2xima campanya.<br \/><br \/>Es va tractar el tema de l&#8217;acc\u00e9s a la APR (Area de prioritat Residencial) Ciutat Vella Nord, que ja s&#8217;ha posat en funcionament, amb el control de les matr\u00edcules per cambres, en fase informativa sense sancions, per\u00f2 est\u00e0 previst que l&#8217;1 de desembre comence ja la fase operativa i se sancione als vehicles que no hagen tramitat l&#8217;autoritzaci\u00f3 a la qual tinguen dret. Es va recordar que les persones titulars de la targeta d&#8217;estacionament PMR poden sol\u00b7licitar autoritzaci\u00f3 per a un acc\u00e9s \u00abpermanent\u00bb amb un vehicle de la seua lliure elecci\u00f3, que podran canviar des de l&#8217;app o l&#8217;aplicaci\u00f3 web espec\u00edfiques amb el codi d&#8217;identificaci\u00f3 i la clau d&#8217;acc\u00e9s que se&#8217;ls envia. Tota la informaci\u00f3 est\u00e0 en la web de l&#8217;Ajuntament.<\/p>\t\t\t\t\t\t\t\t<\/div>\n\t\t\t\t<\/div>\n\t\t\t\t\t<\/div>\n\t\t<\/div>\n\t\t\t\t\t<\/div>\n\t\t<\/section>\n\t\t\t\t<section class=\"elementor-section elementor-top-section elementor-element elementor-element-73d3876 elementor-section-boxed elementor-section-height-default elementor-section-height-default\" data-id=\"73d3876\" data-element_type=\"section\" data-e-type=\"section\">\n\t\t\t\t\t\t<div class=\"elementor-container elementor-column-gap-default\">\n\t\t\t\t\t<div class=\"elementor-column elementor-col-100 elementor-top-column elementor-element elementor-element-f1c6793\" data-id=\"f1c6793\" data-element_type=\"column\" data-e-type=\"column\">\n\t\t\t<div class=\"elementor-widget-wrap elementor-element-populated\">\n\t\t\t\t\t\t<div class=\"elementor-element elementor-element-cbb8c29 elementor-widget elementor-widget-text-editor\" data-id=\"cbb8c29\" data-element_type=\"widget\" data-e-type=\"widget\" data-widget_type=\"text-editor.default\">\n\t\t\t\t<div class=\"elementor-widget-container\">\n\t\t\t\t\t\t\t\t\t<p style=\"text-align: center;\"><strong>La Comissi\u00f3 d&#8217;Accessibilitat de COCEMFE Val\u00e8ncia es reuneix normalment els primers dimarts de mes i est\u00e0 oberta a la participaci\u00f3 de totes les associacions membres. Disposa del seg\u00fcent correu electr\u00f2nic: accesibilidad@cocemfevalencia.org<\/strong><\/p>\t\t\t\t\t\t\t\t<\/div>\n\t\t\t\t<\/div>\n\t\t\t\t\t<\/div>\n\t\t<\/div>\n\t\t\t\t\t<\/div>\n\t\t<\/section>\n\t\t\t\t<section class=\"elementor-section elementor-top-section elementor-element elementor-element-7254029 elementor-section-boxed elementor-section-height-default elementor-section-height-default\" data-id=\"7254029\" data-element_type=\"section\" data-e-type=\"section\">\n\t\t\t\t\t\t<div class=\"elementor-container elementor-column-gap-default\">\n\t\t\t\t\t<div class=\"elementor-column elementor-col-50 elementor-top-column elementor-element elementor-element-3835ff0\" data-id=\"3835ff0\" data-element_type=\"column\" data-e-type=\"column\">\n\t\t\t<div class=\"elementor-widget-wrap elementor-element-populated\">\n\t\t\t\t\t\t<div class=\"elementor-element elementor-element-55999d9 elementor-widget elementor-widget-image\" data-id=\"55999d9\" data-element_type=\"widget\" data-e-type=\"widget\" data-widget_type=\"image.default\">\n\t\t\t\t<div class=\"elementor-widget-container\">\n\t\t\t\t\t\t\t\t\t\t\t\t\t\t\t<img decoding=\"async\" width=\"300\" height=\"212\" src=\"https:\/\/cocemfevalencia.org\/wp-content\/uploads\/2020\/10\/Logo-Servei-de-Transparencia-ok-scaled-1-300x212.jpg\" class=\"attachment-medium size-medium wp-image-4496\" alt=\"\" srcset=\"https:\/\/cocemfevalencia.org\/wp-content\/uploads\/2020\/10\/Logo-Servei-de-Transparencia-ok-scaled-1-300x212.jpg 300w, https:\/\/cocemfevalencia.org\/wp-content\/uploads\/2020\/10\/Logo-Servei-de-Transparencia-ok-scaled-1-1024x724.jpg 1024w, https:\/\/cocemfevalencia.org\/wp-content\/uploads\/2020\/10\/Logo-Servei-de-Transparencia-ok-scaled-1-768x543.jpg 768w, https:\/\/cocemfevalencia.org\/wp-content\/uploads\/2020\/10\/Logo-Servei-de-Transparencia-ok-scaled-1-1536x1086.jpg 1536w, https:\/\/cocemfevalencia.org\/wp-content\/uploads\/2020\/10\/Logo-Servei-de-Transparencia-ok-scaled-1-2048x1448.jpg 2048w\" sizes=\"(max-width: 300px) 100vw, 300px\" \/>\t\t\t\t\t\t\t\t\t\t\t\t\t\t\t<\/div>\n\t\t\t\t<\/div>\n\t\t\t\t\t<\/div>\n\t\t<\/div>\n\t\t\t\t<div class=\"elementor-column elementor-col-50 elementor-top-column elementor-element elementor-element-a32e4bd\" data-id=\"a32e4bd\" data-element_type=\"column\" data-e-type=\"column\">\n\t\t\t<div class=\"elementor-widget-wrap elementor-element-populated\">\n\t\t\t\t\t\t<div class=\"elementor-element elementor-element-41d0a96 elementor-widget elementor-widget-image\" data-id=\"41d0a96\" data-element_type=\"widget\" data-e-type=\"widget\" data-widget_type=\"image.default\">\n\t\t\t\t<div class=\"elementor-widget-container\">\n\t\t\t\t\t\t\t\t\t\t\t\t\t\t\t<img decoding=\"async\" width=\"300\" height=\"284\" src=\"https:\/\/cocemfevalencia.org\/wp-content\/uploads\/2020\/10\/Logo-GO-300x284.jpg\" class=\"attachment-medium size-medium wp-image-4495\" alt=\"\" srcset=\"https:\/\/cocemfevalencia.org\/wp-content\/uploads\/2020\/10\/Logo-GO-300x284.jpg 300w, https:\/\/cocemfevalencia.org\/wp-content\/uploads\/2020\/10\/Logo-GO-768x726.jpg 768w, https:\/\/cocemfevalencia.org\/wp-content\/uploads\/2020\/10\/Logo-GO.jpg 848w\" sizes=\"(max-width: 300px) 100vw, 300px\" \/>\t\t\t\t\t\t\t\t\t\t\t\t\t\t\t<\/div>\n\t\t\t\t<\/div>\n\t\t\t\t\t<\/div>\n\t\t<\/div>\n\t\t\t\t\t<\/div>\n\t\t<\/section>\n\t\t\t\t<\/div>\n\t\t<p>Visitas: 3<\/p>","protected":false},"excerpt":{"rendered":"<p>Sessi\u00f3 de novembre de la Comissi\u00f3 d&#8217;Accessibilitat de COCEMFE Val\u00e8ncia La Comissi\u00f3 d&#8217;Accessibilitat de COCEMFE Val\u00e8ncia es va reunir telem\u00e0ticament el dia 2 de novembre de 2021. Es van tractar els seg\u00fcents temes: Sobre el metre, s&#8217;ha instal\u00b7lat una botonera prototip pilot en un ascensor de X\u00e1tiva, amb bona accessibilitat. En EMT s&#8217;est\u00e0 preparant la&hellip;&nbsp;<a href=\"https:\/\/cocemfevalencia.org\/es\/sessio-de-novembre-de-la-comissio-daccessibilitat-de-cocemfe-valencia-3\/\" rel=\"bookmark\">Leer m\u00e1s &raquo;<span class=\"screen-reader-text\">Sessi\u00f3 de novembre de la Comissi\u00f3 d&#8217;Accessibilitat de COCEMFE Val\u00e8ncia<\/span><\/a><\/p>\n","protected":false},"author":3,"featured_media":5725,"comment_status":"closed","ping_status":"closed","sticky":false,"template":"","format":"standard","meta":{"rop_custom_images_group":[],"rop_custom_messages_group":[],"rop_publish_now":"initial","rop_publish_now_accounts":[],"rop_publish_now_history":[],"rop_publish_now_status":"pending","neve_meta_sidebar":"","neve_meta_container":"","neve_meta_enable_content_width":"","neve_meta_content_width":0,"neve_meta_title_alignment":"","neve_meta_author_avatar":"","neve_post_elements_order":"","neve_meta_disable_header":"","neve_meta_disable_footer":"","neve_meta_disable_title":"","footnotes":""},"categories":[5],"tags":[],"class_list":["post-5723","post","type-post","status-publish","format-standard","has-post-thumbnail","hentry","category-noticias"],"yoast_head":"<!-- This site is optimized with the Yoast SEO plugin v27.3 - https:\/\/yoast.com\/product\/yoast-seo-wordpress\/ -->\n<title>Sessi\u00f3 de novembre de la Comissi\u00f3 d&#039;Accessibilitat de COCEMFE Val\u00e8ncia - Cocemfe Valencia<\/title>\n<meta name=\"robots\" content=\"index, follow, max-snippet:-1, max-image-preview:large, max-video-preview:-1\" \/>\n<link rel=\"canonical\" href=\"https:\/\/cocemfevalencia.org\/es\/sessio-de-novembre-de-la-comissio-daccessibilitat-de-cocemfe-valencia-3\/\" \/>\n<meta property=\"og:locale\" content=\"es_ES\" \/>\n<meta property=\"og:type\" content=\"article\" \/>\n<meta property=\"og:title\" content=\"Sessi\u00f3 de novembre de la Comissi\u00f3 d&#039;Accessibilitat de COCEMFE Val\u00e8ncia - Cocemfe Valencia\" \/>\n<meta property=\"og:description\" content=\"Sessi\u00f3 de novembre de la Comissi\u00f3 d&#8217;Accessibilitat de COCEMFE Val\u00e8ncia La Comissi\u00f3 d&#8217;Accessibilitat de COCEMFE Val\u00e8ncia es va reunir telem\u00e0ticament el dia 2 de novembre de 2021. Es van tractar els seg\u00fcents temes: Sobre el metre, s&#8217;ha instal\u00b7lat una botonera prototip pilot en un ascensor de X\u00e1tiva, amb bona accessibilitat. En EMT s&#8217;est\u00e0 preparant la&hellip;&nbsp;Leer m\u00e1s &raquo;Sessi\u00f3 de novembre de la Comissi\u00f3 d&#8217;Accessibilitat de COCEMFE Val\u00e8ncia\" \/>\n<meta property=\"og:url\" content=\"https:\/\/cocemfevalencia.org\/es\/sessio-de-novembre-de-la-comissio-daccessibilitat-de-cocemfe-valencia-3\/\" \/>\n<meta property=\"og:site_name\" content=\"Cocemfe Valencia\" \/>\n<meta property=\"article:publisher\" content=\"https:\/\/www.facebook.com\/cocemfe.valencia\" \/>\n<meta property=\"article:published_time\" content=\"2021-11-22T09:08:28+00:00\" \/>\n<meta property=\"og:image\" content=\"https:\/\/cocemfevalencia.org\/wp-content\/uploads\/2021\/11\/2021-11-02-C.Accesibilidad1.jpeg\" \/>\n\t<meta property=\"og:image:width\" content=\"640\" \/>\n\t<meta property=\"og:image:height\" content=\"360\" \/>\n\t<meta property=\"og:image:type\" content=\"image\/jpeg\" \/>\n<meta name=\"author\" content=\"COCEMFE VALENCIA\" \/>\n<meta name=\"twitter:card\" content=\"summary_large_image\" \/>\n<meta name=\"twitter:creator\" content=\"@COCEMFEValencia\" \/>\n<meta name=\"twitter:site\" content=\"@COCEMFEValencia\" \/>\n<meta name=\"twitter:label1\" content=\"Escrito por\" \/>\n\t<meta name=\"twitter:data1\" content=\"COCEMFE VALENCIA\" \/>\n\t<meta name=\"twitter:label2\" content=\"Tiempo de lectura\" \/>\n\t<meta name=\"twitter:data2\" content=\"2 minutos\" \/>\n<script type=\"application\/ld+json\" class=\"yoast-schema-graph\">{\"@context\":\"https:\\\/\\\/schema.org\",\"@graph\":[{\"@type\":\"Article\",\"@id\":\"https:\\\/\\\/cocemfevalencia.org\\\/es\\\/sessio-de-novembre-de-la-comissio-daccessibilitat-de-cocemfe-valencia-3\\\/#article\",\"isPartOf\":{\"@id\":\"https:\\\/\\\/cocemfevalencia.org\\\/es\\\/sessio-de-novembre-de-la-comissio-daccessibilitat-de-cocemfe-valencia-3\\\/\"},\"author\":{\"name\":\"COCEMFE VALENCIA\",\"@id\":\"https:\\\/\\\/cocemfevalencia.org\\\/es\\\/#\\\/schema\\\/person\\\/e31a24227ccbc918e2c80add51990ad7\"},\"headline\":\"Sessi\u00f3 de novembre de la Comissi\u00f3 d&#8217;Accessibilitat de COCEMFE Val\u00e8ncia\",\"datePublished\":\"2021-11-22T09:08:28+00:00\",\"mainEntityOfPage\":{\"@id\":\"https:\\\/\\\/cocemfevalencia.org\\\/es\\\/sessio-de-novembre-de-la-comissio-daccessibilitat-de-cocemfe-valencia-3\\\/\"},\"wordCount\":341,\"publisher\":{\"@id\":\"https:\\\/\\\/cocemfevalencia.org\\\/es\\\/#organization\"},\"image\":{\"@id\":\"https:\\\/\\\/cocemfevalencia.org\\\/es\\\/sessio-de-novembre-de-la-comissio-daccessibilitat-de-cocemfe-valencia-3\\\/#primaryimage\"},\"thumbnailUrl\":\"https:\\\/\\\/cocemfevalencia.org\\\/wp-content\\\/uploads\\\/2021\\\/11\\\/2021-11-02-C.Accesibilidad1.jpeg\",\"articleSection\":[\"Not\u00edcies\"],\"inLanguage\":\"es\"},{\"@type\":\"WebPage\",\"@id\":\"https:\\\/\\\/cocemfevalencia.org\\\/es\\\/sessio-de-novembre-de-la-comissio-daccessibilitat-de-cocemfe-valencia-3\\\/\",\"url\":\"https:\\\/\\\/cocemfevalencia.org\\\/es\\\/sessio-de-novembre-de-la-comissio-daccessibilitat-de-cocemfe-valencia-3\\\/\",\"name\":\"Sessi\u00f3 de novembre de la Comissi\u00f3 d'Accessibilitat de COCEMFE Val\u00e8ncia - Cocemfe Valencia\",\"isPartOf\":{\"@id\":\"https:\\\/\\\/cocemfevalencia.org\\\/es\\\/#website\"},\"primaryImageOfPage\":{\"@id\":\"https:\\\/\\\/cocemfevalencia.org\\\/es\\\/sessio-de-novembre-de-la-comissio-daccessibilitat-de-cocemfe-valencia-3\\\/#primaryimage\"},\"image\":{\"@id\":\"https:\\\/\\\/cocemfevalencia.org\\\/es\\\/sessio-de-novembre-de-la-comissio-daccessibilitat-de-cocemfe-valencia-3\\\/#primaryimage\"},\"thumbnailUrl\":\"https:\\\/\\\/cocemfevalencia.org\\\/wp-content\\\/uploads\\\/2021\\\/11\\\/2021-11-02-C.Accesibilidad1.jpeg\",\"datePublished\":\"2021-11-22T09:08:28+00:00\",\"breadcrumb\":{\"@id\":\"https:\\\/\\\/cocemfevalencia.org\\\/es\\\/sessio-de-novembre-de-la-comissio-daccessibilitat-de-cocemfe-valencia-3\\\/#breadcrumb\"},\"inLanguage\":\"es\",\"potentialAction\":[{\"@type\":\"ReadAction\",\"target\":[\"https:\\\/\\\/cocemfevalencia.org\\\/es\\\/sessio-de-novembre-de-la-comissio-daccessibilitat-de-cocemfe-valencia-3\\\/\"]}]},{\"@type\":\"ImageObject\",\"inLanguage\":\"es\",\"@id\":\"https:\\\/\\\/cocemfevalencia.org\\\/es\\\/sessio-de-novembre-de-la-comissio-daccessibilitat-de-cocemfe-valencia-3\\\/#primaryimage\",\"url\":\"https:\\\/\\\/cocemfevalencia.org\\\/wp-content\\\/uploads\\\/2021\\\/11\\\/2021-11-02-C.Accesibilidad1.jpeg\",\"contentUrl\":\"https:\\\/\\\/cocemfevalencia.org\\\/wp-content\\\/uploads\\\/2021\\\/11\\\/2021-11-02-C.Accesibilidad1.jpeg\",\"width\":640,\"height\":360},{\"@type\":\"BreadcrumbList\",\"@id\":\"https:\\\/\\\/cocemfevalencia.org\\\/es\\\/sessio-de-novembre-de-la-comissio-daccessibilitat-de-cocemfe-valencia-3\\\/#breadcrumb\",\"itemListElement\":[{\"@type\":\"ListItem\",\"position\":1,\"name\":\"Portada\",\"item\":\"https:\\\/\\\/cocemfevalencia.org\\\/es\\\/\"},{\"@type\":\"ListItem\",\"position\":2,\"name\":\"Sessi\u00f3 de novembre de la Comissi\u00f3 d&#8217;Accessibilitat de COCEMFE Val\u00e8ncia\"}]},{\"@type\":\"WebSite\",\"@id\":\"https:\\\/\\\/cocemfevalencia.org\\\/es\\\/#website\",\"url\":\"https:\\\/\\\/cocemfevalencia.org\\\/es\\\/\",\"name\":\"Cocemfe Valencia\",\"description\":\"FEDERACI\u00d3N DE ASOCIACIONES DE PERSONAS CON DISCAPACIDAD F\u00cdSICA Y ORG\u00c1NICA DE LA PROV\u00cdNCIA DE VALENCIA\",\"publisher\":{\"@id\":\"https:\\\/\\\/cocemfevalencia.org\\\/es\\\/#organization\"},\"potentialAction\":[{\"@type\":\"SearchAction\",\"target\":{\"@type\":\"EntryPoint\",\"urlTemplate\":\"https:\\\/\\\/cocemfevalencia.org\\\/es\\\/?s={search_term_string}\"},\"query-input\":{\"@type\":\"PropertyValueSpecification\",\"valueRequired\":true,\"valueName\":\"search_term_string\"}}],\"inLanguage\":\"es\"},{\"@type\":\"Organization\",\"@id\":\"https:\\\/\\\/cocemfevalencia.org\\\/es\\\/#organization\",\"name\":\"Cocemfe Valencia\",\"url\":\"https:\\\/\\\/cocemfevalencia.org\\\/es\\\/\",\"logo\":{\"@type\":\"ImageObject\",\"inLanguage\":\"es\",\"@id\":\"https:\\\/\\\/cocemfevalencia.org\\\/es\\\/#\\\/schema\\\/logo\\\/image\\\/\",\"url\":\"https:\\\/\\\/cocemfevalencia.org\\\/wp-content\\\/uploads\\\/2023\\\/03\\\/0312-Horizontal-una-linea-larga-rgb-positivo-Tricolor.png\",\"contentUrl\":\"https:\\\/\\\/cocemfevalencia.org\\\/wp-content\\\/uploads\\\/2023\\\/03\\\/0312-Horizontal-una-linea-larga-rgb-positivo-Tricolor.png\",\"width\":2334,\"height\":613,\"caption\":\"Cocemfe Valencia\"},\"image\":{\"@id\":\"https:\\\/\\\/cocemfevalencia.org\\\/es\\\/#\\\/schema\\\/logo\\\/image\\\/\"},\"sameAs\":[\"https:\\\/\\\/www.facebook.com\\\/cocemfe.valencia\",\"https:\\\/\\\/x.com\\\/COCEMFEValencia\"]},{\"@type\":\"Person\",\"@id\":\"https:\\\/\\\/cocemfevalencia.org\\\/es\\\/#\\\/schema\\\/person\\\/e31a24227ccbc918e2c80add51990ad7\",\"name\":\"COCEMFE VALENCIA\",\"image\":{\"@type\":\"ImageObject\",\"inLanguage\":\"es\",\"@id\":\"https:\\\/\\\/secure.gravatar.com\\\/avatar\\\/81dd2ced4591577d70433bbfde65ba3f931e09f5cb4ca8c890817c47789b47f0?s=96&d=mm&r=g\",\"url\":\"https:\\\/\\\/secure.gravatar.com\\\/avatar\\\/81dd2ced4591577d70433bbfde65ba3f931e09f5cb4ca8c890817c47789b47f0?s=96&d=mm&r=g\",\"contentUrl\":\"https:\\\/\\\/secure.gravatar.com\\\/avatar\\\/81dd2ced4591577d70433bbfde65ba3f931e09f5cb4ca8c890817c47789b47f0?s=96&d=mm&r=g\",\"caption\":\"COCEMFE VALENCIA\"}}]}<\/script>\n<!-- \/ Yoast SEO plugin. -->","yoast_head_json":{"title":"Sessi\u00f3 de novembre de la Comissi\u00f3 d'Accessibilitat de COCEMFE Val\u00e8ncia - Cocemfe Valencia","robots":{"index":"index","follow":"follow","max-snippet":"max-snippet:-1","max-image-preview":"max-image-preview:large","max-video-preview":"max-video-preview:-1"},"canonical":"https:\/\/cocemfevalencia.org\/es\/sessio-de-novembre-de-la-comissio-daccessibilitat-de-cocemfe-valencia-3\/","og_locale":"es_ES","og_type":"article","og_title":"Sessi\u00f3 de novembre de la Comissi\u00f3 d'Accessibilitat de COCEMFE Val\u00e8ncia - Cocemfe Valencia","og_description":"Sessi\u00f3 de novembre de la Comissi\u00f3 d&#8217;Accessibilitat de COCEMFE Val\u00e8ncia La Comissi\u00f3 d&#8217;Accessibilitat de COCEMFE Val\u00e8ncia es va reunir telem\u00e0ticament el dia 2 de novembre de 2021. Es van tractar els seg\u00fcents temes: Sobre el metre, s&#8217;ha instal\u00b7lat una botonera prototip pilot en un ascensor de X\u00e1tiva, amb bona accessibilitat. En EMT s&#8217;est\u00e0 preparant la&hellip;&nbsp;Leer m\u00e1s &raquo;Sessi\u00f3 de novembre de la Comissi\u00f3 d&#8217;Accessibilitat de COCEMFE Val\u00e8ncia","og_url":"https:\/\/cocemfevalencia.org\/es\/sessio-de-novembre-de-la-comissio-daccessibilitat-de-cocemfe-valencia-3\/","og_site_name":"Cocemfe Valencia","article_publisher":"https:\/\/www.facebook.com\/cocemfe.valencia","article_published_time":"2021-11-22T09:08:28+00:00","og_image":[{"width":640,"height":360,"url":"https:\/\/cocemfevalencia.org\/wp-content\/uploads\/2021\/11\/2021-11-02-C.Accesibilidad1.jpeg","type":"image\/jpeg"}],"author":"COCEMFE VALENCIA","twitter_card":"summary_large_image","twitter_creator":"@COCEMFEValencia","twitter_site":"@COCEMFEValencia","twitter_misc":{"Escrito por":"COCEMFE VALENCIA","Tiempo de lectura":"2 minutos"},"schema":{"@context":"https:\/\/schema.org","@graph":[{"@type":"Article","@id":"https:\/\/cocemfevalencia.org\/es\/sessio-de-novembre-de-la-comissio-daccessibilitat-de-cocemfe-valencia-3\/#article","isPartOf":{"@id":"https:\/\/cocemfevalencia.org\/es\/sessio-de-novembre-de-la-comissio-daccessibilitat-de-cocemfe-valencia-3\/"},"author":{"name":"COCEMFE VALENCIA","@id":"https:\/\/cocemfevalencia.org\/es\/#\/schema\/person\/e31a24227ccbc918e2c80add51990ad7"},"headline":"Sessi\u00f3 de novembre de la Comissi\u00f3 d&#8217;Accessibilitat de COCEMFE Val\u00e8ncia","datePublished":"2021-11-22T09:08:28+00:00","mainEntityOfPage":{"@id":"https:\/\/cocemfevalencia.org\/es\/sessio-de-novembre-de-la-comissio-daccessibilitat-de-cocemfe-valencia-3\/"},"wordCount":341,"publisher":{"@id":"https:\/\/cocemfevalencia.org\/es\/#organization"},"image":{"@id":"https:\/\/cocemfevalencia.org\/es\/sessio-de-novembre-de-la-comissio-daccessibilitat-de-cocemfe-valencia-3\/#primaryimage"},"thumbnailUrl":"https:\/\/cocemfevalencia.org\/wp-content\/uploads\/2021\/11\/2021-11-02-C.Accesibilidad1.jpeg","articleSection":["Not\u00edcies"],"inLanguage":"es"},{"@type":"WebPage","@id":"https:\/\/cocemfevalencia.org\/es\/sessio-de-novembre-de-la-comissio-daccessibilitat-de-cocemfe-valencia-3\/","url":"https:\/\/cocemfevalencia.org\/es\/sessio-de-novembre-de-la-comissio-daccessibilitat-de-cocemfe-valencia-3\/","name":"Sessi\u00f3 de novembre de la Comissi\u00f3 d'Accessibilitat de COCEMFE Val\u00e8ncia - Cocemfe Valencia","isPartOf":{"@id":"https:\/\/cocemfevalencia.org\/es\/#website"},"primaryImageOfPage":{"@id":"https:\/\/cocemfevalencia.org\/es\/sessio-de-novembre-de-la-comissio-daccessibilitat-de-cocemfe-valencia-3\/#primaryimage"},"image":{"@id":"https:\/\/cocemfevalencia.org\/es\/sessio-de-novembre-de-la-comissio-daccessibilitat-de-cocemfe-valencia-3\/#primaryimage"},"thumbnailUrl":"https:\/\/cocemfevalencia.org\/wp-content\/uploads\/2021\/11\/2021-11-02-C.Accesibilidad1.jpeg","datePublished":"2021-11-22T09:08:28+00:00","breadcrumb":{"@id":"https:\/\/cocemfevalencia.org\/es\/sessio-de-novembre-de-la-comissio-daccessibilitat-de-cocemfe-valencia-3\/#breadcrumb"},"inLanguage":"es","potentialAction":[{"@type":"ReadAction","target":["https:\/\/cocemfevalencia.org\/es\/sessio-de-novembre-de-la-comissio-daccessibilitat-de-cocemfe-valencia-3\/"]}]},{"@type":"ImageObject","inLanguage":"es","@id":"https:\/\/cocemfevalencia.org\/es\/sessio-de-novembre-de-la-comissio-daccessibilitat-de-cocemfe-valencia-3\/#primaryimage","url":"https:\/\/cocemfevalencia.org\/wp-content\/uploads\/2021\/11\/2021-11-02-C.Accesibilidad1.jpeg","contentUrl":"https:\/\/cocemfevalencia.org\/wp-content\/uploads\/2021\/11\/2021-11-02-C.Accesibilidad1.jpeg","width":640,"height":360},{"@type":"BreadcrumbList","@id":"https:\/\/cocemfevalencia.org\/es\/sessio-de-novembre-de-la-comissio-daccessibilitat-de-cocemfe-valencia-3\/#breadcrumb","itemListElement":[{"@type":"ListItem","position":1,"name":"Portada","item":"https:\/\/cocemfevalencia.org\/es\/"},{"@type":"ListItem","position":2,"name":"Sessi\u00f3 de novembre de la Comissi\u00f3 d&#8217;Accessibilitat de COCEMFE Val\u00e8ncia"}]},{"@type":"WebSite","@id":"https:\/\/cocemfevalencia.org\/es\/#website","url":"https:\/\/cocemfevalencia.org\/es\/","name":"Cocemfe Valencia","description":"FEDERACI\u00d3N DE ASOCIACIONES DE PERSONAS CON DISCAPACIDAD F\u00cdSICA Y ORG\u00c1NICA DE LA PROV\u00cdNCIA DE VALENCIA","publisher":{"@id":"https:\/\/cocemfevalencia.org\/es\/#organization"},"potentialAction":[{"@type":"SearchAction","target":{"@type":"EntryPoint","urlTemplate":"https:\/\/cocemfevalencia.org\/es\/?s={search_term_string}"},"query-input":{"@type":"PropertyValueSpecification","valueRequired":true,"valueName":"search_term_string"}}],"inLanguage":"es"},{"@type":"Organization","@id":"https:\/\/cocemfevalencia.org\/es\/#organization","name":"Cocemfe Valencia","url":"https:\/\/cocemfevalencia.org\/es\/","logo":{"@type":"ImageObject","inLanguage":"es","@id":"https:\/\/cocemfevalencia.org\/es\/#\/schema\/logo\/image\/","url":"https:\/\/cocemfevalencia.org\/wp-content\/uploads\/2023\/03\/0312-Horizontal-una-linea-larga-rgb-positivo-Tricolor.png","contentUrl":"https:\/\/cocemfevalencia.org\/wp-content\/uploads\/2023\/03\/0312-Horizontal-una-linea-larga-rgb-positivo-Tricolor.png","width":2334,"height":613,"caption":"Cocemfe Valencia"},"image":{"@id":"https:\/\/cocemfevalencia.org\/es\/#\/schema\/logo\/image\/"},"sameAs":["https:\/\/www.facebook.com\/cocemfe.valencia","https:\/\/x.com\/COCEMFEValencia"]},{"@type":"Person","@id":"https:\/\/cocemfevalencia.org\/es\/#\/schema\/person\/e31a24227ccbc918e2c80add51990ad7","name":"COCEMFE VALENCIA","image":{"@type":"ImageObject","inLanguage":"es","@id":"https:\/\/secure.gravatar.com\/avatar\/81dd2ced4591577d70433bbfde65ba3f931e09f5cb4ca8c890817c47789b47f0?s=96&d=mm&r=g","url":"https:\/\/secure.gravatar.com\/avatar\/81dd2ced4591577d70433bbfde65ba3f931e09f5cb4ca8c890817c47789b47f0?s=96&d=mm&r=g","contentUrl":"https:\/\/secure.gravatar.com\/avatar\/81dd2ced4591577d70433bbfde65ba3f931e09f5cb4ca8c890817c47789b47f0?s=96&d=mm&r=g","caption":"COCEMFE VALENCIA"}}]}},"_links":{"self":[{"href":"https:\/\/cocemfevalencia.org\/es\/wp-json\/wp\/v2\/posts\/5723","targetHints":{"allow":["GET"]}}],"collection":[{"href":"https:\/\/cocemfevalencia.org\/es\/wp-json\/wp\/v2\/posts"}],"about":[{"href":"https:\/\/cocemfevalencia.org\/es\/wp-json\/wp\/v2\/types\/post"}],"author":[{"embeddable":true,"href":"https:\/\/cocemfevalencia.org\/es\/wp-json\/wp\/v2\/users\/3"}],"replies":[{"embeddable":true,"href":"https:\/\/cocemfevalencia.org\/es\/wp-json\/wp\/v2\/comments?post=5723"}],"version-history":[{"count":0,"href":"https:\/\/cocemfevalencia.org\/es\/wp-json\/wp\/v2\/posts\/5723\/revisions"}],"wp:featuredmedia":[{"embeddable":true,"href":"https:\/\/cocemfevalencia.org\/es\/wp-json\/wp\/v2\/media\/5725"}],"wp:attachment":[{"href":"https:\/\/cocemfevalencia.org\/es\/wp-json\/wp\/v2\/media?parent=5723"}],"wp:term":[{"taxonomy":"category","embeddable":true,"href":"https:\/\/cocemfevalencia.org\/es\/wp-json\/wp\/v2\/categories?post=5723"},{"taxonomy":"post_tag","embeddable":true,"href":"https:\/\/cocemfevalencia.org\/es\/wp-json\/wp\/v2\/tags?post=5723"}],"curies":[{"name":"wp","href":"https:\/\/api.w.org\/{rel}","templated":true}]}}