{"id":5750,"date":"2021-12-01T13:28:29","date_gmt":"2021-12-01T11:28:29","guid":{"rendered":"http:\/\/cocemfevalencia.org\/?p=5750"},"modified":"2021-12-01T13:28:29","modified_gmt":"2021-12-01T11:28:29","slug":"cocemfe-valencia-participa-en-la-campanya-de-foment-del-respecte-a-les-places-daparcament-reservades-a-pmr","status":"publish","type":"post","link":"https:\/\/cocemfevalencia.org\/es\/cocemfe-valencia-participa-en-la-campanya-de-foment-del-respecte-a-les-places-daparcament-reservades-a-pmr\/","title":{"rendered":"COCEMFE Val\u00e8ncia participa en la campanya de foment del respecte a les places d&#8217;aparcament reservades a PMR"},"content":{"rendered":"\t\t<div data-elementor-type=\"wp-post\" data-elementor-id=\"5750\" class=\"elementor elementor-5750\" data-elementor-post-type=\"post\">\n\t\t\t\t\t\t<section class=\"elementor-section elementor-top-section elementor-element elementor-element-a2f4cc7 elementor-section-boxed elementor-section-height-default elementor-section-height-default\" data-id=\"a2f4cc7\" data-element_type=\"section\" data-e-type=\"section\">\n\t\t\t\t\t\t<div class=\"elementor-container elementor-column-gap-default\">\n\t\t\t\t\t<div class=\"elementor-column elementor-col-50 elementor-top-column elementor-element elementor-element-c019d80\" data-id=\"c019d80\" data-element_type=\"column\" data-e-type=\"column\">\n\t\t\t<div class=\"elementor-widget-wrap elementor-element-populated\">\n\t\t\t\t\t\t<div class=\"elementor-element elementor-element-36aec86 elementor-widget elementor-widget-image\" data-id=\"36aec86\" data-element_type=\"widget\" data-e-type=\"widget\" data-widget_type=\"image.default\">\n\t\t\t\t<div class=\"elementor-widget-container\">\n\t\t\t\t\t\t\t\t\t\t\t\t\t\t\t<img fetchpriority=\"high\" decoding=\"async\" width=\"690\" height=\"460\" src=\"https:\/\/cocemfevalencia.org\/wp-content\/uploads\/2021\/12\/campana-ASPAYM-CV-COCEMFE-Valencia.jpg\" class=\"attachment-large size-large wp-image-5753\" alt=\"\" srcset=\"https:\/\/cocemfevalencia.org\/wp-content\/uploads\/2021\/12\/campana-ASPAYM-CV-COCEMFE-Valencia.jpg 690w, https:\/\/cocemfevalencia.org\/wp-content\/uploads\/2021\/12\/campana-ASPAYM-CV-COCEMFE-Valencia-300x200.jpg 300w\" sizes=\"(max-width: 690px) 100vw, 690px\" \/>\t\t\t\t\t\t\t\t\t\t\t\t\t\t\t<\/div>\n\t\t\t\t<\/div>\n\t\t\t\t\t<\/div>\n\t\t<\/div>\n\t\t\t\t<div class=\"elementor-column elementor-col-50 elementor-top-column elementor-element elementor-element-c5deaf4\" data-id=\"c5deaf4\" data-element_type=\"column\" data-e-type=\"column\">\n\t\t\t<div class=\"elementor-widget-wrap elementor-element-populated\">\n\t\t\t\t\t\t<div class=\"elementor-element elementor-element-5fdbd75 elementor-widget elementor-widget-text-editor\" data-id=\"5fdbd75\" data-element_type=\"widget\" data-e-type=\"widget\" data-widget_type=\"text-editor.default\">\n\t\t\t\t<div class=\"elementor-widget-container\">\n\t\t\t\t\t\t\t\t\t<p><strong>L&#8217;Ajuntament, en col\u00b7laboraci\u00f3 amb Aspaym i COCEMFE Val\u00e8ncia, ha posat en marxa una campanya per a fomentar el respecte a l&#8217;\u00fas de les places d&#8217;estacionament reservades a persones amb mobilitat redu\u00efda i sensibilitzar de les conseq\u00fc\u00e8ncies que t\u00e9 per als seus usuaris l&#8217;ocupaci\u00f3 indeguda per part altres conductors. La iniciativa porta per lema: \u201cPer a mi \u00e9s molt m\u00e9s que una pla\u00e7a d&#8217;aparcament. Respectar aquest senyal \u00e9s senyal de respecte\u201d.<\/strong><br \/><br \/>La campanya s&#8217;est\u00e0 difonent fins al pr\u00f2xim 5 de desembre en mitjans de comunicaci\u00f3 escrits i radiof\u00f2nics, el canal de televisi\u00f3 de l&#8217;EMT, l&#8217;exterior de tres l\u00ednies d&#8217;autob\u00fas de l&#8217;empresa municipal de transports, la web municipal i xarxes socials. Aix\u00ed mateix, es reparteixen 10.000 fullets informatius entre les entitats col\u00b7laboradores: Aspaym Comunitat Valenciana (Associaci\u00f3 de persones amb lesi\u00f3 medul\u00b7lar i altres discapacitats f\u00edsiques) i COCEMFE Val\u00e8ncia (Confederaci\u00f3 de Persones amb Discapacitat F\u00edsica i Org\u00e0nica).<\/p>\t\t\t\t\t\t\t\t<\/div>\n\t\t\t\t<\/div>\n\t\t\t\t\t<\/div>\n\t\t<\/div>\n\t\t\t\t\t<\/div>\n\t\t<\/section>\n\t\t\t\t<section class=\"elementor-section elementor-top-section elementor-element elementor-element-f0aed77 elementor-section-boxed elementor-section-height-default elementor-section-height-default\" data-id=\"f0aed77\" data-element_type=\"section\" data-e-type=\"section\">\n\t\t\t\t\t\t<div class=\"elementor-container elementor-column-gap-default\">\n\t\t\t\t\t<div class=\"elementor-column elementor-col-100 elementor-top-column elementor-element elementor-element-2b7d510\" data-id=\"2b7d510\" data-element_type=\"column\" data-e-type=\"column\">\n\t\t\t<div class=\"elementor-widget-wrap elementor-element-populated\">\n\t\t\t\t\t\t<div class=\"elementor-element elementor-element-056eb9b elementor-widget elementor-widget-text-editor\" data-id=\"056eb9b\" data-element_type=\"widget\" data-e-type=\"widget\" data-widget_type=\"text-editor.default\">\n\t\t\t\t<div class=\"elementor-widget-container\">\n\t\t\t\t\t\t\t\t\t<p>Amb aquesta iniciativa es pret\u00e9n sensibilitzar a la poblaci\u00f3 sobre els problemes que continuen denunciant les persones amb mobilitat redu\u00efda que utilitzen la targeta d&#8217;estacionament. La regidora de Serveis Socials, Isabel Lozano, ha explicat en la presentaci\u00f3 de la campanya que a Val\u00e8ncia hi ha al voltant de 8.000 targetes en vigor, juntament amb les quals es gestionen en altres municipis i que es poden usar igualment a la ciutat. D&#8217;altra banda, es disposa de 2.599 places d&#8217;aparcament reservat, que s&#8217;han d&#8217;afegir a les places de la zona blava, que poden ser utilitzades pels titulars de les targetes sense cap cost.<\/p><p><br \/>Entre les principals ocupacions indegudes es troba la justificaci\u00f3 que \u201cnom\u00e9s s\u00f3n cinc minuts\u201d o la invasi\u00f3 de la zona d&#8217;aproximaci\u00f3 que permet l&#8217;acc\u00e9s. La responsable de Serveis Socials ha recordat que la concessi\u00f3 de la targeta i l&#8217;espai d&#8217;estacionament reservat no s\u00f3n privilegis, sin\u00f3 accions positives perqu\u00e8 les persones amb mobilitat redu\u00efda puguen accedir amb major facilitat a llocs de treball, oci, compres o sanitat. \u201cPossibilita que les persones amb mobilitat redu\u00efda facen \u00fas dels seus drets en condicions d&#8217;igualtat\u201d, ha assenyalat la edila.<\/p><p><br \/>Altres problemes detectats s\u00f3n l&#8217;\u00fas de la targeta per part de la fam\u00edlia o amistats sense que transporten la persona amb mobilitat redu\u00efda o malgrat haver mort aquesta, aix\u00ed com l&#8217;\u00fas de fotoc\u00f2pies o targetes robades o perdudes. Durant l&#8217;\u00faltim any s&#8217;han retirat m\u00e9s de 150 targetes. Aquest tipus d&#8217;infracci\u00f3 comporta una sanci\u00f3 econ\u00f2mica de fins a 500 euros i una sanci\u00f3 administrativa de fins a un any de cancel\u00b7laci\u00f3 de la targeta, depenent de la gravetat i reincid\u00e8ncia. D&#8217;altra banda, en aquests moments hi ha 1.187 targetes que la persona titular consta com que ha mort i no s&#8217;han retornat. Isabel Lozano ha subratllat que la persona titular, o el seu representant legal, \u00e9s responsable de la targeta, i ha de vetlar per la seua bona utilitzaci\u00f3, ja que no es pot cedir a terceres persones.<\/p><p><br \/>Durant la roda de premsa de presentaci\u00f3, la regidora ha estat acompanyada de Paco Florentino, president de Aspaym Comunitat Valenciana, i de Pep Varela, secretari de Cocemfe Val\u00e8ncia. Tots dos han destacat que les places reservades s\u00f3n \u201cuna necessitat, no un privilegi\u201d. Florentino ha indicat que \u201cnosaltres no podem estacionar en qualsevol lloc, necessitem unes mesures m\u00ednimes per a poder baixar del cotxe, obrir la porta, portar la cadira, i moltes vegades aix\u00f2 no es troba en consci\u00e8ncia\u201d. En aqueix sentit, Varela ha apuntat que \u201ces respecta l&#8217;espai per a aparcar el cotxe, per\u00f2 no la zona de transfer\u00e8ncia, i aix\u00f2 suposa un obstacle a l&#8217;hora de fer la transfer\u00e8ncia de la cadira al cotxe\u201d. A la presentaci\u00f3 tamb\u00e9 ha assistit la defensora de les Persones amb Discapacitat de l&#8217;Ajuntament, Teresa Navarro.<\/p><p><br \/>Isabel Lozano ha posat en valor les mesures impulsades des del consistori per a \u201cgarantir els drets i les llibertats de les persones amb discapacitat que viuen o visiten la nostra ciutat\u201d, entre elles, la constituci\u00f3 del primer Consell Municipal de Persones amb Discapacitat, el grup de treball que prepara en aquests moments la nova Ordenan\u00e7a d&#8217;accessibilitat universal o la creaci\u00f3 de la figura de la Defensora de les Persones amb Discapacitat. La regidora ha incidit en la \u201cvisi\u00f3 transversal\u201d d&#8217;aquesta tasca, per la qual cosa s&#8217;han desenvolupat cursos de formaci\u00f3 dirigits a tot el personal municipal per a millorar l&#8217;atenci\u00f3 a persones amb diverses discapacitats i pr\u00f2ximament es dur\u00e0 a terme una campanya per al xicotet comer\u00e7 en aqueixa l\u00ednia. A m\u00e9s, l&#8217;Oficina Ciutat intel\u00b7ligent ha posat en marxa una aplicaci\u00f3 pilot que permet saber, en una primera fase, si les places reservades estan lliures, i en un futur es podran fins i tot reservar.<\/p>\t\t\t\t\t\t\t\t<\/div>\n\t\t\t\t<\/div>\n\t\t\t\t\t<\/div>\n\t\t<\/div>\n\t\t\t\t\t<\/div>\n\t\t<\/section>\n\t\t\t\t<\/div>\n\t\t<p>Visitas: 2<\/p>","protected":false},"excerpt":{"rendered":"<p>L&#8217;Ajuntament, en col\u00b7laboraci\u00f3 amb Aspaym i COCEMFE Val\u00e8ncia, ha posat en marxa una campanya per a fomentar el respecte a l&#8217;\u00fas de les places d&#8217;estacionament reservades a persones amb mobilitat redu\u00efda i sensibilitzar de les conseq\u00fc\u00e8ncies que t\u00e9 per als seus usuaris l&#8217;ocupaci\u00f3 indeguda per part altres conductors. La iniciativa porta per lema: \u201cPer a&hellip;&nbsp;<a href=\"https:\/\/cocemfevalencia.org\/es\/cocemfe-valencia-participa-en-la-campanya-de-foment-del-respecte-a-les-places-daparcament-reservades-a-pmr\/\" rel=\"bookmark\">Leer m\u00e1s &raquo;<span class=\"screen-reader-text\">COCEMFE Val\u00e8ncia participa en la campanya de foment del respecte a les places d&#8217;aparcament reservades a PMR<\/span><\/a><\/p>\n","protected":false},"author":3,"featured_media":5751,"comment_status":"open","ping_status":"open","sticky":false,"template":"","format":"standard","meta":{"rop_custom_images_group":[],"rop_custom_messages_group":[],"rop_publish_now":"initial","rop_publish_now_accounts":[],"rop_publish_now_history":[],"rop_publish_now_status":"pending","neve_meta_sidebar":"","neve_meta_container":"","neve_meta_enable_content_width":"","neve_meta_content_width":0,"neve_meta_title_alignment":"","neve_meta_author_avatar":"","neve_post_elements_order":"","neve_meta_disable_header":"","neve_meta_disable_footer":"","neve_meta_disable_title":"","footnotes":""},"categories":[5],"tags":[],"class_list":["post-5750","post","type-post","status-publish","format-standard","has-post-thumbnail","hentry","category-noticias"],"yoast_head":"<!-- This site is optimized with the Yoast SEO plugin v27.3 - https:\/\/yoast.com\/product\/yoast-seo-wordpress\/ -->\n<title>COCEMFE Val\u00e8ncia participa en la campanya de foment del respecte a les places d&#039;aparcament reservades a PMR - Cocemfe Valencia<\/title>\n<meta name=\"robots\" content=\"index, follow, max-snippet:-1, max-image-preview:large, max-video-preview:-1\" \/>\n<link rel=\"canonical\" href=\"https:\/\/cocemfevalencia.org\/es\/cocemfe-valencia-participa-en-la-campanya-de-foment-del-respecte-a-les-places-daparcament-reservades-a-pmr\/\" \/>\n<meta property=\"og:locale\" content=\"es_ES\" \/>\n<meta property=\"og:type\" content=\"article\" \/>\n<meta property=\"og:title\" content=\"COCEMFE Val\u00e8ncia participa en la campanya de foment del respecte a les places d&#039;aparcament reservades a PMR - Cocemfe Valencia\" \/>\n<meta property=\"og:description\" content=\"L&#8217;Ajuntament, en col\u00b7laboraci\u00f3 amb Aspaym i COCEMFE Val\u00e8ncia, ha posat en marxa una campanya per a fomentar el respecte a l&#8217;\u00fas de les places d&#8217;estacionament reservades a persones amb mobilitat redu\u00efda i sensibilitzar de les conseq\u00fc\u00e8ncies que t\u00e9 per als seus usuaris l&#8217;ocupaci\u00f3 indeguda per part altres conductors. La iniciativa porta per lema: \u201cPer a&hellip;&nbsp;Leer m\u00e1s &raquo;COCEMFE Val\u00e8ncia participa en la campanya de foment del respecte a les places d&#8217;aparcament reservades a PMR\" \/>\n<meta property=\"og:url\" content=\"https:\/\/cocemfevalencia.org\/es\/cocemfe-valencia-participa-en-la-campanya-de-foment-del-respecte-a-les-places-daparcament-reservades-a-pmr\/\" \/>\n<meta property=\"og:site_name\" content=\"Cocemfe Valencia\" \/>\n<meta property=\"article:publisher\" content=\"https:\/\/www.facebook.com\/cocemfe.valencia\" \/>\n<meta property=\"article:published_time\" content=\"2021-12-01T11:28:29+00:00\" \/>\n<meta property=\"og:image\" content=\"https:\/\/cocemfevalencia.org\/wp-content\/uploads\/2021\/12\/FFHGajLXMAErHLC.jpg\" \/>\n\t<meta property=\"og:image:width\" content=\"1489\" \/>\n\t<meta property=\"og:image:height\" content=\"922\" \/>\n\t<meta property=\"og:image:type\" content=\"image\/jpeg\" \/>\n<meta name=\"author\" content=\"COCEMFE VALENCIA\" \/>\n<meta name=\"twitter:card\" content=\"summary_large_image\" \/>\n<meta name=\"twitter:creator\" content=\"@COCEMFEValencia\" \/>\n<meta name=\"twitter:site\" content=\"@COCEMFEValencia\" \/>\n<meta name=\"twitter:label1\" content=\"Escrito por\" \/>\n\t<meta name=\"twitter:data1\" content=\"COCEMFE VALENCIA\" \/>\n\t<meta name=\"twitter:label2\" content=\"Tiempo de lectura\" \/>\n\t<meta name=\"twitter:data2\" content=\"4 minutos\" \/>\n<script type=\"application\/ld+json\" class=\"yoast-schema-graph\">{\"@context\":\"https:\\\/\\\/schema.org\",\"@graph\":[{\"@type\":\"Article\",\"@id\":\"https:\\\/\\\/cocemfevalencia.org\\\/es\\\/cocemfe-valencia-participa-en-la-campanya-de-foment-del-respecte-a-les-places-daparcament-reservades-a-pmr\\\/#article\",\"isPartOf\":{\"@id\":\"https:\\\/\\\/cocemfevalencia.org\\\/es\\\/cocemfe-valencia-participa-en-la-campanya-de-foment-del-respecte-a-les-places-daparcament-reservades-a-pmr\\\/\"},\"author\":{\"name\":\"COCEMFE VALENCIA\",\"@id\":\"https:\\\/\\\/cocemfevalencia.org\\\/es\\\/#\\\/schema\\\/person\\\/e31a24227ccbc918e2c80add51990ad7\"},\"headline\":\"COCEMFE Val\u00e8ncia participa en la campanya de foment del respecte a les places d&#8217;aparcament reservades a PMR\",\"datePublished\":\"2021-12-01T11:28:29+00:00\",\"mainEntityOfPage\":{\"@id\":\"https:\\\/\\\/cocemfevalencia.org\\\/es\\\/cocemfe-valencia-participa-en-la-campanya-de-foment-del-respecte-a-les-places-daparcament-reservades-a-pmr\\\/\"},\"wordCount\":814,\"commentCount\":0,\"publisher\":{\"@id\":\"https:\\\/\\\/cocemfevalencia.org\\\/es\\\/#organization\"},\"image\":{\"@id\":\"https:\\\/\\\/cocemfevalencia.org\\\/es\\\/cocemfe-valencia-participa-en-la-campanya-de-foment-del-respecte-a-les-places-daparcament-reservades-a-pmr\\\/#primaryimage\"},\"thumbnailUrl\":\"https:\\\/\\\/cocemfevalencia.org\\\/wp-content\\\/uploads\\\/2021\\\/12\\\/FFHGajLXMAErHLC.jpg\",\"articleSection\":[\"Not\u00edcies\"],\"inLanguage\":\"es\",\"potentialAction\":[{\"@type\":\"CommentAction\",\"name\":\"Comment\",\"target\":[\"https:\\\/\\\/cocemfevalencia.org\\\/es\\\/cocemfe-valencia-participa-en-la-campanya-de-foment-del-respecte-a-les-places-daparcament-reservades-a-pmr\\\/#respond\"]}]},{\"@type\":\"WebPage\",\"@id\":\"https:\\\/\\\/cocemfevalencia.org\\\/es\\\/cocemfe-valencia-participa-en-la-campanya-de-foment-del-respecte-a-les-places-daparcament-reservades-a-pmr\\\/\",\"url\":\"https:\\\/\\\/cocemfevalencia.org\\\/es\\\/cocemfe-valencia-participa-en-la-campanya-de-foment-del-respecte-a-les-places-daparcament-reservades-a-pmr\\\/\",\"name\":\"COCEMFE Val\u00e8ncia participa en la campanya de foment del respecte a les places d'aparcament reservades a PMR - Cocemfe Valencia\",\"isPartOf\":{\"@id\":\"https:\\\/\\\/cocemfevalencia.org\\\/es\\\/#website\"},\"primaryImageOfPage\":{\"@id\":\"https:\\\/\\\/cocemfevalencia.org\\\/es\\\/cocemfe-valencia-participa-en-la-campanya-de-foment-del-respecte-a-les-places-daparcament-reservades-a-pmr\\\/#primaryimage\"},\"image\":{\"@id\":\"https:\\\/\\\/cocemfevalencia.org\\\/es\\\/cocemfe-valencia-participa-en-la-campanya-de-foment-del-respecte-a-les-places-daparcament-reservades-a-pmr\\\/#primaryimage\"},\"thumbnailUrl\":\"https:\\\/\\\/cocemfevalencia.org\\\/wp-content\\\/uploads\\\/2021\\\/12\\\/FFHGajLXMAErHLC.jpg\",\"datePublished\":\"2021-12-01T11:28:29+00:00\",\"breadcrumb\":{\"@id\":\"https:\\\/\\\/cocemfevalencia.org\\\/es\\\/cocemfe-valencia-participa-en-la-campanya-de-foment-del-respecte-a-les-places-daparcament-reservades-a-pmr\\\/#breadcrumb\"},\"inLanguage\":\"es\",\"potentialAction\":[{\"@type\":\"ReadAction\",\"target\":[\"https:\\\/\\\/cocemfevalencia.org\\\/es\\\/cocemfe-valencia-participa-en-la-campanya-de-foment-del-respecte-a-les-places-daparcament-reservades-a-pmr\\\/\"]}]},{\"@type\":\"ImageObject\",\"inLanguage\":\"es\",\"@id\":\"https:\\\/\\\/cocemfevalencia.org\\\/es\\\/cocemfe-valencia-participa-en-la-campanya-de-foment-del-respecte-a-les-places-daparcament-reservades-a-pmr\\\/#primaryimage\",\"url\":\"https:\\\/\\\/cocemfevalencia.org\\\/wp-content\\\/uploads\\\/2021\\\/12\\\/FFHGajLXMAErHLC.jpg\",\"contentUrl\":\"https:\\\/\\\/cocemfevalencia.org\\\/wp-content\\\/uploads\\\/2021\\\/12\\\/FFHGajLXMAErHLC.jpg\",\"width\":1489,\"height\":922},{\"@type\":\"BreadcrumbList\",\"@id\":\"https:\\\/\\\/cocemfevalencia.org\\\/es\\\/cocemfe-valencia-participa-en-la-campanya-de-foment-del-respecte-a-les-places-daparcament-reservades-a-pmr\\\/#breadcrumb\",\"itemListElement\":[{\"@type\":\"ListItem\",\"position\":1,\"name\":\"Portada\",\"item\":\"https:\\\/\\\/cocemfevalencia.org\\\/es\\\/\"},{\"@type\":\"ListItem\",\"position\":2,\"name\":\"COCEMFE Val\u00e8ncia participa en la campanya de foment del respecte a les places d&#8217;aparcament reservades a PMR\"}]},{\"@type\":\"WebSite\",\"@id\":\"https:\\\/\\\/cocemfevalencia.org\\\/es\\\/#website\",\"url\":\"https:\\\/\\\/cocemfevalencia.org\\\/es\\\/\",\"name\":\"Cocemfe Valencia\",\"description\":\"FEDERACI\u00d3N DE ASOCIACIONES DE PERSONAS CON DISCAPACIDAD F\u00cdSICA Y ORG\u00c1NICA DE LA PROV\u00cdNCIA DE VALENCIA\",\"publisher\":{\"@id\":\"https:\\\/\\\/cocemfevalencia.org\\\/es\\\/#organization\"},\"potentialAction\":[{\"@type\":\"SearchAction\",\"target\":{\"@type\":\"EntryPoint\",\"urlTemplate\":\"https:\\\/\\\/cocemfevalencia.org\\\/es\\\/?s={search_term_string}\"},\"query-input\":{\"@type\":\"PropertyValueSpecification\",\"valueRequired\":true,\"valueName\":\"search_term_string\"}}],\"inLanguage\":\"es\"},{\"@type\":\"Organization\",\"@id\":\"https:\\\/\\\/cocemfevalencia.org\\\/es\\\/#organization\",\"name\":\"Cocemfe Valencia\",\"url\":\"https:\\\/\\\/cocemfevalencia.org\\\/es\\\/\",\"logo\":{\"@type\":\"ImageObject\",\"inLanguage\":\"es\",\"@id\":\"https:\\\/\\\/cocemfevalencia.org\\\/es\\\/#\\\/schema\\\/logo\\\/image\\\/\",\"url\":\"https:\\\/\\\/cocemfevalencia.org\\\/wp-content\\\/uploads\\\/2023\\\/03\\\/0312-Horizontal-una-linea-larga-rgb-positivo-Tricolor.png\",\"contentUrl\":\"https:\\\/\\\/cocemfevalencia.org\\\/wp-content\\\/uploads\\\/2023\\\/03\\\/0312-Horizontal-una-linea-larga-rgb-positivo-Tricolor.png\",\"width\":2334,\"height\":613,\"caption\":\"Cocemfe Valencia\"},\"image\":{\"@id\":\"https:\\\/\\\/cocemfevalencia.org\\\/es\\\/#\\\/schema\\\/logo\\\/image\\\/\"},\"sameAs\":[\"https:\\\/\\\/www.facebook.com\\\/cocemfe.valencia\",\"https:\\\/\\\/x.com\\\/COCEMFEValencia\"]},{\"@type\":\"Person\",\"@id\":\"https:\\\/\\\/cocemfevalencia.org\\\/es\\\/#\\\/schema\\\/person\\\/e31a24227ccbc918e2c80add51990ad7\",\"name\":\"COCEMFE VALENCIA\",\"image\":{\"@type\":\"ImageObject\",\"inLanguage\":\"es\",\"@id\":\"https:\\\/\\\/secure.gravatar.com\\\/avatar\\\/81dd2ced4591577d70433bbfde65ba3f931e09f5cb4ca8c890817c47789b47f0?s=96&d=mm&r=g\",\"url\":\"https:\\\/\\\/secure.gravatar.com\\\/avatar\\\/81dd2ced4591577d70433bbfde65ba3f931e09f5cb4ca8c890817c47789b47f0?s=96&d=mm&r=g\",\"contentUrl\":\"https:\\\/\\\/secure.gravatar.com\\\/avatar\\\/81dd2ced4591577d70433bbfde65ba3f931e09f5cb4ca8c890817c47789b47f0?s=96&d=mm&r=g\",\"caption\":\"COCEMFE VALENCIA\"}}]}<\/script>\n<!-- \/ Yoast SEO plugin. -->","yoast_head_json":{"title":"COCEMFE Val\u00e8ncia participa en la campanya de foment del respecte a les places d'aparcament reservades a PMR - Cocemfe Valencia","robots":{"index":"index","follow":"follow","max-snippet":"max-snippet:-1","max-image-preview":"max-image-preview:large","max-video-preview":"max-video-preview:-1"},"canonical":"https:\/\/cocemfevalencia.org\/es\/cocemfe-valencia-participa-en-la-campanya-de-foment-del-respecte-a-les-places-daparcament-reservades-a-pmr\/","og_locale":"es_ES","og_type":"article","og_title":"COCEMFE Val\u00e8ncia participa en la campanya de foment del respecte a les places d'aparcament reservades a PMR - Cocemfe Valencia","og_description":"L&#8217;Ajuntament, en col\u00b7laboraci\u00f3 amb Aspaym i COCEMFE Val\u00e8ncia, ha posat en marxa una campanya per a fomentar el respecte a l&#8217;\u00fas de les places d&#8217;estacionament reservades a persones amb mobilitat redu\u00efda i sensibilitzar de les conseq\u00fc\u00e8ncies que t\u00e9 per als seus usuaris l&#8217;ocupaci\u00f3 indeguda per part altres conductors. La iniciativa porta per lema: \u201cPer a&hellip;&nbsp;Leer m\u00e1s &raquo;COCEMFE Val\u00e8ncia participa en la campanya de foment del respecte a les places d&#8217;aparcament reservades a PMR","og_url":"https:\/\/cocemfevalencia.org\/es\/cocemfe-valencia-participa-en-la-campanya-de-foment-del-respecte-a-les-places-daparcament-reservades-a-pmr\/","og_site_name":"Cocemfe Valencia","article_publisher":"https:\/\/www.facebook.com\/cocemfe.valencia","article_published_time":"2021-12-01T11:28:29+00:00","og_image":[{"width":1489,"height":922,"url":"https:\/\/cocemfevalencia.org\/wp-content\/uploads\/2021\/12\/FFHGajLXMAErHLC.jpg","type":"image\/jpeg"}],"author":"COCEMFE VALENCIA","twitter_card":"summary_large_image","twitter_creator":"@COCEMFEValencia","twitter_site":"@COCEMFEValencia","twitter_misc":{"Escrito por":"COCEMFE VALENCIA","Tiempo de lectura":"4 minutos"},"schema":{"@context":"https:\/\/schema.org","@graph":[{"@type":"Article","@id":"https:\/\/cocemfevalencia.org\/es\/cocemfe-valencia-participa-en-la-campanya-de-foment-del-respecte-a-les-places-daparcament-reservades-a-pmr\/#article","isPartOf":{"@id":"https:\/\/cocemfevalencia.org\/es\/cocemfe-valencia-participa-en-la-campanya-de-foment-del-respecte-a-les-places-daparcament-reservades-a-pmr\/"},"author":{"name":"COCEMFE VALENCIA","@id":"https:\/\/cocemfevalencia.org\/es\/#\/schema\/person\/e31a24227ccbc918e2c80add51990ad7"},"headline":"COCEMFE Val\u00e8ncia participa en la campanya de foment del respecte a les places d&#8217;aparcament reservades a PMR","datePublished":"2021-12-01T11:28:29+00:00","mainEntityOfPage":{"@id":"https:\/\/cocemfevalencia.org\/es\/cocemfe-valencia-participa-en-la-campanya-de-foment-del-respecte-a-les-places-daparcament-reservades-a-pmr\/"},"wordCount":814,"commentCount":0,"publisher":{"@id":"https:\/\/cocemfevalencia.org\/es\/#organization"},"image":{"@id":"https:\/\/cocemfevalencia.org\/es\/cocemfe-valencia-participa-en-la-campanya-de-foment-del-respecte-a-les-places-daparcament-reservades-a-pmr\/#primaryimage"},"thumbnailUrl":"https:\/\/cocemfevalencia.org\/wp-content\/uploads\/2021\/12\/FFHGajLXMAErHLC.jpg","articleSection":["Not\u00edcies"],"inLanguage":"es","potentialAction":[{"@type":"CommentAction","name":"Comment","target":["https:\/\/cocemfevalencia.org\/es\/cocemfe-valencia-participa-en-la-campanya-de-foment-del-respecte-a-les-places-daparcament-reservades-a-pmr\/#respond"]}]},{"@type":"WebPage","@id":"https:\/\/cocemfevalencia.org\/es\/cocemfe-valencia-participa-en-la-campanya-de-foment-del-respecte-a-les-places-daparcament-reservades-a-pmr\/","url":"https:\/\/cocemfevalencia.org\/es\/cocemfe-valencia-participa-en-la-campanya-de-foment-del-respecte-a-les-places-daparcament-reservades-a-pmr\/","name":"COCEMFE Val\u00e8ncia participa en la campanya de foment del respecte a les places d'aparcament reservades a PMR - Cocemfe Valencia","isPartOf":{"@id":"https:\/\/cocemfevalencia.org\/es\/#website"},"primaryImageOfPage":{"@id":"https:\/\/cocemfevalencia.org\/es\/cocemfe-valencia-participa-en-la-campanya-de-foment-del-respecte-a-les-places-daparcament-reservades-a-pmr\/#primaryimage"},"image":{"@id":"https:\/\/cocemfevalencia.org\/es\/cocemfe-valencia-participa-en-la-campanya-de-foment-del-respecte-a-les-places-daparcament-reservades-a-pmr\/#primaryimage"},"thumbnailUrl":"https:\/\/cocemfevalencia.org\/wp-content\/uploads\/2021\/12\/FFHGajLXMAErHLC.jpg","datePublished":"2021-12-01T11:28:29+00:00","breadcrumb":{"@id":"https:\/\/cocemfevalencia.org\/es\/cocemfe-valencia-participa-en-la-campanya-de-foment-del-respecte-a-les-places-daparcament-reservades-a-pmr\/#breadcrumb"},"inLanguage":"es","potentialAction":[{"@type":"ReadAction","target":["https:\/\/cocemfevalencia.org\/es\/cocemfe-valencia-participa-en-la-campanya-de-foment-del-respecte-a-les-places-daparcament-reservades-a-pmr\/"]}]},{"@type":"ImageObject","inLanguage":"es","@id":"https:\/\/cocemfevalencia.org\/es\/cocemfe-valencia-participa-en-la-campanya-de-foment-del-respecte-a-les-places-daparcament-reservades-a-pmr\/#primaryimage","url":"https:\/\/cocemfevalencia.org\/wp-content\/uploads\/2021\/12\/FFHGajLXMAErHLC.jpg","contentUrl":"https:\/\/cocemfevalencia.org\/wp-content\/uploads\/2021\/12\/FFHGajLXMAErHLC.jpg","width":1489,"height":922},{"@type":"BreadcrumbList","@id":"https:\/\/cocemfevalencia.org\/es\/cocemfe-valencia-participa-en-la-campanya-de-foment-del-respecte-a-les-places-daparcament-reservades-a-pmr\/#breadcrumb","itemListElement":[{"@type":"ListItem","position":1,"name":"Portada","item":"https:\/\/cocemfevalencia.org\/es\/"},{"@type":"ListItem","position":2,"name":"COCEMFE Val\u00e8ncia participa en la campanya de foment del respecte a les places d&#8217;aparcament reservades a PMR"}]},{"@type":"WebSite","@id":"https:\/\/cocemfevalencia.org\/es\/#website","url":"https:\/\/cocemfevalencia.org\/es\/","name":"Cocemfe Valencia","description":"FEDERACI\u00d3N DE ASOCIACIONES DE PERSONAS CON DISCAPACIDAD F\u00cdSICA Y ORG\u00c1NICA DE LA PROV\u00cdNCIA DE VALENCIA","publisher":{"@id":"https:\/\/cocemfevalencia.org\/es\/#organization"},"potentialAction":[{"@type":"SearchAction","target":{"@type":"EntryPoint","urlTemplate":"https:\/\/cocemfevalencia.org\/es\/?s={search_term_string}"},"query-input":{"@type":"PropertyValueSpecification","valueRequired":true,"valueName":"search_term_string"}}],"inLanguage":"es"},{"@type":"Organization","@id":"https:\/\/cocemfevalencia.org\/es\/#organization","name":"Cocemfe Valencia","url":"https:\/\/cocemfevalencia.org\/es\/","logo":{"@type":"ImageObject","inLanguage":"es","@id":"https:\/\/cocemfevalencia.org\/es\/#\/schema\/logo\/image\/","url":"https:\/\/cocemfevalencia.org\/wp-content\/uploads\/2023\/03\/0312-Horizontal-una-linea-larga-rgb-positivo-Tricolor.png","contentUrl":"https:\/\/cocemfevalencia.org\/wp-content\/uploads\/2023\/03\/0312-Horizontal-una-linea-larga-rgb-positivo-Tricolor.png","width":2334,"height":613,"caption":"Cocemfe Valencia"},"image":{"@id":"https:\/\/cocemfevalencia.org\/es\/#\/schema\/logo\/image\/"},"sameAs":["https:\/\/www.facebook.com\/cocemfe.valencia","https:\/\/x.com\/COCEMFEValencia"]},{"@type":"Person","@id":"https:\/\/cocemfevalencia.org\/es\/#\/schema\/person\/e31a24227ccbc918e2c80add51990ad7","name":"COCEMFE VALENCIA","image":{"@type":"ImageObject","inLanguage":"es","@id":"https:\/\/secure.gravatar.com\/avatar\/81dd2ced4591577d70433bbfde65ba3f931e09f5cb4ca8c890817c47789b47f0?s=96&d=mm&r=g","url":"https:\/\/secure.gravatar.com\/avatar\/81dd2ced4591577d70433bbfde65ba3f931e09f5cb4ca8c890817c47789b47f0?s=96&d=mm&r=g","contentUrl":"https:\/\/secure.gravatar.com\/avatar\/81dd2ced4591577d70433bbfde65ba3f931e09f5cb4ca8c890817c47789b47f0?s=96&d=mm&r=g","caption":"COCEMFE VALENCIA"}}]}},"_links":{"self":[{"href":"https:\/\/cocemfevalencia.org\/es\/wp-json\/wp\/v2\/posts\/5750","targetHints":{"allow":["GET"]}}],"collection":[{"href":"https:\/\/cocemfevalencia.org\/es\/wp-json\/wp\/v2\/posts"}],"about":[{"href":"https:\/\/cocemfevalencia.org\/es\/wp-json\/wp\/v2\/types\/post"}],"author":[{"embeddable":true,"href":"https:\/\/cocemfevalencia.org\/es\/wp-json\/wp\/v2\/users\/3"}],"replies":[{"embeddable":true,"href":"https:\/\/cocemfevalencia.org\/es\/wp-json\/wp\/v2\/comments?post=5750"}],"version-history":[{"count":0,"href":"https:\/\/cocemfevalencia.org\/es\/wp-json\/wp\/v2\/posts\/5750\/revisions"}],"wp:featuredmedia":[{"embeddable":true,"href":"https:\/\/cocemfevalencia.org\/es\/wp-json\/wp\/v2\/media\/5751"}],"wp:attachment":[{"href":"https:\/\/cocemfevalencia.org\/es\/wp-json\/wp\/v2\/media?parent=5750"}],"wp:term":[{"taxonomy":"category","embeddable":true,"href":"https:\/\/cocemfevalencia.org\/es\/wp-json\/wp\/v2\/categories?post=5750"},{"taxonomy":"post_tag","embeddable":true,"href":"https:\/\/cocemfevalencia.org\/es\/wp-json\/wp\/v2\/tags?post=5750"}],"curies":[{"name":"wp","href":"https:\/\/api.w.org\/{rel}","templated":true}]}}