{"id":5775,"date":"2021-12-09T11:45:14","date_gmt":"2021-12-09T09:45:14","guid":{"rendered":"http:\/\/cocemfevalencia.org\/?p=5775"},"modified":"2021-12-09T11:45:14","modified_gmt":"2021-12-09T09:45:14","slug":"cocemfe-valencia-organitza-una-jornada-dentrevistes-de-treball-per-a-les-nostres-usuaries-ditineraris-individualitzats","status":"publish","type":"post","link":"https:\/\/cocemfevalencia.org\/es\/cocemfe-valencia-organitza-una-jornada-dentrevistes-de-treball-per-a-les-nostres-usuaries-ditineraris-individualitzats\/","title":{"rendered":"COCEMFE Val\u00e8ncia organitza una jornada d&#8217;entrevistes de treball per a les nostres usu\u00e0ries d&#8217;itineraris individualitzats"},"content":{"rendered":"\t\t<div data-elementor-type=\"wp-post\" data-elementor-id=\"5775\" class=\"elementor elementor-5775\" data-elementor-post-type=\"post\">\n\t\t\t\t\t\t<section class=\"elementor-section elementor-top-section elementor-element elementor-element-7134286 elementor-section-boxed elementor-section-height-default elementor-section-height-default\" data-id=\"7134286\" data-element_type=\"section\" data-e-type=\"section\">\n\t\t\t\t\t\t<div class=\"elementor-container elementor-column-gap-default\">\n\t\t\t\t\t<div class=\"elementor-column elementor-col-50 elementor-top-column elementor-element elementor-element-629283f\" data-id=\"629283f\" data-element_type=\"column\" data-e-type=\"column\">\n\t\t\t<div class=\"elementor-widget-wrap elementor-element-populated\">\n\t\t\t\t\t\t<div class=\"elementor-element elementor-element-435cf68 elementor-widget elementor-widget-image\" data-id=\"435cf68\" data-element_type=\"widget\" data-e-type=\"widget\" data-widget_type=\"image.default\">\n\t\t\t\t<div class=\"elementor-widget-container\">\n\t\t\t\t\t\t\t\t\t\t\t\t\t\t\t<img fetchpriority=\"high\" decoding=\"async\" width=\"1024\" height=\"461\" src=\"https:\/\/cocemfevalencia.org\/wp-content\/uploads\/2021\/12\/IMG_20211130_104354-scaled-1-1024x461.jpg\" class=\"attachment-large size-large wp-image-5779\" alt=\"\" srcset=\"https:\/\/cocemfevalencia.org\/wp-content\/uploads\/2021\/12\/IMG_20211130_104354-scaled-1-1024x461.jpg 1024w, https:\/\/cocemfevalencia.org\/wp-content\/uploads\/2021\/12\/IMG_20211130_104354-scaled-1-300x135.jpg 300w, https:\/\/cocemfevalencia.org\/wp-content\/uploads\/2021\/12\/IMG_20211130_104354-scaled-1-768x346.jpg 768w, https:\/\/cocemfevalencia.org\/wp-content\/uploads\/2021\/12\/IMG_20211130_104354-scaled-1-1536x691.jpg 1536w, https:\/\/cocemfevalencia.org\/wp-content\/uploads\/2021\/12\/IMG_20211130_104354-scaled-1-2048x922.jpg 2048w\" sizes=\"(max-width: 1024px) 100vw, 1024px\" \/>\t\t\t\t\t\t\t\t\t\t\t\t\t\t\t<\/div>\n\t\t\t\t<\/div>\n\t\t\t\t\t<\/div>\n\t\t<\/div>\n\t\t\t\t<div class=\"elementor-column elementor-col-50 elementor-top-column elementor-element elementor-element-669c02e\" data-id=\"669c02e\" data-element_type=\"column\" data-e-type=\"column\">\n\t\t\t<div class=\"elementor-widget-wrap elementor-element-populated\">\n\t\t\t\t\t\t<div class=\"elementor-element elementor-element-1009486 elementor-widget elementor-widget-text-editor\" data-id=\"1009486\" data-element_type=\"widget\" data-e-type=\"widget\" data-widget_type=\"text-editor.default\">\n\t\t\t\t<div class=\"elementor-widget-container\">\n\t\t\t\t\t\t\t\t\t<p>La setmana passada COCEMFE Val\u00e8ncia va organitzar una jornada d&#8217;entrevistes per a les nostres usu\u00e0ries d&#8217;itineraris individualitzats. L&#8217;objectiu de la jornada va ser posar en pr\u00e0ctica totes les compet\u00e8ncies necess\u00e0ries per a realitzar una entrevista \u00f2ptima de treball.<\/p><p><br \/>Vam poder comptar amb la col\u00b7laboraci\u00f3 de dues empreses, Jera Avanza i Corvan SI que van participar de manera activa en l&#8217;activitat realitzant les entrevistes de treball per als diversos perfils que trobem entre les nostres usu\u00e0ries.<\/p>\t\t\t\t\t\t\t\t<\/div>\n\t\t\t\t<\/div>\n\t\t\t\t\t<\/div>\n\t\t<\/div>\n\t\t\t\t\t<\/div>\n\t\t<\/section>\n\t\t\t\t<section class=\"elementor-section elementor-top-section elementor-element elementor-element-47f23e6 elementor-section-boxed elementor-section-height-default elementor-section-height-default\" data-id=\"47f23e6\" data-element_type=\"section\" data-e-type=\"section\">\n\t\t\t\t\t\t<div class=\"elementor-container elementor-column-gap-default\">\n\t\t\t\t\t<div class=\"elementor-column elementor-col-100 elementor-top-column elementor-element elementor-element-6a6b93a\" data-id=\"6a6b93a\" data-element_type=\"column\" data-e-type=\"column\">\n\t\t\t<div class=\"elementor-widget-wrap elementor-element-populated\">\n\t\t\t\t\t\t<div class=\"elementor-element elementor-element-8085c95 elementor-widget elementor-widget-text-editor\" data-id=\"8085c95\" data-element_type=\"widget\" data-e-type=\"widget\" data-widget_type=\"text-editor.default\">\n\t\t\t\t<div class=\"elementor-widget-container\">\n\t\t\t\t\t\t\t\t\t<p>Encara que era una pr\u00e0ctica dins del Programa d&#8217;itineraris individualitzats per a dones amb discapacitat, les empreses, s&#8217;han comprom\u00e9s a valorar tots els perfils entrevistats per a futurs processos de selecci\u00f3.<\/p><p>Les usu\u00e0ries van valorar molt positivament l&#8217;activitat ja que han pogut con\u00e9ixer empreses reals i continuar avan\u00e7ant en la seua millora d&#8217;ocupabilitat per a aconseguir el seu objectiu d&#8217;inserci\u00f3 laboral.<\/p><p>El programa desenvolupa activitats encaminades a orientar, formar, capacitar, potenciar i recolzar el seu desenvolupament competencial dotant d\u2019informaci\u00f3 i recursos que milloren la seua situaci\u00f3 de desocupaci\u00f3 i la seua autonomia a l\u2019hora de buscar treball.<\/p>\t\t\t\t\t\t\t\t<\/div>\n\t\t\t\t<\/div>\n\t\t\t\t\t<\/div>\n\t\t<\/div>\n\t\t\t\t\t<\/div>\n\t\t<\/section>\n\t\t\t\t<section class=\"elementor-section elementor-top-section elementor-element elementor-element-45a4a15 elementor-section-boxed elementor-section-height-default elementor-section-height-default\" data-id=\"45a4a15\" data-element_type=\"section\" data-e-type=\"section\">\n\t\t\t\t\t\t<div class=\"elementor-container elementor-column-gap-default\">\n\t\t\t\t\t<div class=\"elementor-column elementor-col-100 elementor-top-column elementor-element elementor-element-62d6834\" data-id=\"62d6834\" data-element_type=\"column\" data-e-type=\"column\">\n\t\t\t<div class=\"elementor-widget-wrap elementor-element-populated\">\n\t\t\t\t\t\t<div class=\"elementor-element elementor-element-4a3bcad elementor-widget elementor-widget-text-editor\" data-id=\"4a3bcad\" data-element_type=\"widget\" data-e-type=\"widget\" data-widget_type=\"text-editor.default\">\n\t\t\t\t<div class=\"elementor-widget-container\">\n\t\t\t\t\t\t\t\t\t<p style=\"text-align: center;\"><strong>\u201cActuaci\u00f3 cofinanciada per la Uni\u00f3 Europea a trav\u00e9s del Programa Operatiu del Fons Social Europeu (FSE) de la Comunitat Valenciana 2014-2020\u201d<\/strong><\/p>\t\t\t\t\t\t\t\t<\/div>\n\t\t\t\t<\/div>\n\t\t\t\t\t<\/div>\n\t\t<\/div>\n\t\t\t\t\t<\/div>\n\t\t<\/section>\n\t\t\t\t<section class=\"elementor-section elementor-top-section elementor-element elementor-element-5f282a6 elementor-section-boxed elementor-section-height-default elementor-section-height-default\" data-id=\"5f282a6\" data-element_type=\"section\" data-e-type=\"section\">\n\t\t\t\t\t\t<div class=\"elementor-container elementor-column-gap-default\">\n\t\t\t\t\t<div class=\"elementor-column elementor-col-100 elementor-top-column elementor-element elementor-element-2bab73b\" data-id=\"2bab73b\" data-element_type=\"column\" data-e-type=\"column\">\n\t\t\t<div class=\"elementor-widget-wrap elementor-element-populated\">\n\t\t\t\t\t\t<div class=\"elementor-element elementor-element-38ec1a3 elementor-widget elementor-widget-image\" data-id=\"38ec1a3\" data-element_type=\"widget\" data-e-type=\"widget\" data-widget_type=\"image.default\">\n\t\t\t\t<div class=\"elementor-widget-container\">\n\t\t\t\t\t\t\t\t\t\t\t\t\t\t\t<img decoding=\"async\" width=\"449\" height=\"125\" src=\"https:\/\/cocemfevalencia.org\/wp-content\/uploads\/2021\/01\/fondoeuripeologo.png\" class=\"attachment-large size-large wp-image-4772\" alt=\"\" srcset=\"https:\/\/cocemfevalencia.org\/wp-content\/uploads\/2021\/01\/fondoeuripeologo.png 449w, https:\/\/cocemfevalencia.org\/wp-content\/uploads\/2021\/01\/fondoeuripeologo-300x84.png 300w\" sizes=\"(max-width: 449px) 100vw, 449px\" \/>\t\t\t\t\t\t\t\t\t\t\t\t\t\t\t<\/div>\n\t\t\t\t<\/div>\n\t\t\t\t\t<\/div>\n\t\t<\/div>\n\t\t\t\t\t<\/div>\n\t\t<\/section>\n\t\t\t\t<\/div>\n\t\t<p>Visitas: 0<\/p>","protected":false},"excerpt":{"rendered":"<p>La setmana passada COCEMFE Val\u00e8ncia va organitzar una jornada d&#8217;entrevistes per a les nostres usu\u00e0ries d&#8217;itineraris individualitzats. L&#8217;objectiu de la jornada va ser posar en pr\u00e0ctica totes les compet\u00e8ncies necess\u00e0ries per a realitzar una entrevista \u00f2ptima de treball. Vam poder comptar amb la col\u00b7laboraci\u00f3 de dues empreses, Jera Avanza i Corvan SI que van participar&hellip;&nbsp;<a href=\"https:\/\/cocemfevalencia.org\/es\/cocemfe-valencia-organitza-una-jornada-dentrevistes-de-treball-per-a-les-nostres-usuaries-ditineraris-individualitzats\/\" rel=\"bookmark\">Leer m\u00e1s &raquo;<span class=\"screen-reader-text\">COCEMFE Val\u00e8ncia organitza una jornada d&#8217;entrevistes de treball per a les nostres usu\u00e0ries d&#8217;itineraris individualitzats<\/span><\/a><\/p>\n","protected":false},"author":3,"featured_media":5776,"comment_status":"closed","ping_status":"closed","sticky":false,"template":"","format":"standard","meta":{"rop_custom_images_group":[],"rop_custom_messages_group":[],"rop_publish_now":"initial","rop_publish_now_accounts":[],"rop_publish_now_history":[],"rop_publish_now_status":"pending","neve_meta_sidebar":"","neve_meta_container":"","neve_meta_enable_content_width":"","neve_meta_content_width":0,"neve_meta_title_alignment":"","neve_meta_author_avatar":"","neve_post_elements_order":"","neve_meta_disable_header":"","neve_meta_disable_footer":"","neve_meta_disable_title":"","footnotes":""},"categories":[5],"tags":[],"class_list":["post-5775","post","type-post","status-publish","format-standard","has-post-thumbnail","hentry","category-noticias"],"yoast_head":"<!-- This site is optimized with the Yoast SEO plugin v27.3 - https:\/\/yoast.com\/product\/yoast-seo-wordpress\/ -->\n<title>COCEMFE Val\u00e8ncia organitza una jornada d&#039;entrevistes de treball per a les nostres usu\u00e0ries d&#039;itineraris individualitzats - Cocemfe Valencia<\/title>\n<meta name=\"robots\" content=\"index, follow, max-snippet:-1, max-image-preview:large, max-video-preview:-1\" \/>\n<link rel=\"canonical\" href=\"https:\/\/cocemfevalencia.org\/es\/cocemfe-valencia-organitza-una-jornada-dentrevistes-de-treball-per-a-les-nostres-usuaries-ditineraris-individualitzats\/\" \/>\n<meta property=\"og:locale\" content=\"es_ES\" \/>\n<meta property=\"og:type\" content=\"article\" \/>\n<meta property=\"og:title\" content=\"COCEMFE Val\u00e8ncia organitza una jornada d&#039;entrevistes de treball per a les nostres usu\u00e0ries d&#039;itineraris individualitzats - Cocemfe Valencia\" \/>\n<meta property=\"og:description\" content=\"La setmana passada COCEMFE Val\u00e8ncia va organitzar una jornada d&#8217;entrevistes per a les nostres usu\u00e0ries d&#8217;itineraris individualitzats. L&#8217;objectiu de la jornada va ser posar en pr\u00e0ctica totes les compet\u00e8ncies necess\u00e0ries per a realitzar una entrevista \u00f2ptima de treball. Vam poder comptar amb la col\u00b7laboraci\u00f3 de dues empreses, Jera Avanza i Corvan SI que van participar&hellip;&nbsp;Leer m\u00e1s &raquo;COCEMFE Val\u00e8ncia organitza una jornada d&#8217;entrevistes de treball per a les nostres usu\u00e0ries d&#8217;itineraris individualitzats\" \/>\n<meta property=\"og:url\" content=\"https:\/\/cocemfevalencia.org\/es\/cocemfe-valencia-organitza-una-jornada-dentrevistes-de-treball-per-a-les-nostres-usuaries-ditineraris-individualitzats\/\" \/>\n<meta property=\"og:site_name\" content=\"Cocemfe Valencia\" \/>\n<meta property=\"article:publisher\" content=\"https:\/\/www.facebook.com\/cocemfe.valencia\" \/>\n<meta property=\"article:published_time\" content=\"2021-12-09T09:45:14+00:00\" \/>\n<meta property=\"og:image\" content=\"https:\/\/cocemfevalencia.org\/wp-content\/uploads\/2021\/12\/IMG_20211130_104034-scaled-1.jpg\" \/>\n\t<meta property=\"og:image:width\" content=\"2560\" \/>\n\t<meta property=\"og:image:height\" content=\"1152\" \/>\n\t<meta property=\"og:image:type\" content=\"image\/jpeg\" \/>\n<meta name=\"author\" content=\"COCEMFE VALENCIA\" \/>\n<meta name=\"twitter:card\" content=\"summary_large_image\" \/>\n<meta name=\"twitter:creator\" content=\"@COCEMFEValencia\" \/>\n<meta name=\"twitter:site\" content=\"@COCEMFEValencia\" \/>\n<meta name=\"twitter:label1\" content=\"Escrito por\" \/>\n\t<meta name=\"twitter:data1\" content=\"COCEMFE VALENCIA\" \/>\n\t<meta name=\"twitter:label2\" content=\"Tiempo de lectura\" \/>\n\t<meta name=\"twitter:data2\" content=\"1 minuto\" \/>\n<script type=\"application\/ld+json\" class=\"yoast-schema-graph\">{\"@context\":\"https:\\\/\\\/schema.org\",\"@graph\":[{\"@type\":\"Article\",\"@id\":\"https:\\\/\\\/cocemfevalencia.org\\\/es\\\/cocemfe-valencia-organitza-una-jornada-dentrevistes-de-treball-per-a-les-nostres-usuaries-ditineraris-individualitzats\\\/#article\",\"isPartOf\":{\"@id\":\"https:\\\/\\\/cocemfevalencia.org\\\/es\\\/cocemfe-valencia-organitza-una-jornada-dentrevistes-de-treball-per-a-les-nostres-usuaries-ditineraris-individualitzats\\\/\"},\"author\":{\"name\":\"COCEMFE VALENCIA\",\"@id\":\"https:\\\/\\\/cocemfevalencia.org\\\/es\\\/#\\\/schema\\\/person\\\/e31a24227ccbc918e2c80add51990ad7\"},\"headline\":\"COCEMFE Val\u00e8ncia organitza una jornada d&#8217;entrevistes de treball per a les nostres usu\u00e0ries d&#8217;itineraris individualitzats\",\"datePublished\":\"2021-12-09T09:45:14+00:00\",\"mainEntityOfPage\":{\"@id\":\"https:\\\/\\\/cocemfevalencia.org\\\/es\\\/cocemfe-valencia-organitza-una-jornada-dentrevistes-de-treball-per-a-les-nostres-usuaries-ditineraris-individualitzats\\\/\"},\"wordCount\":225,\"publisher\":{\"@id\":\"https:\\\/\\\/cocemfevalencia.org\\\/es\\\/#organization\"},\"image\":{\"@id\":\"https:\\\/\\\/cocemfevalencia.org\\\/es\\\/cocemfe-valencia-organitza-una-jornada-dentrevistes-de-treball-per-a-les-nostres-usuaries-ditineraris-individualitzats\\\/#primaryimage\"},\"thumbnailUrl\":\"https:\\\/\\\/cocemfevalencia.org\\\/wp-content\\\/uploads\\\/2021\\\/12\\\/IMG_20211130_104034-scaled-1.jpg\",\"articleSection\":[\"Not\u00edcies\"],\"inLanguage\":\"es\"},{\"@type\":\"WebPage\",\"@id\":\"https:\\\/\\\/cocemfevalencia.org\\\/es\\\/cocemfe-valencia-organitza-una-jornada-dentrevistes-de-treball-per-a-les-nostres-usuaries-ditineraris-individualitzats\\\/\",\"url\":\"https:\\\/\\\/cocemfevalencia.org\\\/es\\\/cocemfe-valencia-organitza-una-jornada-dentrevistes-de-treball-per-a-les-nostres-usuaries-ditineraris-individualitzats\\\/\",\"name\":\"COCEMFE Val\u00e8ncia organitza una jornada d'entrevistes de treball per a les nostres usu\u00e0ries d'itineraris individualitzats - Cocemfe Valencia\",\"isPartOf\":{\"@id\":\"https:\\\/\\\/cocemfevalencia.org\\\/es\\\/#website\"},\"primaryImageOfPage\":{\"@id\":\"https:\\\/\\\/cocemfevalencia.org\\\/es\\\/cocemfe-valencia-organitza-una-jornada-dentrevistes-de-treball-per-a-les-nostres-usuaries-ditineraris-individualitzats\\\/#primaryimage\"},\"image\":{\"@id\":\"https:\\\/\\\/cocemfevalencia.org\\\/es\\\/cocemfe-valencia-organitza-una-jornada-dentrevistes-de-treball-per-a-les-nostres-usuaries-ditineraris-individualitzats\\\/#primaryimage\"},\"thumbnailUrl\":\"https:\\\/\\\/cocemfevalencia.org\\\/wp-content\\\/uploads\\\/2021\\\/12\\\/IMG_20211130_104034-scaled-1.jpg\",\"datePublished\":\"2021-12-09T09:45:14+00:00\",\"breadcrumb\":{\"@id\":\"https:\\\/\\\/cocemfevalencia.org\\\/es\\\/cocemfe-valencia-organitza-una-jornada-dentrevistes-de-treball-per-a-les-nostres-usuaries-ditineraris-individualitzats\\\/#breadcrumb\"},\"inLanguage\":\"es\",\"potentialAction\":[{\"@type\":\"ReadAction\",\"target\":[\"https:\\\/\\\/cocemfevalencia.org\\\/es\\\/cocemfe-valencia-organitza-una-jornada-dentrevistes-de-treball-per-a-les-nostres-usuaries-ditineraris-individualitzats\\\/\"]}]},{\"@type\":\"ImageObject\",\"inLanguage\":\"es\",\"@id\":\"https:\\\/\\\/cocemfevalencia.org\\\/es\\\/cocemfe-valencia-organitza-una-jornada-dentrevistes-de-treball-per-a-les-nostres-usuaries-ditineraris-individualitzats\\\/#primaryimage\",\"url\":\"https:\\\/\\\/cocemfevalencia.org\\\/wp-content\\\/uploads\\\/2021\\\/12\\\/IMG_20211130_104034-scaled-1.jpg\",\"contentUrl\":\"https:\\\/\\\/cocemfevalencia.org\\\/wp-content\\\/uploads\\\/2021\\\/12\\\/IMG_20211130_104034-scaled-1.jpg\",\"width\":2560,\"height\":1152},{\"@type\":\"BreadcrumbList\",\"@id\":\"https:\\\/\\\/cocemfevalencia.org\\\/es\\\/cocemfe-valencia-organitza-una-jornada-dentrevistes-de-treball-per-a-les-nostres-usuaries-ditineraris-individualitzats\\\/#breadcrumb\",\"itemListElement\":[{\"@type\":\"ListItem\",\"position\":1,\"name\":\"Portada\",\"item\":\"https:\\\/\\\/cocemfevalencia.org\\\/es\\\/\"},{\"@type\":\"ListItem\",\"position\":2,\"name\":\"COCEMFE Val\u00e8ncia organitza una jornada d&#8217;entrevistes de treball per a les nostres usu\u00e0ries d&#8217;itineraris individualitzats\"}]},{\"@type\":\"WebSite\",\"@id\":\"https:\\\/\\\/cocemfevalencia.org\\\/es\\\/#website\",\"url\":\"https:\\\/\\\/cocemfevalencia.org\\\/es\\\/\",\"name\":\"Cocemfe Valencia\",\"description\":\"FEDERACI\u00d3N DE ASOCIACIONES DE PERSONAS CON DISCAPACIDAD F\u00cdSICA Y ORG\u00c1NICA DE LA PROV\u00cdNCIA DE VALENCIA\",\"publisher\":{\"@id\":\"https:\\\/\\\/cocemfevalencia.org\\\/es\\\/#organization\"},\"potentialAction\":[{\"@type\":\"SearchAction\",\"target\":{\"@type\":\"EntryPoint\",\"urlTemplate\":\"https:\\\/\\\/cocemfevalencia.org\\\/es\\\/?s={search_term_string}\"},\"query-input\":{\"@type\":\"PropertyValueSpecification\",\"valueRequired\":true,\"valueName\":\"search_term_string\"}}],\"inLanguage\":\"es\"},{\"@type\":\"Organization\",\"@id\":\"https:\\\/\\\/cocemfevalencia.org\\\/es\\\/#organization\",\"name\":\"Cocemfe Valencia\",\"url\":\"https:\\\/\\\/cocemfevalencia.org\\\/es\\\/\",\"logo\":{\"@type\":\"ImageObject\",\"inLanguage\":\"es\",\"@id\":\"https:\\\/\\\/cocemfevalencia.org\\\/es\\\/#\\\/schema\\\/logo\\\/image\\\/\",\"url\":\"https:\\\/\\\/cocemfevalencia.org\\\/wp-content\\\/uploads\\\/2023\\\/03\\\/0312-Horizontal-una-linea-larga-rgb-positivo-Tricolor.png\",\"contentUrl\":\"https:\\\/\\\/cocemfevalencia.org\\\/wp-content\\\/uploads\\\/2023\\\/03\\\/0312-Horizontal-una-linea-larga-rgb-positivo-Tricolor.png\",\"width\":2334,\"height\":613,\"caption\":\"Cocemfe Valencia\"},\"image\":{\"@id\":\"https:\\\/\\\/cocemfevalencia.org\\\/es\\\/#\\\/schema\\\/logo\\\/image\\\/\"},\"sameAs\":[\"https:\\\/\\\/www.facebook.com\\\/cocemfe.valencia\",\"https:\\\/\\\/x.com\\\/COCEMFEValencia\"]},{\"@type\":\"Person\",\"@id\":\"https:\\\/\\\/cocemfevalencia.org\\\/es\\\/#\\\/schema\\\/person\\\/e31a24227ccbc918e2c80add51990ad7\",\"name\":\"COCEMFE VALENCIA\",\"image\":{\"@type\":\"ImageObject\",\"inLanguage\":\"es\",\"@id\":\"https:\\\/\\\/secure.gravatar.com\\\/avatar\\\/81dd2ced4591577d70433bbfde65ba3f931e09f5cb4ca8c890817c47789b47f0?s=96&d=mm&r=g\",\"url\":\"https:\\\/\\\/secure.gravatar.com\\\/avatar\\\/81dd2ced4591577d70433bbfde65ba3f931e09f5cb4ca8c890817c47789b47f0?s=96&d=mm&r=g\",\"contentUrl\":\"https:\\\/\\\/secure.gravatar.com\\\/avatar\\\/81dd2ced4591577d70433bbfde65ba3f931e09f5cb4ca8c890817c47789b47f0?s=96&d=mm&r=g\",\"caption\":\"COCEMFE VALENCIA\"}}]}<\/script>\n<!-- \/ Yoast SEO plugin. -->","yoast_head_json":{"title":"COCEMFE Val\u00e8ncia organitza una jornada d'entrevistes de treball per a les nostres usu\u00e0ries d'itineraris individualitzats - Cocemfe Valencia","robots":{"index":"index","follow":"follow","max-snippet":"max-snippet:-1","max-image-preview":"max-image-preview:large","max-video-preview":"max-video-preview:-1"},"canonical":"https:\/\/cocemfevalencia.org\/es\/cocemfe-valencia-organitza-una-jornada-dentrevistes-de-treball-per-a-les-nostres-usuaries-ditineraris-individualitzats\/","og_locale":"es_ES","og_type":"article","og_title":"COCEMFE Val\u00e8ncia organitza una jornada d'entrevistes de treball per a les nostres usu\u00e0ries d'itineraris individualitzats - Cocemfe Valencia","og_description":"La setmana passada COCEMFE Val\u00e8ncia va organitzar una jornada d&#8217;entrevistes per a les nostres usu\u00e0ries d&#8217;itineraris individualitzats. L&#8217;objectiu de la jornada va ser posar en pr\u00e0ctica totes les compet\u00e8ncies necess\u00e0ries per a realitzar una entrevista \u00f2ptima de treball. Vam poder comptar amb la col\u00b7laboraci\u00f3 de dues empreses, Jera Avanza i Corvan SI que van participar&hellip;&nbsp;Leer m\u00e1s &raquo;COCEMFE Val\u00e8ncia organitza una jornada d&#8217;entrevistes de treball per a les nostres usu\u00e0ries d&#8217;itineraris individualitzats","og_url":"https:\/\/cocemfevalencia.org\/es\/cocemfe-valencia-organitza-una-jornada-dentrevistes-de-treball-per-a-les-nostres-usuaries-ditineraris-individualitzats\/","og_site_name":"Cocemfe Valencia","article_publisher":"https:\/\/www.facebook.com\/cocemfe.valencia","article_published_time":"2021-12-09T09:45:14+00:00","og_image":[{"width":2560,"height":1152,"url":"https:\/\/cocemfevalencia.org\/wp-content\/uploads\/2021\/12\/IMG_20211130_104034-scaled-1.jpg","type":"image\/jpeg"}],"author":"COCEMFE VALENCIA","twitter_card":"summary_large_image","twitter_creator":"@COCEMFEValencia","twitter_site":"@COCEMFEValencia","twitter_misc":{"Escrito por":"COCEMFE VALENCIA","Tiempo de lectura":"1 minuto"},"schema":{"@context":"https:\/\/schema.org","@graph":[{"@type":"Article","@id":"https:\/\/cocemfevalencia.org\/es\/cocemfe-valencia-organitza-una-jornada-dentrevistes-de-treball-per-a-les-nostres-usuaries-ditineraris-individualitzats\/#article","isPartOf":{"@id":"https:\/\/cocemfevalencia.org\/es\/cocemfe-valencia-organitza-una-jornada-dentrevistes-de-treball-per-a-les-nostres-usuaries-ditineraris-individualitzats\/"},"author":{"name":"COCEMFE VALENCIA","@id":"https:\/\/cocemfevalencia.org\/es\/#\/schema\/person\/e31a24227ccbc918e2c80add51990ad7"},"headline":"COCEMFE Val\u00e8ncia organitza una jornada d&#8217;entrevistes de treball per a les nostres usu\u00e0ries d&#8217;itineraris individualitzats","datePublished":"2021-12-09T09:45:14+00:00","mainEntityOfPage":{"@id":"https:\/\/cocemfevalencia.org\/es\/cocemfe-valencia-organitza-una-jornada-dentrevistes-de-treball-per-a-les-nostres-usuaries-ditineraris-individualitzats\/"},"wordCount":225,"publisher":{"@id":"https:\/\/cocemfevalencia.org\/es\/#organization"},"image":{"@id":"https:\/\/cocemfevalencia.org\/es\/cocemfe-valencia-organitza-una-jornada-dentrevistes-de-treball-per-a-les-nostres-usuaries-ditineraris-individualitzats\/#primaryimage"},"thumbnailUrl":"https:\/\/cocemfevalencia.org\/wp-content\/uploads\/2021\/12\/IMG_20211130_104034-scaled-1.jpg","articleSection":["Not\u00edcies"],"inLanguage":"es"},{"@type":"WebPage","@id":"https:\/\/cocemfevalencia.org\/es\/cocemfe-valencia-organitza-una-jornada-dentrevistes-de-treball-per-a-les-nostres-usuaries-ditineraris-individualitzats\/","url":"https:\/\/cocemfevalencia.org\/es\/cocemfe-valencia-organitza-una-jornada-dentrevistes-de-treball-per-a-les-nostres-usuaries-ditineraris-individualitzats\/","name":"COCEMFE Val\u00e8ncia organitza una jornada d'entrevistes de treball per a les nostres usu\u00e0ries d'itineraris individualitzats - Cocemfe Valencia","isPartOf":{"@id":"https:\/\/cocemfevalencia.org\/es\/#website"},"primaryImageOfPage":{"@id":"https:\/\/cocemfevalencia.org\/es\/cocemfe-valencia-organitza-una-jornada-dentrevistes-de-treball-per-a-les-nostres-usuaries-ditineraris-individualitzats\/#primaryimage"},"image":{"@id":"https:\/\/cocemfevalencia.org\/es\/cocemfe-valencia-organitza-una-jornada-dentrevistes-de-treball-per-a-les-nostres-usuaries-ditineraris-individualitzats\/#primaryimage"},"thumbnailUrl":"https:\/\/cocemfevalencia.org\/wp-content\/uploads\/2021\/12\/IMG_20211130_104034-scaled-1.jpg","datePublished":"2021-12-09T09:45:14+00:00","breadcrumb":{"@id":"https:\/\/cocemfevalencia.org\/es\/cocemfe-valencia-organitza-una-jornada-dentrevistes-de-treball-per-a-les-nostres-usuaries-ditineraris-individualitzats\/#breadcrumb"},"inLanguage":"es","potentialAction":[{"@type":"ReadAction","target":["https:\/\/cocemfevalencia.org\/es\/cocemfe-valencia-organitza-una-jornada-dentrevistes-de-treball-per-a-les-nostres-usuaries-ditineraris-individualitzats\/"]}]},{"@type":"ImageObject","inLanguage":"es","@id":"https:\/\/cocemfevalencia.org\/es\/cocemfe-valencia-organitza-una-jornada-dentrevistes-de-treball-per-a-les-nostres-usuaries-ditineraris-individualitzats\/#primaryimage","url":"https:\/\/cocemfevalencia.org\/wp-content\/uploads\/2021\/12\/IMG_20211130_104034-scaled-1.jpg","contentUrl":"https:\/\/cocemfevalencia.org\/wp-content\/uploads\/2021\/12\/IMG_20211130_104034-scaled-1.jpg","width":2560,"height":1152},{"@type":"BreadcrumbList","@id":"https:\/\/cocemfevalencia.org\/es\/cocemfe-valencia-organitza-una-jornada-dentrevistes-de-treball-per-a-les-nostres-usuaries-ditineraris-individualitzats\/#breadcrumb","itemListElement":[{"@type":"ListItem","position":1,"name":"Portada","item":"https:\/\/cocemfevalencia.org\/es\/"},{"@type":"ListItem","position":2,"name":"COCEMFE Val\u00e8ncia organitza una jornada d&#8217;entrevistes de treball per a les nostres usu\u00e0ries d&#8217;itineraris individualitzats"}]},{"@type":"WebSite","@id":"https:\/\/cocemfevalencia.org\/es\/#website","url":"https:\/\/cocemfevalencia.org\/es\/","name":"Cocemfe Valencia","description":"FEDERACI\u00d3N DE ASOCIACIONES DE PERSONAS CON DISCAPACIDAD F\u00cdSICA Y ORG\u00c1NICA DE LA PROV\u00cdNCIA DE VALENCIA","publisher":{"@id":"https:\/\/cocemfevalencia.org\/es\/#organization"},"potentialAction":[{"@type":"SearchAction","target":{"@type":"EntryPoint","urlTemplate":"https:\/\/cocemfevalencia.org\/es\/?s={search_term_string}"},"query-input":{"@type":"PropertyValueSpecification","valueRequired":true,"valueName":"search_term_string"}}],"inLanguage":"es"},{"@type":"Organization","@id":"https:\/\/cocemfevalencia.org\/es\/#organization","name":"Cocemfe Valencia","url":"https:\/\/cocemfevalencia.org\/es\/","logo":{"@type":"ImageObject","inLanguage":"es","@id":"https:\/\/cocemfevalencia.org\/es\/#\/schema\/logo\/image\/","url":"https:\/\/cocemfevalencia.org\/wp-content\/uploads\/2023\/03\/0312-Horizontal-una-linea-larga-rgb-positivo-Tricolor.png","contentUrl":"https:\/\/cocemfevalencia.org\/wp-content\/uploads\/2023\/03\/0312-Horizontal-una-linea-larga-rgb-positivo-Tricolor.png","width":2334,"height":613,"caption":"Cocemfe Valencia"},"image":{"@id":"https:\/\/cocemfevalencia.org\/es\/#\/schema\/logo\/image\/"},"sameAs":["https:\/\/www.facebook.com\/cocemfe.valencia","https:\/\/x.com\/COCEMFEValencia"]},{"@type":"Person","@id":"https:\/\/cocemfevalencia.org\/es\/#\/schema\/person\/e31a24227ccbc918e2c80add51990ad7","name":"COCEMFE VALENCIA","image":{"@type":"ImageObject","inLanguage":"es","@id":"https:\/\/secure.gravatar.com\/avatar\/81dd2ced4591577d70433bbfde65ba3f931e09f5cb4ca8c890817c47789b47f0?s=96&d=mm&r=g","url":"https:\/\/secure.gravatar.com\/avatar\/81dd2ced4591577d70433bbfde65ba3f931e09f5cb4ca8c890817c47789b47f0?s=96&d=mm&r=g","contentUrl":"https:\/\/secure.gravatar.com\/avatar\/81dd2ced4591577d70433bbfde65ba3f931e09f5cb4ca8c890817c47789b47f0?s=96&d=mm&r=g","caption":"COCEMFE VALENCIA"}}]}},"_links":{"self":[{"href":"https:\/\/cocemfevalencia.org\/es\/wp-json\/wp\/v2\/posts\/5775","targetHints":{"allow":["GET"]}}],"collection":[{"href":"https:\/\/cocemfevalencia.org\/es\/wp-json\/wp\/v2\/posts"}],"about":[{"href":"https:\/\/cocemfevalencia.org\/es\/wp-json\/wp\/v2\/types\/post"}],"author":[{"embeddable":true,"href":"https:\/\/cocemfevalencia.org\/es\/wp-json\/wp\/v2\/users\/3"}],"replies":[{"embeddable":true,"href":"https:\/\/cocemfevalencia.org\/es\/wp-json\/wp\/v2\/comments?post=5775"}],"version-history":[{"count":0,"href":"https:\/\/cocemfevalencia.org\/es\/wp-json\/wp\/v2\/posts\/5775\/revisions"}],"wp:featuredmedia":[{"embeddable":true,"href":"https:\/\/cocemfevalencia.org\/es\/wp-json\/wp\/v2\/media\/5776"}],"wp:attachment":[{"href":"https:\/\/cocemfevalencia.org\/es\/wp-json\/wp\/v2\/media?parent=5775"}],"wp:term":[{"taxonomy":"category","embeddable":true,"href":"https:\/\/cocemfevalencia.org\/es\/wp-json\/wp\/v2\/categories?post=5775"},{"taxonomy":"post_tag","embeddable":true,"href":"https:\/\/cocemfevalencia.org\/es\/wp-json\/wp\/v2\/tags?post=5775"}],"curies":[{"name":"wp","href":"https:\/\/api.w.org\/{rel}","templated":true}]}}