{"id":5807,"date":"2021-12-30T12:25:08","date_gmt":"2021-12-30T10:25:08","guid":{"rendered":"http:\/\/cocemfevalencia.org\/?p=5807"},"modified":"2021-12-30T12:25:08","modified_gmt":"2021-12-30T10:25:08","slug":"lajuntament-de-valencia-dona-suport-a-la-auntomia-personal-2","status":"publish","type":"post","link":"https:\/\/cocemfevalencia.org\/es\/lajuntament-de-valencia-dona-suport-a-la-auntomia-personal-2\/","title":{"rendered":"L&#8217;Ajuntament de Val\u00e8ncia dona suport a la autonomia personal"},"content":{"rendered":"\t\t<div data-elementor-type=\"wp-post\" data-elementor-id=\"5807\" class=\"elementor elementor-5807\" data-elementor-post-type=\"post\">\n\t\t\t\t\t\t<section class=\"elementor-section elementor-top-section elementor-element elementor-element-a35054e elementor-section-boxed elementor-section-height-default elementor-section-height-default\" data-id=\"a35054e\" data-element_type=\"section\" data-e-type=\"section\">\n\t\t\t\t\t\t<div class=\"elementor-container elementor-column-gap-default\">\n\t\t\t\t\t<div class=\"elementor-column elementor-col-50 elementor-top-column elementor-element elementor-element-b534300\" data-id=\"b534300\" data-element_type=\"column\" data-e-type=\"column\">\n\t\t\t<div class=\"elementor-widget-wrap elementor-element-populated\">\n\t\t\t\t\t\t<div class=\"elementor-element elementor-element-39a098c elementor-widget elementor-widget-image\" data-id=\"39a098c\" data-element_type=\"widget\" data-e-type=\"widget\" data-widget_type=\"image.default\">\n\t\t\t\t<div class=\"elementor-widget-container\">\n\t\t\t\t\t\t\t\t\t\t\t\t\t\t\t<img fetchpriority=\"high\" decoding=\"async\" width=\"576\" height=\"1024\" src=\"https:\/\/cocemfevalencia.org\/wp-content\/uploads\/2021\/12\/IMG-20201113-WA0014-576x1024.jpg\" class=\"attachment-large size-large wp-image-5809\" alt=\"\" srcset=\"https:\/\/cocemfevalencia.org\/wp-content\/uploads\/2021\/12\/IMG-20201113-WA0014-576x1024.jpg 576w, https:\/\/cocemfevalencia.org\/wp-content\/uploads\/2021\/12\/IMG-20201113-WA0014-169x300.jpg 169w, https:\/\/cocemfevalencia.org\/wp-content\/uploads\/2021\/12\/IMG-20201113-WA0014-768x1365.jpg 768w, https:\/\/cocemfevalencia.org\/wp-content\/uploads\/2021\/12\/IMG-20201113-WA0014-864x1536.jpg 864w, https:\/\/cocemfevalencia.org\/wp-content\/uploads\/2021\/12\/IMG-20201113-WA0014.jpg 1152w\" sizes=\"(max-width: 576px) 100vw, 576px\" \/>\t\t\t\t\t\t\t\t\t\t\t\t\t\t\t<\/div>\n\t\t\t\t<\/div>\n\t\t\t\t\t<\/div>\n\t\t<\/div>\n\t\t\t\t<div class=\"elementor-column elementor-col-50 elementor-top-column elementor-element elementor-element-5f17949\" data-id=\"5f17949\" data-element_type=\"column\" data-e-type=\"column\">\n\t\t\t<div class=\"elementor-widget-wrap elementor-element-populated\">\n\t\t\t\t\t\t<div class=\"elementor-element elementor-element-986e192 elementor-widget elementor-widget-text-editor\" data-id=\"986e192\" data-element_type=\"widget\" data-e-type=\"widget\" data-widget_type=\"text-editor.default\">\n\t\t\t\t<div class=\"elementor-widget-container\">\n\t\t\t\t\t\t\t\t\t<p>COCEMFE Val\u00e8ncia desenvolupar\u00e0 durant el 2022 el projecte Foment de l&#8217;autonomia personal , amb el qual prestar\u00e0 un conjunt de serveis a persones amb gran discapacitat f\u00edsica i org\u00e0nica, oferint-los la possibilitat de realitzar de manera independent aquelles activitats per a les quals requereixen ajuda de tercera persona, amb l&#8217;objectiu de millorar la qualitat de vida, l&#8217;autonomia personal i la inclusi\u00f3 social i poder afavorir aix\u00ed la perman\u00e8ncia en l&#8217;entorn en el qual desenvolupen la seua vida.<br \/><br \/>Aquest projecte s&#8217;executar\u00e0 gr\u00e0cies a la subvenci\u00f3 de 12.899 euros procedent de la Convocat\u00f2ria de Subvencions per a la realitzaci\u00f3 de projectes d&#8217;Intervenci\u00f3 en l&#8217;\u00c0mbit de l&#8217;Acci\u00f3 Social de l&#8217;Ajuntament de Val\u00e8ncia, entre altres que rep COCEMFE Val\u00e8ncia.<br \/><br \/>En aquest projecte es prestaran un conjunt de serveis integrats individualitzats, oferint a la persona la possibilitat de realitzar de manera independent aquelles activitats per a les quals requereix suport, de la qual no pot disposar per altres mitjans; activitats b\u00e0siques de la vida di\u00e0ria (relacionades amb l&#8217;acte-manteniment), activitats instrumentals de la vida di\u00e0ria (relacionades amb la vida quotidiana a la casa i en la comunitat) i activitats avan\u00e7ades de la vida di\u00e0ria (acompanyament en el manteniment de relacions socials i interpersonals, educaci\u00f3, oci i temps lliure, etc.).<\/p>\t\t\t\t\t\t\t\t<\/div>\n\t\t\t\t<\/div>\n\t\t\t\t\t<\/div>\n\t\t<\/div>\n\t\t\t\t\t<\/div>\n\t\t<\/section>\n\t\t\t\t<section class=\"elementor-section elementor-top-section elementor-element elementor-element-4ce8016 elementor-section-boxed elementor-section-height-default elementor-section-height-default\" data-id=\"4ce8016\" data-element_type=\"section\" data-e-type=\"section\">\n\t\t\t\t\t\t<div class=\"elementor-container elementor-column-gap-default\">\n\t\t\t\t\t<div class=\"elementor-column elementor-col-100 elementor-top-column elementor-element elementor-element-9404e4b\" data-id=\"9404e4b\" data-element_type=\"column\" data-e-type=\"column\">\n\t\t\t<div class=\"elementor-widget-wrap elementor-element-populated\">\n\t\t\t\t\t\t<div class=\"elementor-element elementor-element-ec50e8b elementor-widget elementor-widget-image\" data-id=\"ec50e8b\" data-element_type=\"widget\" data-e-type=\"widget\" data-widget_type=\"image.default\">\n\t\t\t\t<div class=\"elementor-widget-container\">\n\t\t\t\t\t\t\t\t\t\t\t\t\t\t\t<img decoding=\"async\" width=\"1024\" height=\"193\" src=\"https:\/\/cocemfevalencia.org\/wp-content\/uploads\/2021\/01\/Servicis-socials-v2b-color-1024x193.png\" class=\"attachment-large size-large wp-image-4733\" alt=\"\" srcset=\"https:\/\/cocemfevalencia.org\/wp-content\/uploads\/2021\/01\/Servicis-socials-v2b-color-1024x193.png 1024w, https:\/\/cocemfevalencia.org\/wp-content\/uploads\/2021\/01\/Servicis-socials-v2b-color-300x57.png 300w, https:\/\/cocemfevalencia.org\/wp-content\/uploads\/2021\/01\/Servicis-socials-v2b-color-768x145.png 768w, https:\/\/cocemfevalencia.org\/wp-content\/uploads\/2021\/01\/Servicis-socials-v2b-color.png 1038w\" sizes=\"(max-width: 1024px) 100vw, 1024px\" \/>\t\t\t\t\t\t\t\t\t\t\t\t\t\t\t<\/div>\n\t\t\t\t<\/div>\n\t\t\t\t\t<\/div>\n\t\t<\/div>\n\t\t\t\t\t<\/div>\n\t\t<\/section>\n\t\t\t\t<\/div>\n\t\t<p>Visitas: 3<\/p>","protected":false},"excerpt":{"rendered":"<p>COCEMFE Val\u00e8ncia desenvolupar\u00e0 durant el 2022 el projecte Foment de l&#8217;autonomia personal , amb el qual prestar\u00e0 un conjunt de serveis a persones amb gran discapacitat f\u00edsica i org\u00e0nica, oferint-los la possibilitat de realitzar de manera independent aquelles activitats per a les quals requereixen ajuda de tercera persona, amb l&#8217;objectiu de millorar la qualitat de&hellip;&nbsp;<a href=\"https:\/\/cocemfevalencia.org\/es\/lajuntament-de-valencia-dona-suport-a-la-auntomia-personal-2\/\" rel=\"bookmark\">Leer m\u00e1s &raquo;<span class=\"screen-reader-text\">L&#8217;Ajuntament de Val\u00e8ncia dona suport a la autonomia personal<\/span><\/a><\/p>\n","protected":false},"author":3,"featured_media":5809,"comment_status":"closed","ping_status":"closed","sticky":false,"template":"","format":"standard","meta":{"rop_custom_images_group":[],"rop_custom_messages_group":[],"rop_publish_now":"initial","rop_publish_now_accounts":[],"rop_publish_now_history":[],"rop_publish_now_status":"pending","neve_meta_sidebar":"","neve_meta_container":"","neve_meta_enable_content_width":"","neve_meta_content_width":0,"neve_meta_title_alignment":"","neve_meta_author_avatar":"","neve_post_elements_order":"","neve_meta_disable_header":"","neve_meta_disable_footer":"","neve_meta_disable_title":"","footnotes":""},"categories":[5],"tags":[],"class_list":["post-5807","post","type-post","status-publish","format-standard","has-post-thumbnail","hentry","category-noticias"],"yoast_head":"<!-- This site is optimized with the Yoast SEO plugin v27.3 - https:\/\/yoast.com\/product\/yoast-seo-wordpress\/ -->\n<title>L&#039;Ajuntament de Val\u00e8ncia dona suport a la autonomia personal - Cocemfe Valencia<\/title>\n<meta name=\"robots\" content=\"index, follow, max-snippet:-1, max-image-preview:large, max-video-preview:-1\" \/>\n<link rel=\"canonical\" href=\"https:\/\/cocemfevalencia.org\/es\/lajuntament-de-valencia-dona-suport-a-la-auntomia-personal-2\/\" \/>\n<meta property=\"og:locale\" content=\"es_ES\" \/>\n<meta property=\"og:type\" content=\"article\" \/>\n<meta property=\"og:title\" content=\"L&#039;Ajuntament de Val\u00e8ncia dona suport a la autonomia personal - Cocemfe Valencia\" \/>\n<meta property=\"og:description\" content=\"COCEMFE Val\u00e8ncia desenvolupar\u00e0 durant el 2022 el projecte Foment de l&#8217;autonomia personal , amb el qual prestar\u00e0 un conjunt de serveis a persones amb gran discapacitat f\u00edsica i org\u00e0nica, oferint-los la possibilitat de realitzar de manera independent aquelles activitats per a les quals requereixen ajuda de tercera persona, amb l&#8217;objectiu de millorar la qualitat de&hellip;&nbsp;Leer m\u00e1s &raquo;L&#8217;Ajuntament de Val\u00e8ncia dona suport a la autonomia personal\" \/>\n<meta property=\"og:url\" content=\"https:\/\/cocemfevalencia.org\/es\/lajuntament-de-valencia-dona-suport-a-la-auntomia-personal-2\/\" \/>\n<meta property=\"og:site_name\" content=\"Cocemfe Valencia\" \/>\n<meta property=\"article:publisher\" content=\"https:\/\/www.facebook.com\/cocemfe.valencia\" \/>\n<meta property=\"article:published_time\" content=\"2021-12-30T10:25:08+00:00\" \/>\n<meta property=\"og:image\" content=\"https:\/\/cocemfevalencia.org\/wp-content\/uploads\/2021\/12\/IMG-20201113-WA0014.jpg\" \/>\n\t<meta property=\"og:image:width\" content=\"1152\" \/>\n\t<meta property=\"og:image:height\" content=\"2048\" \/>\n\t<meta property=\"og:image:type\" content=\"image\/jpeg\" \/>\n<meta name=\"author\" content=\"COCEMFE VALENCIA\" \/>\n<meta name=\"twitter:card\" content=\"summary_large_image\" \/>\n<meta name=\"twitter:creator\" content=\"@COCEMFEValencia\" \/>\n<meta name=\"twitter:site\" content=\"@COCEMFEValencia\" \/>\n<meta name=\"twitter:label1\" content=\"Escrito por\" \/>\n\t<meta name=\"twitter:data1\" content=\"COCEMFE VALENCIA\" \/>\n\t<meta name=\"twitter:label2\" content=\"Tiempo de lectura\" \/>\n\t<meta name=\"twitter:data2\" content=\"1 minuto\" \/>\n<script type=\"application\/ld+json\" class=\"yoast-schema-graph\">{\"@context\":\"https:\\\/\\\/schema.org\",\"@graph\":[{\"@type\":\"Article\",\"@id\":\"https:\\\/\\\/cocemfevalencia.org\\\/es\\\/lajuntament-de-valencia-dona-suport-a-la-auntomia-personal-2\\\/#article\",\"isPartOf\":{\"@id\":\"https:\\\/\\\/cocemfevalencia.org\\\/es\\\/lajuntament-de-valencia-dona-suport-a-la-auntomia-personal-2\\\/\"},\"author\":{\"name\":\"COCEMFE VALENCIA\",\"@id\":\"https:\\\/\\\/cocemfevalencia.org\\\/es\\\/#\\\/schema\\\/person\\\/e31a24227ccbc918e2c80add51990ad7\"},\"headline\":\"L&#8217;Ajuntament de Val\u00e8ncia dona suport a la autonomia personal\",\"datePublished\":\"2021-12-30T10:25:08+00:00\",\"mainEntityOfPage\":{\"@id\":\"https:\\\/\\\/cocemfevalencia.org\\\/es\\\/lajuntament-de-valencia-dona-suport-a-la-auntomia-personal-2\\\/\"},\"wordCount\":224,\"publisher\":{\"@id\":\"https:\\\/\\\/cocemfevalencia.org\\\/es\\\/#organization\"},\"image\":{\"@id\":\"https:\\\/\\\/cocemfevalencia.org\\\/es\\\/lajuntament-de-valencia-dona-suport-a-la-auntomia-personal-2\\\/#primaryimage\"},\"thumbnailUrl\":\"https:\\\/\\\/cocemfevalencia.org\\\/wp-content\\\/uploads\\\/2021\\\/12\\\/IMG-20201113-WA0014.jpg\",\"articleSection\":[\"Not\u00edcies\"],\"inLanguage\":\"es\"},{\"@type\":\"WebPage\",\"@id\":\"https:\\\/\\\/cocemfevalencia.org\\\/es\\\/lajuntament-de-valencia-dona-suport-a-la-auntomia-personal-2\\\/\",\"url\":\"https:\\\/\\\/cocemfevalencia.org\\\/es\\\/lajuntament-de-valencia-dona-suport-a-la-auntomia-personal-2\\\/\",\"name\":\"L'Ajuntament de Val\u00e8ncia dona suport a la autonomia personal - Cocemfe Valencia\",\"isPartOf\":{\"@id\":\"https:\\\/\\\/cocemfevalencia.org\\\/es\\\/#website\"},\"primaryImageOfPage\":{\"@id\":\"https:\\\/\\\/cocemfevalencia.org\\\/es\\\/lajuntament-de-valencia-dona-suport-a-la-auntomia-personal-2\\\/#primaryimage\"},\"image\":{\"@id\":\"https:\\\/\\\/cocemfevalencia.org\\\/es\\\/lajuntament-de-valencia-dona-suport-a-la-auntomia-personal-2\\\/#primaryimage\"},\"thumbnailUrl\":\"https:\\\/\\\/cocemfevalencia.org\\\/wp-content\\\/uploads\\\/2021\\\/12\\\/IMG-20201113-WA0014.jpg\",\"datePublished\":\"2021-12-30T10:25:08+00:00\",\"breadcrumb\":{\"@id\":\"https:\\\/\\\/cocemfevalencia.org\\\/es\\\/lajuntament-de-valencia-dona-suport-a-la-auntomia-personal-2\\\/#breadcrumb\"},\"inLanguage\":\"es\",\"potentialAction\":[{\"@type\":\"ReadAction\",\"target\":[\"https:\\\/\\\/cocemfevalencia.org\\\/es\\\/lajuntament-de-valencia-dona-suport-a-la-auntomia-personal-2\\\/\"]}]},{\"@type\":\"ImageObject\",\"inLanguage\":\"es\",\"@id\":\"https:\\\/\\\/cocemfevalencia.org\\\/es\\\/lajuntament-de-valencia-dona-suport-a-la-auntomia-personal-2\\\/#primaryimage\",\"url\":\"https:\\\/\\\/cocemfevalencia.org\\\/wp-content\\\/uploads\\\/2021\\\/12\\\/IMG-20201113-WA0014.jpg\",\"contentUrl\":\"https:\\\/\\\/cocemfevalencia.org\\\/wp-content\\\/uploads\\\/2021\\\/12\\\/IMG-20201113-WA0014.jpg\",\"width\":1152,\"height\":2048},{\"@type\":\"BreadcrumbList\",\"@id\":\"https:\\\/\\\/cocemfevalencia.org\\\/es\\\/lajuntament-de-valencia-dona-suport-a-la-auntomia-personal-2\\\/#breadcrumb\",\"itemListElement\":[{\"@type\":\"ListItem\",\"position\":1,\"name\":\"Portada\",\"item\":\"https:\\\/\\\/cocemfevalencia.org\\\/es\\\/\"},{\"@type\":\"ListItem\",\"position\":2,\"name\":\"L&#8217;Ajuntament de Val\u00e8ncia dona suport a la autonomia personal\"}]},{\"@type\":\"WebSite\",\"@id\":\"https:\\\/\\\/cocemfevalencia.org\\\/es\\\/#website\",\"url\":\"https:\\\/\\\/cocemfevalencia.org\\\/es\\\/\",\"name\":\"Cocemfe Valencia\",\"description\":\"FEDERACI\u00d3N DE ASOCIACIONES DE PERSONAS CON DISCAPACIDAD F\u00cdSICA Y ORG\u00c1NICA DE LA PROV\u00cdNCIA DE VALENCIA\",\"publisher\":{\"@id\":\"https:\\\/\\\/cocemfevalencia.org\\\/es\\\/#organization\"},\"potentialAction\":[{\"@type\":\"SearchAction\",\"target\":{\"@type\":\"EntryPoint\",\"urlTemplate\":\"https:\\\/\\\/cocemfevalencia.org\\\/es\\\/?s={search_term_string}\"},\"query-input\":{\"@type\":\"PropertyValueSpecification\",\"valueRequired\":true,\"valueName\":\"search_term_string\"}}],\"inLanguage\":\"es\"},{\"@type\":\"Organization\",\"@id\":\"https:\\\/\\\/cocemfevalencia.org\\\/es\\\/#organization\",\"name\":\"Cocemfe Valencia\",\"url\":\"https:\\\/\\\/cocemfevalencia.org\\\/es\\\/\",\"logo\":{\"@type\":\"ImageObject\",\"inLanguage\":\"es\",\"@id\":\"https:\\\/\\\/cocemfevalencia.org\\\/es\\\/#\\\/schema\\\/logo\\\/image\\\/\",\"url\":\"https:\\\/\\\/cocemfevalencia.org\\\/wp-content\\\/uploads\\\/2023\\\/03\\\/0312-Horizontal-una-linea-larga-rgb-positivo-Tricolor.png\",\"contentUrl\":\"https:\\\/\\\/cocemfevalencia.org\\\/wp-content\\\/uploads\\\/2023\\\/03\\\/0312-Horizontal-una-linea-larga-rgb-positivo-Tricolor.png\",\"width\":2334,\"height\":613,\"caption\":\"Cocemfe Valencia\"},\"image\":{\"@id\":\"https:\\\/\\\/cocemfevalencia.org\\\/es\\\/#\\\/schema\\\/logo\\\/image\\\/\"},\"sameAs\":[\"https:\\\/\\\/www.facebook.com\\\/cocemfe.valencia\",\"https:\\\/\\\/x.com\\\/COCEMFEValencia\"]},{\"@type\":\"Person\",\"@id\":\"https:\\\/\\\/cocemfevalencia.org\\\/es\\\/#\\\/schema\\\/person\\\/e31a24227ccbc918e2c80add51990ad7\",\"name\":\"COCEMFE VALENCIA\",\"image\":{\"@type\":\"ImageObject\",\"inLanguage\":\"es\",\"@id\":\"https:\\\/\\\/secure.gravatar.com\\\/avatar\\\/81dd2ced4591577d70433bbfde65ba3f931e09f5cb4ca8c890817c47789b47f0?s=96&d=mm&r=g\",\"url\":\"https:\\\/\\\/secure.gravatar.com\\\/avatar\\\/81dd2ced4591577d70433bbfde65ba3f931e09f5cb4ca8c890817c47789b47f0?s=96&d=mm&r=g\",\"contentUrl\":\"https:\\\/\\\/secure.gravatar.com\\\/avatar\\\/81dd2ced4591577d70433bbfde65ba3f931e09f5cb4ca8c890817c47789b47f0?s=96&d=mm&r=g\",\"caption\":\"COCEMFE VALENCIA\"}}]}<\/script>\n<!-- \/ Yoast SEO plugin. -->","yoast_head_json":{"title":"L'Ajuntament de Val\u00e8ncia dona suport a la autonomia personal - Cocemfe Valencia","robots":{"index":"index","follow":"follow","max-snippet":"max-snippet:-1","max-image-preview":"max-image-preview:large","max-video-preview":"max-video-preview:-1"},"canonical":"https:\/\/cocemfevalencia.org\/es\/lajuntament-de-valencia-dona-suport-a-la-auntomia-personal-2\/","og_locale":"es_ES","og_type":"article","og_title":"L'Ajuntament de Val\u00e8ncia dona suport a la autonomia personal - Cocemfe Valencia","og_description":"COCEMFE Val\u00e8ncia desenvolupar\u00e0 durant el 2022 el projecte Foment de l&#8217;autonomia personal , amb el qual prestar\u00e0 un conjunt de serveis a persones amb gran discapacitat f\u00edsica i org\u00e0nica, oferint-los la possibilitat de realitzar de manera independent aquelles activitats per a les quals requereixen ajuda de tercera persona, amb l&#8217;objectiu de millorar la qualitat de&hellip;&nbsp;Leer m\u00e1s &raquo;L&#8217;Ajuntament de Val\u00e8ncia dona suport a la autonomia personal","og_url":"https:\/\/cocemfevalencia.org\/es\/lajuntament-de-valencia-dona-suport-a-la-auntomia-personal-2\/","og_site_name":"Cocemfe Valencia","article_publisher":"https:\/\/www.facebook.com\/cocemfe.valencia","article_published_time":"2021-12-30T10:25:08+00:00","og_image":[{"width":1152,"height":2048,"url":"https:\/\/cocemfevalencia.org\/wp-content\/uploads\/2021\/12\/IMG-20201113-WA0014.jpg","type":"image\/jpeg"}],"author":"COCEMFE VALENCIA","twitter_card":"summary_large_image","twitter_creator":"@COCEMFEValencia","twitter_site":"@COCEMFEValencia","twitter_misc":{"Escrito por":"COCEMFE VALENCIA","Tiempo de lectura":"1 minuto"},"schema":{"@context":"https:\/\/schema.org","@graph":[{"@type":"Article","@id":"https:\/\/cocemfevalencia.org\/es\/lajuntament-de-valencia-dona-suport-a-la-auntomia-personal-2\/#article","isPartOf":{"@id":"https:\/\/cocemfevalencia.org\/es\/lajuntament-de-valencia-dona-suport-a-la-auntomia-personal-2\/"},"author":{"name":"COCEMFE VALENCIA","@id":"https:\/\/cocemfevalencia.org\/es\/#\/schema\/person\/e31a24227ccbc918e2c80add51990ad7"},"headline":"L&#8217;Ajuntament de Val\u00e8ncia dona suport a la autonomia personal","datePublished":"2021-12-30T10:25:08+00:00","mainEntityOfPage":{"@id":"https:\/\/cocemfevalencia.org\/es\/lajuntament-de-valencia-dona-suport-a-la-auntomia-personal-2\/"},"wordCount":224,"publisher":{"@id":"https:\/\/cocemfevalencia.org\/es\/#organization"},"image":{"@id":"https:\/\/cocemfevalencia.org\/es\/lajuntament-de-valencia-dona-suport-a-la-auntomia-personal-2\/#primaryimage"},"thumbnailUrl":"https:\/\/cocemfevalencia.org\/wp-content\/uploads\/2021\/12\/IMG-20201113-WA0014.jpg","articleSection":["Not\u00edcies"],"inLanguage":"es"},{"@type":"WebPage","@id":"https:\/\/cocemfevalencia.org\/es\/lajuntament-de-valencia-dona-suport-a-la-auntomia-personal-2\/","url":"https:\/\/cocemfevalencia.org\/es\/lajuntament-de-valencia-dona-suport-a-la-auntomia-personal-2\/","name":"L'Ajuntament de Val\u00e8ncia dona suport a la autonomia personal - Cocemfe Valencia","isPartOf":{"@id":"https:\/\/cocemfevalencia.org\/es\/#website"},"primaryImageOfPage":{"@id":"https:\/\/cocemfevalencia.org\/es\/lajuntament-de-valencia-dona-suport-a-la-auntomia-personal-2\/#primaryimage"},"image":{"@id":"https:\/\/cocemfevalencia.org\/es\/lajuntament-de-valencia-dona-suport-a-la-auntomia-personal-2\/#primaryimage"},"thumbnailUrl":"https:\/\/cocemfevalencia.org\/wp-content\/uploads\/2021\/12\/IMG-20201113-WA0014.jpg","datePublished":"2021-12-30T10:25:08+00:00","breadcrumb":{"@id":"https:\/\/cocemfevalencia.org\/es\/lajuntament-de-valencia-dona-suport-a-la-auntomia-personal-2\/#breadcrumb"},"inLanguage":"es","potentialAction":[{"@type":"ReadAction","target":["https:\/\/cocemfevalencia.org\/es\/lajuntament-de-valencia-dona-suport-a-la-auntomia-personal-2\/"]}]},{"@type":"ImageObject","inLanguage":"es","@id":"https:\/\/cocemfevalencia.org\/es\/lajuntament-de-valencia-dona-suport-a-la-auntomia-personal-2\/#primaryimage","url":"https:\/\/cocemfevalencia.org\/wp-content\/uploads\/2021\/12\/IMG-20201113-WA0014.jpg","contentUrl":"https:\/\/cocemfevalencia.org\/wp-content\/uploads\/2021\/12\/IMG-20201113-WA0014.jpg","width":1152,"height":2048},{"@type":"BreadcrumbList","@id":"https:\/\/cocemfevalencia.org\/es\/lajuntament-de-valencia-dona-suport-a-la-auntomia-personal-2\/#breadcrumb","itemListElement":[{"@type":"ListItem","position":1,"name":"Portada","item":"https:\/\/cocemfevalencia.org\/es\/"},{"@type":"ListItem","position":2,"name":"L&#8217;Ajuntament de Val\u00e8ncia dona suport a la autonomia personal"}]},{"@type":"WebSite","@id":"https:\/\/cocemfevalencia.org\/es\/#website","url":"https:\/\/cocemfevalencia.org\/es\/","name":"Cocemfe Valencia","description":"FEDERACI\u00d3N DE ASOCIACIONES DE PERSONAS CON DISCAPACIDAD F\u00cdSICA Y ORG\u00c1NICA DE LA PROV\u00cdNCIA DE VALENCIA","publisher":{"@id":"https:\/\/cocemfevalencia.org\/es\/#organization"},"potentialAction":[{"@type":"SearchAction","target":{"@type":"EntryPoint","urlTemplate":"https:\/\/cocemfevalencia.org\/es\/?s={search_term_string}"},"query-input":{"@type":"PropertyValueSpecification","valueRequired":true,"valueName":"search_term_string"}}],"inLanguage":"es"},{"@type":"Organization","@id":"https:\/\/cocemfevalencia.org\/es\/#organization","name":"Cocemfe Valencia","url":"https:\/\/cocemfevalencia.org\/es\/","logo":{"@type":"ImageObject","inLanguage":"es","@id":"https:\/\/cocemfevalencia.org\/es\/#\/schema\/logo\/image\/","url":"https:\/\/cocemfevalencia.org\/wp-content\/uploads\/2023\/03\/0312-Horizontal-una-linea-larga-rgb-positivo-Tricolor.png","contentUrl":"https:\/\/cocemfevalencia.org\/wp-content\/uploads\/2023\/03\/0312-Horizontal-una-linea-larga-rgb-positivo-Tricolor.png","width":2334,"height":613,"caption":"Cocemfe Valencia"},"image":{"@id":"https:\/\/cocemfevalencia.org\/es\/#\/schema\/logo\/image\/"},"sameAs":["https:\/\/www.facebook.com\/cocemfe.valencia","https:\/\/x.com\/COCEMFEValencia"]},{"@type":"Person","@id":"https:\/\/cocemfevalencia.org\/es\/#\/schema\/person\/e31a24227ccbc918e2c80add51990ad7","name":"COCEMFE VALENCIA","image":{"@type":"ImageObject","inLanguage":"es","@id":"https:\/\/secure.gravatar.com\/avatar\/81dd2ced4591577d70433bbfde65ba3f931e09f5cb4ca8c890817c47789b47f0?s=96&d=mm&r=g","url":"https:\/\/secure.gravatar.com\/avatar\/81dd2ced4591577d70433bbfde65ba3f931e09f5cb4ca8c890817c47789b47f0?s=96&d=mm&r=g","contentUrl":"https:\/\/secure.gravatar.com\/avatar\/81dd2ced4591577d70433bbfde65ba3f931e09f5cb4ca8c890817c47789b47f0?s=96&d=mm&r=g","caption":"COCEMFE VALENCIA"}}]}},"_links":{"self":[{"href":"https:\/\/cocemfevalencia.org\/es\/wp-json\/wp\/v2\/posts\/5807","targetHints":{"allow":["GET"]}}],"collection":[{"href":"https:\/\/cocemfevalencia.org\/es\/wp-json\/wp\/v2\/posts"}],"about":[{"href":"https:\/\/cocemfevalencia.org\/es\/wp-json\/wp\/v2\/types\/post"}],"author":[{"embeddable":true,"href":"https:\/\/cocemfevalencia.org\/es\/wp-json\/wp\/v2\/users\/3"}],"replies":[{"embeddable":true,"href":"https:\/\/cocemfevalencia.org\/es\/wp-json\/wp\/v2\/comments?post=5807"}],"version-history":[{"count":0,"href":"https:\/\/cocemfevalencia.org\/es\/wp-json\/wp\/v2\/posts\/5807\/revisions"}],"wp:featuredmedia":[{"embeddable":true,"href":"https:\/\/cocemfevalencia.org\/es\/wp-json\/wp\/v2\/media\/5809"}],"wp:attachment":[{"href":"https:\/\/cocemfevalencia.org\/es\/wp-json\/wp\/v2\/media?parent=5807"}],"wp:term":[{"taxonomy":"category","embeddable":true,"href":"https:\/\/cocemfevalencia.org\/es\/wp-json\/wp\/v2\/categories?post=5807"},{"taxonomy":"post_tag","embeddable":true,"href":"https:\/\/cocemfevalencia.org\/es\/wp-json\/wp\/v2\/tags?post=5807"}],"curies":[{"name":"wp","href":"https:\/\/api.w.org\/{rel}","templated":true}]}}