{"id":6151,"date":"2022-05-31T13:54:55","date_gmt":"2022-05-31T11:54:55","guid":{"rendered":"https:\/\/cocemfevalencia.org\/?p=6151"},"modified":"2022-05-31T13:54:55","modified_gmt":"2022-05-31T11:54:55","slug":"la-voz-de-cocemfe-valencia-testimonio-mes-de-mayo-dedicado-a-la-brecha-digital-en-el-colectivo-de-personas-con-discapacidad","status":"publish","type":"post","link":"https:\/\/cocemfevalencia.org\/es\/la-voz-de-cocemfe-valencia-testimonio-mes-de-mayo-dedicado-a-la-brecha-digital-en-el-colectivo-de-personas-con-discapacidad\/","title":{"rendered":"LA VOZ DE COCEMFE VALENCIA: Testimonio mes de mayo dedicado a la brecha digital en el colectivo de personas con discapacidad"},"content":{"rendered":"\t\t<div data-elementor-type=\"wp-post\" data-elementor-id=\"6151\" class=\"elementor elementor-6151\" data-elementor-post-type=\"post\">\n\t\t\t\t\t\t<section class=\"elementor-section elementor-top-section elementor-element elementor-element-0aa5f81 elementor-section-boxed elementor-section-height-default elementor-section-height-default\" data-id=\"0aa5f81\" data-element_type=\"section\" data-e-type=\"section\">\n\t\t\t\t\t\t<div class=\"elementor-container elementor-column-gap-default\">\n\t\t\t\t\t<div class=\"elementor-column elementor-col-50 elementor-top-column elementor-element elementor-element-df7cbd4\" data-id=\"df7cbd4\" data-element_type=\"column\" data-e-type=\"column\">\n\t\t\t<div class=\"elementor-widget-wrap elementor-element-populated\">\n\t\t\t\t\t\t<div class=\"elementor-element elementor-element-d6acbba elementor-widget elementor-widget-image\" data-id=\"d6acbba\" data-element_type=\"widget\" data-e-type=\"widget\" data-widget_type=\"image.default\">\n\t\t\t\t<div class=\"elementor-widget-container\">\n\t\t\t\t\t\t\t\t\t\t\t\t\t\t\t<img fetchpriority=\"high\" decoding=\"async\" width=\"768\" height=\"1024\" src=\"https:\/\/cocemfevalencia.org\/wp-content\/uploads\/2022\/05\/WhatsApp-Image-2022-05-30-at-8.18.35-AM-768x1024.jpeg\" class=\"attachment-large size-large wp-image-6152\" alt=\"\" srcset=\"https:\/\/cocemfevalencia.org\/wp-content\/uploads\/2022\/05\/WhatsApp-Image-2022-05-30-at-8.18.35-AM-768x1024.jpeg 768w, https:\/\/cocemfevalencia.org\/wp-content\/uploads\/2022\/05\/WhatsApp-Image-2022-05-30-at-8.18.35-AM-225x300.jpeg 225w, https:\/\/cocemfevalencia.org\/wp-content\/uploads\/2022\/05\/WhatsApp-Image-2022-05-30-at-8.18.35-AM-1152x1536.jpeg 1152w, https:\/\/cocemfevalencia.org\/wp-content\/uploads\/2022\/05\/WhatsApp-Image-2022-05-30-at-8.18.35-AM.jpeg 1200w\" sizes=\"(max-width: 768px) 100vw, 768px\" \/>\t\t\t\t\t\t\t\t\t\t\t\t\t\t\t<\/div>\n\t\t\t\t<\/div>\n\t\t\t\t\t<\/div>\n\t\t<\/div>\n\t\t\t\t<div class=\"elementor-column elementor-col-50 elementor-top-column elementor-element elementor-element-35fb49c\" data-id=\"35fb49c\" data-element_type=\"column\" data-e-type=\"column\">\n\t\t\t<div class=\"elementor-widget-wrap elementor-element-populated\">\n\t\t\t\t\t\t<div class=\"elementor-element elementor-element-0f1a99f elementor-widget elementor-widget-text-editor\" data-id=\"0f1a99f\" data-element_type=\"widget\" data-e-type=\"widget\" data-widget_type=\"text-editor.default\">\n\t\t\t\t<div class=\"elementor-widget-container\">\n\t\t\t\t\t\t\t\t\t<p><em>\u00a0<\/em><\/p><p>\u00a0<\/p><h4><strong><em>Desde COCEMFE Valencia entrevistamos a Julia Lara, para que nos narre su experiencia en el mundo digital y las barreras que se le han presentado en su acceso.<\/em><\/strong><\/h4><p>\u00a0<\/p><p>\u00a0<\/p><p><strong> Cu\u00e9ntanos un poco sobre ti.<\/strong><\/p><p>Me llamo Julia Lara, vivo en Valencia, en un piso de alquiler adaptado del Ayuntamiento.<\/p><p>Mi discapacidad se basa en una par\u00e1lisis cerebral que me impide muchas cosas, aunque lo peor es la artrosis degenerativa y generalizada, ya que me provoca mucho dolor y me impide andar, y cada vez va a peor.<\/p>\t\t\t\t\t\t\t\t<\/div>\n\t\t\t\t<\/div>\n\t\t\t\t\t<\/div>\n\t\t<\/div>\n\t\t\t\t\t<\/div>\n\t\t<\/section>\n\t\t\t\t<section class=\"elementor-section elementor-top-section elementor-element elementor-element-3ffd936 elementor-section-boxed elementor-section-height-default elementor-section-height-default\" data-id=\"3ffd936\" data-element_type=\"section\" data-e-type=\"section\">\n\t\t\t\t\t\t<div class=\"elementor-container elementor-column-gap-default\">\n\t\t\t\t\t<div class=\"elementor-column elementor-col-100 elementor-top-column elementor-element elementor-element-821b3b6\" data-id=\"821b3b6\" data-element_type=\"column\" data-e-type=\"column\">\n\t\t\t<div class=\"elementor-widget-wrap elementor-element-populated\">\n\t\t\t\t\t\t<div class=\"elementor-element elementor-element-94ea7cf elementor-widget elementor-widget-text-editor\" data-id=\"94ea7cf\" data-element_type=\"widget\" data-e-type=\"widget\" data-widget_type=\"text-editor.default\">\n\t\t\t\t<div class=\"elementor-widget-container\">\n\t\t\t\t\t\t\t\t\t<p>\u00a0<\/p><p><strong>Queremos preguntarte a cerca del entorno digital. \u00bfSueles realizar gestiones online? \u00bfDispones de cuentas propias (Facebook, Instagram\u2026)?<\/strong><\/p><p>Sobre todo, hago gestiones del banco, como realizar transferencias. Tambi\u00e9n realizo videollamadas o conferencias (\u00a1aunque no me gustan mucho!), ya que con el Covid muchas reuniones de las asociaciones se han realizado as\u00ed. Tambi\u00e9n veo el correo todos los d\u00edas: respondo mensajes, y gestiono el alquiler de los pisos del Ayuntamiento ya que es todo online y tenemos que mandar toda la documentaci\u00f3n por ah\u00ed.<\/p><p>Yo tengo Facebook, Instagram no. Ah\u00ed me manejo bien y contacto con mucha gente que conozco, veo cosas. Yo no publico nada pero veo a los dem\u00e1s, sus estados y sus fotos. B\u00e1sicamente para socializar, m\u00e1s que para realizar gestiones, aunque algunas asociaciones s\u00ed tienen sus p\u00e1ginas. Muchas veces s\u00ed entro a estas p\u00e1ginas porque te sirve mucho para ver qu\u00e9 hacen.<\/p><p><strong>\u00bfTe has encontrado con problemas o barreras a la hora de acceder al entorno digital o de navegar por la web?<\/strong><\/p><p>Yo no, pero hay amigos m\u00edos que s\u00ed: algunos tienen dificultades de movilidad por su discapacidad y tiene que usar materiales diferentes y adaptados. Hay un chico que no puede escribir y utiliza un bol\u00edgrafo con un tap\u00f3n en la punta para pulsar las teclas. Otros tambi\u00e9n manejan teclados adaptados. Algunos navegan mediante el habla, habl\u00e1ndole al ordenador. Conozco el caso de Javier Planells, el cual pinta con la boca, y ha dado conferencias utilizando la voz del ordenador (\u00a1y claro, se oye una voz muy rara que no se es la suya!) ya que tiene dificultades en el habla.<\/p><p>Ellos no me han contado si se han encontrado con problemas, ya que <strong><em>cuando nos unimos procuramos no hablar de problemas, ya tenemos bastantes y bastante presentes<\/em><\/strong>. Eso no va a resolver nada. Ellos se han adaptado con la ayuda de materiales, han buscado soluciones.<\/p><p>Si yo me hubiese encontrado con problemas, imagino que me sentir\u00eda un poco mal, pero seguro que buscar\u00eda alguna alternativa. <strong><em>Yo soy de \u201csi no se puede pues no se puede\u201d y busco alternativas<\/em><\/strong>, y sino pues ya me fastidio.<\/p><p>Luego tambi\u00e9n la gente ve a una persona con discapacidad y se creen que es inferior, que no sabe hacer nada. A mi en el banco me dijeron que mi cuenta era online, que mejor me la cambiaban porque no me iba a saber manejar en ella. Yo s\u00ed me manejo bien y se sorprendieron cuando se lo dije. Es la imagen que damos a la sociedad.<\/p><p><strong>\u00bfPor qu\u00e9 crees que existen las barreras digitales y no se solucionan (motivos econ\u00f3micos, tecnol\u00f3gicos, falta de formaci\u00f3n, falta de conciencia\u2026)?<\/strong><\/p><p>Las dificultades principales creo que vienen derivadas de la propia discapacidad. A nivel formativo, la gente en general s\u00ed tiene conocimientos y, sino, utilizamos <em>El Rinc\u00f3n del Vago <\/em>para buscar informaci\u00f3n.<\/p><p>Existen estas barreras porque la gente no lo piensa, igual que cuando te ponen el coche en una rampa adaptada. No lo piensan. Igual que nosotros mismos, las personas con discapacidad, no vemos m\u00e1s all\u00e1 de la nuestra propia e inconscientemente no pensamos en el resto de discapacidades. No es porque no queramos, sino que no nos damos cuenta de que otras personas necesitan otras cosas. No deber\u00eda ser as\u00ed pero cada uno va a la suya, no creo que lo hagan con mala fe.<\/p><p><strong>\u00bfCu\u00e1l crees que es la soluci\u00f3n? Personalmente, \u00bfte gustar\u00eda aprender algo nuevo en el entorno digital?<\/strong><\/p><p>Deber\u00edamos realizar acciones y campa\u00f1as de publicidad para concienciar a la sociedad sobre las barreras con que nos encontramos. Falta mucha (\u00a1mucha!) concienciaci\u00f3n en la gente.<\/p><p>Tambi\u00e9n apuesto por la continuidad y una mayor investigaci\u00f3n hacia los materiales adaptados. Cuanto mejor tengamos la vida solucionada, pues mejor. El fin es el mismo: solidarizar con la gente.<\/p><p>Personalmente, ahora mismo, estoy pendiente de participar en unos cursos de herramientas digitales para aprender a manejarte desde el m\u00f3vil, ya que muchas veces es m\u00e1s f\u00e1cil manejarse desde el ordenador porque se ve m\u00e1s claro y m\u00e1s grande. Entre todos los cursos se aprende siempre de todo.<\/p><p><strong>\u00bfQu\u00e9 beneficios crees que podr\u00eda proporcionar la eliminaci\u00f3n de dichas barreras a las personas del colectivo?<\/strong><\/p><p><strong><em>Todo el mundo estar\u00eda bien y ser\u00edamos m\u00e1s felices<\/em><\/strong>. <strong><em>Tendr\u00edamos una vida m\u00e1s f\u00e1cil, que es lo que buscamos siempre <\/em><\/strong>(\u00a1como todo el mundo!). Aunque, en general, el entorno digital nos ha facilitado mucho la vida, antes viv\u00edamos de otra manera y tambi\u00e9n viv\u00edamos bien, \u00a1yo no s\u00e9 c\u00f3mo lo hac\u00edamos!. La cosa es siempre ir a mejor y no a peor.<\/p>\t\t\t\t\t\t\t\t<\/div>\n\t\t\t\t<\/div>\n\t\t\t\t\t<\/div>\n\t\t<\/div>\n\t\t\t\t\t<\/div>\n\t\t<\/section>\n\t\t\t\t<\/div>\n\t\t<p>Visitas: 22<\/p>","protected":false},"excerpt":{"rendered":"<p>\u00a0 \u00a0 Desde COCEMFE Valencia entrevistamos a Julia Lara, para que nos narre su experiencia en el mundo digital y las barreras que se le han presentado en su acceso. \u00a0 \u00a0 Cu\u00e9ntanos un poco sobre ti. Me llamo Julia Lara, vivo en Valencia, en un piso de alquiler adaptado del Ayuntamiento. Mi discapacidad se&hellip;&nbsp;<a href=\"https:\/\/cocemfevalencia.org\/es\/la-voz-de-cocemfe-valencia-testimonio-mes-de-mayo-dedicado-a-la-brecha-digital-en-el-colectivo-de-personas-con-discapacidad\/\" rel=\"bookmark\">Leer m\u00e1s &raquo;<span class=\"screen-reader-text\">LA VOZ DE COCEMFE VALENCIA: Testimonio mes de mayo dedicado a la brecha digital en el colectivo de personas con discapacidad<\/span><\/a><\/p>\n","protected":false},"author":3,"featured_media":6152,"comment_status":"closed","ping_status":"closed","sticky":false,"template":"","format":"standard","meta":{"rop_custom_images_group":[],"rop_custom_messages_group":[],"rop_publish_now":"initial","rop_publish_now_accounts":[],"rop_publish_now_history":[],"rop_publish_now_status":"pending","neve_meta_sidebar":"","neve_meta_container":"","neve_meta_enable_content_width":"","neve_meta_content_width":0,"neve_meta_title_alignment":"","neve_meta_author_avatar":"","neve_post_elements_order":"","neve_meta_disable_header":"","neve_meta_disable_footer":"","neve_meta_disable_title":"","footnotes":""},"categories":[5],"tags":[],"class_list":["post-6151","post","type-post","status-publish","format-standard","has-post-thumbnail","hentry","category-noticias"],"yoast_head":"<!-- This site is optimized with the Yoast SEO plugin v27.3 - https:\/\/yoast.com\/product\/yoast-seo-wordpress\/ -->\n<title>LA VOZ DE COCEMFE VALENCIA: Testimonio mes de mayo dedicado a la brecha digital en el colectivo de personas con discapacidad - Cocemfe Valencia<\/title>\n<meta name=\"robots\" content=\"index, follow, max-snippet:-1, max-image-preview:large, max-video-preview:-1\" \/>\n<link rel=\"canonical\" href=\"https:\/\/cocemfevalencia.org\/es\/la-voz-de-cocemfe-valencia-testimonio-mes-de-mayo-dedicado-a-la-brecha-digital-en-el-colectivo-de-personas-con-discapacidad\/\" \/>\n<meta property=\"og:locale\" content=\"es_ES\" \/>\n<meta property=\"og:type\" content=\"article\" \/>\n<meta property=\"og:title\" content=\"LA VOZ DE COCEMFE VALENCIA: Testimonio mes de mayo dedicado a la brecha digital en el colectivo de personas con discapacidad - Cocemfe Valencia\" \/>\n<meta property=\"og:description\" content=\"\u00a0 \u00a0 Desde COCEMFE Valencia entrevistamos a Julia Lara, para que nos narre su experiencia en el mundo digital y las barreras que se le han presentado en su acceso. \u00a0 \u00a0 Cu\u00e9ntanos un poco sobre ti. Me llamo Julia Lara, vivo en Valencia, en un piso de alquiler adaptado del Ayuntamiento. Mi discapacidad se&hellip;&nbsp;Leer m\u00e1s &raquo;LA VOZ DE COCEMFE VALENCIA: Testimonio mes de mayo dedicado a la brecha digital en el colectivo de personas con discapacidad\" \/>\n<meta property=\"og:url\" content=\"https:\/\/cocemfevalencia.org\/es\/la-voz-de-cocemfe-valencia-testimonio-mes-de-mayo-dedicado-a-la-brecha-digital-en-el-colectivo-de-personas-con-discapacidad\/\" \/>\n<meta property=\"og:site_name\" content=\"Cocemfe Valencia\" \/>\n<meta property=\"article:publisher\" content=\"https:\/\/www.facebook.com\/cocemfe.valencia\" \/>\n<meta property=\"article:published_time\" content=\"2022-05-31T11:54:55+00:00\" \/>\n<meta property=\"og:image\" content=\"https:\/\/cocemfevalencia.org\/wp-content\/uploads\/2022\/05\/WhatsApp-Image-2022-05-30-at-8.18.35-AM.jpeg\" \/>\n\t<meta property=\"og:image:width\" content=\"1200\" \/>\n\t<meta property=\"og:image:height\" content=\"1600\" \/>\n\t<meta property=\"og:image:type\" content=\"image\/jpeg\" \/>\n<meta name=\"author\" content=\"COCEMFE VALENCIA\" \/>\n<meta name=\"twitter:card\" content=\"summary_large_image\" \/>\n<meta name=\"twitter:creator\" content=\"@COCEMFEValencia\" \/>\n<meta name=\"twitter:site\" content=\"@COCEMFEValencia\" \/>\n<meta name=\"twitter:label1\" content=\"Escrito por\" \/>\n\t<meta name=\"twitter:data1\" content=\"COCEMFE VALENCIA\" \/>\n\t<meta name=\"twitter:label2\" content=\"Tiempo de lectura\" \/>\n\t<meta name=\"twitter:data2\" content=\"4 minutos\" \/>\n<script type=\"application\/ld+json\" class=\"yoast-schema-graph\">{\"@context\":\"https:\\\/\\\/schema.org\",\"@graph\":[{\"@type\":\"Article\",\"@id\":\"https:\\\/\\\/cocemfevalencia.org\\\/es\\\/la-voz-de-cocemfe-valencia-testimonio-mes-de-mayo-dedicado-a-la-brecha-digital-en-el-colectivo-de-personas-con-discapacidad\\\/#article\",\"isPartOf\":{\"@id\":\"https:\\\/\\\/cocemfevalencia.org\\\/es\\\/la-voz-de-cocemfe-valencia-testimonio-mes-de-mayo-dedicado-a-la-brecha-digital-en-el-colectivo-de-personas-con-discapacidad\\\/\"},\"author\":{\"name\":\"COCEMFE VALENCIA\",\"@id\":\"https:\\\/\\\/cocemfevalencia.org\\\/es\\\/#\\\/schema\\\/person\\\/e31a24227ccbc918e2c80add51990ad7\"},\"headline\":\"LA VOZ DE COCEMFE VALENCIA: Testimonio mes de mayo dedicado a la brecha digital en el colectivo de personas con discapacidad\",\"datePublished\":\"2022-05-31T11:54:55+00:00\",\"mainEntityOfPage\":{\"@id\":\"https:\\\/\\\/cocemfevalencia.org\\\/es\\\/la-voz-de-cocemfe-valencia-testimonio-mes-de-mayo-dedicado-a-la-brecha-digital-en-el-colectivo-de-personas-con-discapacidad\\\/\"},\"wordCount\":911,\"publisher\":{\"@id\":\"https:\\\/\\\/cocemfevalencia.org\\\/es\\\/#organization\"},\"image\":{\"@id\":\"https:\\\/\\\/cocemfevalencia.org\\\/es\\\/la-voz-de-cocemfe-valencia-testimonio-mes-de-mayo-dedicado-a-la-brecha-digital-en-el-colectivo-de-personas-con-discapacidad\\\/#primaryimage\"},\"thumbnailUrl\":\"https:\\\/\\\/cocemfevalencia.org\\\/wp-content\\\/uploads\\\/2022\\\/05\\\/WhatsApp-Image-2022-05-30-at-8.18.35-AM.jpeg\",\"articleSection\":[\"Not\u00edcies\"],\"inLanguage\":\"es\"},{\"@type\":\"WebPage\",\"@id\":\"https:\\\/\\\/cocemfevalencia.org\\\/es\\\/la-voz-de-cocemfe-valencia-testimonio-mes-de-mayo-dedicado-a-la-brecha-digital-en-el-colectivo-de-personas-con-discapacidad\\\/\",\"url\":\"https:\\\/\\\/cocemfevalencia.org\\\/es\\\/la-voz-de-cocemfe-valencia-testimonio-mes-de-mayo-dedicado-a-la-brecha-digital-en-el-colectivo-de-personas-con-discapacidad\\\/\",\"name\":\"LA VOZ DE COCEMFE VALENCIA: Testimonio mes de mayo dedicado a la brecha digital en el colectivo de personas con discapacidad - Cocemfe Valencia\",\"isPartOf\":{\"@id\":\"https:\\\/\\\/cocemfevalencia.org\\\/es\\\/#website\"},\"primaryImageOfPage\":{\"@id\":\"https:\\\/\\\/cocemfevalencia.org\\\/es\\\/la-voz-de-cocemfe-valencia-testimonio-mes-de-mayo-dedicado-a-la-brecha-digital-en-el-colectivo-de-personas-con-discapacidad\\\/#primaryimage\"},\"image\":{\"@id\":\"https:\\\/\\\/cocemfevalencia.org\\\/es\\\/la-voz-de-cocemfe-valencia-testimonio-mes-de-mayo-dedicado-a-la-brecha-digital-en-el-colectivo-de-personas-con-discapacidad\\\/#primaryimage\"},\"thumbnailUrl\":\"https:\\\/\\\/cocemfevalencia.org\\\/wp-content\\\/uploads\\\/2022\\\/05\\\/WhatsApp-Image-2022-05-30-at-8.18.35-AM.jpeg\",\"datePublished\":\"2022-05-31T11:54:55+00:00\",\"breadcrumb\":{\"@id\":\"https:\\\/\\\/cocemfevalencia.org\\\/es\\\/la-voz-de-cocemfe-valencia-testimonio-mes-de-mayo-dedicado-a-la-brecha-digital-en-el-colectivo-de-personas-con-discapacidad\\\/#breadcrumb\"},\"inLanguage\":\"es\",\"potentialAction\":[{\"@type\":\"ReadAction\",\"target\":[\"https:\\\/\\\/cocemfevalencia.org\\\/es\\\/la-voz-de-cocemfe-valencia-testimonio-mes-de-mayo-dedicado-a-la-brecha-digital-en-el-colectivo-de-personas-con-discapacidad\\\/\"]}]},{\"@type\":\"ImageObject\",\"inLanguage\":\"es\",\"@id\":\"https:\\\/\\\/cocemfevalencia.org\\\/es\\\/la-voz-de-cocemfe-valencia-testimonio-mes-de-mayo-dedicado-a-la-brecha-digital-en-el-colectivo-de-personas-con-discapacidad\\\/#primaryimage\",\"url\":\"https:\\\/\\\/cocemfevalencia.org\\\/wp-content\\\/uploads\\\/2022\\\/05\\\/WhatsApp-Image-2022-05-30-at-8.18.35-AM.jpeg\",\"contentUrl\":\"https:\\\/\\\/cocemfevalencia.org\\\/wp-content\\\/uploads\\\/2022\\\/05\\\/WhatsApp-Image-2022-05-30-at-8.18.35-AM.jpeg\",\"width\":1200,\"height\":1600},{\"@type\":\"BreadcrumbList\",\"@id\":\"https:\\\/\\\/cocemfevalencia.org\\\/es\\\/la-voz-de-cocemfe-valencia-testimonio-mes-de-mayo-dedicado-a-la-brecha-digital-en-el-colectivo-de-personas-con-discapacidad\\\/#breadcrumb\",\"itemListElement\":[{\"@type\":\"ListItem\",\"position\":1,\"name\":\"Portada\",\"item\":\"https:\\\/\\\/cocemfevalencia.org\\\/es\\\/\"},{\"@type\":\"ListItem\",\"position\":2,\"name\":\"LA VOZ DE COCEMFE VALENCIA: Testimonio mes de mayo dedicado a la brecha digital en el colectivo de personas con discapacidad\"}]},{\"@type\":\"WebSite\",\"@id\":\"https:\\\/\\\/cocemfevalencia.org\\\/es\\\/#website\",\"url\":\"https:\\\/\\\/cocemfevalencia.org\\\/es\\\/\",\"name\":\"Cocemfe Valencia\",\"description\":\"FEDERACI\u00d3N DE ASOCIACIONES DE PERSONAS CON DISCAPACIDAD F\u00cdSICA Y ORG\u00c1NICA DE LA PROV\u00cdNCIA DE VALENCIA\",\"publisher\":{\"@id\":\"https:\\\/\\\/cocemfevalencia.org\\\/es\\\/#organization\"},\"potentialAction\":[{\"@type\":\"SearchAction\",\"target\":{\"@type\":\"EntryPoint\",\"urlTemplate\":\"https:\\\/\\\/cocemfevalencia.org\\\/es\\\/?s={search_term_string}\"},\"query-input\":{\"@type\":\"PropertyValueSpecification\",\"valueRequired\":true,\"valueName\":\"search_term_string\"}}],\"inLanguage\":\"es\"},{\"@type\":\"Organization\",\"@id\":\"https:\\\/\\\/cocemfevalencia.org\\\/es\\\/#organization\",\"name\":\"Cocemfe Valencia\",\"url\":\"https:\\\/\\\/cocemfevalencia.org\\\/es\\\/\",\"logo\":{\"@type\":\"ImageObject\",\"inLanguage\":\"es\",\"@id\":\"https:\\\/\\\/cocemfevalencia.org\\\/es\\\/#\\\/schema\\\/logo\\\/image\\\/\",\"url\":\"https:\\\/\\\/cocemfevalencia.org\\\/wp-content\\\/uploads\\\/2023\\\/03\\\/0312-Horizontal-una-linea-larga-rgb-positivo-Tricolor.png\",\"contentUrl\":\"https:\\\/\\\/cocemfevalencia.org\\\/wp-content\\\/uploads\\\/2023\\\/03\\\/0312-Horizontal-una-linea-larga-rgb-positivo-Tricolor.png\",\"width\":2334,\"height\":613,\"caption\":\"Cocemfe Valencia\"},\"image\":{\"@id\":\"https:\\\/\\\/cocemfevalencia.org\\\/es\\\/#\\\/schema\\\/logo\\\/image\\\/\"},\"sameAs\":[\"https:\\\/\\\/www.facebook.com\\\/cocemfe.valencia\",\"https:\\\/\\\/x.com\\\/COCEMFEValencia\"]},{\"@type\":\"Person\",\"@id\":\"https:\\\/\\\/cocemfevalencia.org\\\/es\\\/#\\\/schema\\\/person\\\/e31a24227ccbc918e2c80add51990ad7\",\"name\":\"COCEMFE VALENCIA\",\"image\":{\"@type\":\"ImageObject\",\"inLanguage\":\"es\",\"@id\":\"https:\\\/\\\/secure.gravatar.com\\\/avatar\\\/81dd2ced4591577d70433bbfde65ba3f931e09f5cb4ca8c890817c47789b47f0?s=96&d=mm&r=g\",\"url\":\"https:\\\/\\\/secure.gravatar.com\\\/avatar\\\/81dd2ced4591577d70433bbfde65ba3f931e09f5cb4ca8c890817c47789b47f0?s=96&d=mm&r=g\",\"contentUrl\":\"https:\\\/\\\/secure.gravatar.com\\\/avatar\\\/81dd2ced4591577d70433bbfde65ba3f931e09f5cb4ca8c890817c47789b47f0?s=96&d=mm&r=g\",\"caption\":\"COCEMFE VALENCIA\"}}]}<\/script>\n<!-- \/ Yoast SEO plugin. -->","yoast_head_json":{"title":"LA VOZ DE COCEMFE VALENCIA: Testimonio mes de mayo dedicado a la brecha digital en el colectivo de personas con discapacidad - Cocemfe Valencia","robots":{"index":"index","follow":"follow","max-snippet":"max-snippet:-1","max-image-preview":"max-image-preview:large","max-video-preview":"max-video-preview:-1"},"canonical":"https:\/\/cocemfevalencia.org\/es\/la-voz-de-cocemfe-valencia-testimonio-mes-de-mayo-dedicado-a-la-brecha-digital-en-el-colectivo-de-personas-con-discapacidad\/","og_locale":"es_ES","og_type":"article","og_title":"LA VOZ DE COCEMFE VALENCIA: Testimonio mes de mayo dedicado a la brecha digital en el colectivo de personas con discapacidad - Cocemfe Valencia","og_description":"\u00a0 \u00a0 Desde COCEMFE Valencia entrevistamos a Julia Lara, para que nos narre su experiencia en el mundo digital y las barreras que se le han presentado en su acceso. \u00a0 \u00a0 Cu\u00e9ntanos un poco sobre ti. Me llamo Julia Lara, vivo en Valencia, en un piso de alquiler adaptado del Ayuntamiento. Mi discapacidad se&hellip;&nbsp;Leer m\u00e1s &raquo;LA VOZ DE COCEMFE VALENCIA: Testimonio mes de mayo dedicado a la brecha digital en el colectivo de personas con discapacidad","og_url":"https:\/\/cocemfevalencia.org\/es\/la-voz-de-cocemfe-valencia-testimonio-mes-de-mayo-dedicado-a-la-brecha-digital-en-el-colectivo-de-personas-con-discapacidad\/","og_site_name":"Cocemfe Valencia","article_publisher":"https:\/\/www.facebook.com\/cocemfe.valencia","article_published_time":"2022-05-31T11:54:55+00:00","og_image":[{"width":1200,"height":1600,"url":"https:\/\/cocemfevalencia.org\/wp-content\/uploads\/2022\/05\/WhatsApp-Image-2022-05-30-at-8.18.35-AM.jpeg","type":"image\/jpeg"}],"author":"COCEMFE VALENCIA","twitter_card":"summary_large_image","twitter_creator":"@COCEMFEValencia","twitter_site":"@COCEMFEValencia","twitter_misc":{"Escrito por":"COCEMFE VALENCIA","Tiempo de lectura":"4 minutos"},"schema":{"@context":"https:\/\/schema.org","@graph":[{"@type":"Article","@id":"https:\/\/cocemfevalencia.org\/es\/la-voz-de-cocemfe-valencia-testimonio-mes-de-mayo-dedicado-a-la-brecha-digital-en-el-colectivo-de-personas-con-discapacidad\/#article","isPartOf":{"@id":"https:\/\/cocemfevalencia.org\/es\/la-voz-de-cocemfe-valencia-testimonio-mes-de-mayo-dedicado-a-la-brecha-digital-en-el-colectivo-de-personas-con-discapacidad\/"},"author":{"name":"COCEMFE VALENCIA","@id":"https:\/\/cocemfevalencia.org\/es\/#\/schema\/person\/e31a24227ccbc918e2c80add51990ad7"},"headline":"LA VOZ DE COCEMFE VALENCIA: Testimonio mes de mayo dedicado a la brecha digital en el colectivo de personas con discapacidad","datePublished":"2022-05-31T11:54:55+00:00","mainEntityOfPage":{"@id":"https:\/\/cocemfevalencia.org\/es\/la-voz-de-cocemfe-valencia-testimonio-mes-de-mayo-dedicado-a-la-brecha-digital-en-el-colectivo-de-personas-con-discapacidad\/"},"wordCount":911,"publisher":{"@id":"https:\/\/cocemfevalencia.org\/es\/#organization"},"image":{"@id":"https:\/\/cocemfevalencia.org\/es\/la-voz-de-cocemfe-valencia-testimonio-mes-de-mayo-dedicado-a-la-brecha-digital-en-el-colectivo-de-personas-con-discapacidad\/#primaryimage"},"thumbnailUrl":"https:\/\/cocemfevalencia.org\/wp-content\/uploads\/2022\/05\/WhatsApp-Image-2022-05-30-at-8.18.35-AM.jpeg","articleSection":["Not\u00edcies"],"inLanguage":"es"},{"@type":"WebPage","@id":"https:\/\/cocemfevalencia.org\/es\/la-voz-de-cocemfe-valencia-testimonio-mes-de-mayo-dedicado-a-la-brecha-digital-en-el-colectivo-de-personas-con-discapacidad\/","url":"https:\/\/cocemfevalencia.org\/es\/la-voz-de-cocemfe-valencia-testimonio-mes-de-mayo-dedicado-a-la-brecha-digital-en-el-colectivo-de-personas-con-discapacidad\/","name":"LA VOZ DE COCEMFE VALENCIA: Testimonio mes de mayo dedicado a la brecha digital en el colectivo de personas con discapacidad - Cocemfe Valencia","isPartOf":{"@id":"https:\/\/cocemfevalencia.org\/es\/#website"},"primaryImageOfPage":{"@id":"https:\/\/cocemfevalencia.org\/es\/la-voz-de-cocemfe-valencia-testimonio-mes-de-mayo-dedicado-a-la-brecha-digital-en-el-colectivo-de-personas-con-discapacidad\/#primaryimage"},"image":{"@id":"https:\/\/cocemfevalencia.org\/es\/la-voz-de-cocemfe-valencia-testimonio-mes-de-mayo-dedicado-a-la-brecha-digital-en-el-colectivo-de-personas-con-discapacidad\/#primaryimage"},"thumbnailUrl":"https:\/\/cocemfevalencia.org\/wp-content\/uploads\/2022\/05\/WhatsApp-Image-2022-05-30-at-8.18.35-AM.jpeg","datePublished":"2022-05-31T11:54:55+00:00","breadcrumb":{"@id":"https:\/\/cocemfevalencia.org\/es\/la-voz-de-cocemfe-valencia-testimonio-mes-de-mayo-dedicado-a-la-brecha-digital-en-el-colectivo-de-personas-con-discapacidad\/#breadcrumb"},"inLanguage":"es","potentialAction":[{"@type":"ReadAction","target":["https:\/\/cocemfevalencia.org\/es\/la-voz-de-cocemfe-valencia-testimonio-mes-de-mayo-dedicado-a-la-brecha-digital-en-el-colectivo-de-personas-con-discapacidad\/"]}]},{"@type":"ImageObject","inLanguage":"es","@id":"https:\/\/cocemfevalencia.org\/es\/la-voz-de-cocemfe-valencia-testimonio-mes-de-mayo-dedicado-a-la-brecha-digital-en-el-colectivo-de-personas-con-discapacidad\/#primaryimage","url":"https:\/\/cocemfevalencia.org\/wp-content\/uploads\/2022\/05\/WhatsApp-Image-2022-05-30-at-8.18.35-AM.jpeg","contentUrl":"https:\/\/cocemfevalencia.org\/wp-content\/uploads\/2022\/05\/WhatsApp-Image-2022-05-30-at-8.18.35-AM.jpeg","width":1200,"height":1600},{"@type":"BreadcrumbList","@id":"https:\/\/cocemfevalencia.org\/es\/la-voz-de-cocemfe-valencia-testimonio-mes-de-mayo-dedicado-a-la-brecha-digital-en-el-colectivo-de-personas-con-discapacidad\/#breadcrumb","itemListElement":[{"@type":"ListItem","position":1,"name":"Portada","item":"https:\/\/cocemfevalencia.org\/es\/"},{"@type":"ListItem","position":2,"name":"LA VOZ DE COCEMFE VALENCIA: Testimonio mes de mayo dedicado a la brecha digital en el colectivo de personas con discapacidad"}]},{"@type":"WebSite","@id":"https:\/\/cocemfevalencia.org\/es\/#website","url":"https:\/\/cocemfevalencia.org\/es\/","name":"Cocemfe Valencia","description":"FEDERACI\u00d3N DE ASOCIACIONES DE PERSONAS CON DISCAPACIDAD F\u00cdSICA Y ORG\u00c1NICA DE LA PROV\u00cdNCIA DE VALENCIA","publisher":{"@id":"https:\/\/cocemfevalencia.org\/es\/#organization"},"potentialAction":[{"@type":"SearchAction","target":{"@type":"EntryPoint","urlTemplate":"https:\/\/cocemfevalencia.org\/es\/?s={search_term_string}"},"query-input":{"@type":"PropertyValueSpecification","valueRequired":true,"valueName":"search_term_string"}}],"inLanguage":"es"},{"@type":"Organization","@id":"https:\/\/cocemfevalencia.org\/es\/#organization","name":"Cocemfe Valencia","url":"https:\/\/cocemfevalencia.org\/es\/","logo":{"@type":"ImageObject","inLanguage":"es","@id":"https:\/\/cocemfevalencia.org\/es\/#\/schema\/logo\/image\/","url":"https:\/\/cocemfevalencia.org\/wp-content\/uploads\/2023\/03\/0312-Horizontal-una-linea-larga-rgb-positivo-Tricolor.png","contentUrl":"https:\/\/cocemfevalencia.org\/wp-content\/uploads\/2023\/03\/0312-Horizontal-una-linea-larga-rgb-positivo-Tricolor.png","width":2334,"height":613,"caption":"Cocemfe Valencia"},"image":{"@id":"https:\/\/cocemfevalencia.org\/es\/#\/schema\/logo\/image\/"},"sameAs":["https:\/\/www.facebook.com\/cocemfe.valencia","https:\/\/x.com\/COCEMFEValencia"]},{"@type":"Person","@id":"https:\/\/cocemfevalencia.org\/es\/#\/schema\/person\/e31a24227ccbc918e2c80add51990ad7","name":"COCEMFE VALENCIA","image":{"@type":"ImageObject","inLanguage":"es","@id":"https:\/\/secure.gravatar.com\/avatar\/81dd2ced4591577d70433bbfde65ba3f931e09f5cb4ca8c890817c47789b47f0?s=96&d=mm&r=g","url":"https:\/\/secure.gravatar.com\/avatar\/81dd2ced4591577d70433bbfde65ba3f931e09f5cb4ca8c890817c47789b47f0?s=96&d=mm&r=g","contentUrl":"https:\/\/secure.gravatar.com\/avatar\/81dd2ced4591577d70433bbfde65ba3f931e09f5cb4ca8c890817c47789b47f0?s=96&d=mm&r=g","caption":"COCEMFE VALENCIA"}}]}},"_links":{"self":[{"href":"https:\/\/cocemfevalencia.org\/es\/wp-json\/wp\/v2\/posts\/6151","targetHints":{"allow":["GET"]}}],"collection":[{"href":"https:\/\/cocemfevalencia.org\/es\/wp-json\/wp\/v2\/posts"}],"about":[{"href":"https:\/\/cocemfevalencia.org\/es\/wp-json\/wp\/v2\/types\/post"}],"author":[{"embeddable":true,"href":"https:\/\/cocemfevalencia.org\/es\/wp-json\/wp\/v2\/users\/3"}],"replies":[{"embeddable":true,"href":"https:\/\/cocemfevalencia.org\/es\/wp-json\/wp\/v2\/comments?post=6151"}],"version-history":[{"count":0,"href":"https:\/\/cocemfevalencia.org\/es\/wp-json\/wp\/v2\/posts\/6151\/revisions"}],"wp:featuredmedia":[{"embeddable":true,"href":"https:\/\/cocemfevalencia.org\/es\/wp-json\/wp\/v2\/media\/6152"}],"wp:attachment":[{"href":"https:\/\/cocemfevalencia.org\/es\/wp-json\/wp\/v2\/media?parent=6151"}],"wp:term":[{"taxonomy":"category","embeddable":true,"href":"https:\/\/cocemfevalencia.org\/es\/wp-json\/wp\/v2\/categories?post=6151"},{"taxonomy":"post_tag","embeddable":true,"href":"https:\/\/cocemfevalencia.org\/es\/wp-json\/wp\/v2\/tags?post=6151"}],"curies":[{"name":"wp","href":"https:\/\/api.w.org\/{rel}","templated":true}]}}