{"id":6306,"date":"2022-07-14T09:31:50","date_gmt":"2022-07-14T07:31:50","guid":{"rendered":"https:\/\/cocemfevalencia.org\/?p=6306"},"modified":"2022-07-14T09:31:50","modified_gmt":"2022-07-14T07:31:50","slug":"ndp-comunicado-de-la-comision-de-sanidad-de-cocemfe-valencia-csdcv-mes-de-julio-2022","status":"publish","type":"post","link":"https:\/\/cocemfevalencia.org\/es\/ndp-comunicado-de-la-comision-de-sanidad-de-cocemfe-valencia-csdcv-mes-de-julio-2022\/","title":{"rendered":"NdP COMUNICADO de la COMISI\u00d3N de SANIDAD de COCEMFE-VALENCIA (CSdCV) MES DE JULIO 2022"},"content":{"rendered":"\t\t<div data-elementor-type=\"wp-post\" data-elementor-id=\"6306\" class=\"elementor elementor-6306\" data-elementor-post-type=\"post\">\n\t\t\t\t\t\t<section class=\"elementor-section elementor-top-section elementor-element elementor-element-79f2521 elementor-section-boxed elementor-section-height-default elementor-section-height-default\" data-id=\"79f2521\" data-element_type=\"section\" data-e-type=\"section\">\n\t\t\t\t\t\t<div class=\"elementor-container elementor-column-gap-default\">\n\t\t\t\t\t<div class=\"elementor-column elementor-col-100 elementor-top-column elementor-element elementor-element-578f092\" data-id=\"578f092\" data-element_type=\"column\" data-e-type=\"column\">\n\t\t\t<div class=\"elementor-widget-wrap elementor-element-populated\">\n\t\t\t\t\t\t<div class=\"elementor-element elementor-element-04c1e78 elementor-widget elementor-widget-image\" data-id=\"04c1e78\" data-element_type=\"widget\" data-e-type=\"widget\" data-widget_type=\"image.default\">\n\t\t\t\t<div class=\"elementor-widget-container\">\n\t\t\t\t\t\t\t\t\t\t\t\t\t\t\t<img fetchpriority=\"high\" decoding=\"async\" width=\"681\" height=\"313\" src=\"https:\/\/cocemfevalencia.org\/wp-content\/uploads\/2022\/07\/NdP-COMUNICADO-de-la-COMISION-de-SANIDAD-de-COCEMFE-VALENCIA-CSdCV-MES-DE-JULIO-2022-1.png\" class=\"attachment-large size-large wp-image-6309\" alt=\"\" srcset=\"https:\/\/cocemfevalencia.org\/wp-content\/uploads\/2022\/07\/NdP-COMUNICADO-de-la-COMISION-de-SANIDAD-de-COCEMFE-VALENCIA-CSdCV-MES-DE-JULIO-2022-1.png 681w, https:\/\/cocemfevalencia.org\/wp-content\/uploads\/2022\/07\/NdP-COMUNICADO-de-la-COMISION-de-SANIDAD-de-COCEMFE-VALENCIA-CSdCV-MES-DE-JULIO-2022-1-300x138.png 300w\" sizes=\"(max-width: 681px) 100vw, 681px\" \/>\t\t\t\t\t\t\t\t\t\t\t\t\t\t\t<\/div>\n\t\t\t\t<\/div>\n\t\t\t\t\t<\/div>\n\t\t<\/div>\n\t\t\t\t\t<\/div>\n\t\t<\/section>\n\t\t\t\t<section class=\"elementor-section elementor-top-section elementor-element elementor-element-c9ae8ba elementor-section-boxed elementor-section-height-default elementor-section-height-default\" data-id=\"c9ae8ba\" data-element_type=\"section\" data-e-type=\"section\">\n\t\t\t\t\t\t<div class=\"elementor-container elementor-column-gap-default\">\n\t\t\t\t\t<div class=\"elementor-column elementor-col-100 elementor-top-column elementor-element elementor-element-23a57de\" data-id=\"23a57de\" data-element_type=\"column\" data-e-type=\"column\">\n\t\t\t<div class=\"elementor-widget-wrap elementor-element-populated\">\n\t\t\t\t\t\t<div class=\"elementor-element elementor-element-999ee24 elementor-widget elementor-widget-text-editor\" data-id=\"999ee24\" data-element_type=\"widget\" data-e-type=\"widget\" data-widget_type=\"text-editor.default\">\n\t\t\t\t<div class=\"elementor-widget-container\">\n\t\t\t\t\t\t\t\t\t<p>Realizada la s\u00e9ptima reuni\u00f3n del a\u00f1o, entidades como <strong>AFIVAN<\/strong> (Asociaci\u00f3n de Fibromialgia de Valencia Norte), <strong>ALCER-Turia<\/strong> (Asociaci\u00f3n para la lucha Contra las Enfermedades del Ri\u00f1\u00f3n en Valencia), <strong>CODIFIVA<\/strong> (Coordinadora de personas con discapacidad f\u00edsica de la Comunidad Valenciana), <strong>PARKINSON-GAND\u00cdA<\/strong> (Asociaci\u00f3n de Personas afectadas por el Parkinson de la Safor) y <strong>AXEM-\u00c1REA 13<\/strong> (Asociaci\u00f3n de X\u00e0tiva contra la Esclerosis M\u00faltiple del \u00e1rea 13), as\u00ed como la participaci\u00f3n del\/a representante de la CSdCV en la <strong>Comisi\u00f3n<\/strong> de <strong>Sanidad<\/strong> del <strong>CERMI-CV<\/strong> entre otras asociaciones, participaron activamente para evaluar y optimar el sistema socio-sanitario de la provincia de Valencia y por defecto, de la Comunidad Valencia.<\/p><p>La <strong><u>COMISI\u00d3N DE SANIDAD<\/u><\/strong> realiz\u00f3 su REUNI\u00d3N mensual el pasado <strong><u>5<\/u><\/strong> de <strong><u>JULIO<\/u><\/strong> \u00a0del <strong><u>2022<\/u><\/strong> por VIDEO CONFERENCIA (MEET de la Comisi\u00f3n) y este es su <strong><u>NOTA de PRENSA.<\/u><\/strong><\/p><p>\u00a0Siguiendo con las reuniones de la CSdCV, se lleva a cabo la 7\u00ba tertulia de este 2022. Este mes de <strong>Julio,<\/strong> al igual que los meses anteriores, la CSdCV se congreg\u00f3 a las 10:00 de la ma\u00f1ana, despu\u00e9s de ser convocada por correo electr\u00f3nico y WhatsApp, una vez realizados los saludos de rigor y concretado el orden del d\u00eda.<\/p><p>Se comienzo esta 7\u00aa tertulia, la \u00faltima previa a las vacaciones estivales, al igual que en meses anteriores por VideoConferencia. Se realiza principalmente de este modo, por motivos de seguridad, sanitarios y de comodidad. Se utiliza la plataforma MEET (Cuenta de Google creada para la Comisi\u00f3n de Sanidad por Cocemfe Valencia) y comenz\u00f3 el encuentro, despu\u00e9s de los saludos oportunos, siendo las 10:05 de la ma\u00f1ana.<\/p><p>El primer punto del orden del d\u00eda, el Sr. Ezequiel Ruiz, Coordinador de la comisi\u00f3n, comenz\u00f3 preguntando a tod@s l@s participantes de la CSdCV, si recibieron correctamente y por correo electr\u00f3nico los siguientes documentos:<\/p><p>La convocatoria mensual. El resumen y la nota de prensa (NdP) junto con la fotograf\u00eda del mes de Junio. Comunicado sobre la modificaci\u00f3n del Reglamento de las Comisiones de Trabajo de Cocemfe Valencia (aprobado en el \u00faltimo consejo y ratificado en la Asamblea), tanto por parte de Secretar\u00eda de Cocemfe Valencia como por la propia CSdCV. El Reglamento de trabajo para las comisiones de Cocemfe Valencia. Carta de Disposici\u00f3n de cargos actuales y las Fichas para participar en las diferentes comisiones de trabajo y de la propia CSdCV. Todos\/as los\/as participantes confirmaron que han recibido correctamente el correo y todos sus documentos adjuntos. Por unanimidad se aprueban todos los documentos.<\/p><p>\u00a0<\/p><p>En el orden del d\u00eda y extendiendo el asunto de la pandemia, preventivamente por \u00faltima vez (almenos hasta el mes de Septiembre) y despu\u00e9s de los actuales datos, qued\u00f3 patente que las nuevas variantes son m\u00e1s contagiosas y m\u00e1s resistentes a las inoculaciones actuales. La desprotecci\u00f3n inmunol\u00f3gica, el no aislar los casos positivos, una gran falta de pruebas diagn\u00f3sticas y la m\u00e1s que evidente relajaci\u00f3n de las medidas de informaci\u00f3n y protecci\u00f3n, est\u00e1n avivando a l@s neum\u00f3log@s a hablar abiertamente de una 7\u00aa ola. Y hay que tener en cuenta que a\u00fan no hemos regresado y por tanto valorado, la incidencia de las fiestas de San Juan y San Ferm\u00edn, y sobre todo el regreso de la temporada estival (vacaciones de verano).<\/p><p>La aceptaci\u00f3n por parte de la administraci\u00f3n p\u00fablica y en conciencia, de la sociedad en general, de que la pandemia es ya un tema gripacional, solamente est\u00e1 ayudando a que las medidas de protecci\u00f3n se relajen y no se perciba correctamente el peligro en el que realmente a\u00fan estamos tod@s.<\/p><p>Por otra parte, los efectos secundarios y residuales tras padecer Covid-19, est\u00e1n siendo debatidos en diferentes estudios, ya que se est\u00e1n generalizando y en muchos casos agravando de manera preocupante. Se genera debate al respecto y se propone volver a tratarlo en la pr\u00f3xima reuni\u00f3n de Septiembre.<\/p><p>\u00a0<\/p><p>\u00a0Se informa de la participaci\u00f3n en la primera reuni\u00f3n tras la pandemia, de la Comisi\u00f3n de adjudicaci\u00f3n de Sillas de Ruedas de la Generalitat Valenciana. En la misma participaron el representante de la Comisi\u00f3n de Sanidad del Cermi-CV y el\u00a0 Titular y asistente\/suplente, por parte de Cocemfe Valencia. As\u00ed mismo, se inform\u00f3 de la firma de un Convenio de colaboraci\u00f3n entre Cocemfe Valencia y la Fundaci\u00f3n Juan I. Mu\u00f1oz B. (Neural), en materia de empleo, pero que abarca muchos otros campos relacionados con la salud. Tambi\u00e9n se comentan los diferentes encuentros digitales, tales como \u201cP\u00edldoras informativas de EM\u201d, IRPF auton\u00f3mico (con gran enfado e indignaci\u00f3n de Neurodegenerativos, por cambio de eje), \u201cEl silencio de las PcD\u201d llevado a t\u00e9rmino por Cermi estatal, la \u201cVolunteca\u201d (sobre base de datos e informaci\u00f3n relacionada con el voluntariado, O la asamblea de \u201cM\u201d (Esclerosis M\u00faltiple Espa\u00f1a) y el proyecto de Cermi-Labora.<\/p><p>Todos estos encuentros digitales se resumieron en mayor o menor medida, por su implicaci\u00f3n con las entidades participantes de la CSdCV.<\/p><p>Se record\u00f3 tambi\u00e9n, la importancia de inscribirse en el Registro de Entidades de Inter\u00e9s de la Generalitat Valenciana o de la Conseller\u00eda de Igualdad y Pol\u00edticas Inclusivas. Vital para las entidades sociales, sobre todo aquellas relacionadas con patolog\u00edas y discapacidad, formalizar su inscripci\u00f3n para poder tener una relaci\u00f3n con la administraci\u00f3n Valenciana en el futuro.<\/p><p>Tambi\u00e9n se coment\u00f3 que se est\u00e1n ultimando algunos proyectos (dentro del Plan de Actividades de las CSdCV para el 2022) y que continuamos esperando ideas al respecto. En Septiembre se volver\u00e1 a tratar y poner en marcha.<\/p><p>Se realiza una pausa en la reuni\u00f3n, siendo las 10:45 de la ma\u00f1ana y se efect\u00faa la captura de pantalla de este mes, para adjuntarla a \u00e9sta NdP y RRSS.<\/p><p>En cuanto a la elecci\u00f3n de Coordinador\/a y secretario\/a de la CSdCV, se deja pendiente para la reuni\u00f3n de Septiembre. Se recuerda que es necesario tener las Fichas de participaci\u00f3n y de designaci\u00f3n (firmadas y selladas por la entidad), antes de la reuni\u00f3n post vacacional.<\/p><p>De igual modo, se trata la elecci\u00f3n del\/os\/as Integrantes para la Comisi\u00f3n Socio-Sanitaria de Cocemfe Estatal, tambi\u00e9n se terminar\u00e1 en Septiembre. Se acuerda de ese modo, para valorar que entidades han solicitado la participaci\u00f3n y designaci\u00f3n de sus respectivos representantes, en la Comisi\u00f3n de Trabajo de Sanidad, de Cocemfe Valencia.<\/p><p>Se aprueba por todos\/as los presentes, realizar la reuni\u00f3n de la CSdCV del mes de Septiembre en formato Online. En ella, seg\u00fan la situaci\u00f3n sanitaria, se valorar\u00e1 la opci\u00f3n que mas interese a los\/as participantes.<\/p><p>Al no surgir m\u00e1s comentarios, que los ya realizados en el grupo de la WhatsApp de la propia CSdCV, ni tampoco apreciaciones de relevancia, se da por finalizada la 7\u00aa reuni\u00f3n del a\u00f1o 2022, la \u00faltima hasta despu\u00e9s del verano.<\/p><p>Deseamos a todas las entidades de Cocemfe Valencia, un buen mes y unas merecidas Vacaciones, siempre con responsabilidad saludable y lo m\u00e1s frescas posibles.<\/p><p>\u00a0<\/p><p style=\"text-align: center;\"><strong>Esta es la Nota de Prensa (NdP) de la COMISI\u00d3N de Sanidad de Cocemfe Valencia (CSdCV), \u00a0realizado conjuntamente por:<\/strong><\/p><p style=\"text-align: center;\"><strong>Sra. Teresa Salort y Sr. Ezequiel Ruiz<\/strong><\/p><p style=\"text-align: center;\"><strong>Coordinadores y Secretarios de la CSdCV, miembros de APiP-CV y de AXEM-\u00e1rea 13 respectivamente.<\/strong><\/p>\t\t\t\t\t\t\t\t<\/div>\n\t\t\t\t<\/div>\n\t\t\t\t\t<\/div>\n\t\t<\/div>\n\t\t\t\t\t<\/div>\n\t\t<\/section>\n\t\t\t\t<\/div>\n\t\t<p>Visitas: 7<\/p>","protected":false},"excerpt":{"rendered":"<p>Realizada la s\u00e9ptima reuni\u00f3n del a\u00f1o, entidades como AFIVAN (Asociaci\u00f3n de Fibromialgia de Valencia Norte), ALCER-Turia (Asociaci\u00f3n para la lucha Contra las Enfermedades del Ri\u00f1\u00f3n en Valencia), CODIFIVA (Coordinadora de personas con discapacidad f\u00edsica de la Comunidad Valenciana), PARKINSON-GAND\u00cdA (Asociaci\u00f3n de Personas afectadas por el Parkinson de la Safor) y AXEM-\u00c1REA 13 (Asociaci\u00f3n de X\u00e0tiva&hellip;&nbsp;<a href=\"https:\/\/cocemfevalencia.org\/es\/ndp-comunicado-de-la-comision-de-sanidad-de-cocemfe-valencia-csdcv-mes-de-julio-2022\/\" rel=\"bookmark\">Leer m\u00e1s &raquo;<span class=\"screen-reader-text\">NdP COMUNICADO de la COMISI\u00d3N de SANIDAD de COCEMFE-VALENCIA (CSdCV) MES DE JULIO 2022<\/span><\/a><\/p>\n","protected":false},"author":3,"featured_media":6307,"comment_status":"closed","ping_status":"closed","sticky":false,"template":"","format":"standard","meta":{"rop_custom_images_group":[],"rop_custom_messages_group":[],"rop_publish_now":"initial","rop_publish_now_accounts":[],"rop_publish_now_history":[],"rop_publish_now_status":"pending","neve_meta_sidebar":"","neve_meta_container":"","neve_meta_enable_content_width":"","neve_meta_content_width":0,"neve_meta_title_alignment":"","neve_meta_author_avatar":"","neve_post_elements_order":"","neve_meta_disable_header":"","neve_meta_disable_footer":"","neve_meta_disable_title":"","footnotes":""},"categories":[5],"tags":[],"class_list":["post-6306","post","type-post","status-publish","format-standard","has-post-thumbnail","hentry","category-noticias"],"yoast_head":"<!-- This site is optimized with the Yoast SEO plugin v27.3 - https:\/\/yoast.com\/product\/yoast-seo-wordpress\/ -->\n<title>NdP COMUNICADO de la COMISI\u00d3N de SANIDAD de COCEMFE-VALENCIA (CSdCV) MES DE JULIO 2022 - Cocemfe Valencia<\/title>\n<meta name=\"robots\" content=\"index, follow, max-snippet:-1, max-image-preview:large, max-video-preview:-1\" \/>\n<link rel=\"canonical\" href=\"https:\/\/cocemfevalencia.org\/es\/ndp-comunicado-de-la-comision-de-sanidad-de-cocemfe-valencia-csdcv-mes-de-julio-2022\/\" \/>\n<meta property=\"og:locale\" content=\"es_ES\" \/>\n<meta property=\"og:type\" content=\"article\" \/>\n<meta property=\"og:title\" content=\"NdP COMUNICADO de la COMISI\u00d3N de SANIDAD de COCEMFE-VALENCIA (CSdCV) MES DE JULIO 2022 - Cocemfe Valencia\" \/>\n<meta property=\"og:description\" content=\"Realizada la s\u00e9ptima reuni\u00f3n del a\u00f1o, entidades como AFIVAN (Asociaci\u00f3n de Fibromialgia de Valencia Norte), ALCER-Turia (Asociaci\u00f3n para la lucha Contra las Enfermedades del Ri\u00f1\u00f3n en Valencia), CODIFIVA (Coordinadora de personas con discapacidad f\u00edsica de la Comunidad Valenciana), PARKINSON-GAND\u00cdA (Asociaci\u00f3n de Personas afectadas por el Parkinson de la Safor) y AXEM-\u00c1REA 13 (Asociaci\u00f3n de X\u00e0tiva&hellip;&nbsp;Leer m\u00e1s &raquo;NdP COMUNICADO de la COMISI\u00d3N de SANIDAD de COCEMFE-VALENCIA (CSdCV) MES DE JULIO 2022\" \/>\n<meta property=\"og:url\" content=\"https:\/\/cocemfevalencia.org\/es\/ndp-comunicado-de-la-comision-de-sanidad-de-cocemfe-valencia-csdcv-mes-de-julio-2022\/\" \/>\n<meta property=\"og:site_name\" content=\"Cocemfe Valencia\" \/>\n<meta property=\"article:publisher\" content=\"https:\/\/www.facebook.com\/cocemfe.valencia\" \/>\n<meta property=\"article:published_time\" content=\"2022-07-14T07:31:50+00:00\" \/>\n<meta property=\"og:image\" content=\"https:\/\/cocemfevalencia.org\/wp-content\/uploads\/2022\/07\/NdP-COMUNICADO-de-la-COMISION-de-SANIDAD-de-COCEMFE-VALENCIA-CSdCV-MES-DE-JULIO-2022.png\" \/>\n\t<meta property=\"og:image:width\" content=\"681\" \/>\n\t<meta property=\"og:image:height\" content=\"313\" \/>\n\t<meta property=\"og:image:type\" content=\"image\/png\" \/>\n<meta name=\"author\" content=\"COCEMFE VALENCIA\" \/>\n<meta name=\"twitter:card\" content=\"summary_large_image\" \/>\n<meta name=\"twitter:creator\" content=\"@COCEMFEValencia\" \/>\n<meta name=\"twitter:site\" content=\"@COCEMFEValencia\" \/>\n<meta name=\"twitter:label1\" content=\"Escrito por\" \/>\n\t<meta name=\"twitter:data1\" content=\"COCEMFE VALENCIA\" \/>\n\t<meta name=\"twitter:label2\" content=\"Tiempo de lectura\" \/>\n\t<meta name=\"twitter:data2\" content=\"6 minutos\" \/>\n<script type=\"application\/ld+json\" class=\"yoast-schema-graph\">{\"@context\":\"https:\\\/\\\/schema.org\",\"@graph\":[{\"@type\":\"Article\",\"@id\":\"https:\\\/\\\/cocemfevalencia.org\\\/es\\\/ndp-comunicado-de-la-comision-de-sanidad-de-cocemfe-valencia-csdcv-mes-de-julio-2022\\\/#article\",\"isPartOf\":{\"@id\":\"https:\\\/\\\/cocemfevalencia.org\\\/es\\\/ndp-comunicado-de-la-comision-de-sanidad-de-cocemfe-valencia-csdcv-mes-de-julio-2022\\\/\"},\"author\":{\"name\":\"COCEMFE VALENCIA\",\"@id\":\"https:\\\/\\\/cocemfevalencia.org\\\/es\\\/#\\\/schema\\\/person\\\/e31a24227ccbc918e2c80add51990ad7\"},\"headline\":\"NdP COMUNICADO de la COMISI\u00d3N de SANIDAD de COCEMFE-VALENCIA (CSdCV) MES DE JULIO 2022\",\"datePublished\":\"2022-07-14T07:31:50+00:00\",\"mainEntityOfPage\":{\"@id\":\"https:\\\/\\\/cocemfevalencia.org\\\/es\\\/ndp-comunicado-de-la-comision-de-sanidad-de-cocemfe-valencia-csdcv-mes-de-julio-2022\\\/\"},\"wordCount\":1265,\"publisher\":{\"@id\":\"https:\\\/\\\/cocemfevalencia.org\\\/es\\\/#organization\"},\"image\":{\"@id\":\"https:\\\/\\\/cocemfevalencia.org\\\/es\\\/ndp-comunicado-de-la-comision-de-sanidad-de-cocemfe-valencia-csdcv-mes-de-julio-2022\\\/#primaryimage\"},\"thumbnailUrl\":\"https:\\\/\\\/cocemfevalencia.org\\\/wp-content\\\/uploads\\\/2022\\\/07\\\/NdP-COMUNICADO-de-la-COMISION-de-SANIDAD-de-COCEMFE-VALENCIA-CSdCV-MES-DE-JULIO-2022.png\",\"articleSection\":[\"Not\u00edcies\"],\"inLanguage\":\"es\"},{\"@type\":\"WebPage\",\"@id\":\"https:\\\/\\\/cocemfevalencia.org\\\/es\\\/ndp-comunicado-de-la-comision-de-sanidad-de-cocemfe-valencia-csdcv-mes-de-julio-2022\\\/\",\"url\":\"https:\\\/\\\/cocemfevalencia.org\\\/es\\\/ndp-comunicado-de-la-comision-de-sanidad-de-cocemfe-valencia-csdcv-mes-de-julio-2022\\\/\",\"name\":\"NdP COMUNICADO de la COMISI\u00d3N de SANIDAD de COCEMFE-VALENCIA (CSdCV) MES DE JULIO 2022 - Cocemfe Valencia\",\"isPartOf\":{\"@id\":\"https:\\\/\\\/cocemfevalencia.org\\\/es\\\/#website\"},\"primaryImageOfPage\":{\"@id\":\"https:\\\/\\\/cocemfevalencia.org\\\/es\\\/ndp-comunicado-de-la-comision-de-sanidad-de-cocemfe-valencia-csdcv-mes-de-julio-2022\\\/#primaryimage\"},\"image\":{\"@id\":\"https:\\\/\\\/cocemfevalencia.org\\\/es\\\/ndp-comunicado-de-la-comision-de-sanidad-de-cocemfe-valencia-csdcv-mes-de-julio-2022\\\/#primaryimage\"},\"thumbnailUrl\":\"https:\\\/\\\/cocemfevalencia.org\\\/wp-content\\\/uploads\\\/2022\\\/07\\\/NdP-COMUNICADO-de-la-COMISION-de-SANIDAD-de-COCEMFE-VALENCIA-CSdCV-MES-DE-JULIO-2022.png\",\"datePublished\":\"2022-07-14T07:31:50+00:00\",\"breadcrumb\":{\"@id\":\"https:\\\/\\\/cocemfevalencia.org\\\/es\\\/ndp-comunicado-de-la-comision-de-sanidad-de-cocemfe-valencia-csdcv-mes-de-julio-2022\\\/#breadcrumb\"},\"inLanguage\":\"es\",\"potentialAction\":[{\"@type\":\"ReadAction\",\"target\":[\"https:\\\/\\\/cocemfevalencia.org\\\/es\\\/ndp-comunicado-de-la-comision-de-sanidad-de-cocemfe-valencia-csdcv-mes-de-julio-2022\\\/\"]}]},{\"@type\":\"ImageObject\",\"inLanguage\":\"es\",\"@id\":\"https:\\\/\\\/cocemfevalencia.org\\\/es\\\/ndp-comunicado-de-la-comision-de-sanidad-de-cocemfe-valencia-csdcv-mes-de-julio-2022\\\/#primaryimage\",\"url\":\"https:\\\/\\\/cocemfevalencia.org\\\/wp-content\\\/uploads\\\/2022\\\/07\\\/NdP-COMUNICADO-de-la-COMISION-de-SANIDAD-de-COCEMFE-VALENCIA-CSdCV-MES-DE-JULIO-2022.png\",\"contentUrl\":\"https:\\\/\\\/cocemfevalencia.org\\\/wp-content\\\/uploads\\\/2022\\\/07\\\/NdP-COMUNICADO-de-la-COMISION-de-SANIDAD-de-COCEMFE-VALENCIA-CSdCV-MES-DE-JULIO-2022.png\",\"width\":681,\"height\":313},{\"@type\":\"BreadcrumbList\",\"@id\":\"https:\\\/\\\/cocemfevalencia.org\\\/es\\\/ndp-comunicado-de-la-comision-de-sanidad-de-cocemfe-valencia-csdcv-mes-de-julio-2022\\\/#breadcrumb\",\"itemListElement\":[{\"@type\":\"ListItem\",\"position\":1,\"name\":\"Portada\",\"item\":\"https:\\\/\\\/cocemfevalencia.org\\\/es\\\/\"},{\"@type\":\"ListItem\",\"position\":2,\"name\":\"NdP COMUNICADO de la COMISI\u00d3N de SANIDAD de COCEMFE-VALENCIA (CSdCV) MES DE JULIO 2022\"}]},{\"@type\":\"WebSite\",\"@id\":\"https:\\\/\\\/cocemfevalencia.org\\\/es\\\/#website\",\"url\":\"https:\\\/\\\/cocemfevalencia.org\\\/es\\\/\",\"name\":\"Cocemfe Valencia\",\"description\":\"FEDERACI\u00d3N DE ASOCIACIONES DE PERSONAS CON DISCAPACIDAD F\u00cdSICA Y ORG\u00c1NICA DE LA PROV\u00cdNCIA DE VALENCIA\",\"publisher\":{\"@id\":\"https:\\\/\\\/cocemfevalencia.org\\\/es\\\/#organization\"},\"potentialAction\":[{\"@type\":\"SearchAction\",\"target\":{\"@type\":\"EntryPoint\",\"urlTemplate\":\"https:\\\/\\\/cocemfevalencia.org\\\/es\\\/?s={search_term_string}\"},\"query-input\":{\"@type\":\"PropertyValueSpecification\",\"valueRequired\":true,\"valueName\":\"search_term_string\"}}],\"inLanguage\":\"es\"},{\"@type\":\"Organization\",\"@id\":\"https:\\\/\\\/cocemfevalencia.org\\\/es\\\/#organization\",\"name\":\"Cocemfe Valencia\",\"url\":\"https:\\\/\\\/cocemfevalencia.org\\\/es\\\/\",\"logo\":{\"@type\":\"ImageObject\",\"inLanguage\":\"es\",\"@id\":\"https:\\\/\\\/cocemfevalencia.org\\\/es\\\/#\\\/schema\\\/logo\\\/image\\\/\",\"url\":\"https:\\\/\\\/cocemfevalencia.org\\\/wp-content\\\/uploads\\\/2023\\\/03\\\/0312-Horizontal-una-linea-larga-rgb-positivo-Tricolor.png\",\"contentUrl\":\"https:\\\/\\\/cocemfevalencia.org\\\/wp-content\\\/uploads\\\/2023\\\/03\\\/0312-Horizontal-una-linea-larga-rgb-positivo-Tricolor.png\",\"width\":2334,\"height\":613,\"caption\":\"Cocemfe Valencia\"},\"image\":{\"@id\":\"https:\\\/\\\/cocemfevalencia.org\\\/es\\\/#\\\/schema\\\/logo\\\/image\\\/\"},\"sameAs\":[\"https:\\\/\\\/www.facebook.com\\\/cocemfe.valencia\",\"https:\\\/\\\/x.com\\\/COCEMFEValencia\"]},{\"@type\":\"Person\",\"@id\":\"https:\\\/\\\/cocemfevalencia.org\\\/es\\\/#\\\/schema\\\/person\\\/e31a24227ccbc918e2c80add51990ad7\",\"name\":\"COCEMFE VALENCIA\",\"image\":{\"@type\":\"ImageObject\",\"inLanguage\":\"es\",\"@id\":\"https:\\\/\\\/secure.gravatar.com\\\/avatar\\\/81dd2ced4591577d70433bbfde65ba3f931e09f5cb4ca8c890817c47789b47f0?s=96&d=mm&r=g\",\"url\":\"https:\\\/\\\/secure.gravatar.com\\\/avatar\\\/81dd2ced4591577d70433bbfde65ba3f931e09f5cb4ca8c890817c47789b47f0?s=96&d=mm&r=g\",\"contentUrl\":\"https:\\\/\\\/secure.gravatar.com\\\/avatar\\\/81dd2ced4591577d70433bbfde65ba3f931e09f5cb4ca8c890817c47789b47f0?s=96&d=mm&r=g\",\"caption\":\"COCEMFE VALENCIA\"}}]}<\/script>\n<!-- \/ Yoast SEO plugin. -->","yoast_head_json":{"title":"NdP COMUNICADO de la COMISI\u00d3N de SANIDAD de COCEMFE-VALENCIA (CSdCV) MES DE JULIO 2022 - Cocemfe Valencia","robots":{"index":"index","follow":"follow","max-snippet":"max-snippet:-1","max-image-preview":"max-image-preview:large","max-video-preview":"max-video-preview:-1"},"canonical":"https:\/\/cocemfevalencia.org\/es\/ndp-comunicado-de-la-comision-de-sanidad-de-cocemfe-valencia-csdcv-mes-de-julio-2022\/","og_locale":"es_ES","og_type":"article","og_title":"NdP COMUNICADO de la COMISI\u00d3N de SANIDAD de COCEMFE-VALENCIA (CSdCV) MES DE JULIO 2022 - Cocemfe Valencia","og_description":"Realizada la s\u00e9ptima reuni\u00f3n del a\u00f1o, entidades como AFIVAN (Asociaci\u00f3n de Fibromialgia de Valencia Norte), ALCER-Turia (Asociaci\u00f3n para la lucha Contra las Enfermedades del Ri\u00f1\u00f3n en Valencia), CODIFIVA (Coordinadora de personas con discapacidad f\u00edsica de la Comunidad Valenciana), PARKINSON-GAND\u00cdA (Asociaci\u00f3n de Personas afectadas por el Parkinson de la Safor) y AXEM-\u00c1REA 13 (Asociaci\u00f3n de X\u00e0tiva&hellip;&nbsp;Leer m\u00e1s &raquo;NdP COMUNICADO de la COMISI\u00d3N de SANIDAD de COCEMFE-VALENCIA (CSdCV) MES DE JULIO 2022","og_url":"https:\/\/cocemfevalencia.org\/es\/ndp-comunicado-de-la-comision-de-sanidad-de-cocemfe-valencia-csdcv-mes-de-julio-2022\/","og_site_name":"Cocemfe Valencia","article_publisher":"https:\/\/www.facebook.com\/cocemfe.valencia","article_published_time":"2022-07-14T07:31:50+00:00","og_image":[{"width":681,"height":313,"url":"https:\/\/cocemfevalencia.org\/wp-content\/uploads\/2022\/07\/NdP-COMUNICADO-de-la-COMISION-de-SANIDAD-de-COCEMFE-VALENCIA-CSdCV-MES-DE-JULIO-2022.png","type":"image\/png"}],"author":"COCEMFE VALENCIA","twitter_card":"summary_large_image","twitter_creator":"@COCEMFEValencia","twitter_site":"@COCEMFEValencia","twitter_misc":{"Escrito por":"COCEMFE VALENCIA","Tiempo de lectura":"6 minutos"},"schema":{"@context":"https:\/\/schema.org","@graph":[{"@type":"Article","@id":"https:\/\/cocemfevalencia.org\/es\/ndp-comunicado-de-la-comision-de-sanidad-de-cocemfe-valencia-csdcv-mes-de-julio-2022\/#article","isPartOf":{"@id":"https:\/\/cocemfevalencia.org\/es\/ndp-comunicado-de-la-comision-de-sanidad-de-cocemfe-valencia-csdcv-mes-de-julio-2022\/"},"author":{"name":"COCEMFE VALENCIA","@id":"https:\/\/cocemfevalencia.org\/es\/#\/schema\/person\/e31a24227ccbc918e2c80add51990ad7"},"headline":"NdP COMUNICADO de la COMISI\u00d3N de SANIDAD de COCEMFE-VALENCIA (CSdCV) MES DE JULIO 2022","datePublished":"2022-07-14T07:31:50+00:00","mainEntityOfPage":{"@id":"https:\/\/cocemfevalencia.org\/es\/ndp-comunicado-de-la-comision-de-sanidad-de-cocemfe-valencia-csdcv-mes-de-julio-2022\/"},"wordCount":1265,"publisher":{"@id":"https:\/\/cocemfevalencia.org\/es\/#organization"},"image":{"@id":"https:\/\/cocemfevalencia.org\/es\/ndp-comunicado-de-la-comision-de-sanidad-de-cocemfe-valencia-csdcv-mes-de-julio-2022\/#primaryimage"},"thumbnailUrl":"https:\/\/cocemfevalencia.org\/wp-content\/uploads\/2022\/07\/NdP-COMUNICADO-de-la-COMISION-de-SANIDAD-de-COCEMFE-VALENCIA-CSdCV-MES-DE-JULIO-2022.png","articleSection":["Not\u00edcies"],"inLanguage":"es"},{"@type":"WebPage","@id":"https:\/\/cocemfevalencia.org\/es\/ndp-comunicado-de-la-comision-de-sanidad-de-cocemfe-valencia-csdcv-mes-de-julio-2022\/","url":"https:\/\/cocemfevalencia.org\/es\/ndp-comunicado-de-la-comision-de-sanidad-de-cocemfe-valencia-csdcv-mes-de-julio-2022\/","name":"NdP COMUNICADO de la COMISI\u00d3N de SANIDAD de COCEMFE-VALENCIA (CSdCV) MES DE JULIO 2022 - Cocemfe Valencia","isPartOf":{"@id":"https:\/\/cocemfevalencia.org\/es\/#website"},"primaryImageOfPage":{"@id":"https:\/\/cocemfevalencia.org\/es\/ndp-comunicado-de-la-comision-de-sanidad-de-cocemfe-valencia-csdcv-mes-de-julio-2022\/#primaryimage"},"image":{"@id":"https:\/\/cocemfevalencia.org\/es\/ndp-comunicado-de-la-comision-de-sanidad-de-cocemfe-valencia-csdcv-mes-de-julio-2022\/#primaryimage"},"thumbnailUrl":"https:\/\/cocemfevalencia.org\/wp-content\/uploads\/2022\/07\/NdP-COMUNICADO-de-la-COMISION-de-SANIDAD-de-COCEMFE-VALENCIA-CSdCV-MES-DE-JULIO-2022.png","datePublished":"2022-07-14T07:31:50+00:00","breadcrumb":{"@id":"https:\/\/cocemfevalencia.org\/es\/ndp-comunicado-de-la-comision-de-sanidad-de-cocemfe-valencia-csdcv-mes-de-julio-2022\/#breadcrumb"},"inLanguage":"es","potentialAction":[{"@type":"ReadAction","target":["https:\/\/cocemfevalencia.org\/es\/ndp-comunicado-de-la-comision-de-sanidad-de-cocemfe-valencia-csdcv-mes-de-julio-2022\/"]}]},{"@type":"ImageObject","inLanguage":"es","@id":"https:\/\/cocemfevalencia.org\/es\/ndp-comunicado-de-la-comision-de-sanidad-de-cocemfe-valencia-csdcv-mes-de-julio-2022\/#primaryimage","url":"https:\/\/cocemfevalencia.org\/wp-content\/uploads\/2022\/07\/NdP-COMUNICADO-de-la-COMISION-de-SANIDAD-de-COCEMFE-VALENCIA-CSdCV-MES-DE-JULIO-2022.png","contentUrl":"https:\/\/cocemfevalencia.org\/wp-content\/uploads\/2022\/07\/NdP-COMUNICADO-de-la-COMISION-de-SANIDAD-de-COCEMFE-VALENCIA-CSdCV-MES-DE-JULIO-2022.png","width":681,"height":313},{"@type":"BreadcrumbList","@id":"https:\/\/cocemfevalencia.org\/es\/ndp-comunicado-de-la-comision-de-sanidad-de-cocemfe-valencia-csdcv-mes-de-julio-2022\/#breadcrumb","itemListElement":[{"@type":"ListItem","position":1,"name":"Portada","item":"https:\/\/cocemfevalencia.org\/es\/"},{"@type":"ListItem","position":2,"name":"NdP COMUNICADO de la COMISI\u00d3N de SANIDAD de COCEMFE-VALENCIA (CSdCV) MES DE JULIO 2022"}]},{"@type":"WebSite","@id":"https:\/\/cocemfevalencia.org\/es\/#website","url":"https:\/\/cocemfevalencia.org\/es\/","name":"Cocemfe Valencia","description":"FEDERACI\u00d3N DE ASOCIACIONES DE PERSONAS CON DISCAPACIDAD F\u00cdSICA Y ORG\u00c1NICA DE LA PROV\u00cdNCIA DE VALENCIA","publisher":{"@id":"https:\/\/cocemfevalencia.org\/es\/#organization"},"potentialAction":[{"@type":"SearchAction","target":{"@type":"EntryPoint","urlTemplate":"https:\/\/cocemfevalencia.org\/es\/?s={search_term_string}"},"query-input":{"@type":"PropertyValueSpecification","valueRequired":true,"valueName":"search_term_string"}}],"inLanguage":"es"},{"@type":"Organization","@id":"https:\/\/cocemfevalencia.org\/es\/#organization","name":"Cocemfe Valencia","url":"https:\/\/cocemfevalencia.org\/es\/","logo":{"@type":"ImageObject","inLanguage":"es","@id":"https:\/\/cocemfevalencia.org\/es\/#\/schema\/logo\/image\/","url":"https:\/\/cocemfevalencia.org\/wp-content\/uploads\/2023\/03\/0312-Horizontal-una-linea-larga-rgb-positivo-Tricolor.png","contentUrl":"https:\/\/cocemfevalencia.org\/wp-content\/uploads\/2023\/03\/0312-Horizontal-una-linea-larga-rgb-positivo-Tricolor.png","width":2334,"height":613,"caption":"Cocemfe Valencia"},"image":{"@id":"https:\/\/cocemfevalencia.org\/es\/#\/schema\/logo\/image\/"},"sameAs":["https:\/\/www.facebook.com\/cocemfe.valencia","https:\/\/x.com\/COCEMFEValencia"]},{"@type":"Person","@id":"https:\/\/cocemfevalencia.org\/es\/#\/schema\/person\/e31a24227ccbc918e2c80add51990ad7","name":"COCEMFE VALENCIA","image":{"@type":"ImageObject","inLanguage":"es","@id":"https:\/\/secure.gravatar.com\/avatar\/81dd2ced4591577d70433bbfde65ba3f931e09f5cb4ca8c890817c47789b47f0?s=96&d=mm&r=g","url":"https:\/\/secure.gravatar.com\/avatar\/81dd2ced4591577d70433bbfde65ba3f931e09f5cb4ca8c890817c47789b47f0?s=96&d=mm&r=g","contentUrl":"https:\/\/secure.gravatar.com\/avatar\/81dd2ced4591577d70433bbfde65ba3f931e09f5cb4ca8c890817c47789b47f0?s=96&d=mm&r=g","caption":"COCEMFE VALENCIA"}}]}},"_links":{"self":[{"href":"https:\/\/cocemfevalencia.org\/es\/wp-json\/wp\/v2\/posts\/6306","targetHints":{"allow":["GET"]}}],"collection":[{"href":"https:\/\/cocemfevalencia.org\/es\/wp-json\/wp\/v2\/posts"}],"about":[{"href":"https:\/\/cocemfevalencia.org\/es\/wp-json\/wp\/v2\/types\/post"}],"author":[{"embeddable":true,"href":"https:\/\/cocemfevalencia.org\/es\/wp-json\/wp\/v2\/users\/3"}],"replies":[{"embeddable":true,"href":"https:\/\/cocemfevalencia.org\/es\/wp-json\/wp\/v2\/comments?post=6306"}],"version-history":[{"count":0,"href":"https:\/\/cocemfevalencia.org\/es\/wp-json\/wp\/v2\/posts\/6306\/revisions"}],"wp:featuredmedia":[{"embeddable":true,"href":"https:\/\/cocemfevalencia.org\/es\/wp-json\/wp\/v2\/media\/6307"}],"wp:attachment":[{"href":"https:\/\/cocemfevalencia.org\/es\/wp-json\/wp\/v2\/media?parent=6306"}],"wp:term":[{"taxonomy":"category","embeddable":true,"href":"https:\/\/cocemfevalencia.org\/es\/wp-json\/wp\/v2\/categories?post=6306"},{"taxonomy":"post_tag","embeddable":true,"href":"https:\/\/cocemfevalencia.org\/es\/wp-json\/wp\/v2\/tags?post=6306"}],"curies":[{"name":"wp","href":"https:\/\/api.w.org\/{rel}","templated":true}]}}